{"id":54382,"date":"2025-01-31T15:20:23","date_gmt":"2025-01-31T14:20:23","guid":{"rendered":"https:\/\/www.sotrender.com\/blog\/?p=54382"},"modified":"2025-01-31T15:20:24","modified_gmt":"2025-01-31T14:20:24","slug":"reklamowe-podsumowanie-2024-roku-w-ekosystemie-meta","status":"publish","type":"post","link":"https:\/\/www.sotrender.com\/blog\/pl\/2025\/01\/reklamowe-podsumowanie-2024-roku-w-ekosystemie-meta\/","title":{"rendered":"Reklamowe podsumowanie 2024 roku w ekosystemie Meta [INFOGRAFIKA]"},"content":{"rendered":"\n<p>Przeanalizowali\u015bmy ju\u017c, jak marki i media radzi\u0142y sobie organicznie na <a href=\"https:\/\/www.sotrender.com\/blog\/pl\/2025\/01\/podsumowanie-2024-roku-na-facebooku-infografika\/\" target=\"_blank\" rel=\"noreferrer noopener\">Facebooku<\/a> i <a href=\"https:\/\/www.sotrender.com\/blog\/pl\/2025\/01\/podsumowanie-2024-roku-na-instagramie-infografika\/\" target=\"_blank\" rel=\"noreferrer noopener\">Instagramie<\/a>. Jednak dzia\u0142ania reklamowe to zupe\u0142nie inna bajka i inni gracze na czo\u0142owych pozycjach.<\/p>\n\n\n\n<!--more-->\n\n\n\n<p>Sprawdzamy, jak wygl\u0105da\u0142 rynek reklamy w ca\u0142ym ekosystemie Meta w 2024 roku. Kt\u00f3rzy reklamodawcy byli najbardziej aktywni i mieli najwi\u0119ksze zasi\u0119gi? Czyja reklama dotar\u0142a do najwi\u0119kszej liczby Polak\u00f3w? Jak wygl\u0105da\u0142y \u015brednie koszty reklamowe? Wszystkiego tego dowiesz si\u0119 z naszej analizy.&nbsp;<\/p>\n\n\n\n<p><strong>Co musisz wiedzie\u0107 o reklamie w Mecie w 2024 roku?<\/strong><\/p>\n\n\n\n<ul>\n<li>13% reklam by\u0142o targetowanych na ca\u0142\u0105 Polsk\u0119, a tylko w przypadku 16% reklam marketerzy wykorzystywali targetowanie na kody pocztowe.<\/li>\n\n\n\n<li>Najwi\u0119cej reklam mia\u0142o na swoim koncie Temu Poland.&nbsp;<\/li>\n\n\n\n<li>Reklam\u0119 o najwi\u0119kszym zasi\u0119gu wyemitowa\u0142 Plus. Dotar\u0142a do 17 milion\u00f3w Polak\u00f3w.<\/li>\n\n\n\n<li>\u015aredni CPM, w por\u00f3wnaniu do 2023 roku, spad\u0142 o ponad z\u0142ot\u00f3wk\u0119 i osi\u0105gn\u0105\u0142 warto\u015b\u0107 2 z\u0142 82 gr.&nbsp;<\/li>\n\n\n\n<li>22,5% wszystkich reklam dotar\u0142o do mniej ni\u017c tysi\u0105ca odbiorc\u00f3w, a zaledwie 1,5% reklam dotar\u0142o do wi\u0119cej ni\u017c miliona odbiorc\u00f3w.<\/li>\n\n\n\n<li>Najbardziej rozchwytywan\u0105 grup\u0105 docelow\u0105 by\u0142y osoby w wieku 25-34 lat \u2013 kierowano do nich niemal 30% komunikat\u00f3w reklamowych.&nbsp;<\/li>\n<\/ul>\n\n\n\n<h2 class=\"wp-block-heading\">Temu Poland najbardziej aktywnym reklamodawc\u0105 w 2024 roku&nbsp;<\/h2>\n\n\n\n<p>W minionym roku, reklamodawc\u0105, kt\u00f3ry wyemitowa\u0142 najwi\u0119cej reklam by\u0142o Temu Poland \u2013 liczba reklam na jego koncie przekroczy\u0142a 124 tysi\u0105ce. Nie powinno by\u0107 to zaskoczeniem \u2013 w ko\u0144cu co miesi\u0105c <a href=\"https:\/\/www.sotrender.com\/trends\/facebook\/poland\/202412\/ads\" target=\"_blank\" rel=\"noreferrer noopener\">w naszych raportach Trends<\/a> to w\u0142a\u015bnie Temu jest liderem rankingu.<\/p>\n\n\n\n<p>Na drugim miejscu, daleko w tyle, uplasowa\u0142 si\u0119 CityFit z 17 tys. reklam, na miejscu trzecim \u017babka Polska z liczb\u0105 11 tys. reklam, a na miejscu czwartym Lidl Polska z liczb\u0105 reklam nieprzekraczaj\u0105c\u0105 10 tys.<\/p>\n\n\n\n<p>W podziale na bran\u017ce, najwi\u0119cej reklam pojawi\u0142o si\u0119 w segmencie Zakupy i handel (215 066). Na pozosta\u0142ych miejsach podium znalaz\u0142y si\u0119 bran\u017ce: Odzie\u017c i akcesoria oraz Zdrowie i uroda (marki).<\/p>\n\n\n\n<h2 class=\"wp-block-heading\">Temu Poland z najwi\u0119kszymi zasi\u0119gami<\/h2>\n\n\n\n<p>Podobnie jak ranking najwi\u0119kszej liczby reklam, tak i ranking pod wzgl\u0119dem wska\u017anika Reach Score, kt\u00f3ry informuje o wielko\u015bci zasi\u0119g\u00f3w reklamowych, zosta\u0142 zdominowany przez Temu Poland.<\/p>\n\n\n\n<p>Na drugim miejscu uplasowa\u0142 si\u0119 Lidl Polska z wynikiem 75,89, a na miejscu trzecim SkyShowtime z wynikiem 56,68, co oznacza, \u017ce jego zasi\u0119gi by\u0142y niemal o po\u0142ow\u0119 ni\u017csze ni\u017c Temu Poland.<\/p>\n\n\n<style>\n    .cta-image-container {\n        background-image: url('https:\/\/www.sotrender.com\/blog\/wp-content\/uploads\/2024\/07\/Frame-1000001352.png');\n        background-size: contain;\n        background-position: left 300px top 100px;\n        background-repeat: no-repeat;\n}\n\n<\/style>    \n<div id=\"wp-block-cta-buttons-three-points-and-image\" class=\"wp-block-cta-buttons-three-points-and-image\">\n\n    <div class=\"content\">\n        <div class=\"header\">Podsumuj 2024 rok w SoMe z Sotrenderem<\/div>\n\n        <ul class=\"list\">\n            <li>Przetestuj przez 7 dni za darmo<\/li>\n            <li>Wybierz pasuj\u0105cy Ci pakiet<\/li>\n            <li>Wygeneruj raport roczny<\/li>\n        <\/ul>\n                    <a class=\"btn\" href=\"https:\/\/app.sotrender.com\/auth\/signup\/trial\/pl?utm_source=blog-cta\">\n                <div class=\"btn_content\">\n                    Wypr\u00f3buj teraz                <\/div>\n            <\/a>\n        \n    <\/div>\n\n    <img decoding=\"async\" class=\"image\" src=\"https:\/\/www.sotrender.com\/blog\/wp-content\/uploads\/2024\/07\/Frame-1000001352.png\"\/>\n    \n\n   \n   \n<\/div>\n\n\n\n<h2 class=\"wp-block-heading\">Internet \u015bwiat\u0142owodowy od Plusa najbardziej zasi\u0119gow\u0105 reklam\u0105<\/h2>\n\n\n\n<p>Reklama Plusa z promocj\u0105 na Internet \u015bwiat\u0142owodowy by\u0142a reklam\u0105 o najwi\u0119kszym zasi\u0119gu w minionym roku \u2013 dotar\u0142a do 17 milion\u00f3w Polak\u00f3w. Co ciekawe, zacz\u0119\u0142a by\u0107 emitowana dopiero w ostatnich dniach roku \u2013 23 grudnia.<\/p>\n\n\n\n<p>Na miejscu drugim znalaz\u0142o si\u0119 Allegro z reklam\u0105 Allegro Black Weeks, a na trzecim Lidl Polska, promuj\u0105cy benefity p\u0142yn\u0105ce z posiadania aplikacji. Zasi\u0119g obydwu reklam przekroczy\u0142 16 milion\u00f3w.<\/p>\n\n\n\n<p>Na kolejnych miejscach znalaz\u0142a si\u0119 reklama Max, promuj\u0105ca drugi sezon serialu Odwil\u017c, Lidla (ponownie dotycz\u0105ca aplikacji Lidl Plus) oraz JYSKa (dotycz\u0105ca obni\u017cki cen produkt\u00f3w).<\/p>\n\n\n\n<h2 class=\"wp-block-heading\">Rok znacznego spadku \u015bredniego CPMu<\/h2>\n\n\n\n<p>W 2024 roku odnotowali\u015bmy znaczny spadek \u015bredniego CPMu, co powinno by\u0107 dobr\u0105 wiadomo\u015bci\u0105 dla reklamodawc\u00f3w.<\/p>\n\n\n\n<p>Podczas gdy w 2023 roku wyni\u00f3s\u0142 on 3 z\u0142 92 gr, w minionym roku osi\u0105gn\u0105\u0142 warto\u015b\u0107 2 z\u0142 82 gr, co daje spadek o ponad z\u0142ot\u00f3wk\u0119 (o 28%).<\/p>\n\n\n\n<figure class=\"wp-block-image size-full\"><img loading=\"lazy\" decoding=\"async\" width=\"2730\" height=\"1365\" src=\"https:\/\/www.sotrender.com\/blog\/wp-content\/uploads\/2025\/01\/CPM_2024.png\" alt=\"\u015bredni CPM w 2024 roku w Meta\" class=\"wp-image-54384\" srcset=\"https:\/\/www.sotrender.com\/blog\/wp-content\/uploads\/2025\/01\/CPM_2024.png 2730w, https:\/\/www.sotrender.com\/blog\/wp-content\/uploads\/2025\/01\/CPM_2024-475x238.png 475w, https:\/\/www.sotrender.com\/blog\/wp-content\/uploads\/2025\/01\/CPM_2024-768x384.png 768w, https:\/\/www.sotrender.com\/blog\/wp-content\/uploads\/2025\/01\/CPM_2024-1536x768.png 1536w, https:\/\/www.sotrender.com\/blog\/wp-content\/uploads\/2025\/01\/CPM_2024-2048x1024.png 2048w\" sizes=\"(max-width: 2730px) 100vw, 2730px\" \/><\/figure>\n\n\n\n<p><\/p>\n\n\n\n<p>W niekt\u00f3rych bran\u017cach \u015bredni CPM by\u0142 jednak znacznie wy\u017cszy. W bran\u017cy edukacyjnej osi\u0105gn\u0105\u0142 on \u015bredni\u0105 warto\u015b\u0107 ponad 11 z\u0142, w bran\u017cy alkoholowej ponad 8 z\u0142, a w przypadku nieruchomo\u015bci ponad 5 z\u0142.<\/p>\n\n\n\n<p>Z kolei \u015bredni CPM nie uleg\u0142 znacz\u0105cej zmianie \u2013 osi\u0105gn\u0105\u0142 poziom 93 gr, co daje wzrost o nieca\u0142e 8% w por\u00f3wnaniu do 2023 roku.<\/p>\n\n\n\n<p>W niekt\u00f3rych bran\u017cach kszta\u0142towa\u0142 si\u0119 on ponownie nieco inaczej. Osi\u0105ga\u0142 wy\u017csze warto\u015bci w przypadku segment\u00f3w: Nauka i technologie (2 z\u0142 30 gr), Catering i dostawa \u017cywno\u015bci (1 z\u0142 85 gr) czy Jedzenie i \u017cywno\u015b\u0107 (1 z\u0142 67 gr).<\/p>\n\n\n\n<p>Najbardziej \u0142askawym reklamowo okresem w roku by\u0142 dla marketer\u00f3w sierpie\u0144, kiedy to zar\u00f3wno \u015bredni CPC jak i CPM by\u0142y najni\u017csze (odpowiednio 75 gr i 2 z\u0142 2 gr).<\/p>\n\n\n\n<figure class=\"wp-block-image size-full\"><img loading=\"lazy\" decoding=\"async\" width=\"1314\" height=\"7009\" src=\"https:\/\/www.sotrender.com\/blog\/wp-content\/uploads\/2025\/01\/Meta-ads-2024.png\" alt=\"podsumowanie 2024 roku meta ads reklama na facebooku w 2024 roku\" class=\"wp-image-54423\" srcset=\"https:\/\/www.sotrender.com\/blog\/wp-content\/uploads\/2025\/01\/Meta-ads-2024.png 1314w, https:\/\/www.sotrender.com\/blog\/wp-content\/uploads\/2025\/01\/Meta-ads-2024-475x2534.png 475w, https:\/\/www.sotrender.com\/blog\/wp-content\/uploads\/2025\/01\/Meta-ads-2024-375x2000.png 375w, https:\/\/www.sotrender.com\/blog\/wp-content\/uploads\/2025\/01\/Meta-ads-2024-768x4097.png 768w, https:\/\/www.sotrender.com\/blog\/wp-content\/uploads\/2025\/01\/Meta-ads-2024-288x1536.png 288w, https:\/\/www.sotrender.com\/blog\/wp-content\/uploads\/2025\/01\/Meta-ads-2024-384x2048.png 384w\" sizes=\"(max-width: 1314px) 100vw, 1314px\" \/><\/figure>\n\n\n\n<p><\/p>\n\n\n\n<p>To ostatnie podsumowanie 2024 roku w social media, kt\u00f3re przygotowali\u015bmy. Przypominamy, \u017ce po raz pierwszy, poza podsumowaniem Facebooka i Instagrama, sprawdzili\u015bmy r\u00f3wnie\u017c <a href=\"https:\/\/www.sotrender.com\/blog\/pl\/2025\/01\/podsumowanie-2024-roku-na-tiktoku-infografika\/\" target=\"_blank\" rel=\"noreferrer noopener\">jakie by\u0142y TOP profile na TikToku<\/a>.<\/p>\n\n\n\n<p>Je\u015bli potrzebujesz pog\u0142\u0119bionych danych o swoich dzia\u0142aniach w social media w minionym roku, lub dok\u0142adniejszej analizy wybranej bran\u017cy i konkurencji, napisz do nas (<a href=\"mailto:support@sotrender.com\">support@sotrender.com<\/a>).<\/p>\n","protected":false},"excerpt":{"rendered":"<p>Przeanalizowali\u015bmy ju\u017c, jak marki i media radzi\u0142y sobie organicznie na Facebooku i Instagramie. Jednak dzia\u0142ania reklamowe to zupe\u0142nie inna bajka i inni gracze na czo\u0142owych pozycjach.<\/p>\n","protected":false},"author":89,"featured_media":54389,"comment_status":"closed","ping_status":"open","sticky":false,"template":"","format":"standard","meta":{"inline_featured_image":false,"footnotes":""},"categories":[1793],"tags":[1477,2005,3952],"yoast_head":"<!-- This site is optimized with the Yoast SEO plugin v22.4 - https:\/\/yoast.com\/wordpress\/plugins\/seo\/ -->\n<title>Reklamowe podsumowanie 2024 roku w ekosystemie Meta<\/title>\n<meta name=\"description\" content=\"Sprawdzamy, jak wygl\u0105da\u0142 rynek reklamy w ekosystemie Meta w 2024 r. Kt\u00f3rzy reklamodawcy byli najbardziej aktywni i mieli najwi\u0119ksze zasi\u0119gi?\" \/>\n<meta name=\"robots\" content=\"index, follow, max-snippet:-1, max-image-preview:large, max-video-preview:-1\" \/>\n<link rel=\"canonical\" href=\"https:\/\/www.sotrender.com\/blog\/pl\/2025\/01\/reklamowe-podsumowanie-2024-roku-w-ekosystemie-meta\/\" \/>\n<meta property=\"og:locale\" content=\"pl_PL\" \/>\n<meta property=\"og:type\" content=\"article\" \/>\n<meta property=\"og:title\" content=\"Reklamowe podsumowanie 2024 roku w ekosystemie Meta\" \/>\n<meta property=\"og:description\" content=\"Sprawdzamy, jak wygl\u0105da\u0142 rynek reklamy w ekosystemie Meta w 2024 r. Kt\u00f3rzy reklamodawcy byli najbardziej aktywni i mieli najwi\u0119ksze zasi\u0119gi?\" \/>\n<meta property=\"og:url\" content=\"https:\/\/www.sotrender.com\/blog\/pl\/2025\/01\/reklamowe-podsumowanie-2024-roku-w-ekosystemie-meta\/\" \/>\n<meta property=\"og:site_name\" content=\"Sotrender Blog\" \/>\n<meta property=\"article:publisher\" content=\"https:\/\/www.facebook.com\/Sotrender\" \/>\n<meta property=\"article:published_time\" content=\"2025-01-31T14:20:23+00:00\" \/>\n<meta property=\"article:modified_time\" content=\"2025-01-31T14:20:24+00:00\" \/>\n<meta property=\"og:image\" content=\"https:\/\/www.sotrender.com\/blog\/wp-content\/uploads\/2025\/01\/karta-kredytowa-1.jpg\" \/>\n\t<meta property=\"og:image:width\" content=\"1280\" \/>\n\t<meta property=\"og:image:height\" content=\"853\" \/>\n\t<meta property=\"og:image:type\" content=\"image\/jpeg\" \/>\n<meta name=\"author\" content=\"Klaudia \u017by\u0142ka\" \/>\n<meta name=\"twitter:card\" content=\"summary_large_image\" \/>\n<meta name=\"twitter:creator\" content=\"@Sotrender\" \/>\n<meta name=\"twitter:site\" content=\"@Sotrender\" \/>\n<meta name=\"twitter:label1\" content=\"Written by\" \/>\n\t<meta name=\"twitter:data1\" content=\"Klaudia \u017by\u0142ka\" \/>\n\t<meta name=\"twitter:label2\" content=\"Est. reading time\" \/>\n\t<meta name=\"twitter:data2\" content=\"4 minutes\" \/>\n<script type=\"application\/ld+json\" class=\"yoast-schema-graph\">{\"@context\":\"https:\/\/schema.org\",\"@graph\":[{\"@type\":\"WebPage\",\"@id\":\"https:\/\/www.sotrender.com\/blog\/pl\/2025\/01\/reklamowe-podsumowanie-2024-roku-w-ekosystemie-meta\/\",\"url\":\"https:\/\/www.sotrender.com\/blog\/pl\/2025\/01\/reklamowe-podsumowanie-2024-roku-w-ekosystemie-meta\/\",\"name\":\"Reklamowe podsumowanie 2024 roku w ekosystemie Meta\",\"isPartOf\":{\"@id\":\"https:\/\/www.sotrender.com\/blog\/#website\"},\"primaryImageOfPage\":{\"@id\":\"https:\/\/www.sotrender.com\/blog\/pl\/2025\/01\/reklamowe-podsumowanie-2024-roku-w-ekosystemie-meta\/#primaryimage\"},\"image\":{\"@id\":\"https:\/\/www.sotrender.com\/blog\/pl\/2025\/01\/reklamowe-podsumowanie-2024-roku-w-ekosystemie-meta\/#primaryimage\"},\"thumbnailUrl\":\"https:\/\/www.sotrender.com\/blog\/wp-content\/uploads\/2025\/01\/karta-kredytowa-1.jpg\",\"datePublished\":\"2025-01-31T14:20:23+00:00\",\"dateModified\":\"2025-01-31T14:20:24+00:00\",\"author\":{\"@id\":\"https:\/\/www.sotrender.com\/blog\/#\/schema\/person\/038ac5e276c5d102d8cbb9c36cd43416\"},\"description\":\"Sprawdzamy, jak wygl\u0105da\u0142 rynek reklamy w ekosystemie Meta w 2024 r. Kt\u00f3rzy reklamodawcy byli najbardziej aktywni i mieli najwi\u0119ksze zasi\u0119gi?\",\"breadcrumb\":{\"@id\":\"https:\/\/www.sotrender.com\/blog\/pl\/2025\/01\/reklamowe-podsumowanie-2024-roku-w-ekosystemie-meta\/#breadcrumb\"},\"inLanguage\":\"pl-PL\",\"potentialAction\":[{\"@type\":\"ReadAction\",\"target\":[\"https:\/\/www.sotrender.com\/blog\/pl\/2025\/01\/reklamowe-podsumowanie-2024-roku-w-ekosystemie-meta\/\"]}]},{\"@type\":\"ImageObject\",\"inLanguage\":\"pl-PL\",\"@id\":\"https:\/\/www.sotrender.com\/blog\/pl\/2025\/01\/reklamowe-podsumowanie-2024-roku-w-ekosystemie-meta\/#primaryimage\",\"url\":\"https:\/\/www.sotrender.com\/blog\/wp-content\/uploads\/2025\/01\/karta-kredytowa-1.jpg\",\"contentUrl\":\"https:\/\/www.sotrender.com\/blog\/wp-content\/uploads\/2025\/01\/karta-kredytowa-1.jpg\",\"width\":1280,\"height\":853},{\"@type\":\"BreadcrumbList\",\"@id\":\"https:\/\/www.sotrender.com\/blog\/pl\/2025\/01\/reklamowe-podsumowanie-2024-roku-w-ekosystemie-meta\/#breadcrumb\",\"itemListElement\":[{\"@type\":\"ListItem\",\"position\":1,\"name\":\"Home\",\"item\":\"https:\/\/www.sotrender.com\/blog\/\"},{\"@type\":\"ListItem\",\"position\":2,\"name\":\"Reklamowe podsumowanie 2024 roku w ekosystemie Meta [INFOGRAFIKA]\"}]},{\"@type\":\"WebSite\",\"@id\":\"https:\/\/www.sotrender.com\/blog\/#website\",\"url\":\"https:\/\/www.sotrender.com\/blog\/\",\"name\":\"Sotrender Blog\",\"description\":\"\",\"potentialAction\":[{\"@type\":\"SearchAction\",\"target\":{\"@type\":\"EntryPoint\",\"urlTemplate\":\"https:\/\/www.sotrender.com\/blog\/?s={search_term_string}\"},\"query-input\":\"required name=search_term_string\"}],\"inLanguage\":\"pl-PL\"},{\"@type\":\"Person\",\"@id\":\"https:\/\/www.sotrender.com\/blog\/#\/schema\/person\/038ac5e276c5d102d8cbb9c36cd43416\",\"name\":\"Klaudia \u017by\u0142ka\",\"image\":{\"@type\":\"ImageObject\",\"inLanguage\":\"pl-PL\",\"@id\":\"https:\/\/www.sotrender.com\/blog\/#\/schema\/person\/image\/\",\"url\":\"https:\/\/secure.gravatar.com\/avatar\/f55d5d49ce3c448e1ffde0ab078d84cd?s=96&d=mm&r=g\",\"contentUrl\":\"https:\/\/secure.gravatar.com\/avatar\/f55d5d49ce3c448e1ffde0ab078d84cd?s=96&d=mm&r=g\",\"caption\":\"Klaudia \u017by\u0142ka\"},\"description\":\"Instagram, dogs, books and food lover. Former student at Warsaw University and Malm\u00f6 University. Improving her marketing skills every day. Proud owner of DIMAQ certificate\",\"sameAs\":[\"https:\/\/www.linkedin.com\/in\/klaudia-\u017cy\u0142ka-17527779\"],\"url\":\"https:\/\/www.sotrender.com\/blog\/pl\/author\/klaudia_yka\/\"}]}<\/script>\n<!-- \/ Yoast SEO plugin. -->","yoast_head_json":{"title":"Reklamowe podsumowanie 2024 roku w ekosystemie Meta","description":"Sprawdzamy, jak wygl\u0105da\u0142 rynek reklamy w ekosystemie Meta w 2024 r. Kt\u00f3rzy reklamodawcy byli najbardziej aktywni i mieli najwi\u0119ksze zasi\u0119gi?","robots":{"index":"index","follow":"follow","max-snippet":"max-snippet:-1","max-image-preview":"max-image-preview:large","max-video-preview":"max-video-preview:-1"},"canonical":"https:\/\/www.sotrender.com\/blog\/pl\/2025\/01\/reklamowe-podsumowanie-2024-roku-w-ekosystemie-meta\/","og_locale":"pl_PL","og_type":"article","og_title":"Reklamowe podsumowanie 2024 roku w ekosystemie Meta","og_description":"Sprawdzamy, jak wygl\u0105da\u0142 rynek reklamy w ekosystemie Meta w 2024 r. Kt\u00f3rzy reklamodawcy byli najbardziej aktywni i mieli najwi\u0119ksze zasi\u0119gi?","og_url":"https:\/\/www.sotrender.com\/blog\/pl\/2025\/01\/reklamowe-podsumowanie-2024-roku-w-ekosystemie-meta\/","og_site_name":"Sotrender Blog","article_publisher":"https:\/\/www.facebook.com\/Sotrender","article_published_time":"2025-01-31T14:20:23+00:00","article_modified_time":"2025-01-31T14:20:24+00:00","og_image":[{"width":1280,"height":853,"url":"https:\/\/www.sotrender.com\/blog\/wp-content\/uploads\/2025\/01\/karta-kredytowa-1.jpg","type":"image\/jpeg"}],"author":"Klaudia \u017by\u0142ka","twitter_card":"summary_large_image","twitter_creator":"@Sotrender","twitter_site":"@Sotrender","twitter_misc":{"Written by":"Klaudia \u017by\u0142ka","Est. reading time":"4 minutes"},"schema":{"@context":"https:\/\/schema.org","@graph":[{"@type":"WebPage","@id":"https:\/\/www.sotrender.com\/blog\/pl\/2025\/01\/reklamowe-podsumowanie-2024-roku-w-ekosystemie-meta\/","url":"https:\/\/www.sotrender.com\/blog\/pl\/2025\/01\/reklamowe-podsumowanie-2024-roku-w-ekosystemie-meta\/","name":"Reklamowe podsumowanie 2024 roku w ekosystemie Meta","isPartOf":{"@id":"https:\/\/www.sotrender.com\/blog\/#website"},"primaryImageOfPage":{"@id":"https:\/\/www.sotrender.com\/blog\/pl\/2025\/01\/reklamowe-podsumowanie-2024-roku-w-ekosystemie-meta\/#primaryimage"},"image":{"@id":"https:\/\/www.sotrender.com\/blog\/pl\/2025\/01\/reklamowe-podsumowanie-2024-roku-w-ekosystemie-meta\/#primaryimage"},"thumbnailUrl":"https:\/\/www.sotrender.com\/blog\/wp-content\/uploads\/2025\/01\/karta-kredytowa-1.jpg","datePublished":"2025-01-31T14:20:23+00:00","dateModified":"2025-01-31T14:20:24+00:00","author":{"@id":"https:\/\/www.sotrender.com\/blog\/#\/schema\/person\/038ac5e276c5d102d8cbb9c36cd43416"},"description":"Sprawdzamy, jak wygl\u0105da\u0142 rynek reklamy w ekosystemie Meta w 2024 r. Kt\u00f3rzy reklamodawcy byli najbardziej aktywni i mieli najwi\u0119ksze zasi\u0119gi?","breadcrumb":{"@id":"https:\/\/www.sotrender.com\/blog\/pl\/2025\/01\/reklamowe-podsumowanie-2024-roku-w-ekosystemie-meta\/#breadcrumb"},"inLanguage":"pl-PL","potentialAction":[{"@type":"ReadAction","target":["https:\/\/www.sotrender.com\/blog\/pl\/2025\/01\/reklamowe-podsumowanie-2024-roku-w-ekosystemie-meta\/"]}]},{"@type":"ImageObject","inLanguage":"pl-PL","@id":"https:\/\/www.sotrender.com\/blog\/pl\/2025\/01\/reklamowe-podsumowanie-2024-roku-w-ekosystemie-meta\/#primaryimage","url":"https:\/\/www.sotrender.com\/blog\/wp-content\/uploads\/2025\/01\/karta-kredytowa-1.jpg","contentUrl":"https:\/\/www.sotrender.com\/blog\/wp-content\/uploads\/2025\/01\/karta-kredytowa-1.jpg","width":1280,"height":853},{"@type":"BreadcrumbList","@id":"https:\/\/www.sotrender.com\/blog\/pl\/2025\/01\/reklamowe-podsumowanie-2024-roku-w-ekosystemie-meta\/#breadcrumb","itemListElement":[{"@type":"ListItem","position":1,"name":"Home","item":"https:\/\/www.sotrender.com\/blog\/"},{"@type":"ListItem","position":2,"name":"Reklamowe podsumowanie 2024 roku w ekosystemie Meta [INFOGRAFIKA]"}]},{"@type":"WebSite","@id":"https:\/\/www.sotrender.com\/blog\/#website","url":"https:\/\/www.sotrender.com\/blog\/","name":"Sotrender Blog","description":"","potentialAction":[{"@type":"SearchAction","target":{"@type":"EntryPoint","urlTemplate":"https:\/\/www.sotrender.com\/blog\/?s={search_term_string}"},"query-input":"required name=search_term_string"}],"inLanguage":"pl-PL"},{"@type":"Person","@id":"https:\/\/www.sotrender.com\/blog\/#\/schema\/person\/038ac5e276c5d102d8cbb9c36cd43416","name":"Klaudia \u017by\u0142ka","image":{"@type":"ImageObject","inLanguage":"pl-PL","@id":"https:\/\/www.sotrender.com\/blog\/#\/schema\/person\/image\/","url":"https:\/\/secure.gravatar.com\/avatar\/f55d5d49ce3c448e1ffde0ab078d84cd?s=96&d=mm&r=g","contentUrl":"https:\/\/secure.gravatar.com\/avatar\/f55d5d49ce3c448e1ffde0ab078d84cd?s=96&d=mm&r=g","caption":"Klaudia \u017by\u0142ka"},"description":"Instagram, dogs, books and food lover. Former student at Warsaw University and Malm\u00f6 University. Improving her marketing skills every day. Proud owner of DIMAQ certificate","sameAs":["https:\/\/www.linkedin.com\/in\/klaudia-\u017cy\u0142ka-17527779"],"url":"https:\/\/www.sotrender.com\/blog\/pl\/author\/klaudia_yka\/"}]}},"_links":{"self":[{"href":"https:\/\/www.sotrender.com\/blog\/pl\/wp-json\/wp\/v2\/posts\/54382"}],"collection":[{"href":"https:\/\/www.sotrender.com\/blog\/pl\/wp-json\/wp\/v2\/posts"}],"about":[{"href":"https:\/\/www.sotrender.com\/blog\/pl\/wp-json\/wp\/v2\/types\/post"}],"author":[{"embeddable":true,"href":"https:\/\/www.sotrender.com\/blog\/pl\/wp-json\/wp\/v2\/users\/89"}],"replies":[{"embeddable":true,"href":"https:\/\/www.sotrender.com\/blog\/pl\/wp-json\/wp\/v2\/comments?post=54382"}],"version-history":[{"count":8,"href":"https:\/\/www.sotrender.com\/blog\/pl\/wp-json\/wp\/v2\/posts\/54382\/revisions"}],"predecessor-version":[{"id":54426,"href":"https:\/\/www.sotrender.com\/blog\/pl\/wp-json\/wp\/v2\/posts\/54382\/revisions\/54426"}],"wp:featuredmedia":[{"embeddable":true,"href":"https:\/\/www.sotrender.com\/blog\/pl\/wp-json\/wp\/v2\/media\/54389"}],"wp:attachment":[{"href":"https:\/\/www.sotrender.com\/blog\/pl\/wp-json\/wp\/v2\/media?parent=54382"}],"wp:term":[{"taxonomy":"category","embeddable":true,"href":"https:\/\/www.sotrender.com\/blog\/pl\/wp-json\/wp\/v2\/categories?post=54382"},{"taxonomy":"post_tag","embeddable":true,"href":"https:\/\/www.sotrender.com\/blog\/pl\/wp-json\/wp\/v2\/tags?post=54382"}],"curies":[{"name":"wp","href":"https:\/\/api.w.org\/{rel}","templated":true}]}}