{"id":54302,"date":"2025-01-22T09:51:56","date_gmt":"2025-01-22T08:51:56","guid":{"rendered":"https:\/\/www.sotrender.com\/blog\/?p=54302"},"modified":"2025-01-27T09:26:47","modified_gmt":"2025-01-27T08:26:47","slug":"podsumowanie-2024-roku-na-instagramie-infografika","status":"publish","type":"post","link":"https:\/\/www.sotrender.com\/blog\/pl\/2025\/01\/podsumowanie-2024-roku-na-instagramie-infografika\/","title":{"rendered":"Podsumowanie 2024 roku na Instagramie [INFOGRAFIKA]"},"content":{"rendered":"\n<p>Czas na kolejne podsumowanie tego, jak wygl\u0105da\u0142y social media w Polsce w ostatnim roku. <\/p>\n\n\n\n<p>Tym razem przygl\u0105damy si\u0119 Instagramowi.<\/p>\n\n\n\n<!--more-->\n\n\n\n<p>Chcecie dowiedzie\u0107 si\u0119, kt\u00f3re profile rz\u0105dzi\u0142y na platformie w 2024 roku?<\/p>\n\n\n\n<p>Zapraszamy do lektury!<\/p>\n\n\n\n<h2 class=\"wp-block-heading\">Reserved wci\u0105\u017c jedynym &#8220;dwumilionowcem&#8221; <\/h2>\n\n\n\n<p><a href=\"https:\/\/www.sotrender.com\/blog\/pl\/2024\/01\/marki-media-i-organizacje-na-instagramie-w-2023-roku\/\" target=\"_blank\" rel=\"noreferrer noopener\">Podobnie jak w 2023 roku<\/a>, Reserved pozostaje najwi\u0119kszym profilem na Instagramie, utrzymuj\u0105c swoj\u0105 pozycj\u0119 lidera z ponad 2 milionami obserwuj\u0105cych \u2013 jako jedyny w tym ekskluzywnym gronie.<\/p>\n\n\n\n<p>Drugie miejsce nadal nale\u017cy do Suchara Codziennego, kt\u00f3remu brakuje ju\u017c niespe\u0142na 8 tysi\u0119cy obserwuj\u0105cych, by do\u0142\u0105czy\u0107 do klubu \u201edwumilionowc\u00f3w\u201d.<\/p>\n\n\n\n<p>W czo\u0142\u00f3wce zasz\u0142y drobne przetasowania. Sinsay przesun\u0105\u0142 si\u0119 na trzecie miejsce, wyprzedzaj\u0105c Fame MMA. W TOP10 pojawi\u0142y si\u0119 r\u00f3wnie\u017c dwa nowe konta \u2013 Wiedza Bezu\u017cyteczna oraz Repostuj.pl. To ostatnie zamyka pierwsz\u0105 dziesi\u0105tk\u0119 z wynikiem ponad 895 tysi\u0119cy obserwuj\u0105cych.<\/p>\n\n\n\n<p>Co ciekawe, swoje dziewi\u0105te miejsce w zestawieniu zachowa\u0142by Westwing, gdyby nie fakt, \u017ce profil zosta\u0142 usuni\u0119ty, co wykluczy\u0142o go z tegorocznego rankingu.<\/p>\n\n\n\n<h2 class=\"wp-block-heading\">\u0141\u0105czy nas pi\u0142ka z najwi\u0119kszym wzrostem obserwuj\u0105cych <\/h2>\n\n\n\n<p>Najwi\u0119cej obserwuj\u0105cych w 2024 roku przyci\u0105gn\u0105\u0142 profil \u0141\u0105czy nas pi\u0142ka, zdobywaj\u0105c ponad 204 tysi\u0105ce nowych fan\u00f3w. <\/p>\n\n\n\n<p>Na drugim miejscu uplasowa\u0142o si\u0119 konto Grail Point, kt\u00f3re uros\u0142o a\u017c o 57%, a trzecie miejsce przypad\u0142o Wiedzy Bezu\u017cytecznej. Co ciekawe, to w\u0142a\u015bnie Wiedza Bezu\u017cyteczna jako jedyna utrzyma\u0142a swoj\u0105 pozycj\u0119 w TOP5 wzgl\u0119dem poprzedniego roku.<\/p>\n\n\n<style>\n    .cta-image-container {\n        background-image: url('https:\/\/www.sotrender.com\/blog\/wp-content\/uploads\/2024\/07\/Frame-1000001352.png');\n        background-size: contain;\n        background-position: left 300px top 100px;\n        background-repeat: no-repeat;\n}\n\n<\/style>    \n<div id=\"wp-block-cta-buttons-three-points-and-image\" class=\"wp-block-cta-buttons-three-points-and-image\">\n\n    <div class=\"content\">\n        <div class=\"header\">Podsumuj rok na wybranym profilu<\/div>\n\n        <ul class=\"list\">\n            <li>Przetestuj przez 7 dni za darmo<\/li>\n            <li>Wybierz pasuj\u0105cy Ci pakiet<\/li>\n            <li>Wygeneruj raport roczny<\/li>\n        <\/ul>\n                    <a class=\"btn\" href=\"https:\/\/app.sotrender.com\/auth\/signup\/trial\/pl?utm_source=blog-cta\">\n                <div class=\"btn_content\">\n                    Wypr\u00f3buj teraz                <\/div>\n            <\/a>\n        \n    <\/div>\n\n    <img decoding=\"async\" class=\"image\" src=\"https:\/\/www.sotrender.com\/blog\/wp-content\/uploads\/2024\/07\/Frame-1000001352.png\"\/>\n    \n\n   \n   \n<\/div>\n\n\n\n<h2 class=\"wp-block-heading\">Suchar Codzienny ponownie liderem zaanga\u017cowania<\/h2>\n\n\n\n<p>Najbardziej anga\u017cuj\u0105cym profilem na Instagramie w 2024 roku, podobnie jak rok wcze\u015bniej, zosta\u0142 Suchar Codzienny. Profil osi\u0105gn\u0105\u0142 wska\u017anik zaanga\u017cowania (Interactivity Index) na poziomie ponad 70 milion\u00f3w. Co ciekawe, to wynik o 19 milion\u00f3w ni\u017cszy ni\u017c w 2023 roku. <\/p>\n\n\n\n<p>W pozosta\u0142ej cz\u0119\u015bci czo\u0142\u00f3wki zasz\u0142y znacz\u0105ce zmiany. Na drugie miejsce wskoczy\u0142y Meczyki.pl, a na czwartym znalaz\u0142 si\u0119 TVP Sport. Profile te rok temu nie by\u0142y nawet w TOP5. Wiedza Bezu\u017cyteczna spad\u0142a na trzeci\u0105 pozycj\u0119, a podium straci\u0142o konto aplikacji Dropsy, kt\u00f3re zaj\u0119\u0142o w tegorocznym rankingu pi\u0105te miejsce. <\/p>\n\n\n\n<h2 class=\"wp-block-heading\">OKO.press nadal najaktywniejsze<\/h2>\n\n\n\n<p>W 2024 roku najaktywniejszymi profilami na Instagramie ponownie okaza\u0142y si\u0119 konta medi\u00f3w \u2013 zar\u00f3wno informacyjnych, jak i sportowych. Liderem w liczbie publikacji, podobnie jak rok wcze\u015bniej, by\u0142o OKO.press, kt\u00f3re zamie\u015bci\u0142o ponad 7 tysi\u0119cy post\u00f3w, co daje \u015brednio 19 publikacji dziennie. Na podium znalaz\u0142y si\u0119 r\u00f3wnie\u017c Meczyki.pl oraz Eurosport. Czo\u0142ow\u0105 pi\u0105tk\u0119 zamkn\u0119\u0142o konto Platformy Obywatelskiej \u2013 jedyny profil spoza kategorii medi\u00f3w w tym zestawieniu.<\/p>\n\n\n\n<h2 class=\"wp-block-heading\">Najbardziej anga\u017cuj\u0105cy post roku: Red Bull Polska<\/h2>\n\n\n\n<p>W\u015br\u00f3d najbardziej anga\u017cuj\u0105cych post\u00f3w na Instagramie w 2024, podobnie jak w ubieg\u0142ym roku, dominowa\u0142y tre\u015bci sportowe i humorystyczne, ale nie zabrak\u0142o r\u00f3wnie\u017c nowych akcent\u00f3w. Najbardziej anga\u017cuj\u0105cy post roku pochodzi\u0142 od Red Bull Polska i przedstawia\u0142 Dawida God\u017aka wykonuj\u0105cego spektakularny przejazd rowerem po jad\u0105cym poci\u0105gu. W \u015bcis\u0142ej czo\u0142\u00f3wce znalaz\u0142y si\u0119 tak\u017ce publikacje od profili Maturalni i Opera Narodowa.<\/p>\n\n\n\n<p>Co ciekawe, Maturalni wyr\u00f3\u017cnili si\u0119 podw\u00f3jnie \u2013 ich posty zaj\u0119\u0142y nie tylko miejsce na podium, ale r\u00f3wnie\u017c 9. pozycj\u0119 w zestawieniu. W rankingu, tak jak na Facebooku, nie zabrak\u0142o r\u00f3wnie\u017c miejsca dla organizacji prozwierz\u0119cych \u2013 post Dolno\u015bl\u0105skiego Inspektoratu Ochrony Zwierz\u0105t (DIOZ) uplasowa\u0142 si\u0119 na 6. miejscu.<\/p>\n\n\n\n<figure class=\"wp-block-image size-full\"><img loading=\"lazy\" decoding=\"async\" width=\"1314\" height=\"6240\" src=\"https:\/\/www.sotrender.com\/blog\/wp-content\/uploads\/2025\/01\/IG-Trends-2024.png\" alt=\"\" class=\"wp-image-54306\" srcset=\"https:\/\/www.sotrender.com\/blog\/wp-content\/uploads\/2025\/01\/IG-Trends-2024.png 1314w, https:\/\/www.sotrender.com\/blog\/wp-content\/uploads\/2025\/01\/IG-Trends-2024-475x2256.png 475w, https:\/\/www.sotrender.com\/blog\/wp-content\/uploads\/2025\/01\/IG-Trends-2024-421x2000.png 421w, https:\/\/www.sotrender.com\/blog\/wp-content\/uploads\/2025\/01\/IG-Trends-2024-768x3647.png 768w, https:\/\/www.sotrender.com\/blog\/wp-content\/uploads\/2025\/01\/IG-Trends-2024-431x2048.png 431w\" sizes=\"(max-width: 1314px) 100vw, 1314px\" \/><\/figure>\n\n\n\n<h2 class=\"wp-block-heading\">Najwi\u0119ksze profile os\u00f3b na Instagramie<\/h2>\n\n\n\n<p>Opr\u00f3cz analizy profili marek i medi\u00f3w, przyjrzeli\u015bmy si\u0119 r\u00f3wnie\u017c profilom os\u00f3b. <\/p>\n\n\n\n<p>Na szczycie zestawienia najwi\u0119kszych kont, bez niespodzianek, znalaz\u0142 si\u0119 Robert Lewandowski z imponuj\u0105c\u0105 liczb\u0105 36 636 517 obserwuj\u0105cych. Drugie miejsce zajmuje Caroline Derpie\u0144ski, kt\u00f3r\u0105 \u015bledzi ponad 10 milion\u00f3w os\u00f3b, a podium zamyka Anna Lewandowska. W dalszej cz\u0119\u015bci rankingu uplasowali si\u0119 Wojciech Szcz\u0119sny i Anna Maria Sieklucka.<\/p>\n\n\n\n<h2 class=\"wp-block-heading\">Kto r\u00f3s\u0142 najszybciej?<\/h2>\n\n\n\n<p>W\u015br\u00f3d os\u00f3b najwi\u0119kszym wzrostem liczby obserwuj\u0105cych w 2024 roku mog\u0142a pochwali\u0107 si\u0119 Caroline Derpie\u0144ski, kt\u00f3ra zyska\u0142a ponad 2 miliony nowych fan\u00f3w, co stanowi wzrost o prawie 23%. Na drugim miejscu znalaz\u0142 si\u0119 Robert Lewandowski, kt\u00f3ry mimo ju\u017c ogromnej bazy obserwuj\u0105cych, zwi\u0119kszy\u0142 j\u0105 o ponad milion.<\/p>\n\n\n\n<p>Trzecie miejsce w rankingu przypad\u0142o Wojciechowi Szcz\u0119snemu \u2013 jego konto \u015bledzi teraz o 770 757 os\u00f3b wi\u0119cej. W\u015br\u00f3d najdynamiczniej rosn\u0105cych profili znale\u017ali si\u0119 tak\u017ce Budda (563 382 nowych obserwuj\u0105cych, wzrost o 22,8%) oraz Iga \u015awi\u0105tek, kt\u00f3ra przyci\u0105gn\u0119\u0142a 463 238 nowych fan\u00f3w, osi\u0105gaj\u0105c najwi\u0119kszy procentowy wzrost w tym gronie \u2013 a\u017c 24,5%.<\/p>\n\n\n\n<h2 class=\"wp-block-heading\">Robert Lewandowski anga\u017cowa\u0142 najbardziej<\/h2>\n\n\n\n<p>Liderem pod wzgl\u0119dem zaanga\u017cowania by\u0142 oczywi\u015bcie Robert Lewandowski, drugie miejsce zaj\u0119\u0142a Caroline Derpie\u0144ski.<\/p>\n\n\n\n<p>Na miejscach 3\u20135 pojawi\u0142y si\u0119 profile, kt\u00f3re wprowadzi\u0142y wi\u0119ksz\u0105 r\u00f3\u017cnorodno\u015b\u0107 do zestawienia. Wersow, Dominika S\u0142owikowska (@domsli22) oraz Oliwia Krauz (@napaznokciach) udowodni\u0142y, \u017ce anga\u017cuj\u0105ce tre\u015bci mog\u0105 pochodzi\u0107 zar\u00f3wno od influencer\u00f3w lifestyle\u2019owych, jak i tw\u00f3rc\u00f3w z bardziej niszowych obszar\u00f3w.<\/p>\n\n\n\n<h2 class=\"wp-block-heading\">Najbardziej aktywne profile osobiste<\/h2>\n\n\n\n<p>Najbardziej aktywnym profilem osobistym na Instagramie w 2024 roku by\u0142o konto Karoliny Korwin Piotrowskiej, kt\u00f3ra w ci\u0105gu roku opublikowa\u0142a a\u017c 1 726 post\u00f3w, co daje \u015brednio niemal 5 post\u00f3w dziennie.<\/p>\n\n\n\n<p>Na drugim miejscu znalaz\u0142 si\u0119 Jacek Sutryk z 1 276 postami, a trzecie miejsce zaj\u0119\u0142a Aleksandra Dulkiewicz, kt\u00f3ra opublikowa\u0142a 1 160 post\u00f3w. W pierwszej pi\u0105tce uplasowali si\u0119 tak\u017ce Bart\u0142omiej Pejo oraz Marcin Kruszewski (@prawomarcina).<\/p>\n\n\n\n<h2 class=\"wp-block-heading\">Aggie z najlepszym postem roku<\/h2>\n\n\n\n<p>W zestawieniu najbardziej anga\u017cuj\u0105cych post\u00f3w na szczycie znalaz\u0142a si\u0119 Aggie, kt\u00f3rej magiczny wpis o weselu nad jeziorem Como podbi\u0142 serca u\u017cytkownik\u00f3w. <\/p>\n\n\n\n<p>Drugie miejsce nale\u017cy do Kamila Szymczaka i jego posta zatytu\u0142owanego &#8220;We call it TUNING \ud83c\udfce\ufe0f&#8221;, kt\u00f3ry pojawi\u0142 si\u0119 pod koniec grudnia. Trzecie miejsce r\u00f3wnie\u017c zaj\u0105\u0142 Kamil, tym razem z wpisem nawi\u0105zuj\u0105cym do Coachelli.<\/p>\n\n\n\n<p>Czwarta pozycja przypad\u0142a profilowi @spaniewvanie,  na pi\u0105tym miejscu znalaz\u0142 si\u0119 Robert Lewandowski z postem &#8220;Visca el Bar\u00e7a \ud83d\udd35\ud83d\udd34&#8221;, podkre\u015blaj\u0105cym jego zwi\u0105zek z klubem FC Barcelona.<\/p>\n\n\n\n<p>Co ciekawe, @latwogang, kt\u00f3ry w czerwcu og\u0142osi\u0142, \u017ce pobi\u0142 rekord polubie\u0144 na Instagramie, znalaz\u0142 si\u0119 dopiero na 36. miejscu zestawienia. Wp\u0142yw na to mia\u0142a relatywnie ma\u0142a liczba komentarzy, kt\u00f3ra znacz\u0105co obni\u017cy\u0142a ko\u0144cowy wynik. Dodatkowo a\u017c 33 inne posty uzyska\u0142y finalnie wy\u017csz\u0105 liczb\u0119 polubie\u0144.<\/p>\n\n\n\n<p><a href=\"https:\/\/docs.google.com\/spreadsheets\/d\/1-Wuuk2_AHG5XOhqfCzIyNs94XWTw53L5wFrNzPirp-4\/edit?usp=sharing\" target=\"_blank\" rel=\"noreferrer noopener\">Zobacz zestawienie post\u00f3w z najwi\u0119ksz\u0105 liczb\u0105 polubie\u0144 w 2024 r. w kategorii Osoby >>><\/a><\/p>\n\n\n\n<h2 class=\"wp-block-heading\">Podsumowanie 2024 roku na Instagramie<\/h2>\n\n\n\n<p>Ju\u017c wkr\u00f3tce zapraszamy na podsumowanie roku na TikToku oraz w Meta Ads, a w mi\u0119dzyczasie zach\u0119camy do sprawdzenia opublikowanej ju\u017c analizy tego, <a href=\"https:\/\/www.sotrender.com\/blog\/pl\/2025\/01\/podsumowanie-2024-roku-na-facebooku-infografika\/\" target=\"_blank\" rel=\"noreferrer noopener\">co dzia\u0142o si\u0119 w 2024 roku na Facebooku<\/a>.<\/p>\n","protected":false},"excerpt":{"rendered":"<p>Czas na kolejne podsumowanie tego, jak wygl\u0105da\u0142y social media w Polsce w ostatnim roku. Tym razem przygl\u0105damy si\u0119 Instagramowi.<\/p>\n","protected":false},"author":311,"featured_media":54335,"comment_status":"closed","ping_status":"open","sticky":false,"template":"","format":"standard","meta":{"inline_featured_image":false,"footnotes":""},"categories":[1803],"tags":[1477],"yoast_head":"<!-- This site is optimized with the Yoast SEO plugin v22.4 - https:\/\/yoast.com\/wordpress\/plugins\/seo\/ -->\n<title>Podsumowanie 2024 roku na Instagramie [INFOGRAFIKA]<\/title>\n<meta name=\"description\" content=\"Zapraszamy na podsumowanie minionego roku na polskim Instagramie. Sprawd\u017a, kt\u00f3re profile rz\u0105dzi\u0142y na platformie!\" \/>\n<meta name=\"robots\" content=\"index, follow, max-snippet:-1, max-image-preview:large, max-video-preview:-1\" \/>\n<link rel=\"canonical\" href=\"https:\/\/www.sotrender.com\/blog\/pl\/2025\/01\/podsumowanie-2024-roku-na-instagramie-infografika\/\" \/>\n<meta property=\"og:locale\" content=\"pl_PL\" \/>\n<meta property=\"og:type\" content=\"article\" \/>\n<meta property=\"og:title\" content=\"Podsumowanie 2024 roku na Instagramie [INFOGRAFIKA]\" \/>\n<meta property=\"og:description\" content=\"Zapraszamy na podsumowanie minionego roku na polskim Instagramie. Sprawd\u017a, kt\u00f3re profile rz\u0105dzi\u0142y na platformie!\" \/>\n<meta property=\"og:url\" content=\"https:\/\/www.sotrender.com\/blog\/pl\/2025\/01\/podsumowanie-2024-roku-na-instagramie-infografika\/\" \/>\n<meta property=\"og:site_name\" content=\"Sotrender Blog\" \/>\n<meta property=\"article:publisher\" content=\"https:\/\/www.facebook.com\/Sotrender\" \/>\n<meta property=\"article:published_time\" content=\"2025-01-22T08:51:56+00:00\" \/>\n<meta property=\"article:modified_time\" content=\"2025-01-27T08:26:47+00:00\" \/>\n<meta property=\"og:image\" content=\"https:\/\/www.sotrender.com\/blog\/wp-content\/uploads\/2025\/01\/pexels-carlos-isella-480835207-20684642-e1737535856483.jpg\" \/>\n\t<meta property=\"og:image:width\" content=\"979\" \/>\n\t<meta property=\"og:image:height\" content=\"848\" \/>\n\t<meta property=\"og:image:type\" content=\"image\/jpeg\" \/>\n<meta name=\"author\" content=\"Bogna Raszowska\" \/>\n<meta name=\"twitter:card\" content=\"summary_large_image\" \/>\n<meta name=\"twitter:creator\" content=\"@Sotrender\" \/>\n<meta name=\"twitter:site\" content=\"@Sotrender\" \/>\n<meta name=\"twitter:label1\" content=\"Written by\" \/>\n\t<meta name=\"twitter:data1\" content=\"Bogna Raszowska\" \/>\n\t<meta name=\"twitter:label2\" content=\"Est. reading time\" \/>\n\t<meta name=\"twitter:data2\" content=\"5 minutes\" \/>\n<script type=\"application\/ld+json\" class=\"yoast-schema-graph\">{\"@context\":\"https:\/\/schema.org\",\"@graph\":[{\"@type\":\"WebPage\",\"@id\":\"https:\/\/www.sotrender.com\/blog\/pl\/2025\/01\/podsumowanie-2024-roku-na-instagramie-infografika\/\",\"url\":\"https:\/\/www.sotrender.com\/blog\/pl\/2025\/01\/podsumowanie-2024-roku-na-instagramie-infografika\/\",\"name\":\"Podsumowanie 2024 roku na Instagramie [INFOGRAFIKA]\",\"isPartOf\":{\"@id\":\"https:\/\/www.sotrender.com\/blog\/#website\"},\"primaryImageOfPage\":{\"@id\":\"https:\/\/www.sotrender.com\/blog\/pl\/2025\/01\/podsumowanie-2024-roku-na-instagramie-infografika\/#primaryimage\"},\"image\":{\"@id\":\"https:\/\/www.sotrender.com\/blog\/pl\/2025\/01\/podsumowanie-2024-roku-na-instagramie-infografika\/#primaryimage\"},\"thumbnailUrl\":\"https:\/\/www.sotrender.com\/blog\/wp-content\/uploads\/2025\/01\/pexels-carlos-isella-480835207-20684642-e1737535856483.jpg\",\"datePublished\":\"2025-01-22T08:51:56+00:00\",\"dateModified\":\"2025-01-27T08:26:47+00:00\",\"author\":{\"@id\":\"https:\/\/www.sotrender.com\/blog\/#\/schema\/person\/2c3d8f31a13ec8be6145f5865f25d16c\"},\"description\":\"Zapraszamy na podsumowanie minionego roku na polskim Instagramie. Sprawd\u017a, kt\u00f3re profile rz\u0105dzi\u0142y na platformie!\",\"breadcrumb\":{\"@id\":\"https:\/\/www.sotrender.com\/blog\/pl\/2025\/01\/podsumowanie-2024-roku-na-instagramie-infografika\/#breadcrumb\"},\"inLanguage\":\"pl-PL\",\"potentialAction\":[{\"@type\":\"ReadAction\",\"target\":[\"https:\/\/www.sotrender.com\/blog\/pl\/2025\/01\/podsumowanie-2024-roku-na-instagramie-infografika\/\"]}]},{\"@type\":\"ImageObject\",\"inLanguage\":\"pl-PL\",\"@id\":\"https:\/\/www.sotrender.com\/blog\/pl\/2025\/01\/podsumowanie-2024-roku-na-instagramie-infografika\/#primaryimage\",\"url\":\"https:\/\/www.sotrender.com\/blog\/wp-content\/uploads\/2025\/01\/pexels-carlos-isella-480835207-20684642-e1737535856483.jpg\",\"contentUrl\":\"https:\/\/www.sotrender.com\/blog\/wp-content\/uploads\/2025\/01\/pexels-carlos-isella-480835207-20684642-e1737535856483.jpg\",\"width\":979,\"height\":848},{\"@type\":\"BreadcrumbList\",\"@id\":\"https:\/\/www.sotrender.com\/blog\/pl\/2025\/01\/podsumowanie-2024-roku-na-instagramie-infografika\/#breadcrumb\",\"itemListElement\":[{\"@type\":\"ListItem\",\"position\":1,\"name\":\"Home\",\"item\":\"https:\/\/www.sotrender.com\/blog\/\"},{\"@type\":\"ListItem\",\"position\":2,\"name\":\"Podsumowanie 2024 roku na Instagramie [INFOGRAFIKA]\"}]},{\"@type\":\"WebSite\",\"@id\":\"https:\/\/www.sotrender.com\/blog\/#website\",\"url\":\"https:\/\/www.sotrender.com\/blog\/\",\"name\":\"Sotrender Blog\",\"description\":\"\",\"potentialAction\":[{\"@type\":\"SearchAction\",\"target\":{\"@type\":\"EntryPoint\",\"urlTemplate\":\"https:\/\/www.sotrender.com\/blog\/?s={search_term_string}\"},\"query-input\":\"required name=search_term_string\"}],\"inLanguage\":\"pl-PL\"},{\"@type\":\"Person\",\"@id\":\"https:\/\/www.sotrender.com\/blog\/#\/schema\/person\/2c3d8f31a13ec8be6145f5865f25d16c\",\"name\":\"Bogna Raszowska\",\"image\":{\"@type\":\"ImageObject\",\"inLanguage\":\"pl-PL\",\"@id\":\"https:\/\/www.sotrender.com\/blog\/#\/schema\/person\/image\/\",\"url\":\"https:\/\/secure.gravatar.com\/avatar\/a9efb91eb7796ed666d24a5b58b6a6cd?s=96&d=mm&r=g\",\"contentUrl\":\"https:\/\/secure.gravatar.com\/avatar\/a9efb91eb7796ed666d24a5b58b6a6cd?s=96&d=mm&r=g\",\"caption\":\"Bogna Raszowska\"},\"description\":\"Digital marketer with a passion for copywriting, content and social media. Off the clock, I'm an avid traveler, RPG gamer, music lover, and South Korean culture enthusiast.\",\"sameAs\":[\"https:\/\/www.linkedin.com\/in\/bognaraszowska\"],\"url\":\"https:\/\/www.sotrender.com\/blog\/pl\/author\/bogna_raszowska\/\"}]}<\/script>\n<!-- \/ Yoast SEO plugin. -->","yoast_head_json":{"title":"Podsumowanie 2024 roku na Instagramie [INFOGRAFIKA]","description":"Zapraszamy na podsumowanie minionego roku na polskim Instagramie. Sprawd\u017a, kt\u00f3re profile rz\u0105dzi\u0142y na platformie!","robots":{"index":"index","follow":"follow","max-snippet":"max-snippet:-1","max-image-preview":"max-image-preview:large","max-video-preview":"max-video-preview:-1"},"canonical":"https:\/\/www.sotrender.com\/blog\/pl\/2025\/01\/podsumowanie-2024-roku-na-instagramie-infografika\/","og_locale":"pl_PL","og_type":"article","og_title":"Podsumowanie 2024 roku na Instagramie [INFOGRAFIKA]","og_description":"Zapraszamy na podsumowanie minionego roku na polskim Instagramie. Sprawd\u017a, kt\u00f3re profile rz\u0105dzi\u0142y na platformie!","og_url":"https:\/\/www.sotrender.com\/blog\/pl\/2025\/01\/podsumowanie-2024-roku-na-instagramie-infografika\/","og_site_name":"Sotrender Blog","article_publisher":"https:\/\/www.facebook.com\/Sotrender","article_published_time":"2025-01-22T08:51:56+00:00","article_modified_time":"2025-01-27T08:26:47+00:00","og_image":[{"width":979,"height":848,"url":"https:\/\/www.sotrender.com\/blog\/wp-content\/uploads\/2025\/01\/pexels-carlos-isella-480835207-20684642-e1737535856483.jpg","type":"image\/jpeg"}],"author":"Bogna Raszowska","twitter_card":"summary_large_image","twitter_creator":"@Sotrender","twitter_site":"@Sotrender","twitter_misc":{"Written by":"Bogna Raszowska","Est. reading time":"5 minutes"},"schema":{"@context":"https:\/\/schema.org","@graph":[{"@type":"WebPage","@id":"https:\/\/www.sotrender.com\/blog\/pl\/2025\/01\/podsumowanie-2024-roku-na-instagramie-infografika\/","url":"https:\/\/www.sotrender.com\/blog\/pl\/2025\/01\/podsumowanie-2024-roku-na-instagramie-infografika\/","name":"Podsumowanie 2024 roku na Instagramie [INFOGRAFIKA]","isPartOf":{"@id":"https:\/\/www.sotrender.com\/blog\/#website"},"primaryImageOfPage":{"@id":"https:\/\/www.sotrender.com\/blog\/pl\/2025\/01\/podsumowanie-2024-roku-na-instagramie-infografika\/#primaryimage"},"image":{"@id":"https:\/\/www.sotrender.com\/blog\/pl\/2025\/01\/podsumowanie-2024-roku-na-instagramie-infografika\/#primaryimage"},"thumbnailUrl":"https:\/\/www.sotrender.com\/blog\/wp-content\/uploads\/2025\/01\/pexels-carlos-isella-480835207-20684642-e1737535856483.jpg","datePublished":"2025-01-22T08:51:56+00:00","dateModified":"2025-01-27T08:26:47+00:00","author":{"@id":"https:\/\/www.sotrender.com\/blog\/#\/schema\/person\/2c3d8f31a13ec8be6145f5865f25d16c"},"description":"Zapraszamy na podsumowanie minionego roku na polskim Instagramie. Sprawd\u017a, kt\u00f3re profile rz\u0105dzi\u0142y na platformie!","breadcrumb":{"@id":"https:\/\/www.sotrender.com\/blog\/pl\/2025\/01\/podsumowanie-2024-roku-na-instagramie-infografika\/#breadcrumb"},"inLanguage":"pl-PL","potentialAction":[{"@type":"ReadAction","target":["https:\/\/www.sotrender.com\/blog\/pl\/2025\/01\/podsumowanie-2024-roku-na-instagramie-infografika\/"]}]},{"@type":"ImageObject","inLanguage":"pl-PL","@id":"https:\/\/www.sotrender.com\/blog\/pl\/2025\/01\/podsumowanie-2024-roku-na-instagramie-infografika\/#primaryimage","url":"https:\/\/www.sotrender.com\/blog\/wp-content\/uploads\/2025\/01\/pexels-carlos-isella-480835207-20684642-e1737535856483.jpg","contentUrl":"https:\/\/www.sotrender.com\/blog\/wp-content\/uploads\/2025\/01\/pexels-carlos-isella-480835207-20684642-e1737535856483.jpg","width":979,"height":848},{"@type":"BreadcrumbList","@id":"https:\/\/www.sotrender.com\/blog\/pl\/2025\/01\/podsumowanie-2024-roku-na-instagramie-infografika\/#breadcrumb","itemListElement":[{"@type":"ListItem","position":1,"name":"Home","item":"https:\/\/www.sotrender.com\/blog\/"},{"@type":"ListItem","position":2,"name":"Podsumowanie 2024 roku na Instagramie [INFOGRAFIKA]"}]},{"@type":"WebSite","@id":"https:\/\/www.sotrender.com\/blog\/#website","url":"https:\/\/www.sotrender.com\/blog\/","name":"Sotrender Blog","description":"","potentialAction":[{"@type":"SearchAction","target":{"@type":"EntryPoint","urlTemplate":"https:\/\/www.sotrender.com\/blog\/?s={search_term_string}"},"query-input":"required name=search_term_string"}],"inLanguage":"pl-PL"},{"@type":"Person","@id":"https:\/\/www.sotrender.com\/blog\/#\/schema\/person\/2c3d8f31a13ec8be6145f5865f25d16c","name":"Bogna Raszowska","image":{"@type":"ImageObject","inLanguage":"pl-PL","@id":"https:\/\/www.sotrender.com\/blog\/#\/schema\/person\/image\/","url":"https:\/\/secure.gravatar.com\/avatar\/a9efb91eb7796ed666d24a5b58b6a6cd?s=96&d=mm&r=g","contentUrl":"https:\/\/secure.gravatar.com\/avatar\/a9efb91eb7796ed666d24a5b58b6a6cd?s=96&d=mm&r=g","caption":"Bogna Raszowska"},"description":"Digital marketer with a passion for copywriting, content and social media. Off the clock, I'm an avid traveler, RPG gamer, music lover, and South Korean culture enthusiast.","sameAs":["https:\/\/www.linkedin.com\/in\/bognaraszowska"],"url":"https:\/\/www.sotrender.com\/blog\/pl\/author\/bogna_raszowska\/"}]}},"_links":{"self":[{"href":"https:\/\/www.sotrender.com\/blog\/pl\/wp-json\/wp\/v2\/posts\/54302"}],"collection":[{"href":"https:\/\/www.sotrender.com\/blog\/pl\/wp-json\/wp\/v2\/posts"}],"about":[{"href":"https:\/\/www.sotrender.com\/blog\/pl\/wp-json\/wp\/v2\/types\/post"}],"author":[{"embeddable":true,"href":"https:\/\/www.sotrender.com\/blog\/pl\/wp-json\/wp\/v2\/users\/311"}],"replies":[{"embeddable":true,"href":"https:\/\/www.sotrender.com\/blog\/pl\/wp-json\/wp\/v2\/comments?post=54302"}],"version-history":[{"count":9,"href":"https:\/\/www.sotrender.com\/blog\/pl\/wp-json\/wp\/v2\/posts\/54302\/revisions"}],"predecessor-version":[{"id":54356,"href":"https:\/\/www.sotrender.com\/blog\/pl\/wp-json\/wp\/v2\/posts\/54302\/revisions\/54356"}],"wp:featuredmedia":[{"embeddable":true,"href":"https:\/\/www.sotrender.com\/blog\/pl\/wp-json\/wp\/v2\/media\/54335"}],"wp:attachment":[{"href":"https:\/\/www.sotrender.com\/blog\/pl\/wp-json\/wp\/v2\/media?parent=54302"}],"wp:term":[{"taxonomy":"category","embeddable":true,"href":"https:\/\/www.sotrender.com\/blog\/pl\/wp-json\/wp\/v2\/categories?post=54302"},{"taxonomy":"post_tag","embeddable":true,"href":"https:\/\/www.sotrender.com\/blog\/pl\/wp-json\/wp\/v2\/tags?post=54302"}],"curies":[{"name":"wp","href":"https:\/\/api.w.org\/{rel}","templated":true}]}}