{"id":54268,"date":"2025-01-20T09:21:10","date_gmt":"2025-01-20T08:21:10","guid":{"rendered":"https:\/\/www.sotrender.com\/blog\/?p=54268"},"modified":"2025-01-20T09:21:12","modified_gmt":"2025-01-20T08:21:12","slug":"podsumowanie-2024-roku-na-facebooku-infografika","status":"publish","type":"post","link":"https:\/\/www.sotrender.com\/blog\/pl\/2025\/01\/podsumowanie-2024-roku-na-facebooku-infografika\/","title":{"rendered":"Podsumowanie 2024 roku na Facebooku [INFOGRAFIKA]"},"content":{"rendered":"\n<p>Witamy w nowym roku i jak zawsze w styczniu zapraszamy na podsumowanie tego, jak wygl\u0105da\u0142y social media w Polsce w minionych miesi\u0105cach.<\/p>\n\n\n\n<p>Tym razem na pierwszy rzut bierzemy Facebooka.<\/p>\n\n\n\n<!--more-->\n\n\n\n<p>Gotowi, by pozna\u0107 TOP profile na Facebooku w 2024 roku?<\/p>\n\n\n\n<p>Zapraszamy!<\/p>\n\n\n\n<h2 class=\"wp-block-heading\">Bez zmian w TOP10 najwi\u0119kszych profili<\/h2>\n\n\n\n<p><a href=\"https:\/\/www.sotrender.com\/blog\/pl\/2024\/01\/podsumowanie-2023-roku-na-facebooku-infografika\/\" target=\"_blank\" rel=\"noreferrer noopener\">W por\u00f3wnaniu do 2023 roku<\/a>, w minionych miesi\u0105cach zmianom nie uleg\u0142o zestawienie najwi\u0119kszych profili na Facebooku. Prym wiod\u0142o Play i Allegro z ponad dwumilionow\u0105 spo\u0142eczno\u015bci\u0105, a na trzecim miejscu podium znalaz\u0142 si\u0119 profil Pyszno\u015bci, kt\u00f3remu jednak w dalszym ci\u0105gu nie uda\u0142o si\u0119 przekroczy\u0107 liczby 2 milion\u00f3w fan\u00f3w.<\/p>\n\n\n\n<p>Co ciekawe, niemal wszystkie z 10 najwi\u0119kszych profili odnotowa\u0142y w ubieg\u0142ym roku spadek w liczbie fan\u00f3w.<\/p>\n\n\n\n<h2 class=\"wp-block-heading\">Kocham Gotowa\u0107 najszybciej rosn\u0105cym profilem<\/h2>\n\n\n\n<p>Z kolei zestawienie najszybciej rosn\u0105cych profili wygl\u0105da zupe\u0142nie inaczej ni\u017c w 2023 roku.&nbsp;<\/p>\n\n\n\n<p>Najszybciej r\u00f3s\u0142 profil Kocham Gotowa\u0107 \u2013 na jego koncie odnotowali\u015bmy ponad 477 tys. nowych fan\u00f3w. Na drugim miejscu znalaz\u0142 si\u0119 profil Oczami M\u0119\u017cczyzny (+ 340 tys. nowych fan\u00f3w), a na miejscu trzecim \u015aladami przesz\u0142o\u015bci (+ 219 tys.).<\/p>\n\n\n<style>\n    .cta-image-container {\n        background-image: url('https:\/\/www.sotrender.com\/blog\/wp-content\/uploads\/2024\/07\/Frame-1000001352.png');\n        background-size: contain;\n        background-position: left 300px top 100px;\n        background-repeat: no-repeat;\n}\n\n<\/style>    \n<div id=\"wp-block-cta-buttons-three-points-and-image\" class=\"wp-block-cta-buttons-three-points-and-image\">\n\n    <div class=\"content\">\n        <div class=\"header\">Podsumuj rok na wybranym profilu<\/div>\n\n        <ul class=\"list\">\n            <li>Przetestuj przez 7 dni za darmo<\/li>\n            <li>Wybierz pasuj\u0105cy Ci pakiet<\/li>\n            <li>Wygeneruj raport roczny<\/li>\n        <\/ul>\n                    <a class=\"btn\" href=\"https:\/\/app.sotrender.com\/auth\/signup\/trial\/pl?utm_source=blog-cta\">\n                <div class=\"btn_content\">\n                    Wypr\u00f3buj za darmo                <\/div>\n            <\/a>\n        \n    <\/div>\n\n    <img decoding=\"async\" class=\"image\" src=\"https:\/\/www.sotrender.com\/blog\/wp-content\/uploads\/2024\/07\/Frame-1000001352.png\"\/>\n    \n\n   \n   \n<\/div>\n\n\n\n<h2 class=\"wp-block-heading\">SokzBuraka z najbardziej zaanga\u017cowan\u0105 spo\u0142eczno\u015bci\u0105<\/h2>\n\n\n\n<p>Jedyny profil, dla kt\u00f3rego wska\u017anik zaanga\u017cowania \u2013 Interactivity Index \u2013 w ca\u0142ym zesz\u0142ym roku przekroczy\u0142 100 milion\u00f3w by\u0142 SokzBuraka. Uplasowa\u0142 si\u0119 on na pozycji lidera w zestawieniu zaanga\u017cowania, zamieniaj\u0105c si\u0119 miejscem z profilem Goniec.pl, kt\u00f3ry by\u0142 liderem rankingu w zesz\u0142ym roku, a teraz znalaz\u0142 si\u0119 na miejscu trzecim.<\/p>\n\n\n\n<p>W TOP5 znalaz\u0142y si\u0119 jeszcze dwa profile organizacji non-profit: Schronisko w Korabiewicach Viva (na miejscu drugim) oraz Fundacja dla Szczeni\u0105t Judyta (na miejscu pi\u0105tym).<\/p>\n\n\n\n<h2 class=\"wp-block-heading\">Pomagam.pl z najlepsz\u0105 obs\u0142ug\u0105 klienta na Facebooku<\/h2>\n\n\n\n<p>Drugi rok z rz\u0119du profil Pomagam.pl by\u0142 profilem, kt\u00f3ry osi\u0105gn\u0105\u0142 najwy\u017cszy wska\u017anik CX Score. W TOP5 oczywi\u015bcie nie mog\u0142o zabrakn\u0105\u0107 r\u00f3wnie\u017c telekom\u00f3w \u2013 w tym toku by\u0142 to Orange, player.pl i nju mobile. Na miejscu czwartym znalaz\u0142 si\u0119 profil Zielony Zagonek po\u015bwi\u0119cony zio\u0142olecznictwu.<\/p>\n\n\n\n<h2 class=\"wp-block-heading\">Onet z najwi\u0119ksz\u0105 liczb\u0105 opublikowanych tre\u015bci<\/h2>\n\n\n\n<p>Najwi\u0119ksz\u0105 liczb\u0119 post\u00f3w w 2024 roku na Facebooku opublikowano na profilu Onetu (24804), a zaledwie kilka mniej na profilu Telewizji Republika. Oznacza to, \u017ce na obu profilach dziennie publikowano \u015brednio niemal 70 post\u00f3w.<\/p>\n\n\n\n<p>Zestawienie zosta\u0142o zdominowane przez profile medi\u00f3w i portali newsowych \u2013 na kolejnych pozycjach znalaz\u0142 si\u0119 profil Fakt i Radio Maryja. Czo\u0142ow\u0105 pi\u0105tk\u0119 zamyka kolejny profil Onetu \u2013 Onet Wiadomo\u015bci.<\/p>\n\n\n\n<h2 class=\"wp-block-heading\">Psiaki gwarancj\u0105 na anaga\u017cuj\u0105cy content<\/h2>\n\n\n\n<p>Najbardziej anga\u017cuj\u0105ce tre\u015bci minionego roku by\u0142y publikowane przez schroniska. A\u017c 6 z 10 najlepszych post\u00f3w roku opublikowa\u0142y dwa profile: Schronisko w Korabiewicach Viva oraz Celestynianki \u2013 Schronisko dla Bezdomnych Zwierz\u0105t w Celestynowie, a najlepszy post zosta\u0142 udost\u0119pniony ponad 92 tys. razy.<\/p>\n\n\n\n<p>Pokazuje to, \u017ce los porzuconych i bezdomnych zwierz\u0105t nie jest facebookowiczom oboj\u0119tny. Podobnie jak los dzieci i m\u0142odzie\u017cy.<\/p>\n\n\n\n<p>W\u015br\u00f3d 10 najbardziej anaga\u017cuj\u0105cych post\u00f3w znalaz\u0142y si\u0119 r\u00f3wnie\u017c bowiem dwa dotycz\u0105ce poszukiwa\u0144 zaginionych nastolatk\u00f3w.<\/p>\n\n\n\n<p>TOP10 zamykaj\u0105 dwa, skrajnie r\u00f3\u017cne od siebie, posty. Na miejscu 9. uplasowa\u0142 si\u0119 post z profilu Patrioci zawieraj\u0105cy wideo z wykonaniem pie\u015bni &#8220;Wolno\u015b\u0107 \u2013 Te Deum&#8221; przez Marka Ba\u0142at\u0119. Z kolei na miejscu 10. znalaz\u0142 si\u0119 post z profilu ManiacyMotocykli.pl, kt\u00f3ry przedstawia humorystyczn\u0105 scen\u0119 nagran\u0105 we w\u0142oskim miasteczku.<\/p>\n\n\n\n<figure class=\"wp-block-image size-full\"><img loading=\"lazy\" decoding=\"async\" width=\"1184\" height=\"6171\" src=\"https:\/\/www.sotrender.com\/blog\/wp-content\/uploads\/2025\/01\/FB-Trends-2024.png\" alt=\"\" class=\"wp-image-54292\" srcset=\"https:\/\/www.sotrender.com\/blog\/wp-content\/uploads\/2025\/01\/FB-Trends-2024.png 1184w, https:\/\/www.sotrender.com\/blog\/wp-content\/uploads\/2025\/01\/FB-Trends-2024-475x2476.png 475w, https:\/\/www.sotrender.com\/blog\/wp-content\/uploads\/2025\/01\/FB-Trends-2024-384x2000.png 384w, https:\/\/www.sotrender.com\/blog\/wp-content\/uploads\/2025\/01\/FB-Trends-2024-768x4003.png 768w, https:\/\/www.sotrender.com\/blog\/wp-content\/uploads\/2025\/01\/FB-Trends-2024-393x2048.png 393w\" sizes=\"(max-width: 1184px) 100vw, 1184px\" \/><\/figure>\n\n\n\n<p>Ju\u017c za kilka dni zapraszamy na podsumowanie 2024 roku na Instagramie, a w mi\u0119dzyczasie zach\u0119camy do sprawdzenia grudniowego raportu <a href=\"https:\/\/www.sotrender.com\/blog\/pl\/2025\/01\/facebook-trends-grudzien-2024-coraz-blizej-swieta\/\" target=\"_blank\" rel=\"noreferrer noopener\">Facebook Trends<\/a> i <a href=\"https:\/\/www.sotrender.com\/blog\/pl\/2025\/01\/instagram-trends-grudzien-2024-w-trosce-o-zwierzeta\/\" target=\"_blank\" rel=\"noreferrer noopener\">Instagram Trends<\/a>.<\/p>\n","protected":false},"excerpt":{"rendered":"<p>Witamy w nowym roku i jak zawsze w styczniu zapraszamy na podsumowanie tego, jak wygl\u0105da\u0142y social media w Polsce w minionych miesi\u0105cach. Tym razem na pierwszy rzut bierzemy Facebooka.<\/p>\n","protected":false},"author":89,"featured_media":54296,"comment_status":"closed","ping_status":"open","sticky":false,"template":"","format":"standard","meta":{"inline_featured_image":false,"footnotes":""},"categories":[1797],"tags":[1477],"yoast_head":"<!-- This site is optimized with the Yoast SEO plugin v22.4 - https:\/\/yoast.com\/wordpress\/plugins\/seo\/ -->\n<title>Podsumowanie 2024 roku na Facebooku [INFOGRAFIKA]<\/title>\n<meta name=\"description\" content=\"Zapraszamy na podsumowanie minionego roku na polskim Facebooku. W\u015br\u00f3d najbardziej anga\u017cuj\u0105cych post\u00f3w roku czeka wiele niespodzianek.\" \/>\n<meta name=\"robots\" content=\"index, follow, max-snippet:-1, max-image-preview:large, max-video-preview:-1\" \/>\n<link rel=\"canonical\" href=\"https:\/\/www.sotrender.com\/blog\/pl\/2025\/01\/podsumowanie-2024-roku-na-facebooku-infografika\/\" \/>\n<meta property=\"og:locale\" content=\"pl_PL\" \/>\n<meta property=\"og:type\" content=\"article\" \/>\n<meta property=\"og:title\" content=\"Podsumowanie 2024 roku na Facebooku [INFOGRAFIKA]\" \/>\n<meta property=\"og:description\" content=\"Zapraszamy na podsumowanie minionego roku na polskim Facebooku. W\u015br\u00f3d najbardziej anga\u017cuj\u0105cych post\u00f3w roku czeka wiele niespodzianek.\" \/>\n<meta property=\"og:url\" content=\"https:\/\/www.sotrender.com\/blog\/pl\/2025\/01\/podsumowanie-2024-roku-na-facebooku-infografika\/\" \/>\n<meta property=\"og:site_name\" content=\"Sotrender Blog\" \/>\n<meta property=\"article:publisher\" content=\"https:\/\/www.facebook.com\/Sotrender\" \/>\n<meta property=\"article:published_time\" content=\"2025-01-20T08:21:10+00:00\" \/>\n<meta property=\"article:modified_time\" content=\"2025-01-20T08:21:12+00:00\" \/>\n<meta property=\"og:image\" content=\"https:\/\/www.sotrender.com\/blog\/wp-content\/uploads\/2025\/01\/dogss.jpg\" \/>\n\t<meta property=\"og:image:width\" content=\"1280\" \/>\n\t<meta property=\"og:image:height\" content=\"853\" \/>\n\t<meta property=\"og:image:type\" content=\"image\/jpeg\" \/>\n<meta name=\"author\" content=\"Klaudia \u017by\u0142ka\" \/>\n<meta name=\"twitter:card\" content=\"summary_large_image\" \/>\n<meta name=\"twitter:creator\" content=\"@Sotrender\" \/>\n<meta name=\"twitter:site\" content=\"@Sotrender\" \/>\n<meta name=\"twitter:label1\" content=\"Written by\" \/>\n\t<meta name=\"twitter:data1\" content=\"Klaudia \u017by\u0142ka\" \/>\n\t<meta name=\"twitter:label2\" content=\"Est. reading time\" \/>\n\t<meta name=\"twitter:data2\" content=\"3 minutes\" \/>\n<script type=\"application\/ld+json\" class=\"yoast-schema-graph\">{\"@context\":\"https:\/\/schema.org\",\"@graph\":[{\"@type\":\"WebPage\",\"@id\":\"https:\/\/www.sotrender.com\/blog\/pl\/2025\/01\/podsumowanie-2024-roku-na-facebooku-infografika\/\",\"url\":\"https:\/\/www.sotrender.com\/blog\/pl\/2025\/01\/podsumowanie-2024-roku-na-facebooku-infografika\/\",\"name\":\"Podsumowanie 2024 roku na Facebooku [INFOGRAFIKA]\",\"isPartOf\":{\"@id\":\"https:\/\/www.sotrender.com\/blog\/#website\"},\"primaryImageOfPage\":{\"@id\":\"https:\/\/www.sotrender.com\/blog\/pl\/2025\/01\/podsumowanie-2024-roku-na-facebooku-infografika\/#primaryimage\"},\"image\":{\"@id\":\"https:\/\/www.sotrender.com\/blog\/pl\/2025\/01\/podsumowanie-2024-roku-na-facebooku-infografika\/#primaryimage\"},\"thumbnailUrl\":\"https:\/\/www.sotrender.com\/blog\/wp-content\/uploads\/2025\/01\/dogss.jpg\",\"datePublished\":\"2025-01-20T08:21:10+00:00\",\"dateModified\":\"2025-01-20T08:21:12+00:00\",\"author\":{\"@id\":\"https:\/\/www.sotrender.com\/blog\/#\/schema\/person\/038ac5e276c5d102d8cbb9c36cd43416\"},\"description\":\"Zapraszamy na podsumowanie minionego roku na polskim Facebooku. W\u015br\u00f3d najbardziej anga\u017cuj\u0105cych post\u00f3w roku czeka wiele niespodzianek.\",\"breadcrumb\":{\"@id\":\"https:\/\/www.sotrender.com\/blog\/pl\/2025\/01\/podsumowanie-2024-roku-na-facebooku-infografika\/#breadcrumb\"},\"inLanguage\":\"pl-PL\",\"potentialAction\":[{\"@type\":\"ReadAction\",\"target\":[\"https:\/\/www.sotrender.com\/blog\/pl\/2025\/01\/podsumowanie-2024-roku-na-facebooku-infografika\/\"]}]},{\"@type\":\"ImageObject\",\"inLanguage\":\"pl-PL\",\"@id\":\"https:\/\/www.sotrender.com\/blog\/pl\/2025\/01\/podsumowanie-2024-roku-na-facebooku-infografika\/#primaryimage\",\"url\":\"https:\/\/www.sotrender.com\/blog\/wp-content\/uploads\/2025\/01\/dogss.jpg\",\"contentUrl\":\"https:\/\/www.sotrender.com\/blog\/wp-content\/uploads\/2025\/01\/dogss.jpg\",\"width\":1280,\"height\":853},{\"@type\":\"BreadcrumbList\",\"@id\":\"https:\/\/www.sotrender.com\/blog\/pl\/2025\/01\/podsumowanie-2024-roku-na-facebooku-infografika\/#breadcrumb\",\"itemListElement\":[{\"@type\":\"ListItem\",\"position\":1,\"name\":\"Home\",\"item\":\"https:\/\/www.sotrender.com\/blog\/\"},{\"@type\":\"ListItem\",\"position\":2,\"name\":\"Podsumowanie 2024 roku na Facebooku [INFOGRAFIKA]\"}]},{\"@type\":\"WebSite\",\"@id\":\"https:\/\/www.sotrender.com\/blog\/#website\",\"url\":\"https:\/\/www.sotrender.com\/blog\/\",\"name\":\"Sotrender Blog\",\"description\":\"\",\"potentialAction\":[{\"@type\":\"SearchAction\",\"target\":{\"@type\":\"EntryPoint\",\"urlTemplate\":\"https:\/\/www.sotrender.com\/blog\/?s={search_term_string}\"},\"query-input\":\"required name=search_term_string\"}],\"inLanguage\":\"pl-PL\"},{\"@type\":\"Person\",\"@id\":\"https:\/\/www.sotrender.com\/blog\/#\/schema\/person\/038ac5e276c5d102d8cbb9c36cd43416\",\"name\":\"Klaudia \u017by\u0142ka\",\"image\":{\"@type\":\"ImageObject\",\"inLanguage\":\"pl-PL\",\"@id\":\"https:\/\/www.sotrender.com\/blog\/#\/schema\/person\/image\/\",\"url\":\"https:\/\/secure.gravatar.com\/avatar\/f55d5d49ce3c448e1ffde0ab078d84cd?s=96&d=mm&r=g\",\"contentUrl\":\"https:\/\/secure.gravatar.com\/avatar\/f55d5d49ce3c448e1ffde0ab078d84cd?s=96&d=mm&r=g\",\"caption\":\"Klaudia \u017by\u0142ka\"},\"description\":\"Instagram, dogs, books and food lover. Former student at Warsaw University and Malm\u00f6 University. Improving her marketing skills every day. Proud owner of DIMAQ certificate\",\"sameAs\":[\"https:\/\/www.linkedin.com\/in\/klaudia-\u017cy\u0142ka-17527779\"],\"url\":\"https:\/\/www.sotrender.com\/blog\/pl\/author\/klaudia_yka\/\"}]}<\/script>\n<!-- \/ Yoast SEO plugin. -->","yoast_head_json":{"title":"Podsumowanie 2024 roku na Facebooku [INFOGRAFIKA]","description":"Zapraszamy na podsumowanie minionego roku na polskim Facebooku. W\u015br\u00f3d najbardziej anga\u017cuj\u0105cych post\u00f3w roku czeka wiele niespodzianek.","robots":{"index":"index","follow":"follow","max-snippet":"max-snippet:-1","max-image-preview":"max-image-preview:large","max-video-preview":"max-video-preview:-1"},"canonical":"https:\/\/www.sotrender.com\/blog\/pl\/2025\/01\/podsumowanie-2024-roku-na-facebooku-infografika\/","og_locale":"pl_PL","og_type":"article","og_title":"Podsumowanie 2024 roku na Facebooku [INFOGRAFIKA]","og_description":"Zapraszamy na podsumowanie minionego roku na polskim Facebooku. W\u015br\u00f3d najbardziej anga\u017cuj\u0105cych post\u00f3w roku czeka wiele niespodzianek.","og_url":"https:\/\/www.sotrender.com\/blog\/pl\/2025\/01\/podsumowanie-2024-roku-na-facebooku-infografika\/","og_site_name":"Sotrender Blog","article_publisher":"https:\/\/www.facebook.com\/Sotrender","article_published_time":"2025-01-20T08:21:10+00:00","article_modified_time":"2025-01-20T08:21:12+00:00","og_image":[{"width":1280,"height":853,"url":"https:\/\/www.sotrender.com\/blog\/wp-content\/uploads\/2025\/01\/dogss.jpg","type":"image\/jpeg"}],"author":"Klaudia \u017by\u0142ka","twitter_card":"summary_large_image","twitter_creator":"@Sotrender","twitter_site":"@Sotrender","twitter_misc":{"Written by":"Klaudia \u017by\u0142ka","Est. reading time":"3 minutes"},"schema":{"@context":"https:\/\/schema.org","@graph":[{"@type":"WebPage","@id":"https:\/\/www.sotrender.com\/blog\/pl\/2025\/01\/podsumowanie-2024-roku-na-facebooku-infografika\/","url":"https:\/\/www.sotrender.com\/blog\/pl\/2025\/01\/podsumowanie-2024-roku-na-facebooku-infografika\/","name":"Podsumowanie 2024 roku na Facebooku [INFOGRAFIKA]","isPartOf":{"@id":"https:\/\/www.sotrender.com\/blog\/#website"},"primaryImageOfPage":{"@id":"https:\/\/www.sotrender.com\/blog\/pl\/2025\/01\/podsumowanie-2024-roku-na-facebooku-infografika\/#primaryimage"},"image":{"@id":"https:\/\/www.sotrender.com\/blog\/pl\/2025\/01\/podsumowanie-2024-roku-na-facebooku-infografika\/#primaryimage"},"thumbnailUrl":"https:\/\/www.sotrender.com\/blog\/wp-content\/uploads\/2025\/01\/dogss.jpg","datePublished":"2025-01-20T08:21:10+00:00","dateModified":"2025-01-20T08:21:12+00:00","author":{"@id":"https:\/\/www.sotrender.com\/blog\/#\/schema\/person\/038ac5e276c5d102d8cbb9c36cd43416"},"description":"Zapraszamy na podsumowanie minionego roku na polskim Facebooku. W\u015br\u00f3d najbardziej anga\u017cuj\u0105cych post\u00f3w roku czeka wiele niespodzianek.","breadcrumb":{"@id":"https:\/\/www.sotrender.com\/blog\/pl\/2025\/01\/podsumowanie-2024-roku-na-facebooku-infografika\/#breadcrumb"},"inLanguage":"pl-PL","potentialAction":[{"@type":"ReadAction","target":["https:\/\/www.sotrender.com\/blog\/pl\/2025\/01\/podsumowanie-2024-roku-na-facebooku-infografika\/"]}]},{"@type":"ImageObject","inLanguage":"pl-PL","@id":"https:\/\/www.sotrender.com\/blog\/pl\/2025\/01\/podsumowanie-2024-roku-na-facebooku-infografika\/#primaryimage","url":"https:\/\/www.sotrender.com\/blog\/wp-content\/uploads\/2025\/01\/dogss.jpg","contentUrl":"https:\/\/www.sotrender.com\/blog\/wp-content\/uploads\/2025\/01\/dogss.jpg","width":1280,"height":853},{"@type":"BreadcrumbList","@id":"https:\/\/www.sotrender.com\/blog\/pl\/2025\/01\/podsumowanie-2024-roku-na-facebooku-infografika\/#breadcrumb","itemListElement":[{"@type":"ListItem","position":1,"name":"Home","item":"https:\/\/www.sotrender.com\/blog\/"},{"@type":"ListItem","position":2,"name":"Podsumowanie 2024 roku na Facebooku [INFOGRAFIKA]"}]},{"@type":"WebSite","@id":"https:\/\/www.sotrender.com\/blog\/#website","url":"https:\/\/www.sotrender.com\/blog\/","name":"Sotrender Blog","description":"","potentialAction":[{"@type":"SearchAction","target":{"@type":"EntryPoint","urlTemplate":"https:\/\/www.sotrender.com\/blog\/?s={search_term_string}"},"query-input":"required name=search_term_string"}],"inLanguage":"pl-PL"},{"@type":"Person","@id":"https:\/\/www.sotrender.com\/blog\/#\/schema\/person\/038ac5e276c5d102d8cbb9c36cd43416","name":"Klaudia \u017by\u0142ka","image":{"@type":"ImageObject","inLanguage":"pl-PL","@id":"https:\/\/www.sotrender.com\/blog\/#\/schema\/person\/image\/","url":"https:\/\/secure.gravatar.com\/avatar\/f55d5d49ce3c448e1ffde0ab078d84cd?s=96&d=mm&r=g","contentUrl":"https:\/\/secure.gravatar.com\/avatar\/f55d5d49ce3c448e1ffde0ab078d84cd?s=96&d=mm&r=g","caption":"Klaudia \u017by\u0142ka"},"description":"Instagram, dogs, books and food lover. Former student at Warsaw University and Malm\u00f6 University. Improving her marketing skills every day. Proud owner of DIMAQ certificate","sameAs":["https:\/\/www.linkedin.com\/in\/klaudia-\u017cy\u0142ka-17527779"],"url":"https:\/\/www.sotrender.com\/blog\/pl\/author\/klaudia_yka\/"}]}},"_links":{"self":[{"href":"https:\/\/www.sotrender.com\/blog\/pl\/wp-json\/wp\/v2\/posts\/54268"}],"collection":[{"href":"https:\/\/www.sotrender.com\/blog\/pl\/wp-json\/wp\/v2\/posts"}],"about":[{"href":"https:\/\/www.sotrender.com\/blog\/pl\/wp-json\/wp\/v2\/types\/post"}],"author":[{"embeddable":true,"href":"https:\/\/www.sotrender.com\/blog\/pl\/wp-json\/wp\/v2\/users\/89"}],"replies":[{"embeddable":true,"href":"https:\/\/www.sotrender.com\/blog\/pl\/wp-json\/wp\/v2\/comments?post=54268"}],"version-history":[{"count":14,"href":"https:\/\/www.sotrender.com\/blog\/pl\/wp-json\/wp\/v2\/posts\/54268\/revisions"}],"predecessor-version":[{"id":54303,"href":"https:\/\/www.sotrender.com\/blog\/pl\/wp-json\/wp\/v2\/posts\/54268\/revisions\/54303"}],"wp:featuredmedia":[{"embeddable":true,"href":"https:\/\/www.sotrender.com\/blog\/pl\/wp-json\/wp\/v2\/media\/54296"}],"wp:attachment":[{"href":"https:\/\/www.sotrender.com\/blog\/pl\/wp-json\/wp\/v2\/media?parent=54268"}],"wp:term":[{"taxonomy":"category","embeddable":true,"href":"https:\/\/www.sotrender.com\/blog\/pl\/wp-json\/wp\/v2\/categories?post=54268"},{"taxonomy":"post_tag","embeddable":true,"href":"https:\/\/www.sotrender.com\/blog\/pl\/wp-json\/wp\/v2\/tags?post=54268"}],"curies":[{"name":"wp","href":"https:\/\/api.w.org\/{rel}","templated":true}]}}