{"id":53867,"date":"2024-12-11T09:22:52","date_gmt":"2024-12-11T08:22:52","guid":{"rendered":"https:\/\/www.sotrender.com\/blog\/?p=53867"},"modified":"2024-12-11T09:22:53","modified_gmt":"2024-12-11T08:22:53","slug":"facebook-trends-listopad-2024-w-swiecie-nieruchomosci","status":"publish","type":"post","link":"https:\/\/www.sotrender.com\/blog\/pl\/2024\/12\/facebook-trends-listopad-2024-w-swiecie-nieruchomosci\/","title":{"rendered":"Facebook Trends listopad 2024 \u2013 w \u015bwiecie nieruchomo\u015bci"},"content":{"rendered":"\n<p>Listopad rozpocz\u0105\u0142 si\u0119 spokojnie i nostalgicznie, a sko\u0144czy\u0142 gor\u0105czk\u0105 zakupow\u0105 i wizj\u0105 zbli\u017caj\u0105cego si\u0119 jednego z najpi\u0119kniejszych miesi\u0119cy w roku.<\/p>\n\n\n\n<p>Dla nas by\u0142 to miesi\u0105c kolejnych ciekawych analiz i dalszych prac nad Waszymi ulubionymi raportami Trends, kt\u00f3re ju\u017c nied\u0142ugo zobaczycie w od\u015bwie\u017conej wersji.<\/p>\n\n\n\n<!--more-->\n\n\n\n<p>Tymczasem zapraszamy na <a href=\"https:\/\/www.sotrender.com\/trends\/facebook\/poland\/202411\" target=\"_blank\" rel=\"noreferrer noopener\">listopadowy raport Facebook Trends<\/a>. \ud83d\ude09<\/p>\n\n\n\n<h2 class=\"wp-block-heading\">Jak wygl\u0105da rynek nieruchomo\u015bci na Facebooku<\/h2>\n\n\n\n<p>Now\u0105 kategori\u0105 w naszym raporcie Facebook Trends, podobnie jak mia\u0142o to niedawno miejsce w przypadku <a href=\"https:\/\/www.sotrender.com\/blog\/pl\/2024\/10\/instagram-trends-wrzesien-2024-wspinaczka-na-szczyt\/\" target=\"_blank\" rel=\"noreferrer noopener\">raportu instagramowego<\/a>, s\u0105 <a href=\"https:\/\/www.sotrender.com\/trends\/facebook\/poland\/202411\/nieruchomosci\" target=\"_blank\" rel=\"noreferrer noopener\">nieruchomo\u015bci<\/a>. Coraz pr\u0119\u017cniejsze dzia\u0142ania deweloper\u00f3w w social media s\u0105 zdecydowanie warte uwagi i regularnego monitorowania.<\/p>\n\n\n\n<p>Na podium zestawienia <a href=\"https:\/\/www.sotrender.com\/trends\/facebook\/poland\/202411\/nieruchomosci#fans\" target=\"_blank\" rel=\"noreferrer noopener\">najwi\u0119kszych profili<\/a>, kt\u00f3re nie wydaje si\u0119 by mog\u0142o ulec zmianie w najbli\u017cszym czasie, znalaz\u0142 si\u0119 profil Spravia (Budimex), Dom Development oraz Twoje W\u0142asne M2 (RONSON).<\/p>\n\n\n\n<figure class=\"wp-block-image size-full\"><img loading=\"lazy\" decoding=\"async\" width=\"1938\" height=\"442\" src=\"https:\/\/www.sotrender.com\/blog\/wp-content\/uploads\/2024\/12\/nieruchomosci-fani-listopad-2024-facebook.png\" alt=\"Profile deweloper\u00f3w z najwi\u0119ksz\u0105 liczb\u0105 fan\u00f3w na Facebooku listopad 2024 \" class=\"wp-image-53870\" srcset=\"https:\/\/www.sotrender.com\/blog\/wp-content\/uploads\/2024\/12\/nieruchomosci-fani-listopad-2024-facebook.png 1938w, https:\/\/www.sotrender.com\/blog\/wp-content\/uploads\/2024\/12\/nieruchomosci-fani-listopad-2024-facebook-475x108.png 475w, https:\/\/www.sotrender.com\/blog\/wp-content\/uploads\/2024\/12\/nieruchomosci-fani-listopad-2024-facebook-768x175.png 768w, https:\/\/www.sotrender.com\/blog\/wp-content\/uploads\/2024\/12\/nieruchomosci-fani-listopad-2024-facebook-1536x350.png 1536w\" sizes=\"(max-width: 1938px) 100vw, 1938px\" \/><figcaption class=\"wp-element-caption\"><a href=\"https:\/\/www.sotrender.com\/trends\/facebook\/poland\/202411\/nieruchomosci#fans\" target=\"_blank\" rel=\"noreferrer noopener\">Profile deweloper\u00f3w z najwi\u0119ksz\u0105 liczb\u0105 fan\u00f3w<\/a> na Facebooku | listopad 2024<\/figcaption><\/figure>\n\n\n\n<p>Z kolei trzy <a href=\"https:\/\/www.sotrender.com\/trends\/facebook\/poland\/202411\/nieruchomosci#best_posts\" target=\"_blank\" rel=\"noreferrer noopener\">najbardziej anga\u017cuj\u0105ce posty<\/a> w tej kategorii nale\u017ca\u0142y do Budimex SA. Kolejne miejsca w TOP15 zosta\u0142y wr\u0119cz zdominowane przez tre\u015bci z profilu Dom Development.<\/p>\n\n\n\n<figure class=\"wp-block-image size-full\"><img loading=\"lazy\" decoding=\"async\" width=\"1906\" height=\"948\" src=\"https:\/\/www.sotrender.com\/blog\/wp-content\/uploads\/2024\/12\/nieruchomosci-top-posty-listopad-2024.png\" alt=\"\" class=\"wp-image-53883\" srcset=\"https:\/\/www.sotrender.com\/blog\/wp-content\/uploads\/2024\/12\/nieruchomosci-top-posty-listopad-2024.png 1906w, https:\/\/www.sotrender.com\/blog\/wp-content\/uploads\/2024\/12\/nieruchomosci-top-posty-listopad-2024-475x236.png 475w, https:\/\/www.sotrender.com\/blog\/wp-content\/uploads\/2024\/12\/nieruchomosci-top-posty-listopad-2024-768x382.png 768w, https:\/\/www.sotrender.com\/blog\/wp-content\/uploads\/2024\/12\/nieruchomosci-top-posty-listopad-2024-1536x764.png 1536w\" sizes=\"(max-width: 1906px) 100vw, 1906px\" \/><figcaption class=\"wp-element-caption\"><a href=\"https:\/\/www.sotrender.com\/trends\/facebook\/poland\/202411\/nieruchomosci#best_posts\" target=\"_blank\" rel=\"noreferrer noopener\">Najlepsze posty na Facebooku w kategorii Nieruchomo\u015bci<\/a> w listopadzie 2024 roku<\/figcaption><\/figure>\n\n\n\n<p>W zestawieniu Zaanga\u017cowania i Aktywnych u\u017cytkownik\u00f3w w TOP4 znalaz\u0142y si\u0119 z kolei profile: Dom Dewelopment, Budimex SA, EURO STYL oraz Archicom.<\/p>\n\n\n<style>\n    .cta-image-container {\n        background-image: url('https:\/\/www.sotrender.com\/blog\/wp-content\/uploads\/2024\/07\/Frame-1000001352.png');\n        background-size: contain;\n        background-position: left 300px top 100px;\n        background-repeat: no-repeat;\n}\n\n<\/style>    \n<div id=\"wp-block-cta-buttons-three-points-and-image\" class=\"wp-block-cta-buttons-three-points-and-image\">\n\n    <div class=\"content\">\n        <div class=\"header\">Niewykorzystany bud\u017cet za 2024? <\/div>\n\n        <ul class=\"list\">\n            <li>Przed\u0142u\u017c sw\u00f3j pakiet na kolejny rok<\/li>\n            <li>Otrzymaj wybrany raport gratis<\/li>\n            <li>Lub zam\u00f3w ju\u017c teraz raport roczny<\/li>\n        <\/ul>\n                    <a class=\"btn\" href=\"https:\/\/app.sotrender.com\/auth\/signup\/trial\/pl?utm_source=blog-cta\">\n                <div class=\"btn_content\">\n                    Napisz do nas                <\/div>\n            <\/a>\n        \n    <\/div>\n\n    <img decoding=\"async\" class=\"image\" src=\"https:\/\/www.sotrender.com\/blog\/wp-content\/uploads\/2024\/07\/Frame-1000001352.png\"\/>\n    \n\n   \n   \n<\/div>\n\n\n\n<h2 class=\"wp-block-heading\">Najintensywniejszy reklamowo miesi\u0105c w roku&nbsp;<\/h2>\n\n\n\n<p>Za nami Black Friday, okres, gdy marki bij\u0105 si\u0119 o uwag\u0119 odbiorc\u00f3w.<\/p>\n\n\n\n<p><a href=\"https:\/\/www.sotrender.com\/trends\/facebook\/poland\/202411\/ads\" target=\"_blank\" rel=\"noreferrer noopener\">W naszym raporcie Facebook Trends<\/a> doskonale wida\u0107, kt\u00f3re z nich w listopadzie postanowi\u0142y zintensyfikowa\u0107 swoje dzia\u0142ania reklamowe w ekosystemie Meta. G\u0142\u00f3wnie by\u0142y to sklepy e-commerce, w kt\u00f3rych mo\u017cemy zaopatrzy\u0107 si\u0119 w prezenty \u015bwi\u0105teczne (Colorland, Empik, W.KRUK), ale tak\u017ce np. Pracuj.pl czy T-Mobile.<\/p>\n\n\n\n<figure class=\"wp-block-image size-full\"><img loading=\"lazy\" decoding=\"async\" width=\"1932\" height=\"866\" src=\"https:\/\/www.sotrender.com\/blog\/wp-content\/uploads\/2024\/12\/top-reklamodawcy-meta-listopad-2024.png\" alt=\"Reklamodawcy z najwi\u0119ksz\u0105 liczb\u0105 reklam w ekosystemie Meta w listopadzie 2024 \" class=\"wp-image-53880\" srcset=\"https:\/\/www.sotrender.com\/blog\/wp-content\/uploads\/2024\/12\/top-reklamodawcy-meta-listopad-2024.png 1932w, https:\/\/www.sotrender.com\/blog\/wp-content\/uploads\/2024\/12\/top-reklamodawcy-meta-listopad-2024-475x213.png 475w, https:\/\/www.sotrender.com\/blog\/wp-content\/uploads\/2024\/12\/top-reklamodawcy-meta-listopad-2024-768x344.png 768w, https:\/\/www.sotrender.com\/blog\/wp-content\/uploads\/2024\/12\/top-reklamodawcy-meta-listopad-2024-1536x688.png 1536w\" sizes=\"(max-width: 1932px) 100vw, 1932px\" \/><figcaption class=\"wp-element-caption\"><a href=\"https:\/\/www.sotrender.com\/trends\/facebook\/poland\/202411\/ads\" target=\"_blank\" rel=\"noreferrer noopener\">Reklamodawcy z najwi\u0119ksz\u0105 liczb\u0105 reklam<\/a> w ekosystemie Meta w listopadzie 2024 roku<\/figcaption><\/figure>\n\n\n\n<p>Co ciekawe, pod wzgl\u0119dem liczby aktywnych reklam w TOP3 znalaz\u0142 si\u0119 jeden deweloper \u2013 Archicom.<\/p>\n\n\n\n<p><a href=\"https:\/\/www.sotrender.com\/trends\/facebook\/poland\/202411\/ads#best_posts\" target=\"_blank\" rel=\"noreferrer noopener\">Najbardziej zasi\u0119gow\u0105 reklam\u0105<\/a> by\u0142a reklama Allegro, kt\u00f3ra dotyczy\u0142a Allegro Black Weeks, z zasi\u0119giem na poziomie 16 milion\u00f3w.<\/p>\n\n\n\n<figure class=\"wp-block-image size-full\"><img loading=\"lazy\" decoding=\"async\" width=\"1940\" height=\"926\" src=\"https:\/\/www.sotrender.com\/blog\/wp-content\/uploads\/2024\/12\/top-reklamy-meta-listopad-2024.png\" alt=\"Reklamy o najwi\u0119kszym zasi\u0119gu w ekosystemie Meta w listopadzie 2024 roku \" class=\"wp-image-53878\" srcset=\"https:\/\/www.sotrender.com\/blog\/wp-content\/uploads\/2024\/12\/top-reklamy-meta-listopad-2024.png 1940w, https:\/\/www.sotrender.com\/blog\/wp-content\/uploads\/2024\/12\/top-reklamy-meta-listopad-2024-475x227.png 475w, https:\/\/www.sotrender.com\/blog\/wp-content\/uploads\/2024\/12\/top-reklamy-meta-listopad-2024-768x367.png 768w, https:\/\/www.sotrender.com\/blog\/wp-content\/uploads\/2024\/12\/top-reklamy-meta-listopad-2024-1536x733.png 1536w\" sizes=\"(max-width: 1940px) 100vw, 1940px\" \/><figcaption class=\"wp-element-caption\"><a href=\"https:\/\/www.sotrender.com\/trends\/facebook\/poland\/202411\/ads#best_posts\" target=\"_blank\" rel=\"noreferrer noopener\">Reklamy o najwi\u0119kszym zasi\u0119gu w ekosystemie Meta<\/a> w listopadzie 2024 roku<\/figcaption><\/figure>\n\n\n\n<p>Jak wida\u0107, Allegro przyj\u0119\u0142o zupe\u0142nie inn\u0105 strategi\u0119 reklamow\u0105, i w przeciwie\u0144stwie do innych firm nie postawi\u0142o na ilo\u015b\u0107 i r\u00f3\u017cnorodno\u015b\u0107 reklam \u2013 na pr\u00f3\u017cno szuka\u0107 go w zestawieniu reklamodawc\u00f3w z najwi\u0119ksz\u0105 liczb\u0105 reklam.<\/p>\n\n\n\n<h2 class=\"wp-block-heading\">\u0141\u00f3d\u017a w\u015br\u00f3d TOP miast w Polsce<\/h2>\n\n\n\n<p>W listopadzie przeanalizowali\u015bmy, <a href=\"https:\/\/www.sotrender.com\/blog\/pl\/2024\/11\/analiza-miasta-2024\/\" target=\"_blank\" rel=\"noreferrer noopener\">jak miasta wojew\u00f3dzkie radzi\u0142y sobie w mediach spo\u0142eczno\u015bciowych<\/a> w ostatnich miesi\u0105cach. Bezapelacyjnym liderem, nie tylko na Facebooku, ale tak\u017ce na TikToku, Instagramie i LinkedInie by\u0142a \u0141\u00f3d\u017a.<\/p>\n\n\n\n<p>W listopadzie na Facebooku inny \u0142\u00f3dzki profil \u2013 <em>\u0141\u00f3d\u017a zwana po\u017c\u0105daniem &#8211; przewodnik nie tylko po \u0141odzi<\/em> \u2013 r\u00f3wnie\u017c zwi\u0119kszy\u0142 swoj\u0105 widoczno\u015b\u0107.<\/p>\n\n\n\n<p><a href=\"https:\/\/www.sotrender.com\/trends\/facebook\/poland\/202411\/miejsca\/miasta#storytellers\" target=\"_blank\" rel=\"noreferrer noopener\">W kategorii Miasta<\/a>, w zestawieniu zaanga\u017cowania wspomniany profil awansowa\u0142 o 62 oczka w rankingu i znalaz\u0142 si\u0119 na wysokim drugim miejscu, \u201cspychaj\u0105c\u201d oficjalny profil miasta \u0141\u00f3d\u017a na najni\u017csze miejsce podium.<\/p>\n\n\n\n<figure class=\"wp-block-image size-full\"><img loading=\"lazy\" decoding=\"async\" width=\"1980\" height=\"446\" src=\"https:\/\/www.sotrender.com\/blog\/wp-content\/uploads\/2024\/12\/miasta-zaangazowanie-facebook-listopad-2024.png\" alt=\"Miasta z najwi\u0119kszym zaanga\u017cowaniem na Facebooku listopad 2024\" class=\"wp-image-53876\" srcset=\"https:\/\/www.sotrender.com\/blog\/wp-content\/uploads\/2024\/12\/miasta-zaangazowanie-facebook-listopad-2024.png 1980w, https:\/\/www.sotrender.com\/blog\/wp-content\/uploads\/2024\/12\/miasta-zaangazowanie-facebook-listopad-2024-475x107.png 475w, https:\/\/www.sotrender.com\/blog\/wp-content\/uploads\/2024\/12\/miasta-zaangazowanie-facebook-listopad-2024-768x173.png 768w, https:\/\/www.sotrender.com\/blog\/wp-content\/uploads\/2024\/12\/miasta-zaangazowanie-facebook-listopad-2024-1536x346.png 1536w\" sizes=\"(max-width: 1980px) 100vw, 1980px\" \/><figcaption class=\"wp-element-caption\"><a href=\"https:\/\/www.sotrender.com\/trends\/facebook\/poland\/202411\/miejsca\/miasta#storytellers\" target=\"_blank\" rel=\"noreferrer noopener\">Miasta z najwi\u0119kszym zaanga\u017cowaniem na Facebooku<\/a> | listopad 2024<\/figcaption><\/figure>\n\n\n\n<p>Najbardziej anga\u017cuj\u0105cy post na profilu <em>\u0141\u00f3d\u017a zwana po\u017c\u0105daniem<\/em> by\u0142 wspomnieniem z lat 50tych i \u00f3wczesnych podr\u00f3\u017cy tramwajami.<\/p>\n\n\n\n<iframe loading=\"lazy\" src=\"https:\/\/www.facebook.com\/plugins\/post.php?href=https%3A%2F%2Fwww.facebook.com%2Flodzzwanapozadaniem%2Fposts%2Fpfbid033euwJJMmuhu9nBXg9FLiZhULyXiADc5j4fxrncwGitGekHty27F55xNZxsZ7AVy5l&#038;show_text=true&#038;width=500\" width=\"500\" height=\"641\" style=\"border:none;overflow:hidden\" scrolling=\"no\" frameborder=\"0\" allowfullscreen=\"true\" allow=\"autoplay; clipboard-write; encrypted-media; picture-in-picture; web-share\"><\/iframe>\n\n\n\n<h2 class=\"wp-block-heading\">Facebook Trends listopad 2024<\/h2>\n\n\n\n<p>To wszystko, co przygotowali\u015bmy dla Was w tym miesi\u0105cu. Zach\u0119camy do sprawdzenia pe\u0142nej wersji raportu <a href=\"https:\/\/www.sotrender.com\/trends\/facebook\/poland\/202411\" target=\"_blank\" rel=\"noreferrer noopener\">Facebook Trends<\/a>, a na kolejn\u0105 jego edycj\u0119, i to w nowej ods\u0142onie, zapraszamy ju\u017c w nowym roku.<\/p>\n","protected":false},"excerpt":{"rendered":"<p>Listopad rozpocz\u0105\u0142 si\u0119 spokojnie i nostalgicznie, a sko\u0144czy\u0142 gor\u0105czk\u0105 zakupow\u0105 i wizj\u0105 zbli\u017caj\u0105cego si\u0119 jednego z najpi\u0119kniejszych miesi\u0119cy w roku. Dla nas by\u0142 to miesi\u0105c kolejnych ciekawych analiz i dalszych prac nad Waszymi ulubionymi raportami Trends, kt\u00f3re ju\u017c nied\u0142ugo zobaczycie w od\u015bwie\u017conej wersji.<\/p>\n","protected":false},"author":89,"featured_media":53885,"comment_status":"closed","ping_status":"open","sticky":false,"template":"","format":"standard","meta":{"inline_featured_image":false,"footnotes":""},"categories":[1791,1793,1797],"tags":[2005,2307],"yoast_head":"<!-- This site is optimized with the Yoast SEO plugin v22.4 - https:\/\/yoast.com\/wordpress\/plugins\/seo\/ -->\n<title>Facebook Trends listopad 2024 \u2013 w \u015bwiecie nieruchomo\u015bci<\/title>\n<meta name=\"description\" content=\"Listopad rozpocz\u0105\u0142 si\u0119 spokojnie i nostalgicznie, a sko\u0144czy\u0142 gor\u0105czk\u0105 sprzeda\u017cowo-zakupow\u0105 zwi\u0105zan\u0105 z Black Friday.\" \/>\n<meta name=\"robots\" content=\"index, follow, max-snippet:-1, max-image-preview:large, max-video-preview:-1\" \/>\n<link rel=\"canonical\" href=\"https:\/\/www.sotrender.com\/blog\/pl\/2024\/12\/facebook-trends-listopad-2024-w-swiecie-nieruchomosci\/\" \/>\n<meta property=\"og:locale\" content=\"pl_PL\" \/>\n<meta property=\"og:type\" content=\"article\" \/>\n<meta property=\"og:title\" content=\"Facebook Trends listopad 2024 \u2013 w \u015bwiecie nieruchomo\u015bci\" \/>\n<meta property=\"og:description\" content=\"Listopad rozpocz\u0105\u0142 si\u0119 spokojnie i nostalgicznie, a sko\u0144czy\u0142 gor\u0105czk\u0105 sprzeda\u017cowo-zakupow\u0105 zwi\u0105zan\u0105 z Black Friday.\" \/>\n<meta property=\"og:url\" content=\"https:\/\/www.sotrender.com\/blog\/pl\/2024\/12\/facebook-trends-listopad-2024-w-swiecie-nieruchomosci\/\" \/>\n<meta property=\"og:site_name\" content=\"Sotrender Blog\" \/>\n<meta property=\"article:publisher\" content=\"https:\/\/www.facebook.com\/Sotrender\" \/>\n<meta property=\"article:published_time\" content=\"2024-12-11T08:22:52+00:00\" \/>\n<meta property=\"article:modified_time\" content=\"2024-12-11T08:22:53+00:00\" \/>\n<meta property=\"og:image\" content=\"https:\/\/www.sotrender.com\/blog\/wp-content\/uploads\/2024\/12\/nieruchomosci.jpg\" \/>\n\t<meta property=\"og:image:width\" content=\"640\" \/>\n\t<meta property=\"og:image:height\" content=\"427\" \/>\n\t<meta property=\"og:image:type\" content=\"image\/jpeg\" \/>\n<meta name=\"author\" content=\"Klaudia \u017by\u0142ka\" \/>\n<meta name=\"twitter:card\" content=\"summary_large_image\" \/>\n<meta name=\"twitter:creator\" content=\"@Sotrender\" \/>\n<meta name=\"twitter:site\" content=\"@Sotrender\" \/>\n<meta name=\"twitter:label1\" content=\"Written by\" \/>\n\t<meta name=\"twitter:data1\" content=\"Klaudia \u017by\u0142ka\" \/>\n\t<meta name=\"twitter:label2\" content=\"Est. reading time\" \/>\n\t<meta name=\"twitter:data2\" content=\"4 minutes\" \/>\n<script type=\"application\/ld+json\" class=\"yoast-schema-graph\">{\"@context\":\"https:\/\/schema.org\",\"@graph\":[{\"@type\":\"WebPage\",\"@id\":\"https:\/\/www.sotrender.com\/blog\/pl\/2024\/12\/facebook-trends-listopad-2024-w-swiecie-nieruchomosci\/\",\"url\":\"https:\/\/www.sotrender.com\/blog\/pl\/2024\/12\/facebook-trends-listopad-2024-w-swiecie-nieruchomosci\/\",\"name\":\"Facebook Trends listopad 2024 \u2013 w \u015bwiecie nieruchomo\u015bci\",\"isPartOf\":{\"@id\":\"https:\/\/www.sotrender.com\/blog\/#website\"},\"primaryImageOfPage\":{\"@id\":\"https:\/\/www.sotrender.com\/blog\/pl\/2024\/12\/facebook-trends-listopad-2024-w-swiecie-nieruchomosci\/#primaryimage\"},\"image\":{\"@id\":\"https:\/\/www.sotrender.com\/blog\/pl\/2024\/12\/facebook-trends-listopad-2024-w-swiecie-nieruchomosci\/#primaryimage\"},\"thumbnailUrl\":\"https:\/\/www.sotrender.com\/blog\/wp-content\/uploads\/2024\/12\/nieruchomosci.jpg\",\"datePublished\":\"2024-12-11T08:22:52+00:00\",\"dateModified\":\"2024-12-11T08:22:53+00:00\",\"author\":{\"@id\":\"https:\/\/www.sotrender.com\/blog\/#\/schema\/person\/038ac5e276c5d102d8cbb9c36cd43416\"},\"description\":\"Listopad rozpocz\u0105\u0142 si\u0119 spokojnie i nostalgicznie, a sko\u0144czy\u0142 gor\u0105czk\u0105 sprzeda\u017cowo-zakupow\u0105 zwi\u0105zan\u0105 z Black Friday.\",\"breadcrumb\":{\"@id\":\"https:\/\/www.sotrender.com\/blog\/pl\/2024\/12\/facebook-trends-listopad-2024-w-swiecie-nieruchomosci\/#breadcrumb\"},\"inLanguage\":\"pl-PL\",\"potentialAction\":[{\"@type\":\"ReadAction\",\"target\":[\"https:\/\/www.sotrender.com\/blog\/pl\/2024\/12\/facebook-trends-listopad-2024-w-swiecie-nieruchomosci\/\"]}]},{\"@type\":\"ImageObject\",\"inLanguage\":\"pl-PL\",\"@id\":\"https:\/\/www.sotrender.com\/blog\/pl\/2024\/12\/facebook-trends-listopad-2024-w-swiecie-nieruchomosci\/#primaryimage\",\"url\":\"https:\/\/www.sotrender.com\/blog\/wp-content\/uploads\/2024\/12\/nieruchomosci.jpg\",\"contentUrl\":\"https:\/\/www.sotrender.com\/blog\/wp-content\/uploads\/2024\/12\/nieruchomosci.jpg\",\"width\":640,\"height\":427},{\"@type\":\"BreadcrumbList\",\"@id\":\"https:\/\/www.sotrender.com\/blog\/pl\/2024\/12\/facebook-trends-listopad-2024-w-swiecie-nieruchomosci\/#breadcrumb\",\"itemListElement\":[{\"@type\":\"ListItem\",\"position\":1,\"name\":\"Home\",\"item\":\"https:\/\/www.sotrender.com\/blog\/\"},{\"@type\":\"ListItem\",\"position\":2,\"name\":\"Facebook Trends listopad 2024 \u2013 w \u015bwiecie nieruchomo\u015bci\"}]},{\"@type\":\"WebSite\",\"@id\":\"https:\/\/www.sotrender.com\/blog\/#website\",\"url\":\"https:\/\/www.sotrender.com\/blog\/\",\"name\":\"Sotrender Blog\",\"description\":\"\",\"potentialAction\":[{\"@type\":\"SearchAction\",\"target\":{\"@type\":\"EntryPoint\",\"urlTemplate\":\"https:\/\/www.sotrender.com\/blog\/?s={search_term_string}\"},\"query-input\":\"required name=search_term_string\"}],\"inLanguage\":\"pl-PL\"},{\"@type\":\"Person\",\"@id\":\"https:\/\/www.sotrender.com\/blog\/#\/schema\/person\/038ac5e276c5d102d8cbb9c36cd43416\",\"name\":\"Klaudia \u017by\u0142ka\",\"image\":{\"@type\":\"ImageObject\",\"inLanguage\":\"pl-PL\",\"@id\":\"https:\/\/www.sotrender.com\/blog\/#\/schema\/person\/image\/\",\"url\":\"https:\/\/secure.gravatar.com\/avatar\/f55d5d49ce3c448e1ffde0ab078d84cd?s=96&d=mm&r=g\",\"contentUrl\":\"https:\/\/secure.gravatar.com\/avatar\/f55d5d49ce3c448e1ffde0ab078d84cd?s=96&d=mm&r=g\",\"caption\":\"Klaudia \u017by\u0142ka\"},\"description\":\"Instagram, dogs, books and food lover. Former student at Warsaw University and Malm\u00f6 University. Improving her marketing skills every day. Proud owner of DIMAQ certificate\",\"sameAs\":[\"https:\/\/www.linkedin.com\/in\/klaudia-\u017cy\u0142ka-17527779\"],\"url\":\"https:\/\/www.sotrender.com\/blog\/pl\/author\/klaudia_yka\/\"}]}<\/script>\n<!-- \/ Yoast SEO plugin. -->","yoast_head_json":{"title":"Facebook Trends listopad 2024 \u2013 w \u015bwiecie nieruchomo\u015bci","description":"Listopad rozpocz\u0105\u0142 si\u0119 spokojnie i nostalgicznie, a sko\u0144czy\u0142 gor\u0105czk\u0105 sprzeda\u017cowo-zakupow\u0105 zwi\u0105zan\u0105 z Black Friday.","robots":{"index":"index","follow":"follow","max-snippet":"max-snippet:-1","max-image-preview":"max-image-preview:large","max-video-preview":"max-video-preview:-1"},"canonical":"https:\/\/www.sotrender.com\/blog\/pl\/2024\/12\/facebook-trends-listopad-2024-w-swiecie-nieruchomosci\/","og_locale":"pl_PL","og_type":"article","og_title":"Facebook Trends listopad 2024 \u2013 w \u015bwiecie nieruchomo\u015bci","og_description":"Listopad rozpocz\u0105\u0142 si\u0119 spokojnie i nostalgicznie, a sko\u0144czy\u0142 gor\u0105czk\u0105 sprzeda\u017cowo-zakupow\u0105 zwi\u0105zan\u0105 z Black Friday.","og_url":"https:\/\/www.sotrender.com\/blog\/pl\/2024\/12\/facebook-trends-listopad-2024-w-swiecie-nieruchomosci\/","og_site_name":"Sotrender Blog","article_publisher":"https:\/\/www.facebook.com\/Sotrender","article_published_time":"2024-12-11T08:22:52+00:00","article_modified_time":"2024-12-11T08:22:53+00:00","og_image":[{"width":640,"height":427,"url":"https:\/\/www.sotrender.com\/blog\/wp-content\/uploads\/2024\/12\/nieruchomosci.jpg","type":"image\/jpeg"}],"author":"Klaudia \u017by\u0142ka","twitter_card":"summary_large_image","twitter_creator":"@Sotrender","twitter_site":"@Sotrender","twitter_misc":{"Written by":"Klaudia \u017by\u0142ka","Est. reading time":"4 minutes"},"schema":{"@context":"https:\/\/schema.org","@graph":[{"@type":"WebPage","@id":"https:\/\/www.sotrender.com\/blog\/pl\/2024\/12\/facebook-trends-listopad-2024-w-swiecie-nieruchomosci\/","url":"https:\/\/www.sotrender.com\/blog\/pl\/2024\/12\/facebook-trends-listopad-2024-w-swiecie-nieruchomosci\/","name":"Facebook Trends listopad 2024 \u2013 w \u015bwiecie nieruchomo\u015bci","isPartOf":{"@id":"https:\/\/www.sotrender.com\/blog\/#website"},"primaryImageOfPage":{"@id":"https:\/\/www.sotrender.com\/blog\/pl\/2024\/12\/facebook-trends-listopad-2024-w-swiecie-nieruchomosci\/#primaryimage"},"image":{"@id":"https:\/\/www.sotrender.com\/blog\/pl\/2024\/12\/facebook-trends-listopad-2024-w-swiecie-nieruchomosci\/#primaryimage"},"thumbnailUrl":"https:\/\/www.sotrender.com\/blog\/wp-content\/uploads\/2024\/12\/nieruchomosci.jpg","datePublished":"2024-12-11T08:22:52+00:00","dateModified":"2024-12-11T08:22:53+00:00","author":{"@id":"https:\/\/www.sotrender.com\/blog\/#\/schema\/person\/038ac5e276c5d102d8cbb9c36cd43416"},"description":"Listopad rozpocz\u0105\u0142 si\u0119 spokojnie i nostalgicznie, a sko\u0144czy\u0142 gor\u0105czk\u0105 sprzeda\u017cowo-zakupow\u0105 zwi\u0105zan\u0105 z Black Friday.","breadcrumb":{"@id":"https:\/\/www.sotrender.com\/blog\/pl\/2024\/12\/facebook-trends-listopad-2024-w-swiecie-nieruchomosci\/#breadcrumb"},"inLanguage":"pl-PL","potentialAction":[{"@type":"ReadAction","target":["https:\/\/www.sotrender.com\/blog\/pl\/2024\/12\/facebook-trends-listopad-2024-w-swiecie-nieruchomosci\/"]}]},{"@type":"ImageObject","inLanguage":"pl-PL","@id":"https:\/\/www.sotrender.com\/blog\/pl\/2024\/12\/facebook-trends-listopad-2024-w-swiecie-nieruchomosci\/#primaryimage","url":"https:\/\/www.sotrender.com\/blog\/wp-content\/uploads\/2024\/12\/nieruchomosci.jpg","contentUrl":"https:\/\/www.sotrender.com\/blog\/wp-content\/uploads\/2024\/12\/nieruchomosci.jpg","width":640,"height":427},{"@type":"BreadcrumbList","@id":"https:\/\/www.sotrender.com\/blog\/pl\/2024\/12\/facebook-trends-listopad-2024-w-swiecie-nieruchomosci\/#breadcrumb","itemListElement":[{"@type":"ListItem","position":1,"name":"Home","item":"https:\/\/www.sotrender.com\/blog\/"},{"@type":"ListItem","position":2,"name":"Facebook Trends listopad 2024 \u2013 w \u015bwiecie nieruchomo\u015bci"}]},{"@type":"WebSite","@id":"https:\/\/www.sotrender.com\/blog\/#website","url":"https:\/\/www.sotrender.com\/blog\/","name":"Sotrender Blog","description":"","potentialAction":[{"@type":"SearchAction","target":{"@type":"EntryPoint","urlTemplate":"https:\/\/www.sotrender.com\/blog\/?s={search_term_string}"},"query-input":"required name=search_term_string"}],"inLanguage":"pl-PL"},{"@type":"Person","@id":"https:\/\/www.sotrender.com\/blog\/#\/schema\/person\/038ac5e276c5d102d8cbb9c36cd43416","name":"Klaudia \u017by\u0142ka","image":{"@type":"ImageObject","inLanguage":"pl-PL","@id":"https:\/\/www.sotrender.com\/blog\/#\/schema\/person\/image\/","url":"https:\/\/secure.gravatar.com\/avatar\/f55d5d49ce3c448e1ffde0ab078d84cd?s=96&d=mm&r=g","contentUrl":"https:\/\/secure.gravatar.com\/avatar\/f55d5d49ce3c448e1ffde0ab078d84cd?s=96&d=mm&r=g","caption":"Klaudia \u017by\u0142ka"},"description":"Instagram, dogs, books and food lover. Former student at Warsaw University and Malm\u00f6 University. Improving her marketing skills every day. Proud owner of DIMAQ certificate","sameAs":["https:\/\/www.linkedin.com\/in\/klaudia-\u017cy\u0142ka-17527779"],"url":"https:\/\/www.sotrender.com\/blog\/pl\/author\/klaudia_yka\/"}]}},"_links":{"self":[{"href":"https:\/\/www.sotrender.com\/blog\/pl\/wp-json\/wp\/v2\/posts\/53867"}],"collection":[{"href":"https:\/\/www.sotrender.com\/blog\/pl\/wp-json\/wp\/v2\/posts"}],"about":[{"href":"https:\/\/www.sotrender.com\/blog\/pl\/wp-json\/wp\/v2\/types\/post"}],"author":[{"embeddable":true,"href":"https:\/\/www.sotrender.com\/blog\/pl\/wp-json\/wp\/v2\/users\/89"}],"replies":[{"embeddable":true,"href":"https:\/\/www.sotrender.com\/blog\/pl\/wp-json\/wp\/v2\/comments?post=53867"}],"version-history":[{"count":11,"href":"https:\/\/www.sotrender.com\/blog\/pl\/wp-json\/wp\/v2\/posts\/53867\/revisions"}],"predecessor-version":[{"id":53890,"href":"https:\/\/www.sotrender.com\/blog\/pl\/wp-json\/wp\/v2\/posts\/53867\/revisions\/53890"}],"wp:featuredmedia":[{"embeddable":true,"href":"https:\/\/www.sotrender.com\/blog\/pl\/wp-json\/wp\/v2\/media\/53885"}],"wp:attachment":[{"href":"https:\/\/www.sotrender.com\/blog\/pl\/wp-json\/wp\/v2\/media?parent=53867"}],"wp:term":[{"taxonomy":"category","embeddable":true,"href":"https:\/\/www.sotrender.com\/blog\/pl\/wp-json\/wp\/v2\/categories?post=53867"},{"taxonomy":"post_tag","embeddable":true,"href":"https:\/\/www.sotrender.com\/blog\/pl\/wp-json\/wp\/v2\/tags?post=53867"}],"curies":[{"name":"wp","href":"https:\/\/api.w.org\/{rel}","templated":true}]}}