{"id":5347,"date":"2013-03-14T16:56:46","date_gmt":"2013-03-14T15:56:46","guid":{"rendered":"http:\/\/blog.sotrender.com\/?p=5347"},"modified":"2015-12-01T22:21:09","modified_gmt":"2015-12-01T21:21:09","slug":"papieski-facebook","status":"publish","type":"post","link":"https:\/\/www.sotrender.com\/blog\/pl\/2013\/03\/papieski-facebook\/","title":{"rendered":"Papieski Facebook"},"content":{"rendered":"<p>Jak pewnie zauwa\u017cyli\u015bcie od wczoraj serwisy informacyjne,  portale,  a nawet Facebookowe &#8220;\u015bciany&#8217; zdominowa\u0142a wiadomo\u015b\u0107 o wyborze nowego papie\u017ca &#8211; Franciszka I. Sotrender Research Team sprawdzi\u0142 najpopularniejsze posty w Polsce i na \u015bwiecie pod k\u0105tem informacji o nowej g\u0142owie ko\u015bcio\u0142a katolickiego. Oto wyniki.<\/p>\n<p><!--more--><\/p>\n<h3>Po\u0142owa papie\u017cy w Polsce<\/h3>\n<p>Poddali\u015bmy analizie 100 najpopularniejszych polskich post\u00f3w pod wzgl\u0119dem warto\u015bci Interactivity Index zamieszczonych od wczoraj od godziny 17. A\u017c 48% z nich dotyczy\u0142o wyboru nowego papie\u017ca. Cho\u0107 tematyka by\u0142a do\u015b\u0107 jednorodna forma post\u00f3w by\u0142a ju\u017c znacznie urozmaicona. Oko\u0142o 35% mia\u0142o charakter oficjalny,  natomiast oko\u0142o po\u0142owa by\u0142a zdecydowanie nieoficjalna. Zamieszczone obrazki w roli nowego papie\u017ca przedstawia\u0142y m.in. Balotelli&#8217;ego czy Buk\u0119. Tematyka papieska by\u0142a zdecydowan\u0105 recept\u0105 na sukces &#8211; najlepszy post spo\u015br\u00f3d analizowanych 100 zamieszczony na profilu <a title=\"Niefart.pl\" href=\"http:\/\/www.facebook.com\/niefart\">Niefart.pl<\/a> przedstawia\u0142 zdj\u0119cie bia\u0142ego dymu. W pierwszej pi\u0105tce najlepszych post\u00f3w a\u017c trzy (grafiki poni\u017cej),  zawiera\u0142y odniesienia do wyboru papie\u017ca.<\/p>\n<div id=\"attachment_5365\" style=\"width: 310px\" class=\"wp-caption aligncenter\"><a href=\"https:\/\/www.sotrender.com\/blog\/wp-content\/uploads\/2013\/03\/buka.jpg\"><img loading=\"lazy\" decoding=\"async\" aria-describedby=\"caption-attachment-5365\" class=\"size-medium wp-image-5365\" src=\"https:\/\/www.sotrender.com\/blog\/wp-content\/uploads\/2013\/03\/buka-300x225.jpg\" alt=\"Jedna z najpopularniejszych grafik\" width=\"300\" height=\"225\" \/><\/a><p id=\"caption-attachment-5365\" class=\"wp-caption-text\">Jedna z najpopularniejszych grafik<\/p><\/div>\n<div id=\"attachment_5361\" style=\"width: 310px\" class=\"wp-caption aligncenter\"><a href=\"https:\/\/www.sotrender.com\/blog\/wp-content\/uploads\/2013\/03\/adam.jpg\"><img loading=\"lazy\" decoding=\"async\" aria-describedby=\"caption-attachment-5361\" class=\"size-medium wp-image-5361\" src=\"https:\/\/www.sotrender.com\/blog\/wp-content\/uploads\/2013\/03\/adam-300x277.jpg\" alt=\"Jedna z najpopularniejszych grafik\" width=\"300\" height=\"277\" \/><\/a><p id=\"caption-attachment-5361\" class=\"wp-caption-text\">Jedna z najpopularniejszych grafik<\/p><\/div>\n<h3>Papie\u017c globalny<\/h3>\n<p>Je\u015bli chodzi o \u015bwiat ten temat by\u0142 troch\u0119 mniej popularny cho\u0107 zdecydowanie nie zosta\u0142 niezauwa\u017cony. Sprawdzili\u015bmy 100 najpopularniejszych zagranicznych post\u00f3w zebranych w naszym narz\u0119dziu <a title=\"Memetrender\" href=\"http:\/\/meme.sotrender.com\">Memetrender<\/a> i a\u017c 27% z nich by\u0142o zwi\u0105zanych z papie\u017cem. Natomiast spo\u015br\u00f3d post\u00f3w na globalnym podium wszystkie dotyczy\u0142y wyboru kolejnego nast\u0119pcy \u015bw. Piotra. Niew\u0105tpliwie osza\u0142amiaj\u0105cy debiut. Je\u015bli te\u017c chcecie mie\u0107 mo\u017cliwo\u015b\u0107 podejrzenia najlepszych zagranicznych post\u00f3w zapraszamy do kontaktu.<\/p>\n<div id=\"attachment_5363\" style=\"width: 215px\" class=\"wp-caption aligncenter\"><a href=\"https:\/\/www.sotrender.com\/blog\/wp-content\/uploads\/2013\/03\/bali.jpg\"><img loading=\"lazy\" decoding=\"async\" aria-describedby=\"caption-attachment-5363\" class=\"size-medium wp-image-5363\" src=\"https:\/\/www.sotrender.com\/blog\/wp-content\/uploads\/2013\/03\/bali-205x300.jpg\" alt=\"Jedna z najpopularniejszych grafik\" width=\"205\" height=\"300\" \/><\/a><p id=\"caption-attachment-5363\" class=\"wp-caption-text\">Jedna z najpopularniejszych grafik<\/p><\/div>\n","protected":false},"excerpt":{"rendered":"<p>Jak pewnie zauwa\u017cyli\u015bcie od wczoraj serwisy informacyjne, portale, a nawet Facebookowe &#8220;\u015bciany&#8217; zdominowa\u0142a wiadomo\u015b\u0107 o wyborze nowego papie\u017ca &#8211; Franciszka I. Sotrender Research Team sprawdzi\u0142 najpopularniejsze posty w Polsce i na \u015bwiecie pod k\u0105tem informacji o nowej g\u0142owie ko\u015bcio\u0142a katolickiego. Oto wyniki.<\/p>\n","protected":false},"author":31,"featured_media":0,"comment_status":"open","ping_status":"open","sticky":false,"template":"","format":"standard","meta":{"inline_featured_image":false,"footnotes":""},"categories":[1793,1797],"tags":[17,311],"yoast_head":"<!-- This site is optimized with the Yoast SEO plugin v22.4 - https:\/\/yoast.com\/wordpress\/plugins\/seo\/ -->\n<title>Papieski Facebook - czyli papie\u017c Franciszek I w postach w Polsce i na \u015bwiecie<\/title>\n<meta name=\"description\" content=\"Analiza najpopularniejszych post\u00f3w w Polsce i na \u015bwiecie pod k\u0105tem wyst\u0119puj\u0105cych nawi\u0105za\u0144 do wyboru nowego papie\u017ca. Sprawd\u017a wyniki!\" \/>\n<meta name=\"robots\" content=\"index, follow, max-snippet:-1, max-image-preview:large, max-video-preview:-1\" \/>\n<link rel=\"canonical\" href=\"https:\/\/www.sotrender.com\/blog\/pl\/2013\/03\/papieski-facebook\/\" \/>\n<meta property=\"og:locale\" content=\"pl_PL\" \/>\n<meta property=\"og:type\" content=\"article\" \/>\n<meta property=\"og:title\" content=\"Papieski Facebook - czyli papie\u017c Franciszek I w postach w Polsce i na \u015bwiecie\" \/>\n<meta property=\"og:description\" content=\"Analiza najpopularniejszych post\u00f3w w Polsce i na \u015bwiecie pod k\u0105tem wyst\u0119puj\u0105cych nawi\u0105za\u0144 do wyboru nowego papie\u017ca. Sprawd\u017a wyniki!\" \/>\n<meta property=\"og:url\" content=\"https:\/\/www.sotrender.com\/blog\/pl\/2013\/03\/papieski-facebook\/\" \/>\n<meta property=\"og:site_name\" content=\"Sotrender Blog\" \/>\n<meta property=\"article:publisher\" content=\"https:\/\/www.facebook.com\/Sotrender\" \/>\n<meta property=\"article:published_time\" content=\"2013-03-14T15:56:46+00:00\" \/>\n<meta property=\"article:modified_time\" content=\"2015-12-01T21:21:09+00:00\" \/>\n<meta property=\"og:image\" content=\"https:\/\/www.sotrender.com\/blog\/wp-content\/uploads\/2013\/03\/buka-300x225.jpg\" \/>\n<meta name=\"author\" content=\"Aleksandra Prejs\" \/>\n<meta name=\"twitter:card\" content=\"summary_large_image\" \/>\n<meta name=\"twitter:creator\" content=\"@Sotrender\" \/>\n<meta name=\"twitter:site\" content=\"@Sotrender\" \/>\n<meta name=\"twitter:label1\" content=\"Written by\" \/>\n\t<meta name=\"twitter:data1\" content=\"Aleksandra Prejs\" \/>\n\t<meta name=\"twitter:label2\" content=\"Est. reading time\" \/>\n\t<meta name=\"twitter:data2\" content=\"1 minute\" \/>\n<script type=\"application\/ld+json\" class=\"yoast-schema-graph\">{\"@context\":\"https:\/\/schema.org\",\"@graph\":[{\"@type\":\"WebPage\",\"@id\":\"https:\/\/www.sotrender.com\/blog\/pl\/2013\/03\/papieski-facebook\/\",\"url\":\"https:\/\/www.sotrender.com\/blog\/pl\/2013\/03\/papieski-facebook\/\",\"name\":\"Papieski Facebook - czyli papie\u017c Franciszek I w postach w Polsce i na \u015bwiecie\",\"isPartOf\":{\"@id\":\"https:\/\/www.sotrender.com\/blog\/#website\"},\"primaryImageOfPage\":{\"@id\":\"https:\/\/www.sotrender.com\/blog\/pl\/2013\/03\/papieski-facebook\/#primaryimage\"},\"image\":{\"@id\":\"https:\/\/www.sotrender.com\/blog\/pl\/2013\/03\/papieski-facebook\/#primaryimage\"},\"thumbnailUrl\":\"https:\/\/www.sotrender.com\/blog\/wp-content\/uploads\/2013\/03\/buka-300x225.jpg\",\"datePublished\":\"2013-03-14T15:56:46+00:00\",\"dateModified\":\"2015-12-01T21:21:09+00:00\",\"author\":{\"@id\":\"https:\/\/www.sotrender.com\/blog\/#\/schema\/person\/7106df62825269bc360ad9171cd7149b\"},\"description\":\"Analiza najpopularniejszych post\u00f3w w Polsce i na \u015bwiecie pod k\u0105tem wyst\u0119puj\u0105cych nawi\u0105za\u0144 do wyboru nowego papie\u017ca. Sprawd\u017a wyniki!\",\"breadcrumb\":{\"@id\":\"https:\/\/www.sotrender.com\/blog\/pl\/2013\/03\/papieski-facebook\/#breadcrumb\"},\"inLanguage\":\"pl-PL\",\"potentialAction\":[{\"@type\":\"ReadAction\",\"target\":[\"https:\/\/www.sotrender.com\/blog\/pl\/2013\/03\/papieski-facebook\/\"]}]},{\"@type\":\"ImageObject\",\"inLanguage\":\"pl-PL\",\"@id\":\"https:\/\/www.sotrender.com\/blog\/pl\/2013\/03\/papieski-facebook\/#primaryimage\",\"url\":\"https:\/\/www.sotrender.com\/blog\/wp-content\/uploads\/2013\/03\/buka-300x225.jpg\",\"contentUrl\":\"https:\/\/www.sotrender.com\/blog\/wp-content\/uploads\/2013\/03\/buka-300x225.jpg\"},{\"@type\":\"BreadcrumbList\",\"@id\":\"https:\/\/www.sotrender.com\/blog\/pl\/2013\/03\/papieski-facebook\/#breadcrumb\",\"itemListElement\":[{\"@type\":\"ListItem\",\"position\":1,\"name\":\"Home\",\"item\":\"https:\/\/www.sotrender.com\/blog\/\"},{\"@type\":\"ListItem\",\"position\":2,\"name\":\"Papieski Facebook\"}]},{\"@type\":\"WebSite\",\"@id\":\"https:\/\/www.sotrender.com\/blog\/#website\",\"url\":\"https:\/\/www.sotrender.com\/blog\/\",\"name\":\"Sotrender Blog\",\"description\":\"\",\"potentialAction\":[{\"@type\":\"SearchAction\",\"target\":{\"@type\":\"EntryPoint\",\"urlTemplate\":\"https:\/\/www.sotrender.com\/blog\/?s={search_term_string}\"},\"query-input\":\"required name=search_term_string\"}],\"inLanguage\":\"pl-PL\"},{\"@type\":\"Person\",\"@id\":\"https:\/\/www.sotrender.com\/blog\/#\/schema\/person\/7106df62825269bc360ad9171cd7149b\",\"name\":\"Aleksandra Prejs\",\"image\":{\"@type\":\"ImageObject\",\"inLanguage\":\"pl-PL\",\"@id\":\"https:\/\/www.sotrender.com\/blog\/#\/schema\/person\/image\/\",\"url\":\"https:\/\/secure.gravatar.com\/avatar\/469000454b77ff0aacb32c49dba023be?s=96&d=mm&r=g\",\"contentUrl\":\"https:\/\/secure.gravatar.com\/avatar\/469000454b77ff0aacb32c49dba023be?s=96&d=mm&r=g\",\"caption\":\"Aleksandra Prejs\"},\"url\":\"https:\/\/www.sotrender.com\/blog\/pl\/author\/aleksandra-prejs\/\"}]}<\/script>\n<!-- \/ Yoast SEO plugin. -->","yoast_head_json":{"title":"Papieski Facebook - czyli papie\u017c Franciszek I w postach w Polsce i na \u015bwiecie","description":"Analiza najpopularniejszych post\u00f3w w Polsce i na \u015bwiecie pod k\u0105tem wyst\u0119puj\u0105cych nawi\u0105za\u0144 do wyboru nowego papie\u017ca. Sprawd\u017a wyniki!","robots":{"index":"index","follow":"follow","max-snippet":"max-snippet:-1","max-image-preview":"max-image-preview:large","max-video-preview":"max-video-preview:-1"},"canonical":"https:\/\/www.sotrender.com\/blog\/pl\/2013\/03\/papieski-facebook\/","og_locale":"pl_PL","og_type":"article","og_title":"Papieski Facebook - czyli papie\u017c Franciszek I w postach w Polsce i na \u015bwiecie","og_description":"Analiza najpopularniejszych post\u00f3w w Polsce i na \u015bwiecie pod k\u0105tem wyst\u0119puj\u0105cych nawi\u0105za\u0144 do wyboru nowego papie\u017ca. Sprawd\u017a wyniki!","og_url":"https:\/\/www.sotrender.com\/blog\/pl\/2013\/03\/papieski-facebook\/","og_site_name":"Sotrender Blog","article_publisher":"https:\/\/www.facebook.com\/Sotrender","article_published_time":"2013-03-14T15:56:46+00:00","article_modified_time":"2015-12-01T21:21:09+00:00","og_image":[{"url":"https:\/\/www.sotrender.com\/blog\/wp-content\/uploads\/2013\/03\/buka-300x225.jpg"}],"author":"Aleksandra Prejs","twitter_card":"summary_large_image","twitter_creator":"@Sotrender","twitter_site":"@Sotrender","twitter_misc":{"Written by":"Aleksandra Prejs","Est. reading time":"1 minute"},"schema":{"@context":"https:\/\/schema.org","@graph":[{"@type":"WebPage","@id":"https:\/\/www.sotrender.com\/blog\/pl\/2013\/03\/papieski-facebook\/","url":"https:\/\/www.sotrender.com\/blog\/pl\/2013\/03\/papieski-facebook\/","name":"Papieski Facebook - czyli papie\u017c Franciszek I w postach w Polsce i na \u015bwiecie","isPartOf":{"@id":"https:\/\/www.sotrender.com\/blog\/#website"},"primaryImageOfPage":{"@id":"https:\/\/www.sotrender.com\/blog\/pl\/2013\/03\/papieski-facebook\/#primaryimage"},"image":{"@id":"https:\/\/www.sotrender.com\/blog\/pl\/2013\/03\/papieski-facebook\/#primaryimage"},"thumbnailUrl":"https:\/\/www.sotrender.com\/blog\/wp-content\/uploads\/2013\/03\/buka-300x225.jpg","datePublished":"2013-03-14T15:56:46+00:00","dateModified":"2015-12-01T21:21:09+00:00","author":{"@id":"https:\/\/www.sotrender.com\/blog\/#\/schema\/person\/7106df62825269bc360ad9171cd7149b"},"description":"Analiza najpopularniejszych post\u00f3w w Polsce i na \u015bwiecie pod k\u0105tem wyst\u0119puj\u0105cych nawi\u0105za\u0144 do wyboru nowego papie\u017ca. Sprawd\u017a wyniki!","breadcrumb":{"@id":"https:\/\/www.sotrender.com\/blog\/pl\/2013\/03\/papieski-facebook\/#breadcrumb"},"inLanguage":"pl-PL","potentialAction":[{"@type":"ReadAction","target":["https:\/\/www.sotrender.com\/blog\/pl\/2013\/03\/papieski-facebook\/"]}]},{"@type":"ImageObject","inLanguage":"pl-PL","@id":"https:\/\/www.sotrender.com\/blog\/pl\/2013\/03\/papieski-facebook\/#primaryimage","url":"https:\/\/www.sotrender.com\/blog\/wp-content\/uploads\/2013\/03\/buka-300x225.jpg","contentUrl":"https:\/\/www.sotrender.com\/blog\/wp-content\/uploads\/2013\/03\/buka-300x225.jpg"},{"@type":"BreadcrumbList","@id":"https:\/\/www.sotrender.com\/blog\/pl\/2013\/03\/papieski-facebook\/#breadcrumb","itemListElement":[{"@type":"ListItem","position":1,"name":"Home","item":"https:\/\/www.sotrender.com\/blog\/"},{"@type":"ListItem","position":2,"name":"Papieski Facebook"}]},{"@type":"WebSite","@id":"https:\/\/www.sotrender.com\/blog\/#website","url":"https:\/\/www.sotrender.com\/blog\/","name":"Sotrender Blog","description":"","potentialAction":[{"@type":"SearchAction","target":{"@type":"EntryPoint","urlTemplate":"https:\/\/www.sotrender.com\/blog\/?s={search_term_string}"},"query-input":"required name=search_term_string"}],"inLanguage":"pl-PL"},{"@type":"Person","@id":"https:\/\/www.sotrender.com\/blog\/#\/schema\/person\/7106df62825269bc360ad9171cd7149b","name":"Aleksandra Prejs","image":{"@type":"ImageObject","inLanguage":"pl-PL","@id":"https:\/\/www.sotrender.com\/blog\/#\/schema\/person\/image\/","url":"https:\/\/secure.gravatar.com\/avatar\/469000454b77ff0aacb32c49dba023be?s=96&d=mm&r=g","contentUrl":"https:\/\/secure.gravatar.com\/avatar\/469000454b77ff0aacb32c49dba023be?s=96&d=mm&r=g","caption":"Aleksandra Prejs"},"url":"https:\/\/www.sotrender.com\/blog\/pl\/author\/aleksandra-prejs\/"}]}},"_links":{"self":[{"href":"https:\/\/www.sotrender.com\/blog\/pl\/wp-json\/wp\/v2\/posts\/5347"}],"collection":[{"href":"https:\/\/www.sotrender.com\/blog\/pl\/wp-json\/wp\/v2\/posts"}],"about":[{"href":"https:\/\/www.sotrender.com\/blog\/pl\/wp-json\/wp\/v2\/types\/post"}],"author":[{"embeddable":true,"href":"https:\/\/www.sotrender.com\/blog\/pl\/wp-json\/wp\/v2\/users\/31"}],"replies":[{"embeddable":true,"href":"https:\/\/www.sotrender.com\/blog\/pl\/wp-json\/wp\/v2\/comments?post=5347"}],"version-history":[{"count":10,"href":"https:\/\/www.sotrender.com\/blog\/pl\/wp-json\/wp\/v2\/posts\/5347\/revisions"}],"predecessor-version":[{"id":14669,"href":"https:\/\/www.sotrender.com\/blog\/pl\/wp-json\/wp\/v2\/posts\/5347\/revisions\/14669"}],"wp:attachment":[{"href":"https:\/\/www.sotrender.com\/blog\/pl\/wp-json\/wp\/v2\/media?parent=5347"}],"wp:term":[{"taxonomy":"category","embeddable":true,"href":"https:\/\/www.sotrender.com\/blog\/pl\/wp-json\/wp\/v2\/categories?post=5347"},{"taxonomy":"post_tag","embeddable":true,"href":"https:\/\/www.sotrender.com\/blog\/pl\/wp-json\/wp\/v2\/tags?post=5347"}],"curies":[{"name":"wp","href":"https:\/\/api.w.org\/{rel}","templated":true}]}}