{"id":53441,"date":"2024-10-15T08:25:52","date_gmt":"2024-10-15T06:25:52","guid":{"rendered":"https:\/\/www.sotrender.com\/blog\/?p=53441"},"modified":"2024-11-15T09:57:15","modified_gmt":"2024-11-15T08:57:15","slug":"facebook-trends-wrzesien-2024-sezon-na-paznokcie","status":"publish","type":"post","link":"https:\/\/www.sotrender.com\/blog\/pl\/2024\/10\/facebook-trends-wrzesien-2024-sezon-na-paznokcie\/","title":{"rendered":"Facebook Trends wrzesie\u0144 2024 \u2013 sezon na paznokcie"},"content":{"rendered":"\n<p>W tym miesi\u0105cu marka Makear kontynuowa\u0142a sw\u00f3j niezwykle dynamiczny wzrost pod wzgl\u0119dem aktywno\u015bci u\u017cytkownik\u00f3w w kategorii FMCG.<\/p>\n\n\n\n<!--more-->\n\n\n\n<p>W rankingach reklamowych pojawi\u0142y si\u0119 interesuj\u0105ce wzrosty, a w kategorii Rodzicielstwo jeden z profili zwr\u00f3ci\u0142 na siebie uwag\u0119 dzi\u0119ki humorystycznym tre\u015bciom. <\/p>\n\n\n\n<p>Chcesz pozna\u0107 wi\u0119cej szczeg\u00f3\u0142\u00f3w?&nbsp;<\/p>\n\n\n\n<p>Zapraszamy na raport <a href=\"https:\/\/www.sotrender.com\/trends\/facebook\/poland\/202409\" target=\"_blank\" rel=\"noreferrer noopener\">Facebook Trends wrzesie\u0144 2024<\/a>!<\/p>\n\n\n\n<h2 class=\"wp-block-heading\">Reklamowy skok<\/h2>\n\n\n\n<p>W\u015br\u00f3d analizowanych danych reklamowych za wrzesie\u0144 wyra\u017anie wyr\u00f3\u017cnia si\u0119 Klinika Miracki. Marka znacz\u0105co zwi\u0119kszy\u0142a intensywno\u015b\u0107 swoich dzia\u0142a\u0144 reklamowych na Facebooku. <a href=\"https:\/\/sotrender.com\/trends\/facebook\/poland\/202409\/ads#liczba_reklam\" target=\"_blank\" rel=\"noreferrer noopener\">Liczba reklam<\/a> kliniki wzros\u0142a a\u017c o 359%, co zaowocowa\u0142o imponuj\u0105cym skokiem o 120 miejsc w rankingu, plasuj\u0105c j\u0105 na 9. pozycji. <\/p>\n\n\n\n<figure class=\"wp-block-image size-full\"><img loading=\"lazy\" decoding=\"async\" width=\"1920\" height=\"1020\" src=\"https:\/\/www.sotrender.com\/blog\/wp-content\/uploads\/2024\/10\/Zrzut-ekranu-2024-10-15-o-07.03.14.png\" alt=\"Reklamodawcy z najwi\u0119ksz\u0105 liczb\u0105 reklam w Meta wrzesie\u0144 2024\" class=\"wp-image-53442\" srcset=\"https:\/\/www.sotrender.com\/blog\/wp-content\/uploads\/2024\/10\/Zrzut-ekranu-2024-10-15-o-07.03.14.png 1920w, https:\/\/www.sotrender.com\/blog\/wp-content\/uploads\/2024\/10\/Zrzut-ekranu-2024-10-15-o-07.03.14-475x252.png 475w, https:\/\/www.sotrender.com\/blog\/wp-content\/uploads\/2024\/10\/Zrzut-ekranu-2024-10-15-o-07.03.14-768x408.png 768w, https:\/\/www.sotrender.com\/blog\/wp-content\/uploads\/2024\/10\/Zrzut-ekranu-2024-10-15-o-07.03.14-1536x816.png 1536w\" sizes=\"(max-width: 1920px) 100vw, 1920px\" \/><figcaption class=\"wp-element-caption\"><a href=\"https:\/\/www.sotrender.com\/trends\/facebook\/poland\/202409\/ads#liczba_reklam\" target=\"_blank\" rel=\"noreferrer noopener\">Reklamodawcy z najwi\u0119ksz\u0105 liczb\u0105 reklam w Meta<\/a> | wrzesie\u0144 2024<\/figcaption><\/figure>\n\n\n\n<p>W rankingu <a href=\"https:\/\/www.sotrender.com\/trends\/facebook\/poland\/202409\/ads#reach_score\" target=\"_blank\" rel=\"noreferrer noopener\">Reach Score<\/a> uwag\u0119 zdecydowanie przyci\u0105ga Xiaomi Polska. Marka zanotowa\u0142a imponuj\u0105cy wzrost wska\u017anika zasi\u0119gu reklam o 217%. Tak znacz\u0105cy wynik pozwoli\u0142 jej awansowa\u0107 a\u017c o 42 pozycje i wej\u015b\u0107 do top 20, gdzie zaj\u0119\u0142a 16. miejsce.<\/p>\n\n\n\n<figure class=\"wp-block-image size-full\"><img loading=\"lazy\" decoding=\"async\" width=\"1920\" height=\"1546\" src=\"https:\/\/www.sotrender.com\/blog\/wp-content\/uploads\/2024\/10\/Zrzut-ekranu-2024-10-15-o-07.04.48.png\" alt=\"Reklamodawcy z najwi\u0119kszymi zasi\u0119gami p\u0142atnymi w Meta wrzesie\u0144 2024\" class=\"wp-image-53444\" srcset=\"https:\/\/www.sotrender.com\/blog\/wp-content\/uploads\/2024\/10\/Zrzut-ekranu-2024-10-15-o-07.04.48.png 1920w, https:\/\/www.sotrender.com\/blog\/wp-content\/uploads\/2024\/10\/Zrzut-ekranu-2024-10-15-o-07.04.48-475x382.png 475w, https:\/\/www.sotrender.com\/blog\/wp-content\/uploads\/2024\/10\/Zrzut-ekranu-2024-10-15-o-07.04.48-768x618.png 768w, https:\/\/www.sotrender.com\/blog\/wp-content\/uploads\/2024\/10\/Zrzut-ekranu-2024-10-15-o-07.04.48-1536x1237.png 1536w\" sizes=\"(max-width: 1920px) 100vw, 1920px\" \/><figcaption class=\"wp-element-caption\"><a href=\"https:\/\/www.sotrender.com\/trends\/facebook\/poland\/202409\/ads#reach_score\" target=\"_blank\" rel=\"noreferrer noopener\">Reklamodawcy z najwi\u0119kszymi zasi\u0119gami p\u0142atnymi w Meta<\/a> | wrzesie\u0144 2024<\/figcaption><\/figure>\n\n\n\n<h2 class=\"wp-block-heading\">Makear nie zwalnia tempa<\/h2>\n\n\n\n<p>Makear kontynuuje dynamiczny wzrost, kt\u00f3ry rozpocz\u0105\u0142 si\u0119 ju\u017c w sierpniu, kiedy marka wdar\u0142a si\u0119 do top 20 pod wzgl\u0119dem aktywno\u015bci u\u017cytkownik\u00f3w w kategorii <a href=\"https:\/\/www.sotrender.com\/trends\/facebook\/poland\/202409\/fmcg\" target=\"_blank\" rel=\"noreferrer noopener\">FMCG<\/a>. Od tego momentu konsekwentnie buduje swoj\u0105 pozycj\u0119. We wrze\u015bniu wysun\u0119\u0142a si\u0119 na prowadzenie, notuj\u0105c wzrost o 12 lokat. <\/p>\n\n\n\n<figure class=\"wp-block-image size-full\"><img loading=\"lazy\" decoding=\"async\" width=\"1920\" height=\"1016\" src=\"https:\/\/www.sotrender.com\/blog\/wp-content\/uploads\/2024\/10\/Zrzut-ekranu-2024-10-15-o-07.28.31.png\" alt=\"Profile o najwi\u0119kszej liczbie aktywno\u015bci u\u017cytkownik\u00f3w w kategorii FMCG wrzesie\u0144 2024 Makear\" class=\"wp-image-53452\" srcset=\"https:\/\/www.sotrender.com\/blog\/wp-content\/uploads\/2024\/10\/Zrzut-ekranu-2024-10-15-o-07.28.31.png 1920w, https:\/\/www.sotrender.com\/blog\/wp-content\/uploads\/2024\/10\/Zrzut-ekranu-2024-10-15-o-07.28.31-475x251.png 475w, https:\/\/www.sotrender.com\/blog\/wp-content\/uploads\/2024\/10\/Zrzut-ekranu-2024-10-15-o-07.28.31-768x406.png 768w, https:\/\/www.sotrender.com\/blog\/wp-content\/uploads\/2024\/10\/Zrzut-ekranu-2024-10-15-o-07.28.31-1536x813.png 1536w\" sizes=\"(max-width: 1920px) 100vw, 1920px\" \/><figcaption class=\"wp-element-caption\"><a href=\"https:\/\/www.sotrender.com\/trends\/facebook\/poland\/202409\/fmcg#engagement\" target=\"_blank\" rel=\"noreferrer noopener\">Profile o najwi\u0119kszej liczbie aktywno\u015bci u\u017cytkownik\u00f3w w kategorii FMCG<\/a> | wrzesie\u0144 2024<\/figcaption><\/figure>\n\n\n\n<p>Dodatkowo, a\u017c trzy posty Makear znalaz\u0142y si\u0119 w zestawieniu najlepszych tre\u015bci miesi\u0105ca, w tym na drugim stopniu podium. To dow\u00f3d na to, \u017ce strategia marki skutecznie przyci\u0105ga uwag\u0119 i anga\u017cuje odbiorc\u00f3w.<\/p>\n\n\n\n<figure class=\"wp-block-image size-full\"><img loading=\"lazy\" decoding=\"async\" width=\"1920\" height=\"964\" src=\"https:\/\/www.sotrender.com\/blog\/wp-content\/uploads\/2024\/10\/Zrzut-ekranu-2024-10-15-o-07.27.50.png\" alt=\"Najlepsze posty na Facebooku w kategorii FMCG wrzesie\u0144 2024 Makear\" class=\"wp-image-53450\" srcset=\"https:\/\/www.sotrender.com\/blog\/wp-content\/uploads\/2024\/10\/Zrzut-ekranu-2024-10-15-o-07.27.50.png 1920w, https:\/\/www.sotrender.com\/blog\/wp-content\/uploads\/2024\/10\/Zrzut-ekranu-2024-10-15-o-07.27.50-475x238.png 475w, https:\/\/www.sotrender.com\/blog\/wp-content\/uploads\/2024\/10\/Zrzut-ekranu-2024-10-15-o-07.27.50-768x386.png 768w, https:\/\/www.sotrender.com\/blog\/wp-content\/uploads\/2024\/10\/Zrzut-ekranu-2024-10-15-o-07.27.50-1536x771.png 1536w\" sizes=\"(max-width: 1920px) 100vw, 1920px\" \/><figcaption class=\"wp-element-caption\"><a href=\"https:\/\/www.sotrender.com\/trends\/facebook\/poland\/202409\/fmcg#best_posts\" target=\"_blank\" rel=\"noreferrer noopener\">Najlepsze posty na Facebooku w kategorii FMCG<\/a> | wrzesie\u0144 2024 r.<\/figcaption><\/figure>\n\n\n\n<h2 class=\"wp-block-heading\">Rodzicielstwo na weso\u0142o<\/h2>\n\n\n\n<p>W kategorii Rodzicielstwo r\u00f3wnie\u017c dosz\u0142o do sporych zmian w rankingu aktywno\u015bci u\u017cytkownik\u00f3w. Dzi\u0119ki humorystycznym tre\u015bciom profil Tata i dzieciaki odnotowa\u0142 imponuj\u0105cy awans o 17 miejsc, zdobywaj\u0105c pozycj\u0119 lidera. <\/p>\n\n\n\n<figure class=\"wp-block-image size-full\"><img loading=\"lazy\" decoding=\"async\" width=\"1920\" height=\"1016\" src=\"https:\/\/www.sotrender.com\/blog\/wp-content\/uploads\/2024\/10\/Zrzut-ekranu-2024-10-15-o-07.56.43.png\" alt=\"Profile o najwi\u0119kszej liczbie aktywno\u015bci u\u017cytkownik\u00f3w w kategorii Rodzicielstwo wrzesie\u0144 2024 Tata i dzieciaki\" class=\"wp-image-53455\" srcset=\"https:\/\/www.sotrender.com\/blog\/wp-content\/uploads\/2024\/10\/Zrzut-ekranu-2024-10-15-o-07.56.43.png 1920w, https:\/\/www.sotrender.com\/blog\/wp-content\/uploads\/2024\/10\/Zrzut-ekranu-2024-10-15-o-07.56.43-475x251.png 475w, https:\/\/www.sotrender.com\/blog\/wp-content\/uploads\/2024\/10\/Zrzut-ekranu-2024-10-15-o-07.56.43-768x406.png 768w, https:\/\/www.sotrender.com\/blog\/wp-content\/uploads\/2024\/10\/Zrzut-ekranu-2024-10-15-o-07.56.43-1536x813.png 1536w\" sizes=\"(max-width: 1920px) 100vw, 1920px\" \/><figcaption class=\"wp-element-caption\"><a href=\"https:\/\/www.sotrender.com\/trends\/facebook\/poland\/202409\/rodzicielstwo#engagement\" target=\"_blank\" rel=\"noreferrer noopener\">Profile o najwi\u0119kszej liczbie aktywno\u015bci u\u017cytkownik\u00f3w w kategorii Rodzicielstwo<\/a> | wrzesie\u0144 2024<\/figcaption><\/figure>\n\n\n\n<p>A\u017c pi\u0119\u0107 post\u00f3w profilu trafi\u0142o do zestawienia najlepszych tre\u015bci miesi\u0105ca.<\/p>\n\n\n\n<figure class=\"wp-block-image size-full\"><img loading=\"lazy\" decoding=\"async\" width=\"1920\" height=\"936\" src=\"https:\/\/www.sotrender.com\/blog\/wp-content\/uploads\/2024\/10\/Zrzut-ekranu-2024-10-15-o-07.57.12.png\" alt=\"Najlepsze posty na Facebooku w kategorii Rodzicielstwo wrzesie\u0144 2024 Tata i dzieciaki\" class=\"wp-image-53457\" srcset=\"https:\/\/www.sotrender.com\/blog\/wp-content\/uploads\/2024\/10\/Zrzut-ekranu-2024-10-15-o-07.57.12.png 1920w, https:\/\/www.sotrender.com\/blog\/wp-content\/uploads\/2024\/10\/Zrzut-ekranu-2024-10-15-o-07.57.12-475x232.png 475w, https:\/\/www.sotrender.com\/blog\/wp-content\/uploads\/2024\/10\/Zrzut-ekranu-2024-10-15-o-07.57.12-768x374.png 768w, https:\/\/www.sotrender.com\/blog\/wp-content\/uploads\/2024\/10\/Zrzut-ekranu-2024-10-15-o-07.57.12-1536x749.png 1536w\" sizes=\"(max-width: 1920px) 100vw, 1920px\" \/><figcaption class=\"wp-element-caption\"><a href=\"https:\/\/www.sotrender.com\/trends\/facebook\/poland\/202409\/rodzicielstwo#best_posts\" target=\"_blank\" rel=\"noreferrer noopener\">Najlepsze posty na Facebooku w kategorii Rodzicielstwo<\/a> | wrzesie\u0144 2024 r.<\/figcaption><\/figure>\n\n\n\n<h2 class=\"wp-block-heading\"><strong>Facebook Trends wrzesie\u0144 2024<\/strong><\/h2>\n\n\n\n<p>To ju\u017c wszystko, co przygotowali\u015bmy dla Was w tym miesi\u0105cu.&nbsp;<\/p>\n\n\n\n<p>Zapraszamy do przejrzenia <a href=\"https:\/\/www.sotrender.com\/trends\/facebook\/poland\/202409\" target=\"_blank\" rel=\"noreferrer noopener\">pe\u0142nej wersji raportu Facebook Trends<\/a>, a tak\u017ce jego <a href=\"https:\/\/www.sotrender.com\/blog\/pl\/2024\/10\/instagram-trends-wrzesien-2024-wspinaczka-na-szczyt\/\" target=\"_blank\" rel=\"noreferrer noopener\">instagramowego odpowiednika<\/a>.<\/p>\n","protected":false},"excerpt":{"rendered":"<p>W tym miesi\u0105cu marka Makear kontynuowa\u0142a sw\u00f3j niezwykle dynamiczny wzrost pod wzgl\u0119dem aktywno\u015bci u\u017cytkownik\u00f3w w kategorii FMCG.<\/p>\n","protected":false},"author":311,"featured_media":53461,"comment_status":"closed","ping_status":"open","sticky":false,"template":"","format":"standard","meta":{"inline_featured_image":false,"footnotes":""},"categories":[1797,1791],"tags":[2307,3903,3939,3940,1843],"yoast_head":"<!-- This site is optimized with the Yoast SEO plugin v22.4 - https:\/\/yoast.com\/wordpress\/plugins\/seo\/ -->\n<title>Facebook Trends wrzesie\u0144 2024 \u2013 sezon na paznokcie<\/title>\n<meta name=\"description\" content=\"W tym miesi\u0105cu marka Makear kontynuowa\u0142a sw\u00f3j niezwykle dynamiczny wzrost w rankingu aktywno\u015bci w kategorii FMCG.\" \/>\n<meta name=\"robots\" content=\"index, follow, max-snippet:-1, max-image-preview:large, max-video-preview:-1\" \/>\n<link rel=\"canonical\" href=\"https:\/\/www.sotrender.com\/blog\/pl\/2024\/10\/facebook-trends-wrzesien-2024-sezon-na-paznokcie\/\" \/>\n<meta property=\"og:locale\" content=\"pl_PL\" \/>\n<meta property=\"og:type\" content=\"article\" \/>\n<meta property=\"og:title\" content=\"Facebook Trends wrzesie\u0144 2024 \u2013 sezon na paznokcie\" \/>\n<meta property=\"og:description\" content=\"W tym miesi\u0105cu marka Makear kontynuowa\u0142a sw\u00f3j niezwykle dynamiczny wzrost w rankingu aktywno\u015bci w kategorii FMCG.\" \/>\n<meta property=\"og:url\" content=\"https:\/\/www.sotrender.com\/blog\/pl\/2024\/10\/facebook-trends-wrzesien-2024-sezon-na-paznokcie\/\" \/>\n<meta property=\"og:site_name\" content=\"Sotrender Blog\" \/>\n<meta property=\"article:publisher\" content=\"https:\/\/www.facebook.com\/Sotrender\" \/>\n<meta property=\"article:published_time\" content=\"2024-10-15T06:25:52+00:00\" \/>\n<meta property=\"article:modified_time\" content=\"2024-11-15T08:57:15+00:00\" \/>\n<meta property=\"og:image\" content=\"https:\/\/www.sotrender.com\/blog\/wp-content\/uploads\/2024\/10\/pexels-karolina-grabowska-7321732.jpg\" \/>\n\t<meta property=\"og:image:width\" content=\"1280\" \/>\n\t<meta property=\"og:image:height\" content=\"853\" \/>\n\t<meta property=\"og:image:type\" content=\"image\/jpeg\" \/>\n<meta name=\"author\" content=\"Bogna Raszowska\" \/>\n<meta name=\"twitter:card\" content=\"summary_large_image\" \/>\n<meta name=\"twitter:creator\" content=\"@Sotrender\" \/>\n<meta name=\"twitter:site\" content=\"@Sotrender\" \/>\n<meta name=\"twitter:label1\" content=\"Written by\" \/>\n\t<meta name=\"twitter:data1\" content=\"Bogna Raszowska\" \/>\n\t<meta name=\"twitter:label2\" content=\"Est. reading time\" \/>\n\t<meta name=\"twitter:data2\" content=\"3 minutes\" \/>\n<script type=\"application\/ld+json\" class=\"yoast-schema-graph\">{\"@context\":\"https:\/\/schema.org\",\"@graph\":[{\"@type\":\"WebPage\",\"@id\":\"https:\/\/www.sotrender.com\/blog\/pl\/2024\/10\/facebook-trends-wrzesien-2024-sezon-na-paznokcie\/\",\"url\":\"https:\/\/www.sotrender.com\/blog\/pl\/2024\/10\/facebook-trends-wrzesien-2024-sezon-na-paznokcie\/\",\"name\":\"Facebook Trends wrzesie\u0144 2024 \u2013 sezon na paznokcie\",\"isPartOf\":{\"@id\":\"https:\/\/www.sotrender.com\/blog\/#website\"},\"primaryImageOfPage\":{\"@id\":\"https:\/\/www.sotrender.com\/blog\/pl\/2024\/10\/facebook-trends-wrzesien-2024-sezon-na-paznokcie\/#primaryimage\"},\"image\":{\"@id\":\"https:\/\/www.sotrender.com\/blog\/pl\/2024\/10\/facebook-trends-wrzesien-2024-sezon-na-paznokcie\/#primaryimage\"},\"thumbnailUrl\":\"https:\/\/www.sotrender.com\/blog\/wp-content\/uploads\/2024\/10\/pexels-karolina-grabowska-7321732.jpg\",\"datePublished\":\"2024-10-15T06:25:52+00:00\",\"dateModified\":\"2024-11-15T08:57:15+00:00\",\"author\":{\"@id\":\"https:\/\/www.sotrender.com\/blog\/#\/schema\/person\/2c3d8f31a13ec8be6145f5865f25d16c\"},\"description\":\"W tym miesi\u0105cu marka Makear kontynuowa\u0142a sw\u00f3j niezwykle dynamiczny wzrost w rankingu aktywno\u015bci w kategorii FMCG.\",\"breadcrumb\":{\"@id\":\"https:\/\/www.sotrender.com\/blog\/pl\/2024\/10\/facebook-trends-wrzesien-2024-sezon-na-paznokcie\/#breadcrumb\"},\"inLanguage\":\"pl-PL\",\"potentialAction\":[{\"@type\":\"ReadAction\",\"target\":[\"https:\/\/www.sotrender.com\/blog\/pl\/2024\/10\/facebook-trends-wrzesien-2024-sezon-na-paznokcie\/\"]}]},{\"@type\":\"ImageObject\",\"inLanguage\":\"pl-PL\",\"@id\":\"https:\/\/www.sotrender.com\/blog\/pl\/2024\/10\/facebook-trends-wrzesien-2024-sezon-na-paznokcie\/#primaryimage\",\"url\":\"https:\/\/www.sotrender.com\/blog\/wp-content\/uploads\/2024\/10\/pexels-karolina-grabowska-7321732.jpg\",\"contentUrl\":\"https:\/\/www.sotrender.com\/blog\/wp-content\/uploads\/2024\/10\/pexels-karolina-grabowska-7321732.jpg\",\"width\":1280,\"height\":853},{\"@type\":\"BreadcrumbList\",\"@id\":\"https:\/\/www.sotrender.com\/blog\/pl\/2024\/10\/facebook-trends-wrzesien-2024-sezon-na-paznokcie\/#breadcrumb\",\"itemListElement\":[{\"@type\":\"ListItem\",\"position\":1,\"name\":\"Home\",\"item\":\"https:\/\/www.sotrender.com\/blog\/\"},{\"@type\":\"ListItem\",\"position\":2,\"name\":\"Facebook Trends wrzesie\u0144 2024 \u2013 sezon na paznokcie\"}]},{\"@type\":\"WebSite\",\"@id\":\"https:\/\/www.sotrender.com\/blog\/#website\",\"url\":\"https:\/\/www.sotrender.com\/blog\/\",\"name\":\"Sotrender Blog\",\"description\":\"\",\"potentialAction\":[{\"@type\":\"SearchAction\",\"target\":{\"@type\":\"EntryPoint\",\"urlTemplate\":\"https:\/\/www.sotrender.com\/blog\/?s={search_term_string}\"},\"query-input\":\"required name=search_term_string\"}],\"inLanguage\":\"pl-PL\"},{\"@type\":\"Person\",\"@id\":\"https:\/\/www.sotrender.com\/blog\/#\/schema\/person\/2c3d8f31a13ec8be6145f5865f25d16c\",\"name\":\"Bogna Raszowska\",\"image\":{\"@type\":\"ImageObject\",\"inLanguage\":\"pl-PL\",\"@id\":\"https:\/\/www.sotrender.com\/blog\/#\/schema\/person\/image\/\",\"url\":\"https:\/\/secure.gravatar.com\/avatar\/a9efb91eb7796ed666d24a5b58b6a6cd?s=96&d=mm&r=g\",\"contentUrl\":\"https:\/\/secure.gravatar.com\/avatar\/a9efb91eb7796ed666d24a5b58b6a6cd?s=96&d=mm&r=g\",\"caption\":\"Bogna Raszowska\"},\"description\":\"Digital marketer with a passion for copywriting, content and social media. Off the clock, I'm an avid traveler, RPG gamer, music lover, and South Korean culture enthusiast.\",\"sameAs\":[\"https:\/\/www.linkedin.com\/in\/bognaraszowska\"],\"url\":\"https:\/\/www.sotrender.com\/blog\/pl\/author\/bogna_raszowska\/\"}]}<\/script>\n<!-- \/ Yoast SEO plugin. -->","yoast_head_json":{"title":"Facebook Trends wrzesie\u0144 2024 \u2013 sezon na paznokcie","description":"W tym miesi\u0105cu marka Makear kontynuowa\u0142a sw\u00f3j niezwykle dynamiczny wzrost w rankingu aktywno\u015bci w kategorii FMCG.","robots":{"index":"index","follow":"follow","max-snippet":"max-snippet:-1","max-image-preview":"max-image-preview:large","max-video-preview":"max-video-preview:-1"},"canonical":"https:\/\/www.sotrender.com\/blog\/pl\/2024\/10\/facebook-trends-wrzesien-2024-sezon-na-paznokcie\/","og_locale":"pl_PL","og_type":"article","og_title":"Facebook Trends wrzesie\u0144 2024 \u2013 sezon na paznokcie","og_description":"W tym miesi\u0105cu marka Makear kontynuowa\u0142a sw\u00f3j niezwykle dynamiczny wzrost w rankingu aktywno\u015bci w kategorii FMCG.","og_url":"https:\/\/www.sotrender.com\/blog\/pl\/2024\/10\/facebook-trends-wrzesien-2024-sezon-na-paznokcie\/","og_site_name":"Sotrender Blog","article_publisher":"https:\/\/www.facebook.com\/Sotrender","article_published_time":"2024-10-15T06:25:52+00:00","article_modified_time":"2024-11-15T08:57:15+00:00","og_image":[{"width":1280,"height":853,"url":"https:\/\/www.sotrender.com\/blog\/wp-content\/uploads\/2024\/10\/pexels-karolina-grabowska-7321732.jpg","type":"image\/jpeg"}],"author":"Bogna Raszowska","twitter_card":"summary_large_image","twitter_creator":"@Sotrender","twitter_site":"@Sotrender","twitter_misc":{"Written by":"Bogna Raszowska","Est. reading time":"3 minutes"},"schema":{"@context":"https:\/\/schema.org","@graph":[{"@type":"WebPage","@id":"https:\/\/www.sotrender.com\/blog\/pl\/2024\/10\/facebook-trends-wrzesien-2024-sezon-na-paznokcie\/","url":"https:\/\/www.sotrender.com\/blog\/pl\/2024\/10\/facebook-trends-wrzesien-2024-sezon-na-paznokcie\/","name":"Facebook Trends wrzesie\u0144 2024 \u2013 sezon na paznokcie","isPartOf":{"@id":"https:\/\/www.sotrender.com\/blog\/#website"},"primaryImageOfPage":{"@id":"https:\/\/www.sotrender.com\/blog\/pl\/2024\/10\/facebook-trends-wrzesien-2024-sezon-na-paznokcie\/#primaryimage"},"image":{"@id":"https:\/\/www.sotrender.com\/blog\/pl\/2024\/10\/facebook-trends-wrzesien-2024-sezon-na-paznokcie\/#primaryimage"},"thumbnailUrl":"https:\/\/www.sotrender.com\/blog\/wp-content\/uploads\/2024\/10\/pexels-karolina-grabowska-7321732.jpg","datePublished":"2024-10-15T06:25:52+00:00","dateModified":"2024-11-15T08:57:15+00:00","author":{"@id":"https:\/\/www.sotrender.com\/blog\/#\/schema\/person\/2c3d8f31a13ec8be6145f5865f25d16c"},"description":"W tym miesi\u0105cu marka Makear kontynuowa\u0142a sw\u00f3j niezwykle dynamiczny wzrost w rankingu aktywno\u015bci w kategorii FMCG.","breadcrumb":{"@id":"https:\/\/www.sotrender.com\/blog\/pl\/2024\/10\/facebook-trends-wrzesien-2024-sezon-na-paznokcie\/#breadcrumb"},"inLanguage":"pl-PL","potentialAction":[{"@type":"ReadAction","target":["https:\/\/www.sotrender.com\/blog\/pl\/2024\/10\/facebook-trends-wrzesien-2024-sezon-na-paznokcie\/"]}]},{"@type":"ImageObject","inLanguage":"pl-PL","@id":"https:\/\/www.sotrender.com\/blog\/pl\/2024\/10\/facebook-trends-wrzesien-2024-sezon-na-paznokcie\/#primaryimage","url":"https:\/\/www.sotrender.com\/blog\/wp-content\/uploads\/2024\/10\/pexels-karolina-grabowska-7321732.jpg","contentUrl":"https:\/\/www.sotrender.com\/blog\/wp-content\/uploads\/2024\/10\/pexels-karolina-grabowska-7321732.jpg","width":1280,"height":853},{"@type":"BreadcrumbList","@id":"https:\/\/www.sotrender.com\/blog\/pl\/2024\/10\/facebook-trends-wrzesien-2024-sezon-na-paznokcie\/#breadcrumb","itemListElement":[{"@type":"ListItem","position":1,"name":"Home","item":"https:\/\/www.sotrender.com\/blog\/"},{"@type":"ListItem","position":2,"name":"Facebook Trends wrzesie\u0144 2024 \u2013 sezon na paznokcie"}]},{"@type":"WebSite","@id":"https:\/\/www.sotrender.com\/blog\/#website","url":"https:\/\/www.sotrender.com\/blog\/","name":"Sotrender Blog","description":"","potentialAction":[{"@type":"SearchAction","target":{"@type":"EntryPoint","urlTemplate":"https:\/\/www.sotrender.com\/blog\/?s={search_term_string}"},"query-input":"required name=search_term_string"}],"inLanguage":"pl-PL"},{"@type":"Person","@id":"https:\/\/www.sotrender.com\/blog\/#\/schema\/person\/2c3d8f31a13ec8be6145f5865f25d16c","name":"Bogna Raszowska","image":{"@type":"ImageObject","inLanguage":"pl-PL","@id":"https:\/\/www.sotrender.com\/blog\/#\/schema\/person\/image\/","url":"https:\/\/secure.gravatar.com\/avatar\/a9efb91eb7796ed666d24a5b58b6a6cd?s=96&d=mm&r=g","contentUrl":"https:\/\/secure.gravatar.com\/avatar\/a9efb91eb7796ed666d24a5b58b6a6cd?s=96&d=mm&r=g","caption":"Bogna Raszowska"},"description":"Digital marketer with a passion for copywriting, content and social media. Off the clock, I'm an avid traveler, RPG gamer, music lover, and South Korean culture enthusiast.","sameAs":["https:\/\/www.linkedin.com\/in\/bognaraszowska"],"url":"https:\/\/www.sotrender.com\/blog\/pl\/author\/bogna_raszowska\/"}]}},"_links":{"self":[{"href":"https:\/\/www.sotrender.com\/blog\/pl\/wp-json\/wp\/v2\/posts\/53441"}],"collection":[{"href":"https:\/\/www.sotrender.com\/blog\/pl\/wp-json\/wp\/v2\/posts"}],"about":[{"href":"https:\/\/www.sotrender.com\/blog\/pl\/wp-json\/wp\/v2\/types\/post"}],"author":[{"embeddable":true,"href":"https:\/\/www.sotrender.com\/blog\/pl\/wp-json\/wp\/v2\/users\/311"}],"replies":[{"embeddable":true,"href":"https:\/\/www.sotrender.com\/blog\/pl\/wp-json\/wp\/v2\/comments?post=53441"}],"version-history":[{"count":8,"href":"https:\/\/www.sotrender.com\/blog\/pl\/wp-json\/wp\/v2\/posts\/53441\/revisions"}],"predecessor-version":[{"id":53648,"href":"https:\/\/www.sotrender.com\/blog\/pl\/wp-json\/wp\/v2\/posts\/53441\/revisions\/53648"}],"wp:featuredmedia":[{"embeddable":true,"href":"https:\/\/www.sotrender.com\/blog\/pl\/wp-json\/wp\/v2\/media\/53461"}],"wp:attachment":[{"href":"https:\/\/www.sotrender.com\/blog\/pl\/wp-json\/wp\/v2\/media?parent=53441"}],"wp:term":[{"taxonomy":"category","embeddable":true,"href":"https:\/\/www.sotrender.com\/blog\/pl\/wp-json\/wp\/v2\/categories?post=53441"},{"taxonomy":"post_tag","embeddable":true,"href":"https:\/\/www.sotrender.com\/blog\/pl\/wp-json\/wp\/v2\/tags?post=53441"}],"curies":[{"name":"wp","href":"https:\/\/api.w.org\/{rel}","templated":true}]}}