{"id":53319,"date":"2024-10-07T09:33:59","date_gmt":"2024-10-07T07:33:59","guid":{"rendered":"https:\/\/www.sotrender.com\/blog\/?p=53319"},"modified":"2024-10-07T17:26:33","modified_gmt":"2024-10-07T15:26:33","slug":"instagram-trends-wrzesien-2024-wspinaczka-na-szczyt","status":"publish","type":"post","link":"https:\/\/www.sotrender.com\/blog\/pl\/2024\/10\/instagram-trends-wrzesien-2024-wspinaczka-na-szczyt\/","title":{"rendered":"Instagram Trends wrzesie\u0144 2024 \u2013 wspinaczka na szczyt"},"content":{"rendered":"\n<p>W tym miesi\u0105cu uwag\u0119 spo\u0142eczno\u015bci Instagrama przyci\u0105gn\u0119\u0142a Zoja Skubis, najm\u0142odsza Polka na o\u015bmiotysi\u0119czniku.<\/p>\n\n\n\n<!--more-->\n\n\n\n<p>Do czo\u0142\u00f3wek naszych ranking\u00f3w trafi\u0142o te\u017c sporo profili, kt\u00f3re dzi\u0119ki kreatywnym tre\u015bciom wypracowa\u0142y imponuj\u0105ce wzrosty zaanga\u017cowania.<\/p>\n\n\n\n<p>Zapraszamy na raport <a href=\"https:\/\/www.sotrender.com\/trends\/instagram\/poland\/202409\" target=\"_blank\" rel=\"noreferrer noopener\">Instagram Trends wrzesie\u0144 2024<\/a>!<\/p>\n\n\n\n<h2 class=\"wp-block-heading\">Rankingowe nowo\u015bci<\/h2>\n\n\n\n<p>Wrze\u015bniowy raport Instagram Trends przynosi sporo nowo\u015bci! Rozszerzyli\u015bmy nasze kategorie \u2013 w\u015br\u00f3d profili marek pojawi\u0142y si\u0119 <a href=\"http:\/\/sotrender.com\/trends\/instagram\/poland\/202409\/marki\/marki_nieruchomosci\" target=\"_blank\" rel=\"noreferrer noopener\">Nieruchomo\u015bci<\/a> i <a href=\"http:\/\/sotrender.com\/trends\/instagram\/poland\/202409\/marki\/marki_slub\" target=\"_blank\" rel=\"noreferrer noopener\">\u015alub<\/a>, a do zestawienia odzie\u017cowych profili dodali\u015bmy podkategori\u0119 <a href=\"http:\/\/sotrender.com\/trends\/instagram\/poland\/202409\/marki\/marki_moda\/marki_odziez\/marki_bielizna\" target=\"_blank\" rel=\"noreferrer noopener\">Bielizna<\/a>. W kategorii marek z artyku\u0142ami do domu i ogrodu znajdziesz teraz r\u00f3wnie\u017c <a href=\"http:\/\/sotrender.com\/trends\/instagram\/poland\/202409\/marki\/marki_dom_i_ogrod\/marki_wyposazenie\" target=\"_blank\" rel=\"noreferrer noopener\">Wyposa\u017cenie<\/a> oraz <a href=\"http:\/\/sotrender.com\/trends\/instagram\/poland\/202409\/marki\/marki_dom_i_ogrod\/marki_wyko\u0144czenie\" target=\"_blank\" rel=\"noreferrer noopener\">Wyko\u0144czenie<\/a>, a wydarzenia podzielili\u015bmy na podkategorie: <a href=\"http:\/\/sotrender.com\/trends\/instagram\/poland\/202409\/wydarzenia\/wydarzenia_kulturalne\" target=\"_blank\" rel=\"noreferrer noopener\">Kultura<\/a>, <a href=\"http:\/\/sotrender.com\/trends\/instagram\/poland\/202409\/wydarzenia\/wydarzenia_muzyczne\" target=\"_blank\" rel=\"noreferrer noopener\">Muzyka<\/a> i <a href=\"http:\/\/sotrender.com\/trends\/instagram\/poland\/202409\/wydarzenia\/wydarzenia_sportowe\" target=\"_blank\" rel=\"noreferrer noopener\">Sport<\/a>.<\/p>\n\n\n\n<p>Masz pomys\u0142y na nowe kategorie lub chcesz doda\u0107 swoje profile do naszego zestawienia? Daj nam zna\u0107!<\/p>\n\n\n\n<p>Nasza baza powi\u0119kszy\u0142a si\u0119 tak\u017ce o wiele nowych profili, w tym @dresscode.crew, @maturalni, @solverxpoland, @suar.pl, kt\u00f3re od razu trafi\u0142y do top 20 pod wzgl\u0119dem aktywno\u015bci u\u017cytkownik\u00f3w w kategorii <a href=\"https:\/\/sotrender.com\/trends\/instagram\/poland\/202409\/marki#engagement\" target=\"_blank\" rel=\"noreferrer noopener\">Marki<\/a>. <\/p>\n\n\n\n<figure class=\"wp-block-image size-full\"><img loading=\"lazy\" decoding=\"async\" width=\"1936\" height=\"1464\" src=\"https:\/\/www.sotrender.com\/blog\/wp-content\/uploads\/2024\/10\/Zrzut-ekranu-2024-10-4-o-10.04.42.png\" alt=\"instagram wrzesie\u0144 2024 profile marek o najwi\u0119kszym zaanga\u017cowaniu\" class=\"wp-image-53321\" srcset=\"https:\/\/www.sotrender.com\/blog\/wp-content\/uploads\/2024\/10\/Zrzut-ekranu-2024-10-4-o-10.04.42.png 1936w, https:\/\/www.sotrender.com\/blog\/wp-content\/uploads\/2024\/10\/Zrzut-ekranu-2024-10-4-o-10.04.42-475x359.png 475w, https:\/\/www.sotrender.com\/blog\/wp-content\/uploads\/2024\/10\/Zrzut-ekranu-2024-10-4-o-10.04.42-768x581.png 768w, https:\/\/www.sotrender.com\/blog\/wp-content\/uploads\/2024\/10\/Zrzut-ekranu-2024-10-4-o-10.04.42-1536x1162.png 1536w\" sizes=\"(max-width: 1936px) 100vw, 1936px\" \/><figcaption class=\"wp-element-caption\"><a href=\"https:\/\/www.sotrender.com\/trends\/instagram\/poland\/202409\/marki#engagement\" target=\"_blank\" rel=\"noreferrer noopener\">Profile na Instagramie o najwi\u0119kszej liczbie aktywno\u015bci w kategorii Marki<\/a> | wrzesie\u0144 2024 r.<\/figcaption><\/figure>\n\n\n\n<p>Tre\u015bci wszystkich tych profili znalaz\u0142y si\u0119 r\u00f3wnie\u017c w zestawieniu najlepszych post\u00f3w miesi\u0105ca.<\/p>\n\n\n\n<figure class=\"wp-block-image size-full is-resized\"><img loading=\"lazy\" decoding=\"async\" width=\"1936\" height=\"1776\" src=\"https:\/\/www.sotrender.com\/blog\/wp-content\/uploads\/2024\/10\/Zrzut-ekranu-2024-10-4-o-10.07.47-min.png\" alt=\"najlepsze posty na Instagramie we wrze\u015bniu 2024 marki dresscode.crew suar.pl solverxpoland\" class=\"wp-image-53323\" style=\"width:840px;height:auto\" srcset=\"https:\/\/www.sotrender.com\/blog\/wp-content\/uploads\/2024\/10\/Zrzut-ekranu-2024-10-4-o-10.07.47-min.png 1936w, https:\/\/www.sotrender.com\/blog\/wp-content\/uploads\/2024\/10\/Zrzut-ekranu-2024-10-4-o-10.07.47-min-475x436.png 475w, https:\/\/www.sotrender.com\/blog\/wp-content\/uploads\/2024\/10\/Zrzut-ekranu-2024-10-4-o-10.07.47-min-768x705.png 768w, https:\/\/www.sotrender.com\/blog\/wp-content\/uploads\/2024\/10\/Zrzut-ekranu-2024-10-4-o-10.07.47-min-1536x1409.png 1536w\" sizes=\"(max-width: 1936px) 100vw, 1936px\" \/><figcaption class=\"wp-element-caption\"><a href=\"https:\/\/www.sotrender.com\/trends\/instagram\/poland\/202409\/marki#best_posts\" target=\"_blank\" rel=\"noreferrer noopener\">Najlepsze posty na Instagramie w kategorii Marki<\/a> | wrzesie\u0144 2024 r.<\/figcaption><\/figure>\n\n\n\n<h2 class=\"wp-block-heading\">Historia, kt\u00f3ra anga\u017cuje<\/h2>\n\n\n\n<p>Do kategorii <a href=\"http:\/\/sotrender.com\/trends\/instagram\/poland\/202409\/miejsca#engagement\" target=\"_blank\" rel=\"noreferrer noopener\">Miejsca<\/a> do\u0142\u0105czy\u0142o Muzeum Zamoyskich, kt\u00f3re ju\u017c w pierwszym miesi\u0105cu swojej obecno\u015bci zdo\u0142a\u0142o osi\u0105gn\u0105\u0107 imponuj\u0105cy wynik. Profil muzeum zaj\u0105\u0142 wysokie, 3. miejsce w rankingu aktywno\u015bci u\u017cytkownik\u00f3w, co pokazuje ogromne zaanga\u017cowanie i zainteresowanie jego tre\u015bciami.<\/p>\n\n\n\n<figure class=\"wp-block-image size-full\"><img loading=\"lazy\" decoding=\"async\" width=\"1936\" height=\"1030\" src=\"https:\/\/www.sotrender.com\/blog\/wp-content\/uploads\/2024\/10\/Zrzut-ekranu-2024-10-4-o-10.40.58.png\" alt=\"instagram wrzesie\u0144 2024 profile miejsc o najwi\u0119kszym zaanga\u017cowaniu Muzeum Zamoyskich\" class=\"wp-image-53338\" srcset=\"https:\/\/www.sotrender.com\/blog\/wp-content\/uploads\/2024\/10\/Zrzut-ekranu-2024-10-4-o-10.40.58.png 1936w, https:\/\/www.sotrender.com\/blog\/wp-content\/uploads\/2024\/10\/Zrzut-ekranu-2024-10-4-o-10.40.58-475x253.png 475w, https:\/\/www.sotrender.com\/blog\/wp-content\/uploads\/2024\/10\/Zrzut-ekranu-2024-10-4-o-10.40.58-768x409.png 768w, https:\/\/www.sotrender.com\/blog\/wp-content\/uploads\/2024\/10\/Zrzut-ekranu-2024-10-4-o-10.40.58-1536x817.png 1536w\" sizes=\"(max-width: 1936px) 100vw, 1936px\" \/><figcaption class=\"wp-element-caption\"><a href=\"https:\/\/www.sotrender.com\/trends\/instagram\/poland\/202409\/miejsca#engagement\" target=\"_blank\" rel=\"noreferrer noopener\">Profile na Instagramie o najwi\u0119kszej liczbie aktywno\u015bci w kategorii Miejsca<\/a> | wrzesie\u0144 2024 r.<\/figcaption><\/figure>\n\n\n\n<p>Wszystko za spraw\u0105 serii post\u00f3w, kt\u00f3re przybli\u017caj\u0105 \u017cycie s\u0142u\u017cby w XIX i XX wieku. A\u017c 7 z nich trafi\u0142o do zestawienia najlepszych tre\u015bci wrze\u015bnia. To \u015bwietny dow\u00f3d na to, \u017ce historia opowiadana w ciekawy i przyst\u0119pny spos\u00f3b potrafi wci\u0105\u017c anga\u017cowa\u0107 wsp\u00f3\u0142czesnych odbiorc\u00f3w.<\/p>\n\n\n\n<figure class=\"wp-block-image size-full\"><img loading=\"lazy\" decoding=\"async\" width=\"1936\" height=\"920\" src=\"https:\/\/www.sotrender.com\/blog\/wp-content\/uploads\/2024\/10\/Zrzut-ekranu-2024-10-4-o-10.39.14.png\" alt=\"najlepsze posty na Instagramie we wrze\u015bniu 2024 miejsca Muzeum Zamoyskich\" class=\"wp-image-53335\" srcset=\"https:\/\/www.sotrender.com\/blog\/wp-content\/uploads\/2024\/10\/Zrzut-ekranu-2024-10-4-o-10.39.14.png 1936w, https:\/\/www.sotrender.com\/blog\/wp-content\/uploads\/2024\/10\/Zrzut-ekranu-2024-10-4-o-10.39.14-475x226.png 475w, https:\/\/www.sotrender.com\/blog\/wp-content\/uploads\/2024\/10\/Zrzut-ekranu-2024-10-4-o-10.39.14-768x365.png 768w, https:\/\/www.sotrender.com\/blog\/wp-content\/uploads\/2024\/10\/Zrzut-ekranu-2024-10-4-o-10.39.14-1536x730.png 1536w\" sizes=\"(max-width: 1936px) 100vw, 1936px\" \/><figcaption class=\"wp-element-caption\"><a href=\"https:\/\/www.sotrender.com\/trends\/instagram\/poland\/202409\/miejsca#best_posts\" target=\"_blank\" rel=\"noreferrer noopener\">Najlepsze posty na Instagramie w kategorii Miejsca<\/a> | wrzesie\u0144 2024 r.<\/figcaption><\/figure>\n\n\n\n<h2 class=\"wp-block-heading\">Szczyty zaanga\u017cowania<\/h2>\n\n\n\n<p>W kategorii <a href=\"http:\/\/sotrender.com\/trends\/instagram\/poland\/202409\/osoby#engagement\" target=\"_blank\" rel=\"noreferrer noopener\">Osoby<\/a> wrzesie\u0144 przyni\u00f3s\u0142 wielu profilom spore wzrosty. Loczniki zaliczyli ogromny skok w rankingu aktywno\u015bci u\u017cytkownik\u00f3w, awansuj\u0105c o 78 miejsc na 3. pozycj\u0119. <\/p>\n\n\n\n<figure class=\"wp-block-image size-full\"><img loading=\"lazy\" decoding=\"async\" width=\"1936\" height=\"1022\" src=\"https:\/\/www.sotrender.com\/blog\/wp-content\/uploads\/2024\/10\/Zrzut-ekranu-2024-10-4-o-10.10.02.png\" alt=\"instagram wrzesie\u0144 2024 profile os\u00f3b o najwi\u0119kszym zaanga\u017cowaniu Loczniki\" class=\"wp-image-53325\" srcset=\"https:\/\/www.sotrender.com\/blog\/wp-content\/uploads\/2024\/10\/Zrzut-ekranu-2024-10-4-o-10.10.02.png 1936w, https:\/\/www.sotrender.com\/blog\/wp-content\/uploads\/2024\/10\/Zrzut-ekranu-2024-10-4-o-10.10.02-475x251.png 475w, https:\/\/www.sotrender.com\/blog\/wp-content\/uploads\/2024\/10\/Zrzut-ekranu-2024-10-4-o-10.10.02-768x405.png 768w, https:\/\/www.sotrender.com\/blog\/wp-content\/uploads\/2024\/10\/Zrzut-ekranu-2024-10-4-o-10.10.02-1536x811.png 1536w\" sizes=\"(max-width: 1936px) 100vw, 1936px\" \/><figcaption class=\"wp-element-caption\"><a href=\"https:\/\/www.sotrender.com\/trends\/instagram\/poland\/202409\/osoby#engagement\" target=\"_blank\" rel=\"noreferrer noopener\">Profile na Instagramie o najwi\u0119kszej liczbie aktywno\u015bci w kategorii Osoby<\/a> | wrzesie\u0144 2024 r.<\/figcaption><\/figure>\n\n\n\n<p>Wszystko dzi\u0119ki kolejnemu viralowemu filmikowi, w kt\u00f3rym wraz z @dharni, @mamikoyoko i @seung847 pokazali, jak wygl\u0105da\u0142oby zachowanie Sim\u00f3w w prawdziwym \u017cyciu. Ich pomys\u0142owa seria niezmiennie cieszy si\u0119 ogromn\u0105 popularno\u015bci\u0105. Nie jest wi\u0119c zaskoczeniem, \u017ce post trafi\u0142 na podium najlepszych tre\u015bci miesi\u0105ca w tej kategorii.<\/p>\n\n\n\n<figure class=\"wp-block-image size-full\"><img loading=\"lazy\" decoding=\"async\" width=\"1936\" height=\"920\" src=\"https:\/\/www.sotrender.com\/blog\/wp-content\/uploads\/2024\/10\/Zrzut-ekranu-2024-10-4-o-10.13.00-min.png\" alt=\"najlepsze posty na Instagramie we wrze\u015bniu 2024 osoby Loczniki\" class=\"wp-image-53329\" srcset=\"https:\/\/www.sotrender.com\/blog\/wp-content\/uploads\/2024\/10\/Zrzut-ekranu-2024-10-4-o-10.13.00-min.png 1936w, https:\/\/www.sotrender.com\/blog\/wp-content\/uploads\/2024\/10\/Zrzut-ekranu-2024-10-4-o-10.13.00-min-475x226.png 475w, https:\/\/www.sotrender.com\/blog\/wp-content\/uploads\/2024\/10\/Zrzut-ekranu-2024-10-4-o-10.13.00-min-768x365.png 768w, https:\/\/www.sotrender.com\/blog\/wp-content\/uploads\/2024\/10\/Zrzut-ekranu-2024-10-4-o-10.13.00-min-1536x730.png 1536w\" sizes=\"(max-width: 1936px) 100vw, 1936px\" \/><figcaption class=\"wp-element-caption\"><a href=\"https:\/\/www.sotrender.com\/trends\/instagram\/poland\/202409\/osoby#best_posts\" target=\"_blank\" rel=\"noreferrer noopener\">Najlepsze posty na Instagramie w kategorii Osoby<\/a> | wrzesie\u0144 2024 r.<\/figcaption><\/figure>\n\n\n\n<p>Na szczeg\u00f3lne wyr\u00f3\u017cnienie zas\u0142uguje Zoja Skubis, najm\u0142odsza Polka, kt\u00f3ra zdoby\u0142a o\u015bmiotysi\u0119cznik. Jej wej\u015bcie na Manaslu przyci\u0105gn\u0119\u0142o ogromn\u0105 uwag\u0119 spo\u0142eczno\u015bci Instagramowej, co prze\u0142o\u017cy\u0142o si\u0119 na dynamiczny wzrost popularno\u015bci jej profilu. Profil Zoi by\u0142 najszybciej rosn\u0105cym w kategorii <a href=\"http:\/\/sotrender.com\/trends\/instagram\/poland\/202409\/osoby\/osoby_podroze#fans\" target=\"_blank\" rel=\"noreferrer noopener\">Podr\u00f3\u017ce<\/a>, awansuj\u0105c o 3 miejsca na 14. pozycj\u0119 pod wzgl\u0119dem liczby obserwuj\u0105cych.<\/p>\n\n\n\n<figure class=\"wp-block-image size-full\"><img loading=\"lazy\" decoding=\"async\" width=\"1936\" height=\"1454\" src=\"https:\/\/www.sotrender.com\/blog\/wp-content\/uploads\/2024\/10\/Zrzut-ekranu-2024-10-4-o-10.59.19.png\" alt=\"instagram wrzesie\u0144 2024 profile o najwi\u0119kszej liczbie obserwuj\u0105cych podr\u00f3\u017ce Zoja Skubis\" class=\"wp-image-53343\" srcset=\"https:\/\/www.sotrender.com\/blog\/wp-content\/uploads\/2024\/10\/Zrzut-ekranu-2024-10-4-o-10.59.19.png 1936w, https:\/\/www.sotrender.com\/blog\/wp-content\/uploads\/2024\/10\/Zrzut-ekranu-2024-10-4-o-10.59.19-475x357.png 475w, https:\/\/www.sotrender.com\/blog\/wp-content\/uploads\/2024\/10\/Zrzut-ekranu-2024-10-4-o-10.59.19-768x577.png 768w, https:\/\/www.sotrender.com\/blog\/wp-content\/uploads\/2024\/10\/Zrzut-ekranu-2024-10-4-o-10.59.19-1536x1154.png 1536w\" sizes=\"(max-width: 1936px) 100vw, 1936px\" \/><figcaption class=\"wp-element-caption\"><a href=\"https:\/\/www.sotrender.com\/trends\/instagram\/poland\/202409\/osoby\/osoby_podroze#fans\" target=\"_blank\" rel=\"noreferrer noopener\">Najwi\u0119ksze profile na Instagramie w kategorii Podr\u00f3\u017ce<\/a> | wrzesie\u0144 2024 r.<\/figcaption><\/figure>\n\n\n\n<p>W rankingu aktywno\u015bci u\u017cytkownik\u00f3w Zoja przeskoczy\u0142a o 2 pozycje, zajmuj\u0105c 3. miejsce. Jej posty dokumentuj\u0105ce to niezwyk\u0142e osi\u0105gni\u0119cie r\u00f3wnie\u017c znalaz\u0142y si\u0119 w centrum uwagi \u2013 a\u017c 4 z nich trafi\u0142y do zestawienia najlepszych tre\u015bci miesi\u0105ca.<\/p>\n\n\n\n<figure class=\"wp-block-image size-full\"><img loading=\"lazy\" decoding=\"async\" width=\"1936\" height=\"928\" src=\"https:\/\/www.sotrender.com\/blog\/wp-content\/uploads\/2024\/10\/Zrzut-ekranu-2024-10-4-o-10.11.54.png\" alt=\"najlepsze posty na Instagramie we wrze\u015bniu 2024 podr\u00f3\u017ce Zoja Skubis\" class=\"wp-image-53327\" srcset=\"https:\/\/www.sotrender.com\/blog\/wp-content\/uploads\/2024\/10\/Zrzut-ekranu-2024-10-4-o-10.11.54.png 1936w, https:\/\/www.sotrender.com\/blog\/wp-content\/uploads\/2024\/10\/Zrzut-ekranu-2024-10-4-o-10.11.54-475x228.png 475w, https:\/\/www.sotrender.com\/blog\/wp-content\/uploads\/2024\/10\/Zrzut-ekranu-2024-10-4-o-10.11.54-768x368.png 768w, https:\/\/www.sotrender.com\/blog\/wp-content\/uploads\/2024\/10\/Zrzut-ekranu-2024-10-4-o-10.11.54-1536x736.png 1536w\" sizes=\"(max-width: 1936px) 100vw, 1936px\" \/><figcaption class=\"wp-element-caption\"><a href=\"https:\/\/www.sotrender.com\/trends\/instagram\/poland\/202409\/osoby\/osoby_podroze#best_posts\" target=\"_blank\" rel=\"noreferrer noopener\">Najlepsze posty na Instagramie w kategorii Podr\u00f3\u017ce<\/a> | wrzesie\u0144 2024 r.<\/figcaption><\/figure>\n\n\n\n<h2 class=\"wp-block-heading\">Instagram Trends wrzesie\u0144 2024<\/h2>\n\n\n\n<p>To wszystko na ten miesi\u0105c! Ju\u017c wkr\u00f3tce zapraszamy do lektury wrze\u015bniowego raportu Facebook Trends, a teraz zach\u0119camy do sprawdzenia pe\u0142nej wersji <a href=\"https:\/\/www.sotrender.com\/trends\/instagram\/poland\/202405\" target=\"_blank\" rel=\"noreferrer noopener\"><\/a><a href=\"https:\/\/www.sotrender.com\/trends\/instagram\/poland\/202409\" target=\"_blank\" rel=\"noreferrer noopener\">Instagram Trends wrzesie\u0144 2024<\/a>.<\/p>\n","protected":false},"excerpt":{"rendered":"<p>W tym miesi\u0105cu uwag\u0119 spo\u0142eczno\u015bci Instagrama przyci\u0105gn\u0119\u0142a Zoja Skubis, najm\u0142odsza Polka na o\u015bmiotysi\u0119czniku.<\/p>\n","protected":false},"author":311,"featured_media":53350,"comment_status":"closed","ping_status":"open","sticky":false,"template":"","format":"standard","meta":{"inline_featured_image":false,"footnotes":""},"categories":[1791,1803],"tags":[2073,2643,3931,3932,3933],"yoast_head":"<!-- This site is optimized with the Yoast SEO plugin v22.4 - https:\/\/yoast.com\/wordpress\/plugins\/seo\/ -->\n<title>Instagram Trends wrzesie\u0144 2024 \u2013 wspinaczka na szczyt<\/title>\n<meta name=\"description\" content=\"W tym miesi\u0105cu uwag\u0119 spo\u0142eczno\u015bci Instagrama przyci\u0105gn\u0119\u0142a Zoja Skubis, najm\u0142odsza Polka na o\u015bmiotysi\u0119czniku.\" \/>\n<meta name=\"robots\" content=\"index, follow, max-snippet:-1, max-image-preview:large, max-video-preview:-1\" \/>\n<link rel=\"canonical\" href=\"https:\/\/www.sotrender.com\/blog\/pl\/2024\/10\/instagram-trends-wrzesien-2024-wspinaczka-na-szczyt\/\" \/>\n<meta property=\"og:locale\" content=\"pl_PL\" \/>\n<meta property=\"og:type\" content=\"article\" \/>\n<meta property=\"og:title\" content=\"Instagram Trends wrzesie\u0144 2024 \u2013 wspinaczka na szczyt\" \/>\n<meta property=\"og:description\" content=\"W tym miesi\u0105cu uwag\u0119 spo\u0142eczno\u015bci Instagrama przyci\u0105gn\u0119\u0142a Zoja Skubis, najm\u0142odsza Polka na o\u015bmiotysi\u0119czniku.\" \/>\n<meta property=\"og:url\" content=\"https:\/\/www.sotrender.com\/blog\/pl\/2024\/10\/instagram-trends-wrzesien-2024-wspinaczka-na-szczyt\/\" \/>\n<meta property=\"og:site_name\" content=\"Sotrender Blog\" \/>\n<meta property=\"article:publisher\" content=\"https:\/\/www.facebook.com\/Sotrender\" \/>\n<meta property=\"article:published_time\" content=\"2024-10-07T07:33:59+00:00\" \/>\n<meta property=\"article:modified_time\" content=\"2024-10-07T15:26:33+00:00\" \/>\n<meta property=\"og:image\" content=\"https:\/\/www.sotrender.com\/blog\/wp-content\/uploads\/2024\/10\/pexels-vertex-holiday-137931561-14580867.jpg\" \/>\n\t<meta property=\"og:image:width\" content=\"1280\" \/>\n\t<meta property=\"og:image:height\" content=\"853\" \/>\n\t<meta property=\"og:image:type\" content=\"image\/jpeg\" \/>\n<meta name=\"author\" content=\"Bogna Raszowska\" \/>\n<meta name=\"twitter:card\" content=\"summary_large_image\" \/>\n<meta name=\"twitter:creator\" content=\"@Sotrender\" \/>\n<meta name=\"twitter:site\" content=\"@Sotrender\" \/>\n<meta name=\"twitter:label1\" content=\"Written by\" \/>\n\t<meta name=\"twitter:data1\" content=\"Bogna Raszowska\" \/>\n\t<meta name=\"twitter:label2\" content=\"Est. reading time\" \/>\n\t<meta name=\"twitter:data2\" content=\"5 minutes\" \/>\n<script type=\"application\/ld+json\" class=\"yoast-schema-graph\">{\"@context\":\"https:\/\/schema.org\",\"@graph\":[{\"@type\":\"WebPage\",\"@id\":\"https:\/\/www.sotrender.com\/blog\/pl\/2024\/10\/instagram-trends-wrzesien-2024-wspinaczka-na-szczyt\/\",\"url\":\"https:\/\/www.sotrender.com\/blog\/pl\/2024\/10\/instagram-trends-wrzesien-2024-wspinaczka-na-szczyt\/\",\"name\":\"Instagram Trends wrzesie\u0144 2024 \u2013 wspinaczka na szczyt\",\"isPartOf\":{\"@id\":\"https:\/\/www.sotrender.com\/blog\/#website\"},\"primaryImageOfPage\":{\"@id\":\"https:\/\/www.sotrender.com\/blog\/pl\/2024\/10\/instagram-trends-wrzesien-2024-wspinaczka-na-szczyt\/#primaryimage\"},\"image\":{\"@id\":\"https:\/\/www.sotrender.com\/blog\/pl\/2024\/10\/instagram-trends-wrzesien-2024-wspinaczka-na-szczyt\/#primaryimage\"},\"thumbnailUrl\":\"https:\/\/www.sotrender.com\/blog\/wp-content\/uploads\/2024\/10\/pexels-vertex-holiday-137931561-14580867.jpg\",\"datePublished\":\"2024-10-07T07:33:59+00:00\",\"dateModified\":\"2024-10-07T15:26:33+00:00\",\"author\":{\"@id\":\"https:\/\/www.sotrender.com\/blog\/#\/schema\/person\/2c3d8f31a13ec8be6145f5865f25d16c\"},\"description\":\"W tym miesi\u0105cu uwag\u0119 spo\u0142eczno\u015bci Instagrama przyci\u0105gn\u0119\u0142a Zoja Skubis, najm\u0142odsza Polka na o\u015bmiotysi\u0119czniku.\",\"breadcrumb\":{\"@id\":\"https:\/\/www.sotrender.com\/blog\/pl\/2024\/10\/instagram-trends-wrzesien-2024-wspinaczka-na-szczyt\/#breadcrumb\"},\"inLanguage\":\"pl-PL\",\"potentialAction\":[{\"@type\":\"ReadAction\",\"target\":[\"https:\/\/www.sotrender.com\/blog\/pl\/2024\/10\/instagram-trends-wrzesien-2024-wspinaczka-na-szczyt\/\"]}]},{\"@type\":\"ImageObject\",\"inLanguage\":\"pl-PL\",\"@id\":\"https:\/\/www.sotrender.com\/blog\/pl\/2024\/10\/instagram-trends-wrzesien-2024-wspinaczka-na-szczyt\/#primaryimage\",\"url\":\"https:\/\/www.sotrender.com\/blog\/wp-content\/uploads\/2024\/10\/pexels-vertex-holiday-137931561-14580867.jpg\",\"contentUrl\":\"https:\/\/www.sotrender.com\/blog\/wp-content\/uploads\/2024\/10\/pexels-vertex-holiday-137931561-14580867.jpg\",\"width\":1280,\"height\":853},{\"@type\":\"BreadcrumbList\",\"@id\":\"https:\/\/www.sotrender.com\/blog\/pl\/2024\/10\/instagram-trends-wrzesien-2024-wspinaczka-na-szczyt\/#breadcrumb\",\"itemListElement\":[{\"@type\":\"ListItem\",\"position\":1,\"name\":\"Home\",\"item\":\"https:\/\/www.sotrender.com\/blog\/\"},{\"@type\":\"ListItem\",\"position\":2,\"name\":\"Instagram Trends wrzesie\u0144 2024 \u2013 wspinaczka na szczyt\"}]},{\"@type\":\"WebSite\",\"@id\":\"https:\/\/www.sotrender.com\/blog\/#website\",\"url\":\"https:\/\/www.sotrender.com\/blog\/\",\"name\":\"Sotrender Blog\",\"description\":\"\",\"potentialAction\":[{\"@type\":\"SearchAction\",\"target\":{\"@type\":\"EntryPoint\",\"urlTemplate\":\"https:\/\/www.sotrender.com\/blog\/?s={search_term_string}\"},\"query-input\":\"required name=search_term_string\"}],\"inLanguage\":\"pl-PL\"},{\"@type\":\"Person\",\"@id\":\"https:\/\/www.sotrender.com\/blog\/#\/schema\/person\/2c3d8f31a13ec8be6145f5865f25d16c\",\"name\":\"Bogna Raszowska\",\"image\":{\"@type\":\"ImageObject\",\"inLanguage\":\"pl-PL\",\"@id\":\"https:\/\/www.sotrender.com\/blog\/#\/schema\/person\/image\/\",\"url\":\"https:\/\/secure.gravatar.com\/avatar\/a9efb91eb7796ed666d24a5b58b6a6cd?s=96&d=mm&r=g\",\"contentUrl\":\"https:\/\/secure.gravatar.com\/avatar\/a9efb91eb7796ed666d24a5b58b6a6cd?s=96&d=mm&r=g\",\"caption\":\"Bogna Raszowska\"},\"description\":\"Digital marketer with a passion for copywriting, content and social media. Off the clock, I'm an avid traveler, RPG gamer, music lover, and South Korean culture enthusiast.\",\"sameAs\":[\"https:\/\/www.linkedin.com\/in\/bognaraszowska\"],\"url\":\"https:\/\/www.sotrender.com\/blog\/pl\/author\/bogna_raszowska\/\"}]}<\/script>\n<!-- \/ Yoast SEO plugin. -->","yoast_head_json":{"title":"Instagram Trends wrzesie\u0144 2024 \u2013 wspinaczka na szczyt","description":"W tym miesi\u0105cu uwag\u0119 spo\u0142eczno\u015bci Instagrama przyci\u0105gn\u0119\u0142a Zoja Skubis, najm\u0142odsza Polka na o\u015bmiotysi\u0119czniku.","robots":{"index":"index","follow":"follow","max-snippet":"max-snippet:-1","max-image-preview":"max-image-preview:large","max-video-preview":"max-video-preview:-1"},"canonical":"https:\/\/www.sotrender.com\/blog\/pl\/2024\/10\/instagram-trends-wrzesien-2024-wspinaczka-na-szczyt\/","og_locale":"pl_PL","og_type":"article","og_title":"Instagram Trends wrzesie\u0144 2024 \u2013 wspinaczka na szczyt","og_description":"W tym miesi\u0105cu uwag\u0119 spo\u0142eczno\u015bci Instagrama przyci\u0105gn\u0119\u0142a Zoja Skubis, najm\u0142odsza Polka na o\u015bmiotysi\u0119czniku.","og_url":"https:\/\/www.sotrender.com\/blog\/pl\/2024\/10\/instagram-trends-wrzesien-2024-wspinaczka-na-szczyt\/","og_site_name":"Sotrender Blog","article_publisher":"https:\/\/www.facebook.com\/Sotrender","article_published_time":"2024-10-07T07:33:59+00:00","article_modified_time":"2024-10-07T15:26:33+00:00","og_image":[{"width":1280,"height":853,"url":"https:\/\/www.sotrender.com\/blog\/wp-content\/uploads\/2024\/10\/pexels-vertex-holiday-137931561-14580867.jpg","type":"image\/jpeg"}],"author":"Bogna Raszowska","twitter_card":"summary_large_image","twitter_creator":"@Sotrender","twitter_site":"@Sotrender","twitter_misc":{"Written by":"Bogna Raszowska","Est. reading time":"5 minutes"},"schema":{"@context":"https:\/\/schema.org","@graph":[{"@type":"WebPage","@id":"https:\/\/www.sotrender.com\/blog\/pl\/2024\/10\/instagram-trends-wrzesien-2024-wspinaczka-na-szczyt\/","url":"https:\/\/www.sotrender.com\/blog\/pl\/2024\/10\/instagram-trends-wrzesien-2024-wspinaczka-na-szczyt\/","name":"Instagram Trends wrzesie\u0144 2024 \u2013 wspinaczka na szczyt","isPartOf":{"@id":"https:\/\/www.sotrender.com\/blog\/#website"},"primaryImageOfPage":{"@id":"https:\/\/www.sotrender.com\/blog\/pl\/2024\/10\/instagram-trends-wrzesien-2024-wspinaczka-na-szczyt\/#primaryimage"},"image":{"@id":"https:\/\/www.sotrender.com\/blog\/pl\/2024\/10\/instagram-trends-wrzesien-2024-wspinaczka-na-szczyt\/#primaryimage"},"thumbnailUrl":"https:\/\/www.sotrender.com\/blog\/wp-content\/uploads\/2024\/10\/pexels-vertex-holiday-137931561-14580867.jpg","datePublished":"2024-10-07T07:33:59+00:00","dateModified":"2024-10-07T15:26:33+00:00","author":{"@id":"https:\/\/www.sotrender.com\/blog\/#\/schema\/person\/2c3d8f31a13ec8be6145f5865f25d16c"},"description":"W tym miesi\u0105cu uwag\u0119 spo\u0142eczno\u015bci Instagrama przyci\u0105gn\u0119\u0142a Zoja Skubis, najm\u0142odsza Polka na o\u015bmiotysi\u0119czniku.","breadcrumb":{"@id":"https:\/\/www.sotrender.com\/blog\/pl\/2024\/10\/instagram-trends-wrzesien-2024-wspinaczka-na-szczyt\/#breadcrumb"},"inLanguage":"pl-PL","potentialAction":[{"@type":"ReadAction","target":["https:\/\/www.sotrender.com\/blog\/pl\/2024\/10\/instagram-trends-wrzesien-2024-wspinaczka-na-szczyt\/"]}]},{"@type":"ImageObject","inLanguage":"pl-PL","@id":"https:\/\/www.sotrender.com\/blog\/pl\/2024\/10\/instagram-trends-wrzesien-2024-wspinaczka-na-szczyt\/#primaryimage","url":"https:\/\/www.sotrender.com\/blog\/wp-content\/uploads\/2024\/10\/pexels-vertex-holiday-137931561-14580867.jpg","contentUrl":"https:\/\/www.sotrender.com\/blog\/wp-content\/uploads\/2024\/10\/pexels-vertex-holiday-137931561-14580867.jpg","width":1280,"height":853},{"@type":"BreadcrumbList","@id":"https:\/\/www.sotrender.com\/blog\/pl\/2024\/10\/instagram-trends-wrzesien-2024-wspinaczka-na-szczyt\/#breadcrumb","itemListElement":[{"@type":"ListItem","position":1,"name":"Home","item":"https:\/\/www.sotrender.com\/blog\/"},{"@type":"ListItem","position":2,"name":"Instagram Trends wrzesie\u0144 2024 \u2013 wspinaczka na szczyt"}]},{"@type":"WebSite","@id":"https:\/\/www.sotrender.com\/blog\/#website","url":"https:\/\/www.sotrender.com\/blog\/","name":"Sotrender Blog","description":"","potentialAction":[{"@type":"SearchAction","target":{"@type":"EntryPoint","urlTemplate":"https:\/\/www.sotrender.com\/blog\/?s={search_term_string}"},"query-input":"required name=search_term_string"}],"inLanguage":"pl-PL"},{"@type":"Person","@id":"https:\/\/www.sotrender.com\/blog\/#\/schema\/person\/2c3d8f31a13ec8be6145f5865f25d16c","name":"Bogna Raszowska","image":{"@type":"ImageObject","inLanguage":"pl-PL","@id":"https:\/\/www.sotrender.com\/blog\/#\/schema\/person\/image\/","url":"https:\/\/secure.gravatar.com\/avatar\/a9efb91eb7796ed666d24a5b58b6a6cd?s=96&d=mm&r=g","contentUrl":"https:\/\/secure.gravatar.com\/avatar\/a9efb91eb7796ed666d24a5b58b6a6cd?s=96&d=mm&r=g","caption":"Bogna Raszowska"},"description":"Digital marketer with a passion for copywriting, content and social media. Off the clock, I'm an avid traveler, RPG gamer, music lover, and South Korean culture enthusiast.","sameAs":["https:\/\/www.linkedin.com\/in\/bognaraszowska"],"url":"https:\/\/www.sotrender.com\/blog\/pl\/author\/bogna_raszowska\/"}]}},"_links":{"self":[{"href":"https:\/\/www.sotrender.com\/blog\/pl\/wp-json\/wp\/v2\/posts\/53319"}],"collection":[{"href":"https:\/\/www.sotrender.com\/blog\/pl\/wp-json\/wp\/v2\/posts"}],"about":[{"href":"https:\/\/www.sotrender.com\/blog\/pl\/wp-json\/wp\/v2\/types\/post"}],"author":[{"embeddable":true,"href":"https:\/\/www.sotrender.com\/blog\/pl\/wp-json\/wp\/v2\/users\/311"}],"replies":[{"embeddable":true,"href":"https:\/\/www.sotrender.com\/blog\/pl\/wp-json\/wp\/v2\/comments?post=53319"}],"version-history":[{"count":26,"href":"https:\/\/www.sotrender.com\/blog\/pl\/wp-json\/wp\/v2\/posts\/53319\/revisions"}],"predecessor-version":[{"id":53587,"href":"https:\/\/www.sotrender.com\/blog\/pl\/wp-json\/wp\/v2\/posts\/53319\/revisions\/53587"}],"wp:featuredmedia":[{"embeddable":true,"href":"https:\/\/www.sotrender.com\/blog\/pl\/wp-json\/wp\/v2\/media\/53350"}],"wp:attachment":[{"href":"https:\/\/www.sotrender.com\/blog\/pl\/wp-json\/wp\/v2\/media?parent=53319"}],"wp:term":[{"taxonomy":"category","embeddable":true,"href":"https:\/\/www.sotrender.com\/blog\/pl\/wp-json\/wp\/v2\/categories?post=53319"},{"taxonomy":"post_tag","embeddable":true,"href":"https:\/\/www.sotrender.com\/blog\/pl\/wp-json\/wp\/v2\/tags?post=53319"}],"curies":[{"name":"wp","href":"https:\/\/api.w.org\/{rel}","templated":true}]}}