{"id":53077,"date":"2024-09-12T11:20:29","date_gmt":"2024-09-12T09:20:29","guid":{"rendered":"https:\/\/www.sotrender.com\/blog\/?p=53077"},"modified":"2024-09-12T13:03:08","modified_gmt":"2024-09-12T11:03:08","slug":"facebook-trends-sierpien-2024-olimpijski-ogien","status":"publish","type":"post","link":"https:\/\/www.sotrender.com\/blog\/pl\/2024\/09\/facebook-trends-sierpien-2024-olimpijski-ogien\/","title":{"rendered":"Facebook Trends sierpie\u0144 2024 \u2013 olimpijski ogie\u0144"},"content":{"rendered":"\n<p>Tre\u015bci i emocje zwi\u0105zane z Olimpiad\u0105 w Pary\u017cu sprawi\u0142y, \u017ce w tym miesi\u0105cu na Facebooku zdecydowanie dominowa\u0142 profil Eurosport Polska.<\/p>\n\n\n\n<!--more-->\n\n\n\n<p>W reklamach spore wzrosty osi\u0105gn\u0119\u0142y marki e-commerce. W rankingach swoich kategorii namiesza\u0142y te\u017c 2 profile z bran\u017cy gamingowej. <\/p>\n\n\n\n<p>Co dok\u0142adnie dzia\u0142o si\u0119 na platformie w tym miesi\u0105cu?&nbsp;<\/p>\n\n\n\n<p>Zapraszamy na raport <a href=\"https:\/\/www.sotrender.com\/trends\/facebook\/poland\/202408\" target=\"_blank\" rel=\"noreferrer noopener\">Facebook Trends sierpie\u0144 2024<\/a>!<\/p>\n\n\n\n<h2 class=\"wp-block-heading\">E-commerce w natarciu<\/h2>\n\n\n\n<div class=\"wp-block-media-text is-stacked-on-mobile\" style=\"grid-template-columns:17% auto\"><figure class=\"wp-block-media-text__media\"><img loading=\"lazy\" decoding=\"async\" width=\"768\" height=\"960\" src=\"https:\/\/www.sotrender.com\/blog\/wp-content\/uploads\/2024\/09\/Borys_profile.png\" alt=\"\" class=\"wp-image-53082 size-full\" srcset=\"https:\/\/www.sotrender.com\/blog\/wp-content\/uploads\/2024\/09\/Borys_profile.png 768w, https:\/\/www.sotrender.com\/blog\/wp-content\/uploads\/2024\/09\/Borys_profile-475x594.png 475w\" sizes=\"(max-width: 768px) 100vw, 768px\" \/><\/figure><div class=\"wp-block-media-text__content\">\n<p>W tym miesi\u0105cu zestawienia reklamodawc\u00f3w komentuje dla nas <a href=\"https:\/\/www.linkedin.com\/in\/borysm\/\" target=\"_blank\" rel=\"noreferrer noopener\">Borys Marushchak<\/a>, Performance Manager z <a href=\"https:\/\/harbingers.io\/\" target=\"_blank\" rel=\"noreferrer noopener\">Harbingers<\/a> \u2013 lidera w rankingach zaanga\u017cowania i aktywno\u015bci u\u017cytkownik\u00f3w w kategorii <a href=\"https:\/\/www.sotrender.com\/trends\/facebook\/poland\/202408\/agencje_interaktywne_PR#storytellers\" target=\"_blank\" rel=\"noreferrer noopener\">Agencje interaktywne i PR<\/a>.<\/p>\n<\/div><\/div>\n\n\n\n<blockquote class=\"wp-block-quote is-layout-flow wp-block-quote-is-layout-flow\">\n<p><\/p>\n<cite>Sektor retail dominuje w reklamie na Facebooku. Liderzy bran\u017cy detalicznej, jak Lidl Polska, Biedronka, Allegro i Pepco, zajmuj\u0105 czo\u0142owe pozycje w <a href=\"https:\/\/www.sotrender.com\/trends\/facebook\/poland\/202408\/ads#reach_score\" target=\"_blank\" rel=\"noreferrer noopener\">rankingu Reach Score<\/a>. \u015awiadczy to o intensywnej konkurencji i strategicznym wykorzystaniu Facebooka do masowego dotarcia. Pomimo procentowych spadk\u00f3w, marki te utrzymuj\u0105 wysokie pozycje, co wskazuje na konsekwentn\u0105 strategi\u0119 w mediach spo\u0142eczno\u015bciowych.<\/cite><\/blockquote>\n\n\n\n<figure class=\"wp-block-image size-full\"><img loading=\"lazy\" decoding=\"async\" width=\"1942\" height=\"1550\" src=\"https:\/\/www.sotrender.com\/blog\/wp-content\/uploads\/2024\/09\/Zrzut-ekranu-2024-09-10-o-22.20.11.png\" alt=\"Reklamodawcy z najwi\u0119kszymi zasi\u0119gami p\u0142atnymi w Meta sierpie\u0144 2024\" class=\"wp-image-53089\" srcset=\"https:\/\/www.sotrender.com\/blog\/wp-content\/uploads\/2024\/09\/Zrzut-ekranu-2024-09-10-o-22.20.11.png 1942w, https:\/\/www.sotrender.com\/blog\/wp-content\/uploads\/2024\/09\/Zrzut-ekranu-2024-09-10-o-22.20.11-475x379.png 475w, https:\/\/www.sotrender.com\/blog\/wp-content\/uploads\/2024\/09\/Zrzut-ekranu-2024-09-10-o-22.20.11-768x613.png 768w, https:\/\/www.sotrender.com\/blog\/wp-content\/uploads\/2024\/09\/Zrzut-ekranu-2024-09-10-o-22.20.11-1536x1226.png 1536w\" sizes=\"(max-width: 1942px) 100vw, 1942px\" \/><figcaption class=\"wp-element-caption\"><a href=\"https:\/\/www.sotrender.com\/trends\/facebook\/poland\/202408\/ads#reach_score\" target=\"_blank\" rel=\"noreferrer noopener\">Reklamodawcy z najwi\u0119kszymi zasi\u0119gami p\u0142atnymi w Meta<\/a> | sierpie\u0144 2024<\/figcaption><\/figure>\n\n\n\n<blockquote class=\"wp-block-quote is-layout-flow wp-block-quote-is-layout-flow\">\n<p><\/p>\n<cite>Imponuj\u0105cy wzrost e-commerce. Eobuwie.pl odnotowa\u0142o niezwyk\u0142y wzrost Reach Score o 912%, a Empik zwi\u0119kszy\u0142 <a href=\"https:\/\/www.sotrender.com\/trends\/facebook\/poland\/202408\/ads#liczba_reklam\" target=\"_blank\" rel=\"noreferrer noopener\">liczb\u0119 reklam<\/a> o 84%. Te wyniki sugeruj\u0105 agresywne strategie marketingowe i mo\u017cliwe przygotowania do okresu przed\u015bwi\u0105tecznego. Sukces tych marek podkre\u015bla rosn\u0105ce znaczenie e-commerce w polskim handlu detalicznym i skuteczno\u015b\u0107 targetowanych kampanii na Facebooku.<\/cite><\/blockquote>\n\n\n\n<figure class=\"wp-block-image size-full\"><img loading=\"lazy\" decoding=\"async\" width=\"1942\" height=\"1550\" src=\"https:\/\/www.sotrender.com\/blog\/wp-content\/uploads\/2024\/09\/Zrzut-ekranu-2024-09-10-o-22.30.19.png\" alt=\"Reklamodawcy z najwi\u0119ksz\u0105 liczb\u0105 reklam w Meta sierpie\u0144 2024\" class=\"wp-image-53092\" srcset=\"https:\/\/www.sotrender.com\/blog\/wp-content\/uploads\/2024\/09\/Zrzut-ekranu-2024-09-10-o-22.30.19.png 1942w, https:\/\/www.sotrender.com\/blog\/wp-content\/uploads\/2024\/09\/Zrzut-ekranu-2024-09-10-o-22.30.19-475x379.png 475w, https:\/\/www.sotrender.com\/blog\/wp-content\/uploads\/2024\/09\/Zrzut-ekranu-2024-09-10-o-22.30.19-768x613.png 768w, https:\/\/www.sotrender.com\/blog\/wp-content\/uploads\/2024\/09\/Zrzut-ekranu-2024-09-10-o-22.30.19-1536x1226.png 1536w\" sizes=\"(max-width: 1942px) 100vw, 1942px\" \/><figcaption class=\"wp-element-caption\"><a href=\"https:\/\/www.sotrender.com\/trends\/facebook\/poland\/202408\/ads#liczba_reklam\" target=\"_blank\" rel=\"noreferrer noopener\">Reklamodawcy z najwi\u0119ksz\u0105 liczb\u0105 reklam w Meta<\/a> | sierpie\u0144 2024<\/figcaption><\/figure>\n\n\n\n<h2 class=\"wp-block-heading\">Olimpijskie wzrosty<\/h2>\n\n\n\n<p>Dzi\u0119ki tre\u015bciom zwi\u0105zanym z Igrzyskami Olimpijskimi, Eurosport Polska zdominowa\u0142 sierpniowe rankingi. Konto zanotowa\u0142o awans o 44 lokaty i imponuj\u0105cy wzrost o 754%, zdobywaj\u0105c pierwsze miejsce w <a href=\"https:\/\/www.sotrender.com\/trends\/facebook\/poland\/202408\/pl_wszystkie#storytellers\" target=\"_blank\" rel=\"noreferrer noopener\">rankingu zaanga\u017cowania w\u015br\u00f3d wszystkich profili<\/a>. By\u0142o r\u00f3wnie\u017c drugie pod wzgl\u0119dem aktywno\u015bci u\u017cytkownik\u00f3w.<\/p>\n\n\n\n<figure class=\"wp-block-image size-full\"><img loading=\"lazy\" decoding=\"async\" width=\"1942\" height=\"1032\" src=\"https:\/\/www.sotrender.com\/blog\/wp-content\/uploads\/2024\/09\/Zrzut-ekranu-2024-09-10-o-22.37.27.png\" alt=\"Profile na Facebooku o najwi\u0119kszym zaanga\u017cowaniu w kategorii FMCG sierpie\u0144 2024 Eurosport Polska\" class=\"wp-image-53097\" srcset=\"https:\/\/www.sotrender.com\/blog\/wp-content\/uploads\/2024\/09\/Zrzut-ekranu-2024-09-10-o-22.37.27.png 1942w, https:\/\/www.sotrender.com\/blog\/wp-content\/uploads\/2024\/09\/Zrzut-ekranu-2024-09-10-o-22.37.27-475x252.png 475w, https:\/\/www.sotrender.com\/blog\/wp-content\/uploads\/2024\/09\/Zrzut-ekranu-2024-09-10-o-22.37.27-768x408.png 768w, https:\/\/www.sotrender.com\/blog\/wp-content\/uploads\/2024\/09\/Zrzut-ekranu-2024-09-10-o-22.37.27-1536x816.png 1536w\" sizes=\"(max-width: 1942px) 100vw, 1942px\" \/><figcaption class=\"wp-element-caption\"><a href=\"https:\/\/www.sotrender.com\/trends\/facebook\/poland\/202408\/pl_wszystkie#storytellers\" target=\"_blank\" rel=\"noreferrer noopener\">Profile na Facebooku o najwi\u0119kszym zaanga\u017cowaniu w kategorii Polskoj\u0119zyczne<\/a> | sierpie\u0144 2024<\/figcaption><\/figure>\n\n\n\n<p>W kategorii <a href=\"https:\/\/www.sotrender.com\/trends\/facebook\/poland\/202408\/media#storytellers\" target=\"_blank\" rel=\"noreferrer noopener\">Media<\/a> profil wskoczy\u0142 na szczyt w obu tych rankingach, a w kategorii <a href=\"https:\/\/www.sotrender.com\/trends\/facebook\/poland\/202408\/media\/telewizja#best_posts\" target=\"_blank\" rel=\"noreferrer noopener\">Telewizja<\/a> a\u017c 11 jego post\u00f3w znalaz\u0142o si\u0119 w\u015br\u00f3d najlepszych, w tym na wszystkich trzech stopniach podium.<\/p>\n\n\n\n<figure class=\"wp-block-image size-full\"><img loading=\"lazy\" decoding=\"async\" width=\"1942\" height=\"958\" src=\"https:\/\/www.sotrender.com\/blog\/wp-content\/uploads\/2024\/09\/Zrzut-ekranu-2024-09-10-o-22.48.14-min.png\" alt=\"Najlepsze posty na Facebooku w kategorii Telewizja sierpie\u0144 2024 r.\" class=\"wp-image-53099\" srcset=\"https:\/\/www.sotrender.com\/blog\/wp-content\/uploads\/2024\/09\/Zrzut-ekranu-2024-09-10-o-22.48.14-min.png 1942w, https:\/\/www.sotrender.com\/blog\/wp-content\/uploads\/2024\/09\/Zrzut-ekranu-2024-09-10-o-22.48.14-min-475x234.png 475w, https:\/\/www.sotrender.com\/blog\/wp-content\/uploads\/2024\/09\/Zrzut-ekranu-2024-09-10-o-22.48.14-min-768x379.png 768w, https:\/\/www.sotrender.com\/blog\/wp-content\/uploads\/2024\/09\/Zrzut-ekranu-2024-09-10-o-22.48.14-min-1536x758.png 1536w\" sizes=\"(max-width: 1942px) 100vw, 1942px\" \/><figcaption class=\"wp-element-caption\"><a href=\"https:\/\/www.sotrender.com\/trends\/facebook\/poland\/202408\/media\/telewizja#best_posts\" target=\"_blank\" rel=\"noreferrer noopener\">Najlepsze posty na Facebooku w kategorii Telewizja<\/a> | sierpie\u0144 2024 r.<\/figcaption><\/figure>\n\n\n\n<h2 class=\"wp-block-heading\">Gamingowe og\u0142oszenia<\/h2>\n\n\n\n<p>W kategorii <a href=\"https:\/\/www.sotrender.com\/trends\/facebook\/poland\/202408\/technologie_sprzet#engagement\" target=\"_blank\" rel=\"noreferrer noopener\">Technologie i sprz\u0119t<\/a> najwi\u0119ksze wzrosty zanotowa\u0142y profile zwi\u0105zane z bran\u017c\u0105 gamingow\u0105. Wied\u017amin po\u017cegna\u0142 na swoim profilu aktora Krzysztofa Banaszyka, kt\u00f3ry u\u017cyczy\u0142 w grze g\u0142osu postaci Vernona Roche&#8217;a. Konto awansowa\u0142o o 49 pozycji na 14. miejsce w rankingu aktywno\u015bci u\u017cytkownik\u00f3w. Bloober Team intensywnie promowa\u0142 w tym miesi\u0105cu sw\u00f3j remake gry Silent Hill 2 i zgarn\u0105\u0142 17. lokat\u0119 pod wzgl\u0119dem aktywno\u015bci, przeskakuj\u0105c w g\u00f3r\u0119 o 81. Obu profilom uda\u0142o si\u0119 te\u017c trafi\u0107 do zestawienia najlepszych post\u00f3w w tej kategorii.<\/p>\n\n\n\n<figure class=\"wp-block-image size-full\"><img loading=\"lazy\" decoding=\"async\" width=\"1942\" height=\"1646\" src=\"https:\/\/www.sotrender.com\/blog\/wp-content\/uploads\/2024\/09\/Zrzut-ekranu-2024-09-10-o-22.51.47.png\" alt=\"Profile o najwi\u0119kszej liczbie aktywno\u015bci u\u017cytkownik\u00f3w w kategorii Technologie i sprz\u0119t sierpie\u0144 2024 Wied\u017amin Bloober Team\" class=\"wp-image-53102\" srcset=\"https:\/\/www.sotrender.com\/blog\/wp-content\/uploads\/2024\/09\/Zrzut-ekranu-2024-09-10-o-22.51.47.png 1942w, https:\/\/www.sotrender.com\/blog\/wp-content\/uploads\/2024\/09\/Zrzut-ekranu-2024-09-10-o-22.51.47-475x403.png 475w, https:\/\/www.sotrender.com\/blog\/wp-content\/uploads\/2024\/09\/Zrzut-ekranu-2024-09-10-o-22.51.47-768x651.png 768w, https:\/\/www.sotrender.com\/blog\/wp-content\/uploads\/2024\/09\/Zrzut-ekranu-2024-09-10-o-22.51.47-1536x1302.png 1536w\" sizes=\"(max-width: 1942px) 100vw, 1942px\" \/><figcaption class=\"wp-element-caption\"><a href=\"https:\/\/www.sotrender.com\/trends\/facebook\/poland\/202408\/technologie_sprzet#engagement\" target=\"_blank\" rel=\"noreferrer noopener\">Profile o najwi\u0119kszej liczbie aktywno\u015bci u\u017cytkownik\u00f3w w kategorii Technologie i sprz\u0119t<\/a> | sierpie\u0144 2024<\/figcaption><\/figure>\n\n\n\n<p>W kategorii <a href=\"https:\/\/www.sotrender.com\/trends\/facebook\/poland\/202408\/technologie_sprzet\/gry_i_konsole#best_posts\" target=\"_blank\" rel=\"noreferrer noopener\">Gry i konsole<\/a> posty obu profili znalaz\u0142y si\u0119 w czo\u0142\u00f3wce najlepszych. Wied\u017amin i Bloober Team awansowa\u0142y odpowiednio na 11. i 20. miejsce w rankingu zaanga\u017cowania oraz 7. i 8. lokat\u0119 pod wzgl\u0119dem aktywno\u015bci u\u017cytkownik\u00f3w.<\/p>\n\n\n\n<figure class=\"wp-block-image size-full\"><img loading=\"lazy\" decoding=\"async\" width=\"1942\" height=\"1792\" src=\"https:\/\/www.sotrender.com\/blog\/wp-content\/uploads\/2024\/09\/Zrzut-ekranu-2024-09-10-o-22.54.46-min.png\" alt=\"Najlepsze posty na Facebooku w kategorii Gry i konsole sierpie\u0144 2024 Wied\u017amin Bloober Team\" class=\"wp-image-53104\" srcset=\"https:\/\/www.sotrender.com\/blog\/wp-content\/uploads\/2024\/09\/Zrzut-ekranu-2024-09-10-o-22.54.46-min.png 1942w, https:\/\/www.sotrender.com\/blog\/wp-content\/uploads\/2024\/09\/Zrzut-ekranu-2024-09-10-o-22.54.46-min-475x438.png 475w, https:\/\/www.sotrender.com\/blog\/wp-content\/uploads\/2024\/09\/Zrzut-ekranu-2024-09-10-o-22.54.46-min-768x709.png 768w, https:\/\/www.sotrender.com\/blog\/wp-content\/uploads\/2024\/09\/Zrzut-ekranu-2024-09-10-o-22.54.46-min-1536x1417.png 1536w\" sizes=\"(max-width: 1942px) 100vw, 1942px\" \/><figcaption class=\"wp-element-caption\"><a href=\"https:\/\/www.sotrender.com\/trends\/facebook\/poland\/202408\/technologie_sprzet\/gry_i_konsole#best_posts\" target=\"_blank\" rel=\"noreferrer noopener\">Najlepsze posty na Facebooku w kategorii Gry i konsole<\/a> | sierpie\u0144 2024 r.<\/figcaption><\/figure>\n\n\n\n<h2 class=\"wp-block-heading\"><strong>Facebook Trends sierpie\u0144 2024<\/strong><\/h2>\n\n\n\n<p>To ju\u017c wszystko, co przygotowali\u015bmy dla Was w tym miesi\u0105cu.&nbsp;<\/p>\n\n\n\n<p>Teraz zapraszamy do przejrzenia <a href=\"https:\/\/www.sotrender.com\/trends\/facebook\/poland\/202408\" target=\"_blank\" rel=\"noreferrer noopener\">pe\u0142nej wersji raportu Facebook Trends<\/a>, a tak\u017ce jego <a href=\"https:\/\/www.sotrender.com\/blog\/pl\/2024\/09\/instagram-trends-sierpien-2024-reklama-od-niechcenia\/\" target=\"_blank\" rel=\"noreferrer noopener\">instagramowego odpowiednika<\/a>.<\/p>\n","protected":false},"excerpt":{"rendered":"<p>Tre\u015bci i emocje zwi\u0105zane z Olimpiad\u0105 w Pary\u017cu sprawi\u0142y, \u017ce w tym miesi\u0105cu na Facebooku zdecydowanie dominowa\u0142 profil Eurosport Polska.<\/p>\n","protected":false},"author":311,"featured_media":53125,"comment_status":"closed","ping_status":"open","sticky":false,"template":"","format":"standard","meta":{"inline_featured_image":false,"footnotes":""},"categories":[1791,1797],"tags":[2307,3903,3924,3925,3926,3927],"yoast_head":"<!-- This site is optimized with the Yoast SEO plugin v22.4 - https:\/\/yoast.com\/wordpress\/plugins\/seo\/ -->\n<title>Facebook Trends sierpie\u0144 2024 \u2013 olimpijski ogie\u0144<\/title>\n<meta name=\"description\" content=\"Tre\u015bci i emocje zwi\u0105zane z Olimpiad\u0105 w Pary\u017cu sprawi\u0142y, \u017ce w tym miesi\u0105cu na Facebooku zdecydowanie dominowa\u0142 profil Eurosport Polska.\" \/>\n<meta name=\"robots\" content=\"index, follow, max-snippet:-1, max-image-preview:large, max-video-preview:-1\" \/>\n<link rel=\"canonical\" href=\"https:\/\/www.sotrender.com\/blog\/pl\/2024\/09\/facebook-trends-sierpien-2024-olimpijski-ogien\/\" \/>\n<meta property=\"og:locale\" content=\"pl_PL\" \/>\n<meta property=\"og:type\" content=\"article\" \/>\n<meta property=\"og:title\" content=\"Facebook Trends sierpie\u0144 2024 \u2013 olimpijski ogie\u0144\" \/>\n<meta property=\"og:description\" content=\"Tre\u015bci i emocje zwi\u0105zane z Olimpiad\u0105 w Pary\u017cu sprawi\u0142y, \u017ce w tym miesi\u0105cu na Facebooku zdecydowanie dominowa\u0142 profil Eurosport Polska.\" \/>\n<meta property=\"og:url\" content=\"https:\/\/www.sotrender.com\/blog\/pl\/2024\/09\/facebook-trends-sierpien-2024-olimpijski-ogien\/\" \/>\n<meta property=\"og:site_name\" content=\"Sotrender Blog\" \/>\n<meta property=\"article:publisher\" content=\"https:\/\/www.facebook.com\/Sotrender\" \/>\n<meta property=\"article:published_time\" content=\"2024-09-12T09:20:29+00:00\" \/>\n<meta property=\"article:modified_time\" content=\"2024-09-12T11:03:08+00:00\" \/>\n<meta property=\"og:image\" content=\"https:\/\/www.sotrender.com\/blog\/wp-content\/uploads\/2024\/09\/pexels-gaborbalazs97-27864536-1-e1726040134691.jpg\" \/>\n\t<meta property=\"og:image:width\" content=\"1126\" \/>\n\t<meta property=\"og:image:height\" content=\"776\" \/>\n\t<meta property=\"og:image:type\" content=\"image\/jpeg\" \/>\n<meta name=\"author\" content=\"Bogna Raszowska\" \/>\n<meta name=\"twitter:card\" content=\"summary_large_image\" \/>\n<meta name=\"twitter:creator\" content=\"@Sotrender\" \/>\n<meta name=\"twitter:site\" content=\"@Sotrender\" \/>\n<meta name=\"twitter:label1\" content=\"Written by\" \/>\n\t<meta name=\"twitter:data1\" content=\"Bogna Raszowska\" \/>\n\t<meta name=\"twitter:label2\" content=\"Est. reading time\" \/>\n\t<meta name=\"twitter:data2\" content=\"4 minutes\" \/>\n<script type=\"application\/ld+json\" class=\"yoast-schema-graph\">{\"@context\":\"https:\/\/schema.org\",\"@graph\":[{\"@type\":\"WebPage\",\"@id\":\"https:\/\/www.sotrender.com\/blog\/pl\/2024\/09\/facebook-trends-sierpien-2024-olimpijski-ogien\/\",\"url\":\"https:\/\/www.sotrender.com\/blog\/pl\/2024\/09\/facebook-trends-sierpien-2024-olimpijski-ogien\/\",\"name\":\"Facebook Trends sierpie\u0144 2024 \u2013 olimpijski ogie\u0144\",\"isPartOf\":{\"@id\":\"https:\/\/www.sotrender.com\/blog\/#website\"},\"primaryImageOfPage\":{\"@id\":\"https:\/\/www.sotrender.com\/blog\/pl\/2024\/09\/facebook-trends-sierpien-2024-olimpijski-ogien\/#primaryimage\"},\"image\":{\"@id\":\"https:\/\/www.sotrender.com\/blog\/pl\/2024\/09\/facebook-trends-sierpien-2024-olimpijski-ogien\/#primaryimage\"},\"thumbnailUrl\":\"https:\/\/www.sotrender.com\/blog\/wp-content\/uploads\/2024\/09\/pexels-gaborbalazs97-27864536-1-e1726040134691.jpg\",\"datePublished\":\"2024-09-12T09:20:29+00:00\",\"dateModified\":\"2024-09-12T11:03:08+00:00\",\"author\":{\"@id\":\"https:\/\/www.sotrender.com\/blog\/#\/schema\/person\/2c3d8f31a13ec8be6145f5865f25d16c\"},\"description\":\"Tre\u015bci i emocje zwi\u0105zane z Olimpiad\u0105 w Pary\u017cu sprawi\u0142y, \u017ce w tym miesi\u0105cu na Facebooku zdecydowanie dominowa\u0142 profil Eurosport Polska.\",\"breadcrumb\":{\"@id\":\"https:\/\/www.sotrender.com\/blog\/pl\/2024\/09\/facebook-trends-sierpien-2024-olimpijski-ogien\/#breadcrumb\"},\"inLanguage\":\"pl-PL\",\"potentialAction\":[{\"@type\":\"ReadAction\",\"target\":[\"https:\/\/www.sotrender.com\/blog\/pl\/2024\/09\/facebook-trends-sierpien-2024-olimpijski-ogien\/\"]}]},{\"@type\":\"ImageObject\",\"inLanguage\":\"pl-PL\",\"@id\":\"https:\/\/www.sotrender.com\/blog\/pl\/2024\/09\/facebook-trends-sierpien-2024-olimpijski-ogien\/#primaryimage\",\"url\":\"https:\/\/www.sotrender.com\/blog\/wp-content\/uploads\/2024\/09\/pexels-gaborbalazs97-27864536-1-e1726040134691.jpg\",\"contentUrl\":\"https:\/\/www.sotrender.com\/blog\/wp-content\/uploads\/2024\/09\/pexels-gaborbalazs97-27864536-1-e1726040134691.jpg\",\"width\":1126,\"height\":776},{\"@type\":\"BreadcrumbList\",\"@id\":\"https:\/\/www.sotrender.com\/blog\/pl\/2024\/09\/facebook-trends-sierpien-2024-olimpijski-ogien\/#breadcrumb\",\"itemListElement\":[{\"@type\":\"ListItem\",\"position\":1,\"name\":\"Home\",\"item\":\"https:\/\/www.sotrender.com\/blog\/\"},{\"@type\":\"ListItem\",\"position\":2,\"name\":\"Facebook Trends sierpie\u0144 2024 \u2013 olimpijski ogie\u0144\"}]},{\"@type\":\"WebSite\",\"@id\":\"https:\/\/www.sotrender.com\/blog\/#website\",\"url\":\"https:\/\/www.sotrender.com\/blog\/\",\"name\":\"Sotrender Blog\",\"description\":\"\",\"potentialAction\":[{\"@type\":\"SearchAction\",\"target\":{\"@type\":\"EntryPoint\",\"urlTemplate\":\"https:\/\/www.sotrender.com\/blog\/?s={search_term_string}\"},\"query-input\":\"required name=search_term_string\"}],\"inLanguage\":\"pl-PL\"},{\"@type\":\"Person\",\"@id\":\"https:\/\/www.sotrender.com\/blog\/#\/schema\/person\/2c3d8f31a13ec8be6145f5865f25d16c\",\"name\":\"Bogna Raszowska\",\"image\":{\"@type\":\"ImageObject\",\"inLanguage\":\"pl-PL\",\"@id\":\"https:\/\/www.sotrender.com\/blog\/#\/schema\/person\/image\/\",\"url\":\"https:\/\/secure.gravatar.com\/avatar\/a9efb91eb7796ed666d24a5b58b6a6cd?s=96&d=mm&r=g\",\"contentUrl\":\"https:\/\/secure.gravatar.com\/avatar\/a9efb91eb7796ed666d24a5b58b6a6cd?s=96&d=mm&r=g\",\"caption\":\"Bogna Raszowska\"},\"description\":\"Digital marketer with a passion for copywriting, content and social media. Off the clock, I'm an avid traveler, RPG gamer, music lover, and South Korean culture enthusiast.\",\"sameAs\":[\"https:\/\/www.linkedin.com\/in\/bognaraszowska\"],\"url\":\"https:\/\/www.sotrender.com\/blog\/pl\/author\/bogna_raszowska\/\"}]}<\/script>\n<!-- \/ Yoast SEO plugin. -->","yoast_head_json":{"title":"Facebook Trends sierpie\u0144 2024 \u2013 olimpijski ogie\u0144","description":"Tre\u015bci i emocje zwi\u0105zane z Olimpiad\u0105 w Pary\u017cu sprawi\u0142y, \u017ce w tym miesi\u0105cu na Facebooku zdecydowanie dominowa\u0142 profil Eurosport Polska.","robots":{"index":"index","follow":"follow","max-snippet":"max-snippet:-1","max-image-preview":"max-image-preview:large","max-video-preview":"max-video-preview:-1"},"canonical":"https:\/\/www.sotrender.com\/blog\/pl\/2024\/09\/facebook-trends-sierpien-2024-olimpijski-ogien\/","og_locale":"pl_PL","og_type":"article","og_title":"Facebook Trends sierpie\u0144 2024 \u2013 olimpijski ogie\u0144","og_description":"Tre\u015bci i emocje zwi\u0105zane z Olimpiad\u0105 w Pary\u017cu sprawi\u0142y, \u017ce w tym miesi\u0105cu na Facebooku zdecydowanie dominowa\u0142 profil Eurosport Polska.","og_url":"https:\/\/www.sotrender.com\/blog\/pl\/2024\/09\/facebook-trends-sierpien-2024-olimpijski-ogien\/","og_site_name":"Sotrender Blog","article_publisher":"https:\/\/www.facebook.com\/Sotrender","article_published_time":"2024-09-12T09:20:29+00:00","article_modified_time":"2024-09-12T11:03:08+00:00","og_image":[{"width":1126,"height":776,"url":"https:\/\/www.sotrender.com\/blog\/wp-content\/uploads\/2024\/09\/pexels-gaborbalazs97-27864536-1-e1726040134691.jpg","type":"image\/jpeg"}],"author":"Bogna Raszowska","twitter_card":"summary_large_image","twitter_creator":"@Sotrender","twitter_site":"@Sotrender","twitter_misc":{"Written by":"Bogna Raszowska","Est. reading time":"4 minutes"},"schema":{"@context":"https:\/\/schema.org","@graph":[{"@type":"WebPage","@id":"https:\/\/www.sotrender.com\/blog\/pl\/2024\/09\/facebook-trends-sierpien-2024-olimpijski-ogien\/","url":"https:\/\/www.sotrender.com\/blog\/pl\/2024\/09\/facebook-trends-sierpien-2024-olimpijski-ogien\/","name":"Facebook Trends sierpie\u0144 2024 \u2013 olimpijski ogie\u0144","isPartOf":{"@id":"https:\/\/www.sotrender.com\/blog\/#website"},"primaryImageOfPage":{"@id":"https:\/\/www.sotrender.com\/blog\/pl\/2024\/09\/facebook-trends-sierpien-2024-olimpijski-ogien\/#primaryimage"},"image":{"@id":"https:\/\/www.sotrender.com\/blog\/pl\/2024\/09\/facebook-trends-sierpien-2024-olimpijski-ogien\/#primaryimage"},"thumbnailUrl":"https:\/\/www.sotrender.com\/blog\/wp-content\/uploads\/2024\/09\/pexels-gaborbalazs97-27864536-1-e1726040134691.jpg","datePublished":"2024-09-12T09:20:29+00:00","dateModified":"2024-09-12T11:03:08+00:00","author":{"@id":"https:\/\/www.sotrender.com\/blog\/#\/schema\/person\/2c3d8f31a13ec8be6145f5865f25d16c"},"description":"Tre\u015bci i emocje zwi\u0105zane z Olimpiad\u0105 w Pary\u017cu sprawi\u0142y, \u017ce w tym miesi\u0105cu na Facebooku zdecydowanie dominowa\u0142 profil Eurosport Polska.","breadcrumb":{"@id":"https:\/\/www.sotrender.com\/blog\/pl\/2024\/09\/facebook-trends-sierpien-2024-olimpijski-ogien\/#breadcrumb"},"inLanguage":"pl-PL","potentialAction":[{"@type":"ReadAction","target":["https:\/\/www.sotrender.com\/blog\/pl\/2024\/09\/facebook-trends-sierpien-2024-olimpijski-ogien\/"]}]},{"@type":"ImageObject","inLanguage":"pl-PL","@id":"https:\/\/www.sotrender.com\/blog\/pl\/2024\/09\/facebook-trends-sierpien-2024-olimpijski-ogien\/#primaryimage","url":"https:\/\/www.sotrender.com\/blog\/wp-content\/uploads\/2024\/09\/pexels-gaborbalazs97-27864536-1-e1726040134691.jpg","contentUrl":"https:\/\/www.sotrender.com\/blog\/wp-content\/uploads\/2024\/09\/pexels-gaborbalazs97-27864536-1-e1726040134691.jpg","width":1126,"height":776},{"@type":"BreadcrumbList","@id":"https:\/\/www.sotrender.com\/blog\/pl\/2024\/09\/facebook-trends-sierpien-2024-olimpijski-ogien\/#breadcrumb","itemListElement":[{"@type":"ListItem","position":1,"name":"Home","item":"https:\/\/www.sotrender.com\/blog\/"},{"@type":"ListItem","position":2,"name":"Facebook Trends sierpie\u0144 2024 \u2013 olimpijski ogie\u0144"}]},{"@type":"WebSite","@id":"https:\/\/www.sotrender.com\/blog\/#website","url":"https:\/\/www.sotrender.com\/blog\/","name":"Sotrender Blog","description":"","potentialAction":[{"@type":"SearchAction","target":{"@type":"EntryPoint","urlTemplate":"https:\/\/www.sotrender.com\/blog\/?s={search_term_string}"},"query-input":"required name=search_term_string"}],"inLanguage":"pl-PL"},{"@type":"Person","@id":"https:\/\/www.sotrender.com\/blog\/#\/schema\/person\/2c3d8f31a13ec8be6145f5865f25d16c","name":"Bogna Raszowska","image":{"@type":"ImageObject","inLanguage":"pl-PL","@id":"https:\/\/www.sotrender.com\/blog\/#\/schema\/person\/image\/","url":"https:\/\/secure.gravatar.com\/avatar\/a9efb91eb7796ed666d24a5b58b6a6cd?s=96&d=mm&r=g","contentUrl":"https:\/\/secure.gravatar.com\/avatar\/a9efb91eb7796ed666d24a5b58b6a6cd?s=96&d=mm&r=g","caption":"Bogna Raszowska"},"description":"Digital marketer with a passion for copywriting, content and social media. Off the clock, I'm an avid traveler, RPG gamer, music lover, and South Korean culture enthusiast.","sameAs":["https:\/\/www.linkedin.com\/in\/bognaraszowska"],"url":"https:\/\/www.sotrender.com\/blog\/pl\/author\/bogna_raszowska\/"}]}},"_links":{"self":[{"href":"https:\/\/www.sotrender.com\/blog\/pl\/wp-json\/wp\/v2\/posts\/53077"}],"collection":[{"href":"https:\/\/www.sotrender.com\/blog\/pl\/wp-json\/wp\/v2\/posts"}],"about":[{"href":"https:\/\/www.sotrender.com\/blog\/pl\/wp-json\/wp\/v2\/types\/post"}],"author":[{"embeddable":true,"href":"https:\/\/www.sotrender.com\/blog\/pl\/wp-json\/wp\/v2\/users\/311"}],"replies":[{"embeddable":true,"href":"https:\/\/www.sotrender.com\/blog\/pl\/wp-json\/wp\/v2\/comments?post=53077"}],"version-history":[{"count":33,"href":"https:\/\/www.sotrender.com\/blog\/pl\/wp-json\/wp\/v2\/posts\/53077\/revisions"}],"predecessor-version":[{"id":53134,"href":"https:\/\/www.sotrender.com\/blog\/pl\/wp-json\/wp\/v2\/posts\/53077\/revisions\/53134"}],"wp:featuredmedia":[{"embeddable":true,"href":"https:\/\/www.sotrender.com\/blog\/pl\/wp-json\/wp\/v2\/media\/53125"}],"wp:attachment":[{"href":"https:\/\/www.sotrender.com\/blog\/pl\/wp-json\/wp\/v2\/media?parent=53077"}],"wp:term":[{"taxonomy":"category","embeddable":true,"href":"https:\/\/www.sotrender.com\/blog\/pl\/wp-json\/wp\/v2\/categories?post=53077"},{"taxonomy":"post_tag","embeddable":true,"href":"https:\/\/www.sotrender.com\/blog\/pl\/wp-json\/wp\/v2\/tags?post=53077"}],"curies":[{"name":"wp","href":"https:\/\/api.w.org\/{rel}","templated":true}]}}