{"id":5275,"date":"2013-03-08T12:53:05","date_gmt":"2013-03-08T11:53:05","guid":{"rendered":"http:\/\/blog.sotrender.com\/?p=5275"},"modified":"2017-04-13T16:40:35","modified_gmt":"2017-04-13T14:40:35","slug":"nowy-news-feed-ladniejszy-i-uzyteczniejszy-facebook","status":"publish","type":"post","link":"https:\/\/www.sotrender.com\/blog\/pl\/2013\/03\/nowy-news-feed-ladniejszy-i-uzyteczniejszy-facebook\/","title":{"rendered":"Nowy News Feed = \u0142adniejszy i u\u017cyteczniejszy Facebook?"},"content":{"rendered":"<p><strong>Podczas wczorajszej konferencji Mark Zuckerberg przypomnia\u0142, \u017ce misj\u0105 Facebooka jest \u201eTo make the world more open and connected\u201d, a celem jest stworzenie najbardziej \u00a0spersonalizowanej gazety. W misj\u0119 t\u0119 wpisuje si\u0119 szereg zmian, kt\u00f3re maj\u0105 sprawi\u0107, \u017ce News Feed b\u0119dzie pi\u0119kniejszy ni\u017c dotychczas i wygodniejszy w u\u017cytkowaniu, zar\u00f3wno w wersji przegl\u0105darkowej jak i mobilnej. To jak ewoluuje wygl\u0105d Facebooka jest uwarunkowane zmianami w sposobie u\u017cywania i rodzajami tre\u015bci, kt\u00f3rymi dzielimy si\u0119 ze znajomymi.<\/strong><\/p>\n<p><!--more--><\/p>\n<p>Zmiany obejmuj\u0105 trzy obszary:<\/p>\n<p>&#8211; Graficzne przedstawienie aktywno\u015bci<\/p>\n<p>&#8211; Zak\u0142adki tematyczne<\/p>\n<p>&#8211; Sp\u00f3jno\u015b\u0107 pomi\u0119dzy platformami<\/p>\n<p><a href=\"https:\/\/www.sotrender.com\/blog\/wp-content\/uploads\/2013\/03\/news_feed_1.png\"><img loading=\"lazy\" decoding=\"async\" class=\"alignnone size-medium wp-image-5277\" src=\"https:\/\/www.sotrender.com\/blog\/wp-content\/uploads\/2013\/03\/news_feed_1-300x174.png\" alt=\"news_feed_1\" width=\"300\" height=\"174\" \/><\/a><\/p>\n<h3><b>Richer stories<\/b><\/h3>\n<p>Skoro jeden obraz jest wart wi\u0119cej ni\u017c tysi\u0105c s\u0142\u00f3w, a obrazy stanowi\u0105 prawie po\u0142ow\u0119 przeci\u0119tnego News Feedu, jedn\u0105 z trzech du\u017cych zmian ma by\u0107 w\u0142a\u015bnie podkre\u015blenie warstwy graficznej wszystkich aktywno\u015bci.<\/p>\n<p>Aktywno\u015bci, kt\u00f3re dotychczas mia\u0142y jedynie ma\u0142y awatar i tekstow\u0105 wzmiank\u0119 o polubieniu strony czy do\u0142\u0105czeniu do znajomych b\u0119d\u0105 ju\u017c nied\u0142ugo opatrzone du\u017cym awatarem ze zdj\u0119ciem w tle, dzi\u0119ki czemu zawarto\u015b\u0107 danego linku b\u0119dzie zrozumia\u0142a bez wchodzenia bezpo\u015brednio na dan\u0105 stron\u0119. Zdj\u0119cia maj\u0105 by\u0107 wi\u0119ksze i lepiej widoczne z widoku aktualno\u015bci, bez potrzeby wchodzenia na stron\u0119 postu. Tak samo linkowanie do innych \u017ar\u00f3de\u0142 b\u0119dzie czytelniejsze \u00a0\u2013 linki do polecanych artyku\u0142\u00f3w b\u0119d\u0105 zawiera\u0107 wi\u0119ksze tytu\u0142y i obrazy, a opisy b\u0119d\u0105 zdecydowanie d\u0142u\u017csze.<\/p>\n<p>Szczeg\u00f3lnie przydatne b\u0119dzie to dla stron komercyjnych, kt\u00f3re po polubieniu przez znajomego b\u0119d\u0105 zdecydowanie bardziej widoczne i docelowo zach\u0119caj\u0105ce do klikni\u0119cia.<\/p>\n<p><a href=\"https:\/\/www.sotrender.com\/blog\/wp-content\/uploads\/2013\/03\/news_feed_2.png\"><img loading=\"lazy\" decoding=\"async\" class=\"alignnone size-medium wp-image-5279\" src=\"https:\/\/www.sotrender.com\/blog\/wp-content\/uploads\/2013\/03\/news_feed_2-300x93.png\" alt=\"news_feed_2\" width=\"300\" height=\"93\" \/><\/a><\/p>\n<h3><b>Choice of Feeds<\/b><\/h3>\n<p>W obecnym wygl\u0105dzie mo\u017ce przeszkadza\u0107 nat\u0142ok wielu rodzaj\u00f3w informacji. Ma si\u0119 to zmieni\u0107, dzi\u0119ki wprowadzeniu zak\u0142adek, w kt\u00f3rych zobaczymy dok\u0142adnie ten wycinek informacji, kt\u00f3rego akurat potrzebujemy. Przyk\u0142adowo, je\u015bli wybierzesz muzyk\u0119, zobaczysz wydarzenia muzyczne, zdj\u0119cia ulubionych muzyk\u00f3w i zapowiadane albumy. W zak\u0142adce All Friends b\u0119dzie mo\u017cna zobaczy\u0107 co robi\u0105 znajomi, a Following Feed pozwoli zobaczy\u0107 najnowsze aktywno\u015bci polubionych stron. Nie zabraknie tak\u017ce zak\u0142adki Games, kt\u00f3ra pomo\u017ce trzyma\u0107 r\u0119k\u0119 na pulsie aktywno\u015bci w u\u017cywanych grach.<\/p>\n<p><a href=\"https:\/\/www.sotrender.com\/blog\/wp-content\/uploads\/2013\/03\/news_feed_3.png\"><img loading=\"lazy\" decoding=\"async\" class=\"alignnone size-medium wp-image-5281\" src=\"https:\/\/www.sotrender.com\/blog\/wp-content\/uploads\/2013\/03\/news_feed_3-300x171.png\" alt=\"news_feed_3\" width=\"300\" height=\"171\" \/><\/a><\/p>\n<h3><b>Mobile Consistency<\/b><\/h3>\n<p>Droga projektowania nowego News Feedu by\u0142a raczej odwrotna ni\u017c zwykle \u2013 to nie aplikacje mobilne b\u0119d\u0105 oparte na wygl\u0105dzie przegl\u0105darkowej wersji serwisu. Tym razem inspiracj\u0105\u00a0 by\u0142a specyfika i mo\u017cliwo\u015bci mobilnych platform. Aplikacje tworzone pod te platformy musz\u0105 by\u0107 szczeg\u00f3lnie proste i czytelne, a taki te\u017c mia\u0142 by\u0107 ca\u0142y News Feed. Dzi\u0119ki nowym rozwi\u0105zaniom serwis b\u0119dzie wygl\u0105da\u0142 praktycznie tak samo na smartfonie, jak na tablecie i ekranie komputera. Co szczeg\u00f3lnie wa\u017cne dla wykorzystania serwisu w aplikacjach mobilnych to \u0142atwo\u015b\u0107 dotarcia do informacji, cz\u0119sto bez konieczno\u015bci otwierania kolejnych stron.<\/p>\n<p><a href=\"https:\/\/www.sotrender.com\/blog\/wp-content\/uploads\/2013\/03\/news_feed_4.png\"><img loading=\"lazy\" decoding=\"async\" class=\"alignnone size-medium wp-image-5283\" src=\"https:\/\/www.sotrender.com\/blog\/wp-content\/uploads\/2013\/03\/news_feed_4-300x112.png\" alt=\"news_feed_4\" width=\"300\" height=\"112\" \/><\/a><\/p>\n<p>&nbsp;<\/p>\n<p><strong>Przedstawiciele Facebooka podkre\u015blaj\u0105, \u017ce przedstawione zmiany to kroki w kierunku, w kt\u00f3rym Facebook chce si\u0119 rozwija\u0107. Cho\u0107 niekt\u00f3re zmiany ju\u017c mo\u017cemy obserwowa\u0107, ostatecznie b\u0119d\u0105 one naprawd\u0119 du\u017ce, a wi\u0119c wprowadzane b\u0119d\u0105 ostro\u017cnie, najpierw u niewielkiej cz\u0119\u015bci u\u017cytkownik\u00f3w, kt\u00f3rzy jeszcze przed ostateczn\u0105 metamorfoz\u0105 pomog\u0105 uzyska\u0107 informacje zwrotne.<\/strong><\/p>\n<p>&nbsp;<\/p>\n","protected":false},"excerpt":{"rendered":"<p>Podczas wczorajszej konferencji Mark Zuckerberg przypomnia\u0142, \u017ce misj\u0105 Facebooka jest \u201eTo make the world more open and connected\u201d, a celem jest stworzenie najbardziej \u00a0spersonalizowanej gazety. W misj\u0119 t\u0119 wpisuje si\u0119 szereg zmian, kt\u00f3re maj\u0105 sprawi\u0107, \u017ce News Feed b\u0119dzie pi\u0119kniejszy ni\u017c dotychczas i wygodniejszy w u\u017cytkowaniu, zar\u00f3wno w wersji przegl\u0105darkowej jak i mobilnej. To jak [&hellip;]<\/p>\n","protected":false},"author":31,"featured_media":0,"comment_status":"open","ping_status":"open","sticky":false,"template":"","format":"standard","meta":{"inline_featured_image":false,"footnotes":""},"categories":[1797,1793],"tags":[],"yoast_head":"<!-- This site is optimized with the Yoast SEO plugin v22.4 - https:\/\/yoast.com\/wordpress\/plugins\/seo\/ -->\n<title>Nowy News Feed = \u0142adniejszy i u\u017cyteczniejszy Facebook? - Sotrender Blog<\/title>\n<meta name=\"description\" content=\"Facebookowy News Feed b\u0119dzie pi\u0119kniejszy i wygodniejszy w u\u017cytkowaniu, zar\u00f3wno w wersji przegl\u0105darkowej jak i mobilnej. Zmiany obejmuj\u0105 trzy obszary: graficzne przedstawienie aktywno\u015bci, zak\u0142adki tematyczne i sp\u00f3jno\u015b\u0107 mi\u0119dzy platformami.\" \/>\n<meta name=\"robots\" content=\"index, follow, max-snippet:-1, max-image-preview:large, max-video-preview:-1\" \/>\n<link rel=\"canonical\" href=\"https:\/\/www.sotrender.com\/blog\/pl\/2013\/03\/nowy-news-feed-ladniejszy-i-uzyteczniejszy-facebook\/\" \/>\n<meta property=\"og:locale\" content=\"pl_PL\" \/>\n<meta property=\"og:type\" content=\"article\" \/>\n<meta property=\"og:title\" content=\"Nowy News Feed = \u0142adniejszy i u\u017cyteczniejszy Facebook? - Sotrender Blog\" \/>\n<meta property=\"og:description\" content=\"Facebookowy News Feed b\u0119dzie pi\u0119kniejszy i wygodniejszy w u\u017cytkowaniu, zar\u00f3wno w wersji przegl\u0105darkowej jak i mobilnej. Zmiany obejmuj\u0105 trzy obszary: graficzne przedstawienie aktywno\u015bci, zak\u0142adki tematyczne i sp\u00f3jno\u015b\u0107 mi\u0119dzy platformami.\" \/>\n<meta property=\"og:url\" content=\"https:\/\/www.sotrender.com\/blog\/pl\/2013\/03\/nowy-news-feed-ladniejszy-i-uzyteczniejszy-facebook\/\" \/>\n<meta property=\"og:site_name\" content=\"Sotrender Blog\" \/>\n<meta property=\"article:publisher\" content=\"https:\/\/www.facebook.com\/Sotrender\" \/>\n<meta property=\"article:published_time\" content=\"2013-03-08T11:53:05+00:00\" \/>\n<meta property=\"article:modified_time\" content=\"2017-04-13T14:40:35+00:00\" \/>\n<meta property=\"og:image\" content=\"https:\/\/www.sotrender.com\/blog\/wp-content\/uploads\/2013\/03\/news_feed_1-300x174.png\" \/>\n<meta name=\"author\" content=\"Aleksandra Prejs\" \/>\n<meta name=\"twitter:card\" content=\"summary_large_image\" \/>\n<meta name=\"twitter:creator\" content=\"@Sotrender\" \/>\n<meta name=\"twitter:site\" content=\"@Sotrender\" \/>\n<meta name=\"twitter:label1\" content=\"Written by\" \/>\n\t<meta name=\"twitter:data1\" content=\"Aleksandra Prejs\" \/>\n\t<meta name=\"twitter:label2\" content=\"Est. reading time\" \/>\n\t<meta name=\"twitter:data2\" content=\"3 minutes\" \/>\n<script type=\"application\/ld+json\" class=\"yoast-schema-graph\">{\"@context\":\"https:\/\/schema.org\",\"@graph\":[{\"@type\":\"WebPage\",\"@id\":\"https:\/\/www.sotrender.com\/blog\/pl\/2013\/03\/nowy-news-feed-ladniejszy-i-uzyteczniejszy-facebook\/\",\"url\":\"https:\/\/www.sotrender.com\/blog\/pl\/2013\/03\/nowy-news-feed-ladniejszy-i-uzyteczniejszy-facebook\/\",\"name\":\"Nowy News Feed = \u0142adniejszy i u\u017cyteczniejszy Facebook? - Sotrender Blog\",\"isPartOf\":{\"@id\":\"https:\/\/www.sotrender.com\/blog\/#website\"},\"primaryImageOfPage\":{\"@id\":\"https:\/\/www.sotrender.com\/blog\/pl\/2013\/03\/nowy-news-feed-ladniejszy-i-uzyteczniejszy-facebook\/#primaryimage\"},\"image\":{\"@id\":\"https:\/\/www.sotrender.com\/blog\/pl\/2013\/03\/nowy-news-feed-ladniejszy-i-uzyteczniejszy-facebook\/#primaryimage\"},\"thumbnailUrl\":\"https:\/\/www.sotrender.com\/blog\/wp-content\/uploads\/2013\/03\/news_feed_1-300x174.png\",\"datePublished\":\"2013-03-08T11:53:05+00:00\",\"dateModified\":\"2017-04-13T14:40:35+00:00\",\"author\":{\"@id\":\"https:\/\/www.sotrender.com\/blog\/#\/schema\/person\/7106df62825269bc360ad9171cd7149b\"},\"description\":\"Facebookowy News Feed b\u0119dzie pi\u0119kniejszy i wygodniejszy w u\u017cytkowaniu, zar\u00f3wno w wersji przegl\u0105darkowej jak i mobilnej. Zmiany obejmuj\u0105 trzy obszary: graficzne przedstawienie aktywno\u015bci, zak\u0142adki tematyczne i sp\u00f3jno\u015b\u0107 mi\u0119dzy platformami.\",\"breadcrumb\":{\"@id\":\"https:\/\/www.sotrender.com\/blog\/pl\/2013\/03\/nowy-news-feed-ladniejszy-i-uzyteczniejszy-facebook\/#breadcrumb\"},\"inLanguage\":\"pl-PL\",\"potentialAction\":[{\"@type\":\"ReadAction\",\"target\":[\"https:\/\/www.sotrender.com\/blog\/pl\/2013\/03\/nowy-news-feed-ladniejszy-i-uzyteczniejszy-facebook\/\"]}]},{\"@type\":\"ImageObject\",\"inLanguage\":\"pl-PL\",\"@id\":\"https:\/\/www.sotrender.com\/blog\/pl\/2013\/03\/nowy-news-feed-ladniejszy-i-uzyteczniejszy-facebook\/#primaryimage\",\"url\":\"https:\/\/www.sotrender.com\/blog\/wp-content\/uploads\/2013\/03\/news_feed_1-300x174.png\",\"contentUrl\":\"https:\/\/www.sotrender.com\/blog\/wp-content\/uploads\/2013\/03\/news_feed_1-300x174.png\"},{\"@type\":\"BreadcrumbList\",\"@id\":\"https:\/\/www.sotrender.com\/blog\/pl\/2013\/03\/nowy-news-feed-ladniejszy-i-uzyteczniejszy-facebook\/#breadcrumb\",\"itemListElement\":[{\"@type\":\"ListItem\",\"position\":1,\"name\":\"Home\",\"item\":\"https:\/\/www.sotrender.com\/blog\/\"},{\"@type\":\"ListItem\",\"position\":2,\"name\":\"Nowy News Feed = \u0142adniejszy i u\u017cyteczniejszy Facebook?\"}]},{\"@type\":\"WebSite\",\"@id\":\"https:\/\/www.sotrender.com\/blog\/#website\",\"url\":\"https:\/\/www.sotrender.com\/blog\/\",\"name\":\"Sotrender Blog\",\"description\":\"\",\"potentialAction\":[{\"@type\":\"SearchAction\",\"target\":{\"@type\":\"EntryPoint\",\"urlTemplate\":\"https:\/\/www.sotrender.com\/blog\/?s={search_term_string}\"},\"query-input\":\"required name=search_term_string\"}],\"inLanguage\":\"pl-PL\"},{\"@type\":\"Person\",\"@id\":\"https:\/\/www.sotrender.com\/blog\/#\/schema\/person\/7106df62825269bc360ad9171cd7149b\",\"name\":\"Aleksandra Prejs\",\"image\":{\"@type\":\"ImageObject\",\"inLanguage\":\"pl-PL\",\"@id\":\"https:\/\/www.sotrender.com\/blog\/#\/schema\/person\/image\/\",\"url\":\"https:\/\/secure.gravatar.com\/avatar\/469000454b77ff0aacb32c49dba023be?s=96&d=mm&r=g\",\"contentUrl\":\"https:\/\/secure.gravatar.com\/avatar\/469000454b77ff0aacb32c49dba023be?s=96&d=mm&r=g\",\"caption\":\"Aleksandra Prejs\"},\"url\":\"https:\/\/www.sotrender.com\/blog\/pl\/author\/aleksandra-prejs\/\"}]}<\/script>\n<!-- \/ Yoast SEO plugin. -->","yoast_head_json":{"title":"Nowy News Feed = \u0142adniejszy i u\u017cyteczniejszy Facebook? - Sotrender Blog","description":"Facebookowy News Feed b\u0119dzie pi\u0119kniejszy i wygodniejszy w u\u017cytkowaniu, zar\u00f3wno w wersji przegl\u0105darkowej jak i mobilnej. Zmiany obejmuj\u0105 trzy obszary: graficzne przedstawienie aktywno\u015bci, zak\u0142adki tematyczne i sp\u00f3jno\u015b\u0107 mi\u0119dzy platformami.","robots":{"index":"index","follow":"follow","max-snippet":"max-snippet:-1","max-image-preview":"max-image-preview:large","max-video-preview":"max-video-preview:-1"},"canonical":"https:\/\/www.sotrender.com\/blog\/pl\/2013\/03\/nowy-news-feed-ladniejszy-i-uzyteczniejszy-facebook\/","og_locale":"pl_PL","og_type":"article","og_title":"Nowy News Feed = \u0142adniejszy i u\u017cyteczniejszy Facebook? - Sotrender Blog","og_description":"Facebookowy News Feed b\u0119dzie pi\u0119kniejszy i wygodniejszy w u\u017cytkowaniu, zar\u00f3wno w wersji przegl\u0105darkowej jak i mobilnej. Zmiany obejmuj\u0105 trzy obszary: graficzne przedstawienie aktywno\u015bci, zak\u0142adki tematyczne i sp\u00f3jno\u015b\u0107 mi\u0119dzy platformami.","og_url":"https:\/\/www.sotrender.com\/blog\/pl\/2013\/03\/nowy-news-feed-ladniejszy-i-uzyteczniejszy-facebook\/","og_site_name":"Sotrender Blog","article_publisher":"https:\/\/www.facebook.com\/Sotrender","article_published_time":"2013-03-08T11:53:05+00:00","article_modified_time":"2017-04-13T14:40:35+00:00","og_image":[{"url":"https:\/\/www.sotrender.com\/blog\/wp-content\/uploads\/2013\/03\/news_feed_1-300x174.png"}],"author":"Aleksandra Prejs","twitter_card":"summary_large_image","twitter_creator":"@Sotrender","twitter_site":"@Sotrender","twitter_misc":{"Written by":"Aleksandra Prejs","Est. reading time":"3 minutes"},"schema":{"@context":"https:\/\/schema.org","@graph":[{"@type":"WebPage","@id":"https:\/\/www.sotrender.com\/blog\/pl\/2013\/03\/nowy-news-feed-ladniejszy-i-uzyteczniejszy-facebook\/","url":"https:\/\/www.sotrender.com\/blog\/pl\/2013\/03\/nowy-news-feed-ladniejszy-i-uzyteczniejszy-facebook\/","name":"Nowy News Feed = \u0142adniejszy i u\u017cyteczniejszy Facebook? - Sotrender Blog","isPartOf":{"@id":"https:\/\/www.sotrender.com\/blog\/#website"},"primaryImageOfPage":{"@id":"https:\/\/www.sotrender.com\/blog\/pl\/2013\/03\/nowy-news-feed-ladniejszy-i-uzyteczniejszy-facebook\/#primaryimage"},"image":{"@id":"https:\/\/www.sotrender.com\/blog\/pl\/2013\/03\/nowy-news-feed-ladniejszy-i-uzyteczniejszy-facebook\/#primaryimage"},"thumbnailUrl":"https:\/\/www.sotrender.com\/blog\/wp-content\/uploads\/2013\/03\/news_feed_1-300x174.png","datePublished":"2013-03-08T11:53:05+00:00","dateModified":"2017-04-13T14:40:35+00:00","author":{"@id":"https:\/\/www.sotrender.com\/blog\/#\/schema\/person\/7106df62825269bc360ad9171cd7149b"},"description":"Facebookowy News Feed b\u0119dzie pi\u0119kniejszy i wygodniejszy w u\u017cytkowaniu, zar\u00f3wno w wersji przegl\u0105darkowej jak i mobilnej. Zmiany obejmuj\u0105 trzy obszary: graficzne przedstawienie aktywno\u015bci, zak\u0142adki tematyczne i sp\u00f3jno\u015b\u0107 mi\u0119dzy platformami.","breadcrumb":{"@id":"https:\/\/www.sotrender.com\/blog\/pl\/2013\/03\/nowy-news-feed-ladniejszy-i-uzyteczniejszy-facebook\/#breadcrumb"},"inLanguage":"pl-PL","potentialAction":[{"@type":"ReadAction","target":["https:\/\/www.sotrender.com\/blog\/pl\/2013\/03\/nowy-news-feed-ladniejszy-i-uzyteczniejszy-facebook\/"]}]},{"@type":"ImageObject","inLanguage":"pl-PL","@id":"https:\/\/www.sotrender.com\/blog\/pl\/2013\/03\/nowy-news-feed-ladniejszy-i-uzyteczniejszy-facebook\/#primaryimage","url":"https:\/\/www.sotrender.com\/blog\/wp-content\/uploads\/2013\/03\/news_feed_1-300x174.png","contentUrl":"https:\/\/www.sotrender.com\/blog\/wp-content\/uploads\/2013\/03\/news_feed_1-300x174.png"},{"@type":"BreadcrumbList","@id":"https:\/\/www.sotrender.com\/blog\/pl\/2013\/03\/nowy-news-feed-ladniejszy-i-uzyteczniejszy-facebook\/#breadcrumb","itemListElement":[{"@type":"ListItem","position":1,"name":"Home","item":"https:\/\/www.sotrender.com\/blog\/"},{"@type":"ListItem","position":2,"name":"Nowy News Feed = \u0142adniejszy i u\u017cyteczniejszy Facebook?"}]},{"@type":"WebSite","@id":"https:\/\/www.sotrender.com\/blog\/#website","url":"https:\/\/www.sotrender.com\/blog\/","name":"Sotrender Blog","description":"","potentialAction":[{"@type":"SearchAction","target":{"@type":"EntryPoint","urlTemplate":"https:\/\/www.sotrender.com\/blog\/?s={search_term_string}"},"query-input":"required name=search_term_string"}],"inLanguage":"pl-PL"},{"@type":"Person","@id":"https:\/\/www.sotrender.com\/blog\/#\/schema\/person\/7106df62825269bc360ad9171cd7149b","name":"Aleksandra Prejs","image":{"@type":"ImageObject","inLanguage":"pl-PL","@id":"https:\/\/www.sotrender.com\/blog\/#\/schema\/person\/image\/","url":"https:\/\/secure.gravatar.com\/avatar\/469000454b77ff0aacb32c49dba023be?s=96&d=mm&r=g","contentUrl":"https:\/\/secure.gravatar.com\/avatar\/469000454b77ff0aacb32c49dba023be?s=96&d=mm&r=g","caption":"Aleksandra Prejs"},"url":"https:\/\/www.sotrender.com\/blog\/pl\/author\/aleksandra-prejs\/"}]}},"_links":{"self":[{"href":"https:\/\/www.sotrender.com\/blog\/pl\/wp-json\/wp\/v2\/posts\/5275"}],"collection":[{"href":"https:\/\/www.sotrender.com\/blog\/pl\/wp-json\/wp\/v2\/posts"}],"about":[{"href":"https:\/\/www.sotrender.com\/blog\/pl\/wp-json\/wp\/v2\/types\/post"}],"author":[{"embeddable":true,"href":"https:\/\/www.sotrender.com\/blog\/pl\/wp-json\/wp\/v2\/users\/31"}],"replies":[{"embeddable":true,"href":"https:\/\/www.sotrender.com\/blog\/pl\/wp-json\/wp\/v2\/comments?post=5275"}],"version-history":[{"count":16,"href":"https:\/\/www.sotrender.com\/blog\/pl\/wp-json\/wp\/v2\/posts\/5275\/revisions"}],"predecessor-version":[{"id":26669,"href":"https:\/\/www.sotrender.com\/blog\/pl\/wp-json\/wp\/v2\/posts\/5275\/revisions\/26669"}],"wp:attachment":[{"href":"https:\/\/www.sotrender.com\/blog\/pl\/wp-json\/wp\/v2\/media?parent=5275"}],"wp:term":[{"taxonomy":"category","embeddable":true,"href":"https:\/\/www.sotrender.com\/blog\/pl\/wp-json\/wp\/v2\/categories?post=5275"},{"taxonomy":"post_tag","embeddable":true,"href":"https:\/\/www.sotrender.com\/blog\/pl\/wp-json\/wp\/v2\/tags?post=5275"}],"curies":[{"name":"wp","href":"https:\/\/api.w.org\/{rel}","templated":true}]}}