{"id":52606,"date":"2024-07-26T14:24:16","date_gmt":"2024-07-26T12:24:16","guid":{"rendered":"https:\/\/www.sotrender.com\/blog\/?p=52606"},"modified":"2024-09-24T17:50:16","modified_gmt":"2024-09-24T15:50:16","slug":"reklama-w-meta-w-polsce-w-pierwszym-polroczu-2024-roku-analiza","status":"publish","type":"post","link":"https:\/\/www.sotrender.com\/blog\/pl\/2024\/07\/reklama-w-meta-w-polsce-w-pierwszym-polroczu-2024-roku-analiza\/","title":{"rendered":"Reklama w Meta w Polsce w pierwszym p\u00f3\u0142roczu 2024 roku [Analiza]"},"content":{"rendered":"\n<p>Za nami pierwsze p\u00f3\u0142rocze 2024 roku. Jak wygl\u0105da\u0142 w tym okresie rynek reklamy w ekosystemie Meta w Polsce?<\/p>\n\n\n\n<p>W ferworze przygotowa\u0144 do Q4 postanowili\u015bmy sprawdzi\u0107, jak wygl\u0105da\u0142y \u015brednie warto\u015bci CPC i CPM, oraz jakimi grupami docelowymi najbardziej interesowa\u0142y si\u0119 poszczeg\u00f3lne bran\u017ce. Sprawdzili\u015bmy r\u00f3wnie\u017c, kt\u00f3re marki publikowa\u0142y najwi\u0119cej reklam i najskuteczniej dociera\u0142y do u\u017cytkownik\u00f3w na Facebooku i Instagramie.<\/p>\n\n\n\n<!--more-->\n\n\n\n<p>Najwa\u017cniejsze wnioski z naszej analizy:<\/p>\n\n\n\n<ol>\n<li>W pierwszym p\u00f3\u0142roczu 2024 roku <strong>najwi\u0119ksz\u0105 liczb\u0119 reklam opublikowa\u0142o Temu Poland <\/strong>(ponad 18 tys. reklam), i osi\u0105gn\u0119\u0142o najwy\u017cszy wska\u017anik Reach Score.<\/li>\n\n\n\n<li><strong>11% reklam targetowanych by\u0142o na ca\u0142\u0105 Polsk\u0119.<\/strong><\/li>\n\n\n\n<li><strong>A\u017c 23% wszystkich reklam w ekosystemie Meta dotar\u0142o do mniej ni\u017c tysi\u0105ca odbiorc\u00f3w.<\/strong><\/li>\n\n\n\n<li>86% reklam marek z kategorii zdrowie i uroda dociera\u0142o do kobiet.<\/li>\n\n\n\n<li>\u015aredni CPM w ekosystemie Meta osi\u0105gn\u0105\u0142 warto\u015b\u0107 2 z\u0142 80 groszy. <strong>W por\u00f3wnaniu do \u015bredniego CPMu za 2023 rok oznacza to spadek o ponad z\u0142ot\u00f3wk\u0119.<\/strong><\/li>\n\n\n\n<li><strong>Reklama o najwi\u0119kszym zasi\u0119gu dotar\u0142a do \u2153 Polak\u00f3w.<\/strong> Opublikowano j\u0105 na profilu JYSK Polska.<\/li>\n<\/ol>\n\n\n\n<p>Gotowi, by pozna\u0107 szczeg\u00f3\u0142y? \ud83d\udcaa<\/p>\n\n\n\n<figure class=\"wp-block-image size-full\"><a href=\"https:\/\/3842881.fs1.hubspotusercontent-na1.net\/hubfs\/3842881\/Infografika%20Meta.pdf\" target=\"_blank\" rel=\"noreferrer noopener\"><img loading=\"lazy\" decoding=\"async\" width=\"1003\" height=\"1411\" src=\"https:\/\/www.sotrender.com\/blog\/wp-content\/uploads\/2024\/07\/reklama-w-meta-w-polsce-h1-2024.png\" alt=\"\" class=\"wp-image-52622\" srcset=\"https:\/\/www.sotrender.com\/blog\/wp-content\/uploads\/2024\/07\/reklama-w-meta-w-polsce-h1-2024.png 1003w, https:\/\/www.sotrender.com\/blog\/wp-content\/uploads\/2024\/07\/reklama-w-meta-w-polsce-h1-2024-475x668.png 475w, https:\/\/www.sotrender.com\/blog\/wp-content\/uploads\/2024\/07\/reklama-w-meta-w-polsce-h1-2024-768x1080.png 768w\" sizes=\"(max-width: 1003px) 100vw, 1003px\" \/><\/a><figcaption class=\"wp-element-caption\"><a href=\"https:\/\/3842881.fs1.hubspotusercontent-na1.net\/hubfs\/3842881\/Infografika%20Meta.pdf\" target=\"_blank\" rel=\"noreferrer noopener\">Pobierz w formacie PDF \u00bb<\/a><\/figcaption><\/figure>\n\n\n\n<h2 class=\"wp-block-heading\">Kto reklamowa\u0142 si\u0119 najintensywniej?<\/h2>\n\n\n\n<p>Je\u015bli \u015bledzicie nasze <a href=\"https:\/\/www.sotrender.com\/trends\/facebook\/poland\/202406\/ads\" target=\"_blank\" rel=\"noreferrer noopener\">raporty Trends<\/a> i <a href=\"https:\/\/www.sotrender.com\/blog\/pl\/2024\/06\/facebook-trends-maj-2024-jeszcze-wiecej-danych-reklamowych-w-trendsach\/\" target=\"_blank\" rel=\"noreferrer noopener\">pog\u0142\u0119bione dane reklamowe<\/a>, kt\u00f3re publikujemy od dw\u00f3ch miesi\u0119cy, nie b\u0119dzie dla Was zaskoczeniem, kt\u00f3rzy reklamodawcy opublikowali najwi\u0119ksz\u0105 liczb\u0119 reklam.<\/p>\n\n\n\n<p>W TOP3 znale\u017ali si\u0119:<\/p>\n\n\n\n<ol>\n<li>Temu Poland \u2013 18 720 reklam&nbsp;<\/li>\n\n\n\n<li>CityFit \u2013 12 541 reklam&nbsp;<\/li>\n\n\n\n<li>\u017babka Polska \u2013 10 072 reklam<\/li>\n<\/ol>\n\n\n\n<p>Z kolei bran\u017cami z najwi\u0119ksz\u0105 liczb\u0105 reklam by\u0142y:<\/p>\n\n\n\n<ol>\n<li>Zakupy i handel \u2013 65 060<\/li>\n\n\n\n<li>Odzie\u017c i akcesoria \u2013 60 229<\/li>\n\n\n\n<li>Zdrowie i uroda (marki) \u2013 37 299<\/li>\n<\/ol>\n\n\n\n<p>Oznacza to, \u017ce <strong>w bran\u017cy <\/strong><strong><em>Zakupy i handel<\/em><\/strong><strong> reklamy \u017babki i Temu odpowiada\u0142y za 44% wszystkich reklam.<\/strong><\/p>\n\n\n\n<h2 class=\"wp-block-heading\">Reach Score, czyli kto mia\u0142 najwi\u0119ksze zasi\u0119gi<\/h2>\n\n\n\n<p>Pod wzgl\u0119dem Reach Score, kt\u00f3ry jest wska\u017anikiem zasi\u0119gu reklamy, zdecydowanym liderem w pierwszym p\u00f3\u0142roczu by\u0142o r\u00f3wnie\u017c Temu Polska.<\/p>\n\n\n\n<p>Na drugim miejscu znalaz\u0142 si\u0119 Lidl Polska ze wska\u017anikiem Reach Score na poziomie 66, a SkyShowtime mia\u0142 \u0142\u0105czny zasi\u0119g o ponad po\u0142ow\u0119 mniejszy ni\u017c Temu (Reach Score = 45).&nbsp;<\/p>\n\n\n\n<p>Z kolei kategoriami z najwy\u017cszym wska\u017anikiem Reach Score by\u0142y:<\/p>\n\n\n\n<ol>\n<li>Zakupy i handel \u2013 100<\/li>\n\n\n\n<li>\u017bywno\u015b\u0107 i napoje \u2013 42<\/li>\n\n\n\n<li>Zdrowie i uroda (marki) \u2013 37&nbsp;<\/li>\n<\/ol>\n\n\n\n<h2 class=\"wp-block-heading\">Strategie reklamowe, czyli w jakie reklamy inwestuj\u0105 marki<\/h2>\n\n\n\n<p>Ciekawe jest r\u00f3wnie\u017c to, jakie reklamy \u2013 o wysokim czy niskim zasi\u0119gu \u2013 przewa\u017ca\u0142y w wybranych bran\u017cach.<\/p>\n\n\n\n<p>W ca\u0142ym ekosystemie Meta najwi\u0119cej, bo 25%, by\u0142o reklam o zasi\u0119gu w przedziale 10-50 tys. Nieco ponad 1,5% reklam mia\u0142o zasi\u0119g wy\u017cszy ni\u017c milion.<\/p>\n\n\n\n<p><strong>Z kolei a\u017c 23% wszystkich reklam w ekosystemie Meta dotar\u0142o do mniej ni\u017c tysi\u0105ca odbiorc\u00f3w.<\/strong><\/p>\n\n\n\n<figure class=\"wp-block-image size-full\"><img loading=\"lazy\" decoding=\"async\" width=\"1999\" height=\"1098\" src=\"https:\/\/www.sotrender.com\/blog\/wp-content\/uploads\/2024\/07\/liczba-reklam-wysoko-i-niskozasiegowych-w-meta.png\" alt=\"\" class=\"wp-image-52635\" srcset=\"https:\/\/www.sotrender.com\/blog\/wp-content\/uploads\/2024\/07\/liczba-reklam-wysoko-i-niskozasiegowych-w-meta.png 1999w, https:\/\/www.sotrender.com\/blog\/wp-content\/uploads\/2024\/07\/liczba-reklam-wysoko-i-niskozasiegowych-w-meta-475x261.png 475w, https:\/\/www.sotrender.com\/blog\/wp-content\/uploads\/2024\/07\/liczba-reklam-wysoko-i-niskozasiegowych-w-meta-768x422.png 768w, https:\/\/www.sotrender.com\/blog\/wp-content\/uploads\/2024\/07\/liczba-reklam-wysoko-i-niskozasiegowych-w-meta-1536x844.png 1536w\" sizes=\"(max-width: 1999px) 100vw, 1999px\" \/><\/figure>\n\n\n\n<p><\/p>\n\n\n\n<p>Reklamy o niskim zasi\u0119gu by\u0142y publikowane g\u0142\u00f3wnie przez marki, kt\u00f3rym zale\u017cy na precyzyjnym dotarciu do konkretnych lokalizacji.<\/p>\n\n\n\n<p>Do takich bran\u017c nale\u017ca\u0142y:<\/p>\n\n\n\n<ol>\n<li>Nieruchomo\u015bci<\/li>\n\n\n\n<li>Marketing<\/li>\n\n\n\n<li>Sport i rekreacja<\/li>\n<\/ol>\n\n\n\n<p><strong>A\u017c 41% reklam w bran\u017cy nieruchomo\u015bci dotar\u0142o do mniej ni\u017c tysi\u0105ca odbiorc\u00f3w.<\/strong><\/p>\n\n\n\n<p>W bran\u017cach tych najbardziej popularne by\u0142y reklamy:<\/p>\n\n\n\n<ul>\n<li>konwersyjne (np. na wype\u0142nienie formularza kontaktowego, pobranie oferty),<\/li>\n\n\n\n<li>zasi\u0119gowe, jednak z bardzo precyzyjnym targetowaniem.<\/li>\n<\/ul>\n\n\n\n<p>Tak wygl\u0105da\u0142y przyk\u0142adowe reklamy:<\/p>\n\n\n\n<figure class=\"wp-block-image size-full\"><img loading=\"lazy\" decoding=\"async\" width=\"1800\" height=\"799\" src=\"https:\/\/www.sotrender.com\/blog\/wp-content\/uploads\/2024\/07\/H1-2024-top-reklamy-nieruchomosci.png\" alt=\"H1 2024, top reklamy nieruchomo\u015bci\" class=\"wp-image-52611\" srcset=\"https:\/\/www.sotrender.com\/blog\/wp-content\/uploads\/2024\/07\/H1-2024-top-reklamy-nieruchomosci.png 1800w, https:\/\/www.sotrender.com\/blog\/wp-content\/uploads\/2024\/07\/H1-2024-top-reklamy-nieruchomosci-475x211.png 475w, https:\/\/www.sotrender.com\/blog\/wp-content\/uploads\/2024\/07\/H1-2024-top-reklamy-nieruchomosci-768x341.png 768w, https:\/\/www.sotrender.com\/blog\/wp-content\/uploads\/2024\/07\/H1-2024-top-reklamy-nieruchomosci-1536x682.png 1536w\" sizes=\"(max-width: 1800px) 100vw, 1800px\" \/><\/figure>\n\n\n\n<p><\/p>\n\n\n\n<p>Z kolei marki, kt\u00f3re tworzy\u0142y reklamy o najwy\u017cszych zasi\u0119gach, nale\u017ca\u0142y do bran\u017c:<\/p>\n\n\n\n<ol>\n<li>Alkoholi<\/li>\n\n\n\n<li>Us\u0142ug z zakresu bankowo\u015bci i finans\u00f3w<\/li>\n\n\n\n<li>\u017bywno\u015bci i napoi<\/li>\n<\/ol>\n\n\n\n<p>Bez zaskoczenia, by\u0142y to reklamy targetowane na ca\u0142\u0105 Polsk\u0119, skierowane do szerokiego grona odbiorc\u00f3w, a ich g\u0142\u00f3wnym celem reklamowym by\u0142o budowanie \u015bwiadomo\u015bci.<\/p>\n\n\n\n<p>Do takich reklam nale\u017ca\u0142y m.in.:<\/p>\n\n\n\n<figure class=\"wp-block-image size-full\"><img loading=\"lazy\" decoding=\"async\" width=\"1800\" height=\"799\" src=\"https:\/\/www.sotrender.com\/blog\/wp-content\/uploads\/2024\/07\/H1-2024-top-reklamy-alkohole.png\" alt=\"h1 2024, reklamy o wysokich zasi\u0119gach w meta\" class=\"wp-image-52613\" srcset=\"https:\/\/www.sotrender.com\/blog\/wp-content\/uploads\/2024\/07\/H1-2024-top-reklamy-alkohole.png 1800w, https:\/\/www.sotrender.com\/blog\/wp-content\/uploads\/2024\/07\/H1-2024-top-reklamy-alkohole-475x211.png 475w, https:\/\/www.sotrender.com\/blog\/wp-content\/uploads\/2024\/07\/H1-2024-top-reklamy-alkohole-768x341.png 768w, https:\/\/www.sotrender.com\/blog\/wp-content\/uploads\/2024\/07\/H1-2024-top-reklamy-alkohole-1536x682.png 1536w\" sizes=\"(max-width: 1800px) 100vw, 1800px\" \/><\/figure>\n\n\n\n<h2 class=\"wp-block-heading\">Zainteresowanie marek poszczeg\u00f3lnymi grupami wiekowymi<\/h2>\n\n\n\n<p>Przyjrzeli\u015bmy si\u0119 r\u00f3wnie\u017c, na komunikacji do jakich grup docelowych koncentrowa\u0142y si\u0119 poszczeg\u00f3lne bran\u017ce.<\/p>\n\n\n\n<p>Kt\u00f3re bran\u017ce osi\u0105ga\u0142y najwi\u0119kszy odsetek dotarcia w poszczeg\u00f3lnych grupach wiekowych?<\/p>\n\n\n\n<p>Do os\u00f3b w wieku 18-24 najcz\u0119\u015bciej dociera\u0142y tre\u015bci z bran\u017c:<\/p>\n\n\n\n<ul>\n<li>Edukacja<\/li>\n\n\n\n<li>Bary i restauracje<\/li>\n\n\n\n<li>Sport i rekreacja<\/li>\n<\/ul>\n\n\n\n<figure class=\"wp-block-image size-full\"><img loading=\"lazy\" decoding=\"async\" width=\"1999\" height=\"1098\" src=\"https:\/\/www.sotrender.com\/blog\/wp-content\/uploads\/2024\/07\/odbiorcy-reklam-wg-wieku-w-wybranych-branzach.png\" alt=\"\" class=\"wp-image-52638\" srcset=\"https:\/\/www.sotrender.com\/blog\/wp-content\/uploads\/2024\/07\/odbiorcy-reklam-wg-wieku-w-wybranych-branzach.png 1999w, https:\/\/www.sotrender.com\/blog\/wp-content\/uploads\/2024\/07\/odbiorcy-reklam-wg-wieku-w-wybranych-branzach-475x261.png 475w, https:\/\/www.sotrender.com\/blog\/wp-content\/uploads\/2024\/07\/odbiorcy-reklam-wg-wieku-w-wybranych-branzach-768x422.png 768w, https:\/\/www.sotrender.com\/blog\/wp-content\/uploads\/2024\/07\/odbiorcy-reklam-wg-wieku-w-wybranych-branzach-1536x844.png 1536w\" sizes=\"(max-width: 1999px) 100vw, 1999px\" \/><\/figure>\n\n\n\n<p><\/p>\n\n\n\n<p>Do os\u00f3b w wieku 25-34 najcz\u0119\u015bciej dociera\u0142y tre\u015bci z bran\u017c:<\/p>\n\n\n\n<ul>\n<li>Rodzicielstwo<\/li>\n\n\n\n<li>Zabawki i gry<\/li>\n\n\n\n<li>Alkohole (wino, piwo)<\/li>\n\n\n\n<li>Catering i dostawa \u017cywno\u015bci<\/li>\n<\/ul>\n\n\n\n<p>Do os\u00f3b w wieku 35-44 najcz\u0119\u015bciej dociera\u0142y tre\u015bci z bran\u017c:<\/p>\n\n\n\n<ul>\n<li>Ubezpieczenia<\/li>\n\n\n\n<li>Odzie\u017c i akcesoria<\/li>\n\n\n\n<li>Hotele i zakwaterowanie<\/li>\n<\/ul>\n\n\n\n<p>Do os\u00f3b w wieku 45-54 najcz\u0119\u015bciej dociera\u0142y tre\u015bci z bran\u017c:<\/p>\n\n\n\n<ul>\n<li>Ubezpieczenia<\/li>\n\n\n\n<li>Podr\u00f3\u017ce i transport<\/li>\n\n\n\n<li>Zaopatrzenie&nbsp;<\/li>\n<\/ul>\n\n\n\n<p>Do os\u00f3b w wieku 55-64 najcz\u0119\u015bciej dociera\u0142y tre\u015bci z bran\u017c:<\/p>\n\n\n\n<ul>\n<li>Podr\u00f3\u017ce i transport<\/li>\n\n\n\n<li>Nieruchomo\u015bci<\/li>\n\n\n\n<li>Hotele i zakwaterowanie<\/li>\n<\/ul>\n\n\n\n<p>Do os\u00f3b powy\u017cej 65 r.\u017c. dociera\u0142y tre\u015bci z bran\u017c:<\/p>\n\n\n\n<ul>\n<li>Nieruchomo\u015bci<\/li>\n\n\n\n<li>Marketing&nbsp;<\/li>\n\n\n\n<li>Podr\u00f3\u017ce i transport<\/li>\n<\/ul>\n\n\n\n<p>Zainteresowanie marek poszczeg\u00f3lnymi grupami wiekowymi jest doskona\u0142ym odzwierciedleniem cyklu \u017cycia cz\u0142owieka. Do os\u00f3b poni\u017cej 24 r.\u017c. przekaz kierowa\u0142y g\u0142\u00f3wnie podmioty edukacyjne oraz te zwi\u0105zane ze sp\u0119dzaniem wolnego czasu na mie\u015bcie.<\/p>\n\n\n\n<p>Z kolei grup\u0105 wiekow\u0105 powy\u017cej 35 r.\u017c., kt\u00f3ra jest znacznie bardziej maj\u0119tna, zainteresowanie wykazywali g\u0142\u00f3wnie ubezpieczyciele, firmy z bran\u017cy nieruchomo\u015bci, hotelarstwa i podr\u00f3\u017cy.<\/p>\n\n\n\n<h2 class=\"wp-block-heading\">Komunikacja marek do poszczeg\u00f3lnych p\u0142ci<\/h2>\n\n\n\n<p>Jakie by\u0142o zainteresowanie wybranych bran\u017c poszczeg\u00f3lnymi p\u0142ciami? Kt\u00f3re targetowa\u0142y tre\u015bci g\u0142\u00f3wnie do kobiet, a kt\u00f3re do m\u0119\u017cczyzn?<\/p>\n\n\n\n<p>Do kobiet najcz\u0119\u015bciej dociera\u0142y reklamy:<\/p>\n\n\n\n<ol>\n<li>Marek zwi\u0105zanych ze zdrowiem i urod\u0105<\/li>\n\n\n\n<li>Marek z segmentu odzie\u017cy i akcesori\u00f3w&nbsp;<\/li>\n\n\n\n<li>Firm us\u0142ugowych zwi\u0105zanych ze zdrowiem i urod\u0105 (fryzjer\u00f3w, kosmetyczek, salon\u00f3w urody, etc.)<\/li>\n<\/ol>\n\n\n\n<p><strong>86% reklam marek z kategorii zdrowie i uroda dociera\u0142o do kobiet.<\/strong><\/p>\n\n\n\n<p>Z kolei bran\u017cami, kt\u00f3rych reklamy najcz\u0119\u015bciej dociera\u0142y do m\u0119\u017cczyzn by\u0142y:<\/p>\n\n\n\n<ol>\n<li>Motoryzacja<\/li>\n\n\n\n<li>Sport i rekreacja<\/li>\n\n\n\n<li>Nauka i technologia&nbsp;<\/li>\n<\/ol>\n\n\n\n<p><strong>74% reklam z bran\u017cy motoryzacyjnej dociera\u0142o do m\u0119\u017cczyzn.<\/strong><\/p>\n\n\n\n<figure class=\"wp-block-image size-full\"><img loading=\"lazy\" decoding=\"async\" width=\"1999\" height=\"1098\" src=\"https:\/\/www.sotrender.com\/blog\/wp-content\/uploads\/2024\/07\/H1-2024-odbiorcy-reklam-wg-plci-z-podzialem-na-branze.png\" alt=\"na facebooku reklamy motoryzacyjne docieraj\u0105 g\u0142\u00f3wnie do m\u0119\u017cczyzn\" class=\"wp-image-52615\" srcset=\"https:\/\/www.sotrender.com\/blog\/wp-content\/uploads\/2024\/07\/H1-2024-odbiorcy-reklam-wg-plci-z-podzialem-na-branze.png 1999w, https:\/\/www.sotrender.com\/blog\/wp-content\/uploads\/2024\/07\/H1-2024-odbiorcy-reklam-wg-plci-z-podzialem-na-branze-475x261.png 475w, https:\/\/www.sotrender.com\/blog\/wp-content\/uploads\/2024\/07\/H1-2024-odbiorcy-reklam-wg-plci-z-podzialem-na-branze-768x422.png 768w, https:\/\/www.sotrender.com\/blog\/wp-content\/uploads\/2024\/07\/H1-2024-odbiorcy-reklam-wg-plci-z-podzialem-na-branze-1536x844.png 1536w\" sizes=\"(max-width: 1999px) 100vw, 1999px\" \/><\/figure>\n\n\n\n<h2 class=\"wp-block-heading\">JYSK z najbardziej widoczn\u0105 reklam\u0105 p\u00f3\u0142rocza<\/h2>\n\n\n\n<p>Jakie reklamy mia\u0142y najwi\u0119kszy zasi\u0119g w pierwszym p\u00f3\u0142roczu 2024 roku?<\/p>\n\n\n\n<p>Liderzy to marki z kategorii Handel i E\u2013commerce, kt\u00f3rych reklamy dociera\u0142y do ponad 13 milion\u00f3w Polak\u00f3w ka\u017cda.<\/p>\n\n\n\n<p>Reklam\u0119 o najwi\u0119kszym zasi\u0119gu opublikowa\u0142 JYSK Polska informuj\u0105cy klient\u00f3w o obni\u017ceniu cen swoich produkt\u00f3w. Na drugim miejscu znalaz\u0142a si\u0119 walentynkowa reklama eobuwie.pl, a na trzecim reklama Allegro. Wszystkie te reklamy zosta\u0142y opublikowane w pierwszym kwartale.<\/p>\n\n\n\n<p><strong>Reklam\u0119 JYSKa, eobuwie.pl czy Allegro zobaczy\u0142a a\u017c \u2153 Polak\u00f3w.<\/strong><\/p>\n\n\n\n<figure class=\"wp-block-image size-full\"><img loading=\"lazy\" decoding=\"async\" width=\"1800\" height=\"799\" src=\"https:\/\/www.sotrender.com\/blog\/wp-content\/uploads\/2024\/07\/top-reklamy-w-meta-w-h1-2024.png\" alt=\"\" class=\"wp-image-52632\" srcset=\"https:\/\/www.sotrender.com\/blog\/wp-content\/uploads\/2024\/07\/top-reklamy-w-meta-w-h1-2024.png 1800w, https:\/\/www.sotrender.com\/blog\/wp-content\/uploads\/2024\/07\/top-reklamy-w-meta-w-h1-2024-475x211.png 475w, https:\/\/www.sotrender.com\/blog\/wp-content\/uploads\/2024\/07\/top-reklamy-w-meta-w-h1-2024-768x341.png 768w, https:\/\/www.sotrender.com\/blog\/wp-content\/uploads\/2024\/07\/top-reklamy-w-meta-w-h1-2024-1536x682.png 1536w\" sizes=\"(max-width: 1800px) 100vw, 1800px\" \/><figcaption class=\"wp-element-caption\">Reklamy o najwi\u0119kszym zasi\u0119gu w Polsce w ekosystemie Meta w pierwszym p\u00f3\u0142roczu 2024 r.<\/figcaption><\/figure>\n\n\n\n<h2 class=\"wp-block-heading\">\u015arednie koszty CPC i CPM w pierwszym p\u00f3\u0142roczu 2024 roku<\/h2>\n\n\n\n<p>W H1 2024 \u015bredni koszt za klikni\u0119cie (CPC) w ekosystemie Meta wyni\u00f3s\u0142 92 grosze, co by\u0142o wy\u017csz\u0105 warto\u015bci\u0105 ni\u017c w ca\u0142ym 2023 roku, kiedy to \u015bredni CPC przyj\u0105\u0142 warto\u015b\u0107 86 groszy.<\/p>\n\n\n\n<p>W pierwszym p\u00f3\u0142roczu najni\u017csz\u0105 warto\u015b\u0107 CPC odnotowali\u015bmy w lutym \u2013 78 groszy, a najwy\u017csz\u0105 w czerwcu \u2013 1 z\u0142.<\/p>\n\n\n\n<p>Z kolei \u015bredni CPM w ekosystemie Meta osi\u0105gn\u0105\u0142 warto\u015b\u0107 2 z\u0142 80 groszy. Oznacza to, \u017ce <strong>warto\u015b\u0107 \u015bredniego CPMu nieustannie maleje<\/strong> \u2013 w 2023 roku \u015bredni CPM osi\u0105gn\u0105\u0142 warto\u015b\u0107 3 z\u0142 92 groszy, co tylko na przestrzeni ostatnich kilku miesi\u0119cy daje spadek o ponad z\u0142ot\u00f3wk\u0119.<\/p>\n\n\n\n<p>Warto\u015bci \u015bredniego CPMu w poszczeg\u00f3lnych miesi\u0105cach pierwszego p\u00f3\u0142rocza by\u0142y do siebie bardzo zbli\u017cone:<\/p>\n\n\n\n<ul>\n<li>najni\u017csz\u0105 warto\u015b\u0107 osi\u0105gn\u0105\u0142 w czerwcu \u2013 2 z\u0142 61 gr,<\/li>\n\n\n\n<li>a najwy\u017csz\u0105 w marcu \u2013 2 z\u0142 97 gr.<\/li>\n<\/ul>\n\n\n\n<p>Co to oznacza dla marketer\u00f3w i planowanych przez nich dzia\u0142a\u0144 reklamowych na Q4?<\/p>\n\n\n\n<h2 class=\"wp-block-heading\">Reklama w Q4 \u2013 jak dobrze j\u0105 zaplanowa\u0107?<\/h2>\n\n\n\n<p>Z analizy danych z poprzednich lat wynika, \u017ce w strategiach reklamowych marek <strong>promowanie ofert i promocji na Black Friday z roku na rok zaczyna si\u0119 coraz wcze\u015bniej. <\/strong><\/p>\n\n\n\n<p>W ubieg\u0142ym roku najwi\u0119cej reklam by\u0142o na oko\u0142o dwa tygodnie przed Black Friday, podczas gdy w 2022 roku najwi\u0119cej reklam pojawi\u0142o si\u0119 w tygodniu blackfriday\u2019owym.<\/p>\n\n\n\n<p>W listopadzie w minionych latach znacznie wi\u0119cej by\u0142o r\u00f3wnie\u017c reklam konwersyjnych (z celem m.in. sprzeda\u017c) ni\u017c zasi\u0119gowych.<\/p>\n\n\n\n<p>Dla reklam z celami konwersyjnymi wska\u017anik CPC w ubieg\u0142ych latach by\u0142 najwy\u017cszy:<\/p>\n\n\n\n<ul>\n<li>w tygodniu poprzedzaj\u0105cym Czarny Pi\u0105tek,&nbsp;<\/li>\n\n\n\n<li>w sam Black Friday,<\/li>\n\n\n\n<li>na dwa tygodnie przed \u015bwi\u0119tami.&nbsp;<\/li>\n<\/ul>\n\n\n\n<figure class=\"wp-block-image size-full\"><img loading=\"lazy\" decoding=\"async\" width=\"1999\" height=\"1098\" src=\"https:\/\/www.sotrender.com\/blog\/wp-content\/uploads\/2024\/07\/cpc-meta-w-latach-2022-2023.png\" alt=\"koszt cpc na facebooku w 2022 i 2023 roku \" class=\"wp-image-52629\" srcset=\"https:\/\/www.sotrender.com\/blog\/wp-content\/uploads\/2024\/07\/cpc-meta-w-latach-2022-2023.png 1999w, https:\/\/www.sotrender.com\/blog\/wp-content\/uploads\/2024\/07\/cpc-meta-w-latach-2022-2023-475x261.png 475w, https:\/\/www.sotrender.com\/blog\/wp-content\/uploads\/2024\/07\/cpc-meta-w-latach-2022-2023-768x422.png 768w, https:\/\/www.sotrender.com\/blog\/wp-content\/uploads\/2024\/07\/cpc-meta-w-latach-2022-2023-1536x844.png 1536w\" sizes=\"(max-width: 1999px) 100vw, 1999px\" \/><\/figure>\n\n\n\n<p><\/p>\n\n\n\n<p>Z kolei znaczny spadek w liczbie reklam nast\u0119puje zwykle w okolicach 18 grudnia, czyli na tydzie\u0144 przed \u015awi\u0119tami Bo\u017cego Narodzenia. W ca\u0142ym Q4 najmniej reklam b\u0119dzie w ostatnim tygodniu roku. Wtedy te\u017c \u015bredni wska\u017anik CPC i CPM przyjmie najni\u017csz\u0105 warto\u015b\u0107.<\/p>\n\n\n\n<p>W ca\u0142ym Q4 najspokojniejsze pod wzgl\u0119dem liczby aktywnych reklam s\u0105:<\/p>\n\n\n\n<ul>\n<li>pierwszy i ostatni tydzie\u0144 pa\u017adziernika,<\/li>\n\n\n\n<li>tydzie\u0144 po Black Friday (prze\u0142om listopada i grudnia),<\/li>\n\n\n\n<li>dwa ostatnie tygodnie grudnia.<\/li>\n<\/ul>\n\n\n\n<p>Co mo\u017cesz wi\u0119c zrobi\u0107, by, mimo du\u017cej konkurencyjno\u015bci w\u015br\u00f3d reklamodawc\u00f3w w Q4, dzia\u0142a\u0107 maksymalnie skutecznie i osi\u0105ga\u0107 swoje cele?<\/p>\n\n\n\n<ol>\n<li><strong>Dzia\u0142aj zachowawczo: <\/strong>znaj\u0105c trendy z poprzednich lat, spr\u00f3buj wstrzeli\u0107 si\u0119 w okresy o nieco ni\u017cszej intensywno\u015bci w dzia\u0142aniach innych reklamodawc\u00f3w.<\/li>\n\n\n\n<li><strong>Dzia\u0142aj aktywnie<\/strong> i nie b\u0105d\u017a zale\u017cny od tego, co robi\u0105 inne firmy. Trzymaj si\u0119 zaplanowanego harmonogramu i bud\u017cetu, zacznij za to korzysta\u0107 ze sztucznej inteligencji i nowoczesnych rozwi\u0105za\u0144, by osi\u0105ga\u0107 lepsze rezultaty. Pomo\u017ce Ci w tym np. <a href=\"https:\/\/www.sotrender.com\/blog\/pl\/2024\/06\/optymalizacja-sotrender-ads\/\" target=\"_blank\" rel=\"noreferrer noopener\">Optymalizacja reklam<\/a> dost\u0119pna w Sotrenderze. Dostarczy Ci ona gotowych wskaz\u00f3wek odno\u015bnie ustawie\u0144 reklamy (takich jak umiejscowienia czy zainteresowania), tak, by maksymalnie wykorzysta\u0107 dost\u0119pny bud\u017cet i dociera\u0107 do wi\u0119kszej liczby odbiorc\u00f3w.<\/li>\n<\/ol>\n\n\n\n<figure class=\"wp-block-image size-large\"><img loading=\"lazy\" decoding=\"async\" width=\"3698\" height=\"2000\" src=\"https:\/\/www.sotrender.com\/blog\/wp-content\/uploads\/2024\/05\/optymalizacja-przyklad-3698x2000.png\" alt=\"optymalizacja reklam w sotrenderze\" class=\"wp-image-52188\" srcset=\"https:\/\/www.sotrender.com\/blog\/wp-content\/uploads\/2024\/05\/optymalizacja-przyklad-3698x2000.png 3698w, https:\/\/www.sotrender.com\/blog\/wp-content\/uploads\/2024\/05\/optymalizacja-przyklad-475x257.png 475w, https:\/\/www.sotrender.com\/blog\/wp-content\/uploads\/2024\/05\/optymalizacja-przyklad-768x415.png 768w, https:\/\/www.sotrender.com\/blog\/wp-content\/uploads\/2024\/05\/optymalizacja-przyklad-1536x831.png 1536w, https:\/\/www.sotrender.com\/blog\/wp-content\/uploads\/2024\/05\/optymalizacja-przyklad-2048x1108.png 2048w\" sizes=\"(max-width: 3698px) 100vw, 3698px\" \/><\/figure>\n\n\n\n<p>Pami\u0119taj: dane maj\u0105 s\u0142u\u017cy\u0107 Tobie, a nie Ty im. \ud83d\ude09<\/p>\n\n\n\n<p><a href=\"https:\/\/www.sotrender.com\/pl\/ads-optimization\" target=\"_blank\" rel=\"noreferrer noopener\">Optymalizacj\u0119 reklam<\/a> przetestujesz bezp\u0142atnie, je\u015bli jeste\u015b ju\u017c naszym klientem, lub podczas darmowego <a href=\"https:\/\/app.sotrender.com\/auth\/signup\/trial\/pl\/\" target=\"_blank\" rel=\"noreferrer noopener\">14-dniowego okresu pr\u00f3bnego<\/a>.<\/p>\n","protected":false},"excerpt":{"rendered":"<p>Za nami pierwsze p\u00f3\u0142rocze 2024 roku. Jak wygl\u0105da\u0142 w tym okresie rynek reklamy w ekosystemie Meta w Polsce? W ferworze przygotowa\u0144 do Q4 postanowili\u015bmy sprawdzi\u0107, jak wygl\u0105da\u0142y \u015brednie warto\u015bci CPC i CPM, oraz jakimi grupami docelowymi najbardziej interesowa\u0142y si\u0119 poszczeg\u00f3lne bran\u017ce. Sprawdzili\u015bmy r\u00f3wnie\u017c, kt\u00f3re marki publikowa\u0142y najwi\u0119cej reklam i najskuteczniej dociera\u0142y do u\u017cytkownik\u00f3w na Facebooku [&hellip;]<\/p>\n","protected":false},"author":89,"featured_media":52627,"comment_status":"closed","ping_status":"open","sticky":false,"template":"","format":"standard","meta":{"inline_featured_image":false,"footnotes":""},"categories":[1793,2275],"tags":[],"yoast_head":"<!-- This site is optimized with the Yoast SEO plugin v22.4 - https:\/\/yoast.com\/wordpress\/plugins\/seo\/ -->\n<title>Reklama w Meta w Polsce w pierwszym p\u00f3\u0142roczu 2024 r. [Analiza]<\/title>\n<meta name=\"description\" content=\"W ferworze przygotowa\u0144 do Q4 postanowili\u015bmy sprawdzi\u0107, jak wygl\u0105da\u0142 rynek reklamy w Meta w Polsce w pierwszym p\u00f3\u0142roczu 2024.\" \/>\n<meta name=\"robots\" content=\"index, follow, max-snippet:-1, max-image-preview:large, max-video-preview:-1\" \/>\n<link rel=\"canonical\" href=\"https:\/\/www.sotrender.com\/blog\/pl\/2024\/07\/reklama-w-meta-w-polsce-w-pierwszym-polroczu-2024-roku-analiza\/\" \/>\n<meta property=\"og:locale\" content=\"pl_PL\" \/>\n<meta property=\"og:type\" content=\"article\" \/>\n<meta property=\"og:title\" content=\"Reklama w Meta w Polsce w pierwszym p\u00f3\u0142roczu 2024 r. [Analiza]\" \/>\n<meta property=\"og:description\" content=\"W ferworze przygotowa\u0144 do Q4 postanowili\u015bmy sprawdzi\u0107, jak wygl\u0105da\u0142 rynek reklamy w Meta w Polsce w pierwszym p\u00f3\u0142roczu 2024.\" \/>\n<meta property=\"og:url\" content=\"https:\/\/www.sotrender.com\/blog\/pl\/2024\/07\/reklama-w-meta-w-polsce-w-pierwszym-polroczu-2024-roku-analiza\/\" \/>\n<meta property=\"og:site_name\" content=\"Sotrender Blog\" \/>\n<meta property=\"article:publisher\" content=\"https:\/\/www.facebook.com\/Sotrender\" \/>\n<meta property=\"article:published_time\" content=\"2024-07-26T12:24:16+00:00\" \/>\n<meta property=\"article:modified_time\" content=\"2024-09-24T15:50:16+00:00\" \/>\n<meta property=\"og:image\" content=\"https:\/\/www.sotrender.com\/blog\/wp-content\/uploads\/2024\/07\/reklama-2024.jpg\" \/>\n\t<meta property=\"og:image:width\" content=\"640\" \/>\n\t<meta property=\"og:image:height\" content=\"959\" \/>\n\t<meta property=\"og:image:type\" content=\"image\/jpeg\" \/>\n<meta name=\"author\" content=\"Klaudia \u017by\u0142ka\" \/>\n<meta name=\"twitter:card\" content=\"summary_large_image\" \/>\n<meta name=\"twitter:creator\" content=\"@Sotrender\" \/>\n<meta name=\"twitter:site\" content=\"@Sotrender\" \/>\n<meta name=\"twitter:label1\" content=\"Written by\" \/>\n\t<meta name=\"twitter:data1\" content=\"Klaudia \u017by\u0142ka\" \/>\n\t<meta name=\"twitter:label2\" content=\"Est. reading time\" \/>\n\t<meta name=\"twitter:data2\" content=\"8 minutes\" \/>\n<script type=\"application\/ld+json\" class=\"yoast-schema-graph\">{\"@context\":\"https:\/\/schema.org\",\"@graph\":[{\"@type\":\"WebPage\",\"@id\":\"https:\/\/www.sotrender.com\/blog\/pl\/2024\/07\/reklama-w-meta-w-polsce-w-pierwszym-polroczu-2024-roku-analiza\/\",\"url\":\"https:\/\/www.sotrender.com\/blog\/pl\/2024\/07\/reklama-w-meta-w-polsce-w-pierwszym-polroczu-2024-roku-analiza\/\",\"name\":\"Reklama w Meta w Polsce w pierwszym p\u00f3\u0142roczu 2024 r. [Analiza]\",\"isPartOf\":{\"@id\":\"https:\/\/www.sotrender.com\/blog\/#website\"},\"primaryImageOfPage\":{\"@id\":\"https:\/\/www.sotrender.com\/blog\/pl\/2024\/07\/reklama-w-meta-w-polsce-w-pierwszym-polroczu-2024-roku-analiza\/#primaryimage\"},\"image\":{\"@id\":\"https:\/\/www.sotrender.com\/blog\/pl\/2024\/07\/reklama-w-meta-w-polsce-w-pierwszym-polroczu-2024-roku-analiza\/#primaryimage\"},\"thumbnailUrl\":\"https:\/\/www.sotrender.com\/blog\/wp-content\/uploads\/2024\/07\/reklama-2024.jpg\",\"datePublished\":\"2024-07-26T12:24:16+00:00\",\"dateModified\":\"2024-09-24T15:50:16+00:00\",\"author\":{\"@id\":\"https:\/\/www.sotrender.com\/blog\/#\/schema\/person\/038ac5e276c5d102d8cbb9c36cd43416\"},\"description\":\"W ferworze przygotowa\u0144 do Q4 postanowili\u015bmy sprawdzi\u0107, jak wygl\u0105da\u0142 rynek reklamy w Meta w Polsce w pierwszym p\u00f3\u0142roczu 2024.\",\"breadcrumb\":{\"@id\":\"https:\/\/www.sotrender.com\/blog\/pl\/2024\/07\/reklama-w-meta-w-polsce-w-pierwszym-polroczu-2024-roku-analiza\/#breadcrumb\"},\"inLanguage\":\"pl-PL\",\"potentialAction\":[{\"@type\":\"ReadAction\",\"target\":[\"https:\/\/www.sotrender.com\/blog\/pl\/2024\/07\/reklama-w-meta-w-polsce-w-pierwszym-polroczu-2024-roku-analiza\/\"]}]},{\"@type\":\"ImageObject\",\"inLanguage\":\"pl-PL\",\"@id\":\"https:\/\/www.sotrender.com\/blog\/pl\/2024\/07\/reklama-w-meta-w-polsce-w-pierwszym-polroczu-2024-roku-analiza\/#primaryimage\",\"url\":\"https:\/\/www.sotrender.com\/blog\/wp-content\/uploads\/2024\/07\/reklama-2024.jpg\",\"contentUrl\":\"https:\/\/www.sotrender.com\/blog\/wp-content\/uploads\/2024\/07\/reklama-2024.jpg\",\"width\":640,\"height\":959},{\"@type\":\"BreadcrumbList\",\"@id\":\"https:\/\/www.sotrender.com\/blog\/pl\/2024\/07\/reklama-w-meta-w-polsce-w-pierwszym-polroczu-2024-roku-analiza\/#breadcrumb\",\"itemListElement\":[{\"@type\":\"ListItem\",\"position\":1,\"name\":\"Home\",\"item\":\"https:\/\/www.sotrender.com\/blog\/\"},{\"@type\":\"ListItem\",\"position\":2,\"name\":\"Reklama w Meta w Polsce w pierwszym p\u00f3\u0142roczu 2024 roku [Analiza]\"}]},{\"@type\":\"WebSite\",\"@id\":\"https:\/\/www.sotrender.com\/blog\/#website\",\"url\":\"https:\/\/www.sotrender.com\/blog\/\",\"name\":\"Sotrender Blog\",\"description\":\"\",\"potentialAction\":[{\"@type\":\"SearchAction\",\"target\":{\"@type\":\"EntryPoint\",\"urlTemplate\":\"https:\/\/www.sotrender.com\/blog\/?s={search_term_string}\"},\"query-input\":\"required name=search_term_string\"}],\"inLanguage\":\"pl-PL\"},{\"@type\":\"Person\",\"@id\":\"https:\/\/www.sotrender.com\/blog\/#\/schema\/person\/038ac5e276c5d102d8cbb9c36cd43416\",\"name\":\"Klaudia \u017by\u0142ka\",\"image\":{\"@type\":\"ImageObject\",\"inLanguage\":\"pl-PL\",\"@id\":\"https:\/\/www.sotrender.com\/blog\/#\/schema\/person\/image\/\",\"url\":\"https:\/\/secure.gravatar.com\/avatar\/f55d5d49ce3c448e1ffde0ab078d84cd?s=96&d=mm&r=g\",\"contentUrl\":\"https:\/\/secure.gravatar.com\/avatar\/f55d5d49ce3c448e1ffde0ab078d84cd?s=96&d=mm&r=g\",\"caption\":\"Klaudia \u017by\u0142ka\"},\"description\":\"Instagram, dogs, books and food lover. Former student at Warsaw University and Malm\u00f6 University. Improving her marketing skills every day. Proud owner of DIMAQ certificate\",\"sameAs\":[\"https:\/\/www.linkedin.com\/in\/klaudia-\u017cy\u0142ka-17527779\"],\"url\":\"https:\/\/www.sotrender.com\/blog\/pl\/author\/klaudia_yka\/\"}]}<\/script>\n<!-- \/ Yoast SEO plugin. -->","yoast_head_json":{"title":"Reklama w Meta w Polsce w pierwszym p\u00f3\u0142roczu 2024 r. [Analiza]","description":"W ferworze przygotowa\u0144 do Q4 postanowili\u015bmy sprawdzi\u0107, jak wygl\u0105da\u0142 rynek reklamy w Meta w Polsce w pierwszym p\u00f3\u0142roczu 2024.","robots":{"index":"index","follow":"follow","max-snippet":"max-snippet:-1","max-image-preview":"max-image-preview:large","max-video-preview":"max-video-preview:-1"},"canonical":"https:\/\/www.sotrender.com\/blog\/pl\/2024\/07\/reklama-w-meta-w-polsce-w-pierwszym-polroczu-2024-roku-analiza\/","og_locale":"pl_PL","og_type":"article","og_title":"Reklama w Meta w Polsce w pierwszym p\u00f3\u0142roczu 2024 r. [Analiza]","og_description":"W ferworze przygotowa\u0144 do Q4 postanowili\u015bmy sprawdzi\u0107, jak wygl\u0105da\u0142 rynek reklamy w Meta w Polsce w pierwszym p\u00f3\u0142roczu 2024.","og_url":"https:\/\/www.sotrender.com\/blog\/pl\/2024\/07\/reklama-w-meta-w-polsce-w-pierwszym-polroczu-2024-roku-analiza\/","og_site_name":"Sotrender Blog","article_publisher":"https:\/\/www.facebook.com\/Sotrender","article_published_time":"2024-07-26T12:24:16+00:00","article_modified_time":"2024-09-24T15:50:16+00:00","og_image":[{"width":640,"height":959,"url":"https:\/\/www.sotrender.com\/blog\/wp-content\/uploads\/2024\/07\/reklama-2024.jpg","type":"image\/jpeg"}],"author":"Klaudia \u017by\u0142ka","twitter_card":"summary_large_image","twitter_creator":"@Sotrender","twitter_site":"@Sotrender","twitter_misc":{"Written by":"Klaudia \u017by\u0142ka","Est. reading time":"8 minutes"},"schema":{"@context":"https:\/\/schema.org","@graph":[{"@type":"WebPage","@id":"https:\/\/www.sotrender.com\/blog\/pl\/2024\/07\/reklama-w-meta-w-polsce-w-pierwszym-polroczu-2024-roku-analiza\/","url":"https:\/\/www.sotrender.com\/blog\/pl\/2024\/07\/reklama-w-meta-w-polsce-w-pierwszym-polroczu-2024-roku-analiza\/","name":"Reklama w Meta w Polsce w pierwszym p\u00f3\u0142roczu 2024 r. [Analiza]","isPartOf":{"@id":"https:\/\/www.sotrender.com\/blog\/#website"},"primaryImageOfPage":{"@id":"https:\/\/www.sotrender.com\/blog\/pl\/2024\/07\/reklama-w-meta-w-polsce-w-pierwszym-polroczu-2024-roku-analiza\/#primaryimage"},"image":{"@id":"https:\/\/www.sotrender.com\/blog\/pl\/2024\/07\/reklama-w-meta-w-polsce-w-pierwszym-polroczu-2024-roku-analiza\/#primaryimage"},"thumbnailUrl":"https:\/\/www.sotrender.com\/blog\/wp-content\/uploads\/2024\/07\/reklama-2024.jpg","datePublished":"2024-07-26T12:24:16+00:00","dateModified":"2024-09-24T15:50:16+00:00","author":{"@id":"https:\/\/www.sotrender.com\/blog\/#\/schema\/person\/038ac5e276c5d102d8cbb9c36cd43416"},"description":"W ferworze przygotowa\u0144 do Q4 postanowili\u015bmy sprawdzi\u0107, jak wygl\u0105da\u0142 rynek reklamy w Meta w Polsce w pierwszym p\u00f3\u0142roczu 2024.","breadcrumb":{"@id":"https:\/\/www.sotrender.com\/blog\/pl\/2024\/07\/reklama-w-meta-w-polsce-w-pierwszym-polroczu-2024-roku-analiza\/#breadcrumb"},"inLanguage":"pl-PL","potentialAction":[{"@type":"ReadAction","target":["https:\/\/www.sotrender.com\/blog\/pl\/2024\/07\/reklama-w-meta-w-polsce-w-pierwszym-polroczu-2024-roku-analiza\/"]}]},{"@type":"ImageObject","inLanguage":"pl-PL","@id":"https:\/\/www.sotrender.com\/blog\/pl\/2024\/07\/reklama-w-meta-w-polsce-w-pierwszym-polroczu-2024-roku-analiza\/#primaryimage","url":"https:\/\/www.sotrender.com\/blog\/wp-content\/uploads\/2024\/07\/reklama-2024.jpg","contentUrl":"https:\/\/www.sotrender.com\/blog\/wp-content\/uploads\/2024\/07\/reklama-2024.jpg","width":640,"height":959},{"@type":"BreadcrumbList","@id":"https:\/\/www.sotrender.com\/blog\/pl\/2024\/07\/reklama-w-meta-w-polsce-w-pierwszym-polroczu-2024-roku-analiza\/#breadcrumb","itemListElement":[{"@type":"ListItem","position":1,"name":"Home","item":"https:\/\/www.sotrender.com\/blog\/"},{"@type":"ListItem","position":2,"name":"Reklama w Meta w Polsce w pierwszym p\u00f3\u0142roczu 2024 roku [Analiza]"}]},{"@type":"WebSite","@id":"https:\/\/www.sotrender.com\/blog\/#website","url":"https:\/\/www.sotrender.com\/blog\/","name":"Sotrender Blog","description":"","potentialAction":[{"@type":"SearchAction","target":{"@type":"EntryPoint","urlTemplate":"https:\/\/www.sotrender.com\/blog\/?s={search_term_string}"},"query-input":"required name=search_term_string"}],"inLanguage":"pl-PL"},{"@type":"Person","@id":"https:\/\/www.sotrender.com\/blog\/#\/schema\/person\/038ac5e276c5d102d8cbb9c36cd43416","name":"Klaudia \u017by\u0142ka","image":{"@type":"ImageObject","inLanguage":"pl-PL","@id":"https:\/\/www.sotrender.com\/blog\/#\/schema\/person\/image\/","url":"https:\/\/secure.gravatar.com\/avatar\/f55d5d49ce3c448e1ffde0ab078d84cd?s=96&d=mm&r=g","contentUrl":"https:\/\/secure.gravatar.com\/avatar\/f55d5d49ce3c448e1ffde0ab078d84cd?s=96&d=mm&r=g","caption":"Klaudia \u017by\u0142ka"},"description":"Instagram, dogs, books and food lover. Former student at Warsaw University and Malm\u00f6 University. Improving her marketing skills every day. Proud owner of DIMAQ certificate","sameAs":["https:\/\/www.linkedin.com\/in\/klaudia-\u017cy\u0142ka-17527779"],"url":"https:\/\/www.sotrender.com\/blog\/pl\/author\/klaudia_yka\/"}]}},"_links":{"self":[{"href":"https:\/\/www.sotrender.com\/blog\/pl\/wp-json\/wp\/v2\/posts\/52606"}],"collection":[{"href":"https:\/\/www.sotrender.com\/blog\/pl\/wp-json\/wp\/v2\/posts"}],"about":[{"href":"https:\/\/www.sotrender.com\/blog\/pl\/wp-json\/wp\/v2\/types\/post"}],"author":[{"embeddable":true,"href":"https:\/\/www.sotrender.com\/blog\/pl\/wp-json\/wp\/v2\/users\/89"}],"replies":[{"embeddable":true,"href":"https:\/\/www.sotrender.com\/blog\/pl\/wp-json\/wp\/v2\/comments?post=52606"}],"version-history":[{"count":18,"href":"https:\/\/www.sotrender.com\/blog\/pl\/wp-json\/wp\/v2\/posts\/52606\/revisions"}],"predecessor-version":[{"id":53221,"href":"https:\/\/www.sotrender.com\/blog\/pl\/wp-json\/wp\/v2\/posts\/52606\/revisions\/53221"}],"wp:featuredmedia":[{"embeddable":true,"href":"https:\/\/www.sotrender.com\/blog\/pl\/wp-json\/wp\/v2\/media\/52627"}],"wp:attachment":[{"href":"https:\/\/www.sotrender.com\/blog\/pl\/wp-json\/wp\/v2\/media?parent=52606"}],"wp:term":[{"taxonomy":"category","embeddable":true,"href":"https:\/\/www.sotrender.com\/blog\/pl\/wp-json\/wp\/v2\/categories?post=52606"},{"taxonomy":"post_tag","embeddable":true,"href":"https:\/\/www.sotrender.com\/blog\/pl\/wp-json\/wp\/v2\/tags?post=52606"}],"curies":[{"name":"wp","href":"https:\/\/api.w.org\/{rel}","templated":true}]}}