{"id":52416,"date":"2024-07-18T09:28:35","date_gmt":"2024-07-18T07:28:35","guid":{"rendered":"https:\/\/www.sotrender.com\/blog\/?p=52416"},"modified":"2024-09-02T10:24:51","modified_gmt":"2024-09-02T08:24:51","slug":"facebook-trends-czerwiec-2024-pilkarskie-uniesienia","status":"publish","type":"post","link":"https:\/\/www.sotrender.com\/blog\/pl\/2024\/07\/facebook-trends-czerwiec-2024-pilkarskie-uniesienia\/","title":{"rendered":"Facebook Trends czerwiec 2024 \u2013 pi\u0142karskie uniesienia"},"content":{"rendered":"\n<p>W czerwcu na Facebooku, podobnie jak w innych mediach spo\u0142eczno\u015bciowych, u\u017cytkownicy \u017cywo reagowali na wydarzenia zwi\u0105zane z Euro 2024. <\/p>\n\n\n\n<!--more-->\n\n\n\n<p>Profile takie jak Tyskie i \u015awiat wed\u0142ug Kiepskich odnotowa\u0142y znacz\u0105ce wzrosty zaanga\u017cowania, publikuj\u0105c tre\u015bci nawi\u0105zuj\u0105ce do rozgrywek pi\u0142karskich. Nie zabrak\u0142o tak\u017ce kontynuacji wojny cenowej Lidla i Biedronki.<\/p>\n\n\n\n<p>Co jeszcze dzia\u0142o si\u0119 na Facebooku w tym miesi\u0105cu?&nbsp;<\/p>\n\n\n\n<p>Zapraszamy na raport <a href=\"https:\/\/www.sotrender.com\/trends\/facebook\/poland\/202406\" target=\"_blank\" rel=\"noreferrer noopener\">Facebook Trends czerwiec 2024<\/a>!<\/p>\n\n\n\n<h2 class=\"wp-block-heading\">Reklamowe pojedynki<\/h2>\n\n\n\n<p>W rankingu najbardziej widocznych reklam, <a href=\"https:\/\/www.sotrender.com\/blog\/pl\/2024\/06\/facebook-trends-maj-2024-jeszcze-wiecej-danych-reklamowych-w-trendsach\/\" target=\"_blank\" rel=\"noreferrer noopener\">podobnie jak w maju<\/a>, dominowa\u0142y kategorie FMCG i Handel.<\/p>\n\n\n\n<p>Do najwi\u0119kszej liczby kont dotar\u0142a w tym miesi\u0105cu kampania stworzona przez Lidl Polska. Kontynuuj\u0105c s\u0142ynny sp\u00f3r z Biedronk\u0105 o najni\u017csze ceny, sie\u0107 ponownie pr\u00f3bowa\u0142a udowodni\u0107, \u017ce triumfuje jako oferuj\u0105ca najta\u0144sze produkty. Przy okazji uda\u0142o jej si\u0119 te\u017c zgarn\u0105\u0107 tytu\u0142 reklamy o najwi\u0119kszym zasi\u0119gu na Facebooku w czerwcu.<\/p>\n\n\n\n<figure class=\"wp-block-image size-full\"><img loading=\"lazy\" decoding=\"async\" width=\"1600\" height=\"786\" src=\"https:\/\/www.sotrender.com\/blog\/wp-content\/uploads\/2024\/07\/unnamed-5.png\" alt=\"Lidl Max facebook meta reklamy o najwi\u0119kszym zasi\u0119gu w czerwcu 2024 \" class=\"wp-image-52421\" srcset=\"https:\/\/www.sotrender.com\/blog\/wp-content\/uploads\/2024\/07\/unnamed-5.png 1600w, https:\/\/www.sotrender.com\/blog\/wp-content\/uploads\/2024\/07\/unnamed-5-475x233.png 475w, https:\/\/www.sotrender.com\/blog\/wp-content\/uploads\/2024\/07\/unnamed-5-768x377.png 768w, https:\/\/www.sotrender.com\/blog\/wp-content\/uploads\/2024\/07\/unnamed-5-1536x755.png 1536w\" sizes=\"(max-width: 1600px) 100vw, 1600px\" \/><figcaption class=\"wp-element-caption\"><a href=\"https:\/\/www.sotrender.com\/trends\/facebook\/poland\/202406\/ads#best_posts\" target=\"_blank\" rel=\"noreferrer noopener\">Reklamy o najwi\u0119kszym zasi\u0119gu w Meta<\/a> | czerwiec 2024<\/figcaption><\/figure>\n\n\n\n<p>Pozostaj\u0105c w temacie walki o koron\u0119, na podium wskoczy\u0142a tak\u017ce platforma Max z reklam\u0105 drugiego sezonu \u201eRodu smoka\u201d. Kampania promuj\u0105ca serial sprawi\u0142a, \u017ce serwis streamingowy osi\u0105gn\u0105\u0142 w tym miesi\u0105cu imponuj\u0105cy wzrost Reach Score a\u017c o 13684%. Tym samym Max znalaz\u0142 si\u0119 w\u015br\u00f3d 7 reklamodawc\u00f3w o najwi\u0119kszych zasi\u0119gach na polskim Facebooku.<\/p>\n\n\n\n<figure class=\"wp-block-image size-full\"><img loading=\"lazy\" decoding=\"async\" width=\"1924\" height=\"1040\" src=\"https:\/\/www.sotrender.com\/blog\/wp-content\/uploads\/2024\/07\/Obraz-15.07.2024-godz.-09.31.jpeg\" alt=\"reklamodawcy z najwi\u0119kszymi zasi\u0119gami Meta Facebook w czerwcu 2024 Max\" class=\"wp-image-52449\" srcset=\"https:\/\/www.sotrender.com\/blog\/wp-content\/uploads\/2024\/07\/Obraz-15.07.2024-godz.-09.31.jpeg 1924w, https:\/\/www.sotrender.com\/blog\/wp-content\/uploads\/2024\/07\/Obraz-15.07.2024-godz.-09.31-475x257.jpeg 475w, https:\/\/www.sotrender.com\/blog\/wp-content\/uploads\/2024\/07\/Obraz-15.07.2024-godz.-09.31-768x415.jpeg 768w, https:\/\/www.sotrender.com\/blog\/wp-content\/uploads\/2024\/07\/Obraz-15.07.2024-godz.-09.31-1536x830.jpeg 1536w\" sizes=\"(max-width: 1924px) 100vw, 1924px\" \/><figcaption class=\"wp-element-caption\"><a href=\"https:\/\/www.sotrender.com\/trends\/facebook\/poland\/202406\/ads#reach_score\" target=\"_blank\" rel=\"noreferrer noopener\">Reklamodawcy z najwi\u0119kszymi zasi\u0119gami p\u0142atnymi w Meta<\/a> | czerwiec 2024<\/figcaption><\/figure>\n\n\n\n<h2 class=\"wp-block-heading\">Pi\u0142karskie emocje i wzruszaj\u0105ce wspomnienia<\/h2>\n\n\n\n<p>W tym miesi\u0105cu Facebook wype\u0142niony by\u0142 sportowymi tematami. Tyskie regularnie publikowa\u0142o posty zwi\u0105zane z meczami Euro 2024, z kt\u00f3rych dwa znalaz\u0142y si\u0119 w zestawieniu najlepszych post\u00f3w w\u015br\u00f3d marek FMCG.&nbsp;<\/p>\n\n\n\n<p>Dzi\u0119ki temu profil znacz\u0105co awansowa\u0142 tak\u017ce w pozosta\u0142ych rankingach tej kategorii. Tyskie przesun\u0119\u0142o si\u0119 o 11 miejsc w g\u00f3r\u0119, wchodz\u0105c do pierwszej dziesi\u0105tki pod wzgl\u0119dem zaanga\u017cowania. W rankingu aktywno\u015bci u\u017cytkownik\u00f3w profil skoczy\u0142 a\u017c o 21 pozycji, zajmuj\u0105c 3. miejsce.<\/p>\n\n\n\n<figure class=\"wp-block-image size-full\"><img loading=\"lazy\" decoding=\"async\" width=\"1910\" height=\"938\" src=\"https:\/\/www.sotrender.com\/blog\/wp-content\/uploads\/2024\/07\/Zrzut-ekranu-2024-07-9-o-09.52.22.png\" alt=\"Tyskie Euro 2024 fmcg najlepsze posty na facebooku w czerwcu\" class=\"wp-image-52417\" srcset=\"https:\/\/www.sotrender.com\/blog\/wp-content\/uploads\/2024\/07\/Zrzut-ekranu-2024-07-9-o-09.52.22.png 1910w, https:\/\/www.sotrender.com\/blog\/wp-content\/uploads\/2024\/07\/Zrzut-ekranu-2024-07-9-o-09.52.22-475x233.png 475w, https:\/\/www.sotrender.com\/blog\/wp-content\/uploads\/2024\/07\/Zrzut-ekranu-2024-07-9-o-09.52.22-768x377.png 768w, https:\/\/www.sotrender.com\/blog\/wp-content\/uploads\/2024\/07\/Zrzut-ekranu-2024-07-9-o-09.52.22-1536x754.png 1536w\" sizes=\"(max-width: 1910px) 100vw, 1910px\" \/><figcaption class=\"wp-element-caption\"><a href=\"https:\/\/www.sotrender.com\/trends\/facebook\/poland\/202406\/fmcg#best_posts\" target=\"_blank\" rel=\"noreferrer noopener\">Najlepsze posty na Facebooku w kategorii FMCG<\/a> | czerwiec 2024 r.<\/figcaption><\/figure>\n\n\n\n<p>Pewien profil z kategorii Programy TV r\u00f3wnie\u017c znacz\u0105co zyska\u0142 dzi\u0119ki tre\u015bciom dotycz\u0105cym Euro. Pi\u0142karskie tre\u015bci zamieszczone przez \u015awiat wed\u0142ug Kiepskich zaj\u0119\u0142y wszystkie miejsca na podium najlepszych czerwcowych post\u00f3w. <\/p>\n\n\n\n<p>W zestawieniu znalaz\u0142y si\u0119 tak\u017ce trzy posty upami\u0119tniaj\u0105ce aktork\u0119 Marzen\u0119 Kipiel-Sztuk\u0119, niezapomnian\u0105 serialow\u0105 Halink\u0119, kt\u00f3ra w ubieg\u0142ym miesi\u0105cu przegra\u0142a walk\u0119 z ci\u0119\u017ck\u0105 chorob\u0105.<\/p>\n\n\n\n<figure class=\"wp-block-image size-full\"><img loading=\"lazy\" decoding=\"async\" width=\"1600\" height=\"797\" src=\"https:\/\/www.sotrender.com\/blog\/wp-content\/uploads\/2024\/07\/unnamed-2-1.png\" alt=\"programy tv \u015awiat wed\u0142ug Kiepskich najlepsze posty na facebooku w czerwcu\" class=\"wp-image-52426\" srcset=\"https:\/\/www.sotrender.com\/blog\/wp-content\/uploads\/2024\/07\/unnamed-2-1.png 1600w, https:\/\/www.sotrender.com\/blog\/wp-content\/uploads\/2024\/07\/unnamed-2-1-475x237.png 475w, https:\/\/www.sotrender.com\/blog\/wp-content\/uploads\/2024\/07\/unnamed-2-1-768x383.png 768w, https:\/\/www.sotrender.com\/blog\/wp-content\/uploads\/2024\/07\/unnamed-2-1-1536x765.png 1536w\" sizes=\"(max-width: 1600px) 100vw, 1600px\" \/><figcaption class=\"wp-element-caption\"><a href=\"https:\/\/www.sotrender.com\/trends\/facebook\/poland\/202406\/media\/telewizja\/programy_telewizyjne#best_posts\" target=\"_blank\" rel=\"noreferrer noopener\">Najlepsze posty na Facebooku w kategorii Programy TV<\/a> | czerwiec 2024 r.<\/figcaption><\/figure>\n\n\n\n<p>W rezultacie \u015awiat wed\u0142ug Kiepskich znalaz\u0142 si\u0119 na pierwszym miejscu w rankingu zaanga\u017cowania, awansuj\u0105c o 36 pozycji z przyrostem a\u017c o 1947%. Profil wskoczy\u0142 r\u00f3wnie\u017c na 3. miejsce w zestawieniu aktywno\u015bci u\u017cytkownik\u00f3w, notuj\u0105c awans o 35 miejsc.<\/p>\n\n\n\n<figure class=\"wp-block-image size-full\"><img loading=\"lazy\" decoding=\"async\" width=\"1600\" height=\"876\" src=\"https:\/\/www.sotrender.com\/blog\/wp-content\/uploads\/2024\/07\/unnamed-4-1.png\" alt=\"programy tv \u015awiat wed\u0142ug Kiepskich profile na Facebooku o najwi\u0119kszym zaanga\u017cowaniu w czerwcu\" class=\"wp-image-52433\" srcset=\"https:\/\/www.sotrender.com\/blog\/wp-content\/uploads\/2024\/07\/unnamed-4-1.png 1600w, https:\/\/www.sotrender.com\/blog\/wp-content\/uploads\/2024\/07\/unnamed-4-1-475x260.png 475w, https:\/\/www.sotrender.com\/blog\/wp-content\/uploads\/2024\/07\/unnamed-4-1-768x420.png 768w, https:\/\/www.sotrender.com\/blog\/wp-content\/uploads\/2024\/07\/unnamed-4-1-1536x841.png 1536w\" sizes=\"(max-width: 1600px) 100vw, 1600px\" \/><figcaption class=\"wp-element-caption\"><a href=\"https:\/\/www.sotrender.com\/trends\/facebook\/poland\/202406\/media\/telewizja\/programy_telewizyjne#storytellers\" target=\"_blank\" rel=\"noreferrer noopener\">Profile na Facebooku o najwi\u0119kszym zaanga\u017cowaniu w kategorii&nbsp;Programy TV<\/a>&nbsp;| czerwiec 2024<\/figcaption><\/figure>\n\n\n\n<h2 class=\"wp-block-heading\">OLX Praca edukuje o urlopie<\/h2>\n\n\n\n<p>W kategorii HR i rekrutacja w czerwcu kr\u00f3lowa\u0142a tematyka praw pracowniczych i work-life balance. Zestawienie najlepszych post\u00f3w zosta\u0142o zdominowane przez OLX Praca z kampani\u0105 \u201ePraca z korzy\u015bci\u0105 dla wszystkich\u201d.<\/p>\n\n\n\n<p>Tre\u015bci publikowane na profilu porusza\u0142y wa\u017cny temat spo\u0142eczny, podkre\u015blaj\u0105c korzy\u015bci dzielenia si\u0119 urlopem rodzicielskim.&nbsp;<\/p>\n\n\n\n<p>Temat okaza\u0142 si\u0119 bardzo wa\u017cny dla spo\u0142eczno\u015bci Facebooka \u2013 profil OLX Praca znalaz\u0142 si\u0119 na szczycie ranking\u00f3w zaanga\u017cowania i aktywno\u015bci u\u017cytkownik\u00f3w.<\/p>\n\n\n\n<figure class=\"wp-block-image size-full\"><img loading=\"lazy\" decoding=\"async\" width=\"1600\" height=\"1491\" src=\"https:\/\/www.sotrender.com\/blog\/wp-content\/uploads\/2024\/07\/unnamed-3-1.png\" alt=\"HR i rekrutacja OLX Praca najlepsze posty na facebooku w czerwcu\" class=\"wp-image-52431\" srcset=\"https:\/\/www.sotrender.com\/blog\/wp-content\/uploads\/2024\/07\/unnamed-3-1.png 1600w, https:\/\/www.sotrender.com\/blog\/wp-content\/uploads\/2024\/07\/unnamed-3-1-475x443.png 475w, https:\/\/www.sotrender.com\/blog\/wp-content\/uploads\/2024\/07\/unnamed-3-1-768x716.png 768w, https:\/\/www.sotrender.com\/blog\/wp-content\/uploads\/2024\/07\/unnamed-3-1-1536x1431.png 1536w\" sizes=\"(max-width: 1600px) 100vw, 1600px\" \/><figcaption class=\"wp-element-caption\"><a href=\"https:\/\/www.sotrender.com\/trends\/facebook\/poland\/202406\/hr_rekrutacja#best_posts\" target=\"_blank\" rel=\"noreferrer noopener\">Najlepsze posty na Facebooku w kategorii HR i rekrutacja<\/a> | czerwiec 2024 r.<\/figcaption><\/figure>\n\n\n\n<h2 class=\"wp-block-heading\"><strong>Facebook Trends czerwiec 2024<\/strong><\/h2>\n\n\n\n<p>To wszystko, co przygotowali\u015bmy dla Was w tym miesi\u0105cu.&nbsp;<\/p>\n\n\n\n<p>Zapraszamy do przejrzenia <a href=\"https:\/\/www.sotrender.com\/trends\/facebook\/poland\/202406\" target=\"_blank\" rel=\"noreferrer noopener\">pe\u0142nego wydania raportu Facebook Trends<\/a>, a tak\u017ce czerwcowego<a href=\"https:\/\/www.sotrender.com\/blog\/pl\/2024\/07\/instagram-trends-czerwiec-2024-virale-i-rekordy\/\" target=\"_blank\" rel=\"noreferrer noopener\"> raportu Instagram Trends<\/a>.<\/p>\n","protected":false},"excerpt":{"rendered":"<p>W czerwcu na Facebooku, podobnie jak w innych mediach spo\u0142eczno\u015bciowych, u\u017cytkownicy \u017cywo reagowali na wydarzenia zwi\u0105zane z Euro 2024.<\/p>\n","protected":false},"author":311,"featured_media":52440,"comment_status":"closed","ping_status":"open","sticky":false,"template":"","format":"standard","meta":{"inline_featured_image":false,"footnotes":""},"categories":[1791,1797],"tags":[2307,3903,3904,3905,3906,3907],"yoast_head":"<!-- This site is optimized with the Yoast SEO plugin v22.4 - https:\/\/yoast.com\/wordpress\/plugins\/seo\/ -->\n<title>Facebook Trends czerwiec 2024 \u2013 pi\u0142karskie uniesienia<\/title>\n<meta name=\"description\" content=\"W czerwcu na Facebooku, podobnie jak w innych mediach spo\u0142eczno\u015bciowych, u\u017cytkownicy \u017cywo reagowali na wydarzenia zwi\u0105zane z Euro 2024.\" \/>\n<meta name=\"robots\" content=\"index, follow, max-snippet:-1, max-image-preview:large, max-video-preview:-1\" \/>\n<link rel=\"canonical\" href=\"https:\/\/www.sotrender.com\/blog\/pl\/2024\/07\/facebook-trends-czerwiec-2024-pilkarskie-uniesienia\/\" \/>\n<meta property=\"og:locale\" content=\"pl_PL\" \/>\n<meta property=\"og:type\" content=\"article\" \/>\n<meta property=\"og:title\" content=\"Facebook Trends czerwiec 2024 \u2013 pi\u0142karskie uniesienia\" \/>\n<meta property=\"og:description\" content=\"W czerwcu na Facebooku, podobnie jak w innych mediach spo\u0142eczno\u015bciowych, u\u017cytkownicy \u017cywo reagowali na wydarzenia zwi\u0105zane z Euro 2024.\" \/>\n<meta property=\"og:url\" content=\"https:\/\/www.sotrender.com\/blog\/pl\/2024\/07\/facebook-trends-czerwiec-2024-pilkarskie-uniesienia\/\" \/>\n<meta property=\"og:site_name\" content=\"Sotrender Blog\" \/>\n<meta property=\"article:publisher\" content=\"https:\/\/www.facebook.com\/Sotrender\" \/>\n<meta property=\"article:published_time\" content=\"2024-07-18T07:28:35+00:00\" \/>\n<meta property=\"article:modified_time\" content=\"2024-09-02T08:24:51+00:00\" \/>\n<meta property=\"og:image\" content=\"https:\/\/www.sotrender.com\/blog\/wp-content\/uploads\/2024\/07\/pexels-bohlemedia-1884574-2.jpg\" \/>\n\t<meta property=\"og:image:width\" content=\"1280\" \/>\n\t<meta property=\"og:image:height\" content=\"853\" \/>\n\t<meta property=\"og:image:type\" content=\"image\/jpeg\" \/>\n<meta name=\"author\" content=\"Bogna Raszowska\" \/>\n<meta name=\"twitter:card\" content=\"summary_large_image\" \/>\n<meta name=\"twitter:creator\" content=\"@Sotrender\" \/>\n<meta name=\"twitter:site\" content=\"@Sotrender\" \/>\n<meta name=\"twitter:label1\" content=\"Written by\" \/>\n\t<meta name=\"twitter:data1\" content=\"Bogna Raszowska\" \/>\n\t<meta name=\"twitter:label2\" content=\"Est. reading time\" \/>\n\t<meta name=\"twitter:data2\" content=\"4 minutes\" \/>\n<script type=\"application\/ld+json\" class=\"yoast-schema-graph\">{\"@context\":\"https:\/\/schema.org\",\"@graph\":[{\"@type\":\"WebPage\",\"@id\":\"https:\/\/www.sotrender.com\/blog\/pl\/2024\/07\/facebook-trends-czerwiec-2024-pilkarskie-uniesienia\/\",\"url\":\"https:\/\/www.sotrender.com\/blog\/pl\/2024\/07\/facebook-trends-czerwiec-2024-pilkarskie-uniesienia\/\",\"name\":\"Facebook Trends czerwiec 2024 \u2013 pi\u0142karskie uniesienia\",\"isPartOf\":{\"@id\":\"https:\/\/www.sotrender.com\/blog\/#website\"},\"primaryImageOfPage\":{\"@id\":\"https:\/\/www.sotrender.com\/blog\/pl\/2024\/07\/facebook-trends-czerwiec-2024-pilkarskie-uniesienia\/#primaryimage\"},\"image\":{\"@id\":\"https:\/\/www.sotrender.com\/blog\/pl\/2024\/07\/facebook-trends-czerwiec-2024-pilkarskie-uniesienia\/#primaryimage\"},\"thumbnailUrl\":\"https:\/\/www.sotrender.com\/blog\/wp-content\/uploads\/2024\/07\/pexels-bohlemedia-1884574-2.jpg\",\"datePublished\":\"2024-07-18T07:28:35+00:00\",\"dateModified\":\"2024-09-02T08:24:51+00:00\",\"author\":{\"@id\":\"https:\/\/www.sotrender.com\/blog\/#\/schema\/person\/2c3d8f31a13ec8be6145f5865f25d16c\"},\"description\":\"W czerwcu na Facebooku, podobnie jak w innych mediach spo\u0142eczno\u015bciowych, u\u017cytkownicy \u017cywo reagowali na wydarzenia zwi\u0105zane z Euro 2024.\",\"breadcrumb\":{\"@id\":\"https:\/\/www.sotrender.com\/blog\/pl\/2024\/07\/facebook-trends-czerwiec-2024-pilkarskie-uniesienia\/#breadcrumb\"},\"inLanguage\":\"pl-PL\",\"potentialAction\":[{\"@type\":\"ReadAction\",\"target\":[\"https:\/\/www.sotrender.com\/blog\/pl\/2024\/07\/facebook-trends-czerwiec-2024-pilkarskie-uniesienia\/\"]}]},{\"@type\":\"ImageObject\",\"inLanguage\":\"pl-PL\",\"@id\":\"https:\/\/www.sotrender.com\/blog\/pl\/2024\/07\/facebook-trends-czerwiec-2024-pilkarskie-uniesienia\/#primaryimage\",\"url\":\"https:\/\/www.sotrender.com\/blog\/wp-content\/uploads\/2024\/07\/pexels-bohlemedia-1884574-2.jpg\",\"contentUrl\":\"https:\/\/www.sotrender.com\/blog\/wp-content\/uploads\/2024\/07\/pexels-bohlemedia-1884574-2.jpg\",\"width\":1280,\"height\":853},{\"@type\":\"BreadcrumbList\",\"@id\":\"https:\/\/www.sotrender.com\/blog\/pl\/2024\/07\/facebook-trends-czerwiec-2024-pilkarskie-uniesienia\/#breadcrumb\",\"itemListElement\":[{\"@type\":\"ListItem\",\"position\":1,\"name\":\"Home\",\"item\":\"https:\/\/www.sotrender.com\/blog\/\"},{\"@type\":\"ListItem\",\"position\":2,\"name\":\"Facebook Trends czerwiec 2024 \u2013 pi\u0142karskie uniesienia\"}]},{\"@type\":\"WebSite\",\"@id\":\"https:\/\/www.sotrender.com\/blog\/#website\",\"url\":\"https:\/\/www.sotrender.com\/blog\/\",\"name\":\"Sotrender Blog\",\"description\":\"\",\"potentialAction\":[{\"@type\":\"SearchAction\",\"target\":{\"@type\":\"EntryPoint\",\"urlTemplate\":\"https:\/\/www.sotrender.com\/blog\/?s={search_term_string}\"},\"query-input\":\"required name=search_term_string\"}],\"inLanguage\":\"pl-PL\"},{\"@type\":\"Person\",\"@id\":\"https:\/\/www.sotrender.com\/blog\/#\/schema\/person\/2c3d8f31a13ec8be6145f5865f25d16c\",\"name\":\"Bogna Raszowska\",\"image\":{\"@type\":\"ImageObject\",\"inLanguage\":\"pl-PL\",\"@id\":\"https:\/\/www.sotrender.com\/blog\/#\/schema\/person\/image\/\",\"url\":\"https:\/\/secure.gravatar.com\/avatar\/a9efb91eb7796ed666d24a5b58b6a6cd?s=96&d=mm&r=g\",\"contentUrl\":\"https:\/\/secure.gravatar.com\/avatar\/a9efb91eb7796ed666d24a5b58b6a6cd?s=96&d=mm&r=g\",\"caption\":\"Bogna Raszowska\"},\"description\":\"Digital marketer with a passion for copywriting, content and social media. Off the clock, I'm an avid traveler, RPG gamer, music lover, and South Korean culture enthusiast.\",\"sameAs\":[\"https:\/\/www.linkedin.com\/in\/bognaraszowska\"],\"url\":\"https:\/\/www.sotrender.com\/blog\/pl\/author\/bogna_raszowska\/\"}]}<\/script>\n<!-- \/ Yoast SEO plugin. -->","yoast_head_json":{"title":"Facebook Trends czerwiec 2024 \u2013 pi\u0142karskie uniesienia","description":"W czerwcu na Facebooku, podobnie jak w innych mediach spo\u0142eczno\u015bciowych, u\u017cytkownicy \u017cywo reagowali na wydarzenia zwi\u0105zane z Euro 2024.","robots":{"index":"index","follow":"follow","max-snippet":"max-snippet:-1","max-image-preview":"max-image-preview:large","max-video-preview":"max-video-preview:-1"},"canonical":"https:\/\/www.sotrender.com\/blog\/pl\/2024\/07\/facebook-trends-czerwiec-2024-pilkarskie-uniesienia\/","og_locale":"pl_PL","og_type":"article","og_title":"Facebook Trends czerwiec 2024 \u2013 pi\u0142karskie uniesienia","og_description":"W czerwcu na Facebooku, podobnie jak w innych mediach spo\u0142eczno\u015bciowych, u\u017cytkownicy \u017cywo reagowali na wydarzenia zwi\u0105zane z Euro 2024.","og_url":"https:\/\/www.sotrender.com\/blog\/pl\/2024\/07\/facebook-trends-czerwiec-2024-pilkarskie-uniesienia\/","og_site_name":"Sotrender Blog","article_publisher":"https:\/\/www.facebook.com\/Sotrender","article_published_time":"2024-07-18T07:28:35+00:00","article_modified_time":"2024-09-02T08:24:51+00:00","og_image":[{"width":1280,"height":853,"url":"https:\/\/www.sotrender.com\/blog\/wp-content\/uploads\/2024\/07\/pexels-bohlemedia-1884574-2.jpg","type":"image\/jpeg"}],"author":"Bogna Raszowska","twitter_card":"summary_large_image","twitter_creator":"@Sotrender","twitter_site":"@Sotrender","twitter_misc":{"Written by":"Bogna Raszowska","Est. reading time":"4 minutes"},"schema":{"@context":"https:\/\/schema.org","@graph":[{"@type":"WebPage","@id":"https:\/\/www.sotrender.com\/blog\/pl\/2024\/07\/facebook-trends-czerwiec-2024-pilkarskie-uniesienia\/","url":"https:\/\/www.sotrender.com\/blog\/pl\/2024\/07\/facebook-trends-czerwiec-2024-pilkarskie-uniesienia\/","name":"Facebook Trends czerwiec 2024 \u2013 pi\u0142karskie uniesienia","isPartOf":{"@id":"https:\/\/www.sotrender.com\/blog\/#website"},"primaryImageOfPage":{"@id":"https:\/\/www.sotrender.com\/blog\/pl\/2024\/07\/facebook-trends-czerwiec-2024-pilkarskie-uniesienia\/#primaryimage"},"image":{"@id":"https:\/\/www.sotrender.com\/blog\/pl\/2024\/07\/facebook-trends-czerwiec-2024-pilkarskie-uniesienia\/#primaryimage"},"thumbnailUrl":"https:\/\/www.sotrender.com\/blog\/wp-content\/uploads\/2024\/07\/pexels-bohlemedia-1884574-2.jpg","datePublished":"2024-07-18T07:28:35+00:00","dateModified":"2024-09-02T08:24:51+00:00","author":{"@id":"https:\/\/www.sotrender.com\/blog\/#\/schema\/person\/2c3d8f31a13ec8be6145f5865f25d16c"},"description":"W czerwcu na Facebooku, podobnie jak w innych mediach spo\u0142eczno\u015bciowych, u\u017cytkownicy \u017cywo reagowali na wydarzenia zwi\u0105zane z Euro 2024.","breadcrumb":{"@id":"https:\/\/www.sotrender.com\/blog\/pl\/2024\/07\/facebook-trends-czerwiec-2024-pilkarskie-uniesienia\/#breadcrumb"},"inLanguage":"pl-PL","potentialAction":[{"@type":"ReadAction","target":["https:\/\/www.sotrender.com\/blog\/pl\/2024\/07\/facebook-trends-czerwiec-2024-pilkarskie-uniesienia\/"]}]},{"@type":"ImageObject","inLanguage":"pl-PL","@id":"https:\/\/www.sotrender.com\/blog\/pl\/2024\/07\/facebook-trends-czerwiec-2024-pilkarskie-uniesienia\/#primaryimage","url":"https:\/\/www.sotrender.com\/blog\/wp-content\/uploads\/2024\/07\/pexels-bohlemedia-1884574-2.jpg","contentUrl":"https:\/\/www.sotrender.com\/blog\/wp-content\/uploads\/2024\/07\/pexels-bohlemedia-1884574-2.jpg","width":1280,"height":853},{"@type":"BreadcrumbList","@id":"https:\/\/www.sotrender.com\/blog\/pl\/2024\/07\/facebook-trends-czerwiec-2024-pilkarskie-uniesienia\/#breadcrumb","itemListElement":[{"@type":"ListItem","position":1,"name":"Home","item":"https:\/\/www.sotrender.com\/blog\/"},{"@type":"ListItem","position":2,"name":"Facebook Trends czerwiec 2024 \u2013 pi\u0142karskie uniesienia"}]},{"@type":"WebSite","@id":"https:\/\/www.sotrender.com\/blog\/#website","url":"https:\/\/www.sotrender.com\/blog\/","name":"Sotrender Blog","description":"","potentialAction":[{"@type":"SearchAction","target":{"@type":"EntryPoint","urlTemplate":"https:\/\/www.sotrender.com\/blog\/?s={search_term_string}"},"query-input":"required name=search_term_string"}],"inLanguage":"pl-PL"},{"@type":"Person","@id":"https:\/\/www.sotrender.com\/blog\/#\/schema\/person\/2c3d8f31a13ec8be6145f5865f25d16c","name":"Bogna Raszowska","image":{"@type":"ImageObject","inLanguage":"pl-PL","@id":"https:\/\/www.sotrender.com\/blog\/#\/schema\/person\/image\/","url":"https:\/\/secure.gravatar.com\/avatar\/a9efb91eb7796ed666d24a5b58b6a6cd?s=96&d=mm&r=g","contentUrl":"https:\/\/secure.gravatar.com\/avatar\/a9efb91eb7796ed666d24a5b58b6a6cd?s=96&d=mm&r=g","caption":"Bogna Raszowska"},"description":"Digital marketer with a passion for copywriting, content and social media. Off the clock, I'm an avid traveler, RPG gamer, music lover, and South Korean culture enthusiast.","sameAs":["https:\/\/www.linkedin.com\/in\/bognaraszowska"],"url":"https:\/\/www.sotrender.com\/blog\/pl\/author\/bogna_raszowska\/"}]}},"_links":{"self":[{"href":"https:\/\/www.sotrender.com\/blog\/pl\/wp-json\/wp\/v2\/posts\/52416"}],"collection":[{"href":"https:\/\/www.sotrender.com\/blog\/pl\/wp-json\/wp\/v2\/posts"}],"about":[{"href":"https:\/\/www.sotrender.com\/blog\/pl\/wp-json\/wp\/v2\/types\/post"}],"author":[{"embeddable":true,"href":"https:\/\/www.sotrender.com\/blog\/pl\/wp-json\/wp\/v2\/users\/311"}],"replies":[{"embeddable":true,"href":"https:\/\/www.sotrender.com\/blog\/pl\/wp-json\/wp\/v2\/comments?post=52416"}],"version-history":[{"count":27,"href":"https:\/\/www.sotrender.com\/blog\/pl\/wp-json\/wp\/v2\/posts\/52416\/revisions"}],"predecessor-version":[{"id":52776,"href":"https:\/\/www.sotrender.com\/blog\/pl\/wp-json\/wp\/v2\/posts\/52416\/revisions\/52776"}],"wp:featuredmedia":[{"embeddable":true,"href":"https:\/\/www.sotrender.com\/blog\/pl\/wp-json\/wp\/v2\/media\/52440"}],"wp:attachment":[{"href":"https:\/\/www.sotrender.com\/blog\/pl\/wp-json\/wp\/v2\/media?parent=52416"}],"wp:term":[{"taxonomy":"category","embeddable":true,"href":"https:\/\/www.sotrender.com\/blog\/pl\/wp-json\/wp\/v2\/categories?post=52416"},{"taxonomy":"post_tag","embeddable":true,"href":"https:\/\/www.sotrender.com\/blog\/pl\/wp-json\/wp\/v2\/tags?post=52416"}],"curies":[{"name":"wp","href":"https:\/\/api.w.org\/{rel}","templated":true}]}}