{"id":52246,"date":"2024-06-07T08:49:24","date_gmt":"2024-06-07T06:49:24","guid":{"rendered":"https:\/\/www.sotrender.com\/blog\/?p=52246"},"modified":"2024-09-02T10:19:24","modified_gmt":"2024-09-02T08:19:24","slug":"instagram-trends-maj-2024-wszystkie-oczy-zwrocone-na-everest","status":"publish","type":"post","link":"https:\/\/www.sotrender.com\/blog\/pl\/2024\/06\/instagram-trends-maj-2024-wszystkie-oczy-zwrocone-na-everest\/","title":{"rendered":"Instagram Trends maj 2024 &#8211; wszystkie oczy zwr\u00f3cone na Everest"},"content":{"rendered":"\n<p>W maju internauci z zapartym tchem obserwowali wypraw\u0119 youtubera Jakuba Pateckiego na najwy\u017cszy szczyt \u015bwiata &#8211; Mount Everest.<\/p>\n\n\n\n<!--more-->\n\n\n\n<p>Wyzwanie, kt\u00f3re mia\u0142o podw\u00f3jny cel, budzi\u0142o na Instagramie wiele emocji i zaanga\u017cowania.<\/p>\n\n\n\n<p>Szczeg\u00f3\u0142y sprawdzamy w raporcie <a href=\"https:\/\/www.sotrender.com\/trends\/instagram\/poland\/202405\" target=\"_blank\" rel=\"noreferrer noopener\">Instagram Trends maj 2024<\/a>.<\/p>\n\n\n\n<h2 class=\"wp-block-heading\">Patec Wariatec najszybciej rosn\u0105cym profilem<\/h2>\n\n\n\n<p>Medialnym wyprawom niemal nigdy nie brakuje rozg\u0142osu i zainteresowania, co wida\u0107 tak\u017ce w tym przypadku. Na profilu youtubera w maju przyby\u0142o ponad 136 tys. nowych obserwuj\u0105cych i by\u0142 to <a href=\"https:\/\/www.sotrender.com\/trends\/instagram\/poland\/202405\" target=\"_blank\" rel=\"noreferrer noopener\">najszybciej rosn\u0105cy profil na polskim IG w minionym miesi\u0105cu<\/a>.<\/p>\n\n\n<div class=\"wp-block-image\">\n<figure class=\"aligncenter size-full is-resized\"><img loading=\"lazy\" decoding=\"async\" width=\"752\" height=\"656\" src=\"https:\/\/www.sotrender.com\/blog\/wp-content\/uploads\/2024\/06\/instagram-maj-2024-najszybciej-rosnacy-patec-wariatec.png\" alt=\"instagram maj 2024 najszybciej rosn\u0105ce profile patec wariatec\" class=\"wp-image-52250\" style=\"width:406px;height:auto\" srcset=\"https:\/\/www.sotrender.com\/blog\/wp-content\/uploads\/2024\/06\/instagram-maj-2024-najszybciej-rosnacy-patec-wariatec.png 752w, https:\/\/www.sotrender.com\/blog\/wp-content\/uploads\/2024\/06\/instagram-maj-2024-najszybciej-rosnacy-patec-wariatec-475x414.png 475w\" sizes=\"(max-width: 752px) 100vw, 752px\" \/><figcaption class=\"wp-element-caption\"><a href=\"https:\/\/www.sotrender.com\/trends\/instagram\/poland\/202405\" target=\"_blank\" rel=\"noreferrer noopener\">Najszybciej rosn\u0105ce profile na IG w maju 2024 r.<\/a><\/figcaption><\/figure><\/div>\n\n\n<p>Pod wzgl\u0119dem <a href=\"https:\/\/www.sotrender.com\/trends\/instagram\/poland\/202405\/osoby#engagement\" target=\"_blank\" rel=\"noreferrer noopener\">zaanga\u017cowania<\/a>, profil youtubera awansowa\u0142 z kolei o 10 pozycji na wysokie miejsce czwarte w\u015br\u00f3d wszystkich profili os\u00f3b na polskim Instagramie.<\/p>\n\n\n\n<figure class=\"wp-block-image size-full\"><img loading=\"lazy\" decoding=\"async\" width=\"1962\" height=\"614\" src=\"https:\/\/www.sotrender.com\/blog\/wp-content\/uploads\/2024\/06\/ig-maj-2024-osoby-zaangazowanie.png\" alt=\"instagram maj 2024 profile os\u00f3b o najwi\u0119kszym zaanga\u017cowaniu\" class=\"wp-image-52254\" srcset=\"https:\/\/www.sotrender.com\/blog\/wp-content\/uploads\/2024\/06\/ig-maj-2024-osoby-zaangazowanie.png 1962w, https:\/\/www.sotrender.com\/blog\/wp-content\/uploads\/2024\/06\/ig-maj-2024-osoby-zaangazowanie-475x149.png 475w, https:\/\/www.sotrender.com\/blog\/wp-content\/uploads\/2024\/06\/ig-maj-2024-osoby-zaangazowanie-768x240.png 768w, https:\/\/www.sotrender.com\/blog\/wp-content\/uploads\/2024\/06\/ig-maj-2024-osoby-zaangazowanie-1536x481.png 1536w\" sizes=\"(max-width: 1962px) 100vw, 1962px\" \/><figcaption class=\"wp-element-caption\">Profile na Instagramie <a href=\"https:\/\/www.sotrender.com\/trends\/instagram\/poland\/202405\/osoby#engagement\" target=\"_blank\" rel=\"noreferrer noopener\">w kategorii Osoby o najwi\u0119kszej liczbie aktywno\u015bci<\/a> | maj 2024 r.<\/figcaption><\/figure>\n\n\n\n<p>Post z 22 maja, w kt\u00f3rym youtuber informuje o osi\u0105gni\u0119ciu swojego celu, zdoby\u0142 ponad 756 tys. polubie\u0144 i ponad 6 tys. komentarzy.<\/p>\n\n\n\n<figure class=\"wp-block-image size-full\"><img loading=\"lazy\" decoding=\"async\" width=\"1800\" height=\"865\" src=\"https:\/\/www.sotrender.com\/blog\/wp-content\/uploads\/2024\/06\/patec-wariatec-post-ig-everest.png\" alt=\"patec wariatec instagram everest\" class=\"wp-image-52257\" srcset=\"https:\/\/www.sotrender.com\/blog\/wp-content\/uploads\/2024\/06\/patec-wariatec-post-ig-everest.png 1800w, https:\/\/www.sotrender.com\/blog\/wp-content\/uploads\/2024\/06\/patec-wariatec-post-ig-everest-475x228.png 475w, https:\/\/www.sotrender.com\/blog\/wp-content\/uploads\/2024\/06\/patec-wariatec-post-ig-everest-768x369.png 768w, https:\/\/www.sotrender.com\/blog\/wp-content\/uploads\/2024\/06\/patec-wariatec-post-ig-everest-1536x738.png 1536w\" sizes=\"(max-width: 1800px) 100vw, 1800px\" \/><figcaption class=\"wp-element-caption\"><a href=\"https:\/\/www.sotrender.com\/trends\/instagram\/poland\/202405\/osoby#best_posts\" target=\"_blank\" rel=\"noreferrer noopener\">Najlepsze posty na Instagramie w kategorii Osoby<\/a> | maj 2024 r.<\/figcaption><\/figure>\n\n\n\n<p>By\u0142 to pi\u0105ty najbardziej anga\u017cuj\u0105cy post miesi\u0105ca na polskim Instagramie w kategorii Osoby.<\/p>\n\n\n\n<h2 class=\"wp-block-heading\">W szczytnym celu&nbsp;<\/h2>\n\n\n\n<p>Wyzwaniu youtubera towarzyszy\u0142a zbi\u00f3rka pieni\u0119dzy dla fundacji Cancer Fighters, kt\u00f3ra pomaga dzieciom chorym na raka.<\/p>\n\n\n\n<p>Profil fundacji, jako nowy profil w naszym raporcie, od razu uplasowa\u0142 si\u0119 wysoko w rankingach <a href=\"https:\/\/www.sotrender.com\/trends\/instagram\/poland\/202405\/Organizacje\/org_ngo\" target=\"_blank\" rel=\"noreferrer noopener\">w kategorii NGO<\/a>.<\/p>\n\n\n\n<ul>\n<li>Na miejscu jedenastym w zestawieniu <em>Obserwuj\u0105cy<\/em>.<\/li>\n\n\n\n<li>Na miejscu sz\u00f3stym w zestawieniu <em>Liczba aktywno\u015bci<\/em>.<\/li>\n<\/ul>\n\n\n\n<p>Post na profilu Cancer Fighters z podzi\u0119kowaniem dla youtubera za wsparcie dzia\u0142a\u0144 fundacji by\u0142 <a href=\"https:\/\/www.sotrender.com\/trends\/instagram\/poland\/202405\/Organizacje\/org_ngo#best_posts\" target=\"_blank\" rel=\"noreferrer noopener\">drugim najlepszym postem w kategorii NGO<\/a>.<\/p>\n\n\n\n<figure class=\"wp-block-image size-full\"><img loading=\"lazy\" decoding=\"async\" width=\"1940\" height=\"940\" src=\"https:\/\/www.sotrender.com\/blog\/wp-content\/uploads\/2024\/06\/cancer-fighters-post-instagram.png\" alt=\"cancer fighters patec wariatec everest zbi\u00f3rka charytatywna\" class=\"wp-image-52262\" srcset=\"https:\/\/www.sotrender.com\/blog\/wp-content\/uploads\/2024\/06\/cancer-fighters-post-instagram.png 1940w, https:\/\/www.sotrender.com\/blog\/wp-content\/uploads\/2024\/06\/cancer-fighters-post-instagram-475x230.png 475w, https:\/\/www.sotrender.com\/blog\/wp-content\/uploads\/2024\/06\/cancer-fighters-post-instagram-768x372.png 768w, https:\/\/www.sotrender.com\/blog\/wp-content\/uploads\/2024\/06\/cancer-fighters-post-instagram-1536x744.png 1536w\" sizes=\"(max-width: 1940px) 100vw, 1940px\" \/><figcaption class=\"wp-element-caption\"><a href=\"https:\/\/www.sotrender.com\/trends\/instagram\/poland\/202405\/Organizacje\/org_ngo#best_posts\" target=\"_blank\" rel=\"noreferrer noopener\">Najlepsze posty na Instagramie w kategorii NGO<\/a> | maj 2024 r.<\/figcaption><\/figure>\n\n\n\n<p>Media r\u00f3wnie\u017c nadawa\u0142y ca\u0142ej akcji rozg\u0142osu.<\/p>\n\n\n\n<p>W kategorii <a href=\"https:\/\/www.sotrender.com\/trends\/instagram\/poland\/202405\/media#best_posts\" target=\"_blank\" rel=\"noreferrer noopener\">Media<\/a>, post na profilu @bezuzytecznapl informuj\u0105cy o wyprawie i towarzysz\u0105cej jej akcji charytatywnej by\u0142 trzecim najbardziej anga\u017cuj\u0105cym postem miesi\u0105ca.<\/p>\n\n\n\n<figure class=\"wp-block-image size-full\"><img loading=\"lazy\" decoding=\"async\" width=\"1920\" height=\"930\" src=\"https:\/\/www.sotrender.com\/blog\/wp-content\/uploads\/2024\/06\/bezuzyteczna-patec-wariatec-everest.png\" alt=\"bezuzyteczna patec wariatec everest instagram \" class=\"wp-image-52264\" srcset=\"https:\/\/www.sotrender.com\/blog\/wp-content\/uploads\/2024\/06\/bezuzyteczna-patec-wariatec-everest.png 1920w, https:\/\/www.sotrender.com\/blog\/wp-content\/uploads\/2024\/06\/bezuzyteczna-patec-wariatec-everest-475x230.png 475w, https:\/\/www.sotrender.com\/blog\/wp-content\/uploads\/2024\/06\/bezuzyteczna-patec-wariatec-everest-768x372.png 768w, https:\/\/www.sotrender.com\/blog\/wp-content\/uploads\/2024\/06\/bezuzyteczna-patec-wariatec-everest-1536x744.png 1536w\" sizes=\"(max-width: 1920px) 100vw, 1920px\" \/><figcaption class=\"wp-element-caption\"><a href=\"https:\/\/www.sotrender.com\/trends\/instagram\/poland\/202405\/media#best_posts\" target=\"_blank\" rel=\"noreferrer noopener\">Najlepsze posty na Instagramie w kategorii Media<\/a> | maj 2024 r.<\/figcaption><\/figure>\n\n\n\n<p>Z kolei w kategorii <a href=\"https:\/\/www.sotrender.com\/trends\/instagram\/poland\/202405\/media\/media_wiadomosci_i_informacje#best_posts\" target=\"_blank\" rel=\"noreferrer noopener\">Wiadomo\u015bci i informacje<\/a>, najlepszy post miesi\u0105ca nale\u017ca\u0142 do @swiat_news i r\u00f3wnie\u017c dotyczy\u0142 wyprawy youtubera na najwy\u017cszy szczyt \u015bwiata.<\/p>\n\n\n\n<h2 class=\"wp-block-heading\">Roszady w\u015br\u00f3d najwi\u0119kszych profili marek<\/h2>\n\n\n\n<p>Na uwag\u0119 zas\u0142uguj\u0105 r\u00f3wnie\u017c zmiany w zestawieniu profili marek na polskim IG.<\/p>\n\n\n\n<p>W <a href=\"https:\/\/www.sotrender.com\/trends\/instagram\/poland\/202405\/marki#fans\" target=\"_blank\" rel=\"noreferrer noopener\">TOP10<\/a> znalaz\u0142y si\u0119 bowiem dwa nowe &#8211; gamingowe &#8211; profile: Cyberpunk oraz CD PROJEKT RED.<\/p>\n\n\n\n<figure class=\"wp-block-image size-full\"><img loading=\"lazy\" decoding=\"async\" width=\"1948\" height=\"1012\" src=\"https:\/\/www.sotrender.com\/blog\/wp-content\/uploads\/2024\/06\/najwieksze-marki-na-polskim-ig-w-maju-2024.png\" alt=\"najwi\u0119ksze profile marek na polskim instagramie, maj 2024 \" class=\"wp-image-52267\" srcset=\"https:\/\/www.sotrender.com\/blog\/wp-content\/uploads\/2024\/06\/najwieksze-marki-na-polskim-ig-w-maju-2024.png 1948w, https:\/\/www.sotrender.com\/blog\/wp-content\/uploads\/2024\/06\/najwieksze-marki-na-polskim-ig-w-maju-2024-475x247.png 475w, https:\/\/www.sotrender.com\/blog\/wp-content\/uploads\/2024\/06\/najwieksze-marki-na-polskim-ig-w-maju-2024-768x399.png 768w, https:\/\/www.sotrender.com\/blog\/wp-content\/uploads\/2024\/06\/najwieksze-marki-na-polskim-ig-w-maju-2024-1536x798.png 1536w\" sizes=\"(max-width: 1948px) 100vw, 1948px\" \/><figcaption class=\"wp-element-caption\"><a href=\"https:\/\/www.sotrender.com\/trends\/instagram\/poland\/202405\/marki#fans\" target=\"_blank\" rel=\"noreferrer noopener\">Najwi\u0119ksze profile marek na polskim Instagramie<\/a> | maj 2024 r.<\/figcaption><\/figure>\n\n\n\n<p>Niespodzianki czeka\u0142y na nas r\u00f3wnie\u017c w\u015br\u00f3d <a href=\"https:\/\/www.sotrender.com\/trends\/instagram\/poland\/202405\/marki#best_posts\" target=\"_blank\" rel=\"noreferrer noopener\">najlepszych post\u00f3w miesi\u0105ca<\/a>.<\/p>\n\n\n\n<p>Najbardziej anga\u017cuj\u0105cy post opublikowany zosta\u0142 na profilu wn\u0119trzniarskim @raw_decor. W TOP3 znalaz\u0142 si\u0119 r\u00f3wnie\u017c post Redbulla i CD PROJEKT RED.<\/p>\n\n\n\n<figure class=\"wp-block-image size-full\"><img loading=\"lazy\" decoding=\"async\" width=\"1928\" height=\"928\" src=\"https:\/\/www.sotrender.com\/blog\/wp-content\/uploads\/2024\/06\/ig-maj-2024-marki-top-posty.png\" alt=\"marki najlepsze posty na instagramie, maj 2024\" class=\"wp-image-52259\" srcset=\"https:\/\/www.sotrender.com\/blog\/wp-content\/uploads\/2024\/06\/ig-maj-2024-marki-top-posty.png 1928w, https:\/\/www.sotrender.com\/blog\/wp-content\/uploads\/2024\/06\/ig-maj-2024-marki-top-posty-475x229.png 475w, https:\/\/www.sotrender.com\/blog\/wp-content\/uploads\/2024\/06\/ig-maj-2024-marki-top-posty-768x370.png 768w, https:\/\/www.sotrender.com\/blog\/wp-content\/uploads\/2024\/06\/ig-maj-2024-marki-top-posty-1536x739.png 1536w\" sizes=\"(max-width: 1928px) 100vw, 1928px\" \/><figcaption class=\"wp-element-caption\"><a href=\"https:\/\/www.sotrender.com\/trends\/instagram\/poland\/202405\/marki#best_posts\" target=\"_blank\" rel=\"noreferrer noopener\">Najlepsze posty na Instagramie w kategorii Marki<\/a> | maj 2024 r.<\/figcaption><\/figure>\n\n\n\n<h2 class=\"wp-block-heading\">Instagram Trends maj 2024<\/h2>\n\n\n\n<p>To wszystko, co przygotowali\u015bmy w tym miesi\u0105cu. Za kilka dni zapraszamy na majowy raport Facebook Trends, a ju\u017c teraz zach\u0119camy do sprawdzenia pe\u0142nej edycji raportu <a href=\"https:\/\/www.sotrender.com\/trends\/instagram\/poland\/202405\" target=\"_blank\" rel=\"noreferrer noopener\">Instagram Trends maj 2024<\/a>.<\/p>\n","protected":false},"excerpt":{"rendered":"<p>W maju internauci z zapartym tchem obserwowali wypraw\u0119 youtubera Jakuba Pateckiego na najwy\u017cszy szczyt \u015bwiata &#8211; Mount Everest.<\/p>\n","protected":false},"author":89,"featured_media":52247,"comment_status":"closed","ping_status":"open","sticky":false,"template":"","format":"standard","meta":{"inline_featured_image":false,"footnotes":""},"categories":[1791,1803],"tags":[],"yoast_head":"<!-- This site is optimized with the Yoast SEO plugin v22.4 - https:\/\/yoast.com\/wordpress\/plugins\/seo\/ -->\n<title>Instagram Trends maj 2024 - wszystkie oczy zwr\u00f3cone na Everest<\/title>\n<meta name=\"description\" content=\"W maju internauci z zapartym tchem obserwowali wypraw\u0119 youtubera Jakuba Pateckiego na najwy\u017cszy szczyt \u015bwiata - Mount Everest.\" \/>\n<meta name=\"robots\" content=\"index, follow, max-snippet:-1, max-image-preview:large, max-video-preview:-1\" \/>\n<link rel=\"canonical\" href=\"https:\/\/www.sotrender.com\/blog\/pl\/2024\/06\/instagram-trends-maj-2024-wszystkie-oczy-zwrocone-na-everest\/\" \/>\n<meta property=\"og:locale\" content=\"pl_PL\" \/>\n<meta property=\"og:type\" content=\"article\" \/>\n<meta property=\"og:title\" content=\"Instagram Trends maj 2024 - wszystkie oczy zwr\u00f3cone na Everest\" \/>\n<meta property=\"og:description\" content=\"W maju internauci z zapartym tchem obserwowali wypraw\u0119 youtubera Jakuba Pateckiego na najwy\u017cszy szczyt \u015bwiata - Mount Everest.\" \/>\n<meta property=\"og:url\" content=\"https:\/\/www.sotrender.com\/blog\/pl\/2024\/06\/instagram-trends-maj-2024-wszystkie-oczy-zwrocone-na-everest\/\" \/>\n<meta property=\"og:site_name\" content=\"Sotrender Blog\" \/>\n<meta property=\"article:publisher\" content=\"https:\/\/www.facebook.com\/Sotrender\" \/>\n<meta property=\"article:published_time\" content=\"2024-06-07T06:49:24+00:00\" \/>\n<meta property=\"article:modified_time\" content=\"2024-09-02T08:19:24+00:00\" \/>\n<meta property=\"og:image\" content=\"https:\/\/www.sotrender.com\/blog\/wp-content\/uploads\/2024\/06\/everest.jpg\" \/>\n\t<meta property=\"og:image:width\" content=\"1280\" \/>\n\t<meta property=\"og:image:height\" content=\"853\" \/>\n\t<meta property=\"og:image:type\" content=\"image\/jpeg\" \/>\n<meta name=\"author\" content=\"Klaudia \u017by\u0142ka\" \/>\n<meta name=\"twitter:card\" content=\"summary_large_image\" \/>\n<meta name=\"twitter:creator\" content=\"@Sotrender\" \/>\n<meta name=\"twitter:site\" content=\"@Sotrender\" \/>\n<meta name=\"twitter:label1\" content=\"Written by\" \/>\n\t<meta name=\"twitter:data1\" content=\"Klaudia \u017by\u0142ka\" \/>\n\t<meta name=\"twitter:label2\" content=\"Est. reading time\" \/>\n\t<meta name=\"twitter:data2\" content=\"4 minutes\" \/>\n<script type=\"application\/ld+json\" class=\"yoast-schema-graph\">{\"@context\":\"https:\/\/schema.org\",\"@graph\":[{\"@type\":\"WebPage\",\"@id\":\"https:\/\/www.sotrender.com\/blog\/pl\/2024\/06\/instagram-trends-maj-2024-wszystkie-oczy-zwrocone-na-everest\/\",\"url\":\"https:\/\/www.sotrender.com\/blog\/pl\/2024\/06\/instagram-trends-maj-2024-wszystkie-oczy-zwrocone-na-everest\/\",\"name\":\"Instagram Trends maj 2024 - wszystkie oczy zwr\u00f3cone na Everest\",\"isPartOf\":{\"@id\":\"https:\/\/www.sotrender.com\/blog\/#website\"},\"primaryImageOfPage\":{\"@id\":\"https:\/\/www.sotrender.com\/blog\/pl\/2024\/06\/instagram-trends-maj-2024-wszystkie-oczy-zwrocone-na-everest\/#primaryimage\"},\"image\":{\"@id\":\"https:\/\/www.sotrender.com\/blog\/pl\/2024\/06\/instagram-trends-maj-2024-wszystkie-oczy-zwrocone-na-everest\/#primaryimage\"},\"thumbnailUrl\":\"https:\/\/www.sotrender.com\/blog\/wp-content\/uploads\/2024\/06\/everest.jpg\",\"datePublished\":\"2024-06-07T06:49:24+00:00\",\"dateModified\":\"2024-09-02T08:19:24+00:00\",\"author\":{\"@id\":\"https:\/\/www.sotrender.com\/blog\/#\/schema\/person\/038ac5e276c5d102d8cbb9c36cd43416\"},\"description\":\"W maju internauci z zapartym tchem obserwowali wypraw\u0119 youtubera Jakuba Pateckiego na najwy\u017cszy szczyt \u015bwiata - Mount Everest.\",\"breadcrumb\":{\"@id\":\"https:\/\/www.sotrender.com\/blog\/pl\/2024\/06\/instagram-trends-maj-2024-wszystkie-oczy-zwrocone-na-everest\/#breadcrumb\"},\"inLanguage\":\"pl-PL\",\"potentialAction\":[{\"@type\":\"ReadAction\",\"target\":[\"https:\/\/www.sotrender.com\/blog\/pl\/2024\/06\/instagram-trends-maj-2024-wszystkie-oczy-zwrocone-na-everest\/\"]}]},{\"@type\":\"ImageObject\",\"inLanguage\":\"pl-PL\",\"@id\":\"https:\/\/www.sotrender.com\/blog\/pl\/2024\/06\/instagram-trends-maj-2024-wszystkie-oczy-zwrocone-na-everest\/#primaryimage\",\"url\":\"https:\/\/www.sotrender.com\/blog\/wp-content\/uploads\/2024\/06\/everest.jpg\",\"contentUrl\":\"https:\/\/www.sotrender.com\/blog\/wp-content\/uploads\/2024\/06\/everest.jpg\",\"width\":1280,\"height\":853},{\"@type\":\"BreadcrumbList\",\"@id\":\"https:\/\/www.sotrender.com\/blog\/pl\/2024\/06\/instagram-trends-maj-2024-wszystkie-oczy-zwrocone-na-everest\/#breadcrumb\",\"itemListElement\":[{\"@type\":\"ListItem\",\"position\":1,\"name\":\"Home\",\"item\":\"https:\/\/www.sotrender.com\/blog\/\"},{\"@type\":\"ListItem\",\"position\":2,\"name\":\"Instagram Trends maj 2024 &#8211; wszystkie oczy zwr\u00f3cone na Everest\"}]},{\"@type\":\"WebSite\",\"@id\":\"https:\/\/www.sotrender.com\/blog\/#website\",\"url\":\"https:\/\/www.sotrender.com\/blog\/\",\"name\":\"Sotrender Blog\",\"description\":\"\",\"potentialAction\":[{\"@type\":\"SearchAction\",\"target\":{\"@type\":\"EntryPoint\",\"urlTemplate\":\"https:\/\/www.sotrender.com\/blog\/?s={search_term_string}\"},\"query-input\":\"required name=search_term_string\"}],\"inLanguage\":\"pl-PL\"},{\"@type\":\"Person\",\"@id\":\"https:\/\/www.sotrender.com\/blog\/#\/schema\/person\/038ac5e276c5d102d8cbb9c36cd43416\",\"name\":\"Klaudia \u017by\u0142ka\",\"image\":{\"@type\":\"ImageObject\",\"inLanguage\":\"pl-PL\",\"@id\":\"https:\/\/www.sotrender.com\/blog\/#\/schema\/person\/image\/\",\"url\":\"https:\/\/secure.gravatar.com\/avatar\/f55d5d49ce3c448e1ffde0ab078d84cd?s=96&d=mm&r=g\",\"contentUrl\":\"https:\/\/secure.gravatar.com\/avatar\/f55d5d49ce3c448e1ffde0ab078d84cd?s=96&d=mm&r=g\",\"caption\":\"Klaudia \u017by\u0142ka\"},\"description\":\"Instagram, dogs, books and food lover. Former student at Warsaw University and Malm\u00f6 University. Improving her marketing skills every day. Proud owner of DIMAQ certificate\",\"sameAs\":[\"https:\/\/www.linkedin.com\/in\/klaudia-\u017cy\u0142ka-17527779\"],\"url\":\"https:\/\/www.sotrender.com\/blog\/pl\/author\/klaudia_yka\/\"}]}<\/script>\n<!-- \/ Yoast SEO plugin. -->","yoast_head_json":{"title":"Instagram Trends maj 2024 - wszystkie oczy zwr\u00f3cone na Everest","description":"W maju internauci z zapartym tchem obserwowali wypraw\u0119 youtubera Jakuba Pateckiego na najwy\u017cszy szczyt \u015bwiata - Mount Everest.","robots":{"index":"index","follow":"follow","max-snippet":"max-snippet:-1","max-image-preview":"max-image-preview:large","max-video-preview":"max-video-preview:-1"},"canonical":"https:\/\/www.sotrender.com\/blog\/pl\/2024\/06\/instagram-trends-maj-2024-wszystkie-oczy-zwrocone-na-everest\/","og_locale":"pl_PL","og_type":"article","og_title":"Instagram Trends maj 2024 - wszystkie oczy zwr\u00f3cone na Everest","og_description":"W maju internauci z zapartym tchem obserwowali wypraw\u0119 youtubera Jakuba Pateckiego na najwy\u017cszy szczyt \u015bwiata - Mount Everest.","og_url":"https:\/\/www.sotrender.com\/blog\/pl\/2024\/06\/instagram-trends-maj-2024-wszystkie-oczy-zwrocone-na-everest\/","og_site_name":"Sotrender Blog","article_publisher":"https:\/\/www.facebook.com\/Sotrender","article_published_time":"2024-06-07T06:49:24+00:00","article_modified_time":"2024-09-02T08:19:24+00:00","og_image":[{"width":1280,"height":853,"url":"https:\/\/www.sotrender.com\/blog\/wp-content\/uploads\/2024\/06\/everest.jpg","type":"image\/jpeg"}],"author":"Klaudia \u017by\u0142ka","twitter_card":"summary_large_image","twitter_creator":"@Sotrender","twitter_site":"@Sotrender","twitter_misc":{"Written by":"Klaudia \u017by\u0142ka","Est. reading time":"4 minutes"},"schema":{"@context":"https:\/\/schema.org","@graph":[{"@type":"WebPage","@id":"https:\/\/www.sotrender.com\/blog\/pl\/2024\/06\/instagram-trends-maj-2024-wszystkie-oczy-zwrocone-na-everest\/","url":"https:\/\/www.sotrender.com\/blog\/pl\/2024\/06\/instagram-trends-maj-2024-wszystkie-oczy-zwrocone-na-everest\/","name":"Instagram Trends maj 2024 - wszystkie oczy zwr\u00f3cone na Everest","isPartOf":{"@id":"https:\/\/www.sotrender.com\/blog\/#website"},"primaryImageOfPage":{"@id":"https:\/\/www.sotrender.com\/blog\/pl\/2024\/06\/instagram-trends-maj-2024-wszystkie-oczy-zwrocone-na-everest\/#primaryimage"},"image":{"@id":"https:\/\/www.sotrender.com\/blog\/pl\/2024\/06\/instagram-trends-maj-2024-wszystkie-oczy-zwrocone-na-everest\/#primaryimage"},"thumbnailUrl":"https:\/\/www.sotrender.com\/blog\/wp-content\/uploads\/2024\/06\/everest.jpg","datePublished":"2024-06-07T06:49:24+00:00","dateModified":"2024-09-02T08:19:24+00:00","author":{"@id":"https:\/\/www.sotrender.com\/blog\/#\/schema\/person\/038ac5e276c5d102d8cbb9c36cd43416"},"description":"W maju internauci z zapartym tchem obserwowali wypraw\u0119 youtubera Jakuba Pateckiego na najwy\u017cszy szczyt \u015bwiata - Mount Everest.","breadcrumb":{"@id":"https:\/\/www.sotrender.com\/blog\/pl\/2024\/06\/instagram-trends-maj-2024-wszystkie-oczy-zwrocone-na-everest\/#breadcrumb"},"inLanguage":"pl-PL","potentialAction":[{"@type":"ReadAction","target":["https:\/\/www.sotrender.com\/blog\/pl\/2024\/06\/instagram-trends-maj-2024-wszystkie-oczy-zwrocone-na-everest\/"]}]},{"@type":"ImageObject","inLanguage":"pl-PL","@id":"https:\/\/www.sotrender.com\/blog\/pl\/2024\/06\/instagram-trends-maj-2024-wszystkie-oczy-zwrocone-na-everest\/#primaryimage","url":"https:\/\/www.sotrender.com\/blog\/wp-content\/uploads\/2024\/06\/everest.jpg","contentUrl":"https:\/\/www.sotrender.com\/blog\/wp-content\/uploads\/2024\/06\/everest.jpg","width":1280,"height":853},{"@type":"BreadcrumbList","@id":"https:\/\/www.sotrender.com\/blog\/pl\/2024\/06\/instagram-trends-maj-2024-wszystkie-oczy-zwrocone-na-everest\/#breadcrumb","itemListElement":[{"@type":"ListItem","position":1,"name":"Home","item":"https:\/\/www.sotrender.com\/blog\/"},{"@type":"ListItem","position":2,"name":"Instagram Trends maj 2024 &#8211; wszystkie oczy zwr\u00f3cone na Everest"}]},{"@type":"WebSite","@id":"https:\/\/www.sotrender.com\/blog\/#website","url":"https:\/\/www.sotrender.com\/blog\/","name":"Sotrender Blog","description":"","potentialAction":[{"@type":"SearchAction","target":{"@type":"EntryPoint","urlTemplate":"https:\/\/www.sotrender.com\/blog\/?s={search_term_string}"},"query-input":"required name=search_term_string"}],"inLanguage":"pl-PL"},{"@type":"Person","@id":"https:\/\/www.sotrender.com\/blog\/#\/schema\/person\/038ac5e276c5d102d8cbb9c36cd43416","name":"Klaudia \u017by\u0142ka","image":{"@type":"ImageObject","inLanguage":"pl-PL","@id":"https:\/\/www.sotrender.com\/blog\/#\/schema\/person\/image\/","url":"https:\/\/secure.gravatar.com\/avatar\/f55d5d49ce3c448e1ffde0ab078d84cd?s=96&d=mm&r=g","contentUrl":"https:\/\/secure.gravatar.com\/avatar\/f55d5d49ce3c448e1ffde0ab078d84cd?s=96&d=mm&r=g","caption":"Klaudia \u017by\u0142ka"},"description":"Instagram, dogs, books and food lover. Former student at Warsaw University and Malm\u00f6 University. Improving her marketing skills every day. Proud owner of DIMAQ certificate","sameAs":["https:\/\/www.linkedin.com\/in\/klaudia-\u017cy\u0142ka-17527779"],"url":"https:\/\/www.sotrender.com\/blog\/pl\/author\/klaudia_yka\/"}]}},"_links":{"self":[{"href":"https:\/\/www.sotrender.com\/blog\/pl\/wp-json\/wp\/v2\/posts\/52246"}],"collection":[{"href":"https:\/\/www.sotrender.com\/blog\/pl\/wp-json\/wp\/v2\/posts"}],"about":[{"href":"https:\/\/www.sotrender.com\/blog\/pl\/wp-json\/wp\/v2\/types\/post"}],"author":[{"embeddable":true,"href":"https:\/\/www.sotrender.com\/blog\/pl\/wp-json\/wp\/v2\/users\/89"}],"replies":[{"embeddable":true,"href":"https:\/\/www.sotrender.com\/blog\/pl\/wp-json\/wp\/v2\/comments?post=52246"}],"version-history":[{"count":9,"href":"https:\/\/www.sotrender.com\/blog\/pl\/wp-json\/wp\/v2\/posts\/52246\/revisions"}],"predecessor-version":[{"id":52272,"href":"https:\/\/www.sotrender.com\/blog\/pl\/wp-json\/wp\/v2\/posts\/52246\/revisions\/52272"}],"wp:featuredmedia":[{"embeddable":true,"href":"https:\/\/www.sotrender.com\/blog\/pl\/wp-json\/wp\/v2\/media\/52247"}],"wp:attachment":[{"href":"https:\/\/www.sotrender.com\/blog\/pl\/wp-json\/wp\/v2\/media?parent=52246"}],"wp:term":[{"taxonomy":"category","embeddable":true,"href":"https:\/\/www.sotrender.com\/blog\/pl\/wp-json\/wp\/v2\/categories?post=52246"},{"taxonomy":"post_tag","embeddable":true,"href":"https:\/\/www.sotrender.com\/blog\/pl\/wp-json\/wp\/v2\/tags?post=52246"}],"curies":[{"name":"wp","href":"https:\/\/api.w.org\/{rel}","templated":true}]}}