{"id":5173,"date":"2013-03-05T12:02:50","date_gmt":"2013-03-05T11:02:50","guid":{"rendered":"http:\/\/blog.sotrender.com\/?p=5173"},"modified":"2017-04-13T16:53:04","modified_gmt":"2017-04-13T14:53:04","slug":"fanpage-trends-luty-2013","status":"publish","type":"post","link":"https:\/\/www.sotrender.com\/blog\/pl\/2013\/03\/fanpage-trends-luty-2013\/","title":{"rendered":"Luty na Facebooku \u2013 raport Fanpage Trends od Sotrendera"},"content":{"rendered":"<p><b><a href=\"https:\/\/www.sotrender.com\/blog\/pl\/2013\/03\/fanpage-trends-luty-2013\/201302_obrazek2\/\" rel=\"attachment wp-att-5197\"><img loading=\"lazy\" decoding=\"async\" class=\"size-medium wp-image-5197 alignleft\" src=\"https:\/\/www.sotrender.com\/blog\/wp-content\/uploads\/2013\/03\/201302_obrazek2-300x277.png\" alt=\"201302_obrazek2\" width=\"300\" height=\"277\" \/><\/a>Zuckerberg dostaje tytu\u0142 CEO roku i kilka dni p\u00f3\u017aniej pozew. Facebook przedstawia kolejne mo\u017cliwo\u015bci platformy. Serce i Rozum broni tytu\u0142u najwi\u0119kszej polskiej strony na Facebooku, a Kuba Wojew\u00f3dzki wraca do fan\u00f3w. Akcje charytatywne pojawiaj\u0105 si\u0119 w rankingu najlepszych post\u00f3w, mBank zaprzyja\u017ania si\u0119 z Facebookiem, a <a title=\"Fanpage Trends Luty 2013\" href=\"http:\/\/www.sotrender.com\/pl\/fanpage-trends\/201302\" target=\"_blank\">Sotrender prezentuje najnowszy raport Fanpage Trends<\/a>, pe\u0142en ciekawych i jak zawsze naj\u015bwie\u017cszych danych przedstawionych na 259 stronach raportu z 33 kategoriami stron komentowanych przez 29 ekspert\u00f3w. Na pocz\u0105tek polecamy lektur\u0119 artyku\u0142u, w kt\u00f3rym przypominamy, co ciekawego dzia\u0142o si\u0119 w lutym.<\/b><\/p>\n<p><!--more--><\/p>\n<h3><b>Happy birthday?<\/b><\/h3>\n<p>Pomimo, \u017ce luty by\u0142 kr\u00f3tki jak zwykle, na Facebooku nie przestaje si\u0119 dzia\u0107. Miesi\u0105c zacz\u0105\u0142 si\u0119 przyjemnie dla Facebooka &#8211; 1 lutego <a title=\"Crunchies 2012 - CEO roku dla Zuckerberga\" href=\"http:\/\/techcrunch.com\/events\/crunchies-2012\/soundbites\/?snapid=75480\" target=\"_blank\">TechCrunch \u00a0przyzna\u0142 Zuckerbergowi tytu\u0142 CEO roku<\/a>. O tytu\u0142 walczyli tak\u017ce szefowie Google, Yahoo, Twittera i Evernote. Nagroda zosta\u0142a przyznana tu\u017c przed urodzinami, bowiem 4 lutego Facebook sko\u0144czy\u0142 9 lat.<\/p>\n<p>Gorsz\u0105 wiadomo\u015b\u0107 Facebook musia\u0142 przyj\u0105\u0107 nast\u0119pnego dnia, kiedy to za\u0142o\u017cono pozew w sprawie przycisku Like. Okazuje si\u0119, \u017ce spadkobierca patentu pewnego du\u0144skiego programisty o nazwisku Joannes Jozef Everardus van Der Meer, holenderska firma Rembrandt Social Media uzna\u0142a, \u017ce Facebook nie mia\u0142 prawa do wykorzystania tego przycisku.<\/p>\n<h3><b>Przysz\u0142o\u015b\u0107 to Facebook<\/b><\/h3>\n<p>Dobrym omenem dla Facebooka jest post\u0119puj\u0105ca integracja serwisu spo\u0142eczno\u015bciowego z dzia\u0142alno\u015bci\u0105 najr\u00f3\u017cniejszych instytucji. Nie jest nowo\u015bci\u0105, \u017ce profile firmowe staj\u0105 si\u0119 (a przynajmniej si\u0119 tego oczekuje) biurami obs\u0142ugi klienta on-line, a nawet tworz\u0105 osobne strony temu dedykowane, jak <a title=\"Play4U fanpage\" href=\"http:\/\/www.facebook.com\/Play4You\" target=\"_blank\">Play4U<\/a>. Coraz wi\u0119cej rzeczy mo\u017cna za\u0142atwi\u0107 poprzez serwis i coraz wi\u0119cej koncern\u00f3w przekonuje si\u0119 do wykorzystania platformy w r\u00f3\u017cnych celach. W tym miesi\u0105cu mBank zaprezentowa\u0142 pomys\u0142y na <a title=\"Bankier.pl: Nowo\u015bci w mBanku\" href=\"http:\/\/www.bankier.pl\/wiadomosc\/mBank-idzie-za-ciosem-i-pokazuje-kolejne-nowosci-2760382.html\" target=\"_blank\">stworzenie banku nowej generacji<\/a>. Mi\u0119dzy innymi b\u0119d\u0105 to uproszczone przelewy, mo\u017cliwe mi\u0119dzy innymi za po\u015brednictwem Facebooka. Nie jest to pierwszy taki bank w Polsce, bowiem podobne systemy dzia\u0142aj\u0105 ju\u017c w Alior Sync i Getin Up. Z drugiej strony, Facebookowe aplikacje mBanku pozwol\u0105 na specjalne rabaty dla u\u017cytkownik\u00f3w \u2013 spersonalizowane, bo wykorzystuj\u0105ce analiz\u0119 historii rachunk\u00f3w klienta.<\/p>\n<h3><b>Nowe pomys\u0142y, nowe mo\u017cliwo\u015bci<\/b><\/h3>\n<p>W Facebooku pojawiaj\u0105 si\u0119 najr\u00f3\u017cniejsze pomys\u0142y, mn\u00f3stwo ciekawych, ale i troch\u0119 budz\u0105cych w\u0105tpliwo\u015bci dbaj\u0105cych o swoj\u0105 prywatno\u015b\u0107 u\u017cytkownik\u00f3w. Facebook <a title=\"Mashable: Facebook Location Sharing\" href=\"http:\/\/mashable.com\/2013\/02\/04\/facebook-location-sharing\/\" target=\"_blank\">dzi\u0119ki nowej aplikacji<\/a> b\u0119dzie na przyk\u0142ad informowa\u0142 nas, kiedy w pobli\u017cu znajd\u0105 si\u0119 nasi znajomi. Poprzednim kontrowersyjnym pomys\u0142em by\u0142o automatyczne rozpoznawanie twarzy na zdj\u0119ciach, z kt\u00f3rego w Europie <a title=\"AllFacebook: Europe Facial Recognition Data Deleted\" href=\"http:\/\/allfacebook.com\/europe-facial-recognition-data-deleted_b110321\" target=\"_blank\">po protestach kilku instytucji zrezygnowano<\/a>.<\/p>\n<p>Bardzo ciekawym, ale nie mniej kontrowersyjnym pomys\u0142em by\u0142o podpisanie we wrze\u015bniu umowy z <a title=\"Datalogix\" href=\"http:\/\/www.datalogix.com\/about\/\" target=\"_blank\">Datalogix<\/a>, dzi\u0119ki kt\u00f3rej Facebook ma mo\u017cliwo\u015b\u0107 wi\u0105zania historii kart p\u0142atniczych z konkretnymi kontami na Facebooku. W przeciwie\u0144stwie do wcze\u015bniej wspomnianych ofert mBanku, u\u017cytkownicy nie musz\u0105 wiedzie\u0107 o tym, \u017ce takie dane s\u0105 wykorzystywane do targetowania na nich reklam. Nie maj\u0105 te\u017c mo\u017cliwo\u015bci wycofania swoich danych z baz Facebooka poprzez serwis, a \u017ceby zabroni\u0107 analizowania swoich danych musz\u0105 uda\u0107 si\u0119 na stron\u0119 Datalogix. W lutym dowiedzieli\u015bmy si\u0119, \u017ce danych o konsumentach b\u0119dzie jeszcze wi\u0119cej dzi\u0119ki <a title=\"SocialPress o targetowaniu reklam w oparciu o zewn\u0119trzne dane\" href=\"http:\/\/socialpress.pl\/2013\/02\/nadchodzi-nowa-era-marketingu-targetowanie-reklam-w-oparciu-o-aktywnosci-poza-internetem-to-juz-nie-fikcja\/\" target=\"_blank\">wsp\u00f3\u0142pracy z Epsilon i Acxion<\/a>, kt\u00f3re b\u0119d\u0105 dostarcza\u0142y jeszcze wi\u0119kszej ilo\u015bci informacji.<\/p>\n<p><a href=\"http:\/\/techcrunch.com\/2013\/01\/30\/facebook-visual-sharing\/\" target=\"_blank\" rel=\"attachment wp-att-5191\"><img loading=\"lazy\" decoding=\"async\" class=\"alignnone size-full wp-image-5191\" title=\"TechCrunch pokazuje jak b\u0119d\u0105 wygl\u0105da\u0142y graficzne statusy\" src=\"https:\/\/www.sotrender.com\/blog\/wp-content\/uploads\/2013\/03\/201302obr1.jpg\" alt=\"\" width=\"601\" height=\"405\" srcset=\"https:\/\/www.sotrender.com\/blog\/wp-content\/uploads\/2013\/03\/201302obr1.jpg 601w, https:\/\/www.sotrender.com\/blog\/wp-content\/uploads\/2013\/03\/201302obr1-475x320.jpg 475w, https:\/\/www.sotrender.com\/blog\/wp-content\/uploads\/2013\/03\/201302obr1-600x404.jpg 600w\" sizes=\"(max-width: 601px) 100vw, 601px\" \/><\/a><\/p>\n<p>Pojawi\u0142y si\u0119 te\u017c nowy pomys\u0142 wykorzystuj\u0105cy podobny rodzaj danych jak Graph Search. Testowane s\u0105 obecnie nowe opcje statusu &#8211; <a title=\"TechCrunch: Facebook Visual Sharing\" href=\"http:\/\/techcrunch.com\/2013\/01\/30\/facebook-visual-sharing\/\" target=\"_blank\">komunikowanie bie\u017c\u0105cych aktywno\u015bci w formie graficznej<\/a>, dzi\u0119ki kt\u00f3remu u\u017cytkownik ma m\u00f3c oznaczy\u0107 w statusie co aktualnie czyta, czego s\u0142ucha lub jak si\u0119 czuje. Z jednej strony by\u0142oby to ciekawe dla u\u017cytkownik\u00f3w, z drugiej z pewno\u015bci\u0105 b\u0119dzie pomocne dla Facebookowych reklamodawc\u00f3w \u2013 u\u0142atwi trafieniu w target dzi\u0119ki mo\u017cliwo\u015bci odnalezienia np. meloman\u00f3w lub mi\u0142o\u015bnik\u00f3w konkretnych seriali lub ksi\u0105\u017cek. Ciekawe, \u017ce nie ma na razie opcji dla facebookowicz\u00f3w-sportowc\u00f3w, ale projekt jest dopiero w fazie test\u00f3w.<\/p>\n<p>Natomiast ju\u017c teraz bardzo ciekaw\u0105 dla marketingowc\u00f3w opcj\u0105 jest mo\u017cliwo\u015b\u0107 wykorzystania aplikacji Stipple do ukrywania w fotografiach aktywnych link\u00f3w. Dzi\u0119ki po\u0142\u0105czeniu aplikacji z Facebookiem, jest mo\u017cliwe umieszczenie na zdj\u0119ciu odno\u015bnik\u00f3w do innych element\u00f3w, np. zdj\u0119\u0107 lub stron. Jakie mo\u017cliwo\u015bci stworzy aplikacja mo\u017cna sprawdzi\u0107 na stronie www Stipple.<\/p>\n<p>Je\u015bli chodzi o obecno\u015b\u0107 Facebooka na stronach WWW, interesuj\u0105ca jest wiadomo\u015b\u0107, \u017ce programi\u015bci pracuj\u0105 nad wtyczk\u0105 \u201eLike box\u201d. Nowe wydanie wtyczki, kt\u00f3ra do teraz sprawia\u0142a du\u017co problem\u00f3w i op\u00f3\u017ania\u0142a \u0142adowanie si\u0119 post\u00f3w, ma sprawi\u0107, \u017ce <a title=\"TheNextWeb: Facebook rewrites its Like Box plugin to be up to 4x faster\" href=\"http:\/\/thenextweb.com\/facebook\/2013\/02\/26\/the-web-just-got-a-speed-boost-facebook-rewrites-its-like-box-plugin-to-be-up-to-4x-faster\" target=\"_blank\">strony b\u0119d\u0105 wczytywa\u0107 si\u0119 nawet czterokrotnie szybciej<\/a>.<\/p>\n<h3><b>Rozrywka nadal w cenie<\/b><\/h3>\n<p>A na naszym polskim kawa\u0142ku Facebooka Serce i Rozum zbiera fan\u00f3w i wycina do przodu stabilizuj\u0105c swoj\u0105 pozycj\u0119 najwi\u0119kszej polskiej strony na Facebooku. Nadal jednak to rozrywkowe Demotywatory i Kwejk pozostaj\u0105 najbardziej anga\u017cuj\u0105cymi stronami. Podobnie, do nich nale\u017c\u0105 pierwsze miejsca rankingu wed\u0142ug Liczby os\u00f3b, kt\u00f3re o tym m\u00f3wi\u0105. W\u015br\u00f3d najbardziej anga\u017cuj\u0105cych stron, najwi\u0119kszy procent zaanga\u017cowanych mia\u0142y tak zwane \u201efarmy fan\u00f3w\u201d o strategii opartej na \u017cebrolajkach i nagminnie \u0142ami\u0105ce regulamin platformy. Pi\u0119ciokrotnie wi\u0119cej zaanga\u017cowanych u\u017cytkownik\u00f3w ni\u017c fan\u00f3w mia\u0142a strona \u201eJapierdole, Idz PAN W CHUJ\u201d.<\/p>\n<p><a href=\"http:\/\/www.sotrender.com\/pl\/fanpage-trends\/201302\" target=\"_blank\" rel=\"attachment wp-att-5185\"><img loading=\"lazy\" decoding=\"async\" class=\"alignnone size-full wp-image-5185\" title=\"Fanpage Trends Luty 2013\" src=\"https:\/\/www.sotrender.com\/blog\/wp-content\/uploads\/2013\/03\/luty20131.png\" alt=\"luty2013\" width=\"676\" height=\"599\" srcset=\"https:\/\/www.sotrender.com\/blog\/wp-content\/uploads\/2013\/03\/luty20131.png 676w, https:\/\/www.sotrender.com\/blog\/wp-content\/uploads\/2013\/03\/luty20131-475x421.png 475w, https:\/\/www.sotrender.com\/blog\/wp-content\/uploads\/2013\/03\/luty20131-600x532.png 600w\" sizes=\"(max-width: 676px) 100vw, 676px\" \/><\/a><\/p>\n<h3><b>Wypadki i wpadki<\/b><\/h3>\n<p>Kuba Wojew\u00f3dzki pojawia si\u0119 i znika &#8211; po nieca\u0142ym miesi\u0105cu od usuni\u0119cia Facebookowej strony st\u0119skni\u0142 si\u0119 za fanami i za\u0142o\u017cy\u0142 obiecan\u0105 stron\u0119, przy okazji nazywaj\u0105c si\u0119 skromnie <a title=\"Kuba Wojew\u00f3dzki - Kr\u00f3l TVN fanpage\" href=\"http:\/\/www.facebook.com\/KubaWojewodzkiKrolTVN\" target=\"_blank\">Kr\u00f3lem TVN<\/a>. Przez p\u00f3\u0142tora tygodnia dzia\u0142ania strona przekroczy\u0142a liczb\u0119 40 tysi\u0119cy fan\u00f3w. Dobry wynik szczeg\u00f3lnie nie zaskakuje, jednak czas poka\u017ce\u00a0 czy Kuba wr\u00f3ci do Sotrenderowych ranking\u00f3w. A my zastanawiamy si\u0119, czy kto\u015b powiedzia\u0142 Kubie, \u017ce zamiast zak\u0142ada\u0107 nowy profil mo\u017ce po prostu odzyska\u0107 stary.<\/p>\n<h3><b>Nie tylko \u017cebrolajki<\/b><\/h3>\n<p>Niestety nawet pr\u0105cy do przodu w szoku przysz\u0142o\u015bci mBank r\u00f3wnie\u017c czasem miewa wpadki, a bywa, \u017ce <a title=\"mBank fanpage: post niezadowolnego klienta\" href=\"https:\/\/www.facebook.com\/mBank.Polska\/posts\/10152562751435494\" target=\"_blank\">wylewny post niezadowolonego klienta<\/a> rozbrzmi echem w Internecie\u2026 Na szcz\u0119\u015bcie kryzys nie by\u0142 a\u017c tak bolesny, \u017ceby dosta\u0107 si\u0119 do rankingu najlepszych post\u00f3w, w kt\u00f3rym tak\u017ce przyczai\u0142a si\u0119 niespodzianka. Od stycznia zesz\u0142ego roku, kiedy to na topie by\u0142a sprawa ACTA, w rankingach top 5 polskoj\u0119zycznych post\u00f3w znaczn\u0105 wi\u0119kszo\u015b\u0107 stanowi\u0142y \u017cebrolajki \u2013 \u201ekto dopisze ostatni komentarz wygrywa\u201d, \u201ewci\u015bnij L i zobacz co si\u0119 stanie\u201d lub ostatnio popularne \u201ewpisz (podana tre\u015b\u0107) w komentarz i zobacz co si\u0119 stanie\u201d. Tym razem\u00a0 najpopularniejszym postem by\u0142 <a title=\"DKMS post: Pomoc dla Jag\u00f3dki\" href=\"http:\/\/www.facebook.com\/193246078004\/posts\/10151318811578005\" target=\"_blank\">post Fundacji DKMS<\/a> poszukuj\u0105cej dawcy szpiku dla chorej na bia\u0142aczk\u0119 Jag\u00f3dki. Z kolei Star-Typ Sport obieca\u0142 <a title=\"Star-Typ Sport: pomoc dla Przemka Pe\u0142ki\" href=\"http:\/\/www.facebook.com\/135010893177571\/posts\/565737713438218\" target=\"_blank\">pomoc w rehabilitacji Przemka Pe\u0142ki<\/a>, komentatora sportowego. Cho\u0107 to te\u017c troch\u0119 \u201e\u017cebrolajk\u201d, bo pieni\u0105dze rozdaj\u0105 za udost\u0119pnienia. W temacie ciekawych post\u00f3w, ale w tym przypadku zza granicy, warto te\u017c wspomnie\u0107 zamierzon\u0105 lub nie reklam\u0119 piwa \u017bywiec na profilu Jeremy\u2019ego Clarksona.<\/p>\n<p>&nbsp;<\/p>\n<p><b>Zapraszamy na <a title=\"Sotrender Blog\" href=\"https:\/\/www.sotrender.com\/blog\/pl\/\" target=\"_blank\">blog Sotrender<\/a>, gdzie sprawdzisz linki do omawianych powy\u017cej tre\u015bci oraz przeczytasz wi\u0119cej ciekawych artyku\u0142\u00f3w. Najnowsze, jak i archiwalne raporty Fanpage Trends zobaczysz <a title=\"Sotrender Fanpage Trends\" href=\"http:\/\/www.sotrender.com\/pl\/fanpage-trends\" target=\"_blank\">na stronie www.Sotrender.com<\/a>.<\/b><\/p>\n","protected":false},"excerpt":{"rendered":"<p>Zuckerberg dostaje tytu\u0142 CEO roku i kilka dni p\u00f3\u017aniej pozew. Facebook przedstawia kolejne mo\u017cliwo\u015bci platformy. Serce i Rozum broni tytu\u0142u najwi\u0119kszej polskiej strony na Facebooku, a Kuba Wojew\u00f3dzki wraca do fan\u00f3w. Akcje charytatywne pojawiaj\u0105 si\u0119 w rankingu najlepszych post\u00f3w, mBank zaprzyja\u017ania si\u0119 z Facebookiem, a Sotrender prezentuje najnowszy raport Fanpage Trends, pe\u0142en ciekawych i jak [&hellip;]<\/p>\n","protected":false},"author":31,"featured_media":0,"comment_status":"open","ping_status":"open","sticky":false,"template":"","format":"standard","meta":{"inline_featured_image":false,"footnotes":""},"categories":[1793,1797],"tags":[25,31,7,17],"yoast_head":"<!-- This site is optimized with the Yoast SEO plugin v22.4 - https:\/\/yoast.com\/wordpress\/plugins\/seo\/ -->\n<title>Luty na Facebooku \u2013 raport Fanpage Trends od Sotrendera<\/title>\n<meta name=\"description\" content=\"Raport Fanpage Trends by Sotrender. Serce i Rozum wci\u0105\u017c najwi\u0119ksze na Facebooku, Kuba Wojew\u00f3dzki powraca. Akcje charytatywne w rankingu najlepszych post\u00f3w.\" \/>\n<meta name=\"robots\" content=\"index, follow, max-snippet:-1, max-image-preview:large, max-video-preview:-1\" \/>\n<link rel=\"canonical\" href=\"https:\/\/www.sotrender.com\/blog\/pl\/2013\/03\/fanpage-trends-luty-2013\/\" \/>\n<meta property=\"og:locale\" content=\"pl_PL\" \/>\n<meta property=\"og:type\" content=\"article\" \/>\n<meta property=\"og:title\" content=\"Luty na Facebooku \u2013 raport Fanpage Trends od Sotrendera\" \/>\n<meta property=\"og:description\" content=\"Raport Fanpage Trends by Sotrender. Serce i Rozum wci\u0105\u017c najwi\u0119ksze na Facebooku, Kuba Wojew\u00f3dzki powraca. Akcje charytatywne w rankingu najlepszych post\u00f3w.\" \/>\n<meta property=\"og:url\" content=\"https:\/\/www.sotrender.com\/blog\/pl\/2013\/03\/fanpage-trends-luty-2013\/\" \/>\n<meta property=\"og:site_name\" content=\"Sotrender Blog\" \/>\n<meta property=\"article:publisher\" content=\"https:\/\/www.facebook.com\/Sotrender\" \/>\n<meta property=\"article:published_time\" content=\"2013-03-05T11:02:50+00:00\" \/>\n<meta property=\"article:modified_time\" content=\"2017-04-13T14:53:04+00:00\" \/>\n<meta property=\"og:image\" content=\"https:\/\/www.sotrender.com\/blog\/wp-content\/uploads\/2013\/03\/201302_obrazek2-300x277.png\" \/>\n<meta name=\"author\" content=\"Aleksandra Prejs\" \/>\n<meta name=\"twitter:card\" content=\"summary_large_image\" \/>\n<meta name=\"twitter:creator\" content=\"@Sotrender\" \/>\n<meta name=\"twitter:site\" content=\"@Sotrender\" \/>\n<meta name=\"twitter:label1\" content=\"Written by\" \/>\n\t<meta name=\"twitter:data1\" content=\"Aleksandra Prejs\" \/>\n\t<meta name=\"twitter:label2\" content=\"Est. reading time\" \/>\n\t<meta name=\"twitter:data2\" content=\"6 minutes\" \/>\n<script type=\"application\/ld+json\" class=\"yoast-schema-graph\">{\"@context\":\"https:\/\/schema.org\",\"@graph\":[{\"@type\":\"WebPage\",\"@id\":\"https:\/\/www.sotrender.com\/blog\/pl\/2013\/03\/fanpage-trends-luty-2013\/\",\"url\":\"https:\/\/www.sotrender.com\/blog\/pl\/2013\/03\/fanpage-trends-luty-2013\/\",\"name\":\"Luty na Facebooku \u2013 raport Fanpage Trends od Sotrendera\",\"isPartOf\":{\"@id\":\"https:\/\/www.sotrender.com\/blog\/#website\"},\"primaryImageOfPage\":{\"@id\":\"https:\/\/www.sotrender.com\/blog\/pl\/2013\/03\/fanpage-trends-luty-2013\/#primaryimage\"},\"image\":{\"@id\":\"https:\/\/www.sotrender.com\/blog\/pl\/2013\/03\/fanpage-trends-luty-2013\/#primaryimage\"},\"thumbnailUrl\":\"https:\/\/www.sotrender.com\/blog\/wp-content\/uploads\/2013\/03\/201302_obrazek2-300x277.png\",\"datePublished\":\"2013-03-05T11:02:50+00:00\",\"dateModified\":\"2017-04-13T14:53:04+00:00\",\"author\":{\"@id\":\"https:\/\/www.sotrender.com\/blog\/#\/schema\/person\/7106df62825269bc360ad9171cd7149b\"},\"description\":\"Raport Fanpage Trends by Sotrender. Serce i Rozum wci\u0105\u017c najwi\u0119ksze na Facebooku, Kuba Wojew\u00f3dzki powraca. Akcje charytatywne w rankingu najlepszych post\u00f3w.\",\"breadcrumb\":{\"@id\":\"https:\/\/www.sotrender.com\/blog\/pl\/2013\/03\/fanpage-trends-luty-2013\/#breadcrumb\"},\"inLanguage\":\"pl-PL\",\"potentialAction\":[{\"@type\":\"ReadAction\",\"target\":[\"https:\/\/www.sotrender.com\/blog\/pl\/2013\/03\/fanpage-trends-luty-2013\/\"]}]},{\"@type\":\"ImageObject\",\"inLanguage\":\"pl-PL\",\"@id\":\"https:\/\/www.sotrender.com\/blog\/pl\/2013\/03\/fanpage-trends-luty-2013\/#primaryimage\",\"url\":\"https:\/\/www.sotrender.com\/blog\/wp-content\/uploads\/2013\/03\/201302_obrazek2-300x277.png\",\"contentUrl\":\"https:\/\/www.sotrender.com\/blog\/wp-content\/uploads\/2013\/03\/201302_obrazek2-300x277.png\"},{\"@type\":\"BreadcrumbList\",\"@id\":\"https:\/\/www.sotrender.com\/blog\/pl\/2013\/03\/fanpage-trends-luty-2013\/#breadcrumb\",\"itemListElement\":[{\"@type\":\"ListItem\",\"position\":1,\"name\":\"Home\",\"item\":\"https:\/\/www.sotrender.com\/blog\/\"},{\"@type\":\"ListItem\",\"position\":2,\"name\":\"Luty na Facebooku \u2013 raport Fanpage Trends od Sotrendera\"}]},{\"@type\":\"WebSite\",\"@id\":\"https:\/\/www.sotrender.com\/blog\/#website\",\"url\":\"https:\/\/www.sotrender.com\/blog\/\",\"name\":\"Sotrender Blog\",\"description\":\"\",\"potentialAction\":[{\"@type\":\"SearchAction\",\"target\":{\"@type\":\"EntryPoint\",\"urlTemplate\":\"https:\/\/www.sotrender.com\/blog\/?s={search_term_string}\"},\"query-input\":\"required name=search_term_string\"}],\"inLanguage\":\"pl-PL\"},{\"@type\":\"Person\",\"@id\":\"https:\/\/www.sotrender.com\/blog\/#\/schema\/person\/7106df62825269bc360ad9171cd7149b\",\"name\":\"Aleksandra Prejs\",\"image\":{\"@type\":\"ImageObject\",\"inLanguage\":\"pl-PL\",\"@id\":\"https:\/\/www.sotrender.com\/blog\/#\/schema\/person\/image\/\",\"url\":\"https:\/\/secure.gravatar.com\/avatar\/469000454b77ff0aacb32c49dba023be?s=96&d=mm&r=g\",\"contentUrl\":\"https:\/\/secure.gravatar.com\/avatar\/469000454b77ff0aacb32c49dba023be?s=96&d=mm&r=g\",\"caption\":\"Aleksandra Prejs\"},\"url\":\"https:\/\/www.sotrender.com\/blog\/pl\/author\/aleksandra-prejs\/\"}]}<\/script>\n<!-- \/ Yoast SEO plugin. -->","yoast_head_json":{"title":"Luty na Facebooku \u2013 raport Fanpage Trends od Sotrendera","description":"Raport Fanpage Trends by Sotrender. Serce i Rozum wci\u0105\u017c najwi\u0119ksze na Facebooku, Kuba Wojew\u00f3dzki powraca. Akcje charytatywne w rankingu najlepszych post\u00f3w.","robots":{"index":"index","follow":"follow","max-snippet":"max-snippet:-1","max-image-preview":"max-image-preview:large","max-video-preview":"max-video-preview:-1"},"canonical":"https:\/\/www.sotrender.com\/blog\/pl\/2013\/03\/fanpage-trends-luty-2013\/","og_locale":"pl_PL","og_type":"article","og_title":"Luty na Facebooku \u2013 raport Fanpage Trends od Sotrendera","og_description":"Raport Fanpage Trends by Sotrender. Serce i Rozum wci\u0105\u017c najwi\u0119ksze na Facebooku, Kuba Wojew\u00f3dzki powraca. Akcje charytatywne w rankingu najlepszych post\u00f3w.","og_url":"https:\/\/www.sotrender.com\/blog\/pl\/2013\/03\/fanpage-trends-luty-2013\/","og_site_name":"Sotrender Blog","article_publisher":"https:\/\/www.facebook.com\/Sotrender","article_published_time":"2013-03-05T11:02:50+00:00","article_modified_time":"2017-04-13T14:53:04+00:00","og_image":[{"url":"https:\/\/www.sotrender.com\/blog\/wp-content\/uploads\/2013\/03\/201302_obrazek2-300x277.png"}],"author":"Aleksandra Prejs","twitter_card":"summary_large_image","twitter_creator":"@Sotrender","twitter_site":"@Sotrender","twitter_misc":{"Written by":"Aleksandra Prejs","Est. reading time":"6 minutes"},"schema":{"@context":"https:\/\/schema.org","@graph":[{"@type":"WebPage","@id":"https:\/\/www.sotrender.com\/blog\/pl\/2013\/03\/fanpage-trends-luty-2013\/","url":"https:\/\/www.sotrender.com\/blog\/pl\/2013\/03\/fanpage-trends-luty-2013\/","name":"Luty na Facebooku \u2013 raport Fanpage Trends od Sotrendera","isPartOf":{"@id":"https:\/\/www.sotrender.com\/blog\/#website"},"primaryImageOfPage":{"@id":"https:\/\/www.sotrender.com\/blog\/pl\/2013\/03\/fanpage-trends-luty-2013\/#primaryimage"},"image":{"@id":"https:\/\/www.sotrender.com\/blog\/pl\/2013\/03\/fanpage-trends-luty-2013\/#primaryimage"},"thumbnailUrl":"https:\/\/www.sotrender.com\/blog\/wp-content\/uploads\/2013\/03\/201302_obrazek2-300x277.png","datePublished":"2013-03-05T11:02:50+00:00","dateModified":"2017-04-13T14:53:04+00:00","author":{"@id":"https:\/\/www.sotrender.com\/blog\/#\/schema\/person\/7106df62825269bc360ad9171cd7149b"},"description":"Raport Fanpage Trends by Sotrender. Serce i Rozum wci\u0105\u017c najwi\u0119ksze na Facebooku, Kuba Wojew\u00f3dzki powraca. Akcje charytatywne w rankingu najlepszych post\u00f3w.","breadcrumb":{"@id":"https:\/\/www.sotrender.com\/blog\/pl\/2013\/03\/fanpage-trends-luty-2013\/#breadcrumb"},"inLanguage":"pl-PL","potentialAction":[{"@type":"ReadAction","target":["https:\/\/www.sotrender.com\/blog\/pl\/2013\/03\/fanpage-trends-luty-2013\/"]}]},{"@type":"ImageObject","inLanguage":"pl-PL","@id":"https:\/\/www.sotrender.com\/blog\/pl\/2013\/03\/fanpage-trends-luty-2013\/#primaryimage","url":"https:\/\/www.sotrender.com\/blog\/wp-content\/uploads\/2013\/03\/201302_obrazek2-300x277.png","contentUrl":"https:\/\/www.sotrender.com\/blog\/wp-content\/uploads\/2013\/03\/201302_obrazek2-300x277.png"},{"@type":"BreadcrumbList","@id":"https:\/\/www.sotrender.com\/blog\/pl\/2013\/03\/fanpage-trends-luty-2013\/#breadcrumb","itemListElement":[{"@type":"ListItem","position":1,"name":"Home","item":"https:\/\/www.sotrender.com\/blog\/"},{"@type":"ListItem","position":2,"name":"Luty na Facebooku \u2013 raport Fanpage Trends od Sotrendera"}]},{"@type":"WebSite","@id":"https:\/\/www.sotrender.com\/blog\/#website","url":"https:\/\/www.sotrender.com\/blog\/","name":"Sotrender Blog","description":"","potentialAction":[{"@type":"SearchAction","target":{"@type":"EntryPoint","urlTemplate":"https:\/\/www.sotrender.com\/blog\/?s={search_term_string}"},"query-input":"required name=search_term_string"}],"inLanguage":"pl-PL"},{"@type":"Person","@id":"https:\/\/www.sotrender.com\/blog\/#\/schema\/person\/7106df62825269bc360ad9171cd7149b","name":"Aleksandra Prejs","image":{"@type":"ImageObject","inLanguage":"pl-PL","@id":"https:\/\/www.sotrender.com\/blog\/#\/schema\/person\/image\/","url":"https:\/\/secure.gravatar.com\/avatar\/469000454b77ff0aacb32c49dba023be?s=96&d=mm&r=g","contentUrl":"https:\/\/secure.gravatar.com\/avatar\/469000454b77ff0aacb32c49dba023be?s=96&d=mm&r=g","caption":"Aleksandra Prejs"},"url":"https:\/\/www.sotrender.com\/blog\/pl\/author\/aleksandra-prejs\/"}]}},"_links":{"self":[{"href":"https:\/\/www.sotrender.com\/blog\/pl\/wp-json\/wp\/v2\/posts\/5173"}],"collection":[{"href":"https:\/\/www.sotrender.com\/blog\/pl\/wp-json\/wp\/v2\/posts"}],"about":[{"href":"https:\/\/www.sotrender.com\/blog\/pl\/wp-json\/wp\/v2\/types\/post"}],"author":[{"embeddable":true,"href":"https:\/\/www.sotrender.com\/blog\/pl\/wp-json\/wp\/v2\/users\/31"}],"replies":[{"embeddable":true,"href":"https:\/\/www.sotrender.com\/blog\/pl\/wp-json\/wp\/v2\/comments?post=5173"}],"version-history":[{"count":30,"href":"https:\/\/www.sotrender.com\/blog\/pl\/wp-json\/wp\/v2\/posts\/5173\/revisions"}],"predecessor-version":[{"id":26671,"href":"https:\/\/www.sotrender.com\/blog\/pl\/wp-json\/wp\/v2\/posts\/5173\/revisions\/26671"}],"wp:attachment":[{"href":"https:\/\/www.sotrender.com\/blog\/pl\/wp-json\/wp\/v2\/media?parent=5173"}],"wp:term":[{"taxonomy":"category","embeddable":true,"href":"https:\/\/www.sotrender.com\/blog\/pl\/wp-json\/wp\/v2\/categories?post=5173"},{"taxonomy":"post_tag","embeddable":true,"href":"https:\/\/www.sotrender.com\/blog\/pl\/wp-json\/wp\/v2\/tags?post=5173"}],"curies":[{"name":"wp","href":"https:\/\/api.w.org\/{rel}","templated":true}]}}