{"id":49669,"date":"2024-03-14T10:44:07","date_gmt":"2024-03-14T09:44:07","guid":{"rendered":"https:\/\/www.sotrender.com\/blog\/?p=49669\/"},"modified":"2024-03-14T10:44:07","modified_gmt":"2024-03-14T09:44:07","slug":"facebook-trends-luty-2024-uliczne-i-slowne-starcia","status":"publish","type":"post","link":"https:\/\/www.sotrender.com\/blog\/pl\/2024\/03\/facebook-trends-luty-2024-uliczne-i-slowne-starcia\/","title":{"rendered":"Facebook Trends luty 2024 &#8211; uliczne i s\u0142owne starcia"},"content":{"rendered":"<p><span style=\"font-weight: 400;\">Jak si\u0119 okazuje, dominuj\u0105cym tematem w lutym, tak\u017ce na Facebooku, by\u0142 protest rolnik\u00f3w. Najbardziej anga\u017cuj\u0105ce posty w wielu kategoriach, jak chocia\u017cby Polityka, Wiadomo\u015bci czy \u017bywno\u015b\u0107 dotyczy\u0142y w\u0142a\u015bnie tego tematu.\u00a0<\/span><\/p>\n<p><!--more--><\/p>\n<p><span style=\"font-weight: 400;\">Jakie jeszcze tre\u015bci przyci\u0105gn\u0119\u0142y uwag\u0119 facebookowicz\u00f3w w lutym? Sprawdzamy w najnowszym raporcie <a href=\"https:\/\/www.sotrender.com\/trends\/facebook\/poland\/202402\" target=\"_blank\" rel=\"noopener\">Facebook Trends<\/a>.<\/span><\/p>\n<h2><strong>\u015aredni CPC najni\u017cszy od roku\u00a0<\/strong><\/h2>\n<p><span style=\"font-weight: 400;\">Drugi miesi\u0105c z rz\u0119du obserwujemy zmniejszone jednostkowe koszty reklamowe w ekosystemie Meta. <\/span><a href=\"https:\/\/www.sotrender.com\/blog\/pl\/2024\/02\/facebook-trends-styczen-2024-nie-zwalniaja-tempa\/\" target=\"_blank\" rel=\"noopener\"><span style=\"font-weight: 400;\">W por\u00f3wnaniu do stycznia<\/span><\/a><span style=\"font-weight: 400;\">, \u015bredni CPM utrzyma\u0142 si\u0119 na niemal niezmienionym poziomie i wyni\u00f3s\u0142 2 z\u0142 88 gr (wzrost o 3 gr).<\/span><\/p>\n<p><span style=\"font-weight: 400;\">Z kolei nieco wi\u0119kszy spadek odnotowali\u015bmy w przypadku \u015bredniego CPC. W lutym osi\u0105gn\u0105\u0142 on warto\u015b\u0107 78 groszy, co jest najni\u017cszym wynikiem na przestrzeni ostatnich dwunastu miesi\u0119cy.\u00a0<\/span><\/p>\n<p><img loading=\"lazy\" decoding=\"async\" class=\"aligncenter wp-image-49671\" src=\"https:\/\/www.sotrender.com\/blog\/wp-content\/uploads\/2024\/03\/CPC_2-2024.png\" alt=\"cpc reklama facebook luty 2024 \" width=\"800\" height=\"400\" srcset=\"https:\/\/www.sotrender.com\/blog\/wp-content\/uploads\/2024\/03\/CPC_2-2024.png 2730w, https:\/\/www.sotrender.com\/blog\/wp-content\/uploads\/2024\/03\/CPC_2-2024-475x238.png 475w, https:\/\/www.sotrender.com\/blog\/wp-content\/uploads\/2024\/03\/CPC_2-2024-768x384.png 768w, https:\/\/www.sotrender.com\/blog\/wp-content\/uploads\/2024\/03\/CPC_2-2024-1536x768.png 1536w, https:\/\/www.sotrender.com\/blog\/wp-content\/uploads\/2024\/03\/CPC_2-2024-2048x1024.png 2048w\" sizes=\"(max-width: 800px) 100vw, 800px\" \/><\/p>\n<p style=\"text-align: center;\"><!--HubSpot Call-to-Action Code --><span id=\"hs-cta-wrapper-f1bd19fa-e2f8-4c69-8f9c-692081555c86\" class=\"hs-cta-wrapper\"><span id=\"hs-cta-f1bd19fa-e2f8-4c69-8f9c-692081555c86\" class=\"hs-cta-node hs-cta-f1bd19fa-e2f8-4c69-8f9c-692081555c86\"><!-- [if lte IE 8]><\/p>\n\n\n\n\n\n<div id=\"hs-cta-ie-element\"><\/div>\n\n\n<![endif]--><a href=\"https:\/\/cta-redirect.hubspot.com\/cta\/redirect\/3842881\/f1bd19fa-e2f8-4c69-8f9c-692081555c86\" target=\"_blank\" rel=\"noopener\"><img decoding=\"async\" id=\"hs-cta-img-f1bd19fa-e2f8-4c69-8f9c-692081555c86\" class=\"hs-cta-img aligncenter\" style=\"border-width: 0px;\" src=\"https:\/\/no-cache.hubspot.com\/cta\/default\/3842881\/f1bd19fa-e2f8-4c69-8f9c-692081555c86.png\" alt=\"Zacznij analizowa\u0107 swoje dzia\u0142ania na Facebooku\" \/><\/a><\/span><script charset=\"utf-8\" src=\"https:\/\/js.hscta.net\/cta\/current.js\"><\/script><script type=\"text\/javascript\"> hbspt.cta.load(3842881, 'f1bd19fa-e2f8-4c69-8f9c-692081555c86', {\"useNewLoader\":\"true\",\"region\":\"na1\"}); <\/script><\/span><!-- end HubSpot Call-to-Action Code --><\/p>\n<h2><strong>T\u0142usty czwartek wa\u017cniejszy ni\u017c Walentynki<\/strong><\/h2>\n<p><span style=\"font-weight: 400;\">Mamy wra\u017cenie, \u017ce znacznie T\u0142ustego czwartku z roku na rok tylko ro\u015bnie. \ud83d\ude09<\/span><\/p>\n<p><span style=\"font-weight: 400;\">W minionym miesi\u0105cu p\u0105czkowy content zdominowa\u0142 najlepsze posty w kategorii <a href=\"https:\/\/www.sotrender.com\/trends\/facebook\/poland\/202402\/miejsca\/kawiarnie#best_posts\" target=\"_blank\" rel=\"noopener\">Kawiarnie<\/a> oraz <a href=\"https:\/\/www.sotrender.com\/trends\/facebook\/poland\/202402\/handel\/markety_sklepy#best_posts\" target=\"_blank\" rel=\"noopener\">Markety i sklepy sieciowe<\/a>.\u00a0<\/span><\/p>\n<div id=\"attachment_49677\" style=\"width: 809px\" class=\"wp-caption aligncenter\"><img loading=\"lazy\" decoding=\"async\" aria-describedby=\"caption-attachment-49677\" class=\"wp-image-49677 \" src=\"https:\/\/www.sotrender.com\/blog\/wp-content\/uploads\/2024\/03\/markety-facebook-najlepsze-posty-luty-2024.png\" alt=\"markety facebook najlepsze posty luty 2024\" width=\"799\" height=\"734\" srcset=\"https:\/\/www.sotrender.com\/blog\/wp-content\/uploads\/2024\/03\/markety-facebook-najlepsze-posty-luty-2024.png 1432w, https:\/\/www.sotrender.com\/blog\/wp-content\/uploads\/2024\/03\/markety-facebook-najlepsze-posty-luty-2024-475x436.png 475w, https:\/\/www.sotrender.com\/blog\/wp-content\/uploads\/2024\/03\/markety-facebook-najlepsze-posty-luty-2024-768x705.png 768w\" sizes=\"(max-width: 799px) 100vw, 799px\" \/><p id=\"caption-attachment-49677\" class=\"wp-caption-text\"><a href=\"https:\/\/www.sotrender.com\/trends\/facebook\/poland\/202402\/handel\/markety_sklepy#best_posts\" target=\"_blank\" rel=\"noopener\">Najlepsze posty w kategorii Markety i sklepy sieciowe<\/a> | Facebook, luty 2024<\/p><\/div>\n<p><span style=\"font-weight: 400;\">A gdyby tego by\u0142o ma\u0142o, na sile przybra\u0142a wojna Lidla i Biedronki.<\/span><\/p>\n<p><span style=\"font-weight: 400;\">Na pocz\u0105tku miesi\u0105ca, social media managerowie Lidla sprytnie odpowiedzieli na sms-owy \u0142a\u0144cuszek, kt\u00f3ry dzie\u0144 wcze\u015bniej Biedronka wys\u0142a\u0142a do swoich klient\u00f3w. Jednozdaniowy post wywo\u0142a\u0142 lawin\u0119 zaanga\u017cowania na profilu Lidla.<\/span><\/p>\n<p><span style=\"font-weight: 400;\">Finalnie, dwa z trzech najlepszych post\u00f3w miesi\u0105ca w kategorii <a href=\"https:\/\/www.sotrender.com\/trends\/facebook\/poland\/202402\/handel\/markety_sklepy\" target=\"_blank\" rel=\"noopener\">Markety i sklepy sieciowe<\/a> nale\u017ca\u0142y do Lidla, a na profilu marki odnotowali\u015bmy przyrost zaanga\u017cowania o 22%.\u00a0<\/span><\/p>\n<div id=\"attachment_49687\" style=\"width: 813px\" class=\"wp-caption aligncenter\"><img loading=\"lazy\" decoding=\"async\" aria-describedby=\"caption-attachment-49687\" class=\" wp-image-49687\" src=\"https:\/\/www.sotrender.com\/blog\/wp-content\/uploads\/2024\/03\/markety-facebook-zaangazowanie-luty-2024.png\" alt=\"markety facebook zaangazowanie luty 2024\" width=\"803\" height=\"177\" srcset=\"https:\/\/www.sotrender.com\/blog\/wp-content\/uploads\/2024\/03\/markety-facebook-zaangazowanie-luty-2024.png 1948w, https:\/\/www.sotrender.com\/blog\/wp-content\/uploads\/2024\/03\/markety-facebook-zaangazowanie-luty-2024-475x105.png 475w, https:\/\/www.sotrender.com\/blog\/wp-content\/uploads\/2024\/03\/markety-facebook-zaangazowanie-luty-2024-768x170.png 768w, https:\/\/www.sotrender.com\/blog\/wp-content\/uploads\/2024\/03\/markety-facebook-zaangazowanie-luty-2024-1536x339.png 1536w\" sizes=\"(max-width: 803px) 100vw, 803px\" \/><p id=\"caption-attachment-49687\" class=\"wp-caption-text\">Profile o najwi\u0119kszym zaanga\u017cowaniu w kategorii <a href=\"https:\/\/www.sotrender.com\/trends\/facebook\/poland\/202402\/handel\/markety_sklepy#storytellers\" target=\"_blank\" rel=\"noopener\">Markety i sklepy sieciowe<\/a> | Facebook, luty 2024<\/p><\/div>\n<h2><strong>Muzyczne wspomnienia<\/strong><\/h2>\n<p><span style=\"font-weight: 400;\">Podczas gdy na Instagramie programami telewizyjnymi z najwi\u0119kszym zaanga\u017cowaniem <\/span><a href=\"https:\/\/www.sotrender.com\/blog\/pl\/2024\/02\/instagram-trends-styczen-2024-premiery-powroty-i-trend-na-2024-rok\/\" target=\"_blank\" rel=\"noopener\"><span style=\"font-weight: 400;\">w ostatnich miesi\u0105cach<\/span><\/a><span style=\"font-weight: 400;\"> by\u0142y profile Farmy i Ta\u0144ca z Gwiazdami, odmiennie sytuacja wygl\u0105da\u0142a w lutym na Facebooku.<\/span><\/p>\n<p><span style=\"font-weight: 400;\">Trzy z czterech najlepszych post\u00f3w miesi\u0105ca w kategorii <a href=\"https:\/\/www.sotrender.com\/trends\/facebook\/poland\/202402\/media\/telewizja\/programy_telewizyjne#best_posts\" target=\"_blank\" rel=\"noopener\">Programy TV<\/a> zosta\u0142o opublikowanych na profilu Mam Talent TVN, a wszystkie by\u0142y wspomnieniami wyst\u0119p\u00f3w z poprzednich edycji &#8211; i to tak odleg\u0142ych jak edycja pierwsza. Historyczne ju\u017c wykonanie utworu <\/span><i><span style=\"font-weight: 400;\">Dziwny jest ten \u015bwiat <\/span><\/i><span style=\"font-weight: 400;\">przez jedenastoletni\u0105 Klaudi\u0119 Kulawik ponownie opublikowane na profilu programu by\u0142o najbardziej anga\u017cuj\u0105cym postem w kategorii Programy TV.<\/span><\/p>\n<div id=\"attachment_49679\" style=\"width: 811px\" class=\"wp-caption aligncenter\"><img loading=\"lazy\" decoding=\"async\" aria-describedby=\"caption-attachment-49679\" class=\"wp-image-49679 \" src=\"https:\/\/www.sotrender.com\/blog\/wp-content\/uploads\/2024\/03\/mam-talent-tvn-facebook-luty-2024.png\" alt=\"mam talent tvn facebook luty 2024\" width=\"801\" height=\"396\" srcset=\"https:\/\/www.sotrender.com\/blog\/wp-content\/uploads\/2024\/03\/mam-talent-tvn-facebook-luty-2024.png 1906w, https:\/\/www.sotrender.com\/blog\/wp-content\/uploads\/2024\/03\/mam-talent-tvn-facebook-luty-2024-475x235.png 475w, https:\/\/www.sotrender.com\/blog\/wp-content\/uploads\/2024\/03\/mam-talent-tvn-facebook-luty-2024-768x380.png 768w, https:\/\/www.sotrender.com\/blog\/wp-content\/uploads\/2024\/03\/mam-talent-tvn-facebook-luty-2024-1536x759.png 1536w\" sizes=\"(max-width: 801px) 100vw, 801px\" \/><p id=\"caption-attachment-49679\" class=\"wp-caption-text\">Najlepsze posty w kategorii <a href=\"https:\/\/www.sotrender.com\/trends\/facebook\/poland\/202402\/media\/telewizja\/programy_telewizyjne#best_posts\" target=\"_blank\" rel=\"noopener\">Programy TV<\/a> | Facebook, luty 2024<\/p><\/div>\n<p><span style=\"font-weight: 400;\">Strategia, kt\u00f3rej celem by\u0142o ponowne zainteresowanie widz\u00f3w programem przed zbli\u017caj\u0105c\u0105 si\u0119 edycj\u0105, zda\u0142a egzamin. Na tle konkurencji, profil Mam Talent TVN awansowa\u0142 o 33 pozycje na miejsce sz\u00f3ste <a href=\"https:\/\/www.sotrender.com\/trends\/facebook\/poland\/202402\/media\/telewizja\/programy_telewizyjne#engagement\" target=\"_blank\" rel=\"noopener\">w kategorii Programy TV pod wzgl\u0119dem \u0142\u0105cznej liczby aktywno\u015bci na profilu<\/a>.<\/span><\/p>\n<div id=\"attachment_49685\" style=\"width: 810px\" class=\"wp-caption aligncenter\"><img loading=\"lazy\" decoding=\"async\" aria-describedby=\"caption-attachment-49685\" class=\" wp-image-49685\" src=\"https:\/\/www.sotrender.com\/blog\/wp-content\/uploads\/2024\/03\/mam-talent-zaangaz\u0307owanie-facebook-luty-2024.png\" alt=\"mam talent zaangaz\u0307owanie facebook luty 2024\" width=\"800\" height=\"282\" srcset=\"https:\/\/www.sotrender.com\/blog\/wp-content\/uploads\/2024\/03\/mam-talent-zaangaz\u0307owanie-facebook-luty-2024.png 1954w, https:\/\/www.sotrender.com\/blog\/wp-content\/uploads\/2024\/03\/mam-talent-zaangaz\u0307owanie-facebook-luty-2024-475x167.png 475w, https:\/\/www.sotrender.com\/blog\/wp-content\/uploads\/2024\/03\/mam-talent-zaangaz\u0307owanie-facebook-luty-2024-768x270.png 768w, https:\/\/www.sotrender.com\/blog\/wp-content\/uploads\/2024\/03\/mam-talent-zaangaz\u0307owanie-facebook-luty-2024-1536x541.png 1536w\" sizes=\"(max-width: 800px) 100vw, 800px\" \/><p id=\"caption-attachment-49685\" class=\"wp-caption-text\">Profile o najwi\u0119kszej liczbie aktywno\u015bci <a href=\"https:\/\/www.sotrender.com\/trends\/facebook\/poland\/202402\/media\/telewizja\/programy_telewizyjne#engagement\" target=\"_blank\" rel=\"noopener\">w kategorii Programy TV<\/a> | Facebook, luty 2024<\/p><\/div>\n<p><span style=\"font-weight: 400;\">Czy nowy, pi\u0119tnasty ju\u017c sezon, b\u0119dzie r\u00f3wnie anga\u017cuj\u0105cy jak pierwszy czy drugi? Tego dowiemy si\u0119 ju\u017c za nieca\u0142y miesi\u0105c. \ud83d\ude09<\/span><\/p>\n<h2><strong>Facebook Trends luty 2024<\/strong><\/h2>\n<p><span style=\"font-weight: 400;\">Jeste\u015bcie ciekawi pozosta\u0142ych ranking\u00f3w i wynik\u00f3w prowadzonych przez Was profili? <\/span><\/p>\n<p><span style=\"font-weight: 400;\">Sprawd\u017acie pe\u0142ne wydanie <a href=\"https:\/\/www.sotrender.com\/trends\/facebook\/poland\/202402\" target=\"_blank\" rel=\"noopener\">lutowego raportu Facebook Trends<\/a> i <\/span><a href=\"https:\/\/www.sotrender.com\/trends\/instagram\/poland\/202402\" target=\"_blank\" rel=\"noopener\"><span style=\"font-weight: 400;\">Instagram Trends<\/span><\/a><span style=\"font-weight: 400;\">.<\/span><\/p>\n<p>&nbsp;<\/p>\n","protected":false},"excerpt":{"rendered":"<p>Jak si\u0119 okazuje, dominuj\u0105cym tematem w lutym, tak\u017ce na Facebooku, by\u0142 protest rolnik\u00f3w. Najbardziej anga\u017cuj\u0105ce posty w wielu kategoriach, jak chocia\u017cby Polityka, Wiadomo\u015bci czy \u017bywno\u015b\u0107 dotyczy\u0142y w\u0142a\u015bnie tego tematu.\u00a0<\/p>\n","protected":false},"author":89,"featured_media":49693,"comment_status":"open","ping_status":"open","sticky":false,"template":"","format":"standard","meta":{"inline_featured_image":false,"footnotes":""},"categories":[1791,1797,2275],"tags":[2005,2307],"yoast_head":"<!-- This site is optimized with the Yoast SEO plugin v22.4 - https:\/\/yoast.com\/wordpress\/plugins\/seo\/ -->\n<title>Facebook Trends luty 2024 - uliczne i s\u0142owne starcia<\/title>\n<meta name=\"description\" content=\"Dominuj\u0105cym tematem w lutym, tak\u017ce na Facebooku, by\u0142 protest rolnik\u00f3w. Najbardziej anga\u017cuj\u0105ce posty dotyczy\u0142y w\u0142a\u015bnie tego tematu.\u00a0\" \/>\n<meta name=\"robots\" content=\"index, follow, max-snippet:-1, max-image-preview:large, max-video-preview:-1\" \/>\n<link rel=\"canonical\" href=\"https:\/\/www.sotrender.com\/blog\/pl\/2024\/03\/facebook-trends-luty-2024-uliczne-i-slowne-starcia\/\" \/>\n<meta property=\"og:locale\" content=\"pl_PL\" \/>\n<meta property=\"og:type\" content=\"article\" \/>\n<meta property=\"og:title\" content=\"Facebook Trends luty 2024 - uliczne i s\u0142owne starcia\" \/>\n<meta property=\"og:description\" content=\"Dominuj\u0105cym tematem w lutym, tak\u017ce na Facebooku, by\u0142 protest rolnik\u00f3w. Najbardziej anga\u017cuj\u0105ce posty dotyczy\u0142y w\u0142a\u015bnie tego tematu.\u00a0\" \/>\n<meta property=\"og:url\" content=\"https:\/\/www.sotrender.com\/blog\/pl\/2024\/03\/facebook-trends-luty-2024-uliczne-i-slowne-starcia\/\" \/>\n<meta property=\"og:site_name\" content=\"Sotrender Blog\" \/>\n<meta property=\"article:publisher\" content=\"https:\/\/www.facebook.com\/Sotrender\" \/>\n<meta property=\"article:published_time\" content=\"2024-03-14T09:44:07+00:00\" \/>\n<meta property=\"og:image\" content=\"https:\/\/www.sotrender.com\/blog\/wp-content\/uploads\/2024\/03\/tlusty-czwartek-facebook-luty-2024.jpg\" \/>\n\t<meta property=\"og:image:width\" content=\"1920\" \/>\n\t<meta property=\"og:image:height\" content=\"966\" \/>\n\t<meta property=\"og:image:type\" content=\"image\/jpeg\" \/>\n<meta name=\"author\" content=\"Klaudia \u017by\u0142ka\" \/>\n<meta name=\"twitter:card\" content=\"summary_large_image\" \/>\n<meta name=\"twitter:creator\" content=\"@Sotrender\" \/>\n<meta name=\"twitter:site\" content=\"@Sotrender\" \/>\n<meta name=\"twitter:label1\" content=\"Written by\" \/>\n\t<meta name=\"twitter:data1\" content=\"Klaudia \u017by\u0142ka\" \/>\n\t<meta name=\"twitter:label2\" content=\"Est. reading time\" \/>\n\t<meta name=\"twitter:data2\" content=\"3 minutes\" \/>\n<script type=\"application\/ld+json\" class=\"yoast-schema-graph\">{\"@context\":\"https:\/\/schema.org\",\"@graph\":[{\"@type\":\"WebPage\",\"@id\":\"https:\/\/www.sotrender.com\/blog\/pl\/2024\/03\/facebook-trends-luty-2024-uliczne-i-slowne-starcia\/\",\"url\":\"https:\/\/www.sotrender.com\/blog\/pl\/2024\/03\/facebook-trends-luty-2024-uliczne-i-slowne-starcia\/\",\"name\":\"Facebook Trends luty 2024 - uliczne i s\u0142owne starcia\",\"isPartOf\":{\"@id\":\"https:\/\/www.sotrender.com\/blog\/#website\"},\"primaryImageOfPage\":{\"@id\":\"https:\/\/www.sotrender.com\/blog\/pl\/2024\/03\/facebook-trends-luty-2024-uliczne-i-slowne-starcia\/#primaryimage\"},\"image\":{\"@id\":\"https:\/\/www.sotrender.com\/blog\/pl\/2024\/03\/facebook-trends-luty-2024-uliczne-i-slowne-starcia\/#primaryimage\"},\"thumbnailUrl\":\"https:\/\/www.sotrender.com\/blog\/wp-content\/uploads\/2024\/03\/tlusty-czwartek-facebook-luty-2024.jpg\",\"datePublished\":\"2024-03-14T09:44:07+00:00\",\"dateModified\":\"2024-03-14T09:44:07+00:00\",\"author\":{\"@id\":\"https:\/\/www.sotrender.com\/blog\/#\/schema\/person\/038ac5e276c5d102d8cbb9c36cd43416\"},\"description\":\"Dominuj\u0105cym tematem w lutym, tak\u017ce na Facebooku, by\u0142 protest rolnik\u00f3w. Najbardziej anga\u017cuj\u0105ce posty dotyczy\u0142y w\u0142a\u015bnie tego tematu.\u00a0\",\"breadcrumb\":{\"@id\":\"https:\/\/www.sotrender.com\/blog\/pl\/2024\/03\/facebook-trends-luty-2024-uliczne-i-slowne-starcia\/#breadcrumb\"},\"inLanguage\":\"pl-PL\",\"potentialAction\":[{\"@type\":\"ReadAction\",\"target\":[\"https:\/\/www.sotrender.com\/blog\/pl\/2024\/03\/facebook-trends-luty-2024-uliczne-i-slowne-starcia\/\"]}]},{\"@type\":\"ImageObject\",\"inLanguage\":\"pl-PL\",\"@id\":\"https:\/\/www.sotrender.com\/blog\/pl\/2024\/03\/facebook-trends-luty-2024-uliczne-i-slowne-starcia\/#primaryimage\",\"url\":\"https:\/\/www.sotrender.com\/blog\/wp-content\/uploads\/2024\/03\/tlusty-czwartek-facebook-luty-2024.jpg\",\"contentUrl\":\"https:\/\/www.sotrender.com\/blog\/wp-content\/uploads\/2024\/03\/tlusty-czwartek-facebook-luty-2024.jpg\",\"width\":1920,\"height\":966},{\"@type\":\"BreadcrumbList\",\"@id\":\"https:\/\/www.sotrender.com\/blog\/pl\/2024\/03\/facebook-trends-luty-2024-uliczne-i-slowne-starcia\/#breadcrumb\",\"itemListElement\":[{\"@type\":\"ListItem\",\"position\":1,\"name\":\"Home\",\"item\":\"https:\/\/www.sotrender.com\/blog\/\"},{\"@type\":\"ListItem\",\"position\":2,\"name\":\"Facebook Trends luty 2024 &#8211; uliczne i s\u0142owne starcia\"}]},{\"@type\":\"WebSite\",\"@id\":\"https:\/\/www.sotrender.com\/blog\/#website\",\"url\":\"https:\/\/www.sotrender.com\/blog\/\",\"name\":\"Sotrender Blog\",\"description\":\"\",\"potentialAction\":[{\"@type\":\"SearchAction\",\"target\":{\"@type\":\"EntryPoint\",\"urlTemplate\":\"https:\/\/www.sotrender.com\/blog\/?s={search_term_string}\"},\"query-input\":\"required name=search_term_string\"}],\"inLanguage\":\"pl-PL\"},{\"@type\":\"Person\",\"@id\":\"https:\/\/www.sotrender.com\/blog\/#\/schema\/person\/038ac5e276c5d102d8cbb9c36cd43416\",\"name\":\"Klaudia \u017by\u0142ka\",\"image\":{\"@type\":\"ImageObject\",\"inLanguage\":\"pl-PL\",\"@id\":\"https:\/\/www.sotrender.com\/blog\/#\/schema\/person\/image\/\",\"url\":\"https:\/\/secure.gravatar.com\/avatar\/f55d5d49ce3c448e1ffde0ab078d84cd?s=96&d=mm&r=g\",\"contentUrl\":\"https:\/\/secure.gravatar.com\/avatar\/f55d5d49ce3c448e1ffde0ab078d84cd?s=96&d=mm&r=g\",\"caption\":\"Klaudia \u017by\u0142ka\"},\"description\":\"Instagram, dogs, books and food lover. Former student at Warsaw University and Malm\u00f6 University. Improving her marketing skills every day. Proud owner of DIMAQ certificate\",\"sameAs\":[\"https:\/\/www.linkedin.com\/in\/klaudia-\u017cy\u0142ka-17527779\"],\"url\":\"https:\/\/www.sotrender.com\/blog\/pl\/author\/klaudia_yka\/\"}]}<\/script>\n<!-- \/ Yoast SEO plugin. -->","yoast_head_json":{"title":"Facebook Trends luty 2024 - uliczne i s\u0142owne starcia","description":"Dominuj\u0105cym tematem w lutym, tak\u017ce na Facebooku, by\u0142 protest rolnik\u00f3w. Najbardziej anga\u017cuj\u0105ce posty dotyczy\u0142y w\u0142a\u015bnie tego tematu.\u00a0","robots":{"index":"index","follow":"follow","max-snippet":"max-snippet:-1","max-image-preview":"max-image-preview:large","max-video-preview":"max-video-preview:-1"},"canonical":"https:\/\/www.sotrender.com\/blog\/pl\/2024\/03\/facebook-trends-luty-2024-uliczne-i-slowne-starcia\/","og_locale":"pl_PL","og_type":"article","og_title":"Facebook Trends luty 2024 - uliczne i s\u0142owne starcia","og_description":"Dominuj\u0105cym tematem w lutym, tak\u017ce na Facebooku, by\u0142 protest rolnik\u00f3w. Najbardziej anga\u017cuj\u0105ce posty dotyczy\u0142y w\u0142a\u015bnie tego tematu.\u00a0","og_url":"https:\/\/www.sotrender.com\/blog\/pl\/2024\/03\/facebook-trends-luty-2024-uliczne-i-slowne-starcia\/","og_site_name":"Sotrender Blog","article_publisher":"https:\/\/www.facebook.com\/Sotrender","article_published_time":"2024-03-14T09:44:07+00:00","og_image":[{"width":1920,"height":966,"url":"https:\/\/www.sotrender.com\/blog\/wp-content\/uploads\/2024\/03\/tlusty-czwartek-facebook-luty-2024.jpg","type":"image\/jpeg"}],"author":"Klaudia \u017by\u0142ka","twitter_card":"summary_large_image","twitter_creator":"@Sotrender","twitter_site":"@Sotrender","twitter_misc":{"Written by":"Klaudia \u017by\u0142ka","Est. reading time":"3 minutes"},"schema":{"@context":"https:\/\/schema.org","@graph":[{"@type":"WebPage","@id":"https:\/\/www.sotrender.com\/blog\/pl\/2024\/03\/facebook-trends-luty-2024-uliczne-i-slowne-starcia\/","url":"https:\/\/www.sotrender.com\/blog\/pl\/2024\/03\/facebook-trends-luty-2024-uliczne-i-slowne-starcia\/","name":"Facebook Trends luty 2024 - uliczne i s\u0142owne starcia","isPartOf":{"@id":"https:\/\/www.sotrender.com\/blog\/#website"},"primaryImageOfPage":{"@id":"https:\/\/www.sotrender.com\/blog\/pl\/2024\/03\/facebook-trends-luty-2024-uliczne-i-slowne-starcia\/#primaryimage"},"image":{"@id":"https:\/\/www.sotrender.com\/blog\/pl\/2024\/03\/facebook-trends-luty-2024-uliczne-i-slowne-starcia\/#primaryimage"},"thumbnailUrl":"https:\/\/www.sotrender.com\/blog\/wp-content\/uploads\/2024\/03\/tlusty-czwartek-facebook-luty-2024.jpg","datePublished":"2024-03-14T09:44:07+00:00","dateModified":"2024-03-14T09:44:07+00:00","author":{"@id":"https:\/\/www.sotrender.com\/blog\/#\/schema\/person\/038ac5e276c5d102d8cbb9c36cd43416"},"description":"Dominuj\u0105cym tematem w lutym, tak\u017ce na Facebooku, by\u0142 protest rolnik\u00f3w. Najbardziej anga\u017cuj\u0105ce posty dotyczy\u0142y w\u0142a\u015bnie tego tematu.\u00a0","breadcrumb":{"@id":"https:\/\/www.sotrender.com\/blog\/pl\/2024\/03\/facebook-trends-luty-2024-uliczne-i-slowne-starcia\/#breadcrumb"},"inLanguage":"pl-PL","potentialAction":[{"@type":"ReadAction","target":["https:\/\/www.sotrender.com\/blog\/pl\/2024\/03\/facebook-trends-luty-2024-uliczne-i-slowne-starcia\/"]}]},{"@type":"ImageObject","inLanguage":"pl-PL","@id":"https:\/\/www.sotrender.com\/blog\/pl\/2024\/03\/facebook-trends-luty-2024-uliczne-i-slowne-starcia\/#primaryimage","url":"https:\/\/www.sotrender.com\/blog\/wp-content\/uploads\/2024\/03\/tlusty-czwartek-facebook-luty-2024.jpg","contentUrl":"https:\/\/www.sotrender.com\/blog\/wp-content\/uploads\/2024\/03\/tlusty-czwartek-facebook-luty-2024.jpg","width":1920,"height":966},{"@type":"BreadcrumbList","@id":"https:\/\/www.sotrender.com\/blog\/pl\/2024\/03\/facebook-trends-luty-2024-uliczne-i-slowne-starcia\/#breadcrumb","itemListElement":[{"@type":"ListItem","position":1,"name":"Home","item":"https:\/\/www.sotrender.com\/blog\/"},{"@type":"ListItem","position":2,"name":"Facebook Trends luty 2024 &#8211; uliczne i s\u0142owne starcia"}]},{"@type":"WebSite","@id":"https:\/\/www.sotrender.com\/blog\/#website","url":"https:\/\/www.sotrender.com\/blog\/","name":"Sotrender Blog","description":"","potentialAction":[{"@type":"SearchAction","target":{"@type":"EntryPoint","urlTemplate":"https:\/\/www.sotrender.com\/blog\/?s={search_term_string}"},"query-input":"required name=search_term_string"}],"inLanguage":"pl-PL"},{"@type":"Person","@id":"https:\/\/www.sotrender.com\/blog\/#\/schema\/person\/038ac5e276c5d102d8cbb9c36cd43416","name":"Klaudia \u017by\u0142ka","image":{"@type":"ImageObject","inLanguage":"pl-PL","@id":"https:\/\/www.sotrender.com\/blog\/#\/schema\/person\/image\/","url":"https:\/\/secure.gravatar.com\/avatar\/f55d5d49ce3c448e1ffde0ab078d84cd?s=96&d=mm&r=g","contentUrl":"https:\/\/secure.gravatar.com\/avatar\/f55d5d49ce3c448e1ffde0ab078d84cd?s=96&d=mm&r=g","caption":"Klaudia \u017by\u0142ka"},"description":"Instagram, dogs, books and food lover. Former student at Warsaw University and Malm\u00f6 University. Improving her marketing skills every day. Proud owner of DIMAQ certificate","sameAs":["https:\/\/www.linkedin.com\/in\/klaudia-\u017cy\u0142ka-17527779"],"url":"https:\/\/www.sotrender.com\/blog\/pl\/author\/klaudia_yka\/"}]}},"_links":{"self":[{"href":"https:\/\/www.sotrender.com\/blog\/pl\/wp-json\/wp\/v2\/posts\/49669"}],"collection":[{"href":"https:\/\/www.sotrender.com\/blog\/pl\/wp-json\/wp\/v2\/posts"}],"about":[{"href":"https:\/\/www.sotrender.com\/blog\/pl\/wp-json\/wp\/v2\/types\/post"}],"author":[{"embeddable":true,"href":"https:\/\/www.sotrender.com\/blog\/pl\/wp-json\/wp\/v2\/users\/89"}],"replies":[{"embeddable":true,"href":"https:\/\/www.sotrender.com\/blog\/pl\/wp-json\/wp\/v2\/comments?post=49669"}],"version-history":[{"count":9,"href":"https:\/\/www.sotrender.com\/blog\/pl\/wp-json\/wp\/v2\/posts\/49669\/revisions"}],"predecessor-version":[{"id":49699,"href":"https:\/\/www.sotrender.com\/blog\/pl\/wp-json\/wp\/v2\/posts\/49669\/revisions\/49699"}],"wp:featuredmedia":[{"embeddable":true,"href":"https:\/\/www.sotrender.com\/blog\/pl\/wp-json\/wp\/v2\/media\/49693"}],"wp:attachment":[{"href":"https:\/\/www.sotrender.com\/blog\/pl\/wp-json\/wp\/v2\/media?parent=49669"}],"wp:term":[{"taxonomy":"category","embeddable":true,"href":"https:\/\/www.sotrender.com\/blog\/pl\/wp-json\/wp\/v2\/categories?post=49669"},{"taxonomy":"post_tag","embeddable":true,"href":"https:\/\/www.sotrender.com\/blog\/pl\/wp-json\/wp\/v2\/tags?post=49669"}],"curies":[{"name":"wp","href":"https:\/\/api.w.org\/{rel}","templated":true}]}}