{"id":49497,"date":"2024-02-06T09:17:05","date_gmt":"2024-02-06T08:17:05","guid":{"rendered":"https:\/\/www.sotrender.com\/blog\/?p=49497\/"},"modified":"2024-02-06T09:17:05","modified_gmt":"2024-02-06T08:17:05","slug":"instagram-trends-styczen-2024-premiery-powroty-i-trend-na-2024-rok","status":"publish","type":"post","link":"https:\/\/www.sotrender.com\/blog\/pl\/2024\/02\/instagram-trends-styczen-2024-premiery-powroty-i-trend-na-2024-rok\/","title":{"rendered":"Instagram Trends stycze\u0144 2024 &#8211; premiery, powroty i trend na 2024 rok"},"content":{"rendered":"<p><span style=\"font-weight: 400;\">W styczniu na Instagramie nie mog\u0142o zabrakn\u0105\u0107 licznych podsumowa\u0144 roku, a tak\u017ce contentu oko\u0142oWO\u015aPowego na kontach marek i influencer\u00f3w, kt\u00f3rzy z zaanga\u017cowaniem organizowali licytacje na zbli\u017caj\u0105cy si\u0119 fina\u0142.<\/span><\/p>\n<p><span style=\"font-weight: 400;\">Kolejny miesi\u0105c z rz\u0119du <a href=\"https:\/\/www.sotrender.com\/trends\/instagram\/poland\/202401\" target=\"_blank\" rel=\"noopener\">najszybciej ros\u0142y profile<\/a> Szymona Ho\u0142owni i Buddy, cho\u0107 tym razem tempo wzrostu na profilu Marsza\u0142ka Sejmu znacznie zwolni\u0142o.<\/span><\/p>\n<p><!--more--><\/p>\n<p><span style=\"font-weight: 400;\">Przygl\u0105damy si\u0119, co jeszcze dzia\u0142o si\u0119 na polskim Instagramie w pierwszym miesi\u0105cu 2024 roku. Zapraszamy na <a href=\"https:\/\/www.sotrender.com\/trends\/instagram\/poland\/202401\" target=\"_blank\" rel=\"noopener\">styczniowy raport Instagram Trends<\/a>!<\/span><\/p>\n<p><a href=\"https:\/\/www.sotrender.com\/blog\/pl\/2024\/01\/marki-media-i-organizacje-na-instagramie-w-2023-roku\/\" target=\"_blank\" rel=\"noopener\"><span style=\"font-weight: 400;\">Sprawd\u017a r\u00f3wnie\u017c nasze podsumowanie roku 2023 na Instagramie <\/span>\u00bb<\/a><\/p>\n<h2><strong>Ram\u00f3wka Polsatu robi furor\u0119<\/strong><\/h2>\n<p><span style=\"font-weight: 400;\">W styczniu hitem okaza\u0142y si\u0119 premierowe, oraz nadchodz\u0105ce, programy w telewizji Polsat.<\/span><\/p>\n<p><span style=\"font-weight: 400;\">Na antenie stacji premier\u0119 mia\u0142 m.in. kolejny sezon Farmy, kt\u00f3ra za ka\u017cdym razem budzi du\u017co emocji i zaanga\u017cowania.<\/span><\/p>\n<p><span style=\"font-weight: 400;\">Na instagramowym profilu Polsatu rozpocz\u0119to r\u00f3wnie\u017c og\u0142aszanie uczestnik\u00f3w 14. edycji Ta\u0144ca z Gwiazdami. Ju\u017c wiemy, \u017ce tym razem na parkiecie zobaczymy wiele gor\u0105cych nazwisk. Do walki o kryszta\u0142ow\u0105 kul\u0119 stanie m.in. Roxie W\u0119giel, Maciej Musia\u0142, Filip Chajzer czy Maffashion.<\/span><\/p>\n<p><span style=\"font-weight: 400;\">Pod wzgl\u0119dem \u0142\u0105cznej liczby aktywno\u015bci, profil Ta\u0144ca z Gwiazdami awansowa\u0142 a\u017c o 67 pozycji na miejsce si\u00f3dme w kategorii <a href=\"https:\/\/www.sotrender.com\/trends\/instagram\/poland\/202401\/media\/media_telewizja\" target=\"_blank\" rel=\"noopener\">Telewizja<\/a>. Profil Farmy awansowa\u0142 z kolei na wysokie miejsce drugie.<\/span><\/p>\n<div id=\"attachment_49507\" style=\"width: 810px\" class=\"wp-caption aligncenter\"><img loading=\"lazy\" decoding=\"async\" aria-describedby=\"caption-attachment-49507\" class=\"wp-image-49507\" src=\"https:\/\/www.sotrender.com\/blog\/wp-content\/uploads\/2024\/02\/taniec-z-gwiazdami-profil-instagram-14-edycja.png\" alt=\"taniec z gwiazdami 14 edycja instagram\" width=\"800\" height=\"310\" srcset=\"https:\/\/www.sotrender.com\/blog\/wp-content\/uploads\/2024\/02\/taniec-z-gwiazdami-profil-instagram-14-edycja.png 1948w, https:\/\/www.sotrender.com\/blog\/wp-content\/uploads\/2024\/02\/taniec-z-gwiazdami-profil-instagram-14-edycja-475x184.png 475w, https:\/\/www.sotrender.com\/blog\/wp-content\/uploads\/2024\/02\/taniec-z-gwiazdami-profil-instagram-14-edycja-768x298.png 768w, https:\/\/www.sotrender.com\/blog\/wp-content\/uploads\/2024\/02\/taniec-z-gwiazdami-profil-instagram-14-edycja-1536x596.png 1536w\" sizes=\"(max-width: 800px) 100vw, 800px\" \/><p id=\"caption-attachment-49507\" class=\"wp-caption-text\">Profile z najwi\u0119ksz\u0105 liczb\u0105 aktywno\u015bci w kategorii <a href=\"https:\/\/www.sotrender.com\/trends\/instagram\/poland\/202401\/media\/media_telewizja\" target=\"_blank\" rel=\"noopener\">Telewizja<\/a> | Instagram stycze\u0144 2024<\/p><\/div>\n<h2><strong>Krzysztof Stanowski wraca do gry<\/strong><\/h2>\n<p><span style=\"font-weight: 400;\">Krzysztof Stanowski powraca z nowym kana\u0142em na YouTube\u2019ie i od razu wysoko plasuje si\u0119 w naszych rankingach.<\/span><\/p>\n<p><span style=\"font-weight: 400;\">Instagramowy profil @oficjalnezero mia\u0142 swoj\u0105 premier\u0119 w styczniu. Jeszcze przed oficjalnym startem kana\u0142u na YouTube\u2019ie pierwszego lutego, na Instagramie mia\u0142 ju\u017c ponad 90 tys. obserwuj\u0105cych.<\/span><\/p>\n<p><span style=\"font-weight: 400;\">Pod wzgl\u0119dem \u0142\u0105cznej liczby aktywno\u015bci u\u017cytkownik\u00f3w profil @oficjalnezero znalaz\u0142 si\u0119 z kolei na miejscu dwunastym w kategorii <a href=\"https:\/\/www.sotrender.com\/trends\/instagram\/poland\/202401\/media\/media_rozrywka\" target=\"_blank\" rel=\"noopener\">Rozrywka<\/a>.<\/span><\/p>\n<div id=\"attachment_49503\" style=\"width: 811px\" class=\"wp-caption aligncenter\"><img loading=\"lazy\" decoding=\"async\" aria-describedby=\"caption-attachment-49503\" class=\" wp-image-49503\" src=\"https:\/\/www.sotrender.com\/blog\/wp-content\/uploads\/2024\/02\/oficjalne-zero-premiera-profilu-na-instagramie-.png\" alt=\"oficjalne zero premiera profilu na instagramie\" width=\"801\" height=\"320\" srcset=\"https:\/\/www.sotrender.com\/blog\/wp-content\/uploads\/2024\/02\/oficjalne-zero-premiera-profilu-na-instagramie-.png 1954w, https:\/\/www.sotrender.com\/blog\/wp-content\/uploads\/2024\/02\/oficjalne-zero-premiera-profilu-na-instagramie--475x190.png 475w, https:\/\/www.sotrender.com\/blog\/wp-content\/uploads\/2024\/02\/oficjalne-zero-premiera-profilu-na-instagramie--768x307.png 768w, https:\/\/www.sotrender.com\/blog\/wp-content\/uploads\/2024\/02\/oficjalne-zero-premiera-profilu-na-instagramie--1536x613.png 1536w\" sizes=\"(max-width: 801px) 100vw, 801px\" \/><p id=\"caption-attachment-49503\" class=\"wp-caption-text\">Profile z najwi\u0119ksz\u0105 liczb\u0105 aktywno\u015bci w kategorii <a href=\"https:\/\/www.sotrender.com\/trends\/instagram\/poland\/202401\/media\/media_rozrywka\" target=\"_blank\" rel=\"noopener\">Rozrywka<\/a> | Instagram stycze\u0144 2024<\/p><\/div>\n<p><span style=\"font-weight: 400;\">Jeste\u015bmy ciekawi, na jakich pozycjach plasowa\u0107 si\u0119 b\u0119dzie profil @oficjalnezero w kolejnych miesi\u0105cach.<\/span><\/p>\n<h2><strong>Trend na autentyczno\u015b\u0107<\/strong><\/h2>\n<p><span style=\"font-weight: 400;\">Podobno jednym z trend\u00f3w na Instagramie w 2024 roku b\u0119dzie\u2026 autentyczno\u015b\u0107. C\u00f3\u017c, cho\u0107 wydaje si\u0119, \u017ce zawsze powinna by\u0107 to jedna z g\u0142\u00f3wnych zasad tw\u00f3rc\u00f3w internetowych, mo\u017ce faktycznie warto o tym czasami przypomnie\u0107, nawet pod egid\u0105 trendu. \ud83d\ude09<\/span><\/p>\n<p><span style=\"font-weight: 400;\">Faktem jest jednak, \u017ce w styczniu wiele tre\u015bci, od kt\u00f3rych wr\u0119cz bi\u0142a autentyczno\u015b\u0107, zyskiwa\u0142o niema\u0142e zaanga\u017cowanie fan\u00f3w.<\/span><\/p>\n<p><span style=\"font-weight: 400;\">Jednym z przyk\u0142ad\u00f3w s\u0105 dwa najlepsze posty <a href=\"https:\/\/www.sotrender.com\/trends\/instagram\/poland\/202401\/osoby\/osoby_dziecko#best_posts\" target=\"_blank\" rel=\"noopener\">z kategorii Dziecko<\/a>. Influencerki &#8211; Lili Antoniak i Ola Tatka &#8211; podzieli\u0142y si\u0119 w nich swoimi \u017cyciowymi historami, z kt\u00f3rymi, z du\u017cym prawdopodobie\u0144stwem, uto\u017csamia si\u0119 co najmniej cz\u0119\u015b\u0107 ich odbiorc\u00f3w.<\/span><\/p>\n<div id=\"attachment_49505\" style=\"width: 810px\" class=\"wp-caption aligncenter\"><img loading=\"lazy\" decoding=\"async\" aria-describedby=\"caption-attachment-49505\" class=\" wp-image-49505\" src=\"https:\/\/www.sotrender.com\/blog\/wp-content\/uploads\/2024\/02\/instagram-styczen\u0301-2024-infeluncerzy-autentycznos\u0301c\u0301.png\" alt=\"ola tatka lili antoniak instagram autentyczno\u015b\u0107\" width=\"800\" height=\"394\" srcset=\"https:\/\/www.sotrender.com\/blog\/wp-content\/uploads\/2024\/02\/instagram-styczen\u0301-2024-infeluncerzy-autentycznos\u0301c\u0301.png 1916w, https:\/\/www.sotrender.com\/blog\/wp-content\/uploads\/2024\/02\/instagram-styczen\u0301-2024-infeluncerzy-autentycznos\u0301c\u0301-475x234.png 475w, https:\/\/www.sotrender.com\/blog\/wp-content\/uploads\/2024\/02\/instagram-styczen\u0301-2024-infeluncerzy-autentycznos\u0301c\u0301-768x378.png 768w, https:\/\/www.sotrender.com\/blog\/wp-content\/uploads\/2024\/02\/instagram-styczen\u0301-2024-infeluncerzy-autentycznos\u0301c\u0301-1536x757.png 1536w\" sizes=\"(max-width: 800px) 100vw, 800px\" \/><p id=\"caption-attachment-49505\" class=\"wp-caption-text\">Najlepsze posty w kategorii <a href=\"https:\/\/www.sotrender.com\/trends\/instagram\/poland\/202401\/osoby\/osoby_dziecko#best_posts\" target=\"_blank\" rel=\"noopener\">Dziecko<\/a> | Instagram stycze\u0144 2024<\/p><\/div>\n<p><span style=\"font-weight: 400;\">Tre\u015bci zwi\u0105zane z oswajaniem trudnych temat\u00f3w coraz cz\u0119\u015bciej publikowane s\u0105 na Instagramie i, jak wida\u0107 po odbiorze u\u017cytkownik\u00f3w platformy, ciesz\u0105 si\u0119 zaciekawieniem i pozytywnym odbiorem.<\/span><\/p>\n<h2><strong>Instagram Trends stycze\u0144 2024<\/strong><\/h2>\n<p><span style=\"font-weight: 400;\">To wszystko, co przygotowali\u015bmy dla Was w tym miesi\u0105cu. Sprawd\u017acie pe\u0142ny <a href=\"https:\/\/www.sotrender.com\/trends\/instagram\/poland\/202401\" target=\"_blank\" rel=\"noopener\">raport Instagram Trends<\/a>, a ju\u017c za kilka dni zapraszamy na podsumowanie stycznia na Facebooku.<\/span><\/p>\n<p>&nbsp;<\/p>\n","protected":false},"excerpt":{"rendered":"<p>W styczniu na Instagramie nie mog\u0142o zabrakn\u0105\u0107 licznych podsumowa\u0144 roku, a tak\u017ce contentu oko\u0142oWO\u015aPowego na kontach marek i influencer\u00f3w, kt\u00f3rzy z zaanga\u017cowaniem organizowali licytacje na zbli\u017caj\u0105cy si\u0119 fina\u0142. Kolejny miesi\u0105c z rz\u0119du najszybciej ros\u0142y profile Szymona Ho\u0142owni i Buddy, cho\u0107 tym razem tempo wzrostu na profilu Marsza\u0142ka Sejmu znacznie zwolni\u0142o.<\/p>\n","protected":false},"author":89,"featured_media":49513,"comment_status":"open","ping_status":"open","sticky":false,"template":"","format":"standard","meta":{"inline_featured_image":false,"footnotes":""},"categories":[1803,2125],"tags":[2429,2467],"yoast_head":"<!-- This site is optimized with the Yoast SEO plugin v22.4 - https:\/\/yoast.com\/wordpress\/plugins\/seo\/ -->\n<title>Instagram Trends stycze\u0144 2024 - premiery, powroty i trend na 2024 rok<\/title>\n<meta name=\"description\" content=\"W styczniu na Instagramie nie mog\u0142o zabrakn\u0105\u0107 licznych podsumowa\u0144 roku, a tak\u017ce contentu oko\u0142oWO\u015aPowego na kontach marek i influencer\u00f3w.\" \/>\n<meta name=\"robots\" content=\"index, follow, max-snippet:-1, max-image-preview:large, max-video-preview:-1\" \/>\n<link rel=\"canonical\" href=\"https:\/\/www.sotrender.com\/blog\/pl\/2024\/02\/instagram-trends-styczen-2024-premiery-powroty-i-trend-na-2024-rok\/\" \/>\n<meta property=\"og:locale\" content=\"pl_PL\" \/>\n<meta property=\"og:type\" content=\"article\" \/>\n<meta property=\"og:title\" content=\"Instagram Trends stycze\u0144 2024 - premiery, powroty i trend na 2024 rok\" \/>\n<meta property=\"og:description\" content=\"W styczniu na Instagramie nie mog\u0142o zabrakn\u0105\u0107 licznych podsumowa\u0144 roku, a tak\u017ce contentu oko\u0142oWO\u015aPowego na kontach marek i influencer\u00f3w.\" \/>\n<meta property=\"og:url\" content=\"https:\/\/www.sotrender.com\/blog\/pl\/2024\/02\/instagram-trends-styczen-2024-premiery-powroty-i-trend-na-2024-rok\/\" \/>\n<meta property=\"og:site_name\" content=\"Sotrender Blog\" \/>\n<meta property=\"article:publisher\" content=\"https:\/\/www.facebook.com\/Sotrender\" \/>\n<meta property=\"article:published_time\" content=\"2024-02-06T08:17:05+00:00\" \/>\n<meta property=\"og:image\" content=\"https:\/\/www.sotrender.com\/blog\/wp-content\/uploads\/2024\/02\/taniec.jpg\" \/>\n\t<meta property=\"og:image:width\" content=\"1700\" \/>\n\t<meta property=\"og:image:height\" content=\"957\" \/>\n\t<meta property=\"og:image:type\" content=\"image\/jpeg\" \/>\n<meta name=\"author\" content=\"Klaudia \u017by\u0142ka\" \/>\n<meta name=\"twitter:card\" content=\"summary_large_image\" \/>\n<meta name=\"twitter:creator\" content=\"@Sotrender\" \/>\n<meta name=\"twitter:site\" content=\"@Sotrender\" \/>\n<meta name=\"twitter:label1\" content=\"Written by\" \/>\n\t<meta name=\"twitter:data1\" content=\"Klaudia \u017by\u0142ka\" \/>\n\t<meta name=\"twitter:label2\" content=\"Est. reading time\" \/>\n\t<meta name=\"twitter:data2\" content=\"3 minutes\" \/>\n<script type=\"application\/ld+json\" class=\"yoast-schema-graph\">{\"@context\":\"https:\/\/schema.org\",\"@graph\":[{\"@type\":\"WebPage\",\"@id\":\"https:\/\/www.sotrender.com\/blog\/pl\/2024\/02\/instagram-trends-styczen-2024-premiery-powroty-i-trend-na-2024-rok\/\",\"url\":\"https:\/\/www.sotrender.com\/blog\/pl\/2024\/02\/instagram-trends-styczen-2024-premiery-powroty-i-trend-na-2024-rok\/\",\"name\":\"Instagram Trends stycze\u0144 2024 - premiery, powroty i trend na 2024 rok\",\"isPartOf\":{\"@id\":\"https:\/\/www.sotrender.com\/blog\/#website\"},\"primaryImageOfPage\":{\"@id\":\"https:\/\/www.sotrender.com\/blog\/pl\/2024\/02\/instagram-trends-styczen-2024-premiery-powroty-i-trend-na-2024-rok\/#primaryimage\"},\"image\":{\"@id\":\"https:\/\/www.sotrender.com\/blog\/pl\/2024\/02\/instagram-trends-styczen-2024-premiery-powroty-i-trend-na-2024-rok\/#primaryimage\"},\"thumbnailUrl\":\"https:\/\/www.sotrender.com\/blog\/wp-content\/uploads\/2024\/02\/taniec.jpg\",\"datePublished\":\"2024-02-06T08:17:05+00:00\",\"dateModified\":\"2024-02-06T08:17:05+00:00\",\"author\":{\"@id\":\"https:\/\/www.sotrender.com\/blog\/#\/schema\/person\/038ac5e276c5d102d8cbb9c36cd43416\"},\"description\":\"W styczniu na Instagramie nie mog\u0142o zabrakn\u0105\u0107 licznych podsumowa\u0144 roku, a tak\u017ce contentu oko\u0142oWO\u015aPowego na kontach marek i influencer\u00f3w.\",\"breadcrumb\":{\"@id\":\"https:\/\/www.sotrender.com\/blog\/pl\/2024\/02\/instagram-trends-styczen-2024-premiery-powroty-i-trend-na-2024-rok\/#breadcrumb\"},\"inLanguage\":\"pl-PL\",\"potentialAction\":[{\"@type\":\"ReadAction\",\"target\":[\"https:\/\/www.sotrender.com\/blog\/pl\/2024\/02\/instagram-trends-styczen-2024-premiery-powroty-i-trend-na-2024-rok\/\"]}]},{\"@type\":\"ImageObject\",\"inLanguage\":\"pl-PL\",\"@id\":\"https:\/\/www.sotrender.com\/blog\/pl\/2024\/02\/instagram-trends-styczen-2024-premiery-powroty-i-trend-na-2024-rok\/#primaryimage\",\"url\":\"https:\/\/www.sotrender.com\/blog\/wp-content\/uploads\/2024\/02\/taniec.jpg\",\"contentUrl\":\"https:\/\/www.sotrender.com\/blog\/wp-content\/uploads\/2024\/02\/taniec.jpg\",\"width\":1700,\"height\":957},{\"@type\":\"BreadcrumbList\",\"@id\":\"https:\/\/www.sotrender.com\/blog\/pl\/2024\/02\/instagram-trends-styczen-2024-premiery-powroty-i-trend-na-2024-rok\/#breadcrumb\",\"itemListElement\":[{\"@type\":\"ListItem\",\"position\":1,\"name\":\"Home\",\"item\":\"https:\/\/www.sotrender.com\/blog\/\"},{\"@type\":\"ListItem\",\"position\":2,\"name\":\"Instagram Trends stycze\u0144 2024 &#8211; premiery, powroty i trend na 2024 rok\"}]},{\"@type\":\"WebSite\",\"@id\":\"https:\/\/www.sotrender.com\/blog\/#website\",\"url\":\"https:\/\/www.sotrender.com\/blog\/\",\"name\":\"Sotrender Blog\",\"description\":\"\",\"potentialAction\":[{\"@type\":\"SearchAction\",\"target\":{\"@type\":\"EntryPoint\",\"urlTemplate\":\"https:\/\/www.sotrender.com\/blog\/?s={search_term_string}\"},\"query-input\":\"required name=search_term_string\"}],\"inLanguage\":\"pl-PL\"},{\"@type\":\"Person\",\"@id\":\"https:\/\/www.sotrender.com\/blog\/#\/schema\/person\/038ac5e276c5d102d8cbb9c36cd43416\",\"name\":\"Klaudia \u017by\u0142ka\",\"image\":{\"@type\":\"ImageObject\",\"inLanguage\":\"pl-PL\",\"@id\":\"https:\/\/www.sotrender.com\/blog\/#\/schema\/person\/image\/\",\"url\":\"https:\/\/secure.gravatar.com\/avatar\/f55d5d49ce3c448e1ffde0ab078d84cd?s=96&d=mm&r=g\",\"contentUrl\":\"https:\/\/secure.gravatar.com\/avatar\/f55d5d49ce3c448e1ffde0ab078d84cd?s=96&d=mm&r=g\",\"caption\":\"Klaudia \u017by\u0142ka\"},\"description\":\"Instagram, dogs, books and food lover. Former student at Warsaw University and Malm\u00f6 University. Improving her marketing skills every day. Proud owner of DIMAQ certificate\",\"sameAs\":[\"https:\/\/www.linkedin.com\/in\/klaudia-\u017cy\u0142ka-17527779\"],\"url\":\"https:\/\/www.sotrender.com\/blog\/pl\/author\/klaudia_yka\/\"}]}<\/script>\n<!-- \/ Yoast SEO plugin. -->","yoast_head_json":{"title":"Instagram Trends stycze\u0144 2024 - premiery, powroty i trend na 2024 rok","description":"W styczniu na Instagramie nie mog\u0142o zabrakn\u0105\u0107 licznych podsumowa\u0144 roku, a tak\u017ce contentu oko\u0142oWO\u015aPowego na kontach marek i influencer\u00f3w.","robots":{"index":"index","follow":"follow","max-snippet":"max-snippet:-1","max-image-preview":"max-image-preview:large","max-video-preview":"max-video-preview:-1"},"canonical":"https:\/\/www.sotrender.com\/blog\/pl\/2024\/02\/instagram-trends-styczen-2024-premiery-powroty-i-trend-na-2024-rok\/","og_locale":"pl_PL","og_type":"article","og_title":"Instagram Trends stycze\u0144 2024 - premiery, powroty i trend na 2024 rok","og_description":"W styczniu na Instagramie nie mog\u0142o zabrakn\u0105\u0107 licznych podsumowa\u0144 roku, a tak\u017ce contentu oko\u0142oWO\u015aPowego na kontach marek i influencer\u00f3w.","og_url":"https:\/\/www.sotrender.com\/blog\/pl\/2024\/02\/instagram-trends-styczen-2024-premiery-powroty-i-trend-na-2024-rok\/","og_site_name":"Sotrender Blog","article_publisher":"https:\/\/www.facebook.com\/Sotrender","article_published_time":"2024-02-06T08:17:05+00:00","og_image":[{"width":1700,"height":957,"url":"https:\/\/www.sotrender.com\/blog\/wp-content\/uploads\/2024\/02\/taniec.jpg","type":"image\/jpeg"}],"author":"Klaudia \u017by\u0142ka","twitter_card":"summary_large_image","twitter_creator":"@Sotrender","twitter_site":"@Sotrender","twitter_misc":{"Written by":"Klaudia \u017by\u0142ka","Est. reading time":"3 minutes"},"schema":{"@context":"https:\/\/schema.org","@graph":[{"@type":"WebPage","@id":"https:\/\/www.sotrender.com\/blog\/pl\/2024\/02\/instagram-trends-styczen-2024-premiery-powroty-i-trend-na-2024-rok\/","url":"https:\/\/www.sotrender.com\/blog\/pl\/2024\/02\/instagram-trends-styczen-2024-premiery-powroty-i-trend-na-2024-rok\/","name":"Instagram Trends stycze\u0144 2024 - premiery, powroty i trend na 2024 rok","isPartOf":{"@id":"https:\/\/www.sotrender.com\/blog\/#website"},"primaryImageOfPage":{"@id":"https:\/\/www.sotrender.com\/blog\/pl\/2024\/02\/instagram-trends-styczen-2024-premiery-powroty-i-trend-na-2024-rok\/#primaryimage"},"image":{"@id":"https:\/\/www.sotrender.com\/blog\/pl\/2024\/02\/instagram-trends-styczen-2024-premiery-powroty-i-trend-na-2024-rok\/#primaryimage"},"thumbnailUrl":"https:\/\/www.sotrender.com\/blog\/wp-content\/uploads\/2024\/02\/taniec.jpg","datePublished":"2024-02-06T08:17:05+00:00","dateModified":"2024-02-06T08:17:05+00:00","author":{"@id":"https:\/\/www.sotrender.com\/blog\/#\/schema\/person\/038ac5e276c5d102d8cbb9c36cd43416"},"description":"W styczniu na Instagramie nie mog\u0142o zabrakn\u0105\u0107 licznych podsumowa\u0144 roku, a tak\u017ce contentu oko\u0142oWO\u015aPowego na kontach marek i influencer\u00f3w.","breadcrumb":{"@id":"https:\/\/www.sotrender.com\/blog\/pl\/2024\/02\/instagram-trends-styczen-2024-premiery-powroty-i-trend-na-2024-rok\/#breadcrumb"},"inLanguage":"pl-PL","potentialAction":[{"@type":"ReadAction","target":["https:\/\/www.sotrender.com\/blog\/pl\/2024\/02\/instagram-trends-styczen-2024-premiery-powroty-i-trend-na-2024-rok\/"]}]},{"@type":"ImageObject","inLanguage":"pl-PL","@id":"https:\/\/www.sotrender.com\/blog\/pl\/2024\/02\/instagram-trends-styczen-2024-premiery-powroty-i-trend-na-2024-rok\/#primaryimage","url":"https:\/\/www.sotrender.com\/blog\/wp-content\/uploads\/2024\/02\/taniec.jpg","contentUrl":"https:\/\/www.sotrender.com\/blog\/wp-content\/uploads\/2024\/02\/taniec.jpg","width":1700,"height":957},{"@type":"BreadcrumbList","@id":"https:\/\/www.sotrender.com\/blog\/pl\/2024\/02\/instagram-trends-styczen-2024-premiery-powroty-i-trend-na-2024-rok\/#breadcrumb","itemListElement":[{"@type":"ListItem","position":1,"name":"Home","item":"https:\/\/www.sotrender.com\/blog\/"},{"@type":"ListItem","position":2,"name":"Instagram Trends stycze\u0144 2024 &#8211; premiery, powroty i trend na 2024 rok"}]},{"@type":"WebSite","@id":"https:\/\/www.sotrender.com\/blog\/#website","url":"https:\/\/www.sotrender.com\/blog\/","name":"Sotrender Blog","description":"","potentialAction":[{"@type":"SearchAction","target":{"@type":"EntryPoint","urlTemplate":"https:\/\/www.sotrender.com\/blog\/?s={search_term_string}"},"query-input":"required name=search_term_string"}],"inLanguage":"pl-PL"},{"@type":"Person","@id":"https:\/\/www.sotrender.com\/blog\/#\/schema\/person\/038ac5e276c5d102d8cbb9c36cd43416","name":"Klaudia \u017by\u0142ka","image":{"@type":"ImageObject","inLanguage":"pl-PL","@id":"https:\/\/www.sotrender.com\/blog\/#\/schema\/person\/image\/","url":"https:\/\/secure.gravatar.com\/avatar\/f55d5d49ce3c448e1ffde0ab078d84cd?s=96&d=mm&r=g","contentUrl":"https:\/\/secure.gravatar.com\/avatar\/f55d5d49ce3c448e1ffde0ab078d84cd?s=96&d=mm&r=g","caption":"Klaudia \u017by\u0142ka"},"description":"Instagram, dogs, books and food lover. Former student at Warsaw University and Malm\u00f6 University. Improving her marketing skills every day. Proud owner of DIMAQ certificate","sameAs":["https:\/\/www.linkedin.com\/in\/klaudia-\u017cy\u0142ka-17527779"],"url":"https:\/\/www.sotrender.com\/blog\/pl\/author\/klaudia_yka\/"}]}},"_links":{"self":[{"href":"https:\/\/www.sotrender.com\/blog\/pl\/wp-json\/wp\/v2\/posts\/49497"}],"collection":[{"href":"https:\/\/www.sotrender.com\/blog\/pl\/wp-json\/wp\/v2\/posts"}],"about":[{"href":"https:\/\/www.sotrender.com\/blog\/pl\/wp-json\/wp\/v2\/types\/post"}],"author":[{"embeddable":true,"href":"https:\/\/www.sotrender.com\/blog\/pl\/wp-json\/wp\/v2\/users\/89"}],"replies":[{"embeddable":true,"href":"https:\/\/www.sotrender.com\/blog\/pl\/wp-json\/wp\/v2\/comments?post=49497"}],"version-history":[{"count":6,"href":"https:\/\/www.sotrender.com\/blog\/pl\/wp-json\/wp\/v2\/posts\/49497\/revisions"}],"predecessor-version":[{"id":49517,"href":"https:\/\/www.sotrender.com\/blog\/pl\/wp-json\/wp\/v2\/posts\/49497\/revisions\/49517"}],"wp:featuredmedia":[{"embeddable":true,"href":"https:\/\/www.sotrender.com\/blog\/pl\/wp-json\/wp\/v2\/media\/49513"}],"wp:attachment":[{"href":"https:\/\/www.sotrender.com\/blog\/pl\/wp-json\/wp\/v2\/media?parent=49497"}],"wp:term":[{"taxonomy":"category","embeddable":true,"href":"https:\/\/www.sotrender.com\/blog\/pl\/wp-json\/wp\/v2\/categories?post=49497"},{"taxonomy":"post_tag","embeddable":true,"href":"https:\/\/www.sotrender.com\/blog\/pl\/wp-json\/wp\/v2\/tags?post=49497"}],"curies":[{"name":"wp","href":"https:\/\/api.w.org\/{rel}","templated":true}]}}