{"id":49421,"date":"2024-01-23T13:50:21","date_gmt":"2024-01-23T12:50:21","guid":{"rendered":"https:\/\/www.sotrender.com\/blog\/?p=49421\/"},"modified":"2024-01-23T13:50:21","modified_gmt":"2024-01-23T12:50:21","slug":"podsumowanie-2023-roku-na-facebooku-infografika","status":"publish","type":"post","link":"https:\/\/www.sotrender.com\/blog\/pl\/2024\/01\/podsumowanie-2023-roku-na-facebooku-infografika\/","title":{"rendered":"Podsumowanie 2023 roku na Facebooku [INFOGRAFIKA]"},"content":{"rendered":"<p><span style=\"font-weight: 400;\">Tre\u015bci chwytaj\u0105ce za serca oraz profile ukazuj\u0105ce \u017cycie celebryt\u00f3w budzi\u0142y najwi\u0119ksze zaanga\u017cowanie na Facebooku w minionym roku. Niespodziank\u0105 jest jednak najlepszy post roku, kt\u00f3ry zosta\u0142 opublikowany na profilu \u0142\u00f3dzkiego ZOO.<\/span><\/p>\n<p><span style=\"font-weight: 400;\">W\u015br\u00f3d TOP profili 2023 roku znalaz\u0142 si\u0119 m.in. Goniec.pl, Siepomaga.pl i TVN24.<\/span><\/p>\n<p><!--more--><\/p>\n<p><span style=\"font-weight: 400;\">Nie przed\u0142u\u017caj\u0105c, zapraszamy na nasz\u0105 kultow\u0105 ju\u017c infografik\u0119 z podsumowaniem roku na Facebooku!<\/span><\/p>\n<p><a href=\"https:\/\/www.sotrender.com\/blog\/pl\/2024\/01\/marki-media-i-organizacje-na-instagramie-w-2023-roku\/\" target=\"_blank\" rel=\"noopener\"><span style=\"font-weight: 400;\">Zobacz podsumowanie 2023 roku na Instagramie \u00bb<\/span><\/a><\/p>\n<h2><strong>Play niezmiennie najwi\u0119kszym profilem<\/strong><\/h2>\n<p><span style=\"font-weight: 400;\">Profil Play utrzyma\u0142 si\u0119 na pozycji lidera w zestawieniu najwi\u0119kszych profili na Facebooku. Na profilu marki przyby\u0142o ponad 45 tys. nowych fan\u00f3w w ci\u0105gu ostatniego roku.<\/span><\/p>\n<p><span style=\"font-weight: 400;\">Kolejny rok z rz\u0119du jedynie dwom markom &#8211; Play i Allegro &#8211; uda\u0142o si\u0119 zgromadzi\u0107 ponad dwumilionow\u0105 spo\u0142eczno\u015b\u0107 na swoich profilach.<\/span><\/p>\n<p><span style=\"font-weight: 400;\">Z kolei po raz pierwszy w\u015br\u00f3d 10 najwi\u0119kszych profili znalaz\u0142 si\u0119 profil TVN24 z liczb\u0105 1,6 miliona fan\u00f3w.<\/span><\/p>\n<p style=\"text-align: center;\"><!--HubSpot Call-to-Action Code --><span id=\"hs-cta-wrapper-f0bf2d8a-c223-4ba0-acba-1173ca6d6130\" class=\"hs-cta-wrapper\"><span id=\"hs-cta-f0bf2d8a-c223-4ba0-acba-1173ca6d6130\" class=\"hs-cta-node hs-cta-f0bf2d8a-c223-4ba0-acba-1173ca6d6130\"><!-- [if lte IE 8]><\/p>\n\n\n\n\n\n<div id=\"hs-cta-ie-element\"><\/div>\n\n\n<![endif]--><a href=\"https:\/\/cta-redirect.hubspot.com\/cta\/redirect\/3842881\/f0bf2d8a-c223-4ba0-acba-1173ca6d6130\" target=\"_blank\" rel=\"noopener\"><img decoding=\"async\" id=\"hs-cta-img-f0bf2d8a-c223-4ba0-acba-1173ca6d6130\" class=\"hs-cta-img aligncenter\" style=\"border-width: 0px;\" src=\"https:\/\/no-cache.hubspot.com\/cta\/default\/3842881\/f0bf2d8a-c223-4ba0-acba-1173ca6d6130.png\" alt=\"Podsumuj swoje dzia\u0142ania social media za 2023 rok\" \/><\/a><\/span><script charset=\"utf-8\" src=\"https:\/\/js.hscta.net\/cta\/current.js\"><\/script><script type=\"text\/javascript\"> hbspt.cta.load(3842881, 'f0bf2d8a-c223-4ba0-acba-1173ca6d6130', {\"useNewLoader\":\"true\",\"region\":\"na1\"}); <\/script><\/span><!-- end HubSpot Call-to-Action Code --><\/p>\n<h3><b>5 najwi\u0119kszych profili os\u00f3b na polskim Facebooku<\/b><\/h3>\n<ol>\n<li style=\"font-weight: 400;\" aria-level=\"1\"><span style=\"font-weight: 400;\">Robert Lewandowski &#8211; 24,6 mln fan\u00f3w<\/span><\/li>\n<li style=\"font-weight: 400;\" aria-level=\"1\"><span style=\"font-weight: 400;\">\u0141ukasz Piszczek &#8211; 2,3 mln fan\u00f3w<\/span><\/li>\n<li style=\"font-weight: 400;\" aria-level=\"1\"><span style=\"font-weight: 400;\">Kuba B\u0142aszczykowski &#8211; 2,1 mln fan\u00f3w<\/span><\/li>\n<li style=\"font-weight: 400;\" aria-level=\"1\"><span style=\"font-weight: 400;\">Ewa Chodakowska &#8211; 2 mln fan\u00f3w<\/span><\/li>\n<li style=\"font-weight: 400;\" aria-level=\"1\"><span style=\"font-weight: 400;\">Anna Lewandowska &#8211; 1,9 mln fan\u00f3w<\/span><\/li>\n<\/ol>\n<h2><strong>Party.pl z najwi\u0119kszym przyrostem fan\u00f3w<\/strong><\/h2>\n<p><span style=\"font-weight: 400;\">Profile serwis\u00f3w publikuj\u0105cych newsy rozrywkowe i plotkarskie ros\u0142y w minionym roku najszybciej. Na profilu Party.pl odnotowali\u015bmy ponad 437 tys. nowych fan\u00f3w, a na profilu Lelum.pl &#8211; 392 tys.<\/span><\/p>\n<p><span style=\"font-weight: 400;\">Jest to <\/span><a href=\"https:\/\/www.sotrender.com\/blog\/pl\/2023\/02\/facebook-w-polsce-podsumowanie-2022-roku-infografika\/\" target=\"_blank\" rel=\"noopener\"><span style=\"font-weight: 400;\">utrzymanie tendencji z 2022 roku<\/span><\/a><span style=\"font-weight: 400;\"> &#8211; wtedy tak\u017ce profile serwis\u00f3w informacyjno-rozrywkowych ros\u0142y najszybciej.<\/span><\/p>\n<h2><strong>Goniec.pl najbardziej anga\u017cuj\u0105cym profilem roku<\/strong><\/h2>\n<p><span style=\"font-weight: 400;\">W 2022 roku najbardziej anga\u017cuj\u0105cymi profilami na Facebooku by\u0142y te publikuj\u0105ce newsy, m.in. sportowe. Jednak w 2023 roku niemal ca\u0142e TOP5 w tej kategorii uleg\u0142o zmianie.<\/span><\/p>\n<p><span style=\"font-weight: 400;\">Goniec.pl, profil, kt\u00f3ry w 2022 roku by\u0142 drugim najbardziej anga\u017cuj\u0105cym profilem, w 2023 roku awansowa\u0142 na miejsce pierwsze.<\/span><\/p>\n<p><a href=\"https:\/\/www.sotrender.com\/blog\/pl\/2023\/02\/facebook-w-polsce-podsumowanie-2022-roku-infografika\/\" target=\"_blank\" rel=\"noopener\"><span style=\"font-weight: 400;\">W por\u00f3wnaniu do 2022 roku<\/span><\/a><span style=\"font-weight: 400;\"> z TOP5 wypad\u0142y dwa profile serwis\u00f3w sportowych &#8211; TVP Sport i \u0141\u0105czy nas pi\u0142ka. Nie znalaz\u0142 si\u0119 w nim tak\u017ce profil TVN24.<\/span><\/p>\n<p><span style=\"font-weight: 400;\">W czo\u0142\u00f3wce, na miejscu drugim i czwartym, zadebiutowa\u0142y dwa profile: Siepomaga.pl i Przytulisko G\u0142owno. Obecno\u015b\u0107 Siepomaga.pl na tak wysokim miejscu nie powinna by\u0107 zaskakuj\u0105ca, bowiem posty fundacji regularnie znajduj\u0105 si\u0119 w\u015br\u00f3d najlepszych post\u00f3w miesi\u0105ca w naszym raporcie <\/span><a href=\"https:\/\/www.sotrender.com\/trends\/facebook\/poland\/\" target=\"_blank\" rel=\"noopener\"><span style=\"font-weight: 400;\">Facebook Trends<\/span><\/a><span style=\"font-weight: 400;\">.<\/span><\/p>\n<h2><strong>Pomagam.pl z najlepsz\u0105 obs\u0142ug\u0105 klienta na Facebooku<\/strong><\/h2>\n<p><span style=\"font-weight: 400;\">Profil Pomagam.pl okaza\u0142 si\u0119 profilem z najskuteczniejsz\u0105 obs\u0142ug\u0105 klienta na Facebooku wed\u0142ug naszego autorskiego wska\u017anika <\/span><a href=\"https:\/\/www.sotrender.com\/resources\/pl\/faq_pl\/metryki\/jak-liczymy-cx-score\/\" target=\"_blank\" rel=\"noopener\"><span style=\"font-weight: 400;\">CX Score<\/span><\/a><span style=\"font-weight: 400;\">.<\/span><\/p>\n<p><span style=\"font-weight: 400;\">W TOP5 nie mog\u0142o zabrakn\u0105\u0107 firm telekomunikacyjnych (Orange, nju mobile, Play), kt\u00f3re co roku plasuj\u0105 si\u0119 na czo\u0142owych miejscach zestawienia.<\/span><\/p>\n<h2><strong>TVN24 najbardziej aktywnym profilem<\/strong><\/h2>\n<p><span style=\"font-weight: 400;\">Podobnie jak <\/span><a href=\"https:\/\/www.sotrender.com\/blog\/pl\/2024\/01\/marki-media-i-organizacje-na-instagramie-w-2023-roku\/\" target=\"_blank\" rel=\"noopener\"><span style=\"font-weight: 400;\">na Instagramie<\/span><\/a><span style=\"font-weight: 400;\">, tak\u017ce na Facebooku to na profilach czo\u0142owych polskich medi\u00f3w opublikowanych zosta\u0142o najwi\u0119cej post\u00f3w.<\/span><\/p>\n<p><span style=\"font-weight: 400;\">Liderem okaza\u0142 si\u0119 by\u0107 TVN24 z liczb\u0105 post\u00f3w przekraczaj\u0105c\u0105 25 tysi\u0119cy, co daje \u015brednio 70 post\u00f3w opublikowanych ka\u017cdego dnia. W TOP3 znalaz\u0142 si\u0119 r\u00f3wnie\u017c profil NaTemat.pl i Onet z niewiele mniejsz\u0105 liczb\u0105 post\u00f3w.<\/span><\/p>\n<h2><strong>CPM w Meta a\u017c o 45% ni\u017cszy<\/strong><\/h2>\n<p><span style=\"font-weight: 400;\">Jak przedstawia\u0142y si\u0119 koszty reklamowe w ekosystemie Meta?<\/span><\/p>\n<p><span style=\"font-weight: 400;\">Podczas gdy \u015bredni CPC utrzyma\u0142 si\u0119 na niezmienionym poziomie w stosunku do 2022 roku, \u015bredni CPM spad\u0142 o niemal po\u0142ow\u0119. W 2023 roku marketerzy p\u0142acili \u015brednio 4 z\u0142 za dotarcie do tysi\u0105ca u\u017cytkownik\u00f3w. Z kolei \u015brednie dzienne wydatki oscylowa\u0142y wok\u00f3\u0142 17 z\u0142.<\/span><\/p>\n<p><span style=\"font-weight: 400;\">Co ciekawe, reklamodawcy najwi\u0119cej na reklam\u0119 wydawali w marcu 2023, a w grudniu wydawali o ponad po\u0142ow\u0119 mniej, o czym pisali\u015bmy przy okazji <\/span><a href=\"https:\/\/www.sotrender.com\/blog\/pl\/2024\/01\/facebook-trends-grudzien-2023-wszystkie-rece-na-poklad\/\" target=\"_blank\" rel=\"noopener\"><span style=\"font-weight: 400;\">grudniowego raportu Facebook Trends<\/span><\/a><span style=\"font-weight: 400;\">.<\/span><\/p>\n<p style=\"text-align: center;\"><!--HubSpot Call-to-Action Code --><span id=\"hs-cta-wrapper-f0bf2d8a-c223-4ba0-acba-1173ca6d6130\" class=\"hs-cta-wrapper\"><span id=\"hs-cta-f0bf2d8a-c223-4ba0-acba-1173ca6d6130\" class=\"hs-cta-node hs-cta-f0bf2d8a-c223-4ba0-acba-1173ca6d6130\"><!-- [if lte IE 8]><\/p>\n\n\n\n\n\n<div id=\"hs-cta-ie-element\"><\/div>\n\n\n<![endif]--><a href=\"https:\/\/cta-redirect.hubspot.com\/cta\/redirect\/3842881\/f0bf2d8a-c223-4ba0-acba-1173ca6d6130\" target=\"_blank\" rel=\"noopener\"><img decoding=\"async\" id=\"hs-cta-img-f0bf2d8a-c223-4ba0-acba-1173ca6d6130\" class=\"hs-cta-img aligncenter\" style=\"border-width: 0px;\" src=\"https:\/\/no-cache.hubspot.com\/cta\/default\/3842881\/f0bf2d8a-c223-4ba0-acba-1173ca6d6130.png\" alt=\"Podsumuj swoje dzia\u0142ania social media za 2023 rok\" \/><\/a><\/span><script charset=\"utf-8\" src=\"https:\/\/js.hscta.net\/cta\/current.js\"><\/script><script type=\"text\/javascript\"> hbspt.cta.load(3842881, 'f0bf2d8a-c223-4ba0-acba-1173ca6d6130', {\"useNewLoader\":\"true\",\"region\":\"na1\"}); <\/script><\/span><!-- end HubSpot Call-to-Action Code --><\/p>\n<h2><strong>\u0141\u00f3dzkie ZOO z najlepszym postem roku<\/strong><\/h2>\n<p><span style=\"font-weight: 400;\">Prawdziw\u0105 niespodziank\u0105 okaza\u0142 si\u0119 by\u0107 najbardziej anga\u017cuj\u0105cy post 2023 roku. Zosta\u0142 on opublikowany na profilu ZOO \u0141\u00f3d\u017a i przedstawia\u2026 pawia. Wideo ukazuj\u0105ce r\u00f3\u017cnorodno\u015b\u0107 i pi\u0119kno pawiego pi\u00f3ropusza zachwyci\u0142o internaut\u00f3w, kt\u00f3rzy polubili materia\u0142 niemal 320 tys. razy i udost\u0119pnili go ponad 63 tys. razy. Do tej pory materia\u0142 zosta\u0142 obejrzany ponad 7 milion\u00f3w razy.<\/span><\/p>\n<p><span style=\"font-weight: 400;\">W\u015br\u00f3d 14 najlepszych post\u00f3w roku a\u017c po\u0142owa zosta\u0142a opublikowana na profilu Siepomaga.pl. Nie zabrak\u0142o te\u017c innych tre\u015bci chwytaj\u0105cych za serca, m.in. zwi\u0105zanych z pomoc\u0105 zwierz\u0119tom.<\/span><\/p>\n<p><img loading=\"lazy\" decoding=\"async\" class=\"aligncenter size-full wp-image-49361\" src=\"https:\/\/www.sotrender.com\/blog\/wp-content\/uploads\/2024\/01\/Podsumowanie-2023-roku-Facebook.png\" alt=\"2023 rok na Facebooku\" width=\"1314\" height=\"9327\" srcset=\"https:\/\/www.sotrender.com\/blog\/wp-content\/uploads\/2024\/01\/Podsumowanie-2023-roku-Facebook.png 1314w, https:\/\/www.sotrender.com\/blog\/wp-content\/uploads\/2024\/01\/Podsumowanie-2023-roku-Facebook-475x3372.png 475w, https:\/\/www.sotrender.com\/blog\/wp-content\/uploads\/2024\/01\/Podsumowanie-2023-roku-Facebook-768x5451.png 768w\" sizes=\"(max-width: 1314px) 100vw, 1314px\" \/><\/p>\n","protected":false},"excerpt":{"rendered":"<p>Tre\u015bci chwytaj\u0105ce za serca oraz profile ukazuj\u0105ce \u017cycie celebryt\u00f3w budzi\u0142y najwi\u0119ksze zaanga\u017cowanie na Facebooku w minionym roku. Niespodziank\u0105 jest jednak najlepszy post roku, kt\u00f3ry zosta\u0142 opublikowany na profilu \u0142\u00f3dzkiego ZOO. W\u015br\u00f3d TOP profili 2023 roku znalaz\u0142 si\u0119 m.in. Goniec.pl, Siepomaga.pl i TVN24.<\/p>\n","protected":false},"author":89,"featured_media":49429,"comment_status":"open","ping_status":"open","sticky":false,"template":"","format":"standard","meta":{"inline_featured_image":false,"footnotes":""},"categories":[2125,2275,1797],"tags":[1477,1949,2407,771],"yoast_head":"<!-- This site is optimized with the Yoast SEO plugin v22.4 - https:\/\/yoast.com\/wordpress\/plugins\/seo\/ -->\n<title>Podsumowanie 2023 roku na Facebooku [INFOGRAFIKA]<\/title>\n<meta name=\"description\" content=\"Tre\u015bci chwytaj\u0105ce za serca oraz profile ukazuj\u0105ce \u017cycie celebryt\u00f3w budzi\u0142y najwi\u0119ksze zaanga\u017cowanie w 2023 roku na Facebooku.\" \/>\n<meta name=\"robots\" content=\"index, follow, max-snippet:-1, max-image-preview:large, max-video-preview:-1\" \/>\n<link rel=\"canonical\" href=\"https:\/\/www.sotrender.com\/blog\/pl\/2024\/01\/podsumowanie-2023-roku-na-facebooku-infografika\/\" \/>\n<meta property=\"og:locale\" content=\"pl_PL\" \/>\n<meta property=\"og:type\" content=\"article\" \/>\n<meta property=\"og:title\" content=\"Podsumowanie 2023 roku na Facebooku [INFOGRAFIKA]\" \/>\n<meta property=\"og:description\" content=\"Tre\u015bci chwytaj\u0105ce za serca oraz profile ukazuj\u0105ce \u017cycie celebryt\u00f3w budzi\u0142y najwi\u0119ksze zaanga\u017cowanie w 2023 roku na Facebooku.\" \/>\n<meta property=\"og:url\" content=\"https:\/\/www.sotrender.com\/blog\/pl\/2024\/01\/podsumowanie-2023-roku-na-facebooku-infografika\/\" \/>\n<meta property=\"og:site_name\" content=\"Sotrender Blog\" \/>\n<meta property=\"article:publisher\" content=\"https:\/\/www.facebook.com\/Sotrender\" \/>\n<meta property=\"article:published_time\" content=\"2024-01-23T12:50:21+00:00\" \/>\n<meta property=\"og:image\" content=\"https:\/\/www.sotrender.com\/blog\/wp-content\/uploads\/2024\/01\/podsumowanie-roku-facebook-blog.jpg\" \/>\n\t<meta property=\"og:image:width\" content=\"1700\" \/>\n\t<meta property=\"og:image:height\" content=\"1131\" \/>\n\t<meta property=\"og:image:type\" content=\"image\/jpeg\" \/>\n<meta name=\"author\" content=\"Klaudia \u017by\u0142ka\" \/>\n<meta name=\"twitter:card\" content=\"summary_large_image\" \/>\n<meta name=\"twitter:creator\" content=\"@Sotrender\" \/>\n<meta name=\"twitter:site\" content=\"@Sotrender\" \/>\n<meta name=\"twitter:label1\" content=\"Written by\" \/>\n\t<meta name=\"twitter:data1\" content=\"Klaudia \u017by\u0142ka\" \/>\n\t<meta name=\"twitter:label2\" content=\"Est. reading time\" \/>\n\t<meta name=\"twitter:data2\" content=\"3 minutes\" \/>\n<script type=\"application\/ld+json\" class=\"yoast-schema-graph\">{\"@context\":\"https:\/\/schema.org\",\"@graph\":[{\"@type\":\"WebPage\",\"@id\":\"https:\/\/www.sotrender.com\/blog\/pl\/2024\/01\/podsumowanie-2023-roku-na-facebooku-infografika\/\",\"url\":\"https:\/\/www.sotrender.com\/blog\/pl\/2024\/01\/podsumowanie-2023-roku-na-facebooku-infografika\/\",\"name\":\"Podsumowanie 2023 roku na Facebooku [INFOGRAFIKA]\",\"isPartOf\":{\"@id\":\"https:\/\/www.sotrender.com\/blog\/#website\"},\"primaryImageOfPage\":{\"@id\":\"https:\/\/www.sotrender.com\/blog\/pl\/2024\/01\/podsumowanie-2023-roku-na-facebooku-infografika\/#primaryimage\"},\"image\":{\"@id\":\"https:\/\/www.sotrender.com\/blog\/pl\/2024\/01\/podsumowanie-2023-roku-na-facebooku-infografika\/#primaryimage\"},\"thumbnailUrl\":\"https:\/\/www.sotrender.com\/blog\/wp-content\/uploads\/2024\/01\/podsumowanie-roku-facebook-blog.jpg\",\"datePublished\":\"2024-01-23T12:50:21+00:00\",\"dateModified\":\"2024-01-23T12:50:21+00:00\",\"author\":{\"@id\":\"https:\/\/www.sotrender.com\/blog\/#\/schema\/person\/038ac5e276c5d102d8cbb9c36cd43416\"},\"description\":\"Tre\u015bci chwytaj\u0105ce za serca oraz profile ukazuj\u0105ce \u017cycie celebryt\u00f3w budzi\u0142y najwi\u0119ksze zaanga\u017cowanie w 2023 roku na Facebooku.\",\"breadcrumb\":{\"@id\":\"https:\/\/www.sotrender.com\/blog\/pl\/2024\/01\/podsumowanie-2023-roku-na-facebooku-infografika\/#breadcrumb\"},\"inLanguage\":\"pl-PL\",\"potentialAction\":[{\"@type\":\"ReadAction\",\"target\":[\"https:\/\/www.sotrender.com\/blog\/pl\/2024\/01\/podsumowanie-2023-roku-na-facebooku-infografika\/\"]}]},{\"@type\":\"ImageObject\",\"inLanguage\":\"pl-PL\",\"@id\":\"https:\/\/www.sotrender.com\/blog\/pl\/2024\/01\/podsumowanie-2023-roku-na-facebooku-infografika\/#primaryimage\",\"url\":\"https:\/\/www.sotrender.com\/blog\/wp-content\/uploads\/2024\/01\/podsumowanie-roku-facebook-blog.jpg\",\"contentUrl\":\"https:\/\/www.sotrender.com\/blog\/wp-content\/uploads\/2024\/01\/podsumowanie-roku-facebook-blog.jpg\",\"width\":1700,\"height\":1131},{\"@type\":\"BreadcrumbList\",\"@id\":\"https:\/\/www.sotrender.com\/blog\/pl\/2024\/01\/podsumowanie-2023-roku-na-facebooku-infografika\/#breadcrumb\",\"itemListElement\":[{\"@type\":\"ListItem\",\"position\":1,\"name\":\"Home\",\"item\":\"https:\/\/www.sotrender.com\/blog\/\"},{\"@type\":\"ListItem\",\"position\":2,\"name\":\"Podsumowanie 2023 roku na Facebooku [INFOGRAFIKA]\"}]},{\"@type\":\"WebSite\",\"@id\":\"https:\/\/www.sotrender.com\/blog\/#website\",\"url\":\"https:\/\/www.sotrender.com\/blog\/\",\"name\":\"Sotrender Blog\",\"description\":\"\",\"potentialAction\":[{\"@type\":\"SearchAction\",\"target\":{\"@type\":\"EntryPoint\",\"urlTemplate\":\"https:\/\/www.sotrender.com\/blog\/?s={search_term_string}\"},\"query-input\":\"required name=search_term_string\"}],\"inLanguage\":\"pl-PL\"},{\"@type\":\"Person\",\"@id\":\"https:\/\/www.sotrender.com\/blog\/#\/schema\/person\/038ac5e276c5d102d8cbb9c36cd43416\",\"name\":\"Klaudia \u017by\u0142ka\",\"image\":{\"@type\":\"ImageObject\",\"inLanguage\":\"pl-PL\",\"@id\":\"https:\/\/www.sotrender.com\/blog\/#\/schema\/person\/image\/\",\"url\":\"https:\/\/secure.gravatar.com\/avatar\/f55d5d49ce3c448e1ffde0ab078d84cd?s=96&d=mm&r=g\",\"contentUrl\":\"https:\/\/secure.gravatar.com\/avatar\/f55d5d49ce3c448e1ffde0ab078d84cd?s=96&d=mm&r=g\",\"caption\":\"Klaudia \u017by\u0142ka\"},\"description\":\"Instagram, dogs, books and food lover. Former student at Warsaw University and Malm\u00f6 University. Improving her marketing skills every day. Proud owner of DIMAQ certificate\",\"sameAs\":[\"https:\/\/www.linkedin.com\/in\/klaudia-\u017cy\u0142ka-17527779\"],\"url\":\"https:\/\/www.sotrender.com\/blog\/pl\/author\/klaudia_yka\/\"}]}<\/script>\n<!-- \/ Yoast SEO plugin. -->","yoast_head_json":{"title":"Podsumowanie 2023 roku na Facebooku [INFOGRAFIKA]","description":"Tre\u015bci chwytaj\u0105ce za serca oraz profile ukazuj\u0105ce \u017cycie celebryt\u00f3w budzi\u0142y najwi\u0119ksze zaanga\u017cowanie w 2023 roku na Facebooku.","robots":{"index":"index","follow":"follow","max-snippet":"max-snippet:-1","max-image-preview":"max-image-preview:large","max-video-preview":"max-video-preview:-1"},"canonical":"https:\/\/www.sotrender.com\/blog\/pl\/2024\/01\/podsumowanie-2023-roku-na-facebooku-infografika\/","og_locale":"pl_PL","og_type":"article","og_title":"Podsumowanie 2023 roku na Facebooku [INFOGRAFIKA]","og_description":"Tre\u015bci chwytaj\u0105ce za serca oraz profile ukazuj\u0105ce \u017cycie celebryt\u00f3w budzi\u0142y najwi\u0119ksze zaanga\u017cowanie w 2023 roku na Facebooku.","og_url":"https:\/\/www.sotrender.com\/blog\/pl\/2024\/01\/podsumowanie-2023-roku-na-facebooku-infografika\/","og_site_name":"Sotrender Blog","article_publisher":"https:\/\/www.facebook.com\/Sotrender","article_published_time":"2024-01-23T12:50:21+00:00","og_image":[{"width":1700,"height":1131,"url":"https:\/\/www.sotrender.com\/blog\/wp-content\/uploads\/2024\/01\/podsumowanie-roku-facebook-blog.jpg","type":"image\/jpeg"}],"author":"Klaudia \u017by\u0142ka","twitter_card":"summary_large_image","twitter_creator":"@Sotrender","twitter_site":"@Sotrender","twitter_misc":{"Written by":"Klaudia \u017by\u0142ka","Est. reading time":"3 minutes"},"schema":{"@context":"https:\/\/schema.org","@graph":[{"@type":"WebPage","@id":"https:\/\/www.sotrender.com\/blog\/pl\/2024\/01\/podsumowanie-2023-roku-na-facebooku-infografika\/","url":"https:\/\/www.sotrender.com\/blog\/pl\/2024\/01\/podsumowanie-2023-roku-na-facebooku-infografika\/","name":"Podsumowanie 2023 roku na Facebooku [INFOGRAFIKA]","isPartOf":{"@id":"https:\/\/www.sotrender.com\/blog\/#website"},"primaryImageOfPage":{"@id":"https:\/\/www.sotrender.com\/blog\/pl\/2024\/01\/podsumowanie-2023-roku-na-facebooku-infografika\/#primaryimage"},"image":{"@id":"https:\/\/www.sotrender.com\/blog\/pl\/2024\/01\/podsumowanie-2023-roku-na-facebooku-infografika\/#primaryimage"},"thumbnailUrl":"https:\/\/www.sotrender.com\/blog\/wp-content\/uploads\/2024\/01\/podsumowanie-roku-facebook-blog.jpg","datePublished":"2024-01-23T12:50:21+00:00","dateModified":"2024-01-23T12:50:21+00:00","author":{"@id":"https:\/\/www.sotrender.com\/blog\/#\/schema\/person\/038ac5e276c5d102d8cbb9c36cd43416"},"description":"Tre\u015bci chwytaj\u0105ce za serca oraz profile ukazuj\u0105ce \u017cycie celebryt\u00f3w budzi\u0142y najwi\u0119ksze zaanga\u017cowanie w 2023 roku na Facebooku.","breadcrumb":{"@id":"https:\/\/www.sotrender.com\/blog\/pl\/2024\/01\/podsumowanie-2023-roku-na-facebooku-infografika\/#breadcrumb"},"inLanguage":"pl-PL","potentialAction":[{"@type":"ReadAction","target":["https:\/\/www.sotrender.com\/blog\/pl\/2024\/01\/podsumowanie-2023-roku-na-facebooku-infografika\/"]}]},{"@type":"ImageObject","inLanguage":"pl-PL","@id":"https:\/\/www.sotrender.com\/blog\/pl\/2024\/01\/podsumowanie-2023-roku-na-facebooku-infografika\/#primaryimage","url":"https:\/\/www.sotrender.com\/blog\/wp-content\/uploads\/2024\/01\/podsumowanie-roku-facebook-blog.jpg","contentUrl":"https:\/\/www.sotrender.com\/blog\/wp-content\/uploads\/2024\/01\/podsumowanie-roku-facebook-blog.jpg","width":1700,"height":1131},{"@type":"BreadcrumbList","@id":"https:\/\/www.sotrender.com\/blog\/pl\/2024\/01\/podsumowanie-2023-roku-na-facebooku-infografika\/#breadcrumb","itemListElement":[{"@type":"ListItem","position":1,"name":"Home","item":"https:\/\/www.sotrender.com\/blog\/"},{"@type":"ListItem","position":2,"name":"Podsumowanie 2023 roku na Facebooku [INFOGRAFIKA]"}]},{"@type":"WebSite","@id":"https:\/\/www.sotrender.com\/blog\/#website","url":"https:\/\/www.sotrender.com\/blog\/","name":"Sotrender Blog","description":"","potentialAction":[{"@type":"SearchAction","target":{"@type":"EntryPoint","urlTemplate":"https:\/\/www.sotrender.com\/blog\/?s={search_term_string}"},"query-input":"required name=search_term_string"}],"inLanguage":"pl-PL"},{"@type":"Person","@id":"https:\/\/www.sotrender.com\/blog\/#\/schema\/person\/038ac5e276c5d102d8cbb9c36cd43416","name":"Klaudia \u017by\u0142ka","image":{"@type":"ImageObject","inLanguage":"pl-PL","@id":"https:\/\/www.sotrender.com\/blog\/#\/schema\/person\/image\/","url":"https:\/\/secure.gravatar.com\/avatar\/f55d5d49ce3c448e1ffde0ab078d84cd?s=96&d=mm&r=g","contentUrl":"https:\/\/secure.gravatar.com\/avatar\/f55d5d49ce3c448e1ffde0ab078d84cd?s=96&d=mm&r=g","caption":"Klaudia \u017by\u0142ka"},"description":"Instagram, dogs, books and food lover. Former student at Warsaw University and Malm\u00f6 University. Improving her marketing skills every day. Proud owner of DIMAQ certificate","sameAs":["https:\/\/www.linkedin.com\/in\/klaudia-\u017cy\u0142ka-17527779"],"url":"https:\/\/www.sotrender.com\/blog\/pl\/author\/klaudia_yka\/"}]}},"_links":{"self":[{"href":"https:\/\/www.sotrender.com\/blog\/pl\/wp-json\/wp\/v2\/posts\/49421"}],"collection":[{"href":"https:\/\/www.sotrender.com\/blog\/pl\/wp-json\/wp\/v2\/posts"}],"about":[{"href":"https:\/\/www.sotrender.com\/blog\/pl\/wp-json\/wp\/v2\/types\/post"}],"author":[{"embeddable":true,"href":"https:\/\/www.sotrender.com\/blog\/pl\/wp-json\/wp\/v2\/users\/89"}],"replies":[{"embeddable":true,"href":"https:\/\/www.sotrender.com\/blog\/pl\/wp-json\/wp\/v2\/comments?post=49421"}],"version-history":[{"count":4,"href":"https:\/\/www.sotrender.com\/blog\/pl\/wp-json\/wp\/v2\/posts\/49421\/revisions"}],"predecessor-version":[{"id":49431,"href":"https:\/\/www.sotrender.com\/blog\/pl\/wp-json\/wp\/v2\/posts\/49421\/revisions\/49431"}],"wp:featuredmedia":[{"embeddable":true,"href":"https:\/\/www.sotrender.com\/blog\/pl\/wp-json\/wp\/v2\/media\/49429"}],"wp:attachment":[{"href":"https:\/\/www.sotrender.com\/blog\/pl\/wp-json\/wp\/v2\/media?parent=49421"}],"wp:term":[{"taxonomy":"category","embeddable":true,"href":"https:\/\/www.sotrender.com\/blog\/pl\/wp-json\/wp\/v2\/categories?post=49421"},{"taxonomy":"post_tag","embeddable":true,"href":"https:\/\/www.sotrender.com\/blog\/pl\/wp-json\/wp\/v2\/tags?post=49421"}],"curies":[{"name":"wp","href":"https:\/\/api.w.org\/{rel}","templated":true}]}}