{"id":49393,"date":"2024-01-18T08:40:49","date_gmt":"2024-01-18T07:40:49","guid":{"rendered":"https:\/\/www.sotrender.com\/blog\/?p=49393\/"},"modified":"2024-01-18T08:48:18","modified_gmt":"2024-01-18T07:48:18","slug":"marki-media-i-organizacje-na-instagramie-w-2023-roku","status":"publish","type":"post","link":"https:\/\/www.sotrender.com\/blog\/pl\/2024\/01\/marki-media-i-organizacje-na-instagramie-w-2023-roku\/","title":{"rendered":"TOP marki, media i organizacje na Instagramie &#8211; podsumowanie 2023 roku [INFOGRAFIKA]"},"content":{"rendered":"<p><span style=\"font-weight: 400;\">Ju\u017c znamy najlepszy post roku, najbardziej anga\u017cuj\u0105ce oraz najwi\u0119ksze profile na Instagramie w trzech kategoriach: marki, media i organizacje.<\/span><\/p>\n<p><span style=\"font-weight: 400;\">Chod\u017acie zobaczy\u0107, jakie tre\u015bci najbardziej anga\u017cowa\u0142y spo\u0142eczno\u015b\u0107 Instagrama i kt\u00f3re profile by\u0142y tymi TOP w 2023 roku!<\/span><\/p>\n<p><span style=\"font-weight: 400;\">Zapraszamy na nasz\u0105 infografik\u0119, po raz pierwszy podsumowuj\u0105c\u0105 tak\u017ce miniony rok na Instagramie.\u00a0<\/span><\/p>\n<ul>\n<li style=\"font-weight: 400;\" aria-level=\"1\"><span style=\"font-weight: 400;\">Najwi\u0119kszym profilem, z ponad dwumilionow\u0105 spo\u0142eczno\u015bci\u0105, by\u0142 profil Reserved.<\/span><\/li>\n<li style=\"font-weight: 400;\" aria-level=\"1\"><span style=\"font-weight: 400;\">Najwi\u0119ksze zaanga\u017cowanie zdoby\u0142y profile publikuj\u0105ce tre\u015bci rozrywkowe, na czele z Sucharem Codziennym.\u00a0<\/span><\/li>\n<li style=\"font-weight: 400;\" aria-level=\"1\"><span style=\"font-weight: 400;\">Najwi\u0119cej tre\u015bci publikowano na profilach medi\u00f3w &#8211; politycznych, informacyjnych i sportowych. By\u0142o to nawet 11 post\u00f3w dziennie.<\/span><\/li>\n<li style=\"font-weight: 400;\" aria-level=\"1\"><span style=\"font-weight: 400;\">Najszybciej r\u00f3s\u0142 profil FAME MMA.<\/span><\/li>\n<li style=\"font-weight: 400;\" aria-level=\"1\"><span style=\"font-weight: 400;\">Najbardziej anga\u017cuj\u0105ce tre\u015bci na Instagramie odzwierciedla\u0142y najwa\u017cniejsze wydarzenia z Polski i ze \u015bwiata &#8211; g\u0142\u00f3wnie te sportowe.\u00a0<\/span><\/li>\n<li style=\"font-weight: 400;\" aria-level=\"1\"><span style=\"font-weight: 400;\">Najlepszy post roku zosta\u0142 opublikowany na profilu Eurosport.<\/span><\/li>\n<\/ul>\n<p><strong>Potrzebujesz podsumowa\u0107 dzia\u0142ania na swoich profilach z minionych 12 miesi\u0119cy? Pami\u0119taj, \u017ce mo\u017cesz to samodzielnie zrobi\u0107 <a href=\"https:\/\/app.sotrender.com\/pl\/auth\/login\/\" target=\"_blank\" rel=\"noopener\">w naszej aplikacji<\/a> i nie zajmie Ci to wi\u0119cej ni\u017c kilka minut. \u23f1<\/strong><\/p>\n<p><span style=\"font-weight: 400;\">Sprawd\u017a r\u00f3wnie\u017c:<\/span><\/p>\n<ul>\n<li style=\"font-weight: 400;\" aria-level=\"1\"><a href=\"https:\/\/www.sotrender.com\/blog\/pl\/2024\/01\/najwieksze-i-najbardziej-angazujace-profile-osob-na-instagramie-w-2023-roku\/\" target=\"_blank\" rel=\"noopener\"><span style=\"font-weight: 400;\">TOP profile w kategorii Osoby na polskim IG w 2023 roku \u00bb<\/span><\/a><\/li>\n<li style=\"font-weight: 400;\" aria-level=\"1\"><a href=\"https:\/\/www.sotrender.com\/blog\/pl\/2024\/01\/instagram-trends-grudzien-2023-ulubiona-akcja-polakow\/\" target=\"_blank\" rel=\"noopener\"><span style=\"font-weight: 400;\">Grudniowy raport Instagram Trends \u00bb<\/span><\/a><\/li>\n<\/ul>\n<h2><strong>Reserved najwi\u0119kszym profilem na Instagramie<\/strong><\/h2>\n<p><span style=\"font-weight: 400;\">Jedynym profilem w kategorii Marki i Media, na kt\u00f3rego koncie odnotowali\u015bmy ponad 2 miliony obserwuj\u0105cych by\u0142 profil Reserved. Drugim brandem LPP, kt\u00f3ry znalaz\u0142 si\u0119 w TOP10 najwi\u0119kszych profili na Instagramie na koniec 2023 roku by\u0142 Sinsay z ponad 1,8 mln obserwuj\u0105cych.\u00a0<\/span><\/p>\n<p><span style=\"font-weight: 400;\">W TOP10 nie zabrak\u0142o profili dw\u00f3ch federacji &#8211; FAME MMA i i HIGH League (odpowiednio na miejscu trzecim i dziesi\u0105tym), a tak\u017ce prawdopodobnie ulubionych profili wi\u0119kszo\u015bci Polak\u00f3w, kt\u00f3rych tre\u015bci sprawiaj\u0105, \u017ce ka\u017cdy dzie\u0144 jest cho\u0107 troch\u0119 bardziej barwny. Mowa oczywi\u015bcie o Sucharze Codziennym i Make Life Harder.\u00a0<\/span><\/p>\n<h2><strong>FAME MMA najszybciej rosn\u0105cym profilem<\/strong><\/h2>\n<p><span style=\"font-weight: 400;\">Profilem, kt\u00f3ry w 2023 roku ur\u00f3s\u0142 najbardziej by\u0142 z kolei profil FAME MMA. Na koncie federacji przyby\u0142o ponad 240 tys. nowych obserwuj\u0105cych. Numerem dwa by\u0142 profil DIOZa, a na miejscu trzecim uplasowa\u0142a si\u0119 Wiedza Bezu\u017cyteczna.\u00a0<\/span><\/p>\n<h2><strong>Suchar Codzienny z najwi\u0119kszym zaanga\u017cowaniem<\/strong><\/h2>\n<p><span style=\"font-weight: 400;\">Jednak to <strong>na profilu Suchara Codziennego u\u017cytkownicy wykonali w 2023 roku najwi\u0119cej akcji &#8211; by\u0142o ich ponad 89 milion\u00f3w<\/strong>. Numerem dwa, z liczb\u0105 aktywno\u015bci o ponad po\u0142ow\u0119 mniejsz\u0105 (42 mln), by\u0142a Wiedza Bezu\u017cyteczna.\u00a0<\/span><\/p>\n<p><span style=\"font-weight: 400;\">Niezmiennie to tre\u015bci na profilach rozrywkowych s\u0105 tymi, z kt\u00f3rymi najch\u0119tniej wchodzimy w interakcje. Warto jednak zauwa\u017cy\u0107, \u017ce pod postami na tych profilach zostawiamy g\u0142\u00f3wnie polubienia &#8211; na profilu @sucharcodzienny i @bezuzytecznapl stosunkowo ma\u0142o pojawia\u0142o si\u0119 w ubieg\u0142ym roku komentarzy.\u00a0<\/span><\/p>\n<p><span style=\"font-weight: 400;\"><strong>Profilem, na kt\u00f3rym u\u017cytkownicy wykonali wi\u0119cej akcji w 2023 roku by\u0142 profil Roberta Lewandowskiego.<\/strong> Na koncie pi\u0142karza odnotowali\u015bmy ponad 117 mln aktywno\u015bci u\u017cytkownik\u00f3w.<\/span><\/p>\n<p style=\"text-align: center;\"><!--HubSpot Call-to-Action Code --><span id=\"hs-cta-wrapper-f0bf2d8a-c223-4ba0-acba-1173ca6d6130\" class=\"hs-cta-wrapper\"><span id=\"hs-cta-f0bf2d8a-c223-4ba0-acba-1173ca6d6130\" class=\"hs-cta-node hs-cta-f0bf2d8a-c223-4ba0-acba-1173ca6d6130\"><!-- [if lte IE 8]><\/p>\n\n\n\n\n\n<div id=\"hs-cta-ie-element\"><\/div>\n\n\n<![endif]--><a href=\"https:\/\/cta-redirect.hubspot.com\/cta\/redirect\/3842881\/f0bf2d8a-c223-4ba0-acba-1173ca6d6130\" target=\"_blank\" rel=\"noopener\"><img decoding=\"async\" id=\"hs-cta-img-f0bf2d8a-c223-4ba0-acba-1173ca6d6130\" class=\"hs-cta-img aligncenter\" style=\"border-width: 0px;\" src=\"https:\/\/no-cache.hubspot.com\/cta\/default\/3842881\/f0bf2d8a-c223-4ba0-acba-1173ca6d6130.png\" alt=\"Podsumuj swoje dzia\u0142ania social media za 2023 rok\" \/><\/a><\/span><script charset=\"utf-8\" src=\"https:\/\/js.hscta.net\/cta\/current.js\"><\/script><script type=\"text\/javascript\"> hbspt.cta.load(3842881, 'f0bf2d8a-c223-4ba0-acba-1173ca6d6130', {\"useNewLoader\":\"true\",\"region\":\"na1\"}); <\/script><\/span><!-- end HubSpot Call-to-Action Code --><\/p>\n<h2><strong>OKO.press z najwi\u0119ksz\u0105 liczb\u0105 post\u00f3w<\/strong><\/h2>\n<p><span style=\"font-weight: 400;\">Podobnie jak w latach ubieg\u0142ych na Facebooku, tak\u017ce na Instagramie <strong>najaktywniejszymi profilami pod wzgl\u0119dem liczby publikacji by\u0142y profile medi\u00f3w<\/strong> &#8211; zar\u00f3wno politycznych, newsowych jak i sportowych.\u00a0<\/span><\/p>\n<p><span style=\"font-weight: 400;\">W 2023 roku profilem instagramowym, na kt\u00f3rym opublikowano najwi\u0119ksz\u0105 liczb\u0119 post\u00f3w by\u0142 profil OKO.press z ponad 4 tysi\u0105cami post\u00f3w, co daje \u015brednio 11 post\u00f3w opublikowanych ka\u017cdego dnia. Na miejscu drugim uplasowa\u0142 si\u0119 profil TVNu. TOP5 zamkn\u0119\u0142y dwa profile medi\u00f3w sportowych &#8211; @_meczyki.pl oraz @kanalsportowy_official.\u00a0<\/span><\/p>\n<h2><strong>Eurosport z najlepszym postem roku<\/strong><\/h2>\n<p><span style=\"font-weight: 400;\"><strong>Najbardziej anga\u017cuj\u0105cy post roku zosta\u0142 opublikowany na profilu Eurosport w okresie trwania sierpniowych Mistrzostw \u015awiata w kolarstwie<\/strong>, o czym pisali\u015bmy przy okazji <a href=\"https:\/\/www.sotrender.com\/blog\/pl\/2023\/09\/instagram-trends-sierpien-2023-liderzy-zaangazowania\/\" target=\"_blank\" rel=\"noopener\">sierpniowego raportu Instagram Trends<\/a>. <\/span><\/p>\n<p><span style=\"font-weight: 400;\">Dotyczy\u0142 on sytuacji z ceremonii medalowej, podczas kt\u00f3rej mistrz \u015bwiata opr\u00f3cz z\u0142otego medalu otrzyma\u0142 tak\u017ce zegarek. Nie by\u0142oby w tym mo\u017ce nic dziwnego, gdyby nie fakt, \u017ce sportowiec jeszcze jako dziecko straci\u0142 obie r\u0119ce. Cho\u0107 by\u0142 to niezwykle niefortunny prezent, mistrz \u015bwiata odebra\u0142 go z dystansem i u\u015bmiechem na twarzy. Pod postem odnotowali\u015bmy ponad 1,7 mln polubie\u0144 i 25 tys. komentarzy.\u00a0<\/span><\/p>\n<p><span style=\"font-weight: 400;\">W\u015br\u00f3d TOP post\u00f3w roku nie zabrak\u0142o te\u017c innych news\u00f3w ze \u015bwiata sportu, jak cho\u0107by z lekkoatletycznych mistrzostw \u015bwiata czy z rozgrywek pi\u0142karskich, a tak\u017ce tre\u015bci humorystycznych, kt\u00f3re ciesz\u0105 si\u0119 du\u017cym zaanga\u017cowaniem na platformie.<\/span><\/p>\n<p><strong>Jednym z 14 najbardziej anga\u017cuj\u0105cych post\u00f3w roku by\u0142 te\u017c post na profilu FAME MMA, w kt\u00f3rym federacja komentuje afer\u0119 Pandora Gate, jedno z g\u0142o\u015bniejszych wydarze\u0144 roku.\u00a0<\/strong><\/p>\n<p><span style=\"font-weight: 400;\">Jeste\u015bcie ciekawi, jakie posty znalaz\u0142y si\u0119 w TOP100 na Instagramie w ca\u0142ym 2023 roku z uwzgl\u0119dnieniem profili influencer\u00f3w? Takie dane r\u00f3wnie\u017c dla Was przygotowali\u015bmy. ?<\/span><\/p>\n<p><a href=\"https:\/\/docs.google.com\/spreadsheets\/d\/1TjTUohc9aZcNR8fLjCX4PEOpHbxMee9GvbBmSwnJPw0\/edit?usp=sharing\" target=\"_blank\" rel=\"noopener\"><span style=\"font-weight: 400;\">Zobacz 100 najlepszych post\u00f3w w 2023 roku na Instagramie \u00bb<\/span><\/a><\/p>\n<p><img loading=\"lazy\" decoding=\"async\" class=\"aligncenter size-full wp-image-49365\" src=\"https:\/\/www.sotrender.com\/blog\/wp-content\/uploads\/2024\/01\/Podsumowanie-2023-roku-instagram.png\" alt=\"2023 rok na Instagramie\" width=\"1314\" height=\"7654\" srcset=\"https:\/\/www.sotrender.com\/blog\/wp-content\/uploads\/2024\/01\/Podsumowanie-2023-roku-instagram.png 1314w, https:\/\/www.sotrender.com\/blog\/wp-content\/uploads\/2024\/01\/Podsumowanie-2023-roku-instagram-475x2767.png 475w, https:\/\/www.sotrender.com\/blog\/wp-content\/uploads\/2024\/01\/Podsumowanie-2023-roku-instagram-768x4474.png 768w\" sizes=\"(max-width: 1314px) 100vw, 1314px\" \/><\/p>\n<p>&nbsp;<\/p>\n","protected":false},"excerpt":{"rendered":"<p>Ju\u017c znamy najlepszy post roku, najbardziej anga\u017cuj\u0105ce oraz najwi\u0119ksze profile na Instagramie w trzech kategoriach: marki, media i organizacje. Chod\u017acie zobaczy\u0107, jakie tre\u015bci najbardziej anga\u017cowa\u0142y spo\u0142eczno\u015b\u0107 Instagrama i kt\u00f3re profile by\u0142y tymi TOP w 2023 roku! Zapraszamy na nasz\u0105 infografik\u0119, po raz pierwszy podsumowuj\u0105c\u0105 tak\u017ce miniony rok na Instagramie.\u00a0 Najwi\u0119kszym profilem, z ponad dwumilionow\u0105 spo\u0142eczno\u015bci\u0105, [&hellip;]<\/p>\n","protected":false},"author":89,"featured_media":49407,"comment_status":"open","ping_status":"open","sticky":false,"template":"","format":"standard","meta":{"inline_featured_image":false,"footnotes":""},"categories":[1803,2125],"tags":[1477,2073],"yoast_head":"<!-- This site is optimized with the Yoast SEO plugin v22.4 - https:\/\/yoast.com\/wordpress\/plugins\/seo\/ -->\n<title>TOP marki, media i organizacje na Instagramie w 2023 roku<\/title>\n<meta name=\"description\" content=\"Zobacz, jaki by\u0142 najbardziej anga\u017cuj\u0105cy post roku, a tak\u017ce kt\u00f3re profile na Instagramie by\u0142y najwi\u0119ksze i ros\u0142y najszybciej w 2023 roku.\" \/>\n<meta name=\"robots\" content=\"index, follow, max-snippet:-1, max-image-preview:large, max-video-preview:-1\" \/>\n<link rel=\"canonical\" href=\"https:\/\/www.sotrender.com\/blog\/pl\/2024\/01\/marki-media-i-organizacje-na-instagramie-w-2023-roku\/\" \/>\n<meta property=\"og:locale\" content=\"pl_PL\" \/>\n<meta property=\"og:type\" content=\"article\" \/>\n<meta property=\"og:title\" content=\"TOP marki, media i organizacje na Instagramie w 2023 roku\" \/>\n<meta property=\"og:description\" content=\"Zobacz, jaki by\u0142 najbardziej anga\u017cuj\u0105cy post roku, a tak\u017ce kt\u00f3re profile na Instagramie by\u0142y najwi\u0119ksze i ros\u0142y najszybciej w 2023 roku.\" \/>\n<meta property=\"og:url\" content=\"https:\/\/www.sotrender.com\/blog\/pl\/2024\/01\/marki-media-i-organizacje-na-instagramie-w-2023-roku\/\" \/>\n<meta property=\"og:site_name\" content=\"Sotrender Blog\" \/>\n<meta property=\"article:publisher\" content=\"https:\/\/www.facebook.com\/Sotrender\" \/>\n<meta property=\"article:published_time\" content=\"2024-01-18T07:40:49+00:00\" \/>\n<meta property=\"article:modified_time\" content=\"2024-01-18T07:48:18+00:00\" \/>\n<meta property=\"og:image\" content=\"https:\/\/www.sotrender.com\/blog\/wp-content\/uploads\/2024\/01\/instagram-2023-podsumowanie-roku.jpg\" \/>\n\t<meta property=\"og:image:width\" content=\"1700\" \/>\n\t<meta property=\"og:image:height\" content=\"1243\" \/>\n\t<meta property=\"og:image:type\" content=\"image\/jpeg\" \/>\n<meta name=\"author\" content=\"Klaudia \u017by\u0142ka\" \/>\n<meta name=\"twitter:card\" content=\"summary_large_image\" \/>\n<meta name=\"twitter:creator\" content=\"@Sotrender\" \/>\n<meta name=\"twitter:site\" content=\"@Sotrender\" \/>\n<meta name=\"twitter:label1\" content=\"Written by\" \/>\n\t<meta name=\"twitter:data1\" content=\"Klaudia \u017by\u0142ka\" \/>\n\t<meta name=\"twitter:label2\" content=\"Est. reading time\" \/>\n\t<meta name=\"twitter:data2\" content=\"4 minutes\" \/>\n<script type=\"application\/ld+json\" class=\"yoast-schema-graph\">{\"@context\":\"https:\/\/schema.org\",\"@graph\":[{\"@type\":\"WebPage\",\"@id\":\"https:\/\/www.sotrender.com\/blog\/pl\/2024\/01\/marki-media-i-organizacje-na-instagramie-w-2023-roku\/\",\"url\":\"https:\/\/www.sotrender.com\/blog\/pl\/2024\/01\/marki-media-i-organizacje-na-instagramie-w-2023-roku\/\",\"name\":\"TOP marki, media i organizacje na Instagramie w 2023 roku\",\"isPartOf\":{\"@id\":\"https:\/\/www.sotrender.com\/blog\/#website\"},\"primaryImageOfPage\":{\"@id\":\"https:\/\/www.sotrender.com\/blog\/pl\/2024\/01\/marki-media-i-organizacje-na-instagramie-w-2023-roku\/#primaryimage\"},\"image\":{\"@id\":\"https:\/\/www.sotrender.com\/blog\/pl\/2024\/01\/marki-media-i-organizacje-na-instagramie-w-2023-roku\/#primaryimage\"},\"thumbnailUrl\":\"https:\/\/www.sotrender.com\/blog\/wp-content\/uploads\/2024\/01\/instagram-2023-podsumowanie-roku.jpg\",\"datePublished\":\"2024-01-18T07:40:49+00:00\",\"dateModified\":\"2024-01-18T07:48:18+00:00\",\"author\":{\"@id\":\"https:\/\/www.sotrender.com\/blog\/#\/schema\/person\/038ac5e276c5d102d8cbb9c36cd43416\"},\"description\":\"Zobacz, jaki by\u0142 najbardziej anga\u017cuj\u0105cy post roku, a tak\u017ce kt\u00f3re profile na Instagramie by\u0142y najwi\u0119ksze i ros\u0142y najszybciej w 2023 roku.\",\"breadcrumb\":{\"@id\":\"https:\/\/www.sotrender.com\/blog\/pl\/2024\/01\/marki-media-i-organizacje-na-instagramie-w-2023-roku\/#breadcrumb\"},\"inLanguage\":\"pl-PL\",\"potentialAction\":[{\"@type\":\"ReadAction\",\"target\":[\"https:\/\/www.sotrender.com\/blog\/pl\/2024\/01\/marki-media-i-organizacje-na-instagramie-w-2023-roku\/\"]}]},{\"@type\":\"ImageObject\",\"inLanguage\":\"pl-PL\",\"@id\":\"https:\/\/www.sotrender.com\/blog\/pl\/2024\/01\/marki-media-i-organizacje-na-instagramie-w-2023-roku\/#primaryimage\",\"url\":\"https:\/\/www.sotrender.com\/blog\/wp-content\/uploads\/2024\/01\/instagram-2023-podsumowanie-roku.jpg\",\"contentUrl\":\"https:\/\/www.sotrender.com\/blog\/wp-content\/uploads\/2024\/01\/instagram-2023-podsumowanie-roku.jpg\",\"width\":1700,\"height\":1243},{\"@type\":\"BreadcrumbList\",\"@id\":\"https:\/\/www.sotrender.com\/blog\/pl\/2024\/01\/marki-media-i-organizacje-na-instagramie-w-2023-roku\/#breadcrumb\",\"itemListElement\":[{\"@type\":\"ListItem\",\"position\":1,\"name\":\"Home\",\"item\":\"https:\/\/www.sotrender.com\/blog\/\"},{\"@type\":\"ListItem\",\"position\":2,\"name\":\"TOP marki, media i organizacje na Instagramie &#8211; podsumowanie 2023 roku [INFOGRAFIKA]\"}]},{\"@type\":\"WebSite\",\"@id\":\"https:\/\/www.sotrender.com\/blog\/#website\",\"url\":\"https:\/\/www.sotrender.com\/blog\/\",\"name\":\"Sotrender Blog\",\"description\":\"\",\"potentialAction\":[{\"@type\":\"SearchAction\",\"target\":{\"@type\":\"EntryPoint\",\"urlTemplate\":\"https:\/\/www.sotrender.com\/blog\/?s={search_term_string}\"},\"query-input\":\"required name=search_term_string\"}],\"inLanguage\":\"pl-PL\"},{\"@type\":\"Person\",\"@id\":\"https:\/\/www.sotrender.com\/blog\/#\/schema\/person\/038ac5e276c5d102d8cbb9c36cd43416\",\"name\":\"Klaudia \u017by\u0142ka\",\"image\":{\"@type\":\"ImageObject\",\"inLanguage\":\"pl-PL\",\"@id\":\"https:\/\/www.sotrender.com\/blog\/#\/schema\/person\/image\/\",\"url\":\"https:\/\/secure.gravatar.com\/avatar\/f55d5d49ce3c448e1ffde0ab078d84cd?s=96&d=mm&r=g\",\"contentUrl\":\"https:\/\/secure.gravatar.com\/avatar\/f55d5d49ce3c448e1ffde0ab078d84cd?s=96&d=mm&r=g\",\"caption\":\"Klaudia \u017by\u0142ka\"},\"description\":\"Instagram, dogs, books and food lover. Former student at Warsaw University and Malm\u00f6 University. Improving her marketing skills every day. Proud owner of DIMAQ certificate\",\"sameAs\":[\"https:\/\/www.linkedin.com\/in\/klaudia-\u017cy\u0142ka-17527779\"],\"url\":\"https:\/\/www.sotrender.com\/blog\/pl\/author\/klaudia_yka\/\"}]}<\/script>\n<!-- \/ Yoast SEO plugin. -->","yoast_head_json":{"title":"TOP marki, media i organizacje na Instagramie w 2023 roku","description":"Zobacz, jaki by\u0142 najbardziej anga\u017cuj\u0105cy post roku, a tak\u017ce kt\u00f3re profile na Instagramie by\u0142y najwi\u0119ksze i ros\u0142y najszybciej w 2023 roku.","robots":{"index":"index","follow":"follow","max-snippet":"max-snippet:-1","max-image-preview":"max-image-preview:large","max-video-preview":"max-video-preview:-1"},"canonical":"https:\/\/www.sotrender.com\/blog\/pl\/2024\/01\/marki-media-i-organizacje-na-instagramie-w-2023-roku\/","og_locale":"pl_PL","og_type":"article","og_title":"TOP marki, media i organizacje na Instagramie w 2023 roku","og_description":"Zobacz, jaki by\u0142 najbardziej anga\u017cuj\u0105cy post roku, a tak\u017ce kt\u00f3re profile na Instagramie by\u0142y najwi\u0119ksze i ros\u0142y najszybciej w 2023 roku.","og_url":"https:\/\/www.sotrender.com\/blog\/pl\/2024\/01\/marki-media-i-organizacje-na-instagramie-w-2023-roku\/","og_site_name":"Sotrender Blog","article_publisher":"https:\/\/www.facebook.com\/Sotrender","article_published_time":"2024-01-18T07:40:49+00:00","article_modified_time":"2024-01-18T07:48:18+00:00","og_image":[{"width":1700,"height":1243,"url":"https:\/\/www.sotrender.com\/blog\/wp-content\/uploads\/2024\/01\/instagram-2023-podsumowanie-roku.jpg","type":"image\/jpeg"}],"author":"Klaudia \u017by\u0142ka","twitter_card":"summary_large_image","twitter_creator":"@Sotrender","twitter_site":"@Sotrender","twitter_misc":{"Written by":"Klaudia \u017by\u0142ka","Est. reading time":"4 minutes"},"schema":{"@context":"https:\/\/schema.org","@graph":[{"@type":"WebPage","@id":"https:\/\/www.sotrender.com\/blog\/pl\/2024\/01\/marki-media-i-organizacje-na-instagramie-w-2023-roku\/","url":"https:\/\/www.sotrender.com\/blog\/pl\/2024\/01\/marki-media-i-organizacje-na-instagramie-w-2023-roku\/","name":"TOP marki, media i organizacje na Instagramie w 2023 roku","isPartOf":{"@id":"https:\/\/www.sotrender.com\/blog\/#website"},"primaryImageOfPage":{"@id":"https:\/\/www.sotrender.com\/blog\/pl\/2024\/01\/marki-media-i-organizacje-na-instagramie-w-2023-roku\/#primaryimage"},"image":{"@id":"https:\/\/www.sotrender.com\/blog\/pl\/2024\/01\/marki-media-i-organizacje-na-instagramie-w-2023-roku\/#primaryimage"},"thumbnailUrl":"https:\/\/www.sotrender.com\/blog\/wp-content\/uploads\/2024\/01\/instagram-2023-podsumowanie-roku.jpg","datePublished":"2024-01-18T07:40:49+00:00","dateModified":"2024-01-18T07:48:18+00:00","author":{"@id":"https:\/\/www.sotrender.com\/blog\/#\/schema\/person\/038ac5e276c5d102d8cbb9c36cd43416"},"description":"Zobacz, jaki by\u0142 najbardziej anga\u017cuj\u0105cy post roku, a tak\u017ce kt\u00f3re profile na Instagramie by\u0142y najwi\u0119ksze i ros\u0142y najszybciej w 2023 roku.","breadcrumb":{"@id":"https:\/\/www.sotrender.com\/blog\/pl\/2024\/01\/marki-media-i-organizacje-na-instagramie-w-2023-roku\/#breadcrumb"},"inLanguage":"pl-PL","potentialAction":[{"@type":"ReadAction","target":["https:\/\/www.sotrender.com\/blog\/pl\/2024\/01\/marki-media-i-organizacje-na-instagramie-w-2023-roku\/"]}]},{"@type":"ImageObject","inLanguage":"pl-PL","@id":"https:\/\/www.sotrender.com\/blog\/pl\/2024\/01\/marki-media-i-organizacje-na-instagramie-w-2023-roku\/#primaryimage","url":"https:\/\/www.sotrender.com\/blog\/wp-content\/uploads\/2024\/01\/instagram-2023-podsumowanie-roku.jpg","contentUrl":"https:\/\/www.sotrender.com\/blog\/wp-content\/uploads\/2024\/01\/instagram-2023-podsumowanie-roku.jpg","width":1700,"height":1243},{"@type":"BreadcrumbList","@id":"https:\/\/www.sotrender.com\/blog\/pl\/2024\/01\/marki-media-i-organizacje-na-instagramie-w-2023-roku\/#breadcrumb","itemListElement":[{"@type":"ListItem","position":1,"name":"Home","item":"https:\/\/www.sotrender.com\/blog\/"},{"@type":"ListItem","position":2,"name":"TOP marki, media i organizacje na Instagramie &#8211; podsumowanie 2023 roku [INFOGRAFIKA]"}]},{"@type":"WebSite","@id":"https:\/\/www.sotrender.com\/blog\/#website","url":"https:\/\/www.sotrender.com\/blog\/","name":"Sotrender Blog","description":"","potentialAction":[{"@type":"SearchAction","target":{"@type":"EntryPoint","urlTemplate":"https:\/\/www.sotrender.com\/blog\/?s={search_term_string}"},"query-input":"required name=search_term_string"}],"inLanguage":"pl-PL"},{"@type":"Person","@id":"https:\/\/www.sotrender.com\/blog\/#\/schema\/person\/038ac5e276c5d102d8cbb9c36cd43416","name":"Klaudia \u017by\u0142ka","image":{"@type":"ImageObject","inLanguage":"pl-PL","@id":"https:\/\/www.sotrender.com\/blog\/#\/schema\/person\/image\/","url":"https:\/\/secure.gravatar.com\/avatar\/f55d5d49ce3c448e1ffde0ab078d84cd?s=96&d=mm&r=g","contentUrl":"https:\/\/secure.gravatar.com\/avatar\/f55d5d49ce3c448e1ffde0ab078d84cd?s=96&d=mm&r=g","caption":"Klaudia \u017by\u0142ka"},"description":"Instagram, dogs, books and food lover. Former student at Warsaw University and Malm\u00f6 University. Improving her marketing skills every day. Proud owner of DIMAQ certificate","sameAs":["https:\/\/www.linkedin.com\/in\/klaudia-\u017cy\u0142ka-17527779"],"url":"https:\/\/www.sotrender.com\/blog\/pl\/author\/klaudia_yka\/"}]}},"_links":{"self":[{"href":"https:\/\/www.sotrender.com\/blog\/pl\/wp-json\/wp\/v2\/posts\/49393"}],"collection":[{"href":"https:\/\/www.sotrender.com\/blog\/pl\/wp-json\/wp\/v2\/posts"}],"about":[{"href":"https:\/\/www.sotrender.com\/blog\/pl\/wp-json\/wp\/v2\/types\/post"}],"author":[{"embeddable":true,"href":"https:\/\/www.sotrender.com\/blog\/pl\/wp-json\/wp\/v2\/users\/89"}],"replies":[{"embeddable":true,"href":"https:\/\/www.sotrender.com\/blog\/pl\/wp-json\/wp\/v2\/comments?post=49393"}],"version-history":[{"count":7,"href":"https:\/\/www.sotrender.com\/blog\/pl\/wp-json\/wp\/v2\/posts\/49393\/revisions"}],"predecessor-version":[{"id":49415,"href":"https:\/\/www.sotrender.com\/blog\/pl\/wp-json\/wp\/v2\/posts\/49393\/revisions\/49415"}],"wp:featuredmedia":[{"embeddable":true,"href":"https:\/\/www.sotrender.com\/blog\/pl\/wp-json\/wp\/v2\/media\/49407"}],"wp:attachment":[{"href":"https:\/\/www.sotrender.com\/blog\/pl\/wp-json\/wp\/v2\/media?parent=49393"}],"wp:term":[{"taxonomy":"category","embeddable":true,"href":"https:\/\/www.sotrender.com\/blog\/pl\/wp-json\/wp\/v2\/categories?post=49393"},{"taxonomy":"post_tag","embeddable":true,"href":"https:\/\/www.sotrender.com\/blog\/pl\/wp-json\/wp\/v2\/tags?post=49393"}],"curies":[{"name":"wp","href":"https:\/\/api.w.org\/{rel}","templated":true}]}}