{"id":49369,"date":"2024-01-18T08:47:23","date_gmt":"2024-01-18T07:47:23","guid":{"rendered":"https:\/\/www.sotrender.com\/blog\/?p=49369\/"},"modified":"2024-01-18T08:47:23","modified_gmt":"2024-01-18T07:47:23","slug":"najwieksze-i-najbardziej-angazujace-profile-osob-na-instagramie-w-2023-roku","status":"publish","type":"post","link":"https:\/\/www.sotrender.com\/blog\/pl\/2024\/01\/najwieksze-i-najbardziej-angazujace-profile-osob-na-instagramie-w-2023-roku\/","title":{"rendered":"Najwi\u0119ksze i najbardziej anga\u017cuj\u0105ce profile os\u00f3b na Instagramie w 2023 roku"},"content":{"rendered":"<p><span style=\"font-weight: 400;\">Czym by\u0142by Instagram bez influencer\u00f3w\u2026 Poniewa\u017c odgrywaj\u0105 oni kluczow\u0105 rol\u0119 na platformie, uznali\u015bmy, \u017ce nie mo\u017cemy nie sprawdzi\u0107, kt\u00f3rzy z nich byli faktycznie tymi TOP w 2023 roku.<\/span><\/p>\n<p><span style=\"font-weight: 400;\">Czyj profil r\u00f3s\u0142 najszybciej, by\u0142 najwi\u0119kszy i najbardziej anga\u017cuj\u0105cy? Czy nale\u017ca\u0142 on do tej samej osoby?<\/span><\/p>\n<p><span style=\"font-weight: 400;\">Poni\u017cej odkrywamy wszystkie karty. ?<\/span><\/p>\n<p><a href=\"https:\/\/www.sotrender.com\/blog\/pl\/2024\/01\/marki-media-i-organizacje-na-instagramie-w-2023-roku\/\" target=\"_blank\" rel=\"noopener\">Przejd\u017a do zestawienia TOP marek, medi\u00f3w i organizacji na Instagramie w 2023 roku \u00bb<\/a><\/p>\n<h2><strong>Najwi\u0119ksze profile os\u00f3b na polskim Instagramie<\/strong><\/h2>\n<p><span style=\"font-weight: 400;\">Raczej nie b\u0119dzie dla nikogo zaskoczeniem, czyj profil by\u0142 tym najwi\u0119kszym na polskim Instagramie. Oczywi\u015bcie nale\u017ca\u0142 on do Roberta Lewandowskiego, kt\u00f3ry na swoim profilu zgromadzi\u0142 dotychczas ponad 35milionow\u0105 spo\u0142eczno\u015b\u0107. Z kolei na miejscu drugim uplasowa\u0142a si\u0119 \u017cona Roberta z ponad 8 milionami obserwuj\u0105cych.<\/span><\/p>\n<h3><strong>13 najwi\u0119kszych profili na Instagramie w Polsce<\/strong><\/h3>\n<ol>\n<li style=\"font-weight: 400;\" aria-level=\"1\"><span style=\"font-weight: 400;\">Robert Lewandowski &#8211; 35,4 mln obserwuj\u0105cych<\/span><\/li>\n<li style=\"font-weight: 400;\" aria-level=\"1\"><span style=\"font-weight: 400;\">Anna Lewandowska &#8211; 8,1 mln obserwuj\u0105cych<\/span><\/li>\n<li style=\"font-weight: 400;\" aria-level=\"1\"><span style=\"font-weight: 400;\">Anna Maria Sieklucka &#8211; 4,5 mln obserwuj\u0105cych<\/span><\/li>\n<li style=\"font-weight: 400;\" aria-level=\"1\"><span style=\"font-weight: 400;\">Karol Wi\u015bniewski (@frizoluszek) &#8211; 4 mln obserwuj\u0105cych<\/span><\/li>\n<li style=\"font-weight: 400;\" aria-level=\"1\"><span style=\"font-weight: 400;\">Wojciech Szcz\u0119sny &#8211; 3,9 mln obserwuj\u0105cych<\/span><\/li>\n<li style=\"font-weight: 400;\" aria-level=\"1\"><span style=\"font-weight: 400;\">Veronica Bielik &#8211; 3,6 mln<\/span><\/li>\n<li style=\"font-weight: 400;\" aria-level=\"1\"><span style=\"font-weight: 400;\">Weronika Sowa (@wersow) &#8211; 3,6 mln<\/span><\/li>\n<li style=\"font-weight: 400;\" aria-level=\"1\"><span style=\"font-weight: 400;\">Marcin Dubiel &#8211; 2,3 mln\u00a0<\/span><\/li>\n<li style=\"font-weight: 400;\" aria-level=\"1\"><span style=\"font-weight: 400;\">Mateusz Tr\u0105bka (@trombabomba) &#8211; 2,3 mln<\/span><\/li>\n<li style=\"font-weight: 400;\" aria-level=\"1\"><span style=\"font-weight: 400;\">Lexy Chaplin &#8211; 2,3 mln<\/span><\/li>\n<li style=\"font-weight: 400;\" aria-level=\"1\"><span style=\"font-weight: 400;\">Martyna Wojciechowska &#8211; 2,2 mln<\/span><\/li>\n<li style=\"font-weight: 400;\" aria-level=\"1\"><span style=\"font-weight: 400;\">Julia Wieniawa &#8211; 2,1 mln<\/span><\/li>\n<li style=\"font-weight: 400;\" aria-level=\"1\"><span style=\"text-decoration: underline;\"><span style=\"font-weight: 400;\">Reserved &#8211; 2,1 mln<\/span><\/span><\/li>\n<\/ol>\n<p><span style=\"font-weight: 400;\">Bior\u0105c pod uwag\u0119 wszystkie polskie profile, 12 najwi\u0119kszych by\u0142y profilami os\u00f3b &#8211; dopiero na miejscu 13. uplasowa\u0142 si\u0119 profil marki Reserved z ponad dwumilionow\u0105 spo\u0142eczno\u015bci\u0105.<\/span><\/p>\n<p style=\"text-align: center;\"><!--HubSpot Call-to-Action Code --><span id=\"hs-cta-wrapper-f0bf2d8a-c223-4ba0-acba-1173ca6d6130\" class=\"hs-cta-wrapper\"><span id=\"hs-cta-f0bf2d8a-c223-4ba0-acba-1173ca6d6130\" class=\"hs-cta-node hs-cta-f0bf2d8a-c223-4ba0-acba-1173ca6d6130\"><!-- [if lte IE 8]><\/p>\n\n\n\n\n\n<div id=\"hs-cta-ie-element\"><\/div>\n\n\n<![endif]--><a href=\"https:\/\/cta-redirect.hubspot.com\/cta\/redirect\/3842881\/f0bf2d8a-c223-4ba0-acba-1173ca6d6130\" target=\"_blank\" rel=\"noopener\"><img decoding=\"async\" id=\"hs-cta-img-f0bf2d8a-c223-4ba0-acba-1173ca6d6130\" class=\"hs-cta-img aligncenter\" style=\"border-width: 0px;\" src=\"https:\/\/no-cache.hubspot.com\/cta\/default\/3842881\/f0bf2d8a-c223-4ba0-acba-1173ca6d6130.png\" alt=\"Podsumuj swoje dzia\u0142ania social media za 2023 rok\" \/><\/a><\/span><script charset=\"utf-8\" src=\"https:\/\/js.hscta.net\/cta\/current.js\"><\/script><script type=\"text\/javascript\"> hbspt.cta.load(3842881, 'f0bf2d8a-c223-4ba0-acba-1173ca6d6130', {\"useNewLoader\":\"true\",\"region\":\"na1\"}); <\/script><\/span><!-- end HubSpot Call-to-Action Code --><\/p>\n<h2><strong>Najszybciej rosn\u0105ce profile w 2023 roku<\/strong><\/h2>\n<p><span style=\"font-weight: 400;\">Wi\u0119kszo\u015b\u0107 najwi\u0119kszych profili by\u0142a te\u017c tymi, kt\u00f3re ros\u0142y najszybciej. Oczywi\u015bcie na czele z profilami pa\u0144stwa Lewandowskich.<\/span><\/p>\n<h3><strong>10 profili z najwi\u0119kszym przyrostem fan\u00f3w w 2023 roku<\/strong><\/h3>\n<ol>\n<li style=\"font-weight: 400;\" aria-level=\"1\"><span style=\"font-weight: 400;\">Robert Lewandowski (+ 3,6 mln obserwuj\u0105cych)<\/span><\/li>\n<li style=\"font-weight: 400;\" aria-level=\"1\"><span style=\"font-weight: 400;\">Anna Lewandowska (+ 786 tys obserwuj\u0105cych)<\/span><\/li>\n<li style=\"font-weight: 400;\" aria-level=\"1\"><span style=\"font-weight: 400;\">Wersow (+ 606 tys obserwuj\u0105cych)<\/span><\/li>\n<li style=\"font-weight: 400;\" aria-level=\"1\"><span style=\"font-weight: 400;\">Frizoluszek (+ 521 tys obserwuj\u0105cych)<\/span><\/li>\n<li style=\"font-weight: 400;\" aria-level=\"1\"><span style=\"font-weight: 400;\">Loczniki (+ 463 tys obserwuj\u0105cych)<\/span><\/li>\n<li style=\"font-weight: 400;\" aria-level=\"1\"><span style=\"font-weight: 400;\">Iga \u015awi\u0105tek (+ 375 tys obserwuj\u0105cych)<\/span><\/li>\n<li style=\"font-weight: 400;\" aria-level=\"1\"><span style=\"font-weight: 400;\">Szymon Ho\u0142ownia (+ 359 tys obserwuj\u0105cych)<\/span><\/li>\n<li style=\"font-weight: 400;\" aria-level=\"1\"><span style=\"font-weight: 400;\">Lil Masti (+ 299 tys obserwuj\u0105cych)<\/span><\/li>\n<li style=\"font-weight: 400;\" aria-level=\"1\"><span style=\"font-weight: 400;\">Fagata (+ 295 tys obserwuj\u0105cych)<\/span><\/li>\n<li style=\"font-weight: 400;\" aria-level=\"1\"><span style=\"text-decoration: underline;\"><span style=\"font-weight: 400;\">FAME MMA (+ 242 tys obserwuj\u0105cych)<\/span><\/span><\/li>\n<\/ol>\n<p><span style=\"font-weight: 400;\">Co ciekawe, na miejscu si\u00f3dmym zestawienia uplasowa\u0142 si\u0119 profil Szymona Ho\u0142owni. Przypomnijmy, \u017ce profil nowego Marsza\u0142ka Sejmu by\u0142 <\/span><a href=\"https:\/\/www.sotrender.com\/blog\/pl\/2023\/12\/instagram-trends-listopad-2023-polska-sprawa\/\" target=\"_blank\" rel=\"noopener\"><span style=\"font-weight: 400;\">drugim najszybciej rosn\u0105cym profilem w listopadzie<\/span><\/a><span style=\"font-weight: 400;\"> i <\/span><a href=\"https:\/\/www.sotrender.com\/blog\/pl\/2024\/01\/instagram-trends-grudzien-2023-ulubiona-akcja-polakow\/\" target=\"_blank\" rel=\"noopener\"><span style=\"font-weight: 400;\">najszybciej rosn\u0105cym profilem na Instagramie w grudniu<\/span><\/a><span style=\"font-weight: 400;\">.<\/span><\/p>\n<p><span style=\"font-weight: 400;\">Dziewi\u0119\u0107 najszybciej rosn\u0105cych profili na polskim Instagramie w 2023 roku by\u0142o wi\u0119c profilami os\u00f3b. Dopiero na miejscu dziesi\u0105tym uplasowa\u0142 si\u0119 profil FAME MMA.<\/span><\/p>\n<h2><strong>Profil Roberta Lewandowskiego najbardziej anga\u017cuj\u0105cym profilem roku<\/strong><\/h2>\n<p><span style=\"font-weight: 400;\">Kolejne zestawienie i kolejny raz z Robertem Lewandowskim na czele. Profil pi\u0142karza by\u0142 najbardziej anga\u017cuj\u0105cym profilem roku &#8211; \u0142\u0105czna liczba aktywno\u015bci u\u017cytkownik\u00f3w na jego profilu przekroczy\u0142a 117 milion\u00f3w. Dla por\u00f3wnania, na profilu Wersow odnotowali\u015bmy \u201cjedynie\u201d 43 miliony aktywno\u015bci u\u017cytkownik\u00f3w.<\/span><\/p>\n<h3><span style=\"font-weight: 400;\"><strong>TOP3 profile os\u00f3b z najwi\u0119kszym \u0142\u0105cznym zaanga\u017cowaniem w 2023 roku<\/strong><br \/>\n<\/span><span style=\"font-weight: 400;\">wg wska\u017anika Activity Index<\/span><\/h3>\n<ol>\n<li style=\"font-weight: 400;\" aria-level=\"1\"><span style=\"font-weight: 400;\">Robert Lewandowski (AI 120 466 214)<\/span><\/li>\n<li style=\"font-weight: 400;\" aria-level=\"1\"><span style=\"font-weight: 400;\">Wersow (AI 45 229 371)<\/span><\/li>\n<li style=\"font-weight: 400;\" aria-level=\"1\"><span style=\"font-weight: 400;\">Anna Lewandowska (AI 42 725 371)<\/span><\/li>\n<\/ol>\n<h2><strong>Najcz\u0119\u015bciej postuj\u0105cy<\/strong><\/h2>\n<p><span style=\"font-weight: 400;\">W\u015br\u00f3d profili os\u00f3b najwi\u0119cej post\u00f3w opublikowa\u0142a dziennikarka Karolina Korwin Piotrowska, kt\u00f3ra w swoich publikacjach komentuje bie\u017c\u0105ce wydarzenia z Polski i ze \u015bwiata.<\/span><\/p>\n<p><span style=\"font-weight: 400;\">Jeszcze bardziej zaskakuj\u0105cy jest profil, kt\u00f3ry znalaz\u0142 si\u0119 na miejscu drugim zestawienia &#8211; by\u0142 to bowiem profil prezydenta miasta Wroc\u0142aw, Jacka Sutryka.<\/span><\/p>\n<p><span style=\"font-weight: 400;\">Na profilach obydwu os\u00f3b publikowano \u015brednio 4-5 post\u00f3w dziennie.<\/span><\/p>\n<p><span style=\"font-weight: 400;\">Przypomnijmy, \u017ce w\u015br\u00f3d wszystkich profili na Instagramie najwi\u0119cej post\u00f3w &#8211; 4 060 &#8211; zosta\u0142o opublikowanych na profilu OKO.press.<\/span><\/p>\n<h3><strong>TOP3 najcz\u0119\u015bciej postuj\u0105ce profile os\u00f3b w 2023 roku na Instagramie<\/strong><\/h3>\n<ol>\n<li style=\"font-weight: 400;\" aria-level=\"1\"><span style=\"font-weight: 400;\">Karolina Korwin Piotrowska &#8211; 1 897 post\u00f3w<\/span><\/li>\n<li style=\"font-weight: 400;\" aria-level=\"1\"><span style=\"font-weight: 400;\">Jacek Sutryk &#8211; 1 782 post\u00f3w<\/span><\/li>\n<li style=\"font-weight: 400;\" aria-level=\"1\"><span style=\"font-weight: 400;\">Micha\u0142 Wrzosek &#8211; 1 113 post\u00f3w<\/span><\/li>\n<\/ol>\n<p><b>Co ciekawe, w zestawieniu 100 najcz\u0119\u015bciej postuj\u0105cych profili w 2023 roku znalaz\u0142y si\u0119 jedynie 3 profile os\u00f3b.<\/b><span style=\"font-weight: 400;\"> Pozosta\u0142e profile nale\u017ca\u0142y do <a href=\"https:\/\/www.sotrender.com\/blog\/pl\/2024\/01\/marki-media-i-organizacje-na-instagramie-w-2023-roku\/\" target=\"_blank\" rel=\"noopener\">marek, medi\u00f3w i organizacji<\/a>.<\/span><\/p>\n<p style=\"text-align: center;\"><!--HubSpot Call-to-Action Code --><span id=\"hs-cta-wrapper-f0bf2d8a-c223-4ba0-acba-1173ca6d6130\" class=\"hs-cta-wrapper\"><span id=\"hs-cta-f0bf2d8a-c223-4ba0-acba-1173ca6d6130\" class=\"hs-cta-node hs-cta-f0bf2d8a-c223-4ba0-acba-1173ca6d6130\"><!-- [if lte IE 8]><\/p>\n\n\n\n\n\n<div id=\"hs-cta-ie-element\"><\/div>\n\n\n<![endif]--><a href=\"https:\/\/cta-redirect.hubspot.com\/cta\/redirect\/3842881\/f0bf2d8a-c223-4ba0-acba-1173ca6d6130\" target=\"_blank\" rel=\"noopener\"><img decoding=\"async\" id=\"hs-cta-img-f0bf2d8a-c223-4ba0-acba-1173ca6d6130\" class=\"hs-cta-img aligncenter\" style=\"border-width: 0px;\" src=\"https:\/\/no-cache.hubspot.com\/cta\/default\/3842881\/f0bf2d8a-c223-4ba0-acba-1173ca6d6130.png\" alt=\"Podsumuj swoje dzia\u0142ania social media za 2023 rok\" \/><\/a><\/span><script charset=\"utf-8\" src=\"https:\/\/js.hscta.net\/cta\/current.js\"><\/script><script type=\"text\/javascript\"> hbspt.cta.load(3842881, 'f0bf2d8a-c223-4ba0-acba-1173ca6d6130', {\"useNewLoader\":\"true\",\"region\":\"na1\"}); <\/script><\/span><!-- end HubSpot Call-to-Action Code --><\/p>\n<h2><strong>Lewandowski triumfuje w Supercopa i publikuje najbardziej anga\u017cuj\u0105cy post roku<\/strong><\/h2>\n<p><span style=\"font-weight: 400;\">Jak si\u0119 okazuje, Robert Lewandowski ju\u017c w styczniu 2023 roku opublikowa\u0142 najlepszy post roku. A sta\u0142o si\u0119 to tu\u017c po jego triumfie i zwyci\u0119stwie FC Barcelony w turnieju Supercopa.<\/span><\/p>\n<p><span style=\"font-weight: 400;\">Post, w kt\u00f3rym pi\u0142karz trzyma z\u0142oty medal i puchar Supercopa, zgromadzi\u0142 ponad 3,7 mln polubie\u0144 zachwyconych fan\u00f3w.<\/span><\/p>\n<p><span style=\"font-weight: 400;\">W\u015br\u00f3d 100 najbardziej anga\u017cuj\u0105cych post\u00f3w roku, 22 nale\u017ca\u0142y do Roberta Lewandowskiego.<\/span><\/p>\n<h3><strong>TOP3 posty 2023 roku na Instagramie<\/strong><\/h3>\n<ol>\n<li style=\"font-weight: 400;\" aria-level=\"1\"><span style=\"font-weight: 400;\"><strong>Robert Lewandowski<\/strong> [stycze\u0144 2023] <\/span><em><span style=\"font-weight: 400;\">Barcelona, here we come <\/span><\/em><span style=\"font-weight: 400;\">??? <\/span><a href=\"https:\/\/www.instagram.com\/p\/CndJlMpqM92\/\" target=\"_blank\" rel=\"noopener\"><span style=\"font-weight: 400;\">zobacz \u00bb<\/span><\/a><\/li>\n<li style=\"font-weight: 400;\" aria-level=\"1\"><span style=\"font-weight: 400;\"><strong>Loczniki<\/strong> [stycze\u0144 2023] <\/span><em><span style=\"font-weight: 400;\">I just went shopping with my NPC girlfriend <\/span><\/em><span style=\"font-weight: 400;\">? <\/span><a href=\"https:\/\/www.instagram.com\/reel\/CnHyRsNrPF2\/\" target=\"_blank\" rel=\"noopener\"><span style=\"font-weight: 400;\">zobacz \u00bb<\/span><\/a><\/li>\n<li style=\"font-weight: 400;\" aria-level=\"1\"><span style=\"font-weight: 400;\"><strong>W\u0142osowero<\/strong> [listopad 2023] <\/span><em><span style=\"font-weight: 400;\">Kulisy zdj\u0119\u0107 w li\u015bciach ? <\/span><\/em><a href=\"https:\/\/www.instagram.com\/reel\/CzQgEN_tTHm\/\" target=\"_blank\" rel=\"noopener\"><span style=\"font-weight: 400;\">zobacz \u00bb<\/span><\/a><\/li>\n<\/ol>\n<p><img loading=\"lazy\" decoding=\"async\" class=\"aligncenter wp-image-49373 size-full\" src=\"https:\/\/www.sotrender.com\/blog\/wp-content\/uploads\/2024\/01\/3-najlepsze-posty-na-polskim-Instagramie-w-2023-roku.png\" alt=\"najlepsze posty na instagramie w 2023 roku\" width=\"3214\" height=\"1333\" srcset=\"https:\/\/www.sotrender.com\/blog\/wp-content\/uploads\/2024\/01\/3-najlepsze-posty-na-polskim-Instagramie-w-2023-roku.png 3214w, https:\/\/www.sotrender.com\/blog\/wp-content\/uploads\/2024\/01\/3-najlepsze-posty-na-polskim-Instagramie-w-2023-roku-475x197.png 475w, https:\/\/www.sotrender.com\/blog\/wp-content\/uploads\/2024\/01\/3-najlepsze-posty-na-polskim-Instagramie-w-2023-roku-768x319.png 768w, https:\/\/www.sotrender.com\/blog\/wp-content\/uploads\/2024\/01\/3-najlepsze-posty-na-polskim-Instagramie-w-2023-roku-1536x637.png 1536w, https:\/\/www.sotrender.com\/blog\/wp-content\/uploads\/2024\/01\/3-najlepsze-posty-na-polskim-Instagramie-w-2023-roku-2048x849.png 2048w\" sizes=\"(max-width: 3214px) 100vw, 3214px\" \/><\/p>\n<p><span style=\"font-weight: 400;\">Jeste\u015bcie ciekawi, jakie posty znalaz\u0142y si\u0119 na kolejnych pozycjach? Przygotowali\u015bmy dla Was r\u00f3wnie\u017c <\/span><a href=\"https:\/\/docs.google.com\/spreadsheets\/d\/1TjTUohc9aZcNR8fLjCX4PEOpHbxMee9GvbBmSwnJPw0\/edit?usp=sharing\" target=\"_blank\" rel=\"noopener\"><b>zestawienie 100 najlepszych post\u00f3w na Instagramie<\/b><\/a><span style=\"font-weight: 400;\">!\u00a0<\/span><\/p>\n<p><span style=\"font-weight: 400;\">Co ciekawe, post na profilu Eurosport, kt\u00f3ry by\u0142 najbardziej anga\u017cuj\u0105cym postem w kategorii <a href=\"https:\/\/www.sotrender.com\/blog\/pl\/2024\/01\/marki-media-i-organizacje-na-instagramie-w-2023-roku\/\" target=\"_blank\" rel=\"noopener\">Marki &amp; Media<\/a>, znalaz\u0142 si\u0119 na wysokim miejscu jedenastym w\u015br\u00f3d wszystkich post\u00f3w roku.<\/span><\/p>\n<p>&nbsp;<\/p>\n","protected":false},"excerpt":{"rendered":"<p>Czym by\u0142by Instagram bez influencer\u00f3w\u2026 Poniewa\u017c odgrywaj\u0105 oni kluczow\u0105 rol\u0119 na platformie, uznali\u015bmy, \u017ce nie mo\u017cemy nie sprawdzi\u0107, kt\u00f3rzy z nich byli faktycznie tymi TOP w 2023 roku. Czyj profil r\u00f3s\u0142 najszybciej, by\u0142 najwi\u0119kszy i najbardziej anga\u017cuj\u0105cy? Czy nale\u017ca\u0142 on do tej samej osoby? Poni\u017cej odkrywamy wszystkie karty. ? Przejd\u017a do zestawienia TOP marek, medi\u00f3w [&hellip;]<\/p>\n","protected":false},"author":89,"featured_media":49377,"comment_status":"open","ping_status":"open","sticky":false,"template":"","format":"standard","meta":{"inline_featured_image":false,"footnotes":""},"categories":[1803,2125],"tags":[725,1477,2377,2429,3219],"yoast_head":"<!-- This site is optimized with the Yoast SEO plugin v22.4 - https:\/\/yoast.com\/wordpress\/plugins\/seo\/ -->\n<title>TOP profile os\u00f3b na polskim Instagramie - podsumowanie 2023 roku<\/title>\n<meta name=\"description\" content=\"Czym by\u0142by Instagram bez influencer\u00f3w\u2026 Sprawdzamy, czyje profile by\u0142y najwi\u0119ksze, najbardziej anga\u017cuj\u0105ce i najszybciej rosn\u0105ce w 2023 roku.\" \/>\n<meta name=\"robots\" content=\"index, follow, max-snippet:-1, max-image-preview:large, max-video-preview:-1\" \/>\n<link rel=\"canonical\" href=\"https:\/\/www.sotrender.com\/blog\/pl\/2024\/01\/najwieksze-i-najbardziej-angazujace-profile-osob-na-instagramie-w-2023-roku\/\" \/>\n<meta property=\"og:locale\" content=\"pl_PL\" \/>\n<meta property=\"og:type\" content=\"article\" \/>\n<meta property=\"og:title\" content=\"TOP profile os\u00f3b na polskim Instagramie - podsumowanie 2023 roku\" \/>\n<meta property=\"og:description\" content=\"Czym by\u0142by Instagram bez influencer\u00f3w\u2026 Sprawdzamy, czyje profile by\u0142y najwi\u0119ksze, najbardziej anga\u017cuj\u0105ce i najszybciej rosn\u0105ce w 2023 roku.\" \/>\n<meta property=\"og:url\" content=\"https:\/\/www.sotrender.com\/blog\/pl\/2024\/01\/najwieksze-i-najbardziej-angazujace-profile-osob-na-instagramie-w-2023-roku\/\" \/>\n<meta property=\"og:site_name\" content=\"Sotrender Blog\" \/>\n<meta property=\"article:publisher\" content=\"https:\/\/www.facebook.com\/Sotrender\" \/>\n<meta property=\"article:published_time\" content=\"2024-01-18T07:47:23+00:00\" \/>\n<meta property=\"og:image\" content=\"https:\/\/www.sotrender.com\/blog\/wp-content\/uploads\/2024\/01\/podsumowanie-roku-2023-ig-osoby.jpg\" \/>\n\t<meta property=\"og:image:width\" content=\"1700\" \/>\n\t<meta property=\"og:image:height\" content=\"1133\" \/>\n\t<meta property=\"og:image:type\" content=\"image\/jpeg\" \/>\n<meta name=\"author\" content=\"Klaudia \u017by\u0142ka\" \/>\n<meta name=\"twitter:card\" content=\"summary_large_image\" \/>\n<meta name=\"twitter:creator\" content=\"@Sotrender\" \/>\n<meta name=\"twitter:site\" content=\"@Sotrender\" \/>\n<meta name=\"twitter:label1\" content=\"Written by\" \/>\n\t<meta name=\"twitter:data1\" content=\"Klaudia \u017by\u0142ka\" \/>\n\t<meta name=\"twitter:label2\" content=\"Est. reading time\" \/>\n\t<meta name=\"twitter:data2\" content=\"4 minutes\" \/>\n<script type=\"application\/ld+json\" class=\"yoast-schema-graph\">{\"@context\":\"https:\/\/schema.org\",\"@graph\":[{\"@type\":\"WebPage\",\"@id\":\"https:\/\/www.sotrender.com\/blog\/pl\/2024\/01\/najwieksze-i-najbardziej-angazujace-profile-osob-na-instagramie-w-2023-roku\/\",\"url\":\"https:\/\/www.sotrender.com\/blog\/pl\/2024\/01\/najwieksze-i-najbardziej-angazujace-profile-osob-na-instagramie-w-2023-roku\/\",\"name\":\"TOP profile os\u00f3b na polskim Instagramie - podsumowanie 2023 roku\",\"isPartOf\":{\"@id\":\"https:\/\/www.sotrender.com\/blog\/#website\"},\"primaryImageOfPage\":{\"@id\":\"https:\/\/www.sotrender.com\/blog\/pl\/2024\/01\/najwieksze-i-najbardziej-angazujace-profile-osob-na-instagramie-w-2023-roku\/#primaryimage\"},\"image\":{\"@id\":\"https:\/\/www.sotrender.com\/blog\/pl\/2024\/01\/najwieksze-i-najbardziej-angazujace-profile-osob-na-instagramie-w-2023-roku\/#primaryimage\"},\"thumbnailUrl\":\"https:\/\/www.sotrender.com\/blog\/wp-content\/uploads\/2024\/01\/podsumowanie-roku-2023-ig-osoby.jpg\",\"datePublished\":\"2024-01-18T07:47:23+00:00\",\"dateModified\":\"2024-01-18T07:47:23+00:00\",\"author\":{\"@id\":\"https:\/\/www.sotrender.com\/blog\/#\/schema\/person\/038ac5e276c5d102d8cbb9c36cd43416\"},\"description\":\"Czym by\u0142by Instagram bez influencer\u00f3w\u2026 Sprawdzamy, czyje profile by\u0142y najwi\u0119ksze, najbardziej anga\u017cuj\u0105ce i najszybciej rosn\u0105ce w 2023 roku.\",\"breadcrumb\":{\"@id\":\"https:\/\/www.sotrender.com\/blog\/pl\/2024\/01\/najwieksze-i-najbardziej-angazujace-profile-osob-na-instagramie-w-2023-roku\/#breadcrumb\"},\"inLanguage\":\"pl-PL\",\"potentialAction\":[{\"@type\":\"ReadAction\",\"target\":[\"https:\/\/www.sotrender.com\/blog\/pl\/2024\/01\/najwieksze-i-najbardziej-angazujace-profile-osob-na-instagramie-w-2023-roku\/\"]}]},{\"@type\":\"ImageObject\",\"inLanguage\":\"pl-PL\",\"@id\":\"https:\/\/www.sotrender.com\/blog\/pl\/2024\/01\/najwieksze-i-najbardziej-angazujace-profile-osob-na-instagramie-w-2023-roku\/#primaryimage\",\"url\":\"https:\/\/www.sotrender.com\/blog\/wp-content\/uploads\/2024\/01\/podsumowanie-roku-2023-ig-osoby.jpg\",\"contentUrl\":\"https:\/\/www.sotrender.com\/blog\/wp-content\/uploads\/2024\/01\/podsumowanie-roku-2023-ig-osoby.jpg\",\"width\":1700,\"height\":1133},{\"@type\":\"BreadcrumbList\",\"@id\":\"https:\/\/www.sotrender.com\/blog\/pl\/2024\/01\/najwieksze-i-najbardziej-angazujace-profile-osob-na-instagramie-w-2023-roku\/#breadcrumb\",\"itemListElement\":[{\"@type\":\"ListItem\",\"position\":1,\"name\":\"Home\",\"item\":\"https:\/\/www.sotrender.com\/blog\/\"},{\"@type\":\"ListItem\",\"position\":2,\"name\":\"Najwi\u0119ksze i najbardziej anga\u017cuj\u0105ce profile os\u00f3b na Instagramie w 2023 roku\"}]},{\"@type\":\"WebSite\",\"@id\":\"https:\/\/www.sotrender.com\/blog\/#website\",\"url\":\"https:\/\/www.sotrender.com\/blog\/\",\"name\":\"Sotrender Blog\",\"description\":\"\",\"potentialAction\":[{\"@type\":\"SearchAction\",\"target\":{\"@type\":\"EntryPoint\",\"urlTemplate\":\"https:\/\/www.sotrender.com\/blog\/?s={search_term_string}\"},\"query-input\":\"required name=search_term_string\"}],\"inLanguage\":\"pl-PL\"},{\"@type\":\"Person\",\"@id\":\"https:\/\/www.sotrender.com\/blog\/#\/schema\/person\/038ac5e276c5d102d8cbb9c36cd43416\",\"name\":\"Klaudia \u017by\u0142ka\",\"image\":{\"@type\":\"ImageObject\",\"inLanguage\":\"pl-PL\",\"@id\":\"https:\/\/www.sotrender.com\/blog\/#\/schema\/person\/image\/\",\"url\":\"https:\/\/secure.gravatar.com\/avatar\/f55d5d49ce3c448e1ffde0ab078d84cd?s=96&d=mm&r=g\",\"contentUrl\":\"https:\/\/secure.gravatar.com\/avatar\/f55d5d49ce3c448e1ffde0ab078d84cd?s=96&d=mm&r=g\",\"caption\":\"Klaudia \u017by\u0142ka\"},\"description\":\"Instagram, dogs, books and food lover. Former student at Warsaw University and Malm\u00f6 University. Improving her marketing skills every day. Proud owner of DIMAQ certificate\",\"sameAs\":[\"https:\/\/www.linkedin.com\/in\/klaudia-\u017cy\u0142ka-17527779\"],\"url\":\"https:\/\/www.sotrender.com\/blog\/pl\/author\/klaudia_yka\/\"}]}<\/script>\n<!-- \/ Yoast SEO plugin. -->","yoast_head_json":{"title":"TOP profile os\u00f3b na polskim Instagramie - podsumowanie 2023 roku","description":"Czym by\u0142by Instagram bez influencer\u00f3w\u2026 Sprawdzamy, czyje profile by\u0142y najwi\u0119ksze, najbardziej anga\u017cuj\u0105ce i najszybciej rosn\u0105ce w 2023 roku.","robots":{"index":"index","follow":"follow","max-snippet":"max-snippet:-1","max-image-preview":"max-image-preview:large","max-video-preview":"max-video-preview:-1"},"canonical":"https:\/\/www.sotrender.com\/blog\/pl\/2024\/01\/najwieksze-i-najbardziej-angazujace-profile-osob-na-instagramie-w-2023-roku\/","og_locale":"pl_PL","og_type":"article","og_title":"TOP profile os\u00f3b na polskim Instagramie - podsumowanie 2023 roku","og_description":"Czym by\u0142by Instagram bez influencer\u00f3w\u2026 Sprawdzamy, czyje profile by\u0142y najwi\u0119ksze, najbardziej anga\u017cuj\u0105ce i najszybciej rosn\u0105ce w 2023 roku.","og_url":"https:\/\/www.sotrender.com\/blog\/pl\/2024\/01\/najwieksze-i-najbardziej-angazujace-profile-osob-na-instagramie-w-2023-roku\/","og_site_name":"Sotrender Blog","article_publisher":"https:\/\/www.facebook.com\/Sotrender","article_published_time":"2024-01-18T07:47:23+00:00","og_image":[{"width":1700,"height":1133,"url":"https:\/\/www.sotrender.com\/blog\/wp-content\/uploads\/2024\/01\/podsumowanie-roku-2023-ig-osoby.jpg","type":"image\/jpeg"}],"author":"Klaudia \u017by\u0142ka","twitter_card":"summary_large_image","twitter_creator":"@Sotrender","twitter_site":"@Sotrender","twitter_misc":{"Written by":"Klaudia \u017by\u0142ka","Est. reading time":"4 minutes"},"schema":{"@context":"https:\/\/schema.org","@graph":[{"@type":"WebPage","@id":"https:\/\/www.sotrender.com\/blog\/pl\/2024\/01\/najwieksze-i-najbardziej-angazujace-profile-osob-na-instagramie-w-2023-roku\/","url":"https:\/\/www.sotrender.com\/blog\/pl\/2024\/01\/najwieksze-i-najbardziej-angazujace-profile-osob-na-instagramie-w-2023-roku\/","name":"TOP profile os\u00f3b na polskim Instagramie - podsumowanie 2023 roku","isPartOf":{"@id":"https:\/\/www.sotrender.com\/blog\/#website"},"primaryImageOfPage":{"@id":"https:\/\/www.sotrender.com\/blog\/pl\/2024\/01\/najwieksze-i-najbardziej-angazujace-profile-osob-na-instagramie-w-2023-roku\/#primaryimage"},"image":{"@id":"https:\/\/www.sotrender.com\/blog\/pl\/2024\/01\/najwieksze-i-najbardziej-angazujace-profile-osob-na-instagramie-w-2023-roku\/#primaryimage"},"thumbnailUrl":"https:\/\/www.sotrender.com\/blog\/wp-content\/uploads\/2024\/01\/podsumowanie-roku-2023-ig-osoby.jpg","datePublished":"2024-01-18T07:47:23+00:00","dateModified":"2024-01-18T07:47:23+00:00","author":{"@id":"https:\/\/www.sotrender.com\/blog\/#\/schema\/person\/038ac5e276c5d102d8cbb9c36cd43416"},"description":"Czym by\u0142by Instagram bez influencer\u00f3w\u2026 Sprawdzamy, czyje profile by\u0142y najwi\u0119ksze, najbardziej anga\u017cuj\u0105ce i najszybciej rosn\u0105ce w 2023 roku.","breadcrumb":{"@id":"https:\/\/www.sotrender.com\/blog\/pl\/2024\/01\/najwieksze-i-najbardziej-angazujace-profile-osob-na-instagramie-w-2023-roku\/#breadcrumb"},"inLanguage":"pl-PL","potentialAction":[{"@type":"ReadAction","target":["https:\/\/www.sotrender.com\/blog\/pl\/2024\/01\/najwieksze-i-najbardziej-angazujace-profile-osob-na-instagramie-w-2023-roku\/"]}]},{"@type":"ImageObject","inLanguage":"pl-PL","@id":"https:\/\/www.sotrender.com\/blog\/pl\/2024\/01\/najwieksze-i-najbardziej-angazujace-profile-osob-na-instagramie-w-2023-roku\/#primaryimage","url":"https:\/\/www.sotrender.com\/blog\/wp-content\/uploads\/2024\/01\/podsumowanie-roku-2023-ig-osoby.jpg","contentUrl":"https:\/\/www.sotrender.com\/blog\/wp-content\/uploads\/2024\/01\/podsumowanie-roku-2023-ig-osoby.jpg","width":1700,"height":1133},{"@type":"BreadcrumbList","@id":"https:\/\/www.sotrender.com\/blog\/pl\/2024\/01\/najwieksze-i-najbardziej-angazujace-profile-osob-na-instagramie-w-2023-roku\/#breadcrumb","itemListElement":[{"@type":"ListItem","position":1,"name":"Home","item":"https:\/\/www.sotrender.com\/blog\/"},{"@type":"ListItem","position":2,"name":"Najwi\u0119ksze i najbardziej anga\u017cuj\u0105ce profile os\u00f3b na Instagramie w 2023 roku"}]},{"@type":"WebSite","@id":"https:\/\/www.sotrender.com\/blog\/#website","url":"https:\/\/www.sotrender.com\/blog\/","name":"Sotrender Blog","description":"","potentialAction":[{"@type":"SearchAction","target":{"@type":"EntryPoint","urlTemplate":"https:\/\/www.sotrender.com\/blog\/?s={search_term_string}"},"query-input":"required name=search_term_string"}],"inLanguage":"pl-PL"},{"@type":"Person","@id":"https:\/\/www.sotrender.com\/blog\/#\/schema\/person\/038ac5e276c5d102d8cbb9c36cd43416","name":"Klaudia \u017by\u0142ka","image":{"@type":"ImageObject","inLanguage":"pl-PL","@id":"https:\/\/www.sotrender.com\/blog\/#\/schema\/person\/image\/","url":"https:\/\/secure.gravatar.com\/avatar\/f55d5d49ce3c448e1ffde0ab078d84cd?s=96&d=mm&r=g","contentUrl":"https:\/\/secure.gravatar.com\/avatar\/f55d5d49ce3c448e1ffde0ab078d84cd?s=96&d=mm&r=g","caption":"Klaudia \u017by\u0142ka"},"description":"Instagram, dogs, books and food lover. Former student at Warsaw University and Malm\u00f6 University. Improving her marketing skills every day. Proud owner of DIMAQ certificate","sameAs":["https:\/\/www.linkedin.com\/in\/klaudia-\u017cy\u0142ka-17527779"],"url":"https:\/\/www.sotrender.com\/blog\/pl\/author\/klaudia_yka\/"}]}},"_links":{"self":[{"href":"https:\/\/www.sotrender.com\/blog\/pl\/wp-json\/wp\/v2\/posts\/49369"}],"collection":[{"href":"https:\/\/www.sotrender.com\/blog\/pl\/wp-json\/wp\/v2\/posts"}],"about":[{"href":"https:\/\/www.sotrender.com\/blog\/pl\/wp-json\/wp\/v2\/types\/post"}],"author":[{"embeddable":true,"href":"https:\/\/www.sotrender.com\/blog\/pl\/wp-json\/wp\/v2\/users\/89"}],"replies":[{"embeddable":true,"href":"https:\/\/www.sotrender.com\/blog\/pl\/wp-json\/wp\/v2\/comments?post=49369"}],"version-history":[{"count":11,"href":"https:\/\/www.sotrender.com\/blog\/pl\/wp-json\/wp\/v2\/posts\/49369\/revisions"}],"predecessor-version":[{"id":49413,"href":"https:\/\/www.sotrender.com\/blog\/pl\/wp-json\/wp\/v2\/posts\/49369\/revisions\/49413"}],"wp:featuredmedia":[{"embeddable":true,"href":"https:\/\/www.sotrender.com\/blog\/pl\/wp-json\/wp\/v2\/media\/49377"}],"wp:attachment":[{"href":"https:\/\/www.sotrender.com\/blog\/pl\/wp-json\/wp\/v2\/media?parent=49369"}],"wp:term":[{"taxonomy":"category","embeddable":true,"href":"https:\/\/www.sotrender.com\/blog\/pl\/wp-json\/wp\/v2\/categories?post=49369"},{"taxonomy":"post_tag","embeddable":true,"href":"https:\/\/www.sotrender.com\/blog\/pl\/wp-json\/wp\/v2\/tags?post=49369"}],"curies":[{"name":"wp","href":"https:\/\/api.w.org\/{rel}","templated":true}]}}