{"id":49297,"date":"2024-01-08T08:43:24","date_gmt":"2024-01-08T07:43:24","guid":{"rendered":"https:\/\/www.sotrender.com\/blog\/?p=49297\/"},"modified":"2024-01-08T16:33:27","modified_gmt":"2024-01-08T15:33:27","slug":"instagram-trends-grudzien-2023-ulubiona-akcja-polakow","status":"publish","type":"post","link":"https:\/\/www.sotrender.com\/blog\/pl\/2024\/01\/instagram-trends-grudzien-2023-ulubiona-akcja-polakow\/","title":{"rendered":"Instagram Trends grudzie\u0144 2023 &#8211; ulubiona akcja Polak\u00f3w"},"content":{"rendered":"<p><span style=\"font-weight: 400;\">Polityka wci\u0105\u017c ma si\u0119 dobrze na Instagramie &#8211; w grudniu profile a\u017c dw\u00f3ch polityk\u00f3w znalaz\u0142y si\u0119 w TOP3 najszybciej rosn\u0105cych profili. Ponownie obserwowali\u015bmy te\u017c imponuj\u0105ce zaanga\u017cowanie instagramowicz\u00f3w w akcj\u0119 pomocow\u0105 organizowan\u0105 przez jedn\u0105 z najbardziej rozpoznawalnych polskich marek.\u00a0<\/span><\/p>\n<p><span style=\"font-weight: 400;\">Chod\u017acie sprawdzi\u0107 szczeg\u00f3\u0142y w <a href=\"https:\/\/www.sotrender.com\/trends\/instagram\/poland\/202312\" target=\"_blank\" rel=\"noopener\">grudniowym raporcie Instagram Trends<\/a>.<\/span><\/p>\n<p><span style=\"font-weight: 400;\">A ju\u017c nied\u0142ugo zapraszamy tak\u017ce na podsumowanie 2023 roku na polskim Instagramie!<\/span><\/p>\n<h2><strong>Rosn\u0105ce spo\u0142eczno\u015bci na profilach polityk\u00f3w<\/strong><\/h2>\n<p><span style=\"font-weight: 400;\">W minionym miesi\u0105cu Szymon Ho\u0142ownia jeszcze bardziej umocni\u0142 swoj\u0105 pozycj\u0119 na Instagramie &#8211; zdoby\u0142 kolejnych 178 tys. nowych obserwator\u00f3w, a jego profil by\u0142 <a href=\"https:\/\/www.sotrender.com\/trends\/instagram\/poland\/202312\" target=\"_blank\" rel=\"noopener\">najszybciej rosn\u0105cym profilem<\/a>. Obecnie nowy Marsza\u0142ek Sejmu mo\u017ce pochwali\u0107 si\u0119 spo\u0142eczno\u015bci\u0105 licz\u0105c\u0105 ponad 662 tys. os\u00f3b.<\/span><\/p>\n<p><i><span style=\"font-weight: 400;\">Przypomnijmy, \u017ce <\/span><\/i><a href=\"https:\/\/www.sotrender.com\/blog\/pl\/2023\/12\/instagram-trends-listopad-2023-polska-sprawa\/\" target=\"_blank\" rel=\"noopener\"><i><span style=\"font-weight: 400;\">w listopadzie profil Ho\u0142owni by\u0142 z kolei drugim najszybciej rosn\u0105cym profilem na Instagramie<\/span><\/i><\/a><i><span style=\"font-weight: 400;\"> (+ 161 tys. nowych obserwator\u00f3w).<\/span><\/i><\/p>\n<p><span style=\"font-weight: 400;\">W grudniu w\u015br\u00f3d trzech najszybciej rosn\u0105cych profili znalaz\u0142 si\u0119 te\u017c profil Donalda Tuska &#8211; na koncie premiera pojawi\u0142o si\u0119 ponad 88 tys. nowych obserwator\u00f3w.<\/span><\/p>\n<div id=\"attachment_49305\" style=\"width: 410px\" class=\"wp-caption aligncenter\"><img loading=\"lazy\" decoding=\"async\" aria-describedby=\"caption-attachment-49305\" class=\"wp-image-49305 \" src=\"https:\/\/www.sotrender.com\/blog\/wp-content\/uploads\/2024\/01\/instagram-grudzien\u0301-2023-najszybciej-rosna\u0328ce-profile.png\" alt=\"instagram grudzien\u0301 2023 najszybciej rosna\u0328ce profile\" width=\"400\" height=\"363\" srcset=\"https:\/\/www.sotrender.com\/blog\/wp-content\/uploads\/2024\/01\/instagram-grudzien\u0301-2023-najszybciej-rosna\u0328ce-profile.png 742w, https:\/\/www.sotrender.com\/blog\/wp-content\/uploads\/2024\/01\/instagram-grudzien\u0301-2023-najszybciej-rosna\u0328ce-profile-475x430.png 475w\" sizes=\"(max-width: 400px) 100vw, 400px\" \/><p id=\"caption-attachment-49305\" class=\"wp-caption-text\"><a href=\"https:\/\/www.sotrender.com\/trends\/instagram\/poland\/202312\" target=\"_blank\" rel=\"noopener\">Najszybciej rosn\u0105ce profile na Instagramie w grudniu 2023<\/a><\/p><\/div>\n<p><span style=\"font-weight: 400;\">Obydwaj politycy przoduj\u0105 r\u00f3wnie\u017c pod k\u0105tem zaanga\u017cowania na swoich profilach. Pod wzgl\u0119dem \u0142\u0105cznej liczby aktywno\u015bci u\u017cytkownik\u00f3w, Tuskowi uda\u0142o si\u0119 w grudniu wyprzedzi\u0107 Ho\u0142owni\u0119.\u00a0<\/span><\/p>\n<div id=\"attachment_49323\" style=\"width: 863px\" class=\"wp-caption aligncenter\"><img loading=\"lazy\" decoding=\"async\" aria-describedby=\"caption-attachment-49323\" class=\" wp-image-49323\" src=\"https:\/\/www.sotrender.com\/blog\/wp-content\/uploads\/2024\/01\/polityka-liczba-aktywnos\u0301ci-duda-holownia-grudzien\u0301-2023.png\" alt=\"polityka liczba aktywnos\u0301ci duda ho\u0142ownia grudzien\u0301 2023\" width=\"853\" height=\"189\" srcset=\"https:\/\/www.sotrender.com\/blog\/wp-content\/uploads\/2024\/01\/polityka-liczba-aktywnos\u0301ci-duda-holownia-grudzien\u0301-2023.png 1960w, https:\/\/www.sotrender.com\/blog\/wp-content\/uploads\/2024\/01\/polityka-liczba-aktywnos\u0301ci-duda-holownia-grudzien\u0301-2023-475x105.png 475w, https:\/\/www.sotrender.com\/blog\/wp-content\/uploads\/2024\/01\/polityka-liczba-aktywnos\u0301ci-duda-holownia-grudzien\u0301-2023-768x170.png 768w, https:\/\/www.sotrender.com\/blog\/wp-content\/uploads\/2024\/01\/polityka-liczba-aktywnos\u0301ci-duda-holownia-grudzien\u0301-2023-1536x340.png 1536w\" sizes=\"(max-width: 853px) 100vw, 853px\" \/><p id=\"caption-attachment-49323\" class=\"wp-caption-text\">Profile <a href=\"https:\/\/www.sotrender.com\/trends\/instagram\/poland\/202312\/osoby\/osoby_polityka\" target=\"_blank\" rel=\"noopener\">polityk\u00f3w<\/a> o najwi\u0119kszej liczbie aktywno\u015bci u\u017cytkownik\u00f3w | grudzie\u0144 2023<\/p><\/div>\n<h2><strong>Pieski opanowuj\u0105 Instagram<\/strong><\/h2>\n<p><span style=\"font-weight: 400;\">Je\u015bli aktywnie korzystacie z Instagrama, z pewno\u015bci\u0105 informacje o tej akcji regularnie wy\u015bwietla\u0142y si\u0119 Wam w przed\u015bwi\u0105tecznych tygodniach. Mowa oczywi\u015bcie o akcji <\/span><i><span style=\"font-weight: 400;\">Nakarm Psa z OLX.<\/span><\/i><\/p>\n<p><span style=\"font-weight: 400;\">Posty OLXa, informuj\u0105ce o kolejnych etapach akcji i jej sukcesach, zdominowa\u0142y ca\u0142\u0105 kategori\u0119 <a href=\"https:\/\/www.sotrender.com\/trends\/instagram\/poland\/202312\/marki\/marki_dom_i_ogrod#best_posts\" target=\"_blank\" rel=\"noopener\">Dom i ogr\u00f3d<\/a> &#8211; 6 najlepszych post\u00f3w miesi\u0105ca dotyczy\u0142o akcji <\/span><i><span style=\"font-weight: 400;\">Nakarm Psa z OLX <\/span><\/i><span style=\"font-weight: 400;\">(cho\u0107 w tym roku by\u0142y to te\u017c koty), a w\u015br\u00f3d TOP15 post\u00f3w a\u017c 10 dotyczy\u0142o akcji.\u00a0<\/span><\/p>\n<div id=\"attachment_49315\" style=\"width: 861px\" class=\"wp-caption aligncenter\"><img loading=\"lazy\" decoding=\"async\" aria-describedby=\"caption-attachment-49315\" class=\" wp-image-49315\" src=\"https:\/\/www.sotrender.com\/blog\/wp-content\/uploads\/2024\/01\/grudzien\u0301-2023-marki-dom-najlepsze-posty-instagram.png\" alt=\"instagram grudzien\u0301 2023 marki dom najlepsze posty\" width=\"851\" height=\"413\" srcset=\"https:\/\/www.sotrender.com\/blog\/wp-content\/uploads\/2024\/01\/grudzien\u0301-2023-marki-dom-najlepsze-posty-instagram.png 1928w, https:\/\/www.sotrender.com\/blog\/wp-content\/uploads\/2024\/01\/grudzien\u0301-2023-marki-dom-najlepsze-posty-instagram-475x231.png 475w, https:\/\/www.sotrender.com\/blog\/wp-content\/uploads\/2024\/01\/grudzien\u0301-2023-marki-dom-najlepsze-posty-instagram-768x373.png 768w, https:\/\/www.sotrender.com\/blog\/wp-content\/uploads\/2024\/01\/grudzien\u0301-2023-marki-dom-najlepsze-posty-instagram-1536x746.png 1536w\" sizes=\"(max-width: 851px) 100vw, 851px\" \/><p id=\"caption-attachment-49315\" class=\"wp-caption-text\"><a href=\"https:\/\/www.sotrender.com\/trends\/instagram\/poland\/202312\/marki\/marki_dom_i_ogrod#best_posts\" target=\"_blank\" rel=\"noopener\">Najlepsze posty w kategorii Dom i ogr\u00f3d<\/a> | grudzie\u0144 2023<\/p><\/div>\n<p><span style=\"font-weight: 400;\">W ca\u0142ej kategorii <a href=\"https:\/\/www.sotrender.com\/trends\/instagram\/poland\/202312\/marki#engagement\" target=\"_blank\" rel=\"noopener\">Marki<\/a> profil OLXa awansowa\u0142 o ponad 1200 pozycji na wysokie miejsce sz\u00f3ste pod wzgl\u0119dem \u0142\u0105cznej liczby aktywno\u015bci u\u017cytkownik\u00f3w pod postami.<\/span><\/p>\n<div id=\"attachment_49317\" style=\"width: 863px\" class=\"wp-caption aligncenter\"><img loading=\"lazy\" decoding=\"async\" aria-describedby=\"caption-attachment-49317\" class=\" wp-image-49317\" src=\"https:\/\/www.sotrender.com\/blog\/wp-content\/uploads\/2024\/01\/instagram-grudzien\u0301-2023-marki-liczba-aktywnos\u0301ci.png\" alt=\"instagram grudzien\u0301 2023 marki liczba aktywnos\u0301ci\" width=\"853\" height=\"373\" srcset=\"https:\/\/www.sotrender.com\/blog\/wp-content\/uploads\/2024\/01\/instagram-grudzien\u0301-2023-marki-liczba-aktywnos\u0301ci.png 1952w, https:\/\/www.sotrender.com\/blog\/wp-content\/uploads\/2024\/01\/instagram-grudzien\u0301-2023-marki-liczba-aktywnos\u0301ci-475x208.png 475w, https:\/\/www.sotrender.com\/blog\/wp-content\/uploads\/2024\/01\/instagram-grudzien\u0301-2023-marki-liczba-aktywnos\u0301ci-768x336.png 768w, https:\/\/www.sotrender.com\/blog\/wp-content\/uploads\/2024\/01\/instagram-grudzien\u0301-2023-marki-liczba-aktywnos\u0301ci-1536x672.png 1536w\" sizes=\"(max-width: 853px) 100vw, 853px\" \/><p id=\"caption-attachment-49317\" class=\"wp-caption-text\">Profile <a href=\"https:\/\/www.sotrender.com\/trends\/instagram\/poland\/202312\/marki#engagement\" target=\"_blank\" rel=\"noopener\">marek<\/a> o najwi\u0119kszej liczbie aktywno\u015bci u\u017cytkownik\u00f3w | grudzie\u0144 2023<\/p><\/div>\n<p><span style=\"font-weight: 400;\">Z kolei <a href=\"https:\/\/www.sotrender.com\/trends\/instagram\/poland\/202312\/marki#best_posts\" target=\"_blank\" rel=\"noopener\">w\u015br\u00f3d najlepszych post\u00f3w w kategorii Marki<\/a>, jeden z pierwszych post\u00f3w OLXa informuj\u0105cy o akcji by\u0142 pi\u0105tym najbardziej anga\u017cuj\u0105cym postem miesi\u0105ca.\u00a0<\/span><\/p>\n<h2><strong>Niespodzianki w\u015br\u00f3d najlepszych post\u00f3w miesi\u0105ca<\/strong><\/h2>\n<p><span style=\"font-weight: 400;\">A skoro ju\u017c o najlepszych postach mowa, nasz\u0105 uwag\u0119 zwr\u00f3ci\u0142y dwie najbardziej anga\u017cuj\u0105ce tre\u015bci, jakie zosta\u0142y opublikowane w grudniu w kategorii <a href=\"https:\/\/www.sotrender.com\/trends\/instagram\/poland\/202312\/marki#best_posts\" target=\"_blank\" rel=\"noopener\">Marki<\/a>.\u00a0<\/span><\/p>\n<div id=\"attachment_49311\" style=\"width: 861px\" class=\"wp-caption aligncenter\"><img loading=\"lazy\" decoding=\"async\" aria-describedby=\"caption-attachment-49311\" class=\" wp-image-49311\" src=\"https:\/\/www.sotrender.com\/blog\/wp-content\/uploads\/2024\/01\/instagram-grudzien\u0301-2023-marki-najlepsze-posty.png\" alt=\"instagram grudzien\u0301 2023 marki najlepsze posty\" width=\"851\" height=\"749\" srcset=\"https:\/\/www.sotrender.com\/blog\/wp-content\/uploads\/2024\/01\/instagram-grudzien\u0301-2023-marki-najlepsze-posty.png 1520w, https:\/\/www.sotrender.com\/blog\/wp-content\/uploads\/2024\/01\/instagram-grudzien\u0301-2023-marki-najlepsze-posty-475x418.png 475w, https:\/\/www.sotrender.com\/blog\/wp-content\/uploads\/2024\/01\/instagram-grudzien\u0301-2023-marki-najlepsze-posty-768x676.png 768w\" sizes=\"(max-width: 851px) 100vw, 851px\" \/><p id=\"caption-attachment-49311\" class=\"wp-caption-text\"><a href=\"https:\/\/www.sotrender.com\/trends\/instagram\/poland\/202312\/marki#best_posts\" target=\"_blank\" rel=\"noopener\">Najlepsze posty w kategorii Marki<\/a> | grudzie\u0144 2023<\/p><\/div>\n<p><span style=\"font-weight: 400;\">Miejsce numer jeden nale\u017ca\u0142o do Motorola Polska &#8211; zdj\u0119cie opublikowane na profilu Motoroli i Young Multiego b\u0119d\u0105ce wynikiem wsp\u00f3\u0142pracy marki z influencerem zdoby\u0142o ponad 100 tys. polubie\u0144.\u00a0<\/span><\/p>\n<p><span style=\"font-weight: 400;\">Z kolei numerem dwa by\u0142o wideo na profilu @meatprojectwro, w kt\u00f3rym wykorzystano popularny ostatnio koci trend do subtelnej promocji marki i jej produkt\u00f3w.\u00a0<\/span><\/p>\n<p><span style=\"font-weight: 400;\">Trzeci najlepszy post miesi\u0105ca nale\u017ca\u0142 do marki Renee.<\/span><\/p>\n<p><span style=\"font-weight: 400;\">Zazwyczaj posty \u017cadnej z tych marek nie plasuj\u0105 si\u0119 a\u017c tak wysoko. Tym bardziej gratulujemy!\u00a0<\/span><\/p>\n<h2><strong>Instagram Trends grudzie\u0144 2023\u00a0<\/strong><\/h2>\n<p><span style=\"font-weight: 400;\">To wszystko co przygotowali\u015bmy dla Was w tym miesi\u0105cu. Za kilka dni zapraszamy na raport Facebook Trends, a ju\u017c nied\u0142ugo tak\u017ce na nasze kultowe ju\u017c podsumowanie roku na Facebooku, a w tym roku po raz pierwszy tak\u017ce na Instagramie.\u00a0<\/span><\/p>\n<p><span style=\"font-weight: 400;\">Stay tuned!<\/span><\/p>\n<p>&nbsp;<\/p>\n","protected":false},"excerpt":{"rendered":"<p>Polityka wci\u0105\u017c ma si\u0119 dobrze na Instagramie &#8211; w grudniu profile a\u017c dw\u00f3ch polityk\u00f3w znalaz\u0142y si\u0119 w TOP3 najszybciej rosn\u0105cych profili. Ponownie obserwowali\u015bmy te\u017c imponuj\u0105ce zaanga\u017cowanie instagramowicz\u00f3w w akcj\u0119 pomocow\u0105 organizowan\u0105 przez jedn\u0105 z najbardziej rozpoznawalnych polskich marek.\u00a0 Chod\u017acie sprawdzi\u0107 szczeg\u00f3\u0142y w grudniowym raporcie Instagram Trends. A ju\u017c nied\u0142ugo zapraszamy tak\u017ce na podsumowanie 2023 roku [&hellip;]<\/p>\n","protected":false},"author":89,"featured_media":49299,"comment_status":"open","ping_status":"open","sticky":false,"template":"","format":"standard","meta":{"inline_featured_image":false,"footnotes":""},"categories":[2125,1791,1803],"tags":[2693,3219,825,2369],"yoast_head":"<!-- This site is optimized with the Yoast SEO plugin v22.4 - https:\/\/yoast.com\/wordpress\/plugins\/seo\/ -->\n<title>Instagram Trends grudzie\u0144 2023 - ulubiona akcja Polak\u00f3w<\/title>\n<meta name=\"description\" content=\"W grudniu ponownie obserwowa\u0107 mogli\u015bmy imponuj\u0105ce zaanga\u017cowanie instagramowicz\u00f3w w akcj\u0119 organizowan\u0105 po raz 16. przez jedn\u0105 z polskich marek.\u00a0\" \/>\n<meta name=\"robots\" content=\"index, follow, max-snippet:-1, max-image-preview:large, max-video-preview:-1\" \/>\n<link rel=\"canonical\" href=\"https:\/\/www.sotrender.com\/blog\/pl\/2024\/01\/instagram-trends-grudzien-2023-ulubiona-akcja-polakow\/\" \/>\n<meta property=\"og:locale\" content=\"pl_PL\" \/>\n<meta property=\"og:type\" content=\"article\" \/>\n<meta property=\"og:title\" content=\"Instagram Trends grudzie\u0144 2023 - ulubiona akcja Polak\u00f3w\" \/>\n<meta property=\"og:description\" content=\"W grudniu ponownie obserwowa\u0107 mogli\u015bmy imponuj\u0105ce zaanga\u017cowanie instagramowicz\u00f3w w akcj\u0119 organizowan\u0105 po raz 16. przez jedn\u0105 z polskich marek.\u00a0\" \/>\n<meta property=\"og:url\" content=\"https:\/\/www.sotrender.com\/blog\/pl\/2024\/01\/instagram-trends-grudzien-2023-ulubiona-akcja-polakow\/\" \/>\n<meta property=\"og:site_name\" content=\"Sotrender Blog\" \/>\n<meta property=\"article:publisher\" content=\"https:\/\/www.facebook.com\/Sotrender\" \/>\n<meta property=\"article:published_time\" content=\"2024-01-08T07:43:24+00:00\" \/>\n<meta property=\"article:modified_time\" content=\"2024-01-08T15:33:27+00:00\" \/>\n<meta property=\"og:image\" content=\"https:\/\/www.sotrender.com\/blog\/wp-content\/uploads\/2024\/01\/nakarm-psa-z-olx-instagram.jpg\" \/>\n\t<meta property=\"og:image:width\" content=\"1700\" \/>\n\t<meta property=\"og:image:height\" content=\"1020\" \/>\n\t<meta property=\"og:image:type\" content=\"image\/jpeg\" \/>\n<meta name=\"author\" content=\"Klaudia \u017by\u0142ka\" \/>\n<meta name=\"twitter:card\" content=\"summary_large_image\" \/>\n<meta name=\"twitter:creator\" content=\"@Sotrender\" \/>\n<meta name=\"twitter:site\" content=\"@Sotrender\" \/>\n<meta name=\"twitter:label1\" content=\"Written by\" \/>\n\t<meta name=\"twitter:data1\" content=\"Klaudia \u017by\u0142ka\" \/>\n\t<meta name=\"twitter:label2\" content=\"Est. reading time\" \/>\n\t<meta name=\"twitter:data2\" content=\"3 minutes\" \/>\n<script type=\"application\/ld+json\" class=\"yoast-schema-graph\">{\"@context\":\"https:\/\/schema.org\",\"@graph\":[{\"@type\":\"WebPage\",\"@id\":\"https:\/\/www.sotrender.com\/blog\/pl\/2024\/01\/instagram-trends-grudzien-2023-ulubiona-akcja-polakow\/\",\"url\":\"https:\/\/www.sotrender.com\/blog\/pl\/2024\/01\/instagram-trends-grudzien-2023-ulubiona-akcja-polakow\/\",\"name\":\"Instagram Trends grudzie\u0144 2023 - ulubiona akcja Polak\u00f3w\",\"isPartOf\":{\"@id\":\"https:\/\/www.sotrender.com\/blog\/#website\"},\"primaryImageOfPage\":{\"@id\":\"https:\/\/www.sotrender.com\/blog\/pl\/2024\/01\/instagram-trends-grudzien-2023-ulubiona-akcja-polakow\/#primaryimage\"},\"image\":{\"@id\":\"https:\/\/www.sotrender.com\/blog\/pl\/2024\/01\/instagram-trends-grudzien-2023-ulubiona-akcja-polakow\/#primaryimage\"},\"thumbnailUrl\":\"https:\/\/www.sotrender.com\/blog\/wp-content\/uploads\/2024\/01\/nakarm-psa-z-olx-instagram.jpg\",\"datePublished\":\"2024-01-08T07:43:24+00:00\",\"dateModified\":\"2024-01-08T15:33:27+00:00\",\"author\":{\"@id\":\"https:\/\/www.sotrender.com\/blog\/#\/schema\/person\/038ac5e276c5d102d8cbb9c36cd43416\"},\"description\":\"W grudniu ponownie obserwowa\u0107 mogli\u015bmy imponuj\u0105ce zaanga\u017cowanie instagramowicz\u00f3w w akcj\u0119 organizowan\u0105 po raz 16. przez jedn\u0105 z polskich marek.\u00a0\",\"breadcrumb\":{\"@id\":\"https:\/\/www.sotrender.com\/blog\/pl\/2024\/01\/instagram-trends-grudzien-2023-ulubiona-akcja-polakow\/#breadcrumb\"},\"inLanguage\":\"pl-PL\",\"potentialAction\":[{\"@type\":\"ReadAction\",\"target\":[\"https:\/\/www.sotrender.com\/blog\/pl\/2024\/01\/instagram-trends-grudzien-2023-ulubiona-akcja-polakow\/\"]}]},{\"@type\":\"ImageObject\",\"inLanguage\":\"pl-PL\",\"@id\":\"https:\/\/www.sotrender.com\/blog\/pl\/2024\/01\/instagram-trends-grudzien-2023-ulubiona-akcja-polakow\/#primaryimage\",\"url\":\"https:\/\/www.sotrender.com\/blog\/wp-content\/uploads\/2024\/01\/nakarm-psa-z-olx-instagram.jpg\",\"contentUrl\":\"https:\/\/www.sotrender.com\/blog\/wp-content\/uploads\/2024\/01\/nakarm-psa-z-olx-instagram.jpg\",\"width\":1700,\"height\":1020},{\"@type\":\"BreadcrumbList\",\"@id\":\"https:\/\/www.sotrender.com\/blog\/pl\/2024\/01\/instagram-trends-grudzien-2023-ulubiona-akcja-polakow\/#breadcrumb\",\"itemListElement\":[{\"@type\":\"ListItem\",\"position\":1,\"name\":\"Home\",\"item\":\"https:\/\/www.sotrender.com\/blog\/\"},{\"@type\":\"ListItem\",\"position\":2,\"name\":\"Instagram Trends grudzie\u0144 2023 &#8211; ulubiona akcja Polak\u00f3w\"}]},{\"@type\":\"WebSite\",\"@id\":\"https:\/\/www.sotrender.com\/blog\/#website\",\"url\":\"https:\/\/www.sotrender.com\/blog\/\",\"name\":\"Sotrender Blog\",\"description\":\"\",\"potentialAction\":[{\"@type\":\"SearchAction\",\"target\":{\"@type\":\"EntryPoint\",\"urlTemplate\":\"https:\/\/www.sotrender.com\/blog\/?s={search_term_string}\"},\"query-input\":\"required name=search_term_string\"}],\"inLanguage\":\"pl-PL\"},{\"@type\":\"Person\",\"@id\":\"https:\/\/www.sotrender.com\/blog\/#\/schema\/person\/038ac5e276c5d102d8cbb9c36cd43416\",\"name\":\"Klaudia \u017by\u0142ka\",\"image\":{\"@type\":\"ImageObject\",\"inLanguage\":\"pl-PL\",\"@id\":\"https:\/\/www.sotrender.com\/blog\/#\/schema\/person\/image\/\",\"url\":\"https:\/\/secure.gravatar.com\/avatar\/f55d5d49ce3c448e1ffde0ab078d84cd?s=96&d=mm&r=g\",\"contentUrl\":\"https:\/\/secure.gravatar.com\/avatar\/f55d5d49ce3c448e1ffde0ab078d84cd?s=96&d=mm&r=g\",\"caption\":\"Klaudia \u017by\u0142ka\"},\"description\":\"Instagram, dogs, books and food lover. Former student at Warsaw University and Malm\u00f6 University. Improving her marketing skills every day. Proud owner of DIMAQ certificate\",\"sameAs\":[\"https:\/\/www.linkedin.com\/in\/klaudia-\u017cy\u0142ka-17527779\"],\"url\":\"https:\/\/www.sotrender.com\/blog\/pl\/author\/klaudia_yka\/\"}]}<\/script>\n<!-- \/ Yoast SEO plugin. -->","yoast_head_json":{"title":"Instagram Trends grudzie\u0144 2023 - ulubiona akcja Polak\u00f3w","description":"W grudniu ponownie obserwowa\u0107 mogli\u015bmy imponuj\u0105ce zaanga\u017cowanie instagramowicz\u00f3w w akcj\u0119 organizowan\u0105 po raz 16. przez jedn\u0105 z polskich marek.\u00a0","robots":{"index":"index","follow":"follow","max-snippet":"max-snippet:-1","max-image-preview":"max-image-preview:large","max-video-preview":"max-video-preview:-1"},"canonical":"https:\/\/www.sotrender.com\/blog\/pl\/2024\/01\/instagram-trends-grudzien-2023-ulubiona-akcja-polakow\/","og_locale":"pl_PL","og_type":"article","og_title":"Instagram Trends grudzie\u0144 2023 - ulubiona akcja Polak\u00f3w","og_description":"W grudniu ponownie obserwowa\u0107 mogli\u015bmy imponuj\u0105ce zaanga\u017cowanie instagramowicz\u00f3w w akcj\u0119 organizowan\u0105 po raz 16. przez jedn\u0105 z polskich marek.\u00a0","og_url":"https:\/\/www.sotrender.com\/blog\/pl\/2024\/01\/instagram-trends-grudzien-2023-ulubiona-akcja-polakow\/","og_site_name":"Sotrender Blog","article_publisher":"https:\/\/www.facebook.com\/Sotrender","article_published_time":"2024-01-08T07:43:24+00:00","article_modified_time":"2024-01-08T15:33:27+00:00","og_image":[{"width":1700,"height":1020,"url":"https:\/\/www.sotrender.com\/blog\/wp-content\/uploads\/2024\/01\/nakarm-psa-z-olx-instagram.jpg","type":"image\/jpeg"}],"author":"Klaudia \u017by\u0142ka","twitter_card":"summary_large_image","twitter_creator":"@Sotrender","twitter_site":"@Sotrender","twitter_misc":{"Written by":"Klaudia \u017by\u0142ka","Est. reading time":"3 minutes"},"schema":{"@context":"https:\/\/schema.org","@graph":[{"@type":"WebPage","@id":"https:\/\/www.sotrender.com\/blog\/pl\/2024\/01\/instagram-trends-grudzien-2023-ulubiona-akcja-polakow\/","url":"https:\/\/www.sotrender.com\/blog\/pl\/2024\/01\/instagram-trends-grudzien-2023-ulubiona-akcja-polakow\/","name":"Instagram Trends grudzie\u0144 2023 - ulubiona akcja Polak\u00f3w","isPartOf":{"@id":"https:\/\/www.sotrender.com\/blog\/#website"},"primaryImageOfPage":{"@id":"https:\/\/www.sotrender.com\/blog\/pl\/2024\/01\/instagram-trends-grudzien-2023-ulubiona-akcja-polakow\/#primaryimage"},"image":{"@id":"https:\/\/www.sotrender.com\/blog\/pl\/2024\/01\/instagram-trends-grudzien-2023-ulubiona-akcja-polakow\/#primaryimage"},"thumbnailUrl":"https:\/\/www.sotrender.com\/blog\/wp-content\/uploads\/2024\/01\/nakarm-psa-z-olx-instagram.jpg","datePublished":"2024-01-08T07:43:24+00:00","dateModified":"2024-01-08T15:33:27+00:00","author":{"@id":"https:\/\/www.sotrender.com\/blog\/#\/schema\/person\/038ac5e276c5d102d8cbb9c36cd43416"},"description":"W grudniu ponownie obserwowa\u0107 mogli\u015bmy imponuj\u0105ce zaanga\u017cowanie instagramowicz\u00f3w w akcj\u0119 organizowan\u0105 po raz 16. przez jedn\u0105 z polskich marek.\u00a0","breadcrumb":{"@id":"https:\/\/www.sotrender.com\/blog\/pl\/2024\/01\/instagram-trends-grudzien-2023-ulubiona-akcja-polakow\/#breadcrumb"},"inLanguage":"pl-PL","potentialAction":[{"@type":"ReadAction","target":["https:\/\/www.sotrender.com\/blog\/pl\/2024\/01\/instagram-trends-grudzien-2023-ulubiona-akcja-polakow\/"]}]},{"@type":"ImageObject","inLanguage":"pl-PL","@id":"https:\/\/www.sotrender.com\/blog\/pl\/2024\/01\/instagram-trends-grudzien-2023-ulubiona-akcja-polakow\/#primaryimage","url":"https:\/\/www.sotrender.com\/blog\/wp-content\/uploads\/2024\/01\/nakarm-psa-z-olx-instagram.jpg","contentUrl":"https:\/\/www.sotrender.com\/blog\/wp-content\/uploads\/2024\/01\/nakarm-psa-z-olx-instagram.jpg","width":1700,"height":1020},{"@type":"BreadcrumbList","@id":"https:\/\/www.sotrender.com\/blog\/pl\/2024\/01\/instagram-trends-grudzien-2023-ulubiona-akcja-polakow\/#breadcrumb","itemListElement":[{"@type":"ListItem","position":1,"name":"Home","item":"https:\/\/www.sotrender.com\/blog\/"},{"@type":"ListItem","position":2,"name":"Instagram Trends grudzie\u0144 2023 &#8211; ulubiona akcja Polak\u00f3w"}]},{"@type":"WebSite","@id":"https:\/\/www.sotrender.com\/blog\/#website","url":"https:\/\/www.sotrender.com\/blog\/","name":"Sotrender Blog","description":"","potentialAction":[{"@type":"SearchAction","target":{"@type":"EntryPoint","urlTemplate":"https:\/\/www.sotrender.com\/blog\/?s={search_term_string}"},"query-input":"required name=search_term_string"}],"inLanguage":"pl-PL"},{"@type":"Person","@id":"https:\/\/www.sotrender.com\/blog\/#\/schema\/person\/038ac5e276c5d102d8cbb9c36cd43416","name":"Klaudia \u017by\u0142ka","image":{"@type":"ImageObject","inLanguage":"pl-PL","@id":"https:\/\/www.sotrender.com\/blog\/#\/schema\/person\/image\/","url":"https:\/\/secure.gravatar.com\/avatar\/f55d5d49ce3c448e1ffde0ab078d84cd?s=96&d=mm&r=g","contentUrl":"https:\/\/secure.gravatar.com\/avatar\/f55d5d49ce3c448e1ffde0ab078d84cd?s=96&d=mm&r=g","caption":"Klaudia \u017by\u0142ka"},"description":"Instagram, dogs, books and food lover. Former student at Warsaw University and Malm\u00f6 University. Improving her marketing skills every day. Proud owner of DIMAQ certificate","sameAs":["https:\/\/www.linkedin.com\/in\/klaudia-\u017cy\u0142ka-17527779"],"url":"https:\/\/www.sotrender.com\/blog\/pl\/author\/klaudia_yka\/"}]}},"_links":{"self":[{"href":"https:\/\/www.sotrender.com\/blog\/pl\/wp-json\/wp\/v2\/posts\/49297"}],"collection":[{"href":"https:\/\/www.sotrender.com\/blog\/pl\/wp-json\/wp\/v2\/posts"}],"about":[{"href":"https:\/\/www.sotrender.com\/blog\/pl\/wp-json\/wp\/v2\/types\/post"}],"author":[{"embeddable":true,"href":"https:\/\/www.sotrender.com\/blog\/pl\/wp-json\/wp\/v2\/users\/89"}],"replies":[{"embeddable":true,"href":"https:\/\/www.sotrender.com\/blog\/pl\/wp-json\/wp\/v2\/comments?post=49297"}],"version-history":[{"count":11,"href":"https:\/\/www.sotrender.com\/blog\/pl\/wp-json\/wp\/v2\/posts\/49297\/revisions"}],"predecessor-version":[{"id":49331,"href":"https:\/\/www.sotrender.com\/blog\/pl\/wp-json\/wp\/v2\/posts\/49297\/revisions\/49331"}],"wp:featuredmedia":[{"embeddable":true,"href":"https:\/\/www.sotrender.com\/blog\/pl\/wp-json\/wp\/v2\/media\/49299"}],"wp:attachment":[{"href":"https:\/\/www.sotrender.com\/blog\/pl\/wp-json\/wp\/v2\/media?parent=49297"}],"wp:term":[{"taxonomy":"category","embeddable":true,"href":"https:\/\/www.sotrender.com\/blog\/pl\/wp-json\/wp\/v2\/categories?post=49297"},{"taxonomy":"post_tag","embeddable":true,"href":"https:\/\/www.sotrender.com\/blog\/pl\/wp-json\/wp\/v2\/tags?post=49297"}],"curies":[{"name":"wp","href":"https:\/\/api.w.org\/{rel}","templated":true}]}}