{"id":49103,"date":"2023-12-11T09:44:31","date_gmt":"2023-12-11T08:44:31","guid":{"rendered":"https:\/\/www.sotrender.com\/blog\/?p=49103\/"},"modified":"2023-12-11T09:44:31","modified_gmt":"2023-12-11T08:44:31","slug":"facebook-trends-listopad-2023-historie-polskich-miast","status":"publish","type":"post","link":"https:\/\/www.sotrender.com\/blog\/pl\/2023\/12\/facebook-trends-listopad-2023-historie-polskich-miast\/","title":{"rendered":"Facebook Trends listopad 2023 &#8211; historie polskich miast"},"content":{"rendered":"<p><span style=\"font-weight: 400;\">Zaskakuje nas, jak tre\u015bci na Facebooku i Instagramie s\u0105 jednocze\u015bnie tak podobne i tak r\u00f3\u017cne. Na Facebooku nasz\u0105 uwag\u0119 ponownie zwr\u00f3ci\u0142y profile polityk\u00f3w i polskich miast. Chod\u017acie zobaczy\u0107, w jaki spos\u00f3b profilowi miasta \u0141\u00f3d\u017a uda\u0142o si\u0119 awansowa\u0107 do TOP20 najbardziej anga\u017cuj\u0105cych profili na Facebooku.<\/span><\/p>\n<p><!--more--><\/p>\n<p><span style=\"font-weight: 400;\">Zapraszamy na <a href=\"https:\/\/www.sotrender.com\/trends\/facebook\/poland\/202311\" target=\"_blank\" rel=\"noopener\">listopadowy raport Facebook Trends<\/a>!<\/span><\/p>\n<h2><strong>Stabilizacja koszt\u00f3w reklamowych<\/strong><\/h2>\n<p><span style=\"font-weight: 400;\">Trzeci miesi\u0105c z rz\u0119du obserwujemy niemal identyczne koszty CPC i CPM w ekosystemie Meta.\u00a0<\/span><\/p>\n<p><span style=\"font-weight: 400;\">Mimo du\u017cej konkurencji reklamodawc\u00f3w w okresie Black Friday, \u015bredni CPM wzr\u00f3s\u0142 jedynie o 12 groszy (z 3 z\u0142 96 gr do 4 z\u0142 08 gr).\u00a0<\/span><span style=\"font-weight: 400;\">Co ciekawe, <\/span><b>rok temu za CPM reklamodawcy p\u0142acili a\u017c o 1,5 z\u0142 wi\u0119cej <\/b><span style=\"font-weight: 400;\">&#8211; w listopadzie 2022 \u015bredni CPM wynosi\u0142 5 z\u0142 56 gr.<\/span><\/p>\n<p><img loading=\"lazy\" decoding=\"async\" class=\"aligncenter wp-image-49111\" src=\"https:\/\/www.sotrender.com\/blog\/wp-content\/uploads\/2023\/12\/CPM_11-2023.png\" alt=\"koszt cpm na facebooku w listopadzie 2023\" width=\"800\" height=\"400\" srcset=\"https:\/\/www.sotrender.com\/blog\/wp-content\/uploads\/2023\/12\/CPM_11-2023.png 2730w, https:\/\/www.sotrender.com\/blog\/wp-content\/uploads\/2023\/12\/CPM_11-2023-475x238.png 475w, https:\/\/www.sotrender.com\/blog\/wp-content\/uploads\/2023\/12\/CPM_11-2023-768x384.png 768w, https:\/\/www.sotrender.com\/blog\/wp-content\/uploads\/2023\/12\/CPM_11-2023-1536x768.png 1536w, https:\/\/www.sotrender.com\/blog\/wp-content\/uploads\/2023\/12\/CPM_11-2023-2048x1024.png 2048w\" sizes=\"(max-width: 800px) 100vw, 800px\" \/><\/p>\n<p><span style=\"font-weight: 400;\">Z kolei \u015bredni wska\u017anik CPC uleg\u0142 stabilizacji i w listopadzie wyni\u00f3s\u0142 1 z\u0142 03 gr (1 z\u0142 02 gr w pa\u017adzierniku).<\/span><\/p>\n<p><span style=\"font-weight: 400;\">Nie mniej jednak, nie da si\u0119 nie zauwa\u017cy\u0107 znacznego zmniejszania bud\u017cet\u00f3w na dzia\u0142ania reklamowe w ekosystemie Meta.<br \/>\n<\/span><b>W listopadzie tego roku reklamodawcy wydali na reklamy o po\u0142ow\u0119 mniej ni\u017c w grudniu 2022.\u00a0<\/b><\/p>\n<p><img loading=\"lazy\" decoding=\"async\" class=\"aligncenter wp-image-49113\" src=\"https:\/\/www.sotrender.com\/blog\/wp-content\/uploads\/2023\/12\/SpendScore_11-2023.png\" alt=\"wydatki na reklam\u0119 na facebooku listopad 2023\" width=\"801\" height=\"440\" srcset=\"https:\/\/www.sotrender.com\/blog\/wp-content\/uploads\/2023\/12\/SpendScore_11-2023.png 2048w, https:\/\/www.sotrender.com\/blog\/wp-content\/uploads\/2023\/12\/SpendScore_11-2023-475x261.png 475w, https:\/\/www.sotrender.com\/blog\/wp-content\/uploads\/2023\/12\/SpendScore_11-2023-768x422.png 768w, https:\/\/www.sotrender.com\/blog\/wp-content\/uploads\/2023\/12\/SpendScore_11-2023-1536x843.png 1536w\" sizes=\"(max-width: 801px) 100vw, 801px\" \/><\/p>\n<h2><strong>\u0141\u00f3dzki content najbardziej anga\u017cuj\u0105cy\u00a0<\/strong><\/h2>\n<p><a href=\"https:\/\/www.sotrender.com\/blog\/pl\/2023\/12\/instagram-trends-listopad-2023-polska-sprawa\/\" target=\"_blank\" rel=\"noopener\"><span style=\"font-weight: 400;\">Na Instagramie profil @kochamlodz by\u0142 drugim najbardziej anga\u017cuj\u0105cym profilem miast w minionym miesi\u0105cu.<\/span><\/a><span style=\"font-weight: 400;\"> Z kolei na Facebooku profil \u0141odzi awansowa\u0142 o 654 pozycji i uplasowa\u0142 si\u0119 w\u015br\u00f3d 20 najbardziej anga\u017cuj\u0105cych profili na polskim Facebooku.<\/span><\/p>\n<div id=\"attachment_49115\" style=\"width: 811px\" class=\"wp-caption aligncenter\"><img loading=\"lazy\" decoding=\"async\" aria-describedby=\"caption-attachment-49115\" class=\" wp-image-49115\" src=\"https:\/\/www.sotrender.com\/blog\/wp-content\/uploads\/2023\/12\/facebook-lo\u0301dz\u0301-top20.png\" alt=\"\u0142\u00f3d\u017a w\u015br\u00f3d najbardziej anga\u017cuj\u0105cych profili na facebooku\" width=\"801\" height=\"349\" srcset=\"https:\/\/www.sotrender.com\/blog\/wp-content\/uploads\/2023\/12\/facebook-lo\u0301dz\u0301-top20.png 1954w, https:\/\/www.sotrender.com\/blog\/wp-content\/uploads\/2023\/12\/facebook-lo\u0301dz\u0301-top20-475x207.png 475w, https:\/\/www.sotrender.com\/blog\/wp-content\/uploads\/2023\/12\/facebook-lo\u0301dz\u0301-top20-768x335.png 768w, https:\/\/www.sotrender.com\/blog\/wp-content\/uploads\/2023\/12\/facebook-lo\u0301dz\u0301-top20-1536x670.png 1536w\" sizes=\"(max-width: 801px) 100vw, 801px\" \/><p id=\"caption-attachment-49115\" class=\"wp-caption-text\"><a href=\"https:\/\/www.sotrender.com\/trends\/facebook\/poland\/202311\/pl_wszystkie\" target=\"_blank\" rel=\"noopener\">Profile na polskim Facebooku z najwi\u0119ksz\u0105 liczb\u0105 aktywno\u015bci<\/a> | listopad 2023<\/p><\/div>\n<p><span style=\"font-weight: 400;\">Poza regularnie prowadzon\u0105 komunikacj\u0105 przyczyni\u0142 si\u0119 do tego jeden z post\u00f3w na profilu, w kt\u00f3rym informowano o rysiu, kt\u00f3ry przemierza\u0142 ulice miasta. O tym niecodziennym zdarzeniu informowano tak\u017ce na profilu \u0142\u00f3dzkiego ZOO.<\/span><\/p>\n<div id=\"attachment_49117\" style=\"width: 809px\" class=\"wp-caption aligncenter\"><img loading=\"lazy\" decoding=\"async\" aria-describedby=\"caption-attachment-49117\" class=\" wp-image-49117\" src=\"https:\/\/www.sotrender.com\/blog\/wp-content\/uploads\/2023\/12\/lo\u0301dz\u0301-facebook-post-listopad-2023.png\" alt=\"\u0142o\u0301dz\u0301 facebook post listopad 2023\" width=\"799\" height=\"388\" srcset=\"https:\/\/www.sotrender.com\/blog\/wp-content\/uploads\/2023\/12\/lo\u0301dz\u0301-facebook-post-listopad-2023.png 1964w, https:\/\/www.sotrender.com\/blog\/wp-content\/uploads\/2023\/12\/lo\u0301dz\u0301-facebook-post-listopad-2023-475x231.png 475w, https:\/\/www.sotrender.com\/blog\/wp-content\/uploads\/2023\/12\/lo\u0301dz\u0301-facebook-post-listopad-2023-768x373.png 768w, https:\/\/www.sotrender.com\/blog\/wp-content\/uploads\/2023\/12\/lo\u0301dz\u0301-facebook-post-listopad-2023-1536x746.png 1536w\" sizes=\"(max-width: 799px) 100vw, 799px\" \/><p id=\"caption-attachment-49117\" class=\"wp-caption-text\">Najlepsze posty w kategorii <a href=\"https:\/\/www.sotrender.com\/trends\/facebook\/poland\/202311\/miejsca\" target=\"_blank\" rel=\"noopener\">Miejsca<\/a> na Facebooku | listopad 2023<\/p><\/div>\n<p><span style=\"font-weight: 400;\"><a href=\"https:\/\/www.sotrender.com\/trends\/facebook\/poland\/202311\/miejsca\" target=\"_blank\" rel=\"noopener\">W kategorii Miejsca<\/a>, pod wzgl\u0119dem \u0142\u0105cznej liczby aktywno\u015bci to w\u0142a\u015bnie te dwa \u0142\u00f3dzkie profile &#8211; profil miasta \u0141\u00f3d\u017a oraz \u0142\u00f3dzkiego ZOO &#8211; znalaz\u0142y si\u0119 na prowadzeniu.<\/span><\/p>\n<div id=\"attachment_49119\" style=\"width: 809px\" class=\"wp-caption aligncenter\"><img loading=\"lazy\" decoding=\"async\" aria-describedby=\"caption-attachment-49119\" class=\" wp-image-49119\" src=\"https:\/\/www.sotrender.com\/blog\/wp-content\/uploads\/2023\/12\/lo\u0301dz\u0301-najbardziej-angaz\u0307uja\u0328cy-profil-w-kategorii-miejsca.png\" alt=\"\u0142o\u0301dz\u0301 najbardziej angaz\u0307uja\u0328cy profil w kategorii miejsca\" width=\"799\" height=\"171\" srcset=\"https:\/\/www.sotrender.com\/blog\/wp-content\/uploads\/2023\/12\/lo\u0301dz\u0301-najbardziej-angaz\u0307uja\u0328cy-profil-w-kategorii-miejsca.png 2008w, https:\/\/www.sotrender.com\/blog\/wp-content\/uploads\/2023\/12\/lo\u0301dz\u0301-najbardziej-angaz\u0307uja\u0328cy-profil-w-kategorii-miejsca-475x102.png 475w, https:\/\/www.sotrender.com\/blog\/wp-content\/uploads\/2023\/12\/lo\u0301dz\u0301-najbardziej-angaz\u0307uja\u0328cy-profil-w-kategorii-miejsca-768x164.png 768w, https:\/\/www.sotrender.com\/blog\/wp-content\/uploads\/2023\/12\/lo\u0301dz\u0301-najbardziej-angaz\u0307uja\u0328cy-profil-w-kategorii-miejsca-1536x329.png 1536w\" sizes=\"(max-width: 799px) 100vw, 799px\" \/><p id=\"caption-attachment-49119\" class=\"wp-caption-text\">Profile w kategorii <a href=\"https:\/\/www.sotrender.com\/trends\/facebook\/poland\/202311\/miejsca\" target=\"_blank\" rel=\"noopener\">Miejsca<\/a> z najwi\u0119ksz\u0105 liczb\u0105 aktywno\u015bci u\u017cytkownik\u00f3w | listopad 2023<\/p><\/div>\n<h2><strong>Niespodziewany polityczny lider<\/strong><\/h2>\n<p><span style=\"font-weight: 400;\">Podczas gdy <\/span><a href=\"https:\/\/www.sotrender.com\/blog\/pl\/2023\/12\/instagram-trends-listopad-2023-polska-sprawa\/\" target=\"_blank\" rel=\"noopener\"><span style=\"font-weight: 400;\">na Instagramie politycznym numerem jeden by\u0142 bezapelacyjnie Szymon Ho\u0142ownia<\/span><\/a><span style=\"font-weight: 400;\">, na Facebooku to Patryk Jaki zacz\u0105\u0142 wysuwa\u0107 si\u0119 na pozycj\u0119 lidera.\u00a0<\/span><\/p>\n<p><span style=\"font-weight: 400;\">W listopadzie pi\u0119\u0107 z sze\u015bciu najlepszych post\u00f3w miesi\u0105ca <a href=\"https:\/\/www.sotrender.com\/trends\/facebook\/poland\/202311\/polityka\" target=\"_blank\" rel=\"noopener\">w kategorii Polityka<\/a> opublikowanych zosta\u0142o w\u0142a\u015bnie na jego profilu. Najbardziej anga\u017cuj\u0105cym z nich by\u0142o wideo dotycz\u0105ce hamburskich drzew, kt\u00f3re pojawi\u0142y si\u0119 na warszawskim placu Trzech Krzy\u017cy.\u00a0<\/span><\/p>\n<div id=\"attachment_49121\" style=\"width: 808px\" class=\"wp-caption aligncenter\"><img loading=\"lazy\" decoding=\"async\" aria-describedby=\"caption-attachment-49121\" class=\" wp-image-49121\" src=\"https:\/\/www.sotrender.com\/blog\/wp-content\/uploads\/2023\/12\/patryk-jaki-najlepszy-post-na-facebooku-listopad-2023.png\" alt=\"patryk jaki facebook drzewa\" width=\"798\" height=\"726\" srcset=\"https:\/\/www.sotrender.com\/blog\/wp-content\/uploads\/2023\/12\/patryk-jaki-najlepszy-post-na-facebooku-listopad-2023.png 1470w, https:\/\/www.sotrender.com\/blog\/wp-content\/uploads\/2023\/12\/patryk-jaki-najlepszy-post-na-facebooku-listopad-2023-475x432.png 475w, https:\/\/www.sotrender.com\/blog\/wp-content\/uploads\/2023\/12\/patryk-jaki-najlepszy-post-na-facebooku-listopad-2023-768x698.png 768w\" sizes=\"(max-width: 798px) 100vw, 798px\" \/><p id=\"caption-attachment-49121\" class=\"wp-caption-text\">Najlepsze posty w kategorii <a href=\"https:\/\/www.sotrender.com\/trends\/facebook\/poland\/202311\/polityka\" target=\"_blank\" rel=\"noopener\">Polityka<\/a> na Facebooku | listopad 2023<\/p><\/div>\n<p><span style=\"font-weight: 400;\">Niezmiennie jednak najwi\u0119kszym profilem w kategorii <a href=\"https:\/\/www.sotrender.com\/trends\/facebook\/poland\/202311\/polityka\" target=\"_blank\" rel=\"noopener\">Polityka<\/a> by\u0142 profil Szymona Ho\u0142owni. Z kolei profil Patryka Jakiego awansowa\u0142 o trzy pozycje na wysokie miejsce drugie pod wzgl\u0119dem zaanga\u017cowania.<\/span><\/p>\n<div id=\"attachment_49123\" style=\"width: 810px\" class=\"wp-caption aligncenter\"><img loading=\"lazy\" decoding=\"async\" aria-describedby=\"caption-attachment-49123\" class=\" wp-image-49123\" src=\"https:\/\/www.sotrender.com\/blog\/wp-content\/uploads\/2023\/12\/polityka-zaangazowanie-listopad-2023-facebook.png\" alt=\"profile polityka top zaanga\u017cowanie facebook listopad 2023\" width=\"800\" height=\"180\" srcset=\"https:\/\/www.sotrender.com\/blog\/wp-content\/uploads\/2023\/12\/polityka-zaangazowanie-listopad-2023-facebook.png 1946w, https:\/\/www.sotrender.com\/blog\/wp-content\/uploads\/2023\/12\/polityka-zaangazowanie-listopad-2023-facebook-475x107.png 475w, https:\/\/www.sotrender.com\/blog\/wp-content\/uploads\/2023\/12\/polityka-zaangazowanie-listopad-2023-facebook-768x173.png 768w, https:\/\/www.sotrender.com\/blog\/wp-content\/uploads\/2023\/12\/polityka-zaangazowanie-listopad-2023-facebook-1536x346.png 1536w\" sizes=\"(max-width: 800px) 100vw, 800px\" \/><p id=\"caption-attachment-49123\" class=\"wp-caption-text\">Profile w kategorii <a href=\"https:\/\/www.sotrender.com\/trends\/facebook\/poland\/202311\/polityka\" target=\"_blank\" rel=\"noopener\">Polityka<\/a> z najwi\u0119kszym zaanga\u017cowaniem | listopad 2023<\/p><\/div>\n<h2><strong>Facebook Trends listopad 2023<\/strong><\/h2>\n<p><span style=\"font-weight: 400;\">To wszystko, co przygotowali\u015bmy dla Was w tym miesi\u0105cu. Informacj\u0119 o tym, jak radzi\u0142y sobie Wasze ulubione, lub prowadzone przez Was profile, znajdziecie w pe\u0142nej wersji raportu <a href=\"https:\/\/www.sotrender.com\/trends\/facebook\/poland\/\" target=\"_blank\" rel=\"noopener\">Facebook Trends<\/a>. \u270c\ufe0f<\/span><\/p>\n","protected":false},"excerpt":{"rendered":"<p>Zaskakuje nas, jak tre\u015bci na Facebooku i Instagramie s\u0105 jednocze\u015bnie tak podobne i tak r\u00f3\u017cne. Na Facebooku nasz\u0105 uwag\u0119 ponownie zwr\u00f3ci\u0142y profile polityk\u00f3w i polskich miast. Chod\u017acie zobaczy\u0107, w jaki spos\u00f3b profilowi miasta \u0141\u00f3d\u017a uda\u0142o si\u0119 awansowa\u0107 do TOP20 najbardziej anga\u017cuj\u0105cych profili na Facebooku.<\/p>\n","protected":false},"author":89,"featured_media":49129,"comment_status":"open","ping_status":"open","sticky":false,"template":"","format":"standard","meta":{"inline_featured_image":false,"footnotes":""},"categories":[1797,2275],"tags":[2433,2607,2623,3221],"yoast_head":"<!-- This site is optimized with the Yoast SEO plugin v22.4 - https:\/\/yoast.com\/wordpress\/plugins\/seo\/ -->\n<title>Facebook Trends listopad 2023 - historie polskich miast<\/title>\n<meta name=\"description\" content=\"W listopadowych Trendsach sprawdzamy, jak profilowi miasta \u0141\u00f3d\u017a uda\u0142o si\u0119 awansowa\u0107 do TOP20 najbardziej anga\u017cuj\u0105cych profili na Facebooku.\" \/>\n<meta name=\"robots\" content=\"index, follow, max-snippet:-1, max-image-preview:large, max-video-preview:-1\" \/>\n<link rel=\"canonical\" href=\"https:\/\/www.sotrender.com\/blog\/pl\/2023\/12\/facebook-trends-listopad-2023-historie-polskich-miast\/\" \/>\n<meta property=\"og:locale\" content=\"pl_PL\" \/>\n<meta property=\"og:type\" content=\"article\" \/>\n<meta property=\"og:title\" content=\"Facebook Trends listopad 2023 - historie polskich miast\" \/>\n<meta property=\"og:description\" content=\"W listopadowych Trendsach sprawdzamy, jak profilowi miasta \u0141\u00f3d\u017a uda\u0142o si\u0119 awansowa\u0107 do TOP20 najbardziej anga\u017cuj\u0105cych profili na Facebooku.\" \/>\n<meta property=\"og:url\" content=\"https:\/\/www.sotrender.com\/blog\/pl\/2023\/12\/facebook-trends-listopad-2023-historie-polskich-miast\/\" \/>\n<meta property=\"og:site_name\" content=\"Sotrender Blog\" \/>\n<meta property=\"article:publisher\" content=\"https:\/\/www.facebook.com\/Sotrender\" \/>\n<meta property=\"article:published_time\" content=\"2023-12-11T08:44:31+00:00\" \/>\n<meta property=\"og:image\" content=\"https:\/\/www.sotrender.com\/blog\/wp-content\/uploads\/2023\/12\/lo\u0301dz\u0301-miasto.jpg\" \/>\n\t<meta property=\"og:image:width\" content=\"1700\" \/>\n\t<meta property=\"og:image:height\" content=\"956\" \/>\n\t<meta property=\"og:image:type\" content=\"image\/jpeg\" \/>\n<meta name=\"author\" content=\"Klaudia \u017by\u0142ka\" \/>\n<meta name=\"twitter:card\" content=\"summary_large_image\" \/>\n<meta name=\"twitter:creator\" content=\"@Sotrender\" \/>\n<meta name=\"twitter:site\" content=\"@Sotrender\" \/>\n<meta name=\"twitter:label1\" content=\"Written by\" \/>\n\t<meta name=\"twitter:data1\" content=\"Klaudia \u017by\u0142ka\" \/>\n\t<meta name=\"twitter:label2\" content=\"Est. reading time\" \/>\n\t<meta name=\"twitter:data2\" content=\"3 minutes\" \/>\n<script type=\"application\/ld+json\" class=\"yoast-schema-graph\">{\"@context\":\"https:\/\/schema.org\",\"@graph\":[{\"@type\":\"WebPage\",\"@id\":\"https:\/\/www.sotrender.com\/blog\/pl\/2023\/12\/facebook-trends-listopad-2023-historie-polskich-miast\/\",\"url\":\"https:\/\/www.sotrender.com\/blog\/pl\/2023\/12\/facebook-trends-listopad-2023-historie-polskich-miast\/\",\"name\":\"Facebook Trends listopad 2023 - historie polskich miast\",\"isPartOf\":{\"@id\":\"https:\/\/www.sotrender.com\/blog\/#website\"},\"primaryImageOfPage\":{\"@id\":\"https:\/\/www.sotrender.com\/blog\/pl\/2023\/12\/facebook-trends-listopad-2023-historie-polskich-miast\/#primaryimage\"},\"image\":{\"@id\":\"https:\/\/www.sotrender.com\/blog\/pl\/2023\/12\/facebook-trends-listopad-2023-historie-polskich-miast\/#primaryimage\"},\"thumbnailUrl\":\"https:\/\/www.sotrender.com\/blog\/wp-content\/uploads\/2023\/12\/lo\u0301dz\u0301-miasto.jpg\",\"datePublished\":\"2023-12-11T08:44:31+00:00\",\"dateModified\":\"2023-12-11T08:44:31+00:00\",\"author\":{\"@id\":\"https:\/\/www.sotrender.com\/blog\/#\/schema\/person\/038ac5e276c5d102d8cbb9c36cd43416\"},\"description\":\"W listopadowych Trendsach sprawdzamy, jak profilowi miasta \u0141\u00f3d\u017a uda\u0142o si\u0119 awansowa\u0107 do TOP20 najbardziej anga\u017cuj\u0105cych profili na Facebooku.\",\"breadcrumb\":{\"@id\":\"https:\/\/www.sotrender.com\/blog\/pl\/2023\/12\/facebook-trends-listopad-2023-historie-polskich-miast\/#breadcrumb\"},\"inLanguage\":\"pl-PL\",\"potentialAction\":[{\"@type\":\"ReadAction\",\"target\":[\"https:\/\/www.sotrender.com\/blog\/pl\/2023\/12\/facebook-trends-listopad-2023-historie-polskich-miast\/\"]}]},{\"@type\":\"ImageObject\",\"inLanguage\":\"pl-PL\",\"@id\":\"https:\/\/www.sotrender.com\/blog\/pl\/2023\/12\/facebook-trends-listopad-2023-historie-polskich-miast\/#primaryimage\",\"url\":\"https:\/\/www.sotrender.com\/blog\/wp-content\/uploads\/2023\/12\/lo\u0301dz\u0301-miasto.jpg\",\"contentUrl\":\"https:\/\/www.sotrender.com\/blog\/wp-content\/uploads\/2023\/12\/lo\u0301dz\u0301-miasto.jpg\",\"width\":1700,\"height\":956},{\"@type\":\"BreadcrumbList\",\"@id\":\"https:\/\/www.sotrender.com\/blog\/pl\/2023\/12\/facebook-trends-listopad-2023-historie-polskich-miast\/#breadcrumb\",\"itemListElement\":[{\"@type\":\"ListItem\",\"position\":1,\"name\":\"Home\",\"item\":\"https:\/\/www.sotrender.com\/blog\/\"},{\"@type\":\"ListItem\",\"position\":2,\"name\":\"Facebook Trends listopad 2023 &#8211; historie polskich miast\"}]},{\"@type\":\"WebSite\",\"@id\":\"https:\/\/www.sotrender.com\/blog\/#website\",\"url\":\"https:\/\/www.sotrender.com\/blog\/\",\"name\":\"Sotrender Blog\",\"description\":\"\",\"potentialAction\":[{\"@type\":\"SearchAction\",\"target\":{\"@type\":\"EntryPoint\",\"urlTemplate\":\"https:\/\/www.sotrender.com\/blog\/?s={search_term_string}\"},\"query-input\":\"required name=search_term_string\"}],\"inLanguage\":\"pl-PL\"},{\"@type\":\"Person\",\"@id\":\"https:\/\/www.sotrender.com\/blog\/#\/schema\/person\/038ac5e276c5d102d8cbb9c36cd43416\",\"name\":\"Klaudia \u017by\u0142ka\",\"image\":{\"@type\":\"ImageObject\",\"inLanguage\":\"pl-PL\",\"@id\":\"https:\/\/www.sotrender.com\/blog\/#\/schema\/person\/image\/\",\"url\":\"https:\/\/secure.gravatar.com\/avatar\/f55d5d49ce3c448e1ffde0ab078d84cd?s=96&d=mm&r=g\",\"contentUrl\":\"https:\/\/secure.gravatar.com\/avatar\/f55d5d49ce3c448e1ffde0ab078d84cd?s=96&d=mm&r=g\",\"caption\":\"Klaudia \u017by\u0142ka\"},\"description\":\"Instagram, dogs, books and food lover. Former student at Warsaw University and Malm\u00f6 University. Improving her marketing skills every day. Proud owner of DIMAQ certificate\",\"sameAs\":[\"https:\/\/www.linkedin.com\/in\/klaudia-\u017cy\u0142ka-17527779\"],\"url\":\"https:\/\/www.sotrender.com\/blog\/pl\/author\/klaudia_yka\/\"}]}<\/script>\n<!-- \/ Yoast SEO plugin. -->","yoast_head_json":{"title":"Facebook Trends listopad 2023 - historie polskich miast","description":"W listopadowych Trendsach sprawdzamy, jak profilowi miasta \u0141\u00f3d\u017a uda\u0142o si\u0119 awansowa\u0107 do TOP20 najbardziej anga\u017cuj\u0105cych profili na Facebooku.","robots":{"index":"index","follow":"follow","max-snippet":"max-snippet:-1","max-image-preview":"max-image-preview:large","max-video-preview":"max-video-preview:-1"},"canonical":"https:\/\/www.sotrender.com\/blog\/pl\/2023\/12\/facebook-trends-listopad-2023-historie-polskich-miast\/","og_locale":"pl_PL","og_type":"article","og_title":"Facebook Trends listopad 2023 - historie polskich miast","og_description":"W listopadowych Trendsach sprawdzamy, jak profilowi miasta \u0141\u00f3d\u017a uda\u0142o si\u0119 awansowa\u0107 do TOP20 najbardziej anga\u017cuj\u0105cych profili na Facebooku.","og_url":"https:\/\/www.sotrender.com\/blog\/pl\/2023\/12\/facebook-trends-listopad-2023-historie-polskich-miast\/","og_site_name":"Sotrender Blog","article_publisher":"https:\/\/www.facebook.com\/Sotrender","article_published_time":"2023-12-11T08:44:31+00:00","og_image":[{"width":1700,"height":956,"url":"https:\/\/www.sotrender.com\/blog\/wp-content\/uploads\/2023\/12\/lo\u0301dz\u0301-miasto.jpg","type":"image\/jpeg"}],"author":"Klaudia \u017by\u0142ka","twitter_card":"summary_large_image","twitter_creator":"@Sotrender","twitter_site":"@Sotrender","twitter_misc":{"Written by":"Klaudia \u017by\u0142ka","Est. reading time":"3 minutes"},"schema":{"@context":"https:\/\/schema.org","@graph":[{"@type":"WebPage","@id":"https:\/\/www.sotrender.com\/blog\/pl\/2023\/12\/facebook-trends-listopad-2023-historie-polskich-miast\/","url":"https:\/\/www.sotrender.com\/blog\/pl\/2023\/12\/facebook-trends-listopad-2023-historie-polskich-miast\/","name":"Facebook Trends listopad 2023 - historie polskich miast","isPartOf":{"@id":"https:\/\/www.sotrender.com\/blog\/#website"},"primaryImageOfPage":{"@id":"https:\/\/www.sotrender.com\/blog\/pl\/2023\/12\/facebook-trends-listopad-2023-historie-polskich-miast\/#primaryimage"},"image":{"@id":"https:\/\/www.sotrender.com\/blog\/pl\/2023\/12\/facebook-trends-listopad-2023-historie-polskich-miast\/#primaryimage"},"thumbnailUrl":"https:\/\/www.sotrender.com\/blog\/wp-content\/uploads\/2023\/12\/lo\u0301dz\u0301-miasto.jpg","datePublished":"2023-12-11T08:44:31+00:00","dateModified":"2023-12-11T08:44:31+00:00","author":{"@id":"https:\/\/www.sotrender.com\/blog\/#\/schema\/person\/038ac5e276c5d102d8cbb9c36cd43416"},"description":"W listopadowych Trendsach sprawdzamy, jak profilowi miasta \u0141\u00f3d\u017a uda\u0142o si\u0119 awansowa\u0107 do TOP20 najbardziej anga\u017cuj\u0105cych profili na Facebooku.","breadcrumb":{"@id":"https:\/\/www.sotrender.com\/blog\/pl\/2023\/12\/facebook-trends-listopad-2023-historie-polskich-miast\/#breadcrumb"},"inLanguage":"pl-PL","potentialAction":[{"@type":"ReadAction","target":["https:\/\/www.sotrender.com\/blog\/pl\/2023\/12\/facebook-trends-listopad-2023-historie-polskich-miast\/"]}]},{"@type":"ImageObject","inLanguage":"pl-PL","@id":"https:\/\/www.sotrender.com\/blog\/pl\/2023\/12\/facebook-trends-listopad-2023-historie-polskich-miast\/#primaryimage","url":"https:\/\/www.sotrender.com\/blog\/wp-content\/uploads\/2023\/12\/lo\u0301dz\u0301-miasto.jpg","contentUrl":"https:\/\/www.sotrender.com\/blog\/wp-content\/uploads\/2023\/12\/lo\u0301dz\u0301-miasto.jpg","width":1700,"height":956},{"@type":"BreadcrumbList","@id":"https:\/\/www.sotrender.com\/blog\/pl\/2023\/12\/facebook-trends-listopad-2023-historie-polskich-miast\/#breadcrumb","itemListElement":[{"@type":"ListItem","position":1,"name":"Home","item":"https:\/\/www.sotrender.com\/blog\/"},{"@type":"ListItem","position":2,"name":"Facebook Trends listopad 2023 &#8211; historie polskich miast"}]},{"@type":"WebSite","@id":"https:\/\/www.sotrender.com\/blog\/#website","url":"https:\/\/www.sotrender.com\/blog\/","name":"Sotrender Blog","description":"","potentialAction":[{"@type":"SearchAction","target":{"@type":"EntryPoint","urlTemplate":"https:\/\/www.sotrender.com\/blog\/?s={search_term_string}"},"query-input":"required name=search_term_string"}],"inLanguage":"pl-PL"},{"@type":"Person","@id":"https:\/\/www.sotrender.com\/blog\/#\/schema\/person\/038ac5e276c5d102d8cbb9c36cd43416","name":"Klaudia \u017by\u0142ka","image":{"@type":"ImageObject","inLanguage":"pl-PL","@id":"https:\/\/www.sotrender.com\/blog\/#\/schema\/person\/image\/","url":"https:\/\/secure.gravatar.com\/avatar\/f55d5d49ce3c448e1ffde0ab078d84cd?s=96&d=mm&r=g","contentUrl":"https:\/\/secure.gravatar.com\/avatar\/f55d5d49ce3c448e1ffde0ab078d84cd?s=96&d=mm&r=g","caption":"Klaudia \u017by\u0142ka"},"description":"Instagram, dogs, books and food lover. Former student at Warsaw University and Malm\u00f6 University. Improving her marketing skills every day. Proud owner of DIMAQ certificate","sameAs":["https:\/\/www.linkedin.com\/in\/klaudia-\u017cy\u0142ka-17527779"],"url":"https:\/\/www.sotrender.com\/blog\/pl\/author\/klaudia_yka\/"}]}},"_links":{"self":[{"href":"https:\/\/www.sotrender.com\/blog\/pl\/wp-json\/wp\/v2\/posts\/49103"}],"collection":[{"href":"https:\/\/www.sotrender.com\/blog\/pl\/wp-json\/wp\/v2\/posts"}],"about":[{"href":"https:\/\/www.sotrender.com\/blog\/pl\/wp-json\/wp\/v2\/types\/post"}],"author":[{"embeddable":true,"href":"https:\/\/www.sotrender.com\/blog\/pl\/wp-json\/wp\/v2\/users\/89"}],"replies":[{"embeddable":true,"href":"https:\/\/www.sotrender.com\/blog\/pl\/wp-json\/wp\/v2\/comments?post=49103"}],"version-history":[{"count":6,"href":"https:\/\/www.sotrender.com\/blog\/pl\/wp-json\/wp\/v2\/posts\/49103\/revisions"}],"predecessor-version":[{"id":49133,"href":"https:\/\/www.sotrender.com\/blog\/pl\/wp-json\/wp\/v2\/posts\/49103\/revisions\/49133"}],"wp:featuredmedia":[{"embeddable":true,"href":"https:\/\/www.sotrender.com\/blog\/pl\/wp-json\/wp\/v2\/media\/49129"}],"wp:attachment":[{"href":"https:\/\/www.sotrender.com\/blog\/pl\/wp-json\/wp\/v2\/media?parent=49103"}],"wp:term":[{"taxonomy":"category","embeddable":true,"href":"https:\/\/www.sotrender.com\/blog\/pl\/wp-json\/wp\/v2\/categories?post=49103"},{"taxonomy":"post_tag","embeddable":true,"href":"https:\/\/www.sotrender.com\/blog\/pl\/wp-json\/wp\/v2\/tags?post=49103"}],"curies":[{"name":"wp","href":"https:\/\/api.w.org\/{rel}","templated":true}]}}