{"id":49027,"date":"2023-12-06T10:03:29","date_gmt":"2023-12-06T09:03:29","guid":{"rendered":"https:\/\/www.sotrender.com\/blog\/?p=49027\/"},"modified":"2023-12-06T10:03:29","modified_gmt":"2023-12-06T09:03:29","slug":"instagram-trends-listopad-2023-polska-sprawa","status":"publish","type":"post","link":"https:\/\/www.sotrender.com\/blog\/pl\/2023\/12\/instagram-trends-listopad-2023-polska-sprawa\/","title":{"rendered":"Instagram Trends listopad 2023 &#8211; polska sprawa"},"content":{"rendered":"<p><span style=\"font-weight: 400;\">Instagram nie przestaje nas zaskakiwa\u0107. Cho\u0107 byli\u015bmy ju\u017c ponad miesi\u0105c po wyborach, polityka ponownie przys\u0142oni\u0142a pozosta\u0142e tre\u015bci opublikowane na platformie w minionym miesi\u0105cu. Black Friday i przygotowania do \u015bwi\u0105t nie mia\u0142y podjazdu do obrad Sejmu, kt\u00f3re internauci zacz\u0119li ogl\u0105da\u0107 niczym najlepsze seriale na Netflixie.<\/span><\/p>\n<p><!--more--><\/p>\n<p><span style=\"font-weight: 400;\">Zapraszamy na <a href=\"https:\/\/www.sotrender.com\/trends\/instagram\/poland\/202311\" target=\"_blank\" rel=\"noopener\">listopadowy raport Instagram Trends<\/a>!<\/span><\/p>\n<h2><strong>Marsza\u0142ek Sejmu z imponuj\u0105cym zaanga\u017cowaniem na Instagramie<\/strong><\/h2>\n<p><span style=\"font-weight: 400;\">Szymon Ho\u0142ownia jest chyba pierwszym Marsza\u0142kiem Sejmu, kt\u00f3ry na Instagramie jest tak aktywny, i zarazem wywo\u0142uje tak du\u017ce zaanga\u017cowanie.\u00a0<\/span><\/p>\n<p><span style=\"font-weight: 400;\">Ju\u017c dwa dni po obj\u0119ciu nowego stanowiska, Ho\u0142ownia opublikowa\u0142 na profilu wideo z fragmentem swojej wypowiedzi z jednych z pierwszych obrad Sejmu. Podkre\u015bla w nim, jakimi zasadami b\u0119dzie kierowa\u0142 si\u0119 sprawuj\u0105c swoje stanowisko i jak wyobra\u017ca sobie kolejne obrady Sejmu.\u00a0<\/span><\/p>\n<div id=\"attachment_49039\" style=\"width: 812px\" class=\"wp-caption aligncenter\"><img loading=\"lazy\" decoding=\"async\" aria-describedby=\"caption-attachment-49039\" class=\" wp-image-49039\" src=\"https:\/\/www.sotrender.com\/blog\/wp-content\/uploads\/2023\/12\/politycy-najlepsze-posty-listopad-2023.png\" alt=\"szymon ho\u0142ownia najlepszy posta na instagramie wideo obrady sejmu\" width=\"802\" height=\"387\" srcset=\"https:\/\/www.sotrender.com\/blog\/wp-content\/uploads\/2023\/12\/politycy-najlepsze-posty-listopad-2023.png 1904w, https:\/\/www.sotrender.com\/blog\/wp-content\/uploads\/2023\/12\/politycy-najlepsze-posty-listopad-2023-475x229.png 475w, https:\/\/www.sotrender.com\/blog\/wp-content\/uploads\/2023\/12\/politycy-najlepsze-posty-listopad-2023-768x370.png 768w, https:\/\/www.sotrender.com\/blog\/wp-content\/uploads\/2023\/12\/politycy-najlepsze-posty-listopad-2023-1536x741.png 1536w\" sizes=\"(max-width: 802px) 100vw, 802px\" \/><p id=\"caption-attachment-49039\" class=\"wp-caption-text\">Najlepsze posty na Instagramie w kategorii <a href=\"https:\/\/www.sotrender.com\/trends\/instagram\/poland\/202311\/osoby\/osoby_polityka\" target=\"_blank\" rel=\"noopener\">Politycy<\/a> | listopad 2023<\/p><\/div>\n<p><span style=\"font-weight: 400;\">Wideo sta\u0142o si\u0119 najbardziej anga\u017cuj\u0105cym postem miesi\u0105ca <a href=\"https:\/\/www.sotrender.com\/trends\/instagram\/poland\/202311\/osoby\/osoby_polityka\" target=\"_blank\" rel=\"noopener\">w kategorii Politycy<\/a> &#8211; zgromadzi\u0142o niemal 120 tys. polubie\u0144 i ponad 3600 komentarzy u\u017cytkownik\u00f3w. Wi\u0119kszo\u015b\u0107 internaut\u00f3w by\u0142a zachwycona postaw\u0105 nowego Marsza\u0142ka Sejmu, i jak mo\u017cemy przeczyta\u0107 w jednym z komentarzy<\/span><\/p>\n<blockquote><p><span style=\"font-weight: 400;\">To jest klasa, kt\u00f3rej oczekuje si\u0119 od Marsza\u0142ka Sejmu! Czeka\u0142am na takie s\u0142owa!!!!<\/span><\/p><\/blockquote>\n<p><span style=\"font-weight: 400;\">napisa\u0142a pani Karolina pod wideo.<\/span><\/p>\n<p><span style=\"font-weight: 400;\">Profil Ho\u0142owni by\u0142 drugim najszybciej rosn\u0105cym profilem w minionym miesi\u0105cu na polskim Instagramie. Nowemu Marsza\u0142kowi Sejmu przyby\u0142o ponad 160 tys. nowych obserwator\u00f3w.<\/span><\/p>\n<div id=\"attachment_49035\" style=\"width: 410px\" class=\"wp-caption aligncenter\"><img loading=\"lazy\" decoding=\"async\" aria-describedby=\"caption-attachment-49035\" class=\" wp-image-49035\" src=\"https:\/\/www.sotrender.com\/blog\/wp-content\/uploads\/2023\/12\/instagram-listopad-2023-najszybciej-rosna\u0328ce-profile.png\" alt=\"instagram listopad 2023 najszybciej rosna\u0328ce profile\" width=\"400\" height=\"359\" srcset=\"https:\/\/www.sotrender.com\/blog\/wp-content\/uploads\/2023\/12\/instagram-listopad-2023-najszybciej-rosna\u0328ce-profile.png 748w, https:\/\/www.sotrender.com\/blog\/wp-content\/uploads\/2023\/12\/instagram-listopad-2023-najszybciej-rosna\u0328ce-profile-475x427.png 475w\" sizes=\"(max-width: 400px) 100vw, 400px\" \/><p id=\"caption-attachment-49035\" class=\"wp-caption-text\"><a href=\"https:\/\/www.sotrender.com\/trends\/instagram\/poland\/202311\" target=\"_blank\" rel=\"noopener\">Najszybciej rosn\u0105ce profile w listopadzie 2023<\/a> na Instagramie<\/p><\/div>\n<p><span style=\"font-weight: 400;\">Tym samym, <a href=\"https:\/\/www.sotrender.com\/trends\/instagram\/poland\/202311\/osoby\/osoby_polityka\" target=\"_blank\" rel=\"noopener\">w kategorii Politycy<\/a>, Ho\u0142ownia wyprzedzi\u0142 Donalda Tuska, a jego profil sta\u0142 si\u0119 numerem jeden zar\u00f3wno pod wzgl\u0119dem liczby obserwator\u00f3w, jak i liczby aktywno\u015bci u\u017cytkownik\u00f3w.\u00a0<\/span><\/p>\n<div id=\"attachment_49043\" style=\"width: 813px\" class=\"wp-caption aligncenter\"><img loading=\"lazy\" decoding=\"async\" aria-describedby=\"caption-attachment-49043\" class=\" wp-image-49043\" src=\"https:\/\/www.sotrender.com\/blog\/wp-content\/uploads\/2023\/12\/politycy-najwie\u0328ksze-profile-listopad-2023-instagram.png\" alt=\"szymon ho\u0142ownia najwi\u0119kszy profil polityka na polskim instagramie\" width=\"803\" height=\"171\" srcset=\"https:\/\/www.sotrender.com\/blog\/wp-content\/uploads\/2023\/12\/politycy-najwie\u0328ksze-profile-listopad-2023-instagram.png 1938w, https:\/\/www.sotrender.com\/blog\/wp-content\/uploads\/2023\/12\/politycy-najwie\u0328ksze-profile-listopad-2023-instagram-475x101.png 475w, https:\/\/www.sotrender.com\/blog\/wp-content\/uploads\/2023\/12\/politycy-najwie\u0328ksze-profile-listopad-2023-instagram-768x163.png 768w, https:\/\/www.sotrender.com\/blog\/wp-content\/uploads\/2023\/12\/politycy-najwie\u0328ksze-profile-listopad-2023-instagram-1536x327.png 1536w\" sizes=\"(max-width: 803px) 100vw, 803px\" \/><p id=\"caption-attachment-49043\" class=\"wp-caption-text\">Najwi\u0119ksze profile <a href=\"https:\/\/www.sotrender.com\/trends\/instagram\/poland\/202311\/osoby\/osoby_polityka\" target=\"_blank\" rel=\"noopener\">polityk\u00f3w<\/a> na Instagramie | listopad 2023<\/p><\/div>\n<h2><strong>Miasta silne na Instagramie (i na LinkedInie te\u017c)<\/strong><\/h2>\n<p><span style=\"font-weight: 400;\">W kategorii <a href=\"https:\/\/www.sotrender.com\/trends\/instagram\/poland\/202311\/miejsca\" target=\"_blank\" rel=\"noopener\">Miejsca<\/a> profilami o najwi\u0119kszym zaanga\u017cowaniu by\u0142y z kolei profile miast, wyprzedzaj\u0105c chocia\u017cby profil McDonald&#8217;s Polska czy Energylandii.\u00a0<\/span><\/p>\n<div id=\"attachment_49045\" style=\"width: 812px\" class=\"wp-caption aligncenter\"><img loading=\"lazy\" decoding=\"async\" aria-describedby=\"caption-attachment-49045\" class=\" wp-image-49045\" src=\"https:\/\/www.sotrender.com\/blog\/wp-content\/uploads\/2023\/12\/instagram-miejsca-listopad-2023.png\" alt=\"profile miast na instagramie zaanga\u017cowanie\" width=\"802\" height=\"247\" srcset=\"https:\/\/www.sotrender.com\/blog\/wp-content\/uploads\/2023\/12\/instagram-miejsca-listopad-2023.png 1978w, https:\/\/www.sotrender.com\/blog\/wp-content\/uploads\/2023\/12\/instagram-miejsca-listopad-2023-475x146.png 475w, https:\/\/www.sotrender.com\/blog\/wp-content\/uploads\/2023\/12\/instagram-miejsca-listopad-2023-768x236.png 768w, https:\/\/www.sotrender.com\/blog\/wp-content\/uploads\/2023\/12\/instagram-miejsca-listopad-2023-1536x472.png 1536w\" sizes=\"(max-width: 802px) 100vw, 802px\" \/><p id=\"caption-attachment-49045\" class=\"wp-caption-text\">Profile miast na Instagramie z najwi\u0119ksz\u0105 liczb\u0105 aktywno\u015bci u\u017cytkownik\u00f3w | listopad 2023<\/p><\/div>\n<p><span style=\"font-weight: 400;\">Kolejne potwierdzenie, \u017ce miasta i samorz\u0105dy potrafi\u0105 w sociale znajdziecie w naszej analizie profili samorz\u0105dowych na LinkedInie, kt\u00f3r\u0105 opublikowali\u015bmy kilka dni temu.<\/span><\/p>\n<p><iframe loading=\"lazy\" title=\"Embedded post\" src=\"https:\/\/www.linkedin.com\/embed\/feed\/update\/urn:li:ugcPost:7135255617337712640\" width=\"504\" height=\"1024\" frameborder=\"0\" allowfullscreen=\"allowfullscreen\"><\/iframe><br \/>\n<span style=\"font-weight: 400;\">Pozostaj\u0105c w nastroju patriotycznym, naszej uwadze nie umkn\u0119\u0142o te\u017c wideo przygotowane przez Micha\u0142a Sadowskiego z Brand24, w kt\u00f3rym pokazuje, jak pi\u0119kna jest Polska.<\/span><\/p>\n<div id=\"attachment_49049\" style=\"width: 810px\" class=\"wp-caption aligncenter\"><img loading=\"lazy\" decoding=\"async\" aria-describedby=\"caption-attachment-49049\" class=\" wp-image-49049\" src=\"https:\/\/www.sotrender.com\/blog\/wp-content\/uploads\/2023\/12\/fotografia-najlepsze-posty-instagram-2023.png\" alt=\"Najlepsze posty na Instagramie w kategorii Fotografia listopad 2023\" width=\"800\" height=\"381\" srcset=\"https:\/\/www.sotrender.com\/blog\/wp-content\/uploads\/2023\/12\/fotografia-najlepsze-posty-instagram-2023.png 1924w, https:\/\/www.sotrender.com\/blog\/wp-content\/uploads\/2023\/12\/fotografia-najlepsze-posty-instagram-2023-475x226.png 475w, https:\/\/www.sotrender.com\/blog\/wp-content\/uploads\/2023\/12\/fotografia-najlepsze-posty-instagram-2023-768x366.png 768w, https:\/\/www.sotrender.com\/blog\/wp-content\/uploads\/2023\/12\/fotografia-najlepsze-posty-instagram-2023-1536x731.png 1536w\" sizes=\"(max-width: 800px) 100vw, 800px\" \/><p id=\"caption-attachment-49049\" class=\"wp-caption-text\">Najlepsze posty na Instagramie w kategorii <a href=\"https:\/\/www.sotrender.com\/trends\/instagram\/poland\/202311\/osoby\/osoby_fotografia\" target=\"_blank\" rel=\"noopener\">Fotografia<\/a> | listopad 2023<\/p><\/div>\n<blockquote><p><span style=\"font-weight: 400;\">To powinien by\u0107 spot promuj\u0105cy turystyk\u0119 w Polsce ?\u2764\ufe0f?<\/span><\/p><\/blockquote>\n<p><span style=\"font-weight: 400;\">pisze Pani Urszula w jednym z komentarzy\u00a0<\/span><\/p>\n<p><span style=\"font-weight: 400;\">Wideo na profilu Micha\u0142a, z liczb\u0105 niespe\u0142na 60 tys. komentarzy, by\u0142o najlepszym postem miesi\u0105ca <a href=\"https:\/\/www.sotrender.com\/trends\/instagram\/poland\/202311\/osoby\/osoby_fotografia\" target=\"_blank\" rel=\"noopener\">w kategorii Fotografia<\/a>.<\/span><\/p>\n<h2><strong>Viralowy zawr\u00f3t w\u0142osowy<\/strong><\/h2>\n<p><span style=\"font-weight: 400;\">W listopadzie mieli\u015bmy te\u017c na Instagramie prawdziwego virala. Mowa o wideo na profilu @wlosowero, kt\u00f3re przedstawia backstage tworzenia i\u015bcie jesieniarskiego zdj\u0119cia z w\u0142osami w roli g\u0142\u00f3wnej.<\/span><\/p>\n<p><span style=\"font-weight: 400;\">Post w\u0142osomaniaczki zyska\u0142 wi\u0119ksze zaanga\u017cowanie ni\u017c posty samego Roberta Lewandowskiego i by\u0142 najlepszym postem miesi\u0105ca <a href=\"https:\/\/www.sotrender.com\/trends\/instagram\/poland\/202311\/osoby\" target=\"_blank\" rel=\"noopener\">w kategorii Osoby<\/a>.<\/span><\/p>\n<div id=\"attachment_49051\" style=\"width: 810px\" class=\"wp-caption aligncenter\"><img loading=\"lazy\" decoding=\"async\" aria-describedby=\"caption-attachment-49051\" class=\" wp-image-49051\" src=\"https:\/\/www.sotrender.com\/blog\/wp-content\/uploads\/2023\/12\/osoby-instagram-listopad-2023.png\" alt=\"wlosowero post instagram viral\" width=\"800\" height=\"392\" srcset=\"https:\/\/www.sotrender.com\/blog\/wp-content\/uploads\/2023\/12\/osoby-instagram-listopad-2023.png 1928w, https:\/\/www.sotrender.com\/blog\/wp-content\/uploads\/2023\/12\/osoby-instagram-listopad-2023-475x233.png 475w, https:\/\/www.sotrender.com\/blog\/wp-content\/uploads\/2023\/12\/osoby-instagram-listopad-2023-768x377.png 768w, https:\/\/www.sotrender.com\/blog\/wp-content\/uploads\/2023\/12\/osoby-instagram-listopad-2023-1536x754.png 1536w\" sizes=\"(max-width: 800px) 100vw, 800px\" \/><p id=\"caption-attachment-49051\" class=\"wp-caption-text\">Najlepsze posty w kategorii <a href=\"https:\/\/www.sotrender.com\/trends\/instagram\/poland\/202311\/osoby\" target=\"_blank\" rel=\"noopener\">Osoby<\/a> na Instagramie | listopad 2023<\/p><\/div>\n<p><span style=\"font-weight: 400;\">Ponad 1,5 miliona polubie\u0144 i 1400 komentarzy od u\u017cytkownik\u00f3w z ca\u0142ego \u015bwiata robi\u0105 wra\u017cenie.\u00a0<\/span><\/p>\n<p><span style=\"font-weight: 400;\">Profil Weroniki stoj\u0105cej za @wlosowero awansowa\u0142 o ponad 600 pozycji i uplasowa\u0142 si\u0119 na wysokim pi\u0105tym miejscu pod wzgl\u0119dem \u0142\u0105cznej liczby aktywno\u015bci w\u015br\u00f3d wszystkich profili os\u00f3b na polskim Instagramie.<\/span><\/p>\n<div id=\"attachment_49053\" style=\"width: 811px\" class=\"wp-caption aligncenter\"><img loading=\"lazy\" decoding=\"async\" aria-describedby=\"caption-attachment-49053\" class=\" wp-image-49053\" src=\"https:\/\/www.sotrender.com\/blog\/wp-content\/uploads\/2023\/12\/osoby-instagram-11.2023-liczba-aktywnosci.png\" alt=\"wlosowero zaanga\u017cowanie instagram viral\" width=\"801\" height=\"319\" srcset=\"https:\/\/www.sotrender.com\/blog\/wp-content\/uploads\/2023\/12\/osoby-instagram-11.2023-liczba-aktywnosci.png 1970w, https:\/\/www.sotrender.com\/blog\/wp-content\/uploads\/2023\/12\/osoby-instagram-11.2023-liczba-aktywnosci-475x189.png 475w, https:\/\/www.sotrender.com\/blog\/wp-content\/uploads\/2023\/12\/osoby-instagram-11.2023-liczba-aktywnosci-768x306.png 768w, https:\/\/www.sotrender.com\/blog\/wp-content\/uploads\/2023\/12\/osoby-instagram-11.2023-liczba-aktywnosci-1536x611.png 1536w\" sizes=\"(max-width: 801px) 100vw, 801px\" \/><p id=\"caption-attachment-49053\" class=\"wp-caption-text\">Profile w kategorii <a href=\"https:\/\/www.sotrender.com\/trends\/instagram\/poland\/202311\/osoby\" target=\"_blank\" rel=\"noopener\">Osoby<\/a> na Instagramie z najwi\u0119ksz\u0105 liczb\u0105 aktywno\u015bci u\u017cytkownik\u00f3w | listopad 2023<\/p><\/div>\n<h2><strong>Instagram Trends listopad 2023\u00a0<\/strong><\/h2>\n<p><span style=\"font-weight: 400;\">To wszystko, co przygotowali\u015bmy dla Was w ramach podsumowania listopadowego raportu Instagram Trends. A \u017ce na Instagramie wyj\u0105tkowo du\u017co si\u0119 dzia\u0142o, zach\u0119camy do sprawdzenia <a href=\"https:\/\/www.sotrender.com\/trends\/instagram\/poland\/202311\" target=\"_blank\" rel=\"noopener\">pe\u0142nej wersji raportu<\/a>. Gdy to zrobicie, mo\u017cecie by\u0107 pewni, \u017ce b\u0119dziecie na bie\u017c\u0105co. \ud83d\ude09\u00a0<\/span><\/p>\n","protected":false},"excerpt":{"rendered":"<p>Instagram nie przestaje nas zaskakiwa\u0107. Cho\u0107 byli\u015bmy ju\u017c ponad miesi\u0105c po wyborach, polityka ponownie przys\u0142oni\u0142a pozosta\u0142e tre\u015bci opublikowane na platformie w minionym miesi\u0105cu. Black Friday i przygotowania do \u015bwi\u0105t nie mia\u0142y podjazdu do obrad Sejmu, kt\u00f3re internauci zacz\u0119li ogl\u0105da\u0107 niczym najlepsze seriale na Netflixie.<\/p>\n","protected":false},"author":89,"featured_media":49057,"comment_status":"open","ping_status":"open","sticky":false,"template":"","format":"standard","meta":{"inline_featured_image":false,"footnotes":""},"categories":[1803],"tags":[2073,2369,3219],"yoast_head":"<!-- This site is optimized with the Yoast SEO plugin v22.4 - https:\/\/yoast.com\/wordpress\/plugins\/seo\/ -->\n<title>Instagram Trends listopad 2023 - polska sprawa<\/title>\n<meta name=\"description\" content=\"Cho\u0107 byli\u015bmy ju\u017c ponad miesi\u0105c po wyborach, polityka ponownie przys\u0142oni\u0142a pozosta\u0142e tre\u015bci opublikowane na platformie w minionym miesi\u0105cu.\" \/>\n<meta name=\"robots\" content=\"index, follow, max-snippet:-1, max-image-preview:large, max-video-preview:-1\" \/>\n<link rel=\"canonical\" href=\"https:\/\/www.sotrender.com\/blog\/pl\/2023\/12\/instagram-trends-listopad-2023-polska-sprawa\/\" \/>\n<meta property=\"og:locale\" content=\"pl_PL\" \/>\n<meta property=\"og:type\" content=\"article\" \/>\n<meta property=\"og:title\" content=\"Instagram Trends listopad 2023 - polska sprawa\" \/>\n<meta property=\"og:description\" content=\"Cho\u0107 byli\u015bmy ju\u017c ponad miesi\u0105c po wyborach, polityka ponownie przys\u0142oni\u0142a pozosta\u0142e tre\u015bci opublikowane na platformie w minionym miesi\u0105cu.\" \/>\n<meta property=\"og:url\" content=\"https:\/\/www.sotrender.com\/blog\/pl\/2023\/12\/instagram-trends-listopad-2023-polska-sprawa\/\" \/>\n<meta property=\"og:site_name\" content=\"Sotrender Blog\" \/>\n<meta property=\"article:publisher\" content=\"https:\/\/www.facebook.com\/Sotrender\" \/>\n<meta property=\"article:published_time\" content=\"2023-12-06T09:03:29+00:00\" \/>\n<meta property=\"og:image\" content=\"https:\/\/www.sotrender.com\/blog\/wp-content\/uploads\/2023\/12\/instagram-trends-listopad-2023.jpg\" \/>\n\t<meta property=\"og:image:width\" content=\"1700\" \/>\n\t<meta property=\"og:image:height\" content=\"1138\" \/>\n\t<meta property=\"og:image:type\" content=\"image\/jpeg\" \/>\n<meta name=\"author\" content=\"Klaudia \u017by\u0142ka\" \/>\n<meta name=\"twitter:card\" content=\"summary_large_image\" \/>\n<meta name=\"twitter:creator\" content=\"@Sotrender\" \/>\n<meta name=\"twitter:site\" content=\"@Sotrender\" \/>\n<meta name=\"twitter:label1\" content=\"Written by\" \/>\n\t<meta name=\"twitter:data1\" content=\"Klaudia \u017by\u0142ka\" \/>\n\t<meta name=\"twitter:label2\" content=\"Est. reading time\" \/>\n\t<meta name=\"twitter:data2\" content=\"3 minutes\" \/>\n<script type=\"application\/ld+json\" class=\"yoast-schema-graph\">{\"@context\":\"https:\/\/schema.org\",\"@graph\":[{\"@type\":\"WebPage\",\"@id\":\"https:\/\/www.sotrender.com\/blog\/pl\/2023\/12\/instagram-trends-listopad-2023-polska-sprawa\/\",\"url\":\"https:\/\/www.sotrender.com\/blog\/pl\/2023\/12\/instagram-trends-listopad-2023-polska-sprawa\/\",\"name\":\"Instagram Trends listopad 2023 - polska sprawa\",\"isPartOf\":{\"@id\":\"https:\/\/www.sotrender.com\/blog\/#website\"},\"primaryImageOfPage\":{\"@id\":\"https:\/\/www.sotrender.com\/blog\/pl\/2023\/12\/instagram-trends-listopad-2023-polska-sprawa\/#primaryimage\"},\"image\":{\"@id\":\"https:\/\/www.sotrender.com\/blog\/pl\/2023\/12\/instagram-trends-listopad-2023-polska-sprawa\/#primaryimage\"},\"thumbnailUrl\":\"https:\/\/www.sotrender.com\/blog\/wp-content\/uploads\/2023\/12\/instagram-trends-listopad-2023.jpg\",\"datePublished\":\"2023-12-06T09:03:29+00:00\",\"dateModified\":\"2023-12-06T09:03:29+00:00\",\"author\":{\"@id\":\"https:\/\/www.sotrender.com\/blog\/#\/schema\/person\/038ac5e276c5d102d8cbb9c36cd43416\"},\"description\":\"Cho\u0107 byli\u015bmy ju\u017c ponad miesi\u0105c po wyborach, polityka ponownie przys\u0142oni\u0142a pozosta\u0142e tre\u015bci opublikowane na platformie w minionym miesi\u0105cu.\",\"breadcrumb\":{\"@id\":\"https:\/\/www.sotrender.com\/blog\/pl\/2023\/12\/instagram-trends-listopad-2023-polska-sprawa\/#breadcrumb\"},\"inLanguage\":\"pl-PL\",\"potentialAction\":[{\"@type\":\"ReadAction\",\"target\":[\"https:\/\/www.sotrender.com\/blog\/pl\/2023\/12\/instagram-trends-listopad-2023-polska-sprawa\/\"]}]},{\"@type\":\"ImageObject\",\"inLanguage\":\"pl-PL\",\"@id\":\"https:\/\/www.sotrender.com\/blog\/pl\/2023\/12\/instagram-trends-listopad-2023-polska-sprawa\/#primaryimage\",\"url\":\"https:\/\/www.sotrender.com\/blog\/wp-content\/uploads\/2023\/12\/instagram-trends-listopad-2023.jpg\",\"contentUrl\":\"https:\/\/www.sotrender.com\/blog\/wp-content\/uploads\/2023\/12\/instagram-trends-listopad-2023.jpg\",\"width\":1700,\"height\":1138},{\"@type\":\"BreadcrumbList\",\"@id\":\"https:\/\/www.sotrender.com\/blog\/pl\/2023\/12\/instagram-trends-listopad-2023-polska-sprawa\/#breadcrumb\",\"itemListElement\":[{\"@type\":\"ListItem\",\"position\":1,\"name\":\"Home\",\"item\":\"https:\/\/www.sotrender.com\/blog\/\"},{\"@type\":\"ListItem\",\"position\":2,\"name\":\"Instagram Trends listopad 2023 &#8211; polska sprawa\"}]},{\"@type\":\"WebSite\",\"@id\":\"https:\/\/www.sotrender.com\/blog\/#website\",\"url\":\"https:\/\/www.sotrender.com\/blog\/\",\"name\":\"Sotrender Blog\",\"description\":\"\",\"potentialAction\":[{\"@type\":\"SearchAction\",\"target\":{\"@type\":\"EntryPoint\",\"urlTemplate\":\"https:\/\/www.sotrender.com\/blog\/?s={search_term_string}\"},\"query-input\":\"required name=search_term_string\"}],\"inLanguage\":\"pl-PL\"},{\"@type\":\"Person\",\"@id\":\"https:\/\/www.sotrender.com\/blog\/#\/schema\/person\/038ac5e276c5d102d8cbb9c36cd43416\",\"name\":\"Klaudia \u017by\u0142ka\",\"image\":{\"@type\":\"ImageObject\",\"inLanguage\":\"pl-PL\",\"@id\":\"https:\/\/www.sotrender.com\/blog\/#\/schema\/person\/image\/\",\"url\":\"https:\/\/secure.gravatar.com\/avatar\/f55d5d49ce3c448e1ffde0ab078d84cd?s=96&d=mm&r=g\",\"contentUrl\":\"https:\/\/secure.gravatar.com\/avatar\/f55d5d49ce3c448e1ffde0ab078d84cd?s=96&d=mm&r=g\",\"caption\":\"Klaudia \u017by\u0142ka\"},\"description\":\"Instagram, dogs, books and food lover. Former student at Warsaw University and Malm\u00f6 University. Improving her marketing skills every day. Proud owner of DIMAQ certificate\",\"sameAs\":[\"https:\/\/www.linkedin.com\/in\/klaudia-\u017cy\u0142ka-17527779\"],\"url\":\"https:\/\/www.sotrender.com\/blog\/pl\/author\/klaudia_yka\/\"}]}<\/script>\n<!-- \/ Yoast SEO plugin. -->","yoast_head_json":{"title":"Instagram Trends listopad 2023 - polska sprawa","description":"Cho\u0107 byli\u015bmy ju\u017c ponad miesi\u0105c po wyborach, polityka ponownie przys\u0142oni\u0142a pozosta\u0142e tre\u015bci opublikowane na platformie w minionym miesi\u0105cu.","robots":{"index":"index","follow":"follow","max-snippet":"max-snippet:-1","max-image-preview":"max-image-preview:large","max-video-preview":"max-video-preview:-1"},"canonical":"https:\/\/www.sotrender.com\/blog\/pl\/2023\/12\/instagram-trends-listopad-2023-polska-sprawa\/","og_locale":"pl_PL","og_type":"article","og_title":"Instagram Trends listopad 2023 - polska sprawa","og_description":"Cho\u0107 byli\u015bmy ju\u017c ponad miesi\u0105c po wyborach, polityka ponownie przys\u0142oni\u0142a pozosta\u0142e tre\u015bci opublikowane na platformie w minionym miesi\u0105cu.","og_url":"https:\/\/www.sotrender.com\/blog\/pl\/2023\/12\/instagram-trends-listopad-2023-polska-sprawa\/","og_site_name":"Sotrender Blog","article_publisher":"https:\/\/www.facebook.com\/Sotrender","article_published_time":"2023-12-06T09:03:29+00:00","og_image":[{"width":1700,"height":1138,"url":"https:\/\/www.sotrender.com\/blog\/wp-content\/uploads\/2023\/12\/instagram-trends-listopad-2023.jpg","type":"image\/jpeg"}],"author":"Klaudia \u017by\u0142ka","twitter_card":"summary_large_image","twitter_creator":"@Sotrender","twitter_site":"@Sotrender","twitter_misc":{"Written by":"Klaudia \u017by\u0142ka","Est. reading time":"3 minutes"},"schema":{"@context":"https:\/\/schema.org","@graph":[{"@type":"WebPage","@id":"https:\/\/www.sotrender.com\/blog\/pl\/2023\/12\/instagram-trends-listopad-2023-polska-sprawa\/","url":"https:\/\/www.sotrender.com\/blog\/pl\/2023\/12\/instagram-trends-listopad-2023-polska-sprawa\/","name":"Instagram Trends listopad 2023 - polska sprawa","isPartOf":{"@id":"https:\/\/www.sotrender.com\/blog\/#website"},"primaryImageOfPage":{"@id":"https:\/\/www.sotrender.com\/blog\/pl\/2023\/12\/instagram-trends-listopad-2023-polska-sprawa\/#primaryimage"},"image":{"@id":"https:\/\/www.sotrender.com\/blog\/pl\/2023\/12\/instagram-trends-listopad-2023-polska-sprawa\/#primaryimage"},"thumbnailUrl":"https:\/\/www.sotrender.com\/blog\/wp-content\/uploads\/2023\/12\/instagram-trends-listopad-2023.jpg","datePublished":"2023-12-06T09:03:29+00:00","dateModified":"2023-12-06T09:03:29+00:00","author":{"@id":"https:\/\/www.sotrender.com\/blog\/#\/schema\/person\/038ac5e276c5d102d8cbb9c36cd43416"},"description":"Cho\u0107 byli\u015bmy ju\u017c ponad miesi\u0105c po wyborach, polityka ponownie przys\u0142oni\u0142a pozosta\u0142e tre\u015bci opublikowane na platformie w minionym miesi\u0105cu.","breadcrumb":{"@id":"https:\/\/www.sotrender.com\/blog\/pl\/2023\/12\/instagram-trends-listopad-2023-polska-sprawa\/#breadcrumb"},"inLanguage":"pl-PL","potentialAction":[{"@type":"ReadAction","target":["https:\/\/www.sotrender.com\/blog\/pl\/2023\/12\/instagram-trends-listopad-2023-polska-sprawa\/"]}]},{"@type":"ImageObject","inLanguage":"pl-PL","@id":"https:\/\/www.sotrender.com\/blog\/pl\/2023\/12\/instagram-trends-listopad-2023-polska-sprawa\/#primaryimage","url":"https:\/\/www.sotrender.com\/blog\/wp-content\/uploads\/2023\/12\/instagram-trends-listopad-2023.jpg","contentUrl":"https:\/\/www.sotrender.com\/blog\/wp-content\/uploads\/2023\/12\/instagram-trends-listopad-2023.jpg","width":1700,"height":1138},{"@type":"BreadcrumbList","@id":"https:\/\/www.sotrender.com\/blog\/pl\/2023\/12\/instagram-trends-listopad-2023-polska-sprawa\/#breadcrumb","itemListElement":[{"@type":"ListItem","position":1,"name":"Home","item":"https:\/\/www.sotrender.com\/blog\/"},{"@type":"ListItem","position":2,"name":"Instagram Trends listopad 2023 &#8211; polska sprawa"}]},{"@type":"WebSite","@id":"https:\/\/www.sotrender.com\/blog\/#website","url":"https:\/\/www.sotrender.com\/blog\/","name":"Sotrender Blog","description":"","potentialAction":[{"@type":"SearchAction","target":{"@type":"EntryPoint","urlTemplate":"https:\/\/www.sotrender.com\/blog\/?s={search_term_string}"},"query-input":"required name=search_term_string"}],"inLanguage":"pl-PL"},{"@type":"Person","@id":"https:\/\/www.sotrender.com\/blog\/#\/schema\/person\/038ac5e276c5d102d8cbb9c36cd43416","name":"Klaudia \u017by\u0142ka","image":{"@type":"ImageObject","inLanguage":"pl-PL","@id":"https:\/\/www.sotrender.com\/blog\/#\/schema\/person\/image\/","url":"https:\/\/secure.gravatar.com\/avatar\/f55d5d49ce3c448e1ffde0ab078d84cd?s=96&d=mm&r=g","contentUrl":"https:\/\/secure.gravatar.com\/avatar\/f55d5d49ce3c448e1ffde0ab078d84cd?s=96&d=mm&r=g","caption":"Klaudia \u017by\u0142ka"},"description":"Instagram, dogs, books and food lover. Former student at Warsaw University and Malm\u00f6 University. Improving her marketing skills every day. Proud owner of DIMAQ certificate","sameAs":["https:\/\/www.linkedin.com\/in\/klaudia-\u017cy\u0142ka-17527779"],"url":"https:\/\/www.sotrender.com\/blog\/pl\/author\/klaudia_yka\/"}]}},"_links":{"self":[{"href":"https:\/\/www.sotrender.com\/blog\/pl\/wp-json\/wp\/v2\/posts\/49027"}],"collection":[{"href":"https:\/\/www.sotrender.com\/blog\/pl\/wp-json\/wp\/v2\/posts"}],"about":[{"href":"https:\/\/www.sotrender.com\/blog\/pl\/wp-json\/wp\/v2\/types\/post"}],"author":[{"embeddable":true,"href":"https:\/\/www.sotrender.com\/blog\/pl\/wp-json\/wp\/v2\/users\/89"}],"replies":[{"embeddable":true,"href":"https:\/\/www.sotrender.com\/blog\/pl\/wp-json\/wp\/v2\/comments?post=49027"}],"version-history":[{"count":9,"href":"https:\/\/www.sotrender.com\/blog\/pl\/wp-json\/wp\/v2\/posts\/49027\/revisions"}],"predecessor-version":[{"id":49061,"href":"https:\/\/www.sotrender.com\/blog\/pl\/wp-json\/wp\/v2\/posts\/49027\/revisions\/49061"}],"wp:featuredmedia":[{"embeddable":true,"href":"https:\/\/www.sotrender.com\/blog\/pl\/wp-json\/wp\/v2\/media\/49057"}],"wp:attachment":[{"href":"https:\/\/www.sotrender.com\/blog\/pl\/wp-json\/wp\/v2\/media?parent=49027"}],"wp:term":[{"taxonomy":"category","embeddable":true,"href":"https:\/\/www.sotrender.com\/blog\/pl\/wp-json\/wp\/v2\/categories?post=49027"},{"taxonomy":"post_tag","embeddable":true,"href":"https:\/\/www.sotrender.com\/blog\/pl\/wp-json\/wp\/v2\/tags?post=49027"}],"curies":[{"name":"wp","href":"https:\/\/api.w.org\/{rel}","templated":true}]}}