{"id":48923,"date":"2023-11-13T09:24:00","date_gmt":"2023-11-13T08:24:00","guid":{"rendered":"https:\/\/www.sotrender.com\/blog\/?p=48923\/"},"modified":"2023-11-13T09:24:00","modified_gmt":"2023-11-13T08:24:00","slug":"facebook-trends-pazdziernik-2023-intensywne-przedwyborcze-tygodnie","status":"publish","type":"post","link":"https:\/\/www.sotrender.com\/blog\/pl\/2023\/11\/facebook-trends-pazdziernik-2023-intensywne-przedwyborcze-tygodnie\/","title":{"rendered":"Facebook Trends pa\u017adziernik 2023 &#8211; intensywne przedwyborcze tygodnie"},"content":{"rendered":"<p><span style=\"font-weight: 400;\">Cho\u0107 by\u015bmy chcieli, chyba nie da si\u0119 inaczej &#8211; tak\u017ce podsumowuj\u0105c pa\u017adziernik na Facebooku najbardziej nasz\u0105 uwag\u0119 zwr\u00f3ci\u0142y tre\u015bci zwi\u0105zane z wyborami.<\/span><\/p>\n<p><!--more--><\/p>\n<p><span style=\"font-weight: 400;\">W najnowszym raporcie <a href=\"https:\/\/www.sotrender.com\/trends\/facebook\/poland\/202310\" target=\"_blank\" rel=\"noopener\">Facebook Trends<\/a> sprawdzamy te\u017c, jak przedstawiaj\u0105 si\u0119 koszty reklamowe w ostatnich, najintensywniejszych sprzeda\u017cowo, miesi\u0105cach roku.<\/span><\/p>\n<h2><strong>Znacz\u0105cy wzrost koszt\u00f3w reklamowych<\/strong><\/h2>\n<p><span style=\"font-weight: 400;\">Przez kilka ostatnich miesi\u0119cy obserwowali\u015bmy stabiln\u0105 \u015bredni\u0105 warto\u015bci\u0105 wska\u017anika CPC. Z kolei we wrze\u015bniu i pa\u017adzierniku<\/span><b> po raz pierwszy w tym roku przekroczy\u0142 on warto\u015b\u0107 1 z\u0142<\/b><span style=\"font-weight: 400;\">.<\/span><\/p>\n<p><span style=\"font-weight: 400;\">Prawdopodobnie tendencja ta utrzyma si\u0119 do ko\u0144ca roku, w zwi\u0105zku ze zbli\u017caj\u0105cym si\u0119 najgor\u0119tszym okresem zakupowym &#8211; Black Friday oraz \u015bwi\u0119tami.<\/span><\/p>\n<p><img loading=\"lazy\" decoding=\"async\" class=\"aligncenter wp-image-48925\" src=\"https:\/\/www.sotrender.com\/blog\/wp-content\/uploads\/2023\/11\/CPC_10-2023.png\" alt=\"cpc facebook pa\u017adziernik 2023\" width=\"802\" height=\"401\" srcset=\"https:\/\/www.sotrender.com\/blog\/wp-content\/uploads\/2023\/11\/CPC_10-2023.png 2730w, https:\/\/www.sotrender.com\/blog\/wp-content\/uploads\/2023\/11\/CPC_10-2023-475x238.png 475w, https:\/\/www.sotrender.com\/blog\/wp-content\/uploads\/2023\/11\/CPC_10-2023-768x384.png 768w, https:\/\/www.sotrender.com\/blog\/wp-content\/uploads\/2023\/11\/CPC_10-2023-1536x768.png 1536w, https:\/\/www.sotrender.com\/blog\/wp-content\/uploads\/2023\/11\/CPC_10-2023-2048x1024.png 2048w\" sizes=\"(max-width: 802px) 100vw, 802px\" \/><\/p>\n<p><span style=\"font-weight: 400;\"><strong>Z kolei \u015bredni CPM, kt\u00f3ry jeszcze w sierpniu przyjmowa\u0142 warto\u015b\u0107 3,14 z\u0142, w ostatnich dw\u00f3ch miesi\u0105cach oscylowa\u0142 w okolicy 4 z\u0142<\/strong> (wrzesie\u0144 &#8211; 4,07 z\u0142; pa\u017adziernik 3,96 z\u0142).<\/span><\/p>\n<h2><strong>\u0141ukasz Litewka wyprzedza Mateusza Morawieckiego<\/strong><\/h2>\n<p><span style=\"font-weight: 400;\">Je\u015bli nie jeste\u015bcie z okolic Sosnowca, jest du\u017ca szansa, \u017ce nie s\u0142yszeli\u015bcie do tej pory o \u0141ukaszu Litewce.<\/span><\/p>\n<p><span style=\"font-weight: 400;\">Kandydat Lewicy, kt\u00f3ry po pa\u017adziernikowych wyborach zadebiutuje w Sejmie, by\u0142 jedn\u0105 z barwniejszych postaci w ostatnich tygodniach, tak\u017ce w mediach spo\u0142eczno\u015bciowych.<\/span><\/p>\n<p><span style=\"font-weight: 400;\">To w\u0142a\u015bnie<\/span><b> jeden z post\u00f3w Litewki by\u0142 <a href=\"https:\/\/www.sotrender.com\/trends\/facebook\/poland\/202310\/pl_wszystkie#best_posts\" target=\"_blank\" rel=\"noopener\">najbardziej anga\u017cuj\u0105cym postem w pa\u017adzierniku na Facebooku<\/a><\/b><span style=\"font-weight: 400;\">. I co ciekawe, nie dotyczy\u0142 wcale jego udzia\u0142u w wyborach, a pomocy 5-letniej Ani, u kt\u00f3rej zdiagnozowano guza m\u00f3zgu.<\/span><\/p>\n<div id=\"attachment_48931\" style=\"width: 811px\" class=\"wp-caption aligncenter\"><img loading=\"lazy\" decoding=\"async\" aria-describedby=\"caption-attachment-48931\" class=\" wp-image-48931\" src=\"https:\/\/www.sotrender.com\/blog\/wp-content\/uploads\/2023\/11\/facebook-paz\u0301dziernik-2023-najlepsze-posty-.png\" alt=\"\u0142ukasz litewka post facebook\" width=\"801\" height=\"391\" srcset=\"https:\/\/www.sotrender.com\/blog\/wp-content\/uploads\/2023\/11\/facebook-paz\u0301dziernik-2023-najlepsze-posty-.png 1924w, https:\/\/www.sotrender.com\/blog\/wp-content\/uploads\/2023\/11\/facebook-paz\u0301dziernik-2023-najlepsze-posty--475x232.png 475w, https:\/\/www.sotrender.com\/blog\/wp-content\/uploads\/2023\/11\/facebook-paz\u0301dziernik-2023-najlepsze-posty--768x374.png 768w, https:\/\/www.sotrender.com\/blog\/wp-content\/uploads\/2023\/11\/facebook-paz\u0301dziernik-2023-najlepsze-posty--1536x749.png 1536w\" sizes=\"(max-width: 801px) 100vw, 801px\" \/><p id=\"caption-attachment-48931\" class=\"wp-caption-text\"><a href=\"https:\/\/www.sotrender.com\/trends\/facebook\/poland\/202310\/pl_wszystkie\" target=\"_blank\" rel=\"noopener\">Najlepsze posty w pa\u017adzierniku 2023 na Facebooku<\/a><\/p><\/div>\n<p><span style=\"font-weight: 400;\">Post zgromadzi\u0142 ponad 60 tys. udost\u0119pnie\u0144 i ponad 20 tys. reakcji, a warto r\u00f3wnie\u017c podkre\u015bli\u0107, \u017ce zosta\u0142 opublikowany ostatniego dnia miesi\u0105ca.<\/span><\/p>\n<p><span style=\"font-weight: 400;\">Pod wzgl\u0119dem \u0142\u0105cznej liczby aktywno\u015bci na Facebooku, \u0141ukasz Litewka zgromadzi\u0142 ich ponad 43 tys. wi\u0119cej ni\u017c Mateusz Morawiecki.<\/span><\/p>\n<p><span style=\"font-weight: 400;\">Liderem w rankingu pozosta\u0142 Donald Tusk, wyprzedzaj\u0105c drugiego Patryka Jakiego o ponad 380 tys. aktywno\u015bci u\u017cytkownik\u00f3w.<\/span><\/p>\n<div id=\"attachment_48933\" style=\"width: 812px\" class=\"wp-caption aligncenter\"><img loading=\"lazy\" decoding=\"async\" aria-describedby=\"caption-attachment-48933\" class=\"wp-image-48933 \" src=\"https:\/\/www.sotrender.com\/blog\/wp-content\/uploads\/2023\/11\/politycy-najwiecej-aktywnosci-uzytkownikow-10.2023.png\" alt=\"politycy facebook wybory 2023\" width=\"802\" height=\"211\" srcset=\"https:\/\/www.sotrender.com\/blog\/wp-content\/uploads\/2023\/11\/politycy-najwiecej-aktywnosci-uzytkownikow-10.2023.png 1962w, https:\/\/www.sotrender.com\/blog\/wp-content\/uploads\/2023\/11\/politycy-najwiecej-aktywnosci-uzytkownikow-10.2023-475x125.png 475w, https:\/\/www.sotrender.com\/blog\/wp-content\/uploads\/2023\/11\/politycy-najwiecej-aktywnosci-uzytkownikow-10.2023-768x202.png 768w, https:\/\/www.sotrender.com\/blog\/wp-content\/uploads\/2023\/11\/politycy-najwiecej-aktywnosci-uzytkownikow-10.2023-1536x404.png 1536w\" sizes=\"(max-width: 802px) 100vw, 802px\" \/><p id=\"caption-attachment-48933\" class=\"wp-caption-text\">Profile <a href=\"https:\/\/www.sotrender.com\/trends\/facebook\/poland\/202310\/osoby\/politycy\" target=\"_blank\" rel=\"noopener\">polityk\u00f3w<\/a> o najwi\u0119kszej liczbie aktywno\u015bci u\u017cytkownik\u00f3w | Facebook, pa\u017adziernik 2023<\/p><\/div>\n<p>Tak\u017ce inne posty Litewki warte s\u0105 uwagi, chocia\u017cby jego <a href=\"https:\/\/www.facebook.com\/llitewka\/videos\/1011801606801772\" target=\"_blank\" rel=\"noopener\">spot wyborczy<\/a>, kt\u00f3ry znacznie r\u00f3\u017cni si\u0119 od tych przygotowanych przez innych polityk\u00f3w.<\/p>\n<blockquote><p>Genialny spot wyborczy i najlepszy jaki kiedykolwiek w \u017cyciu widzia\u0142am<\/p><\/blockquote>\n<p>pisze pani Beata i przy\u0142\u0105czaj\u0105 si\u0119 do niej inni internauci.<\/p>\n<h2><strong>Lech w formie<\/strong><\/h2>\n<p><span style=\"font-weight: 400;\">Gros tre\u015bci opublikowanych w mediach spo\u0142eczno\u015bciowych w minionym miesi\u0105cu dotyczy\u0142o, mniej lub bardziej bezpo\u015brednio, wybor\u00f3w parlamentarnych.<\/span><\/p>\n<p><span style=\"font-weight: 400;\">W ramach raportu <\/span><a href=\"https:\/\/www.sotrender.com\/trends\/instagram\/poland\/202310\" target=\"_blank\" rel=\"noopener\"><span style=\"font-weight: 400;\">Instagram Trends<\/span><\/a><span style=\"font-weight: 400;\"> pisali\u015bmy o tym, <\/span><a href=\"https:\/\/www.sotrender.com\/blog\/pl\/2023\/11\/instagram-trends-pazdziernik-2023-w-drodze-na-wybory\/\" target=\"_blank\" rel=\"noopener\"><span style=\"font-weight: 400;\">w jaki spos\u00f3b influencerzy i organizacje NGO pr\u00f3bowa\u0142y dociera\u0107 do u\u017cytkownik\u00f3w<\/span><\/a><span style=\"font-weight: 400;\">, by zach\u0119ca\u0107 ich do p\u00f3j\u015bcia do urn. Ale tak\u017ce marki konsumenckie nawi\u0105zywa\u0142y do wybor\u00f3w w swojej komunikacji.<\/span><\/p>\n<p><span style=\"font-weight: 400;\">Doskona\u0142ym tego przyk\u0142adem by\u0142 post opublikowany na profilu Lecha. <strong>Przekaz uj\u0119ty w minimalistycznej formie podkre\u015bla\u0142, \u017ce <\/strong><\/span><strong><i>wybory s\u0105 wa\u017cne<\/i>.<\/strong><\/p>\n<div id=\"attachment_48937\" style=\"width: 810px\" class=\"wp-caption aligncenter\"><img loading=\"lazy\" decoding=\"async\" aria-describedby=\"caption-attachment-48937\" class=\" wp-image-48937\" src=\"https:\/\/www.sotrender.com\/blog\/wp-content\/uploads\/2023\/11\/piwo-lech-wybory-facebook.png\" alt=\"piwo lech wybory facebook\" width=\"800\" height=\"392\" srcset=\"https:\/\/www.sotrender.com\/blog\/wp-content\/uploads\/2023\/11\/piwo-lech-wybory-facebook.png 1898w, https:\/\/www.sotrender.com\/blog\/wp-content\/uploads\/2023\/11\/piwo-lech-wybory-facebook-475x233.png 475w, https:\/\/www.sotrender.com\/blog\/wp-content\/uploads\/2023\/11\/piwo-lech-wybory-facebook-768x376.png 768w, https:\/\/www.sotrender.com\/blog\/wp-content\/uploads\/2023\/11\/piwo-lech-wybory-facebook-1536x753.png 1536w\" sizes=\"(max-width: 800px) 100vw, 800px\" \/><p id=\"caption-attachment-48937\" class=\"wp-caption-text\">Najlepsze posty w kategorii <a href=\"https:\/\/www.sotrender.com\/trends\/facebook\/poland\/202310\/fmcg\/alkohol\" target=\"_blank\" rel=\"noopener\">Alkohole<\/a> | Facebook, pa\u017adziernik 2023<\/p><\/div>\n<p><span style=\"font-weight: 400;\">Post Lecha by\u0142 drugim najlepszym postem w kategorii <a href=\"https:\/\/www.sotrender.com\/trends\/facebook\/poland\/202310\/fmcg\/alkohol\" target=\"_blank\" rel=\"noopener\">Alkohole<\/a>, a profil marki awansowa\u0142 o 72 pozycje w kategorii <a href=\"https:\/\/www.sotrender.com\/trends\/facebook\/poland\/202310\/fmcg\" target=\"_blank\" rel=\"noopener\">FMCG<\/a> pod wzgl\u0119dem \u0142\u0105cznej liczby aktywno\u015bci.<\/span><\/p>\n<div id=\"attachment_48939\" style=\"width: 811px\" class=\"wp-caption aligncenter\"><img loading=\"lazy\" decoding=\"async\" aria-describedby=\"caption-attachment-48939\" class=\" wp-image-48939\" src=\"https:\/\/www.sotrender.com\/blog\/wp-content\/uploads\/2023\/11\/fmcg-aktywni-uzytkownicy-10.2023-facebook.png\" alt=\"fmcg aktywni uzytkownicy 10.2023 facebook\" width=\"801\" height=\"209\" srcset=\"https:\/\/www.sotrender.com\/blog\/wp-content\/uploads\/2023\/11\/fmcg-aktywni-uzytkownicy-10.2023-facebook.png 1964w, https:\/\/www.sotrender.com\/blog\/wp-content\/uploads\/2023\/11\/fmcg-aktywni-uzytkownicy-10.2023-facebook-475x124.png 475w, https:\/\/www.sotrender.com\/blog\/wp-content\/uploads\/2023\/11\/fmcg-aktywni-uzytkownicy-10.2023-facebook-768x200.png 768w, https:\/\/www.sotrender.com\/blog\/wp-content\/uploads\/2023\/11\/fmcg-aktywni-uzytkownicy-10.2023-facebook-1536x400.png 1536w\" sizes=\"(max-width: 801px) 100vw, 801px\" \/><p id=\"caption-attachment-48939\" class=\"wp-caption-text\">Profile w kategorii <a href=\"https:\/\/www.sotrender.com\/trends\/facebook\/poland\/202310\/fmcg\" target=\"_blank\" rel=\"noopener\">FMCG<\/a> o najwi\u0119kszej liczbie aktywno\u015bci u\u017cytkownik\u00f3w | Facebook, pa\u017adziernik 2023<\/p><\/div>\n<h2><strong>Facebook Trends pa\u017adziernik 2023<\/strong><\/h2>\n<p><span style=\"font-weight: 400;\">To wszystko, co przygotowali\u015bmy dla Was w tym miesi\u0105cu. Zach\u0119camy do sprawdzenia <a href=\"https:\/\/www.sotrender.com\/trends\/facebook\/poland\/202310\" target=\"_blank\" rel=\"noopener\">pe\u0142nej wersji raportu<\/a> i do us\u0142yszenia za miesi\u0105c!<\/span><\/p>\n<p>&nbsp;<\/p>\n","protected":false},"excerpt":{"rendered":"<p>Cho\u0107 by\u015bmy chcieli, chyba nie da si\u0119 inaczej &#8211; tak\u017ce podsumowuj\u0105c pa\u017adziernik na Facebooku najbardziej nasz\u0105 uwag\u0119 zwr\u00f3ci\u0142y tre\u015bci zwi\u0105zane z wyborami.<\/p>\n","protected":false},"author":89,"featured_media":48943,"comment_status":"open","ping_status":"open","sticky":false,"template":"","format":"standard","meta":{"inline_featured_image":false,"footnotes":""},"categories":[1797],"tags":[1749,1901,2307],"yoast_head":"<!-- This site is optimized with the Yoast SEO plugin v22.4 - https:\/\/yoast.com\/wordpress\/plugins\/seo\/ -->\n<title>Facebook Trends pa\u017adziernik 2023 - intensywne przedwyborcze tygodnie<\/title>\n<meta name=\"description\" content=\"Najlepszy post w pa\u017adzierniku opublikowa\u0142 na swoim profilu polityk, kt\u00f3ry dopiero zadebiutowa\u0142 w naszym raporcie Facebook Trends.\" \/>\n<meta name=\"robots\" content=\"index, follow, max-snippet:-1, max-image-preview:large, max-video-preview:-1\" \/>\n<link rel=\"canonical\" href=\"https:\/\/www.sotrender.com\/blog\/pl\/2023\/11\/facebook-trends-pazdziernik-2023-intensywne-przedwyborcze-tygodnie\/\" \/>\n<meta property=\"og:locale\" content=\"pl_PL\" \/>\n<meta property=\"og:type\" content=\"article\" \/>\n<meta property=\"og:title\" content=\"Facebook Trends pa\u017adziernik 2023 - intensywne przedwyborcze tygodnie\" \/>\n<meta property=\"og:description\" content=\"Najlepszy post w pa\u017adzierniku opublikowa\u0142 na swoim profilu polityk, kt\u00f3ry dopiero zadebiutowa\u0142 w naszym raporcie Facebook Trends.\" \/>\n<meta property=\"og:url\" content=\"https:\/\/www.sotrender.com\/blog\/pl\/2023\/11\/facebook-trends-pazdziernik-2023-intensywne-przedwyborcze-tygodnie\/\" \/>\n<meta property=\"og:site_name\" content=\"Sotrender Blog\" \/>\n<meta property=\"article:publisher\" content=\"https:\/\/www.facebook.com\/Sotrender\" \/>\n<meta property=\"article:published_time\" content=\"2023-11-13T08:24:00+00:00\" \/>\n<meta property=\"og:image\" content=\"https:\/\/www.sotrender.com\/blog\/wp-content\/uploads\/2023\/11\/wybory-2023-facebook.jpg\" \/>\n\t<meta property=\"og:image:width\" content=\"1700\" \/>\n\t<meta property=\"og:image:height\" content=\"1080\" \/>\n\t<meta property=\"og:image:type\" content=\"image\/jpeg\" \/>\n<meta name=\"author\" content=\"Klaudia \u017by\u0142ka\" \/>\n<meta name=\"twitter:card\" content=\"summary_large_image\" \/>\n<meta name=\"twitter:creator\" content=\"@Sotrender\" \/>\n<meta name=\"twitter:site\" content=\"@Sotrender\" \/>\n<meta name=\"twitter:label1\" content=\"Written by\" \/>\n\t<meta name=\"twitter:data1\" content=\"Klaudia \u017by\u0142ka\" \/>\n\t<meta name=\"twitter:label2\" content=\"Est. reading time\" \/>\n\t<meta name=\"twitter:data2\" content=\"4 minutes\" \/>\n<script type=\"application\/ld+json\" class=\"yoast-schema-graph\">{\"@context\":\"https:\/\/schema.org\",\"@graph\":[{\"@type\":\"WebPage\",\"@id\":\"https:\/\/www.sotrender.com\/blog\/pl\/2023\/11\/facebook-trends-pazdziernik-2023-intensywne-przedwyborcze-tygodnie\/\",\"url\":\"https:\/\/www.sotrender.com\/blog\/pl\/2023\/11\/facebook-trends-pazdziernik-2023-intensywne-przedwyborcze-tygodnie\/\",\"name\":\"Facebook Trends pa\u017adziernik 2023 - intensywne przedwyborcze tygodnie\",\"isPartOf\":{\"@id\":\"https:\/\/www.sotrender.com\/blog\/#website\"},\"primaryImageOfPage\":{\"@id\":\"https:\/\/www.sotrender.com\/blog\/pl\/2023\/11\/facebook-trends-pazdziernik-2023-intensywne-przedwyborcze-tygodnie\/#primaryimage\"},\"image\":{\"@id\":\"https:\/\/www.sotrender.com\/blog\/pl\/2023\/11\/facebook-trends-pazdziernik-2023-intensywne-przedwyborcze-tygodnie\/#primaryimage\"},\"thumbnailUrl\":\"https:\/\/www.sotrender.com\/blog\/wp-content\/uploads\/2023\/11\/wybory-2023-facebook.jpg\",\"datePublished\":\"2023-11-13T08:24:00+00:00\",\"dateModified\":\"2023-11-13T08:24:00+00:00\",\"author\":{\"@id\":\"https:\/\/www.sotrender.com\/blog\/#\/schema\/person\/038ac5e276c5d102d8cbb9c36cd43416\"},\"description\":\"Najlepszy post w pa\u017adzierniku opublikowa\u0142 na swoim profilu polityk, kt\u00f3ry dopiero zadebiutowa\u0142 w naszym raporcie Facebook Trends.\",\"breadcrumb\":{\"@id\":\"https:\/\/www.sotrender.com\/blog\/pl\/2023\/11\/facebook-trends-pazdziernik-2023-intensywne-przedwyborcze-tygodnie\/#breadcrumb\"},\"inLanguage\":\"pl-PL\",\"potentialAction\":[{\"@type\":\"ReadAction\",\"target\":[\"https:\/\/www.sotrender.com\/blog\/pl\/2023\/11\/facebook-trends-pazdziernik-2023-intensywne-przedwyborcze-tygodnie\/\"]}]},{\"@type\":\"ImageObject\",\"inLanguage\":\"pl-PL\",\"@id\":\"https:\/\/www.sotrender.com\/blog\/pl\/2023\/11\/facebook-trends-pazdziernik-2023-intensywne-przedwyborcze-tygodnie\/#primaryimage\",\"url\":\"https:\/\/www.sotrender.com\/blog\/wp-content\/uploads\/2023\/11\/wybory-2023-facebook.jpg\",\"contentUrl\":\"https:\/\/www.sotrender.com\/blog\/wp-content\/uploads\/2023\/11\/wybory-2023-facebook.jpg\",\"width\":1700,\"height\":1080},{\"@type\":\"BreadcrumbList\",\"@id\":\"https:\/\/www.sotrender.com\/blog\/pl\/2023\/11\/facebook-trends-pazdziernik-2023-intensywne-przedwyborcze-tygodnie\/#breadcrumb\",\"itemListElement\":[{\"@type\":\"ListItem\",\"position\":1,\"name\":\"Home\",\"item\":\"https:\/\/www.sotrender.com\/blog\/\"},{\"@type\":\"ListItem\",\"position\":2,\"name\":\"Facebook Trends pa\u017adziernik 2023 &#8211; intensywne przedwyborcze tygodnie\"}]},{\"@type\":\"WebSite\",\"@id\":\"https:\/\/www.sotrender.com\/blog\/#website\",\"url\":\"https:\/\/www.sotrender.com\/blog\/\",\"name\":\"Sotrender Blog\",\"description\":\"\",\"potentialAction\":[{\"@type\":\"SearchAction\",\"target\":{\"@type\":\"EntryPoint\",\"urlTemplate\":\"https:\/\/www.sotrender.com\/blog\/?s={search_term_string}\"},\"query-input\":\"required name=search_term_string\"}],\"inLanguage\":\"pl-PL\"},{\"@type\":\"Person\",\"@id\":\"https:\/\/www.sotrender.com\/blog\/#\/schema\/person\/038ac5e276c5d102d8cbb9c36cd43416\",\"name\":\"Klaudia \u017by\u0142ka\",\"image\":{\"@type\":\"ImageObject\",\"inLanguage\":\"pl-PL\",\"@id\":\"https:\/\/www.sotrender.com\/blog\/#\/schema\/person\/image\/\",\"url\":\"https:\/\/secure.gravatar.com\/avatar\/f55d5d49ce3c448e1ffde0ab078d84cd?s=96&d=mm&r=g\",\"contentUrl\":\"https:\/\/secure.gravatar.com\/avatar\/f55d5d49ce3c448e1ffde0ab078d84cd?s=96&d=mm&r=g\",\"caption\":\"Klaudia \u017by\u0142ka\"},\"description\":\"Instagram, dogs, books and food lover. Former student at Warsaw University and Malm\u00f6 University. Improving her marketing skills every day. Proud owner of DIMAQ certificate\",\"sameAs\":[\"https:\/\/www.linkedin.com\/in\/klaudia-\u017cy\u0142ka-17527779\"],\"url\":\"https:\/\/www.sotrender.com\/blog\/pl\/author\/klaudia_yka\/\"}]}<\/script>\n<!-- \/ Yoast SEO plugin. -->","yoast_head_json":{"title":"Facebook Trends pa\u017adziernik 2023 - intensywne przedwyborcze tygodnie","description":"Najlepszy post w pa\u017adzierniku opublikowa\u0142 na swoim profilu polityk, kt\u00f3ry dopiero zadebiutowa\u0142 w naszym raporcie Facebook Trends.","robots":{"index":"index","follow":"follow","max-snippet":"max-snippet:-1","max-image-preview":"max-image-preview:large","max-video-preview":"max-video-preview:-1"},"canonical":"https:\/\/www.sotrender.com\/blog\/pl\/2023\/11\/facebook-trends-pazdziernik-2023-intensywne-przedwyborcze-tygodnie\/","og_locale":"pl_PL","og_type":"article","og_title":"Facebook Trends pa\u017adziernik 2023 - intensywne przedwyborcze tygodnie","og_description":"Najlepszy post w pa\u017adzierniku opublikowa\u0142 na swoim profilu polityk, kt\u00f3ry dopiero zadebiutowa\u0142 w naszym raporcie Facebook Trends.","og_url":"https:\/\/www.sotrender.com\/blog\/pl\/2023\/11\/facebook-trends-pazdziernik-2023-intensywne-przedwyborcze-tygodnie\/","og_site_name":"Sotrender Blog","article_publisher":"https:\/\/www.facebook.com\/Sotrender","article_published_time":"2023-11-13T08:24:00+00:00","og_image":[{"width":1700,"height":1080,"url":"https:\/\/www.sotrender.com\/blog\/wp-content\/uploads\/2023\/11\/wybory-2023-facebook.jpg","type":"image\/jpeg"}],"author":"Klaudia \u017by\u0142ka","twitter_card":"summary_large_image","twitter_creator":"@Sotrender","twitter_site":"@Sotrender","twitter_misc":{"Written by":"Klaudia \u017by\u0142ka","Est. reading time":"4 minutes"},"schema":{"@context":"https:\/\/schema.org","@graph":[{"@type":"WebPage","@id":"https:\/\/www.sotrender.com\/blog\/pl\/2023\/11\/facebook-trends-pazdziernik-2023-intensywne-przedwyborcze-tygodnie\/","url":"https:\/\/www.sotrender.com\/blog\/pl\/2023\/11\/facebook-trends-pazdziernik-2023-intensywne-przedwyborcze-tygodnie\/","name":"Facebook Trends pa\u017adziernik 2023 - intensywne przedwyborcze tygodnie","isPartOf":{"@id":"https:\/\/www.sotrender.com\/blog\/#website"},"primaryImageOfPage":{"@id":"https:\/\/www.sotrender.com\/blog\/pl\/2023\/11\/facebook-trends-pazdziernik-2023-intensywne-przedwyborcze-tygodnie\/#primaryimage"},"image":{"@id":"https:\/\/www.sotrender.com\/blog\/pl\/2023\/11\/facebook-trends-pazdziernik-2023-intensywne-przedwyborcze-tygodnie\/#primaryimage"},"thumbnailUrl":"https:\/\/www.sotrender.com\/blog\/wp-content\/uploads\/2023\/11\/wybory-2023-facebook.jpg","datePublished":"2023-11-13T08:24:00+00:00","dateModified":"2023-11-13T08:24:00+00:00","author":{"@id":"https:\/\/www.sotrender.com\/blog\/#\/schema\/person\/038ac5e276c5d102d8cbb9c36cd43416"},"description":"Najlepszy post w pa\u017adzierniku opublikowa\u0142 na swoim profilu polityk, kt\u00f3ry dopiero zadebiutowa\u0142 w naszym raporcie Facebook Trends.","breadcrumb":{"@id":"https:\/\/www.sotrender.com\/blog\/pl\/2023\/11\/facebook-trends-pazdziernik-2023-intensywne-przedwyborcze-tygodnie\/#breadcrumb"},"inLanguage":"pl-PL","potentialAction":[{"@type":"ReadAction","target":["https:\/\/www.sotrender.com\/blog\/pl\/2023\/11\/facebook-trends-pazdziernik-2023-intensywne-przedwyborcze-tygodnie\/"]}]},{"@type":"ImageObject","inLanguage":"pl-PL","@id":"https:\/\/www.sotrender.com\/blog\/pl\/2023\/11\/facebook-trends-pazdziernik-2023-intensywne-przedwyborcze-tygodnie\/#primaryimage","url":"https:\/\/www.sotrender.com\/blog\/wp-content\/uploads\/2023\/11\/wybory-2023-facebook.jpg","contentUrl":"https:\/\/www.sotrender.com\/blog\/wp-content\/uploads\/2023\/11\/wybory-2023-facebook.jpg","width":1700,"height":1080},{"@type":"BreadcrumbList","@id":"https:\/\/www.sotrender.com\/blog\/pl\/2023\/11\/facebook-trends-pazdziernik-2023-intensywne-przedwyborcze-tygodnie\/#breadcrumb","itemListElement":[{"@type":"ListItem","position":1,"name":"Home","item":"https:\/\/www.sotrender.com\/blog\/"},{"@type":"ListItem","position":2,"name":"Facebook Trends pa\u017adziernik 2023 &#8211; intensywne przedwyborcze tygodnie"}]},{"@type":"WebSite","@id":"https:\/\/www.sotrender.com\/blog\/#website","url":"https:\/\/www.sotrender.com\/blog\/","name":"Sotrender Blog","description":"","potentialAction":[{"@type":"SearchAction","target":{"@type":"EntryPoint","urlTemplate":"https:\/\/www.sotrender.com\/blog\/?s={search_term_string}"},"query-input":"required name=search_term_string"}],"inLanguage":"pl-PL"},{"@type":"Person","@id":"https:\/\/www.sotrender.com\/blog\/#\/schema\/person\/038ac5e276c5d102d8cbb9c36cd43416","name":"Klaudia \u017by\u0142ka","image":{"@type":"ImageObject","inLanguage":"pl-PL","@id":"https:\/\/www.sotrender.com\/blog\/#\/schema\/person\/image\/","url":"https:\/\/secure.gravatar.com\/avatar\/f55d5d49ce3c448e1ffde0ab078d84cd?s=96&d=mm&r=g","contentUrl":"https:\/\/secure.gravatar.com\/avatar\/f55d5d49ce3c448e1ffde0ab078d84cd?s=96&d=mm&r=g","caption":"Klaudia \u017by\u0142ka"},"description":"Instagram, dogs, books and food lover. Former student at Warsaw University and Malm\u00f6 University. Improving her marketing skills every day. Proud owner of DIMAQ certificate","sameAs":["https:\/\/www.linkedin.com\/in\/klaudia-\u017cy\u0142ka-17527779"],"url":"https:\/\/www.sotrender.com\/blog\/pl\/author\/klaudia_yka\/"}]}},"_links":{"self":[{"href":"https:\/\/www.sotrender.com\/blog\/pl\/wp-json\/wp\/v2\/posts\/48923"}],"collection":[{"href":"https:\/\/www.sotrender.com\/blog\/pl\/wp-json\/wp\/v2\/posts"}],"about":[{"href":"https:\/\/www.sotrender.com\/blog\/pl\/wp-json\/wp\/v2\/types\/post"}],"author":[{"embeddable":true,"href":"https:\/\/www.sotrender.com\/blog\/pl\/wp-json\/wp\/v2\/users\/89"}],"replies":[{"embeddable":true,"href":"https:\/\/www.sotrender.com\/blog\/pl\/wp-json\/wp\/v2\/comments?post=48923"}],"version-history":[{"count":10,"href":"https:\/\/www.sotrender.com\/blog\/pl\/wp-json\/wp\/v2\/posts\/48923\/revisions"}],"predecessor-version":[{"id":48955,"href":"https:\/\/www.sotrender.com\/blog\/pl\/wp-json\/wp\/v2\/posts\/48923\/revisions\/48955"}],"wp:featuredmedia":[{"embeddable":true,"href":"https:\/\/www.sotrender.com\/blog\/pl\/wp-json\/wp\/v2\/media\/48943"}],"wp:attachment":[{"href":"https:\/\/www.sotrender.com\/blog\/pl\/wp-json\/wp\/v2\/media?parent=48923"}],"wp:term":[{"taxonomy":"category","embeddable":true,"href":"https:\/\/www.sotrender.com\/blog\/pl\/wp-json\/wp\/v2\/categories?post=48923"},{"taxonomy":"post_tag","embeddable":true,"href":"https:\/\/www.sotrender.com\/blog\/pl\/wp-json\/wp\/v2\/tags?post=48923"}],"curies":[{"name":"wp","href":"https:\/\/api.w.org\/{rel}","templated":true}]}}