{"id":48843,"date":"2023-11-08T09:48:04","date_gmt":"2023-11-08T08:48:04","guid":{"rendered":"https:\/\/www.sotrender.com\/blog\/?p=48843\/"},"modified":"2023-11-08T09:48:04","modified_gmt":"2023-11-08T08:48:04","slug":"instagram-trends-pazdziernik-2023-w-drodze-na-wybory","status":"publish","type":"post","link":"https:\/\/www.sotrender.com\/blog\/pl\/2023\/11\/instagram-trends-pazdziernik-2023-w-drodze-na-wybory\/","title":{"rendered":"Instagram Trends pa\u017adziernik 2023 &#8211; w drodze na wybory"},"content":{"rendered":"<p><span style=\"font-weight: 400;\">Nie b\u0119dzie chyba zaskoczeniem, jak powiemy, \u017ce content na polskim Instagramie, szczeg\u00f3lnie w pierwszej po\u0142owie pa\u017adziernika, kr\u0119ci\u0142 si\u0119 wok\u00f3\u0142 wybor\u00f3w parlamentarnych. Czyje tre\u015bci zwr\u00f3ci\u0142y nasz\u0105, i instagramowicz\u00f3w, uwag\u0119 najbardziej?<\/span><\/p>\n<p><span style=\"font-weight: 400;\">Sprawdzamy w <a href=\"https:\/\/www.sotrender.com\/trends\/instagram\/poland\/202310\" target=\"_blank\" rel=\"noopener\">pa\u017adziernikowym raporcie Instagram Trends<\/a>.<\/span><\/p>\n<p><!--more--><\/p>\n<h2><strong>NGOsy wychodz\u0105 przed szereg<\/strong><\/h2>\n<p><span style=\"font-weight: 400;\">Szczeg\u00f3lnie na profilach organizacji pozarz\u0105dowych ca\u0142a energia po\u015bwi\u0119cona by\u0142a tematom oko\u0142owyborczym. Niew\u0105tpliwie najwi\u0119kszy nacisk k\u0142adziono na komunikacj\u0119 skierowan\u0105 do Polek, by zach\u0119ci\u0107 je do licznego udzia\u0142u w wyborach, co, jak ju\u017c dzi\u015b wiemy, przynios\u0142o oczekiwany rezultat.<\/span><\/p>\n<p><span style=\"font-weight: 400;\">Kt\u00f3re tre\u015bci mia\u0142y w tym sw\u00f3j najwi\u0119kszy udzia\u0142?<\/span><\/p>\n<p><span style=\"font-weight: 400;\">Najbardziej anga\u017cuj\u0105cym postem <a href=\"https:\/\/www.sotrender.com\/trends\/instagram\/poland\/202310\/Organizacje\/org_ngo\" target=\"_blank\" rel=\"noopener\">w kategorii NGO<\/a> by\u0142o wideo na profilu <a href=\"https:\/\/www.instagram.com\/wschod_\/\" target=\"_blank\" rel=\"noopener\">@wschod_<\/a>. Materia\u0142 zatytu\u0142owany \u201cCicho ju\u017c by\u0142y\u015bmy\u201d jest zlepkiem wypowiedzi polityk\u00f3w, i ko\u0144czy si\u0119 przypomnieniem, \u017ce kobiety w Polsce stanowi\u0105 52% os\u00f3b uprawnionych do g\u0142osowania.\u00a0<\/span><\/p>\n<p><span style=\"font-weight: 400;\">Tylko na Instagramie spot zgromadzi\u0142 ponad 153 tys. polubie\u0144 i 2 tys. komentarzy.\u00a0<\/span><\/p>\n<div id=\"attachment_48849\" style=\"width: 810px\" class=\"wp-caption aligncenter\"><img loading=\"lazy\" decoding=\"async\" aria-describedby=\"caption-attachment-48849\" class=\"wp-image-48849 \" src=\"https:\/\/www.sotrender.com\/blog\/wp-content\/uploads\/2023\/11\/instagram-ngo-najlepsze-posty-10.2023.png\" alt=\"najlepsze posty instagram ngo wybory 2023\" width=\"800\" height=\"378\" srcset=\"https:\/\/www.sotrender.com\/blog\/wp-content\/uploads\/2023\/11\/instagram-ngo-najlepsze-posty-10.2023.png 1926w, https:\/\/www.sotrender.com\/blog\/wp-content\/uploads\/2023\/11\/instagram-ngo-najlepsze-posty-10.2023-475x224.png 475w, https:\/\/www.sotrender.com\/blog\/wp-content\/uploads\/2023\/11\/instagram-ngo-najlepsze-posty-10.2023-768x363.png 768w, https:\/\/www.sotrender.com\/blog\/wp-content\/uploads\/2023\/11\/instagram-ngo-najlepsze-posty-10.2023-1536x726.png 1536w\" sizes=\"(max-width: 800px) 100vw, 800px\" \/><p id=\"caption-attachment-48849\" class=\"wp-caption-text\">Najlepsze posty na Instagramie w kategorii <a href=\"https:\/\/www.sotrender.com\/trends\/instagram\/poland\/202310\/Organizacje\/org_ngo\" target=\"_blank\" rel=\"noopener\">NGO<\/a>, pa\u017adziernik 2023<\/p><\/div>\n<p><span style=\"font-weight: 400;\">Tak\u017ce na profilach @sexedpl i @wolnesady pojawia\u0142y si\u0119 tre\u015bci o podobnej tematyce i wszystkie budzi\u0142y niema\u0142e emocje.<\/span><\/p>\n<p><span style=\"font-weight: 400;\">Wida\u0107 to w zestawieniu Aktywnych u\u017cytkownik\u00f3w, w kt\u00f3rym wspomniane profile, na tle pozosta\u0142ych <a href=\"https:\/\/www.sotrender.com\/trends\/instagram\/poland\/202310\/Organizacje\/org_ngo\" target=\"_blank\" rel=\"noopener\">organizacji pozarz\u0105dowych<\/a>, w pa\u017adzierniku zaj\u0119\u0142y miejsca w czo\u0142\u00f3wce.\u00a0<\/span><\/p>\n<div id=\"attachment_48851\" style=\"width: 811px\" class=\"wp-caption aligncenter\"><img loading=\"lazy\" decoding=\"async\" aria-describedby=\"caption-attachment-48851\" class=\"wp-image-48851 \" src=\"https:\/\/www.sotrender.com\/blog\/wp-content\/uploads\/2023\/11\/instagram-ngo-aktywni-uzytkownicy-10.2023.png\" alt=\"profile na instagramie o najwiekszym zaangazowaniu w kategorii ngo przed wyborami\" width=\"801\" height=\"416\" srcset=\"https:\/\/www.sotrender.com\/blog\/wp-content\/uploads\/2023\/11\/instagram-ngo-aktywni-uzytkownicy-10.2023.png 1946w, https:\/\/www.sotrender.com\/blog\/wp-content\/uploads\/2023\/11\/instagram-ngo-aktywni-uzytkownicy-10.2023-475x247.png 475w, https:\/\/www.sotrender.com\/blog\/wp-content\/uploads\/2023\/11\/instagram-ngo-aktywni-uzytkownicy-10.2023-768x399.png 768w, https:\/\/www.sotrender.com\/blog\/wp-content\/uploads\/2023\/11\/instagram-ngo-aktywni-uzytkownicy-10.2023-1536x799.png 1536w\" sizes=\"(max-width: 801px) 100vw, 801px\" \/><p id=\"caption-attachment-48851\" class=\"wp-caption-text\">Profile <a href=\"https:\/\/www.sotrender.com\/trends\/instagram\/poland\/202310\/Organizacje\/org_ngo\" target=\"_blank\" rel=\"noopener\">w kategorii NGO<\/a> o najwi\u0119kszej liczbie aktywno\u015bci, pa\u017adziernik 2023<\/p><\/div>\n<h2><strong>Influencerzy w drodze na wybory<\/strong><\/h2>\n<p><span style=\"font-weight: 400;\">Tak\u017ce infleuncerzy i celebryci, zar\u00f3wno przed wyborami, jak i w ich dzie\u0144, aktywnie zach\u0119cali swoich odbiorc\u00f3w do p\u00f3j\u015bcia do urn.\u00a0<\/span><\/p>\n<p><span style=\"font-weight: 400;\">W wi\u0119kszo\u015bci podkategorii w kategorii <a href=\"https:\/\/www.sotrender.com\/trends\/instagram\/poland\/202310\/osoby\" target=\"_blank\" rel=\"noopener\">Osoby<\/a>, to w\u0142a\u015bnie posty dotycz\u0105ce wybor\u00f3w by\u0142y tymi najbardziej anga\u017cuj\u0105cymi.\u00a0<\/span><\/p>\n<p><span style=\"font-weight: 400;\">Poza standardowymi zdj\u0119ciami przy urnach, jednym z ciekawszych materia\u0142\u00f3w by\u0142o wideo przygotowane przez influencerk\u0119 @lili.antoniak zatytu\u0142owane <\/span><i><span style=\"font-weight: 400;\">Samolot \u201eWybory 2023\u201d<\/span><\/i><span style=\"font-weight: 400;\">, w kt\u00f3rym Aga Lili Antoniak przybiera poz\u0119 stewardessy.\u00a0<\/span><\/p>\n<p><span style=\"font-weight: 400;\">Dzi\u0119ki swojej atrakcyjnej formie, pod wideo pojawi\u0142o si\u0119 ponad 1500 komentarzy i niemal 47 tys. polubie\u0144, a profil influencerki by\u0142 po raz kolejny najbardziej anga\u017cuj\u0105cym profilem <a href=\"https:\/\/www.sotrender.com\/trends\/instagram\/poland\/202310\/osoby\/osoby_dziecko\" target=\"_blank\" rel=\"noopener\">w kategorii Dziecko<\/a>.\u00a0<\/span><\/p>\n<div id=\"attachment_48855\" style=\"width: 811px\" class=\"wp-caption aligncenter\"><img loading=\"lazy\" decoding=\"async\" aria-describedby=\"caption-attachment-48855\" class=\"wp-image-48855 \" src=\"https:\/\/www.sotrender.com\/blog\/wp-content\/uploads\/2023\/11\/instagram-lili-antoniak-wybory-2023.png\" alt=\"instagram lili antoniak wybory 2023\" width=\"801\" height=\"384\" srcset=\"https:\/\/www.sotrender.com\/blog\/wp-content\/uploads\/2023\/11\/instagram-lili-antoniak-wybory-2023.png 1918w, https:\/\/www.sotrender.com\/blog\/wp-content\/uploads\/2023\/11\/instagram-lili-antoniak-wybory-2023-475x228.png 475w, https:\/\/www.sotrender.com\/blog\/wp-content\/uploads\/2023\/11\/instagram-lili-antoniak-wybory-2023-768x368.png 768w, https:\/\/www.sotrender.com\/blog\/wp-content\/uploads\/2023\/11\/instagram-lili-antoniak-wybory-2023-1536x737.png 1536w\" sizes=\"(max-width: 801px) 100vw, 801px\" \/><p id=\"caption-attachment-48855\" class=\"wp-caption-text\">Najlepsze posty na Instagramie w kategorii <a href=\"https:\/\/www.sotrender.com\/trends\/instagram\/poland\/202310\/osoby\/osoby_dziecko\" target=\"_blank\" rel=\"noopener\">Dziecko<\/a>, pa\u017adziernik 2023<\/p><\/div>\n<h2><strong>Uczta z Sanah<\/strong><\/h2>\n<p><span style=\"font-weight: 400;\">Odbiegaj\u0105c od tematu wybor\u00f3w, naszej uwadze nie mog\u0142a umkn\u0105\u0107 najnowsza wsp\u00f3\u0142praca \u017babki &#8211; tym razem z Sanah.\u00a0<\/span><\/p>\n<p><span style=\"font-weight: 400;\">Zaanga\u017cowanie, zazwyczaj i tak niema\u0142e na profilu \u017babka Polska, ponownie poszybowa\u0142o w g\u00f3r\u0119. Jednak czytaj\u0105c komentarze fan\u00f3w \u017babki i samej Sanah, mamy wra\u017cenie, \u017ce byli oni nieco zaskoczeni tak\u0105 w\u0142a\u015bnie wsp\u00f3\u0142prac\u0105.\u00a0<\/span><\/p>\n<div id=\"attachment_48857\" style=\"width: 812px\" class=\"wp-caption aligncenter\"><img loading=\"lazy\" decoding=\"async\" aria-describedby=\"caption-attachment-48857\" class=\" wp-image-48857\" src=\"https:\/\/www.sotrender.com\/blog\/wp-content\/uploads\/2023\/11\/instagram-z\u0307abka-sanah-wspo\u0301lpraca.png\" alt=\"instagram z\u0307abka sanah wspo\u0301\u0142praca\" width=\"802\" height=\"387\" srcset=\"https:\/\/www.sotrender.com\/blog\/wp-content\/uploads\/2023\/11\/instagram-z\u0307abka-sanah-wspo\u0301lpraca.png 1940w, https:\/\/www.sotrender.com\/blog\/wp-content\/uploads\/2023\/11\/instagram-z\u0307abka-sanah-wspo\u0301lpraca-475x229.png 475w, https:\/\/www.sotrender.com\/blog\/wp-content\/uploads\/2023\/11\/instagram-z\u0307abka-sanah-wspo\u0301lpraca-768x371.png 768w, https:\/\/www.sotrender.com\/blog\/wp-content\/uploads\/2023\/11\/instagram-z\u0307abka-sanah-wspo\u0301lpraca-1536x741.png 1536w\" sizes=\"(max-width: 802px) 100vw, 802px\" \/><p id=\"caption-attachment-48857\" class=\"wp-caption-text\">Najlepsze posty na Instagramie w kategorii <a href=\"https:\/\/www.sotrender.com\/trends\/instagram\/poland\/202310\/marki\/marki_markety\" target=\"_blank\" rel=\"noopener\">Markety i sklepy sieciowe<\/a>, pa\u017adziernik 2023<\/p><\/div>\n<p><span style=\"font-weight: 400;\">A Wy, co my\u015blicie o takim po\u0142\u0105czeniu si\u0142? Czy \u017babka i Sanah to dobre po\u0142\u0105czenie?<\/span><\/p>\n<h2><strong>Instagram Trends pa\u017adziernik 2023<\/strong><\/h2>\n<p><span style=\"font-weight: 400;\">To wszystko, co przygotowali\u015bmy dla was w tym miesi\u0105cu. Zapraszamy do sprawdzenia pe\u0142nego <a href=\"https:\/\/www.sotrender.com\/trends\/instagram\/poland\/202310\" target=\"_blank\" rel=\"noopener\">raportu instagramowego<\/a>, a za kilka dni tak\u017ce facebookowego.\u00a0<\/span><\/p>\n","protected":false},"excerpt":{"rendered":"<p>Nie b\u0119dzie chyba zaskoczeniem, jak powiemy, \u017ce content na polskim Instagramie, szczeg\u00f3lnie w pierwszej po\u0142owie pa\u017adziernika, kr\u0119ci\u0142 si\u0119 wok\u00f3\u0142 wybor\u00f3w parlamentarnych. Czyje tre\u015bci zwr\u00f3ci\u0142y nasz\u0105, i instagramowicz\u00f3w, uwag\u0119 najbardziej? Sprawdzamy w pa\u017adziernikowym raporcie Instagram Trends.<\/p>\n","protected":false},"author":89,"featured_media":48845,"comment_status":"open","ping_status":"open","sticky":false,"template":"","format":"standard","meta":{"inline_featured_image":false,"footnotes":""},"categories":[1803],"tags":[1749,2073],"yoast_head":"<!-- This site is optimized with the Yoast SEO plugin v22.4 - https:\/\/yoast.com\/wordpress\/plugins\/seo\/ -->\n<title>Instagram Trends pa\u017adziernik 2023 - w drodze na wybory<\/title>\n<meta name=\"description\" content=\"Content na polskim Instagramie, szczeg\u00f3lnie w pierwszej po\u0142owie pa\u017adziernika, kr\u0119ci\u0142 si\u0119 wok\u00f3\u0142 wybor\u00f3w parlamentarnych.\" \/>\n<meta name=\"robots\" content=\"index, follow, max-snippet:-1, max-image-preview:large, max-video-preview:-1\" \/>\n<link rel=\"canonical\" href=\"https:\/\/www.sotrender.com\/blog\/pl\/2023\/11\/instagram-trends-pazdziernik-2023-w-drodze-na-wybory\/\" \/>\n<meta property=\"og:locale\" content=\"pl_PL\" \/>\n<meta property=\"og:type\" content=\"article\" \/>\n<meta property=\"og:title\" content=\"Instagram Trends pa\u017adziernik 2023 - w drodze na wybory\" \/>\n<meta property=\"og:description\" content=\"Content na polskim Instagramie, szczeg\u00f3lnie w pierwszej po\u0142owie pa\u017adziernika, kr\u0119ci\u0142 si\u0119 wok\u00f3\u0142 wybor\u00f3w parlamentarnych.\" \/>\n<meta property=\"og:url\" content=\"https:\/\/www.sotrender.com\/blog\/pl\/2023\/11\/instagram-trends-pazdziernik-2023-w-drodze-na-wybory\/\" \/>\n<meta property=\"og:site_name\" content=\"Sotrender Blog\" \/>\n<meta property=\"article:publisher\" content=\"https:\/\/www.facebook.com\/Sotrender\" \/>\n<meta property=\"article:published_time\" content=\"2023-11-08T08:48:04+00:00\" \/>\n<meta property=\"og:image\" content=\"https:\/\/www.sotrender.com\/blog\/wp-content\/uploads\/2023\/11\/wybory-2023.jpg\" \/>\n\t<meta property=\"og:image:width\" content=\"1700\" \/>\n\t<meta property=\"og:image:height\" content=\"1034\" \/>\n\t<meta property=\"og:image:type\" content=\"image\/jpeg\" \/>\n<meta name=\"author\" content=\"Klaudia \u017by\u0142ka\" \/>\n<meta name=\"twitter:card\" content=\"summary_large_image\" \/>\n<meta name=\"twitter:creator\" content=\"@Sotrender\" \/>\n<meta name=\"twitter:site\" content=\"@Sotrender\" \/>\n<meta name=\"twitter:label1\" content=\"Written by\" \/>\n\t<meta name=\"twitter:data1\" content=\"Klaudia \u017by\u0142ka\" \/>\n\t<meta name=\"twitter:label2\" content=\"Est. reading time\" \/>\n\t<meta name=\"twitter:data2\" content=\"3 minutes\" \/>\n<script type=\"application\/ld+json\" class=\"yoast-schema-graph\">{\"@context\":\"https:\/\/schema.org\",\"@graph\":[{\"@type\":\"WebPage\",\"@id\":\"https:\/\/www.sotrender.com\/blog\/pl\/2023\/11\/instagram-trends-pazdziernik-2023-w-drodze-na-wybory\/\",\"url\":\"https:\/\/www.sotrender.com\/blog\/pl\/2023\/11\/instagram-trends-pazdziernik-2023-w-drodze-na-wybory\/\",\"name\":\"Instagram Trends pa\u017adziernik 2023 - w drodze na wybory\",\"isPartOf\":{\"@id\":\"https:\/\/www.sotrender.com\/blog\/#website\"},\"primaryImageOfPage\":{\"@id\":\"https:\/\/www.sotrender.com\/blog\/pl\/2023\/11\/instagram-trends-pazdziernik-2023-w-drodze-na-wybory\/#primaryimage\"},\"image\":{\"@id\":\"https:\/\/www.sotrender.com\/blog\/pl\/2023\/11\/instagram-trends-pazdziernik-2023-w-drodze-na-wybory\/#primaryimage\"},\"thumbnailUrl\":\"https:\/\/www.sotrender.com\/blog\/wp-content\/uploads\/2023\/11\/wybory-2023.jpg\",\"datePublished\":\"2023-11-08T08:48:04+00:00\",\"dateModified\":\"2023-11-08T08:48:04+00:00\",\"author\":{\"@id\":\"https:\/\/www.sotrender.com\/blog\/#\/schema\/person\/038ac5e276c5d102d8cbb9c36cd43416\"},\"description\":\"Content na polskim Instagramie, szczeg\u00f3lnie w pierwszej po\u0142owie pa\u017adziernika, kr\u0119ci\u0142 si\u0119 wok\u00f3\u0142 wybor\u00f3w parlamentarnych.\",\"breadcrumb\":{\"@id\":\"https:\/\/www.sotrender.com\/blog\/pl\/2023\/11\/instagram-trends-pazdziernik-2023-w-drodze-na-wybory\/#breadcrumb\"},\"inLanguage\":\"pl-PL\",\"potentialAction\":[{\"@type\":\"ReadAction\",\"target\":[\"https:\/\/www.sotrender.com\/blog\/pl\/2023\/11\/instagram-trends-pazdziernik-2023-w-drodze-na-wybory\/\"]}]},{\"@type\":\"ImageObject\",\"inLanguage\":\"pl-PL\",\"@id\":\"https:\/\/www.sotrender.com\/blog\/pl\/2023\/11\/instagram-trends-pazdziernik-2023-w-drodze-na-wybory\/#primaryimage\",\"url\":\"https:\/\/www.sotrender.com\/blog\/wp-content\/uploads\/2023\/11\/wybory-2023.jpg\",\"contentUrl\":\"https:\/\/www.sotrender.com\/blog\/wp-content\/uploads\/2023\/11\/wybory-2023.jpg\",\"width\":1700,\"height\":1034},{\"@type\":\"BreadcrumbList\",\"@id\":\"https:\/\/www.sotrender.com\/blog\/pl\/2023\/11\/instagram-trends-pazdziernik-2023-w-drodze-na-wybory\/#breadcrumb\",\"itemListElement\":[{\"@type\":\"ListItem\",\"position\":1,\"name\":\"Home\",\"item\":\"https:\/\/www.sotrender.com\/blog\/\"},{\"@type\":\"ListItem\",\"position\":2,\"name\":\"Instagram Trends pa\u017adziernik 2023 &#8211; w drodze na wybory\"}]},{\"@type\":\"WebSite\",\"@id\":\"https:\/\/www.sotrender.com\/blog\/#website\",\"url\":\"https:\/\/www.sotrender.com\/blog\/\",\"name\":\"Sotrender Blog\",\"description\":\"\",\"potentialAction\":[{\"@type\":\"SearchAction\",\"target\":{\"@type\":\"EntryPoint\",\"urlTemplate\":\"https:\/\/www.sotrender.com\/blog\/?s={search_term_string}\"},\"query-input\":\"required name=search_term_string\"}],\"inLanguage\":\"pl-PL\"},{\"@type\":\"Person\",\"@id\":\"https:\/\/www.sotrender.com\/blog\/#\/schema\/person\/038ac5e276c5d102d8cbb9c36cd43416\",\"name\":\"Klaudia \u017by\u0142ka\",\"image\":{\"@type\":\"ImageObject\",\"inLanguage\":\"pl-PL\",\"@id\":\"https:\/\/www.sotrender.com\/blog\/#\/schema\/person\/image\/\",\"url\":\"https:\/\/secure.gravatar.com\/avatar\/f55d5d49ce3c448e1ffde0ab078d84cd?s=96&d=mm&r=g\",\"contentUrl\":\"https:\/\/secure.gravatar.com\/avatar\/f55d5d49ce3c448e1ffde0ab078d84cd?s=96&d=mm&r=g\",\"caption\":\"Klaudia \u017by\u0142ka\"},\"description\":\"Instagram, dogs, books and food lover. Former student at Warsaw University and Malm\u00f6 University. Improving her marketing skills every day. Proud owner of DIMAQ certificate\",\"sameAs\":[\"https:\/\/www.linkedin.com\/in\/klaudia-\u017cy\u0142ka-17527779\"],\"url\":\"https:\/\/www.sotrender.com\/blog\/pl\/author\/klaudia_yka\/\"}]}<\/script>\n<!-- \/ Yoast SEO plugin. -->","yoast_head_json":{"title":"Instagram Trends pa\u017adziernik 2023 - w drodze na wybory","description":"Content na polskim Instagramie, szczeg\u00f3lnie w pierwszej po\u0142owie pa\u017adziernika, kr\u0119ci\u0142 si\u0119 wok\u00f3\u0142 wybor\u00f3w parlamentarnych.","robots":{"index":"index","follow":"follow","max-snippet":"max-snippet:-1","max-image-preview":"max-image-preview:large","max-video-preview":"max-video-preview:-1"},"canonical":"https:\/\/www.sotrender.com\/blog\/pl\/2023\/11\/instagram-trends-pazdziernik-2023-w-drodze-na-wybory\/","og_locale":"pl_PL","og_type":"article","og_title":"Instagram Trends pa\u017adziernik 2023 - w drodze na wybory","og_description":"Content na polskim Instagramie, szczeg\u00f3lnie w pierwszej po\u0142owie pa\u017adziernika, kr\u0119ci\u0142 si\u0119 wok\u00f3\u0142 wybor\u00f3w parlamentarnych.","og_url":"https:\/\/www.sotrender.com\/blog\/pl\/2023\/11\/instagram-trends-pazdziernik-2023-w-drodze-na-wybory\/","og_site_name":"Sotrender Blog","article_publisher":"https:\/\/www.facebook.com\/Sotrender","article_published_time":"2023-11-08T08:48:04+00:00","og_image":[{"width":1700,"height":1034,"url":"https:\/\/www.sotrender.com\/blog\/wp-content\/uploads\/2023\/11\/wybory-2023.jpg","type":"image\/jpeg"}],"author":"Klaudia \u017by\u0142ka","twitter_card":"summary_large_image","twitter_creator":"@Sotrender","twitter_site":"@Sotrender","twitter_misc":{"Written by":"Klaudia \u017by\u0142ka","Est. reading time":"3 minutes"},"schema":{"@context":"https:\/\/schema.org","@graph":[{"@type":"WebPage","@id":"https:\/\/www.sotrender.com\/blog\/pl\/2023\/11\/instagram-trends-pazdziernik-2023-w-drodze-na-wybory\/","url":"https:\/\/www.sotrender.com\/blog\/pl\/2023\/11\/instagram-trends-pazdziernik-2023-w-drodze-na-wybory\/","name":"Instagram Trends pa\u017adziernik 2023 - w drodze na wybory","isPartOf":{"@id":"https:\/\/www.sotrender.com\/blog\/#website"},"primaryImageOfPage":{"@id":"https:\/\/www.sotrender.com\/blog\/pl\/2023\/11\/instagram-trends-pazdziernik-2023-w-drodze-na-wybory\/#primaryimage"},"image":{"@id":"https:\/\/www.sotrender.com\/blog\/pl\/2023\/11\/instagram-trends-pazdziernik-2023-w-drodze-na-wybory\/#primaryimage"},"thumbnailUrl":"https:\/\/www.sotrender.com\/blog\/wp-content\/uploads\/2023\/11\/wybory-2023.jpg","datePublished":"2023-11-08T08:48:04+00:00","dateModified":"2023-11-08T08:48:04+00:00","author":{"@id":"https:\/\/www.sotrender.com\/blog\/#\/schema\/person\/038ac5e276c5d102d8cbb9c36cd43416"},"description":"Content na polskim Instagramie, szczeg\u00f3lnie w pierwszej po\u0142owie pa\u017adziernika, kr\u0119ci\u0142 si\u0119 wok\u00f3\u0142 wybor\u00f3w parlamentarnych.","breadcrumb":{"@id":"https:\/\/www.sotrender.com\/blog\/pl\/2023\/11\/instagram-trends-pazdziernik-2023-w-drodze-na-wybory\/#breadcrumb"},"inLanguage":"pl-PL","potentialAction":[{"@type":"ReadAction","target":["https:\/\/www.sotrender.com\/blog\/pl\/2023\/11\/instagram-trends-pazdziernik-2023-w-drodze-na-wybory\/"]}]},{"@type":"ImageObject","inLanguage":"pl-PL","@id":"https:\/\/www.sotrender.com\/blog\/pl\/2023\/11\/instagram-trends-pazdziernik-2023-w-drodze-na-wybory\/#primaryimage","url":"https:\/\/www.sotrender.com\/blog\/wp-content\/uploads\/2023\/11\/wybory-2023.jpg","contentUrl":"https:\/\/www.sotrender.com\/blog\/wp-content\/uploads\/2023\/11\/wybory-2023.jpg","width":1700,"height":1034},{"@type":"BreadcrumbList","@id":"https:\/\/www.sotrender.com\/blog\/pl\/2023\/11\/instagram-trends-pazdziernik-2023-w-drodze-na-wybory\/#breadcrumb","itemListElement":[{"@type":"ListItem","position":1,"name":"Home","item":"https:\/\/www.sotrender.com\/blog\/"},{"@type":"ListItem","position":2,"name":"Instagram Trends pa\u017adziernik 2023 &#8211; w drodze na wybory"}]},{"@type":"WebSite","@id":"https:\/\/www.sotrender.com\/blog\/#website","url":"https:\/\/www.sotrender.com\/blog\/","name":"Sotrender Blog","description":"","potentialAction":[{"@type":"SearchAction","target":{"@type":"EntryPoint","urlTemplate":"https:\/\/www.sotrender.com\/blog\/?s={search_term_string}"},"query-input":"required name=search_term_string"}],"inLanguage":"pl-PL"},{"@type":"Person","@id":"https:\/\/www.sotrender.com\/blog\/#\/schema\/person\/038ac5e276c5d102d8cbb9c36cd43416","name":"Klaudia \u017by\u0142ka","image":{"@type":"ImageObject","inLanguage":"pl-PL","@id":"https:\/\/www.sotrender.com\/blog\/#\/schema\/person\/image\/","url":"https:\/\/secure.gravatar.com\/avatar\/f55d5d49ce3c448e1ffde0ab078d84cd?s=96&d=mm&r=g","contentUrl":"https:\/\/secure.gravatar.com\/avatar\/f55d5d49ce3c448e1ffde0ab078d84cd?s=96&d=mm&r=g","caption":"Klaudia \u017by\u0142ka"},"description":"Instagram, dogs, books and food lover. Former student at Warsaw University and Malm\u00f6 University. Improving her marketing skills every day. Proud owner of DIMAQ certificate","sameAs":["https:\/\/www.linkedin.com\/in\/klaudia-\u017cy\u0142ka-17527779"],"url":"https:\/\/www.sotrender.com\/blog\/pl\/author\/klaudia_yka\/"}]}},"_links":{"self":[{"href":"https:\/\/www.sotrender.com\/blog\/pl\/wp-json\/wp\/v2\/posts\/48843"}],"collection":[{"href":"https:\/\/www.sotrender.com\/blog\/pl\/wp-json\/wp\/v2\/posts"}],"about":[{"href":"https:\/\/www.sotrender.com\/blog\/pl\/wp-json\/wp\/v2\/types\/post"}],"author":[{"embeddable":true,"href":"https:\/\/www.sotrender.com\/blog\/pl\/wp-json\/wp\/v2\/users\/89"}],"replies":[{"embeddable":true,"href":"https:\/\/www.sotrender.com\/blog\/pl\/wp-json\/wp\/v2\/comments?post=48843"}],"version-history":[{"count":6,"href":"https:\/\/www.sotrender.com\/blog\/pl\/wp-json\/wp\/v2\/posts\/48843\/revisions"}],"predecessor-version":[{"id":48865,"href":"https:\/\/www.sotrender.com\/blog\/pl\/wp-json\/wp\/v2\/posts\/48843\/revisions\/48865"}],"wp:featuredmedia":[{"embeddable":true,"href":"https:\/\/www.sotrender.com\/blog\/pl\/wp-json\/wp\/v2\/media\/48845"}],"wp:attachment":[{"href":"https:\/\/www.sotrender.com\/blog\/pl\/wp-json\/wp\/v2\/media?parent=48843"}],"wp:term":[{"taxonomy":"category","embeddable":true,"href":"https:\/\/www.sotrender.com\/blog\/pl\/wp-json\/wp\/v2\/categories?post=48843"},{"taxonomy":"post_tag","embeddable":true,"href":"https:\/\/www.sotrender.com\/blog\/pl\/wp-json\/wp\/v2\/tags?post=48843"}],"curies":[{"name":"wp","href":"https:\/\/api.w.org\/{rel}","templated":true}]}}