{"id":48721,"date":"2023-09-29T07:57:42","date_gmt":"2023-09-29T05:57:42","guid":{"rendered":"https:\/\/www.sotrender.com\/blog\/?p=48721\/"},"modified":"2024-06-19T14:55:38","modified_gmt":"2024-06-19T12:55:38","slug":"czy-prowadzenie-strony-firmowej-na-linkedinie-ma-sens-pytamy-ekspertow","status":"publish","type":"post","link":"https:\/\/www.sotrender.com\/blog\/pl\/2023\/09\/czy-prowadzenie-strony-firmowej-na-linkedinie-ma-sens-pytamy-ekspertow\/","title":{"rendered":"Czy prowadzenie strony firmowej na LinkedInie ma sens? Pytamy 6 ekspert\u00f3w"},"content":{"rendered":"<p><span style=\"font-weight: 400;\">Analizuj\u0105c dzia\u0142ania firm na LinkedInie, w ostatnich miesi\u0105cach obserwujemy nie tylko ich intensyfikacj\u0119, ale tak\u017ce rosn\u0105c\u0105 r\u00f3\u017cnorodno\u015b\u0107. Podczas gdy cz\u0119\u015b\u0107 firm prowadzi LinkedIna wy\u0142\u0105cznie do cel\u00f3w HRowych, dla innych jest to pe\u0142noprawny kana\u0142 marketingowy lub wspieraj\u0105cy sprzeda\u017c.<\/span><\/p>\n<p><span style=\"font-weight: 400;\">W dobie rosn\u0105cej popularno\u015bci LinkedIna na tle innych kana\u0142\u00f3w social media, pojawia si\u0119 te\u017c, co naturalne, wiele pyta\u0144 dotycz\u0105cych dzia\u0142ania na platformie. A my nie chcemy, by pozosta\u0142y one bez odpowiedzi. \ud83d\ude09 I cho\u0107 cz\u0119\u015b\u0107 z nich znajdziecie korzystaj\u0105c z Sotrendera podczas analizy swoich dzia\u0142a\u0144, poszli\u015bmy o krok dalej.\u00a0<\/span><\/p>\n<p><span style=\"font-weight: 400;\">Zapytali\u015bmy sze\u015bcioro specjalist\u00f3w zwi\u0105zanych zawodowo z LinkedInem m.in. o to, czy prowadzenie stron firmowych na platformie ma sens, zw\u0142aszcza przy ograniczonych zasobach, jak\u0105 rol\u0119 odgrywaj\u0105 profile personalne i czy na pewno zawsze warto inwestowa\u0107 w ten w\u0142a\u015bnie kana\u0142.\u00a0<\/span><\/p>\n<p><span style=\"font-weight: 400;\">O komentarz poprosili\u015bmy czo\u0142owych polskich ekspert\u00f3w od LinkedIna: <\/span><b>Angelik\u0119 Chimkowsk\u0105, Adriana Gamonia, Julit\u0119 D\u0105browsk\u0105, Ann\u0119 Macnar, Rafa\u0142a Szyma\u0144skiego i Maj\u0119 Gojtowsk\u0105<\/b><span style=\"font-weight: 400;\">.\u00a0<\/span><\/p>\n<p><em><span style=\"font-weight: 400;\">Zapozna\u0142e\u015b si\u0119 ju\u017c z nasz\u0105 analiz\u0105 <\/span><a href=\"https:\/\/www.sotrender.com\/blog\/pl\/2023\/09\/analiza-telekomow-na-linkedinie-orange-liderem-wiekszosci-rankingow\/\" target=\"_blank\" rel=\"noopener\"><span style=\"font-weight: 400;\">firm telekomunikacyjnych<\/span><\/a><span style=\"font-weight: 400;\"> oraz <\/span><a href=\"https:\/\/www.sotrender.com\/blog\/pl\/2023\/07\/top20-profili-agencji-marketingowych-na-linkedinie-analiza\/\" target=\"_blank\" rel=\"noopener\"><span style=\"font-weight: 400;\">agencji marketingowych<\/span><\/a><span style=\"font-weight: 400;\"> na LinkedInie?<\/span><\/em><\/p>\n<h2><b>Po co prowadzi\u0107 stron\u0119 firmow\u0105 na LinkedInie?<\/b><\/h2>\n<p><span style=\"font-weight: 400;\">Wielu ekspert\u00f3w uwa\u017ca, \u017ce strona biznesowa na LinkedInie to obecnie must have.\u00a0<\/span><\/p>\n<p><span style=\"font-weight: 400;\">Chocia\u017c, jak zauwa\u017ca Rafa\u0142 Szyma\u0144ski, pionier wdra\u017cania LinkedIn Sales Navigator, <\/span><\/p>\n<blockquote><p><b>jeszcze do niedawna jedynym powodem posiadania Company Page na LinkedIn by\u0142o logo. <\/b><span style=\"font-weight: 400;\">Chodzi\u0142o o to, \u017ce pracownicy nie mogli na swoim profilu, w sekcji do\u015bwiadczenie, mie\u0107 \u0142adnego logo firmy, je\u015bli ta nie za\u0142o\u017cy\u0142a Company Page.<\/span><\/p><\/blockquote>\n<p><span style=\"font-weight: 400;\">Na szcz\u0119\u015bcie podej\u015bcie do dzia\u0142a\u0144 na LinkedInie si\u0119 zmieni\u0142o. I to diametralnie.\u00a0<\/span><\/p>\n<p><span style=\"font-weight: 400;\">Anna Macnar, <\/span><span style=\"font-weight: 400;\">CEO HRM Institute podkre\u015bla, \u017ce <\/span><b><i>prowadzenie strony firmowej na LinkedInie ma wiele korzy\u015bci, kt\u00f3re mog\u0105 znacz\u0105co przyczyni\u0107 si\u0119 do sukcesu firmy<\/i><\/b><i><span style=\"font-weight: 400;\">. (&#8230;) LinkedIn to nie tylko narz\u0119dzie do promocji i rekrutacji, ale tak\u017ce do budowania d\u0142ugotrwa\u0142ych relacji biznesowych i wymiany wiedzy w bran\u017cy<\/span><\/i><span style=\"font-weight: 400;\">.<\/span><\/p>\n<p><span style=\"font-weight: 400;\">Cho\u0107, jak z kolei zauwa\u017ca Adrian Gamo\u0144, <\/span><b><i>prowadzenie strony firmowej na LinkedInie ma sens, ale nie jest jedyn\u0105 droga do sukcesu. <\/i><\/b><span style=\"font-weight: 400;\">Wszystko zale\u017cy bowiem chocia\u017cby od posiadanych zasob\u00f3w i cel\u00f3w.<\/span><\/p>\n<p><span style=\"font-weight: 400;\">Ci\u0119\u017cko si\u0119 jednak nie zgodzi\u0107 z Angelik\u0105 Chimkowsk\u0105, <\/span><span style=\"font-weight: 400;\">stratez\u0307k\u0105 silnych marek osobistych i firmowych, kt\u00f3ra podkre\u015bla, \u017ce <\/span><i><span style=\"font-weight: 400;\">LinkedIn jest z nami ju\u017c od 20 lat, a rozwijanie stron firmowych to w\u0142a\u015bciwy kierunek dla tego portalu i <\/span><\/i><b><i>naturalny wyb\u00f3r dla ludzi w biznesie<\/i><\/b><span style=\"font-weight: 400;\">.<\/span><\/p>\n<h2><b>Czy prowadzenie strony firmowej ma sens?<\/b><\/h2>\n<p><span style=\"font-weight: 400;\">Julita D\u0105browska odpowiada na to pytanie jednoznacznie &#8211; <\/span><i><span style=\"font-weight: 400;\">tak<\/span><\/i><span style=\"font-weight: 400;\">. Jednak odpowiadaj\u0105c na pytanie <\/span><i><span style=\"font-weight: 400;\">kiedy<\/span><\/i><span style=\"font-weight: 400;\">, stawia ju\u017c kilka warunk\u00f3w:<\/span><\/p>\n<ul>\n<li style=\"font-weight: 400;\" aria-level=\"1\"><span style=\"font-weight: 400;\">masz przemy\u015blan\u0105 strategi\u0119 komunikacji;<\/span><\/li>\n<li style=\"font-weight: 400;\" aria-level=\"1\"><span style=\"font-weight: 400;\">wiesz, do kogo piszesz <\/span><span style=\"font-weight: 400;\">&#8211; do kandydat\u00f3w i pracownik\u00f3w, czy do inwestor\u00f3w, bankier\u00f3w i klient\u00f3w zewn\u0119trznych;<\/span><\/li>\n<li style=\"font-weight: 400;\" aria-level=\"1\"><span style=\"font-weight: 400;\">wiesz te\u017c, co chcesz opowiedzie\u0107, czy to ma by\u0107 prezentacja firmy potencjalnym kandydatom czy opis portfolio produkt\u00f3w i us\u0142ug B2B dla klient\u00f3w zewn\u0119trznych.\u00a0<\/span><\/li>\n<\/ul>\n<p><i><span style=\"font-weight: 400;\">Prowadzenie strony firmowej na LinkedIn jest marketingowym wyborem, gdy firma ma klarown\u0105 strategi\u0119 i zasoby do regularnego anga\u017cowania odbiorc\u00f3w<\/span><\/i><span style=\"font-weight: 400;\">, podkre\u015bla <a href=\"https:\/\/adriangamon.com\/\" target=\"_blank\" rel=\"noopener\">Adrian Gamo\u0144<\/a>.\u00a0<\/span><\/p>\n<p><span style=\"font-weight: 400;\">Jego zdaniem LinkedIn jest miejscem, gdzie <\/span><b><i>obecno\u015b\u0107 ka\u017cdej firmy B2B jest niemal\u017ce obowi\u0105zkowa<\/i><\/b><i><span style=\"font-weight: 400;\">, je\u015bli chce bra\u0107 udzia\u0142 w globalnym targu, a dla firm B2C stanowi warto\u015bciow\u0105 opcj\u0119 do rozwa\u017cenia<\/span><\/i><span style=\"font-weight: 400;\">.\u00a0<\/span><\/p>\n<p><span style=\"font-weight: 400;\">A co je\u015bli firma nie widzi sensu dzia\u0142ania na platformie? Wed\u0142ug Adriana,<\/span><\/p>\n<blockquote><p><span style=\"font-weight: 400;\">Warto rozwa\u017cy\u0107 chocia\u017c postawienie strony jako wizyt\u00f3wki firmy. Na pewno jest to wa\u017cny pierwszy krok<\/span><span style=\"font-weight: 400;\">.\u00a0<\/span><\/p><\/blockquote>\n<p><span style=\"font-weight: 400;\">Nie bez znaczenia b\u0119dzie tak\u017ce rodzaj publikowanych tre\u015bci.\u00a0<\/span><\/p>\n<p><i><span style=\"font-weight: 400;\">Profil firmowy powinien by\u0107 jak Dziennik Firmy, a <\/span><\/i><b><i>poszczeg\u00f3lne posty to rozdzia\u0142y powie\u015bci pisanej w odcinkach &#8211; sp\u00f3jne, ciekawie podane i dopasowane do czytelnika<\/i><\/b><i><span style=\"font-weight: 400;\">, kt\u00f3ry nie mo\u017ce si\u0119 doczeka\u0107 kolejnego wpisu, bo ka\u017cdy pokazuje ludzi w firmie, takich jakimi oni s\u0105. Dobre zdj\u0119cie, wideo czy obrandowana grafika r\u00f3wnie\u017c ma znaczenie.<br \/>\n<\/span><\/i><span style=\"font-weight: 400;\">dodaje <\/span><a href=\"https:\/\/julitadabrowska.pl\/\" target=\"_blank\" rel=\"noopener\"><span style=\"font-weight: 400;\">Julita D\u0105browska<\/span><\/a><\/p>\n<p><span style=\"font-weight: 400;\">Form komunikacji na LinkedInie jest jednak znacznie wi\u0119cej. Mo\u017ce by\u0107 to chocia\u017cby<\/span><i><span style=\"font-weight: 400;\"> regularne publikowanie unikatowego biuletynu, organizowanie niszowych transmisji na \u017cywo dla klient\u00f3w czy efektywne wykorzystanie reklam. <\/span><\/i><span style=\"font-weight: 400;\">Jak podkre\u015bla Adrian Gamo\u0144,<\/span><i><span style=\"font-weight: 400;\"> je\u015bli strona firmowa jest prowadzona z przemy\u015blan\u0105 strategi\u0105, ma ona <\/span><\/i><b><i>potencja\u0142 do budowania zaufania i autorytetu<\/i><\/b><i><span style=\"font-weight: 400;\">.\u00a0<\/span><\/i><\/p>\n<p><span style=\"font-weight: 400;\">Tego zdania byli w\u0142a\u015bciwie wszyscy eksperci, z kt\u00f3rymi rozmawiali\u015bmy.\u00a0<\/span><\/p>\n<div id=\"attachment_48737\" style=\"width: 610px\" class=\"wp-caption aligncenter\"><img loading=\"lazy\" decoding=\"async\" aria-describedby=\"caption-attachment-48737\" class=\" wp-image-48737\" src=\"https:\/\/www.sotrender.com\/blog\/wp-content\/uploads\/2023\/09\/linkedin-live-przyklad.png\" alt=\"linkedin live przyk\u0142ad\" width=\"600\" height=\"497\" srcset=\"https:\/\/www.sotrender.com\/blog\/wp-content\/uploads\/2023\/09\/linkedin-live-przyklad.png 1492w, https:\/\/www.sotrender.com\/blog\/wp-content\/uploads\/2023\/09\/linkedin-live-przyklad-475x393.png 475w, https:\/\/www.sotrender.com\/blog\/wp-content\/uploads\/2023\/09\/linkedin-live-przyklad-768x635.png 768w\" sizes=\"(max-width: 600px) 100vw, 600px\" \/><p id=\"caption-attachment-48737\" class=\"wp-caption-text\">Przyk\u0142ad Live&#8217;a na LinkedInie<\/p><\/div>\n<p><span style=\"font-weight: 400;\">A skoro mamy dzia\u0142a\u0107, powinni\u015bmy te\u017c analizowa\u0107 nasze dzia\u0142ania. Zalet\u0105 prowadzenia Company Pages jest tak\u017ce to, \u017ce <\/span><i><span style=\"font-weight: 400;\">LinkedIn zapewnia szczeg\u00f3\u0142owy wgl\u0105d w to, kto przegl\u0105da Twoj\u0105 stron\u0119 i w jaki spos\u00f3b wchodzi w interakcj\u0119 z tre\u015bciami. Dane te mog\u0105 pom\u00f3c w udoskonaleniu strategii marketingowych. Niestety dalsza analityka nie zbli\u017ca si\u0119 nawet do tej, kt\u00f3r\u0105 oferuje Meta lub firmy takie, jak Sotrender, przygotowuj\u0105ce czytelne raporty, <\/span><\/i><span style=\"font-weight: 400;\">komentuje Rafa\u0142 Szyma\u0144ski.\u00a0<\/span><\/p>\n<p style=\"text-align: center;\"><!--HubSpot Call-to-Action Code --><span id=\"hs-cta-wrapper-8cce0c67-2c83-4884-bccb-97c5a98c97a7\" class=\"hs-cta-wrapper\"><span id=\"hs-cta-8cce0c67-2c83-4884-bccb-97c5a98c97a7\" class=\"hs-cta-node hs-cta-8cce0c67-2c83-4884-bccb-97c5a98c97a7\"><!-- [if lte IE 8]><\/p>\n\n\n\n\n\n<div id=\"hs-cta-ie-element\"><\/div>\n\n\n<![endif]--><a href=\"https:\/\/cta-redirect.hubspot.com\/cta\/redirect\/3842881\/8cce0c67-2c83-4884-bccb-97c5a98c97a7\" target=\"_blank\" rel=\"noopener\"><img decoding=\"async\" id=\"hs-cta-img-8cce0c67-2c83-4884-bccb-97c5a98c97a7\" class=\"hs-cta-img aligncenter\" style=\"border-width: 0px;\" src=\"https:\/\/no-cache.hubspot.com\/cta\/default\/3842881\/8cce0c67-2c83-4884-bccb-97c5a98c97a7.png\" alt=\"Zacznij analizowa\u0107 swoje dzia\u0142ania na LinkedInie\" \/><\/a><\/span><script charset=\"utf-8\" src=\"https:\/\/js.hscta.net\/cta\/current.js\"><\/script><script type=\"text\/javascript\"> hbspt.cta.load(3842881, '8cce0c67-2c83-4884-bccb-97c5a98c97a7', {\"useNewLoader\":\"true\",\"region\":\"na1\"}); <\/script><\/span><!-- end HubSpot Call-to-Action Code --><\/p>\n<h2><b>Czy to si\u0119 uda bez marek osobistych?\u00a0<\/b><\/h2>\n<p><span style=\"font-weight: 400;\">Dzia\u0142ania na stronach firmowych wcale jednak nie wykluczaj\u0105 inwestowania w profile osobiste i zach\u0119cania pracownik\u00f3w do tworzenia tre\u015bci i publikowania informacji o marce.\u00a0<\/span><\/p>\n<blockquote><p><span style=\"font-weight: 400;\">Mobilizowanie lider\u00f3w firmy, ekspert\u00f3w i ka\u017cdego, kto mo\u017ce i chce by\u0107 uto\u017csamiany z firm\u0105, to spos\u00f3b na zwi\u0119kszenie zasi\u0119g\u00f3w, co potwierdzaj\u0105 statystyki. <\/span><\/p><\/blockquote>\n<p><i><span style=\"font-weight: 400;\">Osobi\u015bcie uwa\u017cam r\u00f3wnie\u017c, \u017ce <\/span><\/i><b><i>dzia\u0142ania z obszaru budowania marki osobistej s\u0105 antidotum na generyczne tre\u015bci <\/i><\/b><i><span style=\"font-weight: 400;\">zalewaj\u0105ce nas, tworzone przez narz\u0119dzia AI. <\/span><\/i><b><i>Klient naturalnie b\u0119dzie szuka\u0142 lider\u00f3w opinii i ekspert\u00f3w w danym temacie<\/i><\/b><i><span style=\"font-weight: 400;\">, aby m\u00f3c zweryfikowa\u0107 informacje zdobyte w internecie.<br \/>\n<\/span><\/i><i><span style=\"font-weight: 400;\">Piotr Michalak, z kt\u00f3rym o tym rozmawia\u0142am w moim <\/span><\/i><a href=\"https:\/\/silnamarka.com\/jak-budowac-marke-osobista-pracujac-na-etacie\/\" target=\"_blank\" rel=\"noopener\"><i><span style=\"font-weight: 400;\">podka\u015bcie<\/span><\/i><\/a><i><span style=\"font-weight: 400;\"> jest doskona\u0142ym tego przyk\u0142adem. <\/span><\/i><b><i>Firma, kt\u00f3ra wspiera marki osobiste swoich pracownik\u00f3w, zdecydowanie na tym zyska.<\/i><\/b><i><span style=\"font-weight: 400;\"><br \/>\n<\/span><\/i><span style=\"font-weight: 400;\">podkre\u015bla Angelika Chimkowska, kt\u00f3r\u0105 Forbes uplasowa\u0142 na <\/span><span style=\"font-weight: 400;\">5 miejscu ws\u0301ro\u0301d 25 mistrzyn\u0301 polskiego LinkedIna<\/span><\/p>\n<p><span style=\"font-weight: 400;\">Jak s\u0142usznie zauwa\u017ca Adrian Gamo\u0144,<\/span> <i><span style=\"font-weight: 400;\">je\u017celi firma nie ma mo\u017cliwo\u015bci realizowania kompleksowych dzia\u0142a\u0144, bardziej efektywnym podej\u015bciem mo\u017ce by\u0107 skupienie si\u0119 na budowaniu marek osobistych lider\u00f3w i pracownik\u00f3w. W takiej sytuacji strona firmowa mo\u017ce pe\u0142ni\u0107 funkcj\u0119 wizyt\u00f3wki, b\u0119d\u0105cej punktem przekierowania do profili os\u00f3b zwi\u0105zanych z firm\u0105 oraz jej oficjalnej strony internetowej.<\/span><\/i><\/p>\n<p><span style=\"font-weight: 400;\">Co ci<\/span><span style=\"font-weight: 400;\">ekawe, <\/span><b><i>dzi\u0119ki Company Page firma mo\u017ce tak\u017ce sponsorowa\u0107 posty poszczeg\u00f3lnych pracownik\u00f3w <\/i><\/b><i><span style=\"font-weight: 400;\">&#8211; funkcja jest dost\u0119pna od wrze\u015bnia tego roku jako pilot<\/span><\/i><span style=\"font-weight: 400;\">, zdradzi\u0142 nam <a href=\"https:\/\/rafalszymanski.pl\/\" target=\"_blank\" rel=\"noopener\">Rafa\u0142 Szyma\u0144ski<\/a>.\u00a0<\/span><\/p>\n<p><span style=\"font-weight: 400;\">Aktywnie i ciekawie prowadzone profile osobiste przez tzw. front-line player\u00f3w mog\u0105 by\u0107 kluczowym wsparciem dla stron firmowych. I cho\u0107 mo\u017cliwe jest dzia\u0142anie na LinkedInie bez nich, powinni\u015bmy mie\u0107 \u015bwiadomo\u015b\u0107, \u017ce osi\u0105gane rezultaty mog\u0105 by\u0107 s\u0142absze i \u017ce nie wykorzystujemy ca\u0142ego potencja\u0142u platformy.\u00a0<\/span><\/p>\n<h2><b>Czy strony globalne s\u0105 przeszkod\u0105 do dzia\u0142ania?<\/b><\/h2>\n<p><span style=\"font-weight: 400;\">Cho\u0107 wiemy ju\u017c, \u017ce w strony firmowe warto inwestowa\u0107, wiele firm i marketer\u00f3w spotka si\u0119 z problemem &#8211; lub nazwijmy to \u201cwyzwaniem\u201d \ud83d\ude09 &#8211; jakim s\u0105 strony globalne.\u00a0<\/span><\/p>\n<p><span style=\"font-weight: 400;\">Wed\u0142ug Anny Macnar, <\/span><span style=\"font-weight: 400;\">CEO HRM Institute<\/span><span style=\"font-weight: 400;\">, <\/span><i><span style=\"font-weight: 400;\">je\u015bli firma ma tylko globaln\u0105 stron\u0119 na LinkedInie a chce by\u0107 widoczna te\u017c na polskim, lokalnym rynku, to mo\u017ce podj\u0105\u0107 kilka dzia\u0142a\u0144, kt\u00f3re pozwol\u0105 jej zaistnie\u0107 w polskiej spo\u0142eczno\u015bci.<\/span><\/i><\/p>\n<p><span style=\"font-weight: 400;\">Oto jak, wed\u0142ug ekspertki, mo\u017cna dzia\u0142a\u0107 w takim przypadku:\u00a0<\/span><\/p>\n<ul>\n<li style=\"font-weight: 400;\" aria-level=\"1\"><b>Dodaj informacje o polskich oddzia\u0142ach firmy.<\/b><span style=\"font-weight: 400;\"> Na globalnej stronie LinkedIn dodaj informacje i tre\u015bci zwi\u0105zane z dzia\u0142alno\u015bci\u0105 firmy w Polsce.<\/span><\/li>\n<li style=\"font-weight: 400;\" aria-level=\"1\"><b>Publikuj polskoj\u0119zyczne tre\u015bci. <\/b><span style=\"font-weight: 400;\">Regularnie publikuj tre\u015bci w j\u0119zyku polskim, takie jak posty, artyku\u0142y czy informacje o lokalnych wydarzeniach. To pomo\u017ce przyci\u0105gn\u0105\u0107 polsk\u0105 publiczno\u015b\u0107.<\/span><\/li>\n<li style=\"font-weight: 400;\" aria-level=\"1\"><b>Buduj interakcje z polsk\u0105 spo\u0142eczno\u015bci\u0105. <\/b><span style=\"font-weight: 400;\">Aktywnie uczestnicz w grupach i dyskusjach zwi\u0105zanych z Polsk\u0105 na LinkedInie. Komentuj i udost\u0119pniaj tre\u015bci lokalnych profesjonalist\u00f3w oraz firm.\u00a0<\/span><\/li>\n<li style=\"font-weight: 400;\" aria-level=\"1\"><b>Stw\u00f3rz program ambasador\u00f3w marki pracodawcy na LinkedInie. <\/b><span style=\"font-weight: 400;\">Ambasadorzy marki pracodawcy to pracownicy, kt\u00f3rzy s\u0105 zwi\u0105zani z firm\u0105 i ch\u0119tni do dzielenia si\u0119 swoimi do\u015bwiadczeniami i perspektyw\u0105 na platformach spo\u0142eczno\u015bciowych, takich jak LinkedIn. To doskona\u0142e rozwi\u0105zanie w kontek\u015bcie budowania lokalnej obecno\u015bci firmy na LinkedIn.<\/span><\/li>\n<\/ul>\n<p><i><span style=\"font-weight: 400;\">Regularna i warto\u015bciowa aktywno\u015b\u0107 na LinkedInie mo\u017ce przynie\u015b\u0107 firmie wiele korzy\u015bci, zar\u00f3wno na poziomie lokalnym, jak i globalnym<\/span><\/i><span style=\"font-weight: 400;\">, dodaje <\/span><span style=\"font-weight: 400;\">Anna Macnar.<\/span><\/p>\n<div id=\"attachment_48727\" style=\"width: 510px\" class=\"wp-caption aligncenter\"><img loading=\"lazy\" decoding=\"async\" aria-describedby=\"caption-attachment-48727\" class=\" wp-image-48727\" src=\"https:\/\/www.sotrender.com\/blog\/wp-content\/uploads\/2023\/09\/nestle-linkedin.png\" alt=\"nestle linkedin company page\" width=\"500\" height=\"609\" srcset=\"https:\/\/www.sotrender.com\/blog\/wp-content\/uploads\/2023\/09\/nestle-linkedin.png 892w, https:\/\/www.sotrender.com\/blog\/wp-content\/uploads\/2023\/09\/nestle-linkedin-475x578.png 475w, https:\/\/www.sotrender.com\/blog\/wp-content\/uploads\/2023\/09\/nestle-linkedin-768x935.png 768w\" sizes=\"(max-width: 500px) 100vw, 500px\" \/><p id=\"caption-attachment-48727\" class=\"wp-caption-text\">Post w j\u0119zyku polskim na globalnej stronie Nestle, <a href=\"https:\/\/www.linkedin.com\/posts\/nestle-s-a-_tegoroczne-obchody-30-lat-obecno%C5%9Bci-nestl%C3%A9-activity-7104793626525786112-fbHA?utm_source=share&amp;utm_medium=member_desktop\" target=\"_blank\" rel=\"noopener\">\u017ar\u00f3d\u0142o<\/a><\/p><\/div>\n<h2><b>Jak przyci\u0105ga\u0107 talenty?<\/b><\/h2>\n<p><span style=\"font-weight: 400;\">Pozostaje jeszcze aspekt stricte HRowy &#8211; w ko\u0144cu przyj\u0119\u0142o si\u0119, \u017ce LinkedIn jest wr\u0119cz stworzony do tego, by wspiera\u0107 dzia\u0142ania rekrutacyjne i employer brandingowe.\u00a0<\/span><\/p>\n<p><span style=\"font-weight: 400;\">Julita D\u0105browska nie pozostawia w\u0105tpliwo\u015bci, \u017ce <\/span><i><span style=\"font-weight: 400;\">je\u015bli chodzi o budowanie relacji z kandydatami, profil firmowy jest wa\u017cny. Powinny na nim by\u0107 publikowane tre\u015bci odpowiadaj\u0105ce na pytania &#8211; dlaczego warto w tej firmie pracowa\u0107. To przecie\u017c jest w\u0142a\u015bnie starannie wybrana strategiczna lista atrybut\u00f3w EVP opisuj\u0105ca firm\u0119 jako atrakcyjne miejsce pracy<\/span><\/i><span style=\"font-weight: 400;\">.<\/span><\/p>\n<p><span style=\"font-weight: 400;\">Je\u015bli chodzi o obszar HR, o zdanie nie mogli\u015bmy nie spyta\u0107 tak\u017ce Mai Gojtowskiej &#8211; <\/span><span style=\"font-weight: 400;\">konsultantki proces\u00f3w HR, autorki bloga <\/span><a href=\"http:\/\/www.gojtowska.com\" target=\"_blank\" rel=\"noopener\"><span style=\"font-weight: 400;\">Gojtowska.com<\/span><\/a><span style=\"font-weight: 400;\"> oraz ksi\u0105\u017cek z obszaru rekrutacji i onboardingu pracownik\u00f3w.\u00a0<\/span><\/p>\n<p><span style=\"font-weight: 400;\">Wed\u0142ug Mai oczywistym jest to, \u017ce <\/span><b><i>bierny pracodawca nie przyci\u0105gnie kandydat\u00f3w.<\/i><\/b><\/p>\n<p><i><span style=\"font-weight: 400;\">80% kandydat\u00f3w w Polsce i na \u015bwiecie to tak zwani kandydaci pasywni &#8211; <\/span><\/i><b><i>zainteresowani zmian\u0105 pracy, ale tylko wtedy gdy ta sama ich znajdzie. <\/i><\/b><i><span style=\"font-weight: 400;\">Takie podej\u015bcie zmusza pracodawc\u00f3w do intensyfikacji dzia\u0142a\u0144, kt\u00f3re pomog\u0105 budowa\u0107 \u015bwiadomo\u015b\u0107 swojej marki w\u015br\u00f3d potencjalnych pracownik\u00f3w, a gdy b\u0119dzie taka potrzeba aktywnie rekrutowa\u0107. Naturalnym kana\u0142em komunikacji w tej sytuacji wydaje si\u0119 wi\u0119c LinkedIn. <\/span><\/i><b><i>Problem w tym, \u017ce zdecydowana wi\u0119kszo\u015b\u0107 pracodawc\u00f3w nie ma na niego pomys\u0142u. <\/i><\/b><i><span style=\"font-weight: 400;\">Tre\u015bci na LinkedIn s\u0105 cz\u0119sto kopi\u0105 tego, co dzieje si\u0119 na Facebooku czy Instagramie. Firmy w swoich linkedinowych, employer brandingowych dzia\u0142aniach nie wykorzystuj\u0105 podstawowych funkcji oferowanych przez serwis &#8211; w postach nie oznaczaj\u0105 pracownik\u00f3w, o kt\u00f3rych pisz\u0105, nie wchodz\u0105 w dyskusje w komentarzach, nie tworz\u0105 wydarze\u0144 online dla swojej spo\u0142eczno\u015bci.\u00a0<\/span><\/i><\/p>\n<p><span style=\"font-weight: 400;\">Jak puentuje Maja,<\/span><i><span style=\"font-weight: 400;\"> pracodawcy publikuj\u0105 zdj\u0119cia, czasem wideo, pokazuj\u0105c co dzieje si\u0119 w ich firmie i czekaj\u0105 na reakcje. A to dzi\u015b za ma\u0142o.<\/span><\/i><\/p>\n<p><span style=\"font-weight: 400;\">Nale\u017cy r\u00f3wnie\u017c doda\u0107, \u017ce pracownicy, <\/span><i><span style=\"font-weight: 400;\">dzia\u0142aj\u0105c jako ambasadorzy marki, nie tylko zwi\u0119kszaj\u0105 widoczno\u015b\u0107 firmy, ale tak\u017ce przyci\u0105gaj\u0105 potencjalnych kandydat\u00f3w na przysz\u0142e oferty pracy<\/span><\/i><span style=\"font-weight: 400;\">, jak zauwa\u017cy\u0142 Rafa\u0142 Szyma\u0144ski.\u00a0<\/span><\/p>\n<p><span style=\"font-weight: 400;\">Profile osobiste i marki osobiste mog\u0105 mie\u0107 kluczowe znaczenie w procesach rekrutacyjnych i rozsy\u0142aniu wici o otwartych rekrutacjach. Istnieje du\u017ca szansa, \u017ce pracownik, kt\u00f3ry sprawdza si\u0119 w swojej roli i dobrze odnajduje w firmie, zarekomenduje osob\u0119 o wysokim potencjale. W ko\u0144cu z\u0142a rekomendacja nie wp\u0142ynie pozytywnie na wysi\u0142ki zwi\u0105zane z budowaniem swojej pozycji w firmie.<\/span><\/p>\n<h2><b>Strona na LinkedInie &#8211; miejsce w sieci dla Twojej firmy\u00a0<\/b><\/h2>\n<p><span style=\"font-weight: 400;\">Strona firmowa na LinkedInie to wci\u0105\u017c, a mo\u017ce jeszcze bardziej ni\u017c zwykle, istotny element marketingowej uk\u0142adanki, <\/span><i><span style=\"font-weight: 400;\">to nie tylko opcja; to konieczno\u015b\u0107 dla firm w erze, gdzie pracownik jest ambasadorem firmy<\/span><\/i><span style=\"font-weight: 400;\">, podkre\u015bla Rafa\u0142 Szyma\u0144ski.\u00a0<\/span><\/p>\n<p><span style=\"font-weight: 400;\">Jak dodaje Adrian Gamo\u0144, <\/span><i><span style=\"font-weight: 400;\">najwi\u0119kszy efekt osi\u0105gniesz, \u0142\u0105cz\u0105c dzia\u0142ania strony firmowej z aktywno\u015bci\u0105 marek osobistych i reklam\u0105. To synergia, kt\u00f3ra pot\u0119guje efektywno\u015b\u0107 Twojej obecno\u015bci na LinkedIn i daje najwi\u0119ksze szanse na osi\u0105gni\u0119cie cel\u00f3w marketingowych.<\/span><\/i><\/p>\n<p><span style=\"font-weight: 400;\">By prowadzone dzia\u0142ania by\u0142y jeszcze bardziej skuteczne niezb\u0119dna b\u0119dzie ich <\/span><a href=\"https:\/\/www.sotrender.com\/blog\/pl\/2023\/07\/analiza-dzialan-na-linkedinie-w-sotrenderze\/\" target=\"_blank\" rel=\"noopener\"><span style=\"font-weight: 400;\">analiza<\/span><\/a><span style=\"font-weight: 400;\">, by lepiej zrozumie\u0107 preferencje odbiorc\u00f3w i popularno\u015b\u0107 publikowanych tre\u015bci. Teraz ju\u017c \u0142atwo zrobisz to korzystaj\u0105c z analityki LinkedIna w <\/span><a href=\"http:\/\/www.sotrender.com\/pl\" target=\"_blank\" rel=\"noopener\"><span style=\"font-weight: 400;\">Sotrenderze<\/span><\/a><span style=\"font-weight: 400;\">.<\/span><\/p>\n<p style=\"text-align: center;\"><!--HubSpot Call-to-Action Code --><span id=\"hs-cta-wrapper-8cce0c67-2c83-4884-bccb-97c5a98c97a7\" class=\"hs-cta-wrapper\"><span id=\"hs-cta-8cce0c67-2c83-4884-bccb-97c5a98c97a7\" class=\"hs-cta-node hs-cta-8cce0c67-2c83-4884-bccb-97c5a98c97a7\"><!-- [if lte IE 8]><\/p>\n\n\n\n\n\n<div id=\"hs-cta-ie-element\"><\/div>\n\n\n<![endif]--><a href=\"https:\/\/cta-redirect.hubspot.com\/cta\/redirect\/3842881\/8cce0c67-2c83-4884-bccb-97c5a98c97a7\" target=\"_blank\" rel=\"noopener\"><img decoding=\"async\" id=\"hs-cta-img-8cce0c67-2c83-4884-bccb-97c5a98c97a7\" class=\"hs-cta-img aligncenter\" style=\"border-width: 0px;\" src=\"https:\/\/no-cache.hubspot.com\/cta\/default\/3842881\/8cce0c67-2c83-4884-bccb-97c5a98c97a7.png\" alt=\"Zacznij analizowa\u0107 swoje dzia\u0142ania na LinkedInie\" \/><\/a><\/span><script charset=\"utf-8\" src=\"https:\/\/js.hscta.net\/cta\/current.js\"><\/script><script type=\"text\/javascript\"> hbspt.cta.load(3842881, '8cce0c67-2c83-4884-bccb-97c5a98c97a7', {\"useNewLoader\":\"true\",\"region\":\"na1\"}); <\/script><\/span><!-- end HubSpot Call-to-Action Code --><\/p>\n<p>&nbsp;<\/p>\n","protected":false},"excerpt":{"rendered":"<p>Analizuj\u0105c dzia\u0142ania firm na LinkedInie, w ostatnich miesi\u0105cach obserwujemy nie tylko ich intensyfikacj\u0119, ale tak\u017ce rosn\u0105c\u0105 r\u00f3\u017cnorodno\u015b\u0107. Podczas gdy cz\u0119\u015b\u0107 firm prowadzi LinkedIna wy\u0142\u0105cznie do cel\u00f3w HRowych, dla innych jest to pe\u0142noprawny kana\u0142 marketingowy lub wspieraj\u0105cy sprzeda\u017c. W dobie rosn\u0105cej popularno\u015bci LinkedIna na tle innych kana\u0142\u00f3w social media, pojawia si\u0119 te\u017c, co naturalne, wiele pyta\u0144 [&hellip;]<\/p>\n","protected":false},"author":89,"featured_media":47677,"comment_status":"open","ping_status":"open","sticky":false,"template":"","format":"standard","meta":{"inline_featured_image":false,"footnotes":""},"categories":[2125,3229],"tags":[2845],"yoast_head":"<!-- This site is optimized with the Yoast SEO plugin v22.4 - https:\/\/yoast.com\/wordpress\/plugins\/seo\/ -->\n<title>Czy prowadzenie strony firmowej na LinkedInie ma sens? Pytamy ekspert\u00f3w<\/title>\n<meta name=\"description\" content=\"Zapytali\u015bmy sze\u015bcioro ekspert\u00f3w m.in. o to, czy zawsze warto inwestowa\u0107 w\u0142a\u015bnie w LinkedIna i jak\u0105 rol\u0119 odgrywaj\u0105 profile personalne.\" \/>\n<meta name=\"robots\" content=\"index, follow, max-snippet:-1, max-image-preview:large, max-video-preview:-1\" \/>\n<link rel=\"canonical\" href=\"https:\/\/www.sotrender.com\/blog\/pl\/2023\/09\/czy-prowadzenie-strony-firmowej-na-linkedinie-ma-sens-pytamy-ekspertow\/\" \/>\n<meta property=\"og:locale\" content=\"pl_PL\" \/>\n<meta property=\"og:type\" content=\"article\" \/>\n<meta property=\"og:title\" content=\"Czy prowadzenie strony firmowej na LinkedInie ma sens? Pytamy ekspert\u00f3w\" \/>\n<meta property=\"og:description\" content=\"Zapytali\u015bmy sze\u015bcioro ekspert\u00f3w m.in. o to, czy zawsze warto inwestowa\u0107 w\u0142a\u015bnie w LinkedIna i jak\u0105 rol\u0119 odgrywaj\u0105 profile personalne.\" \/>\n<meta property=\"og:url\" content=\"https:\/\/www.sotrender.com\/blog\/pl\/2023\/09\/czy-prowadzenie-strony-firmowej-na-linkedinie-ma-sens-pytamy-ekspertow\/\" \/>\n<meta property=\"og:site_name\" content=\"Sotrender Blog\" \/>\n<meta property=\"article:publisher\" content=\"https:\/\/www.facebook.com\/Sotrender\" \/>\n<meta property=\"article:published_time\" content=\"2023-09-29T05:57:42+00:00\" \/>\n<meta property=\"article:modified_time\" content=\"2024-06-19T12:55:38+00:00\" \/>\n<meta property=\"og:image\" content=\"https:\/\/www.sotrender.com\/blog\/wp-content\/uploads\/2023\/04\/marketing-on-linkedin-101.jpg\" \/>\n\t<meta property=\"og:image:width\" content=\"1280\" \/>\n\t<meta property=\"og:image:height\" content=\"750\" \/>\n\t<meta property=\"og:image:type\" content=\"image\/jpeg\" \/>\n<meta name=\"author\" content=\"Klaudia \u017by\u0142ka\" \/>\n<meta name=\"twitter:card\" content=\"summary_large_image\" \/>\n<meta name=\"twitter:creator\" content=\"@Sotrender\" \/>\n<meta name=\"twitter:site\" content=\"@Sotrender\" \/>\n<meta name=\"twitter:label1\" content=\"Written by\" \/>\n\t<meta name=\"twitter:data1\" content=\"Klaudia \u017by\u0142ka\" \/>\n\t<meta name=\"twitter:label2\" content=\"Est. reading time\" \/>\n\t<meta name=\"twitter:data2\" content=\"10 minutes\" \/>\n<script type=\"application\/ld+json\" class=\"yoast-schema-graph\">{\"@context\":\"https:\/\/schema.org\",\"@graph\":[{\"@type\":\"WebPage\",\"@id\":\"https:\/\/www.sotrender.com\/blog\/pl\/2023\/09\/czy-prowadzenie-strony-firmowej-na-linkedinie-ma-sens-pytamy-ekspertow\/\",\"url\":\"https:\/\/www.sotrender.com\/blog\/pl\/2023\/09\/czy-prowadzenie-strony-firmowej-na-linkedinie-ma-sens-pytamy-ekspertow\/\",\"name\":\"Czy prowadzenie strony firmowej na LinkedInie ma sens? Pytamy ekspert\u00f3w\",\"isPartOf\":{\"@id\":\"https:\/\/www.sotrender.com\/blog\/#website\"},\"primaryImageOfPage\":{\"@id\":\"https:\/\/www.sotrender.com\/blog\/pl\/2023\/09\/czy-prowadzenie-strony-firmowej-na-linkedinie-ma-sens-pytamy-ekspertow\/#primaryimage\"},\"image\":{\"@id\":\"https:\/\/www.sotrender.com\/blog\/pl\/2023\/09\/czy-prowadzenie-strony-firmowej-na-linkedinie-ma-sens-pytamy-ekspertow\/#primaryimage\"},\"thumbnailUrl\":\"https:\/\/www.sotrender.com\/blog\/wp-content\/uploads\/2023\/04\/marketing-on-linkedin-101.jpg\",\"datePublished\":\"2023-09-29T05:57:42+00:00\",\"dateModified\":\"2024-06-19T12:55:38+00:00\",\"author\":{\"@id\":\"https:\/\/www.sotrender.com\/blog\/#\/schema\/person\/038ac5e276c5d102d8cbb9c36cd43416\"},\"description\":\"Zapytali\u015bmy sze\u015bcioro ekspert\u00f3w m.in. o to, czy zawsze warto inwestowa\u0107 w\u0142a\u015bnie w LinkedIna i jak\u0105 rol\u0119 odgrywaj\u0105 profile personalne.\",\"breadcrumb\":{\"@id\":\"https:\/\/www.sotrender.com\/blog\/pl\/2023\/09\/czy-prowadzenie-strony-firmowej-na-linkedinie-ma-sens-pytamy-ekspertow\/#breadcrumb\"},\"inLanguage\":\"pl-PL\",\"potentialAction\":[{\"@type\":\"ReadAction\",\"target\":[\"https:\/\/www.sotrender.com\/blog\/pl\/2023\/09\/czy-prowadzenie-strony-firmowej-na-linkedinie-ma-sens-pytamy-ekspertow\/\"]}]},{\"@type\":\"ImageObject\",\"inLanguage\":\"pl-PL\",\"@id\":\"https:\/\/www.sotrender.com\/blog\/pl\/2023\/09\/czy-prowadzenie-strony-firmowej-na-linkedinie-ma-sens-pytamy-ekspertow\/#primaryimage\",\"url\":\"https:\/\/www.sotrender.com\/blog\/wp-content\/uploads\/2023\/04\/marketing-on-linkedin-101.jpg\",\"contentUrl\":\"https:\/\/www.sotrender.com\/blog\/wp-content\/uploads\/2023\/04\/marketing-on-linkedin-101.jpg\",\"width\":1280,\"height\":750},{\"@type\":\"BreadcrumbList\",\"@id\":\"https:\/\/www.sotrender.com\/blog\/pl\/2023\/09\/czy-prowadzenie-strony-firmowej-na-linkedinie-ma-sens-pytamy-ekspertow\/#breadcrumb\",\"itemListElement\":[{\"@type\":\"ListItem\",\"position\":1,\"name\":\"Home\",\"item\":\"https:\/\/www.sotrender.com\/blog\/\"},{\"@type\":\"ListItem\",\"position\":2,\"name\":\"Czy prowadzenie strony firmowej na LinkedInie ma sens? Pytamy 6 ekspert\u00f3w\"}]},{\"@type\":\"WebSite\",\"@id\":\"https:\/\/www.sotrender.com\/blog\/#website\",\"url\":\"https:\/\/www.sotrender.com\/blog\/\",\"name\":\"Sotrender Blog\",\"description\":\"\",\"potentialAction\":[{\"@type\":\"SearchAction\",\"target\":{\"@type\":\"EntryPoint\",\"urlTemplate\":\"https:\/\/www.sotrender.com\/blog\/?s={search_term_string}\"},\"query-input\":\"required name=search_term_string\"}],\"inLanguage\":\"pl-PL\"},{\"@type\":\"Person\",\"@id\":\"https:\/\/www.sotrender.com\/blog\/#\/schema\/person\/038ac5e276c5d102d8cbb9c36cd43416\",\"name\":\"Klaudia \u017by\u0142ka\",\"image\":{\"@type\":\"ImageObject\",\"inLanguage\":\"pl-PL\",\"@id\":\"https:\/\/www.sotrender.com\/blog\/#\/schema\/person\/image\/\",\"url\":\"https:\/\/secure.gravatar.com\/avatar\/f55d5d49ce3c448e1ffde0ab078d84cd?s=96&d=mm&r=g\",\"contentUrl\":\"https:\/\/secure.gravatar.com\/avatar\/f55d5d49ce3c448e1ffde0ab078d84cd?s=96&d=mm&r=g\",\"caption\":\"Klaudia \u017by\u0142ka\"},\"description\":\"Instagram, dogs, books and food lover. Former student at Warsaw University and Malm\u00f6 University. Improving her marketing skills every day. Proud owner of DIMAQ certificate\",\"sameAs\":[\"https:\/\/www.linkedin.com\/in\/klaudia-\u017cy\u0142ka-17527779\"],\"url\":\"https:\/\/www.sotrender.com\/blog\/pl\/author\/klaudia_yka\/\"}]}<\/script>\n<!-- \/ Yoast SEO plugin. -->","yoast_head_json":{"title":"Czy prowadzenie strony firmowej na LinkedInie ma sens? Pytamy ekspert\u00f3w","description":"Zapytali\u015bmy sze\u015bcioro ekspert\u00f3w m.in. o to, czy zawsze warto inwestowa\u0107 w\u0142a\u015bnie w LinkedIna i jak\u0105 rol\u0119 odgrywaj\u0105 profile personalne.","robots":{"index":"index","follow":"follow","max-snippet":"max-snippet:-1","max-image-preview":"max-image-preview:large","max-video-preview":"max-video-preview:-1"},"canonical":"https:\/\/www.sotrender.com\/blog\/pl\/2023\/09\/czy-prowadzenie-strony-firmowej-na-linkedinie-ma-sens-pytamy-ekspertow\/","og_locale":"pl_PL","og_type":"article","og_title":"Czy prowadzenie strony firmowej na LinkedInie ma sens? Pytamy ekspert\u00f3w","og_description":"Zapytali\u015bmy sze\u015bcioro ekspert\u00f3w m.in. o to, czy zawsze warto inwestowa\u0107 w\u0142a\u015bnie w LinkedIna i jak\u0105 rol\u0119 odgrywaj\u0105 profile personalne.","og_url":"https:\/\/www.sotrender.com\/blog\/pl\/2023\/09\/czy-prowadzenie-strony-firmowej-na-linkedinie-ma-sens-pytamy-ekspertow\/","og_site_name":"Sotrender Blog","article_publisher":"https:\/\/www.facebook.com\/Sotrender","article_published_time":"2023-09-29T05:57:42+00:00","article_modified_time":"2024-06-19T12:55:38+00:00","og_image":[{"width":1280,"height":750,"url":"https:\/\/www.sotrender.com\/blog\/wp-content\/uploads\/2023\/04\/marketing-on-linkedin-101.jpg","type":"image\/jpeg"}],"author":"Klaudia \u017by\u0142ka","twitter_card":"summary_large_image","twitter_creator":"@Sotrender","twitter_site":"@Sotrender","twitter_misc":{"Written by":"Klaudia \u017by\u0142ka","Est. reading time":"10 minutes"},"schema":{"@context":"https:\/\/schema.org","@graph":[{"@type":"WebPage","@id":"https:\/\/www.sotrender.com\/blog\/pl\/2023\/09\/czy-prowadzenie-strony-firmowej-na-linkedinie-ma-sens-pytamy-ekspertow\/","url":"https:\/\/www.sotrender.com\/blog\/pl\/2023\/09\/czy-prowadzenie-strony-firmowej-na-linkedinie-ma-sens-pytamy-ekspertow\/","name":"Czy prowadzenie strony firmowej na LinkedInie ma sens? Pytamy ekspert\u00f3w","isPartOf":{"@id":"https:\/\/www.sotrender.com\/blog\/#website"},"primaryImageOfPage":{"@id":"https:\/\/www.sotrender.com\/blog\/pl\/2023\/09\/czy-prowadzenie-strony-firmowej-na-linkedinie-ma-sens-pytamy-ekspertow\/#primaryimage"},"image":{"@id":"https:\/\/www.sotrender.com\/blog\/pl\/2023\/09\/czy-prowadzenie-strony-firmowej-na-linkedinie-ma-sens-pytamy-ekspertow\/#primaryimage"},"thumbnailUrl":"https:\/\/www.sotrender.com\/blog\/wp-content\/uploads\/2023\/04\/marketing-on-linkedin-101.jpg","datePublished":"2023-09-29T05:57:42+00:00","dateModified":"2024-06-19T12:55:38+00:00","author":{"@id":"https:\/\/www.sotrender.com\/blog\/#\/schema\/person\/038ac5e276c5d102d8cbb9c36cd43416"},"description":"Zapytali\u015bmy sze\u015bcioro ekspert\u00f3w m.in. o to, czy zawsze warto inwestowa\u0107 w\u0142a\u015bnie w LinkedIna i jak\u0105 rol\u0119 odgrywaj\u0105 profile personalne.","breadcrumb":{"@id":"https:\/\/www.sotrender.com\/blog\/pl\/2023\/09\/czy-prowadzenie-strony-firmowej-na-linkedinie-ma-sens-pytamy-ekspertow\/#breadcrumb"},"inLanguage":"pl-PL","potentialAction":[{"@type":"ReadAction","target":["https:\/\/www.sotrender.com\/blog\/pl\/2023\/09\/czy-prowadzenie-strony-firmowej-na-linkedinie-ma-sens-pytamy-ekspertow\/"]}]},{"@type":"ImageObject","inLanguage":"pl-PL","@id":"https:\/\/www.sotrender.com\/blog\/pl\/2023\/09\/czy-prowadzenie-strony-firmowej-na-linkedinie-ma-sens-pytamy-ekspertow\/#primaryimage","url":"https:\/\/www.sotrender.com\/blog\/wp-content\/uploads\/2023\/04\/marketing-on-linkedin-101.jpg","contentUrl":"https:\/\/www.sotrender.com\/blog\/wp-content\/uploads\/2023\/04\/marketing-on-linkedin-101.jpg","width":1280,"height":750},{"@type":"BreadcrumbList","@id":"https:\/\/www.sotrender.com\/blog\/pl\/2023\/09\/czy-prowadzenie-strony-firmowej-na-linkedinie-ma-sens-pytamy-ekspertow\/#breadcrumb","itemListElement":[{"@type":"ListItem","position":1,"name":"Home","item":"https:\/\/www.sotrender.com\/blog\/"},{"@type":"ListItem","position":2,"name":"Czy prowadzenie strony firmowej na LinkedInie ma sens? Pytamy 6 ekspert\u00f3w"}]},{"@type":"WebSite","@id":"https:\/\/www.sotrender.com\/blog\/#website","url":"https:\/\/www.sotrender.com\/blog\/","name":"Sotrender Blog","description":"","potentialAction":[{"@type":"SearchAction","target":{"@type":"EntryPoint","urlTemplate":"https:\/\/www.sotrender.com\/blog\/?s={search_term_string}"},"query-input":"required name=search_term_string"}],"inLanguage":"pl-PL"},{"@type":"Person","@id":"https:\/\/www.sotrender.com\/blog\/#\/schema\/person\/038ac5e276c5d102d8cbb9c36cd43416","name":"Klaudia \u017by\u0142ka","image":{"@type":"ImageObject","inLanguage":"pl-PL","@id":"https:\/\/www.sotrender.com\/blog\/#\/schema\/person\/image\/","url":"https:\/\/secure.gravatar.com\/avatar\/f55d5d49ce3c448e1ffde0ab078d84cd?s=96&d=mm&r=g","contentUrl":"https:\/\/secure.gravatar.com\/avatar\/f55d5d49ce3c448e1ffde0ab078d84cd?s=96&d=mm&r=g","caption":"Klaudia \u017by\u0142ka"},"description":"Instagram, dogs, books and food lover. Former student at Warsaw University and Malm\u00f6 University. Improving her marketing skills every day. Proud owner of DIMAQ certificate","sameAs":["https:\/\/www.linkedin.com\/in\/klaudia-\u017cy\u0142ka-17527779"],"url":"https:\/\/www.sotrender.com\/blog\/pl\/author\/klaudia_yka\/"}]}},"_links":{"self":[{"href":"https:\/\/www.sotrender.com\/blog\/pl\/wp-json\/wp\/v2\/posts\/48721"}],"collection":[{"href":"https:\/\/www.sotrender.com\/blog\/pl\/wp-json\/wp\/v2\/posts"}],"about":[{"href":"https:\/\/www.sotrender.com\/blog\/pl\/wp-json\/wp\/v2\/types\/post"}],"author":[{"embeddable":true,"href":"https:\/\/www.sotrender.com\/blog\/pl\/wp-json\/wp\/v2\/users\/89"}],"replies":[{"embeddable":true,"href":"https:\/\/www.sotrender.com\/blog\/pl\/wp-json\/wp\/v2\/comments?post=48721"}],"version-history":[{"count":22,"href":"https:\/\/www.sotrender.com\/blog\/pl\/wp-json\/wp\/v2\/posts\/48721\/revisions"}],"predecessor-version":[{"id":48771,"href":"https:\/\/www.sotrender.com\/blog\/pl\/wp-json\/wp\/v2\/posts\/48721\/revisions\/48771"}],"wp:featuredmedia":[{"embeddable":true,"href":"https:\/\/www.sotrender.com\/blog\/pl\/wp-json\/wp\/v2\/media\/47677"}],"wp:attachment":[{"href":"https:\/\/www.sotrender.com\/blog\/pl\/wp-json\/wp\/v2\/media?parent=48721"}],"wp:term":[{"taxonomy":"category","embeddable":true,"href":"https:\/\/www.sotrender.com\/blog\/pl\/wp-json\/wp\/v2\/categories?post=48721"},{"taxonomy":"post_tag","embeddable":true,"href":"https:\/\/www.sotrender.com\/blog\/pl\/wp-json\/wp\/v2\/tags?post=48721"}],"curies":[{"name":"wp","href":"https:\/\/api.w.org\/{rel}","templated":true}]}}