{"id":48555,"date":"2023-09-11T08:48:48","date_gmt":"2023-09-11T06:48:48","guid":{"rendered":"https:\/\/www.sotrender.com\/blog\/?p=48555\/"},"modified":"2023-09-11T08:48:48","modified_gmt":"2023-09-11T06:48:48","slug":"facebook-trends-sierpien-2023-wspomnienie-wakacji","status":"publish","type":"post","link":"https:\/\/www.sotrender.com\/blog\/pl\/2023\/09\/facebook-trends-sierpien-2023-wspomnienie-wakacji\/","title":{"rendered":"Facebook Trends sierpie\u0144 2023 &#8211; wspomnienie wakacji"},"content":{"rendered":"<p><span style=\"font-weight: 400;\">Ju\u017c chyba wszyscy jeste\u015bmy jedn\u0105 nog\u0105 <\/span><i><span style=\"font-weight: 400;\">back to reality, <\/span><\/i><span style=\"font-weight: 400;\">to wi\u0119c ostatni moment, by podsumowa\u0107 miesi\u0105ce wakacyjne na Facebooku &#8211; zar\u00f3wno od strony eventowo-contentowej, jak i reklamowej.<\/span><\/p>\n<p><!--more--><\/p>\n<p><span style=\"font-weight: 400;\">Zapraszamy na <a href=\"https:\/\/www.sotrender.com\/trends\/facebook\/poland\/202308\" target=\"_blank\" rel=\"noopener\">sierpniowy raport Facebook Trends<\/a>!<\/span><\/p>\n<h2><strong>Wydatki reklamowe dalej w d\u00f3\u0142<\/strong><\/h2>\n<p><span style=\"font-weight: 400;\">Po kr\u00f3tkiej przerwie pora sprawdzi\u0107, jak przedstawiaj\u0105 si\u0119 wydatki na reklam\u0119 w ekosystemie Meta.\u00a0<\/span><\/p>\n<p><span style=\"font-weight: 400;\">Okres wakacyjny nas raczej nie zaskoczy\u0142 &#8211; reklamodawcy wydawali mniej, spad\u0142y tak\u017ce koszta.<\/span><\/p>\n<p><span style=\"font-weight: 400;\">W sierpniu \u0142\u0105czne wydatki na reklam\u0119 by\u0142y najni\u017csze na przestrzeni ostatniego roku, co jest do\u015b\u0107 typowe dla miesi\u0119cy wakacyjnych, ale z pewno\u015bci\u0105 wp\u0142yw mia\u0142a na to tak\u017ce inflacja i kryzys.\u00a0<\/span><\/p>\n<p><img loading=\"lazy\" decoding=\"async\" class=\"aligncenter wp-image-48559\" src=\"https:\/\/www.sotrender.com\/blog\/wp-content\/uploads\/2023\/09\/SpendScore_8-2023.png\" alt=\"warto\u015b\u0107 wydatk\u00f3w na reklam\u0119 meta\" width=\"750\" height=\"412\" srcset=\"https:\/\/www.sotrender.com\/blog\/wp-content\/uploads\/2023\/09\/SpendScore_8-2023.png 2048w, https:\/\/www.sotrender.com\/blog\/wp-content\/uploads\/2023\/09\/SpendScore_8-2023-475x261.png 475w, https:\/\/www.sotrender.com\/blog\/wp-content\/uploads\/2023\/09\/SpendScore_8-2023-768x422.png 768w, https:\/\/www.sotrender.com\/blog\/wp-content\/uploads\/2023\/09\/SpendScore_8-2023-1536x843.png 1536w\" sizes=\"(max-width: 750px) 100vw, 750px\" \/><\/p>\n<p><span style=\"font-weight: 400;\">W okolicach pa\u017adziernika i listopada spodziewamy si\u0119 odwr\u00f3cenia tego trendu, jednak ci\u0119\u017cko zak\u0142ada\u0107, \u017ce wydatki powr\u00f3c\u0105 do poziomu sprzed roku.\u00a0<\/span><\/p>\n<p><span style=\"font-weight: 400;\">CPM jest tak\u017ce dalej w trendzie spadkowym &#8211; w por\u00f3wnaniu do wrze\u015bnia 2022 jest o niemal\u017ce po\u0142ow\u0119 ni\u017cszy. Na przestrzeni tego roku, \u015bredni CPM spad\u0142 z kolei o ponad 1z\u0142.\u00a0<\/span><\/p>\n<p><img loading=\"lazy\" decoding=\"async\" class=\"aligncenter wp-image-48563\" src=\"https:\/\/www.sotrender.com\/blog\/wp-content\/uploads\/2023\/09\/CPM_8-2023.png\" alt=\"warto\u015b\u0107 wska\u017anika cpm na facebooku sierpie\u0144 2023\" width=\"750\" height=\"375\" srcset=\"https:\/\/www.sotrender.com\/blog\/wp-content\/uploads\/2023\/09\/CPM_8-2023.png 2730w, https:\/\/www.sotrender.com\/blog\/wp-content\/uploads\/2023\/09\/CPM_8-2023-475x238.png 475w, https:\/\/www.sotrender.com\/blog\/wp-content\/uploads\/2023\/09\/CPM_8-2023-768x384.png 768w, https:\/\/www.sotrender.com\/blog\/wp-content\/uploads\/2023\/09\/CPM_8-2023-1536x768.png 1536w, https:\/\/www.sotrender.com\/blog\/wp-content\/uploads\/2023\/09\/CPM_8-2023-2048x1024.png 2048w\" sizes=\"(max-width: 750px) 100vw, 750px\" \/><\/p>\n<p><span style=\"font-weight: 400;\">Z kolei \u015bredni CPC, jak i mediana, przyjmuj\u0105 znacznie mniejsze wahania.\u00a0\u00a0<\/span><\/p>\n<p><img loading=\"lazy\" decoding=\"async\" class=\"aligncenter wp-image-48565\" src=\"https:\/\/www.sotrender.com\/blog\/wp-content\/uploads\/2023\/09\/CPC_8-2023.png\" alt=\"cpc facebook sierpie\u0144 2023\" width=\"750\" height=\"375\" srcset=\"https:\/\/www.sotrender.com\/blog\/wp-content\/uploads\/2023\/09\/CPC_8-2023.png 2730w, https:\/\/www.sotrender.com\/blog\/wp-content\/uploads\/2023\/09\/CPC_8-2023-475x238.png 475w, https:\/\/www.sotrender.com\/blog\/wp-content\/uploads\/2023\/09\/CPC_8-2023-768x384.png 768w, https:\/\/www.sotrender.com\/blog\/wp-content\/uploads\/2023\/09\/CPC_8-2023-1536x768.png 1536w, https:\/\/www.sotrender.com\/blog\/wp-content\/uploads\/2023\/09\/CPC_8-2023-2048x1024.png 2048w\" sizes=\"(max-width: 750px) 100vw, 750px\" \/><\/p>\n<p><span style=\"font-weight: 400;\">Czy jest to dobry moment na dzia\u0142ania reklamowe? Je\u015bli bud\u017cet Wam na to pozwala, to jak najbardziej &#8211; reklam jest znacznie mniej, ni\u017csze s\u0105 tak\u017ce koszty CPC i CPM. Dla tych z Was, kt\u00f3rzy zdecyduj\u0105 si\u0119 dzia\u0142a\u0107 reklamowo na Facebooku czy Instagramie oznacza to mniejsz\u0105 konkurencyjno\u015b\u0107 z innymi reklamodawcami i bardziej efektywne wydawanie bud\u017cet\u00f3w.\u00a0<\/span><\/p>\n<p style=\"text-align: center;\"><!--HubSpot Call-to-Action Code --><span id=\"hs-cta-wrapper-f1bd19fa-e2f8-4c69-8f9c-692081555c86\" class=\"hs-cta-wrapper\"><span id=\"hs-cta-f1bd19fa-e2f8-4c69-8f9c-692081555c86\" class=\"hs-cta-node hs-cta-f1bd19fa-e2f8-4c69-8f9c-692081555c86\"><!-- [if lte IE 8]><\/p>\n\n\n\n\n\n<div id=\"hs-cta-ie-element\"><\/div>\n\n\n<![endif]--><a href=\"https:\/\/cta-redirect.hubspot.com\/cta\/redirect\/3842881\/f1bd19fa-e2f8-4c69-8f9c-692081555c86\" target=\"_blank\" rel=\"noopener\"><img decoding=\"async\" id=\"hs-cta-img-f1bd19fa-e2f8-4c69-8f9c-692081555c86\" class=\"hs-cta-img aligncenter\" style=\"border-width: 0px;\" src=\"https:\/\/no-cache.hubspot.com\/cta\/default\/3842881\/f1bd19fa-e2f8-4c69-8f9c-692081555c86.png\" alt=\"Zacznij analizowa\u0107 swoje dzia\u0142ania na Facebooku\" \/><\/a><\/span><script charset=\"utf-8\" src=\"https:\/\/js.hscta.net\/cta\/current.js\"><\/script><script type=\"text\/javascript\"> hbspt.cta.load(3842881, 'f1bd19fa-e2f8-4c69-8f9c-692081555c86', {\"useNewLoader\":\"true\",\"region\":\"na1\"}); <\/script><\/span><!-- end HubSpot Call-to-Action Code --><\/p>\n<h2><strong>Muzyczny sierpie\u0144<\/strong><\/h2>\n<p><span style=\"font-weight: 400;\">Miesi\u0105ce wakacyjne kojarz\u0105 nam si\u0119 nieod\u0142\u0105cznie z festiwalami muzycznymi.\u00a0<\/span><\/p>\n<p><span style=\"font-weight: 400;\">Pod koniec sierpnia sw\u00f3j fina\u0142 mia\u0142 \u017bywiec M\u0119skie Granie i cho\u0107 finalnie warunki pogodowe nieco popsu\u0142y organizatorom i fanom szyki, zaanga\u017cowanie na Facebooku si\u0119gn\u0119\u0142o zenitu.\u00a0<\/span><\/p>\n<p><span style=\"font-weight: 400;\">Live z fina\u0142u M\u0119skiego Grania by\u0142 najlepszym postem miesi\u0105ca <a href=\"https:\/\/www.sotrender.com\/trends\/facebook\/poland\/202308\/kultura\/muzyka\" target=\"_blank\" rel=\"noopener\">w kategorii Muzyka<\/a>. Profil M\u0119skiego Grania awansowa\u0142 te\u017c o 12 pozycji w zestawieniu \u0142\u0105cznej liczby aktywno\u015bci na miejsce 8 w tej samej kategorii.\u00a0<\/span><\/p>\n<div id=\"attachment_48593\" style=\"width: 810px\" class=\"wp-caption aligncenter\"><img loading=\"lazy\" decoding=\"async\" aria-describedby=\"caption-attachment-48593\" class=\" wp-image-48593\" src=\"https:\/\/www.sotrender.com\/blog\/wp-content\/uploads\/2023\/09\/meskie-granie-live-sierpien-2023-facebook.png\" alt=\"live na facebooku z fina\u0142u m\u0119skiefo grania 2023\" width=\"800\" height=\"395\" srcset=\"https:\/\/www.sotrender.com\/blog\/wp-content\/uploads\/2023\/09\/meskie-granie-live-sierpien-2023-facebook.png 1912w, https:\/\/www.sotrender.com\/blog\/wp-content\/uploads\/2023\/09\/meskie-granie-live-sierpien-2023-facebook-475x235.png 475w, https:\/\/www.sotrender.com\/blog\/wp-content\/uploads\/2023\/09\/meskie-granie-live-sierpien-2023-facebook-768x379.png 768w, https:\/\/www.sotrender.com\/blog\/wp-content\/uploads\/2023\/09\/meskie-granie-live-sierpien-2023-facebook-1536x758.png 1536w\" sizes=\"(max-width: 800px) 100vw, 800px\" \/><p id=\"caption-attachment-48593\" class=\"wp-caption-text\">Najlepsze posty w kategorii <a href=\"https:\/\/www.sotrender.com\/trends\/facebook\/poland\/202308\/kultura\/muzyka\" target=\"_blank\" rel=\"noopener\">Muzyka<\/a> na Facebooku | sierpie\u0144 2023<\/p><\/div>\n<p><span style=\"font-weight: 400;\">Drugim najlepszym postem miesi\u0105ca <a href=\"https:\/\/www.sotrender.com\/trends\/facebook\/poland\/202308\/kultura\/muzyka\" target=\"_blank\" rel=\"noopener\">w kategorii Muzyka<\/a> by\u0142o zdj\u0119cie na profilu Dawida Podsiad\u0142o z jego koncertu, kt\u00f3ry przejdzie ju\u017c do historii. Pod wzgl\u0119dem frekwencji by\u0142o to bowiem dotychczas najwi\u0119ksze wydarzenie muzyczne &#8211; zjawi\u0142o si\u0119 na nim 80 tys. fan\u00f3w.\u00a0<\/span><\/p>\n<p><span style=\"font-weight: 400;\">Profil Dawida tak\u017ce awansowa\u0142 w rankingu Aktych u\u017cytkownik\u00f3w &#8211; o 8 pozycji na miejsce 4.<\/span><\/p>\n<div id=\"attachment_48573\" style=\"width: 810px\" class=\"wp-caption aligncenter\"><img loading=\"lazy\" decoding=\"async\" aria-describedby=\"caption-attachment-48573\" class=\" wp-image-48573\" src=\"https:\/\/www.sotrender.com\/blog\/wp-content\/uploads\/2023\/09\/muzyka-aktywni-uzytkownicy-facebook-sierpien.png\" alt=\"\" width=\"800\" height=\"456\" srcset=\"https:\/\/www.sotrender.com\/blog\/wp-content\/uploads\/2023\/09\/muzyka-aktywni-uzytkownicy-facebook-sierpien.png 1956w, https:\/\/www.sotrender.com\/blog\/wp-content\/uploads\/2023\/09\/muzyka-aktywni-uzytkownicy-facebook-sierpien-475x271.png 475w, https:\/\/www.sotrender.com\/blog\/wp-content\/uploads\/2023\/09\/muzyka-aktywni-uzytkownicy-facebook-sierpien-768x437.png 768w, https:\/\/www.sotrender.com\/blog\/wp-content\/uploads\/2023\/09\/muzyka-aktywni-uzytkownicy-facebook-sierpien-1536x875.png 1536w\" sizes=\"(max-width: 800px) 100vw, 800px\" \/><p id=\"caption-attachment-48573\" class=\"wp-caption-text\">Profile <a href=\"https:\/\/www.sotrender.com\/trends\/facebook\/poland\/202308\/kultura\/muzyka\" target=\"_blank\" rel=\"noopener\">w kategorii Muzyka<\/a> o najwi\u0119kszej liczbie aktywno\u015bci | Facebook, sierpie\u0144 2023<\/p><\/div>\n<p><span style=\"font-weight: 400;\">Z nowym materia\u0142em powr\u00f3ci\u0142 r\u00f3wnie\u017c Taco Hemingway. Artysta, kt\u00f3ry rzadko publikuje na profilu, w sierpniu poinformowa\u0142 fan\u00f3w o swoim nowym albumie i singlu <\/span><i><span style=\"font-weight: 400;\">Gelato<\/span><\/i><span style=\"font-weight: 400;\">. I od razu wskoczy\u0142 na wysokie 11. miejsce w naszym rankingu. \ud83d\ude09<\/span><\/p>\n<h2><strong>Bro\u0144 bobrze bez kasku<\/strong><\/h2>\n<p><span style=\"font-weight: 400;\">Kampani\u0105 spo\u0142eczn\u0105, kt\u00f3ra w sierpniu skrad\u0142a serca internaut\u00f3w by\u0142a kolejna \u015bwietna kampania wojew\u00f3dztwa podlaskiego.\u00a0<\/span><\/p>\n<p><span style=\"font-weight: 400;\">Jej celem jest promowanie bezpiecznej jazdy rowerem, czyli jazdy w kasku, do czego maj\u0105 zach\u0119ca\u0107 chwytliwe grafiki z mieszka\u0144cami podlaskich las\u00f3w.\u00a0<\/span><\/p>\n<div id=\"attachment_48575\" style=\"width: 810px\" class=\"wp-caption aligncenter\"><img loading=\"lazy\" decoding=\"async\" aria-describedby=\"caption-attachment-48575\" class=\" wp-image-48575\" src=\"https:\/\/www.sotrender.com\/blog\/wp-content\/uploads\/2023\/09\/podlaskie-kampania-bron-bobrze-bez-kasku.png\" alt=\"podlaskie kampania bron bobrze bez kasku\" width=\"800\" height=\"388\" srcset=\"https:\/\/www.sotrender.com\/blog\/wp-content\/uploads\/2023\/09\/podlaskie-kampania-bron-bobrze-bez-kasku.png 1902w, https:\/\/www.sotrender.com\/blog\/wp-content\/uploads\/2023\/09\/podlaskie-kampania-bron-bobrze-bez-kasku-475x230.png 475w, https:\/\/www.sotrender.com\/blog\/wp-content\/uploads\/2023\/09\/podlaskie-kampania-bron-bobrze-bez-kasku-768x372.png 768w, https:\/\/www.sotrender.com\/blog\/wp-content\/uploads\/2023\/09\/podlaskie-kampania-bron-bobrze-bez-kasku-1536x745.png 1536w\" sizes=\"(max-width: 800px) 100vw, 800px\" \/><p id=\"caption-attachment-48575\" class=\"wp-caption-text\">Najlepsze posty w kategorii <a href=\"https:\/\/www.sotrender.com\/trends\/facebook\/poland\/202308\/agencje_interaktywne_PR#best_posts\" target=\"_blank\" rel=\"noopener\">Agencje interaktywne i PR<\/a> | Facebook, sierpie\u0144 2023<\/p><\/div>\n<p><span style=\"font-weight: 400;\">Pod wzgl\u0119dem \u0142\u0105cznej liczby aktywno\u015bci na profilu Podlaskie awansowa\u0142o o 4 pozycje.\u00a0<\/span><\/p>\n<div id=\"attachment_48577\" style=\"width: 813px\" class=\"wp-caption aligncenter\"><img loading=\"lazy\" decoding=\"async\" aria-describedby=\"caption-attachment-48577\" class=\" wp-image-48577\" src=\"https:\/\/www.sotrender.com\/blog\/wp-content\/uploads\/2023\/09\/regiony-podlaskie-facebook-aktywni-uzytkownicy.png\" alt=\"regiony podlaskie facebook aktywni uzytkownicy\" width=\"803\" height=\"170\" srcset=\"https:\/\/www.sotrender.com\/blog\/wp-content\/uploads\/2023\/09\/regiony-podlaskie-facebook-aktywni-uzytkownicy.png 1988w, https:\/\/www.sotrender.com\/blog\/wp-content\/uploads\/2023\/09\/regiony-podlaskie-facebook-aktywni-uzytkownicy-475x101.png 475w, https:\/\/www.sotrender.com\/blog\/wp-content\/uploads\/2023\/09\/regiony-podlaskie-facebook-aktywni-uzytkownicy-768x163.png 768w, https:\/\/www.sotrender.com\/blog\/wp-content\/uploads\/2023\/09\/regiony-podlaskie-facebook-aktywni-uzytkownicy-1536x326.png 1536w\" sizes=\"(max-width: 803px) 100vw, 803px\" \/><p id=\"caption-attachment-48577\" class=\"wp-caption-text\">Profile w kategorii <a href=\"https:\/\/www.sotrender.com\/trends\/facebook\/poland\/202308\/miejsca\/regiony\" target=\"_blank\" rel=\"noopener\">Regiony<\/a> o najwi\u0119kszej \u0142\u0105cznej liczbie aktywno\u015bci | Facebook, sierpie\u0144 2023<\/p><\/div>\n<h2><strong>Facebook Trends sierpie\u0144 2023<\/strong><\/h2>\n<p><span style=\"font-weight: 400;\">To wszystko, co przygotowali\u015bmy dla Was w tym miesi\u0105cu.\u00a0<\/span><\/p>\n<p><span style=\"font-weight: 400;\">Zach\u0119camy do sprawdzenia pozosta\u0142ych kategorii <a href=\"https:\/\/www.sotrender.com\/trends\/facebook\/poland\/202308\" target=\"_blank\" rel=\"noopener\">w raporcie facebookowym<\/a>, jak r\u00f3wnie\u017c <\/span><a href=\"https:\/\/www.sotrender.com\/blog\/pl\/2023\/09\/instagram-trends-sierpien-2023-liderzy-zaangazowania\/\" target=\"_blank\" rel=\"noopener\"><span style=\"font-weight: 400;\">sierpniowego wydania Instagram Trends<\/span><\/a><span style=\"font-weight: 400;\">.\u00a0<\/span><\/p>\n","protected":false},"excerpt":{"rendered":"<p>Ju\u017c chyba wszyscy jeste\u015bmy jedn\u0105 nog\u0105 back to reality, to wi\u0119c ostatni moment, by podsumowa\u0107 miesi\u0105ce wakacyjne na Facebooku &#8211; zar\u00f3wno od strony eventowo-contentowej, jak i reklamowej.<\/p>\n","protected":false},"author":89,"featured_media":48581,"comment_status":"open","ping_status":"open","sticky":false,"template":"","format":"standard","meta":{"inline_featured_image":false,"footnotes":""},"categories":[1791,1797,2275],"tags":[2001,2495,3135],"yoast_head":"<!-- This site is optimized with the Yoast SEO plugin v22.4 - https:\/\/yoast.com\/wordpress\/plugins\/seo\/ -->\n<title>Facebook Trends sierpie\u0144 2023 - wspomnienie wakacji<\/title>\n<meta name=\"description\" content=\"W sierpniowym raporcie Facebook Trends podsumowujemy wakacyjne miesi\u0105ce - zar\u00f3wno od strony eventowo-contentowej, jak i reklamowej.\" \/>\n<meta name=\"robots\" content=\"index, follow, max-snippet:-1, max-image-preview:large, max-video-preview:-1\" \/>\n<link rel=\"canonical\" href=\"https:\/\/www.sotrender.com\/blog\/pl\/2023\/09\/facebook-trends-sierpien-2023-wspomnienie-wakacji\/\" \/>\n<meta property=\"og:locale\" content=\"pl_PL\" \/>\n<meta property=\"og:type\" content=\"article\" \/>\n<meta property=\"og:title\" content=\"Facebook Trends sierpie\u0144 2023 - wspomnienie wakacji\" \/>\n<meta property=\"og:description\" content=\"W sierpniowym raporcie Facebook Trends podsumowujemy wakacyjne miesi\u0105ce - zar\u00f3wno od strony eventowo-contentowej, jak i reklamowej.\" \/>\n<meta property=\"og:url\" content=\"https:\/\/www.sotrender.com\/blog\/pl\/2023\/09\/facebook-trends-sierpien-2023-wspomnienie-wakacji\/\" \/>\n<meta property=\"og:site_name\" content=\"Sotrender Blog\" \/>\n<meta property=\"article:publisher\" content=\"https:\/\/www.facebook.com\/Sotrender\" \/>\n<meta property=\"article:published_time\" content=\"2023-09-11T06:48:48+00:00\" \/>\n<meta property=\"og:image\" content=\"https:\/\/www.sotrender.com\/blog\/wp-content\/uploads\/2023\/09\/podlaskie-regiony-wakacje.jpg\" \/>\n\t<meta property=\"og:image:width\" content=\"1700\" \/>\n\t<meta property=\"og:image:height\" content=\"1106\" \/>\n\t<meta property=\"og:image:type\" content=\"image\/jpeg\" \/>\n<meta name=\"author\" content=\"Klaudia \u017by\u0142ka\" \/>\n<meta name=\"twitter:card\" content=\"summary_large_image\" \/>\n<meta name=\"twitter:creator\" content=\"@Sotrender\" \/>\n<meta name=\"twitter:site\" content=\"@Sotrender\" \/>\n<meta name=\"twitter:label1\" content=\"Written by\" \/>\n\t<meta name=\"twitter:data1\" content=\"Klaudia \u017by\u0142ka\" \/>\n\t<meta name=\"twitter:label2\" content=\"Est. reading time\" \/>\n\t<meta name=\"twitter:data2\" content=\"3 minutes\" \/>\n<script type=\"application\/ld+json\" class=\"yoast-schema-graph\">{\"@context\":\"https:\/\/schema.org\",\"@graph\":[{\"@type\":\"WebPage\",\"@id\":\"https:\/\/www.sotrender.com\/blog\/pl\/2023\/09\/facebook-trends-sierpien-2023-wspomnienie-wakacji\/\",\"url\":\"https:\/\/www.sotrender.com\/blog\/pl\/2023\/09\/facebook-trends-sierpien-2023-wspomnienie-wakacji\/\",\"name\":\"Facebook Trends sierpie\u0144 2023 - wspomnienie wakacji\",\"isPartOf\":{\"@id\":\"https:\/\/www.sotrender.com\/blog\/#website\"},\"primaryImageOfPage\":{\"@id\":\"https:\/\/www.sotrender.com\/blog\/pl\/2023\/09\/facebook-trends-sierpien-2023-wspomnienie-wakacji\/#primaryimage\"},\"image\":{\"@id\":\"https:\/\/www.sotrender.com\/blog\/pl\/2023\/09\/facebook-trends-sierpien-2023-wspomnienie-wakacji\/#primaryimage\"},\"thumbnailUrl\":\"https:\/\/www.sotrender.com\/blog\/wp-content\/uploads\/2023\/09\/podlaskie-regiony-wakacje.jpg\",\"datePublished\":\"2023-09-11T06:48:48+00:00\",\"dateModified\":\"2023-09-11T06:48:48+00:00\",\"author\":{\"@id\":\"https:\/\/www.sotrender.com\/blog\/#\/schema\/person\/038ac5e276c5d102d8cbb9c36cd43416\"},\"description\":\"W sierpniowym raporcie Facebook Trends podsumowujemy wakacyjne miesi\u0105ce - zar\u00f3wno od strony eventowo-contentowej, jak i reklamowej.\",\"breadcrumb\":{\"@id\":\"https:\/\/www.sotrender.com\/blog\/pl\/2023\/09\/facebook-trends-sierpien-2023-wspomnienie-wakacji\/#breadcrumb\"},\"inLanguage\":\"pl-PL\",\"potentialAction\":[{\"@type\":\"ReadAction\",\"target\":[\"https:\/\/www.sotrender.com\/blog\/pl\/2023\/09\/facebook-trends-sierpien-2023-wspomnienie-wakacji\/\"]}]},{\"@type\":\"ImageObject\",\"inLanguage\":\"pl-PL\",\"@id\":\"https:\/\/www.sotrender.com\/blog\/pl\/2023\/09\/facebook-trends-sierpien-2023-wspomnienie-wakacji\/#primaryimage\",\"url\":\"https:\/\/www.sotrender.com\/blog\/wp-content\/uploads\/2023\/09\/podlaskie-regiony-wakacje.jpg\",\"contentUrl\":\"https:\/\/www.sotrender.com\/blog\/wp-content\/uploads\/2023\/09\/podlaskie-regiony-wakacje.jpg\",\"width\":1700,\"height\":1106},{\"@type\":\"BreadcrumbList\",\"@id\":\"https:\/\/www.sotrender.com\/blog\/pl\/2023\/09\/facebook-trends-sierpien-2023-wspomnienie-wakacji\/#breadcrumb\",\"itemListElement\":[{\"@type\":\"ListItem\",\"position\":1,\"name\":\"Home\",\"item\":\"https:\/\/www.sotrender.com\/blog\/\"},{\"@type\":\"ListItem\",\"position\":2,\"name\":\"Facebook Trends sierpie\u0144 2023 &#8211; wspomnienie wakacji\"}]},{\"@type\":\"WebSite\",\"@id\":\"https:\/\/www.sotrender.com\/blog\/#website\",\"url\":\"https:\/\/www.sotrender.com\/blog\/\",\"name\":\"Sotrender Blog\",\"description\":\"\",\"potentialAction\":[{\"@type\":\"SearchAction\",\"target\":{\"@type\":\"EntryPoint\",\"urlTemplate\":\"https:\/\/www.sotrender.com\/blog\/?s={search_term_string}\"},\"query-input\":\"required name=search_term_string\"}],\"inLanguage\":\"pl-PL\"},{\"@type\":\"Person\",\"@id\":\"https:\/\/www.sotrender.com\/blog\/#\/schema\/person\/038ac5e276c5d102d8cbb9c36cd43416\",\"name\":\"Klaudia \u017by\u0142ka\",\"image\":{\"@type\":\"ImageObject\",\"inLanguage\":\"pl-PL\",\"@id\":\"https:\/\/www.sotrender.com\/blog\/#\/schema\/person\/image\/\",\"url\":\"https:\/\/secure.gravatar.com\/avatar\/f55d5d49ce3c448e1ffde0ab078d84cd?s=96&d=mm&r=g\",\"contentUrl\":\"https:\/\/secure.gravatar.com\/avatar\/f55d5d49ce3c448e1ffde0ab078d84cd?s=96&d=mm&r=g\",\"caption\":\"Klaudia \u017by\u0142ka\"},\"description\":\"Instagram, dogs, books and food lover. Former student at Warsaw University and Malm\u00f6 University. Improving her marketing skills every day. Proud owner of DIMAQ certificate\",\"sameAs\":[\"https:\/\/www.linkedin.com\/in\/klaudia-\u017cy\u0142ka-17527779\"],\"url\":\"https:\/\/www.sotrender.com\/blog\/pl\/author\/klaudia_yka\/\"}]}<\/script>\n<!-- \/ Yoast SEO plugin. -->","yoast_head_json":{"title":"Facebook Trends sierpie\u0144 2023 - wspomnienie wakacji","description":"W sierpniowym raporcie Facebook Trends podsumowujemy wakacyjne miesi\u0105ce - zar\u00f3wno od strony eventowo-contentowej, jak i reklamowej.","robots":{"index":"index","follow":"follow","max-snippet":"max-snippet:-1","max-image-preview":"max-image-preview:large","max-video-preview":"max-video-preview:-1"},"canonical":"https:\/\/www.sotrender.com\/blog\/pl\/2023\/09\/facebook-trends-sierpien-2023-wspomnienie-wakacji\/","og_locale":"pl_PL","og_type":"article","og_title":"Facebook Trends sierpie\u0144 2023 - wspomnienie wakacji","og_description":"W sierpniowym raporcie Facebook Trends podsumowujemy wakacyjne miesi\u0105ce - zar\u00f3wno od strony eventowo-contentowej, jak i reklamowej.","og_url":"https:\/\/www.sotrender.com\/blog\/pl\/2023\/09\/facebook-trends-sierpien-2023-wspomnienie-wakacji\/","og_site_name":"Sotrender Blog","article_publisher":"https:\/\/www.facebook.com\/Sotrender","article_published_time":"2023-09-11T06:48:48+00:00","og_image":[{"width":1700,"height":1106,"url":"https:\/\/www.sotrender.com\/blog\/wp-content\/uploads\/2023\/09\/podlaskie-regiony-wakacje.jpg","type":"image\/jpeg"}],"author":"Klaudia \u017by\u0142ka","twitter_card":"summary_large_image","twitter_creator":"@Sotrender","twitter_site":"@Sotrender","twitter_misc":{"Written by":"Klaudia \u017by\u0142ka","Est. reading time":"3 minutes"},"schema":{"@context":"https:\/\/schema.org","@graph":[{"@type":"WebPage","@id":"https:\/\/www.sotrender.com\/blog\/pl\/2023\/09\/facebook-trends-sierpien-2023-wspomnienie-wakacji\/","url":"https:\/\/www.sotrender.com\/blog\/pl\/2023\/09\/facebook-trends-sierpien-2023-wspomnienie-wakacji\/","name":"Facebook Trends sierpie\u0144 2023 - wspomnienie wakacji","isPartOf":{"@id":"https:\/\/www.sotrender.com\/blog\/#website"},"primaryImageOfPage":{"@id":"https:\/\/www.sotrender.com\/blog\/pl\/2023\/09\/facebook-trends-sierpien-2023-wspomnienie-wakacji\/#primaryimage"},"image":{"@id":"https:\/\/www.sotrender.com\/blog\/pl\/2023\/09\/facebook-trends-sierpien-2023-wspomnienie-wakacji\/#primaryimage"},"thumbnailUrl":"https:\/\/www.sotrender.com\/blog\/wp-content\/uploads\/2023\/09\/podlaskie-regiony-wakacje.jpg","datePublished":"2023-09-11T06:48:48+00:00","dateModified":"2023-09-11T06:48:48+00:00","author":{"@id":"https:\/\/www.sotrender.com\/blog\/#\/schema\/person\/038ac5e276c5d102d8cbb9c36cd43416"},"description":"W sierpniowym raporcie Facebook Trends podsumowujemy wakacyjne miesi\u0105ce - zar\u00f3wno od strony eventowo-contentowej, jak i reklamowej.","breadcrumb":{"@id":"https:\/\/www.sotrender.com\/blog\/pl\/2023\/09\/facebook-trends-sierpien-2023-wspomnienie-wakacji\/#breadcrumb"},"inLanguage":"pl-PL","potentialAction":[{"@type":"ReadAction","target":["https:\/\/www.sotrender.com\/blog\/pl\/2023\/09\/facebook-trends-sierpien-2023-wspomnienie-wakacji\/"]}]},{"@type":"ImageObject","inLanguage":"pl-PL","@id":"https:\/\/www.sotrender.com\/blog\/pl\/2023\/09\/facebook-trends-sierpien-2023-wspomnienie-wakacji\/#primaryimage","url":"https:\/\/www.sotrender.com\/blog\/wp-content\/uploads\/2023\/09\/podlaskie-regiony-wakacje.jpg","contentUrl":"https:\/\/www.sotrender.com\/blog\/wp-content\/uploads\/2023\/09\/podlaskie-regiony-wakacje.jpg","width":1700,"height":1106},{"@type":"BreadcrumbList","@id":"https:\/\/www.sotrender.com\/blog\/pl\/2023\/09\/facebook-trends-sierpien-2023-wspomnienie-wakacji\/#breadcrumb","itemListElement":[{"@type":"ListItem","position":1,"name":"Home","item":"https:\/\/www.sotrender.com\/blog\/"},{"@type":"ListItem","position":2,"name":"Facebook Trends sierpie\u0144 2023 &#8211; wspomnienie wakacji"}]},{"@type":"WebSite","@id":"https:\/\/www.sotrender.com\/blog\/#website","url":"https:\/\/www.sotrender.com\/blog\/","name":"Sotrender Blog","description":"","potentialAction":[{"@type":"SearchAction","target":{"@type":"EntryPoint","urlTemplate":"https:\/\/www.sotrender.com\/blog\/?s={search_term_string}"},"query-input":"required name=search_term_string"}],"inLanguage":"pl-PL"},{"@type":"Person","@id":"https:\/\/www.sotrender.com\/blog\/#\/schema\/person\/038ac5e276c5d102d8cbb9c36cd43416","name":"Klaudia \u017by\u0142ka","image":{"@type":"ImageObject","inLanguage":"pl-PL","@id":"https:\/\/www.sotrender.com\/blog\/#\/schema\/person\/image\/","url":"https:\/\/secure.gravatar.com\/avatar\/f55d5d49ce3c448e1ffde0ab078d84cd?s=96&d=mm&r=g","contentUrl":"https:\/\/secure.gravatar.com\/avatar\/f55d5d49ce3c448e1ffde0ab078d84cd?s=96&d=mm&r=g","caption":"Klaudia \u017by\u0142ka"},"description":"Instagram, dogs, books and food lover. Former student at Warsaw University and Malm\u00f6 University. Improving her marketing skills every day. Proud owner of DIMAQ certificate","sameAs":["https:\/\/www.linkedin.com\/in\/klaudia-\u017cy\u0142ka-17527779"],"url":"https:\/\/www.sotrender.com\/blog\/pl\/author\/klaudia_yka\/"}]}},"_links":{"self":[{"href":"https:\/\/www.sotrender.com\/blog\/pl\/wp-json\/wp\/v2\/posts\/48555"}],"collection":[{"href":"https:\/\/www.sotrender.com\/blog\/pl\/wp-json\/wp\/v2\/posts"}],"about":[{"href":"https:\/\/www.sotrender.com\/blog\/pl\/wp-json\/wp\/v2\/types\/post"}],"author":[{"embeddable":true,"href":"https:\/\/www.sotrender.com\/blog\/pl\/wp-json\/wp\/v2\/users\/89"}],"replies":[{"embeddable":true,"href":"https:\/\/www.sotrender.com\/blog\/pl\/wp-json\/wp\/v2\/comments?post=48555"}],"version-history":[{"count":12,"href":"https:\/\/www.sotrender.com\/blog\/pl\/wp-json\/wp\/v2\/posts\/48555\/revisions"}],"predecessor-version":[{"id":48597,"href":"https:\/\/www.sotrender.com\/blog\/pl\/wp-json\/wp\/v2\/posts\/48555\/revisions\/48597"}],"wp:featuredmedia":[{"embeddable":true,"href":"https:\/\/www.sotrender.com\/blog\/pl\/wp-json\/wp\/v2\/media\/48581"}],"wp:attachment":[{"href":"https:\/\/www.sotrender.com\/blog\/pl\/wp-json\/wp\/v2\/media?parent=48555"}],"wp:term":[{"taxonomy":"category","embeddable":true,"href":"https:\/\/www.sotrender.com\/blog\/pl\/wp-json\/wp\/v2\/categories?post=48555"},{"taxonomy":"post_tag","embeddable":true,"href":"https:\/\/www.sotrender.com\/blog\/pl\/wp-json\/wp\/v2\/tags?post=48555"}],"curies":[{"name":"wp","href":"https:\/\/api.w.org\/{rel}","templated":true}]}}