{"id":48521,"date":"2023-09-05T10:28:46","date_gmt":"2023-09-05T08:28:46","guid":{"rendered":"https:\/\/www.sotrender.com\/blog\/?p=48521\/"},"modified":"2023-09-05T10:28:46","modified_gmt":"2023-09-05T08:28:46","slug":"instagram-trends-sierpien-2023-liderzy-zaangazowania","status":"publish","type":"post","link":"https:\/\/www.sotrender.com\/blog\/pl\/2023\/09\/instagram-trends-sierpien-2023-liderzy-zaangazowania\/","title":{"rendered":"Instagram Trends sierpie\u0144 2023 &#8211; liderzy zaanga\u017cowania"},"content":{"rendered":"<p><span style=\"font-weight: 400;\">Kto najlepiej umie w zaanga\u017cowanie na Instagramie? Sprawdzamy w <a href=\"https:\/\/www.sotrender.com\/trends\/instagram\/poland\/202308\" target=\"_blank\" rel=\"noopener\">sierpniowym raporcie Instagram Trends<\/a>.\u00a0<\/span><\/p>\n<p><!--more--><\/p>\n<p><span style=\"font-weight: 400;\">Opr\u00f3cz <\/span><i><span style=\"font-weight: 400;\">sta\u0142ych bywalc\u00f3w<\/span><\/i><span style=\"font-weight: 400;\">, przygl\u0105damy si\u0119 te\u017c kilku profilom, kt\u00f3rym uda\u0142o si\u0119 wskoczy\u0107 od razu na topowe miejsca w rankingach.\u00a0<\/span><\/p>\n<h2><b>FAME MMA dla DIOZ<\/b><\/h2>\n<p><span style=\"font-weight: 400;\">W sierpniu dwie organizacje, kt\u00f3re s\u0105 zawsze w czo\u0142\u00f3wce je\u015bli chodzi o zaanga\u017cowanie fan\u00f3w, po\u0142\u0105czy\u0142y si\u0142y. A dok\u0142adniej FAME MMA odpali\u0142o zbi\u00f3rk\u0119 na platformie Pomagam.pl &#8211; pozyskane z niej \u015brodki wespr\u0105 dzia\u0142alno\u015b\u0107 DIOZa.\u00a0<\/span><\/p>\n<p><span style=\"font-weight: 400;\">Jakby co, to zbi\u00f3rka jeszcze trwa. \ud83d\ude09\u00a0<\/span><\/p>\n<div id=\"attachment_48529\" style=\"width: 812px\" class=\"wp-caption aligncenter\"><img loading=\"lazy\" decoding=\"async\" aria-describedby=\"caption-attachment-48529\" class=\" wp-image-48529\" src=\"https:\/\/www.sotrender.com\/blog\/wp-content\/uploads\/2023\/09\/instagram-dioz-fame-mma-zbiorka.png\" alt=\"instagram fame mma zbi\u00f3rka dla dioz\" width=\"802\" height=\"392\" srcset=\"https:\/\/www.sotrender.com\/blog\/wp-content\/uploads\/2023\/09\/instagram-dioz-fame-mma-zbiorka.png 1894w, https:\/\/www.sotrender.com\/blog\/wp-content\/uploads\/2023\/09\/instagram-dioz-fame-mma-zbiorka-475x232.png 475w, https:\/\/www.sotrender.com\/blog\/wp-content\/uploads\/2023\/09\/instagram-dioz-fame-mma-zbiorka-768x375.png 768w, https:\/\/www.sotrender.com\/blog\/wp-content\/uploads\/2023\/09\/instagram-dioz-fame-mma-zbiorka-1536x751.png 1536w\" sizes=\"(max-width: 802px) 100vw, 802px\" \/><p id=\"caption-attachment-48529\" class=\"wp-caption-text\">Najlepsze posty w kategorii <a href=\"https:\/\/www.sotrender.com\/trends\/instagram\/poland\/202308\/Organizacje\" target=\"_blank\" rel=\"noopener\">Organizacje<\/a> na Instagramie | sierpie\u0144 2023<\/p><\/div>\n<p><span style=\"font-weight: 400;\">Mimo wszystko, <\/span><b>CLOUT MMA wygryz\u0142o obydwa profile z pozycji lidera w zestawieniu \u0142\u0105cznej liczby aktywno\u015bci w kategorii <a href=\"https:\/\/www.sotrender.com\/trends\/instagram\/poland\/202308\/Organizacje\" target=\"_blank\" rel=\"noopener\">Organizacje<\/a>.\u00a0<\/b><\/p>\n<div id=\"attachment_48531\" style=\"width: 814px\" class=\"wp-caption aligncenter\"><img loading=\"lazy\" decoding=\"async\" aria-describedby=\"caption-attachment-48531\" class=\" wp-image-48531\" src=\"https:\/\/www.sotrender.com\/blog\/wp-content\/uploads\/2023\/09\/organizacje-clout-mma-instagram-zaangazowanie.png\" alt=\"clout mma zaanga\u017cowanie instagram\" width=\"804\" height=\"172\" srcset=\"https:\/\/www.sotrender.com\/blog\/wp-content\/uploads\/2023\/09\/organizacje-clout-mma-instagram-zaangazowanie.png 1966w, https:\/\/www.sotrender.com\/blog\/wp-content\/uploads\/2023\/09\/organizacje-clout-mma-instagram-zaangazowanie-475x101.png 475w, https:\/\/www.sotrender.com\/blog\/wp-content\/uploads\/2023\/09\/organizacje-clout-mma-instagram-zaangazowanie-768x164.png 768w, https:\/\/www.sotrender.com\/blog\/wp-content\/uploads\/2023\/09\/organizacje-clout-mma-instagram-zaangazowanie-1536x328.png 1536w\" sizes=\"(max-width: 804px) 100vw, 804px\" \/><p id=\"caption-attachment-48531\" class=\"wp-caption-text\">Profile o najwi\u0119kszej liczbie aktywno\u015bci w kategorii <a href=\"https:\/\/www.sotrender.com\/trends\/instagram\/poland\/202308\/Organizacje\" target=\"_blank\" rel=\"noopener\">Organizacje<\/a> na Instagramie | sierpie\u0144 2023<\/p><\/div>\n<p style=\"text-align: center;\"><!--HubSpot Call-to-Action Code --><span id=\"hs-cta-wrapper-de520d86-6ca3-49ca-b725-bd462aa17715\" class=\"hs-cta-wrapper\"><span id=\"hs-cta-de520d86-6ca3-49ca-b725-bd462aa17715\" class=\"hs-cta-node hs-cta-de520d86-6ca3-49ca-b725-bd462aa17715\"><!-- [if lte IE 8]><\/p>\n\n\n\n\n\n<div id=\"hs-cta-ie-element\"><\/div>\n\n\n<![endif]--><a href=\"https:\/\/cta-redirect.hubspot.com\/cta\/redirect\/3842881\/de520d86-6ca3-49ca-b725-bd462aa17715\" target=\"_blank\" rel=\"noopener\"><img decoding=\"async\" id=\"hs-cta-img-de520d86-6ca3-49ca-b725-bd462aa17715\" class=\"hs-cta-img aligncenter\" style=\"border-width: 0px;\" src=\"https:\/\/no-cache.hubspot.com\/cta\/default\/3842881\/de520d86-6ca3-49ca-b725-bd462aa17715.png\" alt=\"Zacznij analizowa\u0107 swoje dzia\u0142ania na Instagramie\" \/><\/a><\/span><script charset=\"utf-8\" src=\"https:\/\/js.hscta.net\/cta\/current.js\"><\/script><script type=\"text\/javascript\"> hbspt.cta.load(3842881, 'de520d86-6ca3-49ca-b725-bd462aa17715', {\"useNewLoader\":\"true\",\"region\":\"na1\"}); <\/script><\/span><!-- end HubSpot Call-to-Action Code --><\/p>\n<h2><b>Przerwana passa Roberta Lewandowskiego<\/b><\/h2>\n<p><span style=\"font-weight: 400;\">Zazwyczaj ci\u0119\u017cko jest konkurowa\u0107 innym tw\u00f3rcom i sportowcom z zaanga\u017cowaniem, jakie gromadzi Robert Lewandowski pod swoimi postami.\u00a0<\/span><\/p>\n<p><span style=\"font-weight: 400;\">Tym razem \u015bmia\u0142kini\u0105, kt\u00f3ra mog\u0142a dumnie konkurowa\u0107 z RL9 by\u0142a Maja Kuczy\u0144ska, kt\u00f3ra wrzuci\u0142a na sw\u00f3j profil filmik ze skoku ze spadochronem. Wideo zgromadzi\u0142o ponad milion polubie\u0144 &#8211; a by\u0142o ich wi\u0119cej. \ud83d\ude09<\/span><\/p>\n<p><span style=\"font-weight: 400;\">Zaanga\u017cowanie zachwyconych fan\u00f3w sprawi\u0142o, \u017ce <\/span><b>profil Mai znalaz\u0142 si\u0119 w TOP10 najbardziej anga\u017cuj\u0105cych profili <a href=\"https:\/\/www.sotrender.com\/trends\/instagram\/poland\/202308\/osoby\" target=\"_blank\" rel=\"noopener\">os\u00f3b<\/a> na polskim Instagramie<\/b><span style=\"font-weight: 400;\"> (z awansem o 110 pozycji).<\/span><\/p>\n<div id=\"attachment_48533\" style=\"width: 809px\" class=\"wp-caption aligncenter\"><img loading=\"lazy\" decoding=\"async\" aria-describedby=\"caption-attachment-48533\" class=\" wp-image-48533\" src=\"https:\/\/www.sotrender.com\/blog\/wp-content\/uploads\/2023\/09\/osoby-instagram-najwieksze-zaangazowanie-.png\" alt=\"sierpie\u0144 2023 profile os\u00f3b na instagramie o najwi\u0119kszym zaanga\u017cowaniu\" width=\"799\" height=\"381\" srcset=\"https:\/\/www.sotrender.com\/blog\/wp-content\/uploads\/2023\/09\/osoby-instagram-najwieksze-zaangazowanie-.png 1980w, https:\/\/www.sotrender.com\/blog\/wp-content\/uploads\/2023\/09\/osoby-instagram-najwieksze-zaangazowanie--475x226.png 475w, https:\/\/www.sotrender.com\/blog\/wp-content\/uploads\/2023\/09\/osoby-instagram-najwieksze-zaangazowanie--768x366.png 768w, https:\/\/www.sotrender.com\/blog\/wp-content\/uploads\/2023\/09\/osoby-instagram-najwieksze-zaangazowanie--1536x732.png 1536w\" sizes=\"(max-width: 799px) 100vw, 799px\" \/><p id=\"caption-attachment-48533\" class=\"wp-caption-text\">Profile <a href=\"https:\/\/www.sotrender.com\/trends\/instagram\/poland\/202308\/osoby\" target=\"_blank\" rel=\"noopener\">os\u00f3b<\/a> o najwi\u0119kszym zaanga\u017cowaniu na Instagramie | sierpie\u0144 2023<\/p><\/div>\n<p><span style=\"font-weight: 400;\">W\u015br\u00f3d TOP6 post\u00f3w miesi\u0105ca w kategorii <a href=\"https:\/\/www.sotrender.com\/trends\/instagram\/poland\/202308\/osoby\" target=\"_blank\" rel=\"noopener\">Osoby<\/a> znalaz\u0142 si\u0119 te\u017c post opublikowany przez Lil Masti, kt\u00f3ra urodzi\u0142a d\u0142ugo wyczekiwan\u0105 c\u00f3reczk\u0119.\u00a0<\/span><\/p>\n<p><span style=\"font-weight: 400;\">Historia pokazuje, \u017ce internauci bardzo lubi\u0105 takie historie, nie dziwi wi\u0119c zwi\u0119kszone zaanga\u017cowanie na profilu Lil Masti. Jej profil by\u0142 tak\u017ce <a href=\"https:\/\/www.sotrender.com\/trends\/instagram\/poland\/202308\" target=\"_blank\" rel=\"noopener\"><strong>drugim najszybciej rosn\u0105cym profilem na Instagramie w sierpniu<\/strong><\/a>.\u00a0<\/span><\/p>\n<div id=\"attachment_48535\" style=\"width: 811px\" class=\"wp-caption aligncenter\"><img loading=\"lazy\" decoding=\"async\" aria-describedby=\"caption-attachment-48535\" class=\"wp-image-48535 \" src=\"https:\/\/www.sotrender.com\/blog\/wp-content\/uploads\/2023\/09\/osoby-najlepsze-posty-instagram-sierpien.png\" alt=\"osoby najlepsze posty instagram sierpie\u0144\" width=\"801\" height=\"743\" srcset=\"https:\/\/www.sotrender.com\/blog\/wp-content\/uploads\/2023\/09\/osoby-najlepsze-posty-instagram-sierpien.png 1434w, https:\/\/www.sotrender.com\/blog\/wp-content\/uploads\/2023\/09\/osoby-najlepsze-posty-instagram-sierpien-475x441.png 475w, https:\/\/www.sotrender.com\/blog\/wp-content\/uploads\/2023\/09\/osoby-najlepsze-posty-instagram-sierpien-768x712.png 768w\" sizes=\"(max-width: 801px) 100vw, 801px\" \/><p id=\"caption-attachment-48535\" class=\"wp-caption-text\">Najlepsze posty w kategorii <a href=\"https:\/\/www.sotrender.com\/trends\/instagram\/poland\/202308\/osoby\" target=\"_blank\" rel=\"noopener\">Osoby<\/a> na Instagramie | sierpie\u0144 2023<\/p><\/div>\n<h2><b>(Sportowa) walka o pozycj\u0119 lidera\u00a0<\/b><\/h2>\n<p><span style=\"font-weight: 400;\">W \u015bwiecie sportu kr\u00f3lowa\u0142y z kolei dwie s\u0142odko-gorzkie historie.\u00a0<\/span><\/p>\n<p><span style=\"font-weight: 400;\">Jedna z nich, opublikowana na profilu @eurosportpl dotyczy\u0142a niefortunnego prezentu dla hiszpa\u0144skiego mistrza \u015bwiata w kolarstwie, za\u015b druga serii nieszcz\u0119\u015bliwych zdarze\u0144 holendr\u00f3w podczas zmaga\u0144 lekkoatletycznych.\u00a0<\/span><\/p>\n<p><b>Post na profilu @eurosportpl by\u0142 w sierpniu bezkonkurencyjny &#8211; zgromadzi\u0142 ponad 1,5 mln polubie\u0144 i 23 tys. komentarzy.<\/b><\/p>\n<div id=\"attachment_48537\" style=\"width: 811px\" class=\"wp-caption aligncenter\"><img loading=\"lazy\" decoding=\"async\" aria-describedby=\"caption-attachment-48537\" class=\"wp-image-48537 \" src=\"https:\/\/www.sotrender.com\/blog\/wp-content\/uploads\/2023\/09\/eurosportpl-instagram-sierpien.png\" alt=\"eurosport instagram sierpie\u0144 zaanga\u017cowanie\" width=\"801\" height=\"390\" srcset=\"https:\/\/www.sotrender.com\/blog\/wp-content\/uploads\/2023\/09\/eurosportpl-instagram-sierpien.png 1912w, https:\/\/www.sotrender.com\/blog\/wp-content\/uploads\/2023\/09\/eurosportpl-instagram-sierpien-475x231.png 475w, https:\/\/www.sotrender.com\/blog\/wp-content\/uploads\/2023\/09\/eurosportpl-instagram-sierpien-768x374.png 768w, https:\/\/www.sotrender.com\/blog\/wp-content\/uploads\/2023\/09\/eurosportpl-instagram-sierpien-1536x747.png 1536w\" sizes=\"(max-width: 801px) 100vw, 801px\" \/><p id=\"caption-attachment-48537\" class=\"wp-caption-text\">Najlepsze posty w kategorii <a href=\"https:\/\/www.sotrender.com\/trends\/instagram\/poland\/202308\/media\/media_sport\" target=\"_blank\" rel=\"noopener\">Media | Sport<\/a> na Instagramie | sierpie\u0144 2023<\/p><\/div>\n<p><span style=\"font-weight: 400;\">Za jego spraw\u0105 profil kana\u0142u awansowa\u0142 o trzy pozycje, na pozycj\u0119 lidera, w zestawieniu \u0142\u0105cznej liczby aktywno\u015bci u\u017cytkownik\u00f3w w kategorii <a href=\"https:\/\/www.sotrender.com\/trends\/instagram\/poland\/202308\/media\/media_sport\" target=\"_blank\" rel=\"noopener\">Media sportowe<\/a>.\u00a0<\/span><\/p>\n<div id=\"attachment_48539\" style=\"width: 811px\" class=\"wp-caption aligncenter\"><img loading=\"lazy\" decoding=\"async\" aria-describedby=\"caption-attachment-48539\" class=\" wp-image-48539\" src=\"https:\/\/www.sotrender.com\/blog\/wp-content\/uploads\/2023\/09\/eurosport-lider-zaangazowania-na-instagramie.png\" alt=\"\" width=\"801\" height=\"209\" srcset=\"https:\/\/www.sotrender.com\/blog\/wp-content\/uploads\/2023\/09\/eurosport-lider-zaangazowania-na-instagramie.png 1950w, https:\/\/www.sotrender.com\/blog\/wp-content\/uploads\/2023\/09\/eurosport-lider-zaangazowania-na-instagramie-475x124.png 475w, https:\/\/www.sotrender.com\/blog\/wp-content\/uploads\/2023\/09\/eurosport-lider-zaangazowania-na-instagramie-768x200.png 768w, https:\/\/www.sotrender.com\/blog\/wp-content\/uploads\/2023\/09\/eurosport-lider-zaangazowania-na-instagramie-1536x400.png 1536w\" sizes=\"(max-width: 801px) 100vw, 801px\" \/><p id=\"caption-attachment-48539\" class=\"wp-caption-text\">Profile o najwi\u0119kszej liczbie aktywno\u015bci u\u017cytkownik\u00f3w w kategorii <a href=\"https:\/\/www.sotrender.com\/trends\/instagram\/poland\/202308\/media\/media_sport\" target=\"_blank\" rel=\"noopener\">Media | Sport<\/a> na Instagramie | sierpie\u0144 2023<\/p><\/div>\n<h2><strong>Instagram Trends sierpie\u0144 2023\u00a0<\/strong><\/h2>\n<p><span style=\"font-weight: 400;\">Lider\u00f3w w swoich kategoriach jest oczywi\u015bcie wi\u0119cej.\u00a0<\/span><\/p>\n<p><span style=\"font-weight: 400;\">W <a href=\"https:\/\/www.sotrender.com\/trends\/instagram\/poland\/202308\/miejsca\/rozrywka\" target=\"_blank\" rel=\"noopener\">rozrywce<\/a> kolejny miesi\u0105c z rz\u0119du kr\u00f3lowa\u0142a Energylandia, w kategorii <a href=\"https:\/\/www.sotrender.com\/trends\/instagram\/poland\/202308\/marki\/marki_finanse\" target=\"_blank\" rel=\"noopener\">Finanse<\/a> @motywatorfinansowy, <a href=\"https:\/\/www.sotrender.com\/blog\/pl\/2023\/08\/instagram-trends-lipiec-2023-barbiecore-opanowalo-instagram\/\" target=\"_blank\" rel=\"noopener\">a w marketingu niezmiennie @cheers.stories<\/a>.\u00a0<\/span><\/p>\n<p><span style=\"font-weight: 400;\">Koniecznie sprawd\u017acie, kt\u00f3re profile s\u0105 <a href=\"https:\/\/www.sotrender.com\/trends\/instagram\/poland\/\" target=\"_blank\" rel=\"noopener\">najbardziej anga\u017cuj\u0105ce w interesuj\u0105cych Was kategoriach<\/a>. \ud83d\ude09\u00a0<\/span><\/p>\n<p><span style=\"font-weight: 400;\">Do us\u0142yszenia za miesi\u0105c!\u00a0<\/span><\/p>\n","protected":false},"excerpt":{"rendered":"<p>Kto najlepiej umie w zaanga\u017cowanie na Instagramie? Sprawdzamy w sierpniowym raporcie Instagram Trends.\u00a0<\/p>\n","protected":false},"author":89,"featured_media":48523,"comment_status":"open","ping_status":"open","sticky":false,"template":"","format":"standard","meta":{"inline_featured_image":false,"footnotes":""},"categories":[2275,1791,1803],"tags":[733,2073,675,725],"yoast_head":"<!-- This site is optimized with the Yoast SEO plugin v22.4 - https:\/\/yoast.com\/wordpress\/plugins\/seo\/ -->\n<title>Instagram Trends sierpie\u0144 2023 - liderzy zaanga\u017cowania<\/title>\n<meta name=\"description\" content=\"Kto najlepiej umie w zaanga\u017cowanie na Instagramie? Sprawdzamy w sierpniowym raporcie Instagram Trends - nie wszyscy to stali bywalcy.\" \/>\n<meta name=\"robots\" content=\"index, follow, max-snippet:-1, max-image-preview:large, max-video-preview:-1\" \/>\n<link rel=\"canonical\" href=\"https:\/\/www.sotrender.com\/blog\/pl\/2023\/09\/instagram-trends-sierpien-2023-liderzy-zaangazowania\/\" \/>\n<meta property=\"og:locale\" content=\"pl_PL\" \/>\n<meta property=\"og:type\" content=\"article\" \/>\n<meta property=\"og:title\" content=\"Instagram Trends sierpie\u0144 2023 - liderzy zaanga\u017cowania\" \/>\n<meta property=\"og:description\" content=\"Kto najlepiej umie w zaanga\u017cowanie na Instagramie? Sprawdzamy w sierpniowym raporcie Instagram Trends - nie wszyscy to stali bywalcy.\" \/>\n<meta property=\"og:url\" content=\"https:\/\/www.sotrender.com\/blog\/pl\/2023\/09\/instagram-trends-sierpien-2023-liderzy-zaangazowania\/\" \/>\n<meta property=\"og:site_name\" content=\"Sotrender Blog\" \/>\n<meta property=\"article:publisher\" content=\"https:\/\/www.facebook.com\/Sotrender\" \/>\n<meta property=\"article:published_time\" content=\"2023-09-05T08:28:46+00:00\" \/>\n<meta property=\"og:image\" content=\"https:\/\/www.sotrender.com\/blog\/wp-content\/uploads\/2023\/09\/ig-trends-zaangaz\u0307owanie.jpg\" \/>\n\t<meta property=\"og:image:width\" content=\"1600\" \/>\n\t<meta property=\"og:image:height\" content=\"1067\" \/>\n\t<meta property=\"og:image:type\" content=\"image\/jpeg\" \/>\n<meta name=\"author\" content=\"Klaudia \u017by\u0142ka\" \/>\n<meta name=\"twitter:card\" content=\"summary_large_image\" \/>\n<meta name=\"twitter:creator\" content=\"@Sotrender\" \/>\n<meta name=\"twitter:site\" content=\"@Sotrender\" \/>\n<meta name=\"twitter:label1\" content=\"Written by\" \/>\n\t<meta name=\"twitter:data1\" content=\"Klaudia \u017by\u0142ka\" \/>\n\t<meta name=\"twitter:label2\" content=\"Est. reading time\" \/>\n\t<meta name=\"twitter:data2\" content=\"3 minutes\" \/>\n<script type=\"application\/ld+json\" class=\"yoast-schema-graph\">{\"@context\":\"https:\/\/schema.org\",\"@graph\":[{\"@type\":\"WebPage\",\"@id\":\"https:\/\/www.sotrender.com\/blog\/pl\/2023\/09\/instagram-trends-sierpien-2023-liderzy-zaangazowania\/\",\"url\":\"https:\/\/www.sotrender.com\/blog\/pl\/2023\/09\/instagram-trends-sierpien-2023-liderzy-zaangazowania\/\",\"name\":\"Instagram Trends sierpie\u0144 2023 - liderzy zaanga\u017cowania\",\"isPartOf\":{\"@id\":\"https:\/\/www.sotrender.com\/blog\/#website\"},\"primaryImageOfPage\":{\"@id\":\"https:\/\/www.sotrender.com\/blog\/pl\/2023\/09\/instagram-trends-sierpien-2023-liderzy-zaangazowania\/#primaryimage\"},\"image\":{\"@id\":\"https:\/\/www.sotrender.com\/blog\/pl\/2023\/09\/instagram-trends-sierpien-2023-liderzy-zaangazowania\/#primaryimage\"},\"thumbnailUrl\":\"https:\/\/www.sotrender.com\/blog\/wp-content\/uploads\/2023\/09\/ig-trends-zaangaz\u0307owanie.jpg\",\"datePublished\":\"2023-09-05T08:28:46+00:00\",\"dateModified\":\"2023-09-05T08:28:46+00:00\",\"author\":{\"@id\":\"https:\/\/www.sotrender.com\/blog\/#\/schema\/person\/038ac5e276c5d102d8cbb9c36cd43416\"},\"description\":\"Kto najlepiej umie w zaanga\u017cowanie na Instagramie? Sprawdzamy w sierpniowym raporcie Instagram Trends - nie wszyscy to stali bywalcy.\",\"breadcrumb\":{\"@id\":\"https:\/\/www.sotrender.com\/blog\/pl\/2023\/09\/instagram-trends-sierpien-2023-liderzy-zaangazowania\/#breadcrumb\"},\"inLanguage\":\"pl-PL\",\"potentialAction\":[{\"@type\":\"ReadAction\",\"target\":[\"https:\/\/www.sotrender.com\/blog\/pl\/2023\/09\/instagram-trends-sierpien-2023-liderzy-zaangazowania\/\"]}]},{\"@type\":\"ImageObject\",\"inLanguage\":\"pl-PL\",\"@id\":\"https:\/\/www.sotrender.com\/blog\/pl\/2023\/09\/instagram-trends-sierpien-2023-liderzy-zaangazowania\/#primaryimage\",\"url\":\"https:\/\/www.sotrender.com\/blog\/wp-content\/uploads\/2023\/09\/ig-trends-zaangaz\u0307owanie.jpg\",\"contentUrl\":\"https:\/\/www.sotrender.com\/blog\/wp-content\/uploads\/2023\/09\/ig-trends-zaangaz\u0307owanie.jpg\",\"width\":1600,\"height\":1067},{\"@type\":\"BreadcrumbList\",\"@id\":\"https:\/\/www.sotrender.com\/blog\/pl\/2023\/09\/instagram-trends-sierpien-2023-liderzy-zaangazowania\/#breadcrumb\",\"itemListElement\":[{\"@type\":\"ListItem\",\"position\":1,\"name\":\"Home\",\"item\":\"https:\/\/www.sotrender.com\/blog\/\"},{\"@type\":\"ListItem\",\"position\":2,\"name\":\"Instagram Trends sierpie\u0144 2023 &#8211; liderzy zaanga\u017cowania\"}]},{\"@type\":\"WebSite\",\"@id\":\"https:\/\/www.sotrender.com\/blog\/#website\",\"url\":\"https:\/\/www.sotrender.com\/blog\/\",\"name\":\"Sotrender Blog\",\"description\":\"\",\"potentialAction\":[{\"@type\":\"SearchAction\",\"target\":{\"@type\":\"EntryPoint\",\"urlTemplate\":\"https:\/\/www.sotrender.com\/blog\/?s={search_term_string}\"},\"query-input\":\"required name=search_term_string\"}],\"inLanguage\":\"pl-PL\"},{\"@type\":\"Person\",\"@id\":\"https:\/\/www.sotrender.com\/blog\/#\/schema\/person\/038ac5e276c5d102d8cbb9c36cd43416\",\"name\":\"Klaudia \u017by\u0142ka\",\"image\":{\"@type\":\"ImageObject\",\"inLanguage\":\"pl-PL\",\"@id\":\"https:\/\/www.sotrender.com\/blog\/#\/schema\/person\/image\/\",\"url\":\"https:\/\/secure.gravatar.com\/avatar\/f55d5d49ce3c448e1ffde0ab078d84cd?s=96&d=mm&r=g\",\"contentUrl\":\"https:\/\/secure.gravatar.com\/avatar\/f55d5d49ce3c448e1ffde0ab078d84cd?s=96&d=mm&r=g\",\"caption\":\"Klaudia \u017by\u0142ka\"},\"description\":\"Instagram, dogs, books and food lover. Former student at Warsaw University and Malm\u00f6 University. Improving her marketing skills every day. Proud owner of DIMAQ certificate\",\"sameAs\":[\"https:\/\/www.linkedin.com\/in\/klaudia-\u017cy\u0142ka-17527779\"],\"url\":\"https:\/\/www.sotrender.com\/blog\/pl\/author\/klaudia_yka\/\"}]}<\/script>\n<!-- \/ Yoast SEO plugin. -->","yoast_head_json":{"title":"Instagram Trends sierpie\u0144 2023 - liderzy zaanga\u017cowania","description":"Kto najlepiej umie w zaanga\u017cowanie na Instagramie? Sprawdzamy w sierpniowym raporcie Instagram Trends - nie wszyscy to stali bywalcy.","robots":{"index":"index","follow":"follow","max-snippet":"max-snippet:-1","max-image-preview":"max-image-preview:large","max-video-preview":"max-video-preview:-1"},"canonical":"https:\/\/www.sotrender.com\/blog\/pl\/2023\/09\/instagram-trends-sierpien-2023-liderzy-zaangazowania\/","og_locale":"pl_PL","og_type":"article","og_title":"Instagram Trends sierpie\u0144 2023 - liderzy zaanga\u017cowania","og_description":"Kto najlepiej umie w zaanga\u017cowanie na Instagramie? Sprawdzamy w sierpniowym raporcie Instagram Trends - nie wszyscy to stali bywalcy.","og_url":"https:\/\/www.sotrender.com\/blog\/pl\/2023\/09\/instagram-trends-sierpien-2023-liderzy-zaangazowania\/","og_site_name":"Sotrender Blog","article_publisher":"https:\/\/www.facebook.com\/Sotrender","article_published_time":"2023-09-05T08:28:46+00:00","og_image":[{"width":1600,"height":1067,"url":"https:\/\/www.sotrender.com\/blog\/wp-content\/uploads\/2023\/09\/ig-trends-zaangaz\u0307owanie.jpg","type":"image\/jpeg"}],"author":"Klaudia \u017by\u0142ka","twitter_card":"summary_large_image","twitter_creator":"@Sotrender","twitter_site":"@Sotrender","twitter_misc":{"Written by":"Klaudia \u017by\u0142ka","Est. reading time":"3 minutes"},"schema":{"@context":"https:\/\/schema.org","@graph":[{"@type":"WebPage","@id":"https:\/\/www.sotrender.com\/blog\/pl\/2023\/09\/instagram-trends-sierpien-2023-liderzy-zaangazowania\/","url":"https:\/\/www.sotrender.com\/blog\/pl\/2023\/09\/instagram-trends-sierpien-2023-liderzy-zaangazowania\/","name":"Instagram Trends sierpie\u0144 2023 - liderzy zaanga\u017cowania","isPartOf":{"@id":"https:\/\/www.sotrender.com\/blog\/#website"},"primaryImageOfPage":{"@id":"https:\/\/www.sotrender.com\/blog\/pl\/2023\/09\/instagram-trends-sierpien-2023-liderzy-zaangazowania\/#primaryimage"},"image":{"@id":"https:\/\/www.sotrender.com\/blog\/pl\/2023\/09\/instagram-trends-sierpien-2023-liderzy-zaangazowania\/#primaryimage"},"thumbnailUrl":"https:\/\/www.sotrender.com\/blog\/wp-content\/uploads\/2023\/09\/ig-trends-zaangaz\u0307owanie.jpg","datePublished":"2023-09-05T08:28:46+00:00","dateModified":"2023-09-05T08:28:46+00:00","author":{"@id":"https:\/\/www.sotrender.com\/blog\/#\/schema\/person\/038ac5e276c5d102d8cbb9c36cd43416"},"description":"Kto najlepiej umie w zaanga\u017cowanie na Instagramie? Sprawdzamy w sierpniowym raporcie Instagram Trends - nie wszyscy to stali bywalcy.","breadcrumb":{"@id":"https:\/\/www.sotrender.com\/blog\/pl\/2023\/09\/instagram-trends-sierpien-2023-liderzy-zaangazowania\/#breadcrumb"},"inLanguage":"pl-PL","potentialAction":[{"@type":"ReadAction","target":["https:\/\/www.sotrender.com\/blog\/pl\/2023\/09\/instagram-trends-sierpien-2023-liderzy-zaangazowania\/"]}]},{"@type":"ImageObject","inLanguage":"pl-PL","@id":"https:\/\/www.sotrender.com\/blog\/pl\/2023\/09\/instagram-trends-sierpien-2023-liderzy-zaangazowania\/#primaryimage","url":"https:\/\/www.sotrender.com\/blog\/wp-content\/uploads\/2023\/09\/ig-trends-zaangaz\u0307owanie.jpg","contentUrl":"https:\/\/www.sotrender.com\/blog\/wp-content\/uploads\/2023\/09\/ig-trends-zaangaz\u0307owanie.jpg","width":1600,"height":1067},{"@type":"BreadcrumbList","@id":"https:\/\/www.sotrender.com\/blog\/pl\/2023\/09\/instagram-trends-sierpien-2023-liderzy-zaangazowania\/#breadcrumb","itemListElement":[{"@type":"ListItem","position":1,"name":"Home","item":"https:\/\/www.sotrender.com\/blog\/"},{"@type":"ListItem","position":2,"name":"Instagram Trends sierpie\u0144 2023 &#8211; liderzy zaanga\u017cowania"}]},{"@type":"WebSite","@id":"https:\/\/www.sotrender.com\/blog\/#website","url":"https:\/\/www.sotrender.com\/blog\/","name":"Sotrender Blog","description":"","potentialAction":[{"@type":"SearchAction","target":{"@type":"EntryPoint","urlTemplate":"https:\/\/www.sotrender.com\/blog\/?s={search_term_string}"},"query-input":"required name=search_term_string"}],"inLanguage":"pl-PL"},{"@type":"Person","@id":"https:\/\/www.sotrender.com\/blog\/#\/schema\/person\/038ac5e276c5d102d8cbb9c36cd43416","name":"Klaudia \u017by\u0142ka","image":{"@type":"ImageObject","inLanguage":"pl-PL","@id":"https:\/\/www.sotrender.com\/blog\/#\/schema\/person\/image\/","url":"https:\/\/secure.gravatar.com\/avatar\/f55d5d49ce3c448e1ffde0ab078d84cd?s=96&d=mm&r=g","contentUrl":"https:\/\/secure.gravatar.com\/avatar\/f55d5d49ce3c448e1ffde0ab078d84cd?s=96&d=mm&r=g","caption":"Klaudia \u017by\u0142ka"},"description":"Instagram, dogs, books and food lover. Former student at Warsaw University and Malm\u00f6 University. Improving her marketing skills every day. Proud owner of DIMAQ certificate","sameAs":["https:\/\/www.linkedin.com\/in\/klaudia-\u017cy\u0142ka-17527779"],"url":"https:\/\/www.sotrender.com\/blog\/pl\/author\/klaudia_yka\/"}]}},"_links":{"self":[{"href":"https:\/\/www.sotrender.com\/blog\/pl\/wp-json\/wp\/v2\/posts\/48521"}],"collection":[{"href":"https:\/\/www.sotrender.com\/blog\/pl\/wp-json\/wp\/v2\/posts"}],"about":[{"href":"https:\/\/www.sotrender.com\/blog\/pl\/wp-json\/wp\/v2\/types\/post"}],"author":[{"embeddable":true,"href":"https:\/\/www.sotrender.com\/blog\/pl\/wp-json\/wp\/v2\/users\/89"}],"replies":[{"embeddable":true,"href":"https:\/\/www.sotrender.com\/blog\/pl\/wp-json\/wp\/v2\/comments?post=48521"}],"version-history":[{"count":8,"href":"https:\/\/www.sotrender.com\/blog\/pl\/wp-json\/wp\/v2\/posts\/48521\/revisions"}],"predecessor-version":[{"id":48551,"href":"https:\/\/www.sotrender.com\/blog\/pl\/wp-json\/wp\/v2\/posts\/48521\/revisions\/48551"}],"wp:featuredmedia":[{"embeddable":true,"href":"https:\/\/www.sotrender.com\/blog\/pl\/wp-json\/wp\/v2\/media\/48523"}],"wp:attachment":[{"href":"https:\/\/www.sotrender.com\/blog\/pl\/wp-json\/wp\/v2\/media?parent=48521"}],"wp:term":[{"taxonomy":"category","embeddable":true,"href":"https:\/\/www.sotrender.com\/blog\/pl\/wp-json\/wp\/v2\/categories?post=48521"},{"taxonomy":"post_tag","embeddable":true,"href":"https:\/\/www.sotrender.com\/blog\/pl\/wp-json\/wp\/v2\/tags?post=48521"}],"curies":[{"name":"wp","href":"https:\/\/api.w.org\/{rel}","templated":true}]}}