{"id":48457,"date":"2023-08-09T10:23:56","date_gmt":"2023-08-09T08:23:56","guid":{"rendered":"https:\/\/www.sotrender.com\/blog\/?p=48457\/"},"modified":"2023-08-09T10:23:56","modified_gmt":"2023-08-09T08:23:56","slug":"facebook-trends-lipiec-2023-nie-na-powaznie","status":"publish","type":"post","link":"https:\/\/www.sotrender.com\/blog\/pl\/2023\/08\/facebook-trends-lipiec-2023-nie-na-powaznie\/","title":{"rendered":"Facebook Trends lipiec 2023 &#8211; (nie) na powa\u017cnie"},"content":{"rendered":"<p><span style=\"font-weight: 400;\">Obserwacja trend\u00f3w i strategii marek po raz kolejny u\u015bwiadamia nam, \u017ce nierzadko najlepsze kreacje to najprostsze kreacje oraz, \u017ce oddanie inicjatywy w r\u0119ce fan\u00f3w to \u015bwietny spos\u00f3b na budowanie zaanga\u017cowania.<\/span><\/p>\n<p><span style=\"font-weight: 400;\">Ciekawi szczeg\u00f3\u0142\u00f3w? Zapraszamy na <a href=\"https:\/\/www.sotrender.com\/trends\/facebook\/poland\/202307\" target=\"_blank\" rel=\"noopener\">lipcowy raport Facebook Trends<\/a>.<\/span><\/p>\n<p><!--more--><\/p>\n<p><i><span style=\"font-weight: 400;\">Psst, przypominamy r\u00f3wnie\u017c, \u017ce od lipca w Sotrenderze dost\u0119pna jest analiza kolejnego kana\u0142u social media &#8211; LinkedIna. <\/span><\/i><br \/>\n<a href=\"https:\/\/www.sotrender.com\/blog\/pl\/2023\/07\/analiza-dzialan-na-linkedinie-w-sotrenderze\/\" target=\"_blank\" rel=\"noopener\"><i><span style=\"font-weight: 400;\">Zobaczcie, jakie unikalne funkcje zawiera nasz najnowszy modu\u0142. &gt;\u00a0<\/span><\/i><\/a><\/p>\n<h2><b>\u017babka zaczepia McDonald\u2019s<\/b><\/h2>\n<p><span style=\"font-weight: 400;\">Social media managerowie \u017babki s\u0142yn\u0105 ze swojej kreatywno\u015bci i lekkiego pi\u00f3ra.<\/span><\/p>\n<p><span style=\"font-weight: 400;\">Po raz kolejny posty na profilu marki by\u0142y jednymi z najbardziej anga\u017cuj\u0105cych w swoich kategoriach. W lipcu trzy najlepsze posty w kategorii <a href=\"https:\/\/www.sotrender.com\/trends\/facebook\/poland\/202307\/handel\/markety_sklepy#best_posts\" target=\"_blank\" rel=\"noopener\">Markety i sklepy sieciowe<\/a> (a w kategorii <a href=\"https:\/\/www.sotrender.com\/trends\/facebook\/poland\/202307\/handel#best_posts\" target=\"_blank\" rel=\"noopener\">Handel<\/a> &#8211; dwa) nale\u017ca\u0142y w\u0142a\u015bnie do \u017babki.<\/span><\/p>\n<div id=\"attachment_48459\" style=\"width: 811px\" class=\"wp-caption aligncenter\"><img loading=\"lazy\" decoding=\"async\" aria-describedby=\"caption-attachment-48459\" class=\" wp-image-48459\" src=\"https:\/\/www.sotrender.com\/blog\/wp-content\/uploads\/2023\/08\/z\u0307abka-facebook-najlepsze-posty-07.2023.png\" alt=\"\" width=\"801\" height=\"389\" srcset=\"https:\/\/www.sotrender.com\/blog\/wp-content\/uploads\/2023\/08\/z\u0307abka-facebook-najlepsze-posty-07.2023.png 1918w, https:\/\/www.sotrender.com\/blog\/wp-content\/uploads\/2023\/08\/z\u0307abka-facebook-najlepsze-posty-07.2023-475x231.png 475w, https:\/\/www.sotrender.com\/blog\/wp-content\/uploads\/2023\/08\/z\u0307abka-facebook-najlepsze-posty-07.2023-768x373.png 768w, https:\/\/www.sotrender.com\/blog\/wp-content\/uploads\/2023\/08\/z\u0307abka-facebook-najlepsze-posty-07.2023-1536x746.png 1536w\" sizes=\"(max-width: 801px) 100vw, 801px\" \/><p id=\"caption-attachment-48459\" class=\"wp-caption-text\">Najlepsze posty w kategorii <a href=\"https:\/\/www.sotrender.com\/trends\/facebook\/poland\/202307\/handel\/markety_sklepy#best_posts\" target=\"_blank\" rel=\"noopener\">Markety i sklepy sieciowe<\/a> | Facebook, lipiec 2023<\/p><\/div>\n<p><span style=\"font-weight: 400;\">Nie zabrak\u0142o odwo\u0142a\u0144 do Barbie, jednak post, kt\u00f3ry jako pierwszy zwr\u00f3ci\u0142 nasz\u0105 uwag\u0119 by\u0142 zaczepk\u0105 w kierunku McDonald\u2019s &#8211; <\/span><i><span style=\"font-weight: 400;\">czego\u015b Wam zabrak\u0142o<\/span><\/i><span style=\"font-weight: 400;\">.\u00a0<\/span><\/p>\n<p><span style=\"font-weight: 400;\">Czy doczekamy si\u0119 odpowiedzi <\/span><i><span style=\"font-weight: 400;\">Maka<\/span><\/i><span style=\"font-weight: 400;\">? Czas poka\u017ce. \ud83d\ude09\u00a0<\/span><\/p>\n<h2><b>Barbie tym razem nie na r\u00f3\u017cowo\u00a0<\/b><\/h2>\n<p><span style=\"font-weight: 400;\">O zaadoptowaniu trendu Barbiecore w komunikacji marek pisali\u015bmy ju\u017c <\/span><a href=\"https:\/\/www.sotrender.com\/blog\/pl\/2023\/08\/instagram-trends-lipiec-2023-barbiecore-opanowalo-instagram\/\" target=\"_blank\" rel=\"noopener\"><span style=\"font-weight: 400;\">w lipcowym raporcie Instagram Trends<\/span><\/a><span style=\"font-weight: 400;\">. Na Facebooku by\u0142o znacznie mniej r\u00f3\u017cowo, a, do\u015b\u0107 niespodziewanie, jeden z bardziej anga\u017cuj\u0105cych post\u00f3w dotycz\u0105cych Barbie, zosta\u0142 opublikowany na profilu\u2026 Ministerstwa Cyfryzacji.\u00a0<\/span><\/p>\n<p><span style=\"font-weight: 400;\">Ministerstwo w swoim po\u015bcie ostrzega przed internetow\u0105 <\/span><i><span style=\"font-weight: 400;\">barbiemani\u0105<\/span><\/i><span style=\"font-weight: 400;\"> i korzystaniem z dw\u00f3ch aplikacji <\/span><span style=\"font-weight: 400;\">(barbieselfie.ai i bairbie.me).\u00a0<\/span><\/p>\n<div id=\"attachment_48461\" style=\"width: 811px\" class=\"wp-caption aligncenter\"><img loading=\"lazy\" decoding=\"async\" aria-describedby=\"caption-attachment-48461\" class=\" wp-image-48461\" src=\"https:\/\/www.sotrender.com\/blog\/wp-content\/uploads\/2023\/08\/ministerstwo-cyfryzacji-facebook-barbie-.png\" alt=\"ministerstwo cyfryzacji barbie facebook\" width=\"801\" height=\"390\" srcset=\"https:\/\/www.sotrender.com\/blog\/wp-content\/uploads\/2023\/08\/ministerstwo-cyfryzacji-facebook-barbie-.png 1900w, https:\/\/www.sotrender.com\/blog\/wp-content\/uploads\/2023\/08\/ministerstwo-cyfryzacji-facebook-barbie--475x232.png 475w, https:\/\/www.sotrender.com\/blog\/wp-content\/uploads\/2023\/08\/ministerstwo-cyfryzacji-facebook-barbie--768x374.png 768w, https:\/\/www.sotrender.com\/blog\/wp-content\/uploads\/2023\/08\/ministerstwo-cyfryzacji-facebook-barbie--1536x749.png 1536w\" sizes=\"(max-width: 801px) 100vw, 801px\" \/><p id=\"caption-attachment-48461\" class=\"wp-caption-text\">Najlepsze posty w kategorii <a href=\"https:\/\/www.sotrender.com\/trends\/facebook\/poland\/202307\/organizacje_rzadowe#best_posts\" target=\"_blank\" rel=\"noopener\">Organizacje rz\u0105dowe i samorz\u0105dowe<\/a> | Facebook, lipiec 2023<\/p><\/div>\n<p><span style=\"font-weight: 400;\">Dzi\u0119ki ponad 15 tys. udost\u0119pnie\u0144 posta, profil Ministerstwa Cyfryzacji awansowa\u0142 w lipcu o 23 pozycje w zestawieniu \u0142\u0105cznej liczby aktywno\u015bci u\u017cytkownik\u00f3w.\u00a0<\/span><\/p>\n<div id=\"attachment_48463\" style=\"width: 812px\" class=\"wp-caption aligncenter\"><img loading=\"lazy\" decoding=\"async\" aria-describedby=\"caption-attachment-48463\" class=\" wp-image-48463\" src=\"https:\/\/www.sotrender.com\/blog\/wp-content\/uploads\/2023\/08\/ministerstwo-cyfryzacji-aktywni-uz\u0307ytkownicy-facebook.png\" alt=\"\" width=\"802\" height=\"282\" srcset=\"https:\/\/www.sotrender.com\/blog\/wp-content\/uploads\/2023\/08\/ministerstwo-cyfryzacji-aktywni-uz\u0307ytkownicy-facebook.png 1938w, https:\/\/www.sotrender.com\/blog\/wp-content\/uploads\/2023\/08\/ministerstwo-cyfryzacji-aktywni-uz\u0307ytkownicy-facebook-475x167.png 475w, https:\/\/www.sotrender.com\/blog\/wp-content\/uploads\/2023\/08\/ministerstwo-cyfryzacji-aktywni-uz\u0307ytkownicy-facebook-768x270.png 768w, https:\/\/www.sotrender.com\/blog\/wp-content\/uploads\/2023\/08\/ministerstwo-cyfryzacji-aktywni-uz\u0307ytkownicy-facebook-1536x541.png 1536w\" sizes=\"(max-width: 802px) 100vw, 802px\" \/><p id=\"caption-attachment-48463\" class=\"wp-caption-text\">Profile w kategorii <a href=\"https:\/\/www.sotrender.com\/trends\/facebook\/poland\/202307\/organizacje_rzadowe\" target=\"_blank\" rel=\"noopener\">Organizacje rz\u0105dowe i samorz\u0105dowe<\/a> o najwi\u0119kszej liczbie aktywno\u015bci | Facebook, lipiec 2023<\/p><\/div>\n<h2><b>Konkursy wci\u0105\u017c na topie<\/b><\/h2>\n<p><span style=\"font-weight: 400;\">Jak widzimy na przyk\u0142adzie kategorii <a href=\"https:\/\/www.sotrender.com\/trends\/facebook\/poland\/202307\/fmcg\" target=\"_blank\" rel=\"noopener\">FMCG<\/a>, konkursy nie wychodz\u0105 z mody i s\u0105 wci\u0105\u017c skutecznym sposobem na anga\u017cowanie fan\u00f3w. W lipcu najbardziej spektakularne efekty mogli\u015bmy obserwowa\u0107 na profilach Pepsi i Kompanii Piwowarskiej.<\/span><\/p>\n<p><span style=\"font-weight: 400;\">Na profilu Pepsi od czerwca trwa\u0142 konkurs <\/span><i><span style=\"font-weight: 400;\">Pepsi Space<\/span><\/i><span style=\"font-weight: 400;\">, w kt\u00f3rym wygrane prace pojawia\u0142y si\u0119 na billboardach, socialach, i w innych materia\u0142ach reklamowych zamiast reklam przygotowanych przez zesp\u00f3\u0142 Pepsi.<\/span><\/p>\n<p><span style=\"font-weight: 400;\">Wygrane prace ewidentnie przypad\u0142y do gustu fanom &#8211; jeden z nich by\u0142 najlepszym postem miesi\u0105ca w kategorii <a href=\"https:\/\/www.sotrender.com\/trends\/facebook\/poland\/202307\/fmcg\/zywnosc\/napoje#best_posts\" target=\"_blank\" rel=\"noopener\">Napoje<\/a>, a w TOP12 znalaz\u0142y si\u0119 kolejne cztery.<\/span><\/p>\n<div id=\"attachment_48465\" style=\"width: 811px\" class=\"wp-caption aligncenter\"><img loading=\"lazy\" decoding=\"async\" aria-describedby=\"caption-attachment-48465\" class=\" wp-image-48465\" src=\"https:\/\/www.sotrender.com\/blog\/wp-content\/uploads\/2023\/08\/pepsi-space-konkurs-facebook.png\" alt=\"pepsi space konkurs facebook\" width=\"801\" height=\"389\" srcset=\"https:\/\/www.sotrender.com\/blog\/wp-content\/uploads\/2023\/08\/pepsi-space-konkurs-facebook.png 1904w, https:\/\/www.sotrender.com\/blog\/wp-content\/uploads\/2023\/08\/pepsi-space-konkurs-facebook-475x231.png 475w, https:\/\/www.sotrender.com\/blog\/wp-content\/uploads\/2023\/08\/pepsi-space-konkurs-facebook-768x373.png 768w, https:\/\/www.sotrender.com\/blog\/wp-content\/uploads\/2023\/08\/pepsi-space-konkurs-facebook-1536x745.png 1536w\" sizes=\"(max-width: 801px) 100vw, 801px\" \/><p id=\"caption-attachment-48465\" class=\"wp-caption-text\">Najlepsze posty w kategorii <a href=\"https:\/\/www.sotrender.com\/trends\/facebook\/poland\/202307\/fmcg\/zywnosc\/napoje#best_posts\" target=\"_blank\" rel=\"noopener\">Napoje<\/a> | Facebook, lipiec 2023<\/p><\/div>\n<p><span style=\"font-weight: 400;\">Na profilu Pepsi odnotowali\u015bmy wzrost zaanga\u017cowania o ponad 1200%, a du\u017cy wzrost w liczbie aktywno\u015bci zapewni\u0142 profilowi pierwsze miejsce w rankingu Aktywnych u\u017cytkownik\u00f3w.<\/span><\/p>\n<div id=\"attachment_48467\" style=\"width: 812px\" class=\"wp-caption aligncenter\"><img loading=\"lazy\" decoding=\"async\" aria-describedby=\"caption-attachment-48467\" class=\" wp-image-48467\" src=\"https:\/\/www.sotrender.com\/blog\/wp-content\/uploads\/2023\/08\/pepsi-facebook-liczba-aktywnos\u0301ci-07.2023.png\" alt=\"pepsi aktywno\u015bci u\u017cytkownik\u00f3w konkurs pepsi space\" width=\"802\" height=\"168\" srcset=\"https:\/\/www.sotrender.com\/blog\/wp-content\/uploads\/2023\/08\/pepsi-facebook-liczba-aktywnos\u0301ci-07.2023.png 1992w, https:\/\/www.sotrender.com\/blog\/wp-content\/uploads\/2023\/08\/pepsi-facebook-liczba-aktywnos\u0301ci-07.2023-475x100.png 475w, https:\/\/www.sotrender.com\/blog\/wp-content\/uploads\/2023\/08\/pepsi-facebook-liczba-aktywnos\u0301ci-07.2023-768x161.png 768w, https:\/\/www.sotrender.com\/blog\/wp-content\/uploads\/2023\/08\/pepsi-facebook-liczba-aktywnos\u0301ci-07.2023-1536x322.png 1536w\" sizes=\"(max-width: 802px) 100vw, 802px\" \/><p id=\"caption-attachment-48467\" class=\"wp-caption-text\">Profile w kategorii <a href=\"https:\/\/www.sotrender.com\/trends\/facebook\/poland\/202307\/fmcg\/zywnosc\/napoje\" target=\"_blank\" rel=\"noopener\">Napoje<\/a> o najwi\u0119kszej liczbie aktywno\u015bci | Facebook, lipiec 2023<\/p><\/div>\n<p><span style=\"font-weight: 400;\">W kategorii <a href=\"https:\/\/www.sotrender.com\/trends\/facebook\/poland\/202307\/fmcg\/zywnosc\/napoje#best_posts\" target=\"_blank\" rel=\"noopener\">Napoje<\/a> ponad po\u0142owa z najlepszych dwunastu post\u00f3w miesi\u0105ca by\u0142a postami konkursowymi. Podobnie wygl\u0105da\u0142o to w ca\u0142ej kategorii <a href=\"https:\/\/www.sotrender.com\/trends\/facebook\/poland\/202307\/fmcg#best_posts\" target=\"_blank\" rel=\"noopener\">FMCG<\/a>.<\/span><\/p>\n<p><span style=\"font-weight: 400;\">Z kolei Kompania Piwowarska wystartowa\u0142a z kampani\u0105 spo\u0142eczn\u0105 <\/span><i><span style=\"font-weight: 400;\">PIJ z UMIAREM<\/span><\/i><span style=\"font-weight: 400;\"> i towarzysz\u0105cym jej konkursem. Twarzami kampanii zosta\u0142 Andrzej Grabowski (Umiar) i raper PiH (jako PIJ).<\/span><\/p>\n<p><span style=\"font-weight: 400;\">By podkre\u015bli\u0107 interaktywno\u015b\u0107 kampanii, zadaniem konkursowym by\u0142o opublikowanie komentarza z rymowanym wersem, <\/span><span style=\"font-weight: 400;\">kt\u00f3ry mia\u0142 udowodni\u0107, \u017ce dobra zabawa i umiar mog\u0105 i\u015b\u0107 w parze.\u00a0<\/span><\/p>\n<div id=\"attachment_48477\" style=\"width: 811px\" class=\"wp-caption aligncenter\"><img loading=\"lazy\" decoding=\"async\" aria-describedby=\"caption-attachment-48477\" class=\" wp-image-48477\" src=\"https:\/\/www.sotrender.com\/blog\/wp-content\/uploads\/2023\/08\/kompania-piwowarska-pij-z-umiarem.png\" alt=\"kompania piwowarska kampania pij z umiarem facebook\" width=\"801\" height=\"391\" srcset=\"https:\/\/www.sotrender.com\/blog\/wp-content\/uploads\/2023\/08\/kompania-piwowarska-pij-z-umiarem.png 1902w, https:\/\/www.sotrender.com\/blog\/wp-content\/uploads\/2023\/08\/kompania-piwowarska-pij-z-umiarem-475x232.png 475w, https:\/\/www.sotrender.com\/blog\/wp-content\/uploads\/2023\/08\/kompania-piwowarska-pij-z-umiarem-768x375.png 768w, https:\/\/www.sotrender.com\/blog\/wp-content\/uploads\/2023\/08\/kompania-piwowarska-pij-z-umiarem-1536x749.png 1536w\" sizes=\"(max-width: 801px) 100vw, 801px\" \/><p id=\"caption-attachment-48477\" class=\"wp-caption-text\">Najlepsze posty w kategorii <a href=\"https:\/\/www.sotrender.com\/trends\/facebook\/poland\/202307\/fmcg\/alkohol#best_posts\" target=\"_blank\" rel=\"noopener\">Alkohole<\/a> | Facebook, lipiec 2023<\/p><\/div>\n<p><span style=\"font-weight: 400;\">Na profilu Kompanii Piwowarskiej odnotowali\u015bmy wzrost zaanga\u017cowania o ponad 780%, a du\u017cy wzrost w liczbie aktywno\u015bci zapewni\u0142 profilowi awans o 40 pozycji na wysokie miejsce czwarte w rankingu Aktywnych u\u017cytkownik\u00f3w.\u00a0<\/span><\/p>\n<div id=\"attachment_48479\" style=\"width: 810px\" class=\"wp-caption aligncenter\"><img loading=\"lazy\" decoding=\"async\" aria-describedby=\"caption-attachment-48479\" class=\"wp-image-48479 \" src=\"https:\/\/www.sotrender.com\/blog\/wp-content\/uploads\/2023\/08\/alkohole-zaangaz\u0307owanie-facebook-07.2023.png\" alt=\"alkohole facebook zaanga\u017cowanie lipiec 2023\" width=\"800\" height=\"275\" srcset=\"https:\/\/www.sotrender.com\/blog\/wp-content\/uploads\/2023\/08\/alkohole-zaangaz\u0307owanie-facebook-07.2023.png 1954w, https:\/\/www.sotrender.com\/blog\/wp-content\/uploads\/2023\/08\/alkohole-zaangaz\u0307owanie-facebook-07.2023-475x163.png 475w, https:\/\/www.sotrender.com\/blog\/wp-content\/uploads\/2023\/08\/alkohole-zaangaz\u0307owanie-facebook-07.2023-768x264.png 768w, https:\/\/www.sotrender.com\/blog\/wp-content\/uploads\/2023\/08\/alkohole-zaangaz\u0307owanie-facebook-07.2023-1536x528.png 1536w\" sizes=\"(max-width: 800px) 100vw, 800px\" \/><p id=\"caption-attachment-48479\" class=\"wp-caption-text\">Profile w kategorii <a href=\"https:\/\/www.sotrender.com\/trends\/facebook\/poland\/202307\/fmcg\/alkohol\" target=\"_blank\" rel=\"noopener\">Alkohole<\/a> o najwi\u0119kszym zaanga\u017cowaniu | Facebook, lipiec 2023<\/p><\/div>\n<h2><b>Facebook Trends lipiec 2023<\/b><\/h2>\n<p><span style=\"font-weight: 400;\">To tyle je\u015bli chodzi o podsumowanie wydarze\u0144 na Facebooku. Nie zapomnijcie sprawdzi\u0107 <\/span><a href=\"https:\/\/www.sotrender.com\/blog\/pl\/2023\/08\/instagram-trends-lipiec-2023-barbiecore-opanowalo-instagram\/\" target=\"_blank\" rel=\"noopener\"><span style=\"font-weight: 400;\">lipcowego raportu Instagram Trends<\/span><\/a><span style=\"font-weight: 400;\"> oraz naszej analizy <\/span><a href=\"https:\/\/www.sotrender.com\/blog\/pl\/2023\/07\/top20-profili-agencji-marketingowych-na-linkedinie-analiza\/\" target=\"_blank\" rel=\"noopener\"><span style=\"font-weight: 400;\">TOP20 agencji marketingowych na LinkedInie<\/span><\/a><span style=\"font-weight: 400;\">!<\/span><\/p>\n<p>&nbsp;<\/p>\n","protected":false},"excerpt":{"rendered":"<p>Obserwacja trend\u00f3w i strategii marek po raz kolejny u\u015bwiadamia nam, \u017ce nierzadko najlepsze kreacje to najprostsze kreacje oraz, \u017ce oddanie inicjatywy w r\u0119ce fan\u00f3w to \u015bwietny spos\u00f3b na budowanie zaanga\u017cowania. Ciekawi szczeg\u00f3\u0142\u00f3w? Zapraszamy na lipcowy raport Facebook Trends.<\/p>\n","protected":false},"author":89,"featured_media":48483,"comment_status":"open","ping_status":"open","sticky":false,"template":"","format":"standard","meta":{"inline_featured_image":false,"footnotes":""},"categories":[1791,1797],"tags":[371,1843,2307],"yoast_head":"<!-- This site is optimized with the Yoast SEO plugin v22.4 - https:\/\/yoast.com\/wordpress\/plugins\/seo\/ -->\n<title>Facebook Trends lipiec 2023 - (nie) na powa\u017cnie<\/title>\n<meta name=\"description\" content=\"Lipcowy raport Facebook Trends udowadnia nam, \u017ce oddanie inicjatywy w r\u0119ce fan\u00f3w to \u015bwietna strategia na budowanie zaanga\u017cowania.\u00a0\" \/>\n<meta name=\"robots\" content=\"index, follow, max-snippet:-1, max-image-preview:large, max-video-preview:-1\" \/>\n<link rel=\"canonical\" href=\"https:\/\/www.sotrender.com\/blog\/pl\/2023\/08\/facebook-trends-lipiec-2023-nie-na-powaznie\/\" \/>\n<meta property=\"og:locale\" content=\"pl_PL\" \/>\n<meta property=\"og:type\" content=\"article\" \/>\n<meta property=\"og:title\" content=\"Facebook Trends lipiec 2023 - (nie) na powa\u017cnie\" \/>\n<meta property=\"og:description\" content=\"Lipcowy raport Facebook Trends udowadnia nam, \u017ce oddanie inicjatywy w r\u0119ce fan\u00f3w to \u015bwietna strategia na budowanie zaanga\u017cowania.\u00a0\" \/>\n<meta property=\"og:url\" content=\"https:\/\/www.sotrender.com\/blog\/pl\/2023\/08\/facebook-trends-lipiec-2023-nie-na-powaznie\/\" \/>\n<meta property=\"og:site_name\" content=\"Sotrender Blog\" \/>\n<meta property=\"article:publisher\" content=\"https:\/\/www.facebook.com\/Sotrender\" \/>\n<meta property=\"article:published_time\" content=\"2023-08-09T08:23:56+00:00\" \/>\n<meta property=\"og:image\" content=\"https:\/\/www.sotrender.com\/blog\/wp-content\/uploads\/2023\/08\/facebook-trends-lipiec-2023.jpg\" \/>\n\t<meta property=\"og:image:width\" content=\"1280\" \/>\n\t<meta property=\"og:image:height\" content=\"853\" \/>\n\t<meta property=\"og:image:type\" content=\"image\/jpeg\" \/>\n<meta name=\"author\" content=\"Klaudia \u017by\u0142ka\" \/>\n<meta name=\"twitter:card\" content=\"summary_large_image\" \/>\n<meta name=\"twitter:creator\" content=\"@Sotrender\" \/>\n<meta name=\"twitter:site\" content=\"@Sotrender\" \/>\n<meta name=\"twitter:label1\" content=\"Written by\" \/>\n\t<meta name=\"twitter:data1\" content=\"Klaudia \u017by\u0142ka\" \/>\n\t<meta name=\"twitter:label2\" content=\"Est. reading time\" \/>\n\t<meta name=\"twitter:data2\" content=\"3 minutes\" \/>\n<script type=\"application\/ld+json\" class=\"yoast-schema-graph\">{\"@context\":\"https:\/\/schema.org\",\"@graph\":[{\"@type\":\"WebPage\",\"@id\":\"https:\/\/www.sotrender.com\/blog\/pl\/2023\/08\/facebook-trends-lipiec-2023-nie-na-powaznie\/\",\"url\":\"https:\/\/www.sotrender.com\/blog\/pl\/2023\/08\/facebook-trends-lipiec-2023-nie-na-powaznie\/\",\"name\":\"Facebook Trends lipiec 2023 - (nie) na powa\u017cnie\",\"isPartOf\":{\"@id\":\"https:\/\/www.sotrender.com\/blog\/#website\"},\"primaryImageOfPage\":{\"@id\":\"https:\/\/www.sotrender.com\/blog\/pl\/2023\/08\/facebook-trends-lipiec-2023-nie-na-powaznie\/#primaryimage\"},\"image\":{\"@id\":\"https:\/\/www.sotrender.com\/blog\/pl\/2023\/08\/facebook-trends-lipiec-2023-nie-na-powaznie\/#primaryimage\"},\"thumbnailUrl\":\"https:\/\/www.sotrender.com\/blog\/wp-content\/uploads\/2023\/08\/facebook-trends-lipiec-2023.jpg\",\"datePublished\":\"2023-08-09T08:23:56+00:00\",\"dateModified\":\"2023-08-09T08:23:56+00:00\",\"author\":{\"@id\":\"https:\/\/www.sotrender.com\/blog\/#\/schema\/person\/038ac5e276c5d102d8cbb9c36cd43416\"},\"description\":\"Lipcowy raport Facebook Trends udowadnia nam, \u017ce oddanie inicjatywy w r\u0119ce fan\u00f3w to \u015bwietna strategia na budowanie zaanga\u017cowania.\u00a0\",\"breadcrumb\":{\"@id\":\"https:\/\/www.sotrender.com\/blog\/pl\/2023\/08\/facebook-trends-lipiec-2023-nie-na-powaznie\/#breadcrumb\"},\"inLanguage\":\"pl-PL\",\"potentialAction\":[{\"@type\":\"ReadAction\",\"target\":[\"https:\/\/www.sotrender.com\/blog\/pl\/2023\/08\/facebook-trends-lipiec-2023-nie-na-powaznie\/\"]}]},{\"@type\":\"ImageObject\",\"inLanguage\":\"pl-PL\",\"@id\":\"https:\/\/www.sotrender.com\/blog\/pl\/2023\/08\/facebook-trends-lipiec-2023-nie-na-powaznie\/#primaryimage\",\"url\":\"https:\/\/www.sotrender.com\/blog\/wp-content\/uploads\/2023\/08\/facebook-trends-lipiec-2023.jpg\",\"contentUrl\":\"https:\/\/www.sotrender.com\/blog\/wp-content\/uploads\/2023\/08\/facebook-trends-lipiec-2023.jpg\",\"width\":1280,\"height\":853},{\"@type\":\"BreadcrumbList\",\"@id\":\"https:\/\/www.sotrender.com\/blog\/pl\/2023\/08\/facebook-trends-lipiec-2023-nie-na-powaznie\/#breadcrumb\",\"itemListElement\":[{\"@type\":\"ListItem\",\"position\":1,\"name\":\"Home\",\"item\":\"https:\/\/www.sotrender.com\/blog\/\"},{\"@type\":\"ListItem\",\"position\":2,\"name\":\"Facebook Trends lipiec 2023 &#8211; (nie) na powa\u017cnie\"}]},{\"@type\":\"WebSite\",\"@id\":\"https:\/\/www.sotrender.com\/blog\/#website\",\"url\":\"https:\/\/www.sotrender.com\/blog\/\",\"name\":\"Sotrender Blog\",\"description\":\"\",\"potentialAction\":[{\"@type\":\"SearchAction\",\"target\":{\"@type\":\"EntryPoint\",\"urlTemplate\":\"https:\/\/www.sotrender.com\/blog\/?s={search_term_string}\"},\"query-input\":\"required name=search_term_string\"}],\"inLanguage\":\"pl-PL\"},{\"@type\":\"Person\",\"@id\":\"https:\/\/www.sotrender.com\/blog\/#\/schema\/person\/038ac5e276c5d102d8cbb9c36cd43416\",\"name\":\"Klaudia \u017by\u0142ka\",\"image\":{\"@type\":\"ImageObject\",\"inLanguage\":\"pl-PL\",\"@id\":\"https:\/\/www.sotrender.com\/blog\/#\/schema\/person\/image\/\",\"url\":\"https:\/\/secure.gravatar.com\/avatar\/f55d5d49ce3c448e1ffde0ab078d84cd?s=96&d=mm&r=g\",\"contentUrl\":\"https:\/\/secure.gravatar.com\/avatar\/f55d5d49ce3c448e1ffde0ab078d84cd?s=96&d=mm&r=g\",\"caption\":\"Klaudia \u017by\u0142ka\"},\"description\":\"Instagram, dogs, books and food lover. Former student at Warsaw University and Malm\u00f6 University. Improving her marketing skills every day. Proud owner of DIMAQ certificate\",\"sameAs\":[\"https:\/\/www.linkedin.com\/in\/klaudia-\u017cy\u0142ka-17527779\"],\"url\":\"https:\/\/www.sotrender.com\/blog\/pl\/author\/klaudia_yka\/\"}]}<\/script>\n<!-- \/ Yoast SEO plugin. -->","yoast_head_json":{"title":"Facebook Trends lipiec 2023 - (nie) na powa\u017cnie","description":"Lipcowy raport Facebook Trends udowadnia nam, \u017ce oddanie inicjatywy w r\u0119ce fan\u00f3w to \u015bwietna strategia na budowanie zaanga\u017cowania.\u00a0","robots":{"index":"index","follow":"follow","max-snippet":"max-snippet:-1","max-image-preview":"max-image-preview:large","max-video-preview":"max-video-preview:-1"},"canonical":"https:\/\/www.sotrender.com\/blog\/pl\/2023\/08\/facebook-trends-lipiec-2023-nie-na-powaznie\/","og_locale":"pl_PL","og_type":"article","og_title":"Facebook Trends lipiec 2023 - (nie) na powa\u017cnie","og_description":"Lipcowy raport Facebook Trends udowadnia nam, \u017ce oddanie inicjatywy w r\u0119ce fan\u00f3w to \u015bwietna strategia na budowanie zaanga\u017cowania.\u00a0","og_url":"https:\/\/www.sotrender.com\/blog\/pl\/2023\/08\/facebook-trends-lipiec-2023-nie-na-powaznie\/","og_site_name":"Sotrender Blog","article_publisher":"https:\/\/www.facebook.com\/Sotrender","article_published_time":"2023-08-09T08:23:56+00:00","og_image":[{"width":1280,"height":853,"url":"https:\/\/www.sotrender.com\/blog\/wp-content\/uploads\/2023\/08\/facebook-trends-lipiec-2023.jpg","type":"image\/jpeg"}],"author":"Klaudia \u017by\u0142ka","twitter_card":"summary_large_image","twitter_creator":"@Sotrender","twitter_site":"@Sotrender","twitter_misc":{"Written by":"Klaudia \u017by\u0142ka","Est. reading time":"3 minutes"},"schema":{"@context":"https:\/\/schema.org","@graph":[{"@type":"WebPage","@id":"https:\/\/www.sotrender.com\/blog\/pl\/2023\/08\/facebook-trends-lipiec-2023-nie-na-powaznie\/","url":"https:\/\/www.sotrender.com\/blog\/pl\/2023\/08\/facebook-trends-lipiec-2023-nie-na-powaznie\/","name":"Facebook Trends lipiec 2023 - (nie) na powa\u017cnie","isPartOf":{"@id":"https:\/\/www.sotrender.com\/blog\/#website"},"primaryImageOfPage":{"@id":"https:\/\/www.sotrender.com\/blog\/pl\/2023\/08\/facebook-trends-lipiec-2023-nie-na-powaznie\/#primaryimage"},"image":{"@id":"https:\/\/www.sotrender.com\/blog\/pl\/2023\/08\/facebook-trends-lipiec-2023-nie-na-powaznie\/#primaryimage"},"thumbnailUrl":"https:\/\/www.sotrender.com\/blog\/wp-content\/uploads\/2023\/08\/facebook-trends-lipiec-2023.jpg","datePublished":"2023-08-09T08:23:56+00:00","dateModified":"2023-08-09T08:23:56+00:00","author":{"@id":"https:\/\/www.sotrender.com\/blog\/#\/schema\/person\/038ac5e276c5d102d8cbb9c36cd43416"},"description":"Lipcowy raport Facebook Trends udowadnia nam, \u017ce oddanie inicjatywy w r\u0119ce fan\u00f3w to \u015bwietna strategia na budowanie zaanga\u017cowania.\u00a0","breadcrumb":{"@id":"https:\/\/www.sotrender.com\/blog\/pl\/2023\/08\/facebook-trends-lipiec-2023-nie-na-powaznie\/#breadcrumb"},"inLanguage":"pl-PL","potentialAction":[{"@type":"ReadAction","target":["https:\/\/www.sotrender.com\/blog\/pl\/2023\/08\/facebook-trends-lipiec-2023-nie-na-powaznie\/"]}]},{"@type":"ImageObject","inLanguage":"pl-PL","@id":"https:\/\/www.sotrender.com\/blog\/pl\/2023\/08\/facebook-trends-lipiec-2023-nie-na-powaznie\/#primaryimage","url":"https:\/\/www.sotrender.com\/blog\/wp-content\/uploads\/2023\/08\/facebook-trends-lipiec-2023.jpg","contentUrl":"https:\/\/www.sotrender.com\/blog\/wp-content\/uploads\/2023\/08\/facebook-trends-lipiec-2023.jpg","width":1280,"height":853},{"@type":"BreadcrumbList","@id":"https:\/\/www.sotrender.com\/blog\/pl\/2023\/08\/facebook-trends-lipiec-2023-nie-na-powaznie\/#breadcrumb","itemListElement":[{"@type":"ListItem","position":1,"name":"Home","item":"https:\/\/www.sotrender.com\/blog\/"},{"@type":"ListItem","position":2,"name":"Facebook Trends lipiec 2023 &#8211; (nie) na powa\u017cnie"}]},{"@type":"WebSite","@id":"https:\/\/www.sotrender.com\/blog\/#website","url":"https:\/\/www.sotrender.com\/blog\/","name":"Sotrender Blog","description":"","potentialAction":[{"@type":"SearchAction","target":{"@type":"EntryPoint","urlTemplate":"https:\/\/www.sotrender.com\/blog\/?s={search_term_string}"},"query-input":"required name=search_term_string"}],"inLanguage":"pl-PL"},{"@type":"Person","@id":"https:\/\/www.sotrender.com\/blog\/#\/schema\/person\/038ac5e276c5d102d8cbb9c36cd43416","name":"Klaudia \u017by\u0142ka","image":{"@type":"ImageObject","inLanguage":"pl-PL","@id":"https:\/\/www.sotrender.com\/blog\/#\/schema\/person\/image\/","url":"https:\/\/secure.gravatar.com\/avatar\/f55d5d49ce3c448e1ffde0ab078d84cd?s=96&d=mm&r=g","contentUrl":"https:\/\/secure.gravatar.com\/avatar\/f55d5d49ce3c448e1ffde0ab078d84cd?s=96&d=mm&r=g","caption":"Klaudia \u017by\u0142ka"},"description":"Instagram, dogs, books and food lover. Former student at Warsaw University and Malm\u00f6 University. Improving her marketing skills every day. Proud owner of DIMAQ certificate","sameAs":["https:\/\/www.linkedin.com\/in\/klaudia-\u017cy\u0142ka-17527779"],"url":"https:\/\/www.sotrender.com\/blog\/pl\/author\/klaudia_yka\/"}]}},"_links":{"self":[{"href":"https:\/\/www.sotrender.com\/blog\/pl\/wp-json\/wp\/v2\/posts\/48457"}],"collection":[{"href":"https:\/\/www.sotrender.com\/blog\/pl\/wp-json\/wp\/v2\/posts"}],"about":[{"href":"https:\/\/www.sotrender.com\/blog\/pl\/wp-json\/wp\/v2\/types\/post"}],"author":[{"embeddable":true,"href":"https:\/\/www.sotrender.com\/blog\/pl\/wp-json\/wp\/v2\/users\/89"}],"replies":[{"embeddable":true,"href":"https:\/\/www.sotrender.com\/blog\/pl\/wp-json\/wp\/v2\/comments?post=48457"}],"version-history":[{"count":7,"href":"https:\/\/www.sotrender.com\/blog\/pl\/wp-json\/wp\/v2\/posts\/48457\/revisions"}],"predecessor-version":[{"id":48487,"href":"https:\/\/www.sotrender.com\/blog\/pl\/wp-json\/wp\/v2\/posts\/48457\/revisions\/48487"}],"wp:featuredmedia":[{"embeddable":true,"href":"https:\/\/www.sotrender.com\/blog\/pl\/wp-json\/wp\/v2\/media\/48483"}],"wp:attachment":[{"href":"https:\/\/www.sotrender.com\/blog\/pl\/wp-json\/wp\/v2\/media?parent=48457"}],"wp:term":[{"taxonomy":"category","embeddable":true,"href":"https:\/\/www.sotrender.com\/blog\/pl\/wp-json\/wp\/v2\/categories?post=48457"},{"taxonomy":"post_tag","embeddable":true,"href":"https:\/\/www.sotrender.com\/blog\/pl\/wp-json\/wp\/v2\/tags?post=48457"}],"curies":[{"name":"wp","href":"https:\/\/api.w.org\/{rel}","templated":true}]}}