{"id":48135,"date":"2023-07-11T08:28:47","date_gmt":"2023-07-11T06:28:47","guid":{"rendered":"https:\/\/www.sotrender.com\/blog\/?p=48135\/"},"modified":"2023-07-11T08:29:53","modified_gmt":"2023-07-11T06:29:53","slug":"facebook-trends-czerwiec-2023-kierunek-sport","status":"publish","type":"post","link":"https:\/\/www.sotrender.com\/blog\/pl\/2023\/07\/facebook-trends-czerwiec-2023-kierunek-sport\/","title":{"rendered":"Facebook Trends czerwiec 2023 &#8211; kierunek sport"},"content":{"rendered":"<p><span style=\"font-weight: 400;\">Czerwiec na Facebooku by\u0142 i\u015bcie sportowy. Fan\u00f3w i media do czerwono\u015bci rozgrzewa\u0142y wydarzenia z bie\u017cni, kort\u00f3w tenisowych i boisk pi\u0142karskich.\u00a0<\/span><\/p>\n<p><!--more--><\/p>\n<p><span style=\"font-weight: 400;\">Szczeg\u00f3\u0142y znajdziecie w <a href=\"https:\/\/www.sotrender.com\/trends\/facebook\/poland\/202306\" target=\"_blank\" rel=\"noopener\">czerwcowym raporcie Facebook Trends<\/a>.<\/span><\/p>\n<h2><strong>Najwa\u017cniejsze sportowe wydarzenia<\/strong><\/h2>\n<p><span style=\"font-weight: 400;\">Najlepsze posty w kategorii <a href=\"https:\/\/www.sotrender.com\/trends\/facebook\/poland\/202306\/media\/sport_media#best_posts\" target=\"_blank\" rel=\"noopener\">Media sportowe<\/a> to kwintesencja tego, czym fani \u017cyli przez ostatnich kilkana\u015bcie dni.\u00a0<\/span><\/p>\n<p><span style=\"font-weight: 400;\">Zako\u0144czenie kariery przez Kub\u0119 B\u0142aszczykowskiego, kolejne zwyci\u0119stwo Igi \u015awi\u0105tek we French Open, czy fenomenalny wyst\u0119p Bartosza Zmarzlika by\u0142y wydarzeniami, kt\u00f3re nieustannie dostarczy\u0142y nam wielu emocji i niezapomnianych wra\u017ce\u0144.\u00a0<\/span><\/p>\n<div id=\"attachment_48139\" style=\"width: 860px\" class=\"wp-caption aligncenter\"><img loading=\"lazy\" decoding=\"async\" aria-describedby=\"caption-attachment-48139\" class=\" wp-image-48139\" src=\"https:\/\/www.sotrender.com\/blog\/wp-content\/uploads\/2023\/07\/media-sport-czerwiec-facebook.png\" alt=\"Najlepsze posty w kategorii Media | Sport na Facebooku\" width=\"850\" height=\"746\" srcset=\"https:\/\/www.sotrender.com\/blog\/wp-content\/uploads\/2023\/07\/media-sport-czerwiec-facebook.png 1544w, https:\/\/www.sotrender.com\/blog\/wp-content\/uploads\/2023\/07\/media-sport-czerwiec-facebook-475x417.png 475w, https:\/\/www.sotrender.com\/blog\/wp-content\/uploads\/2023\/07\/media-sport-czerwiec-facebook-768x674.png 768w, https:\/\/www.sotrender.com\/blog\/wp-content\/uploads\/2023\/07\/media-sport-czerwiec-facebook-1536x1349.png 1536w\" sizes=\"(max-width: 850px) 100vw, 850px\" \/><p id=\"caption-attachment-48139\" class=\"wp-caption-text\">Najlepsze posty <a href=\"https:\/\/www.sotrender.com\/trends\/facebook\/poland\/202306\/media\/sport_media#best_posts\" target=\"_blank\" rel=\"noopener\">w kategorii Media | Sport<\/a> w czerwcu 2023 na Facebooku<\/p><\/div>\n<p><span style=\"font-weight: 400;\">W g\u00f3r\u0119 poszybowa\u0142o te\u017c <a href=\"https:\/\/www.sotrender.com\/trends\/facebook\/poland\/202306\/media\/sport_media#storytellers\" target=\"_blank\" rel=\"noopener\">zaanga\u017cowanie na profilach medi\u00f3w sportowych<\/a>, kt\u00f3re intensywnie relacjonowa\u0142y wszystkie te wydarzenia. Na profilach TVP Sport i WP SportoweFakty odnotowali\u015bmy przyrost zaanga\u017cowania odpowiednio o 27% i 55%, a w rezultacie awans tych profili w naszych rankingach.\u00a0<\/span><\/p>\n<div id=\"attachment_48141\" style=\"width: 861px\" class=\"wp-caption aligncenter\"><img loading=\"lazy\" decoding=\"async\" aria-describedby=\"caption-attachment-48141\" class=\" wp-image-48141\" src=\"https:\/\/www.sotrender.com\/blog\/wp-content\/uploads\/2023\/07\/czerwiec-2023-profile-o-najwiekszym-zaangazowaniu.png\" alt=\"czerwiec 2023 profile o najwiekszym zaangazowaniu na facebooku\" width=\"851\" height=\"446\" srcset=\"https:\/\/www.sotrender.com\/blog\/wp-content\/uploads\/2023\/07\/czerwiec-2023-profile-o-najwiekszym-zaangazowaniu.png 1954w, https:\/\/www.sotrender.com\/blog\/wp-content\/uploads\/2023\/07\/czerwiec-2023-profile-o-najwiekszym-zaangazowaniu-475x249.png 475w, https:\/\/www.sotrender.com\/blog\/wp-content\/uploads\/2023\/07\/czerwiec-2023-profile-o-najwiekszym-zaangazowaniu-768x402.png 768w, https:\/\/www.sotrender.com\/blog\/wp-content\/uploads\/2023\/07\/czerwiec-2023-profile-o-najwiekszym-zaangazowaniu-1536x805.png 1536w\" sizes=\"(max-width: 851px) 100vw, 851px\" \/><p id=\"caption-attachment-48141\" class=\"wp-caption-text\"><a href=\"https:\/\/www.sotrender.com\/trends\/facebook\/poland\/202306\/pl_wszystkie#storytellers\" target=\"_blank\" rel=\"noopener\">TOP10 profili o najwi\u0119kszym zaanga\u017cowaniu<\/a> na polskim Facebooku w czerwcu 2023 r.<\/p><\/div>\n<p><span style=\"font-weight: 400;\">Dzia\u0142o si\u0119 tak\u017ce na profilach samych sportowc\u00f3w.\u00a0<\/span><\/p>\n<p><span style=\"font-weight: 400;\">Na profilu Igi \u015awi\u0105tek odnotowali\u015bmy przyrost zaanga\u017cowania niemal o 3000%. Z kolei pod wzgl\u0119dem liczby aktywno\u015bci, profil tenisistki awansowa\u0142 a\u017c o 84 pozycje i uplasowa\u0142 si\u0119 na miejscu 10. Podobny awans dotyczy\u0142 profilu Kuby B\u0142aszczykowskiego.\u00a0<\/span><\/p>\n<div id=\"attachment_48143\" style=\"width: 862px\" class=\"wp-caption aligncenter\"><img loading=\"lazy\" decoding=\"async\" aria-describedby=\"caption-attachment-48143\" class=\" wp-image-48143\" src=\"https:\/\/www.sotrender.com\/blog\/wp-content\/uploads\/2023\/07\/profile-osob-o-najwiekszej-liczbie-aktywnosci-facebook-.png\" alt=\"iga swi\u0105tek profil facebook\" width=\"852\" height=\"265\" srcset=\"https:\/\/www.sotrender.com\/blog\/wp-content\/uploads\/2023\/07\/profile-osob-o-najwiekszej-liczbie-aktywnosci-facebook-.png 1936w, https:\/\/www.sotrender.com\/blog\/wp-content\/uploads\/2023\/07\/profile-osob-o-najwiekszej-liczbie-aktywnosci-facebook--475x148.png 475w, https:\/\/www.sotrender.com\/blog\/wp-content\/uploads\/2023\/07\/profile-osob-o-najwiekszej-liczbie-aktywnosci-facebook--768x239.png 768w, https:\/\/www.sotrender.com\/blog\/wp-content\/uploads\/2023\/07\/profile-osob-o-najwiekszej-liczbie-aktywnosci-facebook--1536x478.png 1536w\" sizes=\"(max-width: 852px) 100vw, 852px\" \/><p id=\"caption-attachment-48143\" class=\"wp-caption-text\"><a href=\"https:\/\/www.sotrender.com\/trends\/facebook\/poland\/202306\/osoby#engagement\" target=\"_blank\" rel=\"noopener\">Profile os\u00f3b o najwi\u0119kszej liczbie aktywno\u015bci<\/a> w czerwcu 2023 r. na Facebooku<\/p><\/div>\n<p><span style=\"font-weight: 400;\">Przypomnijmy, \u017ce <\/span><a href=\"https:\/\/www.sotrender.com\/blog\/pl\/2023\/07\/instagram-trends-czerwiec-2023-marsz-w-slusznej-sprawie\/\" target=\"_blank\" rel=\"noopener\"><span style=\"font-weight: 400;\">na Instagramie<\/span><\/a><span style=\"font-weight: 400;\"> profil Igi by\u0142 drugim najszybciej rosn\u0105cym profilem miesi\u0105ca. Na koncie tenisistki przyby\u0142o ponad 176 tys. nowych obserwator\u00f3w.\u00a0<\/span><\/p>\n<h2><strong>AWF na pozycji lidera<\/strong><\/h2>\n<p><span style=\"font-weight: 400;\">Pozostaj\u0105c w temacie sportu, w tym miesi\u0105cu na uwag\u0119 zas\u0142uguje te\u017c profil Akademii Wychowania Fizycznego.<\/span><\/p>\n<p><span style=\"font-weight: 400;\">Szczeg\u00f3lne zaanga\u017cowanie fan\u00f3w zdoby\u0142y dwa posty opublikowane na profilu uczelni dotycz\u0105ce os\u00f3b z ni\u0105 zwi\u0105zanych.\u00a0<\/span><\/p>\n<div id=\"attachment_48145\" style=\"width: 860px\" class=\"wp-caption aligncenter\"><img loading=\"lazy\" decoding=\"async\" aria-describedby=\"caption-attachment-48145\" class=\"wp-image-48145 \" src=\"https:\/\/www.sotrender.com\/blog\/wp-content\/uploads\/2023\/07\/uczelnie-wyzsze-najlepsze-posty-facebook-awf.png\" alt=\"uczelnie wyzsze najlepsze posty facebook awf\" width=\"850\" height=\"409\" srcset=\"https:\/\/www.sotrender.com\/blog\/wp-content\/uploads\/2023\/07\/uczelnie-wyzsze-najlepsze-posty-facebook-awf.png 1938w, https:\/\/www.sotrender.com\/blog\/wp-content\/uploads\/2023\/07\/uczelnie-wyzsze-najlepsze-posty-facebook-awf-475x229.png 475w, https:\/\/www.sotrender.com\/blog\/wp-content\/uploads\/2023\/07\/uczelnie-wyzsze-najlepsze-posty-facebook-awf-768x370.png 768w, https:\/\/www.sotrender.com\/blog\/wp-content\/uploads\/2023\/07\/uczelnie-wyzsze-najlepsze-posty-facebook-awf-1536x740.png 1536w\" sizes=\"(max-width: 850px) 100vw, 850px\" \/><p id=\"caption-attachment-48145\" class=\"wp-caption-text\"><a href=\"https:\/\/www.sotrender.com\/trends\/facebook\/poland\/202306\/uczelnie#best_posts\" target=\"_blank\" rel=\"noopener\">Najlepsze posty w kategorii Uczelnie wy\u017csze<\/a> w czerwcu 2023 r. na Facebooku<\/p><\/div>\n<p><span style=\"font-weight: 400;\">Zapewni\u0142y one awans profilu uczelni o 12 pozycji i obj\u0119cie pozycji lidera w zestawieniu przedstawiaj\u0105cym \u0142\u0105czn\u0105 liczb\u0119 aktywno\u015bci na profilu.\u00a0<\/span><\/p>\n<div id=\"attachment_48147\" style=\"width: 862px\" class=\"wp-caption aligncenter\"><img loading=\"lazy\" decoding=\"async\" aria-describedby=\"caption-attachment-48147\" class=\" wp-image-48147\" src=\"https:\/\/www.sotrender.com\/blog\/wp-content\/uploads\/2023\/07\/uczelnie-wyzsze-liczba-aktywnosci-facebook.png\" alt=\"uczelnie wy\u017csze AWF facebook\" width=\"852\" height=\"185\" srcset=\"https:\/\/www.sotrender.com\/blog\/wp-content\/uploads\/2023\/07\/uczelnie-wyzsze-liczba-aktywnosci-facebook.png 1984w, https:\/\/www.sotrender.com\/blog\/wp-content\/uploads\/2023\/07\/uczelnie-wyzsze-liczba-aktywnosci-facebook-475x103.png 475w, https:\/\/www.sotrender.com\/blog\/wp-content\/uploads\/2023\/07\/uczelnie-wyzsze-liczba-aktywnosci-facebook-768x167.png 768w, https:\/\/www.sotrender.com\/blog\/wp-content\/uploads\/2023\/07\/uczelnie-wyzsze-liczba-aktywnosci-facebook-1536x334.png 1536w\" sizes=\"(max-width: 852px) 100vw, 852px\" \/><p id=\"caption-attachment-48147\" class=\"wp-caption-text\"><a href=\"https:\/\/www.sotrender.com\/trends\/facebook\/poland\/202306\/uczelnie#engagement\" target=\"_blank\" rel=\"noopener\">Profile uczelni wy\u017cszych o najwi\u0119kszej liczbie aktywno\u015bci<\/a> | Facebook, czerwiec 2023 r.<\/p><\/div>\n<h2><strong>Facebook Trends czerwiec 2023\u00a0<\/strong><\/h2>\n<p>To wszystko, co przygotowali\u015bmy dla Was w tym miesi\u0105cu. Zach\u0119camy do sprawdzenia <a href=\"https:\/\/www.sotrender.com\/trends\/facebook\/poland\/202306\" target=\"_blank\" rel=\"noopener\">pe\u0142nej wersji raportu<\/a> oraz <a href=\"https:\/\/www.sotrender.com\/blog\/pl\/2023\/07\/instagram-trends-czerwiec-2023-marsz-w-slusznej-sprawie\/\" target=\"_blank\" rel=\"noopener\">czerwcowego wydania Instagram Trends<\/a>.<\/p>\n<p>&nbsp;<\/p>\n","protected":false},"excerpt":{"rendered":"<p>Czerwiec na Facebooku by\u0142 i\u015bcie sportowy. Fan\u00f3w i media do czerwono\u015bci rozgrzewa\u0142y wydarzenia z bie\u017cni, kort\u00f3w tenisowych i boisk pi\u0142karskich.\u00a0<\/p>\n","protected":false},"author":89,"featured_media":48155,"comment_status":"open","ping_status":"open","sticky":false,"template":"","format":"standard","meta":{"inline_featured_image":false,"footnotes":""},"categories":[1791,1797,2125],"tags":[733,2307],"yoast_head":"<!-- This site is optimized with the Yoast SEO plugin v22.4 - https:\/\/yoast.com\/wordpress\/plugins\/seo\/ -->\n<title>Facebook Trends czerwiec 2023 - kierunek sport<\/title>\n<meta name=\"description\" content=\"Czerwiec na Facebooku by\u0142 i\u015bcie sportowy. Fan\u00f3w i media do czerwono\u015bci rozgrzewa\u0142y wydarzenia z bie\u017cni, kort\u00f3w tenisowych i boisk.\" \/>\n<meta name=\"robots\" content=\"index, follow, max-snippet:-1, max-image-preview:large, max-video-preview:-1\" \/>\n<link rel=\"canonical\" href=\"https:\/\/www.sotrender.com\/blog\/pl\/2023\/07\/facebook-trends-czerwiec-2023-kierunek-sport\/\" \/>\n<meta property=\"og:locale\" content=\"pl_PL\" \/>\n<meta property=\"og:type\" content=\"article\" \/>\n<meta property=\"og:title\" content=\"Facebook Trends czerwiec 2023 - kierunek sport\" \/>\n<meta property=\"og:description\" content=\"Czerwiec na Facebooku by\u0142 i\u015bcie sportowy. Fan\u00f3w i media do czerwono\u015bci rozgrzewa\u0142y wydarzenia z bie\u017cni, kort\u00f3w tenisowych i boisk.\" \/>\n<meta property=\"og:url\" content=\"https:\/\/www.sotrender.com\/blog\/pl\/2023\/07\/facebook-trends-czerwiec-2023-kierunek-sport\/\" \/>\n<meta property=\"og:site_name\" content=\"Sotrender Blog\" \/>\n<meta property=\"article:publisher\" content=\"https:\/\/www.facebook.com\/Sotrender\" \/>\n<meta property=\"article:published_time\" content=\"2023-07-11T06:28:47+00:00\" \/>\n<meta property=\"article:modified_time\" content=\"2023-07-11T06:29:53+00:00\" \/>\n<meta property=\"og:image\" content=\"https:\/\/www.sotrender.com\/blog\/wp-content\/uploads\/2023\/07\/tenis-facebook.jpg\" \/>\n\t<meta property=\"og:image:width\" content=\"1500\" \/>\n\t<meta property=\"og:image:height\" content=\"1000\" \/>\n\t<meta property=\"og:image:type\" content=\"image\/jpeg\" \/>\n<meta name=\"author\" content=\"Klaudia \u017by\u0142ka\" \/>\n<meta name=\"twitter:card\" content=\"summary_large_image\" \/>\n<meta name=\"twitter:creator\" content=\"@Sotrender\" \/>\n<meta name=\"twitter:site\" content=\"@Sotrender\" \/>\n<meta name=\"twitter:label1\" content=\"Written by\" \/>\n\t<meta name=\"twitter:data1\" content=\"Klaudia \u017by\u0142ka\" \/>\n\t<meta name=\"twitter:label2\" content=\"Est. reading time\" \/>\n\t<meta name=\"twitter:data2\" content=\"2 minutes\" \/>\n<script type=\"application\/ld+json\" class=\"yoast-schema-graph\">{\"@context\":\"https:\/\/schema.org\",\"@graph\":[{\"@type\":\"WebPage\",\"@id\":\"https:\/\/www.sotrender.com\/blog\/pl\/2023\/07\/facebook-trends-czerwiec-2023-kierunek-sport\/\",\"url\":\"https:\/\/www.sotrender.com\/blog\/pl\/2023\/07\/facebook-trends-czerwiec-2023-kierunek-sport\/\",\"name\":\"Facebook Trends czerwiec 2023 - kierunek sport\",\"isPartOf\":{\"@id\":\"https:\/\/www.sotrender.com\/blog\/#website\"},\"primaryImageOfPage\":{\"@id\":\"https:\/\/www.sotrender.com\/blog\/pl\/2023\/07\/facebook-trends-czerwiec-2023-kierunek-sport\/#primaryimage\"},\"image\":{\"@id\":\"https:\/\/www.sotrender.com\/blog\/pl\/2023\/07\/facebook-trends-czerwiec-2023-kierunek-sport\/#primaryimage\"},\"thumbnailUrl\":\"https:\/\/www.sotrender.com\/blog\/wp-content\/uploads\/2023\/07\/tenis-facebook.jpg\",\"datePublished\":\"2023-07-11T06:28:47+00:00\",\"dateModified\":\"2023-07-11T06:29:53+00:00\",\"author\":{\"@id\":\"https:\/\/www.sotrender.com\/blog\/#\/schema\/person\/038ac5e276c5d102d8cbb9c36cd43416\"},\"description\":\"Czerwiec na Facebooku by\u0142 i\u015bcie sportowy. Fan\u00f3w i media do czerwono\u015bci rozgrzewa\u0142y wydarzenia z bie\u017cni, kort\u00f3w tenisowych i boisk.\",\"breadcrumb\":{\"@id\":\"https:\/\/www.sotrender.com\/blog\/pl\/2023\/07\/facebook-trends-czerwiec-2023-kierunek-sport\/#breadcrumb\"},\"inLanguage\":\"pl-PL\",\"potentialAction\":[{\"@type\":\"ReadAction\",\"target\":[\"https:\/\/www.sotrender.com\/blog\/pl\/2023\/07\/facebook-trends-czerwiec-2023-kierunek-sport\/\"]}]},{\"@type\":\"ImageObject\",\"inLanguage\":\"pl-PL\",\"@id\":\"https:\/\/www.sotrender.com\/blog\/pl\/2023\/07\/facebook-trends-czerwiec-2023-kierunek-sport\/#primaryimage\",\"url\":\"https:\/\/www.sotrender.com\/blog\/wp-content\/uploads\/2023\/07\/tenis-facebook.jpg\",\"contentUrl\":\"https:\/\/www.sotrender.com\/blog\/wp-content\/uploads\/2023\/07\/tenis-facebook.jpg\",\"width\":1500,\"height\":1000},{\"@type\":\"BreadcrumbList\",\"@id\":\"https:\/\/www.sotrender.com\/blog\/pl\/2023\/07\/facebook-trends-czerwiec-2023-kierunek-sport\/#breadcrumb\",\"itemListElement\":[{\"@type\":\"ListItem\",\"position\":1,\"name\":\"Home\",\"item\":\"https:\/\/www.sotrender.com\/blog\/\"},{\"@type\":\"ListItem\",\"position\":2,\"name\":\"Facebook Trends czerwiec 2023 &#8211; kierunek sport\"}]},{\"@type\":\"WebSite\",\"@id\":\"https:\/\/www.sotrender.com\/blog\/#website\",\"url\":\"https:\/\/www.sotrender.com\/blog\/\",\"name\":\"Sotrender Blog\",\"description\":\"\",\"potentialAction\":[{\"@type\":\"SearchAction\",\"target\":{\"@type\":\"EntryPoint\",\"urlTemplate\":\"https:\/\/www.sotrender.com\/blog\/?s={search_term_string}\"},\"query-input\":\"required name=search_term_string\"}],\"inLanguage\":\"pl-PL\"},{\"@type\":\"Person\",\"@id\":\"https:\/\/www.sotrender.com\/blog\/#\/schema\/person\/038ac5e276c5d102d8cbb9c36cd43416\",\"name\":\"Klaudia \u017by\u0142ka\",\"image\":{\"@type\":\"ImageObject\",\"inLanguage\":\"pl-PL\",\"@id\":\"https:\/\/www.sotrender.com\/blog\/#\/schema\/person\/image\/\",\"url\":\"https:\/\/secure.gravatar.com\/avatar\/f55d5d49ce3c448e1ffde0ab078d84cd?s=96&d=mm&r=g\",\"contentUrl\":\"https:\/\/secure.gravatar.com\/avatar\/f55d5d49ce3c448e1ffde0ab078d84cd?s=96&d=mm&r=g\",\"caption\":\"Klaudia \u017by\u0142ka\"},\"description\":\"Instagram, dogs, books and food lover. Former student at Warsaw University and Malm\u00f6 University. Improving her marketing skills every day. Proud owner of DIMAQ certificate\",\"sameAs\":[\"https:\/\/www.linkedin.com\/in\/klaudia-\u017cy\u0142ka-17527779\"],\"url\":\"https:\/\/www.sotrender.com\/blog\/pl\/author\/klaudia_yka\/\"}]}<\/script>\n<!-- \/ Yoast SEO plugin. -->","yoast_head_json":{"title":"Facebook Trends czerwiec 2023 - kierunek sport","description":"Czerwiec na Facebooku by\u0142 i\u015bcie sportowy. Fan\u00f3w i media do czerwono\u015bci rozgrzewa\u0142y wydarzenia z bie\u017cni, kort\u00f3w tenisowych i boisk.","robots":{"index":"index","follow":"follow","max-snippet":"max-snippet:-1","max-image-preview":"max-image-preview:large","max-video-preview":"max-video-preview:-1"},"canonical":"https:\/\/www.sotrender.com\/blog\/pl\/2023\/07\/facebook-trends-czerwiec-2023-kierunek-sport\/","og_locale":"pl_PL","og_type":"article","og_title":"Facebook Trends czerwiec 2023 - kierunek sport","og_description":"Czerwiec na Facebooku by\u0142 i\u015bcie sportowy. Fan\u00f3w i media do czerwono\u015bci rozgrzewa\u0142y wydarzenia z bie\u017cni, kort\u00f3w tenisowych i boisk.","og_url":"https:\/\/www.sotrender.com\/blog\/pl\/2023\/07\/facebook-trends-czerwiec-2023-kierunek-sport\/","og_site_name":"Sotrender Blog","article_publisher":"https:\/\/www.facebook.com\/Sotrender","article_published_time":"2023-07-11T06:28:47+00:00","article_modified_time":"2023-07-11T06:29:53+00:00","og_image":[{"width":1500,"height":1000,"url":"https:\/\/www.sotrender.com\/blog\/wp-content\/uploads\/2023\/07\/tenis-facebook.jpg","type":"image\/jpeg"}],"author":"Klaudia \u017by\u0142ka","twitter_card":"summary_large_image","twitter_creator":"@Sotrender","twitter_site":"@Sotrender","twitter_misc":{"Written by":"Klaudia \u017by\u0142ka","Est. reading time":"2 minutes"},"schema":{"@context":"https:\/\/schema.org","@graph":[{"@type":"WebPage","@id":"https:\/\/www.sotrender.com\/blog\/pl\/2023\/07\/facebook-trends-czerwiec-2023-kierunek-sport\/","url":"https:\/\/www.sotrender.com\/blog\/pl\/2023\/07\/facebook-trends-czerwiec-2023-kierunek-sport\/","name":"Facebook Trends czerwiec 2023 - kierunek sport","isPartOf":{"@id":"https:\/\/www.sotrender.com\/blog\/#website"},"primaryImageOfPage":{"@id":"https:\/\/www.sotrender.com\/blog\/pl\/2023\/07\/facebook-trends-czerwiec-2023-kierunek-sport\/#primaryimage"},"image":{"@id":"https:\/\/www.sotrender.com\/blog\/pl\/2023\/07\/facebook-trends-czerwiec-2023-kierunek-sport\/#primaryimage"},"thumbnailUrl":"https:\/\/www.sotrender.com\/blog\/wp-content\/uploads\/2023\/07\/tenis-facebook.jpg","datePublished":"2023-07-11T06:28:47+00:00","dateModified":"2023-07-11T06:29:53+00:00","author":{"@id":"https:\/\/www.sotrender.com\/blog\/#\/schema\/person\/038ac5e276c5d102d8cbb9c36cd43416"},"description":"Czerwiec na Facebooku by\u0142 i\u015bcie sportowy. Fan\u00f3w i media do czerwono\u015bci rozgrzewa\u0142y wydarzenia z bie\u017cni, kort\u00f3w tenisowych i boisk.","breadcrumb":{"@id":"https:\/\/www.sotrender.com\/blog\/pl\/2023\/07\/facebook-trends-czerwiec-2023-kierunek-sport\/#breadcrumb"},"inLanguage":"pl-PL","potentialAction":[{"@type":"ReadAction","target":["https:\/\/www.sotrender.com\/blog\/pl\/2023\/07\/facebook-trends-czerwiec-2023-kierunek-sport\/"]}]},{"@type":"ImageObject","inLanguage":"pl-PL","@id":"https:\/\/www.sotrender.com\/blog\/pl\/2023\/07\/facebook-trends-czerwiec-2023-kierunek-sport\/#primaryimage","url":"https:\/\/www.sotrender.com\/blog\/wp-content\/uploads\/2023\/07\/tenis-facebook.jpg","contentUrl":"https:\/\/www.sotrender.com\/blog\/wp-content\/uploads\/2023\/07\/tenis-facebook.jpg","width":1500,"height":1000},{"@type":"BreadcrumbList","@id":"https:\/\/www.sotrender.com\/blog\/pl\/2023\/07\/facebook-trends-czerwiec-2023-kierunek-sport\/#breadcrumb","itemListElement":[{"@type":"ListItem","position":1,"name":"Home","item":"https:\/\/www.sotrender.com\/blog\/"},{"@type":"ListItem","position":2,"name":"Facebook Trends czerwiec 2023 &#8211; kierunek sport"}]},{"@type":"WebSite","@id":"https:\/\/www.sotrender.com\/blog\/#website","url":"https:\/\/www.sotrender.com\/blog\/","name":"Sotrender Blog","description":"","potentialAction":[{"@type":"SearchAction","target":{"@type":"EntryPoint","urlTemplate":"https:\/\/www.sotrender.com\/blog\/?s={search_term_string}"},"query-input":"required name=search_term_string"}],"inLanguage":"pl-PL"},{"@type":"Person","@id":"https:\/\/www.sotrender.com\/blog\/#\/schema\/person\/038ac5e276c5d102d8cbb9c36cd43416","name":"Klaudia \u017by\u0142ka","image":{"@type":"ImageObject","inLanguage":"pl-PL","@id":"https:\/\/www.sotrender.com\/blog\/#\/schema\/person\/image\/","url":"https:\/\/secure.gravatar.com\/avatar\/f55d5d49ce3c448e1ffde0ab078d84cd?s=96&d=mm&r=g","contentUrl":"https:\/\/secure.gravatar.com\/avatar\/f55d5d49ce3c448e1ffde0ab078d84cd?s=96&d=mm&r=g","caption":"Klaudia \u017by\u0142ka"},"description":"Instagram, dogs, books and food lover. Former student at Warsaw University and Malm\u00f6 University. Improving her marketing skills every day. Proud owner of DIMAQ certificate","sameAs":["https:\/\/www.linkedin.com\/in\/klaudia-\u017cy\u0142ka-17527779"],"url":"https:\/\/www.sotrender.com\/blog\/pl\/author\/klaudia_yka\/"}]}},"_links":{"self":[{"href":"https:\/\/www.sotrender.com\/blog\/pl\/wp-json\/wp\/v2\/posts\/48135"}],"collection":[{"href":"https:\/\/www.sotrender.com\/blog\/pl\/wp-json\/wp\/v2\/posts"}],"about":[{"href":"https:\/\/www.sotrender.com\/blog\/pl\/wp-json\/wp\/v2\/types\/post"}],"author":[{"embeddable":true,"href":"https:\/\/www.sotrender.com\/blog\/pl\/wp-json\/wp\/v2\/users\/89"}],"replies":[{"embeddable":true,"href":"https:\/\/www.sotrender.com\/blog\/pl\/wp-json\/wp\/v2\/comments?post=48135"}],"version-history":[{"count":6,"href":"https:\/\/www.sotrender.com\/blog\/pl\/wp-json\/wp\/v2\/posts\/48135\/revisions"}],"predecessor-version":[{"id":48163,"href":"https:\/\/www.sotrender.com\/blog\/pl\/wp-json\/wp\/v2\/posts\/48135\/revisions\/48163"}],"wp:featuredmedia":[{"embeddable":true,"href":"https:\/\/www.sotrender.com\/blog\/pl\/wp-json\/wp\/v2\/media\/48155"}],"wp:attachment":[{"href":"https:\/\/www.sotrender.com\/blog\/pl\/wp-json\/wp\/v2\/media?parent=48135"}],"wp:term":[{"taxonomy":"category","embeddable":true,"href":"https:\/\/www.sotrender.com\/blog\/pl\/wp-json\/wp\/v2\/categories?post=48135"},{"taxonomy":"post_tag","embeddable":true,"href":"https:\/\/www.sotrender.com\/blog\/pl\/wp-json\/wp\/v2\/tags?post=48135"}],"curies":[{"name":"wp","href":"https:\/\/api.w.org\/{rel}","templated":true}]}}