{"id":48103,"date":"2023-07-05T14:00:52","date_gmt":"2023-07-05T12:00:52","guid":{"rendered":"https:\/\/www.sotrender.com\/blog\/?p=48103\/"},"modified":"2023-07-05T14:00:52","modified_gmt":"2023-07-05T12:00:52","slug":"instagram-trends-czerwiec-2023-marsz-w-slusznej-sprawie","status":"publish","type":"post","link":"https:\/\/www.sotrender.com\/blog\/pl\/2023\/07\/instagram-trends-czerwiec-2023-marsz-w-slusznej-sprawie\/","title":{"rendered":"Instagram Trends czerwiec 2023 &#8211; marsz w s\u0142usznej sprawie"},"content":{"rendered":"<p><span style=\"font-weight: 400;\">Czerwiec by\u0142 miesi\u0105cem, w kt\u00f3rym dzia\u0142o si\u0119 niezwykle du\u017co &#8211; od wydarze\u0144 sportowych i muzycznych, po te zwi\u0105zane z naszymi prawami. Gromadzili\u015bmy si\u0119, by je chroni\u0107 i manifestowa\u0107 swoje warto\u015bci &#8211; zar\u00f3wno w sieci, jak i na ulicach.\u00a0<\/span><\/p>\n<p><!--more--><\/p>\n<p><span style=\"font-weight: 400;\">Bez zb\u0119dnego przed\u0142u\u017cania zapraszamy na raport <a href=\"https:\/\/www.sotrender.com\/trends\/instagram\/poland\/202306\" target=\"_blank\" rel=\"noopener\">Instagram Trends czerwiec 2023<\/a>.<\/span><\/p>\n<h2><b>Chod\u017a na marsz\u00a0<\/b><\/h2>\n<p><span style=\"font-weight: 400;\">Czerwiec od marszu si\u0119 zacz\u0105\u0142 i marszem si\u0119 zako\u0144czy\u0142.\u00a0<\/span><\/p>\n<p><span style=\"font-weight: 400;\">4 czerwca zwolennicy Platformy Obywatelskiej wyruszyli w Warszawie, oraz innych miastach Polski, w obronie demokracji.\u00a0<\/span><\/p>\n<p><span style=\"font-weight: 400;\">Na profilu Donalda Tuska, kt\u00f3ry by\u0142 g\u0142\u00f3wnym inicjatorem i si\u0142\u0105 nap\u0119dow\u0105 ca\u0142ej inicjatywy, obserwowa\u0107 mogli\u015bmy rekordowe zaanga\u017cowanie. Z kolei na profilu Platformy Obywatelskiej odnotowali\u015bmy ponad 8% przyrost obserwator\u00f3w. <\/span><\/p>\n<div id=\"attachment_48109\" style=\"width: 861px\" class=\"wp-caption aligncenter\"><img loading=\"lazy\" decoding=\"async\" aria-describedby=\"caption-attachment-48109\" class=\" wp-image-48109\" src=\"https:\/\/www.sotrender.com\/blog\/wp-content\/uploads\/2023\/07\/instagram-osoby-polityka-marsz-4-czerwca-.png\" alt=\"donald tusk instagram marsz 4 czerwca \" width=\"851\" height=\"419\" srcset=\"https:\/\/www.sotrender.com\/blog\/wp-content\/uploads\/2023\/07\/instagram-osoby-polityka-marsz-4-czerwca-.png 1904w, https:\/\/www.sotrender.com\/blog\/wp-content\/uploads\/2023\/07\/instagram-osoby-polityka-marsz-4-czerwca--475x234.png 475w, https:\/\/www.sotrender.com\/blog\/wp-content\/uploads\/2023\/07\/instagram-osoby-polityka-marsz-4-czerwca--768x378.png 768w, https:\/\/www.sotrender.com\/blog\/wp-content\/uploads\/2023\/07\/instagram-osoby-polityka-marsz-4-czerwca--1536x757.png 1536w\" sizes=\"(max-width: 851px) 100vw, 851px\" \/><p id=\"caption-attachment-48109\" class=\"wp-caption-text\">Najlepsze posty w kategorii <a href=\"https:\/\/www.sotrender.com\/trends\/instagram\/poland\/202306\/osoby\/osoby_polityka\" target=\"_blank\" rel=\"noopener\">Osoby | Polityka<\/a>, Instagram czerwiec 2023<\/p><\/div>\n<p><span style=\"font-weight: 400;\">10 dni p\u00f3\u017aniej ruszy\u0142y protesty pod has\u0142em <\/span><i><span style=\"font-weight: 400;\">Ani jednej wi\u0119cej!<\/span><\/i><span style=\"font-weight: 400;\"> organizowane przez Og\u00f3lnopolski Strajk Kobiet. Przedstawicielki organizacji, z niema\u0142\u0105 reprezentacj\u0105 pojawi\u0142y si\u0119 r\u00f3wnie\u017c na marszu 4 czerwca, a profil Strajku Kobiet by\u0142 numerem jeden pod wzgl\u0119dem \u0142\u0105cznej liczby aktywno\u015bci w kategorii <a href=\"https:\/\/www.sotrender.com\/trends\/instagram\/poland\/202306\/Organizacje\/org_ngo\" target=\"_blank\" rel=\"noopener\">Organizacje NGO<\/a>.\u00a0<\/span><\/p>\n<div id=\"attachment_48111\" style=\"width: 860px\" class=\"wp-caption aligncenter\"><img loading=\"lazy\" decoding=\"async\" aria-describedby=\"caption-attachment-48111\" class=\"wp-image-48111 \" src=\"https:\/\/www.sotrender.com\/blog\/wp-content\/uploads\/2023\/07\/organizacje-ngo-czerwiec-instagram-strajk-kobiet.png\" alt=\"czerwiec instagram strajk kobiet \" width=\"850\" height=\"257\" srcset=\"https:\/\/www.sotrender.com\/blog\/wp-content\/uploads\/2023\/07\/organizacje-ngo-czerwiec-instagram-strajk-kobiet.png 1962w, https:\/\/www.sotrender.com\/blog\/wp-content\/uploads\/2023\/07\/organizacje-ngo-czerwiec-instagram-strajk-kobiet-475x144.png 475w, https:\/\/www.sotrender.com\/blog\/wp-content\/uploads\/2023\/07\/organizacje-ngo-czerwiec-instagram-strajk-kobiet-768x233.png 768w, https:\/\/www.sotrender.com\/blog\/wp-content\/uploads\/2023\/07\/organizacje-ngo-czerwiec-instagram-strajk-kobiet-1536x465.png 1536w\" sizes=\"(max-width: 850px) 100vw, 850px\" \/><p id=\"caption-attachment-48111\" class=\"wp-caption-text\">Profile <a href=\"https:\/\/www.sotrender.com\/trends\/instagram\/poland\/202306\/Organizacje\/org_ngo\" target=\"_blank\" rel=\"noopener\">organizacji NGO<\/a> o najwi\u0119kszej liczbie aktywno\u015bci | czerwiec 2023<\/p><\/div>\n<p><span style=\"font-weight: 400;\">Czerwiec to w ko\u0144cu tak\u017ce Pride Month.\u00a0<\/span><\/p>\n<p><span style=\"font-weight: 400;\">Warszawska Parada R\u00f3wno\u015bci, kt\u00f3ra odby\u0142a si\u0119 17 czerwca, na Instagramie zosta\u0142a nieco przy\u0107miona przez wspomniane wy\u017cej wydarzenia.\u00a0<\/span><\/p>\n<p><span style=\"font-weight: 400;\">Z kolei tre\u015bci publikowane na profilu Grupy Stonewall, kt\u00f3ra organizowa\u0142a Marsz R\u00f3wno\u015bci w Poznaniu zdominowa\u0142y kategori\u0119 <a href=\"https:\/\/www.sotrender.com\/trends\/instagram\/poland\/202306\/Organizacje\/org_edukacja\" target=\"_blank\" rel=\"noopener\">Organizacje | Edukacja<\/a> na Instagramie.\u00a0<\/span><\/p>\n<div id=\"attachment_48113\" style=\"width: 860px\" class=\"wp-caption aligncenter\"><img loading=\"lazy\" decoding=\"async\" aria-describedby=\"caption-attachment-48113\" class=\" wp-image-48113\" src=\"https:\/\/www.sotrender.com\/blog\/wp-content\/uploads\/2023\/07\/instagram-czerwiec-pride-month-grupa-stonewall.png\" alt=\"\" width=\"850\" height=\"424\" srcset=\"https:\/\/www.sotrender.com\/blog\/wp-content\/uploads\/2023\/07\/instagram-czerwiec-pride-month-grupa-stonewall.png 1918w, https:\/\/www.sotrender.com\/blog\/wp-content\/uploads\/2023\/07\/instagram-czerwiec-pride-month-grupa-stonewall-475x237.png 475w, https:\/\/www.sotrender.com\/blog\/wp-content\/uploads\/2023\/07\/instagram-czerwiec-pride-month-grupa-stonewall-768x383.png 768w, https:\/\/www.sotrender.com\/blog\/wp-content\/uploads\/2023\/07\/instagram-czerwiec-pride-month-grupa-stonewall-1536x766.png 1536w\" sizes=\"(max-width: 850px) 100vw, 850px\" \/><p id=\"caption-attachment-48113\" class=\"wp-caption-text\">Najlepsze posty na Instagramie w kategorii <a href=\"https:\/\/www.sotrender.com\/trends\/instagram\/poland\/202306\/Organizacje\/org_edukacja\" target=\"_blank\" rel=\"noopener\">Organizacje | Edukacja<\/a>, czerwiec 2023<\/p><\/div>\n<h2><b>Kolejny triumf Igi \u015awi\u0105tek<\/b><\/h2>\n<p><a href=\"https:\/\/www.sotrender.com\/blog\/pl\/2023\/06\/instagram-trends-maj-2023-w-drodze-po-swoje\/\" target=\"_blank\" rel=\"noopener\"><span style=\"font-weight: 400;\">Drugi miesi\u0105c z rz\u0119du najszybciej rosn\u0105cymi profilami by\u0142y profile sportowc\u00f3w<\/span><\/a><span style=\"font-weight: 400;\"> &#8211; i ponownie by\u0142a to wypadkowa ich sportowych sukces\u00f3w.\u00a0<\/span><\/p>\n<p><span style=\"font-weight: 400;\">Wszystkich nas po raz kolejny zachwyci\u0142a Iga \u015awi\u0105tek &#8211; do tego stopnia, \u017ce na jej profilu przyby\u0142o a\u017c 176 tys. nowych obserwator\u00f3w.\u00a0<\/span><\/p>\n<div id=\"attachment_48115\" style=\"width: 410px\" class=\"wp-caption aligncenter\"><img loading=\"lazy\" decoding=\"async\" aria-describedby=\"caption-attachment-48115\" class=\" wp-image-48115\" src=\"https:\/\/www.sotrender.com\/blog\/wp-content\/uploads\/2023\/07\/czerwiec-najszybciej-rosnace-profile-instagram.png\" alt=\"Najszybciej rosn\u0105ce profile w czerwcu 2023 na Instagramie\" width=\"400\" height=\"394\" srcset=\"https:\/\/www.sotrender.com\/blog\/wp-content\/uploads\/2023\/07\/czerwiec-najszybciej-rosnace-profile-instagram.png 680w, https:\/\/www.sotrender.com\/blog\/wp-content\/uploads\/2023\/07\/czerwiec-najszybciej-rosnace-profile-instagram-475x468.png 475w, https:\/\/www.sotrender.com\/blog\/wp-content\/uploads\/2023\/07\/czerwiec-najszybciej-rosnace-profile-instagram-80x80.png 80w\" sizes=\"(max-width: 400px) 100vw, 400px\" \/><p id=\"caption-attachment-48115\" class=\"wp-caption-text\"><a href=\"https:\/\/www.sotrender.com\/trends\/instagram\/poland\/202306\" target=\"_blank\" rel=\"noopener\">Najszybciej rosn\u0105ce profile w czerwcu 2023<\/a> na Instagramie<\/p><\/div>\n<p><span style=\"font-weight: 400;\">Triumf Polki w finale French Open zwr\u00f3ci\u0142 na ni\u0105 oczy ca\u0142ego \u015bwiata. Pod wzgl\u0119dem \u0142\u0105cznej liczby aktywno\u015bci, w kategorii <a href=\"https:\/\/www.sotrender.com\/trends\/instagram\/poland\/202306\/osoby\/osoby_sport\" target=\"_blank\" rel=\"noopener\">Osoby | Sport<\/a> profil tenisistki by\u0142 w czerwcu numerem dwa &#8211; za niedo\u015bcignionym Robertem Lewandowskim.\u00a0<\/span><\/p>\n<div id=\"attachment_48127\" style=\"width: 861px\" class=\"wp-caption aligncenter\"><img loading=\"lazy\" decoding=\"async\" aria-describedby=\"caption-attachment-48127\" class=\" wp-image-48127\" src=\"https:\/\/www.sotrender.com\/blog\/wp-content\/uploads\/2023\/07\/profile-sportowco\u0301w-o-najwie\u0328kszym-zaangaz\u0307owaniu-instagram-czerwiec.png\" alt=\"\" width=\"851\" height=\"196\" srcset=\"https:\/\/www.sotrender.com\/blog\/wp-content\/uploads\/2023\/07\/profile-sportowco\u0301w-o-najwie\u0328kszym-zaangaz\u0307owaniu-instagram-czerwiec.png 1932w, https:\/\/www.sotrender.com\/blog\/wp-content\/uploads\/2023\/07\/profile-sportowco\u0301w-o-najwie\u0328kszym-zaangaz\u0307owaniu-instagram-czerwiec-475x109.png 475w, https:\/\/www.sotrender.com\/blog\/wp-content\/uploads\/2023\/07\/profile-sportowco\u0301w-o-najwie\u0328kszym-zaangaz\u0307owaniu-instagram-czerwiec-768x176.png 768w, https:\/\/www.sotrender.com\/blog\/wp-content\/uploads\/2023\/07\/profile-sportowco\u0301w-o-najwie\u0328kszym-zaangaz\u0307owaniu-instagram-czerwiec-1536x353.png 1536w\" sizes=\"(max-width: 851px) 100vw, 851px\" \/><p id=\"caption-attachment-48127\" class=\"wp-caption-text\">Profile <a href=\"https:\/\/www.sotrender.com\/trends\/instagram\/poland\/202306\/osoby\/osoby_sport\" target=\"_blank\" rel=\"noopener\">sportowc\u00f3w<\/a> o najwi\u0119kszej liczbie aktywno\u015bci na Instagramie, czerwiec 2023<\/p><\/div>\n<h2><b>Polowanie na Harry\u2019ego<\/b><\/h2>\n<p><span style=\"font-weight: 400;\">W czerwcu du\u017co dzia\u0142o si\u0119 tak\u017ce muzycznie. Tylko ko\u0144c\u00f3wka miesi\u0105ca by\u0142a prawdziwym muzycznym maratonem, m.in. za spraw\u0105 koncertu Beyonce, Open\u2019era, oraz zbli\u017caj\u0105cego si\u0119 koncertu Harry\u2019ego Styles\u2019a.<\/span><\/p>\n<p><span style=\"font-weight: 400;\">Hype na Harry\u2019ego wykorzysta\u0142o RMF FM organizuj\u0105c polowanie na bilety na koncert muzyka. Jak mo\u017cna by\u0142o si\u0119 spodziewa\u0107, konkurs cieszy\u0142 si\u0119 niema\u0142ym zainteresowaniem, a posty na profilu RMF FM totalnie zdominowa\u0142y ca\u0142\u0105 kategori\u0119 <a href=\"https:\/\/www.sotrender.com\/trends\/instagram\/poland\/202306\/media\/media_radio\" target=\"_blank\" rel=\"noopener\">Radio<\/a>.\u00a0<\/span><\/p>\n<div id=\"attachment_48119\" style=\"width: 858px\" class=\"wp-caption aligncenter\"><img loading=\"lazy\" decoding=\"async\" aria-describedby=\"caption-attachment-48119\" class=\" wp-image-48119\" src=\"https:\/\/www.sotrender.com\/blog\/wp-content\/uploads\/2023\/07\/radio-najlepsze-posty-na-instagramie-w-czerwcu.png\" alt=\"radio najlepsze posty na instagramie w czerwcu\" width=\"848\" height=\"423\" srcset=\"https:\/\/www.sotrender.com\/blog\/wp-content\/uploads\/2023\/07\/radio-najlepsze-posty-na-instagramie-w-czerwcu.png 1918w, https:\/\/www.sotrender.com\/blog\/wp-content\/uploads\/2023\/07\/radio-najlepsze-posty-na-instagramie-w-czerwcu-475x237.png 475w, https:\/\/www.sotrender.com\/blog\/wp-content\/uploads\/2023\/07\/radio-najlepsze-posty-na-instagramie-w-czerwcu-768x383.png 768w, https:\/\/www.sotrender.com\/blog\/wp-content\/uploads\/2023\/07\/radio-najlepsze-posty-na-instagramie-w-czerwcu-1536x766.png 1536w\" sizes=\"(max-width: 848px) 100vw, 848px\" \/><p id=\"caption-attachment-48119\" class=\"wp-caption-text\">Najlepsze posty w kategorii <a href=\"https:\/\/www.sotrender.com\/trends\/instagram\/poland\/202306\/media\/media_radio\" target=\"_blank\" rel=\"noopener\">Media | Radio<\/a> na Instagramie, czerwiec 2023<\/p><\/div>\n<h2><b>Instagram Trends czerwiec 2023\u00a0<\/b><\/h2>\n<p><span style=\"font-weight: 400;\">To by by\u0142o na tyle, je\u015bli chodzi o nasze subiektywne podsumowanie czerwca na Instagramie. <\/span><span style=\"font-weight: 400;\">Zach\u0119camy do sprawdzenia pe\u0142nego wydania raportu <a href=\"https:\/\/www.sotrender.com\/trends\/instagram\/poland\/\" target=\"_blank\" rel=\"noopener\">Instagram Trends<\/a>.<\/span><\/p>\n<p>&nbsp;<\/p>\n","protected":false},"excerpt":{"rendered":"<p>Czerwiec by\u0142 miesi\u0105cem, w kt\u00f3rym dzia\u0142o si\u0119 niezwykle du\u017co &#8211; od wydarze\u0144 sportowych i muzycznych, po te zwi\u0105zane z naszymi prawami. Gromadzili\u015bmy si\u0119, by je chroni\u0107 i manifestowa\u0107 swoje warto\u015bci &#8211; zar\u00f3wno w sieci, jak i na ulicach.\u00a0<\/p>\n","protected":false},"author":89,"featured_media":48105,"comment_status":"open","ping_status":"open","sticky":false,"template":"","format":"standard","meta":{"inline_featured_image":false,"footnotes":""},"categories":[1803,2125,2275],"tags":[2073],"yoast_head":"<!-- This site is optimized with the Yoast SEO plugin v22.4 - https:\/\/yoast.com\/wordpress\/plugins\/seo\/ -->\n<title>Instagram Trends czerwiec 2023 - marsz w s\u0142usznej sprawie<\/title>\n<meta name=\"description\" content=\"Czerwiec by\u0142 miesi\u0105cem, w kt\u00f3rym Polacy wielokrotnie gromadzili si\u0119 na marszach, by chroni\u0107 swoich praw i manifestowa\u0107 wyznawane warto\u015bci.\" \/>\n<meta name=\"robots\" content=\"index, follow, max-snippet:-1, max-image-preview:large, max-video-preview:-1\" \/>\n<link rel=\"canonical\" href=\"https:\/\/www.sotrender.com\/blog\/pl\/2023\/07\/instagram-trends-czerwiec-2023-marsz-w-slusznej-sprawie\/\" \/>\n<meta property=\"og:locale\" content=\"pl_PL\" \/>\n<meta property=\"og:type\" content=\"article\" \/>\n<meta property=\"og:title\" content=\"Instagram Trends czerwiec 2023 - marsz w s\u0142usznej sprawie\" \/>\n<meta property=\"og:description\" content=\"Czerwiec by\u0142 miesi\u0105cem, w kt\u00f3rym Polacy wielokrotnie gromadzili si\u0119 na marszach, by chroni\u0107 swoich praw i manifestowa\u0107 wyznawane warto\u015bci.\" \/>\n<meta property=\"og:url\" content=\"https:\/\/www.sotrender.com\/blog\/pl\/2023\/07\/instagram-trends-czerwiec-2023-marsz-w-slusznej-sprawie\/\" \/>\n<meta property=\"og:site_name\" content=\"Sotrender Blog\" \/>\n<meta property=\"article:publisher\" content=\"https:\/\/www.facebook.com\/Sotrender\" \/>\n<meta property=\"article:published_time\" content=\"2023-07-05T12:00:52+00:00\" \/>\n<meta property=\"og:image\" content=\"https:\/\/www.sotrender.com\/blog\/wp-content\/uploads\/2023\/07\/marsz.jpg\" \/>\n\t<meta property=\"og:image:width\" content=\"1200\" \/>\n\t<meta property=\"og:image:height\" content=\"737\" \/>\n\t<meta property=\"og:image:type\" content=\"image\/jpeg\" \/>\n<meta name=\"author\" content=\"Klaudia \u017by\u0142ka\" \/>\n<meta name=\"twitter:card\" content=\"summary_large_image\" \/>\n<meta name=\"twitter:creator\" content=\"@Sotrender\" \/>\n<meta name=\"twitter:site\" content=\"@Sotrender\" \/>\n<meta name=\"twitter:label1\" content=\"Written by\" \/>\n\t<meta name=\"twitter:data1\" content=\"Klaudia \u017by\u0142ka\" \/>\n\t<meta name=\"twitter:label2\" content=\"Est. reading time\" \/>\n\t<meta name=\"twitter:data2\" content=\"3 minutes\" \/>\n<script type=\"application\/ld+json\" class=\"yoast-schema-graph\">{\"@context\":\"https:\/\/schema.org\",\"@graph\":[{\"@type\":\"WebPage\",\"@id\":\"https:\/\/www.sotrender.com\/blog\/pl\/2023\/07\/instagram-trends-czerwiec-2023-marsz-w-slusznej-sprawie\/\",\"url\":\"https:\/\/www.sotrender.com\/blog\/pl\/2023\/07\/instagram-trends-czerwiec-2023-marsz-w-slusznej-sprawie\/\",\"name\":\"Instagram Trends czerwiec 2023 - marsz w s\u0142usznej sprawie\",\"isPartOf\":{\"@id\":\"https:\/\/www.sotrender.com\/blog\/#website\"},\"primaryImageOfPage\":{\"@id\":\"https:\/\/www.sotrender.com\/blog\/pl\/2023\/07\/instagram-trends-czerwiec-2023-marsz-w-slusznej-sprawie\/#primaryimage\"},\"image\":{\"@id\":\"https:\/\/www.sotrender.com\/blog\/pl\/2023\/07\/instagram-trends-czerwiec-2023-marsz-w-slusznej-sprawie\/#primaryimage\"},\"thumbnailUrl\":\"https:\/\/www.sotrender.com\/blog\/wp-content\/uploads\/2023\/07\/marsz.jpg\",\"datePublished\":\"2023-07-05T12:00:52+00:00\",\"dateModified\":\"2023-07-05T12:00:52+00:00\",\"author\":{\"@id\":\"https:\/\/www.sotrender.com\/blog\/#\/schema\/person\/038ac5e276c5d102d8cbb9c36cd43416\"},\"description\":\"Czerwiec by\u0142 miesi\u0105cem, w kt\u00f3rym Polacy wielokrotnie gromadzili si\u0119 na marszach, by chroni\u0107 swoich praw i manifestowa\u0107 wyznawane warto\u015bci.\",\"breadcrumb\":{\"@id\":\"https:\/\/www.sotrender.com\/blog\/pl\/2023\/07\/instagram-trends-czerwiec-2023-marsz-w-slusznej-sprawie\/#breadcrumb\"},\"inLanguage\":\"pl-PL\",\"potentialAction\":[{\"@type\":\"ReadAction\",\"target\":[\"https:\/\/www.sotrender.com\/blog\/pl\/2023\/07\/instagram-trends-czerwiec-2023-marsz-w-slusznej-sprawie\/\"]}]},{\"@type\":\"ImageObject\",\"inLanguage\":\"pl-PL\",\"@id\":\"https:\/\/www.sotrender.com\/blog\/pl\/2023\/07\/instagram-trends-czerwiec-2023-marsz-w-slusznej-sprawie\/#primaryimage\",\"url\":\"https:\/\/www.sotrender.com\/blog\/wp-content\/uploads\/2023\/07\/marsz.jpg\",\"contentUrl\":\"https:\/\/www.sotrender.com\/blog\/wp-content\/uploads\/2023\/07\/marsz.jpg\",\"width\":1200,\"height\":737},{\"@type\":\"BreadcrumbList\",\"@id\":\"https:\/\/www.sotrender.com\/blog\/pl\/2023\/07\/instagram-trends-czerwiec-2023-marsz-w-slusznej-sprawie\/#breadcrumb\",\"itemListElement\":[{\"@type\":\"ListItem\",\"position\":1,\"name\":\"Home\",\"item\":\"https:\/\/www.sotrender.com\/blog\/\"},{\"@type\":\"ListItem\",\"position\":2,\"name\":\"Instagram Trends czerwiec 2023 &#8211; marsz w s\u0142usznej sprawie\"}]},{\"@type\":\"WebSite\",\"@id\":\"https:\/\/www.sotrender.com\/blog\/#website\",\"url\":\"https:\/\/www.sotrender.com\/blog\/\",\"name\":\"Sotrender Blog\",\"description\":\"\",\"potentialAction\":[{\"@type\":\"SearchAction\",\"target\":{\"@type\":\"EntryPoint\",\"urlTemplate\":\"https:\/\/www.sotrender.com\/blog\/?s={search_term_string}\"},\"query-input\":\"required name=search_term_string\"}],\"inLanguage\":\"pl-PL\"},{\"@type\":\"Person\",\"@id\":\"https:\/\/www.sotrender.com\/blog\/#\/schema\/person\/038ac5e276c5d102d8cbb9c36cd43416\",\"name\":\"Klaudia \u017by\u0142ka\",\"image\":{\"@type\":\"ImageObject\",\"inLanguage\":\"pl-PL\",\"@id\":\"https:\/\/www.sotrender.com\/blog\/#\/schema\/person\/image\/\",\"url\":\"https:\/\/secure.gravatar.com\/avatar\/f55d5d49ce3c448e1ffde0ab078d84cd?s=96&d=mm&r=g\",\"contentUrl\":\"https:\/\/secure.gravatar.com\/avatar\/f55d5d49ce3c448e1ffde0ab078d84cd?s=96&d=mm&r=g\",\"caption\":\"Klaudia \u017by\u0142ka\"},\"description\":\"Instagram, dogs, books and food lover. Former student at Warsaw University and Malm\u00f6 University. Improving her marketing skills every day. Proud owner of DIMAQ certificate\",\"sameAs\":[\"https:\/\/www.linkedin.com\/in\/klaudia-\u017cy\u0142ka-17527779\"],\"url\":\"https:\/\/www.sotrender.com\/blog\/pl\/author\/klaudia_yka\/\"}]}<\/script>\n<!-- \/ Yoast SEO plugin. -->","yoast_head_json":{"title":"Instagram Trends czerwiec 2023 - marsz w s\u0142usznej sprawie","description":"Czerwiec by\u0142 miesi\u0105cem, w kt\u00f3rym Polacy wielokrotnie gromadzili si\u0119 na marszach, by chroni\u0107 swoich praw i manifestowa\u0107 wyznawane warto\u015bci.","robots":{"index":"index","follow":"follow","max-snippet":"max-snippet:-1","max-image-preview":"max-image-preview:large","max-video-preview":"max-video-preview:-1"},"canonical":"https:\/\/www.sotrender.com\/blog\/pl\/2023\/07\/instagram-trends-czerwiec-2023-marsz-w-slusznej-sprawie\/","og_locale":"pl_PL","og_type":"article","og_title":"Instagram Trends czerwiec 2023 - marsz w s\u0142usznej sprawie","og_description":"Czerwiec by\u0142 miesi\u0105cem, w kt\u00f3rym Polacy wielokrotnie gromadzili si\u0119 na marszach, by chroni\u0107 swoich praw i manifestowa\u0107 wyznawane warto\u015bci.","og_url":"https:\/\/www.sotrender.com\/blog\/pl\/2023\/07\/instagram-trends-czerwiec-2023-marsz-w-slusznej-sprawie\/","og_site_name":"Sotrender Blog","article_publisher":"https:\/\/www.facebook.com\/Sotrender","article_published_time":"2023-07-05T12:00:52+00:00","og_image":[{"width":1200,"height":737,"url":"https:\/\/www.sotrender.com\/blog\/wp-content\/uploads\/2023\/07\/marsz.jpg","type":"image\/jpeg"}],"author":"Klaudia \u017by\u0142ka","twitter_card":"summary_large_image","twitter_creator":"@Sotrender","twitter_site":"@Sotrender","twitter_misc":{"Written by":"Klaudia \u017by\u0142ka","Est. reading time":"3 minutes"},"schema":{"@context":"https:\/\/schema.org","@graph":[{"@type":"WebPage","@id":"https:\/\/www.sotrender.com\/blog\/pl\/2023\/07\/instagram-trends-czerwiec-2023-marsz-w-slusznej-sprawie\/","url":"https:\/\/www.sotrender.com\/blog\/pl\/2023\/07\/instagram-trends-czerwiec-2023-marsz-w-slusznej-sprawie\/","name":"Instagram Trends czerwiec 2023 - marsz w s\u0142usznej sprawie","isPartOf":{"@id":"https:\/\/www.sotrender.com\/blog\/#website"},"primaryImageOfPage":{"@id":"https:\/\/www.sotrender.com\/blog\/pl\/2023\/07\/instagram-trends-czerwiec-2023-marsz-w-slusznej-sprawie\/#primaryimage"},"image":{"@id":"https:\/\/www.sotrender.com\/blog\/pl\/2023\/07\/instagram-trends-czerwiec-2023-marsz-w-slusznej-sprawie\/#primaryimage"},"thumbnailUrl":"https:\/\/www.sotrender.com\/blog\/wp-content\/uploads\/2023\/07\/marsz.jpg","datePublished":"2023-07-05T12:00:52+00:00","dateModified":"2023-07-05T12:00:52+00:00","author":{"@id":"https:\/\/www.sotrender.com\/blog\/#\/schema\/person\/038ac5e276c5d102d8cbb9c36cd43416"},"description":"Czerwiec by\u0142 miesi\u0105cem, w kt\u00f3rym Polacy wielokrotnie gromadzili si\u0119 na marszach, by chroni\u0107 swoich praw i manifestowa\u0107 wyznawane warto\u015bci.","breadcrumb":{"@id":"https:\/\/www.sotrender.com\/blog\/pl\/2023\/07\/instagram-trends-czerwiec-2023-marsz-w-slusznej-sprawie\/#breadcrumb"},"inLanguage":"pl-PL","potentialAction":[{"@type":"ReadAction","target":["https:\/\/www.sotrender.com\/blog\/pl\/2023\/07\/instagram-trends-czerwiec-2023-marsz-w-slusznej-sprawie\/"]}]},{"@type":"ImageObject","inLanguage":"pl-PL","@id":"https:\/\/www.sotrender.com\/blog\/pl\/2023\/07\/instagram-trends-czerwiec-2023-marsz-w-slusznej-sprawie\/#primaryimage","url":"https:\/\/www.sotrender.com\/blog\/wp-content\/uploads\/2023\/07\/marsz.jpg","contentUrl":"https:\/\/www.sotrender.com\/blog\/wp-content\/uploads\/2023\/07\/marsz.jpg","width":1200,"height":737},{"@type":"BreadcrumbList","@id":"https:\/\/www.sotrender.com\/blog\/pl\/2023\/07\/instagram-trends-czerwiec-2023-marsz-w-slusznej-sprawie\/#breadcrumb","itemListElement":[{"@type":"ListItem","position":1,"name":"Home","item":"https:\/\/www.sotrender.com\/blog\/"},{"@type":"ListItem","position":2,"name":"Instagram Trends czerwiec 2023 &#8211; marsz w s\u0142usznej sprawie"}]},{"@type":"WebSite","@id":"https:\/\/www.sotrender.com\/blog\/#website","url":"https:\/\/www.sotrender.com\/blog\/","name":"Sotrender Blog","description":"","potentialAction":[{"@type":"SearchAction","target":{"@type":"EntryPoint","urlTemplate":"https:\/\/www.sotrender.com\/blog\/?s={search_term_string}"},"query-input":"required name=search_term_string"}],"inLanguage":"pl-PL"},{"@type":"Person","@id":"https:\/\/www.sotrender.com\/blog\/#\/schema\/person\/038ac5e276c5d102d8cbb9c36cd43416","name":"Klaudia \u017by\u0142ka","image":{"@type":"ImageObject","inLanguage":"pl-PL","@id":"https:\/\/www.sotrender.com\/blog\/#\/schema\/person\/image\/","url":"https:\/\/secure.gravatar.com\/avatar\/f55d5d49ce3c448e1ffde0ab078d84cd?s=96&d=mm&r=g","contentUrl":"https:\/\/secure.gravatar.com\/avatar\/f55d5d49ce3c448e1ffde0ab078d84cd?s=96&d=mm&r=g","caption":"Klaudia \u017by\u0142ka"},"description":"Instagram, dogs, books and food lover. Former student at Warsaw University and Malm\u00f6 University. Improving her marketing skills every day. Proud owner of DIMAQ certificate","sameAs":["https:\/\/www.linkedin.com\/in\/klaudia-\u017cy\u0142ka-17527779"],"url":"https:\/\/www.sotrender.com\/blog\/pl\/author\/klaudia_yka\/"}]}},"_links":{"self":[{"href":"https:\/\/www.sotrender.com\/blog\/pl\/wp-json\/wp\/v2\/posts\/48103"}],"collection":[{"href":"https:\/\/www.sotrender.com\/blog\/pl\/wp-json\/wp\/v2\/posts"}],"about":[{"href":"https:\/\/www.sotrender.com\/blog\/pl\/wp-json\/wp\/v2\/types\/post"}],"author":[{"embeddable":true,"href":"https:\/\/www.sotrender.com\/blog\/pl\/wp-json\/wp\/v2\/users\/89"}],"replies":[{"embeddable":true,"href":"https:\/\/www.sotrender.com\/blog\/pl\/wp-json\/wp\/v2\/comments?post=48103"}],"version-history":[{"count":7,"href":"https:\/\/www.sotrender.com\/blog\/pl\/wp-json\/wp\/v2\/posts\/48103\/revisions"}],"predecessor-version":[{"id":48131,"href":"https:\/\/www.sotrender.com\/blog\/pl\/wp-json\/wp\/v2\/posts\/48103\/revisions\/48131"}],"wp:featuredmedia":[{"embeddable":true,"href":"https:\/\/www.sotrender.com\/blog\/pl\/wp-json\/wp\/v2\/media\/48105"}],"wp:attachment":[{"href":"https:\/\/www.sotrender.com\/blog\/pl\/wp-json\/wp\/v2\/media?parent=48103"}],"wp:term":[{"taxonomy":"category","embeddable":true,"href":"https:\/\/www.sotrender.com\/blog\/pl\/wp-json\/wp\/v2\/categories?post=48103"},{"taxonomy":"post_tag","embeddable":true,"href":"https:\/\/www.sotrender.com\/blog\/pl\/wp-json\/wp\/v2\/tags?post=48103"}],"curies":[{"name":"wp","href":"https:\/\/api.w.org\/{rel}","templated":true}]}}