{"id":47961,"date":"2023-06-12T13:37:24","date_gmt":"2023-06-12T11:37:24","guid":{"rendered":"https:\/\/www.sotrender.com\/blog\/?p=47961\/"},"modified":"2023-06-12T13:37:24","modified_gmt":"2023-06-12T11:37:24","slug":"facebook-trends-maj-2023-w-rytmie-biezacych-wydarzen","status":"publish","type":"post","link":"https:\/\/www.sotrender.com\/blog\/pl\/2023\/06\/facebook-trends-maj-2023-w-rytmie-biezacych-wydarzen\/","title":{"rendered":"Facebook Trends maj 2023 &#8211; w rytmie bie\u017c\u0105cych wydarze\u0144"},"content":{"rendered":"<p><span style=\"font-weight: 400;\">Nie jest niczym nowym, \u017ce najbardziej anga\u017cuj\u0105ce tre\u015bci w social media dotycz\u0105 bie\u017c\u0105cych wydarze\u0144. W maju mia\u0142o to bardzo du\u017ce odzwierciedlenie w najbardziej anga\u017cuj\u0105cych postach w wielu kategoriach. Cho\u0107 wiele z nich nie wie\u015bci\u0142o dobrych informacji, uda\u0142o nam si\u0119 wy\u0142apa\u0107 tak\u017ce te bardziej pozytywne i buduj\u0105ce.<\/span><\/p>\n<p><!--more--><\/p>\n<p><span style=\"font-weight: 400;\">Nie przed\u0142u\u017caj\u0105c, zapraszamy na raport <a href=\"https:\/\/www.sotrender.com\/trends\/facebook\/poland\/202305\" target=\"_blank\" rel=\"noopener\">Facebook Trends maj 2023<\/a>.\u00a0<\/span><\/p>\n<h2><strong>Drastyczny spadek wydatk\u00f3w na reklam\u0119<\/strong><\/h2>\n<p><span style=\"font-weight: 400;\">Zacznijmy jednak od przyjrzenia si\u0119 wydatkom reklamowym w ekosystemie Meta, kt\u00f3re w minionym miesi\u0105cu zacz\u0119\u0142y drastycznie spada\u0107. Cho\u0107 ju\u017c <\/span><a href=\"https:\/\/www.sotrender.com\/blog\/pl\/2023\/05\/facebook-trends-kwiecien-2023-szlachetne-gesty-i-wyczekane-powroty\/\" target=\"_blank\" rel=\"noopener\"><span style=\"font-weight: 400;\">miesi\u0105c temu pisali\u015bmy o zmniejszaj\u0105cych si\u0119 bud\u017cetach reklamowych<\/span><\/a><span style=\"font-weight: 400;\">, a co za tym idzie, wydatkach na reklam\u0119, w maju spadek ten by\u0142 ponad dwukrotny.<\/span><\/p>\n<div id=\"attachment_47965\" style=\"width: 813px\" class=\"wp-caption aligncenter\"><img loading=\"lazy\" decoding=\"async\" aria-describedby=\"caption-attachment-47965\" class=\" wp-image-47965\" src=\"https:\/\/www.sotrender.com\/blog\/wp-content\/uploads\/2023\/06\/spend_score_5-2023.png\" alt=\"wydatki na reklam\u0119 na facebooku maj 2023\" width=\"803\" height=\"468\" srcset=\"https:\/\/www.sotrender.com\/blog\/wp-content\/uploads\/2023\/06\/spend_score_5-2023.png 1200w, https:\/\/www.sotrender.com\/blog\/wp-content\/uploads\/2023\/06\/spend_score_5-2023-475x277.png 475w, https:\/\/www.sotrender.com\/blog\/wp-content\/uploads\/2023\/06\/spend_score_5-2023-768x448.png 768w\" sizes=\"(max-width: 803px) 100vw, 803px\" \/><p id=\"caption-attachment-47965\" class=\"wp-caption-text\">Jak czyta\u0107 wykres? Warto\u015b\u0107 100 oznacza najwy\u017csz\u0105 warto\u015b\u0107 wydatk\u00f3w na przestrzeni roku. Warto\u015b\u0107 50 oznacza, \u017ce wysoko\u015b\u0107 wydatk\u00f3w w danym miesi\u0105cu by\u0142a dwukrotnie mniejsza.<\/p><\/div>\n<p><span style=\"font-weight: 400;\">Sytuacja ekonomiczna ewidentnie zmusza firmy do rezygnowania z p\u0142atnych dzia\u0142a\u0144 reklamowych, a w najbli\u017cszych, wakacyjnych, miesi\u0105cach, raczej nie mo\u017cemy spodziewa\u0107 si\u0119 odwr\u00f3cenia tego trendu.\u00a0\u00a0<\/span><\/p>\n<p><span style=\"font-weight: 400;\">Z kolei reklamodawcy, kt\u00f3ry kontynuowali dzia\u0142anie w obszarze kampanii reklamowych, w maju ponosili koszty za CPC i CPM zbli\u017cone do poprzedniego miesi\u0105ca. \u015arednia warto\u015b\u0107 wska\u017anika CPC wynosi\u0142a 82 gr (w kwietniu 83 gr), a CPM &#8211; 6 z\u0142 23 gr (w kwietniu 7 z\u0142 3 gr).<\/span><\/p>\n<h2><strong>Marki w rytmie krejza<\/strong><\/h2>\n<p><span style=\"font-weight: 400;\">Eurowizja oraz wyst\u0119p polskiej reprezentantki podczas konkursu by\u0142, bez wi\u0119kszego zaskoczenia, wydarzeniem, do kt\u00f3rego marki ch\u0119tnie nawi\u0105zywa\u0142y w swojej komunikacji.<\/span><\/p>\n<p><span style=\"font-weight: 400;\">Marketerzy, szczeg\u00f3lnie prowadz\u0105cy brandy z segmentu <a href=\"https:\/\/www.sotrender.com\/trends\/facebook\/poland\/202305\/handel\" target=\"_blank\" rel=\"noopener\">Handel<\/a> i <a href=\"https:\/\/www.sotrender.com\/trends\/facebook\/poland\/202305\/fmcg\" target=\"_blank\" rel=\"noopener\">FMCG<\/a>, ch\u0119tnie wykorzystywali w swoich postach chwytliwy tekst utworu.\u00a0<\/span><\/p>\n<p><span style=\"font-weight: 400;\">Jednymi z bardziej anga\u017cuj\u0105cych post\u00f3w zawieraj\u0105cych odes\u0142ania do hitu Blanki Stajkow by\u0142y posty opublikowane na profilu \u017babki oraz Kauflanda, kt\u00f3re zgromadzi\u0142y odpowiednio 17 tys. i 9 tys. reakcji.\u00a0<\/span><\/p>\n<div id=\"attachment_47967\" style=\"width: 810px\" class=\"wp-caption aligncenter\"><img loading=\"lazy\" decoding=\"async\" aria-describedby=\"caption-attachment-47967\" class=\" wp-image-47967\" src=\"https:\/\/www.sotrender.com\/blog\/wp-content\/uploads\/2023\/06\/bejba-krejza-eurowizja-facebook-posty-.png\" alt=\"bejba krejza eurowizja facebook post \u017cabka\" width=\"800\" height=\"387\" srcset=\"https:\/\/www.sotrender.com\/blog\/wp-content\/uploads\/2023\/06\/bejba-krejza-eurowizja-facebook-posty-.png 1942w, https:\/\/www.sotrender.com\/blog\/wp-content\/uploads\/2023\/06\/bejba-krejza-eurowizja-facebook-posty--475x229.png 475w, https:\/\/www.sotrender.com\/blog\/wp-content\/uploads\/2023\/06\/bejba-krejza-eurowizja-facebook-posty--768x371.png 768w, https:\/\/www.sotrender.com\/blog\/wp-content\/uploads\/2023\/06\/bejba-krejza-eurowizja-facebook-posty--1536x742.png 1536w\" sizes=\"(max-width: 800px) 100vw, 800px\" \/><p id=\"caption-attachment-47967\" class=\"wp-caption-text\">Najlepsze posty w kategorii <a href=\"https:\/\/www.sotrender.com\/trends\/facebook\/poland\/202305\/handel\/markety_sklepy\" target=\"_blank\" rel=\"noopener\">Markety i sklepy sieciowe<\/a> na Facebooku | maj 2023<\/p><\/div>\n<h2><strong>Matka to si\u0142a<\/strong><\/h2>\n<p><span style=\"font-weight: 400;\">Jednym z wa\u017cniejszych majowych \u015bwi\u0105t by\u0142 Dzie\u0144 Matki, kt\u00f3ry marki r\u00f3wnie\u017c ch\u0119tnie wykorzystywa\u0142y w swojej komunikacji.\u00a0<\/span><\/p>\n<p><span style=\"font-weight: 400;\">Na profilu Mamadu opublikowano spot przygotowany w\u0142a\u015bnie z tej okazji. Wyst\u0105pi\u0142y w nim znane influencerki i celebrytki, m.in. Ma\u0142gorzata Rozenek, Roma G\u0105siorowska, Joanna Przetakiewicz, czy Lili Antoniak, w kt\u00f3rym jednocz\u0105 si\u0119 z innymi kobietami-matkami. Celem materia\u0142u by\u0142o podkre\u015blenie, \u017ce wszystkie matki do\u015bwiadczaj\u0105 podobnych trud\u00f3w i emocji.<\/span><\/p>\n<p><span style=\"font-weight: 400;\">Wideo by\u0142o drugim najlepszym postem w kategorii <a href=\"https:\/\/www.sotrender.com\/trends\/facebook\/poland\/202305\/media\/rodzicielstwo_media\" target=\"_blank\" rel=\"noopener\">Media &#8211; Rodzicielstwo<\/a>, a na profilu marki odnotowali\u015bmy przyrost zaanga\u017cowania o 75% w por\u00f3wnaniu do poprzedniego miesi\u0105ca.\u00a0<\/span><\/p>\n<div id=\"attachment_47963\" style=\"width: 810px\" class=\"wp-caption aligncenter\"><img loading=\"lazy\" decoding=\"async\" aria-describedby=\"caption-attachment-47963\" class=\" wp-image-47963\" src=\"https:\/\/www.sotrender.com\/blog\/wp-content\/uploads\/2023\/06\/mamadu-post-facebook-dzien\u0301-matki-.png\" alt=\"mamadu post facebook dzien\u0301 matki rozenek\" width=\"800\" height=\"395\" srcset=\"https:\/\/www.sotrender.com\/blog\/wp-content\/uploads\/2023\/06\/mamadu-post-facebook-dzien\u0301-matki-.png 1930w, https:\/\/www.sotrender.com\/blog\/wp-content\/uploads\/2023\/06\/mamadu-post-facebook-dzien\u0301-matki--475x234.png 475w, https:\/\/www.sotrender.com\/blog\/wp-content\/uploads\/2023\/06\/mamadu-post-facebook-dzien\u0301-matki--768x379.png 768w, https:\/\/www.sotrender.com\/blog\/wp-content\/uploads\/2023\/06\/mamadu-post-facebook-dzien\u0301-matki--1536x758.png 1536w\" sizes=\"(max-width: 800px) 100vw, 800px\" \/><p id=\"caption-attachment-47963\" class=\"wp-caption-text\">Najlepsze posty w kategorii <a href=\"https:\/\/www.sotrender.com\/trends\/facebook\/poland\/202305\/media\/rodzicielstwo_media\" target=\"_blank\" rel=\"noopener\">Media &#8211; Rodzicielstwo<\/a> na Facebooku | maj 2023<\/p><\/div>\n<h2><strong>Facebook Trends maj 2023\u00a0<\/strong><\/h2>\n<p><span style=\"font-weight: 400;\">To wszystko, co przygotowali\u015bmy dla Was w tym miesi\u0105cu. Zach\u0119camy do sprawdzenia pe\u0142nego wydania <a href=\"https:\/\/www.sotrender.com\/trends\/facebook\/poland\" target=\"_blank\" rel=\"noopener\">raportu Facebook Trends<\/a>, a tak\u017ce <\/span><a href=\"https:\/\/www.sotrender.com\/blog\/pl\/2023\/06\/instagram-trends-maj-2023-w-drodze-po-swoje\/\" target=\"_blank\" rel=\"noopener\"><span style=\"font-weight: 400;\">majowego raportu Instagram Trends<\/span><\/a><span style=\"font-weight: 400;\">.\u00a0<\/span><\/p>\n<p>&nbsp;<\/p>\n","protected":false},"excerpt":{"rendered":"<p>Nie jest niczym nowym, \u017ce najbardziej anga\u017cuj\u0105ce tre\u015bci w social media dotycz\u0105 bie\u017c\u0105cych wydarze\u0144. W maju mia\u0142o to bardzo du\u017ce odzwierciedlenie w najbardziej anga\u017cuj\u0105cych postach w wielu kategoriach. Cho\u0107 wiele z nich nie wie\u015bci\u0142o dobrych informacji, uda\u0142o nam si\u0119 wy\u0142apa\u0107 tak\u017ce te bardziej pozytywne i buduj\u0105ce.<\/p>\n","protected":false},"author":89,"featured_media":47969,"comment_status":"open","ping_status":"open","sticky":false,"template":"","format":"standard","meta":{"inline_featured_image":false,"footnotes":""},"categories":[1797,2125],"tags":[2307,3135,3197],"yoast_head":"<!-- This site is optimized with the Yoast SEO plugin v22.4 - https:\/\/yoast.com\/wordpress\/plugins\/seo\/ -->\n<title>Facebook Trends maj 2023 - w rytmie bie\u017c\u0105cych wydarze\u0144<\/title>\n<meta name=\"description\" content=\"Najbardziej anga\u017cuj\u0105ce tre\u015bci w social media dotycz\u0105 bie\u017c\u0105cych wydarze\u0144 - w maju mia\u0142o to odzwierciedlenie w najbardziej anga\u017cuj\u0105cych postach.\" \/>\n<meta name=\"robots\" content=\"index, follow, max-snippet:-1, max-image-preview:large, max-video-preview:-1\" \/>\n<link rel=\"canonical\" href=\"https:\/\/www.sotrender.com\/blog\/pl\/2023\/06\/facebook-trends-maj-2023-w-rytmie-biezacych-wydarzen\/\" \/>\n<meta property=\"og:locale\" content=\"pl_PL\" \/>\n<meta property=\"og:type\" content=\"article\" \/>\n<meta property=\"og:title\" content=\"Facebook Trends maj 2023 - w rytmie bie\u017c\u0105cych wydarze\u0144\" \/>\n<meta property=\"og:description\" content=\"Najbardziej anga\u017cuj\u0105ce tre\u015bci w social media dotycz\u0105 bie\u017c\u0105cych wydarze\u0144 - w maju mia\u0142o to odzwierciedlenie w najbardziej anga\u017cuj\u0105cych postach.\" \/>\n<meta property=\"og:url\" content=\"https:\/\/www.sotrender.com\/blog\/pl\/2023\/06\/facebook-trends-maj-2023-w-rytmie-biezacych-wydarzen\/\" \/>\n<meta property=\"og:site_name\" content=\"Sotrender Blog\" \/>\n<meta property=\"article:publisher\" content=\"https:\/\/www.facebook.com\/Sotrender\" \/>\n<meta property=\"article:published_time\" content=\"2023-06-12T11:37:24+00:00\" \/>\n<meta property=\"og:image\" content=\"https:\/\/www.sotrender.com\/blog\/wp-content\/uploads\/2023\/06\/eurowizja-blanka.jpg\" \/>\n\t<meta property=\"og:image:width\" content=\"1280\" \/>\n\t<meta property=\"og:image:height\" content=\"711\" \/>\n\t<meta property=\"og:image:type\" content=\"image\/jpeg\" \/>\n<meta name=\"author\" content=\"Klaudia \u017by\u0142ka\" \/>\n<meta name=\"twitter:card\" content=\"summary_large_image\" \/>\n<meta name=\"twitter:creator\" content=\"@Sotrender\" \/>\n<meta name=\"twitter:site\" content=\"@Sotrender\" \/>\n<meta name=\"twitter:label1\" content=\"Written by\" \/>\n\t<meta name=\"twitter:data1\" content=\"Klaudia \u017by\u0142ka\" \/>\n\t<meta name=\"twitter:label2\" content=\"Est. reading time\" \/>\n\t<meta name=\"twitter:data2\" content=\"3 minutes\" \/>\n<script type=\"application\/ld+json\" class=\"yoast-schema-graph\">{\"@context\":\"https:\/\/schema.org\",\"@graph\":[{\"@type\":\"WebPage\",\"@id\":\"https:\/\/www.sotrender.com\/blog\/pl\/2023\/06\/facebook-trends-maj-2023-w-rytmie-biezacych-wydarzen\/\",\"url\":\"https:\/\/www.sotrender.com\/blog\/pl\/2023\/06\/facebook-trends-maj-2023-w-rytmie-biezacych-wydarzen\/\",\"name\":\"Facebook Trends maj 2023 - w rytmie bie\u017c\u0105cych wydarze\u0144\",\"isPartOf\":{\"@id\":\"https:\/\/www.sotrender.com\/blog\/#website\"},\"primaryImageOfPage\":{\"@id\":\"https:\/\/www.sotrender.com\/blog\/pl\/2023\/06\/facebook-trends-maj-2023-w-rytmie-biezacych-wydarzen\/#primaryimage\"},\"image\":{\"@id\":\"https:\/\/www.sotrender.com\/blog\/pl\/2023\/06\/facebook-trends-maj-2023-w-rytmie-biezacych-wydarzen\/#primaryimage\"},\"thumbnailUrl\":\"https:\/\/www.sotrender.com\/blog\/wp-content\/uploads\/2023\/06\/eurowizja-blanka.jpg\",\"datePublished\":\"2023-06-12T11:37:24+00:00\",\"dateModified\":\"2023-06-12T11:37:24+00:00\",\"author\":{\"@id\":\"https:\/\/www.sotrender.com\/blog\/#\/schema\/person\/038ac5e276c5d102d8cbb9c36cd43416\"},\"description\":\"Najbardziej anga\u017cuj\u0105ce tre\u015bci w social media dotycz\u0105 bie\u017c\u0105cych wydarze\u0144 - w maju mia\u0142o to odzwierciedlenie w najbardziej anga\u017cuj\u0105cych postach.\",\"breadcrumb\":{\"@id\":\"https:\/\/www.sotrender.com\/blog\/pl\/2023\/06\/facebook-trends-maj-2023-w-rytmie-biezacych-wydarzen\/#breadcrumb\"},\"inLanguage\":\"pl-PL\",\"potentialAction\":[{\"@type\":\"ReadAction\",\"target\":[\"https:\/\/www.sotrender.com\/blog\/pl\/2023\/06\/facebook-trends-maj-2023-w-rytmie-biezacych-wydarzen\/\"]}]},{\"@type\":\"ImageObject\",\"inLanguage\":\"pl-PL\",\"@id\":\"https:\/\/www.sotrender.com\/blog\/pl\/2023\/06\/facebook-trends-maj-2023-w-rytmie-biezacych-wydarzen\/#primaryimage\",\"url\":\"https:\/\/www.sotrender.com\/blog\/wp-content\/uploads\/2023\/06\/eurowizja-blanka.jpg\",\"contentUrl\":\"https:\/\/www.sotrender.com\/blog\/wp-content\/uploads\/2023\/06\/eurowizja-blanka.jpg\",\"width\":1280,\"height\":711},{\"@type\":\"BreadcrumbList\",\"@id\":\"https:\/\/www.sotrender.com\/blog\/pl\/2023\/06\/facebook-trends-maj-2023-w-rytmie-biezacych-wydarzen\/#breadcrumb\",\"itemListElement\":[{\"@type\":\"ListItem\",\"position\":1,\"name\":\"Home\",\"item\":\"https:\/\/www.sotrender.com\/blog\/\"},{\"@type\":\"ListItem\",\"position\":2,\"name\":\"Facebook Trends maj 2023 &#8211; w rytmie bie\u017c\u0105cych wydarze\u0144\"}]},{\"@type\":\"WebSite\",\"@id\":\"https:\/\/www.sotrender.com\/blog\/#website\",\"url\":\"https:\/\/www.sotrender.com\/blog\/\",\"name\":\"Sotrender Blog\",\"description\":\"\",\"potentialAction\":[{\"@type\":\"SearchAction\",\"target\":{\"@type\":\"EntryPoint\",\"urlTemplate\":\"https:\/\/www.sotrender.com\/blog\/?s={search_term_string}\"},\"query-input\":\"required name=search_term_string\"}],\"inLanguage\":\"pl-PL\"},{\"@type\":\"Person\",\"@id\":\"https:\/\/www.sotrender.com\/blog\/#\/schema\/person\/038ac5e276c5d102d8cbb9c36cd43416\",\"name\":\"Klaudia \u017by\u0142ka\",\"image\":{\"@type\":\"ImageObject\",\"inLanguage\":\"pl-PL\",\"@id\":\"https:\/\/www.sotrender.com\/blog\/#\/schema\/person\/image\/\",\"url\":\"https:\/\/secure.gravatar.com\/avatar\/f55d5d49ce3c448e1ffde0ab078d84cd?s=96&d=mm&r=g\",\"contentUrl\":\"https:\/\/secure.gravatar.com\/avatar\/f55d5d49ce3c448e1ffde0ab078d84cd?s=96&d=mm&r=g\",\"caption\":\"Klaudia \u017by\u0142ka\"},\"description\":\"Instagram, dogs, books and food lover. Former student at Warsaw University and Malm\u00f6 University. Improving her marketing skills every day. Proud owner of DIMAQ certificate\",\"sameAs\":[\"https:\/\/www.linkedin.com\/in\/klaudia-\u017cy\u0142ka-17527779\"],\"url\":\"https:\/\/www.sotrender.com\/blog\/pl\/author\/klaudia_yka\/\"}]}<\/script>\n<!-- \/ Yoast SEO plugin. -->","yoast_head_json":{"title":"Facebook Trends maj 2023 - w rytmie bie\u017c\u0105cych wydarze\u0144","description":"Najbardziej anga\u017cuj\u0105ce tre\u015bci w social media dotycz\u0105 bie\u017c\u0105cych wydarze\u0144 - w maju mia\u0142o to odzwierciedlenie w najbardziej anga\u017cuj\u0105cych postach.","robots":{"index":"index","follow":"follow","max-snippet":"max-snippet:-1","max-image-preview":"max-image-preview:large","max-video-preview":"max-video-preview:-1"},"canonical":"https:\/\/www.sotrender.com\/blog\/pl\/2023\/06\/facebook-trends-maj-2023-w-rytmie-biezacych-wydarzen\/","og_locale":"pl_PL","og_type":"article","og_title":"Facebook Trends maj 2023 - w rytmie bie\u017c\u0105cych wydarze\u0144","og_description":"Najbardziej anga\u017cuj\u0105ce tre\u015bci w social media dotycz\u0105 bie\u017c\u0105cych wydarze\u0144 - w maju mia\u0142o to odzwierciedlenie w najbardziej anga\u017cuj\u0105cych postach.","og_url":"https:\/\/www.sotrender.com\/blog\/pl\/2023\/06\/facebook-trends-maj-2023-w-rytmie-biezacych-wydarzen\/","og_site_name":"Sotrender Blog","article_publisher":"https:\/\/www.facebook.com\/Sotrender","article_published_time":"2023-06-12T11:37:24+00:00","og_image":[{"width":1280,"height":711,"url":"https:\/\/www.sotrender.com\/blog\/wp-content\/uploads\/2023\/06\/eurowizja-blanka.jpg","type":"image\/jpeg"}],"author":"Klaudia \u017by\u0142ka","twitter_card":"summary_large_image","twitter_creator":"@Sotrender","twitter_site":"@Sotrender","twitter_misc":{"Written by":"Klaudia \u017by\u0142ka","Est. reading time":"3 minutes"},"schema":{"@context":"https:\/\/schema.org","@graph":[{"@type":"WebPage","@id":"https:\/\/www.sotrender.com\/blog\/pl\/2023\/06\/facebook-trends-maj-2023-w-rytmie-biezacych-wydarzen\/","url":"https:\/\/www.sotrender.com\/blog\/pl\/2023\/06\/facebook-trends-maj-2023-w-rytmie-biezacych-wydarzen\/","name":"Facebook Trends maj 2023 - w rytmie bie\u017c\u0105cych wydarze\u0144","isPartOf":{"@id":"https:\/\/www.sotrender.com\/blog\/#website"},"primaryImageOfPage":{"@id":"https:\/\/www.sotrender.com\/blog\/pl\/2023\/06\/facebook-trends-maj-2023-w-rytmie-biezacych-wydarzen\/#primaryimage"},"image":{"@id":"https:\/\/www.sotrender.com\/blog\/pl\/2023\/06\/facebook-trends-maj-2023-w-rytmie-biezacych-wydarzen\/#primaryimage"},"thumbnailUrl":"https:\/\/www.sotrender.com\/blog\/wp-content\/uploads\/2023\/06\/eurowizja-blanka.jpg","datePublished":"2023-06-12T11:37:24+00:00","dateModified":"2023-06-12T11:37:24+00:00","author":{"@id":"https:\/\/www.sotrender.com\/blog\/#\/schema\/person\/038ac5e276c5d102d8cbb9c36cd43416"},"description":"Najbardziej anga\u017cuj\u0105ce tre\u015bci w social media dotycz\u0105 bie\u017c\u0105cych wydarze\u0144 - w maju mia\u0142o to odzwierciedlenie w najbardziej anga\u017cuj\u0105cych postach.","breadcrumb":{"@id":"https:\/\/www.sotrender.com\/blog\/pl\/2023\/06\/facebook-trends-maj-2023-w-rytmie-biezacych-wydarzen\/#breadcrumb"},"inLanguage":"pl-PL","potentialAction":[{"@type":"ReadAction","target":["https:\/\/www.sotrender.com\/blog\/pl\/2023\/06\/facebook-trends-maj-2023-w-rytmie-biezacych-wydarzen\/"]}]},{"@type":"ImageObject","inLanguage":"pl-PL","@id":"https:\/\/www.sotrender.com\/blog\/pl\/2023\/06\/facebook-trends-maj-2023-w-rytmie-biezacych-wydarzen\/#primaryimage","url":"https:\/\/www.sotrender.com\/blog\/wp-content\/uploads\/2023\/06\/eurowizja-blanka.jpg","contentUrl":"https:\/\/www.sotrender.com\/blog\/wp-content\/uploads\/2023\/06\/eurowizja-blanka.jpg","width":1280,"height":711},{"@type":"BreadcrumbList","@id":"https:\/\/www.sotrender.com\/blog\/pl\/2023\/06\/facebook-trends-maj-2023-w-rytmie-biezacych-wydarzen\/#breadcrumb","itemListElement":[{"@type":"ListItem","position":1,"name":"Home","item":"https:\/\/www.sotrender.com\/blog\/"},{"@type":"ListItem","position":2,"name":"Facebook Trends maj 2023 &#8211; w rytmie bie\u017c\u0105cych wydarze\u0144"}]},{"@type":"WebSite","@id":"https:\/\/www.sotrender.com\/blog\/#website","url":"https:\/\/www.sotrender.com\/blog\/","name":"Sotrender Blog","description":"","potentialAction":[{"@type":"SearchAction","target":{"@type":"EntryPoint","urlTemplate":"https:\/\/www.sotrender.com\/blog\/?s={search_term_string}"},"query-input":"required name=search_term_string"}],"inLanguage":"pl-PL"},{"@type":"Person","@id":"https:\/\/www.sotrender.com\/blog\/#\/schema\/person\/038ac5e276c5d102d8cbb9c36cd43416","name":"Klaudia \u017by\u0142ka","image":{"@type":"ImageObject","inLanguage":"pl-PL","@id":"https:\/\/www.sotrender.com\/blog\/#\/schema\/person\/image\/","url":"https:\/\/secure.gravatar.com\/avatar\/f55d5d49ce3c448e1ffde0ab078d84cd?s=96&d=mm&r=g","contentUrl":"https:\/\/secure.gravatar.com\/avatar\/f55d5d49ce3c448e1ffde0ab078d84cd?s=96&d=mm&r=g","caption":"Klaudia \u017by\u0142ka"},"description":"Instagram, dogs, books and food lover. Former student at Warsaw University and Malm\u00f6 University. Improving her marketing skills every day. Proud owner of DIMAQ certificate","sameAs":["https:\/\/www.linkedin.com\/in\/klaudia-\u017cy\u0142ka-17527779"],"url":"https:\/\/www.sotrender.com\/blog\/pl\/author\/klaudia_yka\/"}]}},"_links":{"self":[{"href":"https:\/\/www.sotrender.com\/blog\/pl\/wp-json\/wp\/v2\/posts\/47961"}],"collection":[{"href":"https:\/\/www.sotrender.com\/blog\/pl\/wp-json\/wp\/v2\/posts"}],"about":[{"href":"https:\/\/www.sotrender.com\/blog\/pl\/wp-json\/wp\/v2\/types\/post"}],"author":[{"embeddable":true,"href":"https:\/\/www.sotrender.com\/blog\/pl\/wp-json\/wp\/v2\/users\/89"}],"replies":[{"embeddable":true,"href":"https:\/\/www.sotrender.com\/blog\/pl\/wp-json\/wp\/v2\/comments?post=47961"}],"version-history":[{"count":2,"href":"https:\/\/www.sotrender.com\/blog\/pl\/wp-json\/wp\/v2\/posts\/47961\/revisions"}],"predecessor-version":[{"id":47973,"href":"https:\/\/www.sotrender.com\/blog\/pl\/wp-json\/wp\/v2\/posts\/47961\/revisions\/47973"}],"wp:featuredmedia":[{"embeddable":true,"href":"https:\/\/www.sotrender.com\/blog\/pl\/wp-json\/wp\/v2\/media\/47969"}],"wp:attachment":[{"href":"https:\/\/www.sotrender.com\/blog\/pl\/wp-json\/wp\/v2\/media?parent=47961"}],"wp:term":[{"taxonomy":"category","embeddable":true,"href":"https:\/\/www.sotrender.com\/blog\/pl\/wp-json\/wp\/v2\/categories?post=47961"},{"taxonomy":"post_tag","embeddable":true,"href":"https:\/\/www.sotrender.com\/blog\/pl\/wp-json\/wp\/v2\/tags?post=47961"}],"curies":[{"name":"wp","href":"https:\/\/api.w.org\/{rel}","templated":true}]}}