{"id":47917,"date":"2023-06-05T10:51:52","date_gmt":"2023-06-05T08:51:52","guid":{"rendered":"https:\/\/www.sotrender.com\/blog\/?p=47917\/"},"modified":"2023-06-05T10:51:52","modified_gmt":"2023-06-05T08:51:52","slug":"instagram-trends-maj-2023-w-drodze-po-swoje","status":"publish","type":"post","link":"https:\/\/www.sotrender.com\/blog\/pl\/2023\/06\/instagram-trends-maj-2023-w-drodze-po-swoje\/","title":{"rendered":"Instagram Trends maj 2023 &#8211; w drodze po swoje"},"content":{"rendered":"<p><span style=\"font-weight: 400;\">Maj by\u0142 miesi\u0105cem, gdy o Polakach by\u0142o naprawd\u0119 g\u0142o\u015bno. Kolejny sukces Roberta Lewandowskiego, wyst\u0119p polskiej reprezentantki w finale Eurowizji, no i oczywi\u015bcie niezwyk\u0142y wyczyn Roberta Karasia by\u0142y wydarzeniami, kt\u00f3re dostarcza\u0142y nam mn\u00f3stwo emocji przez ca\u0142y miesi\u0105c.<\/span><\/p>\n<p><!--more--><\/p>\n<p><span style=\"font-weight: 400;\">Zapraszamy na raport <a href=\"https:\/\/www.sotrender.com\/trends\/instagram\/poland\/202305\" target=\"_blank\" rel=\"noopener\">Instagram Trends maj 2023<\/a>, w kt\u00f3rym odkrywamy szczeg\u00f3\u0142y.<\/span><\/p>\n<h2><strong>Robert Kara\u015b dokonuje niemo\u017cliwego<\/strong><\/h2>\n<p><span style=\"font-weight: 400;\">Podsumowanie maja na Instagramie nie by\u0142oby kompletne bez wspomnienia o Robercie Karasiu i jego sukcesie &#8211; tym bardziej, \u017ce profil sportowca by\u0142 jednym z trzech najszybciej rosn\u0105cych profili w minionym miesi\u0105cu. To wcale nie dziwi, w ko\u0144cu chyba ca\u0142a Polska przygl\u0105da\u0142a si\u0119 zmaganiom triathlonisty.\u00a0<\/span><\/p>\n<div id=\"attachment_47923\" style=\"width: 410px\" class=\"wp-caption aligncenter\"><img loading=\"lazy\" decoding=\"async\" aria-describedby=\"caption-attachment-47923\" class=\" wp-image-47923\" src=\"https:\/\/www.sotrender.com\/blog\/wp-content\/uploads\/2023\/06\/robert-karas-profil-instagram.png\" alt=\"robert karas profil instagram\" width=\"400\" height=\"354\" srcset=\"https:\/\/www.sotrender.com\/blog\/wp-content\/uploads\/2023\/06\/robert-karas-profil-instagram.png 722w, https:\/\/www.sotrender.com\/blog\/wp-content\/uploads\/2023\/06\/robert-karas-profil-instagram-475x420.png 475w\" sizes=\"(max-width: 400px) 100vw, 400px\" \/><p id=\"caption-attachment-47923\" class=\"wp-caption-text\"><a href=\"https:\/\/www.sotrender.com\/trends\/instagram\/poland\/202305\" target=\"_blank\" rel=\"noopener\">Najszybciej rosn\u0105ce profile na Instagramie w maju 2023<\/a><\/p><\/div>\n<p><span style=\"font-weight: 400;\">Przypomnijmy tylko &#8211; w maju Robert Kara\u015b uko\u0144czy\u0142 ultra triathlon na dystansie 10x ironmana, ustanawiaj\u0105c przy tym nowy rekord \u015bwiata.\u00a0\u00a0<\/span><\/p>\n<p><span style=\"font-weight: 400;\">W\u015br\u00f3d wszystkich profili <a href=\"https:\/\/www.sotrender.com\/trends\/instagram\/poland\/202305\/osoby\" target=\"_blank\" rel=\"noopener\">os\u00f3b<\/a> na polskim Instagramie, profil sportowca uplasowa\u0142 si\u0119 na miejscu sz\u00f3stym pod wzgl\u0119dem \u0142\u0105cznej liczby aktywno\u015bci, awansuj\u0105c o 254 pozycje w por\u00f3wnaniu do poprzedniego miesi\u0105ca. <\/span><\/p>\n<p><span style=\"font-weight: 400;\">W kategorii <a href=\"https:\/\/www.sotrender.com\/trends\/instagram\/poland\/202305\/osoby\/osoby_sport\" target=\"_blank\" rel=\"noopener\">Sportowcy<\/a>, znalaz\u0142 si\u0119 na miejscu trzecim w zestawieniu Aktywnych u\u017cytkownik\u00f3w.<\/span><\/p>\n<div id=\"attachment_47929\" style=\"width: 861px\" class=\"wp-caption aligncenter\"><img loading=\"lazy\" decoding=\"async\" aria-describedby=\"caption-attachment-47929\" class=\" wp-image-47929\" src=\"https:\/\/www.sotrender.com\/blog\/wp-content\/uploads\/2023\/06\/robert-karas-zaangazowanie-na-profilu-instagram.png\" alt=\"robert karas zaangazowanie na profilu instagram\" width=\"851\" height=\"302\" srcset=\"https:\/\/www.sotrender.com\/blog\/wp-content\/uploads\/2023\/06\/robert-karas-zaangazowanie-na-profilu-instagram.png 1962w, https:\/\/www.sotrender.com\/blog\/wp-content\/uploads\/2023\/06\/robert-karas-zaangazowanie-na-profilu-instagram-475x169.png 475w, https:\/\/www.sotrender.com\/blog\/wp-content\/uploads\/2023\/06\/robert-karas-zaangazowanie-na-profilu-instagram-768x272.png 768w, https:\/\/www.sotrender.com\/blog\/wp-content\/uploads\/2023\/06\/robert-karas-zaangazowanie-na-profilu-instagram-1536x545.png 1536w\" sizes=\"(max-width: 851px) 100vw, 851px\" \/><p id=\"caption-attachment-47929\" class=\"wp-caption-text\">Profile na Instagramie o najwi\u0119kszej liczbie aktywno\u015bci w kategorii <a href=\"https:\/\/www.sotrender.com\/trends\/instagram\/poland\/202305\/osoby\" target=\"_blank\" rel=\"noopener\">Osoby<\/a> | maj 2023<\/p><\/div>\n<h2><strong>Porywaj\u0105ca relacja z Antarktydy\u00a0<\/strong><\/h2>\n<p><span style=\"font-weight: 400;\">Rzadko zdarza si\u0119, by czyje\u015b posty mog\u0142y konkurowa\u0107 z postami Roberta i Anny Lewandowskich. W maju uda\u0142o si\u0119 to Tomaszowi Kurczabie (<\/span><a href=\"https:\/\/www.instagram.com\/tomaszkurczaba\/\" target=\"_blank\" rel=\"noopener\"><span style=\"font-weight: 400;\">@tomaszkurczaba<\/span><\/a><span style=\"font-weight: 400;\">).\u00a0<\/span><\/p>\n<p><span style=\"font-weight: 400;\">Polski geograf i fotograf opublikowa\u0142 na swoim profilu kilkunastosekundowe wideo zatytu\u0142owane \u201cTypowy dzie\u0144 pracy na Antarktydzie\u201d, w kt\u00f3rym jego kole\u017canka z \u200b\u200b47. Polskiej Wyprawy Antarktycznej pr\u00f3buje zamkn\u0105\u0107 drzwi do bazy.\u00a0<\/span><\/p>\n<p><span style=\"font-weight: 400;\">Wideo, przedstawiaj\u0105ce zmagania niczym z rozp\u0119dzonego poci\u0105gu, zebra\u0142o ponad milion polubie\u0144 i by\u0142o sz\u00f3stym najlepszym postem miesi\u0105ca w kategorii <a href=\"https:\/\/www.sotrender.com\/trends\/instagram\/poland\/202305\/osoby#best_posts\" target=\"_blank\" rel=\"noopener\">Osoby<\/a>, oraz najlepszym postem w kategorii <a href=\"https:\/\/www.sotrender.com\/trends\/instagram\/poland\/202305\/osoby\/osoby_fotografia#best_posts\" target=\"_blank\" rel=\"noopener\">Fotografowie<\/a>.<\/span><\/p>\n<div id=\"attachment_47931\" style=\"width: 860px\" class=\"wp-caption aligncenter\"><img loading=\"lazy\" decoding=\"async\" aria-describedby=\"caption-attachment-47931\" class=\" wp-image-47931\" src=\"https:\/\/www.sotrender.com\/blog\/wp-content\/uploads\/2023\/06\/tomasz-kurczaba-instagram-wyprawa-antarktyczna.png\" alt=\"tomasz kurczaba instagram wyprawa antarktyczna\" width=\"850\" height=\"411\" srcset=\"https:\/\/www.sotrender.com\/blog\/wp-content\/uploads\/2023\/06\/tomasz-kurczaba-instagram-wyprawa-antarktyczna.png 1916w, https:\/\/www.sotrender.com\/blog\/wp-content\/uploads\/2023\/06\/tomasz-kurczaba-instagram-wyprawa-antarktyczna-475x230.png 475w, https:\/\/www.sotrender.com\/blog\/wp-content\/uploads\/2023\/06\/tomasz-kurczaba-instagram-wyprawa-antarktyczna-768x371.png 768w, https:\/\/www.sotrender.com\/blog\/wp-content\/uploads\/2023\/06\/tomasz-kurczaba-instagram-wyprawa-antarktyczna-1536x742.png 1536w\" sizes=\"(max-width: 850px) 100vw, 850px\" \/><p id=\"caption-attachment-47931\" class=\"wp-caption-text\">Najlepsze posty na Instagramie w kategorii <a href=\"https:\/\/www.sotrender.com\/trends\/instagram\/poland\/202305\/osoby\/osoby_fotografia#best_posts\" target=\"_blank\" rel=\"noopener\">Fotografowie<\/a> | maj 2023<\/p><\/div>\n<h2><strong>Przysmaki od Jakuba (z \u017bywca)<\/strong><\/h2>\n<p><span style=\"font-weight: 400;\">Pami\u0119tacie, jak <\/span><a href=\"https:\/\/www.sotrender.com\/blog\/pl\/2023\/05\/instagram-trends-kwiecien-2023-tyle-wygrac\/\" target=\"_blank\" rel=\"noopener\"><span style=\"font-weight: 400;\">miesi\u0105c temu pisali\u015bmy o Jakubie z \u017bywca<\/span><\/a><span style=\"font-weight: 400;\">? \ud83d\ude09<\/span><\/p>\n<p><span style=\"font-weight: 400;\">Tym razem te\u017c b\u0119dzie o Quebo, a dok\u0142adniej o jego marce Miss Ti, kt\u00f3ra robi furor\u0119 na Instagramie. Orze\u017awiaj\u0105ce lody czy s\u0142odkie wega\u0144skie mochi ciesz\u0105 si\u0119 zainteresowaniem zar\u00f3wno na Instagramie jak i na sklepowych p\u00f3\u0142kach.\u00a0<\/span><\/p>\n<p><span style=\"font-weight: 400;\"><a href=\"https:\/\/www.sotrender.com\/trends\/instagram\/poland\/202305\/marki\/marki_jedzenie\" target=\"_blank\" rel=\"noopener\">W kategorii Jedzenie<\/a> profil @hellomissti uplasowa\u0142 si\u0119 na wysokim drugim miejscu pod wzgl\u0119dem \u0142\u0105cznej liczby aktywno\u015bci na profilu.\u00a0<\/span><\/p>\n<div id=\"attachment_47933\" style=\"width: 860px\" class=\"wp-caption aligncenter\"><img loading=\"lazy\" decoding=\"async\" aria-describedby=\"caption-attachment-47933\" class=\" wp-image-47933\" src=\"https:\/\/www.sotrender.com\/blog\/wp-content\/uploads\/2023\/06\/hello-miss-ti-zaangazowanie-instagram.png\" alt=\"hello miss ti zaangazowanie instagram trends maj 2023\" width=\"850\" height=\"256\" srcset=\"https:\/\/www.sotrender.com\/blog\/wp-content\/uploads\/2023\/06\/hello-miss-ti-zaangazowanie-instagram.png 1984w, https:\/\/www.sotrender.com\/blog\/wp-content\/uploads\/2023\/06\/hello-miss-ti-zaangazowanie-instagram-475x143.png 475w, https:\/\/www.sotrender.com\/blog\/wp-content\/uploads\/2023\/06\/hello-miss-ti-zaangazowanie-instagram-768x231.png 768w, https:\/\/www.sotrender.com\/blog\/wp-content\/uploads\/2023\/06\/hello-miss-ti-zaangazowanie-instagram-1536x463.png 1536w\" sizes=\"(max-width: 850px) 100vw, 850px\" \/><p id=\"caption-attachment-47933\" class=\"wp-caption-text\">Profile na Instagramie o najwi\u0119kszej liczbie aktywno\u015bci w kategorii Jedzenie | maj 2023<\/p><\/div>\n<p><span style=\"font-weight: 400;\">Mieli\u015bcie ju\u017c okazj\u0119 spr\u00f3bowa\u0107 produkt\u00f3w Miss Ti? Dajcie zna\u0107, czy faktycznie maj\u0105 one <\/span><i><span style=\"font-weight: 400;\">to co\u015b <\/span><\/i><span style=\"font-weight: 400;\">czy hype na nie to tylko <\/span><i><span style=\"font-weight: 400;\">efekt influencera<\/span><\/i><span style=\"font-weight: 400;\"> stoj\u0105cego za brandem. \ud83d\ude09\u00a0<\/span><\/p>\n<h2><strong>Instagram Trends maj 2023<\/strong><\/h2>\n<p><span style=\"font-weight: 400;\">To ju\u017c wszystko, co przygotowali\u015bmy dla Was w tym miesiacu. Zach\u0119camy do sprawdzenia <a href=\"https:\/\/www.sotrender.com\/trends\/instagram\/poland\/202305\" target=\"_blank\" rel=\"noopener\">pe\u0142nej wersji raportu<\/a>, a za kilka dni zapraszamy na majowy raport Facebook Trends!<\/span><\/p>\n<p>&nbsp;<\/p>\n","protected":false},"excerpt":{"rendered":"<p>Maj by\u0142 miesi\u0105cem, gdy o Polakach by\u0142o naprawd\u0119 g\u0142o\u015bno. Kolejny sukces Roberta Lewandowskiego, wyst\u0119p polskiej reprezentantki w finale Eurowizji, no i oczywi\u015bcie niezwyk\u0142y wyczyn Roberta Karasia by\u0142y wydarzeniami, kt\u00f3re dostarcza\u0142y nam mn\u00f3stwo emocji przez ca\u0142y miesi\u0105c.<\/p>\n","protected":false},"author":89,"featured_media":47919,"comment_status":"open","ping_status":"open","sticky":false,"template":"","format":"standard","meta":{"inline_featured_image":false,"footnotes":""},"categories":[2275,1803,2125],"tags":[],"yoast_head":"<!-- This site is optimized with the Yoast SEO plugin v22.4 - https:\/\/yoast.com\/wordpress\/plugins\/seo\/ -->\n<title>Instagram Trends maj 2023 - w drodze po swoje<\/title>\n<meta name=\"description\" content=\"W maju o Polakach by\u0142o naprawd\u0119 g\u0142o\u015bno. Ich sukcesy, sportowe i muzyczne, dostarcza\u0142y nam mn\u00f3stwa emocji przez ca\u0142y miesi\u0105c.\" \/>\n<meta name=\"robots\" content=\"index, follow, max-snippet:-1, max-image-preview:large, max-video-preview:-1\" \/>\n<link rel=\"canonical\" href=\"https:\/\/www.sotrender.com\/blog\/pl\/2023\/06\/instagram-trends-maj-2023-w-drodze-po-swoje\/\" \/>\n<meta property=\"og:locale\" content=\"pl_PL\" \/>\n<meta property=\"og:type\" content=\"article\" \/>\n<meta property=\"og:title\" content=\"Instagram Trends maj 2023 - w drodze po swoje\" \/>\n<meta property=\"og:description\" content=\"W maju o Polakach by\u0142o naprawd\u0119 g\u0142o\u015bno. Ich sukcesy, sportowe i muzyczne, dostarcza\u0142y nam mn\u00f3stwa emocji przez ca\u0142y miesi\u0105c.\" \/>\n<meta property=\"og:url\" content=\"https:\/\/www.sotrender.com\/blog\/pl\/2023\/06\/instagram-trends-maj-2023-w-drodze-po-swoje\/\" \/>\n<meta property=\"og:site_name\" content=\"Sotrender Blog\" \/>\n<meta property=\"article:publisher\" content=\"https:\/\/www.facebook.com\/Sotrender\" \/>\n<meta property=\"article:published_time\" content=\"2023-06-05T08:51:52+00:00\" \/>\n<meta property=\"og:image\" content=\"https:\/\/www.sotrender.com\/blog\/wp-content\/uploads\/2023\/06\/triathlon.jpg\" \/>\n\t<meta property=\"og:image:width\" content=\"1200\" \/>\n\t<meta property=\"og:image:height\" content=\"712\" \/>\n\t<meta property=\"og:image:type\" content=\"image\/jpeg\" \/>\n<meta name=\"author\" content=\"Klaudia \u017by\u0142ka\" \/>\n<meta name=\"twitter:card\" content=\"summary_large_image\" \/>\n<meta name=\"twitter:creator\" content=\"@Sotrender\" \/>\n<meta name=\"twitter:site\" content=\"@Sotrender\" \/>\n<meta name=\"twitter:label1\" content=\"Written by\" \/>\n\t<meta name=\"twitter:data1\" content=\"Klaudia \u017by\u0142ka\" \/>\n\t<meta name=\"twitter:label2\" content=\"Est. reading time\" \/>\n\t<meta name=\"twitter:data2\" content=\"2 minutes\" \/>\n<script type=\"application\/ld+json\" class=\"yoast-schema-graph\">{\"@context\":\"https:\/\/schema.org\",\"@graph\":[{\"@type\":\"WebPage\",\"@id\":\"https:\/\/www.sotrender.com\/blog\/pl\/2023\/06\/instagram-trends-maj-2023-w-drodze-po-swoje\/\",\"url\":\"https:\/\/www.sotrender.com\/blog\/pl\/2023\/06\/instagram-trends-maj-2023-w-drodze-po-swoje\/\",\"name\":\"Instagram Trends maj 2023 - w drodze po swoje\",\"isPartOf\":{\"@id\":\"https:\/\/www.sotrender.com\/blog\/#website\"},\"primaryImageOfPage\":{\"@id\":\"https:\/\/www.sotrender.com\/blog\/pl\/2023\/06\/instagram-trends-maj-2023-w-drodze-po-swoje\/#primaryimage\"},\"image\":{\"@id\":\"https:\/\/www.sotrender.com\/blog\/pl\/2023\/06\/instagram-trends-maj-2023-w-drodze-po-swoje\/#primaryimage\"},\"thumbnailUrl\":\"https:\/\/www.sotrender.com\/blog\/wp-content\/uploads\/2023\/06\/triathlon.jpg\",\"datePublished\":\"2023-06-05T08:51:52+00:00\",\"dateModified\":\"2023-06-05T08:51:52+00:00\",\"author\":{\"@id\":\"https:\/\/www.sotrender.com\/blog\/#\/schema\/person\/038ac5e276c5d102d8cbb9c36cd43416\"},\"description\":\"W maju o Polakach by\u0142o naprawd\u0119 g\u0142o\u015bno. Ich sukcesy, sportowe i muzyczne, dostarcza\u0142y nam mn\u00f3stwa emocji przez ca\u0142y miesi\u0105c.\",\"breadcrumb\":{\"@id\":\"https:\/\/www.sotrender.com\/blog\/pl\/2023\/06\/instagram-trends-maj-2023-w-drodze-po-swoje\/#breadcrumb\"},\"inLanguage\":\"pl-PL\",\"potentialAction\":[{\"@type\":\"ReadAction\",\"target\":[\"https:\/\/www.sotrender.com\/blog\/pl\/2023\/06\/instagram-trends-maj-2023-w-drodze-po-swoje\/\"]}]},{\"@type\":\"ImageObject\",\"inLanguage\":\"pl-PL\",\"@id\":\"https:\/\/www.sotrender.com\/blog\/pl\/2023\/06\/instagram-trends-maj-2023-w-drodze-po-swoje\/#primaryimage\",\"url\":\"https:\/\/www.sotrender.com\/blog\/wp-content\/uploads\/2023\/06\/triathlon.jpg\",\"contentUrl\":\"https:\/\/www.sotrender.com\/blog\/wp-content\/uploads\/2023\/06\/triathlon.jpg\",\"width\":1200,\"height\":712},{\"@type\":\"BreadcrumbList\",\"@id\":\"https:\/\/www.sotrender.com\/blog\/pl\/2023\/06\/instagram-trends-maj-2023-w-drodze-po-swoje\/#breadcrumb\",\"itemListElement\":[{\"@type\":\"ListItem\",\"position\":1,\"name\":\"Home\",\"item\":\"https:\/\/www.sotrender.com\/blog\/\"},{\"@type\":\"ListItem\",\"position\":2,\"name\":\"Instagram Trends maj 2023 &#8211; w drodze po swoje\"}]},{\"@type\":\"WebSite\",\"@id\":\"https:\/\/www.sotrender.com\/blog\/#website\",\"url\":\"https:\/\/www.sotrender.com\/blog\/\",\"name\":\"Sotrender Blog\",\"description\":\"\",\"potentialAction\":[{\"@type\":\"SearchAction\",\"target\":{\"@type\":\"EntryPoint\",\"urlTemplate\":\"https:\/\/www.sotrender.com\/blog\/?s={search_term_string}\"},\"query-input\":\"required name=search_term_string\"}],\"inLanguage\":\"pl-PL\"},{\"@type\":\"Person\",\"@id\":\"https:\/\/www.sotrender.com\/blog\/#\/schema\/person\/038ac5e276c5d102d8cbb9c36cd43416\",\"name\":\"Klaudia \u017by\u0142ka\",\"image\":{\"@type\":\"ImageObject\",\"inLanguage\":\"pl-PL\",\"@id\":\"https:\/\/www.sotrender.com\/blog\/#\/schema\/person\/image\/\",\"url\":\"https:\/\/secure.gravatar.com\/avatar\/f55d5d49ce3c448e1ffde0ab078d84cd?s=96&d=mm&r=g\",\"contentUrl\":\"https:\/\/secure.gravatar.com\/avatar\/f55d5d49ce3c448e1ffde0ab078d84cd?s=96&d=mm&r=g\",\"caption\":\"Klaudia \u017by\u0142ka\"},\"description\":\"Instagram, dogs, books and food lover. Former student at Warsaw University and Malm\u00f6 University. Improving her marketing skills every day. Proud owner of DIMAQ certificate\",\"sameAs\":[\"https:\/\/www.linkedin.com\/in\/klaudia-\u017cy\u0142ka-17527779\"],\"url\":\"https:\/\/www.sotrender.com\/blog\/pl\/author\/klaudia_yka\/\"}]}<\/script>\n<!-- \/ Yoast SEO plugin. -->","yoast_head_json":{"title":"Instagram Trends maj 2023 - w drodze po swoje","description":"W maju o Polakach by\u0142o naprawd\u0119 g\u0142o\u015bno. Ich sukcesy, sportowe i muzyczne, dostarcza\u0142y nam mn\u00f3stwa emocji przez ca\u0142y miesi\u0105c.","robots":{"index":"index","follow":"follow","max-snippet":"max-snippet:-1","max-image-preview":"max-image-preview:large","max-video-preview":"max-video-preview:-1"},"canonical":"https:\/\/www.sotrender.com\/blog\/pl\/2023\/06\/instagram-trends-maj-2023-w-drodze-po-swoje\/","og_locale":"pl_PL","og_type":"article","og_title":"Instagram Trends maj 2023 - w drodze po swoje","og_description":"W maju o Polakach by\u0142o naprawd\u0119 g\u0142o\u015bno. Ich sukcesy, sportowe i muzyczne, dostarcza\u0142y nam mn\u00f3stwa emocji przez ca\u0142y miesi\u0105c.","og_url":"https:\/\/www.sotrender.com\/blog\/pl\/2023\/06\/instagram-trends-maj-2023-w-drodze-po-swoje\/","og_site_name":"Sotrender Blog","article_publisher":"https:\/\/www.facebook.com\/Sotrender","article_published_time":"2023-06-05T08:51:52+00:00","og_image":[{"width":1200,"height":712,"url":"https:\/\/www.sotrender.com\/blog\/wp-content\/uploads\/2023\/06\/triathlon.jpg","type":"image\/jpeg"}],"author":"Klaudia \u017by\u0142ka","twitter_card":"summary_large_image","twitter_creator":"@Sotrender","twitter_site":"@Sotrender","twitter_misc":{"Written by":"Klaudia \u017by\u0142ka","Est. reading time":"2 minutes"},"schema":{"@context":"https:\/\/schema.org","@graph":[{"@type":"WebPage","@id":"https:\/\/www.sotrender.com\/blog\/pl\/2023\/06\/instagram-trends-maj-2023-w-drodze-po-swoje\/","url":"https:\/\/www.sotrender.com\/blog\/pl\/2023\/06\/instagram-trends-maj-2023-w-drodze-po-swoje\/","name":"Instagram Trends maj 2023 - w drodze po swoje","isPartOf":{"@id":"https:\/\/www.sotrender.com\/blog\/#website"},"primaryImageOfPage":{"@id":"https:\/\/www.sotrender.com\/blog\/pl\/2023\/06\/instagram-trends-maj-2023-w-drodze-po-swoje\/#primaryimage"},"image":{"@id":"https:\/\/www.sotrender.com\/blog\/pl\/2023\/06\/instagram-trends-maj-2023-w-drodze-po-swoje\/#primaryimage"},"thumbnailUrl":"https:\/\/www.sotrender.com\/blog\/wp-content\/uploads\/2023\/06\/triathlon.jpg","datePublished":"2023-06-05T08:51:52+00:00","dateModified":"2023-06-05T08:51:52+00:00","author":{"@id":"https:\/\/www.sotrender.com\/blog\/#\/schema\/person\/038ac5e276c5d102d8cbb9c36cd43416"},"description":"W maju o Polakach by\u0142o naprawd\u0119 g\u0142o\u015bno. Ich sukcesy, sportowe i muzyczne, dostarcza\u0142y nam mn\u00f3stwa emocji przez ca\u0142y miesi\u0105c.","breadcrumb":{"@id":"https:\/\/www.sotrender.com\/blog\/pl\/2023\/06\/instagram-trends-maj-2023-w-drodze-po-swoje\/#breadcrumb"},"inLanguage":"pl-PL","potentialAction":[{"@type":"ReadAction","target":["https:\/\/www.sotrender.com\/blog\/pl\/2023\/06\/instagram-trends-maj-2023-w-drodze-po-swoje\/"]}]},{"@type":"ImageObject","inLanguage":"pl-PL","@id":"https:\/\/www.sotrender.com\/blog\/pl\/2023\/06\/instagram-trends-maj-2023-w-drodze-po-swoje\/#primaryimage","url":"https:\/\/www.sotrender.com\/blog\/wp-content\/uploads\/2023\/06\/triathlon.jpg","contentUrl":"https:\/\/www.sotrender.com\/blog\/wp-content\/uploads\/2023\/06\/triathlon.jpg","width":1200,"height":712},{"@type":"BreadcrumbList","@id":"https:\/\/www.sotrender.com\/blog\/pl\/2023\/06\/instagram-trends-maj-2023-w-drodze-po-swoje\/#breadcrumb","itemListElement":[{"@type":"ListItem","position":1,"name":"Home","item":"https:\/\/www.sotrender.com\/blog\/"},{"@type":"ListItem","position":2,"name":"Instagram Trends maj 2023 &#8211; w drodze po swoje"}]},{"@type":"WebSite","@id":"https:\/\/www.sotrender.com\/blog\/#website","url":"https:\/\/www.sotrender.com\/blog\/","name":"Sotrender Blog","description":"","potentialAction":[{"@type":"SearchAction","target":{"@type":"EntryPoint","urlTemplate":"https:\/\/www.sotrender.com\/blog\/?s={search_term_string}"},"query-input":"required name=search_term_string"}],"inLanguage":"pl-PL"},{"@type":"Person","@id":"https:\/\/www.sotrender.com\/blog\/#\/schema\/person\/038ac5e276c5d102d8cbb9c36cd43416","name":"Klaudia \u017by\u0142ka","image":{"@type":"ImageObject","inLanguage":"pl-PL","@id":"https:\/\/www.sotrender.com\/blog\/#\/schema\/person\/image\/","url":"https:\/\/secure.gravatar.com\/avatar\/f55d5d49ce3c448e1ffde0ab078d84cd?s=96&d=mm&r=g","contentUrl":"https:\/\/secure.gravatar.com\/avatar\/f55d5d49ce3c448e1ffde0ab078d84cd?s=96&d=mm&r=g","caption":"Klaudia \u017by\u0142ka"},"description":"Instagram, dogs, books and food lover. Former student at Warsaw University and Malm\u00f6 University. Improving her marketing skills every day. Proud owner of DIMAQ certificate","sameAs":["https:\/\/www.linkedin.com\/in\/klaudia-\u017cy\u0142ka-17527779"],"url":"https:\/\/www.sotrender.com\/blog\/pl\/author\/klaudia_yka\/"}]}},"_links":{"self":[{"href":"https:\/\/www.sotrender.com\/blog\/pl\/wp-json\/wp\/v2\/posts\/47917"}],"collection":[{"href":"https:\/\/www.sotrender.com\/blog\/pl\/wp-json\/wp\/v2\/posts"}],"about":[{"href":"https:\/\/www.sotrender.com\/blog\/pl\/wp-json\/wp\/v2\/types\/post"}],"author":[{"embeddable":true,"href":"https:\/\/www.sotrender.com\/blog\/pl\/wp-json\/wp\/v2\/users\/89"}],"replies":[{"embeddable":true,"href":"https:\/\/www.sotrender.com\/blog\/pl\/wp-json\/wp\/v2\/comments?post=47917"}],"version-history":[{"count":15,"href":"https:\/\/www.sotrender.com\/blog\/pl\/wp-json\/wp\/v2\/posts\/47917\/revisions"}],"predecessor-version":[{"id":47957,"href":"https:\/\/www.sotrender.com\/blog\/pl\/wp-json\/wp\/v2\/posts\/47917\/revisions\/47957"}],"wp:featuredmedia":[{"embeddable":true,"href":"https:\/\/www.sotrender.com\/blog\/pl\/wp-json\/wp\/v2\/media\/47919"}],"wp:attachment":[{"href":"https:\/\/www.sotrender.com\/blog\/pl\/wp-json\/wp\/v2\/media?parent=47917"}],"wp:term":[{"taxonomy":"category","embeddable":true,"href":"https:\/\/www.sotrender.com\/blog\/pl\/wp-json\/wp\/v2\/categories?post=47917"},{"taxonomy":"post_tag","embeddable":true,"href":"https:\/\/www.sotrender.com\/blog\/pl\/wp-json\/wp\/v2\/tags?post=47917"}],"curies":[{"name":"wp","href":"https:\/\/api.w.org\/{rel}","templated":true}]}}