{"id":47741,"date":"2023-05-15T12:24:32","date_gmt":"2023-05-15T10:24:32","guid":{"rendered":"https:\/\/www.sotrender.com\/blog\/?p=47741\/"},"modified":"2023-06-02T10:44:59","modified_gmt":"2023-06-02T08:44:59","slug":"facebook-trends-kwiecien-2023-szlachetne-gesty-i-wyczekane-powroty","status":"publish","type":"post","link":"https:\/\/www.sotrender.com\/blog\/pl\/2023\/05\/facebook-trends-kwiecien-2023-szlachetne-gesty-i-wyczekane-powroty\/","title":{"rendered":"Facebook Trends kwiecie\u0144 2023 &#8211; szlachetne gesty i wyczekane powroty"},"content":{"rendered":"<p><span style=\"font-weight: 400;\">Czasem nie trzeba by\u0107 zwyci\u0119zc\u0105, by m\u00f3wi\u0142 i pami\u0119ta\u0142 o tobie \u015bwiat sportu. Postawa i uczciwa rywalizacja niekiedy wystarcz\u0105, by zosta\u0107 docenionym w najwa\u017cniejszym momencie sezonu.<\/span><\/p>\n<p><!--more--><\/p>\n<p><span style=\"font-weight: 400;\">Ciekawi o czym mowa? Dowiecie si\u0119 z kwietniowego raportu <a href=\"https:\/\/www.sotrender.com\/trends\/facebook\/poland\/202304\" target=\"_blank\" rel=\"noopener\">Facebook Trends<\/a>. \ud83d\ude09<\/span><\/p>\n<h2><strong>Spadek wydatk\u00f3w na reklam\u0119 w odpowiedzi na sytuacj\u0119 ekonomiczn\u0105<\/strong><\/h2>\n<p><span style=\"font-weight: 400;\">Od ponad roku obserwowa\u0107 mo\u017cemy regularnie zmniejszaj\u0105ce si\u0119 wydatki ponoszone przez reklamodawc\u00f3w na reklam\u0119 w ekosystemie Meta. Jeszcze bardziej drastyczny ich spadek odnotowujemy od pocz\u0105tku tego roku.<\/span><\/p>\n<p><span style=\"font-weight: 400;\">Podczas gdy ceny reklam utrzymuj\u0105 si\u0119 na wzgl\u0119dnie sta\u0142ym poziomie*, marki przeznaczaj\u0105 znacznie ni\u017csze bud\u017cety na dzia\u0142ania reklamowe i z wi\u0119ksz\u0105 uwa\u017cno\u015bci\u0105 i ostro\u017cno\u015bci\u0105 podchodz\u0105 do ich planowania oraz realizacji.\u00a0<\/span><\/p>\n<p><i><span style=\"font-weight: 400;\">* W kwietniu \u015bredni CPC wyni\u00f3s\u0142 83 gr (w marcu 78 gr), a \u015bredni CPM &#8211; 7.03 z\u0142 (<a href=\"https:\/\/www.sotrender.com\/blog\/pl\/2023\/04\/facebook-trends-marzec-2023-obsluga-klienta-w-odswiezonej-formie\/\" target=\"_blank\" rel=\"noopener\">w marcu 7.01 z\u0142<\/a>).<\/span><\/i><\/p>\n<div id=\"attachment_47749\" style=\"width: 811px\" class=\"wp-caption aligncenter\"><img loading=\"lazy\" decoding=\"async\" aria-describedby=\"caption-attachment-47749\" class=\"wp-image-47749\" src=\"https:\/\/www.sotrender.com\/blog\/wp-content\/uploads\/2023\/05\/spend_score-meta-kwiecien\u0301-2023.png\" alt=\"warto\u015b\u0107 wydatk\u00f3w q1 reklama facebook meta\" width=\"801\" height=\"467\" srcset=\"https:\/\/www.sotrender.com\/blog\/wp-content\/uploads\/2023\/05\/spend_score-meta-kwiecien\u0301-2023.png 1200w, https:\/\/www.sotrender.com\/blog\/wp-content\/uploads\/2023\/05\/spend_score-meta-kwiecien\u0301-2023-475x277.png 475w, https:\/\/www.sotrender.com\/blog\/wp-content\/uploads\/2023\/05\/spend_score-meta-kwiecien\u0301-2023-768x448.png 768w\" sizes=\"(max-width: 801px) 100vw, 801px\" \/><p id=\"caption-attachment-47749\" class=\"wp-caption-text\">Jak czyta\u0107 wykres? Warto\u015b\u0107 100 oznacza najwy\u017csz\u0105 warto\u015b\u0107 wydatk\u00f3w na przestrzeni roku. Warto\u015b\u0107 50 oznacza, \u017ce wysoko\u015b\u0107 wydatk\u00f3w w danym miesi\u0105cu by\u0142a dwukrotnie mniejsza.<\/p><\/div>\n<p><span style=\"font-weight: 400;\">Najprawdopodobniej trend ten utrzyma si\u0119 przez kilka nast\u0119pnych miesi\u0119cy, tym bardziej, \u017ce przez nami miesi\u0105ce wakacyjne, podczas kt\u00f3rych wi\u0119kszo\u015b\u0107 marek jest zazwyczaj mniej aktywna reklamowo.\u00a0<\/span><\/p>\n<h2><strong>Kobiety maj\u0105 \u0142atwiej<\/strong><\/h2>\n<p><span style=\"font-weight: 400;\">Filmik o takim w\u0142a\u015bnie przewrotnym tytule rozszed\u0142 si\u0119 viralowo po Facebooku i Instagramie w minionym miesi\u0105cu. Za jego powstaniem stoi Ilona Kostecka, blogerka parentingowa, znana jako Mum and the city.\u00a0<\/span><\/p>\n<p><span style=\"font-weight: 400;\">Blogerka w ironiczny spos\u00f3b por\u00f3wnuje sytuacje i role spo\u0142eczne, w jakich znajduj\u0105 si\u0119 kobiety i m\u0119\u017cczy\u017ani, przekonuj\u0105c przy tym, jak kobiety maj\u0105 w \u017cyciu \u0142atwo.\u00a0<\/span><\/p>\n<p><span style=\"font-weight: 400;\">Wideo by\u0142o trzecim najlepszym postem w ca\u0142ej kategorii <a href=\"https:\/\/www.sotrender.com\/trends\/facebook\/poland\/202304\/blogi_vlogi\/\" target=\"_blank\" rel=\"noopener\">Blogi i vlogi<\/a> oraz najlepszym postem w kategorii <a href=\"https:\/\/www.sotrender.com\/trends\/facebook\/poland\/202304\/blogi_vlogi\/blogi\/blogi_parentigowe\" target=\"_blank\" rel=\"noopener\">blogi parentingowe<\/a>. Na Facebooku zdoby\u0142o imponuj\u0105c\u0105 liczb\u0119 ponad 25 tys. reakcji i ponad 6 tys. udost\u0119pnie\u0144.<\/span><\/p>\n<div id=\"attachment_47751\" style=\"width: 812px\" class=\"wp-caption aligncenter\"><img loading=\"lazy\" decoding=\"async\" aria-describedby=\"caption-attachment-47751\" class=\" wp-image-47751\" src=\"https:\/\/www.sotrender.com\/blog\/wp-content\/uploads\/2023\/05\/kobiety-maja-latwiej-facebook-kwiecien\u0301-2023.png\" alt=\"kobiety maja \u0142atwiej wideo facebook kwiecien\u0301 2023\" width=\"802\" height=\"385\" srcset=\"https:\/\/www.sotrender.com\/blog\/wp-content\/uploads\/2023\/05\/kobiety-maja-latwiej-facebook-kwiecien\u0301-2023.png 1942w, https:\/\/www.sotrender.com\/blog\/wp-content\/uploads\/2023\/05\/kobiety-maja-latwiej-facebook-kwiecien\u0301-2023-475x228.png 475w, https:\/\/www.sotrender.com\/blog\/wp-content\/uploads\/2023\/05\/kobiety-maja-latwiej-facebook-kwiecien\u0301-2023-768x369.png 768w, https:\/\/www.sotrender.com\/blog\/wp-content\/uploads\/2023\/05\/kobiety-maja-latwiej-facebook-kwiecien\u0301-2023-1536x737.png 1536w\" sizes=\"(max-width: 802px) 100vw, 802px\" \/><p id=\"caption-attachment-47751\" class=\"wp-caption-text\">Najlepsze posty w kategorii <a href=\"https:\/\/www.sotrender.com\/trends\/facebook\/poland\/202304\/blogi_vlogi\/blogi\/blogi_parentigowe\" target=\"_blank\" rel=\"noopener\">Blogi parentingowe<\/a> w kwietniu 2023 na Facebooku<\/p><\/div>\n<h2><strong>Sportowy gest roku<\/strong><\/h2>\n<p><span style=\"font-weight: 400;\">Na pocz\u0105tku kwietnia \u015bwiat sportu oraz polskie media zachwyci\u0142y si\u0119 gestem s\u0142owe\u0144skiego skoczka narciarskiego Anze Laniska.\u00a0<\/span><\/p>\n<p><span style=\"font-weight: 400;\">Przypomnijmy, \u017ce Dawid Kubacki by\u0142 niemal pewniakiem do stani\u0119cia na podium tegorocznego Pucharu \u015awiata. Niestety, w zwi\u0105zku z chorob\u0105 \u017cony musia\u0142 zrezygnowa\u0107 z uczestnictwa w kilku ostatnich zawodach tegorocznego turnieju, i zako\u0144czy\u0142 go na miejscu czwartym.\u00a0<\/span><\/p>\n<p><span style=\"font-weight: 400;\">Anze Lanise postanowi\u0142 doceni\u0107 swojego rywala, z kt\u00f3rym konkurowa\u0142 przez niemal ca\u0142y sezon. Zrobi\u0142 to zabieraj\u0105c ze sob\u0105 tekturow\u0105 podobizn\u0119 Dawida Kubackiego podczas stawania na najni\u017cszym stopniu podium. Ten wzruszaj\u0105cy i niecodzienny gest doceni\u0142 nie tylko Dawid, ale tak\u017ce kibice i przedstawiciele medi\u00f3w.\u00a0<\/span><\/p>\n<p><span style=\"font-weight: 400;\">Doskonale wida\u0107 to analizuj\u0105c najlepsze posty kwietnia w kategorii <a href=\"https:\/\/www.sotrender.com\/trends\/facebook\/poland\/202304\/media\/sport_media\" target=\"_blank\" rel=\"noopener\">Media sportowe<\/a>.\u00a0<\/span><\/p>\n<div id=\"attachment_47753\" style=\"width: 810px\" class=\"wp-caption aligncenter\"><img loading=\"lazy\" decoding=\"async\" aria-describedby=\"caption-attachment-47753\" class=\" wp-image-47753\" src=\"https:\/\/www.sotrender.com\/blog\/wp-content\/uploads\/2023\/05\/anze-lanisek-dawid-kubacki-puchar-swiata-.png\" alt=\"anze lanisek dawid kubacki puchar swiata\" width=\"800\" height=\"696\" srcset=\"https:\/\/www.sotrender.com\/blog\/wp-content\/uploads\/2023\/05\/anze-lanisek-dawid-kubacki-puchar-swiata-.png 1556w, https:\/\/www.sotrender.com\/blog\/wp-content\/uploads\/2023\/05\/anze-lanisek-dawid-kubacki-puchar-swiata--475x413.png 475w, https:\/\/www.sotrender.com\/blog\/wp-content\/uploads\/2023\/05\/anze-lanisek-dawid-kubacki-puchar-swiata--768x668.png 768w, https:\/\/www.sotrender.com\/blog\/wp-content\/uploads\/2023\/05\/anze-lanisek-dawid-kubacki-puchar-swiata--1536x1337.png 1536w\" sizes=\"(max-width: 800px) 100vw, 800px\" \/><p id=\"caption-attachment-47753\" class=\"wp-caption-text\">Najlepsze posty w kategorii <a href=\"https:\/\/www.sotrender.com\/trends\/facebook\/poland\/202304\/media\/sport_media\" target=\"_blank\" rel=\"noopener\">Media sportowe<\/a> w kwietniu 2023 na Facebooku<\/p><\/div>\n<h2><strong>Dawid Kwiatkowski i jego paryski singiel<\/strong><\/h2>\n<p><span style=\"font-weight: 400;\">W kwietniu mia\u0142a r\u00f3wnie\u017c miejsce premiera nowego singla, oraz teledysku, Dawida Kwiatkowskiego \u201eCaf\u00e9 de Paris\u201d.<\/span><\/p>\n<p><span style=\"font-weight: 400;\">Powr\u00f3t Dawida na Facebooka po okresie znacznie mniejszej aktywno\u015bci, oraz entuzjastyczne przyj\u0119cie jego nowego materia\u0142u przez fan\u00f3w, zaowocowa\u0142o tak\u017ce powrotem artysty do naszych ranking\u00f3w.\u00a0<\/span><\/p>\n<p><span style=\"font-weight: 400;\">W kategorii <a href=\"https:\/\/www.sotrender.com\/trends\/facebook\/poland\/202304\/osoby\/muzycy_zespoly\" target=\"_blank\" rel=\"noopener\">Muzycy i zespo\u0142y<\/a>, profil Dawida awansowa\u0142 o 30 pozycji w zestawieniu Zaanga\u017cowanie (z przyrostem na poziomie 800%) oraz o 52 pozycje pod k\u0105tem \u0142\u0105cznej liczby aktywno\u015bci na profilu.\u00a0<\/span><\/p>\n<div id=\"attachment_47755\" style=\"width: 812px\" class=\"wp-caption aligncenter\"><img loading=\"lazy\" decoding=\"async\" aria-describedby=\"caption-attachment-47755\" class=\" wp-image-47755\" src=\"https:\/\/www.sotrender.com\/blog\/wp-content\/uploads\/2023\/05\/dawid-kwiatkowski-facebook-nowy-teledysk-cafe-in-paris.png\" alt=\"dawid kwiatkowski facebook nowy teledysk cafe in paris\" width=\"802\" height=\"210\" srcset=\"https:\/\/www.sotrender.com\/blog\/wp-content\/uploads\/2023\/05\/dawid-kwiatkowski-facebook-nowy-teledysk-cafe-in-paris.png 1970w, https:\/\/www.sotrender.com\/blog\/wp-content\/uploads\/2023\/05\/dawid-kwiatkowski-facebook-nowy-teledysk-cafe-in-paris-475x124.png 475w, https:\/\/www.sotrender.com\/blog\/wp-content\/uploads\/2023\/05\/dawid-kwiatkowski-facebook-nowy-teledysk-cafe-in-paris-768x201.png 768w, https:\/\/www.sotrender.com\/blog\/wp-content\/uploads\/2023\/05\/dawid-kwiatkowski-facebook-nowy-teledysk-cafe-in-paris-1536x402.png 1536w\" sizes=\"(max-width: 802px) 100vw, 802px\" \/><p id=\"caption-attachment-47755\" class=\"wp-caption-text\">Profile na Facebooku o najwi\u0119kszej liczbie aktywno\u015bci w kategorii <a href=\"https:\/\/www.sotrender.com\/trends\/facebook\/poland\/202304\/osoby\/muzycy_zespoly\" target=\"_blank\" rel=\"noopener\">Muzycy i zespo\u0142y<\/a> | kwiecie\u0144 2023<\/p><\/div>\n<p><span style=\"font-weight: 400;\">To chyba jasny sygna\u0142, \u017ce fani muzyka chc\u0105 by\u0107 na bie\u017c\u0105co z efektami jego pracy i tym, co dzieje si\u0119 w jego \u017cyciu.<\/span><\/p>\n<h2><strong>Facebook Trends kwiecie\u0144 2023<\/strong><\/h2>\n<p><span style=\"font-weight: 400;\">To wszystko, co przygotowali\u015bmy dla Was w tym miesi\u0105cu. Zach\u0119camy do sprawdzenia <a href=\"https:\/\/www.sotrender.com\/trends\/facebook\/poland\/202304\" target=\"_blank\" rel=\"noopener\">pe\u0142nej wersji raportu<\/a>, a tak\u017ce <\/span><a href=\"https:\/\/www.sotrender.com\/blog\/pl\/2023\/05\/instagram-trends-kwiecien-2023-tyle-wygrac\/\" target=\"_blank\" rel=\"noopener\"><span style=\"font-weight: 400;\">kwietniowego wydania raportu Instagram Trends<\/span><\/a><span style=\"font-weight: 400;\">.\u00a0<\/span><\/p>\n<p>&nbsp;<\/p>\n","protected":false},"excerpt":{"rendered":"<p>Czasem nie trzeba by\u0107 zwyci\u0119zc\u0105, by m\u00f3wi\u0142 i pami\u0119ta\u0142 o tobie \u015bwiat sportu. Postawa i uczciwa rywalizacja niekiedy wystarcz\u0105, by zosta\u0107 docenionym w najwa\u017cniejszym momencie sezonu.<\/p>\n","protected":false},"author":89,"featured_media":47747,"comment_status":"open","ping_status":"open","sticky":false,"template":"","format":"standard","meta":{"inline_featured_image":false,"footnotes":""},"categories":[1797],"tags":[1551,2057,2785],"yoast_head":"<!-- This site is optimized with the Yoast SEO plugin v22.4 - https:\/\/yoast.com\/wordpress\/plugins\/seo\/ -->\n<title>Facebook Trends kwiecie\u0144 2023 - szlachetne gesty i wyczekane powroty<\/title>\n<meta name=\"description\" content=\"Czasem nie trzeba by\u0107 zwyci\u0119zc\u0105, by m\u00f3wi\u0142 i pami\u0119ta\u0142 o tobie \u015bwiat sportu. Sk\u0105d taki wniosek dowiecie si\u0119 z kwietniowego raportu Facebook Trends.\" \/>\n<meta name=\"robots\" content=\"index, follow, max-snippet:-1, max-image-preview:large, max-video-preview:-1\" \/>\n<link rel=\"canonical\" href=\"https:\/\/www.sotrender.com\/blog\/pl\/2023\/05\/facebook-trends-kwiecien-2023-szlachetne-gesty-i-wyczekane-powroty\/\" \/>\n<meta property=\"og:locale\" content=\"pl_PL\" \/>\n<meta property=\"og:type\" content=\"article\" \/>\n<meta property=\"og:title\" content=\"Facebook Trends kwiecie\u0144 2023 - szlachetne gesty i wyczekane powroty\" \/>\n<meta property=\"og:description\" content=\"Czasem nie trzeba by\u0107 zwyci\u0119zc\u0105, by m\u00f3wi\u0142 i pami\u0119ta\u0142 o tobie \u015bwiat sportu. Sk\u0105d taki wniosek dowiecie si\u0119 z kwietniowego raportu Facebook Trends.\" \/>\n<meta property=\"og:url\" content=\"https:\/\/www.sotrender.com\/blog\/pl\/2023\/05\/facebook-trends-kwiecien-2023-szlachetne-gesty-i-wyczekane-powroty\/\" \/>\n<meta property=\"og:site_name\" content=\"Sotrender Blog\" \/>\n<meta property=\"article:publisher\" content=\"https:\/\/www.facebook.com\/Sotrender\" \/>\n<meta property=\"article:published_time\" content=\"2023-05-15T10:24:32+00:00\" \/>\n<meta property=\"article:modified_time\" content=\"2023-06-02T08:44:59+00:00\" \/>\n<meta property=\"og:image\" content=\"https:\/\/www.sotrender.com\/blog\/wp-content\/uploads\/2023\/05\/high-five.jpg\" \/>\n\t<meta property=\"og:image:width\" content=\"1280\" \/>\n\t<meta property=\"og:image:height\" content=\"733\" \/>\n\t<meta property=\"og:image:type\" content=\"image\/jpeg\" \/>\n<meta name=\"author\" content=\"Klaudia \u017by\u0142ka\" \/>\n<meta name=\"twitter:card\" content=\"summary_large_image\" \/>\n<meta name=\"twitter:creator\" content=\"@Sotrender\" \/>\n<meta name=\"twitter:site\" content=\"@Sotrender\" \/>\n<meta name=\"twitter:label1\" content=\"Written by\" \/>\n\t<meta name=\"twitter:data1\" content=\"Klaudia \u017by\u0142ka\" \/>\n\t<meta name=\"twitter:label2\" content=\"Est. reading time\" \/>\n\t<meta name=\"twitter:data2\" content=\"3 minutes\" \/>\n<script type=\"application\/ld+json\" class=\"yoast-schema-graph\">{\"@context\":\"https:\/\/schema.org\",\"@graph\":[{\"@type\":\"WebPage\",\"@id\":\"https:\/\/www.sotrender.com\/blog\/pl\/2023\/05\/facebook-trends-kwiecien-2023-szlachetne-gesty-i-wyczekane-powroty\/\",\"url\":\"https:\/\/www.sotrender.com\/blog\/pl\/2023\/05\/facebook-trends-kwiecien-2023-szlachetne-gesty-i-wyczekane-powroty\/\",\"name\":\"Facebook Trends kwiecie\u0144 2023 - szlachetne gesty i wyczekane powroty\",\"isPartOf\":{\"@id\":\"https:\/\/www.sotrender.com\/blog\/#website\"},\"primaryImageOfPage\":{\"@id\":\"https:\/\/www.sotrender.com\/blog\/pl\/2023\/05\/facebook-trends-kwiecien-2023-szlachetne-gesty-i-wyczekane-powroty\/#primaryimage\"},\"image\":{\"@id\":\"https:\/\/www.sotrender.com\/blog\/pl\/2023\/05\/facebook-trends-kwiecien-2023-szlachetne-gesty-i-wyczekane-powroty\/#primaryimage\"},\"thumbnailUrl\":\"https:\/\/www.sotrender.com\/blog\/wp-content\/uploads\/2023\/05\/high-five.jpg\",\"datePublished\":\"2023-05-15T10:24:32+00:00\",\"dateModified\":\"2023-06-02T08:44:59+00:00\",\"author\":{\"@id\":\"https:\/\/www.sotrender.com\/blog\/#\/schema\/person\/038ac5e276c5d102d8cbb9c36cd43416\"},\"description\":\"Czasem nie trzeba by\u0107 zwyci\u0119zc\u0105, by m\u00f3wi\u0142 i pami\u0119ta\u0142 o tobie \u015bwiat sportu. Sk\u0105d taki wniosek dowiecie si\u0119 z kwietniowego raportu Facebook Trends.\",\"breadcrumb\":{\"@id\":\"https:\/\/www.sotrender.com\/blog\/pl\/2023\/05\/facebook-trends-kwiecien-2023-szlachetne-gesty-i-wyczekane-powroty\/#breadcrumb\"},\"inLanguage\":\"pl-PL\",\"potentialAction\":[{\"@type\":\"ReadAction\",\"target\":[\"https:\/\/www.sotrender.com\/blog\/pl\/2023\/05\/facebook-trends-kwiecien-2023-szlachetne-gesty-i-wyczekane-powroty\/\"]}]},{\"@type\":\"ImageObject\",\"inLanguage\":\"pl-PL\",\"@id\":\"https:\/\/www.sotrender.com\/blog\/pl\/2023\/05\/facebook-trends-kwiecien-2023-szlachetne-gesty-i-wyczekane-powroty\/#primaryimage\",\"url\":\"https:\/\/www.sotrender.com\/blog\/wp-content\/uploads\/2023\/05\/high-five.jpg\",\"contentUrl\":\"https:\/\/www.sotrender.com\/blog\/wp-content\/uploads\/2023\/05\/high-five.jpg\",\"width\":1280,\"height\":733},{\"@type\":\"BreadcrumbList\",\"@id\":\"https:\/\/www.sotrender.com\/blog\/pl\/2023\/05\/facebook-trends-kwiecien-2023-szlachetne-gesty-i-wyczekane-powroty\/#breadcrumb\",\"itemListElement\":[{\"@type\":\"ListItem\",\"position\":1,\"name\":\"Home\",\"item\":\"https:\/\/www.sotrender.com\/blog\/\"},{\"@type\":\"ListItem\",\"position\":2,\"name\":\"Facebook Trends kwiecie\u0144 2023 &#8211; szlachetne gesty i wyczekane powroty\"}]},{\"@type\":\"WebSite\",\"@id\":\"https:\/\/www.sotrender.com\/blog\/#website\",\"url\":\"https:\/\/www.sotrender.com\/blog\/\",\"name\":\"Sotrender Blog\",\"description\":\"\",\"potentialAction\":[{\"@type\":\"SearchAction\",\"target\":{\"@type\":\"EntryPoint\",\"urlTemplate\":\"https:\/\/www.sotrender.com\/blog\/?s={search_term_string}\"},\"query-input\":\"required name=search_term_string\"}],\"inLanguage\":\"pl-PL\"},{\"@type\":\"Person\",\"@id\":\"https:\/\/www.sotrender.com\/blog\/#\/schema\/person\/038ac5e276c5d102d8cbb9c36cd43416\",\"name\":\"Klaudia \u017by\u0142ka\",\"image\":{\"@type\":\"ImageObject\",\"inLanguage\":\"pl-PL\",\"@id\":\"https:\/\/www.sotrender.com\/blog\/#\/schema\/person\/image\/\",\"url\":\"https:\/\/secure.gravatar.com\/avatar\/f55d5d49ce3c448e1ffde0ab078d84cd?s=96&d=mm&r=g\",\"contentUrl\":\"https:\/\/secure.gravatar.com\/avatar\/f55d5d49ce3c448e1ffde0ab078d84cd?s=96&d=mm&r=g\",\"caption\":\"Klaudia \u017by\u0142ka\"},\"description\":\"Instagram, dogs, books and food lover. Former student at Warsaw University and Malm\u00f6 University. Improving her marketing skills every day. Proud owner of DIMAQ certificate\",\"sameAs\":[\"https:\/\/www.linkedin.com\/in\/klaudia-\u017cy\u0142ka-17527779\"],\"url\":\"https:\/\/www.sotrender.com\/blog\/pl\/author\/klaudia_yka\/\"}]}<\/script>\n<!-- \/ Yoast SEO plugin. -->","yoast_head_json":{"title":"Facebook Trends kwiecie\u0144 2023 - szlachetne gesty i wyczekane powroty","description":"Czasem nie trzeba by\u0107 zwyci\u0119zc\u0105, by m\u00f3wi\u0142 i pami\u0119ta\u0142 o tobie \u015bwiat sportu. Sk\u0105d taki wniosek dowiecie si\u0119 z kwietniowego raportu Facebook Trends.","robots":{"index":"index","follow":"follow","max-snippet":"max-snippet:-1","max-image-preview":"max-image-preview:large","max-video-preview":"max-video-preview:-1"},"canonical":"https:\/\/www.sotrender.com\/blog\/pl\/2023\/05\/facebook-trends-kwiecien-2023-szlachetne-gesty-i-wyczekane-powroty\/","og_locale":"pl_PL","og_type":"article","og_title":"Facebook Trends kwiecie\u0144 2023 - szlachetne gesty i wyczekane powroty","og_description":"Czasem nie trzeba by\u0107 zwyci\u0119zc\u0105, by m\u00f3wi\u0142 i pami\u0119ta\u0142 o tobie \u015bwiat sportu. Sk\u0105d taki wniosek dowiecie si\u0119 z kwietniowego raportu Facebook Trends.","og_url":"https:\/\/www.sotrender.com\/blog\/pl\/2023\/05\/facebook-trends-kwiecien-2023-szlachetne-gesty-i-wyczekane-powroty\/","og_site_name":"Sotrender Blog","article_publisher":"https:\/\/www.facebook.com\/Sotrender","article_published_time":"2023-05-15T10:24:32+00:00","article_modified_time":"2023-06-02T08:44:59+00:00","og_image":[{"width":1280,"height":733,"url":"https:\/\/www.sotrender.com\/blog\/wp-content\/uploads\/2023\/05\/high-five.jpg","type":"image\/jpeg"}],"author":"Klaudia \u017by\u0142ka","twitter_card":"summary_large_image","twitter_creator":"@Sotrender","twitter_site":"@Sotrender","twitter_misc":{"Written by":"Klaudia \u017by\u0142ka","Est. reading time":"3 minutes"},"schema":{"@context":"https:\/\/schema.org","@graph":[{"@type":"WebPage","@id":"https:\/\/www.sotrender.com\/blog\/pl\/2023\/05\/facebook-trends-kwiecien-2023-szlachetne-gesty-i-wyczekane-powroty\/","url":"https:\/\/www.sotrender.com\/blog\/pl\/2023\/05\/facebook-trends-kwiecien-2023-szlachetne-gesty-i-wyczekane-powroty\/","name":"Facebook Trends kwiecie\u0144 2023 - szlachetne gesty i wyczekane powroty","isPartOf":{"@id":"https:\/\/www.sotrender.com\/blog\/#website"},"primaryImageOfPage":{"@id":"https:\/\/www.sotrender.com\/blog\/pl\/2023\/05\/facebook-trends-kwiecien-2023-szlachetne-gesty-i-wyczekane-powroty\/#primaryimage"},"image":{"@id":"https:\/\/www.sotrender.com\/blog\/pl\/2023\/05\/facebook-trends-kwiecien-2023-szlachetne-gesty-i-wyczekane-powroty\/#primaryimage"},"thumbnailUrl":"https:\/\/www.sotrender.com\/blog\/wp-content\/uploads\/2023\/05\/high-five.jpg","datePublished":"2023-05-15T10:24:32+00:00","dateModified":"2023-06-02T08:44:59+00:00","author":{"@id":"https:\/\/www.sotrender.com\/blog\/#\/schema\/person\/038ac5e276c5d102d8cbb9c36cd43416"},"description":"Czasem nie trzeba by\u0107 zwyci\u0119zc\u0105, by m\u00f3wi\u0142 i pami\u0119ta\u0142 o tobie \u015bwiat sportu. Sk\u0105d taki wniosek dowiecie si\u0119 z kwietniowego raportu Facebook Trends.","breadcrumb":{"@id":"https:\/\/www.sotrender.com\/blog\/pl\/2023\/05\/facebook-trends-kwiecien-2023-szlachetne-gesty-i-wyczekane-powroty\/#breadcrumb"},"inLanguage":"pl-PL","potentialAction":[{"@type":"ReadAction","target":["https:\/\/www.sotrender.com\/blog\/pl\/2023\/05\/facebook-trends-kwiecien-2023-szlachetne-gesty-i-wyczekane-powroty\/"]}]},{"@type":"ImageObject","inLanguage":"pl-PL","@id":"https:\/\/www.sotrender.com\/blog\/pl\/2023\/05\/facebook-trends-kwiecien-2023-szlachetne-gesty-i-wyczekane-powroty\/#primaryimage","url":"https:\/\/www.sotrender.com\/blog\/wp-content\/uploads\/2023\/05\/high-five.jpg","contentUrl":"https:\/\/www.sotrender.com\/blog\/wp-content\/uploads\/2023\/05\/high-five.jpg","width":1280,"height":733},{"@type":"BreadcrumbList","@id":"https:\/\/www.sotrender.com\/blog\/pl\/2023\/05\/facebook-trends-kwiecien-2023-szlachetne-gesty-i-wyczekane-powroty\/#breadcrumb","itemListElement":[{"@type":"ListItem","position":1,"name":"Home","item":"https:\/\/www.sotrender.com\/blog\/"},{"@type":"ListItem","position":2,"name":"Facebook Trends kwiecie\u0144 2023 &#8211; szlachetne gesty i wyczekane powroty"}]},{"@type":"WebSite","@id":"https:\/\/www.sotrender.com\/blog\/#website","url":"https:\/\/www.sotrender.com\/blog\/","name":"Sotrender Blog","description":"","potentialAction":[{"@type":"SearchAction","target":{"@type":"EntryPoint","urlTemplate":"https:\/\/www.sotrender.com\/blog\/?s={search_term_string}"},"query-input":"required name=search_term_string"}],"inLanguage":"pl-PL"},{"@type":"Person","@id":"https:\/\/www.sotrender.com\/blog\/#\/schema\/person\/038ac5e276c5d102d8cbb9c36cd43416","name":"Klaudia \u017by\u0142ka","image":{"@type":"ImageObject","inLanguage":"pl-PL","@id":"https:\/\/www.sotrender.com\/blog\/#\/schema\/person\/image\/","url":"https:\/\/secure.gravatar.com\/avatar\/f55d5d49ce3c448e1ffde0ab078d84cd?s=96&d=mm&r=g","contentUrl":"https:\/\/secure.gravatar.com\/avatar\/f55d5d49ce3c448e1ffde0ab078d84cd?s=96&d=mm&r=g","caption":"Klaudia \u017by\u0142ka"},"description":"Instagram, dogs, books and food lover. Former student at Warsaw University and Malm\u00f6 University. Improving her marketing skills every day. Proud owner of DIMAQ certificate","sameAs":["https:\/\/www.linkedin.com\/in\/klaudia-\u017cy\u0142ka-17527779"],"url":"https:\/\/www.sotrender.com\/blog\/pl\/author\/klaudia_yka\/"}]}},"_links":{"self":[{"href":"https:\/\/www.sotrender.com\/blog\/pl\/wp-json\/wp\/v2\/posts\/47741"}],"collection":[{"href":"https:\/\/www.sotrender.com\/blog\/pl\/wp-json\/wp\/v2\/posts"}],"about":[{"href":"https:\/\/www.sotrender.com\/blog\/pl\/wp-json\/wp\/v2\/types\/post"}],"author":[{"embeddable":true,"href":"https:\/\/www.sotrender.com\/blog\/pl\/wp-json\/wp\/v2\/users\/89"}],"replies":[{"embeddable":true,"href":"https:\/\/www.sotrender.com\/blog\/pl\/wp-json\/wp\/v2\/comments?post=47741"}],"version-history":[{"count":6,"href":"https:\/\/www.sotrender.com\/blog\/pl\/wp-json\/wp\/v2\/posts\/47741\/revisions"}],"predecessor-version":[{"id":47765,"href":"https:\/\/www.sotrender.com\/blog\/pl\/wp-json\/wp\/v2\/posts\/47741\/revisions\/47765"}],"wp:featuredmedia":[{"embeddable":true,"href":"https:\/\/www.sotrender.com\/blog\/pl\/wp-json\/wp\/v2\/media\/47747"}],"wp:attachment":[{"href":"https:\/\/www.sotrender.com\/blog\/pl\/wp-json\/wp\/v2\/media?parent=47741"}],"wp:term":[{"taxonomy":"category","embeddable":true,"href":"https:\/\/www.sotrender.com\/blog\/pl\/wp-json\/wp\/v2\/categories?post=47741"},{"taxonomy":"post_tag","embeddable":true,"href":"https:\/\/www.sotrender.com\/blog\/pl\/wp-json\/wp\/v2\/tags?post=47741"}],"curies":[{"name":"wp","href":"https:\/\/api.w.org\/{rel}","templated":true}]}}