{"id":47581,"date":"2023-04-13T10:09:01","date_gmt":"2023-04-13T08:09:01","guid":{"rendered":"https:\/\/www.sotrender.com\/blog\/?p=47581\/"},"modified":"2023-06-02T10:45:29","modified_gmt":"2023-06-02T08:45:29","slug":"instagram-trends-marzec-2023-na-fali-wiadomosci-ze-swiata","status":"publish","type":"post","link":"https:\/\/www.sotrender.com\/blog\/pl\/2023\/04\/instagram-trends-marzec-2023-na-fali-wiadomosci-ze-swiata\/","title":{"rendered":"Instagram Trends marzec 2023 &#8211; na fali wiadomo\u015bci ze \u015bwiata"},"content":{"rendered":"<p><span style=\"font-weight: 400;\">Szokuj\u0105ce, chwytaj\u0105ce za serce, oburzaj\u0105ce\u2026 takie posty zyskiwa\u0142y najwi\u0119ksze zaanga\u017cowanie na Instagramie w marcu. Udost\u0119pniane przez najwi\u0119ksze profile, jak i zwyk\u0142ych u\u017cytkownik\u00f3w, stawa\u0142y si\u0119 viralami &#8211; cz\u0119\u015b\u0107 z nich prawdopodobnie zupe\u0142nie niespodziewanie.<\/span><\/p>\n<p><!--more--><\/p>\n<p><span style=\"font-weight: 400;\">Czego dotyczy\u0142y? Tego dowiecie si\u0119 z <a href=\"https:\/\/www.sotrender.com\/trends\/instagram\/poland\/202303\" target=\"_blank\" rel=\"noopener\">marcowego raportu Instagram Trends<\/a>.<\/span><\/p>\n<p><span style=\"font-weight: 400;\">Na Wasze pro\u015bby, w tym wydaniu Trends\u00f3w pojawi\u0142a si\u0119 tak\u017ce kolejna nowa kategoria &#8211; <a href=\"https:\/\/www.sotrender.com\/trends\/instagram\/poland\/202303\/marki\/marki_marketing\" target=\"_blank\" rel=\"noopener\">Marketing i PR<\/a>.<\/span><\/p>\n<h2><b>Najbardziej anga\u017cuj\u0105ce wiadomo\u015bci\u00a0<\/b><\/h2>\n<p><span style=\"font-weight: 400;\">Przy okazji raportu <\/span><a href=\"https:\/\/www.sotrender.com\/trends\/facebook\/poland\/\" target=\"_blank\" rel=\"noopener\"><span style=\"font-weight: 400;\">Facebook Trends<\/span><\/a><span style=\"font-weight: 400;\"> nie raz pisali\u015bmy o \u015bwietnych wynikach profilu Konflikty i katastrofy \u015bwiatowe, prowadzonego przez \u0141ukasza Boka.<\/span><\/p>\n<p><span style=\"font-weight: 400;\">Tym razem, jego instagramowy cykl post\u00f3w #Z\u0142oNaBok, ju\u017c trzeci miesi\u0105c z rz\u0119du totalnie zdominowa\u0142 kategori\u0119 <a href=\"https:\/\/www.sotrender.com\/trends\/instagram\/poland\/202303\/media\/media_wiadomosci_i_informacje\" target=\"_blank\" rel=\"noopener\">Wiadomo\u015bci i informacje<\/a>. W marcu, cztery najlepsze posty miesi\u0105ca zosta\u0142y opublikowane w\u0142a\u015bnie na profilu @lukaszbok_kiks.<\/span><\/p>\n<p><span style=\"font-weight: 400;\">Najbardziej anga\u017cuj\u0105cy post zwi\u0105zany by\u0142 z Mi\u0119dzynarodowym Dniem Kobiet, a trzy kolejne nale\u017ca\u0142y do cyklu #Z\u0142oNaBok.<\/span><\/p>\n<div id=\"attachment_47597\" style=\"width: 810px\" class=\"wp-caption aligncenter\"><img loading=\"lazy\" decoding=\"async\" aria-describedby=\"caption-attachment-47597\" class=\" wp-image-47597\" src=\"https:\/\/www.sotrender.com\/blog\/wp-content\/uploads\/2023\/04\/wiadomos\u0301ci-i-informacje-najlepsze-posty-na-instagramie.png\" alt=\"wiadomosci instagram najlepsze posty \" width=\"800\" height=\"385\" srcset=\"https:\/\/www.sotrender.com\/blog\/wp-content\/uploads\/2023\/04\/wiadomos\u0301ci-i-informacje-najlepsze-posty-na-instagramie.png 1946w, https:\/\/www.sotrender.com\/blog\/wp-content\/uploads\/2023\/04\/wiadomos\u0301ci-i-informacje-najlepsze-posty-na-instagramie-475x228.png 475w, https:\/\/www.sotrender.com\/blog\/wp-content\/uploads\/2023\/04\/wiadomos\u0301ci-i-informacje-najlepsze-posty-na-instagramie-768x369.png 768w, https:\/\/www.sotrender.com\/blog\/wp-content\/uploads\/2023\/04\/wiadomos\u0301ci-i-informacje-najlepsze-posty-na-instagramie-1536x739.png 1536w\" sizes=\"(max-width: 800px) 100vw, 800px\" \/><p id=\"caption-attachment-47597\" class=\"wp-caption-text\"><a href=\"https:\/\/www.sotrender.com\/trends\/instagram\/poland\/202303\/media\/media_wiadomosci_i_informacje#best_posts\" target=\"_blank\" rel=\"noopener\">Najlepsze posty na Instagramie w kategorii Wiadomo\u015bci i informacje<\/a>, marzec 2023<\/p><\/div>\n<p><span style=\"font-weight: 400;\">Pozostaj\u0105c przy tytu\u0142owych informacjach ze \u015bwiata, nie mo\u017cemy nie wspomnie\u0107 o po\u015bcie, kt\u00f3ry pod koniec marca obieg\u0142 niemal\u017ce ca\u0142y Instagram.<\/span><\/p>\n<p><span style=\"font-weight: 400;\">Mowa o po\u015bcie opublikowanym na profilu @dziennikarz_dla_klimatu, kt\u00f3ry zawiera\u0142 szokuj\u0105c\u0105 informacj\u0119 o planowanym utworzeniu pierwszej na \u015bwiecie komercyjnej hodowli o\u015bmiornic.<\/span><\/p>\n<p><span style=\"font-weight: 400;\">Post, w kt\u00f3rym autor zach\u0119ca tak\u017ce do podpisania petycji maj\u0105cej na celu wyrazi\u0107 sprzeciw wobec stworzenia takiej hodowli, zdoby\u0142 niespe\u0142na 10 tysi\u0119cy polubie\u0144 i ponad 400 komentarzy. By\u0142 to jednocze\u015bnie najbardziej anga\u017cuj\u0105cy post w kategorii <a href=\"https:\/\/www.sotrender.com\/trends\/instagram\/poland\/202303\/osoby\/osoby_ekologia\" target=\"_blank\" rel=\"noopener\">Ekologia<\/a>.<\/span><\/p>\n<div id=\"attachment_47599\" style=\"width: 809px\" class=\"wp-caption aligncenter\"><img loading=\"lazy\" decoding=\"async\" aria-describedby=\"caption-attachment-47599\" class=\" wp-image-47599\" src=\"https:\/\/www.sotrender.com\/blog\/wp-content\/uploads\/2023\/04\/osmiornice-dziennikarz-dla-klimatu.png\" alt=\"o\u015bmiornice dziennikarz dla klimatu\" width=\"799\" height=\"384\" srcset=\"https:\/\/www.sotrender.com\/blog\/wp-content\/uploads\/2023\/04\/osmiornice-dziennikarz-dla-klimatu.png 1946w, https:\/\/www.sotrender.com\/blog\/wp-content\/uploads\/2023\/04\/osmiornice-dziennikarz-dla-klimatu-475x228.png 475w, https:\/\/www.sotrender.com\/blog\/wp-content\/uploads\/2023\/04\/osmiornice-dziennikarz-dla-klimatu-768x369.png 768w, https:\/\/www.sotrender.com\/blog\/wp-content\/uploads\/2023\/04\/osmiornice-dziennikarz-dla-klimatu-1536x737.png 1536w\" sizes=\"(max-width: 799px) 100vw, 799px\" \/><p id=\"caption-attachment-47599\" class=\"wp-caption-text\">Najbardziej anga\u017cuj\u0105cy post w marcu 2023 na Instagramie w kategorii <a href=\"https:\/\/www.sotrender.com\/trends\/instagram\/poland\/202303\/osoby\/osoby_ekologia#best_posts\" target=\"_blank\" rel=\"noopener\">Ekologia<\/a><\/p><\/div>\n<h2><b>Marzec miesi\u0105cem kobiet\u00a0<\/b><\/h2>\n<p><span style=\"font-weight: 400;\">Cho\u0107 organizacji pozarz\u0105dowych jest mn\u00f3stwo, a ich zakres dzia\u0142ania dotyka wielu r\u00f3\u017cnych obszar\u00f3w naszego \u017cycia, <a href=\"https:\/\/www.sotrender.com\/trends\/instagram\/poland\/202303\/Organizacje\/org_ngo\" target=\"_blank\" rel=\"noopener\">kategoria NGO<\/a> w marcu zosta\u0142a zdominowana przez tematy typowo kobiece.<\/span><\/p>\n<p><span style=\"font-weight: 400;\">Aborcja, bezdzietno\u015b\u0107, endometrioza, czy macierzy\u0144stwo to tematy, kt\u00f3re w minionym miesi\u0105cu jeszcze mocniej ni\u017c zwykle rozbrzmiewa\u0142y na instagramowych profilach organizacji NGO.<\/span><\/p>\n<p><span style=\"font-weight: 400;\">Najbardziej anga\u017cuj\u0105ce tre\u015bci, dotykaj\u0105ce tych zagadnie\u0144, opublikowano na profilu @strajk_kobiet oraz @aborcyjnydream. <\/span><span style=\"font-weight: 400;\">Jednocze\u015bnie by\u0142y to dwa profile z najwi\u0119ksz\u0105 \u0142\u0105czn\u0105 liczb\u0105 aktywno\u015bci w ca\u0142ym miesi\u0105cu.<\/span><\/p>\n<div id=\"attachment_47589\" style=\"width: 813px\" class=\"wp-caption aligncenter\"><img loading=\"lazy\" decoding=\"async\" aria-describedby=\"caption-attachment-47589\" class=\" wp-image-47589\" src=\"https:\/\/www.sotrender.com\/blog\/wp-content\/uploads\/2023\/04\/liczba-aktywnos\u0301ci-na-profilach-ngo-marzec-2023-instagram.png\" alt=\"liczba aktywno\u015bci na profilach ngo, marzec 2023 instagram\" width=\"803\" height=\"241\" srcset=\"https:\/\/www.sotrender.com\/blog\/wp-content\/uploads\/2023\/04\/liczba-aktywnos\u0301ci-na-profilach-ngo-marzec-2023-instagram.png 1982w, https:\/\/www.sotrender.com\/blog\/wp-content\/uploads\/2023\/04\/liczba-aktywnos\u0301ci-na-profilach-ngo-marzec-2023-instagram-475x142.png 475w, https:\/\/www.sotrender.com\/blog\/wp-content\/uploads\/2023\/04\/liczba-aktywnos\u0301ci-na-profilach-ngo-marzec-2023-instagram-768x230.png 768w, https:\/\/www.sotrender.com\/blog\/wp-content\/uploads\/2023\/04\/liczba-aktywnos\u0301ci-na-profilach-ngo-marzec-2023-instagram-1536x460.png 1536w\" sizes=\"(max-width: 803px) 100vw, 803px\" \/><p id=\"caption-attachment-47589\" class=\"wp-caption-text\">Profile w kategorii <a href=\"https:\/\/www.sotrender.com\/trends\/instagram\/poland\/202303\/Organizacje\/org_ngo\" target=\"_blank\" rel=\"noopener\">Organizacje NGO<\/a> z najwi\u0119ksz\u0105 liczb\u0105 aktywno\u015bci u\u017cytkownik\u00f3w | Instagram, marzec 2023<\/p><\/div>\n<p><span style=\"font-weight: 400;\">Jednym z g\u0142o\u015bniejszych wydarze\u0144 marca by\u0142o uznanie za winn\u0105 aktywistki Justyny Wydrzy\u0144skiej z Aborcyjnego Dream Teamu w zwi\u0105zku z dokonanym przez ni\u0105 przekazaniem tabletki aborcyjnej innej kobiecie. Pod postem opublikowanym 14 marca przeczyta\u0107 mo\u017cemy ponad 700 komentarzy pe\u0142nych oburzenia i roz\u017calenia decyzj\u0105 s\u0105du.<\/span><\/p>\n<div id=\"attachment_47591\" style=\"width: 811px\" class=\"wp-caption aligncenter\"><img loading=\"lazy\" decoding=\"async\" aria-describedby=\"caption-attachment-47591\" class=\" wp-image-47591\" src=\"https:\/\/www.sotrender.com\/blog\/wp-content\/uploads\/2023\/04\/najlepsze-posty-w-kat.-ngo-marzec-2023-instagram.png\" alt=\"organizacje ngo instagram posty \" width=\"801\" height=\"390\" srcset=\"https:\/\/www.sotrender.com\/blog\/wp-content\/uploads\/2023\/04\/najlepsze-posty-w-kat.-ngo-marzec-2023-instagram.png 1932w, https:\/\/www.sotrender.com\/blog\/wp-content\/uploads\/2023\/04\/najlepsze-posty-w-kat.-ngo-marzec-2023-instagram-475x231.png 475w, https:\/\/www.sotrender.com\/blog\/wp-content\/uploads\/2023\/04\/najlepsze-posty-w-kat.-ngo-marzec-2023-instagram-768x374.png 768w, https:\/\/www.sotrender.com\/blog\/wp-content\/uploads\/2023\/04\/najlepsze-posty-w-kat.-ngo-marzec-2023-instagram-1536x747.png 1536w\" sizes=\"(max-width: 801px) 100vw, 801px\" \/><p id=\"caption-attachment-47591\" class=\"wp-caption-text\">Najlepsze posty na Instagramie w kategorii <a href=\"https:\/\/www.sotrender.com\/trends\/instagram\/poland\/202303\/Organizacje\/org_ngo#best_posts\" target=\"_blank\" rel=\"noopener\">Organizacje NGO<\/a> w marcu 2023<\/p><\/div>\n<h2><b>Instagram Trends marzec 2023<\/b><\/h2>\n<p><span style=\"font-weight: 400;\">To wszystko, co przygotowali\u015bmy dla Was w tym miesi\u0105cu. Zach\u0119camy oczywi\u015bcie do zapoznania si\u0119 z ca\u0142ym raportem <a href=\"https:\/\/www.sotrender.com\/trends\/instagram\/poland\/202303\" target=\"_blank\" rel=\"noopener\">Instagram Trends<\/a>.<\/span><\/p>\n<p><span style=\"font-weight: 400;\">Nie zapomnijcie r\u00f3wnie\u017c o <\/span><a href=\"https:\/\/www.sotrender.com\/blog\/pl\/2023\/04\/facebook-trends-marzec-2023-obsluga-klienta-w-odswiezonej-formie\/\" target=\"_blank\" rel=\"noopener\"><span style=\"font-weight: 400;\">marcowym raporcie Facebook Trends<\/span><\/a><span style=\"font-weight: 400;\">, w kt\u00f3rym czeka na Was zupe\u0142nie nowa ods\u0142ona rankingu Obs\u0142uga klienta, przygotowana w oparciu o nasz autorski <\/span><a href=\"https:\/\/www.sotrender.com\/resources\/pl\/faq_pl\/metryki\/jak-liczymy-cx-score\/\" target=\"_blank\" rel=\"noopener\"><span style=\"font-weight: 400;\">wska\u017anik CX Score<\/span><\/a><span style=\"font-weight: 400;\">.<\/span><\/p>\n<p>&nbsp;<\/p>\n","protected":false},"excerpt":{"rendered":"<p>Szokuj\u0105ce, chwytaj\u0105ce za serce, oburzaj\u0105ce\u2026 takie posty zyskiwa\u0142y najwi\u0119ksze zaanga\u017cowanie na Instagramie w marcu. Udost\u0119pniane przez najwi\u0119ksze profile, jak i zwyk\u0142ych u\u017cytkownik\u00f3w, stawa\u0142y si\u0119 viralami &#8211; cz\u0119\u015b\u0107 z nich prawdopodobnie zupe\u0142nie niespodziewanie.<\/p>\n","protected":false},"author":89,"featured_media":47583,"comment_status":"open","ping_status":"open","sticky":false,"template":"","format":"standard","meta":{"inline_featured_image":false,"footnotes":""},"categories":[1803],"tags":[2073,2695],"yoast_head":"<!-- This site is optimized with the Yoast SEO plugin v22.4 - https:\/\/yoast.com\/wordpress\/plugins\/seo\/ -->\n<title>Instagram Trends marzec 2023 - na fali wiadomo\u015bci ze \u015bwiata<\/title>\n<meta name=\"description\" content=\"Szokuj\u0105ce, chwytaj\u0105ce za serce, oburzaj\u0105ce\u2026 takie posty zyskiwa\u0142y najwi\u0119ksze zaanga\u017cowanie na Instagramie w marcu.\" \/>\n<meta name=\"robots\" content=\"index, follow, max-snippet:-1, max-image-preview:large, max-video-preview:-1\" \/>\n<link rel=\"canonical\" href=\"https:\/\/www.sotrender.com\/blog\/pl\/2023\/04\/instagram-trends-marzec-2023-na-fali-wiadomosci-ze-swiata\/\" \/>\n<meta property=\"og:locale\" content=\"pl_PL\" \/>\n<meta property=\"og:type\" content=\"article\" \/>\n<meta property=\"og:title\" content=\"Instagram Trends marzec 2023 - na fali wiadomo\u015bci ze \u015bwiata\" \/>\n<meta property=\"og:description\" content=\"Szokuj\u0105ce, chwytaj\u0105ce za serce, oburzaj\u0105ce\u2026 takie posty zyskiwa\u0142y najwi\u0119ksze zaanga\u017cowanie na Instagramie w marcu.\" \/>\n<meta property=\"og:url\" content=\"https:\/\/www.sotrender.com\/blog\/pl\/2023\/04\/instagram-trends-marzec-2023-na-fali-wiadomosci-ze-swiata\/\" \/>\n<meta property=\"og:site_name\" content=\"Sotrender Blog\" \/>\n<meta property=\"article:publisher\" content=\"https:\/\/www.facebook.com\/Sotrender\" \/>\n<meta property=\"article:published_time\" content=\"2023-04-13T08:09:01+00:00\" \/>\n<meta property=\"article:modified_time\" content=\"2023-06-02T08:45:29+00:00\" \/>\n<meta property=\"og:image\" content=\"https:\/\/www.sotrender.com\/blog\/wp-content\/uploads\/2023\/04\/newsy.jpg\" \/>\n\t<meta property=\"og:image:width\" content=\"1280\" \/>\n\t<meta property=\"og:image:height\" content=\"853\" \/>\n\t<meta property=\"og:image:type\" content=\"image\/jpeg\" \/>\n<meta name=\"author\" content=\"Klaudia \u017by\u0142ka\" \/>\n<meta name=\"twitter:card\" content=\"summary_large_image\" \/>\n<meta name=\"twitter:creator\" content=\"@Sotrender\" \/>\n<meta name=\"twitter:site\" content=\"@Sotrender\" \/>\n<meta name=\"twitter:label1\" content=\"Written by\" \/>\n\t<meta name=\"twitter:data1\" content=\"Klaudia \u017by\u0142ka\" \/>\n\t<meta name=\"twitter:label2\" content=\"Est. reading time\" \/>\n\t<meta name=\"twitter:data2\" content=\"3 minutes\" \/>\n<script type=\"application\/ld+json\" class=\"yoast-schema-graph\">{\"@context\":\"https:\/\/schema.org\",\"@graph\":[{\"@type\":\"WebPage\",\"@id\":\"https:\/\/www.sotrender.com\/blog\/pl\/2023\/04\/instagram-trends-marzec-2023-na-fali-wiadomosci-ze-swiata\/\",\"url\":\"https:\/\/www.sotrender.com\/blog\/pl\/2023\/04\/instagram-trends-marzec-2023-na-fali-wiadomosci-ze-swiata\/\",\"name\":\"Instagram Trends marzec 2023 - na fali wiadomo\u015bci ze \u015bwiata\",\"isPartOf\":{\"@id\":\"https:\/\/www.sotrender.com\/blog\/#website\"},\"primaryImageOfPage\":{\"@id\":\"https:\/\/www.sotrender.com\/blog\/pl\/2023\/04\/instagram-trends-marzec-2023-na-fali-wiadomosci-ze-swiata\/#primaryimage\"},\"image\":{\"@id\":\"https:\/\/www.sotrender.com\/blog\/pl\/2023\/04\/instagram-trends-marzec-2023-na-fali-wiadomosci-ze-swiata\/#primaryimage\"},\"thumbnailUrl\":\"https:\/\/www.sotrender.com\/blog\/wp-content\/uploads\/2023\/04\/newsy.jpg\",\"datePublished\":\"2023-04-13T08:09:01+00:00\",\"dateModified\":\"2023-06-02T08:45:29+00:00\",\"author\":{\"@id\":\"https:\/\/www.sotrender.com\/blog\/#\/schema\/person\/038ac5e276c5d102d8cbb9c36cd43416\"},\"description\":\"Szokuj\u0105ce, chwytaj\u0105ce za serce, oburzaj\u0105ce\u2026 takie posty zyskiwa\u0142y najwi\u0119ksze zaanga\u017cowanie na Instagramie w marcu.\",\"breadcrumb\":{\"@id\":\"https:\/\/www.sotrender.com\/blog\/pl\/2023\/04\/instagram-trends-marzec-2023-na-fali-wiadomosci-ze-swiata\/#breadcrumb\"},\"inLanguage\":\"pl-PL\",\"potentialAction\":[{\"@type\":\"ReadAction\",\"target\":[\"https:\/\/www.sotrender.com\/blog\/pl\/2023\/04\/instagram-trends-marzec-2023-na-fali-wiadomosci-ze-swiata\/\"]}]},{\"@type\":\"ImageObject\",\"inLanguage\":\"pl-PL\",\"@id\":\"https:\/\/www.sotrender.com\/blog\/pl\/2023\/04\/instagram-trends-marzec-2023-na-fali-wiadomosci-ze-swiata\/#primaryimage\",\"url\":\"https:\/\/www.sotrender.com\/blog\/wp-content\/uploads\/2023\/04\/newsy.jpg\",\"contentUrl\":\"https:\/\/www.sotrender.com\/blog\/wp-content\/uploads\/2023\/04\/newsy.jpg\",\"width\":1280,\"height\":853},{\"@type\":\"BreadcrumbList\",\"@id\":\"https:\/\/www.sotrender.com\/blog\/pl\/2023\/04\/instagram-trends-marzec-2023-na-fali-wiadomosci-ze-swiata\/#breadcrumb\",\"itemListElement\":[{\"@type\":\"ListItem\",\"position\":1,\"name\":\"Home\",\"item\":\"https:\/\/www.sotrender.com\/blog\/\"},{\"@type\":\"ListItem\",\"position\":2,\"name\":\"Instagram Trends marzec 2023 &#8211; na fali wiadomo\u015bci ze \u015bwiata\"}]},{\"@type\":\"WebSite\",\"@id\":\"https:\/\/www.sotrender.com\/blog\/#website\",\"url\":\"https:\/\/www.sotrender.com\/blog\/\",\"name\":\"Sotrender Blog\",\"description\":\"\",\"potentialAction\":[{\"@type\":\"SearchAction\",\"target\":{\"@type\":\"EntryPoint\",\"urlTemplate\":\"https:\/\/www.sotrender.com\/blog\/?s={search_term_string}\"},\"query-input\":\"required name=search_term_string\"}],\"inLanguage\":\"pl-PL\"},{\"@type\":\"Person\",\"@id\":\"https:\/\/www.sotrender.com\/blog\/#\/schema\/person\/038ac5e276c5d102d8cbb9c36cd43416\",\"name\":\"Klaudia \u017by\u0142ka\",\"image\":{\"@type\":\"ImageObject\",\"inLanguage\":\"pl-PL\",\"@id\":\"https:\/\/www.sotrender.com\/blog\/#\/schema\/person\/image\/\",\"url\":\"https:\/\/secure.gravatar.com\/avatar\/f55d5d49ce3c448e1ffde0ab078d84cd?s=96&d=mm&r=g\",\"contentUrl\":\"https:\/\/secure.gravatar.com\/avatar\/f55d5d49ce3c448e1ffde0ab078d84cd?s=96&d=mm&r=g\",\"caption\":\"Klaudia \u017by\u0142ka\"},\"description\":\"Instagram, dogs, books and food lover. Former student at Warsaw University and Malm\u00f6 University. Improving her marketing skills every day. Proud owner of DIMAQ certificate\",\"sameAs\":[\"https:\/\/www.linkedin.com\/in\/klaudia-\u017cy\u0142ka-17527779\"],\"url\":\"https:\/\/www.sotrender.com\/blog\/pl\/author\/klaudia_yka\/\"}]}<\/script>\n<!-- \/ Yoast SEO plugin. -->","yoast_head_json":{"title":"Instagram Trends marzec 2023 - na fali wiadomo\u015bci ze \u015bwiata","description":"Szokuj\u0105ce, chwytaj\u0105ce za serce, oburzaj\u0105ce\u2026 takie posty zyskiwa\u0142y najwi\u0119ksze zaanga\u017cowanie na Instagramie w marcu.","robots":{"index":"index","follow":"follow","max-snippet":"max-snippet:-1","max-image-preview":"max-image-preview:large","max-video-preview":"max-video-preview:-1"},"canonical":"https:\/\/www.sotrender.com\/blog\/pl\/2023\/04\/instagram-trends-marzec-2023-na-fali-wiadomosci-ze-swiata\/","og_locale":"pl_PL","og_type":"article","og_title":"Instagram Trends marzec 2023 - na fali wiadomo\u015bci ze \u015bwiata","og_description":"Szokuj\u0105ce, chwytaj\u0105ce za serce, oburzaj\u0105ce\u2026 takie posty zyskiwa\u0142y najwi\u0119ksze zaanga\u017cowanie na Instagramie w marcu.","og_url":"https:\/\/www.sotrender.com\/blog\/pl\/2023\/04\/instagram-trends-marzec-2023-na-fali-wiadomosci-ze-swiata\/","og_site_name":"Sotrender Blog","article_publisher":"https:\/\/www.facebook.com\/Sotrender","article_published_time":"2023-04-13T08:09:01+00:00","article_modified_time":"2023-06-02T08:45:29+00:00","og_image":[{"width":1280,"height":853,"url":"https:\/\/www.sotrender.com\/blog\/wp-content\/uploads\/2023\/04\/newsy.jpg","type":"image\/jpeg"}],"author":"Klaudia \u017by\u0142ka","twitter_card":"summary_large_image","twitter_creator":"@Sotrender","twitter_site":"@Sotrender","twitter_misc":{"Written by":"Klaudia \u017by\u0142ka","Est. reading time":"3 minutes"},"schema":{"@context":"https:\/\/schema.org","@graph":[{"@type":"WebPage","@id":"https:\/\/www.sotrender.com\/blog\/pl\/2023\/04\/instagram-trends-marzec-2023-na-fali-wiadomosci-ze-swiata\/","url":"https:\/\/www.sotrender.com\/blog\/pl\/2023\/04\/instagram-trends-marzec-2023-na-fali-wiadomosci-ze-swiata\/","name":"Instagram Trends marzec 2023 - na fali wiadomo\u015bci ze \u015bwiata","isPartOf":{"@id":"https:\/\/www.sotrender.com\/blog\/#website"},"primaryImageOfPage":{"@id":"https:\/\/www.sotrender.com\/blog\/pl\/2023\/04\/instagram-trends-marzec-2023-na-fali-wiadomosci-ze-swiata\/#primaryimage"},"image":{"@id":"https:\/\/www.sotrender.com\/blog\/pl\/2023\/04\/instagram-trends-marzec-2023-na-fali-wiadomosci-ze-swiata\/#primaryimage"},"thumbnailUrl":"https:\/\/www.sotrender.com\/blog\/wp-content\/uploads\/2023\/04\/newsy.jpg","datePublished":"2023-04-13T08:09:01+00:00","dateModified":"2023-06-02T08:45:29+00:00","author":{"@id":"https:\/\/www.sotrender.com\/blog\/#\/schema\/person\/038ac5e276c5d102d8cbb9c36cd43416"},"description":"Szokuj\u0105ce, chwytaj\u0105ce za serce, oburzaj\u0105ce\u2026 takie posty zyskiwa\u0142y najwi\u0119ksze zaanga\u017cowanie na Instagramie w marcu.","breadcrumb":{"@id":"https:\/\/www.sotrender.com\/blog\/pl\/2023\/04\/instagram-trends-marzec-2023-na-fali-wiadomosci-ze-swiata\/#breadcrumb"},"inLanguage":"pl-PL","potentialAction":[{"@type":"ReadAction","target":["https:\/\/www.sotrender.com\/blog\/pl\/2023\/04\/instagram-trends-marzec-2023-na-fali-wiadomosci-ze-swiata\/"]}]},{"@type":"ImageObject","inLanguage":"pl-PL","@id":"https:\/\/www.sotrender.com\/blog\/pl\/2023\/04\/instagram-trends-marzec-2023-na-fali-wiadomosci-ze-swiata\/#primaryimage","url":"https:\/\/www.sotrender.com\/blog\/wp-content\/uploads\/2023\/04\/newsy.jpg","contentUrl":"https:\/\/www.sotrender.com\/blog\/wp-content\/uploads\/2023\/04\/newsy.jpg","width":1280,"height":853},{"@type":"BreadcrumbList","@id":"https:\/\/www.sotrender.com\/blog\/pl\/2023\/04\/instagram-trends-marzec-2023-na-fali-wiadomosci-ze-swiata\/#breadcrumb","itemListElement":[{"@type":"ListItem","position":1,"name":"Home","item":"https:\/\/www.sotrender.com\/blog\/"},{"@type":"ListItem","position":2,"name":"Instagram Trends marzec 2023 &#8211; na fali wiadomo\u015bci ze \u015bwiata"}]},{"@type":"WebSite","@id":"https:\/\/www.sotrender.com\/blog\/#website","url":"https:\/\/www.sotrender.com\/blog\/","name":"Sotrender Blog","description":"","potentialAction":[{"@type":"SearchAction","target":{"@type":"EntryPoint","urlTemplate":"https:\/\/www.sotrender.com\/blog\/?s={search_term_string}"},"query-input":"required name=search_term_string"}],"inLanguage":"pl-PL"},{"@type":"Person","@id":"https:\/\/www.sotrender.com\/blog\/#\/schema\/person\/038ac5e276c5d102d8cbb9c36cd43416","name":"Klaudia \u017by\u0142ka","image":{"@type":"ImageObject","inLanguage":"pl-PL","@id":"https:\/\/www.sotrender.com\/blog\/#\/schema\/person\/image\/","url":"https:\/\/secure.gravatar.com\/avatar\/f55d5d49ce3c448e1ffde0ab078d84cd?s=96&d=mm&r=g","contentUrl":"https:\/\/secure.gravatar.com\/avatar\/f55d5d49ce3c448e1ffde0ab078d84cd?s=96&d=mm&r=g","caption":"Klaudia \u017by\u0142ka"},"description":"Instagram, dogs, books and food lover. Former student at Warsaw University and Malm\u00f6 University. Improving her marketing skills every day. Proud owner of DIMAQ certificate","sameAs":["https:\/\/www.linkedin.com\/in\/klaudia-\u017cy\u0142ka-17527779"],"url":"https:\/\/www.sotrender.com\/blog\/pl\/author\/klaudia_yka\/"}]}},"_links":{"self":[{"href":"https:\/\/www.sotrender.com\/blog\/pl\/wp-json\/wp\/v2\/posts\/47581"}],"collection":[{"href":"https:\/\/www.sotrender.com\/blog\/pl\/wp-json\/wp\/v2\/posts"}],"about":[{"href":"https:\/\/www.sotrender.com\/blog\/pl\/wp-json\/wp\/v2\/types\/post"}],"author":[{"embeddable":true,"href":"https:\/\/www.sotrender.com\/blog\/pl\/wp-json\/wp\/v2\/users\/89"}],"replies":[{"embeddable":true,"href":"https:\/\/www.sotrender.com\/blog\/pl\/wp-json\/wp\/v2\/comments?post=47581"}],"version-history":[{"count":6,"href":"https:\/\/www.sotrender.com\/blog\/pl\/wp-json\/wp\/v2\/posts\/47581\/revisions"}],"predecessor-version":[{"id":47603,"href":"https:\/\/www.sotrender.com\/blog\/pl\/wp-json\/wp\/v2\/posts\/47581\/revisions\/47603"}],"wp:featuredmedia":[{"embeddable":true,"href":"https:\/\/www.sotrender.com\/blog\/pl\/wp-json\/wp\/v2\/media\/47583"}],"wp:attachment":[{"href":"https:\/\/www.sotrender.com\/blog\/pl\/wp-json\/wp\/v2\/media?parent=47581"}],"wp:term":[{"taxonomy":"category","embeddable":true,"href":"https:\/\/www.sotrender.com\/blog\/pl\/wp-json\/wp\/v2\/categories?post=47581"},{"taxonomy":"post_tag","embeddable":true,"href":"https:\/\/www.sotrender.com\/blog\/pl\/wp-json\/wp\/v2\/tags?post=47581"}],"curies":[{"name":"wp","href":"https:\/\/api.w.org\/{rel}","templated":true}]}}