{"id":47277,"date":"2023-03-14T08:48:09","date_gmt":"2023-03-14T07:48:09","guid":{"rendered":"https:\/\/www.sotrender.com\/blog\/?p=47277\/"},"modified":"2023-03-14T08:48:09","modified_gmt":"2023-03-14T07:48:09","slug":"instagram-trends-luty-2023-o-krok-przed-konkurencja","status":"publish","type":"post","link":"https:\/\/www.sotrender.com\/blog\/pl\/2023\/03\/instagram-trends-luty-2023-o-krok-przed-konkurencja\/","title":{"rendered":"Instagram Trends luty 2023 &#8211; o krok przed konkurencj\u0105"},"content":{"rendered":"<p><span style=\"font-weight: 400;\">Mamy nadziej\u0119, \u017ce przywykli\u015bcie ju\u017c do my\u015bli, \u017ce opr\u00f3cz raportu Facebook Trends, co miesi\u0105c czekaj\u0105 na Was tak\u017ce Trendsy instagramowe. ?<\/span><\/p>\n<p><span style=\"font-weight: 400;\">W tym miesi\u0105cu przygl\u0105damy si\u0119, jak marki w kreatywny i nienachalny spos\u00f3b buduj\u0105 swoj\u0105 przewag\u0119 nad konkurencj\u0105.<\/span><\/p>\n<p><!--more--><\/p>\n<p><span style=\"font-weight: 400;\"><a href=\"https:\/\/www.sotrender.com\/trends\/instagram\/poland\/202302\" target=\"_blank\" rel=\"noopener\">W lutowym raporcie<\/a> po raz pierwszy pojawi\u0142y si\u0119 te\u017c dwie nowe kategorie &#8211; <\/span><a href=\"https:\/\/www.sotrender.com\/trends\/instagram\/poland\/202302\/marki\/marki_praca\" target=\"_blank\" rel=\"noopener\"><i><span style=\"font-weight: 400;\">Praca <\/span><\/i><\/a><span style=\"font-weight: 400;\">oraz<\/span><a href=\"https:\/\/www.sotrender.com\/trends\/instagram\/poland\/202302\/Organizacje\/org_rzadowe\" target=\"_blank\" rel=\"noopener\"><i><span style=\"font-weight: 400;\"> Organizacje rz\u0105dowe<\/span><\/i><\/a><span style=\"font-weight: 400;\">.\u00a0<\/span><\/p>\n<h2><strong>Przes\u0142anie na Walentynki\u00a0<\/strong><\/h2>\n<p><span style=\"font-weight: 400;\">Tak, jak pisali\u015bmy <\/span><a href=\"https:\/\/www.sotrender.com\/blog\/pl\/2023\/03\/facebook-trends-luty-2023\/\"><span style=\"font-weight: 400;\">w lutowym raporcie Facebook Trends<\/span><\/a><span style=\"font-weight: 400;\">, miniony miesi\u0105c obfitowa\u0142 w r\u00f3\u017cnorakie \u015bwi\u0119ta, a jednym z nich by\u0142y Walentynki. \u015awi\u0119to mi\u0142o\u015bci jest wci\u0105\u017c cz\u0119sto wykorzystywane przez marki w komunikacji, cieszy jednak fakt, \u017ce coraz cz\u0119\u015bciej wychodz\u0105 one poza sztampowe podej\u015bcie do tematu.<\/span><\/p>\n<p><span style=\"font-weight: 400;\">Post na profilu NAREE jest tego doskona\u0142ym przyk\u0142adem. Na profilu marki opublikowano wzruszaj\u0105ce wideo zach\u0119caj\u0105ce do celebrowania mi\u0142o\u015bci &#8211; nawet je\u015bli jest to mi\u0142o\u015b\u0107 do nas samych. Odbiorcy ewidentnie \u201ckupili\u201d taki przekaz, co spowodowa\u0142o, \u017ce by\u0142 to najbardziej anga\u017cuj\u0105cy post miesi\u0105ca w kategorii <a href=\"https:\/\/www.sotrender.com\/trends\/instagram\/poland\/202302\/marki\/marki_moda\/marki_odziez\" target=\"_blank\" rel=\"noopener\">Odzie\u017c<\/a>.<\/span><\/p>\n<p><span style=\"font-weight: 400;\">Profil NAREE awansowa\u0142 te\u017c o trzy pozycje pod k\u0105tem <a href=\"https:\/\/www.sotrender.com\/trends\/instagram\/poland\/202302\/marki\/marki_moda\/marki_odziez#engagement\" target=\"_blank\" rel=\"noopener\">liczby aktywno\u015bci<\/a> na miejsce pi\u0105te.<\/span><\/p>\n<div id=\"attachment_47297\" style=\"width: 1972px\" class=\"wp-caption aligncenter\"><img loading=\"lazy\" decoding=\"async\" aria-describedby=\"caption-attachment-47297\" class=\"size-full wp-image-47297\" src=\"https:\/\/www.sotrender.com\/blog\/wp-content\/uploads\/2023\/03\/instagram-trends-luty-odziez\u0307-aktywnos\u0301ci.png\" alt=\"naree instagram \" width=\"1962\" height=\"606\" srcset=\"https:\/\/www.sotrender.com\/blog\/wp-content\/uploads\/2023\/03\/instagram-trends-luty-odziez\u0307-aktywnos\u0301ci.png 1962w, https:\/\/www.sotrender.com\/blog\/wp-content\/uploads\/2023\/03\/instagram-trends-luty-odziez\u0307-aktywnos\u0301ci-475x147.png 475w, https:\/\/www.sotrender.com\/blog\/wp-content\/uploads\/2023\/03\/instagram-trends-luty-odziez\u0307-aktywnos\u0301ci-768x237.png 768w, https:\/\/www.sotrender.com\/blog\/wp-content\/uploads\/2023\/03\/instagram-trends-luty-odziez\u0307-aktywnos\u0301ci-1536x474.png 1536w\" sizes=\"(max-width: 1962px) 100vw, 1962px\" \/><p id=\"caption-attachment-47297\" class=\"wp-caption-text\">Profile o najwi\u0119kszej liczbie aktywno\u015bci w kategorii <a href=\"https:\/\/www.sotrender.com\/trends\/instagram\/poland\/202302\/marki\/marki_moda\/marki_odziez\" target=\"_blank\" rel=\"noopener\">Odzie\u017c<\/a> | Instagram, luty 2023<\/p><\/div>\n<h2><strong>Playstation wyprzedza konkurencj\u0119\u00a0<\/strong><\/h2>\n<p><span style=\"font-weight: 400;\">Sukces na swoim koncie mog\u0105 z pewno\u015bci\u0105 odnotowa\u0107 tak\u017ce marketerzy z Playstation, a wszystko za spraw\u0105 kampanii marketingowej #PS5na\u017cywo. Jej celem jest nie tylko dalsza promocja PS5, ale tak\u017ce gry Horizon Forbidden West. W lutym, w ramach akcji, w Bia\u0142ce Tatrza\u0144skiej pojawi\u0142a si\u0119 m.in. 3-metrowa figura Chy\u017coszpona z Horizon Forbidden West.<\/span><\/p>\n<p><span style=\"font-weight: 400;\">Profil Playstation uplasowa\u0142 si\u0119 na pozycji lidera pod k\u0105tem \u0142\u0105cznej liczby aktywno\u015bci w naszych Trendsach w kategorii <a href=\"https:\/\/www.sotrender.com\/trends\/instagram\/poland\/202302\/marki\/marki_sprzet_i_technologie\" target=\"_blank\" rel=\"noopener\">Sprz\u0119t i technologie<\/a>. Co wi\u0119cej, trzy najbardziej anga\u017cuj\u0105ce posty w tej kategorii nale\u017ca\u0142y w\u0142a\u015bnie do Playstation.\u00a0<\/span><\/p>\n<div id=\"attachment_47291\" style=\"width: 1974px\" class=\"wp-caption aligncenter\"><img loading=\"lazy\" decoding=\"async\" aria-describedby=\"caption-attachment-47291\" class=\"size-full wp-image-47291\" src=\"https:\/\/www.sotrender.com\/blog\/wp-content\/uploads\/2023\/03\/playstation-instagram-najlepsze-posty.png\" alt=\"\" width=\"1964\" height=\"960\" srcset=\"https:\/\/www.sotrender.com\/blog\/wp-content\/uploads\/2023\/03\/playstation-instagram-najlepsze-posty.png 1964w, https:\/\/www.sotrender.com\/blog\/wp-content\/uploads\/2023\/03\/playstation-instagram-najlepsze-posty-475x232.png 475w, https:\/\/www.sotrender.com\/blog\/wp-content\/uploads\/2023\/03\/playstation-instagram-najlepsze-posty-768x375.png 768w, https:\/\/www.sotrender.com\/blog\/wp-content\/uploads\/2023\/03\/playstation-instagram-najlepsze-posty-1536x751.png 1536w\" sizes=\"(max-width: 1964px) 100vw, 1964px\" \/><p id=\"caption-attachment-47291\" class=\"wp-caption-text\">Najlepsze posty w kategorii <a href=\"https:\/\/www.sotrender.com\/trends\/instagram\/poland\/202302\/marki\/marki_sprzet_i_technologie\" target=\"_blank\" rel=\"noopener\">Sprz\u0119t i technologie<\/a> | Instagram, luty 2023\u00a0<\/p><\/div>\n<h2><strong>Farma na prowadzeniu<\/strong><\/h2>\n<p><span style=\"font-weight: 400;\">Je\u015bli chodzi o zdeklasowanie rywali, w minionym miesi\u0105cu r\u00f3wnych sobie nie mia\u0142 profil Farmy, programu emitowanego na antenie Polsatu. Druga edycja Farmy, kt\u00f3ra mia\u0142a sw\u00f3j fina\u0142 w\u0142a\u015bnie w lutym, okaza\u0142a si\u0119 by\u0107 hitem nie tylko w telewizji, ale tak\u017ce na Instagramie, o czym \u015bwiadczy ogromne zaanga\u017cowanie na oficjalnym profilu programu.\u00a0<\/span><\/p>\n<div id=\"attachment_47295\" style=\"width: 1964px\" class=\"wp-caption aligncenter\"><img loading=\"lazy\" decoding=\"async\" aria-describedby=\"caption-attachment-47295\" class=\"size-full wp-image-47295\" src=\"https:\/\/www.sotrender.com\/blog\/wp-content\/uploads\/2023\/03\/instagram-trends-luty-telewizja-aktywnos\u0301ci.png\" alt=\"farma polsat instagram \" width=\"1954\" height=\"418\" srcset=\"https:\/\/www.sotrender.com\/blog\/wp-content\/uploads\/2023\/03\/instagram-trends-luty-telewizja-aktywnos\u0301ci.png 1954w, https:\/\/www.sotrender.com\/blog\/wp-content\/uploads\/2023\/03\/instagram-trends-luty-telewizja-aktywnos\u0301ci-475x102.png 475w, https:\/\/www.sotrender.com\/blog\/wp-content\/uploads\/2023\/03\/instagram-trends-luty-telewizja-aktywnos\u0301ci-768x164.png 768w, https:\/\/www.sotrender.com\/blog\/wp-content\/uploads\/2023\/03\/instagram-trends-luty-telewizja-aktywnos\u0301ci-1536x329.png 1536w\" sizes=\"(max-width: 1954px) 100vw, 1954px\" \/><p id=\"caption-attachment-47295\" class=\"wp-caption-text\">Profile o najwi\u0119kszej liczbie aktywno\u015bci w kategorii <a href=\"https:\/\/www.sotrender.com\/trends\/instagram\/poland\/202302\/media\/media_telewizja\">Telewizja<\/a> | Instagram, luty 2023<\/p><\/div>\n<p><span style=\"font-weight: 400;\">Co ciekawe, w minionym miesiacu, na profilu Farmy pojawi\u0142o si\u0119 najwi\u0119cej post\u00f3w spo\u015br\u00f3d wszystkich analizowanych przez nas profili &#8211; a\u017c 489, co daje \u015brednio ok. 17 post\u00f3w dziennie. Wzmo\u017cona aktywno\u015b\u0107 na proflu zwi\u0105zana by\u0142a g\u0142\u00f3wnie ze zbli\u017caj\u0105cym si\u0119 fina\u0142em drugiej edycji programu.\u00a0<\/span><\/p>\n<div id=\"attachment_47281\" style=\"width: 410px\" class=\"wp-caption aligncenter\"><img loading=\"lazy\" decoding=\"async\" aria-describedby=\"caption-attachment-47281\" class=\"wp-image-47281 \" src=\"https:\/\/www.sotrender.com\/blog\/wp-content\/uploads\/2023\/03\/najwiecej-postujacy-luty-instagram.png\" alt=\"farma polsat instagram posty\" width=\"400\" height=\"330\" srcset=\"https:\/\/www.sotrender.com\/blog\/wp-content\/uploads\/2023\/03\/najwiecej-postujacy-luty-instagram.png 786w, https:\/\/www.sotrender.com\/blog\/wp-content\/uploads\/2023\/03\/najwiecej-postujacy-luty-instagram-475x392.png 475w, https:\/\/www.sotrender.com\/blog\/wp-content\/uploads\/2023\/03\/najwiecej-postujacy-luty-instagram-768x633.png 768w\" sizes=\"(max-width: 400px) 100vw, 400px\" \/><p id=\"caption-attachment-47281\" class=\"wp-caption-text\">Profile, na kt\u00f3rych opublikowano najwi\u0119cej post\u00f3w w lutym 2023 na Instagramie<\/p><\/div>\n<h2><strong>Instagram Trends luty 2023<\/strong><\/h2>\n<p><span style=\"font-weight: 400;\">To wszystko, co przygotowali\u015bmy dla Was w tym miesi\u0105cu. Zach\u0119camy do sprawdzenia <a href=\"https:\/\/www.sotrender.com\/trends\/instagram\/poland\/202302\" target=\"_blank\" rel=\"noopener\">ca\u0142ego raportu<\/a> lub wybranych, najbardziej interesuj\u0105cych Was kategorii. Pami\u0119tajcie, \u017ce nasza baza jest na bie\u017c\u0105co aktualizowana, a swoje profile mo\u017cecie zg\u0142asza\u0107 w dowolnym momencie na dole ka\u017cdego zestawienia.\u00a0<\/span><\/p>\n<p><span style=\"font-weight: 400;\">Do us\u0142yszenia w kwietniu! ?<\/span><\/p>\n<p>&nbsp;<\/p>\n","protected":false},"excerpt":{"rendered":"<p>Mamy nadziej\u0119, \u017ce przywykli\u015bcie ju\u017c do my\u015bli, \u017ce opr\u00f3cz raportu Facebook Trends, co miesi\u0105c czekaj\u0105 na Was tak\u017ce Trendsy instagramowe. ? W tym miesi\u0105cu przygl\u0105damy si\u0119, jak marki w kreatywny i nienachalny spos\u00f3b buduj\u0105 swoj\u0105 przewag\u0119 nad konkurencj\u0105.<\/p>\n","protected":false},"author":89,"featured_media":47283,"comment_status":"open","ping_status":"open","sticky":false,"template":"","format":"standard","meta":{"inline_featured_image":false,"footnotes":""},"categories":[1803,2125,2275],"tags":[2073,2643],"yoast_head":"<!-- This site is optimized with the Yoast SEO plugin v22.4 - https:\/\/yoast.com\/wordpress\/plugins\/seo\/ -->\n<title>Instagram Trends luty 2023 - o krok przed konkurencj\u0105<\/title>\n<meta name=\"description\" content=\"W raporcie Instagram Trends luty 2023 przygl\u0105damy si\u0119, jak marki w kreatywny i nienachalny spos\u00f3b buduj\u0105 swoj\u0105 przewag\u0119 nad konkurencj\u0105.\" \/>\n<meta name=\"robots\" content=\"index, follow, max-snippet:-1, max-image-preview:large, max-video-preview:-1\" \/>\n<link rel=\"canonical\" href=\"https:\/\/www.sotrender.com\/blog\/pl\/2023\/03\/instagram-trends-luty-2023-o-krok-przed-konkurencja\/\" \/>\n<meta property=\"og:locale\" content=\"pl_PL\" \/>\n<meta property=\"og:type\" content=\"article\" \/>\n<meta property=\"og:title\" content=\"Instagram Trends luty 2023 - o krok przed konkurencj\u0105\" \/>\n<meta property=\"og:description\" content=\"W raporcie Instagram Trends luty 2023 przygl\u0105damy si\u0119, jak marki w kreatywny i nienachalny spos\u00f3b buduj\u0105 swoj\u0105 przewag\u0119 nad konkurencj\u0105.\" \/>\n<meta property=\"og:url\" content=\"https:\/\/www.sotrender.com\/blog\/pl\/2023\/03\/instagram-trends-luty-2023-o-krok-przed-konkurencja\/\" \/>\n<meta property=\"og:site_name\" content=\"Sotrender Blog\" \/>\n<meta property=\"article:publisher\" content=\"https:\/\/www.facebook.com\/Sotrender\" \/>\n<meta property=\"article:published_time\" content=\"2023-03-14T07:48:09+00:00\" \/>\n<meta property=\"og:image\" content=\"https:\/\/www.sotrender.com\/blog\/wp-content\/uploads\/2023\/03\/instagram-content.jpg\" \/>\n\t<meta property=\"og:image:width\" content=\"1280\" \/>\n\t<meta property=\"og:image:height\" content=\"853\" \/>\n\t<meta property=\"og:image:type\" content=\"image\/jpeg\" \/>\n<meta name=\"author\" content=\"Klaudia \u017by\u0142ka\" \/>\n<meta name=\"twitter:card\" content=\"summary_large_image\" \/>\n<meta name=\"twitter:creator\" content=\"@Sotrender\" \/>\n<meta name=\"twitter:site\" content=\"@Sotrender\" \/>\n<meta name=\"twitter:label1\" content=\"Written by\" \/>\n\t<meta name=\"twitter:data1\" content=\"Klaudia \u017by\u0142ka\" \/>\n\t<meta name=\"twitter:label2\" content=\"Est. reading time\" \/>\n\t<meta name=\"twitter:data2\" content=\"3 minutes\" \/>\n<script type=\"application\/ld+json\" class=\"yoast-schema-graph\">{\"@context\":\"https:\/\/schema.org\",\"@graph\":[{\"@type\":\"WebPage\",\"@id\":\"https:\/\/www.sotrender.com\/blog\/pl\/2023\/03\/instagram-trends-luty-2023-o-krok-przed-konkurencja\/\",\"url\":\"https:\/\/www.sotrender.com\/blog\/pl\/2023\/03\/instagram-trends-luty-2023-o-krok-przed-konkurencja\/\",\"name\":\"Instagram Trends luty 2023 - o krok przed konkurencj\u0105\",\"isPartOf\":{\"@id\":\"https:\/\/www.sotrender.com\/blog\/#website\"},\"primaryImageOfPage\":{\"@id\":\"https:\/\/www.sotrender.com\/blog\/pl\/2023\/03\/instagram-trends-luty-2023-o-krok-przed-konkurencja\/#primaryimage\"},\"image\":{\"@id\":\"https:\/\/www.sotrender.com\/blog\/pl\/2023\/03\/instagram-trends-luty-2023-o-krok-przed-konkurencja\/#primaryimage\"},\"thumbnailUrl\":\"https:\/\/www.sotrender.com\/blog\/wp-content\/uploads\/2023\/03\/instagram-content.jpg\",\"datePublished\":\"2023-03-14T07:48:09+00:00\",\"dateModified\":\"2023-03-14T07:48:09+00:00\",\"author\":{\"@id\":\"https:\/\/www.sotrender.com\/blog\/#\/schema\/person\/038ac5e276c5d102d8cbb9c36cd43416\"},\"description\":\"W raporcie Instagram Trends luty 2023 przygl\u0105damy si\u0119, jak marki w kreatywny i nienachalny spos\u00f3b buduj\u0105 swoj\u0105 przewag\u0119 nad konkurencj\u0105.\",\"breadcrumb\":{\"@id\":\"https:\/\/www.sotrender.com\/blog\/pl\/2023\/03\/instagram-trends-luty-2023-o-krok-przed-konkurencja\/#breadcrumb\"},\"inLanguage\":\"pl-PL\",\"potentialAction\":[{\"@type\":\"ReadAction\",\"target\":[\"https:\/\/www.sotrender.com\/blog\/pl\/2023\/03\/instagram-trends-luty-2023-o-krok-przed-konkurencja\/\"]}]},{\"@type\":\"ImageObject\",\"inLanguage\":\"pl-PL\",\"@id\":\"https:\/\/www.sotrender.com\/blog\/pl\/2023\/03\/instagram-trends-luty-2023-o-krok-przed-konkurencja\/#primaryimage\",\"url\":\"https:\/\/www.sotrender.com\/blog\/wp-content\/uploads\/2023\/03\/instagram-content.jpg\",\"contentUrl\":\"https:\/\/www.sotrender.com\/blog\/wp-content\/uploads\/2023\/03\/instagram-content.jpg\",\"width\":1280,\"height\":853},{\"@type\":\"BreadcrumbList\",\"@id\":\"https:\/\/www.sotrender.com\/blog\/pl\/2023\/03\/instagram-trends-luty-2023-o-krok-przed-konkurencja\/#breadcrumb\",\"itemListElement\":[{\"@type\":\"ListItem\",\"position\":1,\"name\":\"Home\",\"item\":\"https:\/\/www.sotrender.com\/blog\/\"},{\"@type\":\"ListItem\",\"position\":2,\"name\":\"Instagram Trends luty 2023 &#8211; o krok przed konkurencj\u0105\"}]},{\"@type\":\"WebSite\",\"@id\":\"https:\/\/www.sotrender.com\/blog\/#website\",\"url\":\"https:\/\/www.sotrender.com\/blog\/\",\"name\":\"Sotrender Blog\",\"description\":\"\",\"potentialAction\":[{\"@type\":\"SearchAction\",\"target\":{\"@type\":\"EntryPoint\",\"urlTemplate\":\"https:\/\/www.sotrender.com\/blog\/?s={search_term_string}\"},\"query-input\":\"required name=search_term_string\"}],\"inLanguage\":\"pl-PL\"},{\"@type\":\"Person\",\"@id\":\"https:\/\/www.sotrender.com\/blog\/#\/schema\/person\/038ac5e276c5d102d8cbb9c36cd43416\",\"name\":\"Klaudia \u017by\u0142ka\",\"image\":{\"@type\":\"ImageObject\",\"inLanguage\":\"pl-PL\",\"@id\":\"https:\/\/www.sotrender.com\/blog\/#\/schema\/person\/image\/\",\"url\":\"https:\/\/secure.gravatar.com\/avatar\/f55d5d49ce3c448e1ffde0ab078d84cd?s=96&d=mm&r=g\",\"contentUrl\":\"https:\/\/secure.gravatar.com\/avatar\/f55d5d49ce3c448e1ffde0ab078d84cd?s=96&d=mm&r=g\",\"caption\":\"Klaudia \u017by\u0142ka\"},\"description\":\"Instagram, dogs, books and food lover. Former student at Warsaw University and Malm\u00f6 University. Improving her marketing skills every day. Proud owner of DIMAQ certificate\",\"sameAs\":[\"https:\/\/www.linkedin.com\/in\/klaudia-\u017cy\u0142ka-17527779\"],\"url\":\"https:\/\/www.sotrender.com\/blog\/pl\/author\/klaudia_yka\/\"}]}<\/script>\n<!-- \/ Yoast SEO plugin. -->","yoast_head_json":{"title":"Instagram Trends luty 2023 - o krok przed konkurencj\u0105","description":"W raporcie Instagram Trends luty 2023 przygl\u0105damy si\u0119, jak marki w kreatywny i nienachalny spos\u00f3b buduj\u0105 swoj\u0105 przewag\u0119 nad konkurencj\u0105.","robots":{"index":"index","follow":"follow","max-snippet":"max-snippet:-1","max-image-preview":"max-image-preview:large","max-video-preview":"max-video-preview:-1"},"canonical":"https:\/\/www.sotrender.com\/blog\/pl\/2023\/03\/instagram-trends-luty-2023-o-krok-przed-konkurencja\/","og_locale":"pl_PL","og_type":"article","og_title":"Instagram Trends luty 2023 - o krok przed konkurencj\u0105","og_description":"W raporcie Instagram Trends luty 2023 przygl\u0105damy si\u0119, jak marki w kreatywny i nienachalny spos\u00f3b buduj\u0105 swoj\u0105 przewag\u0119 nad konkurencj\u0105.","og_url":"https:\/\/www.sotrender.com\/blog\/pl\/2023\/03\/instagram-trends-luty-2023-o-krok-przed-konkurencja\/","og_site_name":"Sotrender Blog","article_publisher":"https:\/\/www.facebook.com\/Sotrender","article_published_time":"2023-03-14T07:48:09+00:00","og_image":[{"width":1280,"height":853,"url":"https:\/\/www.sotrender.com\/blog\/wp-content\/uploads\/2023\/03\/instagram-content.jpg","type":"image\/jpeg"}],"author":"Klaudia \u017by\u0142ka","twitter_card":"summary_large_image","twitter_creator":"@Sotrender","twitter_site":"@Sotrender","twitter_misc":{"Written by":"Klaudia \u017by\u0142ka","Est. reading time":"3 minutes"},"schema":{"@context":"https:\/\/schema.org","@graph":[{"@type":"WebPage","@id":"https:\/\/www.sotrender.com\/blog\/pl\/2023\/03\/instagram-trends-luty-2023-o-krok-przed-konkurencja\/","url":"https:\/\/www.sotrender.com\/blog\/pl\/2023\/03\/instagram-trends-luty-2023-o-krok-przed-konkurencja\/","name":"Instagram Trends luty 2023 - o krok przed konkurencj\u0105","isPartOf":{"@id":"https:\/\/www.sotrender.com\/blog\/#website"},"primaryImageOfPage":{"@id":"https:\/\/www.sotrender.com\/blog\/pl\/2023\/03\/instagram-trends-luty-2023-o-krok-przed-konkurencja\/#primaryimage"},"image":{"@id":"https:\/\/www.sotrender.com\/blog\/pl\/2023\/03\/instagram-trends-luty-2023-o-krok-przed-konkurencja\/#primaryimage"},"thumbnailUrl":"https:\/\/www.sotrender.com\/blog\/wp-content\/uploads\/2023\/03\/instagram-content.jpg","datePublished":"2023-03-14T07:48:09+00:00","dateModified":"2023-03-14T07:48:09+00:00","author":{"@id":"https:\/\/www.sotrender.com\/blog\/#\/schema\/person\/038ac5e276c5d102d8cbb9c36cd43416"},"description":"W raporcie Instagram Trends luty 2023 przygl\u0105damy si\u0119, jak marki w kreatywny i nienachalny spos\u00f3b buduj\u0105 swoj\u0105 przewag\u0119 nad konkurencj\u0105.","breadcrumb":{"@id":"https:\/\/www.sotrender.com\/blog\/pl\/2023\/03\/instagram-trends-luty-2023-o-krok-przed-konkurencja\/#breadcrumb"},"inLanguage":"pl-PL","potentialAction":[{"@type":"ReadAction","target":["https:\/\/www.sotrender.com\/blog\/pl\/2023\/03\/instagram-trends-luty-2023-o-krok-przed-konkurencja\/"]}]},{"@type":"ImageObject","inLanguage":"pl-PL","@id":"https:\/\/www.sotrender.com\/blog\/pl\/2023\/03\/instagram-trends-luty-2023-o-krok-przed-konkurencja\/#primaryimage","url":"https:\/\/www.sotrender.com\/blog\/wp-content\/uploads\/2023\/03\/instagram-content.jpg","contentUrl":"https:\/\/www.sotrender.com\/blog\/wp-content\/uploads\/2023\/03\/instagram-content.jpg","width":1280,"height":853},{"@type":"BreadcrumbList","@id":"https:\/\/www.sotrender.com\/blog\/pl\/2023\/03\/instagram-trends-luty-2023-o-krok-przed-konkurencja\/#breadcrumb","itemListElement":[{"@type":"ListItem","position":1,"name":"Home","item":"https:\/\/www.sotrender.com\/blog\/"},{"@type":"ListItem","position":2,"name":"Instagram Trends luty 2023 &#8211; o krok przed konkurencj\u0105"}]},{"@type":"WebSite","@id":"https:\/\/www.sotrender.com\/blog\/#website","url":"https:\/\/www.sotrender.com\/blog\/","name":"Sotrender Blog","description":"","potentialAction":[{"@type":"SearchAction","target":{"@type":"EntryPoint","urlTemplate":"https:\/\/www.sotrender.com\/blog\/?s={search_term_string}"},"query-input":"required name=search_term_string"}],"inLanguage":"pl-PL"},{"@type":"Person","@id":"https:\/\/www.sotrender.com\/blog\/#\/schema\/person\/038ac5e276c5d102d8cbb9c36cd43416","name":"Klaudia \u017by\u0142ka","image":{"@type":"ImageObject","inLanguage":"pl-PL","@id":"https:\/\/www.sotrender.com\/blog\/#\/schema\/person\/image\/","url":"https:\/\/secure.gravatar.com\/avatar\/f55d5d49ce3c448e1ffde0ab078d84cd?s=96&d=mm&r=g","contentUrl":"https:\/\/secure.gravatar.com\/avatar\/f55d5d49ce3c448e1ffde0ab078d84cd?s=96&d=mm&r=g","caption":"Klaudia \u017by\u0142ka"},"description":"Instagram, dogs, books and food lover. Former student at Warsaw University and Malm\u00f6 University. Improving her marketing skills every day. Proud owner of DIMAQ certificate","sameAs":["https:\/\/www.linkedin.com\/in\/klaudia-\u017cy\u0142ka-17527779"],"url":"https:\/\/www.sotrender.com\/blog\/pl\/author\/klaudia_yka\/"}]}},"_links":{"self":[{"href":"https:\/\/www.sotrender.com\/blog\/pl\/wp-json\/wp\/v2\/posts\/47277"}],"collection":[{"href":"https:\/\/www.sotrender.com\/blog\/pl\/wp-json\/wp\/v2\/posts"}],"about":[{"href":"https:\/\/www.sotrender.com\/blog\/pl\/wp-json\/wp\/v2\/types\/post"}],"author":[{"embeddable":true,"href":"https:\/\/www.sotrender.com\/blog\/pl\/wp-json\/wp\/v2\/users\/89"}],"replies":[{"embeddable":true,"href":"https:\/\/www.sotrender.com\/blog\/pl\/wp-json\/wp\/v2\/comments?post=47277"}],"version-history":[{"count":9,"href":"https:\/\/www.sotrender.com\/blog\/pl\/wp-json\/wp\/v2\/posts\/47277\/revisions"}],"predecessor-version":[{"id":47305,"href":"https:\/\/www.sotrender.com\/blog\/pl\/wp-json\/wp\/v2\/posts\/47277\/revisions\/47305"}],"wp:featuredmedia":[{"embeddable":true,"href":"https:\/\/www.sotrender.com\/blog\/pl\/wp-json\/wp\/v2\/media\/47283"}],"wp:attachment":[{"href":"https:\/\/www.sotrender.com\/blog\/pl\/wp-json\/wp\/v2\/media?parent=47277"}],"wp:term":[{"taxonomy":"category","embeddable":true,"href":"https:\/\/www.sotrender.com\/blog\/pl\/wp-json\/wp\/v2\/categories?post=47277"},{"taxonomy":"post_tag","embeddable":true,"href":"https:\/\/www.sotrender.com\/blog\/pl\/wp-json\/wp\/v2\/tags?post=47277"}],"curies":[{"name":"wp","href":"https:\/\/api.w.org\/{rel}","templated":true}]}}