{"id":47231,"date":"2023-03-07T11:44:58","date_gmt":"2023-03-07T10:44:58","guid":{"rendered":"https:\/\/www.sotrender.com\/blog\/?p=47231\/"},"modified":"2023-03-07T11:44:58","modified_gmt":"2023-03-07T10:44:58","slug":"facebook-trends-luty-2023","status":"publish","type":"post","link":"https:\/\/www.sotrender.com\/blog\/pl\/2023\/03\/facebook-trends-luty-2023\/","title":{"rendered":"Facebook Trends luty 2023 &#8211; wiele okazji do \u015bwi\u0119towania"},"content":{"rendered":"<p><span style=\"font-weight: 400;\">Dzie\u0144 pizzy, T\u0142usty czwartek, Walentynki, dzie\u0144 walki z depresja, dzie\u0144 kota\u2026 Mniejszych lub wi\u0119kszych okazji do wsp\u00f3lnego \u015bwi\u0119towania i do self-care\u2019u by\u0142o w lutym ca\u0142e mn\u00f3stwo, a marki bardzo ch\u0119tnie wykorzystywa\u0142y wszystkie te okazje tworz\u0105c tre\u015bci na Facebooka.\u00a0<\/span><\/p>\n<p><!--more--><\/p>\n<p><span style=\"font-weight: 400;\">Zapraszamy na <a href=\"https:\/\/www.sotrender.com\/trends\/facebook\/poland\/202302\" target=\"_blank\" rel=\"noopener\">lutowy raport Facebook Trends<\/a>, w kt\u00f3rym przygl\u0105damy si\u0119 wybranym z nich.\u00a0\u00a0<\/span><\/p>\n<h2><strong>Mistrz jest tylko jeden<\/strong><\/h2>\n<p><span style=\"font-weight: 400;\">Przegl\u0105daj\u0105c kategori\u0119 <a href=\"https:\/\/www.sotrender.com\/trends\/facebook\/poland\/202302\/media\/sport_media\" target=\"_blank\" rel=\"noopener\">Media sportowe<\/a>, nie mamy w\u0105tpliwo\u015bci, jakie by\u0142o najwa\u017cniejsze sportowe wydarzenie lutego. Ulubieniec Polak\u00f3w, Piotr \u017by\u0142a, 25 lutego zdoby\u0142 sw\u00f3j trzeci tytu\u0142 mistrza \u015bwiata w skokach narciarskich.\u00a0<\/span><\/p>\n<p><span style=\"font-weight: 400;\">Sportowe profile na Facebooku by\u0142y tego dnia rozgrzane do czerwono\u015bci. Najwi\u0119ksze zaanga\u017cowanie odnotowali\u015bmy pod postem opublikowanym na profilu WP SportoweFakty.<\/span><\/p>\n<div id=\"attachment_47237\" style=\"width: 810px\" class=\"wp-caption aligncenter\"><img loading=\"lazy\" decoding=\"async\" aria-describedby=\"caption-attachment-47237\" class=\" wp-image-47237\" src=\"https:\/\/www.sotrender.com\/blog\/wp-content\/uploads\/2023\/03\/facebook-luty-piotr-z\u0307yla.png\" alt=\"piotr \u017cy\u0142a mistrz \u015bwiata facebook\" width=\"800\" height=\"731\" srcset=\"https:\/\/www.sotrender.com\/blog\/wp-content\/uploads\/2023\/03\/facebook-luty-piotr-z\u0307yla.png 1464w, https:\/\/www.sotrender.com\/blog\/wp-content\/uploads\/2023\/03\/facebook-luty-piotr-z\u0307yla-475x433.png 475w, https:\/\/www.sotrender.com\/blog\/wp-content\/uploads\/2023\/03\/facebook-luty-piotr-z\u0307yla-768x701.png 768w\" sizes=\"(max-width: 800px) 100vw, 800px\" \/><p id=\"caption-attachment-47237\" class=\"wp-caption-text\">Najlepsze posty w kategorii <a href=\"https:\/\/www.sotrender.com\/trends\/facebook\/poland\/202302\/media\/sport_media\" target=\"_blank\" rel=\"noopener\">Media sportowe<\/a> na Facebooku, luty 2023<\/p><\/div>\n<h2><strong>Najbardziej anga\u017cuj\u0105cy p\u0105czkowy content<\/strong><\/h2>\n<p><span style=\"font-weight: 400;\">Na pewno wi\u0119kszo\u015b\u0107 z Was kojarzy profil <em>Polska Policja<\/em>. To w\u0142a\u015bnie na nim opublikowano jeden z bardziej anga\u017cuj\u0105cych post\u00f3w w T\u0142usty czwartek. Nawi\u0105zywa\u0142 on oczywi\u015bcie do pracy policji oraz najbardziej po\u017c\u0105danej rzeczy tego dnia &#8211; p\u0105czka.\u00a0<\/span><\/p>\n<p><iframe loading=\"lazy\" style=\"border: none; overflow: hidden;\" src=\"https:\/\/www.facebook.com\/plugins\/post.php?href=https%3A%2F%2Fwww.facebook.com%2FPolicjaPL%2Fposts%2Fpfbid029hLM4PY5BvXuRCW3CuTvVS8v9eTdgxVxaMoocoori6UdJ8WbBiJ4kNVEvu1pj3RNl&amp;show_text=true&amp;width=500\" width=\"500\" height=\"609\" frameborder=\"0\" scrolling=\"no\" allowfullscreen=\"allowfullscreen\"><\/iframe><\/p>\n<p>Post znalaz\u0142 si\u0119 w\u015br\u00f3d najlepszych post\u00f3w miesi\u0105ca w kategorii <a href=\"https:\/\/www.sotrender.com\/trends\/facebook\/poland\/202302\/organizacje_rzadowe\" target=\"_blank\" rel=\"noopener\">Organizacje rz\u0105dowe i samorz\u0105dowe<\/a>.<\/p>\n<p><span style=\"font-weight: 400;\">To nie pierwszy raz, gdy moderatorzy profilu <em>Polska Policja<\/em> zaskakuj\u0105 odbiorc\u00f3w doborem tre\u015bci.\u00a0<\/span><\/p>\n<h2><strong>Nowy teledysk Dawida Podsiad\u0142o<\/strong><\/h2>\n<p><span style=\"font-weight: 400;\">Dawid Podsiad\u0142o nie jest nadmiernie aktywny na swoim profilu na Facebooku &#8211; jednak gdy ju\u017c na niego wraca, robi to z przytupem.\u00a0<\/span><\/p>\n<p><span style=\"font-weight: 400;\">Nie inaczej by\u0142o w lutym &#8211; z pi\u0119ciu opublikowanych przez artyst\u0119 post\u00f3w, dwa znalaz\u0142y si\u0119 w TOP3 najlepszych post\u00f3w miesi\u0105ca w kategorii <a href=\"https:\/\/www.sotrender.com\/trends\/facebook\/poland\/202302\/osoby\/muzycy_zespoly\" target=\"_blank\" rel=\"noopener\">Muzycy i zespo\u0142y<\/a>.\u00a0<\/span><\/p>\n<p><span style=\"font-weight: 400;\">Pierwszym z nich by\u0142o nagranie wyj\u0105tkowego koncertu ze Stadionu \u015al\u0105skiego, za\u015b drugim premiera, nie mniej wyj\u0105tkowego, teledysku, kt\u00f3ry, jak si\u0119 okazuje, nigdy nie mia\u0142 ujrze\u0107 \u015bwiat\u0142a dziennego.\u00a0<\/span><\/p>\n<div id=\"attachment_47239\" style=\"width: 1946px\" class=\"wp-caption aligncenter\"><img loading=\"lazy\" decoding=\"async\" aria-describedby=\"caption-attachment-47239\" class=\"wp-image-47239 size-full\" src=\"https:\/\/www.sotrender.com\/blog\/wp-content\/uploads\/2023\/03\/najlepsze-posty-luty-facebook-dawid-podsiadlo-.png\" alt=\"muzycy facebook luty najlepsze posty podsiad\u0142o\" width=\"1936\" height=\"916\" srcset=\"https:\/\/www.sotrender.com\/blog\/wp-content\/uploads\/2023\/03\/najlepsze-posty-luty-facebook-dawid-podsiadlo-.png 1936w, https:\/\/www.sotrender.com\/blog\/wp-content\/uploads\/2023\/03\/najlepsze-posty-luty-facebook-dawid-podsiadlo--475x225.png 475w, https:\/\/www.sotrender.com\/blog\/wp-content\/uploads\/2023\/03\/najlepsze-posty-luty-facebook-dawid-podsiadlo--768x363.png 768w, https:\/\/www.sotrender.com\/blog\/wp-content\/uploads\/2023\/03\/najlepsze-posty-luty-facebook-dawid-podsiadlo--1536x727.png 1536w\" sizes=\"(max-width: 1936px) 100vw, 1936px\" \/><p id=\"caption-attachment-47239\" class=\"wp-caption-text\">Najlepsze posty w kategorii <a href=\"https:\/\/www.sotrender.com\/trends\/facebook\/poland\/202302\/osoby\/muzycy_zespoly#best_posts\" target=\"_blank\" rel=\"noopener\">Muzycy i zespo\u0142y<\/a> w lutym 2023 na Facebooku<\/p><\/div>\n<p><span style=\"font-weight: 400;\">Entuzjastyczne przyj\u0119cie obydwu materia\u0142\u00f3w chyba nie powinno nikogo dziwi\u0107 &#8211; tak samo jak awans profilu artysty w naszym raporcie. Na profilu Dawida odnotowali\u015bmy przyrost zaanga\u017cowania a\u017c 0 1863% w stosunku do poprzedniego miesi\u0105ca.\u00a0<\/span><\/p>\n<div id=\"attachment_47241\" style=\"width: 1990px\" class=\"wp-caption aligncenter\"><img loading=\"lazy\" decoding=\"async\" aria-describedby=\"caption-attachment-47241\" class=\"size-full wp-image-47241\" src=\"https:\/\/www.sotrender.com\/blog\/wp-content\/uploads\/2023\/03\/profile-muzyko\u0301w-na-facebooku-o-najwie\u0328kszym-zaangaz\u0307owaniu-luty.png\" alt=\"dawid podsiad\u0142o zaanga\u017cowanie facebook muzyka\" width=\"1980\" height=\"512\" srcset=\"https:\/\/www.sotrender.com\/blog\/wp-content\/uploads\/2023\/03\/profile-muzyko\u0301w-na-facebooku-o-najwie\u0328kszym-zaangaz\u0307owaniu-luty.png 1980w, https:\/\/www.sotrender.com\/blog\/wp-content\/uploads\/2023\/03\/profile-muzyko\u0301w-na-facebooku-o-najwie\u0328kszym-zaangaz\u0307owaniu-luty-475x123.png 475w, https:\/\/www.sotrender.com\/blog\/wp-content\/uploads\/2023\/03\/profile-muzyko\u0301w-na-facebooku-o-najwie\u0328kszym-zaangaz\u0307owaniu-luty-768x199.png 768w, https:\/\/www.sotrender.com\/blog\/wp-content\/uploads\/2023\/03\/profile-muzyko\u0301w-na-facebooku-o-najwie\u0328kszym-zaangaz\u0307owaniu-luty-1536x397.png 1536w\" sizes=\"(max-width: 1980px) 100vw, 1980px\" \/><p id=\"caption-attachment-47241\" class=\"wp-caption-text\">Profile w kategorii <a href=\"https:\/\/www.sotrender.com\/trends\/facebook\/poland\/202302\/osoby\/muzycy_zespoly#storytellers\" target=\"_blank\" rel=\"noopener\">Muzycy i zespo\u0142y<\/a> o najwi\u0119kszym zaanga\u017cowaniu w lutym 2023 na Facebooku<\/p><\/div>\n<h2><strong>Stabilny CPC, wzrost CPM<\/strong><\/h2>\n<p><span style=\"font-weight: 400;\">Pora na szybki update, je\u015bli chodzi o koszty reklamowe w ekosystemie Meta. Podczas gdy \u015bredni koszty CPC wygl\u0105da\u0142y niemal\u017ce identycznie, jak w styczniu (72 grosze w lutym, 70 groszy <a href=\"https:\/\/www.sotrender.com\/blog\/pl\/2023\/02\/facebook-trends-styczen-2023-wszystkie-rece-na-poklad\/\">w styczniu<\/a>), w minionym miesi\u0105cu odnotowali\u015bmy do\u015b\u0107 znaczny wzrost w koszcie dotarcia do tysi\u0105ca u\u017cytkownik\u00f3w.\u00a0<\/span><\/p>\n<p><span style=\"font-weight: 400;\">W lutym, za CPM reklamodawcy p\u0142acili \u015brednio 6 z\u0142 59 gr, czyli o 1 z\u0142 36 gr wi\u0119cej ni\u017c w styczniu.\u00a0<\/span><\/p>\n<div id=\"attachment_47243\" style=\"width: 760px\" class=\"wp-caption aligncenter\"><img loading=\"lazy\" decoding=\"async\" aria-describedby=\"caption-attachment-47243\" class=\" wp-image-47243\" src=\"https:\/\/www.sotrender.com\/blog\/wp-content\/uploads\/2023\/03\/CPM_2-2023.png\" alt=\"cpm facebook meta luty 2023\" width=\"750\" height=\"438\" srcset=\"https:\/\/www.sotrender.com\/blog\/wp-content\/uploads\/2023\/03\/CPM_2-2023.png 1200w, https:\/\/www.sotrender.com\/blog\/wp-content\/uploads\/2023\/03\/CPM_2-2023-475x277.png 475w, https:\/\/www.sotrender.com\/blog\/wp-content\/uploads\/2023\/03\/CPM_2-2023-768x448.png 768w\" sizes=\"(max-width: 750px) 100vw, 750px\" \/><p id=\"caption-attachment-47243\" class=\"wp-caption-text\">Koszt CPM w lutym 2023 w ekosystemie Meta<\/p><\/div>\n<p>To ju\u017c wszystko, je\u015bli chodzi o <a href=\"https:\/\/www.sotrender.com\/trends\/facebook\/poland\/202302\">podsumowanie lutego na Facebooku<\/a>. A ju\u017c za kilka dni zapraszamy na lutowy raport <a href=\"https:\/\/www.sotrender.com\/trends\/instagram\/poland\">Instagram Trends<\/a>!<\/p>\n","protected":false},"excerpt":{"rendered":"<p>Dzie\u0144 pizzy, T\u0142usty czwartek, Walentynki, dzie\u0144 walki z depresja, dzie\u0144 kota\u2026 Mniejszych lub wi\u0119kszych okazji do wsp\u00f3lnego \u015bwi\u0119towania i do self-care\u2019u by\u0142o w lutym ca\u0142e mn\u00f3stwo, a marki bardzo ch\u0119tnie wykorzystywa\u0142y wszystkie te okazje tworz\u0105c tre\u015bci na Facebooka.\u00a0<\/p>\n","protected":false},"author":89,"featured_media":47233,"comment_status":"open","ping_status":"open","sticky":false,"template":"","format":"standard","meta":{"inline_featured_image":false,"footnotes":""},"categories":[1797,2125,2275],"tags":[2001,2307,2795],"yoast_head":"<!-- This site is optimized with the Yoast SEO plugin v22.4 - https:\/\/yoast.com\/wordpress\/plugins\/seo\/ -->\n<title>Facebook Trends luty 2023 - wiele okazji do \u015bwi\u0119towania<\/title>\n<meta name=\"description\" content=\"Mniejszych lub wi\u0119kszych okazji do wsp\u00f3lnego \u015bwi\u0119towania i do self-care\u2019u by\u0142o w lutym ca\u0142e mn\u00f3stwo, a my przygl\u0105damy si\u0119 wybranym z nich.\" \/>\n<meta name=\"robots\" content=\"index, follow, max-snippet:-1, max-image-preview:large, max-video-preview:-1\" \/>\n<link rel=\"canonical\" href=\"https:\/\/www.sotrender.com\/blog\/pl\/2023\/03\/facebook-trends-luty-2023\/\" \/>\n<meta property=\"og:locale\" content=\"pl_PL\" \/>\n<meta property=\"og:type\" content=\"article\" \/>\n<meta property=\"og:title\" content=\"Facebook Trends luty 2023 - wiele okazji do \u015bwi\u0119towania\" \/>\n<meta property=\"og:description\" content=\"Mniejszych lub wi\u0119kszych okazji do wsp\u00f3lnego \u015bwi\u0119towania i do self-care\u2019u by\u0142o w lutym ca\u0142e mn\u00f3stwo, a my przygl\u0105damy si\u0119 wybranym z nich.\" \/>\n<meta property=\"og:url\" content=\"https:\/\/www.sotrender.com\/blog\/pl\/2023\/03\/facebook-trends-luty-2023\/\" \/>\n<meta property=\"og:site_name\" content=\"Sotrender Blog\" \/>\n<meta property=\"article:publisher\" content=\"https:\/\/www.facebook.com\/Sotrender\" \/>\n<meta property=\"article:published_time\" content=\"2023-03-07T10:44:58+00:00\" \/>\n<meta property=\"og:image\" content=\"https:\/\/www.sotrender.com\/blog\/wp-content\/uploads\/2023\/03\/tlusty-czwartek.jpg\" \/>\n\t<meta property=\"og:image:width\" content=\"1280\" \/>\n\t<meta property=\"og:image:height\" content=\"853\" \/>\n\t<meta property=\"og:image:type\" content=\"image\/jpeg\" \/>\n<meta name=\"author\" content=\"Klaudia \u017by\u0142ka\" \/>\n<meta name=\"twitter:card\" content=\"summary_large_image\" \/>\n<meta name=\"twitter:creator\" content=\"@Sotrender\" \/>\n<meta name=\"twitter:site\" content=\"@Sotrender\" \/>\n<meta name=\"twitter:label1\" content=\"Written by\" \/>\n\t<meta name=\"twitter:data1\" content=\"Klaudia \u017by\u0142ka\" \/>\n\t<meta name=\"twitter:label2\" content=\"Est. reading time\" \/>\n\t<meta name=\"twitter:data2\" content=\"3 minutes\" \/>\n<script type=\"application\/ld+json\" class=\"yoast-schema-graph\">{\"@context\":\"https:\/\/schema.org\",\"@graph\":[{\"@type\":\"WebPage\",\"@id\":\"https:\/\/www.sotrender.com\/blog\/pl\/2023\/03\/facebook-trends-luty-2023\/\",\"url\":\"https:\/\/www.sotrender.com\/blog\/pl\/2023\/03\/facebook-trends-luty-2023\/\",\"name\":\"Facebook Trends luty 2023 - wiele okazji do \u015bwi\u0119towania\",\"isPartOf\":{\"@id\":\"https:\/\/www.sotrender.com\/blog\/#website\"},\"primaryImageOfPage\":{\"@id\":\"https:\/\/www.sotrender.com\/blog\/pl\/2023\/03\/facebook-trends-luty-2023\/#primaryimage\"},\"image\":{\"@id\":\"https:\/\/www.sotrender.com\/blog\/pl\/2023\/03\/facebook-trends-luty-2023\/#primaryimage\"},\"thumbnailUrl\":\"https:\/\/www.sotrender.com\/blog\/wp-content\/uploads\/2023\/03\/tlusty-czwartek.jpg\",\"datePublished\":\"2023-03-07T10:44:58+00:00\",\"dateModified\":\"2023-03-07T10:44:58+00:00\",\"author\":{\"@id\":\"https:\/\/www.sotrender.com\/blog\/#\/schema\/person\/038ac5e276c5d102d8cbb9c36cd43416\"},\"description\":\"Mniejszych lub wi\u0119kszych okazji do wsp\u00f3lnego \u015bwi\u0119towania i do self-care\u2019u by\u0142o w lutym ca\u0142e mn\u00f3stwo, a my przygl\u0105damy si\u0119 wybranym z nich.\",\"breadcrumb\":{\"@id\":\"https:\/\/www.sotrender.com\/blog\/pl\/2023\/03\/facebook-trends-luty-2023\/#breadcrumb\"},\"inLanguage\":\"pl-PL\",\"potentialAction\":[{\"@type\":\"ReadAction\",\"target\":[\"https:\/\/www.sotrender.com\/blog\/pl\/2023\/03\/facebook-trends-luty-2023\/\"]}]},{\"@type\":\"ImageObject\",\"inLanguage\":\"pl-PL\",\"@id\":\"https:\/\/www.sotrender.com\/blog\/pl\/2023\/03\/facebook-trends-luty-2023\/#primaryimage\",\"url\":\"https:\/\/www.sotrender.com\/blog\/wp-content\/uploads\/2023\/03\/tlusty-czwartek.jpg\",\"contentUrl\":\"https:\/\/www.sotrender.com\/blog\/wp-content\/uploads\/2023\/03\/tlusty-czwartek.jpg\",\"width\":1280,\"height\":853},{\"@type\":\"BreadcrumbList\",\"@id\":\"https:\/\/www.sotrender.com\/blog\/pl\/2023\/03\/facebook-trends-luty-2023\/#breadcrumb\",\"itemListElement\":[{\"@type\":\"ListItem\",\"position\":1,\"name\":\"Home\",\"item\":\"https:\/\/www.sotrender.com\/blog\/\"},{\"@type\":\"ListItem\",\"position\":2,\"name\":\"Facebook Trends luty 2023 &#8211; wiele okazji do \u015bwi\u0119towania\"}]},{\"@type\":\"WebSite\",\"@id\":\"https:\/\/www.sotrender.com\/blog\/#website\",\"url\":\"https:\/\/www.sotrender.com\/blog\/\",\"name\":\"Sotrender Blog\",\"description\":\"\",\"potentialAction\":[{\"@type\":\"SearchAction\",\"target\":{\"@type\":\"EntryPoint\",\"urlTemplate\":\"https:\/\/www.sotrender.com\/blog\/?s={search_term_string}\"},\"query-input\":\"required name=search_term_string\"}],\"inLanguage\":\"pl-PL\"},{\"@type\":\"Person\",\"@id\":\"https:\/\/www.sotrender.com\/blog\/#\/schema\/person\/038ac5e276c5d102d8cbb9c36cd43416\",\"name\":\"Klaudia \u017by\u0142ka\",\"image\":{\"@type\":\"ImageObject\",\"inLanguage\":\"pl-PL\",\"@id\":\"https:\/\/www.sotrender.com\/blog\/#\/schema\/person\/image\/\",\"url\":\"https:\/\/secure.gravatar.com\/avatar\/f55d5d49ce3c448e1ffde0ab078d84cd?s=96&d=mm&r=g\",\"contentUrl\":\"https:\/\/secure.gravatar.com\/avatar\/f55d5d49ce3c448e1ffde0ab078d84cd?s=96&d=mm&r=g\",\"caption\":\"Klaudia \u017by\u0142ka\"},\"description\":\"Instagram, dogs, books and food lover. Former student at Warsaw University and Malm\u00f6 University. Improving her marketing skills every day. Proud owner of DIMAQ certificate\",\"sameAs\":[\"https:\/\/www.linkedin.com\/in\/klaudia-\u017cy\u0142ka-17527779\"],\"url\":\"https:\/\/www.sotrender.com\/blog\/pl\/author\/klaudia_yka\/\"}]}<\/script>\n<!-- \/ Yoast SEO plugin. -->","yoast_head_json":{"title":"Facebook Trends luty 2023 - wiele okazji do \u015bwi\u0119towania","description":"Mniejszych lub wi\u0119kszych okazji do wsp\u00f3lnego \u015bwi\u0119towania i do self-care\u2019u by\u0142o w lutym ca\u0142e mn\u00f3stwo, a my przygl\u0105damy si\u0119 wybranym z nich.","robots":{"index":"index","follow":"follow","max-snippet":"max-snippet:-1","max-image-preview":"max-image-preview:large","max-video-preview":"max-video-preview:-1"},"canonical":"https:\/\/www.sotrender.com\/blog\/pl\/2023\/03\/facebook-trends-luty-2023\/","og_locale":"pl_PL","og_type":"article","og_title":"Facebook Trends luty 2023 - wiele okazji do \u015bwi\u0119towania","og_description":"Mniejszych lub wi\u0119kszych okazji do wsp\u00f3lnego \u015bwi\u0119towania i do self-care\u2019u by\u0142o w lutym ca\u0142e mn\u00f3stwo, a my przygl\u0105damy si\u0119 wybranym z nich.","og_url":"https:\/\/www.sotrender.com\/blog\/pl\/2023\/03\/facebook-trends-luty-2023\/","og_site_name":"Sotrender Blog","article_publisher":"https:\/\/www.facebook.com\/Sotrender","article_published_time":"2023-03-07T10:44:58+00:00","og_image":[{"width":1280,"height":853,"url":"https:\/\/www.sotrender.com\/blog\/wp-content\/uploads\/2023\/03\/tlusty-czwartek.jpg","type":"image\/jpeg"}],"author":"Klaudia \u017by\u0142ka","twitter_card":"summary_large_image","twitter_creator":"@Sotrender","twitter_site":"@Sotrender","twitter_misc":{"Written by":"Klaudia \u017by\u0142ka","Est. reading time":"3 minutes"},"schema":{"@context":"https:\/\/schema.org","@graph":[{"@type":"WebPage","@id":"https:\/\/www.sotrender.com\/blog\/pl\/2023\/03\/facebook-trends-luty-2023\/","url":"https:\/\/www.sotrender.com\/blog\/pl\/2023\/03\/facebook-trends-luty-2023\/","name":"Facebook Trends luty 2023 - wiele okazji do \u015bwi\u0119towania","isPartOf":{"@id":"https:\/\/www.sotrender.com\/blog\/#website"},"primaryImageOfPage":{"@id":"https:\/\/www.sotrender.com\/blog\/pl\/2023\/03\/facebook-trends-luty-2023\/#primaryimage"},"image":{"@id":"https:\/\/www.sotrender.com\/blog\/pl\/2023\/03\/facebook-trends-luty-2023\/#primaryimage"},"thumbnailUrl":"https:\/\/www.sotrender.com\/blog\/wp-content\/uploads\/2023\/03\/tlusty-czwartek.jpg","datePublished":"2023-03-07T10:44:58+00:00","dateModified":"2023-03-07T10:44:58+00:00","author":{"@id":"https:\/\/www.sotrender.com\/blog\/#\/schema\/person\/038ac5e276c5d102d8cbb9c36cd43416"},"description":"Mniejszych lub wi\u0119kszych okazji do wsp\u00f3lnego \u015bwi\u0119towania i do self-care\u2019u by\u0142o w lutym ca\u0142e mn\u00f3stwo, a my przygl\u0105damy si\u0119 wybranym z nich.","breadcrumb":{"@id":"https:\/\/www.sotrender.com\/blog\/pl\/2023\/03\/facebook-trends-luty-2023\/#breadcrumb"},"inLanguage":"pl-PL","potentialAction":[{"@type":"ReadAction","target":["https:\/\/www.sotrender.com\/blog\/pl\/2023\/03\/facebook-trends-luty-2023\/"]}]},{"@type":"ImageObject","inLanguage":"pl-PL","@id":"https:\/\/www.sotrender.com\/blog\/pl\/2023\/03\/facebook-trends-luty-2023\/#primaryimage","url":"https:\/\/www.sotrender.com\/blog\/wp-content\/uploads\/2023\/03\/tlusty-czwartek.jpg","contentUrl":"https:\/\/www.sotrender.com\/blog\/wp-content\/uploads\/2023\/03\/tlusty-czwartek.jpg","width":1280,"height":853},{"@type":"BreadcrumbList","@id":"https:\/\/www.sotrender.com\/blog\/pl\/2023\/03\/facebook-trends-luty-2023\/#breadcrumb","itemListElement":[{"@type":"ListItem","position":1,"name":"Home","item":"https:\/\/www.sotrender.com\/blog\/"},{"@type":"ListItem","position":2,"name":"Facebook Trends luty 2023 &#8211; wiele okazji do \u015bwi\u0119towania"}]},{"@type":"WebSite","@id":"https:\/\/www.sotrender.com\/blog\/#website","url":"https:\/\/www.sotrender.com\/blog\/","name":"Sotrender Blog","description":"","potentialAction":[{"@type":"SearchAction","target":{"@type":"EntryPoint","urlTemplate":"https:\/\/www.sotrender.com\/blog\/?s={search_term_string}"},"query-input":"required name=search_term_string"}],"inLanguage":"pl-PL"},{"@type":"Person","@id":"https:\/\/www.sotrender.com\/blog\/#\/schema\/person\/038ac5e276c5d102d8cbb9c36cd43416","name":"Klaudia \u017by\u0142ka","image":{"@type":"ImageObject","inLanguage":"pl-PL","@id":"https:\/\/www.sotrender.com\/blog\/#\/schema\/person\/image\/","url":"https:\/\/secure.gravatar.com\/avatar\/f55d5d49ce3c448e1ffde0ab078d84cd?s=96&d=mm&r=g","contentUrl":"https:\/\/secure.gravatar.com\/avatar\/f55d5d49ce3c448e1ffde0ab078d84cd?s=96&d=mm&r=g","caption":"Klaudia \u017by\u0142ka"},"description":"Instagram, dogs, books and food lover. Former student at Warsaw University and Malm\u00f6 University. Improving her marketing skills every day. Proud owner of DIMAQ certificate","sameAs":["https:\/\/www.linkedin.com\/in\/klaudia-\u017cy\u0142ka-17527779"],"url":"https:\/\/www.sotrender.com\/blog\/pl\/author\/klaudia_yka\/"}]}},"_links":{"self":[{"href":"https:\/\/www.sotrender.com\/blog\/pl\/wp-json\/wp\/v2\/posts\/47231"}],"collection":[{"href":"https:\/\/www.sotrender.com\/blog\/pl\/wp-json\/wp\/v2\/posts"}],"about":[{"href":"https:\/\/www.sotrender.com\/blog\/pl\/wp-json\/wp\/v2\/types\/post"}],"author":[{"embeddable":true,"href":"https:\/\/www.sotrender.com\/blog\/pl\/wp-json\/wp\/v2\/users\/89"}],"replies":[{"embeddable":true,"href":"https:\/\/www.sotrender.com\/blog\/pl\/wp-json\/wp\/v2\/comments?post=47231"}],"version-history":[{"count":16,"href":"https:\/\/www.sotrender.com\/blog\/pl\/wp-json\/wp\/v2\/posts\/47231\/revisions"}],"predecessor-version":[{"id":47273,"href":"https:\/\/www.sotrender.com\/blog\/pl\/wp-json\/wp\/v2\/posts\/47231\/revisions\/47273"}],"wp:featuredmedia":[{"embeddable":true,"href":"https:\/\/www.sotrender.com\/blog\/pl\/wp-json\/wp\/v2\/media\/47233"}],"wp:attachment":[{"href":"https:\/\/www.sotrender.com\/blog\/pl\/wp-json\/wp\/v2\/media?parent=47231"}],"wp:term":[{"taxonomy":"category","embeddable":true,"href":"https:\/\/www.sotrender.com\/blog\/pl\/wp-json\/wp\/v2\/categories?post=47231"},{"taxonomy":"post_tag","embeddable":true,"href":"https:\/\/www.sotrender.com\/blog\/pl\/wp-json\/wp\/v2\/tags?post=47231"}],"curies":[{"name":"wp","href":"https:\/\/api.w.org\/{rel}","templated":true}]}}