{"id":47125,"date":"2023-02-15T09:25:08","date_gmt":"2023-02-15T08:25:08","guid":{"rendered":"https:\/\/www.sotrender.com\/blog\/?p=47125\/"},"modified":"2023-02-15T09:25:08","modified_gmt":"2023-02-15T08:25:08","slug":"instagram-trends-styczen-2023-poznajcie-top-marki-na-instagramie","status":"publish","type":"post","link":"https:\/\/www.sotrender.com\/blog\/pl\/2023\/02\/instagram-trends-styczen-2023-poznajcie-top-marki-na-instagramie\/","title":{"rendered":"Instagram Trends stycze\u0144 2023 &#8211; poznajcie TOP marki na Instagramie"},"content":{"rendered":"<p><span style=\"font-weight: 400;\">Nie trzymamy Was d\u0142u\u017cej w niepewno\u015bci i oddajemy w Wasze r\u0119ce premierowy, i tak d\u0142ugo wyczekiwany, <a href=\"https:\/\/www.sotrender.com\/trends\/instagram\/poland\/202301\" target=\"_blank\" rel=\"noopener\">raport Instagram Trends<\/a>! ?<\/span><\/p>\n<p><!--more--><\/p>\n<p><span style=\"font-weight: 400;\">Poniewa\u017c jest to nasz pierwszy raport po (zdecydowanie za d\u0142ugiej ;)) przerwie, na pocz\u0105tek przyjrzyjmy si\u0119 profilom marek z najwi\u0119ksz\u0105 liczb\u0105 obserwuj\u0105cych i najwi\u0119ksz\u0105 liczb\u0105 aktywno\u015bci.\u00a0<\/span><\/p>\n<h2><strong>Najwi\u0119ksze i najbardziej anga\u017cuj\u0105ce profile marek\u00a0<\/strong><\/h2>\n<p><span style=\"font-weight: 400;\">Potrafiliby\u015bcie wymieni\u0107 10 <a href=\"https:\/\/www.sotrender.com\/trends\/instagram\/poland\/202301\/marki\" target=\"_blank\" rel=\"noopener\">najwi\u0119kszych profili marek<\/a> na polskim Instagramie? Od dzi\u015b nie b\u0119dziecie mieli problemu by je wskaza\u0107. \ud83d\ude09\u00a0<\/span><\/p>\n<h3><strong>Marki &#8211; najwi\u0119ksze profile na Instagramie\u00a0<\/strong><\/h3>\n<p><span style=\"font-weight: 400;\">W TOP10 znajdziemy g\u0142\u00f3wnie profile:<\/span><\/p>\n<ul>\n<li style=\"font-weight: 400;\" aria-level=\"1\"><span style=\"font-weight: 400;\"><strong>marek odzie\u017cowych<\/strong>, m.in. Reserved, DeeZee, CCC,<\/span><\/li>\n<li style=\"font-weight: 400;\" aria-level=\"1\"><span style=\"font-weight: 400;\"><strong>marek kosmetycznych<\/strong> &#8211; Indigo Nails, Rossmann,\u00a0<\/span><\/li>\n<li style=\"font-weight: 400;\" aria-level=\"1\"><span style=\"font-weight: 400;\">a tak\u017ce <strong>najpopularniejszych sklep\u00f3w sieciowych<\/strong>, jak Ikea i Pepco.\u00a0<\/span><\/li>\n<\/ul>\n<p><span style=\"font-weight: 400;\">Tylko dw\u00f3m z nich uda\u0142o si\u0119 przekroczy\u0107 granic\u0119 miliona obserwuj\u0105cych (Reserved, Westwing), a kolejnym dw\u00f3m pr\u00f3g 500 tys. obserwuj\u0105cych (Pepco, DeeZee).\u00a0<\/span><\/p>\n<div id=\"attachment_47137\" style=\"width: 1964px\" class=\"wp-caption aligncenter\"><img loading=\"lazy\" decoding=\"async\" aria-describedby=\"caption-attachment-47137\" class=\"wp-image-47137 size-full\" src=\"https:\/\/www.sotrender.com\/blog\/wp-content\/uploads\/2023\/02\/marki-na-Instagramie-najwie\u0328ksze-profile-.png\" alt=\"marki na Instagramie - najwie\u0328ksze profile\" width=\"1954\" height=\"1024\" srcset=\"https:\/\/www.sotrender.com\/blog\/wp-content\/uploads\/2023\/02\/marki-na-Instagramie-najwie\u0328ksze-profile-.png 1954w, https:\/\/www.sotrender.com\/blog\/wp-content\/uploads\/2023\/02\/marki-na-Instagramie-najwie\u0328ksze-profile--475x249.png 475w, https:\/\/www.sotrender.com\/blog\/wp-content\/uploads\/2023\/02\/marki-na-Instagramie-najwie\u0328ksze-profile--768x402.png 768w, https:\/\/www.sotrender.com\/blog\/wp-content\/uploads\/2023\/02\/marki-na-Instagramie-najwie\u0328ksze-profile--1536x805.png 1536w\" sizes=\"(max-width: 1954px) 100vw, 1954px\" \/><p id=\"caption-attachment-47137\" class=\"wp-caption-text\">Najwi\u0119ksze profile <a href=\"https:\/\/www.sotrender.com\/trends\/instagram\/poland\/202301\/marki\" target=\"_blank\" rel=\"noopener\">marek<\/a> w Polsce na Instagramie, stycze\u0144 2023<\/p><\/div>\n<h3><strong>Marki &#8211; TOP posty w styczniu<\/strong><\/h3>\n<p><span style=\"font-weight: 400;\"><strong>Najbardziej anga\u017cuj\u0105cym postem w kategorii Marki by\u0142 post na profilu @aaaautopolska<\/strong>, kt\u00f3ry dotyczy\u0142 dzia\u0142a\u0144 ambasadorskich z Natali\u0105 Tomczyk (nathalie_tom), vice Miss Polski.\u00a0<\/span><\/p>\n<p><span style=\"font-weight: 400;\"><a href=\"https:\/\/www.sotrender.com\/trends\/instagram\/poland\/202301\/marki#best_posts\" target=\"_blank\" rel=\"noopener\">Trzecim najlepszym postem w styczniu<\/a> by\u0142 z kolei post na profilu @ingrid.cosmetics. Zawiera\u0142 on informacj\u0119 o premierze kolekcji kosmetyk\u00f3w do makija\u017cu wsp\u00f3\u0142tworzonej z Viki Gabor.<\/span><\/p>\n<p><span style=\"font-weight: 400;\">Obydwie wsp\u00f3\u0142prace, i ich komunikacja na profilach marek, zapewni\u0142y wspomnianym profilom wzrost w zaanga\u017cowaniu i awans w zestawieniu Aktywnych u\u017cytkownik\u00f3w (odpowiednio na miejsce 17. i 13.).\u00a0<\/span><\/p>\n<p><span style=\"font-weight: 400;\">Ci\u0119\u017cko m\u00f3wi\u0107, \u017ce jest to trend &#8211; wsp\u00f3\u0142prace z influencerami i celebrytami to raczej sta\u0142y element w dzia\u0142aniach marketingowych marek, kt\u00f3ry cz\u0119sto prowadzi do obop\u00f3lnego sukcesu.\u00a0<\/span><\/p>\n<div id=\"attachment_47139\" style=\"width: 1960px\" class=\"wp-caption aligncenter\"><img loading=\"lazy\" decoding=\"async\" aria-describedby=\"caption-attachment-47139\" class=\"wp-image-47139 size-full\" src=\"https:\/\/www.sotrender.com\/blog\/wp-content\/uploads\/2023\/02\/najlepsze-posty-na-Instagramie-styczen\u0301-2023.png\" alt=\"najlepsze posty na Instagramie styczen\u0301 2023\" width=\"1950\" height=\"960\" srcset=\"https:\/\/www.sotrender.com\/blog\/wp-content\/uploads\/2023\/02\/najlepsze-posty-na-Instagramie-styczen\u0301-2023.png 1950w, https:\/\/www.sotrender.com\/blog\/wp-content\/uploads\/2023\/02\/najlepsze-posty-na-Instagramie-styczen\u0301-2023-475x234.png 475w, https:\/\/www.sotrender.com\/blog\/wp-content\/uploads\/2023\/02\/najlepsze-posty-na-Instagramie-styczen\u0301-2023-768x378.png 768w, https:\/\/www.sotrender.com\/blog\/wp-content\/uploads\/2023\/02\/najlepsze-posty-na-Instagramie-styczen\u0301-2023-1536x756.png 1536w\" sizes=\"(max-width: 1950px) 100vw, 1950px\" \/><p id=\"caption-attachment-47139\" class=\"wp-caption-text\">Najlepsze posty na Instagramie w kategorii <a href=\"https:\/\/www.sotrender.com\/trends\/instagram\/poland\/202301\/marki#best_posts\" target=\"_blank\" rel=\"noopener\">Marki<\/a>, styczen\u0301 2023<\/p><\/div>\n<p><a href=\"https:\/\/www.sotrender.com\/trends\/instagram\/poland\/202301\/marki#best_posts\" target=\"_blank\" rel=\"noopener\"><span style=\"font-weight: 400;\">Zobacz 15 najlepszych post\u00f3w stycznia w kategorii Marki &gt;<\/span><\/a><\/p>\n<h3><strong>Marki &#8211; najbardziej anga\u017cuj\u0105ce profile w styczniu<\/strong><\/h3>\n<p><span style=\"font-weight: 400;\">Profilem, kt\u00f3ry <strong>w styczniu zyska\u0142 najwi\u0119ksz\u0105 liczb\u0119 aktywno\u015bci pod postami, by\u0142 profil @dropsy.app<\/strong>. By\u0142 to niepodwa\u017calny lider w tym zestawieniu, z osza\u0142amiaj\u0105c\u0105 liczb\u0105 aktywno\u015bci\u00a0 na swoim koncie &#8211; ponad 1 mln 600 tys. Czy w najbli\u017cszych miesi\u0105cach jaka\u015b marka b\u0119dzie w stanie mu zagrozi\u0107?\u00a0<\/span><\/p>\n<p><span style=\"font-weight: 400;\"><a href=\"https:\/\/www.sotrender.com\/trends\/instagram\/poland\/202301\/marki#engagement\" target=\"_blank\" rel=\"noopener\">W\u015br\u00f3d najbardziej anga\u017cuj\u0105cych profili<\/a> nie mo\u017cemy nie dostrzec @rocketjobspolska, kt\u00f3ry uplasowa\u0142 si\u0119 na wysokim 7. miejscu. Znajdziecie tam nie tylko porz\u0105dn\u0105 dawk\u0119 humoru (jeden z takich post\u00f3w by\u0142 pi\u0105tym najlepszym postem w styczniu), ale tak\u017ce merytoryczne tre\u015bci, w kt\u00f3rych moderatorzy zach\u0119caj\u0105 do dzielenia si\u0119 swoim do\u015bwiadczeniem zwi\u0105zanym z r\u00f3\u017cnymi aspektami pracy.\u00a0<\/span><\/p>\n<p><span style=\"font-weight: 400;\">Le\u0107cie obserwowa\u0107 @rocketjobspolska, nawet je\u015bli aktualnie nie poszukujecie pracy i nie zastanawiacie si\u0119 na jej zmian\u0105. ?<\/span><\/p>\n<h2><strong>Raport Instagram Trends &#8211; co jeszcze znajdziecie w \u015brodku?\u00a0<\/strong><\/h2>\n<p><span style=\"font-weight: 400;\">My na tapet wzi\u0119li\u015bmy najwi\u0119ksze i najbardziej anga\u017cuj\u0105ce profile marek, ale to od Was zale\u017cy, jakie kategorie zg\u0142\u0119bicie w naszym raporcie. ?<\/span><\/p>\n<p><span style=\"font-weight: 400;\"><strong>Kategori\u0119 <a href=\"https:\/\/www.sotrender.com\/trends\/instagram\/poland\/202301\/marki\" target=\"_blank\" rel=\"noopener\">Marki<\/a> podzielili\u015bmy a\u017c na 16 podkategorii<\/strong> &#8211; z pewno\u015bci\u0105 wi\u0119c znajdziecie w nich to, co najbardziej Was interesuje.\u00a0<\/span><\/p>\n<div id=\"attachment_47141\" style=\"width: 2742px\" class=\"wp-caption aligncenter\"><img loading=\"lazy\" decoding=\"async\" aria-describedby=\"caption-attachment-47141\" class=\"size-full wp-image-47141\" src=\"https:\/\/www.sotrender.com\/blog\/wp-content\/uploads\/2023\/02\/instagram-trends-marki-podkategorie.png\" alt=\"instagram trends marki podkategorie\" width=\"2732\" height=\"484\" srcset=\"https:\/\/www.sotrender.com\/blog\/wp-content\/uploads\/2023\/02\/instagram-trends-marki-podkategorie.png 2732w, https:\/\/www.sotrender.com\/blog\/wp-content\/uploads\/2023\/02\/instagram-trends-marki-podkategorie-475x84.png 475w, https:\/\/www.sotrender.com\/blog\/wp-content\/uploads\/2023\/02\/instagram-trends-marki-podkategorie-768x136.png 768w, https:\/\/www.sotrender.com\/blog\/wp-content\/uploads\/2023\/02\/instagram-trends-marki-podkategorie-1536x272.png 1536w, https:\/\/www.sotrender.com\/blog\/wp-content\/uploads\/2023\/02\/instagram-trends-marki-podkategorie-2048x363.png 2048w\" sizes=\"(max-width: 2732px) 100vw, 2732px\" \/><p id=\"caption-attachment-47141\" class=\"wp-caption-text\"><a href=\"https:\/\/www.sotrender.com\/trends\/instagram\/poland\/202301\/marki\" target=\"_blank\" rel=\"noopener\">Marki<\/a> &#8211; podkategorie | Instagram Trends<\/p><\/div>\n<p><span style=\"font-weight: 400;\">Ale to nie wszystko &#8211; poza Markami, mo\u017cecie monitorowa\u0107 teraz tak\u017ce <strong>TOP20 profili z kategorii Media, Miejsca, Organizacje, Wydarzenia i oczywi\u015bcie Osoby<\/strong>. A w ka\u017cdej z nich znajdziecie nawet po kilkana\u015bcie dodatkowych kategorii.\u00a0<\/span><\/p>\n<div id=\"attachment_47143\" style=\"width: 2044px\" class=\"wp-caption aligncenter\"><img loading=\"lazy\" decoding=\"async\" aria-describedby=\"caption-attachment-47143\" class=\"size-full wp-image-47143\" src=\"https:\/\/www.sotrender.com\/blog\/wp-content\/uploads\/2023\/02\/raport-instagram-trends-kategorie.png\" alt=\"raport instagram trends kategorie\" width=\"2034\" height=\"536\" srcset=\"https:\/\/www.sotrender.com\/blog\/wp-content\/uploads\/2023\/02\/raport-instagram-trends-kategorie.png 2034w, https:\/\/www.sotrender.com\/blog\/wp-content\/uploads\/2023\/02\/raport-instagram-trends-kategorie-475x125.png 475w, https:\/\/www.sotrender.com\/blog\/wp-content\/uploads\/2023\/02\/raport-instagram-trends-kategorie-768x202.png 768w, https:\/\/www.sotrender.com\/blog\/wp-content\/uploads\/2023\/02\/raport-instagram-trends-kategorie-1536x405.png 1536w\" sizes=\"(max-width: 2034px) 100vw, 2034px\" \/><p id=\"caption-attachment-47143\" class=\"wp-caption-text\">Kategorie dost\u0119pne w raporcie <a href=\"https:\/\/www.sotrender.com\/trends\/instagram\/poland\/202301\" target=\"_blank\" rel=\"noopener\">Instagram Trends<\/a><\/p><\/div>\n<p><span style=\"font-weight: 400;\">Jeste\u015bmy otwarci na wszystkie sugestie dotycz\u0105ce poszczeg\u00f3lnych kategorii i podkategorii, jak i ca\u0142ego raportu. Koniecznie dajcie nam r\u00f3wnie\u017c zna\u0107, je\u015bli dostrze\u017cecie brak jakiego\u015b profilu w raporcie <a href=\"https:\/\/www.sotrender.com\/trends\/instagram\/poland\/202301\" target=\"_blank\" rel=\"noopener\">Instagram Trends<\/a>!\u00a0<\/span><\/p>\n<p><span style=\"font-weight: 400;\">To co, s\u0142yszymy si\u0119 za miesi\u0105c? ?<\/span><\/p>\n","protected":false},"excerpt":{"rendered":"<p>Nie trzymamy Was d\u0142u\u017cej w niepewno\u015bci i oddajemy w Wasze r\u0119ce premierowy, i tak d\u0142ugo wyczekiwany, raport Instagram Trends! ?<\/p>\n","protected":false},"author":89,"featured_media":47127,"comment_status":"open","ping_status":"open","sticky":false,"template":"","format":"standard","meta":{"inline_featured_image":false,"footnotes":""},"categories":[1791,1803,2125,2275],"tags":[2073,2643],"yoast_head":"<!-- This site is optimized with the Yoast SEO plugin v22.4 - https:\/\/yoast.com\/wordpress\/plugins\/seo\/ -->\n<title>Instagram Trends stycze\u0144 2023 - poznajcie TOP marki na Instagramie<\/title>\n<meta name=\"description\" content=\"Nie trzymamy Was d\u0142u\u017cej w niepewno\u015bci i oddajemy w Wasze r\u0119ce premierowy, i tak d\u0142ugo wyczekiwany, raport Instagram Trends!\" \/>\n<meta name=\"robots\" content=\"index, follow, max-snippet:-1, max-image-preview:large, max-video-preview:-1\" \/>\n<link rel=\"canonical\" href=\"https:\/\/www.sotrender.com\/blog\/pl\/2023\/02\/instagram-trends-styczen-2023-poznajcie-top-marki-na-instagramie\/\" \/>\n<meta property=\"og:locale\" content=\"pl_PL\" \/>\n<meta property=\"og:type\" content=\"article\" \/>\n<meta property=\"og:title\" content=\"Instagram Trends stycze\u0144 2023 - poznajcie TOP marki na Instagramie\" \/>\n<meta property=\"og:description\" content=\"Nie trzymamy Was d\u0142u\u017cej w niepewno\u015bci i oddajemy w Wasze r\u0119ce premierowy, i tak d\u0142ugo wyczekiwany, raport Instagram Trends!\" \/>\n<meta property=\"og:url\" content=\"https:\/\/www.sotrender.com\/blog\/pl\/2023\/02\/instagram-trends-styczen-2023-poznajcie-top-marki-na-instagramie\/\" \/>\n<meta property=\"og:site_name\" content=\"Sotrender Blog\" \/>\n<meta property=\"article:publisher\" content=\"https:\/\/www.facebook.com\/Sotrender\" \/>\n<meta property=\"article:published_time\" content=\"2023-02-15T08:25:08+00:00\" \/>\n<meta property=\"og:image\" content=\"https:\/\/www.sotrender.com\/blog\/wp-content\/uploads\/2023\/02\/instagram-kosmetyki-fmcg.jpg\" \/>\n\t<meta property=\"og:image:width\" content=\"1279\" \/>\n\t<meta property=\"og:image:height\" content=\"854\" \/>\n\t<meta property=\"og:image:type\" content=\"image\/jpeg\" \/>\n<meta name=\"author\" content=\"Klaudia \u017by\u0142ka\" \/>\n<meta name=\"twitter:card\" content=\"summary_large_image\" \/>\n<meta name=\"twitter:creator\" content=\"@Sotrender\" \/>\n<meta name=\"twitter:site\" content=\"@Sotrender\" \/>\n<meta name=\"twitter:label1\" content=\"Written by\" \/>\n\t<meta name=\"twitter:data1\" content=\"Klaudia \u017by\u0142ka\" \/>\n\t<meta name=\"twitter:label2\" content=\"Est. reading time\" \/>\n\t<meta name=\"twitter:data2\" content=\"3 minutes\" \/>\n<script type=\"application\/ld+json\" class=\"yoast-schema-graph\">{\"@context\":\"https:\/\/schema.org\",\"@graph\":[{\"@type\":\"WebPage\",\"@id\":\"https:\/\/www.sotrender.com\/blog\/pl\/2023\/02\/instagram-trends-styczen-2023-poznajcie-top-marki-na-instagramie\/\",\"url\":\"https:\/\/www.sotrender.com\/blog\/pl\/2023\/02\/instagram-trends-styczen-2023-poznajcie-top-marki-na-instagramie\/\",\"name\":\"Instagram Trends stycze\u0144 2023 - poznajcie TOP marki na Instagramie\",\"isPartOf\":{\"@id\":\"https:\/\/www.sotrender.com\/blog\/#website\"},\"primaryImageOfPage\":{\"@id\":\"https:\/\/www.sotrender.com\/blog\/pl\/2023\/02\/instagram-trends-styczen-2023-poznajcie-top-marki-na-instagramie\/#primaryimage\"},\"image\":{\"@id\":\"https:\/\/www.sotrender.com\/blog\/pl\/2023\/02\/instagram-trends-styczen-2023-poznajcie-top-marki-na-instagramie\/#primaryimage\"},\"thumbnailUrl\":\"https:\/\/www.sotrender.com\/blog\/wp-content\/uploads\/2023\/02\/instagram-kosmetyki-fmcg.jpg\",\"datePublished\":\"2023-02-15T08:25:08+00:00\",\"dateModified\":\"2023-02-15T08:25:08+00:00\",\"author\":{\"@id\":\"https:\/\/www.sotrender.com\/blog\/#\/schema\/person\/038ac5e276c5d102d8cbb9c36cd43416\"},\"description\":\"Nie trzymamy Was d\u0142u\u017cej w niepewno\u015bci i oddajemy w Wasze r\u0119ce premierowy, i tak d\u0142ugo wyczekiwany, raport Instagram Trends!\",\"breadcrumb\":{\"@id\":\"https:\/\/www.sotrender.com\/blog\/pl\/2023\/02\/instagram-trends-styczen-2023-poznajcie-top-marki-na-instagramie\/#breadcrumb\"},\"inLanguage\":\"pl-PL\",\"potentialAction\":[{\"@type\":\"ReadAction\",\"target\":[\"https:\/\/www.sotrender.com\/blog\/pl\/2023\/02\/instagram-trends-styczen-2023-poznajcie-top-marki-na-instagramie\/\"]}]},{\"@type\":\"ImageObject\",\"inLanguage\":\"pl-PL\",\"@id\":\"https:\/\/www.sotrender.com\/blog\/pl\/2023\/02\/instagram-trends-styczen-2023-poznajcie-top-marki-na-instagramie\/#primaryimage\",\"url\":\"https:\/\/www.sotrender.com\/blog\/wp-content\/uploads\/2023\/02\/instagram-kosmetyki-fmcg.jpg\",\"contentUrl\":\"https:\/\/www.sotrender.com\/blog\/wp-content\/uploads\/2023\/02\/instagram-kosmetyki-fmcg.jpg\",\"width\":1279,\"height\":854},{\"@type\":\"BreadcrumbList\",\"@id\":\"https:\/\/www.sotrender.com\/blog\/pl\/2023\/02\/instagram-trends-styczen-2023-poznajcie-top-marki-na-instagramie\/#breadcrumb\",\"itemListElement\":[{\"@type\":\"ListItem\",\"position\":1,\"name\":\"Home\",\"item\":\"https:\/\/www.sotrender.com\/blog\/\"},{\"@type\":\"ListItem\",\"position\":2,\"name\":\"Instagram Trends stycze\u0144 2023 &#8211; poznajcie TOP marki na Instagramie\"}]},{\"@type\":\"WebSite\",\"@id\":\"https:\/\/www.sotrender.com\/blog\/#website\",\"url\":\"https:\/\/www.sotrender.com\/blog\/\",\"name\":\"Sotrender Blog\",\"description\":\"\",\"potentialAction\":[{\"@type\":\"SearchAction\",\"target\":{\"@type\":\"EntryPoint\",\"urlTemplate\":\"https:\/\/www.sotrender.com\/blog\/?s={search_term_string}\"},\"query-input\":\"required name=search_term_string\"}],\"inLanguage\":\"pl-PL\"},{\"@type\":\"Person\",\"@id\":\"https:\/\/www.sotrender.com\/blog\/#\/schema\/person\/038ac5e276c5d102d8cbb9c36cd43416\",\"name\":\"Klaudia \u017by\u0142ka\",\"image\":{\"@type\":\"ImageObject\",\"inLanguage\":\"pl-PL\",\"@id\":\"https:\/\/www.sotrender.com\/blog\/#\/schema\/person\/image\/\",\"url\":\"https:\/\/secure.gravatar.com\/avatar\/f55d5d49ce3c448e1ffde0ab078d84cd?s=96&d=mm&r=g\",\"contentUrl\":\"https:\/\/secure.gravatar.com\/avatar\/f55d5d49ce3c448e1ffde0ab078d84cd?s=96&d=mm&r=g\",\"caption\":\"Klaudia \u017by\u0142ka\"},\"description\":\"Instagram, dogs, books and food lover. Former student at Warsaw University and Malm\u00f6 University. Improving her marketing skills every day. Proud owner of DIMAQ certificate\",\"sameAs\":[\"https:\/\/www.linkedin.com\/in\/klaudia-\u017cy\u0142ka-17527779\"],\"url\":\"https:\/\/www.sotrender.com\/blog\/pl\/author\/klaudia_yka\/\"}]}<\/script>\n<!-- \/ Yoast SEO plugin. -->","yoast_head_json":{"title":"Instagram Trends stycze\u0144 2023 - poznajcie TOP marki na Instagramie","description":"Nie trzymamy Was d\u0142u\u017cej w niepewno\u015bci i oddajemy w Wasze r\u0119ce premierowy, i tak d\u0142ugo wyczekiwany, raport Instagram Trends!","robots":{"index":"index","follow":"follow","max-snippet":"max-snippet:-1","max-image-preview":"max-image-preview:large","max-video-preview":"max-video-preview:-1"},"canonical":"https:\/\/www.sotrender.com\/blog\/pl\/2023\/02\/instagram-trends-styczen-2023-poznajcie-top-marki-na-instagramie\/","og_locale":"pl_PL","og_type":"article","og_title":"Instagram Trends stycze\u0144 2023 - poznajcie TOP marki na Instagramie","og_description":"Nie trzymamy Was d\u0142u\u017cej w niepewno\u015bci i oddajemy w Wasze r\u0119ce premierowy, i tak d\u0142ugo wyczekiwany, raport Instagram Trends!","og_url":"https:\/\/www.sotrender.com\/blog\/pl\/2023\/02\/instagram-trends-styczen-2023-poznajcie-top-marki-na-instagramie\/","og_site_name":"Sotrender Blog","article_publisher":"https:\/\/www.facebook.com\/Sotrender","article_published_time":"2023-02-15T08:25:08+00:00","og_image":[{"width":1279,"height":854,"url":"https:\/\/www.sotrender.com\/blog\/wp-content\/uploads\/2023\/02\/instagram-kosmetyki-fmcg.jpg","type":"image\/jpeg"}],"author":"Klaudia \u017by\u0142ka","twitter_card":"summary_large_image","twitter_creator":"@Sotrender","twitter_site":"@Sotrender","twitter_misc":{"Written by":"Klaudia \u017by\u0142ka","Est. reading time":"3 minutes"},"schema":{"@context":"https:\/\/schema.org","@graph":[{"@type":"WebPage","@id":"https:\/\/www.sotrender.com\/blog\/pl\/2023\/02\/instagram-trends-styczen-2023-poznajcie-top-marki-na-instagramie\/","url":"https:\/\/www.sotrender.com\/blog\/pl\/2023\/02\/instagram-trends-styczen-2023-poznajcie-top-marki-na-instagramie\/","name":"Instagram Trends stycze\u0144 2023 - poznajcie TOP marki na Instagramie","isPartOf":{"@id":"https:\/\/www.sotrender.com\/blog\/#website"},"primaryImageOfPage":{"@id":"https:\/\/www.sotrender.com\/blog\/pl\/2023\/02\/instagram-trends-styczen-2023-poznajcie-top-marki-na-instagramie\/#primaryimage"},"image":{"@id":"https:\/\/www.sotrender.com\/blog\/pl\/2023\/02\/instagram-trends-styczen-2023-poznajcie-top-marki-na-instagramie\/#primaryimage"},"thumbnailUrl":"https:\/\/www.sotrender.com\/blog\/wp-content\/uploads\/2023\/02\/instagram-kosmetyki-fmcg.jpg","datePublished":"2023-02-15T08:25:08+00:00","dateModified":"2023-02-15T08:25:08+00:00","author":{"@id":"https:\/\/www.sotrender.com\/blog\/#\/schema\/person\/038ac5e276c5d102d8cbb9c36cd43416"},"description":"Nie trzymamy Was d\u0142u\u017cej w niepewno\u015bci i oddajemy w Wasze r\u0119ce premierowy, i tak d\u0142ugo wyczekiwany, raport Instagram Trends!","breadcrumb":{"@id":"https:\/\/www.sotrender.com\/blog\/pl\/2023\/02\/instagram-trends-styczen-2023-poznajcie-top-marki-na-instagramie\/#breadcrumb"},"inLanguage":"pl-PL","potentialAction":[{"@type":"ReadAction","target":["https:\/\/www.sotrender.com\/blog\/pl\/2023\/02\/instagram-trends-styczen-2023-poznajcie-top-marki-na-instagramie\/"]}]},{"@type":"ImageObject","inLanguage":"pl-PL","@id":"https:\/\/www.sotrender.com\/blog\/pl\/2023\/02\/instagram-trends-styczen-2023-poznajcie-top-marki-na-instagramie\/#primaryimage","url":"https:\/\/www.sotrender.com\/blog\/wp-content\/uploads\/2023\/02\/instagram-kosmetyki-fmcg.jpg","contentUrl":"https:\/\/www.sotrender.com\/blog\/wp-content\/uploads\/2023\/02\/instagram-kosmetyki-fmcg.jpg","width":1279,"height":854},{"@type":"BreadcrumbList","@id":"https:\/\/www.sotrender.com\/blog\/pl\/2023\/02\/instagram-trends-styczen-2023-poznajcie-top-marki-na-instagramie\/#breadcrumb","itemListElement":[{"@type":"ListItem","position":1,"name":"Home","item":"https:\/\/www.sotrender.com\/blog\/"},{"@type":"ListItem","position":2,"name":"Instagram Trends stycze\u0144 2023 &#8211; poznajcie TOP marki na Instagramie"}]},{"@type":"WebSite","@id":"https:\/\/www.sotrender.com\/blog\/#website","url":"https:\/\/www.sotrender.com\/blog\/","name":"Sotrender Blog","description":"","potentialAction":[{"@type":"SearchAction","target":{"@type":"EntryPoint","urlTemplate":"https:\/\/www.sotrender.com\/blog\/?s={search_term_string}"},"query-input":"required name=search_term_string"}],"inLanguage":"pl-PL"},{"@type":"Person","@id":"https:\/\/www.sotrender.com\/blog\/#\/schema\/person\/038ac5e276c5d102d8cbb9c36cd43416","name":"Klaudia \u017by\u0142ka","image":{"@type":"ImageObject","inLanguage":"pl-PL","@id":"https:\/\/www.sotrender.com\/blog\/#\/schema\/person\/image\/","url":"https:\/\/secure.gravatar.com\/avatar\/f55d5d49ce3c448e1ffde0ab078d84cd?s=96&d=mm&r=g","contentUrl":"https:\/\/secure.gravatar.com\/avatar\/f55d5d49ce3c448e1ffde0ab078d84cd?s=96&d=mm&r=g","caption":"Klaudia \u017by\u0142ka"},"description":"Instagram, dogs, books and food lover. Former student at Warsaw University and Malm\u00f6 University. Improving her marketing skills every day. Proud owner of DIMAQ certificate","sameAs":["https:\/\/www.linkedin.com\/in\/klaudia-\u017cy\u0142ka-17527779"],"url":"https:\/\/www.sotrender.com\/blog\/pl\/author\/klaudia_yka\/"}]}},"_links":{"self":[{"href":"https:\/\/www.sotrender.com\/blog\/pl\/wp-json\/wp\/v2\/posts\/47125"}],"collection":[{"href":"https:\/\/www.sotrender.com\/blog\/pl\/wp-json\/wp\/v2\/posts"}],"about":[{"href":"https:\/\/www.sotrender.com\/blog\/pl\/wp-json\/wp\/v2\/types\/post"}],"author":[{"embeddable":true,"href":"https:\/\/www.sotrender.com\/blog\/pl\/wp-json\/wp\/v2\/users\/89"}],"replies":[{"embeddable":true,"href":"https:\/\/www.sotrender.com\/blog\/pl\/wp-json\/wp\/v2\/comments?post=47125"}],"version-history":[{"count":8,"href":"https:\/\/www.sotrender.com\/blog\/pl\/wp-json\/wp\/v2\/posts\/47125\/revisions"}],"predecessor-version":[{"id":47151,"href":"https:\/\/www.sotrender.com\/blog\/pl\/wp-json\/wp\/v2\/posts\/47125\/revisions\/47151"}],"wp:featuredmedia":[{"embeddable":true,"href":"https:\/\/www.sotrender.com\/blog\/pl\/wp-json\/wp\/v2\/media\/47127"}],"wp:attachment":[{"href":"https:\/\/www.sotrender.com\/blog\/pl\/wp-json\/wp\/v2\/media?parent=47125"}],"wp:term":[{"taxonomy":"category","embeddable":true,"href":"https:\/\/www.sotrender.com\/blog\/pl\/wp-json\/wp\/v2\/categories?post=47125"},{"taxonomy":"post_tag","embeddable":true,"href":"https:\/\/www.sotrender.com\/blog\/pl\/wp-json\/wp\/v2\/tags?post=47125"}],"curies":[{"name":"wp","href":"https:\/\/api.w.org\/{rel}","templated":true}]}}