{"id":47083,"date":"2023-02-07T12:22:45","date_gmt":"2023-02-07T11:22:45","guid":{"rendered":"https:\/\/www.sotrender.com\/blog\/?p=47083\/"},"modified":"2023-02-07T13:30:44","modified_gmt":"2023-02-07T12:30:44","slug":"facebook-trends-styczen-2023-wszystkie-rece-na-poklad","status":"publish","type":"post","link":"https:\/\/www.sotrender.com\/blog\/pl\/2023\/02\/facebook-trends-styczen-2023-wszystkie-rece-na-poklad\/","title":{"rendered":"Facebook Trends stycze\u0144 2023 &#8211; wszystkie r\u0119ce na pok\u0142ad"},"content":{"rendered":"<p><span style=\"font-weight: 400;\">Czy jest wydarzenie, kt\u00f3re bardziej jednoczy Polak\u00f3w ni\u017c fina\u0142 Wielkiej Orkiestry \u015awi\u0105tecznej Pomocy? Raczej na pr\u00f3\u017cno takiego szuka\u0107.\u00a0<\/span><\/p>\n<p><span style=\"font-weight: 400;\">Nie pozostaje nam wi\u0119c nic innego, jak przyjrze\u0107 si\u0119, jak w tym roku marki oraz facebookowicze anga\u017cowali si\u0119 w 31. fina\u0142 WO\u015aP.\u00a0<\/span><\/p>\n<p><!--more--><\/p>\n<p><span style=\"font-weight: 400;\">Ale zanim przejdziemy do podsumowania stycznia, mamy dla Was kilka dobrych informacji.<\/span><\/p>\n<ol>\n<li style=\"font-weight: 400;\" aria-level=\"1\"><span style=\"font-weight: 400;\">Na naszym blogu mo\u017cecie znale\u017a\u0107 ju\u017c <\/span><a href=\"https:\/\/www.sotrender.com\/blog\/pl\/2023\/02\/facebook-w-polsce-podsumowanie-2022-roku-infografika\/\"><span style=\"font-weight: 400;\">infografik\u0119 z podsumowaniem 2022 roku na Facebooku<\/span><\/a><span style=\"font-weight: 400;\">. Sprawd\u017acie, kt\u00f3re profile odnotowa\u0142y najwi\u0119kszy przyrost fan\u00f3w, najbardziej anga\u017cowa\u0142y odbiorc\u00f3w i opublikowa\u0142y najwi\u0119cej post\u00f3w. Z infografiki dowiecie si\u0119 tak\u017ce, jak wygl\u0105da\u0142y \u015brednie koszty reklamowe w minionych dwunastu miesi\u0105cach.\u00a0<\/span><\/li>\n<li style=\"font-weight: 400;\" aria-level=\"1\"><span style=\"font-weight: 400;\">Je\u015bli czujnie \u015bledziliscie w ostatnim czasie nasze sociale, to pewnie wiecie, \u017ce od jakiego\u015b czasu szykowali\u015bmy si\u0119 do reaktywacji raportu <\/span><a href=\"https:\/\/www.sotrender.com\/trends\/instagram\/poland\"><span style=\"font-weight: 400;\">Instagram Trends<\/span><\/a><span style=\"font-weight: 400;\">. Niezwykle cieszymy si\u0119, \u017ce ju\u017c za kilka dni b\u0119dziemy mogli opublikowa\u0107 styczniowy raport Instagram Trends &#8211; i tak przez ka\u017cdy kolejny miesi\u0105c tego roku. A bardziej niecierpliwych mo\u017cemy odes\u0142a\u0107 do, nieco owianej tajemnic\u0105, <\/span><a href=\"https:\/\/www.sotrender.com\/trends\/instagram\/poland\/02212\"><span style=\"font-weight: 400;\">grudniowej wersji raportu<\/span><\/a><span style=\"font-weight: 400;\">.\u00a0<\/span><\/li>\n<\/ol>\n<h2><strong>Wszystkie r\u0119ce na pok\u0142ad<\/strong><\/h2>\n<p><span style=\"font-weight: 400;\">W minionym miesi\u0105cu na bardzo wielu profilach zobaczy\u0107 mogli\u015bmy posty wspieraj\u0105ce WO\u015aP. Cz\u0119\u015b\u0107 z nich dotyczy\u0142a organizowanych zbi\u00f3rek i aukcji, w innych z kolei zach\u0119cano do kupna w\u0142asnych produkt\u00f3w, z kt\u00f3rych zysk mia\u0142 zosta\u0107 przekazany na konto fundacji.\u00a0<\/span><\/p>\n<p><span style=\"font-weight: 400;\">Dobrym przyk\u0142adem realizacji drugiego z tych scenariuszy by\u0142y dzia\u0142ania na profilu marki Kingi Rusin &#8211; PAT&amp;RUB. Post z informacj\u0105 o przekazaniu ca\u0142ego weekendowego zysku na WO\u015aP zgromadzi\u0142 ponad 11 tys. reakcji i by\u0142 najlepszym postem w kategorii <a href=\"https:\/\/www.sotrender.com\/trends\/facebook\/poland\/202301\/fmcg\/kosmetyki#best_posts\">Kosmetyki<\/a> i drugim najlepszym postem <a href=\"https:\/\/www.sotrender.com\/trends\/facebook\/poland\/202301\/fmcg\">w ca\u0142ej kategorii FMCG<\/a>.\u00a0<\/span><\/p>\n<div id=\"attachment_47107\" style=\"width: 1950px\" class=\"wp-caption aligncenter\"><img loading=\"lazy\" decoding=\"async\" aria-describedby=\"caption-attachment-47107\" class=\"size-full wp-image-47107\" src=\"https:\/\/www.sotrender.com\/blog\/wp-content\/uploads\/2023\/02\/fmcg-pat-rub-wosp.png\" alt=\"pat&amp;rub wo\u015bp fina\u0142\" width=\"1940\" height=\"954\" srcset=\"https:\/\/www.sotrender.com\/blog\/wp-content\/uploads\/2023\/02\/fmcg-pat-rub-wosp.png 1940w, https:\/\/www.sotrender.com\/blog\/wp-content\/uploads\/2023\/02\/fmcg-pat-rub-wosp-475x234.png 475w, https:\/\/www.sotrender.com\/blog\/wp-content\/uploads\/2023\/02\/fmcg-pat-rub-wosp-768x378.png 768w, https:\/\/www.sotrender.com\/blog\/wp-content\/uploads\/2023\/02\/fmcg-pat-rub-wosp-1536x755.png 1536w\" sizes=\"(max-width: 1940px) 100vw, 1940px\" \/><p id=\"caption-attachment-47107\" class=\"wp-caption-text\">Najlepsze posty na Facebooku w styczniu 2023 w kategorii <a href=\"https:\/\/www.sotrender.com\/trends\/facebook\/poland\/202301\/fmcg\">FMCG<\/a><\/p><\/div>\n<p><span style=\"font-weight: 400;\">Z kolei na profilu Galerii Wile\u0144skiej zach\u0119cano klient\u00f3w do wspierania fina\u0142u WO\u015aP podczas wizyty w galerii &#8211; w jednym ze sztab\u00f3w mieli dzia\u0142a\u0107 tak\u017ce psi pomocnicy, kt\u00f3rych obecno\u015b\u0107 by\u0142a z pewno\u015bci\u0105 mi\u0142\u0105 zach\u0119t\u0105 do udzia\u0142u w akcji. Wspomniany post na profilu Galerii Wile\u0144skiej by\u0142 tym samym najlepszym postem miesi\u0105ca w kategorii <a href=\"https:\/\/www.sotrender.com\/trends\/facebook\/poland\/202301\/handel\/centra_handlowe\">Centra handlowe<\/a>.<\/span><\/p>\n<div id=\"attachment_47091\" style=\"width: 2008px\" class=\"wp-caption aligncenter\"><img loading=\"lazy\" decoding=\"async\" aria-describedby=\"caption-attachment-47091\" class=\"size-full wp-image-47091\" src=\"https:\/\/www.sotrender.com\/blog\/wp-content\/uploads\/2023\/02\/centra-handlowe-wos\u0301p-najlepsze-posty.png\" alt=\"centra handlowe wos\u0301p najlepsze posty\" width=\"1998\" height=\"968\" srcset=\"https:\/\/www.sotrender.com\/blog\/wp-content\/uploads\/2023\/02\/centra-handlowe-wos\u0301p-najlepsze-posty.png 1998w, https:\/\/www.sotrender.com\/blog\/wp-content\/uploads\/2023\/02\/centra-handlowe-wos\u0301p-najlepsze-posty-475x230.png 475w, https:\/\/www.sotrender.com\/blog\/wp-content\/uploads\/2023\/02\/centra-handlowe-wos\u0301p-najlepsze-posty-768x372.png 768w, https:\/\/www.sotrender.com\/blog\/wp-content\/uploads\/2023\/02\/centra-handlowe-wos\u0301p-najlepsze-posty-1536x744.png 1536w\" sizes=\"(max-width: 1998px) 100vw, 1998px\" \/><p id=\"caption-attachment-47091\" class=\"wp-caption-text\">Najlepsze posty w kategorii <a href=\"https:\/\/www.sotrender.com\/trends\/facebook\/poland\/202301\/handel\/centra_handlowe\">Centra handlowe<\/a>, stycze\u0144 2023<\/p><\/div>\n<p><span style=\"font-weight: 400;\">Uczelnie wy\u017csze to kategoria, kt\u00f3rej raczej rzadko si\u0119 przygl\u0105damy, ale inaczej b\u0119dzie tym razem. Na profilu Uniwersytetu Medycznego we Wroc\u0142awiu opublikowano post zach\u0119caj\u0105cy do wzi\u0119cia udzia\u0142u w aukcji, kt\u00f3rej przedmiotem by\u0142 Kurs laparoskopii z prof. Dariuszem Patkowskim. Zar\u00f3wno aukcja, jak i sam post cieszy\u0142y si\u0119 niema\u0142ym zaanga\u017cowaniem &#8211; uda\u0142o si\u0119 zebra\u0107 6 100 z\u0142, a post na profilu Uniwersytetu by\u0142 numerem 3. w zestawieniu najlepszych post\u00f3w w kategorii Uczelnie wy\u017csze.\u00a0<\/span><\/p>\n<p><span style=\"font-weight: 400;\">A jak w styczniu wygl\u0105da\u0142y wyniki samego profilu WO\u015aP? <a href=\"https:\/\/www.sotrender.com\/trends\/facebook\/poland\/202301\/ngo\">W kategorii NGO<\/a>, strona Wielkiej Orkiestry \u015awi\u0105tecznej Pomocy uplasowa\u0142a si\u0119 na:<\/span><\/p>\n<ul>\n<li style=\"font-weight: 400;\" aria-level=\"1\"><span style=\"font-weight: 400;\">miejscu 6. pod k\u0105tem liczby aktywno\u015bci (awans o 13 pozycji)<\/span><\/li>\n<li style=\"font-weight: 400;\" aria-level=\"1\"><span style=\"font-weight: 400;\">miejscu 7. w zestawieniu Zaanga\u017cowanie (awans o 17 pozycji; przyrost o 367% w por\u00f3wnaniu do grudnia).\u00a0<\/span><\/li>\n<\/ul>\n<p><span style=\"font-weight: 400;\">Profil Jurka Owsiaka znalaz\u0142 si\u0119 na miejscu 5. zar\u00f3wno w zestawieniu Zaanga\u017cowanie jak i Aktywni u\u017cytkownicy.\u00a0<\/span><\/p>\n<div id=\"attachment_47093\" style=\"width: 2004px\" class=\"wp-caption aligncenter\"><img loading=\"lazy\" decoding=\"async\" aria-describedby=\"caption-attachment-47093\" class=\"size-full wp-image-47093\" src=\"https:\/\/www.sotrender.com\/blog\/wp-content\/uploads\/2023\/02\/ngo-styczen\u0301-facebook-wos\u0301p.png\" alt=\"WO\u015aP fina\u0142 facebook\" width=\"1994\" height=\"1110\" srcset=\"https:\/\/www.sotrender.com\/blog\/wp-content\/uploads\/2023\/02\/ngo-styczen\u0301-facebook-wos\u0301p.png 1994w, https:\/\/www.sotrender.com\/blog\/wp-content\/uploads\/2023\/02\/ngo-styczen\u0301-facebook-wos\u0301p-475x264.png 475w, https:\/\/www.sotrender.com\/blog\/wp-content\/uploads\/2023\/02\/ngo-styczen\u0301-facebook-wos\u0301p-768x428.png 768w, https:\/\/www.sotrender.com\/blog\/wp-content\/uploads\/2023\/02\/ngo-styczen\u0301-facebook-wos\u0301p-1536x855.png 1536w\" sizes=\"(max-width: 1994px) 100vw, 1994px\" \/><p id=\"caption-attachment-47093\" class=\"wp-caption-text\">Profile o najwi\u0119kszej liczbie aktywno\u015bci w styczniu 2023 na Facebooku w <a href=\"https:\/\/www.sotrender.com\/trends\/facebook\/poland\/202301\/ngo\">kategorii NGO<\/a><\/p><\/div>\n<h2>Rekordowo niskie koszty reklamowe<\/h2>\n<p>Jak przewidywali\u015bmy <a href=\"https:\/\/www.sotrender.com\/blog\/pl\/2023\/01\/facebook-trends-grudzien-2022-na-pomoc-zwierzakom\/\">w ostatnich Trendsach<\/a>, w styczniu reklamodawcy znacznie mniej p\u0142acili za CPC i CPM w ekosystemie Meta.<\/p>\n<ul>\n<li>\u015aredni CPC spad\u0142 o 22 grosze i wyni\u00f3s\u0142 70 groszy.<\/li>\n<li>\u015aredni CPM spad\u0142 o 2 z\u0142 11 gr i wyni\u00f3s\u0142 5 z\u0142 23 grosze (<a href=\"https:\/\/www.sotrender.com\/blog\/pl\/2022\/02\/facebook-trends-styczen-2022-radosc-z-pomagania\/\">w styczniu 2022 roku<\/a> by\u0142o to 5 z\u0142 65 groszy).<\/li>\n<\/ul>\n<div id=\"attachment_47097\" style=\"width: 809px\" class=\"wp-caption aligncenter\"><img loading=\"lazy\" decoding=\"async\" aria-describedby=\"caption-attachment-47097\" class=\" wp-image-47097\" src=\"https:\/\/www.sotrender.com\/blog\/wp-content\/uploads\/2023\/02\/CPM_1-2023.png\" alt=\"cpm facebook styczen 2023\" width=\"799\" height=\"466\" srcset=\"https:\/\/www.sotrender.com\/blog\/wp-content\/uploads\/2023\/02\/CPM_1-2023.png 1200w, https:\/\/www.sotrender.com\/blog\/wp-content\/uploads\/2023\/02\/CPM_1-2023-475x277.png 475w, https:\/\/www.sotrender.com\/blog\/wp-content\/uploads\/2023\/02\/CPM_1-2023-768x448.png 768w\" sizes=\"(max-width: 799px) 100vw, 799px\" \/><p id=\"caption-attachment-47097\" class=\"wp-caption-text\">Koszt CPM w ekosystemie Meta na przestrzeni ostatnich miesi\u0119cy<\/p><\/div>\n<p>Znacznie ni\u017cszy by\u0142 te\u017c index miesi\u0119cznej warto\u015bci wydatk\u00f3w na reklam\u0119 &#8211; w minionym miesi\u0105cu reklamodawcy wydali a\u017c o 24 punkty procentowe mniej ni\u017c w grudniu. Wiele firm ma wci\u0105\u017c zamro\u017cone bud\u017cety reklamowe i niezatwierdzone bud\u017cety na nowy rok, co z pewno\u015bci\u0105 prze\u0142o\u017cy\u0142o si\u0119 na taki w\u0142a\u015bnie wynik.<\/p>\n<div id=\"attachment_47099\" style=\"width: 811px\" class=\"wp-caption aligncenter\"><img loading=\"lazy\" decoding=\"async\" aria-describedby=\"caption-attachment-47099\" class=\" wp-image-47099\" src=\"https:\/\/www.sotrender.com\/blog\/wp-content\/uploads\/2023\/02\/spend_score.png\" alt=\"index wydatkow na reklame na facebooku styczen\" width=\"801\" height=\"467\" srcset=\"https:\/\/www.sotrender.com\/blog\/wp-content\/uploads\/2023\/02\/spend_score.png 1200w, https:\/\/www.sotrender.com\/blog\/wp-content\/uploads\/2023\/02\/spend_score-475x277.png 475w, https:\/\/www.sotrender.com\/blog\/wp-content\/uploads\/2023\/02\/spend_score-768x448.png 768w\" sizes=\"(max-width: 801px) 100vw, 801px\" \/><p id=\"caption-attachment-47099\" class=\"wp-caption-text\">Jak czyta\u0107 wykres? Warto\u015b\u0107 100 oznacza najwy\u017csz\u0105 warto\u015b\u0107 wydatk\u00f3w na przestrzeni roku. Warto\u015b\u0107 50 oznacza, \u017ce wysoko\u015b\u0107 wydatk\u00f3w w danym miesi\u0105cu by\u0142a dwukrotnie mniejsza.<\/p><\/div>\n<h2>Facebook Trends stycze\u0144 2023<\/h2>\n<p>Tyle przygotowali\u015bmy dla Was w tym miesi\u0105cu. ? Zach\u0119camy do zapoznania si\u0119 z <a href=\"https:\/\/www.sotrender.com\/trends\/facebook\/poland\/202301\">pe\u0142n\u0105 wersj\u0105 raportu<\/a> oraz <a href=\"https:\/\/www.sotrender.com\/blog\/pl\/2023\/02\/facebook-w-polsce-podsumowanie-2022-roku-infografika\/\">podsumowaniem rocznym<\/a>. I wsp\u00f3lnie czekamy na styczniowy raport Instagram Trends!<\/p>\n","protected":false},"excerpt":{"rendered":"<p>Czy jest wydarzenie, kt\u00f3re bardziej jednoczy Polak\u00f3w ni\u017c fina\u0142 Wielkiej Orkiestry \u015awi\u0105tecznej Pomocy? Raczej na pr\u00f3\u017cno takiego szuka\u0107.\u00a0 Nie pozostaje nam wi\u0119c nic innego, jak przyjrze\u0107 si\u0119, jak w tym roku marki oraz facebookowicze anga\u017cowali si\u0119 w 31. fina\u0142 WO\u015aP.\u00a0<\/p>\n","protected":false},"author":89,"featured_media":47085,"comment_status":"open","ping_status":"open","sticky":false,"template":"","format":"standard","meta":{"inline_featured_image":false,"footnotes":""},"categories":[1797,2275],"tags":[2307,2697,2701],"yoast_head":"<!-- This site is optimized with the Yoast SEO plugin v22.4 - https:\/\/yoast.com\/wordpress\/plugins\/seo\/ -->\n<title>Facebook Trends stycze\u0144 2023 - wszystkie r\u0119ce na pok\u0142ad<\/title>\n<meta name=\"description\" content=\"Na pr\u00f3\u017cno szuka\u0107 wydarzenia, kt\u00f3re bardziej jednoczy Polak\u00f3w ni\u017c fina\u0142 WO\u015aP. Wi\u0119cej o tegorocznym finale ju\u017c teraz w raporcie Facebook Trends.\" \/>\n<meta name=\"robots\" content=\"index, follow, max-snippet:-1, max-image-preview:large, max-video-preview:-1\" \/>\n<link rel=\"canonical\" href=\"https:\/\/www.sotrender.com\/blog\/pl\/2023\/02\/facebook-trends-styczen-2023-wszystkie-rece-na-poklad\/\" \/>\n<meta property=\"og:locale\" content=\"pl_PL\" \/>\n<meta property=\"og:type\" content=\"article\" \/>\n<meta property=\"og:title\" content=\"Facebook Trends stycze\u0144 2023 - wszystkie r\u0119ce na pok\u0142ad\" \/>\n<meta property=\"og:description\" content=\"Na pr\u00f3\u017cno szuka\u0107 wydarzenia, kt\u00f3re bardziej jednoczy Polak\u00f3w ni\u017c fina\u0142 WO\u015aP. Wi\u0119cej o tegorocznym finale ju\u017c teraz w raporcie Facebook Trends.\" \/>\n<meta property=\"og:url\" content=\"https:\/\/www.sotrender.com\/blog\/pl\/2023\/02\/facebook-trends-styczen-2023-wszystkie-rece-na-poklad\/\" \/>\n<meta property=\"og:site_name\" content=\"Sotrender Blog\" \/>\n<meta property=\"article:publisher\" content=\"https:\/\/www.facebook.com\/Sotrender\" \/>\n<meta property=\"article:published_time\" content=\"2023-02-07T11:22:45+00:00\" \/>\n<meta property=\"article:modified_time\" content=\"2023-02-07T12:30:44+00:00\" \/>\n<meta property=\"og:image\" content=\"https:\/\/www.sotrender.com\/blog\/wp-content\/uploads\/2023\/02\/wszystkie-rece-na-poklad.jpg\" \/>\n\t<meta property=\"og:image:width\" content=\"1280\" \/>\n\t<meta property=\"og:image:height\" content=\"854\" \/>\n\t<meta property=\"og:image:type\" content=\"image\/jpeg\" \/>\n<meta name=\"author\" content=\"Klaudia \u017by\u0142ka\" \/>\n<meta name=\"twitter:card\" content=\"summary_large_image\" \/>\n<meta name=\"twitter:creator\" content=\"@Sotrender\" \/>\n<meta name=\"twitter:site\" content=\"@Sotrender\" \/>\n<meta name=\"twitter:label1\" content=\"Written by\" \/>\n\t<meta name=\"twitter:data1\" content=\"Klaudia \u017by\u0142ka\" \/>\n\t<meta name=\"twitter:label2\" content=\"Est. reading time\" \/>\n\t<meta name=\"twitter:data2\" content=\"4 minutes\" \/>\n<script type=\"application\/ld+json\" class=\"yoast-schema-graph\">{\"@context\":\"https:\/\/schema.org\",\"@graph\":[{\"@type\":\"WebPage\",\"@id\":\"https:\/\/www.sotrender.com\/blog\/pl\/2023\/02\/facebook-trends-styczen-2023-wszystkie-rece-na-poklad\/\",\"url\":\"https:\/\/www.sotrender.com\/blog\/pl\/2023\/02\/facebook-trends-styczen-2023-wszystkie-rece-na-poklad\/\",\"name\":\"Facebook Trends stycze\u0144 2023 - wszystkie r\u0119ce na pok\u0142ad\",\"isPartOf\":{\"@id\":\"https:\/\/www.sotrender.com\/blog\/#website\"},\"primaryImageOfPage\":{\"@id\":\"https:\/\/www.sotrender.com\/blog\/pl\/2023\/02\/facebook-trends-styczen-2023-wszystkie-rece-na-poklad\/#primaryimage\"},\"image\":{\"@id\":\"https:\/\/www.sotrender.com\/blog\/pl\/2023\/02\/facebook-trends-styczen-2023-wszystkie-rece-na-poklad\/#primaryimage\"},\"thumbnailUrl\":\"https:\/\/www.sotrender.com\/blog\/wp-content\/uploads\/2023\/02\/wszystkie-rece-na-poklad.jpg\",\"datePublished\":\"2023-02-07T11:22:45+00:00\",\"dateModified\":\"2023-02-07T12:30:44+00:00\",\"author\":{\"@id\":\"https:\/\/www.sotrender.com\/blog\/#\/schema\/person\/038ac5e276c5d102d8cbb9c36cd43416\"},\"description\":\"Na pr\u00f3\u017cno szuka\u0107 wydarzenia, kt\u00f3re bardziej jednoczy Polak\u00f3w ni\u017c fina\u0142 WO\u015aP. Wi\u0119cej o tegorocznym finale ju\u017c teraz w raporcie Facebook Trends.\",\"breadcrumb\":{\"@id\":\"https:\/\/www.sotrender.com\/blog\/pl\/2023\/02\/facebook-trends-styczen-2023-wszystkie-rece-na-poklad\/#breadcrumb\"},\"inLanguage\":\"pl-PL\",\"potentialAction\":[{\"@type\":\"ReadAction\",\"target\":[\"https:\/\/www.sotrender.com\/blog\/pl\/2023\/02\/facebook-trends-styczen-2023-wszystkie-rece-na-poklad\/\"]}]},{\"@type\":\"ImageObject\",\"inLanguage\":\"pl-PL\",\"@id\":\"https:\/\/www.sotrender.com\/blog\/pl\/2023\/02\/facebook-trends-styczen-2023-wszystkie-rece-na-poklad\/#primaryimage\",\"url\":\"https:\/\/www.sotrender.com\/blog\/wp-content\/uploads\/2023\/02\/wszystkie-rece-na-poklad.jpg\",\"contentUrl\":\"https:\/\/www.sotrender.com\/blog\/wp-content\/uploads\/2023\/02\/wszystkie-rece-na-poklad.jpg\",\"width\":1280,\"height\":854},{\"@type\":\"BreadcrumbList\",\"@id\":\"https:\/\/www.sotrender.com\/blog\/pl\/2023\/02\/facebook-trends-styczen-2023-wszystkie-rece-na-poklad\/#breadcrumb\",\"itemListElement\":[{\"@type\":\"ListItem\",\"position\":1,\"name\":\"Home\",\"item\":\"https:\/\/www.sotrender.com\/blog\/\"},{\"@type\":\"ListItem\",\"position\":2,\"name\":\"Facebook Trends stycze\u0144 2023 &#8211; wszystkie r\u0119ce na pok\u0142ad\"}]},{\"@type\":\"WebSite\",\"@id\":\"https:\/\/www.sotrender.com\/blog\/#website\",\"url\":\"https:\/\/www.sotrender.com\/blog\/\",\"name\":\"Sotrender Blog\",\"description\":\"\",\"potentialAction\":[{\"@type\":\"SearchAction\",\"target\":{\"@type\":\"EntryPoint\",\"urlTemplate\":\"https:\/\/www.sotrender.com\/blog\/?s={search_term_string}\"},\"query-input\":\"required name=search_term_string\"}],\"inLanguage\":\"pl-PL\"},{\"@type\":\"Person\",\"@id\":\"https:\/\/www.sotrender.com\/blog\/#\/schema\/person\/038ac5e276c5d102d8cbb9c36cd43416\",\"name\":\"Klaudia \u017by\u0142ka\",\"image\":{\"@type\":\"ImageObject\",\"inLanguage\":\"pl-PL\",\"@id\":\"https:\/\/www.sotrender.com\/blog\/#\/schema\/person\/image\/\",\"url\":\"https:\/\/secure.gravatar.com\/avatar\/f55d5d49ce3c448e1ffde0ab078d84cd?s=96&d=mm&r=g\",\"contentUrl\":\"https:\/\/secure.gravatar.com\/avatar\/f55d5d49ce3c448e1ffde0ab078d84cd?s=96&d=mm&r=g\",\"caption\":\"Klaudia \u017by\u0142ka\"},\"description\":\"Instagram, dogs, books and food lover. Former student at Warsaw University and Malm\u00f6 University. Improving her marketing skills every day. Proud owner of DIMAQ certificate\",\"sameAs\":[\"https:\/\/www.linkedin.com\/in\/klaudia-\u017cy\u0142ka-17527779\"],\"url\":\"https:\/\/www.sotrender.com\/blog\/pl\/author\/klaudia_yka\/\"}]}<\/script>\n<!-- \/ Yoast SEO plugin. -->","yoast_head_json":{"title":"Facebook Trends stycze\u0144 2023 - wszystkie r\u0119ce na pok\u0142ad","description":"Na pr\u00f3\u017cno szuka\u0107 wydarzenia, kt\u00f3re bardziej jednoczy Polak\u00f3w ni\u017c fina\u0142 WO\u015aP. Wi\u0119cej o tegorocznym finale ju\u017c teraz w raporcie Facebook Trends.","robots":{"index":"index","follow":"follow","max-snippet":"max-snippet:-1","max-image-preview":"max-image-preview:large","max-video-preview":"max-video-preview:-1"},"canonical":"https:\/\/www.sotrender.com\/blog\/pl\/2023\/02\/facebook-trends-styczen-2023-wszystkie-rece-na-poklad\/","og_locale":"pl_PL","og_type":"article","og_title":"Facebook Trends stycze\u0144 2023 - wszystkie r\u0119ce na pok\u0142ad","og_description":"Na pr\u00f3\u017cno szuka\u0107 wydarzenia, kt\u00f3re bardziej jednoczy Polak\u00f3w ni\u017c fina\u0142 WO\u015aP. Wi\u0119cej o tegorocznym finale ju\u017c teraz w raporcie Facebook Trends.","og_url":"https:\/\/www.sotrender.com\/blog\/pl\/2023\/02\/facebook-trends-styczen-2023-wszystkie-rece-na-poklad\/","og_site_name":"Sotrender Blog","article_publisher":"https:\/\/www.facebook.com\/Sotrender","article_published_time":"2023-02-07T11:22:45+00:00","article_modified_time":"2023-02-07T12:30:44+00:00","og_image":[{"width":1280,"height":854,"url":"https:\/\/www.sotrender.com\/blog\/wp-content\/uploads\/2023\/02\/wszystkie-rece-na-poklad.jpg","type":"image\/jpeg"}],"author":"Klaudia \u017by\u0142ka","twitter_card":"summary_large_image","twitter_creator":"@Sotrender","twitter_site":"@Sotrender","twitter_misc":{"Written by":"Klaudia \u017by\u0142ka","Est. reading time":"4 minutes"},"schema":{"@context":"https:\/\/schema.org","@graph":[{"@type":"WebPage","@id":"https:\/\/www.sotrender.com\/blog\/pl\/2023\/02\/facebook-trends-styczen-2023-wszystkie-rece-na-poklad\/","url":"https:\/\/www.sotrender.com\/blog\/pl\/2023\/02\/facebook-trends-styczen-2023-wszystkie-rece-na-poklad\/","name":"Facebook Trends stycze\u0144 2023 - wszystkie r\u0119ce na pok\u0142ad","isPartOf":{"@id":"https:\/\/www.sotrender.com\/blog\/#website"},"primaryImageOfPage":{"@id":"https:\/\/www.sotrender.com\/blog\/pl\/2023\/02\/facebook-trends-styczen-2023-wszystkie-rece-na-poklad\/#primaryimage"},"image":{"@id":"https:\/\/www.sotrender.com\/blog\/pl\/2023\/02\/facebook-trends-styczen-2023-wszystkie-rece-na-poklad\/#primaryimage"},"thumbnailUrl":"https:\/\/www.sotrender.com\/blog\/wp-content\/uploads\/2023\/02\/wszystkie-rece-na-poklad.jpg","datePublished":"2023-02-07T11:22:45+00:00","dateModified":"2023-02-07T12:30:44+00:00","author":{"@id":"https:\/\/www.sotrender.com\/blog\/#\/schema\/person\/038ac5e276c5d102d8cbb9c36cd43416"},"description":"Na pr\u00f3\u017cno szuka\u0107 wydarzenia, kt\u00f3re bardziej jednoczy Polak\u00f3w ni\u017c fina\u0142 WO\u015aP. Wi\u0119cej o tegorocznym finale ju\u017c teraz w raporcie Facebook Trends.","breadcrumb":{"@id":"https:\/\/www.sotrender.com\/blog\/pl\/2023\/02\/facebook-trends-styczen-2023-wszystkie-rece-na-poklad\/#breadcrumb"},"inLanguage":"pl-PL","potentialAction":[{"@type":"ReadAction","target":["https:\/\/www.sotrender.com\/blog\/pl\/2023\/02\/facebook-trends-styczen-2023-wszystkie-rece-na-poklad\/"]}]},{"@type":"ImageObject","inLanguage":"pl-PL","@id":"https:\/\/www.sotrender.com\/blog\/pl\/2023\/02\/facebook-trends-styczen-2023-wszystkie-rece-na-poklad\/#primaryimage","url":"https:\/\/www.sotrender.com\/blog\/wp-content\/uploads\/2023\/02\/wszystkie-rece-na-poklad.jpg","contentUrl":"https:\/\/www.sotrender.com\/blog\/wp-content\/uploads\/2023\/02\/wszystkie-rece-na-poklad.jpg","width":1280,"height":854},{"@type":"BreadcrumbList","@id":"https:\/\/www.sotrender.com\/blog\/pl\/2023\/02\/facebook-trends-styczen-2023-wszystkie-rece-na-poklad\/#breadcrumb","itemListElement":[{"@type":"ListItem","position":1,"name":"Home","item":"https:\/\/www.sotrender.com\/blog\/"},{"@type":"ListItem","position":2,"name":"Facebook Trends stycze\u0144 2023 &#8211; wszystkie r\u0119ce na pok\u0142ad"}]},{"@type":"WebSite","@id":"https:\/\/www.sotrender.com\/blog\/#website","url":"https:\/\/www.sotrender.com\/blog\/","name":"Sotrender Blog","description":"","potentialAction":[{"@type":"SearchAction","target":{"@type":"EntryPoint","urlTemplate":"https:\/\/www.sotrender.com\/blog\/?s={search_term_string}"},"query-input":"required name=search_term_string"}],"inLanguage":"pl-PL"},{"@type":"Person","@id":"https:\/\/www.sotrender.com\/blog\/#\/schema\/person\/038ac5e276c5d102d8cbb9c36cd43416","name":"Klaudia \u017by\u0142ka","image":{"@type":"ImageObject","inLanguage":"pl-PL","@id":"https:\/\/www.sotrender.com\/blog\/#\/schema\/person\/image\/","url":"https:\/\/secure.gravatar.com\/avatar\/f55d5d49ce3c448e1ffde0ab078d84cd?s=96&d=mm&r=g","contentUrl":"https:\/\/secure.gravatar.com\/avatar\/f55d5d49ce3c448e1ffde0ab078d84cd?s=96&d=mm&r=g","caption":"Klaudia \u017by\u0142ka"},"description":"Instagram, dogs, books and food lover. Former student at Warsaw University and Malm\u00f6 University. Improving her marketing skills every day. Proud owner of DIMAQ certificate","sameAs":["https:\/\/www.linkedin.com\/in\/klaudia-\u017cy\u0142ka-17527779"],"url":"https:\/\/www.sotrender.com\/blog\/pl\/author\/klaudia_yka\/"}]}},"_links":{"self":[{"href":"https:\/\/www.sotrender.com\/blog\/pl\/wp-json\/wp\/v2\/posts\/47083"}],"collection":[{"href":"https:\/\/www.sotrender.com\/blog\/pl\/wp-json\/wp\/v2\/posts"}],"about":[{"href":"https:\/\/www.sotrender.com\/blog\/pl\/wp-json\/wp\/v2\/types\/post"}],"author":[{"embeddable":true,"href":"https:\/\/www.sotrender.com\/blog\/pl\/wp-json\/wp\/v2\/users\/89"}],"replies":[{"embeddable":true,"href":"https:\/\/www.sotrender.com\/blog\/pl\/wp-json\/wp\/v2\/comments?post=47083"}],"version-history":[{"count":8,"href":"https:\/\/www.sotrender.com\/blog\/pl\/wp-json\/wp\/v2\/posts\/47083\/revisions"}],"predecessor-version":[{"id":47111,"href":"https:\/\/www.sotrender.com\/blog\/pl\/wp-json\/wp\/v2\/posts\/47083\/revisions\/47111"}],"wp:featuredmedia":[{"embeddable":true,"href":"https:\/\/www.sotrender.com\/blog\/pl\/wp-json\/wp\/v2\/media\/47085"}],"wp:attachment":[{"href":"https:\/\/www.sotrender.com\/blog\/pl\/wp-json\/wp\/v2\/media?parent=47083"}],"wp:term":[{"taxonomy":"category","embeddable":true,"href":"https:\/\/www.sotrender.com\/blog\/pl\/wp-json\/wp\/v2\/categories?post=47083"},{"taxonomy":"post_tag","embeddable":true,"href":"https:\/\/www.sotrender.com\/blog\/pl\/wp-json\/wp\/v2\/tags?post=47083"}],"curies":[{"name":"wp","href":"https:\/\/api.w.org\/{rel}","templated":true}]}}