{"id":47061,"date":"2023-02-06T10:26:11","date_gmt":"2023-02-06T09:26:11","guid":{"rendered":"https:\/\/www.sotrender.com\/blog\/?p=47061\/"},"modified":"2024-11-26T15:57:22","modified_gmt":"2024-11-26T14:57:22","slug":"facebook-w-polsce-podsumowanie-2022-roku-infografika","status":"publish","type":"post","link":"https:\/\/www.sotrender.com\/blog\/pl\/2023\/02\/facebook-w-polsce-podsumowanie-2022-roku-infografika\/","title":{"rendered":"Facebook w Polsce \u2013 podsumowanie 2022 roku [INFOGRAFIKA]"},"content":{"rendered":"<p><span style=\"font-weight: 400;\">Za nami pierwszy miesi\u0105c 2023 roku, a to dobry moment, by na spokojnie przyjrze\u0107 si\u0119 temu, jak wygl\u0105da\u0142 ca\u0142y miniony rok. A my, jak zawsze, przygotowali\u015bmy podsumowanie ostatnich dwunastu miesi\u0119cy na Facebooku.<\/span><\/p>\n<p><!--more--><\/p>\n<p><span style=\"font-weight: 400;\">Co znajdziecie na tegorocznej infografice?<\/span><\/p>\n<ul>\n<li style=\"font-weight: 400;\" aria-level=\"1\"><span style=\"font-weight: 400;\">Top profile marek i medi\u00f3w (w odr\u00f3\u017cnieniu od lat poprzednich, tym razem zrezygnowali\u015bmy z umieszczania w naszym podsumowaniu profili os\u00f3b).<\/span><\/li>\n<li style=\"font-weight: 400;\" aria-level=\"1\"><span style=\"font-weight: 400;\">Znacznie wi\u0119cej danych reklamowych z ekosystemu Meta.<\/span><\/li>\n<li style=\"font-weight: 400;\" aria-level=\"1\"><span style=\"font-weight: 400;\">12 najbardziej anga\u017cuj\u0105cych post\u00f3w na Facebooku w 2022 roku.\u00a0<\/span><\/li>\n<\/ul>\n<p><span style=\"font-weight: 400;\">Gotowi by pozna\u0107 szczeg\u00f3\u0142y?<\/span><\/p>\n<h2><strong>Podsumowanie 2022 roku na Facebooku\u00a0<\/strong><\/h2>\n<p><b>Dwoma najwi\u0119kszymi profilami polskich marek na Facebooku w 2022 roku by\u0142y Play i Allegro<\/b><span style=\"font-weight: 400;\"> &#8211; obie marki mog\u0105 pochwali\u0107 si\u0119 ponad dwumilionow\u0105 spo\u0142eczno\u015bci\u0105 na swoich profilach. Trzecie miejsce na podium zaj\u0105\u0142 profil Pyszno\u015bci, kt\u00f3ry r\u00f3wnie\u017c zbli\u017ca si\u0119 do przekroczenia liczby dw\u00f3ch milion\u00f3w fan\u00f3w.<\/span><\/p>\n<p><span style=\"font-weight: 400;\">Z kolei <\/span><b>profilami, kt\u00f3re zanotowa\u0142y najwi\u0119kszy przyrost fan\u00f3w by\u0142y te dotycz\u0105ce news\u00f3w i plotek<\/b><span style=\"font-weight: 400;\">: Goniec.pl (przyrost o ponad 600 tys. fan\u00f3w), Jastrzab Post oraz \u015awiat Gwiazd.\u00a0<\/span><\/p>\n<p><span style=\"font-weight: 400;\">W minionym roku <\/span><b>najbardziej anga\u017cuj\u0105cym profilem by\u0142 profil TVP Sport.<\/b><span style=\"font-weight: 400;\"> Na podium znalaz\u0142 si\u0119 r\u00f3wnie\u017c profil Goniec.pl i LOL mania, a tu\u017c za nim TVN24 (miejsce 4.) i \u0141\u0105czy nas pi\u0142ka (miejsce 5.). <\/span><b>Profile publikuj\u0105ce wiadomo\u015bci i newsy sportowe ponownie najbardziej anga\u017cowa\u0142y facebookowicz\u00f3w.\u00a0<\/b><\/p>\n<p><span style=\"font-weight: 400;\">Zestawienie <\/span><i><span style=\"font-weight: 400;\">Najuwa\u017cniejsi, <\/span><\/i><span style=\"font-weight: 400;\">podobnie jak w latach ubieg\u0142ych, sk\u0142ada si\u0119 g\u0142\u00f3wnie z marek telekomunikacyjnych. <\/span><b>Liderem, drugi rok z rz\u0119du, pozosta\u0142 profil Orange. <\/b><span style=\"font-weight: 400;\">Nowym profilem, kt\u00f3ry awansowa\u0142 do TOP5 na miejsce czwarte jest profil T-Mobile, tym samym deklasuj\u0105c Play z miejsca trzeciego na pi\u0105te. <\/span><b>Na wszystkich tych profilach moderatorzy odpowiedzieli na ponad 90% post\u00f3w u\u017cytkownik\u00f3w (na profilu Allegro a\u017c na 99% z nich).<\/b><\/p>\n<p><b>Profilem, na kt\u00f3rym w 2022 roku pojawi\u0142o si\u0119 najwi\u0119cej post\u00f3w by\u0142 profil Ci\u0105\u017ca &#8211; pytania i odpowiedzi.<\/b><span style=\"font-weight: 400;\"> W minionym roku, jeszcze bardziej ni\u017c w latach poprzednich, tre\u015bci parentingowe interesowa\u0142y spo\u0142eczno\u015b\u0107 na Facebooku &#8211; w TOP5 znalaz\u0142 si\u0119 bowiem tak\u017ce profil Mamy Mamom.\u00a0<\/span><span style=\"font-weight: 400;\">Z kolei profilem, kt\u00f3ry do\u015b\u0107 niespodziewanie pojawi\u0142 si\u0119 w zestawienu <\/span><i><span style=\"font-weight: 400;\">Najbardziej aktywni <\/span><\/i><span style=\"font-weight: 400;\">by\u0142 profil Spotted Gr\u00f3jec-Okolice, na kt\u00f3rym w ca\u0142ym ubieg\u0142ym roku opublikowano a\u017c 24 624 post\u00f3w, co daje \u015brednio <\/span><b>ponad 65 post\u00f3w dziennie<\/b><span style=\"font-weight: 400;\">.\u00a0<\/span><span style=\"font-weight: 400;\">Tym razem, w TOP5 nie znalaz\u0142 si\u0119 profil Radia Maryja ani Wirtualnej Polski, za\u015b na miejsce drugie (z pi\u0105tego) awansowa\u0142 profil TVN24.<\/span><\/p>\n<p><b>Najlepszym postem roku<\/b><span style=\"font-weight: 400;\">, kt\u00f3ry by\u0142 bezpo\u015brednim odwo\u0142aniem do wydarze\u0144 w Ukrainie, by\u0142 lutowy<\/span><b> post Klubu Komediowego<\/b><span style=\"font-weight: 400;\">. Wojna w Ukrainie by\u0142a niew\u0105tpliwie jednym z wa\u017cniejszych wydarze\u0144 minionego roku &#8211; co ma odzwierciedlenie w postach, kt\u00f3re najbardziej anga\u017cowa\u0142y facebookowicz\u00f3w.\u00a0<\/span><span style=\"font-weight: 400;\"><strong>Silnie anga\u017cuj\u0105ce by\u0142y tak\u017ce posty ze zbi\u00f3rkami na rzecz potrzebuj\u0105cych<\/strong> &#8211; 4 z 12 najlepszych post\u00f3w roku nale\u017ca\u0142o do profilu Siepomaga.pl.\u00a0<\/span><span style=\"font-weight: 400;\"><strong>Niespodziank\u0105 jest numer 4. w naszym zestawieniu.<\/strong> Tu\u017c za podium znalaz\u0142 si\u0119 bowiem post Comedy Central Polska, kt\u00f3ry by\u0142 satyryczn\u0105 zapowiedzi\u0105 nowego programu &#8220;Backdoor &#8211; Wyj\u015bcie awaryjne&#8221; i zdoby\u0142 imponuj\u0105c\u0105 aktywno\u015b\u0107 u\u017cytkownik\u00f3w.\u00a0<\/span><\/p>\n<p><span style=\"font-weight: 400;\">Koszty reklamowe? Poszybowa\u0142y w g\u00f3r\u0119. <a href=\"https:\/\/www.sotrender.com\/blog\/pl\/2022\/01\/facebook-w-polsce-podsumowanie-2021-roku-infografika\/\">W por\u00f3wnaniu do 2021 roku<\/a>, za CPC reklamodawcy p\u0142acili \u015brednio 21% wi\u0119cej (87 groszy), a za CPM &#8211; 4% wi\u0119cej (7 z\u0142 13 gr). Z kolei <\/span><b>\u015brednie dzienne wydatki na reklam\u0119 wynios\u0142y 16 z\u0142 81 gr &#8211; o 53% wi\u0119cej ni\u017c w roku ubieg\u0142ym.\u00a0<\/b><\/p>\n<p><span style=\"font-weight: 400;\">Zanim infografika &#8211; ma\u0142a niespodzianka. Je\u015bli uwa\u017cnie \u015bledzili\u015bcie nasze sociale, wiecie, \u017ce pracowali\u015bmy nad <\/span><b>reaktywacj\u0105 raportu Instagram Trends<\/b><span style=\"font-weight: 400;\">. Zach\u0119camy do zapoznania si\u0119 z <\/span><a href=\"https:\/\/www.sotrender.com\/trends\/instagram\/poland\/02212\"><span style=\"font-weight: 400;\">grudniow\u0105 wersj\u0105 raportu<\/span><\/a><span style=\"font-weight: 400;\">, a ju\u017c za kilka dni zapraszamy na styczniowe wydanie raportu Instagram Trends!<\/span><\/p>\n<p><img loading=\"lazy\" decoding=\"async\" class=\"aligncenter wp-image-47113\" src=\"https:\/\/www.sotrender.com\/blog\/wp-content\/uploads\/2023\/02\/Facebook-2022-podsumowanie-roku-infografika-cz.1.pop_-scaled.jpg\" alt=\"podsumowanie 2022 roku na facebooku infografika\" width=\"648\" height=\"1994\" srcset=\"https:\/\/www.sotrender.com\/blog\/wp-content\/uploads\/2023\/02\/Facebook-2022-podsumowanie-roku-infografika-cz.1.pop_-scaled.jpg 832w, https:\/\/www.sotrender.com\/blog\/wp-content\/uploads\/2023\/02\/Facebook-2022-podsumowanie-roku-infografika-cz.1.pop_-475x1461.jpg 475w, https:\/\/www.sotrender.com\/blog\/wp-content\/uploads\/2023\/02\/Facebook-2022-podsumowanie-roku-infografika-cz.1.pop_-650x2000.jpg 650w, https:\/\/www.sotrender.com\/blog\/wp-content\/uploads\/2023\/02\/Facebook-2022-podsumowanie-roku-infografika-cz.1.pop_-768x2362.jpg 768w, https:\/\/www.sotrender.com\/blog\/wp-content\/uploads\/2023\/02\/Facebook-2022-podsumowanie-roku-infografika-cz.1.pop_-499x1536.jpg 499w, https:\/\/www.sotrender.com\/blog\/wp-content\/uploads\/2023\/02\/Facebook-2022-podsumowanie-roku-infografika-cz.1.pop_-666x2048.jpg 666w\" sizes=\"(max-width: 648px) 100vw, 648px\" \/><img loading=\"lazy\" decoding=\"async\" class=\"aligncenter wp-image-47079 size-full\" src=\"https:\/\/www.sotrender.com\/blog\/wp-content\/uploads\/2023\/02\/Facebook-2022-podsumowanie-roku-infografika-cz.2-scaled.jpg\" alt=\"podsumowanie 2022 roku na facebooku infografika najlepsze posty\" width=\"648\" height=\"2560\" srcset=\"https:\/\/www.sotrender.com\/blog\/wp-content\/uploads\/2023\/02\/Facebook-2022-podsumowanie-roku-infografika-cz.2-scaled.jpg 648w, https:\/\/www.sotrender.com\/blog\/wp-content\/uploads\/2023\/02\/Facebook-2022-podsumowanie-roku-infografika-cz.2-475x1876.jpg 475w, https:\/\/www.sotrender.com\/blog\/wp-content\/uploads\/2023\/02\/Facebook-2022-podsumowanie-roku-infografika-cz.2-506x2000.jpg 506w, https:\/\/www.sotrender.com\/blog\/wp-content\/uploads\/2023\/02\/Facebook-2022-podsumowanie-roku-infografika-cz.2-768x3034.jpg 768w, https:\/\/www.sotrender.com\/blog\/wp-content\/uploads\/2023\/02\/Facebook-2022-podsumowanie-roku-infografika-cz.2-389x1536.jpg 389w\" sizes=\"(max-width: 648px) 100vw, 648px\" \/><\/p>\n","protected":false},"excerpt":{"rendered":"<p>Za nami pierwszy miesi\u0105c 2023 roku, a to dobry moment, by na spokojnie przyjrze\u0107 si\u0119 temu, jak wygl\u0105da\u0142 ca\u0142y miniony rok. A my, jak zawsze, przygotowali\u015bmy podsumowanie ostatnich dwunastu miesi\u0119cy na Facebooku.<\/p>\n","protected":false},"author":89,"featured_media":47063,"comment_status":"open","ping_status":"open","sticky":false,"template":"","format":"standard","meta":{"inline_featured_image":false,"footnotes":""},"categories":[1797,2125,2275],"tags":[17,1477,2519,3211],"yoast_head":"<!-- This site is optimized with the Yoast SEO plugin v22.4 - https:\/\/yoast.com\/wordpress\/plugins\/seo\/ -->\n<title>Facebook w Polsce \u2013 podsumowanie 2022 roku [INFOGRAFIKA]<\/title>\n<meta name=\"description\" content=\"Poznajcie 12 najbardziej anga\u017cuj\u0105cych post\u00f3w na Facebooku w 2022 roku.\u00a0Zapraszamy na nasz\u0105 coroczn\u0105 infografik\u0119 z podsumowaniem roku.\" \/>\n<meta name=\"robots\" content=\"index, follow, max-snippet:-1, max-image-preview:large, max-video-preview:-1\" \/>\n<link rel=\"canonical\" href=\"https:\/\/www.sotrender.com\/blog\/pl\/2023\/02\/facebook-w-polsce-podsumowanie-2022-roku-infografika\/\" \/>\n<meta property=\"og:locale\" content=\"pl_PL\" \/>\n<meta property=\"og:type\" content=\"article\" \/>\n<meta property=\"og:title\" content=\"Facebook w Polsce \u2013 podsumowanie 2022 roku [INFOGRAFIKA]\" \/>\n<meta property=\"og:description\" content=\"Poznajcie 12 najbardziej anga\u017cuj\u0105cych post\u00f3w na Facebooku w 2022 roku.\u00a0Zapraszamy na nasz\u0105 coroczn\u0105 infografik\u0119 z podsumowaniem roku.\" \/>\n<meta property=\"og:url\" content=\"https:\/\/www.sotrender.com\/blog\/pl\/2023\/02\/facebook-w-polsce-podsumowanie-2022-roku-infografika\/\" \/>\n<meta property=\"og:site_name\" content=\"Sotrender Blog\" \/>\n<meta property=\"article:publisher\" content=\"https:\/\/www.facebook.com\/Sotrender\" \/>\n<meta property=\"article:published_time\" content=\"2023-02-06T09:26:11+00:00\" \/>\n<meta property=\"article:modified_time\" content=\"2024-11-26T14:57:22+00:00\" \/>\n<meta property=\"og:image\" content=\"https:\/\/www.sotrender.com\/blog\/wp-content\/uploads\/2023\/02\/podsumowanie-roku-facebook-2022.jpg\" \/>\n\t<meta property=\"og:image:width\" content=\"1280\" \/>\n\t<meta property=\"og:image:height\" content=\"1063\" \/>\n\t<meta property=\"og:image:type\" content=\"image\/jpeg\" \/>\n<meta name=\"author\" content=\"Klaudia \u017by\u0142ka\" \/>\n<meta name=\"twitter:card\" content=\"summary_large_image\" \/>\n<meta name=\"twitter:creator\" content=\"@Sotrender\" \/>\n<meta name=\"twitter:site\" content=\"@Sotrender\" \/>\n<meta name=\"twitter:label1\" content=\"Written by\" \/>\n\t<meta name=\"twitter:data1\" content=\"Klaudia \u017by\u0142ka\" \/>\n\t<meta name=\"twitter:label2\" content=\"Est. reading time\" \/>\n\t<meta name=\"twitter:data2\" content=\"3 minutes\" \/>\n<script type=\"application\/ld+json\" class=\"yoast-schema-graph\">{\"@context\":\"https:\/\/schema.org\",\"@graph\":[{\"@type\":\"WebPage\",\"@id\":\"https:\/\/www.sotrender.com\/blog\/pl\/2023\/02\/facebook-w-polsce-podsumowanie-2022-roku-infografika\/\",\"url\":\"https:\/\/www.sotrender.com\/blog\/pl\/2023\/02\/facebook-w-polsce-podsumowanie-2022-roku-infografika\/\",\"name\":\"Facebook w Polsce \u2013 podsumowanie 2022 roku [INFOGRAFIKA]\",\"isPartOf\":{\"@id\":\"https:\/\/www.sotrender.com\/blog\/#website\"},\"primaryImageOfPage\":{\"@id\":\"https:\/\/www.sotrender.com\/blog\/pl\/2023\/02\/facebook-w-polsce-podsumowanie-2022-roku-infografika\/#primaryimage\"},\"image\":{\"@id\":\"https:\/\/www.sotrender.com\/blog\/pl\/2023\/02\/facebook-w-polsce-podsumowanie-2022-roku-infografika\/#primaryimage\"},\"thumbnailUrl\":\"https:\/\/www.sotrender.com\/blog\/wp-content\/uploads\/2023\/02\/podsumowanie-roku-facebook-2022.jpg\",\"datePublished\":\"2023-02-06T09:26:11+00:00\",\"dateModified\":\"2024-11-26T14:57:22+00:00\",\"author\":{\"@id\":\"https:\/\/www.sotrender.com\/blog\/#\/schema\/person\/038ac5e276c5d102d8cbb9c36cd43416\"},\"description\":\"Poznajcie 12 najbardziej anga\u017cuj\u0105cych post\u00f3w na Facebooku w 2022 roku.\u00a0Zapraszamy na nasz\u0105 coroczn\u0105 infografik\u0119 z podsumowaniem roku.\",\"breadcrumb\":{\"@id\":\"https:\/\/www.sotrender.com\/blog\/pl\/2023\/02\/facebook-w-polsce-podsumowanie-2022-roku-infografika\/#breadcrumb\"},\"inLanguage\":\"pl-PL\",\"potentialAction\":[{\"@type\":\"ReadAction\",\"target\":[\"https:\/\/www.sotrender.com\/blog\/pl\/2023\/02\/facebook-w-polsce-podsumowanie-2022-roku-infografika\/\"]}]},{\"@type\":\"ImageObject\",\"inLanguage\":\"pl-PL\",\"@id\":\"https:\/\/www.sotrender.com\/blog\/pl\/2023\/02\/facebook-w-polsce-podsumowanie-2022-roku-infografika\/#primaryimage\",\"url\":\"https:\/\/www.sotrender.com\/blog\/wp-content\/uploads\/2023\/02\/podsumowanie-roku-facebook-2022.jpg\",\"contentUrl\":\"https:\/\/www.sotrender.com\/blog\/wp-content\/uploads\/2023\/02\/podsumowanie-roku-facebook-2022.jpg\",\"width\":1280,\"height\":1063},{\"@type\":\"BreadcrumbList\",\"@id\":\"https:\/\/www.sotrender.com\/blog\/pl\/2023\/02\/facebook-w-polsce-podsumowanie-2022-roku-infografika\/#breadcrumb\",\"itemListElement\":[{\"@type\":\"ListItem\",\"position\":1,\"name\":\"Home\",\"item\":\"https:\/\/www.sotrender.com\/blog\/\"},{\"@type\":\"ListItem\",\"position\":2,\"name\":\"Facebook w Polsce \u2013 podsumowanie 2022 roku [INFOGRAFIKA]\"}]},{\"@type\":\"WebSite\",\"@id\":\"https:\/\/www.sotrender.com\/blog\/#website\",\"url\":\"https:\/\/www.sotrender.com\/blog\/\",\"name\":\"Sotrender Blog\",\"description\":\"\",\"potentialAction\":[{\"@type\":\"SearchAction\",\"target\":{\"@type\":\"EntryPoint\",\"urlTemplate\":\"https:\/\/www.sotrender.com\/blog\/?s={search_term_string}\"},\"query-input\":\"required name=search_term_string\"}],\"inLanguage\":\"pl-PL\"},{\"@type\":\"Person\",\"@id\":\"https:\/\/www.sotrender.com\/blog\/#\/schema\/person\/038ac5e276c5d102d8cbb9c36cd43416\",\"name\":\"Klaudia \u017by\u0142ka\",\"image\":{\"@type\":\"ImageObject\",\"inLanguage\":\"pl-PL\",\"@id\":\"https:\/\/www.sotrender.com\/blog\/#\/schema\/person\/image\/\",\"url\":\"https:\/\/secure.gravatar.com\/avatar\/f55d5d49ce3c448e1ffde0ab078d84cd?s=96&d=mm&r=g\",\"contentUrl\":\"https:\/\/secure.gravatar.com\/avatar\/f55d5d49ce3c448e1ffde0ab078d84cd?s=96&d=mm&r=g\",\"caption\":\"Klaudia \u017by\u0142ka\"},\"description\":\"Instagram, dogs, books and food lover. Former student at Warsaw University and Malm\u00f6 University. Improving her marketing skills every day. Proud owner of DIMAQ certificate\",\"sameAs\":[\"https:\/\/www.linkedin.com\/in\/klaudia-\u017cy\u0142ka-17527779\"],\"url\":\"https:\/\/www.sotrender.com\/blog\/pl\/author\/klaudia_yka\/\"}]}<\/script>\n<!-- \/ Yoast SEO plugin. -->","yoast_head_json":{"title":"Facebook w Polsce \u2013 podsumowanie 2022 roku [INFOGRAFIKA]","description":"Poznajcie 12 najbardziej anga\u017cuj\u0105cych post\u00f3w na Facebooku w 2022 roku.\u00a0Zapraszamy na nasz\u0105 coroczn\u0105 infografik\u0119 z podsumowaniem roku.","robots":{"index":"index","follow":"follow","max-snippet":"max-snippet:-1","max-image-preview":"max-image-preview:large","max-video-preview":"max-video-preview:-1"},"canonical":"https:\/\/www.sotrender.com\/blog\/pl\/2023\/02\/facebook-w-polsce-podsumowanie-2022-roku-infografika\/","og_locale":"pl_PL","og_type":"article","og_title":"Facebook w Polsce \u2013 podsumowanie 2022 roku [INFOGRAFIKA]","og_description":"Poznajcie 12 najbardziej anga\u017cuj\u0105cych post\u00f3w na Facebooku w 2022 roku.\u00a0Zapraszamy na nasz\u0105 coroczn\u0105 infografik\u0119 z podsumowaniem roku.","og_url":"https:\/\/www.sotrender.com\/blog\/pl\/2023\/02\/facebook-w-polsce-podsumowanie-2022-roku-infografika\/","og_site_name":"Sotrender Blog","article_publisher":"https:\/\/www.facebook.com\/Sotrender","article_published_time":"2023-02-06T09:26:11+00:00","article_modified_time":"2024-11-26T14:57:22+00:00","og_image":[{"width":1280,"height":1063,"url":"https:\/\/www.sotrender.com\/blog\/wp-content\/uploads\/2023\/02\/podsumowanie-roku-facebook-2022.jpg","type":"image\/jpeg"}],"author":"Klaudia \u017by\u0142ka","twitter_card":"summary_large_image","twitter_creator":"@Sotrender","twitter_site":"@Sotrender","twitter_misc":{"Written by":"Klaudia \u017by\u0142ka","Est. reading time":"3 minutes"},"schema":{"@context":"https:\/\/schema.org","@graph":[{"@type":"WebPage","@id":"https:\/\/www.sotrender.com\/blog\/pl\/2023\/02\/facebook-w-polsce-podsumowanie-2022-roku-infografika\/","url":"https:\/\/www.sotrender.com\/blog\/pl\/2023\/02\/facebook-w-polsce-podsumowanie-2022-roku-infografika\/","name":"Facebook w Polsce \u2013 podsumowanie 2022 roku [INFOGRAFIKA]","isPartOf":{"@id":"https:\/\/www.sotrender.com\/blog\/#website"},"primaryImageOfPage":{"@id":"https:\/\/www.sotrender.com\/blog\/pl\/2023\/02\/facebook-w-polsce-podsumowanie-2022-roku-infografika\/#primaryimage"},"image":{"@id":"https:\/\/www.sotrender.com\/blog\/pl\/2023\/02\/facebook-w-polsce-podsumowanie-2022-roku-infografika\/#primaryimage"},"thumbnailUrl":"https:\/\/www.sotrender.com\/blog\/wp-content\/uploads\/2023\/02\/podsumowanie-roku-facebook-2022.jpg","datePublished":"2023-02-06T09:26:11+00:00","dateModified":"2024-11-26T14:57:22+00:00","author":{"@id":"https:\/\/www.sotrender.com\/blog\/#\/schema\/person\/038ac5e276c5d102d8cbb9c36cd43416"},"description":"Poznajcie 12 najbardziej anga\u017cuj\u0105cych post\u00f3w na Facebooku w 2022 roku.\u00a0Zapraszamy na nasz\u0105 coroczn\u0105 infografik\u0119 z podsumowaniem roku.","breadcrumb":{"@id":"https:\/\/www.sotrender.com\/blog\/pl\/2023\/02\/facebook-w-polsce-podsumowanie-2022-roku-infografika\/#breadcrumb"},"inLanguage":"pl-PL","potentialAction":[{"@type":"ReadAction","target":["https:\/\/www.sotrender.com\/blog\/pl\/2023\/02\/facebook-w-polsce-podsumowanie-2022-roku-infografika\/"]}]},{"@type":"ImageObject","inLanguage":"pl-PL","@id":"https:\/\/www.sotrender.com\/blog\/pl\/2023\/02\/facebook-w-polsce-podsumowanie-2022-roku-infografika\/#primaryimage","url":"https:\/\/www.sotrender.com\/blog\/wp-content\/uploads\/2023\/02\/podsumowanie-roku-facebook-2022.jpg","contentUrl":"https:\/\/www.sotrender.com\/blog\/wp-content\/uploads\/2023\/02\/podsumowanie-roku-facebook-2022.jpg","width":1280,"height":1063},{"@type":"BreadcrumbList","@id":"https:\/\/www.sotrender.com\/blog\/pl\/2023\/02\/facebook-w-polsce-podsumowanie-2022-roku-infografika\/#breadcrumb","itemListElement":[{"@type":"ListItem","position":1,"name":"Home","item":"https:\/\/www.sotrender.com\/blog\/"},{"@type":"ListItem","position":2,"name":"Facebook w Polsce \u2013 podsumowanie 2022 roku [INFOGRAFIKA]"}]},{"@type":"WebSite","@id":"https:\/\/www.sotrender.com\/blog\/#website","url":"https:\/\/www.sotrender.com\/blog\/","name":"Sotrender Blog","description":"","potentialAction":[{"@type":"SearchAction","target":{"@type":"EntryPoint","urlTemplate":"https:\/\/www.sotrender.com\/blog\/?s={search_term_string}"},"query-input":"required name=search_term_string"}],"inLanguage":"pl-PL"},{"@type":"Person","@id":"https:\/\/www.sotrender.com\/blog\/#\/schema\/person\/038ac5e276c5d102d8cbb9c36cd43416","name":"Klaudia \u017by\u0142ka","image":{"@type":"ImageObject","inLanguage":"pl-PL","@id":"https:\/\/www.sotrender.com\/blog\/#\/schema\/person\/image\/","url":"https:\/\/secure.gravatar.com\/avatar\/f55d5d49ce3c448e1ffde0ab078d84cd?s=96&d=mm&r=g","contentUrl":"https:\/\/secure.gravatar.com\/avatar\/f55d5d49ce3c448e1ffde0ab078d84cd?s=96&d=mm&r=g","caption":"Klaudia \u017by\u0142ka"},"description":"Instagram, dogs, books and food lover. Former student at Warsaw University and Malm\u00f6 University. Improving her marketing skills every day. Proud owner of DIMAQ certificate","sameAs":["https:\/\/www.linkedin.com\/in\/klaudia-\u017cy\u0142ka-17527779"],"url":"https:\/\/www.sotrender.com\/blog\/pl\/author\/klaudia_yka\/"}]}},"_links":{"self":[{"href":"https:\/\/www.sotrender.com\/blog\/pl\/wp-json\/wp\/v2\/posts\/47061"}],"collection":[{"href":"https:\/\/www.sotrender.com\/blog\/pl\/wp-json\/wp\/v2\/posts"}],"about":[{"href":"https:\/\/www.sotrender.com\/blog\/pl\/wp-json\/wp\/v2\/types\/post"}],"author":[{"embeddable":true,"href":"https:\/\/www.sotrender.com\/blog\/pl\/wp-json\/wp\/v2\/users\/89"}],"replies":[{"embeddable":true,"href":"https:\/\/www.sotrender.com\/blog\/pl\/wp-json\/wp\/v2\/comments?post=47061"}],"version-history":[{"count":8,"href":"https:\/\/www.sotrender.com\/blog\/pl\/wp-json\/wp\/v2\/posts\/47061\/revisions"}],"predecessor-version":[{"id":53785,"href":"https:\/\/www.sotrender.com\/blog\/pl\/wp-json\/wp\/v2\/posts\/47061\/revisions\/53785"}],"wp:featuredmedia":[{"embeddable":true,"href":"https:\/\/www.sotrender.com\/blog\/pl\/wp-json\/wp\/v2\/media\/47063"}],"wp:attachment":[{"href":"https:\/\/www.sotrender.com\/blog\/pl\/wp-json\/wp\/v2\/media?parent=47061"}],"wp:term":[{"taxonomy":"category","embeddable":true,"href":"https:\/\/www.sotrender.com\/blog\/pl\/wp-json\/wp\/v2\/categories?post=47061"},{"taxonomy":"post_tag","embeddable":true,"href":"https:\/\/www.sotrender.com\/blog\/pl\/wp-json\/wp\/v2\/tags?post=47061"}],"curies":[{"name":"wp","href":"https:\/\/api.w.org\/{rel}","templated":true}]}}