{"id":4697,"date":"2013-02-12T14:06:17","date_gmt":"2013-02-12T13:06:17","guid":{"rendered":"http:\/\/blog.sotrender.com\/?p=4697"},"modified":"2015-12-01T22:21:43","modified_gmt":"2015-12-01T21:21:43","slug":"sotrender-rozbudowuje-struktury","status":"publish","type":"post","link":"https:\/\/www.sotrender.com\/blog\/pl\/2013\/02\/sotrender-rozbudowuje-struktury\/","title":{"rendered":"Sotrender rozbudowuje struktury"},"content":{"rendered":"<p>W zwi\u0105zku z dynamicznym rozwojem Sotrender rozbudowuje dzia\u0142y sprzeda\u017cy i marketingu. Za rozw\u00f3j nowopowsta\u0142ych dzia\u0142\u00f3w odpowiadaj\u0105 <strong>Hubert Tworkowski<\/strong>,  jako<strong> Head of Sales<\/strong> oraz <strong>Aleksander Szulc<\/strong>,  jako<strong> Head of Marketing&amp;PR<\/strong>.<\/p>\n<p>Jak przyznaje <a title=\"Jan Zaj\u0105c w serwisie LinkedIn\" href=\"http:\/\/www.linkedin.com\/in\/janekzajac\" target=\"_blank\">Janek<\/a> &#8211; CEO i wsp\u00f3\u0142za\u0142o\u017cyciel &#8211; &#8220;firma fajnie si\u0119\u00a0 rozwija,  ro\u015bniemy i mi\u0142o jest widzie\u0107 jak wiele zawdzi\u0119czamy naszym pracownikom. Do tej pory zaufa\u0142o im wielu Klient\u00f3w,  widzimy tak\u017ce sta\u0142y wzrost zainteresowania nasz\u0105 ofert\u0105. Sami r\u00f3wnie\u017c wprowadzamy nowe us\u0142ugi obejmuj\u0105ce nowe platformy. Dlatego uznali\u015bmy,  \u017ce firma potrzebuje rozbudowy na szczeblu menad\u017cerskim. Wierz\u0119,  \u017ce Hubert i Olek sprostaj\u0105 wyzwaniom,  kt\u00f3re przed nimi stawiamy&#8221;.<\/p>\n<p><!--more--><\/p>\n<p>&nbsp;<\/p>\n<div id=\"attachment_4703\" style=\"width: 160px\" class=\"wp-caption alignright\"><a href=\"https:\/\/www.sotrender.com\/blog\/wp-content\/uploads\/2013\/02\/424115_4534115950063_93595562_n.jpg\"><img loading=\"lazy\" decoding=\"async\" aria-describedby=\"caption-attachment-4703\" class=\"size-thumbnail wp-image-4703 \" src=\"https:\/\/www.sotrender.com\/blog\/wp-content\/uploads\/2013\/02\/424115_4534115950063_93595562_n-150x150.jpg\" alt=\"Hubert Tworkowski\" width=\"150\" height=\"150\" \/><\/a><p id=\"caption-attachment-4703\" class=\"wp-caption-text\">Hubert Tworkowski,  Head of Sales<\/p><\/div>\n<p>&nbsp;<\/p>\n<p><b><a title=\"Hubert w serwisie LinkedIn\" href=\"http:\/\/www.linkedin.com\/in\/huberttworkowski\" target=\"_blank\">Hubert Tworkowski<\/a>, <\/b> w Sotrenderze od czerwca 2011,  jako New Business Manager pozyska\u0142 dla firmy mi\u0119dzy innymi takich klient\u00f3w jak <a title=\"Strona Klienta\" href=\"http:\/\/www.zenithoptimedia.pl\/\" target=\"_blank\">ZenithOptimedia<\/a>,  <a title=\"Strona Klienta\" href=\"http:\/\/www.mediacom.com\/pl\/strona-g%C5%82%C3%B3wna.aspx\" target=\"_blank\">Mediacom<\/a>,  <a title=\"Strona Klienta\" href=\"http:\/\/www.mediacontacts.pl\/\" target=\"_blank\">MediaContacts<\/a> czy <a title=\"Strona Klienta\" href=\"http:\/\/www.maspex.pl\" target=\"_blank\">Maspex<\/a>. Wcze\u015bniej pracowa\u0142 mi\u0119dzy innymi dla <a title=\"Portal korporacyjny GG\" href=\"http:\/\/biuroprasowe.gg.pl\/\" target=\"_blank\">GG Network<\/a>.<\/p>\n<p>&nbsp;<\/p>\n<p>&nbsp;<\/p>\n<p>&nbsp;<\/p>\n<p>&nbsp;<\/p>\n<div id=\"attachment_4705\" style=\"width: 160px\" class=\"wp-caption alignleft\"><a href=\"https:\/\/www.sotrender.com\/blog\/wp-content\/uploads\/2013\/02\/olo.png\"><img loading=\"lazy\" decoding=\"async\" aria-describedby=\"caption-attachment-4705\" class=\"size-thumbnail wp-image-4705  \" src=\"https:\/\/www.sotrender.com\/blog\/wp-content\/uploads\/2013\/02\/olo-150x150.png\" alt=\"Aleksander Szulc\" width=\"150\" height=\"150\" \/><\/a><p id=\"caption-attachment-4705\" class=\"wp-caption-text\">Aleksander Szulc,  Head of Marketing&amp;PR<\/p><\/div>\n<p>&nbsp;<\/p>\n<p>&nbsp;<\/p>\n<p><b><a title=\"Aleksander w serwisie LinkedIn\" href=\"http:\/\/www.linkedin.com\/in\/aleksanderszulc\" target=\"_blank\">Aleksander Szulc<\/a>, <\/b> w Sotrenderze od maja 2012,  jako Account Manager obs\u0142ugiwa\u0142 dla firmy mi\u0119dzy innymi takich klient\u00f3w jak <a title=\"Strona Klienta\" href=\"http:\/\/www.cheilpoland.pl\/\" target=\"_blank\">Cheil Poland<\/a>,  <a title=\"Strona Klienta\" href=\"http:\/\/www.momentum.pl\" target=\"_blank\">Momentum Worldwide<\/a> czy<a title=\"Strona Klienta\" href=\"http:\/\/www.bzwbk.pl\/\" target=\"_blank\"> Bank Zachodni WBK<\/a>. Wcze\u015bniej pracowa\u0142 w agencjach interaktywnych realizuj\u0105c projekty dla takich marek,  jak <a title=\"Strona Klienta\" href=\"http:\/\/www.nike.com\" target=\"_blank\">Nike<\/a>,  <a title=\"Strona Klienta\" href=\"http:\/\/www.lech.pl\/\" target=\"_blank\">Lech<\/a>,  czy <a title=\"Strona Klienta\" href=\"http:\/\/www.play.pl\/\" target=\"_blank\">Play<\/a>.<\/p>\n<p>&nbsp;<\/p>\n<p>&nbsp;<\/p>\n<p>W ramach wzmocnienia struktur dzia\u0142u sprzeda\u017cy do zespo\u0142u do\u0142\u0105czyli <a title=\"Jagoda w serwisie LinkedIn\" href=\"http:\/\/www.linkedin.com\/in\/jagodawiech\" target=\"_blank\">Jagoda Wi\u0119ch<\/a> (wcze\u015bniej <a title=\"Strona Pracodawcy\" href=\"http:\/\/www.kolporter.com.pl\/\" target=\"_blank\">Kolporter<\/a>) oraz <a title=\"Jakub w serwisie LinkedIn\" href=\"http:\/\/pl.linkedin.com\/in\/jakubwygladala\/\" target=\"_blank\">Jakub Wygl\u0105da\u0142a<\/a> (wcze\u015bniej<a title=\"Strona Pracodawcy\" href=\"http:\/\/www.evolutionmedia.pl\/\" target=\"_blank\"> Evolution Media Net<\/a>).<\/p>\n<p>Je\u015bli chcesz by\u0107 na bie\u017c\u0105co z wszystkimi zmianami w ramach naszych struktur,  koniecznie obserwuj <a title=\"Sotrender w LinkedIn\" href=\"http:\/\/www.linkedin.com\/company\/sotrender\" target=\"_blank\">profil firmowy w serwisie LinkedIn. <\/a>Zapraszamy r\u00f3wnie\u017c do kontaktu z naszymi pracownikami poprzez ten serwis.<\/p>\n<p><a href=\"http:\/\/www.sotrender.com\/\"><b>Sotrender<\/b><\/a> umo\u017cliwia analiz\u0119 i optymalizacj\u0119 marketingu w mediach spo\u0142eczno\u015bciowych. Jest to us\u0142uga sp\u00f3\u0142ki <a href=\"http:\/\/www.snrs.pl\/\">SmartNet Research &amp; Solutions<\/a>,  specjalizuj\u0105cej si\u0119 w badaniach i doradztwie w obszarze Internetu i sieci spo\u0142ecznych. Obecnie firma zatrudnia 15 os\u00f3b,  a z jej us\u0142ug korzysta ponad 150 Klient\u00f3w z 16 kraj\u00f3w.<\/p>\n","protected":false},"excerpt":{"rendered":"<p>W zwi\u0105zku z dynamicznym rozwojem Sotrender rozbudowuje dzia\u0142y sprzeda\u017cy i marketingu. Za rozw\u00f3j nowopowsta\u0142ych dzia\u0142\u00f3w odpowiadaj\u0105 Hubert Tworkowski, jako Head of Sales oraz Aleksander Szulc, jako Head of Marketing&amp;PR. Jak przyznaje Janek &#8211; CEO i wsp\u00f3\u0142za\u0142o\u017cyciel &#8211; &#8220;firma fajnie si\u0119\u00a0 rozwija, ro\u015bniemy i mi\u0142o jest widzie\u0107 jak wiele zawdzi\u0119czamy naszym pracownikom. Do tej pory zaufa\u0142o [&hellip;]<\/p>\n","protected":false},"author":31,"featured_media":0,"comment_status":"open","ping_status":"open","sticky":false,"template":"","format":"standard","meta":{"inline_featured_image":false,"footnotes":""},"categories":[1795],"tags":[],"yoast_head":"<!-- This site is optimized with the Yoast SEO plugin v22.4 - https:\/\/yoast.com\/wordpress\/plugins\/seo\/ -->\n<title>Sotrender rozbudowuje struktury<\/title>\n<meta name=\"description\" content=\"Sotrender rozbudowuje dzia\u0142y sprzeda\u017cy i marketingu. Za rozw\u00f3j dzia\u0142\u00f3w odpowiadaj\u0105 Hubert Tworkowski oraz Aleksander Szulc. Dowiedz si\u0119 wi\u0119cej.\" \/>\n<meta name=\"robots\" content=\"index, follow, max-snippet:-1, max-image-preview:large, max-video-preview:-1\" \/>\n<link rel=\"canonical\" href=\"https:\/\/www.sotrender.com\/blog\/pl\/2013\/02\/sotrender-rozbudowuje-struktury\/\" \/>\n<meta property=\"og:locale\" content=\"pl_PL\" \/>\n<meta property=\"og:type\" content=\"article\" \/>\n<meta property=\"og:title\" content=\"Sotrender rozbudowuje struktury\" \/>\n<meta property=\"og:description\" content=\"Sotrender rozbudowuje dzia\u0142y sprzeda\u017cy i marketingu. Za rozw\u00f3j dzia\u0142\u00f3w odpowiadaj\u0105 Hubert Tworkowski oraz Aleksander Szulc. Dowiedz si\u0119 wi\u0119cej.\" \/>\n<meta property=\"og:url\" content=\"https:\/\/www.sotrender.com\/blog\/pl\/2013\/02\/sotrender-rozbudowuje-struktury\/\" \/>\n<meta property=\"og:site_name\" content=\"Sotrender Blog\" \/>\n<meta property=\"article:publisher\" content=\"https:\/\/www.facebook.com\/Sotrender\" \/>\n<meta property=\"article:published_time\" content=\"2013-02-12T13:06:17+00:00\" \/>\n<meta property=\"article:modified_time\" content=\"2015-12-01T21:21:43+00:00\" \/>\n<meta property=\"og:image\" content=\"https:\/\/www.sotrender.com\/blog\/wp-content\/uploads\/2013\/02\/424115_4534115950063_93595562_n-150x150.jpg\" \/>\n<meta name=\"author\" content=\"Aleksandra Prejs\" \/>\n<meta name=\"twitter:card\" content=\"summary_large_image\" \/>\n<meta name=\"twitter:creator\" content=\"@Sotrender\" \/>\n<meta name=\"twitter:site\" content=\"@Sotrender\" \/>\n<meta name=\"twitter:label1\" content=\"Written by\" \/>\n\t<meta name=\"twitter:data1\" content=\"Aleksandra Prejs\" \/>\n\t<meta name=\"twitter:label2\" content=\"Est. reading time\" \/>\n\t<meta name=\"twitter:data2\" content=\"2 minutes\" \/>\n<script type=\"application\/ld+json\" class=\"yoast-schema-graph\">{\"@context\":\"https:\/\/schema.org\",\"@graph\":[{\"@type\":\"WebPage\",\"@id\":\"https:\/\/www.sotrender.com\/blog\/pl\/2013\/02\/sotrender-rozbudowuje-struktury\/\",\"url\":\"https:\/\/www.sotrender.com\/blog\/pl\/2013\/02\/sotrender-rozbudowuje-struktury\/\",\"name\":\"Sotrender rozbudowuje struktury\",\"isPartOf\":{\"@id\":\"https:\/\/www.sotrender.com\/blog\/#website\"},\"primaryImageOfPage\":{\"@id\":\"https:\/\/www.sotrender.com\/blog\/pl\/2013\/02\/sotrender-rozbudowuje-struktury\/#primaryimage\"},\"image\":{\"@id\":\"https:\/\/www.sotrender.com\/blog\/pl\/2013\/02\/sotrender-rozbudowuje-struktury\/#primaryimage\"},\"thumbnailUrl\":\"https:\/\/www.sotrender.com\/blog\/wp-content\/uploads\/2013\/02\/424115_4534115950063_93595562_n-150x150.jpg\",\"datePublished\":\"2013-02-12T13:06:17+00:00\",\"dateModified\":\"2015-12-01T21:21:43+00:00\",\"author\":{\"@id\":\"https:\/\/www.sotrender.com\/blog\/#\/schema\/person\/7106df62825269bc360ad9171cd7149b\"},\"description\":\"Sotrender rozbudowuje dzia\u0142y sprzeda\u017cy i marketingu. Za rozw\u00f3j dzia\u0142\u00f3w odpowiadaj\u0105 Hubert Tworkowski oraz Aleksander Szulc. Dowiedz si\u0119 wi\u0119cej.\",\"breadcrumb\":{\"@id\":\"https:\/\/www.sotrender.com\/blog\/pl\/2013\/02\/sotrender-rozbudowuje-struktury\/#breadcrumb\"},\"inLanguage\":\"pl-PL\",\"potentialAction\":[{\"@type\":\"ReadAction\",\"target\":[\"https:\/\/www.sotrender.com\/blog\/pl\/2013\/02\/sotrender-rozbudowuje-struktury\/\"]}]},{\"@type\":\"ImageObject\",\"inLanguage\":\"pl-PL\",\"@id\":\"https:\/\/www.sotrender.com\/blog\/pl\/2013\/02\/sotrender-rozbudowuje-struktury\/#primaryimage\",\"url\":\"https:\/\/www.sotrender.com\/blog\/wp-content\/uploads\/2013\/02\/424115_4534115950063_93595562_n-150x150.jpg\",\"contentUrl\":\"https:\/\/www.sotrender.com\/blog\/wp-content\/uploads\/2013\/02\/424115_4534115950063_93595562_n-150x150.jpg\"},{\"@type\":\"BreadcrumbList\",\"@id\":\"https:\/\/www.sotrender.com\/blog\/pl\/2013\/02\/sotrender-rozbudowuje-struktury\/#breadcrumb\",\"itemListElement\":[{\"@type\":\"ListItem\",\"position\":1,\"name\":\"Home\",\"item\":\"https:\/\/www.sotrender.com\/blog\/\"},{\"@type\":\"ListItem\",\"position\":2,\"name\":\"Sotrender rozbudowuje struktury\"}]},{\"@type\":\"WebSite\",\"@id\":\"https:\/\/www.sotrender.com\/blog\/#website\",\"url\":\"https:\/\/www.sotrender.com\/blog\/\",\"name\":\"Sotrender Blog\",\"description\":\"\",\"potentialAction\":[{\"@type\":\"SearchAction\",\"target\":{\"@type\":\"EntryPoint\",\"urlTemplate\":\"https:\/\/www.sotrender.com\/blog\/?s={search_term_string}\"},\"query-input\":\"required name=search_term_string\"}],\"inLanguage\":\"pl-PL\"},{\"@type\":\"Person\",\"@id\":\"https:\/\/www.sotrender.com\/blog\/#\/schema\/person\/7106df62825269bc360ad9171cd7149b\",\"name\":\"Aleksandra Prejs\",\"image\":{\"@type\":\"ImageObject\",\"inLanguage\":\"pl-PL\",\"@id\":\"https:\/\/www.sotrender.com\/blog\/#\/schema\/person\/image\/\",\"url\":\"https:\/\/secure.gravatar.com\/avatar\/469000454b77ff0aacb32c49dba023be?s=96&d=mm&r=g\",\"contentUrl\":\"https:\/\/secure.gravatar.com\/avatar\/469000454b77ff0aacb32c49dba023be?s=96&d=mm&r=g\",\"caption\":\"Aleksandra Prejs\"},\"url\":\"https:\/\/www.sotrender.com\/blog\/pl\/author\/aleksandra-prejs\/\"}]}<\/script>\n<!-- \/ Yoast SEO plugin. -->","yoast_head_json":{"title":"Sotrender rozbudowuje struktury","description":"Sotrender rozbudowuje dzia\u0142y sprzeda\u017cy i marketingu. Za rozw\u00f3j dzia\u0142\u00f3w odpowiadaj\u0105 Hubert Tworkowski oraz Aleksander Szulc. Dowiedz si\u0119 wi\u0119cej.","robots":{"index":"index","follow":"follow","max-snippet":"max-snippet:-1","max-image-preview":"max-image-preview:large","max-video-preview":"max-video-preview:-1"},"canonical":"https:\/\/www.sotrender.com\/blog\/pl\/2013\/02\/sotrender-rozbudowuje-struktury\/","og_locale":"pl_PL","og_type":"article","og_title":"Sotrender rozbudowuje struktury","og_description":"Sotrender rozbudowuje dzia\u0142y sprzeda\u017cy i marketingu. Za rozw\u00f3j dzia\u0142\u00f3w odpowiadaj\u0105 Hubert Tworkowski oraz Aleksander Szulc. Dowiedz si\u0119 wi\u0119cej.","og_url":"https:\/\/www.sotrender.com\/blog\/pl\/2013\/02\/sotrender-rozbudowuje-struktury\/","og_site_name":"Sotrender Blog","article_publisher":"https:\/\/www.facebook.com\/Sotrender","article_published_time":"2013-02-12T13:06:17+00:00","article_modified_time":"2015-12-01T21:21:43+00:00","og_image":[{"url":"https:\/\/www.sotrender.com\/blog\/wp-content\/uploads\/2013\/02\/424115_4534115950063_93595562_n-150x150.jpg"}],"author":"Aleksandra Prejs","twitter_card":"summary_large_image","twitter_creator":"@Sotrender","twitter_site":"@Sotrender","twitter_misc":{"Written by":"Aleksandra Prejs","Est. reading time":"2 minutes"},"schema":{"@context":"https:\/\/schema.org","@graph":[{"@type":"WebPage","@id":"https:\/\/www.sotrender.com\/blog\/pl\/2013\/02\/sotrender-rozbudowuje-struktury\/","url":"https:\/\/www.sotrender.com\/blog\/pl\/2013\/02\/sotrender-rozbudowuje-struktury\/","name":"Sotrender rozbudowuje struktury","isPartOf":{"@id":"https:\/\/www.sotrender.com\/blog\/#website"},"primaryImageOfPage":{"@id":"https:\/\/www.sotrender.com\/blog\/pl\/2013\/02\/sotrender-rozbudowuje-struktury\/#primaryimage"},"image":{"@id":"https:\/\/www.sotrender.com\/blog\/pl\/2013\/02\/sotrender-rozbudowuje-struktury\/#primaryimage"},"thumbnailUrl":"https:\/\/www.sotrender.com\/blog\/wp-content\/uploads\/2013\/02\/424115_4534115950063_93595562_n-150x150.jpg","datePublished":"2013-02-12T13:06:17+00:00","dateModified":"2015-12-01T21:21:43+00:00","author":{"@id":"https:\/\/www.sotrender.com\/blog\/#\/schema\/person\/7106df62825269bc360ad9171cd7149b"},"description":"Sotrender rozbudowuje dzia\u0142y sprzeda\u017cy i marketingu. Za rozw\u00f3j dzia\u0142\u00f3w odpowiadaj\u0105 Hubert Tworkowski oraz Aleksander Szulc. Dowiedz si\u0119 wi\u0119cej.","breadcrumb":{"@id":"https:\/\/www.sotrender.com\/blog\/pl\/2013\/02\/sotrender-rozbudowuje-struktury\/#breadcrumb"},"inLanguage":"pl-PL","potentialAction":[{"@type":"ReadAction","target":["https:\/\/www.sotrender.com\/blog\/pl\/2013\/02\/sotrender-rozbudowuje-struktury\/"]}]},{"@type":"ImageObject","inLanguage":"pl-PL","@id":"https:\/\/www.sotrender.com\/blog\/pl\/2013\/02\/sotrender-rozbudowuje-struktury\/#primaryimage","url":"https:\/\/www.sotrender.com\/blog\/wp-content\/uploads\/2013\/02\/424115_4534115950063_93595562_n-150x150.jpg","contentUrl":"https:\/\/www.sotrender.com\/blog\/wp-content\/uploads\/2013\/02\/424115_4534115950063_93595562_n-150x150.jpg"},{"@type":"BreadcrumbList","@id":"https:\/\/www.sotrender.com\/blog\/pl\/2013\/02\/sotrender-rozbudowuje-struktury\/#breadcrumb","itemListElement":[{"@type":"ListItem","position":1,"name":"Home","item":"https:\/\/www.sotrender.com\/blog\/"},{"@type":"ListItem","position":2,"name":"Sotrender rozbudowuje struktury"}]},{"@type":"WebSite","@id":"https:\/\/www.sotrender.com\/blog\/#website","url":"https:\/\/www.sotrender.com\/blog\/","name":"Sotrender Blog","description":"","potentialAction":[{"@type":"SearchAction","target":{"@type":"EntryPoint","urlTemplate":"https:\/\/www.sotrender.com\/blog\/?s={search_term_string}"},"query-input":"required name=search_term_string"}],"inLanguage":"pl-PL"},{"@type":"Person","@id":"https:\/\/www.sotrender.com\/blog\/#\/schema\/person\/7106df62825269bc360ad9171cd7149b","name":"Aleksandra Prejs","image":{"@type":"ImageObject","inLanguage":"pl-PL","@id":"https:\/\/www.sotrender.com\/blog\/#\/schema\/person\/image\/","url":"https:\/\/secure.gravatar.com\/avatar\/469000454b77ff0aacb32c49dba023be?s=96&d=mm&r=g","contentUrl":"https:\/\/secure.gravatar.com\/avatar\/469000454b77ff0aacb32c49dba023be?s=96&d=mm&r=g","caption":"Aleksandra Prejs"},"url":"https:\/\/www.sotrender.com\/blog\/pl\/author\/aleksandra-prejs\/"}]}},"_links":{"self":[{"href":"https:\/\/www.sotrender.com\/blog\/pl\/wp-json\/wp\/v2\/posts\/4697"}],"collection":[{"href":"https:\/\/www.sotrender.com\/blog\/pl\/wp-json\/wp\/v2\/posts"}],"about":[{"href":"https:\/\/www.sotrender.com\/blog\/pl\/wp-json\/wp\/v2\/types\/post"}],"author":[{"embeddable":true,"href":"https:\/\/www.sotrender.com\/blog\/pl\/wp-json\/wp\/v2\/users\/31"}],"replies":[{"embeddable":true,"href":"https:\/\/www.sotrender.com\/blog\/pl\/wp-json\/wp\/v2\/comments?post=4697"}],"version-history":[{"count":16,"href":"https:\/\/www.sotrender.com\/blog\/pl\/wp-json\/wp\/v2\/posts\/4697\/revisions"}],"predecessor-version":[{"id":14671,"href":"https:\/\/www.sotrender.com\/blog\/pl\/wp-json\/wp\/v2\/posts\/4697\/revisions\/14671"}],"wp:attachment":[{"href":"https:\/\/www.sotrender.com\/blog\/pl\/wp-json\/wp\/v2\/media?parent=4697"}],"wp:term":[{"taxonomy":"category","embeddable":true,"href":"https:\/\/www.sotrender.com\/blog\/pl\/wp-json\/wp\/v2\/categories?post=4697"},{"taxonomy":"post_tag","embeddable":true,"href":"https:\/\/www.sotrender.com\/blog\/pl\/wp-json\/wp\/v2\/tags?post=4697"}],"curies":[{"name":"wp","href":"https:\/\/api.w.org\/{rel}","templated":true}]}}