{"id":46967,"date":"2023-01-13T08:53:56","date_gmt":"2023-01-13T07:53:56","guid":{"rendered":"https:\/\/www.sotrender.com\/blog\/?p=46967\/"},"modified":"2023-01-13T08:53:56","modified_gmt":"2023-01-13T07:53:56","slug":"facebook-trends-grudzien-2022-na-pomoc-zwierzakom","status":"publish","type":"post","link":"https:\/\/www.sotrender.com\/blog\/pl\/2023\/01\/facebook-trends-grudzien-2022-na-pomoc-zwierzakom\/","title":{"rendered":"Facebook Trends grudzie\u0144 2022 &#8211; na pomoc zwierzakom"},"content":{"rendered":"<p><span style=\"font-weight: 400;\">Grudzie\u0144 to jeden z bardziej wyczekiwanych miesi\u0119cy w roku, a zarazem niezwykle buduj\u0105cy i radosny czas. Gdy do\u0142o\u017cymy do tego fina\u0142 Mistrzostw \u015awiata w Pi\u0142ce No\u017cnej to okazji do \u015bwi\u0119towania i wsp\u00f3lnych spotka\u0144 robi si\u0119 jeszcze wi\u0119cej.\u00a0<\/span><\/p>\n<p><!--more--><\/p>\n<p><span style=\"font-weight: 400;\">Jednak mamy wra\u017cenie, \u017ce o wszystkich tych wydarzeniach g\u0142o\u015bniej by\u0142o jeszcze w listopadzie, <\/span><a href=\"https:\/\/www.sotrender.com\/blog\/pl\/2022\/12\/facebook-trends-listopad-2022-aura-swiateczno-mundialowa\/\"><span style=\"font-weight: 400;\">o czym pisali\u015bmy przy okazji ostatnich Trends\u00f3w<\/span><\/a><span style=\"font-weight: 400;\">. Cho\u0107 marki <a href=\"https:\/\/www.sotrender.com\/trends\/facebook\/poland\/202212\/fmcg\">FMCG<\/a> komunikacyjnie mocno bazowa\u0142y na zbli\u017caj\u0105cych si\u0119 \u015bwi\u0119tach (i organizowa\u0142y zaskakuj\u0105co du\u017co konkurs\u00f3w), na pozosta\u0142ych profilach nie byli\u015bmy bombardowani tre\u015bciami z nimi zwi\u0105zanymi.<\/span><\/p>\n<p><span style=\"font-weight: 400;\">Gotowi by pozna\u0107 szczeg\u00f3\u0142y? Zapraszamy na <a href=\"https:\/\/www.sotrender.com\/trends\/facebook\/poland\/202212\">grudniowy raport Facebook Trends<\/a>!\u00a0<\/span><\/p>\n<h2><b>Stabilny CPC, spadek CPM<\/b><\/h2>\n<p><span style=\"font-weight: 400;\">Grudzie\u0144, zaraz po listopadzie, jest zazwyczaj jednym z bardziej intensywnych reklamowo miesi\u0119cy w social media. Mimo wszystko, <\/span><b>koszt CPC od sierpnia utrzymywa\u0142 si\u0119 na sta\u0142ym poziomie <\/b><span style=\"font-weight: 400;\">dziewi\u0119\u0107dziesi\u0119ciu kilku groszy, za\u015b\u00a0<\/span><b>koszt CPM do\u015b\u0107 znacz\u0105co spad\u0142.<\/b><\/p>\n<p><span style=\"font-weight: 400;\">Reklamodawcy, kt\u00f3rzy w listopadzie za CPM p\u0142acili \u015brednio 8 z\u0142 72 gr, <\/span><b>w grudniu p\u0142acili a\u017c o 1 z\u0142 38 gr mniej za dotarcie do tysi\u0105ca u\u017cytkownik\u00f3w &#8211; 7 z\u0142 34 gr.\u00a0<\/b><\/p>\n<div id=\"attachment_46977\" style=\"width: 809px\" class=\"wp-caption aligncenter\"><img loading=\"lazy\" decoding=\"async\" aria-describedby=\"caption-attachment-46977\" class=\" wp-image-46977\" src=\"https:\/\/www.sotrender.com\/blog\/wp-content\/uploads\/2023\/01\/CPM_12-2022.png\" alt=\"cpm facebook stawki 2022\" width=\"799\" height=\"466\" srcset=\"https:\/\/www.sotrender.com\/blog\/wp-content\/uploads\/2023\/01\/CPM_12-2022.png 1200w, https:\/\/www.sotrender.com\/blog\/wp-content\/uploads\/2023\/01\/CPM_12-2022-475x277.png 475w, https:\/\/www.sotrender.com\/blog\/wp-content\/uploads\/2023\/01\/CPM_12-2022-768x448.png 768w\" sizes=\"(max-width: 799px) 100vw, 799px\" \/><p id=\"caption-attachment-46977\" class=\"wp-caption-text\">Koszt CPM na Facebooku w grudniu 2022 roku<\/p><\/div>\n<p><span style=\"font-weight: 400;\">W styczniu mo\u017cemy spodziewa\u0107 si\u0119 najprawdopodobniej dalszego spadku kosztu dotarcia do tysi\u0105ca u\u017cytkownik\u00f3w. <\/span><a href=\"https:\/\/www.sotrender.com\/blog\/pl\/2022\/02\/facebook-trends-styczen-2022-radosc-z-pomagania\/\"><span style=\"font-weight: 400;\">W pierwszym miesi\u0105cu ubieg\u0142ego roku,<\/span><\/a><span style=\"font-weight: 400;\"> za CPM reklamodawcy p\u0142acili \u015brednio jedynie 5 z\u0142 65 gr.<\/span><\/p>\n<p style=\"text-align: center;\"><!--HubSpot Call-to-Action Code --><span id=\"hs-cta-wrapper-905adcba-283a-49c0-bc41-cb25f4ba9004\" class=\"hs-cta-wrapper\"><span id=\"hs-cta-905adcba-283a-49c0-bc41-cb25f4ba9004\" class=\"hs-cta-node hs-cta-905adcba-283a-49c0-bc41-cb25f4ba9004\"><!-- [if lte IE 8]><\/p>\n\n\n\n\n\n<div id=\"hs-cta-ie-element\"><\/div>\n\n\n<![endif]--><a href=\"https:\/\/cta-redirect.hubspot.com\/cta\/redirect\/3842881\/905adcba-283a-49c0-bc41-cb25f4ba9004\" target=\"_blank\" rel=\"noopener\"><img decoding=\"async\" id=\"hs-cta-img-905adcba-283a-49c0-bc41-cb25f4ba9004\" class=\"hs-cta-img aligncenter\" style=\"border-width: 0px;\" src=\"https:\/\/no-cache.hubspot.com\/cta\/default\/3842881\/905adcba-283a-49c0-bc41-cb25f4ba9004.png\" alt=\"Analizuj swoje stawki reklamowe w Sotrender Ads\" \/><\/a><\/span><script charset=\"utf-8\" src=\"https:\/\/js.hscta.net\/cta\/current.js\"><\/script><script type=\"text\/javascript\"> hbspt.cta.load(3842881, '905adcba-283a-49c0-bc41-cb25f4ba9004', {\"useNewLoader\":\"true\",\"region\":\"na1\"}); <\/script><\/span><!-- end HubSpot Call-to-Action Code --><\/p>\n<h2><b>Aktywna pomoc czworono\u017cnym przyjacio\u0142om<\/b><\/h2>\n<p><span style=\"font-weight: 400;\">To ju\u017c w\u0142a\u015bciwie tradycja, \u017ce w grudniu marki anga\u017cuj\u0105 si\u0119 w pomoc potrzebuj\u0105cym. W ko\u0144cu akcje takie, jak Szlachetna Paczka na dobre zago\u015bci\u0142y w naszych sercach i przed\u015bwi\u0105tecznych przygotowaniach.<\/span><\/p>\n<p><span style=\"font-weight: 400;\">Jednak nie mniej uwagi po\u015bwi\u0119canych by\u0142o tak\u017ce pomocy zwierz\u0119tom.<\/span><b> Coroczna akcja Nakarm psa z OLX po raz kolejny cieszy\u0142a si\u0119 wielkim zaanga\u017cowaniem<\/b><span style=\"font-weight: 400;\"> &#8211; posty na profilu OLX Polska informuj\u0105ce o jej stracie by\u0142y najlepszymi postami miesi\u0105ca <a href=\"https:\/\/www.sotrender.com\/trends\/facebook\/poland\/202212\/handel\">w kategorii Handel<\/a>. Zapewni\u0142y tak\u017ce marce awans na wysokie drugie miejsce w zestawieniu Aktywnych u\u017cytkownik\u00f3w.\u00a0<\/span><\/p>\n<div id=\"attachment_47001\" style=\"width: 1946px\" class=\"wp-caption aligncenter\"><img loading=\"lazy\" decoding=\"async\" aria-describedby=\"caption-attachment-47001\" class=\"size-full wp-image-47001\" src=\"https:\/\/www.sotrender.com\/blog\/wp-content\/uploads\/2023\/01\/handel-najlepsze-posty-grudzien-2022-facebook.png\" alt=\"Nakarm psa z OLX facebook post\" width=\"1936\" height=\"930\" srcset=\"https:\/\/www.sotrender.com\/blog\/wp-content\/uploads\/2023\/01\/handel-najlepsze-posty-grudzien-2022-facebook.png 1936w, https:\/\/www.sotrender.com\/blog\/wp-content\/uploads\/2023\/01\/handel-najlepsze-posty-grudzien-2022-facebook-475x228.png 475w, https:\/\/www.sotrender.com\/blog\/wp-content\/uploads\/2023\/01\/handel-najlepsze-posty-grudzien-2022-facebook-768x369.png 768w\" sizes=\"(max-width: 1936px) 100vw, 1936px\" \/><p id=\"caption-attachment-47001\" class=\"wp-caption-text\">Najlepsze posty w kategorii <a href=\"https:\/\/www.sotrender.com\/trends\/facebook\/poland\/202212\/handel\">Handel<\/a> w grudniu 2022 roku na Facebooku<\/p><\/div>\n<p><span style=\"font-weight: 400;\">R\u00f3wnie\u017c inne podmioty postanowi\u0142y zaanga\u017cowa\u0107 si\u0119 w pomoc czworonogom. <\/span><b>Akcja #WspieramyBezdomniaki organizowana na profilu Galerii \u0141omianki zapewni\u0142a marce imponuj\u0105cy wzrost w liczbie aktywno\u015bci u\u017cytkownik\u00f3w <\/b><span style=\"font-weight: 400;\">na profilu i awans o 92 pozycje na miejsce pierwsze w rankingu Aktywnych u\u017cytkownik\u00f3w.\u00a0<\/span><\/p>\n<div id=\"attachment_46983\" style=\"width: 1980px\" class=\"wp-caption aligncenter\"><img loading=\"lazy\" decoding=\"async\" aria-describedby=\"caption-attachment-46983\" class=\"size-full wp-image-46983\" src=\"https:\/\/www.sotrender.com\/blog\/wp-content\/uploads\/2023\/01\/galeria-lomianki-grudzien-facebook.png\" alt=\"Wspieramy Bezdomniaki Galerii \u0141omianki facebook\" width=\"1970\" height=\"436\" srcset=\"https:\/\/www.sotrender.com\/blog\/wp-content\/uploads\/2023\/01\/galeria-lomianki-grudzien-facebook.png 1970w, https:\/\/www.sotrender.com\/blog\/wp-content\/uploads\/2023\/01\/galeria-lomianki-grudzien-facebook-475x105.png 475w, https:\/\/www.sotrender.com\/blog\/wp-content\/uploads\/2023\/01\/galeria-lomianki-grudzien-facebook-768x170.png 768w\" sizes=\"(max-width: 1970px) 100vw, 1970px\" \/><p id=\"caption-attachment-46983\" class=\"wp-caption-text\">Profile <a href=\"https:\/\/www.sotrender.com\/trends\/facebook\/poland\/202212\/handel\/centra_handlowe\">centr\u00f3w handlowych<\/a> o najwi\u0119kszej liczbie aktywno\u015bci w grudniu na Facebooku<\/p><\/div>\n<p><span style=\"font-weight: 400;\">Mimo tak wielu buduj\u0105cych inicjatyw, w grudniu, do wszystkich zaanga\u017cowanych w ochron\u0119 zwierz\u0105t dotar\u0142y te\u017c mniej pozytywne informacje.\u00a0<\/span><\/p>\n<p><span style=\"font-weight: 400;\">Zwi\u0105zane by\u0142y one z projektem nowelizacji ustawy o ochronie zwierz\u0105t, zgodnie z kt\u00f3rym tak liczne w Polsce organizacje pozarz\u0105dowe nie mia\u0142yby ju\u017c prawa do ratowania ich \u017cycia i zdrowia. Na profilu DIOZ, jednej z pr\u0119\u017cniej dzia\u0142aj\u0105cej organizacji w tym obszarze, pojawi\u0142 si\u0119 <\/span><a href=\"https:\/\/www.facebook.com\/100064557288129\/videos\/1878362329166571\/\"><span style=\"font-weight: 400;\">post wraz z linkiem do petycji<\/span><\/a><span style=\"font-weight: 400;\"> sprzeciwiaj\u0105cej si\u0119 najnowszej nowelizacji.\u00a0<\/span><\/p>\n<p><span style=\"font-weight: 400;\">Post ten znalaz\u0142 si\u0119 w TOP15 najlepszych post\u00f3w <a href=\"https:\/\/www.sotrender.com\/trends\/facebook\/poland\/202212\/ngo\">w kategorii NGO<\/a>, a na profilu DIOZa odnotowali\u015bmy znaczny przyrost zaanga\u017cowania.<\/span><\/p>\n<div id=\"attachment_46985\" style=\"width: 2002px\" class=\"wp-caption aligncenter\"><img loading=\"lazy\" decoding=\"async\" aria-describedby=\"caption-attachment-46985\" class=\"size-full wp-image-46985\" src=\"https:\/\/www.sotrender.com\/blog\/wp-content\/uploads\/2023\/01\/ngo-grudzien-2022-facebook.png\" alt=\"DIOZ facebook zaanga\u017cowanie\" width=\"1992\" height=\"426\" srcset=\"https:\/\/www.sotrender.com\/blog\/wp-content\/uploads\/2023\/01\/ngo-grudzien-2022-facebook.png 1992w, https:\/\/www.sotrender.com\/blog\/wp-content\/uploads\/2023\/01\/ngo-grudzien-2022-facebook-475x102.png 475w, https:\/\/www.sotrender.com\/blog\/wp-content\/uploads\/2023\/01\/ngo-grudzien-2022-facebook-768x164.png 768w\" sizes=\"(max-width: 1992px) 100vw, 1992px\" \/><p id=\"caption-attachment-46985\" class=\"wp-caption-text\">Profile <a href=\"https:\/\/www.sotrender.com\/trends\/facebook\/poland\/202212\/ngo\">w kategorii NGO<\/a> o najwi\u0119kszym zaanga\u017cowaniu w grudniu 2022 r. na Facebooku<\/p><\/div>\n<p><span style=\"font-weight: 400;\">Czas poka\u017ce, czy zaanga\u017cowanie facebookowicz\u00f3w przyniesie oczekiwany przez nich skutek.\u00a0<\/span><\/p>\n<p><span style=\"font-weight: 400;\">To wszystko w tym miesi\u0105cu. \ud83d\ude09 Ju\u017c jeste\u015bmy ciekawi, co przyniesie posumowaniu pierwszego miesi\u0105ca 2023 roku!<\/span><\/p>\n<p>&nbsp;<\/p>\n","protected":false},"excerpt":{"rendered":"<p>Grudzie\u0144 to jeden z bardziej wyczekiwanych miesi\u0119cy w roku, a zarazem niezwykle buduj\u0105cy i radosny czas. Gdy do\u0142o\u017cymy do tego fina\u0142 Mistrzostw \u015awiata w Pi\u0142ce No\u017cnej to okazji do \u015bwi\u0119towania i wsp\u00f3lnych spotka\u0144 robi si\u0119 jeszcze wi\u0119cej.\u00a0<\/p>\n","protected":false},"author":89,"featured_media":46973,"comment_status":"open","ping_status":"open","sticky":false,"template":"","format":"standard","meta":{"inline_featured_image":false,"footnotes":""},"categories":[1797,2125,2275],"tags":[2307,2703],"yoast_head":"<!-- This site is optimized with the Yoast SEO plugin v22.4 - https:\/\/yoast.com\/wordpress\/plugins\/seo\/ -->\n<title>Facebook Trends grudzie\u0144 2022 - na pomoc zwierzakom<\/title>\n<meta name=\"description\" content=\"To ju\u017c w\u0142a\u015bciwie tradycja, \u017ce w grudniu anga\u017cujemy si\u0119 w pomoc potrzebuj\u0105cym. Sprawdzamy, kt\u00f3re akcje cieszy\u0142y si\u0119 najwi\u0119kszym zaanga\u017cowaniem na Facebooku.\" \/>\n<meta name=\"robots\" content=\"index, follow, max-snippet:-1, max-image-preview:large, max-video-preview:-1\" \/>\n<link rel=\"canonical\" href=\"https:\/\/www.sotrender.com\/blog\/pl\/2023\/01\/facebook-trends-grudzien-2022-na-pomoc-zwierzakom\/\" \/>\n<meta property=\"og:locale\" content=\"pl_PL\" \/>\n<meta property=\"og:type\" content=\"article\" \/>\n<meta property=\"og:title\" content=\"Facebook Trends grudzie\u0144 2022 - na pomoc zwierzakom\" \/>\n<meta property=\"og:description\" content=\"To ju\u017c w\u0142a\u015bciwie tradycja, \u017ce w grudniu anga\u017cujemy si\u0119 w pomoc potrzebuj\u0105cym. Sprawdzamy, kt\u00f3re akcje cieszy\u0142y si\u0119 najwi\u0119kszym zaanga\u017cowaniem na Facebooku.\" \/>\n<meta property=\"og:url\" content=\"https:\/\/www.sotrender.com\/blog\/pl\/2023\/01\/facebook-trends-grudzien-2022-na-pomoc-zwierzakom\/\" \/>\n<meta property=\"og:site_name\" content=\"Sotrender Blog\" \/>\n<meta property=\"article:publisher\" content=\"https:\/\/www.facebook.com\/Sotrender\" \/>\n<meta property=\"article:published_time\" content=\"2023-01-13T07:53:56+00:00\" \/>\n<meta property=\"og:image\" content=\"https:\/\/www.sotrender.com\/blog\/wp-content\/uploads\/2023\/01\/pomoc-zwierzetom.jpg\" \/>\n\t<meta property=\"og:image:width\" content=\"1280\" \/>\n\t<meta property=\"og:image:height\" content=\"832\" \/>\n\t<meta property=\"og:image:type\" content=\"image\/jpeg\" \/>\n<meta name=\"author\" content=\"Klaudia \u017by\u0142ka\" \/>\n<meta name=\"twitter:card\" content=\"summary_large_image\" \/>\n<meta name=\"twitter:creator\" content=\"@Sotrender\" \/>\n<meta name=\"twitter:site\" content=\"@Sotrender\" \/>\n<meta name=\"twitter:label1\" content=\"Written by\" \/>\n\t<meta name=\"twitter:data1\" content=\"Klaudia \u017by\u0142ka\" \/>\n\t<meta name=\"twitter:label2\" content=\"Est. reading time\" \/>\n\t<meta name=\"twitter:data2\" content=\"3 minutes\" \/>\n<script type=\"application\/ld+json\" class=\"yoast-schema-graph\">{\"@context\":\"https:\/\/schema.org\",\"@graph\":[{\"@type\":\"WebPage\",\"@id\":\"https:\/\/www.sotrender.com\/blog\/pl\/2023\/01\/facebook-trends-grudzien-2022-na-pomoc-zwierzakom\/\",\"url\":\"https:\/\/www.sotrender.com\/blog\/pl\/2023\/01\/facebook-trends-grudzien-2022-na-pomoc-zwierzakom\/\",\"name\":\"Facebook Trends grudzie\u0144 2022 - na pomoc zwierzakom\",\"isPartOf\":{\"@id\":\"https:\/\/www.sotrender.com\/blog\/#website\"},\"primaryImageOfPage\":{\"@id\":\"https:\/\/www.sotrender.com\/blog\/pl\/2023\/01\/facebook-trends-grudzien-2022-na-pomoc-zwierzakom\/#primaryimage\"},\"image\":{\"@id\":\"https:\/\/www.sotrender.com\/blog\/pl\/2023\/01\/facebook-trends-grudzien-2022-na-pomoc-zwierzakom\/#primaryimage\"},\"thumbnailUrl\":\"https:\/\/www.sotrender.com\/blog\/wp-content\/uploads\/2023\/01\/pomoc-zwierzetom.jpg\",\"datePublished\":\"2023-01-13T07:53:56+00:00\",\"dateModified\":\"2023-01-13T07:53:56+00:00\",\"author\":{\"@id\":\"https:\/\/www.sotrender.com\/blog\/#\/schema\/person\/038ac5e276c5d102d8cbb9c36cd43416\"},\"description\":\"To ju\u017c w\u0142a\u015bciwie tradycja, \u017ce w grudniu anga\u017cujemy si\u0119 w pomoc potrzebuj\u0105cym. Sprawdzamy, kt\u00f3re akcje cieszy\u0142y si\u0119 najwi\u0119kszym zaanga\u017cowaniem na Facebooku.\",\"breadcrumb\":{\"@id\":\"https:\/\/www.sotrender.com\/blog\/pl\/2023\/01\/facebook-trends-grudzien-2022-na-pomoc-zwierzakom\/#breadcrumb\"},\"inLanguage\":\"pl-PL\",\"potentialAction\":[{\"@type\":\"ReadAction\",\"target\":[\"https:\/\/www.sotrender.com\/blog\/pl\/2023\/01\/facebook-trends-grudzien-2022-na-pomoc-zwierzakom\/\"]}]},{\"@type\":\"ImageObject\",\"inLanguage\":\"pl-PL\",\"@id\":\"https:\/\/www.sotrender.com\/blog\/pl\/2023\/01\/facebook-trends-grudzien-2022-na-pomoc-zwierzakom\/#primaryimage\",\"url\":\"https:\/\/www.sotrender.com\/blog\/wp-content\/uploads\/2023\/01\/pomoc-zwierzetom.jpg\",\"contentUrl\":\"https:\/\/www.sotrender.com\/blog\/wp-content\/uploads\/2023\/01\/pomoc-zwierzetom.jpg\",\"width\":1280,\"height\":832,\"caption\":\"pomoc zwierzetom\"},{\"@type\":\"BreadcrumbList\",\"@id\":\"https:\/\/www.sotrender.com\/blog\/pl\/2023\/01\/facebook-trends-grudzien-2022-na-pomoc-zwierzakom\/#breadcrumb\",\"itemListElement\":[{\"@type\":\"ListItem\",\"position\":1,\"name\":\"Home\",\"item\":\"https:\/\/www.sotrender.com\/blog\/\"},{\"@type\":\"ListItem\",\"position\":2,\"name\":\"Facebook Trends grudzie\u0144 2022 &#8211; na pomoc zwierzakom\"}]},{\"@type\":\"WebSite\",\"@id\":\"https:\/\/www.sotrender.com\/blog\/#website\",\"url\":\"https:\/\/www.sotrender.com\/blog\/\",\"name\":\"Sotrender Blog\",\"description\":\"\",\"potentialAction\":[{\"@type\":\"SearchAction\",\"target\":{\"@type\":\"EntryPoint\",\"urlTemplate\":\"https:\/\/www.sotrender.com\/blog\/?s={search_term_string}\"},\"query-input\":\"required name=search_term_string\"}],\"inLanguage\":\"pl-PL\"},{\"@type\":\"Person\",\"@id\":\"https:\/\/www.sotrender.com\/blog\/#\/schema\/person\/038ac5e276c5d102d8cbb9c36cd43416\",\"name\":\"Klaudia \u017by\u0142ka\",\"image\":{\"@type\":\"ImageObject\",\"inLanguage\":\"pl-PL\",\"@id\":\"https:\/\/www.sotrender.com\/blog\/#\/schema\/person\/image\/\",\"url\":\"https:\/\/secure.gravatar.com\/avatar\/f55d5d49ce3c448e1ffde0ab078d84cd?s=96&d=mm&r=g\",\"contentUrl\":\"https:\/\/secure.gravatar.com\/avatar\/f55d5d49ce3c448e1ffde0ab078d84cd?s=96&d=mm&r=g\",\"caption\":\"Klaudia \u017by\u0142ka\"},\"description\":\"Instagram, dogs, books and food lover. Former student at Warsaw University and Malm\u00f6 University. Improving her marketing skills every day. Proud owner of DIMAQ certificate\",\"sameAs\":[\"https:\/\/www.linkedin.com\/in\/klaudia-\u017cy\u0142ka-17527779\"],\"url\":\"https:\/\/www.sotrender.com\/blog\/pl\/author\/klaudia_yka\/\"}]}<\/script>\n<!-- \/ Yoast SEO plugin. -->","yoast_head_json":{"title":"Facebook Trends grudzie\u0144 2022 - na pomoc zwierzakom","description":"To ju\u017c w\u0142a\u015bciwie tradycja, \u017ce w grudniu anga\u017cujemy si\u0119 w pomoc potrzebuj\u0105cym. Sprawdzamy, kt\u00f3re akcje cieszy\u0142y si\u0119 najwi\u0119kszym zaanga\u017cowaniem na Facebooku.","robots":{"index":"index","follow":"follow","max-snippet":"max-snippet:-1","max-image-preview":"max-image-preview:large","max-video-preview":"max-video-preview:-1"},"canonical":"https:\/\/www.sotrender.com\/blog\/pl\/2023\/01\/facebook-trends-grudzien-2022-na-pomoc-zwierzakom\/","og_locale":"pl_PL","og_type":"article","og_title":"Facebook Trends grudzie\u0144 2022 - na pomoc zwierzakom","og_description":"To ju\u017c w\u0142a\u015bciwie tradycja, \u017ce w grudniu anga\u017cujemy si\u0119 w pomoc potrzebuj\u0105cym. Sprawdzamy, kt\u00f3re akcje cieszy\u0142y si\u0119 najwi\u0119kszym zaanga\u017cowaniem na Facebooku.","og_url":"https:\/\/www.sotrender.com\/blog\/pl\/2023\/01\/facebook-trends-grudzien-2022-na-pomoc-zwierzakom\/","og_site_name":"Sotrender Blog","article_publisher":"https:\/\/www.facebook.com\/Sotrender","article_published_time":"2023-01-13T07:53:56+00:00","og_image":[{"width":1280,"height":832,"url":"https:\/\/www.sotrender.com\/blog\/wp-content\/uploads\/2023\/01\/pomoc-zwierzetom.jpg","type":"image\/jpeg"}],"author":"Klaudia \u017by\u0142ka","twitter_card":"summary_large_image","twitter_creator":"@Sotrender","twitter_site":"@Sotrender","twitter_misc":{"Written by":"Klaudia \u017by\u0142ka","Est. reading time":"3 minutes"},"schema":{"@context":"https:\/\/schema.org","@graph":[{"@type":"WebPage","@id":"https:\/\/www.sotrender.com\/blog\/pl\/2023\/01\/facebook-trends-grudzien-2022-na-pomoc-zwierzakom\/","url":"https:\/\/www.sotrender.com\/blog\/pl\/2023\/01\/facebook-trends-grudzien-2022-na-pomoc-zwierzakom\/","name":"Facebook Trends grudzie\u0144 2022 - na pomoc zwierzakom","isPartOf":{"@id":"https:\/\/www.sotrender.com\/blog\/#website"},"primaryImageOfPage":{"@id":"https:\/\/www.sotrender.com\/blog\/pl\/2023\/01\/facebook-trends-grudzien-2022-na-pomoc-zwierzakom\/#primaryimage"},"image":{"@id":"https:\/\/www.sotrender.com\/blog\/pl\/2023\/01\/facebook-trends-grudzien-2022-na-pomoc-zwierzakom\/#primaryimage"},"thumbnailUrl":"https:\/\/www.sotrender.com\/blog\/wp-content\/uploads\/2023\/01\/pomoc-zwierzetom.jpg","datePublished":"2023-01-13T07:53:56+00:00","dateModified":"2023-01-13T07:53:56+00:00","author":{"@id":"https:\/\/www.sotrender.com\/blog\/#\/schema\/person\/038ac5e276c5d102d8cbb9c36cd43416"},"description":"To ju\u017c w\u0142a\u015bciwie tradycja, \u017ce w grudniu anga\u017cujemy si\u0119 w pomoc potrzebuj\u0105cym. Sprawdzamy, kt\u00f3re akcje cieszy\u0142y si\u0119 najwi\u0119kszym zaanga\u017cowaniem na Facebooku.","breadcrumb":{"@id":"https:\/\/www.sotrender.com\/blog\/pl\/2023\/01\/facebook-trends-grudzien-2022-na-pomoc-zwierzakom\/#breadcrumb"},"inLanguage":"pl-PL","potentialAction":[{"@type":"ReadAction","target":["https:\/\/www.sotrender.com\/blog\/pl\/2023\/01\/facebook-trends-grudzien-2022-na-pomoc-zwierzakom\/"]}]},{"@type":"ImageObject","inLanguage":"pl-PL","@id":"https:\/\/www.sotrender.com\/blog\/pl\/2023\/01\/facebook-trends-grudzien-2022-na-pomoc-zwierzakom\/#primaryimage","url":"https:\/\/www.sotrender.com\/blog\/wp-content\/uploads\/2023\/01\/pomoc-zwierzetom.jpg","contentUrl":"https:\/\/www.sotrender.com\/blog\/wp-content\/uploads\/2023\/01\/pomoc-zwierzetom.jpg","width":1280,"height":832,"caption":"pomoc zwierzetom"},{"@type":"BreadcrumbList","@id":"https:\/\/www.sotrender.com\/blog\/pl\/2023\/01\/facebook-trends-grudzien-2022-na-pomoc-zwierzakom\/#breadcrumb","itemListElement":[{"@type":"ListItem","position":1,"name":"Home","item":"https:\/\/www.sotrender.com\/blog\/"},{"@type":"ListItem","position":2,"name":"Facebook Trends grudzie\u0144 2022 &#8211; na pomoc zwierzakom"}]},{"@type":"WebSite","@id":"https:\/\/www.sotrender.com\/blog\/#website","url":"https:\/\/www.sotrender.com\/blog\/","name":"Sotrender Blog","description":"","potentialAction":[{"@type":"SearchAction","target":{"@type":"EntryPoint","urlTemplate":"https:\/\/www.sotrender.com\/blog\/?s={search_term_string}"},"query-input":"required name=search_term_string"}],"inLanguage":"pl-PL"},{"@type":"Person","@id":"https:\/\/www.sotrender.com\/blog\/#\/schema\/person\/038ac5e276c5d102d8cbb9c36cd43416","name":"Klaudia \u017by\u0142ka","image":{"@type":"ImageObject","inLanguage":"pl-PL","@id":"https:\/\/www.sotrender.com\/blog\/#\/schema\/person\/image\/","url":"https:\/\/secure.gravatar.com\/avatar\/f55d5d49ce3c448e1ffde0ab078d84cd?s=96&d=mm&r=g","contentUrl":"https:\/\/secure.gravatar.com\/avatar\/f55d5d49ce3c448e1ffde0ab078d84cd?s=96&d=mm&r=g","caption":"Klaudia \u017by\u0142ka"},"description":"Instagram, dogs, books and food lover. Former student at Warsaw University and Malm\u00f6 University. Improving her marketing skills every day. Proud owner of DIMAQ certificate","sameAs":["https:\/\/www.linkedin.com\/in\/klaudia-\u017cy\u0142ka-17527779"],"url":"https:\/\/www.sotrender.com\/blog\/pl\/author\/klaudia_yka\/"}]}},"_links":{"self":[{"href":"https:\/\/www.sotrender.com\/blog\/pl\/wp-json\/wp\/v2\/posts\/46967"}],"collection":[{"href":"https:\/\/www.sotrender.com\/blog\/pl\/wp-json\/wp\/v2\/posts"}],"about":[{"href":"https:\/\/www.sotrender.com\/blog\/pl\/wp-json\/wp\/v2\/types\/post"}],"author":[{"embeddable":true,"href":"https:\/\/www.sotrender.com\/blog\/pl\/wp-json\/wp\/v2\/users\/89"}],"replies":[{"embeddable":true,"href":"https:\/\/www.sotrender.com\/blog\/pl\/wp-json\/wp\/v2\/comments?post=46967"}],"version-history":[{"count":8,"href":"https:\/\/www.sotrender.com\/blog\/pl\/wp-json\/wp\/v2\/posts\/46967\/revisions"}],"predecessor-version":[{"id":47003,"href":"https:\/\/www.sotrender.com\/blog\/pl\/wp-json\/wp\/v2\/posts\/46967\/revisions\/47003"}],"wp:featuredmedia":[{"embeddable":true,"href":"https:\/\/www.sotrender.com\/blog\/pl\/wp-json\/wp\/v2\/media\/46973"}],"wp:attachment":[{"href":"https:\/\/www.sotrender.com\/blog\/pl\/wp-json\/wp\/v2\/media?parent=46967"}],"wp:term":[{"taxonomy":"category","embeddable":true,"href":"https:\/\/www.sotrender.com\/blog\/pl\/wp-json\/wp\/v2\/categories?post=46967"},{"taxonomy":"post_tag","embeddable":true,"href":"https:\/\/www.sotrender.com\/blog\/pl\/wp-json\/wp\/v2\/tags?post=46967"}],"curies":[{"name":"wp","href":"https:\/\/api.w.org\/{rel}","templated":true}]}}