{"id":46873,"date":"2022-12-07T14:11:10","date_gmt":"2022-12-07T13:11:10","guid":{"rendered":"https:\/\/www.sotrender.com\/blog\/?p=46873\/"},"modified":"2022-12-07T14:11:10","modified_gmt":"2022-12-07T13:11:10","slug":"facebook-trends-listopad-2022-aura-swiateczno-mundialowa","status":"publish","type":"post","link":"https:\/\/www.sotrender.com\/blog\/pl\/2022\/12\/facebook-trends-listopad-2022-aura-swiateczno-mundialowa\/","title":{"rendered":"Facebook Trends listopad 2022 &#8211; aura \u015bwi\u0105teczno-mundialowa\u00a0"},"content":{"rendered":"<p><span style=\"font-weight: 400;\">Ci\u0119\u017cko powiedzie\u0107, czy w listopadzie byli\u015bmy ju\u017c bardziej g\u0142ow\u0105 w przygotowaniach do \u015bwi\u0105t, czy jednak przed telewizorami. Kto z Was ju\u017c by\u0142 team #\u015bwi\u0119ta, a kto #Qatar2022? \ud83d\ude09\u00a0<\/span><\/p>\n<p><span style=\"font-weight: 400;\">Listopad obfitowa\u0142 w liczne wydarzenia w kraju i na \u015bwiecie, poczynaj\u0105c od \u015awi\u0119ta Niepodleg\u0142o\u015bci, przed Black Friday, po Mistrzostwa \u015awiata w Pi\u0142ce No\u017cnej. Ich odzwierciedlenie znajdziecie w najnowszym raporcie <a href=\"https:\/\/www.sotrender.com\/trends\/facebook\/poland\/202211\">Facebook Trends<\/a>.<\/span><\/p>\n<h2><strong>Brandy piwne wci\u0105\u017c w formie<\/strong><\/h2>\n<p><a href=\"https:\/\/www.sotrender.com\/blog\/pl\/2022\/11\/facebook-trends-pazdziernik-2022\/\"><span style=\"font-weight: 400;\">W poprzednim miesi\u0105cu<\/span><\/a><span style=\"font-weight: 400;\"> pisali\u015bmy o dw\u00f3ch \u015bwietnych oko\u0142ohalloweenowych kreacjach od \u017bywca i \u017bubra, z kolei podsumowuj\u0105c listopad nasz\u0105 uwag\u0119 zwr\u00f3ci\u0142y tre\u015bci na profilach \u017bywiec i Tyskie.\u00a0<\/span><\/p>\n<p><i><span style=\"font-weight: 400;\">Piwko<\/span><\/i><span style=\"font-weight: 400;\"> brzmi jak nieod\u0142\u0105czny element ogl\u0105dania mecz\u00f3w pi\u0142ki no\u017cnej, marki piwne maj\u0105 wi\u0119c w ostatnich tygodniach prawdziwe pole do popisu, je\u015bli chodzi o komunikacj\u0119 marketingow\u0105. I trzeba przyzna\u0107 &#8211; nie zawodz\u0105!<\/span><\/p>\n<p><span style=\"font-weight: 400;\">Najlepszym postem w ca\u0142ej kategorii <a href=\"https:\/\/www.sotrender.com\/trends\/facebook\/poland\/202211\/fmcg\">FMCG<\/a> w listopadzie by\u0142 post marki \u017bywiec opublikowany przed meczem Polski z Argentyn\u0105.\u00a0<\/span><\/p>\n<div id=\"attachment_46875\" style=\"width: 511px\" class=\"wp-caption aligncenter\"><img loading=\"lazy\" decoding=\"async\" aria-describedby=\"caption-attachment-46875\" class=\"wp-image-46875 \" src=\"https:\/\/www.sotrender.com\/blog\/wp-content\/uploads\/2022\/12\/z\u0307ywiec-mecz-polska-argentyna-facebook.png\" alt=\"z\u0307ywiec mecz polska argentyna facebook\" width=\"501\" height=\"541\" srcset=\"https:\/\/www.sotrender.com\/blog\/wp-content\/uploads\/2022\/12\/z\u0307ywiec-mecz-polska-argentyna-facebook.png 1058w, https:\/\/www.sotrender.com\/blog\/wp-content\/uploads\/2022\/12\/z\u0307ywiec-mecz-polska-argentyna-facebook-475x513.png 475w, https:\/\/www.sotrender.com\/blog\/wp-content\/uploads\/2022\/12\/z\u0307ywiec-mecz-polska-argentyna-facebook-768x829.png 768w\" sizes=\"(max-width: 501px) 100vw, 501px\" \/><p id=\"caption-attachment-46875\" class=\"wp-caption-text\">Post na profilu marki \u017bywiec przed meczem z Argentyn\u0105<\/p><\/div>\n<p><span style=\"font-weight: 400;\">Z kolei pi\u0105tym najlepszym postem w ca\u0142ej <a href=\"https:\/\/www.sotrender.com\/trends\/facebook\/poland\/202211\/fmcg\">kategorii FMCG<\/a> by\u0142 post marki Tyskie opublikowany przed meczem polskiej reprezentacji z Meksykiem.\u00a0<\/span><\/p>\n<div id=\"attachment_46877\" style=\"width: 510px\" class=\"wp-caption aligncenter\"><img loading=\"lazy\" decoding=\"async\" aria-describedby=\"caption-attachment-46877\" class=\" wp-image-46877\" src=\"https:\/\/www.sotrender.com\/blog\/wp-content\/uploads\/2022\/12\/tyskie-mecz-polska-meksyk-facebook.png\" alt=\"tyskie mecz polska meksyk facebook\" width=\"500\" height=\"539\" srcset=\"https:\/\/www.sotrender.com\/blog\/wp-content\/uploads\/2022\/12\/tyskie-mecz-polska-meksyk-facebook.png 1066w, https:\/\/www.sotrender.com\/blog\/wp-content\/uploads\/2022\/12\/tyskie-mecz-polska-meksyk-facebook-475x512.png 475w, https:\/\/www.sotrender.com\/blog\/wp-content\/uploads\/2022\/12\/tyskie-mecz-polska-meksyk-facebook-768x827.png 768w\" sizes=\"(max-width: 500px) 100vw, 500px\" \/><p id=\"caption-attachment-46877\" class=\"wp-caption-text\">Post na Facebooku na profilu marki Tyskie przed meczem z Meksykiem<\/p><\/div>\n<p><span style=\"font-weight: 400;\">Obydwa zdecydowanie przypad\u0142y facebookowiczom do gustu, co znalaz\u0142o swoje odzwierciedlenie w rankingu Aktywnych u\u017cytkownik\u00f3w &#8211; profile obu marek awansowa\u0142y w nim odpowiednio na pierwsze i drugie miejsce.<\/span><\/p>\n<div id=\"attachment_46859\" style=\"width: 2006px\" class=\"wp-caption aligncenter\"><img loading=\"lazy\" decoding=\"async\" aria-describedby=\"caption-attachment-46859\" class=\"size-full wp-image-46859\" src=\"https:\/\/www.sotrender.com\/blog\/wp-content\/uploads\/2022\/12\/fmcg-listopad-z\u0307ywiec-tyskie.png\" alt=\"fmcg listopad z\u0307ywiec tyskie\" width=\"1996\" height=\"610\" srcset=\"https:\/\/www.sotrender.com\/blog\/wp-content\/uploads\/2022\/12\/fmcg-listopad-z\u0307ywiec-tyskie.png 1996w, https:\/\/www.sotrender.com\/blog\/wp-content\/uploads\/2022\/12\/fmcg-listopad-z\u0307ywiec-tyskie-475x145.png 475w, https:\/\/www.sotrender.com\/blog\/wp-content\/uploads\/2022\/12\/fmcg-listopad-z\u0307ywiec-tyskie-768x235.png 768w\" sizes=\"(max-width: 1996px) 100vw, 1996px\" \/><p id=\"caption-attachment-46859\" class=\"wp-caption-text\">Najlepsze profile w listopadzie pod wzgl\u0119dem liczby aktywno\u015bci na profilu w <a href=\"https:\/\/www.sotrender.com\/trends\/facebook\/poland\/202211\/fmcg\">kategorii FMCG<\/a><\/p><\/div>\n<h2><strong>Pi\u0142ka w grze<\/strong><\/h2>\n<p><span style=\"font-weight: 400;\">Emocje zwi\u0105zane z wyst\u0119pami Polak\u00f3w by\u0142y r\u00f3wnie wielkie przed meczami, jak i po nich, gdy przyszed\u0142 czas na ich podsumowania. Jednym z wywiad\u00f3w, kt\u00f3ry szczeg\u00f3lnie skrad\u0142 serca kibic\u00f3w by\u0142 ten, w kt\u00f3rym Wojtek Szcz\u0119sny komentowa\u0142 mecz z Argentyn\u0105 i poinformowa\u0142 syna, \u017ce jeszcze nie \u017cegna si\u0119 z mistrzostwami i nie wraca do domu.\u00a0<\/span><\/p>\n<p><a href=\"https:\/\/www.facebook.com\/tvpsport\/videos\/869561814490818\"><span style=\"font-weight: 400;\">Materia\u0142 opublikowany na profilu TVP Sport<\/span><\/a><span style=\"font-weight: 400;\">, w kt\u00f3rym bramkarz cieszy si\u0119 z wyj\u015bcia z fazy grupowej mimo przegranej, zdoby\u0142 w listopadzie ponad 84 tys. reakcji i niespe\u0142na 3 miliony wy\u015bwietle\u0144.\u00a0<\/span><\/p>\n<div id=\"attachment_46861\" style=\"width: 1992px\" class=\"wp-caption aligncenter\"><img loading=\"lazy\" decoding=\"async\" aria-describedby=\"caption-attachment-46861\" class=\"size-full wp-image-46861\" src=\"https:\/\/www.sotrender.com\/blog\/wp-content\/uploads\/2022\/12\/telewizja-najlepsze-posty-facebook-listopad.png\" alt=\"telewizja najlepsze posty facebook listopad\" width=\"1982\" height=\"948\" srcset=\"https:\/\/www.sotrender.com\/blog\/wp-content\/uploads\/2022\/12\/telewizja-najlepsze-posty-facebook-listopad.png 1982w, https:\/\/www.sotrender.com\/blog\/wp-content\/uploads\/2022\/12\/telewizja-najlepsze-posty-facebook-listopad-475x227.png 475w, https:\/\/www.sotrender.com\/blog\/wp-content\/uploads\/2022\/12\/telewizja-najlepsze-posty-facebook-listopad-768x367.png 768w\" sizes=\"(max-width: 1982px) 100vw, 1982px\" \/><p id=\"caption-attachment-46861\" class=\"wp-caption-text\">Najlepsze posty na Facebooku w listopadzie w kategorii <a href=\"https:\/\/www.sotrender.com\/trends\/facebook\/poland\/202211\/media\/telewizja\">Telewizja<\/a><\/p><\/div>\n<p><span style=\"font-weight: 400;\">Dzi\u0119ki temu, profilowi TVP Sport uda\u0142o si\u0119 wyprzedzi\u0107 profil TVN24, zar\u00f3wno w zestawieniu Zaanga\u017cowania, jak i Aktywnych u\u017cytkownik\u00f3w, w kategorii <a href=\"https:\/\/www.sotrender.com\/trends\/facebook\/poland\/202211\/media\/telewizja\">Telewizja<\/a>.<\/span><\/p>\n<div id=\"attachment_46863\" style=\"width: 1994px\" class=\"wp-caption aligncenter\"><img loading=\"lazy\" decoding=\"async\" aria-describedby=\"caption-attachment-46863\" class=\"size-full wp-image-46863\" src=\"https:\/\/www.sotrender.com\/blog\/wp-content\/uploads\/2022\/12\/telewizja-zaangazowanie-listopad.png\" alt=\"telewizja zaangazowanie listopad\" width=\"1984\" height=\"582\" srcset=\"https:\/\/www.sotrender.com\/blog\/wp-content\/uploads\/2022\/12\/telewizja-zaangazowanie-listopad.png 1984w, https:\/\/www.sotrender.com\/blog\/wp-content\/uploads\/2022\/12\/telewizja-zaangazowanie-listopad-475x139.png 475w, https:\/\/www.sotrender.com\/blog\/wp-content\/uploads\/2022\/12\/telewizja-zaangazowanie-listopad-768x225.png 768w\" sizes=\"(max-width: 1984px) 100vw, 1984px\" \/><p id=\"caption-attachment-46863\" class=\"wp-caption-text\">Profile o najwi\u0119kszym zaanga\u017cowaniu na Facebooku w listopadzie w <a href=\"https:\/\/www.sotrender.com\/trends\/facebook\/poland\/202211\/media\/telewizja\">kategorii Telewizja<\/a><\/p><\/div>\n<h2><strong>\u015awi\u0105teczna ci\u0119\u017car\u00f3wka powraca!<\/strong><\/h2>\n<p><span style=\"font-weight: 400;\">To ju\u017c tradycja, \u017ce w listopadzie wyrusza \u015bwi\u0105teczna ci\u0119\u017car\u00f3wka Coca-Coli. Wraz z emocjami towarzysz\u0105cymi wyborowi kolejnego miasta na jej trasie, ro\u015bnie tak\u017ce zaanga\u017cowanie na profilu marki.<\/span><\/p>\n<div id=\"attachment_46865\" style=\"width: 1994px\" class=\"wp-caption aligncenter\"><img loading=\"lazy\" decoding=\"async\" aria-describedby=\"caption-attachment-46865\" class=\"size-full wp-image-46865\" src=\"https:\/\/www.sotrender.com\/blog\/wp-content\/uploads\/2022\/12\/fmcg-najlepsze-posty-listopad.png\" alt=\"fmcg najlepsze posty listopad\" width=\"1984\" height=\"942\" srcset=\"https:\/\/www.sotrender.com\/blog\/wp-content\/uploads\/2022\/12\/fmcg-najlepsze-posty-listopad.png 1984w, https:\/\/www.sotrender.com\/blog\/wp-content\/uploads\/2022\/12\/fmcg-najlepsze-posty-listopad-475x226.png 475w, https:\/\/www.sotrender.com\/blog\/wp-content\/uploads\/2022\/12\/fmcg-najlepsze-posty-listopad-768x365.png 768w\" sizes=\"(max-width: 1984px) 100vw, 1984px\" \/><p id=\"caption-attachment-46865\" class=\"wp-caption-text\">Najlepsze posty na Facebooku w listopadzie w <a href=\"https:\/\/www.sotrender.com\/trends\/facebook\/poland\/202211\/fmcg\">kategorii FMCG<\/a><\/p><\/div>\n<p><span style=\"font-weight: 400;\">Tym razem, w rankingu Aktywnych u\u017cytkownik\u00f3w, profil Coca-Coli awansowa\u0142 a\u017c o 230 pozycji, na wysokie 12. miejsce.\u00a0<\/span><\/p>\n<h2><strong>Gotowi na rozmowy przy \u015bwi\u0105tecznym stole?<\/strong><\/h2>\n<p><span style=\"font-weight: 400;\">A skoro ju\u017c mowa o \u015bwi\u0119tach, to\u2026 czy jeste\u015bcie gotowi na rozmowy o polityce i bie\u017c\u0105cych wydarzeniach przy wigilijnym stole? \ud83d\ude09\u00a0<\/span><\/p>\n<p><span style=\"font-weight: 400;\">Jak chcecie si\u0119 na nie przygotowa\u0107, lub troch\u0119 po\u015bmia\u0107, to polecamy <\/span><a href=\"https:\/\/www.facebook.com\/kabaret.neonowka\/videos\/1129924134580182\/\"><span style=\"font-weight: 400;\">jeden z filmik\u00f3w opublikowany na profilu Kabaretu Neo-N\u00f3wka<\/span><\/a><span style=\"font-weight: 400;\">, kt\u00f3ry by\u0142 trzecim najlepszym postem w <a href=\"https:\/\/www.sotrender.com\/trends\/facebook\/poland\/202211\/kultura#best_posts\">kategorii Kultura i sztuka<\/a>.\u00a0<\/span><\/p>\n<h2><strong>Koszty reklamy na Facebooku w listopadzie<\/strong><\/h2>\n<p><span style=\"font-weight: 400;\">Podsumowuj\u0105c listopad nie mo\u017cemy nie przyjrze\u0107 si\u0119 temu, jak kszta\u0142towa\u0142y si\u0119 ceny reklam na Facebooku. Co nieco zaskakuj\u0105ce, za CPC i CPM, mimo Black Friday, w og\u00f3lnym rozrachunku marketerzy nie p\u0142acili du\u017co wi\u0119cej ni\u017c <a href=\"https:\/\/www.sotrender.com\/blog\/pl\/2022\/11\/facebook-trends-pazdziernik-2022\/\">miesi\u0105c temu<\/a> &#8211; \u015bredni koszt CPM spad\u0142 o 32 grosze.<\/span><\/p>\n<div id=\"attachment_46867\" style=\"width: 809px\" class=\"wp-caption aligncenter\"><img loading=\"lazy\" decoding=\"async\" aria-describedby=\"caption-attachment-46867\" class=\" wp-image-46867\" src=\"https:\/\/www.sotrender.com\/blog\/wp-content\/uploads\/2022\/12\/CPM_11-2022.png\" alt=\"koszt cpm na facebooku w listopadzie\" width=\"799\" height=\"466\" srcset=\"https:\/\/www.sotrender.com\/blog\/wp-content\/uploads\/2022\/12\/CPM_11-2022.png 1200w, https:\/\/www.sotrender.com\/blog\/wp-content\/uploads\/2022\/12\/CPM_11-2022-475x277.png 475w, https:\/\/www.sotrender.com\/blog\/wp-content\/uploads\/2022\/12\/CPM_11-2022-768x448.png 768w\" sizes=\"(max-width: 799px) 100vw, 799px\" \/><p id=\"caption-attachment-46867\" class=\"wp-caption-text\">Warto\u015b\u0107 CPM na Facebooku w listopadzie 2022<\/p><\/div>\n<p><span style=\"font-weight: 400;\">\u0141\u0105czna warto\u015b\u0107 wydatk\u00f3w by\u0142a z kolei nieco wy\u017csza ni\u017c w pa\u017adzierniku, natomiast utrzyma\u0142a si\u0119 na wzgl\u0119dnie sta\u0142ym poziomie, jaki obserwowa\u0107 mogli\u015bmy przez ostatnich kilka miesi\u0119cy.\u00a0<\/span><\/p>\n<div id=\"attachment_46869\" style=\"width: 809px\" class=\"wp-caption aligncenter\"><img loading=\"lazy\" decoding=\"async\" aria-describedby=\"caption-attachment-46869\" class=\" wp-image-46869\" src=\"https:\/\/www.sotrender.com\/blog\/wp-content\/uploads\/2022\/12\/wartosc-wydatkow-listopad-2022.png\" alt=\"wartosc wydatkow listopad 2022\" width=\"799\" height=\"466\" srcset=\"https:\/\/www.sotrender.com\/blog\/wp-content\/uploads\/2022\/12\/wartosc-wydatkow-listopad-2022.png 1200w, https:\/\/www.sotrender.com\/blog\/wp-content\/uploads\/2022\/12\/wartosc-wydatkow-listopad-2022-475x277.png 475w, https:\/\/www.sotrender.com\/blog\/wp-content\/uploads\/2022\/12\/wartosc-wydatkow-listopad-2022-768x448.png 768w\" sizes=\"(max-width: 799px) 100vw, 799px\" \/><p id=\"caption-attachment-46869\" class=\"wp-caption-text\">Wska\u017anik \u0142\u0105cznej warto\u015bci wydatk\u00f3w na Facebooku, listopad 2022<\/p><\/div>\n<p><span style=\"font-weight: 400;\">To wszystko w tym miesi\u0105cu, do us\u0142yszenia ju\u017c w przysz\u0142ym roku!<\/span><\/p>\n","protected":false},"excerpt":{"rendered":"<p>Ci\u0119\u017cko powiedzie\u0107, czy w listopadzie byli\u015bmy ju\u017c bardziej g\u0142ow\u0105 w przygotowaniach do \u015bwi\u0105t, czy jednak przed telewizorami. Kto z Was ju\u017c by\u0142 team #\u015bwi\u0119ta, a kto #Qatar2022? \ud83d\ude09\u00a0 Listopad obfitowa\u0142 w liczne wydarzenia w kraju i na \u015bwiecie, poczynaj\u0105c od \u015awi\u0119ta Niepodleg\u0142o\u015bci, przed Black Friday, po Mistrzostwa \u015awiata w Pi\u0142ce No\u017cnej. Ich odzwierciedlenie znajdziecie w [&hellip;]<\/p>\n","protected":false},"author":89,"featured_media":46879,"comment_status":"open","ping_status":"open","sticky":false,"template":"","format":"standard","meta":{"inline_featured_image":false,"footnotes":""},"categories":[1797,2125,2275],"tags":[2025,2307,2647],"yoast_head":"<!-- This site is optimized with the Yoast SEO plugin v22.4 - https:\/\/yoast.com\/wordpress\/plugins\/seo\/ -->\n<title>Facebook Trends listopad 2022 - aura \u015bwi\u0105teczno-mundialowa\u00a0<\/title>\n<meta name=\"description\" content=\"Listopad obfitowa\u0142 w liczne wydarzenia w kraju i na \u015bwiecie, poczynaj\u0105c od \u015awi\u0119ta Niepodleg\u0142o\u015bci, przed Black Friday, po Mistrzostwa \u015awiata w Pi\u0142ce No\u017cnej.\" \/>\n<meta name=\"robots\" content=\"index, follow, max-snippet:-1, max-image-preview:large, max-video-preview:-1\" \/>\n<link rel=\"canonical\" href=\"https:\/\/www.sotrender.com\/blog\/pl\/2022\/12\/facebook-trends-listopad-2022-aura-swiateczno-mundialowa\/\" \/>\n<meta property=\"og:locale\" content=\"pl_PL\" \/>\n<meta property=\"og:type\" content=\"article\" \/>\n<meta property=\"og:title\" content=\"Facebook Trends listopad 2022 - aura \u015bwi\u0105teczno-mundialowa\u00a0\" \/>\n<meta property=\"og:description\" content=\"Listopad obfitowa\u0142 w liczne wydarzenia w kraju i na \u015bwiecie, poczynaj\u0105c od \u015awi\u0119ta Niepodleg\u0142o\u015bci, przed Black Friday, po Mistrzostwa \u015awiata w Pi\u0142ce No\u017cnej.\" \/>\n<meta property=\"og:url\" content=\"https:\/\/www.sotrender.com\/blog\/pl\/2022\/12\/facebook-trends-listopad-2022-aura-swiateczno-mundialowa\/\" \/>\n<meta property=\"og:site_name\" content=\"Sotrender Blog\" \/>\n<meta property=\"article:publisher\" content=\"https:\/\/www.facebook.com\/Sotrender\" \/>\n<meta property=\"article:published_time\" content=\"2022-12-07T13:11:10+00:00\" \/>\n<meta property=\"og:image\" content=\"https:\/\/www.sotrender.com\/blog\/wp-content\/uploads\/2022\/12\/facebook-trends-listopad-katar2022.jpg\" \/>\n\t<meta property=\"og:image:width\" content=\"1280\" \/>\n\t<meta property=\"og:image:height\" content=\"853\" \/>\n\t<meta property=\"og:image:type\" content=\"image\/jpeg\" \/>\n<meta name=\"author\" content=\"Klaudia \u017by\u0142ka\" \/>\n<meta name=\"twitter:card\" content=\"summary_large_image\" \/>\n<meta name=\"twitter:creator\" content=\"@Sotrender\" \/>\n<meta name=\"twitter:site\" content=\"@Sotrender\" \/>\n<meta name=\"twitter:label1\" content=\"Written by\" \/>\n\t<meta name=\"twitter:data1\" content=\"Klaudia \u017by\u0142ka\" \/>\n\t<meta name=\"twitter:label2\" content=\"Est. reading time\" \/>\n\t<meta name=\"twitter:data2\" content=\"4 minutes\" \/>\n<script type=\"application\/ld+json\" class=\"yoast-schema-graph\">{\"@context\":\"https:\/\/schema.org\",\"@graph\":[{\"@type\":\"WebPage\",\"@id\":\"https:\/\/www.sotrender.com\/blog\/pl\/2022\/12\/facebook-trends-listopad-2022-aura-swiateczno-mundialowa\/\",\"url\":\"https:\/\/www.sotrender.com\/blog\/pl\/2022\/12\/facebook-trends-listopad-2022-aura-swiateczno-mundialowa\/\",\"name\":\"Facebook Trends listopad 2022 - aura \u015bwi\u0105teczno-mundialowa\u00a0\",\"isPartOf\":{\"@id\":\"https:\/\/www.sotrender.com\/blog\/#website\"},\"primaryImageOfPage\":{\"@id\":\"https:\/\/www.sotrender.com\/blog\/pl\/2022\/12\/facebook-trends-listopad-2022-aura-swiateczno-mundialowa\/#primaryimage\"},\"image\":{\"@id\":\"https:\/\/www.sotrender.com\/blog\/pl\/2022\/12\/facebook-trends-listopad-2022-aura-swiateczno-mundialowa\/#primaryimage\"},\"thumbnailUrl\":\"https:\/\/www.sotrender.com\/blog\/wp-content\/uploads\/2022\/12\/facebook-trends-listopad-katar2022.jpg\",\"datePublished\":\"2022-12-07T13:11:10+00:00\",\"dateModified\":\"2022-12-07T13:11:10+00:00\",\"author\":{\"@id\":\"https:\/\/www.sotrender.com\/blog\/#\/schema\/person\/038ac5e276c5d102d8cbb9c36cd43416\"},\"description\":\"Listopad obfitowa\u0142 w liczne wydarzenia w kraju i na \u015bwiecie, poczynaj\u0105c od \u015awi\u0119ta Niepodleg\u0142o\u015bci, przed Black Friday, po Mistrzostwa \u015awiata w Pi\u0142ce No\u017cnej.\",\"breadcrumb\":{\"@id\":\"https:\/\/www.sotrender.com\/blog\/pl\/2022\/12\/facebook-trends-listopad-2022-aura-swiateczno-mundialowa\/#breadcrumb\"},\"inLanguage\":\"pl-PL\",\"potentialAction\":[{\"@type\":\"ReadAction\",\"target\":[\"https:\/\/www.sotrender.com\/blog\/pl\/2022\/12\/facebook-trends-listopad-2022-aura-swiateczno-mundialowa\/\"]}]},{\"@type\":\"ImageObject\",\"inLanguage\":\"pl-PL\",\"@id\":\"https:\/\/www.sotrender.com\/blog\/pl\/2022\/12\/facebook-trends-listopad-2022-aura-swiateczno-mundialowa\/#primaryimage\",\"url\":\"https:\/\/www.sotrender.com\/blog\/wp-content\/uploads\/2022\/12\/facebook-trends-listopad-katar2022.jpg\",\"contentUrl\":\"https:\/\/www.sotrender.com\/blog\/wp-content\/uploads\/2022\/12\/facebook-trends-listopad-katar2022.jpg\",\"width\":1280,\"height\":853,\"caption\":\"facebook trends listopad katar2022\"},{\"@type\":\"BreadcrumbList\",\"@id\":\"https:\/\/www.sotrender.com\/blog\/pl\/2022\/12\/facebook-trends-listopad-2022-aura-swiateczno-mundialowa\/#breadcrumb\",\"itemListElement\":[{\"@type\":\"ListItem\",\"position\":1,\"name\":\"Home\",\"item\":\"https:\/\/www.sotrender.com\/blog\/\"},{\"@type\":\"ListItem\",\"position\":2,\"name\":\"Facebook Trends listopad 2022 &#8211; aura \u015bwi\u0105teczno-mundialowa\u00a0\"}]},{\"@type\":\"WebSite\",\"@id\":\"https:\/\/www.sotrender.com\/blog\/#website\",\"url\":\"https:\/\/www.sotrender.com\/blog\/\",\"name\":\"Sotrender Blog\",\"description\":\"\",\"potentialAction\":[{\"@type\":\"SearchAction\",\"target\":{\"@type\":\"EntryPoint\",\"urlTemplate\":\"https:\/\/www.sotrender.com\/blog\/?s={search_term_string}\"},\"query-input\":\"required name=search_term_string\"}],\"inLanguage\":\"pl-PL\"},{\"@type\":\"Person\",\"@id\":\"https:\/\/www.sotrender.com\/blog\/#\/schema\/person\/038ac5e276c5d102d8cbb9c36cd43416\",\"name\":\"Klaudia \u017by\u0142ka\",\"image\":{\"@type\":\"ImageObject\",\"inLanguage\":\"pl-PL\",\"@id\":\"https:\/\/www.sotrender.com\/blog\/#\/schema\/person\/image\/\",\"url\":\"https:\/\/secure.gravatar.com\/avatar\/f55d5d49ce3c448e1ffde0ab078d84cd?s=96&d=mm&r=g\",\"contentUrl\":\"https:\/\/secure.gravatar.com\/avatar\/f55d5d49ce3c448e1ffde0ab078d84cd?s=96&d=mm&r=g\",\"caption\":\"Klaudia \u017by\u0142ka\"},\"description\":\"Instagram, dogs, books and food lover. Former student at Warsaw University and Malm\u00f6 University. Improving her marketing skills every day. Proud owner of DIMAQ certificate\",\"sameAs\":[\"https:\/\/www.linkedin.com\/in\/klaudia-\u017cy\u0142ka-17527779\"],\"url\":\"https:\/\/www.sotrender.com\/blog\/pl\/author\/klaudia_yka\/\"}]}<\/script>\n<!-- \/ Yoast SEO plugin. -->","yoast_head_json":{"title":"Facebook Trends listopad 2022 - aura \u015bwi\u0105teczno-mundialowa\u00a0","description":"Listopad obfitowa\u0142 w liczne wydarzenia w kraju i na \u015bwiecie, poczynaj\u0105c od \u015awi\u0119ta Niepodleg\u0142o\u015bci, przed Black Friday, po Mistrzostwa \u015awiata w Pi\u0142ce No\u017cnej.","robots":{"index":"index","follow":"follow","max-snippet":"max-snippet:-1","max-image-preview":"max-image-preview:large","max-video-preview":"max-video-preview:-1"},"canonical":"https:\/\/www.sotrender.com\/blog\/pl\/2022\/12\/facebook-trends-listopad-2022-aura-swiateczno-mundialowa\/","og_locale":"pl_PL","og_type":"article","og_title":"Facebook Trends listopad 2022 - aura \u015bwi\u0105teczno-mundialowa\u00a0","og_description":"Listopad obfitowa\u0142 w liczne wydarzenia w kraju i na \u015bwiecie, poczynaj\u0105c od \u015awi\u0119ta Niepodleg\u0142o\u015bci, przed Black Friday, po Mistrzostwa \u015awiata w Pi\u0142ce No\u017cnej.","og_url":"https:\/\/www.sotrender.com\/blog\/pl\/2022\/12\/facebook-trends-listopad-2022-aura-swiateczno-mundialowa\/","og_site_name":"Sotrender Blog","article_publisher":"https:\/\/www.facebook.com\/Sotrender","article_published_time":"2022-12-07T13:11:10+00:00","og_image":[{"width":1280,"height":853,"url":"https:\/\/www.sotrender.com\/blog\/wp-content\/uploads\/2022\/12\/facebook-trends-listopad-katar2022.jpg","type":"image\/jpeg"}],"author":"Klaudia \u017by\u0142ka","twitter_card":"summary_large_image","twitter_creator":"@Sotrender","twitter_site":"@Sotrender","twitter_misc":{"Written by":"Klaudia \u017by\u0142ka","Est. reading time":"4 minutes"},"schema":{"@context":"https:\/\/schema.org","@graph":[{"@type":"WebPage","@id":"https:\/\/www.sotrender.com\/blog\/pl\/2022\/12\/facebook-trends-listopad-2022-aura-swiateczno-mundialowa\/","url":"https:\/\/www.sotrender.com\/blog\/pl\/2022\/12\/facebook-trends-listopad-2022-aura-swiateczno-mundialowa\/","name":"Facebook Trends listopad 2022 - aura \u015bwi\u0105teczno-mundialowa\u00a0","isPartOf":{"@id":"https:\/\/www.sotrender.com\/blog\/#website"},"primaryImageOfPage":{"@id":"https:\/\/www.sotrender.com\/blog\/pl\/2022\/12\/facebook-trends-listopad-2022-aura-swiateczno-mundialowa\/#primaryimage"},"image":{"@id":"https:\/\/www.sotrender.com\/blog\/pl\/2022\/12\/facebook-trends-listopad-2022-aura-swiateczno-mundialowa\/#primaryimage"},"thumbnailUrl":"https:\/\/www.sotrender.com\/blog\/wp-content\/uploads\/2022\/12\/facebook-trends-listopad-katar2022.jpg","datePublished":"2022-12-07T13:11:10+00:00","dateModified":"2022-12-07T13:11:10+00:00","author":{"@id":"https:\/\/www.sotrender.com\/blog\/#\/schema\/person\/038ac5e276c5d102d8cbb9c36cd43416"},"description":"Listopad obfitowa\u0142 w liczne wydarzenia w kraju i na \u015bwiecie, poczynaj\u0105c od \u015awi\u0119ta Niepodleg\u0142o\u015bci, przed Black Friday, po Mistrzostwa \u015awiata w Pi\u0142ce No\u017cnej.","breadcrumb":{"@id":"https:\/\/www.sotrender.com\/blog\/pl\/2022\/12\/facebook-trends-listopad-2022-aura-swiateczno-mundialowa\/#breadcrumb"},"inLanguage":"pl-PL","potentialAction":[{"@type":"ReadAction","target":["https:\/\/www.sotrender.com\/blog\/pl\/2022\/12\/facebook-trends-listopad-2022-aura-swiateczno-mundialowa\/"]}]},{"@type":"ImageObject","inLanguage":"pl-PL","@id":"https:\/\/www.sotrender.com\/blog\/pl\/2022\/12\/facebook-trends-listopad-2022-aura-swiateczno-mundialowa\/#primaryimage","url":"https:\/\/www.sotrender.com\/blog\/wp-content\/uploads\/2022\/12\/facebook-trends-listopad-katar2022.jpg","contentUrl":"https:\/\/www.sotrender.com\/blog\/wp-content\/uploads\/2022\/12\/facebook-trends-listopad-katar2022.jpg","width":1280,"height":853,"caption":"facebook trends listopad katar2022"},{"@type":"BreadcrumbList","@id":"https:\/\/www.sotrender.com\/blog\/pl\/2022\/12\/facebook-trends-listopad-2022-aura-swiateczno-mundialowa\/#breadcrumb","itemListElement":[{"@type":"ListItem","position":1,"name":"Home","item":"https:\/\/www.sotrender.com\/blog\/"},{"@type":"ListItem","position":2,"name":"Facebook Trends listopad 2022 &#8211; aura \u015bwi\u0105teczno-mundialowa\u00a0"}]},{"@type":"WebSite","@id":"https:\/\/www.sotrender.com\/blog\/#website","url":"https:\/\/www.sotrender.com\/blog\/","name":"Sotrender Blog","description":"","potentialAction":[{"@type":"SearchAction","target":{"@type":"EntryPoint","urlTemplate":"https:\/\/www.sotrender.com\/blog\/?s={search_term_string}"},"query-input":"required name=search_term_string"}],"inLanguage":"pl-PL"},{"@type":"Person","@id":"https:\/\/www.sotrender.com\/blog\/#\/schema\/person\/038ac5e276c5d102d8cbb9c36cd43416","name":"Klaudia \u017by\u0142ka","image":{"@type":"ImageObject","inLanguage":"pl-PL","@id":"https:\/\/www.sotrender.com\/blog\/#\/schema\/person\/image\/","url":"https:\/\/secure.gravatar.com\/avatar\/f55d5d49ce3c448e1ffde0ab078d84cd?s=96&d=mm&r=g","contentUrl":"https:\/\/secure.gravatar.com\/avatar\/f55d5d49ce3c448e1ffde0ab078d84cd?s=96&d=mm&r=g","caption":"Klaudia \u017by\u0142ka"},"description":"Instagram, dogs, books and food lover. Former student at Warsaw University and Malm\u00f6 University. Improving her marketing skills every day. Proud owner of DIMAQ certificate","sameAs":["https:\/\/www.linkedin.com\/in\/klaudia-\u017cy\u0142ka-17527779"],"url":"https:\/\/www.sotrender.com\/blog\/pl\/author\/klaudia_yka\/"}]}},"_links":{"self":[{"href":"https:\/\/www.sotrender.com\/blog\/pl\/wp-json\/wp\/v2\/posts\/46873"}],"collection":[{"href":"https:\/\/www.sotrender.com\/blog\/pl\/wp-json\/wp\/v2\/posts"}],"about":[{"href":"https:\/\/www.sotrender.com\/blog\/pl\/wp-json\/wp\/v2\/types\/post"}],"author":[{"embeddable":true,"href":"https:\/\/www.sotrender.com\/blog\/pl\/wp-json\/wp\/v2\/users\/89"}],"replies":[{"embeddable":true,"href":"https:\/\/www.sotrender.com\/blog\/pl\/wp-json\/wp\/v2\/comments?post=46873"}],"version-history":[{"count":8,"href":"https:\/\/www.sotrender.com\/blog\/pl\/wp-json\/wp\/v2\/posts\/46873\/revisions"}],"predecessor-version":[{"id":46895,"href":"https:\/\/www.sotrender.com\/blog\/pl\/wp-json\/wp\/v2\/posts\/46873\/revisions\/46895"}],"wp:featuredmedia":[{"embeddable":true,"href":"https:\/\/www.sotrender.com\/blog\/pl\/wp-json\/wp\/v2\/media\/46879"}],"wp:attachment":[{"href":"https:\/\/www.sotrender.com\/blog\/pl\/wp-json\/wp\/v2\/media?parent=46873"}],"wp:term":[{"taxonomy":"category","embeddable":true,"href":"https:\/\/www.sotrender.com\/blog\/pl\/wp-json\/wp\/v2\/categories?post=46873"},{"taxonomy":"post_tag","embeddable":true,"href":"https:\/\/www.sotrender.com\/blog\/pl\/wp-json\/wp\/v2\/tags?post=46873"}],"curies":[{"name":"wp","href":"https:\/\/api.w.org\/{rel}","templated":true}]}}