{"id":46657,"date":"2022-11-08T13:34:10","date_gmt":"2022-11-08T12:34:10","guid":{"rendered":"https:\/\/www.sotrender.com\/blog\/?p=46657\/"},"modified":"2022-11-08T13:34:10","modified_gmt":"2022-11-08T12:34:10","slug":"facebook-trends-pazdziernik-2022","status":"publish","type":"post","link":"https:\/\/www.sotrender.com\/blog\/pl\/2022\/11\/facebook-trends-pazdziernik-2022\/","title":{"rendered":"Facebook Trends pa\u017adziernik 2022 &#8211; walka z jesienn\u0105 chandr\u0105"},"content":{"rendered":"<p><span style=\"font-weight: 400;\">Tegoroczny pa\u017adziernik by\u0142 dla nas wyj\u0105tkowo \u0142askawy &#8211; i to nie tylko dzi\u0119ki niezwykle przyjemnym temperaturom. Tak\u017ce na Facebooku uda\u0142o nam si\u0119 wypatrze\u0107 ca\u0142kiem sporo dobrych wiadomo\u015bci, jak r\u00f3wnie\u017c bardzo udanych kreacji na profilach marek.<\/span><\/p>\n<p><span style=\"font-weight: 400;\">Zapraszamy na <a href=\"https:\/\/www.sotrender.com\/trends\/facebook\/poland\/202210\">pa\u017adziernikowy raport Facebook Trends<\/a>!<\/span><\/p>\n<h2><strong>CPM szybuje w g\u00f3r\u0119<\/strong><\/h2>\n<p><span style=\"font-weight: 400;\">Standardowo ju\u017c zaczynamy od analizy tego, jak w minionym miesi\u0105cu kszta\u0142towa\u0142y si\u0119 koszty reklam na Facebooku. Podczas gdy CPC utrzymywa\u0142 si\u0119 na bardzo stabilnym poziomie (mediana <a href=\"https:\/\/www.sotrender.com\/blog\/pl\/2022\/10\/facebook-trends-wrzesien-2022-niespodziewane-odejscia\/\">we wrze\u015bniu<\/a> 60 gr, a w pa\u017adzierniku 59 gr), <\/span><b>CPM zacz\u0105\u0142 do\u015b\u0107 znacz\u0105co rosn\u0105\u0107, osi\u0105gaj\u0105c tym samym najwy\u017csz\u0105 warto\u015b\u0107 w tym roku.<\/b><span style=\"font-weight: 400;\"> Podczas gdy we wrze\u015bniu \u015bredni CPM wyni\u00f3s\u0142 7 z\u0142 57 gr, <\/span><b>w pa\u017adzierniku<\/b> <b>przekroczy\u0142 9 z\u0142<\/b><span style=\"font-weight: 400;\">, czyli podro\u017ca\u0142 o niespe\u0142na 1 z\u0142 50 gr.<\/span><\/p>\n<p><span style=\"font-weight: 400;\">Wraz ze zbli\u017caj\u0105cym si\u0119 Black Friday i okresem oko\u0142o\u015bwi\u0105tecznym mo\u017cemy spodziewa\u0107 si\u0119 jedynie dalszego wzrostu kosztu dotarcia do tysi\u0105ca u\u017cytkownik\u00f3w.<\/span><\/p>\n<p><a href=\"https:\/\/www.sotrender.com\/blog\/pl\/2021\/11\/wydatki-na-reklame-na-facebooku-w-black-friday-swieta-analiza\/\">Sprawd\u017a nasz\u0105 zasz\u0142oroczn\u0105 analiz\u0119 koszt\u00f3w reklamowych w okresie Black Friday i Bo\u017cego Narodzenia.<\/a><\/p>\n<p><img loading=\"lazy\" decoding=\"async\" class=\"aligncenter wp-image-46663\" src=\"https:\/\/www.sotrender.com\/blog\/wp-content\/uploads\/2022\/11\/CPM_10-2022.png\" alt=\"koszt cpm na facebooku w pa\u017adzierniku 2022\" width=\"801\" height=\"467\" srcset=\"https:\/\/www.sotrender.com\/blog\/wp-content\/uploads\/2022\/11\/CPM_10-2022.png 1200w, https:\/\/www.sotrender.com\/blog\/wp-content\/uploads\/2022\/11\/CPM_10-2022-475x277.png 475w, https:\/\/www.sotrender.com\/blog\/wp-content\/uploads\/2022\/11\/CPM_10-2022-768x448.png 768w\" sizes=\"(max-width: 801px) 100vw, 801px\" \/><\/p>\n<p><span style=\"font-weight: 400;\">Sprawdzili\u015bmy r\u00f3wnie\u017c, jak wygl\u0105da\u0142y miesi\u0119czne wydatki na reklam\u0119, i czy firmy w czasie inflacji zacz\u0119\u0142y ogranicza\u0107 dzia\u0142ania reklamowe. Nie wida\u0107 w tym obszarze drastycznych zmian &#8211; w pa\u017adzierniku, w por\u00f3wnaniu do wrze\u015bnia, reklamodawcy wydawali o 10% mniej, jednak jest to poziom wydatk\u00f3w utrzymuj\u0105cy si\u0119 od lipca tego roku. Z pewno\u015bci\u0105 mo\u017cemy spodziewa\u0107 si\u0119 wzrostu wydatk\u00f3w ponoszonych na reklam\u0119 w dw\u00f3ch ostatnich miesi\u0105cach roku.\u00a0<\/span><\/p>\n<p><img loading=\"lazy\" decoding=\"async\" class=\"aligncenter wp-image-46665\" src=\"https:\/\/www.sotrender.com\/blog\/wp-content\/uploads\/2022\/11\/index-wydatki-reklamowe-facebook-2022.png\" alt=\"index wydatki reklamowe facebook 2022\" width=\"799\" height=\"466\" srcset=\"https:\/\/www.sotrender.com\/blog\/wp-content\/uploads\/2022\/11\/index-wydatki-reklamowe-facebook-2022.png 1200w, https:\/\/www.sotrender.com\/blog\/wp-content\/uploads\/2022\/11\/index-wydatki-reklamowe-facebook-2022-475x277.png 475w, https:\/\/www.sotrender.com\/blog\/wp-content\/uploads\/2022\/11\/index-wydatki-reklamowe-facebook-2022-768x448.png 768w\" sizes=\"(max-width: 799px) 100vw, 799px\" \/><\/p>\n<p><em>Jak czyta\u0107 wykres? Warto\u015b\u0107 100 oznacza najwy\u017csz\u0105 warto\u015b\u0107 wydatk\u00f3w na przestrzeni roku. Warto\u015b\u0107 50 oznacza, \u017ce wysoko\u015b\u0107 wydatk\u00f3w w danym miesi\u0105cu by\u0142a dwukrotnie mniejsza.<\/em><\/p>\n<h2><strong>Halloweenowe przebranie<\/strong><\/h2>\n<p><span style=\"font-weight: 400;\">Halloween wszed\u0142 ju\u017c do mainstreamu i po raz kolejny wida\u0107 to tak\u017ce w komunikacji prowadzonej przez marki na swoich profilach. W tym roku szczeg\u00f3lnie dwie z nich &#8211; \u017bubr i \u017bywiec &#8211; zwr\u00f3ci\u0142y nasz\u0105 uwag\u0119. A co wa\u017cniejsze, tak\u017ce uwag\u0119 internaut\u00f3w.\u00a0<\/span><\/p>\n<p><span style=\"font-weight: 400;\">Kreacja \u017bywca, kt\u00f3ra w b\u0142yskotliwy i zarazem minimalistyczny spos\u00f3b nawi\u0105zywa\u0142a do Halloween, spotka\u0142a si\u0119 z bardzo pozytywnym odbiorem. <\/span><i><span style=\"font-weight: 400;\">Genialne<\/span><\/i><span style=\"font-weight: 400;\">, <\/span><i><span style=\"font-weight: 400;\">Szacun za has\u0142o marketingowe<\/span><\/i><span style=\"font-weight: 400;\"> czytamy pod postem.<\/span><\/p>\n<div id=\"attachment_46667\" style=\"width: 810px\" class=\"wp-caption aligncenter\"><img loading=\"lazy\" decoding=\"async\" aria-describedby=\"caption-attachment-46667\" class=\" wp-image-46667\" src=\"https:\/\/www.sotrender.com\/blog\/wp-content\/uploads\/2022\/11\/z\u0307ywiec-post-halloween.png\" alt=\"\u017cywiec post halloween\" width=\"800\" height=\"429\" srcset=\"https:\/\/www.sotrender.com\/blog\/wp-content\/uploads\/2022\/11\/z\u0307ywiec-post-halloween.png 2374w, https:\/\/www.sotrender.com\/blog\/wp-content\/uploads\/2022\/11\/z\u0307ywiec-post-halloween-475x255.png 475w, https:\/\/www.sotrender.com\/blog\/wp-content\/uploads\/2022\/11\/z\u0307ywiec-post-halloween-768x411.png 768w\" sizes=\"(max-width: 800px) 100vw, 800px\" \/><p id=\"caption-attachment-46667\" class=\"wp-caption-text\">Tegoroczny post na profilu marki \u017bywiec na Halloween, <a href=\"https:\/\/www.facebook.com\/ZywiecMeskimZdaniem\/posts\/pfbid0XAUwPRH4iNocJ6et3MYMUCxpCD33Qwfw1tuo8XheHns7SUF52ytLKL5wh5jp14Bbl\">\u017ar\u00f3d\u0142o<\/a><\/p><\/div>\n<p><span style=\"font-weight: 400;\">W tyle nie zosta\u0142 \u017bubr &#8211; post marki by\u0142 najlepszym postem w kategorii <a href=\"https:\/\/www.sotrender.com\/trends\/facebook\/poland\/202210\/fmcg\/alkohol\/piwa_cydry\">Piwa<\/a> i drugim najlepszym postem w kategorii <a href=\"https:\/\/www.sotrender.com\/trends\/facebook\/poland\/202210\/fmcg\/alkohol\">Alkohole<\/a>.\u00a0<\/span><\/p>\n<p><span style=\"font-weight: 400;\">Czego dotyczy\u0142?\u00a0<\/span><\/p>\n<p><span style=\"font-weight: 400;\">Na profilu marki pojawi\u0142a si\u0119 grafika, nawi\u0105zuj\u0105ca ponownie do Halloween, sugeruj\u0105ca, \u017ce pojawi si\u0119 \u017bubr 0%. Informacja, kt\u00f3ra wstrz\u0105sn\u0119\u0142a cz\u0119\u015bci\u0105 facebookowicz\u00f3w, okaza\u0142a by\u0107 si\u0119 pu\u0142apk\u0105 zastawion\u0105 przez \u017bubra, halloweenow\u0105 gr\u0105. Kto uwa\u017cnie czyta\u0142 komentarze pod postem m\u00f3g\u0142 dopatrze\u0107 si\u0119 odpowiedzi moderator\u00f3w, kt\u00f3re wszystko wyja\u015bnia\u0142y &#8211; <\/span><i><span style=\"font-weight: 400;\">\u017bubr widzi, \u017ce nabra\u0142 Ci\u0119 na psikusa<\/span><\/i><span style=\"font-weight: 400;\">, czytamy.\u00a0<\/span><\/p>\n<div id=\"attachment_46669\" style=\"width: 508px\" class=\"wp-caption aligncenter\"><img loading=\"lazy\" decoding=\"async\" aria-describedby=\"caption-attachment-46669\" class=\"wp-image-46669\" src=\"https:\/\/www.sotrender.com\/blog\/wp-content\/uploads\/2022\/11\/z\u0307ubr-post-halloween.png\" alt=\"z\u0307ubr post halloween\" width=\"498\" height=\"543\" srcset=\"https:\/\/www.sotrender.com\/blog\/wp-content\/uploads\/2022\/11\/z\u0307ubr-post-halloween.png 1050w, https:\/\/www.sotrender.com\/blog\/wp-content\/uploads\/2022\/11\/z\u0307ubr-post-halloween-475x518.png 475w, https:\/\/www.sotrender.com\/blog\/wp-content\/uploads\/2022\/11\/z\u0307ubr-post-halloween-768x838.png 768w\" sizes=\"(max-width: 498px) 100vw, 498px\" \/><p id=\"caption-attachment-46669\" class=\"wp-caption-text\">Tegoroczny post na profilu marki \u017bubr na Halloween, <a href=\"https:\/\/www.facebook.com\/zubr\/photos\/a.178629262152291\/6476006699081151\/\">\u017ar\u00f3d\u0142o <\/a><\/p><\/div>\n<p><span style=\"font-weight: 400;\">Po kilku dniach na profilu marki pojawi\u0142o si\u0119 sprostowanie,\u00a0<\/span><em>Po halloween \u017bubr uspokaja\u2026 <\/em>oraz<\/p>\n<blockquote><p><i><span style=\"font-weight: 400;\">\u017bubr pozostanie \u017cubrem<\/span><\/i><span style=\"font-weight: 400;\">.\u00a0<\/span><\/p><\/blockquote>\n<p><span style=\"font-weight: 400;\">Nie mog\u0142o by\u0107 inaczej, zar\u00f3wno profil \u017bywca jak i \u017bubra odnotowa\u0142y w pa\u017adzierniku przyrost w liczbie aktywno\u015bci.\u00a0<\/span><\/p>\n<div id=\"attachment_46673\" style=\"width: 2008px\" class=\"wp-caption aligncenter\"><img loading=\"lazy\" decoding=\"async\" aria-describedby=\"caption-attachment-46673\" class=\"size-full wp-image-46673\" src=\"https:\/\/www.sotrender.com\/blog\/wp-content\/uploads\/2022\/11\/aktywni-uzytkownicy-piwa-pazdziernik-2022.png\" alt=\"aktywni uzytkownicy piwa pazdziernik 2022\" width=\"1998\" height=\"592\" srcset=\"https:\/\/www.sotrender.com\/blog\/wp-content\/uploads\/2022\/11\/aktywni-uzytkownicy-piwa-pazdziernik-2022.png 1998w, https:\/\/www.sotrender.com\/blog\/wp-content\/uploads\/2022\/11\/aktywni-uzytkownicy-piwa-pazdziernik-2022-475x141.png 475w, https:\/\/www.sotrender.com\/blog\/wp-content\/uploads\/2022\/11\/aktywni-uzytkownicy-piwa-pazdziernik-2022-768x228.png 768w\" sizes=\"(max-width: 1998px) 100vw, 1998px\" \/><p id=\"caption-attachment-46673\" class=\"wp-caption-text\"><a href=\"https:\/\/www.sotrender.com\/trends\/facebook\/poland\/202210\/fmcg\/alkohol\/piwa_cydry\">Piwa i cydry<\/a>, Facebook Trends pa\u017adziernik 2022<\/p><\/div>\n<p><span style=\"font-weight: 400;\">Zesp\u00f3\u0142 \u017bubra &#8211; robicie to dobrze! ?<\/span><\/p>\n<h2><strong>Sukcesy Polak\u00f3w w wielkim \u015bwiecie\u00a0<\/strong><\/h2>\n<p><span style=\"font-weight: 400;\">Marcin Doroci\u0144ski nie przestaje nas zaskakiwa\u0107 i zaczyna by\u0107 polsk\u0105 dum\u0105 narodow\u0105. W pa\u017adzierniku aktor podzieli\u0142 si\u0119 na swoim Facebooku informacj\u0105 o udziale w najnowszej cz\u0119\u015bci legendarnej ju\u017c serii Mission Impossible.\u00a0\u00a0<\/span><\/p>\n<p><span style=\"font-weight: 400;\">Fani aktora nie ukrywali swoich emocji, o czym \u015bwiadcz\u0105 ponad 94 tys. reakcji i niespe\u0142na 10 tys. komentarzy. Tym samym post Doroci\u0144skiego zosta\u0142 najlepszym postem w kategorii <a href=\"https:\/\/www.sotrender.com\/trends\/facebook\/poland\/202210\/kultura\">Kultura i sztuka<\/a>.<\/span><\/p>\n<div id=\"attachment_46675\" style=\"width: 1964px\" class=\"wp-caption aligncenter\"><img loading=\"lazy\" decoding=\"async\" aria-describedby=\"caption-attachment-46675\" class=\"size-full wp-image-46675\" src=\"https:\/\/www.sotrender.com\/blog\/wp-content\/uploads\/2022\/11\/kultura-i-sztuka-najlepsze-posty-pazdziernik-2022.png\" alt=\"kultura i sztuka najlepsze posty pazdziernik 2022\" width=\"1954\" height=\"956\" srcset=\"https:\/\/www.sotrender.com\/blog\/wp-content\/uploads\/2022\/11\/kultura-i-sztuka-najlepsze-posty-pazdziernik-2022.png 1954w, https:\/\/www.sotrender.com\/blog\/wp-content\/uploads\/2022\/11\/kultura-i-sztuka-najlepsze-posty-pazdziernik-2022-475x232.png 475w, https:\/\/www.sotrender.com\/blog\/wp-content\/uploads\/2022\/11\/kultura-i-sztuka-najlepsze-posty-pazdziernik-2022-768x376.png 768w\" sizes=\"(max-width: 1954px) 100vw, 1954px\" \/><p id=\"caption-attachment-46675\" class=\"wp-caption-text\">Najlepsze posty w kategorii <a href=\"https:\/\/www.sotrender.com\/trends\/facebook\/poland\/202210\/kultura\">Kultura i sztuka<\/a> w pa\u017adzierniku 2022 na polskim Facebooku<\/p><\/div>\n<h2><strong>Krakowskie <i>pomagamy<\/i>\u00a0<\/strong><\/h2>\n<p><span style=\"font-weight: 400;\">Wspieramy nie tylko innych Polak\u00f3w, ale tak\u017ce miejsca, do kt\u00f3rych si\u0119 przywi\u0105zujemy. \u015awietnym tego przyk\u0142adem jest historia krakowskiego FORUM Przestrzenie, kt\u00f3re w pa\u017adzierniku szuka\u0142o nowych dom\u00f3w dla nieco zniszczonych ro\u015blin ze swojego lokalu. Na Facebooku akcja spotka\u0142a si\u0119 z wielkim entuzjazmem, a bonusem by\u0142 awans profilu o 49 pozycji w zestawieniu Aktywnych u\u017cytkownik\u00f3w w naszych Trendsach.\u00a0<\/span><\/p>\n<div id=\"attachment_46677\" style=\"width: 2056px\" class=\"wp-caption aligncenter\"><img loading=\"lazy\" decoding=\"async\" aria-describedby=\"caption-attachment-46677\" class=\"size-full wp-image-46677\" src=\"https:\/\/www.sotrender.com\/blog\/wp-content\/uploads\/2022\/11\/restauracje-facebook-trends-pazdziernik-.png\" alt=\"restauracje facebook trends pazdziernik\" width=\"2046\" height=\"340\" srcset=\"https:\/\/www.sotrender.com\/blog\/wp-content\/uploads\/2022\/11\/restauracje-facebook-trends-pazdziernik-.png 2046w, https:\/\/www.sotrender.com\/blog\/wp-content\/uploads\/2022\/11\/restauracje-facebook-trends-pazdziernik--475x79.png 475w, https:\/\/www.sotrender.com\/blog\/wp-content\/uploads\/2022\/11\/restauracje-facebook-trends-pazdziernik--768x128.png 768w\" sizes=\"(max-width: 2046px) 100vw, 2046px\" \/><p id=\"caption-attachment-46677\" class=\"wp-caption-text\"><a href=\"https:\/\/www.sotrender.com\/trends\/facebook\/poland\/202210\/miejsca\/restauracje\">Restauracje<\/a>, Facebook Trends pa\u017adziernik 2022<\/p><\/div>\n<p><span style=\"font-weight: 400;\">To wszystko w tym miesi\u0105cu, do us\u0142yszenia w grudniu!<\/span><\/p>\n","protected":false},"excerpt":{"rendered":"<p>Tegoroczny pa\u017adziernik by\u0142 dla nas wyj\u0105tkowo \u0142askawy &#8211; i to nie tylko dzi\u0119ki niezwykle przyjemnym temperaturom. Tak\u017ce na Facebooku uda\u0142o nam si\u0119 wypatrze\u0107 ca\u0142kiem sporo dobrych wiadomo\u015bci, jak r\u00f3wnie\u017c bardzo udanych kreacji na profilach marek. Zapraszamy na pa\u017adziernikowy raport Facebook Trends! CPM szybuje w g\u00f3r\u0119 Standardowo ju\u017c zaczynamy od analizy tego, jak w minionym miesi\u0105cu [&hellip;]<\/p>\n","protected":false},"author":89,"featured_media":46659,"comment_status":"open","ping_status":"open","sticky":false,"template":"","format":"standard","meta":{"inline_featured_image":false,"footnotes":""},"categories":[1797,2125,2275],"tags":[2307],"yoast_head":"<!-- This site is optimized with the Yoast SEO plugin v22.4 - https:\/\/yoast.com\/wordpress\/plugins\/seo\/ -->\n<title>Facebook Trends pa\u017adziernik 2022 - walka z jesienn\u0105 chandr\u0105<\/title>\n<meta name=\"description\" content=\"Halloweenowe kreacje marek, rosn\u0105cy CPM i mi\u0119dzynarodowy sukces Marcina Doroci\u0144skiego - to wszystko znajdziecie w pa\u017adziernikowym raporcie Facebook Trends.\" \/>\n<meta name=\"robots\" content=\"index, follow, max-snippet:-1, max-image-preview:large, max-video-preview:-1\" \/>\n<link rel=\"canonical\" href=\"https:\/\/www.sotrender.com\/blog\/pl\/2022\/11\/facebook-trends-pazdziernik-2022\/\" \/>\n<meta property=\"og:locale\" content=\"pl_PL\" \/>\n<meta property=\"og:type\" content=\"article\" \/>\n<meta property=\"og:title\" content=\"Facebook Trends pa\u017adziernik 2022 - walka z jesienn\u0105 chandr\u0105\" \/>\n<meta property=\"og:description\" content=\"Halloweenowe kreacje marek, rosn\u0105cy CPM i mi\u0119dzynarodowy sukces Marcina Doroci\u0144skiego - to wszystko znajdziecie w pa\u017adziernikowym raporcie Facebook Trends.\" \/>\n<meta property=\"og:url\" content=\"https:\/\/www.sotrender.com\/blog\/pl\/2022\/11\/facebook-trends-pazdziernik-2022\/\" \/>\n<meta property=\"og:site_name\" content=\"Sotrender Blog\" \/>\n<meta property=\"article:publisher\" content=\"https:\/\/www.facebook.com\/Sotrender\" \/>\n<meta property=\"article:published_time\" content=\"2022-11-08T12:34:10+00:00\" \/>\n<meta property=\"og:image\" content=\"https:\/\/www.sotrender.com\/blog\/wp-content\/uploads\/2022\/11\/jesien-trends.jpg\" \/>\n\t<meta property=\"og:image:width\" content=\"1920\" \/>\n\t<meta property=\"og:image:height\" content=\"1823\" \/>\n\t<meta property=\"og:image:type\" content=\"image\/jpeg\" \/>\n<meta name=\"author\" content=\"Klaudia \u017by\u0142ka\" \/>\n<meta name=\"twitter:card\" content=\"summary_large_image\" \/>\n<meta name=\"twitter:creator\" content=\"@Sotrender\" \/>\n<meta name=\"twitter:site\" content=\"@Sotrender\" \/>\n<meta name=\"twitter:label1\" content=\"Written by\" \/>\n\t<meta name=\"twitter:data1\" content=\"Klaudia \u017by\u0142ka\" \/>\n\t<meta name=\"twitter:label2\" content=\"Est. reading time\" \/>\n\t<meta name=\"twitter:data2\" content=\"4 minutes\" \/>\n<script type=\"application\/ld+json\" class=\"yoast-schema-graph\">{\"@context\":\"https:\/\/schema.org\",\"@graph\":[{\"@type\":\"WebPage\",\"@id\":\"https:\/\/www.sotrender.com\/blog\/pl\/2022\/11\/facebook-trends-pazdziernik-2022\/\",\"url\":\"https:\/\/www.sotrender.com\/blog\/pl\/2022\/11\/facebook-trends-pazdziernik-2022\/\",\"name\":\"Facebook Trends pa\u017adziernik 2022 - walka z jesienn\u0105 chandr\u0105\",\"isPartOf\":{\"@id\":\"https:\/\/www.sotrender.com\/blog\/#website\"},\"primaryImageOfPage\":{\"@id\":\"https:\/\/www.sotrender.com\/blog\/pl\/2022\/11\/facebook-trends-pazdziernik-2022\/#primaryimage\"},\"image\":{\"@id\":\"https:\/\/www.sotrender.com\/blog\/pl\/2022\/11\/facebook-trends-pazdziernik-2022\/#primaryimage\"},\"thumbnailUrl\":\"https:\/\/www.sotrender.com\/blog\/wp-content\/uploads\/2022\/11\/jesien-trends.jpg\",\"datePublished\":\"2022-11-08T12:34:10+00:00\",\"dateModified\":\"2022-11-08T12:34:10+00:00\",\"author\":{\"@id\":\"https:\/\/www.sotrender.com\/blog\/#\/schema\/person\/038ac5e276c5d102d8cbb9c36cd43416\"},\"description\":\"Halloweenowe kreacje marek, rosn\u0105cy CPM i mi\u0119dzynarodowy sukces Marcina Doroci\u0144skiego - to wszystko znajdziecie w pa\u017adziernikowym raporcie Facebook Trends.\",\"breadcrumb\":{\"@id\":\"https:\/\/www.sotrender.com\/blog\/pl\/2022\/11\/facebook-trends-pazdziernik-2022\/#breadcrumb\"},\"inLanguage\":\"pl-PL\",\"potentialAction\":[{\"@type\":\"ReadAction\",\"target\":[\"https:\/\/www.sotrender.com\/blog\/pl\/2022\/11\/facebook-trends-pazdziernik-2022\/\"]}]},{\"@type\":\"ImageObject\",\"inLanguage\":\"pl-PL\",\"@id\":\"https:\/\/www.sotrender.com\/blog\/pl\/2022\/11\/facebook-trends-pazdziernik-2022\/#primaryimage\",\"url\":\"https:\/\/www.sotrender.com\/blog\/wp-content\/uploads\/2022\/11\/jesien-trends.jpg\",\"contentUrl\":\"https:\/\/www.sotrender.com\/blog\/wp-content\/uploads\/2022\/11\/jesien-trends.jpg\",\"width\":1920,\"height\":1823},{\"@type\":\"BreadcrumbList\",\"@id\":\"https:\/\/www.sotrender.com\/blog\/pl\/2022\/11\/facebook-trends-pazdziernik-2022\/#breadcrumb\",\"itemListElement\":[{\"@type\":\"ListItem\",\"position\":1,\"name\":\"Home\",\"item\":\"https:\/\/www.sotrender.com\/blog\/\"},{\"@type\":\"ListItem\",\"position\":2,\"name\":\"Facebook Trends pa\u017adziernik 2022 &#8211; walka z jesienn\u0105 chandr\u0105\"}]},{\"@type\":\"WebSite\",\"@id\":\"https:\/\/www.sotrender.com\/blog\/#website\",\"url\":\"https:\/\/www.sotrender.com\/blog\/\",\"name\":\"Sotrender Blog\",\"description\":\"\",\"potentialAction\":[{\"@type\":\"SearchAction\",\"target\":{\"@type\":\"EntryPoint\",\"urlTemplate\":\"https:\/\/www.sotrender.com\/blog\/?s={search_term_string}\"},\"query-input\":\"required name=search_term_string\"}],\"inLanguage\":\"pl-PL\"},{\"@type\":\"Person\",\"@id\":\"https:\/\/www.sotrender.com\/blog\/#\/schema\/person\/038ac5e276c5d102d8cbb9c36cd43416\",\"name\":\"Klaudia \u017by\u0142ka\",\"image\":{\"@type\":\"ImageObject\",\"inLanguage\":\"pl-PL\",\"@id\":\"https:\/\/www.sotrender.com\/blog\/#\/schema\/person\/image\/\",\"url\":\"https:\/\/secure.gravatar.com\/avatar\/f55d5d49ce3c448e1ffde0ab078d84cd?s=96&d=mm&r=g\",\"contentUrl\":\"https:\/\/secure.gravatar.com\/avatar\/f55d5d49ce3c448e1ffde0ab078d84cd?s=96&d=mm&r=g\",\"caption\":\"Klaudia \u017by\u0142ka\"},\"description\":\"Instagram, dogs, books and food lover. Former student at Warsaw University and Malm\u00f6 University. Improving her marketing skills every day. Proud owner of DIMAQ certificate\",\"sameAs\":[\"https:\/\/www.linkedin.com\/in\/klaudia-\u017cy\u0142ka-17527779\"],\"url\":\"https:\/\/www.sotrender.com\/blog\/pl\/author\/klaudia_yka\/\"}]}<\/script>\n<!-- \/ Yoast SEO plugin. -->","yoast_head_json":{"title":"Facebook Trends pa\u017adziernik 2022 - walka z jesienn\u0105 chandr\u0105","description":"Halloweenowe kreacje marek, rosn\u0105cy CPM i mi\u0119dzynarodowy sukces Marcina Doroci\u0144skiego - to wszystko znajdziecie w pa\u017adziernikowym raporcie Facebook Trends.","robots":{"index":"index","follow":"follow","max-snippet":"max-snippet:-1","max-image-preview":"max-image-preview:large","max-video-preview":"max-video-preview:-1"},"canonical":"https:\/\/www.sotrender.com\/blog\/pl\/2022\/11\/facebook-trends-pazdziernik-2022\/","og_locale":"pl_PL","og_type":"article","og_title":"Facebook Trends pa\u017adziernik 2022 - walka z jesienn\u0105 chandr\u0105","og_description":"Halloweenowe kreacje marek, rosn\u0105cy CPM i mi\u0119dzynarodowy sukces Marcina Doroci\u0144skiego - to wszystko znajdziecie w pa\u017adziernikowym raporcie Facebook Trends.","og_url":"https:\/\/www.sotrender.com\/blog\/pl\/2022\/11\/facebook-trends-pazdziernik-2022\/","og_site_name":"Sotrender Blog","article_publisher":"https:\/\/www.facebook.com\/Sotrender","article_published_time":"2022-11-08T12:34:10+00:00","og_image":[{"width":1920,"height":1823,"url":"https:\/\/www.sotrender.com\/blog\/wp-content\/uploads\/2022\/11\/jesien-trends.jpg","type":"image\/jpeg"}],"author":"Klaudia \u017by\u0142ka","twitter_card":"summary_large_image","twitter_creator":"@Sotrender","twitter_site":"@Sotrender","twitter_misc":{"Written by":"Klaudia \u017by\u0142ka","Est. reading time":"4 minutes"},"schema":{"@context":"https:\/\/schema.org","@graph":[{"@type":"WebPage","@id":"https:\/\/www.sotrender.com\/blog\/pl\/2022\/11\/facebook-trends-pazdziernik-2022\/","url":"https:\/\/www.sotrender.com\/blog\/pl\/2022\/11\/facebook-trends-pazdziernik-2022\/","name":"Facebook Trends pa\u017adziernik 2022 - walka z jesienn\u0105 chandr\u0105","isPartOf":{"@id":"https:\/\/www.sotrender.com\/blog\/#website"},"primaryImageOfPage":{"@id":"https:\/\/www.sotrender.com\/blog\/pl\/2022\/11\/facebook-trends-pazdziernik-2022\/#primaryimage"},"image":{"@id":"https:\/\/www.sotrender.com\/blog\/pl\/2022\/11\/facebook-trends-pazdziernik-2022\/#primaryimage"},"thumbnailUrl":"https:\/\/www.sotrender.com\/blog\/wp-content\/uploads\/2022\/11\/jesien-trends.jpg","datePublished":"2022-11-08T12:34:10+00:00","dateModified":"2022-11-08T12:34:10+00:00","author":{"@id":"https:\/\/www.sotrender.com\/blog\/#\/schema\/person\/038ac5e276c5d102d8cbb9c36cd43416"},"description":"Halloweenowe kreacje marek, rosn\u0105cy CPM i mi\u0119dzynarodowy sukces Marcina Doroci\u0144skiego - to wszystko znajdziecie w pa\u017adziernikowym raporcie Facebook Trends.","breadcrumb":{"@id":"https:\/\/www.sotrender.com\/blog\/pl\/2022\/11\/facebook-trends-pazdziernik-2022\/#breadcrumb"},"inLanguage":"pl-PL","potentialAction":[{"@type":"ReadAction","target":["https:\/\/www.sotrender.com\/blog\/pl\/2022\/11\/facebook-trends-pazdziernik-2022\/"]}]},{"@type":"ImageObject","inLanguage":"pl-PL","@id":"https:\/\/www.sotrender.com\/blog\/pl\/2022\/11\/facebook-trends-pazdziernik-2022\/#primaryimage","url":"https:\/\/www.sotrender.com\/blog\/wp-content\/uploads\/2022\/11\/jesien-trends.jpg","contentUrl":"https:\/\/www.sotrender.com\/blog\/wp-content\/uploads\/2022\/11\/jesien-trends.jpg","width":1920,"height":1823},{"@type":"BreadcrumbList","@id":"https:\/\/www.sotrender.com\/blog\/pl\/2022\/11\/facebook-trends-pazdziernik-2022\/#breadcrumb","itemListElement":[{"@type":"ListItem","position":1,"name":"Home","item":"https:\/\/www.sotrender.com\/blog\/"},{"@type":"ListItem","position":2,"name":"Facebook Trends pa\u017adziernik 2022 &#8211; walka z jesienn\u0105 chandr\u0105"}]},{"@type":"WebSite","@id":"https:\/\/www.sotrender.com\/blog\/#website","url":"https:\/\/www.sotrender.com\/blog\/","name":"Sotrender Blog","description":"","potentialAction":[{"@type":"SearchAction","target":{"@type":"EntryPoint","urlTemplate":"https:\/\/www.sotrender.com\/blog\/?s={search_term_string}"},"query-input":"required name=search_term_string"}],"inLanguage":"pl-PL"},{"@type":"Person","@id":"https:\/\/www.sotrender.com\/blog\/#\/schema\/person\/038ac5e276c5d102d8cbb9c36cd43416","name":"Klaudia \u017by\u0142ka","image":{"@type":"ImageObject","inLanguage":"pl-PL","@id":"https:\/\/www.sotrender.com\/blog\/#\/schema\/person\/image\/","url":"https:\/\/secure.gravatar.com\/avatar\/f55d5d49ce3c448e1ffde0ab078d84cd?s=96&d=mm&r=g","contentUrl":"https:\/\/secure.gravatar.com\/avatar\/f55d5d49ce3c448e1ffde0ab078d84cd?s=96&d=mm&r=g","caption":"Klaudia \u017by\u0142ka"},"description":"Instagram, dogs, books and food lover. Former student at Warsaw University and Malm\u00f6 University. Improving her marketing skills every day. Proud owner of DIMAQ certificate","sameAs":["https:\/\/www.linkedin.com\/in\/klaudia-\u017cy\u0142ka-17527779"],"url":"https:\/\/www.sotrender.com\/blog\/pl\/author\/klaudia_yka\/"}]}},"_links":{"self":[{"href":"https:\/\/www.sotrender.com\/blog\/pl\/wp-json\/wp\/v2\/posts\/46657"}],"collection":[{"href":"https:\/\/www.sotrender.com\/blog\/pl\/wp-json\/wp\/v2\/posts"}],"about":[{"href":"https:\/\/www.sotrender.com\/blog\/pl\/wp-json\/wp\/v2\/types\/post"}],"author":[{"embeddable":true,"href":"https:\/\/www.sotrender.com\/blog\/pl\/wp-json\/wp\/v2\/users\/89"}],"replies":[{"embeddable":true,"href":"https:\/\/www.sotrender.com\/blog\/pl\/wp-json\/wp\/v2\/comments?post=46657"}],"version-history":[{"count":10,"href":"https:\/\/www.sotrender.com\/blog\/pl\/wp-json\/wp\/v2\/posts\/46657\/revisions"}],"predecessor-version":[{"id":46693,"href":"https:\/\/www.sotrender.com\/blog\/pl\/wp-json\/wp\/v2\/posts\/46657\/revisions\/46693"}],"wp:featuredmedia":[{"embeddable":true,"href":"https:\/\/www.sotrender.com\/blog\/pl\/wp-json\/wp\/v2\/media\/46659"}],"wp:attachment":[{"href":"https:\/\/www.sotrender.com\/blog\/pl\/wp-json\/wp\/v2\/media?parent=46657"}],"wp:term":[{"taxonomy":"category","embeddable":true,"href":"https:\/\/www.sotrender.com\/blog\/pl\/wp-json\/wp\/v2\/categories?post=46657"},{"taxonomy":"post_tag","embeddable":true,"href":"https:\/\/www.sotrender.com\/blog\/pl\/wp-json\/wp\/v2\/tags?post=46657"}],"curies":[{"name":"wp","href":"https:\/\/api.w.org\/{rel}","templated":true}]}}