{"id":46399,"date":"2022-10-10T11:39:08","date_gmt":"2022-10-10T09:39:08","guid":{"rendered":"https:\/\/www.sotrender.com\/blog\/?p=46399\/"},"modified":"2022-10-11T08:27:37","modified_gmt":"2022-10-11T06:27:37","slug":"facebook-trends-wrzesien-2022-niespodziewane-odejscia","status":"publish","type":"post","link":"https:\/\/www.sotrender.com\/blog\/pl\/2022\/10\/facebook-trends-wrzesien-2022-niespodziewane-odejscia\/","title":{"rendered":"Facebook Trends wrzesie\u0144 2022 &#8211; niespodziewane odej\u015bcia"},"content":{"rendered":"<p><span style=\"font-weight: 400;\">We wrze\u015bniu wracali\u015bmy z urlop\u00f3w, adaptowali\u015bmy si\u0119 do zmiennej aury i przygotowywali\u015bmy na nadej\u015bcie jesieni. Facebook wype\u0142ni\u0142 si\u0119 memami o powrocie do szko\u0142y i t\u0119sknymi wspomnieniami ciep\u0142ych wakacji. Ale poza nimi, pojawi\u0142o si\u0119 te\u017c kilka wiod\u0105cych temat\u00f3w, kt\u00f3re na d\u0142u\u017cej przyci\u0105gn\u0119\u0142y nasz\u0105 uwag\u0119.<\/span><\/p>\n<p><span style=\"font-weight: 400;\">Przedstawiamy najnowsze podsumowanie <\/span><a href=\"https:\/\/www.sotrender.com\/trends\/facebook\/poland\/202209\"><span style=\"font-weight: 400;\">Facebook Trends &#8211; wrzesie\u0144 2022<\/span><\/a><span style=\"font-weight: 400;\"> i najwa\u017cniejsze zmiany w rankingach.<\/span><\/p>\n<h2><b>CPM dro\u017cszy o 68 groszy<\/b><\/h2>\n<p><span style=\"font-weight: 400;\">We wrze\u015bniu zn\u00f3w wzros\u0142y koszty reklamowe. <strong>\u015aredni\u00a0<\/strong><\/span><b>CPC by\u0142 wy\u017cszy o 4 gr w stosunku do sierpnia, i wyni\u00f3s\u0142 97 gr<\/b><span style=\"font-weight: 400;\">. Mediana \u015bredniego CPC przyj\u0119\u0142a warto\u015b\u0107\u00a0<\/span><b>60 gr<\/b><span style=\"font-weight: 400;\">. \u015aredni koszt klikni\u0119cia w reklam\u0119 ro\u015bnie systematycznie od lipca.\u00a0<\/span><\/p>\n<p><img loading=\"lazy\" decoding=\"async\" class=\"wp-image-46401 aligncenter\" src=\"https:\/\/www.sotrender.com\/blog\/wp-content\/uploads\/2022\/10\/CPC_wrzesien\u0301.png\" alt=\"\" width=\"799\" height=\"466\" srcset=\"https:\/\/www.sotrender.com\/blog\/wp-content\/uploads\/2022\/10\/CPC_wrzesien\u0301.png 1200w, https:\/\/www.sotrender.com\/blog\/wp-content\/uploads\/2022\/10\/CPC_wrzesien\u0301-475x277.png 475w, https:\/\/www.sotrender.com\/blog\/wp-content\/uploads\/2022\/10\/CPC_wrzesien\u0301-768x448.png 768w\" sizes=\"(max-width: 799px) 100vw, 799px\" \/><\/p>\n<p><span style=\"font-weight: 400;\">W ubieg\u0142ym miesi\u0105cu, znacznie wzr\u00f3s\u0142 tak\u017ce koszt \u015bredniego CPM. Wska\u017anik wyni\u00f3s\u0142\u00a0<\/span><b>7,57 z\u0142 <\/b>&#8211; dla por\u00f3wnania,\u00a0<span style=\"font-weight: 400;\">we wrze\u015bniu by\u0142o to 6,89 z\u0142. To a\u017c <\/span><b>68 gr<\/b><span style=\"font-weight: 400;\"> r\u00f3\u017cnicy. Mediana CPM wynios\u0142a <\/span><b>4,31 z\u0142<\/b><span style=\"font-weight: 400;\">, czyli o 37 gr wi\u0119cej ni\u017c w sierpniu.<\/span><\/p>\n<p><img loading=\"lazy\" decoding=\"async\" class=\"wp-image-46403 aligncenter\" src=\"https:\/\/www.sotrender.com\/blog\/wp-content\/uploads\/2022\/10\/CPM_wrzesien\u0301.png\" alt=\"\" width=\"799\" height=\"466\" srcset=\"https:\/\/www.sotrender.com\/blog\/wp-content\/uploads\/2022\/10\/CPM_wrzesien\u0301.png 1200w, https:\/\/www.sotrender.com\/blog\/wp-content\/uploads\/2022\/10\/CPM_wrzesien\u0301-475x277.png 475w, https:\/\/www.sotrender.com\/blog\/wp-content\/uploads\/2022\/10\/CPM_wrzesien\u0301-768x448.png 768w\" sizes=\"(max-width: 799px) 100vw, 799px\" \/><\/p>\n<h2><b>,,London Bridge is down\u201d<\/b><\/h2>\n<p><span style=\"font-weight: 400;\">Koniec pewnej epoki &#8211; to s\u0142owa, kt\u00f3re zazwyczaj padaj\u0105 tu\u017c po bardzo znacz\u0105cych wydarzeniach. Na pocz\u0105tku wrze\u015bnia, \u015bwiat obieg\u0142a informacja o odej\u015bciu Kr\u00f3lowej El\u017cbiety &#8211; ikony, kt\u00f3ra na zawsze wpisa\u0142a si\u0119 w \u017cycie polityczne i kulturalne Wielkiej Brytanii.\u00a0<\/span><\/p>\n<p><span style=\"font-weight: 400;\">Komunikat z 8 wrze\u015bnia szybko sta\u0142 si\u0119 wiod\u0105cym tematem w social media. Na Facebooku pojawi\u0142o si\u0119 mn\u00f3stwo wspomnie\u0144 zwi\u0105zanych z by\u0142\u0105 Kr\u00f3low\u0105. Post Dzie\u0144 Dobry TVN, ze s\u0142owami ,,London Bridge is down. To koniec pewnej ery&#8221;, by\u0142 najpopularniejszym postem w kategorii <a href=\"https:\/\/www.sotrender.com\/trends\/facebook\/poland\/202209\/media\/styl_zycia\">Styl \u017cycia<\/a>. Zareagowa\u0142y na niego ponad 23 tysi\u0105ce os\u00f3b i udost\u0119pniono go ponad 2,3 tys. razy.<\/span><\/p>\n<div id=\"attachment_46405\" style=\"width: 809px\" class=\"wp-caption aligncenter\"><img loading=\"lazy\" decoding=\"async\" aria-describedby=\"caption-attachment-46405\" class=\"wp-image-46405\" src=\"https:\/\/www.sotrender.com\/blog\/wp-content\/uploads\/2022\/10\/Styl-z\u0307ycia_najlepsze-posty.png\" alt=\"Najlepsze posty, Styl \u017cycia\" width=\"799\" height=\"349\" srcset=\"https:\/\/www.sotrender.com\/blog\/wp-content\/uploads\/2022\/10\/Styl-z\u0307ycia_najlepsze-posty.png 1999w, https:\/\/www.sotrender.com\/blog\/wp-content\/uploads\/2022\/10\/Styl-z\u0307ycia_najlepsze-posty-475x207.png 475w, https:\/\/www.sotrender.com\/blog\/wp-content\/uploads\/2022\/10\/Styl-z\u0307ycia_najlepsze-posty-768x335.png 768w\" sizes=\"(max-width: 799px) 100vw, 799px\" \/><p id=\"caption-attachment-46405\" class=\"wp-caption-text\">Najlepsze posty, Styl \u017cycia | Facebook, wrzesie\u0144 2022<\/p><\/div>\n<p><span style=\"font-weight: 400;\">We wrze\u015bniu, profil Dzie\u0144 dobry TVN znalaz\u0142 si\u0119 na pierwszym miejscu w kategorii <a href=\"https:\/\/www.sotrender.com\/trends\/facebook\/poland\/202209\/media\/styl_zycia\">Styl \u017cycia<\/a>, w rankingu fan\u00f3w.<\/span><\/p>\n<div id=\"attachment_46407\" style=\"width: 808px\" class=\"wp-caption aligncenter\"><img loading=\"lazy\" decoding=\"async\" aria-describedby=\"caption-attachment-46407\" class=\"wp-image-46407\" src=\"https:\/\/www.sotrender.com\/blog\/wp-content\/uploads\/2022\/10\/Styl-z\u0307ycia_fani.png\" alt=\"Fani, Styl \u017cycia\" width=\"798\" height=\"175\" srcset=\"https:\/\/www.sotrender.com\/blog\/wp-content\/uploads\/2022\/10\/Styl-z\u0307ycia_fani.png 1999w, https:\/\/www.sotrender.com\/blog\/wp-content\/uploads\/2022\/10\/Styl-z\u0307ycia_fani-475x104.png 475w, https:\/\/www.sotrender.com\/blog\/wp-content\/uploads\/2022\/10\/Styl-z\u0307ycia_fani-768x168.png 768w\" sizes=\"(max-width: 798px) 100vw, 798px\" \/><p id=\"caption-attachment-46407\" class=\"wp-caption-text\">Profile o najwi\u0119kszej liczbie fan\u00f3w, Styl \u017cycia | Facebook, wrzesie\u0144 2022<\/p><\/div>\n<p><span style=\"font-weight: 400;\">Ale to nie jedyne wspomnienie Kr\u00f3lowej, kt\u00f3re wzbudzi\u0142o tysi\u0105ce reakcji u\u017cytkownik\u00f3w Facebooka. Na nowo popularny sta\u0142 si\u0119 film promuj\u0105cy igrzyska olimpijskie w Londynie w 2012 roku, w kt\u00f3rym El\u017cbieta II wyst\u0105pi\u0142a z\u2026 Danielem Craigiem w roli Jamesa Bonda.<\/span><\/p>\n<p><span style=\"font-weight: 400;\">By\u0142a to trzecia edycja igrzysk, niezwykle znacz\u0105ca dla Wielkiej Brytanii &#8211; nie tylko w kontek\u015bcie sportowym, ale i gospodarczym. To g\u0142\u00f3wnie z tego wzgl\u0119du Buckingham Palace zgodzi\u0142 si\u0119 na takie wykorzystanie wizerunku Kr\u00f3lowej.<\/span><\/p>\n<p style=\"text-align: center;\"><iframe loading=\"lazy\" style=\"border: none; overflow: hidden;\" src=\"https:\/\/www.facebook.com\/plugins\/video.php?height=476&amp;href=https%3A%2F%2Fwww.facebook.com%2FEurosportPL%2Fvideos%2F556711056252237%2F&amp;show_text=false&amp;width=380&amp;t=0\" width=\"380\" height=\"476\" frameborder=\"0\" scrolling=\"no\" allowfullscreen=\"allowfullscreen\"><\/iframe><\/p>\n<p><span style=\"font-weight: 400;\">Film zosta\u0142 udost\u0119pniony na profilu <a href=\"https:\/\/www.facebook.com\/EurosportPL\">Eurosport Polska<\/a> i zdoby\u0142 ponad 21 tys. reakcji, ponad 490 komentarzy i 2,7 tys. udost\u0119pnie\u0144. Profil Eurosport awansowa\u0142 we wrze\u015bniu o 33 miejsca w kategorii <a href=\"https:\/\/www.sotrender.com\/trends\/facebook\/poland\/202209\/pl_wszystkie\">Polskoj\u0119zyczne<\/a>, w rankingu zaanga\u017cowania.<\/span><\/p>\n<div id=\"attachment_46409\" style=\"width: 810px\" class=\"wp-caption aligncenter\"><img loading=\"lazy\" decoding=\"async\" aria-describedby=\"caption-attachment-46409\" class=\"wp-image-46409\" src=\"https:\/\/www.sotrender.com\/blog\/wp-content\/uploads\/2022\/10\/Polskoje\u0328zyczne_zaangaz\u0307owanie.png\" alt=\"Polskoj\u0119zyczne, zaanga\u017cowanie\" width=\"800\" height=\"248\" srcset=\"https:\/\/www.sotrender.com\/blog\/wp-content\/uploads\/2022\/10\/Polskoje\u0328zyczne_zaangaz\u0307owanie.png 1999w, https:\/\/www.sotrender.com\/blog\/wp-content\/uploads\/2022\/10\/Polskoje\u0328zyczne_zaangaz\u0307owanie-475x147.png 475w, https:\/\/www.sotrender.com\/blog\/wp-content\/uploads\/2022\/10\/Polskoje\u0328zyczne_zaangaz\u0307owanie-768x238.png 768w\" sizes=\"(max-width: 800px) 100vw, 800px\" \/><p id=\"caption-attachment-46409\" class=\"wp-caption-text\">Profile o najwi\u0119kszym zaanga\u017cowaniu u\u017cytkownik\u00f3w, Polskoj\u0119zyczne | Facebook, wrzesie\u0144 2022<\/p><\/div>\n<h2>G\u0142o\u015bne reakcje na dymisj\u0119 Kurskiego<\/h2>\n<p><span style=\"font-weight: 400;\">We wrze\u015bniu, sporo emocji wzbudzi\u0142a tak\u017ce informacja o odwo\u0142aniu by\u0142ego prezesa TVP. Dymisj\u0119 Kurskiego komentowa\u0142 na swoim profilu m. in. <a href=\"https:\/\/www.facebook.com\/MaciekStuhr\">Maciej Stuhr<\/a>. W swoim emocjonalnym wpisie, aktor negatywnie podsumowa\u0142 7-letni\u0105 dzia\u0142alno\u015b\u0107 by\u0142ego prezesa Polskiej Telewizji, a fani poparli stanowisko aktora.<\/span><\/p>\n<p><a href=\"https:\/\/www.facebook.com\/MaciekStuhr\/posts\/pfbid0D3Y2PGbbkdsipyJCvLAMCsfwhmr14q7xjUisVMbuDSetLY7E35sGx7RB8HwvrN3Dl\"><span style=\"font-weight: 400;\">Post<\/span><\/a><span style=\"font-weight: 400;\"> Macieja Stuhra zgromadzi\u0142 ponad 106 tys. reakcji, 8,2 tys. udost\u0119pnie\u0144 i 3,3 tys. komentarzy.\u00a0<\/span><\/p>\n<p><span style=\"font-weight: 400;\">Profil Stuhra sukcesywnie awansuje w naszych rankingach. <\/span><a href=\"https:\/\/www.sotrender.com\/blog\/pl\/2022\/09\/facebook-trends-sierpien-2022-nieoczekiwane-spotkania\/\"><span style=\"font-weight: 400;\">W zesz\u0142ym miesi\u0105cu<\/span><\/a><span style=\"font-weight: 400;\"> znacz\u0105co poprawi\u0142 pozycj\u0119 m. in. w kategorii Kultura i sztuka, w rankingu zaanga\u017cowania. W tym miesi\u0105cu profil aktora awansowa\u0142 w kategorii <a href=\"https:\/\/www.sotrender.com\/trends\/facebook\/poland\/202209\/osoby\">Osoby<\/a> a\u017c o 29 pozycji, i znalaz\u0142 si\u0119 na 12. miejscu w rankingu zaanga\u017cowanych u\u017cytkownik\u00f3w.<\/span><\/p>\n<div id=\"attachment_46413\" style=\"width: 808px\" class=\"wp-caption aligncenter\"><img loading=\"lazy\" decoding=\"async\" aria-describedby=\"caption-attachment-46413\" class=\"wp-image-46413\" src=\"https:\/\/www.sotrender.com\/blog\/wp-content\/uploads\/2022\/10\/Osoby_zaangaz\u0307owanie.png\" alt=\"Osoby, Zaanga\u017cowanie\" width=\"798\" height=\"216\" srcset=\"https:\/\/www.sotrender.com\/blog\/wp-content\/uploads\/2022\/10\/Osoby_zaangaz\u0307owanie.png 1996w, https:\/\/www.sotrender.com\/blog\/wp-content\/uploads\/2022\/10\/Osoby_zaangaz\u0307owanie-475x129.png 475w, https:\/\/www.sotrender.com\/blog\/wp-content\/uploads\/2022\/10\/Osoby_zaangaz\u0307owanie-768x208.png 768w\" sizes=\"(max-width: 798px) 100vw, 798px\" \/><p id=\"caption-attachment-46413\" class=\"wp-caption-text\">Profile o najwi\u0119kszym zaanga\u017cowaniu u\u017cytkownik\u00f3w, Osoby | Facebook, wrzesie\u0144 2022<\/p><\/div>\n<h2><b>Programowanie dla dziewczynek<\/b><\/h2>\n<p><span style=\"font-weight: 400;\">W ostatnim miesi\u0105cu agencja <a href=\"https:\/\/www.facebook.com\/grupamonday\">Monday Group<\/a> wypu\u015bci\u0142a kilka ciekawych kampanii. To mi\u0119dzy innymi kampania ,,Nie wiem\u201d z Krzysztofem Zalewskim, a niedawno &#8211; ,,Intel Aktualizuje Bajki\u201d. Bo kto powiedzia\u0142, \u017ce Kopciuszek nie mo\u017ce kodowa\u0107? \ud83d\ude09<\/span><\/p>\n<p><span style=\"font-weight: 400;\">Kampania walczy ze stereotypem, wed\u0142ug kt\u00f3rego niekt\u00f3re zaj\u0119cia nie s\u0105 dla dziewczynek &#8211; takie, jak na przyk\u0142ad kodowanie czy programowanie. W ramach kampanii zaktualizowano 3 bajki &#8211; powsta\u0142y nowe ilustrowane ksi\u0105\u017ceczki dla dzieci, audiobook i ebook.<\/span><\/p>\n<p style=\"text-align: center;\"><iframe loading=\"lazy\" style=\"border: none; overflow: hidden;\" src=\"https:\/\/www.facebook.com\/plugins\/post.php?href=https%3A%2F%2Fwww.facebook.com%2Fgrupamonday%2Fposts%2Fpfbid028QYqde9RuapasgAeeJA7RX2yMzeNn1SWPti9DK5vUUgkcoNxa13CQh8tEksNBNiDl&amp;show_text=true&amp;width=500\" width=\"500\" height=\"751\" frameborder=\"0\" scrolling=\"no\" allowfullscreen=\"allowfullscreen\"><\/iframe><\/p>\n<p><span style=\"font-weight: 400;\">We wrze\u015bniu, profil Monday Group awansowa\u0142 o 19 miejsc w rankingu zaanga\u017cowania, w kategorii <a href=\"https:\/\/www.sotrender.com\/trends\/facebook\/poland\/202209\/agencje_interaktywne_PR\">Agencje interaktywne i PR<\/a>, i znalaz\u0142 si\u0119 na 5. miejscu.\u00a0<\/span><\/p>\n<div id=\"attachment_46415\" style=\"width: 810px\" class=\"wp-caption aligncenter\"><img loading=\"lazy\" decoding=\"async\" aria-describedby=\"caption-attachment-46415\" class=\"wp-image-46415\" src=\"https:\/\/www.sotrender.com\/blog\/wp-content\/uploads\/2022\/10\/Agencje-interaktywne_zaangaz\u0307owanie.png\" alt=\"Agencje interaktywne i PR, Zaanga\u017cowanie\" width=\"800\" height=\"283\" srcset=\"https:\/\/www.sotrender.com\/blog\/wp-content\/uploads\/2022\/10\/Agencje-interaktywne_zaangaz\u0307owanie.png 1999w, https:\/\/www.sotrender.com\/blog\/wp-content\/uploads\/2022\/10\/Agencje-interaktywne_zaangaz\u0307owanie-475x168.png 475w, https:\/\/www.sotrender.com\/blog\/wp-content\/uploads\/2022\/10\/Agencje-interaktywne_zaangaz\u0307owanie-768x271.png 768w\" sizes=\"(max-width: 800px) 100vw, 800px\" \/><p id=\"caption-attachment-46415\" class=\"wp-caption-text\">Profile o najwi\u0119kszym zaanga\u017cowaniu u\u017cytkownik\u00f3w, Agencje interaktywne i PR | Facebook, wrzesie\u0144 2022<\/p><\/div>\n<h2><b>Czwarty album Dawida Podsiad\u0142o<\/b><\/h2>\n<p><span style=\"font-weight: 400;\">Pod koniec wrze\u015bnia, <a href=\"https:\/\/www.facebook.com\/podsiadlo.dawid\">Podsiad\u0142o<\/a> zapowiedzia\u0142 wydanie czwartej p\u0142yty. Przy okazji, nawi\u0105za\u0142 do nowej polskiej produkcji &#8211; filmu Johnny, kt\u00f3ry nie tak dawno mia\u0142 swoj\u0105 premier\u0119. Podsiad\u0142o by\u0142 nie tylko jego koproducentem, ale te\u017c wsp\u00f3\u0142tw\u00f3rc\u0105 \u015bcie\u017cki d\u017awi\u0119kowej.<\/span><\/p>\n<p><a href=\"https:\/\/www.facebook.com\/photo?fbid=634276311399922&amp;set=a.238097147684509\"><span style=\"font-weight: 400;\">Post<\/span><\/a><span style=\"font-weight: 400;\">\u00a0piosenkarza zdoby\u0142 a\u017c 14 tys. reakcji, 515 komentarzy i 242 udost\u0119pnienia. Profil artysty awansowa\u0142 we wrze\u015bniu o 88 miejsc w kategorii <a href=\"https:\/\/www.sotrender.com\/trends\/facebook\/poland\/202209\/kultura\/muzyka\">Muzyka<\/a>, w rankingu aktywnych u\u017cytkownik\u00f3w, i znalaz\u0142 si\u0119 dzi\u0119ki temu tu\u017c za pierwsz\u0105 dziesi\u0105tk\u0105.\u00a0<\/span><\/p>\n<div id=\"attachment_46417\" style=\"width: 809px\" class=\"wp-caption aligncenter\"><img loading=\"lazy\" decoding=\"async\" aria-describedby=\"caption-attachment-46417\" class=\"wp-image-46417\" src=\"https:\/\/www.sotrender.com\/blog\/wp-content\/uploads\/2022\/10\/Muzyka_aktywni-uz\u0307ytkownicy.png\" alt=\"Muzyka, Aktywni u\u017cytkownicy\" width=\"799\" height=\"245\" srcset=\"https:\/\/www.sotrender.com\/blog\/wp-content\/uploads\/2022\/10\/Muzyka_aktywni-uz\u0307ytkownicy.png 1999w, https:\/\/www.sotrender.com\/blog\/wp-content\/uploads\/2022\/10\/Muzyka_aktywni-uz\u0307ytkownicy-475x146.png 475w, https:\/\/www.sotrender.com\/blog\/wp-content\/uploads\/2022\/10\/Muzyka_aktywni-uz\u0307ytkownicy-768x236.png 768w\" sizes=\"(max-width: 799px) 100vw, 799px\" \/><p id=\"caption-attachment-46417\" class=\"wp-caption-text\">Profile o najwi\u0119kszej aktywno\u015bci u\u017cytkownik\u00f3w, Muzyka | Facebook, wrzesie\u0144 2022<\/p><\/div>\n<p><span style=\"font-weight: 400;\">We wrze\u015bniu to ju\u017c wszystko, a my zach\u0119camy do pobrania ca\u0142ego raportu <\/span><a href=\"https:\/\/www.sotrender.com\/trends\/facebook\/poland\/202209\"><span style=\"font-weight: 400;\">Facebook Trends &#8211; wrzesie\u0144 2022<\/span><\/a><span style=\"font-weight: 400;\">.<\/span><\/p>\n","protected":false},"excerpt":{"rendered":"<p>We wrze\u015bniu wracali\u015bmy z urlop\u00f3w, adaptowali\u015bmy si\u0119 do zmiennej aury i przygotowywali\u015bmy na nadej\u015bcie jesieni. Facebook wype\u0142ni\u0142 si\u0119 memami o powrocie do szko\u0142y i t\u0119sknymi wspomnieniami ciep\u0142ych wakacji. Ale poza nimi, pojawi\u0142o si\u0119 te\u017c kilka wiod\u0105cych temat\u00f3w, kt\u00f3re na d\u0142u\u017cej przyci\u0105gn\u0119\u0142y nasz\u0105 uwag\u0119. Przedstawiamy najnowsze podsumowanie Facebook Trends &#8211; wrzesie\u0144 2022 i najwa\u017cniejsze zmiany w [&hellip;]<\/p>\n","protected":false},"author":211,"featured_media":46479,"comment_status":"open","ping_status":"open","sticky":false,"template":"","format":"standard","meta":{"inline_featured_image":false,"footnotes":""},"categories":[1,1791,1797,2125,2275],"tags":[2307],"yoast_head":"<!-- This site is optimized with the Yoast SEO plugin v22.4 - https:\/\/yoast.com\/wordpress\/plugins\/seo\/ -->\n<title>Facebook Trends wrzesie\u0144 2022 - niespodziewane odej\u015bcia<\/title>\n<meta name=\"description\" content=\"We wrze\u015bniu, znacznie awansowa\u0142 m. in. profil Dzie\u0144 Dobry TVN oraz Eurosport. Sprawd\u017a, co jeszcze zmieni\u0142o si\u0119 we wrze\u015bniowych rankingach.\" \/>\n<meta name=\"robots\" content=\"index, follow, max-snippet:-1, max-image-preview:large, max-video-preview:-1\" \/>\n<link rel=\"canonical\" href=\"https:\/\/www.sotrender.com\/blog\/pl\/2022\/10\/facebook-trends-wrzesien-2022-niespodziewane-odejscia\/\" \/>\n<meta property=\"og:locale\" content=\"pl_PL\" \/>\n<meta property=\"og:type\" content=\"article\" \/>\n<meta property=\"og:title\" content=\"Facebook Trends wrzesie\u0144 2022 - niespodziewane odej\u015bcia\" \/>\n<meta property=\"og:description\" content=\"We wrze\u015bniu, znacznie awansowa\u0142 m. in. profil Dzie\u0144 Dobry TVN oraz Eurosport. Sprawd\u017a, co jeszcze zmieni\u0142o si\u0119 we wrze\u015bniowych rankingach.\" \/>\n<meta property=\"og:url\" content=\"https:\/\/www.sotrender.com\/blog\/pl\/2022\/10\/facebook-trends-wrzesien-2022-niespodziewane-odejscia\/\" \/>\n<meta property=\"og:site_name\" content=\"Sotrender Blog\" \/>\n<meta property=\"article:publisher\" content=\"https:\/\/www.facebook.com\/Sotrender\" \/>\n<meta property=\"article:published_time\" content=\"2022-10-10T09:39:08+00:00\" \/>\n<meta property=\"article:modified_time\" content=\"2022-10-11T06:27:37+00:00\" \/>\n<meta property=\"og:image\" content=\"https:\/\/www.sotrender.com\/blog\/wp-content\/uploads\/2022\/10\/Trends_wrzesien\u0301-2022-1.jpg\" \/>\n\t<meta property=\"og:image:width\" content=\"2200\" \/>\n\t<meta property=\"og:image:height\" content=\"1467\" \/>\n\t<meta property=\"og:image:type\" content=\"image\/jpeg\" \/>\n<meta name=\"author\" content=\"Marta Bongilaj\" \/>\n<meta name=\"twitter:card\" content=\"summary_large_image\" \/>\n<meta name=\"twitter:creator\" content=\"@Sotrender\" \/>\n<meta name=\"twitter:site\" content=\"@Sotrender\" \/>\n<meta name=\"twitter:label1\" content=\"Written by\" \/>\n\t<meta name=\"twitter:data1\" content=\"Marta Bongilaj\" \/>\n\t<meta name=\"twitter:label2\" content=\"Est. reading time\" \/>\n\t<meta name=\"twitter:data2\" content=\"4 minutes\" \/>\n<script type=\"application\/ld+json\" class=\"yoast-schema-graph\">{\"@context\":\"https:\/\/schema.org\",\"@graph\":[{\"@type\":\"WebPage\",\"@id\":\"https:\/\/www.sotrender.com\/blog\/pl\/2022\/10\/facebook-trends-wrzesien-2022-niespodziewane-odejscia\/\",\"url\":\"https:\/\/www.sotrender.com\/blog\/pl\/2022\/10\/facebook-trends-wrzesien-2022-niespodziewane-odejscia\/\",\"name\":\"Facebook Trends wrzesie\u0144 2022 - niespodziewane odej\u015bcia\",\"isPartOf\":{\"@id\":\"https:\/\/www.sotrender.com\/blog\/#website\"},\"primaryImageOfPage\":{\"@id\":\"https:\/\/www.sotrender.com\/blog\/pl\/2022\/10\/facebook-trends-wrzesien-2022-niespodziewane-odejscia\/#primaryimage\"},\"image\":{\"@id\":\"https:\/\/www.sotrender.com\/blog\/pl\/2022\/10\/facebook-trends-wrzesien-2022-niespodziewane-odejscia\/#primaryimage\"},\"thumbnailUrl\":\"https:\/\/www.sotrender.com\/blog\/wp-content\/uploads\/2022\/10\/Trends_wrzesien\u0301-2022-1.jpg\",\"datePublished\":\"2022-10-10T09:39:08+00:00\",\"dateModified\":\"2022-10-11T06:27:37+00:00\",\"author\":{\"@id\":\"https:\/\/www.sotrender.com\/blog\/#\/schema\/person\/7ef66e02c50604f5f3f1affc225398a5\"},\"description\":\"We wrze\u015bniu, znacznie awansowa\u0142 m. in. profil Dzie\u0144 Dobry TVN oraz Eurosport. Sprawd\u017a, co jeszcze zmieni\u0142o si\u0119 we wrze\u015bniowych rankingach.\",\"breadcrumb\":{\"@id\":\"https:\/\/www.sotrender.com\/blog\/pl\/2022\/10\/facebook-trends-wrzesien-2022-niespodziewane-odejscia\/#breadcrumb\"},\"inLanguage\":\"pl-PL\",\"potentialAction\":[{\"@type\":\"ReadAction\",\"target\":[\"https:\/\/www.sotrender.com\/blog\/pl\/2022\/10\/facebook-trends-wrzesien-2022-niespodziewane-odejscia\/\"]}]},{\"@type\":\"ImageObject\",\"inLanguage\":\"pl-PL\",\"@id\":\"https:\/\/www.sotrender.com\/blog\/pl\/2022\/10\/facebook-trends-wrzesien-2022-niespodziewane-odejscia\/#primaryimage\",\"url\":\"https:\/\/www.sotrender.com\/blog\/wp-content\/uploads\/2022\/10\/Trends_wrzesien\u0301-2022-1.jpg\",\"contentUrl\":\"https:\/\/www.sotrender.com\/blog\/wp-content\/uploads\/2022\/10\/Trends_wrzesien\u0301-2022-1.jpg\",\"width\":2200,\"height\":1467},{\"@type\":\"BreadcrumbList\",\"@id\":\"https:\/\/www.sotrender.com\/blog\/pl\/2022\/10\/facebook-trends-wrzesien-2022-niespodziewane-odejscia\/#breadcrumb\",\"itemListElement\":[{\"@type\":\"ListItem\",\"position\":1,\"name\":\"Home\",\"item\":\"https:\/\/www.sotrender.com\/blog\/\"},{\"@type\":\"ListItem\",\"position\":2,\"name\":\"Facebook Trends wrzesie\u0144 2022 &#8211; niespodziewane odej\u015bcia\"}]},{\"@type\":\"WebSite\",\"@id\":\"https:\/\/www.sotrender.com\/blog\/#website\",\"url\":\"https:\/\/www.sotrender.com\/blog\/\",\"name\":\"Sotrender Blog\",\"description\":\"\",\"potentialAction\":[{\"@type\":\"SearchAction\",\"target\":{\"@type\":\"EntryPoint\",\"urlTemplate\":\"https:\/\/www.sotrender.com\/blog\/?s={search_term_string}\"},\"query-input\":\"required name=search_term_string\"}],\"inLanguage\":\"pl-PL\"},{\"@type\":\"Person\",\"@id\":\"https:\/\/www.sotrender.com\/blog\/#\/schema\/person\/7ef66e02c50604f5f3f1affc225398a5\",\"name\":\"Marta Bongilaj\",\"image\":{\"@type\":\"ImageObject\",\"inLanguage\":\"pl-PL\",\"@id\":\"https:\/\/www.sotrender.com\/blog\/#\/schema\/person\/image\/\",\"url\":\"https:\/\/secure.gravatar.com\/avatar\/0799dc0381a0207d8370bd44a9c21665?s=96&d=mm&r=g\",\"contentUrl\":\"https:\/\/secure.gravatar.com\/avatar\/0799dc0381a0207d8370bd44a9c21665?s=96&d=mm&r=g\",\"caption\":\"Marta Bongilaj\"},\"description\":\"Content marketer developing her passion for writing from her youngest years. Loves playing with words. Beyond that, a real dog enthusiast and a happy owner of one.\",\"url\":\"https:\/\/www.sotrender.com\/blog\/pl\/author\/marta_bongilaj\/\"}]}<\/script>\n<!-- \/ Yoast SEO plugin. -->","yoast_head_json":{"title":"Facebook Trends wrzesie\u0144 2022 - niespodziewane odej\u015bcia","description":"We wrze\u015bniu, znacznie awansowa\u0142 m. in. profil Dzie\u0144 Dobry TVN oraz Eurosport. Sprawd\u017a, co jeszcze zmieni\u0142o si\u0119 we wrze\u015bniowych rankingach.","robots":{"index":"index","follow":"follow","max-snippet":"max-snippet:-1","max-image-preview":"max-image-preview:large","max-video-preview":"max-video-preview:-1"},"canonical":"https:\/\/www.sotrender.com\/blog\/pl\/2022\/10\/facebook-trends-wrzesien-2022-niespodziewane-odejscia\/","og_locale":"pl_PL","og_type":"article","og_title":"Facebook Trends wrzesie\u0144 2022 - niespodziewane odej\u015bcia","og_description":"We wrze\u015bniu, znacznie awansowa\u0142 m. in. profil Dzie\u0144 Dobry TVN oraz Eurosport. Sprawd\u017a, co jeszcze zmieni\u0142o si\u0119 we wrze\u015bniowych rankingach.","og_url":"https:\/\/www.sotrender.com\/blog\/pl\/2022\/10\/facebook-trends-wrzesien-2022-niespodziewane-odejscia\/","og_site_name":"Sotrender Blog","article_publisher":"https:\/\/www.facebook.com\/Sotrender","article_published_time":"2022-10-10T09:39:08+00:00","article_modified_time":"2022-10-11T06:27:37+00:00","og_image":[{"width":2200,"height":1467,"url":"https:\/\/www.sotrender.com\/blog\/wp-content\/uploads\/2022\/10\/Trends_wrzesien\u0301-2022-1.jpg","type":"image\/jpeg"}],"author":"Marta Bongilaj","twitter_card":"summary_large_image","twitter_creator":"@Sotrender","twitter_site":"@Sotrender","twitter_misc":{"Written by":"Marta Bongilaj","Est. reading time":"4 minutes"},"schema":{"@context":"https:\/\/schema.org","@graph":[{"@type":"WebPage","@id":"https:\/\/www.sotrender.com\/blog\/pl\/2022\/10\/facebook-trends-wrzesien-2022-niespodziewane-odejscia\/","url":"https:\/\/www.sotrender.com\/blog\/pl\/2022\/10\/facebook-trends-wrzesien-2022-niespodziewane-odejscia\/","name":"Facebook Trends wrzesie\u0144 2022 - niespodziewane odej\u015bcia","isPartOf":{"@id":"https:\/\/www.sotrender.com\/blog\/#website"},"primaryImageOfPage":{"@id":"https:\/\/www.sotrender.com\/blog\/pl\/2022\/10\/facebook-trends-wrzesien-2022-niespodziewane-odejscia\/#primaryimage"},"image":{"@id":"https:\/\/www.sotrender.com\/blog\/pl\/2022\/10\/facebook-trends-wrzesien-2022-niespodziewane-odejscia\/#primaryimage"},"thumbnailUrl":"https:\/\/www.sotrender.com\/blog\/wp-content\/uploads\/2022\/10\/Trends_wrzesien\u0301-2022-1.jpg","datePublished":"2022-10-10T09:39:08+00:00","dateModified":"2022-10-11T06:27:37+00:00","author":{"@id":"https:\/\/www.sotrender.com\/blog\/#\/schema\/person\/7ef66e02c50604f5f3f1affc225398a5"},"description":"We wrze\u015bniu, znacznie awansowa\u0142 m. in. profil Dzie\u0144 Dobry TVN oraz Eurosport. Sprawd\u017a, co jeszcze zmieni\u0142o si\u0119 we wrze\u015bniowych rankingach.","breadcrumb":{"@id":"https:\/\/www.sotrender.com\/blog\/pl\/2022\/10\/facebook-trends-wrzesien-2022-niespodziewane-odejscia\/#breadcrumb"},"inLanguage":"pl-PL","potentialAction":[{"@type":"ReadAction","target":["https:\/\/www.sotrender.com\/blog\/pl\/2022\/10\/facebook-trends-wrzesien-2022-niespodziewane-odejscia\/"]}]},{"@type":"ImageObject","inLanguage":"pl-PL","@id":"https:\/\/www.sotrender.com\/blog\/pl\/2022\/10\/facebook-trends-wrzesien-2022-niespodziewane-odejscia\/#primaryimage","url":"https:\/\/www.sotrender.com\/blog\/wp-content\/uploads\/2022\/10\/Trends_wrzesien\u0301-2022-1.jpg","contentUrl":"https:\/\/www.sotrender.com\/blog\/wp-content\/uploads\/2022\/10\/Trends_wrzesien\u0301-2022-1.jpg","width":2200,"height":1467},{"@type":"BreadcrumbList","@id":"https:\/\/www.sotrender.com\/blog\/pl\/2022\/10\/facebook-trends-wrzesien-2022-niespodziewane-odejscia\/#breadcrumb","itemListElement":[{"@type":"ListItem","position":1,"name":"Home","item":"https:\/\/www.sotrender.com\/blog\/"},{"@type":"ListItem","position":2,"name":"Facebook Trends wrzesie\u0144 2022 &#8211; niespodziewane odej\u015bcia"}]},{"@type":"WebSite","@id":"https:\/\/www.sotrender.com\/blog\/#website","url":"https:\/\/www.sotrender.com\/blog\/","name":"Sotrender Blog","description":"","potentialAction":[{"@type":"SearchAction","target":{"@type":"EntryPoint","urlTemplate":"https:\/\/www.sotrender.com\/blog\/?s={search_term_string}"},"query-input":"required name=search_term_string"}],"inLanguage":"pl-PL"},{"@type":"Person","@id":"https:\/\/www.sotrender.com\/blog\/#\/schema\/person\/7ef66e02c50604f5f3f1affc225398a5","name":"Marta Bongilaj","image":{"@type":"ImageObject","inLanguage":"pl-PL","@id":"https:\/\/www.sotrender.com\/blog\/#\/schema\/person\/image\/","url":"https:\/\/secure.gravatar.com\/avatar\/0799dc0381a0207d8370bd44a9c21665?s=96&d=mm&r=g","contentUrl":"https:\/\/secure.gravatar.com\/avatar\/0799dc0381a0207d8370bd44a9c21665?s=96&d=mm&r=g","caption":"Marta Bongilaj"},"description":"Content marketer developing her passion for writing from her youngest years. Loves playing with words. Beyond that, a real dog enthusiast and a happy owner of one.","url":"https:\/\/www.sotrender.com\/blog\/pl\/author\/marta_bongilaj\/"}]}},"_links":{"self":[{"href":"https:\/\/www.sotrender.com\/blog\/pl\/wp-json\/wp\/v2\/posts\/46399"}],"collection":[{"href":"https:\/\/www.sotrender.com\/blog\/pl\/wp-json\/wp\/v2\/posts"}],"about":[{"href":"https:\/\/www.sotrender.com\/blog\/pl\/wp-json\/wp\/v2\/types\/post"}],"author":[{"embeddable":true,"href":"https:\/\/www.sotrender.com\/blog\/pl\/wp-json\/wp\/v2\/users\/211"}],"replies":[{"embeddable":true,"href":"https:\/\/www.sotrender.com\/blog\/pl\/wp-json\/wp\/v2\/comments?post=46399"}],"version-history":[{"count":14,"href":"https:\/\/www.sotrender.com\/blog\/pl\/wp-json\/wp\/v2\/posts\/46399\/revisions"}],"predecessor-version":[{"id":46477,"href":"https:\/\/www.sotrender.com\/blog\/pl\/wp-json\/wp\/v2\/posts\/46399\/revisions\/46477"}],"wp:featuredmedia":[{"embeddable":true,"href":"https:\/\/www.sotrender.com\/blog\/pl\/wp-json\/wp\/v2\/media\/46479"}],"wp:attachment":[{"href":"https:\/\/www.sotrender.com\/blog\/pl\/wp-json\/wp\/v2\/media?parent=46399"}],"wp:term":[{"taxonomy":"category","embeddable":true,"href":"https:\/\/www.sotrender.com\/blog\/pl\/wp-json\/wp\/v2\/categories?post=46399"},{"taxonomy":"post_tag","embeddable":true,"href":"https:\/\/www.sotrender.com\/blog\/pl\/wp-json\/wp\/v2\/tags?post=46399"}],"curies":[{"name":"wp","href":"https:\/\/api.w.org\/{rel}","templated":true}]}}