{"id":46229,"date":"2022-09-22T10:32:27","date_gmt":"2022-09-22T08:32:27","guid":{"rendered":"https:\/\/www.sotrender.com\/blog\/?p=46229\/"},"modified":"2022-09-22T13:04:08","modified_gmt":"2022-09-22T11:04:08","slug":"analiza-sentymentu-komentarzy-2022","status":"publish","type":"post","link":"https:\/\/www.sotrender.com\/blog\/pl\/2022\/09\/analiza-sentymentu-komentarzy-2022\/","title":{"rendered":"Tylko 24% komentarzy reklamowych na Facebooku z pozytywnym odbiorem [Analiza]"},"content":{"rendered":"<p><span style=\"font-weight: 400;\">Firmy z roku na rok <\/span><a href=\"https:\/\/www.iab.org.pl\/baza-wiedzy\/iab-polska-pwc-adex-2021fy-wzrost-reklamy-online-w-roku-2021-o-jedna-piata\/\"><span style=\"font-weight: 400;\">coraz wi\u0119cej inwestuj\u0105 w dzia\u0142ania reklamowe<\/span><\/a><span style=\"font-weight: 400;\"> w mediach spo\u0142eczno\u015bciowych, oczekuj\u0105c wymiernych rezultat\u00f3w. Jednak, mimo dobrych intencji, komunikaty reklamowe nie zawsze odbierane s\u0105 pozytywnie.<\/span><\/p>\n<p><span style=\"font-weight: 400;\">Nasz zesp\u00f3\u0142 przeanalizowa\u0142 ponad 500 000 komentarzy reklamowych pod k\u0105tem ich sentymentu, dla reklam na Facebooku targetowanych na Polsk\u0119. Analizowane komentarze reklamowe dotyczy\u0142y okresu od 1 stycznia do 31 lipca 2022 roku.<\/span><\/p>\n<p><span style=\"font-weight: 400;\">A\u017c 40% komentarzy by\u0142o nacechowanych w pozytywny lub negatywny spos\u00f3b. Mo\u017cna wi\u0119c wysnu\u0107 prosty wniosek: tre\u015bci reklamowe maj\u0105 wp\u0142yw nie tylko na wyniki sprzeda\u017cowe, ale tak\u017ce mog\u0105 znacz\u0105co wp\u0142ywa\u0107 na wizerunek marki i jej odbi\u00f3r przez u\u017cytkownik\u00f3w, zw\u0142aszcza w d\u0142u\u017cszej perspektywie czasu.<\/span><\/p>\n<p><b>Z naszej analizy dowiesz si\u0119:<\/b><\/p>\n<ul>\n<li style=\"font-weight: 400;\" aria-level=\"1\"><span style=\"font-weight: 400;\">reklamy z kt\u00f3rych bran\u017c by\u0142y <\/span><b>najlepiej i najgorzej odbierane<\/b><span style=\"font-weight: 400;\">,<\/span><\/li>\n<li style=\"font-weight: 400;\" aria-level=\"1\"><span style=\"font-weight: 400;\">jakie reklamy by\u0142y <\/span><b>najch\u0119tniej i najmniej ch\u0119tnie komentowane<\/b><span style=\"font-weight: 400;\">,<\/span><\/li>\n<li style=\"font-weight: 400;\" aria-level=\"1\"><span style=\"font-weight: 400;\">jaki sentyment komentarzy mia\u0142y reklamy z okre\u015blonych kategorii &#8211; <\/span><b>ile z nich by\u0142o neutralnych, pozytywnych b\u0105d\u017a negatywnych<\/b><span style=\"font-weight: 400;\">.\u00a0<\/span><\/li>\n<\/ul>\n<h2><b>Najwa\u017cniejsze wnioski z analizy:<\/b><\/h2>\n<ol>\n<li class=\"WPT7ge\"><b>Tylko 24% wszystkich komentarzy reklamowych na Facebooku mia\u0142o wyd\u017awi\u0119k pozytywny, a 16% negatywny. <\/b>Pozosta\u0142e 60% komentarzy charakteryzowa\u0142o si\u0119 neutralnym sentymentem.<\/li>\n<li style=\"font-weight: 400;\" aria-level=\"1\"><b>Najwi\u0119cej pozytywnych komentarzy zgromadzi\u0142y reklamy z kategorii Ubrania i akcesoria oraz Zwierz\u0119ta. <\/b><span style=\"font-weight: 400;\">Co ciekawe, trzeci\u0105 kategori\u0105, w kt\u00f3rej pojawi\u0142o si\u0119 najwi\u0119cej pozytywnych komentarzy, by\u0142 Marketing. Pozytywne komentarze stanowi\u0142y tutaj 39% wszystkich komentarzy (a negatywne jedynie 12%). Marketerzy, robimy to dobrze! \ud83d\ude09\u00a0<\/span><\/li>\n<li style=\"font-weight: 400;\" aria-level=\"1\"><span style=\"font-weight: 400;\">Najwi\u0119cej negatywnych komentarzy pojawi\u0142o si\u0119 pod reklamami publikowanymi przez Organizacje publiczne.<\/span><\/li>\n<li style=\"font-weight: 400;\" aria-level=\"1\"><b>Najcz\u0119\u015bciej komentowane by\u0142y reklamy z kategorii Technologia i elektronika.<\/b><span style=\"font-weight: 400;\"> Najrzadziej komentowano reklamy z kategorii Nieruchomo\u015bci.\u00a0<\/span><\/li>\n<\/ol>\n<h2><b>24% komentarzy o pozytywnym sentymencie<\/b><\/h2>\n<p><span style=\"font-weight: 400;\">Po\u015br\u00f3d wszystkich przeanalizowanych komentarzy reklamowych, 24% mia\u0142o sentyment pozytywny. To prawie 127 tysi\u0119cy komentarzy. <\/span><b>Komentarzy o negatywnym sentymencie by\u0142o 82 662, i stanowi\u0142y one 16% ca\u0142o\u015bci. <\/b><span style=\"font-weight: 400;\">Najwi\u0119cej by\u0142o komentarzy neutralnych &#8211; a\u017c 60%. Czy to oznacza, \u017ce przyzwyczaili\u015bmy si\u0119 ju\u017c do ogromnej liczby komunikat\u00f3w reklamowych na Facebooku i uwa\u017camy je za integraln\u0105 cz\u0119\u015b\u0107 social medi\u00f3w?\u00a0<\/span><\/p>\n<p><img loading=\"lazy\" decoding=\"async\" class=\"wp-image-46231 aligncenter\" src=\"https:\/\/www.sotrender.com\/blog\/wp-content\/uploads\/2022\/09\/sentyment-komentarzy-w-kategoriach.png\" alt=\"sentyment komentarzy reklamowych - podzia\u0142\" width=\"800\" height=\"400\" srcset=\"https:\/\/www.sotrender.com\/blog\/wp-content\/uploads\/2022\/09\/sentyment-komentarzy-w-kategoriach.png 1999w, https:\/\/www.sotrender.com\/blog\/wp-content\/uploads\/2022\/09\/sentyment-komentarzy-w-kategoriach-475x238.png 475w, https:\/\/www.sotrender.com\/blog\/wp-content\/uploads\/2022\/09\/sentyment-komentarzy-w-kategoriach-768x384.png 768w\" sizes=\"(max-width: 800px) 100vw, 800px\" \/><\/p>\n<p><span style=\"font-weight: 400;\">Kt\u00f3re kategorie cieszy\u0142y si\u0119 najwi\u0119ksz\u0105 liczb\u0105 pozytywnych, a kt\u00f3re negatywnych komentarzy?\u00a0<\/span><\/p>\n<p><b>Najwi\u0119cej pozytywnych komentarzy, 42%, pojawi\u0142o si\u0119 pod reklamami z kategorii Ubrania i akcesoria<\/b><span style=\"font-weight: 400;\">. Poniewa\u017c ich celem jest zach\u0119cenie odbiorc\u00f3w do zakupu, tego typu kreacje reklamowe przygotowywane s\u0105 zazwyczaj w taki spos\u00f3b, by zach\u0119ca\u0107 ani\u017celi wzbudza\u0107 kontrowersje.\u00a0<\/span><\/p>\n<p><img loading=\"lazy\" decoding=\"async\" class=\"wp-image-46233 aligncenter\" src=\"https:\/\/www.sotrender.com\/blog\/wp-content\/uploads\/2022\/09\/rozk\u0142ad-sentymentu-komentarzy.png\" alt=\"rozk\u0142ad sentymentu komentarzy\" width=\"801\" height=\"534\" srcset=\"https:\/\/www.sotrender.com\/blog\/wp-content\/uploads\/2022\/09\/rozk\u0142ad-sentymentu-komentarzy.png 1999w, https:\/\/www.sotrender.com\/blog\/wp-content\/uploads\/2022\/09\/rozk\u0142ad-sentymentu-komentarzy-475x317.png 475w, https:\/\/www.sotrender.com\/blog\/wp-content\/uploads\/2022\/09\/rozk\u0142ad-sentymentu-komentarzy-768x512.png 768w\" sizes=\"(max-width: 801px) 100vw, 801px\" \/><\/p>\n<p><span style=\"font-weight: 400;\">Drug\u0105 kategori\u0105 o najwi\u0119kszej liczbie pozytywnych komentarzy by\u0142y Zwierz\u0119ta &#8211; <\/span><b>40% komentarzy w tej kategorii mia\u0142o pozytywny wyd\u017awi\u0119k<\/b><span style=\"font-weight: 400;\">. Zdj\u0119cia, memy czy zabawne filmiki ze zwierz\u0119tami to ten rodzaj tre\u015bci, kt\u00f3ry zawsze wzbudza mn\u00f3stwo pozytywnych emocji.<\/span><\/p>\n<p style=\"text-align: center;\"><iframe loading=\"lazy\" style=\"border: none; overflow: hidden;\" src=\"https:\/\/www.facebook.com\/plugins\/post.php?href=https%3A%2F%2Fwww.facebook.com%2FBritPolska%2Fposts%2Fpfbid0MFgMo5h46ageyqnvBtqX4NCP9Y8tqv9Y5Qeq5q382WzTR24HnGAU3ywnFpngTjnLl&amp;show_text=true&amp;width=500\" width=\"500\" height=\"757\" frameborder=\"0\" scrolling=\"no\" allowfullscreen=\"allowfullscreen\"><\/iframe><\/p>\n<p><b>Z kolei najwi\u0119cej negatywnych komentarzy, 44%, pojawi\u0142o si\u0119 pod reklamami z kategorii Organizacje publiczne<\/b><span style=\"font-weight: 400;\">. Nie powinno by\u0107 to zaskakuj\u0105ce &#8211; w ko\u0144cu zazwyczaj reklamy o charakterze politycznym czy spo\u0142ecznym wywo\u0142uj\u0105 najwi\u0119cej dyskusji i kontrowersji.<\/span><\/p>\n<p><span style=\"font-weight: 400;\">Przyk\u0142adem mo\u017ce by\u0107 <\/span><a href=\"https:\/\/www.facebook.com\/protestujpl\/posts\/pfbid0RFrpCicoyEFBtGPQL2C5whHRgpuGJN5GVPzKQodtmMAZJpuvP5SfgGj89eSxjmPBl\"><span style=\"font-weight: 400;\">reklama Protestuj.pl<\/span><\/a><span style=\"font-weight: 400;\"> m\u00f3wi\u0105ca wprost o trudnej sytuacji gospodarczej w Polsce lub reklama Amnesty International odnosz\u0105ca si\u0119 do \u0142amania praw cz\u0142owieka.<\/span><\/p>\n<p style=\"text-align: center;\"><iframe loading=\"lazy\" style=\"border: none; overflow: hidden;\" src=\"https:\/\/www.facebook.com\/plugins\/post.php?href=https%3A%2F%2Fwww.facebook.com%2Famnestypolska%2Fposts%2Fpfbid0LALXmXwmeDffjT5eCx5AApPguGbVkFuCKiMAAVAFD78RVBiqyMiKt49mmHCGeS2Sl&amp;show_text=true&amp;width=500\" width=\"500\" height=\"731\" frameborder=\"0\" scrolling=\"no\" allowfullscreen=\"allowfullscreen\"><\/iframe><\/p>\n<p><span style=\"font-weight: 400;\">U\u017cytkownicy cz\u0119sto podchodz\u0105 do takich tre\u015bci bardzo emocjonalnie, zw\u0142aszcza, je\u015bli poruszane kwestie dotycz\u0105 ich bezpo\u015brednio.<\/span><\/p>\n<p><b>31% negatywnych komentarzy zgromadzi\u0142y reklamy w kategorii Finanse i us\u0142ugi prawne<\/b><span style=\"font-weight: 400;\">, a 22% &#8211; Media i wiadomo\u015bci. Szczeg\u00f3lnie emocjonuj\u0105ce i kontrowersyjne bywaj\u0105 reklamy z tej drugiej kategorii. Bardzo cz\u0119sto dotycz\u0105 spraw politycznych, gospodarczych i spo\u0142ecznych. Nierzadko, w komentarzach pod takimi postami wywi\u0105zuj\u0105 si\u0119 dyskusje o negatywnym charakterze.<\/span><\/p>\n<p style=\"text-align: left;\"><b>Najwi\u0119cej neutralnych komentarzy (74%) odnotowali\u015bmy w kategorii Technologia i elektronika<\/b><span style=\"font-weight: 400;\">. Jak wida\u0107 na przyk\u0142adzie reklamy Morele, kt\u00f3ra zgromadzi\u0142a bardzo du\u017co komentarzy o wyd\u017awi\u0119ku neutralnym, reklamy pojawiaj\u0105ce si\u0119 w tej kategorii cz\u0119sto mia\u0142y na celu zaanga\u017cowanie u\u017cytkownik\u00f3w w prosty i lekki spos\u00f3b.<\/span><\/p>\n<p style=\"text-align: center;\"><iframe loading=\"lazy\" style=\"border: none; overflow: hidden;\" src=\"https:\/\/www.facebook.com\/plugins\/post.php?href=https%3A%2F%2Fwww.facebook.com%2Fmorele.net%2Fposts%2Fpfbid08cEBo5eZixEsf3LjMksFPbA3w5cFfN6eMCeJbB3PB3BDmhXoY8DDakWcpHUz9CEdl&amp;show_text=true&amp;width=500\" width=\"500\" height=\"474\" frameborder=\"0\" scrolling=\"no\" allowfullscreen=\"allowfullscreen\"><\/iframe><\/p>\n<h2><b>Elektronika z najwi\u0119ksz\u0105 liczb\u0105 komentarzy\u00a0<\/b><\/h2>\n<p><span style=\"font-weight: 400;\">Sprawdzili\u015bmy te\u017c, w kt\u00f3rych kategoriach reklamy zebra\u0142y najwi\u0119ksz\u0105 i najmniejsz\u0105 liczb\u0119 komentarzy, i jak rozk\u0142ada\u0142 si\u0119 sentyment komentarzy reklamowych w tych kategoriach.<\/span><\/p>\n<p><b>Najwi\u0119cej komentarzy (ponad 120 tys.), pojawi\u0142o si\u0119 w odpowiedzi na reklamy z kategorii Technologia i elektronika<\/b><span style=\"font-weight: 400;\">.<\/span><\/p>\n<p><img loading=\"lazy\" decoding=\"async\" class=\"wp-image-46235 aligncenter\" src=\"https:\/\/www.sotrender.com\/blog\/wp-content\/uploads\/2022\/09\/\u0142a\u0328czna-liczba-komentarzy.png\" alt=\"\u0142\u0105czna liczba komentarzy\" width=\"801\" height=\"534\" srcset=\"https:\/\/www.sotrender.com\/blog\/wp-content\/uploads\/2022\/09\/\u0142a\u0328czna-liczba-komentarzy.png 1999w, https:\/\/www.sotrender.com\/blog\/wp-content\/uploads\/2022\/09\/\u0142a\u0328czna-liczba-komentarzy-475x317.png 475w, https:\/\/www.sotrender.com\/blog\/wp-content\/uploads\/2022\/09\/\u0142a\u0328czna-liczba-komentarzy-768x512.png 768w\" sizes=\"(max-width: 801px) 100vw, 801px\" \/><\/p>\n<p><span style=\"font-weight: 400;\">Poni\u017csza reklama morele.net by\u0142a jedn\u0105 z ch\u0119tniej komentowanych reklam w tej kategorii. Jak wida\u0107, bardzo wiele reklam z kategorii Technologia i elektronika skierowanych by\u0142o na budowanie zaanga\u017cowania u\u017cytkownik\u00f3w, co t\u0142umaczy du\u017c\u0105 liczb\u0119 komentarzy.\u00a0<\/span><\/p>\n<p style=\"text-align: center;\"><iframe loading=\"lazy\" style=\"border: none; overflow: hidden;\" src=\"https:\/\/www.facebook.com\/plugins\/post.php?href=https%3A%2F%2Fwww.facebook.com%2Fmorele.net%2Fposts%2Fpfbid04Ctdt8Kae3YE3iNkJi13sEeaMTKhfMcZQeqU7NcdzcHcKsRHXXWHrMZFXenh9wGml&amp;show_text=true&amp;width=500\" width=\"500\" height=\"629\" frameborder=\"0\" scrolling=\"no\" allowfullscreen=\"allowfullscreen\"><\/iframe><\/p>\n<p><span style=\"font-weight: 400;\">Cz\u0119sto komentowanymi reklamami by\u0142y te\u017c tre\u015bci z kategorii Media i Wiadomo\u015bci, jednak zebra\u0142y one oko\u0142o o po\u0142ow\u0119 mniej komentarzy.\u00a0<\/span><\/p>\n<p><span style=\"font-weight: 400;\">Najmniej komentarzy &#8211; poni\u017cej 1 tys. &#8211; mia\u0142y reklamy z kategorii Marketing i Nieruchomo\u015bci.<\/span><\/p>\n<p style=\"text-align: center;\"><iframe loading=\"lazy\" style=\"border: none; overflow: hidden;\" src=\"https:\/\/www.facebook.com\/plugins\/post.php?href=https%3A%2F%2Fwww.facebook.com%2FAwareson.recruitment%2Fposts%2Fpfbid02WigEFSCqjqD46f1AEe4wGPcrjgfzswNxgJvoRY2kLPcP3feNpCAJZmMi4prBr16Ml&amp;show_text=true&amp;width=500\" width=\"500\" height=\"668\" frameborder=\"0\" scrolling=\"no\" allowfullscreen=\"allowfullscreen\"><\/iframe><\/p>\n<p style=\"text-align: center;\"><i><span style=\"font-weight: 400;\">Przyk\u0142ad reklamy z kategorii Marketing<\/span><\/i><\/p>\n<h2><b>Przyk\u0142ady najlepszych reklam z pierwszego p\u00f3\u0142rocza 2022 r.<\/b><\/h2>\n<p><span style=\"font-weight: 400;\">Sprawdzili\u015bmy tak\u017ce, kt\u00f3re kreacje reklamowe zdobywa\u0142y najwi\u0119cej pozytywnych komentarzy, czyli by\u0142y najlepiej odbierane przez u\u017cytkownik\u00f3w Facebooka.<\/span><\/p>\n<p><span style=\"font-weight: 400;\">Oczywi\u015bcie, reklamy te nie otrzymywa\u0142y wy\u0142\u0105cznie pozytywnych komentarzy. Jednocze\u015bnie, stosunek pozytywnych komentarzy do wszystkich komentarzy, jakie zebra\u0142y, by\u0142 wy\u017cszy ni\u017c w przypadku pozosta\u0142ych reklam, kt\u00f3re przeanalizowali\u015bmy.<\/span><\/p>\n<p><b>Nasze zestawienie mo\u017ce okaza\u0107 si\u0119 pomocne, je\u015bli:<\/b><\/p>\n<ul>\n<li style=\"font-weight: 400;\" aria-level=\"1\"><span style=\"font-weight: 400;\">zastanawiasz si\u0119, jakie tre\u015bci tworzy\u0107, by zwi\u0119kszy\u0107 zaanga\u017cowanie na swoim profilu,<\/span><\/li>\n<li style=\"font-weight: 400;\" aria-level=\"1\"><span style=\"font-weight: 400;\">nie masz pomys\u0142u na kreacje reklamowe lub zastanawiasz si\u0119, czy b\u0119d\u0105 dobrze odebrane,<\/span><\/li>\n<li style=\"font-weight: 400;\" aria-level=\"1\"><span style=\"font-weight: 400;\">chcesz dowiedzie\u0107 si\u0119, jakiego rodzaju reklamy spotykaj\u0105 si\u0119 z najlepszym odbiorem i s\u0105 najskuteczniejsze.<\/span><\/li>\n<\/ul>\n<h2><strong>Oryginalny Sok<\/strong><\/h2>\n<p style=\"text-align: center;\"><iframe loading=\"lazy\" style=\"border: none; overflow: hidden;\" src=\"https:\/\/www.facebook.com\/plugins\/post.php?href=https%3A%2F%2Fwww.facebook.com%2Foryginalnysok%2Fposts%2Fpfbid02DRNJmsrMCgdRitXtcZRcpCBY1V3e7qnKGG6sjFfYNDzchXAHHsutesB9U9RHqTdyl&amp;show_text=true&amp;width=500\" width=\"500\" height=\"732\" frameborder=\"0\" scrolling=\"no\" allowfullscreen=\"allowfullscreen\"><\/iframe><\/p>\n<p><span style=\"font-weight: 400;\">Reklamy przedstawiaj\u0105ce osoby, np. pracownik\u00f3w danej firmy, cz\u0119sto wzbudzaj\u0105 pozytywne emocje. S\u0105 szczerze i autentyczne, a odbiorcy ch\u0119tnie poznaj\u0105 osoby, kt\u00f3re stoj\u0105 za lubianym przez nich produktem. To r\u00f3wnie\u017c \u015bwietny spos\u00f3b na nawi\u0105zanie relacji z konsumentami.<\/span><\/p>\n<h2><strong>Sekson<\/strong><\/h2>\n<p style=\"text-align: center;\"><iframe loading=\"lazy\" style=\"border: none; overflow: hidden;\" src=\"https:\/\/www.facebook.com\/plugins\/post.php?href=https%3A%2F%2Fwww.facebook.com%2Fprojektsekson%2Fposts%2Fpfbid01HwsbiW91RNybCasfx8kKP9K1wC2tF9WTiddR1TovexKQoCq6cJxPMyqyp29AnJDl&amp;show_text=true&amp;width=500\" width=\"500\" height=\"693\" frameborder=\"0\" scrolling=\"no\" allowfullscreen=\"allowfullscreen\"><\/iframe><\/p>\n<p><span style=\"font-weight: 400;\">Sekson to projekt realizowany przez Fundacj\u0119 Avalon, kt\u00f3ry porusza temat seksualno\u015bci i rodzicielstwa os\u00f3b niepe\u0142nosprawnych. Reklama wykorzysta\u0142a storytelling, by obali\u0107 stereotyp na temat os\u00f3b niepe\u0142nosprawnych i pokaza\u0107, \u017ce one r\u00f3wnie\u017c mog\u0105 prowadzi\u0107 normalne \u017cycie rodzinne. Pytanie ,,Kogo widzisz?\u201d mia\u0142o sk\u0142ania\u0107 do refleksji i zmiany sposobu my\u015blenia. Reklama spotka\u0142a si\u0119 z mn\u00f3stwem pozytywnych, empatycznych komentarzy.<\/span><\/p>\n<h2><strong>Dooti Donuts<\/strong><\/h2>\n<p style=\"text-align: center;\"><iframe loading=\"lazy\" style=\"border: none; overflow: hidden;\" src=\"https:\/\/www.facebook.com\/plugins\/post.php?href=https%3A%2F%2Fwww.facebook.com%2FDootiDonuts%2Fposts%2Fpfbid0rbBComDeenWUkYR12os57rWFmaHNo2T8NVj6G1x3wzph9C7mN8zXaMn6gbCD1iNhl&amp;show_text=true&amp;width=500\" width=\"500\" height=\"660\" frameborder=\"0\" scrolling=\"no\" allowfullscreen=\"allowfullscreen\"><\/iframe><\/p>\n<p><span style=\"font-weight: 400;\">Konkursy to r\u00f3wnie dobry pomys\u0142 na przyci\u0105gni\u0119cie uwagi i wzbudzenie pozytywnych reakcji. Zw\u0142aszcza, \u017ce ich tematyka jest zazwyczaj lekka i przyjemna. W przypadku produkt\u00f3w spo\u017cywczych, jak np. s\u0142odycze, najlepiej sprawdzaj\u0105 si\u0119 kolorowe, smakowite zdj\u0119cia, kt\u00f3re dobrze si\u0119 kojarz\u0105 i wr\u0119cz zach\u0119caj\u0105 do interakcji. W tym przypadku, du\u017ce znaczenie mia\u0142o te\u017c po\u0142\u0105czenie si\u0142 marki Dooti Donuts ze s\u0142ynn\u0105 Ekip\u0105 Friza.\u00a0<\/span><\/p>\n<p><span style=\"font-weight: 400;\">Inne, pozytywnie odebrane kreacje reklamowe o podobnej tematyce, to m. in. reklama <\/span><a href=\"https:\/\/www.facebook.com\/RussellHobbsPolska\/posts\/pfbid01QHENEdy1hmZJWfnBvdNezosdw4ZqXosb5EhwQyv5QUkkvGx4Vq3TtfRvBLsBRCWl\"><span style=\"font-weight: 400;\">Russell Hobbs Polska<\/span><\/a><span style=\"font-weight: 400;\"> czy <\/span><a href=\"https:\/\/www.facebook.com\/graalpolska\/posts\/pfbid02Ncy7isr5NnbWnqeFT8VxzNjRewitPhZedHDY8cZxaLuuJeJgBCSdWZuRGfuddZBUl\"><span style=\"font-weight: 400;\">Graal<\/span><\/a><span style=\"font-weight: 400;\">.\u00a0\u00a0<\/span><\/p>\n<h2><strong>Bobo Vita<\/strong><\/h2>\n<p style=\"text-align: center;\"><iframe loading=\"lazy\" style=\"border: none; overflow: hidden;\" src=\"https:\/\/www.facebook.com\/plugins\/post.php?href=https%3A%2F%2Fwww.facebook.com%2Fbobovita.nutricia%2Fposts%2Fpfbid07BLYFFod6Ad9Uyj31bpkxNcMnRZkqQ5zSrdCof65RVm8hp6dUqMfPuC4JnBYXvwbl&amp;show_text=true&amp;width=500\" width=\"500\" height=\"793\" frameborder=\"0\" scrolling=\"no\" allowfullscreen=\"allowfullscreen\"><\/iframe><\/p>\n<p><span style=\"font-weight: 400;\">Trudno nie wzbudzi\u0107 pozytywnych emocji oferuj\u0105c bezp\u0142atny produkt lub dodatek &#8211; tym bardziej, je\u015bli dotyczy on diety niemowlaka. Marka BoboVita wykorzysta\u0142a sampling i stworzy\u0142a bezp\u0142atny zestaw z jedzeniem dla niemowl\u0105t oraz poradnikiem dotycz\u0105cym rozszerzania ich diety. W komentarzach pojawi\u0142o si\u0119 mn\u00f3stwo podzi\u0119kowa\u0144 ze strony rodzic\u00f3w i pozytywnych opinii na temat prezentu.<\/span><\/p>\n<h2><strong>ING Polska<\/strong><\/h2>\n<p style=\"text-align: center;\"><iframe loading=\"lazy\" style=\"border: none; overflow: hidden;\" src=\"https:\/\/www.facebook.com\/plugins\/post.php?href=https%3A%2F%2Fwww.facebook.com%2FINGPolska%2Fphotos%2Fa.147932405240208%2F5300584359974961%2F%3Ftype%3D3&amp;show_text=true&amp;width=500\" width=\"500\" height=\"648\" frameborder=\"0\" scrolling=\"no\" allowfullscreen=\"allowfullscreen\"><\/iframe><\/p>\n<p><a href=\"https:\/\/www.sotrender.com\/blog\/pl\/2022\/03\/facebook-trends-luty-2022-aktywizacja-polakow-spadek-liczby-reklam\/\"><span style=\"font-weight: 400;\">Tre\u015bci zwi\u0105zane z niesieniem pomocy<\/span><\/a><span style=\"font-weight: 400;\"> s\u0105 najcz\u0119\u015bciej odbierane w pozytywny spos\u00f3b. Dzia\u0142aj\u0105 r\u00f3wnie\u017c korzystnie na wizerunek firmy lub innego podmiotu &#8211; w tym przypadku <\/span><a href=\"https:\/\/www.sotrender.com\/blog\/pl\/2020\/07\/ranking-bankow-na-polskim-facebooku-analiza\/\"><span style=\"font-weight: 400;\">banku<\/span><\/a><span style=\"font-weight: 400;\">. Bran\u017ca finansowa nie nale\u017cy do naj\u0142atwiejszych marketingowo bran\u017c, dlatego firmy podejmuj\u0105 r\u00f3\u017cnorakie dzia\u0142ania wizerunkowe, kt\u00f3re maj\u0105 na celu ocieplenie ich wizerunku i wywo\u0142anie pozytywnych skojarze\u0144 u odbiorc\u00f3w. Staraj\u0105 si\u0119 r\u00f3wnie\u017c odpowiada\u0107 na potrzeby i warto\u015bci, kt\u00f3re wyznaj\u0105 ich potencjalni klienci.<\/span><\/p>\n<h2><b>Czy istnieje spos\u00f3b na idealn\u0105 reklam\u0119?<\/b><\/h2>\n<p><span style=\"font-weight: 400;\">Mimo nawet najlepszych intencji marek, reklamy w social media cz\u0119sto odbierane s\u0105 w negatywny spos\u00f3b. Nierzadko niepozorne tre\u015bci prowokuj\u0105 dyskusje, kt\u00f3re przeradzaj\u0105 si\u0119 w powa\u017cne kryzysy wizerunkowe. Wiele zale\u017cy od indywidualnych pogl\u0105d\u00f3w i do\u015bwiadcze\u0144 odbiorc\u00f3w, ale tak\u017ce od dobrze przemy\u015blanego komunikatu reklamowego.\u00a0<\/span><\/p>\n<p><span style=\"font-weight: 400;\">Warto na bie\u017c\u0105co monitorowa\u0107 sentyment komentarzy reklamowych. Takie dane nie s\u0105 dost\u0119pne bezpo\u015brednio z poziomu Facebook Ads Managera, jednak teraz \u0142atwo sprawdzisz je w <\/span><a href=\"https:\/\/www.sotrender.com\/blog\/pl\/2021\/10\/sotrender-ads-raporty-z-reklamy-na-facebooku\/\"><span style=\"font-weight: 400;\">Sotrender Ads<\/span><\/a><span style=\"font-weight: 400;\">. Dzi\u0119ki temu, \u017ce sentyment oznaczany jest automatycznie, szybko b\u0119dziesz w stanie podj\u0105\u0107 odpowiednie dzia\u0142ania &#8211; odpowiedzie\u0107 na negatywne komentarze lub, je\u015bli to konieczne, jeszcze raz przemy\u015ble\u0107 wykorzystanie danej kreacji reklamowej lub samego komunikatu.<\/span><\/p>\n<p style=\"text-align: center;\"><!--HubSpot Call-to-Action Code --><span id=\"hs-cta-wrapper-22d115d5-1cdf-425e-94af-08c0031324e4\" class=\"hs-cta-wrapper\"><span id=\"hs-cta-22d115d5-1cdf-425e-94af-08c0031324e4\" class=\"hs-cta-node hs-cta-22d115d5-1cdf-425e-94af-08c0031324e4\"><!-- [if lte IE 8]><\/p>\n\n\n\n\n\n<div id=\"hs-cta-ie-element\"><\/div>\n\n\n<![endif]--><a href=\"https:\/\/cta-redirect.hubspot.com\/cta\/redirect\/3842881\/22d115d5-1cdf-425e-94af-08c0031324e4\" target=\"_blank\" rel=\"noopener\"><img decoding=\"async\" id=\"hs-cta-img-22d115d5-1cdf-425e-94af-08c0031324e4\" class=\"hs-cta-img aligncenter\" style=\"border-width: 0px;\" src=\"https:\/\/no-cache.hubspot.com\/cta\/default\/3842881\/22d115d5-1cdf-425e-94af-08c0031324e4.png\" alt=\"Sprawd\u017a sentyment komentarzy\" \/><\/a><\/span><script charset=\"utf-8\" src=\"https:\/\/js.hscta.net\/cta\/current.js\"><\/script><script type=\"text\/javascript\"> hbspt.cta.load(3842881, '22d115d5-1cdf-425e-94af-08c0031324e4', {\"useNewLoader\":\"true\",\"region\":\"na1\"}); <\/script><\/span><!-- end HubSpot Call-to-Action Code --><\/p>\n<p><span style=\"font-weight: 400;\">Koniec ko\u0144c\u00f3w istotne jest to, jak, oraz jak szybko, w razie kryzysu, zareaguje marka. Nie nale\u017cy zapomina\u0107, \u017ce komentarze pod reklamami powinny by\u0107 moderowane z jeszcze wi\u0119ksz\u0105 czujno\u015bci\u0105 ni\u017c dyskusje pod postami organicznymi.<\/span><\/p>\n","protected":false},"excerpt":{"rendered":"<p>Firmy z roku na rok coraz wi\u0119cej inwestuj\u0105 w dzia\u0142ania reklamowe w mediach spo\u0142eczno\u015bciowych, oczekuj\u0105c wymiernych rezultat\u00f3w. Jednak, mimo dobrych intencji, komunikaty reklamowe nie zawsze odbierane s\u0105 pozytywnie. Nasz zesp\u00f3\u0142 przeanalizowa\u0142 ponad 500 000 komentarzy reklamowych pod k\u0105tem ich sentymentu, dla reklam na Facebooku targetowanych na Polsk\u0119. Analizowane komentarze reklamowe dotyczy\u0142y okresu od 1 stycznia [&hellip;]<\/p>\n","protected":false},"author":211,"featured_media":46237,"comment_status":"open","ping_status":"open","sticky":false,"template":"","format":"standard","meta":{"inline_featured_image":false,"footnotes":""},"categories":[1],"tags":[2005,3097,3197],"yoast_head":"<!-- This site is optimized with the Yoast SEO plugin v22.4 - https:\/\/yoast.com\/wordpress\/plugins\/seo\/ -->\n<title>Tylko 24% komentarzy reklamowych na Facebooku z pozytywnym odbiorem. [Analiza]<\/title>\n<meta name=\"description\" content=\"Kt\u00f3re reklamy na Facebooku s\u0105 najlepiej, a kt\u00f3rej najgorzej odbierane? Przeczytaj analiz\u0119 sentymentu komentarzy dla reklam z pierwszego p\u00f3\u0142rocza 2022 r.\" \/>\n<meta name=\"robots\" content=\"index, follow, max-snippet:-1, max-image-preview:large, max-video-preview:-1\" \/>\n<link rel=\"canonical\" href=\"https:\/\/www.sotrender.com\/blog\/pl\/2022\/09\/analiza-sentymentu-komentarzy-2022\/\" \/>\n<meta property=\"og:locale\" content=\"pl_PL\" \/>\n<meta property=\"og:type\" content=\"article\" \/>\n<meta property=\"og:title\" content=\"Tylko 24% komentarzy reklamowych na Facebooku z pozytywnym odbiorem. [Analiza]\" \/>\n<meta property=\"og:description\" content=\"Kt\u00f3re reklamy na Facebooku s\u0105 najlepiej, a kt\u00f3rej najgorzej odbierane? Przeczytaj analiz\u0119 sentymentu komentarzy dla reklam z pierwszego p\u00f3\u0142rocza 2022 r.\" \/>\n<meta property=\"og:url\" content=\"https:\/\/www.sotrender.com\/blog\/pl\/2022\/09\/analiza-sentymentu-komentarzy-2022\/\" \/>\n<meta property=\"og:site_name\" content=\"Sotrender Blog\" \/>\n<meta property=\"article:publisher\" content=\"https:\/\/www.facebook.com\/Sotrender\" \/>\n<meta property=\"article:published_time\" content=\"2022-09-22T08:32:27+00:00\" \/>\n<meta property=\"article:modified_time\" content=\"2022-09-22T11:04:08+00:00\" \/>\n<meta property=\"og:image\" content=\"https:\/\/www.sotrender.com\/blog\/wp-content\/uploads\/2022\/09\/analiza-sentymentu-komentarzy-3000x2000.jpg\" \/>\n\t<meta property=\"og:image:width\" content=\"3000\" \/>\n\t<meta property=\"og:image:height\" content=\"2000\" \/>\n\t<meta property=\"og:image:type\" content=\"image\/jpeg\" \/>\n<meta name=\"author\" content=\"Marta Bongilaj\" \/>\n<meta name=\"twitter:card\" content=\"summary_large_image\" \/>\n<meta name=\"twitter:creator\" content=\"@Sotrender\" \/>\n<meta name=\"twitter:site\" content=\"@Sotrender\" \/>\n<meta name=\"twitter:label1\" content=\"Written by\" \/>\n\t<meta name=\"twitter:data1\" content=\"Marta Bongilaj\" \/>\n\t<meta name=\"twitter:label2\" content=\"Est. reading time\" \/>\n\t<meta name=\"twitter:data2\" content=\"7 minutes\" \/>\n<script type=\"application\/ld+json\" class=\"yoast-schema-graph\">{\"@context\":\"https:\/\/schema.org\",\"@graph\":[{\"@type\":\"WebPage\",\"@id\":\"https:\/\/www.sotrender.com\/blog\/pl\/2022\/09\/analiza-sentymentu-komentarzy-2022\/\",\"url\":\"https:\/\/www.sotrender.com\/blog\/pl\/2022\/09\/analiza-sentymentu-komentarzy-2022\/\",\"name\":\"Tylko 24% komentarzy reklamowych na Facebooku z pozytywnym odbiorem. [Analiza]\",\"isPartOf\":{\"@id\":\"https:\/\/www.sotrender.com\/blog\/#website\"},\"primaryImageOfPage\":{\"@id\":\"https:\/\/www.sotrender.com\/blog\/pl\/2022\/09\/analiza-sentymentu-komentarzy-2022\/#primaryimage\"},\"image\":{\"@id\":\"https:\/\/www.sotrender.com\/blog\/pl\/2022\/09\/analiza-sentymentu-komentarzy-2022\/#primaryimage\"},\"thumbnailUrl\":\"https:\/\/www.sotrender.com\/blog\/wp-content\/uploads\/2022\/09\/analiza-sentymentu-komentarzy.jpg\",\"datePublished\":\"2022-09-22T08:32:27+00:00\",\"dateModified\":\"2022-09-22T11:04:08+00:00\",\"author\":{\"@id\":\"https:\/\/www.sotrender.com\/blog\/#\/schema\/person\/7ef66e02c50604f5f3f1affc225398a5\"},\"description\":\"Kt\u00f3re reklamy na Facebooku s\u0105 najlepiej, a kt\u00f3rej najgorzej odbierane? Przeczytaj analiz\u0119 sentymentu komentarzy dla reklam z pierwszego p\u00f3\u0142rocza 2022 r.\",\"breadcrumb\":{\"@id\":\"https:\/\/www.sotrender.com\/blog\/pl\/2022\/09\/analiza-sentymentu-komentarzy-2022\/#breadcrumb\"},\"inLanguage\":\"pl-PL\",\"potentialAction\":[{\"@type\":\"ReadAction\",\"target\":[\"https:\/\/www.sotrender.com\/blog\/pl\/2022\/09\/analiza-sentymentu-komentarzy-2022\/\"]}]},{\"@type\":\"ImageObject\",\"inLanguage\":\"pl-PL\",\"@id\":\"https:\/\/www.sotrender.com\/blog\/pl\/2022\/09\/analiza-sentymentu-komentarzy-2022\/#primaryimage\",\"url\":\"https:\/\/www.sotrender.com\/blog\/wp-content\/uploads\/2022\/09\/analiza-sentymentu-komentarzy.jpg\",\"contentUrl\":\"https:\/\/www.sotrender.com\/blog\/wp-content\/uploads\/2022\/09\/analiza-sentymentu-komentarzy.jpg\",\"width\":6000,\"height\":4000},{\"@type\":\"BreadcrumbList\",\"@id\":\"https:\/\/www.sotrender.com\/blog\/pl\/2022\/09\/analiza-sentymentu-komentarzy-2022\/#breadcrumb\",\"itemListElement\":[{\"@type\":\"ListItem\",\"position\":1,\"name\":\"Home\",\"item\":\"https:\/\/www.sotrender.com\/blog\/\"},{\"@type\":\"ListItem\",\"position\":2,\"name\":\"Tylko 24% komentarzy reklamowych na Facebooku z pozytywnym odbiorem [Analiza]\"}]},{\"@type\":\"WebSite\",\"@id\":\"https:\/\/www.sotrender.com\/blog\/#website\",\"url\":\"https:\/\/www.sotrender.com\/blog\/\",\"name\":\"Sotrender Blog\",\"description\":\"\",\"potentialAction\":[{\"@type\":\"SearchAction\",\"target\":{\"@type\":\"EntryPoint\",\"urlTemplate\":\"https:\/\/www.sotrender.com\/blog\/?s={search_term_string}\"},\"query-input\":\"required name=search_term_string\"}],\"inLanguage\":\"pl-PL\"},{\"@type\":\"Person\",\"@id\":\"https:\/\/www.sotrender.com\/blog\/#\/schema\/person\/7ef66e02c50604f5f3f1affc225398a5\",\"name\":\"Marta Bongilaj\",\"image\":{\"@type\":\"ImageObject\",\"inLanguage\":\"pl-PL\",\"@id\":\"https:\/\/www.sotrender.com\/blog\/#\/schema\/person\/image\/\",\"url\":\"https:\/\/secure.gravatar.com\/avatar\/0799dc0381a0207d8370bd44a9c21665?s=96&d=mm&r=g\",\"contentUrl\":\"https:\/\/secure.gravatar.com\/avatar\/0799dc0381a0207d8370bd44a9c21665?s=96&d=mm&r=g\",\"caption\":\"Marta Bongilaj\"},\"description\":\"Content marketer developing her passion for writing from her youngest years. Loves playing with words. Beyond that, a real dog enthusiast and a happy owner of one.\",\"url\":\"https:\/\/www.sotrender.com\/blog\/pl\/author\/marta_bongilaj\/\"}]}<\/script>\n<!-- \/ Yoast SEO plugin. -->","yoast_head_json":{"title":"Tylko 24% komentarzy reklamowych na Facebooku z pozytywnym odbiorem. [Analiza]","description":"Kt\u00f3re reklamy na Facebooku s\u0105 najlepiej, a kt\u00f3rej najgorzej odbierane? Przeczytaj analiz\u0119 sentymentu komentarzy dla reklam z pierwszego p\u00f3\u0142rocza 2022 r.","robots":{"index":"index","follow":"follow","max-snippet":"max-snippet:-1","max-image-preview":"max-image-preview:large","max-video-preview":"max-video-preview:-1"},"canonical":"https:\/\/www.sotrender.com\/blog\/pl\/2022\/09\/analiza-sentymentu-komentarzy-2022\/","og_locale":"pl_PL","og_type":"article","og_title":"Tylko 24% komentarzy reklamowych na Facebooku z pozytywnym odbiorem. [Analiza]","og_description":"Kt\u00f3re reklamy na Facebooku s\u0105 najlepiej, a kt\u00f3rej najgorzej odbierane? Przeczytaj analiz\u0119 sentymentu komentarzy dla reklam z pierwszego p\u00f3\u0142rocza 2022 r.","og_url":"https:\/\/www.sotrender.com\/blog\/pl\/2022\/09\/analiza-sentymentu-komentarzy-2022\/","og_site_name":"Sotrender Blog","article_publisher":"https:\/\/www.facebook.com\/Sotrender","article_published_time":"2022-09-22T08:32:27+00:00","article_modified_time":"2022-09-22T11:04:08+00:00","og_image":[{"width":3000,"height":2000,"url":"https:\/\/www.sotrender.com\/blog\/wp-content\/uploads\/2022\/09\/analiza-sentymentu-komentarzy-3000x2000.jpg","type":"image\/jpeg"}],"author":"Marta Bongilaj","twitter_card":"summary_large_image","twitter_creator":"@Sotrender","twitter_site":"@Sotrender","twitter_misc":{"Written by":"Marta Bongilaj","Est. reading time":"7 minutes"},"schema":{"@context":"https:\/\/schema.org","@graph":[{"@type":"WebPage","@id":"https:\/\/www.sotrender.com\/blog\/pl\/2022\/09\/analiza-sentymentu-komentarzy-2022\/","url":"https:\/\/www.sotrender.com\/blog\/pl\/2022\/09\/analiza-sentymentu-komentarzy-2022\/","name":"Tylko 24% komentarzy reklamowych na Facebooku z pozytywnym odbiorem. [Analiza]","isPartOf":{"@id":"https:\/\/www.sotrender.com\/blog\/#website"},"primaryImageOfPage":{"@id":"https:\/\/www.sotrender.com\/blog\/pl\/2022\/09\/analiza-sentymentu-komentarzy-2022\/#primaryimage"},"image":{"@id":"https:\/\/www.sotrender.com\/blog\/pl\/2022\/09\/analiza-sentymentu-komentarzy-2022\/#primaryimage"},"thumbnailUrl":"https:\/\/www.sotrender.com\/blog\/wp-content\/uploads\/2022\/09\/analiza-sentymentu-komentarzy.jpg","datePublished":"2022-09-22T08:32:27+00:00","dateModified":"2022-09-22T11:04:08+00:00","author":{"@id":"https:\/\/www.sotrender.com\/blog\/#\/schema\/person\/7ef66e02c50604f5f3f1affc225398a5"},"description":"Kt\u00f3re reklamy na Facebooku s\u0105 najlepiej, a kt\u00f3rej najgorzej odbierane? Przeczytaj analiz\u0119 sentymentu komentarzy dla reklam z pierwszego p\u00f3\u0142rocza 2022 r.","breadcrumb":{"@id":"https:\/\/www.sotrender.com\/blog\/pl\/2022\/09\/analiza-sentymentu-komentarzy-2022\/#breadcrumb"},"inLanguage":"pl-PL","potentialAction":[{"@type":"ReadAction","target":["https:\/\/www.sotrender.com\/blog\/pl\/2022\/09\/analiza-sentymentu-komentarzy-2022\/"]}]},{"@type":"ImageObject","inLanguage":"pl-PL","@id":"https:\/\/www.sotrender.com\/blog\/pl\/2022\/09\/analiza-sentymentu-komentarzy-2022\/#primaryimage","url":"https:\/\/www.sotrender.com\/blog\/wp-content\/uploads\/2022\/09\/analiza-sentymentu-komentarzy.jpg","contentUrl":"https:\/\/www.sotrender.com\/blog\/wp-content\/uploads\/2022\/09\/analiza-sentymentu-komentarzy.jpg","width":6000,"height":4000},{"@type":"BreadcrumbList","@id":"https:\/\/www.sotrender.com\/blog\/pl\/2022\/09\/analiza-sentymentu-komentarzy-2022\/#breadcrumb","itemListElement":[{"@type":"ListItem","position":1,"name":"Home","item":"https:\/\/www.sotrender.com\/blog\/"},{"@type":"ListItem","position":2,"name":"Tylko 24% komentarzy reklamowych na Facebooku z pozytywnym odbiorem [Analiza]"}]},{"@type":"WebSite","@id":"https:\/\/www.sotrender.com\/blog\/#website","url":"https:\/\/www.sotrender.com\/blog\/","name":"Sotrender Blog","description":"","potentialAction":[{"@type":"SearchAction","target":{"@type":"EntryPoint","urlTemplate":"https:\/\/www.sotrender.com\/blog\/?s={search_term_string}"},"query-input":"required name=search_term_string"}],"inLanguage":"pl-PL"},{"@type":"Person","@id":"https:\/\/www.sotrender.com\/blog\/#\/schema\/person\/7ef66e02c50604f5f3f1affc225398a5","name":"Marta Bongilaj","image":{"@type":"ImageObject","inLanguage":"pl-PL","@id":"https:\/\/www.sotrender.com\/blog\/#\/schema\/person\/image\/","url":"https:\/\/secure.gravatar.com\/avatar\/0799dc0381a0207d8370bd44a9c21665?s=96&d=mm&r=g","contentUrl":"https:\/\/secure.gravatar.com\/avatar\/0799dc0381a0207d8370bd44a9c21665?s=96&d=mm&r=g","caption":"Marta Bongilaj"},"description":"Content marketer developing her passion for writing from her youngest years. Loves playing with words. Beyond that, a real dog enthusiast and a happy owner of one.","url":"https:\/\/www.sotrender.com\/blog\/pl\/author\/marta_bongilaj\/"}]}},"_links":{"self":[{"href":"https:\/\/www.sotrender.com\/blog\/pl\/wp-json\/wp\/v2\/posts\/46229"}],"collection":[{"href":"https:\/\/www.sotrender.com\/blog\/pl\/wp-json\/wp\/v2\/posts"}],"about":[{"href":"https:\/\/www.sotrender.com\/blog\/pl\/wp-json\/wp\/v2\/types\/post"}],"author":[{"embeddable":true,"href":"https:\/\/www.sotrender.com\/blog\/pl\/wp-json\/wp\/v2\/users\/211"}],"replies":[{"embeddable":true,"href":"https:\/\/www.sotrender.com\/blog\/pl\/wp-json\/wp\/v2\/comments?post=46229"}],"version-history":[{"count":17,"href":"https:\/\/www.sotrender.com\/blog\/pl\/wp-json\/wp\/v2\/posts\/46229\/revisions"}],"predecessor-version":[{"id":46281,"href":"https:\/\/www.sotrender.com\/blog\/pl\/wp-json\/wp\/v2\/posts\/46229\/revisions\/46281"}],"wp:featuredmedia":[{"embeddable":true,"href":"https:\/\/www.sotrender.com\/blog\/pl\/wp-json\/wp\/v2\/media\/46237"}],"wp:attachment":[{"href":"https:\/\/www.sotrender.com\/blog\/pl\/wp-json\/wp\/v2\/media?parent=46229"}],"wp:term":[{"taxonomy":"category","embeddable":true,"href":"https:\/\/www.sotrender.com\/blog\/pl\/wp-json\/wp\/v2\/categories?post=46229"},{"taxonomy":"post_tag","embeddable":true,"href":"https:\/\/www.sotrender.com\/blog\/pl\/wp-json\/wp\/v2\/tags?post=46229"}],"curies":[{"name":"wp","href":"https:\/\/api.w.org\/{rel}","templated":true}]}}