{"id":46159,"date":"2022-09-08T11:43:45","date_gmt":"2022-09-08T09:43:45","guid":{"rendered":"https:\/\/www.sotrender.com\/blog\/?p=46159\/"},"modified":"2022-09-09T09:29:25","modified_gmt":"2022-09-09T07:29:25","slug":"facebook-trends-sierpien-2022-nieoczekiwane-spotkania","status":"publish","type":"post","link":"https:\/\/www.sotrender.com\/blog\/pl\/2022\/09\/facebook-trends-sierpien-2022-nieoczekiwane-spotkania\/","title":{"rendered":"Facebook Trends sierpie\u0144 2022 &#8211; nieoczekiwane spotkania"},"content":{"rendered":"<p><span style=\"font-weight: 400;\">Wakacje min\u0119\u0142y w mgnieniu oka i, jak zawsze, pozostawi\u0142y mn\u00f3stwo dobrych wspomnie\u0144. Podr\u00f3\u017ce, nowe do\u015bwiadczenia, spotkania z lud\u017ami &#8211; tych, w wakacje, jest zawsze pe\u0142no! I to w\u0142a\u015bnie one b\u0119d\u0105 tematem tego podsumowania. ?<\/span><\/p>\n<p><span style=\"font-weight: 400;\">Przed Wami najnowszy raport <\/span><a href=\"https:\/\/www.sotrender.com\/trends\/facebook\/poland\/202208\"><span style=\"font-weight: 400;\">Facebook Trends &#8211; sierpie\u0144 2022<\/span><\/a><span style=\"font-weight: 400;\">.<\/span><\/p>\n<h2><b>Koszty reklamowe znowu w g\u00f3r\u0119<\/b><\/h2>\n<p><span style=\"font-weight: 400;\">W <\/span><a href=\"https:\/\/www.sotrender.com\/blog\/pl\/2022\/08\/facebook-trends-lipiec-2022-czolowi-gracze\/\"><span style=\"font-weight: 400;\">lipcowych Facebook Trends<\/span><\/a><span style=\"font-weight: 400;\"> pisali\u015bmy o spadku \u015brednich koszt\u00f3w reklamowych &#8211; zar\u00f3wno w przypadku CPC, jak i CPM. <\/span><b>W sierpniu, \u015bredni koszt klikni\u0119cia w reklam\u0119 wzr\u00f3s\u0142 o 5 gr, i wyni\u00f3s\u0142 93 gr. <\/b><span style=\"font-weight: 400;\">Mediana \u015bredniego CPC wynios\u0142a 56 gr, czyli o 3 gr wi\u0119cej w stosunku do lipca.<\/span><\/p>\n<p><img loading=\"lazy\" decoding=\"async\" class=\"wp-image-46163 aligncenter\" src=\"https:\/\/www.sotrender.com\/blog\/wp-content\/uploads\/2022\/09\/CPC-sierpien\u0301.png\" alt=\"CPC sierpie\u0144\" width=\"799\" height=\"466\" srcset=\"https:\/\/www.sotrender.com\/blog\/wp-content\/uploads\/2022\/09\/CPC-sierpien\u0301.png 1200w, https:\/\/www.sotrender.com\/blog\/wp-content\/uploads\/2022\/09\/CPC-sierpien\u0301-475x277.png 475w, https:\/\/www.sotrender.com\/blog\/wp-content\/uploads\/2022\/09\/CPC-sierpien\u0301-768x448.png 768w\" sizes=\"(max-width: 799px) 100vw, 799px\" \/><\/p>\n<p><span style=\"font-weight: 400;\">A jak zmieni\u0142 si\u0119 \u015bredni koszt tysi\u0105ca wy\u015bwietle\u0144? <\/span><b>\u015aredni CPM by\u0142 w sierpniu o 7 gr mniejszy ni\u017c w lipcu, i wyni\u00f3s\u0142 6 z\u0142 89 gr.<\/b><span style=\"font-weight: 400;\"> Mediana \u015bredniego CPM przyj\u0119\u0142a w sierpniu warto\u015b\u0107 3 z\u0142 94 gr. W lipcu by\u0142o to 4 z\u0142 3 gr, czyli o 9 gr wi\u0119cej.<\/span><\/p>\n<p><img loading=\"lazy\" decoding=\"async\" class=\"aligncenter wp-image-46165\" src=\"https:\/\/www.sotrender.com\/blog\/wp-content\/uploads\/2022\/09\/CPM-sierpien\u0301.png\" alt=\"CPM sierpie\u0144\" width=\"799\" height=\"466\" srcset=\"https:\/\/www.sotrender.com\/blog\/wp-content\/uploads\/2022\/09\/CPM-sierpien\u0301.png 1200w, https:\/\/www.sotrender.com\/blog\/wp-content\/uploads\/2022\/09\/CPM-sierpien\u0301-475x277.png 475w, https:\/\/www.sotrender.com\/blog\/wp-content\/uploads\/2022\/09\/CPM-sierpien\u0301-768x448.png 768w\" sizes=\"(max-width: 799px) 100vw, 799px\" \/><\/p>\n<h2><b>Pasa\u017cer na gap\u0119?<\/b><\/h2>\n<p><span style=\"font-weight: 400;\">Jak wakacje, to i podr\u00f3\u017ce! Czasem bardziej komfortowe, innym razem &#8211; mniej. Jednak, jak zawsze, wiele zale\u017cy od naszego nastawienia. \u015awietnym tego przyk\u0142adem jest historia Macieja Stuhra z jednej z jego podr\u00f3\u017cy. Gdy spostrzeg\u0142, \u017ce kto\u015b zaj\u0105\u0142 jego miejsce w poci\u0105gu, zdecydowa\u0142 si\u0119 usi\u0105\u015b\u0107 na pod\u0142odze i nie zwraca\u0107 uwagi wsp\u00f3\u0142pasa\u017cerowi.<\/span><\/p>\n<p><span style=\"font-weight: 400;\">Aktor zazwyczaj wzbudza wiele sympatii, ale tym razem <\/span><b>jego <a href=\"https:\/\/www.facebook.com\/photo?fbid=629869015161586&amp;set=pb.100044154803620.-2207520000..\">post<\/a> spotka\u0142 si\u0119 z wyj\u0105tkowo szerokim i pozytywnym odbiorem &#8211; zdoby\u0142 a\u017c 41 tys. reakcji<\/b><span style=\"font-weight: 400;\">, 2,7 tys. komentarzy i 243 udost\u0119pnienia.<\/span><\/p>\n<p><span style=\"font-weight: 400;\">Tym samym, profil aktora awansowa\u0142 a\u017c o 293 pozycje w kategorii <\/span><a href=\"https:\/\/www.sotrender.com\/trends\/facebook\/poland\/202208\/kultura\"><span style=\"font-weight: 400;\">Kultura i sztuka<\/span><\/a><span style=\"font-weight: 400;\">, w rankingu zaanga\u017cowania.<\/span><\/p>\n<div id=\"attachment_46167\" style=\"width: 809px\" class=\"wp-caption aligncenter\"><img loading=\"lazy\" decoding=\"async\" aria-describedby=\"caption-attachment-46167\" class=\"wp-image-46167\" src=\"https:\/\/www.sotrender.com\/blog\/wp-content\/uploads\/2022\/09\/kultura-i-sztuka-zaangaz\u0307owanie-sierpien\u0301.png\" alt=\"kultura i sztuka_zaanga\u017cowanie_sierpie\u0144\" width=\"799\" height=\"247\" srcset=\"https:\/\/www.sotrender.com\/blog\/wp-content\/uploads\/2022\/09\/kultura-i-sztuka-zaangaz\u0307owanie-sierpien\u0301.png 1999w, https:\/\/www.sotrender.com\/blog\/wp-content\/uploads\/2022\/09\/kultura-i-sztuka-zaangaz\u0307owanie-sierpien\u0301-475x147.png 475w, https:\/\/www.sotrender.com\/blog\/wp-content\/uploads\/2022\/09\/kultura-i-sztuka-zaangaz\u0307owanie-sierpien\u0301-768x237.png 768w\" sizes=\"(max-width: 799px) 100vw, 799px\" \/><p id=\"caption-attachment-46167\" class=\"wp-caption-text\">Profile o najwi\u0119kszym zaanga\u017cowaniu u\u017cytkownik\u00f3w, Kultura i sztuka | Facebook, sierpie\u0144 2022<\/p><\/div>\n<p><span style=\"font-weight: 400;\">Dla wielu z nas mo\u017ce by\u0107 to lekcja pokory &#8211; by\u0107 mo\u017ce nast\u0119pnym razem, kiedy spotkaj\u0105 nas niedogodno\u015bci w podr\u00f3\u017cy, spr\u00f3bujemy spojrze\u0107 na nie inaczej? \ud83d\ude09<\/span><\/p>\n<h2><b>Lewandowski debiutuje w FC Barcelona<\/b><\/h2>\n<p><span style=\"font-weight: 400;\">Robert Lewandowski co miesi\u0105c zajmuje wysokie pozycje w naszych raportach Facebook Trends. A po niedawnym transferze pi\u0142karza do katalo\u0144skiego klubu FC Barcelona, o Lewandowskim m\u00f3wi si\u0119 na Facebooku jeszcze wi\u0119cej. W sierpniu, trzy najlepsze posty w kategorii <\/span><span style=\"font-weight: 400;\">Polskoj\u0119zyczne<\/span><span style=\"font-weight: 400;\"> nale\u017ca\u0142y w\u0142a\u015bnie do Lewandowskiego. <\/span><b>R\u00f3wnie\u017c w kategorii <\/b><a href=\"https:\/\/www.sotrender.com\/trends\/facebook\/poland\/202208\/sport\"><b>Sport<\/b><\/a><b>, a\u017c 6 najlepszych post\u00f3w dotyczy\u0142o najpopularniejszego polskiego pi\u0142karza<\/b><span style=\"font-weight: 400;\">.<\/span><\/p>\n<div id=\"attachment_46169\" style=\"width: 810px\" class=\"wp-caption aligncenter\"><img loading=\"lazy\" decoding=\"async\" aria-describedby=\"caption-attachment-46169\" class=\"wp-image-46169\" src=\"https:\/\/www.sotrender.com\/blog\/wp-content\/uploads\/2022\/09\/sport-najlepsze-posty-sierpien\u0301.png\" alt=\"sport_najlepsze posty_sierpie\u0144\" width=\"800\" height=\"686\" srcset=\"https:\/\/www.sotrender.com\/blog\/wp-content\/uploads\/2022\/09\/sport-najlepsze-posty-sierpien\u0301.png 1646w, https:\/\/www.sotrender.com\/blog\/wp-content\/uploads\/2022\/09\/sport-najlepsze-posty-sierpien\u0301-475x407.png 475w, https:\/\/www.sotrender.com\/blog\/wp-content\/uploads\/2022\/09\/sport-najlepsze-posty-sierpien\u0301-768x658.png 768w\" sizes=\"(max-width: 800px) 100vw, 800px\" \/><p id=\"caption-attachment-46169\" class=\"wp-caption-text\">Najlepsze posty, Sport | Facebook, sierpie\u0144 2022<\/p><\/div>\n<h2><b>Radosne spotkanie koleg\u00f3w z dru\u017cyny<\/b><\/h2>\n<p><span style=\"font-weight: 400;\">To jeszcze nie wszystko w temacie futbolu. W sierpniu, nasz\u0105 uwag\u0119 zwr\u00f3ci\u0142 spory awans profilu \u0141ukasza Piszczka, w kategorii <\/span><a href=\"https:\/\/www.sotrender.com\/trends\/facebook\/poland\/202208\/osoby\"><span style=\"font-weight: 400;\">Osoby<\/span><\/a><span style=\"font-weight: 400;\">, w rankingu zaanga\u017cowanych u\u017cytkownik\u00f3w. Fanpage pi\u0142karza awansowa\u0142 a\u017c o 268 pozycji. Co wp\u0142yn\u0119\u0142o na tak \u015bwietny wynik?<\/span><\/p>\n<div id=\"attachment_46171\" style=\"width: 810px\" class=\"wp-caption aligncenter\"><img loading=\"lazy\" decoding=\"async\" aria-describedby=\"caption-attachment-46171\" class=\"wp-image-46171\" src=\"https:\/\/www.sotrender.com\/blog\/wp-content\/uploads\/2022\/09\/osoby-zaangaz\u0307owanie-sierpien\u0301.png\" alt=\"osoby_zaanga\u017cowanie_sierpie\u0144\" width=\"800\" height=\"248\" srcset=\"https:\/\/www.sotrender.com\/blog\/wp-content\/uploads\/2022\/09\/osoby-zaangaz\u0307owanie-sierpien\u0301.png 1999w, https:\/\/www.sotrender.com\/blog\/wp-content\/uploads\/2022\/09\/osoby-zaangaz\u0307owanie-sierpien\u0301-475x147.png 475w, https:\/\/www.sotrender.com\/blog\/wp-content\/uploads\/2022\/09\/osoby-zaangaz\u0307owanie-sierpien\u0301-768x238.png 768w\" sizes=\"(max-width: 800px) 100vw, 800px\" \/><p id=\"caption-attachment-46171\" class=\"wp-caption-text\">Profile o najwi\u0119kszym zaanga\u017cowaniu u\u017cytkownik\u00f3w, Osoby | Facebook, sierpie\u0144 2022<\/p><\/div>\n<p><span style=\"font-weight: 400;\">W sierpniu Piszczek wybra\u0142 si\u0119 na mecz Manchester United i Liverpoolu, kt\u00f3ry odby\u0142 si\u0119 na zamkni\u0119cie 3. kolejki Premier League. Jeden z goli nale\u017ca\u0142 do graj\u0105cego w Man. Utd Jadona Sancho, by\u0142ego kolegi z dru\u017cyny Piszczka. Po meczu, Piszczek zaskoczy\u0142 Sancho nieoczekiwanym spotkaniem. <\/span><b>Filmik z przywitaniem pi\u0142karzy, kt\u00f3ry pojawi\u0142 si\u0119 na profilu Piszczka, zgromadzi\u0142 ok. 9,6 tys. reakcji i by\u0142 jednym z jego najpopularniejszych post\u00f3w w sierpniu.<\/b><\/p>\n<p><iframe loading=\"lazy\" style=\"border: none; overflow: hidden;\" src=\"https:\/\/www.facebook.com\/plugins\/post.php?href=https%3A%2F%2Fwww.facebook.com%2FOfficialLukaszPiszczek%2Fposts%2Fpfbid0aFsyf7rXBZBW7wYSx1FEEJdLayWEAYmCSKBKdNUMJHLdQTV1TEa4zyguodDUvrTql&amp;show_text=true&amp;width=500\" width=\"500\" height=\"665\" frameborder=\"0\" scrolling=\"no\" allowfullscreen=\"allowfullscreen\"><\/iframe><\/p>\n<h2><b>Wspomnienie letnich festiwali<\/b><\/h2>\n<p><span style=\"font-weight: 400;\">Na pocz\u0105tku sierpnia odby\u0142 si\u0119 jeden z najwi\u0119kszych muzycznych festiwali &#8211; Pol\u2019and\u2019Rock Festival, kt\u00f3rego ide\u0105 jest, od lat, spotkanie w atmosferze pe\u0142nej przyja\u017ani i tolerancji. Jurek Owsiak, pomys\u0142odawca i organizator wydarzenia, komentowa\u0142 i wspomina\u0142 je na swoim profilu.\u00a0<\/span><\/p>\n<p><span style=\"font-weight: 400;\">W sierpniu, profil Owsiaka awansowa\u0142 o 37 pozycji w kategorii <\/span><a href=\"https:\/\/www.sotrender.com\/trends\/facebook\/poland\/202208\/osoby\"><span style=\"font-weight: 400;\">Osoby<\/span><\/a><span style=\"font-weight: 400;\">, w rankingu aktywnych u\u017cytkownik\u00f3w, i trafi\u0142 tym samym do pierwszej dziesi\u0105tki.<\/span><\/p>\n<div id=\"attachment_46173\" style=\"width: 810px\" class=\"wp-caption aligncenter\"><img loading=\"lazy\" decoding=\"async\" aria-describedby=\"caption-attachment-46173\" class=\"wp-image-46173\" src=\"https:\/\/www.sotrender.com\/blog\/wp-content\/uploads\/2022\/09\/osoby-aktywni-uz\u0307ytkownicy-sierpien\u0301.png\" alt=\"osoby_aktywni u\u017cytkownicy_sierpie\u0144\" width=\"800\" height=\"381\" srcset=\"https:\/\/www.sotrender.com\/blog\/wp-content\/uploads\/2022\/09\/osoby-aktywni-uz\u0307ytkownicy-sierpien\u0301.png 1999w, https:\/\/www.sotrender.com\/blog\/wp-content\/uploads\/2022\/09\/osoby-aktywni-uz\u0307ytkownicy-sierpien\u0301-475x226.png 475w, https:\/\/www.sotrender.com\/blog\/wp-content\/uploads\/2022\/09\/osoby-aktywni-uz\u0307ytkownicy-sierpien\u0301-768x366.png 768w\" sizes=\"(max-width: 800px) 100vw, 800px\" \/><p id=\"caption-attachment-46173\" class=\"wp-caption-text\">Profile o najwi\u0119kszej aktywno\u015bci u\u017cytkownik\u00f3w, Osoby | Facebook, sierpie\u0144 2022<\/p><\/div>\n<p><span style=\"font-weight: 400;\">Jeden z post\u00f3w Owsiaka, kt\u00f3ry dotyczy\u0142 Pol\u2019and\u2019Rock Festival, by\u0142 jednym z najbardziej anga\u017cuj\u0105cych wpis\u00f3w miesi\u0105ca na jego profilu.\u00a0<\/span><\/p>\n<p><iframe loading=\"lazy\" style=\"border: none; overflow: hidden;\" src=\"https:\/\/www.facebook.com\/plugins\/post.php?href=https%3A%2F%2Fwww.facebook.com%2Fjerzyowsiak%2Fposts%2Fpfbid02Ur7oPdbrYUqBVK2ZvPVaTQyEP1LbcGyvfcYrH9DNa86ZR1KJEmP1HUSp59hTbebbl&amp;show_text=true&amp;width=500\" width=\"500\" height=\"565\" frameborder=\"0\" scrolling=\"no\" allowfullscreen=\"allowfullscreen\"><\/iframe><\/p>\n<h2><b>A po wakacjach\u2026<\/b><\/h2>\n<p><span style=\"font-weight: 400;\">Wakacje dobiegaj\u0105 ko\u0144ca, a my przygotowujemy si\u0119 na nadej\u015bcie jesieni. To r\u00f3wnie\u017c czas, w kt\u00f3rym pojawiaj\u0105 si\u0119 nowe produkcje telewizyjne, a topowe kana\u0142y zaczynaj\u0105 promowa\u0107 jesienne ram\u00f3wki.\u00a0<\/span><\/p>\n<p><span style=\"font-weight: 400;\">Ju\u017c w sierpniu <\/span><a href=\"https:\/\/fb.watch\/fmLX5H3XHj\/\"><span style=\"font-weight: 400;\">ram\u00f3wka Polsatu<\/span><\/a><span style=\"font-weight: 400;\"> wzbudzi\u0142a spore zainteresowanie fan\u00f3w tego kana\u0142u. Profil Polsatu awansowa\u0142 o 33 pozycje w kategorii <\/span><a href=\"https:\/\/www.sotrender.com\/trends\/facebook\/poland\/202208\/media\"><span style=\"font-weight: 400;\">Media<\/span><\/a><span style=\"font-weight: 400;\"> w rankingu aktywnych u\u017cytkownik\u00f3w, i awansowa\u0142 tym samym do pierwszej dziesi\u0105tki.<\/span><\/p>\n<div id=\"attachment_46175\" style=\"width: 810px\" class=\"wp-caption aligncenter\"><img loading=\"lazy\" decoding=\"async\" aria-describedby=\"caption-attachment-46175\" class=\"wp-image-46175\" src=\"https:\/\/www.sotrender.com\/blog\/wp-content\/uploads\/2022\/09\/media-aktywni-uz\u0307ytkownicy-sierpien\u0301.png\" alt=\"media_aktywni u\u017cytkownicy_sierpie\u0144\" width=\"800\" height=\"419\" srcset=\"https:\/\/www.sotrender.com\/blog\/wp-content\/uploads\/2022\/09\/media-aktywni-uz\u0307ytkownicy-sierpien\u0301.png 1999w, https:\/\/www.sotrender.com\/blog\/wp-content\/uploads\/2022\/09\/media-aktywni-uz\u0307ytkownicy-sierpien\u0301-475x249.png 475w, https:\/\/www.sotrender.com\/blog\/wp-content\/uploads\/2022\/09\/media-aktywni-uz\u0307ytkownicy-sierpien\u0301-768x403.png 768w\" sizes=\"(max-width: 800px) 100vw, 800px\" \/><p id=\"caption-attachment-46175\" class=\"wp-caption-text\">Profile o najwi\u0119kszej aktywno\u015bci u\u017cytkownik\u00f3w, Media | Facebook, sierpie\u0144 2022<\/p><\/div>\n<p><span style=\"font-weight: 400;\">To najlepsze ciekawostki <\/span><a href=\"https:\/\/www.sotrender.com\/trends\/facebook\/poland\/202208\"><span style=\"font-weight: 400;\">sierpniowego raportu Facebook Trends<\/span><\/a><span style=\"font-weight: 400;\">. A my, jak zawsze, zach\u0119camy Was do prze\u015bledzenia ca\u0142ego zestawienia!\u00a0<\/span><\/p>\n<p><span style=\"font-weight: 400;\">Do us\u0142yszenia jesieni\u0105!<\/span><\/p>\n","protected":false},"excerpt":{"rendered":"<p>Wakacje min\u0119\u0142y w mgnieniu oka i, jak zawsze, pozostawi\u0142y mn\u00f3stwo dobrych wspomnie\u0144. Podr\u00f3\u017ce, nowe do\u015bwiadczenia, spotkania z lud\u017ami &#8211; tych, w wakacje, jest zawsze pe\u0142no! I to w\u0142a\u015bnie one b\u0119d\u0105 tematem tego podsumowania. ? Przed Wami najnowszy raport Facebook Trends &#8211; sierpie\u0144 2022. Koszty reklamowe znowu w g\u00f3r\u0119 W lipcowych Facebook Trends pisali\u015bmy o spadku [&hellip;]<\/p>\n","protected":false},"author":211,"featured_media":46191,"comment_status":"open","ping_status":"open","sticky":false,"template":"","format":"standard","meta":{"inline_featured_image":false,"footnotes":""},"categories":[1791,1797,2125],"tags":[],"yoast_head":"<!-- This site is optimized with the Yoast SEO plugin v22.4 - https:\/\/yoast.com\/wordpress\/plugins\/seo\/ -->\n<title>Facebook Trends sierpie\u0144 2022 - nieoczekiwane spotkania<\/title>\n<meta name=\"description\" content=\"W sierpniu, na Facebooku, najciekawsze aktywno\u015bci odnotowali\u015bmy m. in. w kategorii Sport i Kultura i Sztuka. Sprawd\u017a raport i prze\u015bled\u017a ostatnie zmiany.\" \/>\n<meta name=\"robots\" content=\"index, follow, max-snippet:-1, max-image-preview:large, max-video-preview:-1\" \/>\n<link rel=\"canonical\" href=\"https:\/\/www.sotrender.com\/blog\/pl\/2022\/09\/facebook-trends-sierpien-2022-nieoczekiwane-spotkania\/\" \/>\n<meta property=\"og:locale\" content=\"pl_PL\" \/>\n<meta property=\"og:type\" content=\"article\" \/>\n<meta property=\"og:title\" content=\"Facebook Trends sierpie\u0144 2022 - nieoczekiwane spotkania\" \/>\n<meta property=\"og:description\" content=\"W sierpniu, na Facebooku, najciekawsze aktywno\u015bci odnotowali\u015bmy m. in. w kategorii Sport i Kultura i Sztuka. Sprawd\u017a raport i prze\u015bled\u017a ostatnie zmiany.\" \/>\n<meta property=\"og:url\" content=\"https:\/\/www.sotrender.com\/blog\/pl\/2022\/09\/facebook-trends-sierpien-2022-nieoczekiwane-spotkania\/\" \/>\n<meta property=\"og:site_name\" content=\"Sotrender Blog\" \/>\n<meta property=\"article:publisher\" content=\"https:\/\/www.facebook.com\/Sotrender\" \/>\n<meta property=\"article:published_time\" content=\"2022-09-08T09:43:45+00:00\" \/>\n<meta property=\"article:modified_time\" content=\"2022-09-09T07:29:25+00:00\" \/>\n<meta property=\"og:image\" content=\"https:\/\/www.sotrender.com\/blog\/wp-content\/uploads\/2022\/09\/FB-Trends-sierpien\u0301-2022.jpg\" \/>\n\t<meta property=\"og:image:width\" content=\"1600\" \/>\n\t<meta property=\"og:image:height\" content=\"1067\" \/>\n\t<meta property=\"og:image:type\" content=\"image\/jpeg\" \/>\n<meta name=\"author\" content=\"Marta Bongilaj\" \/>\n<meta name=\"twitter:card\" content=\"summary_large_image\" \/>\n<meta name=\"twitter:creator\" content=\"@Sotrender\" \/>\n<meta name=\"twitter:site\" content=\"@Sotrender\" \/>\n<meta name=\"twitter:label1\" content=\"Written by\" \/>\n\t<meta name=\"twitter:data1\" content=\"Marta Bongilaj\" \/>\n\t<meta name=\"twitter:label2\" content=\"Est. reading time\" \/>\n\t<meta name=\"twitter:data2\" content=\"4 minutes\" \/>\n<script type=\"application\/ld+json\" class=\"yoast-schema-graph\">{\"@context\":\"https:\/\/schema.org\",\"@graph\":[{\"@type\":\"WebPage\",\"@id\":\"https:\/\/www.sotrender.com\/blog\/pl\/2022\/09\/facebook-trends-sierpien-2022-nieoczekiwane-spotkania\/\",\"url\":\"https:\/\/www.sotrender.com\/blog\/pl\/2022\/09\/facebook-trends-sierpien-2022-nieoczekiwane-spotkania\/\",\"name\":\"Facebook Trends sierpie\u0144 2022 - nieoczekiwane spotkania\",\"isPartOf\":{\"@id\":\"https:\/\/www.sotrender.com\/blog\/#website\"},\"primaryImageOfPage\":{\"@id\":\"https:\/\/www.sotrender.com\/blog\/pl\/2022\/09\/facebook-trends-sierpien-2022-nieoczekiwane-spotkania\/#primaryimage\"},\"image\":{\"@id\":\"https:\/\/www.sotrender.com\/blog\/pl\/2022\/09\/facebook-trends-sierpien-2022-nieoczekiwane-spotkania\/#primaryimage\"},\"thumbnailUrl\":\"https:\/\/www.sotrender.com\/blog\/wp-content\/uploads\/2022\/09\/FB-Trends-sierpien\u0301-2022.jpg\",\"datePublished\":\"2022-09-08T09:43:45+00:00\",\"dateModified\":\"2022-09-09T07:29:25+00:00\",\"author\":{\"@id\":\"https:\/\/www.sotrender.com\/blog\/#\/schema\/person\/7ef66e02c50604f5f3f1affc225398a5\"},\"description\":\"W sierpniu, na Facebooku, najciekawsze aktywno\u015bci odnotowali\u015bmy m. in. w kategorii Sport i Kultura i Sztuka. Sprawd\u017a raport i prze\u015bled\u017a ostatnie zmiany.\",\"breadcrumb\":{\"@id\":\"https:\/\/www.sotrender.com\/blog\/pl\/2022\/09\/facebook-trends-sierpien-2022-nieoczekiwane-spotkania\/#breadcrumb\"},\"inLanguage\":\"pl-PL\",\"potentialAction\":[{\"@type\":\"ReadAction\",\"target\":[\"https:\/\/www.sotrender.com\/blog\/pl\/2022\/09\/facebook-trends-sierpien-2022-nieoczekiwane-spotkania\/\"]}]},{\"@type\":\"ImageObject\",\"inLanguage\":\"pl-PL\",\"@id\":\"https:\/\/www.sotrender.com\/blog\/pl\/2022\/09\/facebook-trends-sierpien-2022-nieoczekiwane-spotkania\/#primaryimage\",\"url\":\"https:\/\/www.sotrender.com\/blog\/wp-content\/uploads\/2022\/09\/FB-Trends-sierpien\u0301-2022.jpg\",\"contentUrl\":\"https:\/\/www.sotrender.com\/blog\/wp-content\/uploads\/2022\/09\/FB-Trends-sierpien\u0301-2022.jpg\",\"width\":1600,\"height\":1067},{\"@type\":\"BreadcrumbList\",\"@id\":\"https:\/\/www.sotrender.com\/blog\/pl\/2022\/09\/facebook-trends-sierpien-2022-nieoczekiwane-spotkania\/#breadcrumb\",\"itemListElement\":[{\"@type\":\"ListItem\",\"position\":1,\"name\":\"Home\",\"item\":\"https:\/\/www.sotrender.com\/blog\/\"},{\"@type\":\"ListItem\",\"position\":2,\"name\":\"Facebook Trends sierpie\u0144 2022 &#8211; nieoczekiwane spotkania\"}]},{\"@type\":\"WebSite\",\"@id\":\"https:\/\/www.sotrender.com\/blog\/#website\",\"url\":\"https:\/\/www.sotrender.com\/blog\/\",\"name\":\"Sotrender Blog\",\"description\":\"\",\"potentialAction\":[{\"@type\":\"SearchAction\",\"target\":{\"@type\":\"EntryPoint\",\"urlTemplate\":\"https:\/\/www.sotrender.com\/blog\/?s={search_term_string}\"},\"query-input\":\"required name=search_term_string\"}],\"inLanguage\":\"pl-PL\"},{\"@type\":\"Person\",\"@id\":\"https:\/\/www.sotrender.com\/blog\/#\/schema\/person\/7ef66e02c50604f5f3f1affc225398a5\",\"name\":\"Marta Bongilaj\",\"image\":{\"@type\":\"ImageObject\",\"inLanguage\":\"pl-PL\",\"@id\":\"https:\/\/www.sotrender.com\/blog\/#\/schema\/person\/image\/\",\"url\":\"https:\/\/secure.gravatar.com\/avatar\/0799dc0381a0207d8370bd44a9c21665?s=96&d=mm&r=g\",\"contentUrl\":\"https:\/\/secure.gravatar.com\/avatar\/0799dc0381a0207d8370bd44a9c21665?s=96&d=mm&r=g\",\"caption\":\"Marta Bongilaj\"},\"description\":\"Content marketer developing her passion for writing from her youngest years. Loves playing with words. Beyond that, a real dog enthusiast and a happy owner of one.\",\"url\":\"https:\/\/www.sotrender.com\/blog\/pl\/author\/marta_bongilaj\/\"}]}<\/script>\n<!-- \/ Yoast SEO plugin. -->","yoast_head_json":{"title":"Facebook Trends sierpie\u0144 2022 - nieoczekiwane spotkania","description":"W sierpniu, na Facebooku, najciekawsze aktywno\u015bci odnotowali\u015bmy m. in. w kategorii Sport i Kultura i Sztuka. Sprawd\u017a raport i prze\u015bled\u017a ostatnie zmiany.","robots":{"index":"index","follow":"follow","max-snippet":"max-snippet:-1","max-image-preview":"max-image-preview:large","max-video-preview":"max-video-preview:-1"},"canonical":"https:\/\/www.sotrender.com\/blog\/pl\/2022\/09\/facebook-trends-sierpien-2022-nieoczekiwane-spotkania\/","og_locale":"pl_PL","og_type":"article","og_title":"Facebook Trends sierpie\u0144 2022 - nieoczekiwane spotkania","og_description":"W sierpniu, na Facebooku, najciekawsze aktywno\u015bci odnotowali\u015bmy m. in. w kategorii Sport i Kultura i Sztuka. Sprawd\u017a raport i prze\u015bled\u017a ostatnie zmiany.","og_url":"https:\/\/www.sotrender.com\/blog\/pl\/2022\/09\/facebook-trends-sierpien-2022-nieoczekiwane-spotkania\/","og_site_name":"Sotrender Blog","article_publisher":"https:\/\/www.facebook.com\/Sotrender","article_published_time":"2022-09-08T09:43:45+00:00","article_modified_time":"2022-09-09T07:29:25+00:00","og_image":[{"width":1600,"height":1067,"url":"https:\/\/www.sotrender.com\/blog\/wp-content\/uploads\/2022\/09\/FB-Trends-sierpien\u0301-2022.jpg","type":"image\/jpeg"}],"author":"Marta Bongilaj","twitter_card":"summary_large_image","twitter_creator":"@Sotrender","twitter_site":"@Sotrender","twitter_misc":{"Written by":"Marta Bongilaj","Est. reading time":"4 minutes"},"schema":{"@context":"https:\/\/schema.org","@graph":[{"@type":"WebPage","@id":"https:\/\/www.sotrender.com\/blog\/pl\/2022\/09\/facebook-trends-sierpien-2022-nieoczekiwane-spotkania\/","url":"https:\/\/www.sotrender.com\/blog\/pl\/2022\/09\/facebook-trends-sierpien-2022-nieoczekiwane-spotkania\/","name":"Facebook Trends sierpie\u0144 2022 - nieoczekiwane spotkania","isPartOf":{"@id":"https:\/\/www.sotrender.com\/blog\/#website"},"primaryImageOfPage":{"@id":"https:\/\/www.sotrender.com\/blog\/pl\/2022\/09\/facebook-trends-sierpien-2022-nieoczekiwane-spotkania\/#primaryimage"},"image":{"@id":"https:\/\/www.sotrender.com\/blog\/pl\/2022\/09\/facebook-trends-sierpien-2022-nieoczekiwane-spotkania\/#primaryimage"},"thumbnailUrl":"https:\/\/www.sotrender.com\/blog\/wp-content\/uploads\/2022\/09\/FB-Trends-sierpien\u0301-2022.jpg","datePublished":"2022-09-08T09:43:45+00:00","dateModified":"2022-09-09T07:29:25+00:00","author":{"@id":"https:\/\/www.sotrender.com\/blog\/#\/schema\/person\/7ef66e02c50604f5f3f1affc225398a5"},"description":"W sierpniu, na Facebooku, najciekawsze aktywno\u015bci odnotowali\u015bmy m. in. w kategorii Sport i Kultura i Sztuka. Sprawd\u017a raport i prze\u015bled\u017a ostatnie zmiany.","breadcrumb":{"@id":"https:\/\/www.sotrender.com\/blog\/pl\/2022\/09\/facebook-trends-sierpien-2022-nieoczekiwane-spotkania\/#breadcrumb"},"inLanguage":"pl-PL","potentialAction":[{"@type":"ReadAction","target":["https:\/\/www.sotrender.com\/blog\/pl\/2022\/09\/facebook-trends-sierpien-2022-nieoczekiwane-spotkania\/"]}]},{"@type":"ImageObject","inLanguage":"pl-PL","@id":"https:\/\/www.sotrender.com\/blog\/pl\/2022\/09\/facebook-trends-sierpien-2022-nieoczekiwane-spotkania\/#primaryimage","url":"https:\/\/www.sotrender.com\/blog\/wp-content\/uploads\/2022\/09\/FB-Trends-sierpien\u0301-2022.jpg","contentUrl":"https:\/\/www.sotrender.com\/blog\/wp-content\/uploads\/2022\/09\/FB-Trends-sierpien\u0301-2022.jpg","width":1600,"height":1067},{"@type":"BreadcrumbList","@id":"https:\/\/www.sotrender.com\/blog\/pl\/2022\/09\/facebook-trends-sierpien-2022-nieoczekiwane-spotkania\/#breadcrumb","itemListElement":[{"@type":"ListItem","position":1,"name":"Home","item":"https:\/\/www.sotrender.com\/blog\/"},{"@type":"ListItem","position":2,"name":"Facebook Trends sierpie\u0144 2022 &#8211; nieoczekiwane spotkania"}]},{"@type":"WebSite","@id":"https:\/\/www.sotrender.com\/blog\/#website","url":"https:\/\/www.sotrender.com\/blog\/","name":"Sotrender Blog","description":"","potentialAction":[{"@type":"SearchAction","target":{"@type":"EntryPoint","urlTemplate":"https:\/\/www.sotrender.com\/blog\/?s={search_term_string}"},"query-input":"required name=search_term_string"}],"inLanguage":"pl-PL"},{"@type":"Person","@id":"https:\/\/www.sotrender.com\/blog\/#\/schema\/person\/7ef66e02c50604f5f3f1affc225398a5","name":"Marta Bongilaj","image":{"@type":"ImageObject","inLanguage":"pl-PL","@id":"https:\/\/www.sotrender.com\/blog\/#\/schema\/person\/image\/","url":"https:\/\/secure.gravatar.com\/avatar\/0799dc0381a0207d8370bd44a9c21665?s=96&d=mm&r=g","contentUrl":"https:\/\/secure.gravatar.com\/avatar\/0799dc0381a0207d8370bd44a9c21665?s=96&d=mm&r=g","caption":"Marta Bongilaj"},"description":"Content marketer developing her passion for writing from her youngest years. Loves playing with words. Beyond that, a real dog enthusiast and a happy owner of one.","url":"https:\/\/www.sotrender.com\/blog\/pl\/author\/marta_bongilaj\/"}]}},"_links":{"self":[{"href":"https:\/\/www.sotrender.com\/blog\/pl\/wp-json\/wp\/v2\/posts\/46159"}],"collection":[{"href":"https:\/\/www.sotrender.com\/blog\/pl\/wp-json\/wp\/v2\/posts"}],"about":[{"href":"https:\/\/www.sotrender.com\/blog\/pl\/wp-json\/wp\/v2\/types\/post"}],"author":[{"embeddable":true,"href":"https:\/\/www.sotrender.com\/blog\/pl\/wp-json\/wp\/v2\/users\/211"}],"replies":[{"embeddable":true,"href":"https:\/\/www.sotrender.com\/blog\/pl\/wp-json\/wp\/v2\/comments?post=46159"}],"version-history":[{"count":5,"href":"https:\/\/www.sotrender.com\/blog\/pl\/wp-json\/wp\/v2\/posts\/46159\/revisions"}],"predecessor-version":[{"id":46189,"href":"https:\/\/www.sotrender.com\/blog\/pl\/wp-json\/wp\/v2\/posts\/46159\/revisions\/46189"}],"wp:featuredmedia":[{"embeddable":true,"href":"https:\/\/www.sotrender.com\/blog\/pl\/wp-json\/wp\/v2\/media\/46191"}],"wp:attachment":[{"href":"https:\/\/www.sotrender.com\/blog\/pl\/wp-json\/wp\/v2\/media?parent=46159"}],"wp:term":[{"taxonomy":"category","embeddable":true,"href":"https:\/\/www.sotrender.com\/blog\/pl\/wp-json\/wp\/v2\/categories?post=46159"},{"taxonomy":"post_tag","embeddable":true,"href":"https:\/\/www.sotrender.com\/blog\/pl\/wp-json\/wp\/v2\/tags?post=46159"}],"curies":[{"name":"wp","href":"https:\/\/api.w.org\/{rel}","templated":true}]}}