{"id":46,"date":"2011-11-10T22:12:46","date_gmt":"2011-11-10T21:12:46","guid":{"rendered":"http:\/\/blog.fanpagetrender.pl\/?p=46"},"modified":"2015-12-01T22:47:05","modified_gmt":"2015-12-01T21:47:05","slug":"milion-fanow-nie-moze-sie-mylic-czyli-fanpage-trender-w-gazeta-pl","status":"publish","type":"post","link":"https:\/\/www.sotrender.com\/blog\/pl\/2011\/11\/milion-fanow-nie-moze-sie-mylic-czyli-fanpage-trender-w-gazeta-pl\/","title":{"rendered":"Milion fan\u00f3w nie mo\u017ce si\u0119 myli\u0107,  czyli Fanpage Trender w Gazeta.pl"},"content":{"rendered":"<p>Dzi\u015b w dziale gospodarka na <a href=\"http:\/\/www.gazeta.pl\/0, 0.html?utm_source=czapeczka&amp;utm_medium=AutopromoCzp&amp;utm_campaign=a_logoczapa\">Gazeta.pl<\/a> ukaza\u0142 si\u0119 bardzo ciekawy artyku\u0142 <strong>Tomasza Gryngiewicza<\/strong> na temat fanpage&#8217;a <a href=\"http:\/\/www.facebook.com\/demotywatory\">Demotywatory<\/a>,  kt\u00f3ry jako pierwszy polski fanpage zbli\u017ca si\u0119 do magicznej liczby miliona fan\u00f3w. <strong>Fenomen tego fanpage&#8217;a polega<\/strong> nie tylko na rekordowej liczbie fan\u00f3w ale r\u00f3wnie\u017c na tym,  \u017ce sukces zosta\u0142 osi\u0105gni\u0119ty dzi\u0119ki minimalnym nak\u0142adom finansowym i niewielkiej liczbie konkurs\u00f3w,  kt\u00f3re zazwyczaj &#8220;nap\u0119dzaj\u0105&#8221; fanpage&#8217;om fan\u00f3w.<\/p>\n<p><!--more--><\/p>\n<p>Oczywi\u015bcie,  zesp\u00f3\u0142 <strong>Fanpage Trender<\/strong> na bie\u017c\u0105co monitoruje Demotywatory i w artykule Tomasza Gryngiewicza nie mog\u0142o zabrakn\u0105\u0107 naszego komentarza oraz wykres\u00f3w.<\/p>\n<p><a href=\"https:\/\/www.sotrender.com\/blog\/wp-content\/uploads\/2011\/11\/art-wyborcza-milion-fan%C3%B3w.jpg\"><img loading=\"lazy\" decoding=\"async\" class=\"alignnone size-medium wp-image-47\" title=\"art wyborcza milion fan\u00f3w\" src=\"https:\/\/www.sotrender.com\/blog\/wp-content\/uploads\/2011\/11\/art-wyborcza-milion-fan%C3%B3w-205x300.jpg\" alt=\"\" width=\"205\" height=\"300\" \/><\/a><\/p>\n<p>Po wi\u0119cej szczeg\u00f3\u0142\u00f3w odsy\u0142amy do internetowego wydania <a href=\"http:\/\/gospodarka.gazeta.pl\/IT\/1, 69805, 10620348, Milion_fanow_nie_moze_sie_mylic__czyli_biznesy_na.html\">artyku\u0142u<\/a>.<\/p>\n<p>Mi\u0142ej lektury!<\/p>\n","protected":false},"excerpt":{"rendered":"<p>Dzi\u015b w dziale gospodarka na Gazeta.pl ukaza\u0142 si\u0119 bardzo ciekawy artyku\u0142 Tomasza Gryngiewicza na temat fanpage&#8217;a Demotywatory, kt\u00f3ry jako pierwszy polski fanpage zbli\u017ca si\u0119 do magicznej liczby miliona fan\u00f3w. Fenomen tego fanpage&#8217;a polega nie tylko na rekordowej liczbie fan\u00f3w ale r\u00f3wnie\u017c na tym, \u017ce sukces zosta\u0142 osi\u0105gni\u0119ty dzi\u0119ki minimalnym nak\u0142adom finansowym i niewielkiej liczbie konkurs\u00f3w, [&hellip;]<\/p>\n","protected":false},"author":31,"featured_media":0,"comment_status":"open","ping_status":"open","sticky":false,"template":"","format":"standard","meta":{"inline_featured_image":false,"footnotes":""},"categories":[1793,1797],"tags":[7,17,311,317],"yoast_head":"<!-- This site is optimized with the Yoast SEO plugin v22.4 - https:\/\/yoast.com\/wordpress\/plugins\/seo\/ -->\n<title>Milion fan\u00f3w na fanpage&#039;u Demotywatory<\/title>\n<meta name=\"description\" content=\"Najpopularniejszy polski fanpage Demotywatory przekroczy\u0142 milion fan\u00f3w.\" \/>\n<meta name=\"robots\" content=\"index, follow, max-snippet:-1, max-image-preview:large, max-video-preview:-1\" \/>\n<link rel=\"canonical\" href=\"https:\/\/www.sotrender.com\/blog\/pl\/2011\/11\/milion-fanow-nie-moze-sie-mylic-czyli-fanpage-trender-w-gazeta-pl\/\" \/>\n<meta property=\"og:locale\" content=\"pl_PL\" \/>\n<meta property=\"og:type\" content=\"article\" \/>\n<meta property=\"og:title\" content=\"Milion fan\u00f3w na fanpage&#039;u Demotywatory\" \/>\n<meta property=\"og:description\" content=\"Najpopularniejszy polski fanpage Demotywatory przekroczy\u0142 milion fan\u00f3w.\" \/>\n<meta property=\"og:url\" content=\"https:\/\/www.sotrender.com\/blog\/pl\/2011\/11\/milion-fanow-nie-moze-sie-mylic-czyli-fanpage-trender-w-gazeta-pl\/\" \/>\n<meta property=\"og:site_name\" content=\"Sotrender Blog\" \/>\n<meta property=\"article:publisher\" content=\"https:\/\/www.facebook.com\/Sotrender\" \/>\n<meta property=\"article:published_time\" content=\"2011-11-10T21:12:46+00:00\" \/>\n<meta property=\"article:modified_time\" content=\"2015-12-01T21:47:05+00:00\" \/>\n<meta property=\"og:image\" content=\"https:\/\/www.sotrender.com\/blog\/wp-content\/uploads\/2011\/11\/art-wyborcza-milion-fan%C3%B3w-205x300.jpg\" \/>\n<meta name=\"author\" content=\"Aleksandra Prejs\" \/>\n<meta name=\"twitter:card\" content=\"summary_large_image\" \/>\n<meta name=\"twitter:creator\" content=\"@Sotrender\" \/>\n<meta name=\"twitter:site\" content=\"@Sotrender\" \/>\n<meta name=\"twitter:label1\" content=\"Written by\" \/>\n\t<meta name=\"twitter:data1\" content=\"Aleksandra Prejs\" \/>\n\t<meta name=\"twitter:label2\" content=\"Est. reading time\" \/>\n\t<meta name=\"twitter:data2\" content=\"1 minute\" \/>\n<script type=\"application\/ld+json\" class=\"yoast-schema-graph\">{\"@context\":\"https:\/\/schema.org\",\"@graph\":[{\"@type\":\"WebPage\",\"@id\":\"https:\/\/www.sotrender.com\/blog\/pl\/2011\/11\/milion-fanow-nie-moze-sie-mylic-czyli-fanpage-trender-w-gazeta-pl\/\",\"url\":\"https:\/\/www.sotrender.com\/blog\/pl\/2011\/11\/milion-fanow-nie-moze-sie-mylic-czyli-fanpage-trender-w-gazeta-pl\/\",\"name\":\"Milion fan\u00f3w na fanpage'u Demotywatory\",\"isPartOf\":{\"@id\":\"https:\/\/www.sotrender.com\/blog\/#website\"},\"primaryImageOfPage\":{\"@id\":\"https:\/\/www.sotrender.com\/blog\/pl\/2011\/11\/milion-fanow-nie-moze-sie-mylic-czyli-fanpage-trender-w-gazeta-pl\/#primaryimage\"},\"image\":{\"@id\":\"https:\/\/www.sotrender.com\/blog\/pl\/2011\/11\/milion-fanow-nie-moze-sie-mylic-czyli-fanpage-trender-w-gazeta-pl\/#primaryimage\"},\"thumbnailUrl\":\"https:\/\/www.sotrender.com\/blog\/wp-content\/uploads\/2011\/11\/art-wyborcza-milion-fan%C3%B3w-205x300.jpg\",\"datePublished\":\"2011-11-10T21:12:46+00:00\",\"dateModified\":\"2015-12-01T21:47:05+00:00\",\"author\":{\"@id\":\"https:\/\/www.sotrender.com\/blog\/#\/schema\/person\/7106df62825269bc360ad9171cd7149b\"},\"description\":\"Najpopularniejszy polski fanpage Demotywatory przekroczy\u0142 milion fan\u00f3w.\",\"breadcrumb\":{\"@id\":\"https:\/\/www.sotrender.com\/blog\/pl\/2011\/11\/milion-fanow-nie-moze-sie-mylic-czyli-fanpage-trender-w-gazeta-pl\/#breadcrumb\"},\"inLanguage\":\"pl-PL\",\"potentialAction\":[{\"@type\":\"ReadAction\",\"target\":[\"https:\/\/www.sotrender.com\/blog\/pl\/2011\/11\/milion-fanow-nie-moze-sie-mylic-czyli-fanpage-trender-w-gazeta-pl\/\"]}]},{\"@type\":\"ImageObject\",\"inLanguage\":\"pl-PL\",\"@id\":\"https:\/\/www.sotrender.com\/blog\/pl\/2011\/11\/milion-fanow-nie-moze-sie-mylic-czyli-fanpage-trender-w-gazeta-pl\/#primaryimage\",\"url\":\"https:\/\/www.sotrender.com\/blog\/wp-content\/uploads\/2011\/11\/art-wyborcza-milion-fan%C3%B3w-205x300.jpg\",\"contentUrl\":\"https:\/\/www.sotrender.com\/blog\/wp-content\/uploads\/2011\/11\/art-wyborcza-milion-fan%C3%B3w-205x300.jpg\"},{\"@type\":\"BreadcrumbList\",\"@id\":\"https:\/\/www.sotrender.com\/blog\/pl\/2011\/11\/milion-fanow-nie-moze-sie-mylic-czyli-fanpage-trender-w-gazeta-pl\/#breadcrumb\",\"itemListElement\":[{\"@type\":\"ListItem\",\"position\":1,\"name\":\"Home\",\"item\":\"https:\/\/www.sotrender.com\/blog\/\"},{\"@type\":\"ListItem\",\"position\":2,\"name\":\"Milion fan\u00f3w nie mo\u017ce si\u0119 myli\u0107, czyli Fanpage Trender w Gazeta.pl\"}]},{\"@type\":\"WebSite\",\"@id\":\"https:\/\/www.sotrender.com\/blog\/#website\",\"url\":\"https:\/\/www.sotrender.com\/blog\/\",\"name\":\"Sotrender Blog\",\"description\":\"\",\"potentialAction\":[{\"@type\":\"SearchAction\",\"target\":{\"@type\":\"EntryPoint\",\"urlTemplate\":\"https:\/\/www.sotrender.com\/blog\/?s={search_term_string}\"},\"query-input\":\"required name=search_term_string\"}],\"inLanguage\":\"pl-PL\"},{\"@type\":\"Person\",\"@id\":\"https:\/\/www.sotrender.com\/blog\/#\/schema\/person\/7106df62825269bc360ad9171cd7149b\",\"name\":\"Aleksandra Prejs\",\"image\":{\"@type\":\"ImageObject\",\"inLanguage\":\"pl-PL\",\"@id\":\"https:\/\/www.sotrender.com\/blog\/#\/schema\/person\/image\/\",\"url\":\"https:\/\/secure.gravatar.com\/avatar\/469000454b77ff0aacb32c49dba023be?s=96&d=mm&r=g\",\"contentUrl\":\"https:\/\/secure.gravatar.com\/avatar\/469000454b77ff0aacb32c49dba023be?s=96&d=mm&r=g\",\"caption\":\"Aleksandra Prejs\"},\"url\":\"https:\/\/www.sotrender.com\/blog\/pl\/author\/aleksandra-prejs\/\"}]}<\/script>\n<!-- \/ Yoast SEO plugin. -->","yoast_head_json":{"title":"Milion fan\u00f3w na fanpage'u Demotywatory","description":"Najpopularniejszy polski fanpage Demotywatory przekroczy\u0142 milion fan\u00f3w.","robots":{"index":"index","follow":"follow","max-snippet":"max-snippet:-1","max-image-preview":"max-image-preview:large","max-video-preview":"max-video-preview:-1"},"canonical":"https:\/\/www.sotrender.com\/blog\/pl\/2011\/11\/milion-fanow-nie-moze-sie-mylic-czyli-fanpage-trender-w-gazeta-pl\/","og_locale":"pl_PL","og_type":"article","og_title":"Milion fan\u00f3w na fanpage'u Demotywatory","og_description":"Najpopularniejszy polski fanpage Demotywatory przekroczy\u0142 milion fan\u00f3w.","og_url":"https:\/\/www.sotrender.com\/blog\/pl\/2011\/11\/milion-fanow-nie-moze-sie-mylic-czyli-fanpage-trender-w-gazeta-pl\/","og_site_name":"Sotrender Blog","article_publisher":"https:\/\/www.facebook.com\/Sotrender","article_published_time":"2011-11-10T21:12:46+00:00","article_modified_time":"2015-12-01T21:47:05+00:00","og_image":[{"url":"https:\/\/www.sotrender.com\/blog\/wp-content\/uploads\/2011\/11\/art-wyborcza-milion-fan%C3%B3w-205x300.jpg"}],"author":"Aleksandra Prejs","twitter_card":"summary_large_image","twitter_creator":"@Sotrender","twitter_site":"@Sotrender","twitter_misc":{"Written by":"Aleksandra Prejs","Est. reading time":"1 minute"},"schema":{"@context":"https:\/\/schema.org","@graph":[{"@type":"WebPage","@id":"https:\/\/www.sotrender.com\/blog\/pl\/2011\/11\/milion-fanow-nie-moze-sie-mylic-czyli-fanpage-trender-w-gazeta-pl\/","url":"https:\/\/www.sotrender.com\/blog\/pl\/2011\/11\/milion-fanow-nie-moze-sie-mylic-czyli-fanpage-trender-w-gazeta-pl\/","name":"Milion fan\u00f3w na fanpage'u Demotywatory","isPartOf":{"@id":"https:\/\/www.sotrender.com\/blog\/#website"},"primaryImageOfPage":{"@id":"https:\/\/www.sotrender.com\/blog\/pl\/2011\/11\/milion-fanow-nie-moze-sie-mylic-czyli-fanpage-trender-w-gazeta-pl\/#primaryimage"},"image":{"@id":"https:\/\/www.sotrender.com\/blog\/pl\/2011\/11\/milion-fanow-nie-moze-sie-mylic-czyli-fanpage-trender-w-gazeta-pl\/#primaryimage"},"thumbnailUrl":"https:\/\/www.sotrender.com\/blog\/wp-content\/uploads\/2011\/11\/art-wyborcza-milion-fan%C3%B3w-205x300.jpg","datePublished":"2011-11-10T21:12:46+00:00","dateModified":"2015-12-01T21:47:05+00:00","author":{"@id":"https:\/\/www.sotrender.com\/blog\/#\/schema\/person\/7106df62825269bc360ad9171cd7149b"},"description":"Najpopularniejszy polski fanpage Demotywatory przekroczy\u0142 milion fan\u00f3w.","breadcrumb":{"@id":"https:\/\/www.sotrender.com\/blog\/pl\/2011\/11\/milion-fanow-nie-moze-sie-mylic-czyli-fanpage-trender-w-gazeta-pl\/#breadcrumb"},"inLanguage":"pl-PL","potentialAction":[{"@type":"ReadAction","target":["https:\/\/www.sotrender.com\/blog\/pl\/2011\/11\/milion-fanow-nie-moze-sie-mylic-czyli-fanpage-trender-w-gazeta-pl\/"]}]},{"@type":"ImageObject","inLanguage":"pl-PL","@id":"https:\/\/www.sotrender.com\/blog\/pl\/2011\/11\/milion-fanow-nie-moze-sie-mylic-czyli-fanpage-trender-w-gazeta-pl\/#primaryimage","url":"https:\/\/www.sotrender.com\/blog\/wp-content\/uploads\/2011\/11\/art-wyborcza-milion-fan%C3%B3w-205x300.jpg","contentUrl":"https:\/\/www.sotrender.com\/blog\/wp-content\/uploads\/2011\/11\/art-wyborcza-milion-fan%C3%B3w-205x300.jpg"},{"@type":"BreadcrumbList","@id":"https:\/\/www.sotrender.com\/blog\/pl\/2011\/11\/milion-fanow-nie-moze-sie-mylic-czyli-fanpage-trender-w-gazeta-pl\/#breadcrumb","itemListElement":[{"@type":"ListItem","position":1,"name":"Home","item":"https:\/\/www.sotrender.com\/blog\/"},{"@type":"ListItem","position":2,"name":"Milion fan\u00f3w nie mo\u017ce si\u0119 myli\u0107, czyli Fanpage Trender w Gazeta.pl"}]},{"@type":"WebSite","@id":"https:\/\/www.sotrender.com\/blog\/#website","url":"https:\/\/www.sotrender.com\/blog\/","name":"Sotrender Blog","description":"","potentialAction":[{"@type":"SearchAction","target":{"@type":"EntryPoint","urlTemplate":"https:\/\/www.sotrender.com\/blog\/?s={search_term_string}"},"query-input":"required name=search_term_string"}],"inLanguage":"pl-PL"},{"@type":"Person","@id":"https:\/\/www.sotrender.com\/blog\/#\/schema\/person\/7106df62825269bc360ad9171cd7149b","name":"Aleksandra Prejs","image":{"@type":"ImageObject","inLanguage":"pl-PL","@id":"https:\/\/www.sotrender.com\/blog\/#\/schema\/person\/image\/","url":"https:\/\/secure.gravatar.com\/avatar\/469000454b77ff0aacb32c49dba023be?s=96&d=mm&r=g","contentUrl":"https:\/\/secure.gravatar.com\/avatar\/469000454b77ff0aacb32c49dba023be?s=96&d=mm&r=g","caption":"Aleksandra Prejs"},"url":"https:\/\/www.sotrender.com\/blog\/pl\/author\/aleksandra-prejs\/"}]}},"_links":{"self":[{"href":"https:\/\/www.sotrender.com\/blog\/pl\/wp-json\/wp\/v2\/posts\/46"}],"collection":[{"href":"https:\/\/www.sotrender.com\/blog\/pl\/wp-json\/wp\/v2\/posts"}],"about":[{"href":"https:\/\/www.sotrender.com\/blog\/pl\/wp-json\/wp\/v2\/types\/post"}],"author":[{"embeddable":true,"href":"https:\/\/www.sotrender.com\/blog\/pl\/wp-json\/wp\/v2\/users\/31"}],"replies":[{"embeddable":true,"href":"https:\/\/www.sotrender.com\/blog\/pl\/wp-json\/wp\/v2\/comments?post=46"}],"version-history":[{"count":15,"href":"https:\/\/www.sotrender.com\/blog\/pl\/wp-json\/wp\/v2\/posts\/46\/revisions"}],"predecessor-version":[{"id":3109,"href":"https:\/\/www.sotrender.com\/blog\/pl\/wp-json\/wp\/v2\/posts\/46\/revisions\/3109"}],"wp:attachment":[{"href":"https:\/\/www.sotrender.com\/blog\/pl\/wp-json\/wp\/v2\/media?parent=46"}],"wp:term":[{"taxonomy":"category","embeddable":true,"href":"https:\/\/www.sotrender.com\/blog\/pl\/wp-json\/wp\/v2\/categories?post=46"},{"taxonomy":"post_tag","embeddable":true,"href":"https:\/\/www.sotrender.com\/blog\/pl\/wp-json\/wp\/v2\/tags?post=46"}],"curies":[{"name":"wp","href":"https:\/\/api.w.org\/{rel}","templated":true}]}}