{"id":45991,"date":"2022-08-09T10:29:43","date_gmt":"2022-08-09T08:29:43","guid":{"rendered":"https:\/\/www.sotrender.com\/blog\/?p=45991\/"},"modified":"2022-09-08T10:47:28","modified_gmt":"2022-09-08T08:47:28","slug":"facebook-trends-lipiec-2022-czolowi-gracze","status":"publish","type":"post","link":"https:\/\/www.sotrender.com\/blog\/pl\/2022\/08\/facebook-trends-lipiec-2022-czolowi-gracze\/","title":{"rendered":"Facebook Trends lipiec 2022 \u2013 czo\u0142owi gracze w nowej ods\u0142onie"},"content":{"rendered":"<p><span style=\"font-weight: 400;\">Ostatnie lata przynios\u0142y mn\u00f3stwo zmian, zw\u0142aszcza spo\u0142ecznych i gospodarczych. Wojna, rosn\u0105ca inflacja czy pandemia s\u0105 wci\u0105\u017c cz\u0119sto podejmowanymi tematami w mediach spo\u0142eczno\u015bciowych. Ale w lipcu, na Facebooku, g\u0142o\u015bno by\u0142o te\u017c o innych wydarzeniach.<\/span><\/p>\n<p><span style=\"font-weight: 400;\">Oto najnowszy <\/span><span style=\"font-weight: 400;\">raport <a href=\"https:\/\/www.sotrender.com\/trends\/facebook\/poland\/202207\">Facebook Trends &#8211; lipiec 2022<\/a><\/span><span style=\"font-weight: 400;\"> i najciekawsze zmiany w rankingach.\u00a0<\/span><\/p>\n<h2><b>Reklama na Facebooku ta\u0144sza ni\u017c w czerwcu<\/b><\/h2>\n<p><span style=\"font-weight: 400;\">Jak co miesi\u0105c, zaczynamy od podsumowania \u015brednich miesi\u0119cznych stawek reklamowych na Facebooku. <\/span><b>W lipcu, w por\u00f3wnaniu do czerwca, zmala\u0142 zar\u00f3wno \u015bredni CPC, jak i CPM<\/b><span style=\"font-weight: 400;\">. W ubieg\u0142ym miesi\u0105cu \u015bredni CPC wyni\u00f3s\u0142 <\/span><b>88 gr<\/b><span style=\"font-weight: 400;\">, podczas gdy miesi\u0105c wcze\u015bniej wynosi\u0142 1 z\u0142 8 gr. Mediana CPC dla jednej aktywnej reklamy w lipcu wynios\u0142a z kolei <\/span><b>53 gr<\/b><span style=\"font-weight: 400;\">, czyli o 12 gr mniej ni\u017c w czerwcu.<\/span><\/p>\n<p><img loading=\"lazy\" decoding=\"async\" class=\"aligncenter wp-image-45993\" src=\"https:\/\/www.sotrender.com\/blog\/wp-content\/uploads\/2022\/08\/CPC_lipiec.png\" alt=\"\u015bredni CPC lipiec\" width=\"801\" height=\"467\" srcset=\"https:\/\/www.sotrender.com\/blog\/wp-content\/uploads\/2022\/08\/CPC_lipiec.png 1200w, https:\/\/www.sotrender.com\/blog\/wp-content\/uploads\/2022\/08\/CPC_lipiec-475x277.png 475w, https:\/\/www.sotrender.com\/blog\/wp-content\/uploads\/2022\/08\/CPC_lipiec-768x448.png 768w\" sizes=\"(max-width: 801px) 100vw, 801px\" \/><\/p>\n<p><span style=\"font-weight: 400;\">W lipcu, w por\u00f3wnaniu do czerwca, zmieni\u0142a si\u0119 te\u017c warto\u015b\u0107 \u015bredniego CPM. <\/span><b>\u015aredni koszt 1000 wy\u015bwietle\u0144 reklamy wyni\u00f3s\u0142 w lipcu 6,96 z\u0142<\/b><span style=\"font-weight: 400;\">, podczas gdy w czerwcu by\u0142o to o 1,42 z\u0142 wi\u0119cej. Mediana \u015bredniego CPM przyj\u0119\u0142a w lipcu warto\u015b\u0107 4,03 z\u0142, podczas gdy miesi\u0105c wcze\u015bniej by\u0142o to 4,72 z\u0142.<\/span><\/p>\n<p><img loading=\"lazy\" decoding=\"async\" class=\"aligncenter wp-image-45995\" src=\"https:\/\/www.sotrender.com\/blog\/wp-content\/uploads\/2022\/08\/CPM_lipiec.png\" alt=\"\u015bredni CPM lipiec\" width=\"801\" height=\"467\" srcset=\"https:\/\/www.sotrender.com\/blog\/wp-content\/uploads\/2022\/08\/CPM_lipiec.png 1200w, https:\/\/www.sotrender.com\/blog\/wp-content\/uploads\/2022\/08\/CPM_lipiec-475x277.png 475w, https:\/\/www.sotrender.com\/blog\/wp-content\/uploads\/2022\/08\/CPM_lipiec-768x448.png 768w\" sizes=\"(max-width: 801px) 100vw, 801px\" \/><\/p>\n<h2><b>Lewandowski ko\u0144czy z Bayernem<\/b><\/h2>\n<p><span style=\"font-weight: 400;\">Jedn\u0105 z g\u0142o\u015bniejszych zmian ostatniego miesi\u0105ca by\u0142a oficjalna informacja na temat odej\u015bcia Lewandowskiego z klubu Bayern Monachium. Po 8 latach wsp\u00f3\u0142pracy z monachijskim klubem, polski pi\u0142karz zdecydowa\u0142, \u017ce nie przed\u0142u\u017cy z nim kontraktu.\u00a0<\/span><\/p>\n<div id=\"attachment_45997\" style=\"width: 811px\" class=\"wp-caption aligncenter\"><img loading=\"lazy\" decoding=\"async\" aria-describedby=\"caption-attachment-45997\" class=\"wp-image-45997\" src=\"https:\/\/www.sotrender.com\/blog\/wp-content\/uploads\/2022\/08\/polskoje\u0328zyczne_aktywni-uz\u0307ytkownicy.png\" alt=\"polskoj\u0119zyczne aktywni u\u017cytkownicy\" width=\"801\" height=\"383\" srcset=\"https:\/\/www.sotrender.com\/blog\/wp-content\/uploads\/2022\/08\/polskoje\u0328zyczne_aktywni-uz\u0307ytkownicy.png 1999w, https:\/\/www.sotrender.com\/blog\/wp-content\/uploads\/2022\/08\/polskoje\u0328zyczne_aktywni-uz\u0307ytkownicy-475x227.png 475w, https:\/\/www.sotrender.com\/blog\/wp-content\/uploads\/2022\/08\/polskoje\u0328zyczne_aktywni-uz\u0307ytkownicy-768x367.png 768w\" sizes=\"(max-width: 801px) 100vw, 801px\" \/><p id=\"caption-attachment-45997\" class=\"wp-caption-text\">Profile o najwi\u0119kszej aktywno\u015bci u\u017cytkownik\u00f3w, Polskoj\u0119zyczne | Facebook, lipiec 2022<\/p><\/div>\n<p><span style=\"font-weight: 400;\">Post, w kt\u00f3rym Lewandowski napisa\u0142 o zmianie klubu, wzbudzi\u0142, nie bez zaskoczenia, sporo zainteresowania, zdobywaj\u0105c ok. 550 tys. reakcji, 26 tys. komentarzy i 7 tys. udost\u0119pnie\u0144.\u00a0<\/span><\/p>\n<p><span style=\"font-weight: 400;\">Jeszcze wi\u0119ksze zaanga\u017cowanie zyska\u0142 wpis, w kt\u00f3rym pi\u0142karz poinformowa\u0142 o do\u0142\u0105czeniu do nowego klubu. <\/span><b>Kr\u00f3tkie <\/b><b><i>Cze\u015b\u0107 FC Barcelona<\/i><\/b><b>,<\/b> <b>zgromadzi\u0142o a\u017c 1,2 mln reakcji, 79 tys. komentarzy i 31 tys. udost\u0119pnie\u0144<\/b><span style=\"font-weight: 400;\">.<\/span><\/p>\n<p><iframe loading=\"lazy\" style=\"border: none; overflow: hidden;\" src=\"https:\/\/www.facebook.com\/plugins\/post.php?href=https%3A%2F%2Fwww.facebook.com%2Frl9official%2Fposts%2Fpfbid02iHe8hbtx6qtzsmKnhqnky9XvffSPd3RmUkVHQpva4NLkT3s6SLs3Qc2AtMHgrgLtl&amp;show_text=true&amp;width=500\" width=\"500\" height=\"590\" frameborder=\"0\" scrolling=\"no\" allowfullscreen=\"allowfullscreen\"><\/iframe><\/p>\n<h2><b>Szpilka z nowym rywalem na High League<\/b><\/h2>\n<p><span style=\"font-weight: 400;\">Na pocz\u0105tku roku, o zmianach w swojej karierze poinformowa\u0142 te\u017c Artur Szpilka. By\u0142y bokser zapowiedzia\u0142, \u017ce wr\u00f3ci do sztuk walki, ale w innej ods\u0142onie. Ca\u0142kiem niedawno, bo w czerwcu, Szpilka zadebiutowa\u0142 w gali KSW 71 i pokona\u0142 przeciwnika z Ukrainy.<\/span><\/p>\n<p><span style=\"font-weight: 400;\">W lipcu Szpilka udost\u0119pni\u0142 na swoim profilu kilka post\u00f3w z informacjami o kolejnej walce na High League w Gliwicach, kt\u00f3ra odb\u0119dzie si\u0119 17 wrze\u015bnia. Dzi\u0119ki wzmo\u017conej aktywno\u015bci fan\u00f3w, jego profil awansowa\u0142 o 25 pozycji w kategorii <\/span><a href=\"https:\/\/www.sotrender.com\/trends\/facebook\/poland\/202207\/pl_wszystkie\"><span style=\"font-weight: 400;\">Polskoj\u0119zyczne<\/span><\/a><span style=\"font-weight: 400;\">, w rankingu Zaanga\u017cowanie, i znalaz\u0142 si\u0119 tym samym na wysokim 6. miejscu.<\/span><\/p>\n<div id=\"attachment_45999\" style=\"width: 810px\" class=\"wp-caption aligncenter\"><img loading=\"lazy\" decoding=\"async\" aria-describedby=\"caption-attachment-45999\" class=\"wp-image-45999\" src=\"https:\/\/www.sotrender.com\/blog\/wp-content\/uploads\/2022\/08\/polskoje\u0328zyczne_zaangaz\u0307owanie.png\" alt=\"polskoj\u0119zyczne zaanga\u017cowanie\" width=\"800\" height=\"419\" srcset=\"https:\/\/www.sotrender.com\/blog\/wp-content\/uploads\/2022\/08\/polskoje\u0328zyczne_zaangaz\u0307owanie.png 1999w, https:\/\/www.sotrender.com\/blog\/wp-content\/uploads\/2022\/08\/polskoje\u0328zyczne_zaangaz\u0307owanie-475x249.png 475w, https:\/\/www.sotrender.com\/blog\/wp-content\/uploads\/2022\/08\/polskoje\u0328zyczne_zaangaz\u0307owanie-768x402.png 768w\" sizes=\"(max-width: 800px) 100vw, 800px\" \/><p id=\"caption-attachment-45999\" class=\"wp-caption-text\">Profile o najwi\u0119kszym zaanga\u017cowaniu u\u017cytkownik\u00f3w, Polskoj\u0119zyczne | Facebook, lipiec 2022<\/p><\/div>\n<h2><b>Andrzej Rysuje o sytuacji gospodarczej<\/b><\/h2>\n<p><span style=\"font-weight: 400;\">Niekt\u00f3rzy komentuj\u0105 obecn\u0105 sytuacj\u0119 gospodarcz\u0105 w kraju s\u0142ownie (jak np. robi to Dziki Trener), inni &#8211; bardziej obrazowo, bo za pomoc\u0105 grafik. Jednym z bardziej popularnych profili rysunkowych na polskim Facebooku jest profil <a href=\"https:\/\/www.facebook.com\/AndrzejMilewskiRysuje\">Andrzej Rysuje<\/a>, pe\u0142en satyry i b\u0142yskotliwego humoru.<\/span><\/p>\n<p><span style=\"font-weight: 400;\">W lipcu, profil rysownika awansowa\u0142 a\u017c o 179 pozycji w kategorii <\/span><a href=\"https:\/\/www.sotrender.com\/trends\/facebook\/poland\/202207\/osoby\"><span style=\"font-weight: 400;\">Osoby<\/span><\/a><span style=\"font-weight: 400;\">, w rankingu Zaanga\u017cowanie, i znalaz\u0142 si\u0119 na 11. miejscu.\u00a0<\/span><\/p>\n<div id=\"attachment_46001\" style=\"width: 811px\" class=\"wp-caption aligncenter\"><img loading=\"lazy\" decoding=\"async\" aria-describedby=\"caption-attachment-46001\" class=\"wp-image-46001\" src=\"https:\/\/www.sotrender.com\/blog\/wp-content\/uploads\/2022\/08\/osoby_zaangaz\u0307owanie.png\" alt=\"osoby zaanga\u017cowanie\" width=\"801\" height=\"216\" srcset=\"https:\/\/www.sotrender.com\/blog\/wp-content\/uploads\/2022\/08\/osoby_zaangaz\u0307owanie.png 1999w, https:\/\/www.sotrender.com\/blog\/wp-content\/uploads\/2022\/08\/osoby_zaangaz\u0307owanie-475x128.png 475w, https:\/\/www.sotrender.com\/blog\/wp-content\/uploads\/2022\/08\/osoby_zaangaz\u0307owanie-768x207.png 768w\" sizes=\"(max-width: 801px) 100vw, 801px\" \/><p id=\"caption-attachment-46001\" class=\"wp-caption-text\">Profile o najwi\u0119kszym zaanga\u017cowaniu u\u017cytkownik\u00f3w, Osoby | Facebook, lipiec 2022<\/p><\/div>\n<p><span style=\"font-weight: 400;\">Milewski nawi\u0105zywa\u0142 w lipcu m. in. do rosn\u0105cych cen w Polsce, dylemat\u00f3w zwi\u0105zanych z ekologi\u0105, polityki czy polskiego kleru. Najlepsze posty zgromadzi\u0142y po kilka tysi\u0119cy komentarzy i kilkaset udost\u0119pnie\u0144.<\/span><\/p>\n<p><iframe loading=\"lazy\" style=\"border: none; overflow: hidden;\" src=\"https:\/\/www.facebook.com\/plugins\/post.php?href=https%3A%2F%2Fwww.facebook.com%2FAndrzejMilewskiRysuje%2Fposts%2Fpfbid039vkUJrqYu8br2Hxi7599UVw4tRQFz2q9Gk3orHBK4i5b14axqoSRGD9W8jp62Hxl&amp;show_text=true&amp;width=500\" width=\"500\" height=\"485\" frameborder=\"0\" scrolling=\"no\" allowfullscreen=\"allowfullscreen\"><\/iframe><\/p>\n<p><span style=\"font-weight: 400;\">To tylko niekt\u00f3re, najciekawsze zmiany z ubieg\u0142ego miesi\u0105ca na Facebooku. Zach\u0119camy do sprawdzenia ca\u0142ego <a href=\"https:\/\/www.sotrender.com\/trends\/facebook\/poland\/202207\">raportu<\/a><\/span><span style=\"font-weight: 400;\"> Facebook Trends &#8211; lipiec 2022<\/span><span style=\"font-weight: 400;\">, w kt\u00f3rym z pewno\u015bci\u0105 znajdziecie wi\u0119cej ciekawostek oraz sprawdzicie, jak wypadaj\u0105 w zestawieniach Wasze, lub obserwowane przez Was, profile.<\/span><\/p>\n","protected":false},"excerpt":{"rendered":"<p>Ostatnie lata przynios\u0142y mn\u00f3stwo zmian, zw\u0142aszcza spo\u0142ecznych i gospodarczych. Wojna, rosn\u0105ca inflacja czy pandemia s\u0105 wci\u0105\u017c cz\u0119sto podejmowanymi tematami w mediach spo\u0142eczno\u015bciowych. Ale w lipcu, na Facebooku, g\u0142o\u015bno by\u0142o te\u017c o innych wydarzeniach. Oto najnowszy raport Facebook Trends &#8211; lipiec 2022 i najciekawsze zmiany w rankingach.\u00a0 Reklama na Facebooku ta\u0144sza ni\u017c w czerwcu Jak co [&hellip;]<\/p>\n","protected":false},"author":211,"featured_media":46003,"comment_status":"open","ping_status":"open","sticky":false,"template":"","format":"standard","meta":{"inline_featured_image":false,"footnotes":""},"categories":[1791,1797,2125],"tags":[2307],"yoast_head":"<!-- This site is optimized with the Yoast SEO plugin v22.4 - https:\/\/yoast.com\/wordpress\/plugins\/seo\/ -->\n<title>Facebook Trends lipiec 2022 - czo\u0142owi gracze w nowej ods\u0142onie<\/title>\n<meta name=\"description\" content=\"W lipcu na Facebooku, najciekawsze tre\u015bci dotyczy\u0142y m. in. sportu. Sprawd\u017a ca\u0142y raport Facebook Trends - lipiec 2022.\" \/>\n<meta name=\"robots\" content=\"index, follow, max-snippet:-1, max-image-preview:large, max-video-preview:-1\" \/>\n<link rel=\"canonical\" href=\"https:\/\/www.sotrender.com\/blog\/pl\/2022\/08\/facebook-trends-lipiec-2022-czolowi-gracze\/\" \/>\n<meta property=\"og:locale\" content=\"pl_PL\" \/>\n<meta property=\"og:type\" content=\"article\" \/>\n<meta property=\"og:title\" content=\"Facebook Trends lipiec 2022 - czo\u0142owi gracze w nowej ods\u0142onie\" \/>\n<meta property=\"og:description\" content=\"W lipcu na Facebooku, najciekawsze tre\u015bci dotyczy\u0142y m. in. sportu. Sprawd\u017a ca\u0142y raport Facebook Trends - lipiec 2022.\" \/>\n<meta property=\"og:url\" content=\"https:\/\/www.sotrender.com\/blog\/pl\/2022\/08\/facebook-trends-lipiec-2022-czolowi-gracze\/\" \/>\n<meta property=\"og:site_name\" content=\"Sotrender Blog\" \/>\n<meta property=\"article:publisher\" content=\"https:\/\/www.facebook.com\/Sotrender\" \/>\n<meta property=\"article:published_time\" content=\"2022-08-09T08:29:43+00:00\" \/>\n<meta property=\"article:modified_time\" content=\"2022-09-08T08:47:28+00:00\" \/>\n<meta property=\"og:image\" content=\"https:\/\/www.sotrender.com\/blog\/wp-content\/uploads\/2022\/08\/football-players.jpg\" \/>\n\t<meta property=\"og:image:width\" content=\"2200\" \/>\n\t<meta property=\"og:image:height\" content=\"1466\" \/>\n\t<meta property=\"og:image:type\" content=\"image\/jpeg\" \/>\n<meta name=\"author\" content=\"Marta Bongilaj\" \/>\n<meta name=\"twitter:card\" content=\"summary_large_image\" \/>\n<meta name=\"twitter:creator\" content=\"@Sotrender\" \/>\n<meta name=\"twitter:site\" content=\"@Sotrender\" \/>\n<meta name=\"twitter:label1\" content=\"Written by\" \/>\n\t<meta name=\"twitter:data1\" content=\"Marta Bongilaj\" \/>\n\t<meta name=\"twitter:label2\" content=\"Est. reading time\" \/>\n\t<meta name=\"twitter:data2\" content=\"3 minutes\" \/>\n<script type=\"application\/ld+json\" class=\"yoast-schema-graph\">{\"@context\":\"https:\/\/schema.org\",\"@graph\":[{\"@type\":\"WebPage\",\"@id\":\"https:\/\/www.sotrender.com\/blog\/pl\/2022\/08\/facebook-trends-lipiec-2022-czolowi-gracze\/\",\"url\":\"https:\/\/www.sotrender.com\/blog\/pl\/2022\/08\/facebook-trends-lipiec-2022-czolowi-gracze\/\",\"name\":\"Facebook Trends lipiec 2022 - czo\u0142owi gracze w nowej ods\u0142onie\",\"isPartOf\":{\"@id\":\"https:\/\/www.sotrender.com\/blog\/#website\"},\"primaryImageOfPage\":{\"@id\":\"https:\/\/www.sotrender.com\/blog\/pl\/2022\/08\/facebook-trends-lipiec-2022-czolowi-gracze\/#primaryimage\"},\"image\":{\"@id\":\"https:\/\/www.sotrender.com\/blog\/pl\/2022\/08\/facebook-trends-lipiec-2022-czolowi-gracze\/#primaryimage\"},\"thumbnailUrl\":\"https:\/\/www.sotrender.com\/blog\/wp-content\/uploads\/2022\/08\/football-players.jpg\",\"datePublished\":\"2022-08-09T08:29:43+00:00\",\"dateModified\":\"2022-09-08T08:47:28+00:00\",\"author\":{\"@id\":\"https:\/\/www.sotrender.com\/blog\/#\/schema\/person\/7ef66e02c50604f5f3f1affc225398a5\"},\"description\":\"W lipcu na Facebooku, najciekawsze tre\u015bci dotyczy\u0142y m. in. sportu. Sprawd\u017a ca\u0142y raport Facebook Trends - lipiec 2022.\",\"breadcrumb\":{\"@id\":\"https:\/\/www.sotrender.com\/blog\/pl\/2022\/08\/facebook-trends-lipiec-2022-czolowi-gracze\/#breadcrumb\"},\"inLanguage\":\"pl-PL\",\"potentialAction\":[{\"@type\":\"ReadAction\",\"target\":[\"https:\/\/www.sotrender.com\/blog\/pl\/2022\/08\/facebook-trends-lipiec-2022-czolowi-gracze\/\"]}]},{\"@type\":\"ImageObject\",\"inLanguage\":\"pl-PL\",\"@id\":\"https:\/\/www.sotrender.com\/blog\/pl\/2022\/08\/facebook-trends-lipiec-2022-czolowi-gracze\/#primaryimage\",\"url\":\"https:\/\/www.sotrender.com\/blog\/wp-content\/uploads\/2022\/08\/football-players.jpg\",\"contentUrl\":\"https:\/\/www.sotrender.com\/blog\/wp-content\/uploads\/2022\/08\/football-players.jpg\",\"width\":2200,\"height\":1466},{\"@type\":\"BreadcrumbList\",\"@id\":\"https:\/\/www.sotrender.com\/blog\/pl\/2022\/08\/facebook-trends-lipiec-2022-czolowi-gracze\/#breadcrumb\",\"itemListElement\":[{\"@type\":\"ListItem\",\"position\":1,\"name\":\"Home\",\"item\":\"https:\/\/www.sotrender.com\/blog\/\"},{\"@type\":\"ListItem\",\"position\":2,\"name\":\"Facebook Trends lipiec 2022 \u2013 czo\u0142owi gracze w nowej ods\u0142onie\"}]},{\"@type\":\"WebSite\",\"@id\":\"https:\/\/www.sotrender.com\/blog\/#website\",\"url\":\"https:\/\/www.sotrender.com\/blog\/\",\"name\":\"Sotrender Blog\",\"description\":\"\",\"potentialAction\":[{\"@type\":\"SearchAction\",\"target\":{\"@type\":\"EntryPoint\",\"urlTemplate\":\"https:\/\/www.sotrender.com\/blog\/?s={search_term_string}\"},\"query-input\":\"required name=search_term_string\"}],\"inLanguage\":\"pl-PL\"},{\"@type\":\"Person\",\"@id\":\"https:\/\/www.sotrender.com\/blog\/#\/schema\/person\/7ef66e02c50604f5f3f1affc225398a5\",\"name\":\"Marta Bongilaj\",\"image\":{\"@type\":\"ImageObject\",\"inLanguage\":\"pl-PL\",\"@id\":\"https:\/\/www.sotrender.com\/blog\/#\/schema\/person\/image\/\",\"url\":\"https:\/\/secure.gravatar.com\/avatar\/0799dc0381a0207d8370bd44a9c21665?s=96&d=mm&r=g\",\"contentUrl\":\"https:\/\/secure.gravatar.com\/avatar\/0799dc0381a0207d8370bd44a9c21665?s=96&d=mm&r=g\",\"caption\":\"Marta Bongilaj\"},\"description\":\"Content marketer developing her passion for writing from her youngest years. Loves playing with words. Beyond that, a real dog enthusiast and a happy owner of one.\",\"url\":\"https:\/\/www.sotrender.com\/blog\/pl\/author\/marta_bongilaj\/\"}]}<\/script>\n<!-- \/ Yoast SEO plugin. -->","yoast_head_json":{"title":"Facebook Trends lipiec 2022 - czo\u0142owi gracze w nowej ods\u0142onie","description":"W lipcu na Facebooku, najciekawsze tre\u015bci dotyczy\u0142y m. in. sportu. Sprawd\u017a ca\u0142y raport Facebook Trends - lipiec 2022.","robots":{"index":"index","follow":"follow","max-snippet":"max-snippet:-1","max-image-preview":"max-image-preview:large","max-video-preview":"max-video-preview:-1"},"canonical":"https:\/\/www.sotrender.com\/blog\/pl\/2022\/08\/facebook-trends-lipiec-2022-czolowi-gracze\/","og_locale":"pl_PL","og_type":"article","og_title":"Facebook Trends lipiec 2022 - czo\u0142owi gracze w nowej ods\u0142onie","og_description":"W lipcu na Facebooku, najciekawsze tre\u015bci dotyczy\u0142y m. in. sportu. Sprawd\u017a ca\u0142y raport Facebook Trends - lipiec 2022.","og_url":"https:\/\/www.sotrender.com\/blog\/pl\/2022\/08\/facebook-trends-lipiec-2022-czolowi-gracze\/","og_site_name":"Sotrender Blog","article_publisher":"https:\/\/www.facebook.com\/Sotrender","article_published_time":"2022-08-09T08:29:43+00:00","article_modified_time":"2022-09-08T08:47:28+00:00","og_image":[{"width":2200,"height":1466,"url":"https:\/\/www.sotrender.com\/blog\/wp-content\/uploads\/2022\/08\/football-players.jpg","type":"image\/jpeg"}],"author":"Marta Bongilaj","twitter_card":"summary_large_image","twitter_creator":"@Sotrender","twitter_site":"@Sotrender","twitter_misc":{"Written by":"Marta Bongilaj","Est. reading time":"3 minutes"},"schema":{"@context":"https:\/\/schema.org","@graph":[{"@type":"WebPage","@id":"https:\/\/www.sotrender.com\/blog\/pl\/2022\/08\/facebook-trends-lipiec-2022-czolowi-gracze\/","url":"https:\/\/www.sotrender.com\/blog\/pl\/2022\/08\/facebook-trends-lipiec-2022-czolowi-gracze\/","name":"Facebook Trends lipiec 2022 - czo\u0142owi gracze w nowej ods\u0142onie","isPartOf":{"@id":"https:\/\/www.sotrender.com\/blog\/#website"},"primaryImageOfPage":{"@id":"https:\/\/www.sotrender.com\/blog\/pl\/2022\/08\/facebook-trends-lipiec-2022-czolowi-gracze\/#primaryimage"},"image":{"@id":"https:\/\/www.sotrender.com\/blog\/pl\/2022\/08\/facebook-trends-lipiec-2022-czolowi-gracze\/#primaryimage"},"thumbnailUrl":"https:\/\/www.sotrender.com\/blog\/wp-content\/uploads\/2022\/08\/football-players.jpg","datePublished":"2022-08-09T08:29:43+00:00","dateModified":"2022-09-08T08:47:28+00:00","author":{"@id":"https:\/\/www.sotrender.com\/blog\/#\/schema\/person\/7ef66e02c50604f5f3f1affc225398a5"},"description":"W lipcu na Facebooku, najciekawsze tre\u015bci dotyczy\u0142y m. in. sportu. Sprawd\u017a ca\u0142y raport Facebook Trends - lipiec 2022.","breadcrumb":{"@id":"https:\/\/www.sotrender.com\/blog\/pl\/2022\/08\/facebook-trends-lipiec-2022-czolowi-gracze\/#breadcrumb"},"inLanguage":"pl-PL","potentialAction":[{"@type":"ReadAction","target":["https:\/\/www.sotrender.com\/blog\/pl\/2022\/08\/facebook-trends-lipiec-2022-czolowi-gracze\/"]}]},{"@type":"ImageObject","inLanguage":"pl-PL","@id":"https:\/\/www.sotrender.com\/blog\/pl\/2022\/08\/facebook-trends-lipiec-2022-czolowi-gracze\/#primaryimage","url":"https:\/\/www.sotrender.com\/blog\/wp-content\/uploads\/2022\/08\/football-players.jpg","contentUrl":"https:\/\/www.sotrender.com\/blog\/wp-content\/uploads\/2022\/08\/football-players.jpg","width":2200,"height":1466},{"@type":"BreadcrumbList","@id":"https:\/\/www.sotrender.com\/blog\/pl\/2022\/08\/facebook-trends-lipiec-2022-czolowi-gracze\/#breadcrumb","itemListElement":[{"@type":"ListItem","position":1,"name":"Home","item":"https:\/\/www.sotrender.com\/blog\/"},{"@type":"ListItem","position":2,"name":"Facebook Trends lipiec 2022 \u2013 czo\u0142owi gracze w nowej ods\u0142onie"}]},{"@type":"WebSite","@id":"https:\/\/www.sotrender.com\/blog\/#website","url":"https:\/\/www.sotrender.com\/blog\/","name":"Sotrender Blog","description":"","potentialAction":[{"@type":"SearchAction","target":{"@type":"EntryPoint","urlTemplate":"https:\/\/www.sotrender.com\/blog\/?s={search_term_string}"},"query-input":"required name=search_term_string"}],"inLanguage":"pl-PL"},{"@type":"Person","@id":"https:\/\/www.sotrender.com\/blog\/#\/schema\/person\/7ef66e02c50604f5f3f1affc225398a5","name":"Marta Bongilaj","image":{"@type":"ImageObject","inLanguage":"pl-PL","@id":"https:\/\/www.sotrender.com\/blog\/#\/schema\/person\/image\/","url":"https:\/\/secure.gravatar.com\/avatar\/0799dc0381a0207d8370bd44a9c21665?s=96&d=mm&r=g","contentUrl":"https:\/\/secure.gravatar.com\/avatar\/0799dc0381a0207d8370bd44a9c21665?s=96&d=mm&r=g","caption":"Marta Bongilaj"},"description":"Content marketer developing her passion for writing from her youngest years. Loves playing with words. Beyond that, a real dog enthusiast and a happy owner of one.","url":"https:\/\/www.sotrender.com\/blog\/pl\/author\/marta_bongilaj\/"}]}},"_links":{"self":[{"href":"https:\/\/www.sotrender.com\/blog\/pl\/wp-json\/wp\/v2\/posts\/45991"}],"collection":[{"href":"https:\/\/www.sotrender.com\/blog\/pl\/wp-json\/wp\/v2\/posts"}],"about":[{"href":"https:\/\/www.sotrender.com\/blog\/pl\/wp-json\/wp\/v2\/types\/post"}],"author":[{"embeddable":true,"href":"https:\/\/www.sotrender.com\/blog\/pl\/wp-json\/wp\/v2\/users\/211"}],"replies":[{"embeddable":true,"href":"https:\/\/www.sotrender.com\/blog\/pl\/wp-json\/wp\/v2\/comments?post=45991"}],"version-history":[{"count":6,"href":"https:\/\/www.sotrender.com\/blog\/pl\/wp-json\/wp\/v2\/posts\/45991\/revisions"}],"predecessor-version":[{"id":46157,"href":"https:\/\/www.sotrender.com\/blog\/pl\/wp-json\/wp\/v2\/posts\/45991\/revisions\/46157"}],"wp:featuredmedia":[{"embeddable":true,"href":"https:\/\/www.sotrender.com\/blog\/pl\/wp-json\/wp\/v2\/media\/46003"}],"wp:attachment":[{"href":"https:\/\/www.sotrender.com\/blog\/pl\/wp-json\/wp\/v2\/media?parent=45991"}],"wp:term":[{"taxonomy":"category","embeddable":true,"href":"https:\/\/www.sotrender.com\/blog\/pl\/wp-json\/wp\/v2\/categories?post=45991"},{"taxonomy":"post_tag","embeddable":true,"href":"https:\/\/www.sotrender.com\/blog\/pl\/wp-json\/wp\/v2\/tags?post=45991"}],"curies":[{"name":"wp","href":"https:\/\/api.w.org\/{rel}","templated":true}]}}