{"id":453,"date":"2012-03-23T09:42:52","date_gmt":"2012-03-23T08:42:52","guid":{"rendered":"http:\/\/blog.sotrender.pl\/?p=453"},"modified":"2015-12-01T22:43:20","modified_gmt":"2015-12-01T21:43:20","slug":"fanpage-trender-zmienia-sie-w-sotrender","status":"publish","type":"post","link":"https:\/\/www.sotrender.com\/blog\/pl\/2012\/03\/fanpage-trender-zmienia-sie-w-sotrender\/","title":{"rendered":"Fanpage Trender zmienia si\u0119 w Sotrender!"},"content":{"rendered":"<p>Nadszed\u0142 ten moment: nowa nazwa,  nowe logo i nowa strona.\u00a0Rozpoczynamy bardzo wa\u017cny dla naszej firmy okres,  kt\u00f3ry nazwali\u015bmy rytua\u0142em przej\u015bcia,  na wz\u00f3r rytua\u0142\u00f3w przej\u015bcia w wiek doros\u0142y w wielu kulturach.<\/p>\n<p>W niedalekiej przysz\u0142o\u015bci pojawi\u0105 si\u0119 obok funkcji analitycznych tak\u017ce funkcjonalno\u015bci przeznaczone do optymalizacji dzia\u0142a\u0144 marketingowych,  w tym reklam na Facebooku. Po\u017aniej dodane zostan\u0105 tak\u017ce rozwi\u0105zania dla innych serwis\u00f3w spo\u0142eczno\u015bciowych oraz blog\u00f3w. St\u0105d cz\u0105stka \u201eSo\u201d w nowej nazwie,  b\u0119d\u0105ca zar\u00f3wno skr\u00f3tem od \u201esocial\u201d,  jak i od \u201estatistics &amp; optimization\u201d.<br \/>\n<!--more--><br \/>\nZmiany marki wynikaj\u0105 z poszerzenia naszej oferty skierowanej do marketer\u00f3w. Coraz cz\u0119\u015bciej zajmujemy si\u0119 nie tylko analiz\u0105 Facebooka,  lecz tak\u017ce innych kana\u0142\u00f3w social media. Sotrender b\u0119dzie mark\u0105 parasolow\u0105,  obejmuj\u0105c\u0105 zar\u00f3wno us\u0142ugi badawcze,  jak i pakiet narz\u0119dzi. Pierwszym pakietem b\u0119dzie Sotrender Analytics,  czyli rozszerzony i od\u015bwie\u017cony Fanpage Trender.<\/p>\n<p>Fina\u0142 obrz\u0119du przej\u015bcia nast\u0105pi w drugiej po\u0142owie kwietnia w Londynie,  gdzie Sotrender\u00a0jako jedyny polski wystawca pojawi si\u0119 na presti\u017cowych mi\u0119dzynarodowych targach Internet World.<\/p>\n<p>A ju\u017c teraz,  wraz z now\u0105 identyfikacj\u0105,  wprowadzamy te\u017c kilka nowych funkcjonalno\u015bci,  w tym mo\u017cliwo\u015b\u0107 dodawania w\u0142asnych komentarzy do automatycznych raport\u00f3w. Czekamy te\u017c na Wasze opinie o nowym wygl\u0105dzie,  nazwie i logotypie.<\/p>\n<p>Na bie\u017c\u0105co przebieg rytua\u0142\u00f3w towarzysz\u0105cych obrz\u0119dowi przej\u015bcia mo\u017cna \u015bledzi\u0107 na naszym fanpage\u2019u http:\/\/www.facebook.com\/fanpagetrender &#8211; wkr\u00f3tce zmieni si\u0119 na fanpage Sotrendera!<\/p>\n<p><img loading=\"lazy\" decoding=\"async\" class=\"aligncenter size-full wp-image-505\" title=\"Nowe logo Sotrender\" src=\"http:\/\/blog.sotrender.pl\/wp-content\/uploads\/2012\/03\/so_trender_dark_on_with_bg.png\" alt=\"\" width=\"800\" height=\"123\" srcset=\"https:\/\/www.sotrender.com\/blog\/wp-content\/uploads\/2012\/03\/so_trender_dark_on_with_bg.png 800w, https:\/\/www.sotrender.com\/blog\/wp-content\/uploads\/2012\/03\/so_trender_dark_on_with_bg-475x73.png 475w, https:\/\/www.sotrender.com\/blog\/wp-content\/uploads\/2012\/03\/so_trender_dark_on_with_bg-768x118.png 768w, https:\/\/www.sotrender.com\/blog\/wp-content\/uploads\/2012\/03\/so_trender_dark_on_with_bg-600x92.png 600w\" sizes=\"(max-width: 800px) 100vw, 800px\" \/><\/p>\n","protected":false},"excerpt":{"rendered":"<p>Nadszed\u0142 ten moment: nowa nazwa, nowe logo i nowa strona.\u00a0Rozpoczynamy bardzo wa\u017cny dla naszej firmy okres, kt\u00f3ry nazwali\u015bmy rytua\u0142em przej\u015bcia, na wz\u00f3r rytua\u0142\u00f3w przej\u015bcia w wiek doros\u0142y w wielu kulturach. W niedalekiej przysz\u0142o\u015bci pojawi\u0105 si\u0119 obok funkcji analitycznych tak\u017ce funkcjonalno\u015bci przeznaczone do optymalizacji dzia\u0142a\u0144 marketingowych, w tym reklam na Facebooku. Po\u017aniej dodane zostan\u0105 tak\u017ce rozwi\u0105zania [&hellip;]<\/p>\n","protected":false},"author":2,"featured_media":0,"comment_status":"open","ping_status":"open","sticky":false,"template":"","format":"standard","meta":{"inline_featured_image":false,"footnotes":""},"categories":[1795],"tags":[7,317,323],"yoast_head":"<!-- This site is optimized with the Yoast SEO plugin v22.4 - https:\/\/yoast.com\/wordpress\/plugins\/seo\/ -->\n<title>Fanpage Trender zmienia si\u0119 w Sotrender<\/title>\n<meta name=\"description\" content=\"Fanpage Trender w\u0142a\u015bnie zmienia swoj\u0105 nazw\u0119 na Sotrender. Przeczytaj dlaczego postanowili\u015bmy zmieni\u0107 nazw\u0119 i co z tego wynika.\" \/>\n<meta name=\"robots\" content=\"index, follow, max-snippet:-1, max-image-preview:large, max-video-preview:-1\" \/>\n<link rel=\"canonical\" href=\"https:\/\/www.sotrender.com\/blog\/pl\/2012\/03\/fanpage-trender-zmienia-sie-w-sotrender\/\" \/>\n<meta property=\"og:locale\" content=\"pl_PL\" \/>\n<meta property=\"og:type\" content=\"article\" \/>\n<meta property=\"og:title\" content=\"Fanpage Trender zmienia si\u0119 w Sotrender\" \/>\n<meta property=\"og:description\" content=\"Fanpage Trender w\u0142a\u015bnie zmienia swoj\u0105 nazw\u0119 na Sotrender. Przeczytaj dlaczego postanowili\u015bmy zmieni\u0107 nazw\u0119 i co z tego wynika.\" \/>\n<meta property=\"og:url\" content=\"https:\/\/www.sotrender.com\/blog\/pl\/2012\/03\/fanpage-trender-zmienia-sie-w-sotrender\/\" \/>\n<meta property=\"og:site_name\" content=\"Sotrender Blog\" \/>\n<meta property=\"article:publisher\" content=\"https:\/\/www.facebook.com\/Sotrender\" \/>\n<meta property=\"article:author\" content=\"https:\/\/www.facebook.com\/jan.zajac.75?fref=ts\" \/>\n<meta property=\"article:published_time\" content=\"2012-03-23T08:42:52+00:00\" \/>\n<meta property=\"article:modified_time\" content=\"2015-12-01T21:43:20+00:00\" \/>\n<meta property=\"og:image\" content=\"http:\/\/blog.sotrender.pl\/wp-content\/uploads\/2012\/03\/so_trender_dark_on_with_bg.png\" \/>\n<meta name=\"author\" content=\"Jan Zaj\u0105c\" \/>\n<meta name=\"twitter:card\" content=\"summary_large_image\" \/>\n<meta name=\"twitter:creator\" content=\"@http:\/\/twitter.com\/janekzajac\" \/>\n<meta name=\"twitter:site\" content=\"@Sotrender\" \/>\n<meta name=\"twitter:label1\" content=\"Written by\" \/>\n\t<meta name=\"twitter:data1\" content=\"Jan Zaj\u0105c\" \/>\n\t<meta name=\"twitter:label2\" content=\"Est. reading time\" \/>\n\t<meta name=\"twitter:data2\" content=\"1 minute\" \/>\n<script type=\"application\/ld+json\" class=\"yoast-schema-graph\">{\"@context\":\"https:\/\/schema.org\",\"@graph\":[{\"@type\":\"WebPage\",\"@id\":\"https:\/\/www.sotrender.com\/blog\/pl\/2012\/03\/fanpage-trender-zmienia-sie-w-sotrender\/\",\"url\":\"https:\/\/www.sotrender.com\/blog\/pl\/2012\/03\/fanpage-trender-zmienia-sie-w-sotrender\/\",\"name\":\"Fanpage Trender zmienia si\u0119 w Sotrender\",\"isPartOf\":{\"@id\":\"https:\/\/www.sotrender.com\/blog\/#website\"},\"primaryImageOfPage\":{\"@id\":\"https:\/\/www.sotrender.com\/blog\/pl\/2012\/03\/fanpage-trender-zmienia-sie-w-sotrender\/#primaryimage\"},\"image\":{\"@id\":\"https:\/\/www.sotrender.com\/blog\/pl\/2012\/03\/fanpage-trender-zmienia-sie-w-sotrender\/#primaryimage\"},\"thumbnailUrl\":\"http:\/\/blog.sotrender.pl\/wp-content\/uploads\/2012\/03\/so_trender_dark_on_with_bg.png\",\"datePublished\":\"2012-03-23T08:42:52+00:00\",\"dateModified\":\"2015-12-01T21:43:20+00:00\",\"author\":{\"@id\":\"https:\/\/www.sotrender.com\/blog\/#\/schema\/person\/15d4db3ba9c4e61b1cb96099300e7c51\"},\"description\":\"Fanpage Trender w\u0142a\u015bnie zmienia swoj\u0105 nazw\u0119 na Sotrender. Przeczytaj dlaczego postanowili\u015bmy zmieni\u0107 nazw\u0119 i co z tego wynika.\",\"breadcrumb\":{\"@id\":\"https:\/\/www.sotrender.com\/blog\/pl\/2012\/03\/fanpage-trender-zmienia-sie-w-sotrender\/#breadcrumb\"},\"inLanguage\":\"pl-PL\",\"potentialAction\":[{\"@type\":\"ReadAction\",\"target\":[\"https:\/\/www.sotrender.com\/blog\/pl\/2012\/03\/fanpage-trender-zmienia-sie-w-sotrender\/\"]}]},{\"@type\":\"ImageObject\",\"inLanguage\":\"pl-PL\",\"@id\":\"https:\/\/www.sotrender.com\/blog\/pl\/2012\/03\/fanpage-trender-zmienia-sie-w-sotrender\/#primaryimage\",\"url\":\"http:\/\/blog.sotrender.pl\/wp-content\/uploads\/2012\/03\/so_trender_dark_on_with_bg.png\",\"contentUrl\":\"http:\/\/blog.sotrender.pl\/wp-content\/uploads\/2012\/03\/so_trender_dark_on_with_bg.png\"},{\"@type\":\"BreadcrumbList\",\"@id\":\"https:\/\/www.sotrender.com\/blog\/pl\/2012\/03\/fanpage-trender-zmienia-sie-w-sotrender\/#breadcrumb\",\"itemListElement\":[{\"@type\":\"ListItem\",\"position\":1,\"name\":\"Home\",\"item\":\"https:\/\/www.sotrender.com\/blog\/\"},{\"@type\":\"ListItem\",\"position\":2,\"name\":\"Fanpage Trender zmienia si\u0119 w Sotrender!\"}]},{\"@type\":\"WebSite\",\"@id\":\"https:\/\/www.sotrender.com\/blog\/#website\",\"url\":\"https:\/\/www.sotrender.com\/blog\/\",\"name\":\"Sotrender Blog\",\"description\":\"\",\"potentialAction\":[{\"@type\":\"SearchAction\",\"target\":{\"@type\":\"EntryPoint\",\"urlTemplate\":\"https:\/\/www.sotrender.com\/blog\/?s={search_term_string}\"},\"query-input\":\"required name=search_term_string\"}],\"inLanguage\":\"pl-PL\"},{\"@type\":\"Person\",\"@id\":\"https:\/\/www.sotrender.com\/blog\/#\/schema\/person\/15d4db3ba9c4e61b1cb96099300e7c51\",\"name\":\"Jan Zaj\u0105c\",\"image\":{\"@type\":\"ImageObject\",\"inLanguage\":\"pl-PL\",\"@id\":\"https:\/\/www.sotrender.com\/blog\/#\/schema\/person\/image\/\",\"url\":\"https:\/\/secure.gravatar.com\/avatar\/330c70ea205c5402148d7c7d8927d81d?s=96&d=mm&r=g\",\"contentUrl\":\"https:\/\/secure.gravatar.com\/avatar\/330c70ea205c5402148d7c7d8927d81d?s=96&d=mm&r=g\",\"caption\":\"Jan Zaj\u0105c\"},\"description\":\"Psychologist &amp; economist, experienced consultant &amp; researcher, who speaks 6 languages and has cycled around 17 countries.\",\"sameAs\":[\"https:\/\/www.facebook.com\/jan.zajac.75?fref=ts\",\"https:\/\/www.linkedin.com\/in\/janekzajac\",\"https:\/\/twitter.com\/http:\/\/twitter.com\/janekzajac\"],\"url\":\"https:\/\/www.sotrender.com\/blog\/pl\/author\/jan_zajc\/\"}]}<\/script>\n<!-- \/ Yoast SEO plugin. -->","yoast_head_json":{"title":"Fanpage Trender zmienia si\u0119 w Sotrender","description":"Fanpage Trender w\u0142a\u015bnie zmienia swoj\u0105 nazw\u0119 na Sotrender. Przeczytaj dlaczego postanowili\u015bmy zmieni\u0107 nazw\u0119 i co z tego wynika.","robots":{"index":"index","follow":"follow","max-snippet":"max-snippet:-1","max-image-preview":"max-image-preview:large","max-video-preview":"max-video-preview:-1"},"canonical":"https:\/\/www.sotrender.com\/blog\/pl\/2012\/03\/fanpage-trender-zmienia-sie-w-sotrender\/","og_locale":"pl_PL","og_type":"article","og_title":"Fanpage Trender zmienia si\u0119 w Sotrender","og_description":"Fanpage Trender w\u0142a\u015bnie zmienia swoj\u0105 nazw\u0119 na Sotrender. Przeczytaj dlaczego postanowili\u015bmy zmieni\u0107 nazw\u0119 i co z tego wynika.","og_url":"https:\/\/www.sotrender.com\/blog\/pl\/2012\/03\/fanpage-trender-zmienia-sie-w-sotrender\/","og_site_name":"Sotrender Blog","article_publisher":"https:\/\/www.facebook.com\/Sotrender","article_author":"https:\/\/www.facebook.com\/jan.zajac.75?fref=ts","article_published_time":"2012-03-23T08:42:52+00:00","article_modified_time":"2015-12-01T21:43:20+00:00","og_image":[{"url":"http:\/\/blog.sotrender.pl\/wp-content\/uploads\/2012\/03\/so_trender_dark_on_with_bg.png"}],"author":"Jan Zaj\u0105c","twitter_card":"summary_large_image","twitter_creator":"@http:\/\/twitter.com\/janekzajac","twitter_site":"@Sotrender","twitter_misc":{"Written by":"Jan Zaj\u0105c","Est. reading time":"1 minute"},"schema":{"@context":"https:\/\/schema.org","@graph":[{"@type":"WebPage","@id":"https:\/\/www.sotrender.com\/blog\/pl\/2012\/03\/fanpage-trender-zmienia-sie-w-sotrender\/","url":"https:\/\/www.sotrender.com\/blog\/pl\/2012\/03\/fanpage-trender-zmienia-sie-w-sotrender\/","name":"Fanpage Trender zmienia si\u0119 w Sotrender","isPartOf":{"@id":"https:\/\/www.sotrender.com\/blog\/#website"},"primaryImageOfPage":{"@id":"https:\/\/www.sotrender.com\/blog\/pl\/2012\/03\/fanpage-trender-zmienia-sie-w-sotrender\/#primaryimage"},"image":{"@id":"https:\/\/www.sotrender.com\/blog\/pl\/2012\/03\/fanpage-trender-zmienia-sie-w-sotrender\/#primaryimage"},"thumbnailUrl":"http:\/\/blog.sotrender.pl\/wp-content\/uploads\/2012\/03\/so_trender_dark_on_with_bg.png","datePublished":"2012-03-23T08:42:52+00:00","dateModified":"2015-12-01T21:43:20+00:00","author":{"@id":"https:\/\/www.sotrender.com\/blog\/#\/schema\/person\/15d4db3ba9c4e61b1cb96099300e7c51"},"description":"Fanpage Trender w\u0142a\u015bnie zmienia swoj\u0105 nazw\u0119 na Sotrender. Przeczytaj dlaczego postanowili\u015bmy zmieni\u0107 nazw\u0119 i co z tego wynika.","breadcrumb":{"@id":"https:\/\/www.sotrender.com\/blog\/pl\/2012\/03\/fanpage-trender-zmienia-sie-w-sotrender\/#breadcrumb"},"inLanguage":"pl-PL","potentialAction":[{"@type":"ReadAction","target":["https:\/\/www.sotrender.com\/blog\/pl\/2012\/03\/fanpage-trender-zmienia-sie-w-sotrender\/"]}]},{"@type":"ImageObject","inLanguage":"pl-PL","@id":"https:\/\/www.sotrender.com\/blog\/pl\/2012\/03\/fanpage-trender-zmienia-sie-w-sotrender\/#primaryimage","url":"http:\/\/blog.sotrender.pl\/wp-content\/uploads\/2012\/03\/so_trender_dark_on_with_bg.png","contentUrl":"http:\/\/blog.sotrender.pl\/wp-content\/uploads\/2012\/03\/so_trender_dark_on_with_bg.png"},{"@type":"BreadcrumbList","@id":"https:\/\/www.sotrender.com\/blog\/pl\/2012\/03\/fanpage-trender-zmienia-sie-w-sotrender\/#breadcrumb","itemListElement":[{"@type":"ListItem","position":1,"name":"Home","item":"https:\/\/www.sotrender.com\/blog\/"},{"@type":"ListItem","position":2,"name":"Fanpage Trender zmienia si\u0119 w Sotrender!"}]},{"@type":"WebSite","@id":"https:\/\/www.sotrender.com\/blog\/#website","url":"https:\/\/www.sotrender.com\/blog\/","name":"Sotrender Blog","description":"","potentialAction":[{"@type":"SearchAction","target":{"@type":"EntryPoint","urlTemplate":"https:\/\/www.sotrender.com\/blog\/?s={search_term_string}"},"query-input":"required name=search_term_string"}],"inLanguage":"pl-PL"},{"@type":"Person","@id":"https:\/\/www.sotrender.com\/blog\/#\/schema\/person\/15d4db3ba9c4e61b1cb96099300e7c51","name":"Jan Zaj\u0105c","image":{"@type":"ImageObject","inLanguage":"pl-PL","@id":"https:\/\/www.sotrender.com\/blog\/#\/schema\/person\/image\/","url":"https:\/\/secure.gravatar.com\/avatar\/330c70ea205c5402148d7c7d8927d81d?s=96&d=mm&r=g","contentUrl":"https:\/\/secure.gravatar.com\/avatar\/330c70ea205c5402148d7c7d8927d81d?s=96&d=mm&r=g","caption":"Jan Zaj\u0105c"},"description":"Psychologist &amp; economist, experienced consultant &amp; researcher, who speaks 6 languages and has cycled around 17 countries.","sameAs":["https:\/\/www.facebook.com\/jan.zajac.75?fref=ts","https:\/\/www.linkedin.com\/in\/janekzajac","https:\/\/twitter.com\/http:\/\/twitter.com\/janekzajac"],"url":"https:\/\/www.sotrender.com\/blog\/pl\/author\/jan_zajc\/"}]}},"_links":{"self":[{"href":"https:\/\/www.sotrender.com\/blog\/pl\/wp-json\/wp\/v2\/posts\/453"}],"collection":[{"href":"https:\/\/www.sotrender.com\/blog\/pl\/wp-json\/wp\/v2\/posts"}],"about":[{"href":"https:\/\/www.sotrender.com\/blog\/pl\/wp-json\/wp\/v2\/types\/post"}],"author":[{"embeddable":true,"href":"https:\/\/www.sotrender.com\/blog\/pl\/wp-json\/wp\/v2\/users\/2"}],"replies":[{"embeddable":true,"href":"https:\/\/www.sotrender.com\/blog\/pl\/wp-json\/wp\/v2\/comments?post=453"}],"version-history":[{"count":28,"href":"https:\/\/www.sotrender.com\/blog\/pl\/wp-json\/wp\/v2\/posts\/453\/revisions"}],"predecessor-version":[{"id":3101,"href":"https:\/\/www.sotrender.com\/blog\/pl\/wp-json\/wp\/v2\/posts\/453\/revisions\/3101"}],"wp:attachment":[{"href":"https:\/\/www.sotrender.com\/blog\/pl\/wp-json\/wp\/v2\/media?parent=453"}],"wp:term":[{"taxonomy":"category","embeddable":true,"href":"https:\/\/www.sotrender.com\/blog\/pl\/wp-json\/wp\/v2\/categories?post=453"},{"taxonomy":"post_tag","embeddable":true,"href":"https:\/\/www.sotrender.com\/blog\/pl\/wp-json\/wp\/v2\/tags?post=453"}],"curies":[{"name":"wp","href":"https:\/\/api.w.org\/{rel}","templated":true}]}}