{"id":4513,"date":"2013-02-07T12:31:30","date_gmt":"2013-02-07T11:31:30","guid":{"rendered":"http:\/\/blog.sotrender.com\/?p=4513"},"modified":"2015-12-01T22:21:51","modified_gmt":"2015-12-01T21:21:51","slug":"fanpage-trends-styczen-2013","status":"publish","type":"post","link":"https:\/\/www.sotrender.com\/blog\/pl\/2013\/02\/fanpage-trends-styczen-2013\/","title":{"rendered":"Facebookowe fajerwerki,  czyli raport Fanpage Trends w nowej ods\u0142onie"},"content":{"rendered":"<p>Facebookowe fajerwerki wybucha\u0142y przez ca\u0142y stycze\u0144. W po\u0142owie stycznia nast\u0105pi\u0142a spodziewana zmiana lidera w liczbie fan\u00f3w na polskim Facebooku. <a title=\"Demotywatory\" href=\"http:\/\/www.facebook.com\/demotywatory\" target=\"_blank\">Demotywatory<\/a> straci\u0142y pozycj\u0119 najwi\u0119kszego profilu w\u015br\u00f3d polskich stron na rzecz<a title=\"Serce i Rozum\" href=\"http:\/\/www.facebook.com\/serceirozum\" target=\"_blank\"> Serca i Rozumu<\/a><a title=\"Serce i Rozum\" href=\"http:\/\/www.facebook.com\/serceirozum\" target=\"_blank\">.<\/a> Na koniec miesi\u0105ca znikn\u0119\u0142a jedna z najwi\u0119kszych polskich stron \u2013 fanpage Kuba Wojew\u00f3dzki. Sotrender prezentuje <a title=\"Fanpage Trends Stycze\u0144 2013\" href=\"http:\/\/www.sotrender.com\/pl\/fanpage-trends\/201301\" target=\"_blank\">styczniowe Fanpage Trends <\/a>z now\u0105 szat\u0105 graficzn\u0105,  infografik\u0105 podsumowuj\u0105c\u0105 najwa\u017cniejsze informacje,  klikanymi nazwami bran\u017c i najlepszymi postami oraz z danymi dla 33 kategorii produktowych i 25 komentarzami ekspert\u00f3w.<!--more--><\/p>\n<div id=\"attachment_4601\" style=\"width: 160px\" class=\"wp-caption alignright\"><a href=\"https:\/\/www.sotrender.com\/blog\/wp-content\/uploads\/2013\/02\/infografika.jpg\"><img loading=\"lazy\" decoding=\"async\" aria-describedby=\"caption-attachment-4601\" class=\"size-thumbnail wp-image-4601\" src=\"https:\/\/www.sotrender.com\/blog\/wp-content\/uploads\/2013\/02\/infografika-150x150.jpg\" alt=\"Nowy element Fanpage Trends - Demografia\" width=\"150\" height=\"150\" \/><\/a><p id=\"caption-attachment-4601\" class=\"wp-caption-text\">Nowy element Fanpage Trends &#8211; Demografia<\/p><\/div>\n<h3><b>Podsumowanie 2012 r na Facebooku<\/b><\/h3>\n<p>Zanim opowiemy o styczniu na polskim Facebooku,  zapraszamy do <a title=\"Podsumowanie roku 2012 na Facebooku\" href=\"https:\/\/www.sotrender.com\/blog\/pl\/2013\/02\/tresci-na-polskim-facebooku-w-2012-roku-sotrender-podsumowuje-czesc-3\/\" target=\"_blank\">infografiki &#8211; podsumowania roku 2012 &#8211; ju\u017c na blogu Sotrender<\/a>. W podsumowaniu opisali\u015bmy mi\u0119dzy innymi:<\/p>\n<ul>\n<li>przyrost liczby u\u017cytkownik\u00f3w na polskim Facebooku;<\/li>\n<li>najlepsze strony i najwi\u0119ksze bran\u017ce;<\/li>\n<li>jak i w jakie tre\u015bci u\u017cytkownicy si\u0119 anga\u017cuj\u0105;<\/li>\n<li>przedstawili\u015bmy Ani\u0119 \u2013 zwyk\u0142ego u\u017cytkownika Facebooka;<\/li>\n<li>przypomnieli\u015bmy najlepsze posty z 2012.<\/li>\n<\/ul>\n<h3><b>Przetasowania w czo\u0142\u00f3wce fanpage\u2019\u00f3w<\/b><\/h3>\n<p>Pierwszym hitem roku 2013 by\u0142a zmiana lidera polskiego Facebooka,  kt\u00f3r\u0105 <a title=\"Sotrender Blog: Jak Rozum prowadzi\u0142 Serce\" href=\"https:\/\/www.sotrender.com\/blog\/pl\/2013\/01\/jak-rozum-prowadzil-serce-czyli-nowy-lider-w-polsce\/\" target=\"_blank\">opisali\u015bmy na naszym blogu<\/a>. <a title=\"Strona Serce i Rozum\" href=\"http:\/\/www.facebook.com\/serceirozum\" target=\"_blank\">Serce i Rozum<\/a> 16 stycznia przegonili w liczbie fan\u00f3w <a title=\"Strona Demotywatory\" href=\"http:\/\/www.facebook.com\/demotywatory\" target=\"_blank\">Demotywatory<\/a> b\u0119d\u0105ce na niezachwianej pozycji przez ponad 2 lata. Za ten awans podzi\u0119kowali fanom w grafice nawi\u0105zuj\u0105cej do stylistyki pokonanych Demotywator\u00f3w. W okresie minionego miesi\u0105ca Serce i Rozum zdobyli 126 tysi\u0119cy fan\u00f3w,  trzykrotnie wi\u0119cej ni\u017c by\u0142y lider,  dzi\u0119ki czemu utwierdzili swoj\u0105 pozycj\u0119 na pierwszym miejscu najwi\u0119kszych polskich stron.<\/p>\n<div id=\"attachment_4527\" style=\"width: 599px\" class=\"wp-caption alignleft\"><a href=\"http:\/\/www.facebook.com\/photo.php?fbid=510073372370778&amp;set=a.135098876534898.15095.130118923699560&amp;type=1&amp;relevant_count=1\" target=\"_blank\"><img loading=\"lazy\" decoding=\"async\" aria-describedby=\"caption-attachment-4527\" class=\"wp-image-4527   \" title=\"Serce i Rozum\" src=\"https:\/\/www.sotrender.com\/blog\/wp-content\/uploads\/2013\/02\/201301_01.png\" alt=\"\" width=\"589\" height=\"420\" srcset=\"https:\/\/www.sotrender.com\/blog\/wp-content\/uploads\/2013\/02\/201301_01.png 817w, https:\/\/www.sotrender.com\/blog\/wp-content\/uploads\/2013\/02\/201301_01-475x340.png 475w, https:\/\/www.sotrender.com\/blog\/wp-content\/uploads\/2013\/02\/201301_01-768x549.png 768w, https:\/\/www.sotrender.com\/blog\/wp-content\/uploads\/2013\/02\/201301_01-600x429.png 600w\" sizes=\"(max-width: 589px) 100vw, 589px\" \/><\/a><p id=\"caption-attachment-4527\" class=\"wp-caption-text\">Kliknij,  aby zobaczy\u0107 post na stronie<\/p><\/div>\n<p>&nbsp;<\/p>\n<p>Telekomunikacja w styczniu radzi\u0142a sobie w og\u00f3le bardzo dobrze,  je\u015bli chodzi o tempo wzrost\u00f3w. <a title=\"Strona Play\" href=\"http:\/\/www.facebook.com\/Play\" target=\"_blank\">Play<\/a> ur\u00f3s\u0142 o 11% i nied\u0142ugo przekroczy p\u00f3\u0142tora miliona fan\u00f3w. <a title=\"Strona Orange Polska\" href=\"https:\/\/www.facebook.com\/orangepolska\" target=\"_blank\">Orange Polska<\/a> uda\u0142o si\u0119 wyprzedzi\u0107 <a title=\"Strona KWEJK.pl\" href=\"http:\/\/www.facebook.com\/kwejk.fan\" target=\"_blank\">Kwejka<\/a> w liczbie fan\u00f3w,  spychaj\u0105c Kwejk.pl na miejsce pi\u0105te. Do grona ponad milionowych profili do\u0142\u0105czyli <a title=\"Strona Plus\" href=\"http:\/\/www.facebook.com\/plus\" target=\"_blank\">Plus<\/a>,  a tak\u017ce <a title=\"Radio Eska\" href=\"http:\/\/www.facebook.com\/radioeska\" target=\"_blank\">Radio Eska<\/a>.<\/p>\n<p>Trzeba jednak pami\u0119ta\u0107,  \u017ce pod wzgl\u0119dem liczby zaanga\u017cowanych os\u00f3b stale przoduj\u0105 serwisy rozrywkowe. Kwejk i Demotywatory maj\u0105 ponad trzykrotnie wi\u0119cej zaanga\u017cowanych fan\u00f3w ni\u017c Plus- jedyny z telekom\u00f3w,  kt\u00f3ry znajduje si\u0119 w pierwszej dziesi\u0105tce najbardziej anga\u017cuj\u0105cych komercyjnych stron w styczniu.<\/p>\n<div id=\"attachment_4535\" style=\"width: 468px\" class=\"wp-caption aligncenter\"><a href=\"http:\/\/www.sotrender.com\/pl\/fanpage-trends\/201301\"><img loading=\"lazy\" decoding=\"async\" aria-describedby=\"caption-attachment-4535\" class=\" wp-image-4535 \" src=\"https:\/\/www.sotrender.com\/blog\/wp-content\/uploads\/2013\/02\/201301_fpt.png\" alt=\"Kliknij,  aby zobaczy\u0107 pe\u0142en raport\" width=\"458\" height=\"420\" srcset=\"https:\/\/www.sotrender.com\/blog\/wp-content\/uploads\/2013\/02\/201301_fpt.png 655w, https:\/\/www.sotrender.com\/blog\/wp-content\/uploads\/2013\/02\/201301_fpt-475x435.png 475w, https:\/\/www.sotrender.com\/blog\/wp-content\/uploads\/2013\/02\/201301_fpt-600x550.png 600w\" sizes=\"(max-width: 458px) 100vw, 458px\" \/><\/a><p id=\"caption-attachment-4535\" class=\"wp-caption-text\">Kliknij,  aby zobaczy\u0107 pe\u0142en raport<\/p><\/div>\n<p>Ciekawa rzecz si\u0119 sta\u0142a dalej w rankingu najwi\u0119kszych. Sz\u00f3sta najwi\u0119ksza strona polskiego Facebooka po prostu\u2026 znikn\u0119\u0142a. Kuba Wojew\u00f3dzki (obecny jeszcze w styczniowym rankingu) postanowi\u0142 usun\u0105\u0107 fanpage,  na kt\u00f3rym,  jak twierdzi,  zacz\u0105\u0142 przeszkadza\u0107 mu wysoki poziom nienawi\u015bci i niski poziom merytoryczny wypowiedzi. Sotrender ma dane,  wi\u0119c mo\u017ce nie wierzy\u0107 \u2013 <a href=\"https:\/\/www.sotrender.com\/blog\/pl\/2013\/02\/kuba-wojewodzki-co-by-tu-jeszcze-spieprzyc\/\">przedstawione na blogu<\/a> wyniki analizy sytuacji na stronie przed jej usuni\u0119ciem wskazuj\u0105 na inne powody usuni\u0119cia strony,  ni\u017c te o kt\u00f3rych m\u00f3wi celebryta w wywiadach.<\/p>\n<h3><b>Facebook Graph Search<\/b><\/h3>\n<p>Bardzo ciekawe dla u\u017cytkownik\u00f3w Facebooka,  a prawdopodobnie w przysz\u0142o\u015bci r\u00f3wnie\u017c dla marketingowc\u00f3w jest wykorzystanie wiedzy o sieci spo\u0142eczno\u015bciowej <a title=\"Graph Search - nowa wyszukiwarka na Facebooku\" href=\"https:\/\/www.facebook.com\/about\/graphsearch\" target=\"_blank\">w Facebookowym Graph Search<\/a>. Nowe sposoby wyszukiwania przez socjogram pozwalaj\u0105 na wynajdywanie bardzo r\u00f3\u017cnych informacji o u\u017cytkownikach serwisu. Dzi\u0119ki temu poznamy zainteresowania,  filmy czy artyst\u00f3w,  kt\u00f3rych lubi\u0105 nasi znajomi lub znajomi ich znajomych. Mo\u017cna si\u0119 spodziewa\u0107,  \u017ce na razie udost\u0119pniony nielicznym ch\u0119tnym Graph Search nie tylko stanie si\u0119 jedn\u0105 z najwa\u017cniejszych funkcji serwisu,  ale te\u017c znajdzie zastosowania w marketingu.<\/p>\n<h3><b>Zapraszamy do lektury<\/b><\/h3>\n<p>Co dok\u0142adnie si\u0119 dzia\u0142o w 33 bran\u017cach na polskim Facebooku oraz co na ten temat powiedzieli eksperci,  zobaczycie na stronach najnowszego raportu Fanpage Trends,  ju\u017c dost\u0119pnego bezp\u0142atnie <a title=\"Fanpage Trends Stycze\u0144 2013\" href=\"http:\/\/www.sotrender.com\/pl\/fanpage-trends\/201301\" target=\"_blank\">na stronie Sotrender<\/a>.<\/p>\n","protected":false},"excerpt":{"rendered":"<p>Facebookowe fajerwerki wybucha\u0142y przez ca\u0142y stycze\u0144. W po\u0142owie stycznia nast\u0105pi\u0142a spodziewana zmiana lidera w liczbie fan\u00f3w na polskim Facebooku. Demotywatory straci\u0142y pozycj\u0119 najwi\u0119kszego profilu w\u015br\u00f3d polskich stron na rzecz Serca i Rozumu. Na koniec miesi\u0105ca znikn\u0119\u0142a jedna z najwi\u0119kszych polskich stron \u2013 fanpage Kuba Wojew\u00f3dzki. Sotrender prezentuje styczniowe Fanpage Trends z now\u0105 szat\u0105 graficzn\u0105, infografik\u0105 [&hellip;]<\/p>\n","protected":false},"author":31,"featured_media":0,"comment_status":"open","ping_status":"open","sticky":false,"template":"","format":"standard","meta":{"inline_featured_image":false,"footnotes":""},"categories":[1791,1797],"tags":[7,17,25,31],"yoast_head":"<!-- This site is optimized with the Yoast SEO plugin v22.4 - https:\/\/yoast.com\/wordpress\/plugins\/seo\/ -->\n<title>Raport Fanpage Trends Stycze\u0144 2013 w nowej ods\u0142onie - Sotrender Blog<\/title>\n<meta name=\"description\" content=\"W styczniu 2013 w Fanpage Trends nadal fajerwerki: zmiana lidera polskiego Facebooka, znikni\u0119cie strony Kuby Wojew\u00f3dzkiego i pojawienie si\u0119 Graph Search.\" \/>\n<meta name=\"robots\" content=\"index, follow, max-snippet:-1, max-image-preview:large, max-video-preview:-1\" \/>\n<link rel=\"canonical\" href=\"https:\/\/www.sotrender.com\/blog\/pl\/2013\/02\/fanpage-trends-styczen-2013\/\" \/>\n<meta property=\"og:locale\" content=\"pl_PL\" \/>\n<meta property=\"og:type\" content=\"article\" \/>\n<meta property=\"og:title\" content=\"Raport Fanpage Trends Stycze\u0144 2013 w nowej ods\u0142onie - Sotrender Blog\" \/>\n<meta property=\"og:description\" content=\"W styczniu 2013 w Fanpage Trends nadal fajerwerki: zmiana lidera polskiego Facebooka, znikni\u0119cie strony Kuby Wojew\u00f3dzkiego i pojawienie si\u0119 Graph Search.\" \/>\n<meta property=\"og:url\" content=\"https:\/\/www.sotrender.com\/blog\/pl\/2013\/02\/fanpage-trends-styczen-2013\/\" \/>\n<meta property=\"og:site_name\" content=\"Sotrender Blog\" \/>\n<meta property=\"article:publisher\" content=\"https:\/\/www.facebook.com\/Sotrender\" \/>\n<meta property=\"article:published_time\" content=\"2013-02-07T11:31:30+00:00\" \/>\n<meta property=\"article:modified_time\" content=\"2015-12-01T21:21:51+00:00\" \/>\n<meta property=\"og:image\" content=\"https:\/\/www.sotrender.com\/blog\/wp-content\/uploads\/2013\/02\/infografika-150x150.jpg\" \/>\n<meta name=\"author\" content=\"Aleksandra Prejs\" \/>\n<meta name=\"twitter:card\" content=\"summary_large_image\" \/>\n<meta name=\"twitter:creator\" content=\"@Sotrender\" \/>\n<meta name=\"twitter:site\" content=\"@Sotrender\" \/>\n<meta name=\"twitter:label1\" content=\"Written by\" \/>\n\t<meta name=\"twitter:data1\" content=\"Aleksandra Prejs\" \/>\n\t<meta name=\"twitter:label2\" content=\"Est. reading time\" \/>\n\t<meta name=\"twitter:data2\" content=\"3 minutes\" \/>\n<script type=\"application\/ld+json\" class=\"yoast-schema-graph\">{\"@context\":\"https:\/\/schema.org\",\"@graph\":[{\"@type\":\"WebPage\",\"@id\":\"https:\/\/www.sotrender.com\/blog\/pl\/2013\/02\/fanpage-trends-styczen-2013\/\",\"url\":\"https:\/\/www.sotrender.com\/blog\/pl\/2013\/02\/fanpage-trends-styczen-2013\/\",\"name\":\"Raport Fanpage Trends Stycze\u0144 2013 w nowej ods\u0142onie - Sotrender Blog\",\"isPartOf\":{\"@id\":\"https:\/\/www.sotrender.com\/blog\/#website\"},\"primaryImageOfPage\":{\"@id\":\"https:\/\/www.sotrender.com\/blog\/pl\/2013\/02\/fanpage-trends-styczen-2013\/#primaryimage\"},\"image\":{\"@id\":\"https:\/\/www.sotrender.com\/blog\/pl\/2013\/02\/fanpage-trends-styczen-2013\/#primaryimage\"},\"thumbnailUrl\":\"https:\/\/www.sotrender.com\/blog\/wp-content\/uploads\/2013\/02\/infografika-150x150.jpg\",\"datePublished\":\"2013-02-07T11:31:30+00:00\",\"dateModified\":\"2015-12-01T21:21:51+00:00\",\"author\":{\"@id\":\"https:\/\/www.sotrender.com\/blog\/#\/schema\/person\/7106df62825269bc360ad9171cd7149b\"},\"description\":\"W styczniu 2013 w Fanpage Trends nadal fajerwerki: zmiana lidera polskiego Facebooka, znikni\u0119cie strony Kuby Wojew\u00f3dzkiego i pojawienie si\u0119 Graph Search.\",\"breadcrumb\":{\"@id\":\"https:\/\/www.sotrender.com\/blog\/pl\/2013\/02\/fanpage-trends-styczen-2013\/#breadcrumb\"},\"inLanguage\":\"pl-PL\",\"potentialAction\":[{\"@type\":\"ReadAction\",\"target\":[\"https:\/\/www.sotrender.com\/blog\/pl\/2013\/02\/fanpage-trends-styczen-2013\/\"]}]},{\"@type\":\"ImageObject\",\"inLanguage\":\"pl-PL\",\"@id\":\"https:\/\/www.sotrender.com\/blog\/pl\/2013\/02\/fanpage-trends-styczen-2013\/#primaryimage\",\"url\":\"https:\/\/www.sotrender.com\/blog\/wp-content\/uploads\/2013\/02\/infografika-150x150.jpg\",\"contentUrl\":\"https:\/\/www.sotrender.com\/blog\/wp-content\/uploads\/2013\/02\/infografika-150x150.jpg\"},{\"@type\":\"BreadcrumbList\",\"@id\":\"https:\/\/www.sotrender.com\/blog\/pl\/2013\/02\/fanpage-trends-styczen-2013\/#breadcrumb\",\"itemListElement\":[{\"@type\":\"ListItem\",\"position\":1,\"name\":\"Home\",\"item\":\"https:\/\/www.sotrender.com\/blog\/\"},{\"@type\":\"ListItem\",\"position\":2,\"name\":\"Facebookowe fajerwerki, czyli raport Fanpage Trends w nowej ods\u0142onie\"}]},{\"@type\":\"WebSite\",\"@id\":\"https:\/\/www.sotrender.com\/blog\/#website\",\"url\":\"https:\/\/www.sotrender.com\/blog\/\",\"name\":\"Sotrender Blog\",\"description\":\"\",\"potentialAction\":[{\"@type\":\"SearchAction\",\"target\":{\"@type\":\"EntryPoint\",\"urlTemplate\":\"https:\/\/www.sotrender.com\/blog\/?s={search_term_string}\"},\"query-input\":\"required name=search_term_string\"}],\"inLanguage\":\"pl-PL\"},{\"@type\":\"Person\",\"@id\":\"https:\/\/www.sotrender.com\/blog\/#\/schema\/person\/7106df62825269bc360ad9171cd7149b\",\"name\":\"Aleksandra Prejs\",\"image\":{\"@type\":\"ImageObject\",\"inLanguage\":\"pl-PL\",\"@id\":\"https:\/\/www.sotrender.com\/blog\/#\/schema\/person\/image\/\",\"url\":\"https:\/\/secure.gravatar.com\/avatar\/469000454b77ff0aacb32c49dba023be?s=96&d=mm&r=g\",\"contentUrl\":\"https:\/\/secure.gravatar.com\/avatar\/469000454b77ff0aacb32c49dba023be?s=96&d=mm&r=g\",\"caption\":\"Aleksandra Prejs\"},\"url\":\"https:\/\/www.sotrender.com\/blog\/pl\/author\/aleksandra-prejs\/\"}]}<\/script>\n<!-- \/ Yoast SEO plugin. -->","yoast_head_json":{"title":"Raport Fanpage Trends Stycze\u0144 2013 w nowej ods\u0142onie - Sotrender Blog","description":"W styczniu 2013 w Fanpage Trends nadal fajerwerki: zmiana lidera polskiego Facebooka, znikni\u0119cie strony Kuby Wojew\u00f3dzkiego i pojawienie si\u0119 Graph Search.","robots":{"index":"index","follow":"follow","max-snippet":"max-snippet:-1","max-image-preview":"max-image-preview:large","max-video-preview":"max-video-preview:-1"},"canonical":"https:\/\/www.sotrender.com\/blog\/pl\/2013\/02\/fanpage-trends-styczen-2013\/","og_locale":"pl_PL","og_type":"article","og_title":"Raport Fanpage Trends Stycze\u0144 2013 w nowej ods\u0142onie - Sotrender Blog","og_description":"W styczniu 2013 w Fanpage Trends nadal fajerwerki: zmiana lidera polskiego Facebooka, znikni\u0119cie strony Kuby Wojew\u00f3dzkiego i pojawienie si\u0119 Graph Search.","og_url":"https:\/\/www.sotrender.com\/blog\/pl\/2013\/02\/fanpage-trends-styczen-2013\/","og_site_name":"Sotrender Blog","article_publisher":"https:\/\/www.facebook.com\/Sotrender","article_published_time":"2013-02-07T11:31:30+00:00","article_modified_time":"2015-12-01T21:21:51+00:00","og_image":[{"url":"https:\/\/www.sotrender.com\/blog\/wp-content\/uploads\/2013\/02\/infografika-150x150.jpg"}],"author":"Aleksandra Prejs","twitter_card":"summary_large_image","twitter_creator":"@Sotrender","twitter_site":"@Sotrender","twitter_misc":{"Written by":"Aleksandra Prejs","Est. reading time":"3 minutes"},"schema":{"@context":"https:\/\/schema.org","@graph":[{"@type":"WebPage","@id":"https:\/\/www.sotrender.com\/blog\/pl\/2013\/02\/fanpage-trends-styczen-2013\/","url":"https:\/\/www.sotrender.com\/blog\/pl\/2013\/02\/fanpage-trends-styczen-2013\/","name":"Raport Fanpage Trends Stycze\u0144 2013 w nowej ods\u0142onie - Sotrender Blog","isPartOf":{"@id":"https:\/\/www.sotrender.com\/blog\/#website"},"primaryImageOfPage":{"@id":"https:\/\/www.sotrender.com\/blog\/pl\/2013\/02\/fanpage-trends-styczen-2013\/#primaryimage"},"image":{"@id":"https:\/\/www.sotrender.com\/blog\/pl\/2013\/02\/fanpage-trends-styczen-2013\/#primaryimage"},"thumbnailUrl":"https:\/\/www.sotrender.com\/blog\/wp-content\/uploads\/2013\/02\/infografika-150x150.jpg","datePublished":"2013-02-07T11:31:30+00:00","dateModified":"2015-12-01T21:21:51+00:00","author":{"@id":"https:\/\/www.sotrender.com\/blog\/#\/schema\/person\/7106df62825269bc360ad9171cd7149b"},"description":"W styczniu 2013 w Fanpage Trends nadal fajerwerki: zmiana lidera polskiego Facebooka, znikni\u0119cie strony Kuby Wojew\u00f3dzkiego i pojawienie si\u0119 Graph Search.","breadcrumb":{"@id":"https:\/\/www.sotrender.com\/blog\/pl\/2013\/02\/fanpage-trends-styczen-2013\/#breadcrumb"},"inLanguage":"pl-PL","potentialAction":[{"@type":"ReadAction","target":["https:\/\/www.sotrender.com\/blog\/pl\/2013\/02\/fanpage-trends-styczen-2013\/"]}]},{"@type":"ImageObject","inLanguage":"pl-PL","@id":"https:\/\/www.sotrender.com\/blog\/pl\/2013\/02\/fanpage-trends-styczen-2013\/#primaryimage","url":"https:\/\/www.sotrender.com\/blog\/wp-content\/uploads\/2013\/02\/infografika-150x150.jpg","contentUrl":"https:\/\/www.sotrender.com\/blog\/wp-content\/uploads\/2013\/02\/infografika-150x150.jpg"},{"@type":"BreadcrumbList","@id":"https:\/\/www.sotrender.com\/blog\/pl\/2013\/02\/fanpage-trends-styczen-2013\/#breadcrumb","itemListElement":[{"@type":"ListItem","position":1,"name":"Home","item":"https:\/\/www.sotrender.com\/blog\/"},{"@type":"ListItem","position":2,"name":"Facebookowe fajerwerki, czyli raport Fanpage Trends w nowej ods\u0142onie"}]},{"@type":"WebSite","@id":"https:\/\/www.sotrender.com\/blog\/#website","url":"https:\/\/www.sotrender.com\/blog\/","name":"Sotrender Blog","description":"","potentialAction":[{"@type":"SearchAction","target":{"@type":"EntryPoint","urlTemplate":"https:\/\/www.sotrender.com\/blog\/?s={search_term_string}"},"query-input":"required name=search_term_string"}],"inLanguage":"pl-PL"},{"@type":"Person","@id":"https:\/\/www.sotrender.com\/blog\/#\/schema\/person\/7106df62825269bc360ad9171cd7149b","name":"Aleksandra Prejs","image":{"@type":"ImageObject","inLanguage":"pl-PL","@id":"https:\/\/www.sotrender.com\/blog\/#\/schema\/person\/image\/","url":"https:\/\/secure.gravatar.com\/avatar\/469000454b77ff0aacb32c49dba023be?s=96&d=mm&r=g","contentUrl":"https:\/\/secure.gravatar.com\/avatar\/469000454b77ff0aacb32c49dba023be?s=96&d=mm&r=g","caption":"Aleksandra Prejs"},"url":"https:\/\/www.sotrender.com\/blog\/pl\/author\/aleksandra-prejs\/"}]}},"_links":{"self":[{"href":"https:\/\/www.sotrender.com\/blog\/pl\/wp-json\/wp\/v2\/posts\/4513"}],"collection":[{"href":"https:\/\/www.sotrender.com\/blog\/pl\/wp-json\/wp\/v2\/posts"}],"about":[{"href":"https:\/\/www.sotrender.com\/blog\/pl\/wp-json\/wp\/v2\/types\/post"}],"author":[{"embeddable":true,"href":"https:\/\/www.sotrender.com\/blog\/pl\/wp-json\/wp\/v2\/users\/31"}],"replies":[{"embeddable":true,"href":"https:\/\/www.sotrender.com\/blog\/pl\/wp-json\/wp\/v2\/comments?post=4513"}],"version-history":[{"count":14,"href":"https:\/\/www.sotrender.com\/blog\/pl\/wp-json\/wp\/v2\/posts\/4513\/revisions"}],"predecessor-version":[{"id":14675,"href":"https:\/\/www.sotrender.com\/blog\/pl\/wp-json\/wp\/v2\/posts\/4513\/revisions\/14675"}],"wp:attachment":[{"href":"https:\/\/www.sotrender.com\/blog\/pl\/wp-json\/wp\/v2\/media?parent=4513"}],"wp:term":[{"taxonomy":"category","embeddable":true,"href":"https:\/\/www.sotrender.com\/blog\/pl\/wp-json\/wp\/v2\/categories?post=4513"},{"taxonomy":"post_tag","embeddable":true,"href":"https:\/\/www.sotrender.com\/blog\/pl\/wp-json\/wp\/v2\/tags?post=4513"}],"curies":[{"name":"wp","href":"https:\/\/api.w.org\/{rel}","templated":true}]}}