{"id":44925,"date":"2022-04-08T09:33:27","date_gmt":"2022-04-08T07:33:27","guid":{"rendered":"https:\/\/www.sotrender.com\/blog\/?p=44925\/"},"modified":"2022-04-11T13:43:54","modified_gmt":"2022-04-11T11:43:54","slug":"facebook-trends-marzec-2022-pomoc-dla-ukrainy-sukcesy-polakow","status":"publish","type":"post","link":"https:\/\/www.sotrender.com\/blog\/pl\/2022\/04\/facebook-trends-marzec-2022-pomoc-dla-ukrainy-sukcesy-polakow\/","title":{"rendered":"Facebook Trends marzec 2022 &#8211; pomoc dla Ukrainy i sukcesy Polak\u00f3w"},"content":{"rendered":"<p><span style=\"font-weight: 400;\">Min\u0105\u0142 ponad miesi\u0105c, odk\u0105d wszyscy \u017cyjemy w zmienionej rzeczywisto\u015bci. U naszych s\u0105siad\u00f3w trwa wojna, a my pr\u00f3bujemy zachowa\u0107 pozory normalno\u015bci, jednocze\u015bnie ca\u0142y czas anga\u017cuj\u0105c si\u0119 w oddolne akcje pomocowe. W marcu Facebook zn\u00f3w pe\u0142en by\u0142 niebieskich i \u017c\u00f3\u0142tych barw. Gdzie\u015b pomi\u0119dzy informacjami z frontu wojennego oraz apelami o pomoc, pojawi\u0142y si\u0119 te\u017c jednak pozytywne newsy, m. in. dotycz\u0105ce sportowych sukces\u00f3w naszych rodak\u00f3w. Zapraszamy na <a href=\"https:\/\/www.sotrender.com\/trends\/facebook\/poland\/202203\">podsumowanie minionego miesi\u0105ca<\/a>.<\/span><\/p>\n<h2><b>Stabilizacja koszt\u00f3w reklamowych<\/b><\/h2>\n<p><span style=\"font-weight: 400;\">Na pocz\u0105tek kr\u00f3tka analiza \u015brednich stawek reklamowych w ekosystemie Facebooka. W marcu, \u015brednia miesi\u0119czna warto\u015b\u0107 CPC dla jednej aktywnej reklamy wynosi\u0142a <\/span><b>75 gr<\/b><span style=\"font-weight: 400;\">, czyli <\/span><b>tylko o 4 gr mniej ni\u017c w lutym<\/b><span style=\"font-weight: 400;\">.<\/span><\/p>\n<p><img loading=\"lazy\" decoding=\"async\" class=\"aligncenter wp-image-44927\" src=\"https:\/\/www.sotrender.com\/blog\/wp-content\/uploads\/2022\/04\/CPC_marzec-2022.png\" alt=\"Miesi\u0119czna warto\u015b\u0107 CPC dla jednej aktywnej reklamy\" width=\"800\" height=\"467\" srcset=\"https:\/\/www.sotrender.com\/blog\/wp-content\/uploads\/2022\/04\/CPC_marzec-2022.png 1200w, https:\/\/www.sotrender.com\/blog\/wp-content\/uploads\/2022\/04\/CPC_marzec-2022-475x277.png 475w, https:\/\/www.sotrender.com\/blog\/wp-content\/uploads\/2022\/04\/CPC_marzec-2022-768x448.png 768w\" sizes=\"(max-width: 800px) 100vw, 800px\" \/><\/p>\n<p><span style=\"font-weight: 400;\">Je\u015bli chodzi o CPM, w tym przypadku sytuacja by\u0142a odwrotna. \u015arednia miesi\u0119czna warto\u015b\u0107 dla tego wska\u017anika <\/span><b>wzros\u0142a w marcu o 4 gr w stosunku do lutego<\/b><span style=\"font-weight: 400;\">, i wynios\u0142a <\/span><b>7 z\u0142 3 gr<\/b><span style=\"font-weight: 400;\">.<\/span><\/p>\n<p><img loading=\"lazy\" decoding=\"async\" class=\"aligncenter wp-image-44929\" src=\"https:\/\/www.sotrender.com\/blog\/wp-content\/uploads\/2022\/04\/CPM_marzec-2022.png\" alt=\"Miesi\u0119czna warto\u015b\u0107 CPM dla jednej aktywnej reklamy\" width=\"800\" height=\"467\" srcset=\"https:\/\/www.sotrender.com\/blog\/wp-content\/uploads\/2022\/04\/CPM_marzec-2022.png 1200w, https:\/\/www.sotrender.com\/blog\/wp-content\/uploads\/2022\/04\/CPM_marzec-2022-475x277.png 475w, https:\/\/www.sotrender.com\/blog\/wp-content\/uploads\/2022\/04\/CPM_marzec-2022-768x448.png 768w\" sizes=\"(max-width: 800px) 100vw, 800px\" \/><\/p>\n<p><span style=\"font-weight: 400;\">S\u0105 to stosunkowo niedu\u017ce zmiany. Przypomnijmy, \u017ce po gwa\u0142townym spadku dziennej liczby reklam oraz wyra\u017anie ni\u017cszych wydatkach na reklam\u0119 w lutym, na pocz\u0105tku marca nast\u0105pi\u0142o odwr\u00f3cenie tego trendu. Wzros\u0142a liczba aktywnych reklam i wydatki, ale do poziomu znacznie ni\u017cszego ni\u017c przed wojn\u0105. <\/span><a href=\"https:\/\/www.sotrender.com\/blog\/pl\/2022\/03\/po-naglej-reakcji-na-wojne-branza-reklamowa-znow-aktywna\/\"><span style=\"font-weight: 400;\">Ca\u0142\u0105 analiz\u0119 mo\u017cesz przeczyta\u0107 tutaj &gt;<\/span><\/a><\/p>\n<h2><b>Dziki Trener zn\u00f3w w pierwszej tr\u00f3jce<\/b><\/h2>\n<p><span style=\"font-weight: 400;\">Trzy najlepsze posty w kategorii <a href=\"https:\/\/www.sotrender.com\/trends\/facebook\/poland\/202203\/pl_wszystkie\">Polskoj\u0119zyczne<\/a> dotyczy\u0142y sytuacji u naszego wschodniego s\u0105siada. Na pierwszym miejscu znalaz\u0142 si\u0119 post Filipa Chajzera, w kt\u00f3rym prezenter skomentowa\u0142 sytuacj\u0119 na granicy polsko-bia\u0142oruskiej, kt\u00f3r\u0105 mia\u0142y przekracza\u0107 tiry z zaopatrzeniem dla Rosjan. Na drugim miejscu uplasowa\u0142 si\u0119 popularny Dziki Trener z poka\u017an\u0105 liczb\u0105 prawie <\/span><b>139 tys. reakcji<\/b><span style=\"font-weight: 400;\"> pod postem dotycz\u0105cym uchod\u017ac\u00f3w z Ukrainy, a na trzecim &#8211; polityk Patryk Jaki.<\/span><\/p>\n<div id=\"attachment_44931\" style=\"width: 809px\" class=\"wp-caption aligncenter\"><img loading=\"lazy\" decoding=\"async\" aria-describedby=\"caption-attachment-44931\" class=\"wp-image-44931\" src=\"https:\/\/www.sotrender.com\/blog\/wp-content\/uploads\/2022\/04\/najlepsze-posty-polskoje\u0328zyczne_marzec-2022.png\" alt=\"Najlepsze posty Polskoj\u0119zyczne\" width=\"799\" height=\"397\" srcset=\"https:\/\/www.sotrender.com\/blog\/wp-content\/uploads\/2022\/04\/najlepsze-posty-polskoje\u0328zyczne_marzec-2022.png 1984w, https:\/\/www.sotrender.com\/blog\/wp-content\/uploads\/2022\/04\/najlepsze-posty-polskoje\u0328zyczne_marzec-2022-475x236.png 475w, https:\/\/www.sotrender.com\/blog\/wp-content\/uploads\/2022\/04\/najlepsze-posty-polskoje\u0328zyczne_marzec-2022-768x381.png 768w\" sizes=\"(max-width: 799px) 100vw, 799px\" \/><p id=\"caption-attachment-44931\" class=\"wp-caption-text\">Najlepsze posty, Polskoj\u0119zyczne | Facebook, marzec 2022<\/p><\/div>\n<h2><b>Du\u017ce i ma\u0142e firmy na pomoc Ukrainie<\/b><\/h2>\n<p><span style=\"font-weight: 400;\">Gdy tylko \u015bwiat obieg\u0142a informacja o wybuchu wojny w Ukrainie, w social mediach (i nie tylko) uruchomiono zbi\u00f3rki i inne akcje pomocowe dla naszych s\u0105siad\u00f3w. <\/span><a href=\"https:\/\/www.sotrender.com\/blog\/pl\/2022\/03\/facebook-trends-luty-2022-aktywizacja-polakow-spadek-liczby-reklam\/\"><span style=\"font-weight: 400;\">Na pocz\u0105tku by\u0142y to g\u0142\u00f3wnie organizacje pozarz\u0105dowe i fundacje<\/span><\/a><span style=\"font-weight: 400;\">, jednak ju\u017c kilka dni p\u00f3\u017aniej w pomoc zacz\u0119\u0142y anga\u017cowa\u0107 si\u0119 najr\u00f3\u017cniejsze biznesy &#8211; zar\u00f3wno du\u017ce, jak i ma\u0142e.<\/span><\/p>\n<p><span style=\"font-weight: 400;\">Mo\u017cna nawet powiedzie\u0107, \u017ce ukszta\u0142towa\u0142 si\u0119 nowy trend pomocowy &#8211; gros firm zacz\u0119\u0142o wykorzystywa\u0107 w\u0142asne zasoby celem wspierania uchod\u017ac\u00f3w wojennych. Czasem by\u0142y to produkty, innym razem us\u0142ugi (jak na przyk\u0142ad inicjatywa Tech for Ukraine), jeszcze innym &#8211; pomieszczenia biurowe aran\u017cowane na tymczasowe mieszkania dla uchod\u017ac\u00f3w.<\/span><\/p>\n<div id=\"attachment_44933\" style=\"width: 809px\" class=\"wp-caption aligncenter\"><img loading=\"lazy\" decoding=\"async\" aria-describedby=\"caption-attachment-44933\" class=\"wp-image-44933\" src=\"https:\/\/www.sotrender.com\/blog\/wp-content\/uploads\/2022\/04\/najlepsze-posty_agencje_marzec-2022.png\" alt=\"Najlepsze posty Agencje interaktywne i PR\" width=\"799\" height=\"388\" srcset=\"https:\/\/www.sotrender.com\/blog\/wp-content\/uploads\/2022\/04\/najlepsze-posty_agencje_marzec-2022.png 1976w, https:\/\/www.sotrender.com\/blog\/wp-content\/uploads\/2022\/04\/najlepsze-posty_agencje_marzec-2022-475x231.png 475w, https:\/\/www.sotrender.com\/blog\/wp-content\/uploads\/2022\/04\/najlepsze-posty_agencje_marzec-2022-768x373.png 768w\" sizes=\"(max-width: 799px) 100vw, 799px\" \/><p id=\"caption-attachment-44933\" class=\"wp-caption-text\">Najlepsze posty, Agencje interaktywne i PR | Facebook, marzec 2022<\/p><\/div>\n<p><span style=\"font-weight: 400;\">R\u00f3wnie\u017c i my, jak i wielu naszych klient\u00f3w i innych firm z bran\u017cy, znale\u017ali\u015bmy spos\u00f3b, by udzieli\u0107 potrzebnego wsparcia naszym s\u0105siadom. Dzi\u0119ki zgranej pracy naszego zespo\u0142u, uda\u0142o nam si\u0119 szybko przeorganizowa\u0107 cz\u0119\u015b\u0107 biura i <\/span><a href=\"https:\/\/www.linkedin.com\/posts\/janekzajac_standwithukraine-activity-6905179645734711296-PTPa?utm_source=linkedin_share&amp;utm_medium=member_desktop_web\"><span style=\"font-weight: 400;\">tymczasowo zaadaptowa\u0107 je na mieszkanie dla rodziny uchod\u017ac\u00f3w<\/span><\/a><span style=\"font-weight: 400;\">.<\/span><\/p>\n<h2><b>7-latka \u201e<\/b><b>ma t\u0119 moc<\/b><b>\u201d<\/b><\/h2>\n<p><span style=\"font-weight: 400;\">W minionym miesi\u0105cu g\u0142o\u015bno by\u0142o te\u017c o koncercie charytatywnym <\/span><span style=\"font-weight: 400;\">\u201e<\/span><span style=\"font-weight: 400;\">Razem z Ukrain\u0105<\/span><span style=\"font-weight: 400;\">\u201d,<\/span><span style=\"font-weight: 400;\"> zorganizowanym pod szyldem TVN. Koncert otworzy\u0142 wyst\u0119p 7-letniej Ukrainki, Amelii, kt\u00f3ra nie tak dawno \u015bpiewa\u0142a w kijowskim schronie piosenk\u0119 <\/span><span style=\"font-weight: 400;\">\u201e<\/span><span style=\"font-weight: 400;\">Mam t\u0119 moc<\/span><span style=\"font-weight: 400;\">\u201d, a wideo z jej nagraniem obieg\u0142o ca\u0142y \u015bwiat. Tym razem dziewczynka <\/span><span style=\"font-weight: 400;\">za\u015bpiewa\u0142a na wielkiej scenie hymn Ukrainy. Post TVN z nagraniem z wyst\u0119pu by\u0142 w marcu najlepszym postem w kategorii <a href=\"https:\/\/www.sotrender.com\/trends\/facebook\/poland\/202203\/media\/telewizja\">Telewizja<\/a>.<\/span><\/p>\n<p style=\"text-align: center;\"><iframe loading=\"lazy\" style=\"border: none; overflow: hidden;\" src=\"https:\/\/www.facebook.com\/plugins\/video.php?height=314&amp;href=https%3A%2F%2Fwww.facebook.com%2Ftvnpl%2Fvideos%2F992196461390160%2F&amp;show_text=false&amp;width=560&amp;t=0\" width=\"560\" height=\"314\" frameborder=\"0\" scrolling=\"no\" allowfullscreen=\"allowfullscreen\"><\/iframe><\/p>\n<h2><b>Sportowe sukcesy Polak\u00f3w<\/b><\/h2>\n<p><span style=\"font-weight: 400;\">Mimo \u017ce w ostatnim czasie dociera\u0142y do nas g\u0142\u00f3wnie negatywne informacje, w marcu pozytywnie zaskoczy\u0142o nas m. in. zwyci\u0119stwo Igi \u015awi\u0105tek, kt\u00f3ra, mimo trudnych warunk\u00f3w na korcie, pokona\u0142a Rumunk\u0119 i wygra\u0142a turniej w Indian Wells. Post, kt\u00f3ry udost\u0119pni\u0142a w dniu zwyci\u0119stwa, zdoby\u0142 \u0142\u0105cznie ponad <\/span><b>45 tys. reakcji<\/b><span style=\"font-weight: 400;\">.<\/span><\/p>\n<p><iframe loading=\"lazy\" style=\"border: none; overflow: hidden;\" src=\"https:\/\/www.facebook.com\/plugins\/post.php?href=https%3A%2F%2Fwww.facebook.com%2Fswiatekiga%2Fposts%2F544689250351439&amp;show_text=true&amp;width=500\" width=\"500\" height=\"709\" frameborder=\"0\" scrolling=\"no\" allowfullscreen=\"allowfullscreen\"><\/iframe><\/p>\n<p><span style=\"font-weight: 400;\">Kolejnym sukcesem by\u0142a wygrana polskiej reprezentacji pi\u0142ki no\u017cnej w rozgrywce ze Szwecj\u0105, co zapewni\u0142o pi\u0142karzom awans na mundial w Katarze. Bramk\u0119 dla polskiej dru\u017cyny zdoby\u0142 mi\u0119dzy innymi ulubieniec Polak\u00f3w &#8211; Robert Lewandowski, strzelaj\u0105c z rzutu karnego. Naturalnie, pi\u0142karz podzieli\u0142 si\u0119 informacj\u0105 o wygranej na <\/span><a href=\"https:\/\/www.facebook.com\/photo?fbid=540781537407992&amp;set=a.264178405068308\"><span style=\"font-weight: 400;\">swoim profilu<\/span><\/a><span style=\"font-weight: 400;\">.<\/span><\/p>\n<h2><b>Druga Polka z tytu\u0142em miss \u015bwiata<\/b><\/h2>\n<p><span style=\"font-weight: 400;\">W drugiej po\u0142owie marca, dobre wiadomo\u015bci dotar\u0142y do nas tak\u017ce z Portoryko, gdzie, Karolina Bielawska, jako druga Polka w historii, zdoby\u0142a tytu\u0142 Miss World. <\/span><a href=\"https:\/\/fb.watch\/cerAP9Qvbe\/\"><span style=\"font-weight: 400;\">Post na profilu Miss Polonia<\/span><\/a><span style=\"font-weight: 400;\"> dotycz\u0105cy wygranej zgromadzi\u0142 ponad 31 tys. reakcji.<\/span><\/p>\n<div id=\"attachment_44935\" style=\"width: 2009px\" class=\"wp-caption alignnone\"><img loading=\"lazy\" decoding=\"async\" aria-describedby=\"caption-attachment-44935\" class=\"wp-image-44935 size-full\" src=\"https:\/\/www.sotrender.com\/blog\/wp-content\/uploads\/2022\/04\/aktywni-uz\u0307ytkownicy_zdrowie_marzec-2022.png\" alt=\"Profile o najwi\u0119kszej aktywno\u015bci u\u017cytkownik\u00f3w Zdrowie\" width=\"1999\" height=\"368\" srcset=\"https:\/\/www.sotrender.com\/blog\/wp-content\/uploads\/2022\/04\/aktywni-uz\u0307ytkownicy_zdrowie_marzec-2022.png 1999w, https:\/\/www.sotrender.com\/blog\/wp-content\/uploads\/2022\/04\/aktywni-uz\u0307ytkownicy_zdrowie_marzec-2022-475x87.png 475w, https:\/\/www.sotrender.com\/blog\/wp-content\/uploads\/2022\/04\/aktywni-uz\u0307ytkownicy_zdrowie_marzec-2022-768x141.png 768w\" sizes=\"(max-width: 1999px) 100vw, 1999px\" \/><p id=\"caption-attachment-44935\" class=\"wp-caption-text\">Profile o najwi\u0119kszej aktywno\u015bci u\u017cytkownik\u00f3w, Zdrowie | Facebook, marzec 2022<\/p><\/div>\n<p><span style=\"font-weight: 400;\">W marcu to ju\u017c wszystko, a my, jak zawsze, zach\u0119camy Was do prze\u015bledzenia ca\u0142ego raportu <\/span><a href=\"https:\/\/www.sotrender.com\/trends\/facebook\/poland\/202203\"><span style=\"font-weight: 400;\">Facebook Trends &#8211; marzec 2022<\/span><\/a><span style=\"font-weight: 400;\">.<\/span><\/p>\n","protected":false},"excerpt":{"rendered":"<p>Min\u0105\u0142 ponad miesi\u0105c, odk\u0105d wszyscy \u017cyjemy w zmienionej rzeczywisto\u015bci. U naszych s\u0105siad\u00f3w trwa wojna, a my pr\u00f3bujemy zachowa\u0107 pozory normalno\u015bci, jednocze\u015bnie ca\u0142y czas anga\u017cuj\u0105c si\u0119 w oddolne akcje pomocowe. W marcu Facebook zn\u00f3w pe\u0142en by\u0142 niebieskich i \u017c\u00f3\u0142tych barw. Gdzie\u015b pomi\u0119dzy informacjami z frontu wojennego oraz apelami o pomoc, pojawi\u0142y si\u0119 te\u017c jednak pozytywne newsy, [&hellip;]<\/p>\n","protected":false},"author":211,"featured_media":44937,"comment_status":"open","ping_status":"open","sticky":false,"template":"","format":"standard","meta":{"inline_featured_image":false,"footnotes":""},"categories":[1791,1797],"tags":[2005,2307],"yoast_head":"<!-- This site is optimized with the Yoast SEO plugin v22.4 - https:\/\/yoast.com\/wordpress\/plugins\/seo\/ -->\n<title>Facebook Trends marzec 2022 - pomoc dla Ukrainy i sukcesy Polak\u00f3w<\/title>\n<meta name=\"description\" content=\"W marcu na Facebooku popularne by\u0142y g\u0142\u00f3wnie dwa tematy: sytuacja w Ukrainie oraz sportowe sukcesy Polak\u00f3w. Sprawd\u017a marcowy raport Facebook Trends.\" \/>\n<meta name=\"robots\" content=\"index, follow, max-snippet:-1, max-image-preview:large, max-video-preview:-1\" \/>\n<link rel=\"canonical\" href=\"https:\/\/www.sotrender.com\/blog\/pl\/2022\/04\/facebook-trends-marzec-2022-pomoc-dla-ukrainy-sukcesy-polakow\/\" \/>\n<meta property=\"og:locale\" content=\"pl_PL\" \/>\n<meta property=\"og:type\" content=\"article\" \/>\n<meta property=\"og:title\" content=\"Facebook Trends marzec 2022 - pomoc dla Ukrainy i sukcesy Polak\u00f3w\" \/>\n<meta property=\"og:description\" content=\"W marcu na Facebooku popularne by\u0142y g\u0142\u00f3wnie dwa tematy: sytuacja w Ukrainie oraz sportowe sukcesy Polak\u00f3w. Sprawd\u017a marcowy raport Facebook Trends.\" \/>\n<meta property=\"og:url\" content=\"https:\/\/www.sotrender.com\/blog\/pl\/2022\/04\/facebook-trends-marzec-2022-pomoc-dla-ukrainy-sukcesy-polakow\/\" \/>\n<meta property=\"og:site_name\" content=\"Sotrender Blog\" \/>\n<meta property=\"article:publisher\" content=\"https:\/\/www.facebook.com\/Sotrender\" \/>\n<meta property=\"article:published_time\" content=\"2022-04-08T07:33:27+00:00\" \/>\n<meta property=\"article:modified_time\" content=\"2022-04-11T11:43:54+00:00\" \/>\n<meta property=\"og:image\" content=\"https:\/\/www.sotrender.com\/blog\/wp-content\/uploads\/2022\/04\/Facebook-Trends-marzec-2022.jpg\" \/>\n\t<meta property=\"og:image:width\" content=\"2200\" \/>\n\t<meta property=\"og:image:height\" content=\"1457\" \/>\n\t<meta property=\"og:image:type\" content=\"image\/jpeg\" \/>\n<meta name=\"author\" content=\"Marta Bongilaj\" \/>\n<meta name=\"twitter:card\" content=\"summary_large_image\" \/>\n<meta name=\"twitter:creator\" content=\"@Sotrender\" \/>\n<meta name=\"twitter:site\" content=\"@Sotrender\" \/>\n<meta name=\"twitter:label1\" content=\"Written by\" \/>\n\t<meta name=\"twitter:data1\" content=\"Marta Bongilaj\" \/>\n\t<meta name=\"twitter:label2\" content=\"Est. reading time\" \/>\n\t<meta name=\"twitter:data2\" content=\"4 minutes\" \/>\n<script type=\"application\/ld+json\" class=\"yoast-schema-graph\">{\"@context\":\"https:\/\/schema.org\",\"@graph\":[{\"@type\":\"WebPage\",\"@id\":\"https:\/\/www.sotrender.com\/blog\/pl\/2022\/04\/facebook-trends-marzec-2022-pomoc-dla-ukrainy-sukcesy-polakow\/\",\"url\":\"https:\/\/www.sotrender.com\/blog\/pl\/2022\/04\/facebook-trends-marzec-2022-pomoc-dla-ukrainy-sukcesy-polakow\/\",\"name\":\"Facebook Trends marzec 2022 - pomoc dla Ukrainy i sukcesy Polak\u00f3w\",\"isPartOf\":{\"@id\":\"https:\/\/www.sotrender.com\/blog\/#website\"},\"primaryImageOfPage\":{\"@id\":\"https:\/\/www.sotrender.com\/blog\/pl\/2022\/04\/facebook-trends-marzec-2022-pomoc-dla-ukrainy-sukcesy-polakow\/#primaryimage\"},\"image\":{\"@id\":\"https:\/\/www.sotrender.com\/blog\/pl\/2022\/04\/facebook-trends-marzec-2022-pomoc-dla-ukrainy-sukcesy-polakow\/#primaryimage\"},\"thumbnailUrl\":\"https:\/\/www.sotrender.com\/blog\/wp-content\/uploads\/2022\/04\/Facebook-Trends-marzec-2022.jpg\",\"datePublished\":\"2022-04-08T07:33:27+00:00\",\"dateModified\":\"2022-04-11T11:43:54+00:00\",\"author\":{\"@id\":\"https:\/\/www.sotrender.com\/blog\/#\/schema\/person\/7ef66e02c50604f5f3f1affc225398a5\"},\"description\":\"W marcu na Facebooku popularne by\u0142y g\u0142\u00f3wnie dwa tematy: sytuacja w Ukrainie oraz sportowe sukcesy Polak\u00f3w. Sprawd\u017a marcowy raport Facebook Trends.\",\"breadcrumb\":{\"@id\":\"https:\/\/www.sotrender.com\/blog\/pl\/2022\/04\/facebook-trends-marzec-2022-pomoc-dla-ukrainy-sukcesy-polakow\/#breadcrumb\"},\"inLanguage\":\"pl-PL\",\"potentialAction\":[{\"@type\":\"ReadAction\",\"target\":[\"https:\/\/www.sotrender.com\/blog\/pl\/2022\/04\/facebook-trends-marzec-2022-pomoc-dla-ukrainy-sukcesy-polakow\/\"]}]},{\"@type\":\"ImageObject\",\"inLanguage\":\"pl-PL\",\"@id\":\"https:\/\/www.sotrender.com\/blog\/pl\/2022\/04\/facebook-trends-marzec-2022-pomoc-dla-ukrainy-sukcesy-polakow\/#primaryimage\",\"url\":\"https:\/\/www.sotrender.com\/blog\/wp-content\/uploads\/2022\/04\/Facebook-Trends-marzec-2022.jpg\",\"contentUrl\":\"https:\/\/www.sotrender.com\/blog\/wp-content\/uploads\/2022\/04\/Facebook-Trends-marzec-2022.jpg\",\"width\":2200,\"height\":1457},{\"@type\":\"BreadcrumbList\",\"@id\":\"https:\/\/www.sotrender.com\/blog\/pl\/2022\/04\/facebook-trends-marzec-2022-pomoc-dla-ukrainy-sukcesy-polakow\/#breadcrumb\",\"itemListElement\":[{\"@type\":\"ListItem\",\"position\":1,\"name\":\"Home\",\"item\":\"https:\/\/www.sotrender.com\/blog\/\"},{\"@type\":\"ListItem\",\"position\":2,\"name\":\"Facebook Trends marzec 2022 &#8211; pomoc dla Ukrainy i sukcesy Polak\u00f3w\"}]},{\"@type\":\"WebSite\",\"@id\":\"https:\/\/www.sotrender.com\/blog\/#website\",\"url\":\"https:\/\/www.sotrender.com\/blog\/\",\"name\":\"Sotrender Blog\",\"description\":\"\",\"potentialAction\":[{\"@type\":\"SearchAction\",\"target\":{\"@type\":\"EntryPoint\",\"urlTemplate\":\"https:\/\/www.sotrender.com\/blog\/?s={search_term_string}\"},\"query-input\":\"required name=search_term_string\"}],\"inLanguage\":\"pl-PL\"},{\"@type\":\"Person\",\"@id\":\"https:\/\/www.sotrender.com\/blog\/#\/schema\/person\/7ef66e02c50604f5f3f1affc225398a5\",\"name\":\"Marta Bongilaj\",\"image\":{\"@type\":\"ImageObject\",\"inLanguage\":\"pl-PL\",\"@id\":\"https:\/\/www.sotrender.com\/blog\/#\/schema\/person\/image\/\",\"url\":\"https:\/\/secure.gravatar.com\/avatar\/0799dc0381a0207d8370bd44a9c21665?s=96&d=mm&r=g\",\"contentUrl\":\"https:\/\/secure.gravatar.com\/avatar\/0799dc0381a0207d8370bd44a9c21665?s=96&d=mm&r=g\",\"caption\":\"Marta Bongilaj\"},\"description\":\"Content marketer developing her passion for writing from her youngest years. Loves playing with words. Beyond that, a real dog enthusiast and a happy owner of one.\",\"url\":\"https:\/\/www.sotrender.com\/blog\/pl\/author\/marta_bongilaj\/\"}]}<\/script>\n<!-- \/ Yoast SEO plugin. -->","yoast_head_json":{"title":"Facebook Trends marzec 2022 - pomoc dla Ukrainy i sukcesy Polak\u00f3w","description":"W marcu na Facebooku popularne by\u0142y g\u0142\u00f3wnie dwa tematy: sytuacja w Ukrainie oraz sportowe sukcesy Polak\u00f3w. Sprawd\u017a marcowy raport Facebook Trends.","robots":{"index":"index","follow":"follow","max-snippet":"max-snippet:-1","max-image-preview":"max-image-preview:large","max-video-preview":"max-video-preview:-1"},"canonical":"https:\/\/www.sotrender.com\/blog\/pl\/2022\/04\/facebook-trends-marzec-2022-pomoc-dla-ukrainy-sukcesy-polakow\/","og_locale":"pl_PL","og_type":"article","og_title":"Facebook Trends marzec 2022 - pomoc dla Ukrainy i sukcesy Polak\u00f3w","og_description":"W marcu na Facebooku popularne by\u0142y g\u0142\u00f3wnie dwa tematy: sytuacja w Ukrainie oraz sportowe sukcesy Polak\u00f3w. Sprawd\u017a marcowy raport Facebook Trends.","og_url":"https:\/\/www.sotrender.com\/blog\/pl\/2022\/04\/facebook-trends-marzec-2022-pomoc-dla-ukrainy-sukcesy-polakow\/","og_site_name":"Sotrender Blog","article_publisher":"https:\/\/www.facebook.com\/Sotrender","article_published_time":"2022-04-08T07:33:27+00:00","article_modified_time":"2022-04-11T11:43:54+00:00","og_image":[{"width":2200,"height":1457,"url":"https:\/\/www.sotrender.com\/blog\/wp-content\/uploads\/2022\/04\/Facebook-Trends-marzec-2022.jpg","type":"image\/jpeg"}],"author":"Marta Bongilaj","twitter_card":"summary_large_image","twitter_creator":"@Sotrender","twitter_site":"@Sotrender","twitter_misc":{"Written by":"Marta Bongilaj","Est. reading time":"4 minutes"},"schema":{"@context":"https:\/\/schema.org","@graph":[{"@type":"WebPage","@id":"https:\/\/www.sotrender.com\/blog\/pl\/2022\/04\/facebook-trends-marzec-2022-pomoc-dla-ukrainy-sukcesy-polakow\/","url":"https:\/\/www.sotrender.com\/blog\/pl\/2022\/04\/facebook-trends-marzec-2022-pomoc-dla-ukrainy-sukcesy-polakow\/","name":"Facebook Trends marzec 2022 - pomoc dla Ukrainy i sukcesy Polak\u00f3w","isPartOf":{"@id":"https:\/\/www.sotrender.com\/blog\/#website"},"primaryImageOfPage":{"@id":"https:\/\/www.sotrender.com\/blog\/pl\/2022\/04\/facebook-trends-marzec-2022-pomoc-dla-ukrainy-sukcesy-polakow\/#primaryimage"},"image":{"@id":"https:\/\/www.sotrender.com\/blog\/pl\/2022\/04\/facebook-trends-marzec-2022-pomoc-dla-ukrainy-sukcesy-polakow\/#primaryimage"},"thumbnailUrl":"https:\/\/www.sotrender.com\/blog\/wp-content\/uploads\/2022\/04\/Facebook-Trends-marzec-2022.jpg","datePublished":"2022-04-08T07:33:27+00:00","dateModified":"2022-04-11T11:43:54+00:00","author":{"@id":"https:\/\/www.sotrender.com\/blog\/#\/schema\/person\/7ef66e02c50604f5f3f1affc225398a5"},"description":"W marcu na Facebooku popularne by\u0142y g\u0142\u00f3wnie dwa tematy: sytuacja w Ukrainie oraz sportowe sukcesy Polak\u00f3w. Sprawd\u017a marcowy raport Facebook Trends.","breadcrumb":{"@id":"https:\/\/www.sotrender.com\/blog\/pl\/2022\/04\/facebook-trends-marzec-2022-pomoc-dla-ukrainy-sukcesy-polakow\/#breadcrumb"},"inLanguage":"pl-PL","potentialAction":[{"@type":"ReadAction","target":["https:\/\/www.sotrender.com\/blog\/pl\/2022\/04\/facebook-trends-marzec-2022-pomoc-dla-ukrainy-sukcesy-polakow\/"]}]},{"@type":"ImageObject","inLanguage":"pl-PL","@id":"https:\/\/www.sotrender.com\/blog\/pl\/2022\/04\/facebook-trends-marzec-2022-pomoc-dla-ukrainy-sukcesy-polakow\/#primaryimage","url":"https:\/\/www.sotrender.com\/blog\/wp-content\/uploads\/2022\/04\/Facebook-Trends-marzec-2022.jpg","contentUrl":"https:\/\/www.sotrender.com\/blog\/wp-content\/uploads\/2022\/04\/Facebook-Trends-marzec-2022.jpg","width":2200,"height":1457},{"@type":"BreadcrumbList","@id":"https:\/\/www.sotrender.com\/blog\/pl\/2022\/04\/facebook-trends-marzec-2022-pomoc-dla-ukrainy-sukcesy-polakow\/#breadcrumb","itemListElement":[{"@type":"ListItem","position":1,"name":"Home","item":"https:\/\/www.sotrender.com\/blog\/"},{"@type":"ListItem","position":2,"name":"Facebook Trends marzec 2022 &#8211; pomoc dla Ukrainy i sukcesy Polak\u00f3w"}]},{"@type":"WebSite","@id":"https:\/\/www.sotrender.com\/blog\/#website","url":"https:\/\/www.sotrender.com\/blog\/","name":"Sotrender Blog","description":"","potentialAction":[{"@type":"SearchAction","target":{"@type":"EntryPoint","urlTemplate":"https:\/\/www.sotrender.com\/blog\/?s={search_term_string}"},"query-input":"required name=search_term_string"}],"inLanguage":"pl-PL"},{"@type":"Person","@id":"https:\/\/www.sotrender.com\/blog\/#\/schema\/person\/7ef66e02c50604f5f3f1affc225398a5","name":"Marta Bongilaj","image":{"@type":"ImageObject","inLanguage":"pl-PL","@id":"https:\/\/www.sotrender.com\/blog\/#\/schema\/person\/image\/","url":"https:\/\/secure.gravatar.com\/avatar\/0799dc0381a0207d8370bd44a9c21665?s=96&d=mm&r=g","contentUrl":"https:\/\/secure.gravatar.com\/avatar\/0799dc0381a0207d8370bd44a9c21665?s=96&d=mm&r=g","caption":"Marta Bongilaj"},"description":"Content marketer developing her passion for writing from her youngest years. Loves playing with words. Beyond that, a real dog enthusiast and a happy owner of one.","url":"https:\/\/www.sotrender.com\/blog\/pl\/author\/marta_bongilaj\/"}]}},"_links":{"self":[{"href":"https:\/\/www.sotrender.com\/blog\/pl\/wp-json\/wp\/v2\/posts\/44925"}],"collection":[{"href":"https:\/\/www.sotrender.com\/blog\/pl\/wp-json\/wp\/v2\/posts"}],"about":[{"href":"https:\/\/www.sotrender.com\/blog\/pl\/wp-json\/wp\/v2\/types\/post"}],"author":[{"embeddable":true,"href":"https:\/\/www.sotrender.com\/blog\/pl\/wp-json\/wp\/v2\/users\/211"}],"replies":[{"embeddable":true,"href":"https:\/\/www.sotrender.com\/blog\/pl\/wp-json\/wp\/v2\/comments?post=44925"}],"version-history":[{"count":5,"href":"https:\/\/www.sotrender.com\/blog\/pl\/wp-json\/wp\/v2\/posts\/44925\/revisions"}],"predecessor-version":[{"id":44951,"href":"https:\/\/www.sotrender.com\/blog\/pl\/wp-json\/wp\/v2\/posts\/44925\/revisions\/44951"}],"wp:featuredmedia":[{"embeddable":true,"href":"https:\/\/www.sotrender.com\/blog\/pl\/wp-json\/wp\/v2\/media\/44937"}],"wp:attachment":[{"href":"https:\/\/www.sotrender.com\/blog\/pl\/wp-json\/wp\/v2\/media?parent=44925"}],"wp:term":[{"taxonomy":"category","embeddable":true,"href":"https:\/\/www.sotrender.com\/blog\/pl\/wp-json\/wp\/v2\/categories?post=44925"},{"taxonomy":"post_tag","embeddable":true,"href":"https:\/\/www.sotrender.com\/blog\/pl\/wp-json\/wp\/v2\/tags?post=44925"}],"curies":[{"name":"wp","href":"https:\/\/api.w.org\/{rel}","templated":true}]}}